{"id":328605,"date":"2023-03-28T05:26:06","date_gmt":"2023-03-28T03:26:06","guid":{"rendered":"https:\/\/www.radiopiu.net\/wordpress\/?p=328605"},"modified":"2023-03-29T12:25:36","modified_gmt":"2023-03-29T10:25:36","slug":"giornale-radiopiu-28-marzo-2023-direttore-mirko-mezzacasa-verso-i-40-anni-25-giugno-1983-25-giugno-2023","status":"publish","type":"post","link":"https:\/\/www.radiopiu.net\/wordpress\/giornale-radiopiu-28-marzo-2023-direttore-mirko-mezzacasa-verso-i-40-anni-25-giugno-1983-25-giugno-2023\/","title":{"rendered":"GIORNALE RADIOPIU 28 MARZO 2023 DIRETTORE MIRKO MEZZACASA&#8230;verso i 40 anni 25 giugno 1983-25 giugno 2023"},"content":{"rendered":"<h2 style=\"text-align: left;\"><span style=\"color: #ff0000;\">\u00a0<\/span><\/h2>\n<h2 style=\"text-align: left;\"><span style=\"color: #ff0000;\">ISCRIVITI AL NOSTRO CANALE YOUTUBE PER SEGUIRE IN DIRETTA I PRINCIPALI PROGRAMMI DI RADIO PIU&#8217; E LE FUTURE DIRETTE IN ESTERNA. PER ISCRIVERTI <a style=\"color: #ff0000;\" href=\"https:\/\/youtube.com\/@radiopiu1527\">CLICCA QUI<\/a> E PREMI IL TASTO &#8220;Iscriviti&#8221;\u00a0<\/span><\/h2>\n<p><strong>IERI A CANDATEN, ORE 14<\/strong><strong>\u00a0<\/strong>Ordinatamente verso l&#8217;acqua&#8230;<\/p>\n<div style=\"width: 848px;\" class=\"wp-video\"><video class=\"wp-video-shortcode\" id=\"video-328605-1\" width=\"848\" height=\"480\" preload=\"metadata\" controls=\"controls\"><source type=\"video\/mp4\" src=\"https:\/\/www.radiopiu.net\/wordpress\/wp-content\/uploads\/2023\/03\/WhatsApp-Video-2023-03-27-at-14.27.48.mp4?_=1\" \/><a href=\"https:\/\/www.radiopiu.net\/wordpress\/wp-content\/uploads\/2023\/03\/WhatsApp-Video-2023-03-27-at-14.27.48.mp4\">https:\/\/www.radiopiu.net\/wordpress\/wp-content\/uploads\/2023\/03\/WhatsApp-Video-2023-03-27-at-14.27.48.mp4<\/a><\/video><\/div>\n<hr \/>\n<p>&nbsp;<\/p>\n<blockquote>\n<h3>AUTO IN DIFFICOLTA&#8217; SUL PASSO FEDAIA. INTERVENTO DEI POMPIERI VOLONTARI DI CAPRILE<\/h3>\n<\/blockquote>\n<p><strong><a class=\"dt-pswp-item\" href=\"https:\/\/www.radiopiu.net\/wordpress\/wp-content\/uploads\/2023\/03\/pomp.png\" data-dt-img-description=\"\" data-large_image_width=\"502\" data-large_image_height=\"404\"><img loading=\"lazy\" decoding=\"async\" class=\" wp-image-328617 alignleft\" src=\"https:\/\/www.radiopiu.net\/wordpress\/wp-content\/uploads\/2023\/03\/pomp-300x241.png\" alt=\"\" width=\"168\" height=\"135\" srcset=\"https:\/\/www.radiopiu.net\/wordpress\/wp-content\/uploads\/2023\/03\/pomp-300x241.png 300w, https:\/\/www.radiopiu.net\/wordpress\/wp-content\/uploads\/2023\/03\/pomp.png 502w\" sizes=\"auto, (max-width: 168px) 100vw, 168px\" \/><\/a> <\/strong><\/p>\n<p><strong>\u00a0<\/strong><\/p>\n<p><strong>PASSO FEDAIA<\/strong> Intervento nella notte tra domenica e luned\u00ec dei Vigili del Fuoco volontari di Caprile per aiutare un automobilista in difficolt\u00e0. A causa della neve caduta, l&#8217;auto era rimasta bloccata. Tempestivo l&#8217;intervento dei pompieri che hanno prontamente aiutato lo sfortunato automobilista.<\/p>\n<p>&nbsp;<\/p>\n<p>&nbsp;<\/p>\n<p>&nbsp;<\/p>\n<p>&nbsp;<\/p>\n<p>&nbsp;<\/p>\n<p>&nbsp;<\/p>\n<hr \/>\n<blockquote>\n<h3><a class=\"dt-pswp-item\" href=\"https:\/\/www.radiopiu.net\/wordpress\/wp-content\/uploads\/2023\/03\/Senza-nome-95.jpg\" data-dt-img-description=\"\" data-large_image_width=\"827\" data-large_image_height=\"472\"><img loading=\"lazy\" decoding=\"async\" class=\"size-medium wp-image-328761 alignleft\" src=\"https:\/\/www.radiopiu.net\/wordpress\/wp-content\/uploads\/2023\/03\/Senza-nome-95-300x171.jpg\" alt=\"\" width=\"300\" height=\"171\" srcset=\"https:\/\/www.radiopiu.net\/wordpress\/wp-content\/uploads\/2023\/03\/Senza-nome-95-300x171.jpg 300w, https:\/\/www.radiopiu.net\/wordpress\/wp-content\/uploads\/2023\/03\/Senza-nome-95-768x438.jpg 768w, https:\/\/www.radiopiu.net\/wordpress\/wp-content\/uploads\/2023\/03\/Senza-nome-95.jpg 827w\" sizes=\"auto, (max-width: 300px) 100vw, 300px\" \/><\/a>RIECCO LA NEVE!\u00a0 AD ARABBA 18 CENTIMETRI<\/h3>\n<\/blockquote>\n<p>Dai 10 ai 20 centimetri in quota. Anzi, pi\u00f9 di 20 sulla Marmolada, 18 sul Monte Cherz e sui Monti Alti di Ornella, sopra Arabba. In paese, invece, la precipitazione \u00e8 stata di 10 centimetri.\u00a0 Nessun fiocco a Falcade,\u00a0 Conca Agordina e Cortina, 15 centimetri a Passo Falzarego, 18 sul Lagazuoi,\u00a0 10 in Nevegal-Faverghera. La neve a terra: 1 metro e 12 cm sui Monti Alti di Ornella, 90 cm\u00a0 a Ra Valles, 40 sul Monte Piana,\u00a0 68 sul Col dei Baldi.<\/p>\n<p><em>foto telegram viabilita&#8217; provincia di Belluno, Passo Fedaia. DI Emmanuela Faoro\u00a0<\/em><\/p>\n<p>&nbsp;<\/p>\n<p>&nbsp;<\/p>\n<p>&nbsp;<\/p>\n<p>&nbsp;<\/p>\n<p>&nbsp;<\/p>\n<hr \/>\n<p>&nbsp;<\/p>\n<blockquote>\n<h3>BELLUNO AL SECONDO POSTO TRA LE CITTA&#8217; ITALIANE DOVE I PREZZI DEGLI IMMOBILI SONO INFERIORI ALLA MEDIA NAZIONALE E SI RESPIRA MEGLIO<\/h3>\n<\/blockquote>\n<p><strong><a class=\"dt-pswp-item\" href=\"https:\/\/www.radiopiu.net\/wordpress\/wp-content\/uploads\/2020\/04\/PIAZZA-MARTIRI-BELLUNO.jpg\" data-dt-img-description=\"\" data-large_image_width=\"550\" data-large_image_height=\"388\"><img loading=\"lazy\" decoding=\"async\" class=\" wp-image-130647 alignleft\" src=\"https:\/\/www.radiopiu.net\/wordpress\/wp-content\/uploads\/2020\/04\/PIAZZA-MARTIRI-BELLUNO-300x212.jpg\" alt=\"\" width=\"161\" height=\"114\" srcset=\"https:\/\/www.radiopiu.net\/wordpress\/wp-content\/uploads\/2020\/04\/PIAZZA-MARTIRI-BELLUNO-300x212.jpg 300w, https:\/\/www.radiopiu.net\/wordpress\/wp-content\/uploads\/2020\/04\/PIAZZA-MARTIRI-BELLUNO.jpg 550w\" sizes=\"auto, (max-width: 161px) 100vw, 161px\" \/><\/a>MILANO <\/strong>Abitare dove l\u2019aria \u00e8 salubre e le case sono in vendita a prezzi al di sotto della media nazionale: impossibile? Non proprio. Uno studio di Immobiliare.it Insights, business unit specializzata in analisi di mercato di Immobiliare.it, il portale immobiliare leader in Italia, ha incrociato i due indicatori per individuare quelle citt\u00e0 in cui \u00e8 possibile godere di una buona qualit\u00e0 dell\u2019aria ad un prezzo accessibile. Secondo l\u2019ultimo rapporto di Legambiente*, che ogni anno, fotografa la situazione delle citt\u00e0 italiane sulla base di quattro varianti, ovvero aria, acqua, rifiuti e mobilit\u00e0, nella top 10 delle citt\u00e0 con il migliore ecosistema urbano rientrano, in quest\u2019ordine, Bolzano, Trento, Belluno, Reggio Emilia, Cosenza, Treviso, Pordenone, Forl\u00ec, La Spezia e Mantova. Al primo posto di questa classifica si piazza Cosenza, In seconda posizione si afferma invece Belluno: terza per qualit\u00e0 dell\u2019aria, il suo mercato immobiliare si distingue per essere particolarmente economico non arrivando, di media, ai 1.100 euro al metro quadro. I prezzi della citt\u00e0 veneta si fermano infatti a 1.091 euro\/mq. Sul gradino pi\u00f9 basso del podio troviamo Mantova.<\/p>\n<p>&nbsp;<\/p>\n<table width=\"623\">\n<tbody>\n<tr>\n<td><strong>Citt\u00e0<\/strong><\/td>\n<td width=\"171\"><strong>Prezzo medio (\u20ac\/mq)<\/strong><\/td>\n<td width=\"284\"><strong>Posizione classifica qualit\u00e0 dell\u2019aria<\/strong><\/td>\n<\/tr>\n<tr>\n<td>Cosenza<\/td>\n<td width=\"171\">1.058 \u20ac<\/td>\n<td width=\"284\">5<\/td>\n<\/tr>\n<tr>\n<td>Belluno<\/td>\n<td width=\"171\">1.091 \u20ac<\/td>\n<td width=\"284\">3<\/td>\n<\/tr>\n<tr>\n<td>Mantova<\/td>\n<td width=\"171\">1.474 \u20ac<\/td>\n<td width=\"284\">10<\/td>\n<\/tr>\n<tr>\n<td>Pordenone<\/td>\n<td width=\"171\">1.536 \u20ac<\/td>\n<td width=\"284\">7<\/td>\n<\/tr>\n<tr>\n<td>Forl\u00ec<\/td>\n<td width=\"171\">1.681 \u20ac<\/td>\n<td width=\"284\">8<\/td>\n<\/tr>\n<tr>\n<td>Reggio nell&#8217;Emilia<\/td>\n<td width=\"171\">1.840 \u20ac<\/td>\n<td width=\"284\">4<\/td>\n<\/tr>\n<tr>\n<td>La Spezia<\/td>\n<td width=\"171\">1.900 \u20ac<\/td>\n<td width=\"284\">9<\/td>\n<\/tr>\n<tr>\n<td>ITALIA<\/td>\n<td width=\"171\">1.962 \u20ac<\/td>\n<td width=\"284\"><\/td>\n<\/tr>\n<tr>\n<td>Treviso<\/td>\n<td width=\"171\">2.281 \u20ac<\/td>\n<td width=\"284\">6<\/td>\n<\/tr>\n<tr>\n<td>Trento<\/td>\n<td width=\"171\">2.999 \u20ac<\/td>\n<td width=\"284\">2<\/td>\n<\/tr>\n<tr>\n<td>Bolzano<\/td>\n<td width=\"171\">4.880 \u20ac<\/td>\n<td width=\"284\">1<\/td>\n<\/tr>\n<\/tbody>\n<\/table>\n<p>&nbsp;<\/p>\n<p>*Rapporto di Legambiente sull\u2019Ecosistema Urbano 2022.<\/p>\n<p>&nbsp;<\/p>\n<hr \/>\n<p>&nbsp;<\/p>\n<blockquote>\n<h3>VERBALI ANNULLATI DOPO DUE ANNI E TRE RICORSI INVALIDATI<\/h3>\n<\/blockquote>\n<p><strong><img loading=\"lazy\" decoding=\"async\" class=\"alignleft\" src=\"https:\/\/www.radiopiu.net\/wordpress\/wp-content\/uploads\/2023\/03\/Senza-nome-85.jpg\" width=\"264\" height=\"143\" \/>ARSIE&#8217; <\/strong>Due anni fa quel parcheggio del camion con bisarca (trasporto di 9 autovetture), cost\u00f2\u00a0 due sanzioni e altrettanti verbali a Vittorio, titolare della ditta Servizi e Trasporti del luogo. Episodio contestato dalla Polizia Locale tra\u00a0 via\u00a0 Martiri e Canevai. Vittorio ha da sempre assicurato che\u00a0 il camion non creava intralcio o pericolo ad altri automobilisti e per questo ha inoltrato ricorso al Prefetto che lo ha accolto <em>&#8220;Attesa l&#8217;errata indicazione della norma violata, archiviazione del verbale di accertamento sanzionatorio&#8221;<\/em>. L&#8217;amministrazione comunale prima\u00a0 ha impugnato il provvedimento del Prefetto e il Tar lo ha rigettato, poi\u00a0 l&#8217;ulteriore bocciatura dal Giudice di Pace di Belluno. Gli avvocati del sito Altvelox,\u00a0 che ha raccolto e seguito la storia chiedono quanto queste operazioni siano costate alla collettivit\u00e0.<\/p>\n<p>&nbsp;<\/p>\n<p>&nbsp;<\/p>\n<p>&nbsp;<\/p>\n<p>&nbsp;<\/p>\n<p>&nbsp;<\/p>\n<p>&nbsp;<\/p>\n<hr \/>\n<p>&nbsp;<\/p>\n<blockquote>\n<h3>DOLOMITIBUS NON METTE A DISPOSIZIONE UNA CORRIERA PIU&#8217; PICCOLA E I LAVORI SLITTANO<\/h3>\n<\/blockquote>\n<p><strong><img loading=\"lazy\" decoding=\"async\" class=\"alignleft\" src=\"https:\/\/www.radiopiu.net\/wordpress\/wp-content\/uploads\/2023\/03\/6fdecdfa-a817-4e41-a76e-407e7137c164.jpg\" width=\"213\" height=\"160\" \/>LA VALLE<\/strong><\/p>\n<p><strong>DI GIANNI SANTOMASO<\/strong><\/p>\n<audio class=\"wp-audio-shortcode\" id=\"audio-328605-1\" preload=\"none\" style=\"width: 100%;\" controls=\"controls\"><source type=\"audio\/mpeg\" src=\"https:\/\/www.radiopiu.net\/wordpress\/wp-content\/uploads\/2023\/03\/dolomitibus-gianni.mp3?_=1\" \/><a href=\"https:\/\/www.radiopiu.net\/wordpress\/wp-content\/uploads\/2023\/03\/dolomitibus-gianni.mp3\">https:\/\/www.radiopiu.net\/wordpress\/wp-content\/uploads\/2023\/03\/dolomitibus-gianni.mp3<\/a><\/audio>\n<p>&nbsp;<\/p>\n<div class=\"par\">\n<blockquote>\n<div class=\"ll-20-16\"><\/div>\n<div class=\"ll-20-30\"><\/div>\n<\/blockquote>\n<\/div>\n<hr \/>\n<p>&nbsp;<\/p>\n<blockquote>\n<h3>IL SINDACO DI BELLUNO INCONTRA LA FONDAZIONE MILANO CORTINA 2026<\/h3>\n<\/blockquote>\n<p><strong>BELLUNO <\/strong>Incontro con la Fondazione Milano Cortina 2026: \u201cVogliamo lavorare per diffondere lo spirito olimpico e paralimpico in tutto il territorio, l\u2019iter \u00e8 partito\u201d. Sono le parole del sindaco, Oscar De Pellegrin, dopo l\u2019incontro dei giorni scorsi nel municipio di Cortina con il sindaco Gianluca Lorenzi, la vice sindaco Robert\u00e0 Alvera e rappresentanti della Fondazione. Il vertice, voluto e richiesto dall\u2019amministrazione di Belluno per sondare la possibilit\u00e0 di una collaborazione in vista degli eventi che il Comune capoluogo vorrebbe organizzare in citt\u00e0 sui temi olimpico e paralimpico, si \u00e8 concluso con la volont\u00e0 espressa da entrambe le parti di procedere insieme.<\/p>\n<p><strong>IL SINDACO DI BELLUNO OSCAR DE PELLEGRIN<\/strong><\/p>\n<p><iframe loading=\"lazy\" title=\"DE PELLEGRIN FONDAZIONE CORTINA\" width=\"1200\" height=\"675\" src=\"https:\/\/www.youtube.com\/embed\/7--rQmMKrbI?feature=oembed\" frameborder=\"0\" allow=\"accelerometer; autoplay; clipboard-write; encrypted-media; gyroscope; picture-in-picture; web-share\" allowfullscreen><\/iframe><\/p>\n<p>&nbsp;<\/p>\n<hr \/>\n<p>&nbsp;<\/p>\n<blockquote>\n<h3>CHI HA PAURA DELLE NOTIZIE?<\/h3>\n<\/blockquote>\n<p><strong><img loading=\"lazy\" decoding=\"async\" class=\"alignleft\" src=\"https:\/\/www.radiopiu.net\/wordpress\/wp-content\/uploads\/2022\/02\/Palazzo-rosso-illuminato-2-scaled.jpg\" width=\"311\" height=\"207\" \/>REDAZIONE<\/strong> Il Sindacato giornalisti Veneto e l\u2019Assostampa bellunese esprimono preoccupazione per quanto viene riportato dai colleghi delle varie testate di Belluno in merito a una continua e costante difficolt\u00e0 nel praticare il dovere e il diritto di cronaca all\u2019insegna dell\u2019articolo 21 della Costituzione, caposaldo per una societ\u00e0 informata, civile, pluralista e democratica. L\u2019ultimo episodio in ordine di tempo riguarda l\u2019allontanamento di un cronista da una riunione della Conferenza dei sindaci, presieduta dal primo cittadino di Belluno. Il regolamento recita testualmente <em>\u201cle riunioni della Conferenza dei Sindaci sono aperte al pubblico, salvo diversa determinazione motivata del Presidente\u201d.<\/em> Risulta che nella convocazione della riunione in oggetto non vi fosse alcun accenno che impedisse o comprimesse la \u201cpubblicit\u00e0\u201d della seduta. Chiediamo quindi al Presidente di ragguagliarci in merito. Al contrario saremo di fronte a quella che non si pu\u00f2 definire se non censura preventiva e questo sarebbe inaccettabile. Cosa sta succedendo? Chi ha paura delle notizie?<\/p>\n<p>&nbsp;<\/p>\n<p>&nbsp;<\/p>\n<p>&nbsp;<\/p>\n<p>&nbsp;<\/p>\n<p>&nbsp;<\/p>\n<p>&nbsp;<\/p>\n<p>&nbsp;<\/p>\n<hr \/>\n<p>&nbsp;<\/p>\n<p>&nbsp;<\/p>\n<blockquote>\n<h3>LEGA E FORZA ITALIA CONTRO LO SPOPOLAMENTO<\/h3>\n<\/blockquote>\n<p><strong><a class=\"dt-pswp-item\" href=\"https:\/\/www.radiopiu.net\/wordpress\/wp-content\/uploads\/2023\/03\/Incontro-Lega-Forza-Italia.jpeg\" data-dt-img-description=\"\" data-large_image_width=\"1600\" data-large_image_height=\"1200\"><img loading=\"lazy\" decoding=\"async\" class=\" wp-image-328730 alignleft\" src=\"https:\/\/www.radiopiu.net\/wordpress\/wp-content\/uploads\/2023\/03\/Incontro-Lega-Forza-Italia-300x225.jpeg\" alt=\"\" width=\"244\" height=\"183\" srcset=\"https:\/\/www.radiopiu.net\/wordpress\/wp-content\/uploads\/2023\/03\/Incontro-Lega-Forza-Italia-300x225.jpeg 300w, https:\/\/www.radiopiu.net\/wordpress\/wp-content\/uploads\/2023\/03\/Incontro-Lega-Forza-Italia-1024x768.jpeg 1024w, https:\/\/www.radiopiu.net\/wordpress\/wp-content\/uploads\/2023\/03\/Incontro-Lega-Forza-Italia-768x576.jpeg 768w, https:\/\/www.radiopiu.net\/wordpress\/wp-content\/uploads\/2023\/03\/Incontro-Lega-Forza-Italia-1536x1152.jpeg 1536w, https:\/\/www.radiopiu.net\/wordpress\/wp-content\/uploads\/2023\/03\/Incontro-Lega-Forza-Italia.jpeg 1600w\" sizes=\"auto, (max-width: 244px) 100vw, 244px\" \/><\/a>BELLUNO<\/strong> Contro lo spopolamento: servizi, agevolazioni fiscali e dedicare una parte dei Fondi di confine alle famiglie bellunesi. Sono stati i temi caldi del territorio al centro del <i>confronto di oggi tra il segretario provinciale della Lega, Andrea De Bernardin e il coordinatore provinciale di Forza Italia Dario Scopel. E poi, naturalmente, il grande tema della sanit\u00e0 per il quale De Bernardin e Scopel auspicano la convocazione degli Stati generali per affrontare insieme, sindaci e Ulss, la riorganizzazione.\u00a0<\/i><\/p>\n<p>&nbsp;<\/p>\n<p>&nbsp;<\/p>\n<p><strong>IL SEGRETARIO DELLA LEGA NORD ANDREA DE BERNARDIN\u00a0<\/strong><\/p>\n<audio class=\"wp-audio-shortcode\" id=\"audio-328605-2\" preload=\"none\" style=\"width: 100%;\" controls=\"controls\"><source type=\"audio\/mpeg\" src=\"https:\/\/www.radiopiu.net\/wordpress\/wp-content\/uploads\/2023\/03\/BERNARDO.mp3?_=2\" \/><a href=\"https:\/\/www.radiopiu.net\/wordpress\/wp-content\/uploads\/2023\/03\/BERNARDO.mp3\">https:\/\/www.radiopiu.net\/wordpress\/wp-content\/uploads\/2023\/03\/BERNARDO.mp3<\/a><\/audio>\n<p><strong>\u00a0DARIO SCOPEL COORDINATORE PROVINCIALE FORZA ITALIA<\/strong><\/p>\n<audio class=\"wp-audio-shortcode\" id=\"audio-328605-3\" preload=\"none\" style=\"width: 100%;\" controls=\"controls\"><source type=\"audio\/mpeg\" src=\"https:\/\/www.radiopiu.net\/wordpress\/wp-content\/uploads\/2023\/03\/sdfsdfsdfsdf.mp3?_=3\" \/><a href=\"https:\/\/www.radiopiu.net\/wordpress\/wp-content\/uploads\/2023\/03\/sdfsdfsdfsdf.mp3\">https:\/\/www.radiopiu.net\/wordpress\/wp-content\/uploads\/2023\/03\/sdfsdfsdfsdf.mp3<\/a><\/audio>\n<p>&nbsp;<\/p>\n<p>&nbsp;<\/p>\n<hr \/>\n<p>&nbsp;<\/p>\n<p>&nbsp;<\/p>\n<blockquote>\n<h3>IL RUOLO DELLA COMMISSIONE DIRITTI DEGLI ANIMALI<\/h3>\n<\/blockquote>\n<p><strong><img loading=\"lazy\" decoding=\"async\" class=\"alignleft\" src=\"https:\/\/www.radiopiu.net\/wordpress\/wp-content\/uploads\/2018\/08\/SOS-ANIMALI.jpeg\" width=\"249\" height=\"149\" \/>BELLUNO<\/strong>\u00a0Nasce nel capoluogo la rinnovata commissione per i diritti degli animali. Firmato il decreto del Sindaco che nomina i cinque componenti.<\/p>\n<p><strong>di DANIELE DALVIT<\/strong><\/p>\n<audio class=\"wp-audio-shortcode\" id=\"audio-328605-4\" preload=\"none\" style=\"width: 100%;\" controls=\"controls\"><source type=\"audio\/mpeg\" src=\"https:\/\/www.radiopiu.net\/wordpress\/wp-content\/uploads\/2023\/03\/Radio-Piu-Servizio-Commissione-diritti-animali.mp3?_=4\" \/><a href=\"https:\/\/www.radiopiu.net\/wordpress\/wp-content\/uploads\/2023\/03\/Radio-Piu-Servizio-Commissione-diritti-animali.mp3\">https:\/\/www.radiopiu.net\/wordpress\/wp-content\/uploads\/2023\/03\/Radio-Piu-Servizio-Commissione-diritti-animali.mp3<\/a><\/audio>\n<p>&nbsp;<\/p>\n<p>&nbsp;<\/p>\n<hr \/>\n<p>&nbsp;<\/p>\n<p><span style=\"color: #ff0000;\">L&#8217;ASSEMBLEA DEL CLUB ALPINO ITALIANO DI AGORDO<\/span><\/p>\n<blockquote>\n<h3>RIMPIAZZATI I SOCI PERSI CON IL DISTACCO PER LA SOTTOSEZIONE CAI DI CAPRILE.<\/h3>\n<\/blockquote>\n<p>&nbsp;<\/p>\n<p><strong>AGORDO<\/strong><\/p>\n<p><strong>DI GIANNI SANTOMASO<\/strong><\/p>\n<audio class=\"wp-audio-shortcode\" id=\"audio-328605-5\" preload=\"none\" style=\"width: 100%;\" controls=\"controls\"><source type=\"audio\/mpeg\" src=\"https:\/\/www.radiopiu.net\/wordpress\/wp-content\/uploads\/2023\/03\/sezione-agordina-del-cai.mp3?_=5\" \/><a href=\"https:\/\/www.radiopiu.net\/wordpress\/wp-content\/uploads\/2023\/03\/sezione-agordina-del-cai.mp3\">https:\/\/www.radiopiu.net\/wordpress\/wp-content\/uploads\/2023\/03\/sezione-agordina-del-cai.mp3<\/a><\/audio>\n<p><strong>LA DIRETTA ALLA RADIO<\/strong><\/p>\n<p>https:\/\/www.facebook.com\/marco.baghy.1\/videos\/613615810179982<\/p>\n<p>&nbsp;<\/p>\n<p>&nbsp;<\/p>\n<hr \/>\n<p>&nbsp;<\/p>\n<blockquote>\n<h3>GLI STUDENTI DI TAIBON PREMIATI PER LA RICERCA SULLA CALCHERA<\/h3>\n<\/blockquote>\n<p><strong><a class=\"dt-pswp-item\" href=\"https:\/\/www.radiopiu.net\/wordpress\/wp-content\/uploads\/2023\/03\/calchera.jpg\" data-dt-img-description=\"\" data-large_image_width=\"681\" data-large_image_height=\"364\"><img loading=\"lazy\" decoding=\"async\" class=\"size-medium wp-image-328753 alignleft\" src=\"https:\/\/www.radiopiu.net\/wordpress\/wp-content\/uploads\/2023\/03\/calchera-300x160.jpg\" alt=\"\" width=\"300\" height=\"160\" srcset=\"https:\/\/www.radiopiu.net\/wordpress\/wp-content\/uploads\/2023\/03\/calchera-300x160.jpg 300w, https:\/\/www.radiopiu.net\/wordpress\/wp-content\/uploads\/2023\/03\/calchera.jpg 681w\" sizes=\"auto, (max-width: 300px) 100vw, 300px\" \/><\/a>REDAZIONE<\/strong> Gli alunni della scuola elementare Pio Soccol di Taibon Agordino, accompagnati dagli insegnanti sono stati a Mestre al Museo M9 per ritirare il premio concorso scuole &#8220;Tutela del Patrimonio Veneto&#8221; nell&#8217;ambito della ricerca storica. I giovani di Taibon hanno presentato e spiegato la storia e il progetto della calchera in Valle di San Lucano. Nel video di Serena Soppera il momento delle premiazioni e l&#8217;intervento degli alunni.<\/p>\n<p>&nbsp;<\/p>\n<p>&nbsp;<\/p>\n<p><strong>VIDEO<\/strong><\/p>\n<p><iframe loading=\"lazy\" title=\"Tutela, Valorizzazione e Promozione del patrimonio linguistico e culturale veneto\u201d Taibon Agordino\" width=\"1200\" height=\"675\" src=\"https:\/\/www.youtube.com\/embed\/cbzqV58DRoY?feature=oembed\" frameborder=\"0\" allow=\"accelerometer; autoplay; clipboard-write; encrypted-media; gyroscope; picture-in-picture; web-share\" allowfullscreen><\/iframe><\/p>\n<p>&nbsp;<\/p>\n<hr \/>\n<p>&nbsp;<\/p>\n<p>&nbsp;<\/p>\n<p>&nbsp;<\/p>\n<h2><strong><a class=\"dt-pswp-item\" href=\"https:\/\/www.radiopiu.net\/wordpress\/wp-content\/uploads\/2019\/05\/ALLEGHE-DANILO-DE-TONI.jpeg\" data-dt-img-description=\"\" data-large_image_width=\"1373\" data-large_image_height=\"1600\"><img loading=\"lazy\" decoding=\"async\" class=\" wp-image-86463 alignleft\" src=\"https:\/\/www.radiopiu.net\/wordpress\/wp-content\/uploads\/2019\/05\/ALLEGHE-DANILO-DE-TONI-257x300.jpeg\" alt=\"\" width=\"155\" height=\"181\" srcset=\"https:\/\/www.radiopiu.net\/wordpress\/wp-content\/uploads\/2019\/05\/ALLEGHE-DANILO-DE-TONI-257x300.jpeg 257w, https:\/\/www.radiopiu.net\/wordpress\/wp-content\/uploads\/2019\/05\/ALLEGHE-DANILO-DE-TONI-768x895.jpeg 768w, https:\/\/www.radiopiu.net\/wordpress\/wp-content\/uploads\/2019\/05\/ALLEGHE-DANILO-DE-TONI-879x1024.jpeg 879w, https:\/\/www.radiopiu.net\/wordpress\/wp-content\/uploads\/2019\/05\/ALLEGHE-DANILO-DE-TONI.jpeg 1373w\" sizes=\"auto, (max-width: 155px) 100vw, 155px\" \/><\/a><\/strong><span style=\"color: #99cc00;\">LA RASSEGNA STAMPA DA L&#8217;AMICO DEL POPOLO<\/span><\/h2>\n<p><strong>di Gianni Santomaso<\/strong><\/p>\n<p>OSPITE: Danilo De Toni, Sindaco di Alleghe<\/p>\n<audio class=\"wp-audio-shortcode\" id=\"audio-328605-6\" preload=\"none\" style=\"width: 100%;\" controls=\"controls\"><source type=\"audio\/mpeg\" src=\"https:\/\/www.radiopiu.net\/wordpress\/wp-content\/uploads\/2023\/03\/RASSEGNA-GIANNI-3.mp3?_=6\" \/><a href=\"https:\/\/www.radiopiu.net\/wordpress\/wp-content\/uploads\/2023\/03\/RASSEGNA-GIANNI-3.mp3\">https:\/\/www.radiopiu.net\/wordpress\/wp-content\/uploads\/2023\/03\/RASSEGNA-GIANNI-3.mp3<\/a><\/audio>\n<p>&nbsp;<\/p>\n<p>&nbsp;<\/p>\n<p>&nbsp;<\/p>\n<hr \/>\n<p><a class=\"dt-pswp-item\" href=\"https:\/\/www.radiopiu.net\/wordpress\/wp-content\/uploads\/2023\/03\/6fdf19a0-100a-4b1d-bfde-7e57aecb3a41.jpg\" data-dt-img-description=\"\" data-large_image_width=\"1131\" data-large_image_height=\"1600\"><img loading=\"lazy\" decoding=\"async\" class=\"size-medium wp-image-328770 alignleft\" src=\"https:\/\/www.radiopiu.net\/wordpress\/wp-content\/uploads\/2023\/03\/6fdf19a0-100a-4b1d-bfde-7e57aecb3a41-212x300.jpg\" alt=\"\" width=\"212\" height=\"300\" srcset=\"https:\/\/www.radiopiu.net\/wordpress\/wp-content\/uploads\/2023\/03\/6fdf19a0-100a-4b1d-bfde-7e57aecb3a41-212x300.jpg 212w, https:\/\/www.radiopiu.net\/wordpress\/wp-content\/uploads\/2023\/03\/6fdf19a0-100a-4b1d-bfde-7e57aecb3a41-724x1024.jpg 724w, https:\/\/www.radiopiu.net\/wordpress\/wp-content\/uploads\/2023\/03\/6fdf19a0-100a-4b1d-bfde-7e57aecb3a41-768x1086.jpg 768w, https:\/\/www.radiopiu.net\/wordpress\/wp-content\/uploads\/2023\/03\/6fdf19a0-100a-4b1d-bfde-7e57aecb3a41-1086x1536.jpg 1086w, https:\/\/www.radiopiu.net\/wordpress\/wp-content\/uploads\/2023\/03\/6fdf19a0-100a-4b1d-bfde-7e57aecb3a41.jpg 1131w\" sizes=\"auto, (max-width: 212px) 100vw, 212px\" \/><\/a><\/p>\n<h1>LIBERA CHIAMA, L&#8217;AGORDINO RISPONDE<\/h1>\n<p><strong>\u00a0<\/strong><\/p>\n<p><strong>AGORDO<\/strong> Questa sera alle 20.30 al centro parrocchiale Monsignor Vincenzo Savio assemblea del Presidio Agordino Lucia Precenzano e Salvatore Aversa. Programma: resoconto attivit\u00e0 dei primi mesi di vita del presidio; presentazione attivit\u00e0 in programma; dibattito; rinnovo del tesseramento. Tutti sono invitati.<\/p>\n<p>&nbsp;<\/p>\n<p>&nbsp;<\/p>\n<p>&nbsp;<\/p>\n<p>&nbsp;<\/p>\n<p>&nbsp;<\/p>\n<p>&nbsp;<\/p>\n<p>&nbsp;<\/p>\n<p>&nbsp;<\/p>\n<hr \/>\n<p>&nbsp;<\/p>\n<p><strong>DI TIZIANO DE COL<\/strong><\/p>\n\n\t\t\t<style type='text\/css'>\n\t\t\t\t#gallery-1 {\n\t\t\t\t\tmargin: auto;\n\t\t\t\t}\n\t\t\t\t#gallery-1 .gallery-item {\n\t\t\t\t\tfloat: left;\n\t\t\t\t\tmargin-top: 10px;\n\t\t\t\t\ttext-align: center;\n\t\t\t\t\twidth: 20%;\n\t\t\t\t}\n\t\t\t\t#gallery-1 img {\n\t\t\t\t\tborder: 2px solid #cfcfcf;\n\t\t\t\t}\n\t\t\t\t#gallery-1 .gallery-caption {\n\t\t\t\t\tmargin-left: 0;\n\t\t\t\t}\n\t\t\t\t\/* see gallery_shortcode() in wp-includes\/media.php *\/\n\t\t\t<\/style>\n\t\t<div id='gallery-1' class='dt-gallery-container gallery galleryid-328605 gallery-columns-5 gallery-size-thumbnail'><dl class='gallery-item'>\n\t\t\t\t<dt class='gallery-icon landscape'>\n\t\t\t\t\t<a class=\"rollover rollover-zoom dt-pswp-item\" title=\"79e48f92-a97c-4877-a15a-b368383b1e77\" data-dt-img-description=\"\" data-large_image_width=\"594\" data-large_image_height=\"362\"href='https:\/\/www.radiopiu.net\/wordpress\/wp-content\/uploads\/2023\/03\/79e48f92-a97c-4877-a15a-b368383b1e77.jpg'><img loading=\"lazy\" decoding=\"async\" width=\"150\" height=\"150\" src=\"https:\/\/www.radiopiu.net\/wordpress\/wp-content\/uploads\/2023\/03\/79e48f92-a97c-4877-a15a-b368383b1e77-150x150.jpg\" class=\"attachment-thumbnail size-thumbnail\" alt=\"\" \/><\/a>\n\t\t\t\t<\/dt><\/dl><dl class='gallery-item'>\n\t\t\t\t<dt class='gallery-icon landscape'>\n\t\t\t\t\t<a class=\"rollover rollover-zoom dt-pswp-item\" title=\"781c9965-cd46-4cc1-8b7c-5ebc661499b2\" data-dt-img-description=\"\" data-large_image_width=\"589\" data-large_image_height=\"359\"href='https:\/\/www.radiopiu.net\/wordpress\/wp-content\/uploads\/2023\/03\/781c9965-cd46-4cc1-8b7c-5ebc661499b2.jpg'><img loading=\"lazy\" decoding=\"async\" width=\"150\" height=\"150\" src=\"https:\/\/www.radiopiu.net\/wordpress\/wp-content\/uploads\/2023\/03\/781c9965-cd46-4cc1-8b7c-5ebc661499b2-150x150.jpg\" class=\"attachment-thumbnail size-thumbnail\" alt=\"\" \/><\/a>\n\t\t\t\t<\/dt><\/dl><dl class='gallery-item'>\n\t\t\t\t<dt class='gallery-icon landscape'>\n\t\t\t\t\t<a class=\"rollover rollover-zoom dt-pswp-item\" title=\"13c9d791-83a0-4424-953f-acf4aa683c12\" data-dt-img-description=\"\" data-large_image_width=\"594\" data-large_image_height=\"355\"href='https:\/\/www.radiopiu.net\/wordpress\/wp-content\/uploads\/2023\/03\/13c9d791-83a0-4424-953f-acf4aa683c12.jpg'><img loading=\"lazy\" decoding=\"async\" width=\"150\" height=\"150\" src=\"https:\/\/www.radiopiu.net\/wordpress\/wp-content\/uploads\/2023\/03\/13c9d791-83a0-4424-953f-acf4aa683c12-150x150.jpg\" class=\"attachment-thumbnail size-thumbnail\" alt=\"\" \/><\/a>\n\t\t\t\t<\/dt><\/dl><dl class='gallery-item'>\n\t\t\t\t<dt class='gallery-icon landscape'>\n\t\t\t\t\t<a class=\"rollover rollover-zoom dt-pswp-item\" title=\"df12d078-0265-440b-bfca-6bc3f8a96745\" data-dt-img-description=\"\" data-large_image_width=\"598\" data-large_image_height=\"351\"href='https:\/\/www.radiopiu.net\/wordpress\/wp-content\/uploads\/2023\/03\/df12d078-0265-440b-bfca-6bc3f8a96745.jpg'><img loading=\"lazy\" decoding=\"async\" width=\"150\" height=\"150\" src=\"https:\/\/www.radiopiu.net\/wordpress\/wp-content\/uploads\/2023\/03\/df12d078-0265-440b-bfca-6bc3f8a96745-150x150.jpg\" class=\"attachment-thumbnail size-thumbnail\" alt=\"\" \/><\/a>\n\t\t\t\t<\/dt><\/dl><dl class='gallery-item'>\n\t\t\t\t<dt class='gallery-icon landscape'>\n\t\t\t\t\t<a class=\"rollover rollover-zoom dt-pswp-item\" title=\"3534e7fe-3a51-4072-b523-332236bcd678\" data-dt-img-description=\"\" data-large_image_width=\"614\" data-large_image_height=\"350\"href='https:\/\/www.radiopiu.net\/wordpress\/wp-content\/uploads\/2023\/03\/3534e7fe-3a51-4072-b523-332236bcd678.jpg'><img loading=\"lazy\" decoding=\"async\" width=\"150\" height=\"150\" src=\"https:\/\/www.radiopiu.net\/wordpress\/wp-content\/uploads\/2023\/03\/3534e7fe-3a51-4072-b523-332236bcd678-150x150.jpg\" class=\"attachment-thumbnail size-thumbnail\" alt=\"\" \/><\/a>\n\t\t\t\t<\/dt><\/dl><br style=\"clear: both\" \/>\n\t\t\t<\/div>\n\n<p>&nbsp;<\/p>\n<hr \/>\n<p>&nbsp;<\/p>\n<blockquote>\n<h3>COVID, PUNTO SETTIMANALE. UN DECESSO IN SETTE GIORNI<\/h3>\n<\/blockquote>\n<p><strong>BELLUNO<\/strong> <span lang=\"IT\" style=\"font-size: 12.0pt; line-height: 115%;\">L\u2019incidenza settimanale rimane stabile intorno alla soglia epidemica di 50 casi su 100 mila abitanti. Nei singoli Comuni sempre meno casi e sempre pi\u00f9 comuni bianchi (nessun caso di covid nell&#8217;ultima settimana). In ospedale: 12 pazienti in area non critica, 1 negli ospedali di comunit\u00e0. Nella settimana \u00e8 morto per covid un paziente positivo di 76 anni.<\/span><\/p>\n\n\t\t\t<style type='text\/css'>\n\t\t\t\t#gallery-2 {\n\t\t\t\t\tmargin: auto;\n\t\t\t\t}\n\t\t\t\t#gallery-2 .gallery-item {\n\t\t\t\t\tfloat: left;\n\t\t\t\t\tmargin-top: 10px;\n\t\t\t\t\ttext-align: center;\n\t\t\t\t\twidth: 50%;\n\t\t\t\t}\n\t\t\t\t#gallery-2 img {\n\t\t\t\t\tborder: 2px solid #cfcfcf;\n\t\t\t\t}\n\t\t\t\t#gallery-2 .gallery-caption {\n\t\t\t\t\tmargin-left: 0;\n\t\t\t\t}\n\t\t\t\t\/* see gallery_shortcode() in wp-includes\/media.php *\/\n\t\t\t<\/style>\n\t\t<div id='gallery-2' class='dt-gallery-container gallery galleryid-328605 gallery-columns-2 gallery-size-thumbnail'><dl class='gallery-item'>\n\t\t\t\t<dt class='gallery-icon landscape'>\n\t\t\t\t\t<a class=\"rollover\" href='https:\/\/www.radiopiu.net\/wordpress\/giornale-radiopiu-28-marzo-2023-direttore-mirko-mezzacasa-verso-i-40-anni-25-giugno-1983-25-giugno-2023\/senza-nome-725\/'><img loading=\"lazy\" decoding=\"async\" width=\"150\" height=\"150\" src=\"https:\/\/www.radiopiu.net\/wordpress\/wp-content\/uploads\/2023\/03\/Senza-nome-91-150x150.jpg\" class=\"attachment-thumbnail size-thumbnail\" alt=\"\" \/><\/a>\n\t\t\t\t<\/dt><\/dl><dl class='gallery-item'>\n\t\t\t\t<dt class='gallery-icon portrait'>\n\t\t\t\t\t<a class=\"rollover\" href='https:\/\/www.radiopiu.net\/wordpress\/giornale-radiopiu-28-marzo-2023-direttore-mirko-mezzacasa-verso-i-40-anni-25-giugno-1983-25-giugno-2023\/senza-nome-724\/'><img loading=\"lazy\" decoding=\"async\" width=\"150\" height=\"150\" src=\"https:\/\/www.radiopiu.net\/wordpress\/wp-content\/uploads\/2023\/03\/Senza-nome-90-150x150.jpg\" class=\"attachment-thumbnail size-thumbnail\" alt=\"\" \/><\/a>\n\t\t\t\t<\/dt><\/dl><br style=\"clear: both\" \/>\n\t\t\t<\/div>\n\n<p>&nbsp;<\/p>\n<hr \/>\n<p>&nbsp;<\/p>\n<blockquote>\n<h3><\/h3>\n<h3>ENTI BILATERALI DELL&#8217;ARTIGIANATO A SOSTEGNO DEL REDDITO<\/h3>\n<\/blockquote>\n<p><span dir=\"ltr\" role=\"presentation\"><strong><a class=\"dt-pswp-item\" href=\"https:\/\/www.radiopiu.net\/wordpress\/wp-content\/uploads\/2020\/12\/CGIL.jpg\" data-dt-img-description=\"\" data-large_image_width=\"512\" data-large_image_height=\"285\"><img loading=\"lazy\" decoding=\"async\" class=\" wp-image-180372 alignleft\" src=\"https:\/\/www.radiopiu.net\/wordpress\/wp-content\/uploads\/2020\/12\/CGIL-300x167.jpg\" alt=\"\" width=\"246\" height=\"137\" srcset=\"https:\/\/www.radiopiu.net\/wordpress\/wp-content\/uploads\/2020\/12\/CGIL-300x167.jpg 300w, https:\/\/www.radiopiu.net\/wordpress\/wp-content\/uploads\/2020\/12\/CGIL.jpg 512w\" sizes=\"auto, (max-width: 246px) 100vw, 246px\" \/><\/a>BELLUNO<\/strong> Dal triennio 2020\/2022 emerge un dato chiaro e difficilmente equivocabile, ossia che il <\/span><span dir=\"ltr\" role=\"presentation\">sistema della bilateralit\u00e0 nel settore dell\u2019artigianato ha superato con esiti confortanti l\u2019esame <\/span><span dir=\"ltr\" role=\"presentation\">rappresentato dall\u2019emergenza pandemica, dal conflitto nell\u2019Est Europa e dalla conseguente <\/span><span dir=\"ltr\" role=\"presentation\">crisi energetica, rappresentando un importante sostegno per lavoratori, lavoratrici e anche <\/span><span dir=\"ltr\" role=\"presentation\">aziende artigiane, con strumenti puntuali, capaci di adattamento alle molteplici esigenze. <\/span><span dir=\"ltr\" role=\"presentation\">EBAV e Sani.in.Veneto hanno costituito nel corso degli ultimi tre anni due importanti <\/span><span dir=\"ltr\" role=\"presentation\">basi di appoggio per le famiglie, che hanno visto, in prima battuta, ridursi la fonte di reddito e <\/span><span dir=\"ltr\" role=\"presentation\">successivamente aumentare le voci di spesa per la fornitura di luce, gas e acqua.<\/span><br role=\"presentation\" \/><em><span dir=\"ltr\" role=\"presentation\">\u201cLa bilateralit\u00e0 legata al settore produttivo dell\u2019artigianato ha dimostrato di funzionare <\/span><span dir=\"ltr\" role=\"presentation\">bene\u201d spiega la segretaria generale della CGIL di Belluno, Denise Casanova \u201cperch\u00e9 ha <\/span><span dir=\"ltr\" role=\"presentation\">rappresentato un aiuto concreto alle famiglie, in tempi cos\u00ec complicati. I lavoratori e le <\/span><span dir=\"ltr\" role=\"presentation\">lavoratrici delle imprese artigiane hanno mediamente retribuzioni di base inferiori, rispetto<\/span><\/em><br role=\"presentation\" \/><em><span dir=\"ltr\" role=\"presentation\">all\u2019industria, ragion per cui, poter contare sul sostegno al reddito proveniente dalle varie forme <\/span><span dir=\"ltr\" role=\"presentation\">di sussidi dell\u2019EBAV e una effettiva assicurazione sanitaria integrativa, com\u2019\u00e8 Sani.in.Veneto, <\/span><span dir=\"ltr\" role=\"presentation\">che integra tutte le spese mediche, \u00e8 risultato di fondamentale importanza per vivere con pi\u00f9 <\/span><span dir=\"ltr\" role=\"presentation\">serenit\u00e0 momenti difficili\u201d.<\/span><\/em><\/p>\n<p>&nbsp;<\/p>\n<p>&nbsp;<\/p>\n<hr \/>\n<p>&nbsp;<\/p>\n<blockquote>\n<h3>L&#8217;AZZARDO E I NOSTRI SOLDI, INCONTRO PARTECIPATO<a class=\"dt-pswp-item\" href=\"https:\/\/www.radiopiu.net\/wordpress\/wp-content\/uploads\/2023\/03\/incontro-azzardo.jpg\" data-dt-img-description=\"\" data-large_image_width=\"1600\" data-large_image_height=\"1200\"><img loading=\"lazy\" decoding=\"async\" class=\" wp-image-328705 alignleft\" src=\"https:\/\/www.radiopiu.net\/wordpress\/wp-content\/uploads\/2023\/03\/incontro-azzardo-300x225.jpg\" alt=\"\" width=\"259\" height=\"194\" srcset=\"https:\/\/www.radiopiu.net\/wordpress\/wp-content\/uploads\/2023\/03\/incontro-azzardo-300x225.jpg 300w, https:\/\/www.radiopiu.net\/wordpress\/wp-content\/uploads\/2023\/03\/incontro-azzardo-1024x768.jpg 1024w, https:\/\/www.radiopiu.net\/wordpress\/wp-content\/uploads\/2023\/03\/incontro-azzardo-768x576.jpg 768w, https:\/\/www.radiopiu.net\/wordpress\/wp-content\/uploads\/2023\/03\/incontro-azzardo-1536x1152.jpg 1536w, https:\/\/www.radiopiu.net\/wordpress\/wp-content\/uploads\/2023\/03\/incontro-azzardo.jpg 1600w\" sizes=\"auto, (max-width: 259px) 100vw, 259px\" \/><\/a><\/h3>\n<\/blockquote>\n<p><strong>BELLUNO<\/strong> Partecipazione e grande interesse\u00a0 \u00a0in Sala Bianchi per l\u2019incontro \u201cL\u2019azzardo e i nostri soldi. L\u2019impatto del gioco d\u2019azzardo sui bilanci delle famiglie\u201d, organizzato dai Ser.D. del Dipartimento delle Dipendenze dell\u2019Ulss Dolomiti. Attraverso la testimonianza di un membro del gruppo di Auto Mutuo Aiuto per giocatori e familiari, attivo a Belluno, i partecipanti sono stati coinvolti direttamente rispetto alle molte difficolt\u00e0 con cui si confrontano i giocatori, ricevendo nello stesso tempo un messaggio di fiducia nella possibilit\u00e0 di superarle. La sinergia, emersa tra gli interventi dei relatori, dimostra che solo integrando azioni multidisciplinari e coinvolgendo il contesto sociale e gli enti del territorio si possono affrontare in modo efficace le problematiche complesse legate al gioco d\u2019azzardo.<\/p>\n<p>&nbsp;<\/p>\n<p>&nbsp;<\/p>\n<p>&nbsp;<\/p>\n<p>&nbsp;<\/p>\n<p>&nbsp;<\/p>\n<p>&nbsp;<\/p>\n<hr \/>\n<p>&nbsp;<\/p>\n<blockquote>\n<h3>PER LA PRIMA VOLTA PHOTO FESTIVAL IN CITTA&#8217;<\/h3>\n<\/blockquote>\n<p><strong><a class=\"dt-pswp-item\" href=\"https:\/\/www.radiopiu.net\/wordpress\/wp-content\/uploads\/2021\/10\/PIAZZA-MARTIRI-BELLUNO.jpg\" data-dt-img-description=\"\" data-large_image_width=\"1364\" data-large_image_height=\"908\"><img loading=\"lazy\" decoding=\"async\" class=\" wp-image-235813 alignleft\" src=\"https:\/\/www.radiopiu.net\/wordpress\/wp-content\/uploads\/2021\/10\/PIAZZA-MARTIRI-BELLUNO-300x200.jpg\" alt=\"\" width=\"195\" height=\"130\" srcset=\"https:\/\/www.radiopiu.net\/wordpress\/wp-content\/uploads\/2021\/10\/PIAZZA-MARTIRI-BELLUNO-300x200.jpg 300w, https:\/\/www.radiopiu.net\/wordpress\/wp-content\/uploads\/2021\/10\/PIAZZA-MARTIRI-BELLUNO-1024x682.jpg 1024w, https:\/\/www.radiopiu.net\/wordpress\/wp-content\/uploads\/2021\/10\/PIAZZA-MARTIRI-BELLUNO-768x511.jpg 768w, https:\/\/www.radiopiu.net\/wordpress\/wp-content\/uploads\/2021\/10\/PIAZZA-MARTIRI-BELLUNO.jpg 1364w\" sizes=\"auto, (max-width: 195px) 100vw, 195px\" \/><\/a>BELLUNO<\/strong>\u00a0 Aprir\u00e0 tra un mese a Belluno la prima edizione del Belluno Photo Festival. Il centro storico si riempir\u00e0 di scatti fotografici da tutto il mondo, realizzati da artisti internazionali.<\/p>\n<p><strong>DI DANIELE DALVIT<\/strong><\/p>\n<audio class=\"wp-audio-shortcode\" id=\"audio-328605-7\" preload=\"none\" style=\"width: 100%;\" controls=\"controls\"><source type=\"audio\/mpeg\" src=\"https:\/\/www.radiopiu.net\/wordpress\/wp-content\/uploads\/2023\/03\/Radio-Piu-Servizio-Belluno-Photo-Festival.mp3?_=7\" \/><a href=\"https:\/\/www.radiopiu.net\/wordpress\/wp-content\/uploads\/2023\/03\/Radio-Piu-Servizio-Belluno-Photo-Festival.mp3\">https:\/\/www.radiopiu.net\/wordpress\/wp-content\/uploads\/2023\/03\/Radio-Piu-Servizio-Belluno-Photo-Festival.mp3<\/a><\/audio>\n<p>&nbsp;<\/p>\n<p>&nbsp;<\/p>\n<hr \/>\n<p>&nbsp;<\/p>\n<blockquote>\n<h3>LA MONGOLFIERA DI GIORGIA APRE IL BANDO, SCADENZA IL 25 MAGGIO<\/h3>\n<\/blockquote>\n<p><strong><a class=\"dt-pswp-item\" href=\"https:\/\/www.radiopiu.net\/wordpress\/wp-content\/uploads\/2023\/03\/Senza-nome-92.jpg\" data-dt-img-description=\"\" data-large_image_width=\"670\" data-large_image_height=\"562\"><img loading=\"lazy\" decoding=\"async\" class=\"size-medium wp-image-328746 alignleft\" src=\"https:\/\/www.radiopiu.net\/wordpress\/wp-content\/uploads\/2023\/03\/Senza-nome-92-300x252.jpg\" alt=\"\" width=\"300\" height=\"252\" srcset=\"https:\/\/www.radiopiu.net\/wordpress\/wp-content\/uploads\/2023\/03\/Senza-nome-92-300x252.jpg 300w, https:\/\/www.radiopiu.net\/wordpress\/wp-content\/uploads\/2023\/03\/Senza-nome-92.jpg 670w\" sizes=\"auto, (max-width: 300px) 100vw, 300px\" \/><\/a>REDAZIONE<\/strong> Sono trascorsi sette anni dalla scomparsa di Giorgia Praloran,\u00a0 il 26 marzo \u00e8 stato il giorno del suo ventiseiesimo compleanno. Il bando della Mongolfiera di Giorgia porta questa data. L&#8217;associazione ha deciso di mettere a disposizione 10.000 euro. Potranno presentare domanda di contributo ragazzi tra i 13 e i 24 anni residenti in Veneto o seguiti da strutture pubbliche sanitarie del Veneto, con disabilit\u00e0 anche temporanee. Verranno finanziati progetti e iniziative finalizzate a favorire il miglioramento della qualit\u00e0 di vita di questi giovani mediante acquisto di beni o servizi che il soggetto ritenga utili per il proprio benessere psico-fisico. Le domande dovranno essere presentate entro il 25 maggio. Info www.lamongolfieradigiorgia.it , mail lamongolfieradigiorgia@gmail.it.<\/p>\n<blockquote><p><em>Dall\u2019uscita del primo bando, ad ottobre 2018, La Mongolfiera di Giorgia ha fatto parecchia strada: in questi quattro anni e mezzo, grazie ai numerosi soci e ai generosi donatori \u00e8 riuscita a raccogliere e a distribuire a 35 ragazzi pi\u00f9 di 52.000 euro.<\/em><\/p><\/blockquote>\n<p>&nbsp;<\/p>\n<p>&nbsp;<\/p>\n<p>&nbsp;<\/p>\n<p>&nbsp;<\/p>\n<p>&nbsp;<\/p>\n<p>&nbsp;<\/p>\n<p>&nbsp;<\/p>\n<p>&nbsp;<\/p>\n<hr \/>\n<blockquote>\n<h3><\/h3>\n<h3>MARTINO BEDONT E SILVIA SOMMAVILLA, DUE GIOVANI CHE CERCANO DI ANIMARE IN CHIAVE TURISTICA LA LORO FRAZIONE<\/h3>\n<\/blockquote>\n<p><strong>GOSALDO<\/strong><\/p>\n<p>di Gianni Santomaso<\/p>\n<audio class=\"wp-audio-shortcode\" id=\"audio-328605-8\" preload=\"none\" style=\"width: 100%;\" controls=\"controls\"><source type=\"audio\/mpeg\" src=\"https:\/\/www.radiopiu.net\/wordpress\/wp-content\/uploads\/2023\/03\/GIANNI-VIVERE-LAGORDINO-MARTINO-BEDONT-E-SILVIA-SOMMARIVA.mp3?_=8\" \/><a href=\"https:\/\/www.radiopiu.net\/wordpress\/wp-content\/uploads\/2023\/03\/GIANNI-VIVERE-LAGORDINO-MARTINO-BEDONT-E-SILVIA-SOMMARIVA.mp3\">https:\/\/www.radiopiu.net\/wordpress\/wp-content\/uploads\/2023\/03\/GIANNI-VIVERE-LAGORDINO-MARTINO-BEDONT-E-SILVIA-SOMMARIVA.mp3<\/a><\/audio>\n<p>&nbsp;<\/p>\n\n\t\t\t<style type='text\/css'>\n\t\t\t\t#gallery-3 {\n\t\t\t\t\tmargin: auto;\n\t\t\t\t}\n\t\t\t\t#gallery-3 .gallery-item {\n\t\t\t\t\tfloat: left;\n\t\t\t\t\tmargin-top: 10px;\n\t\t\t\t\ttext-align: center;\n\t\t\t\t\twidth: 50%;\n\t\t\t\t}\n\t\t\t\t#gallery-3 img {\n\t\t\t\t\tborder: 2px solid #cfcfcf;\n\t\t\t\t}\n\t\t\t\t#gallery-3 .gallery-caption {\n\t\t\t\t\tmargin-left: 0;\n\t\t\t\t}\n\t\t\t\t\/* see gallery_shortcode() in wp-includes\/media.php *\/\n\t\t\t<\/style>\n\t\t<div id='gallery-3' class='dt-gallery-container gallery galleryid-328605 gallery-columns-2 gallery-size-thumbnail'><dl class='gallery-item'>\n\t\t\t\t<dt class='gallery-icon landscape'>\n\t\t\t\t\t<a class=\"rollover rollover-zoom dt-pswp-item\" title=\"c0968dd0-90ea-458e-83c9-f18abaa84591\" data-dt-img-description=\"\" data-large_image_width=\"1600\" data-large_image_height=\"1200\"href='https:\/\/www.radiopiu.net\/wordpress\/wp-content\/uploads\/2023\/03\/c0968dd0-90ea-458e-83c9-f18abaa84591.jpg'><img loading=\"lazy\" decoding=\"async\" width=\"150\" height=\"150\" src=\"https:\/\/www.radiopiu.net\/wordpress\/wp-content\/uploads\/2023\/03\/c0968dd0-90ea-458e-83c9-f18abaa84591-150x150.jpg\" class=\"attachment-thumbnail size-thumbnail\" alt=\"\" \/><\/a>\n\t\t\t\t<\/dt><\/dl><dl class='gallery-item'>\n\t\t\t\t<dt class='gallery-icon landscape'>\n\t\t\t\t\t<a class=\"rollover rollover-zoom dt-pswp-item\" title=\"0\" data-dt-img-description=\"\" data-large_image_width=\"1931\" data-large_image_height=\"1926\"href='https:\/\/www.radiopiu.net\/wordpress\/wp-content\/uploads\/2023\/03\/0.png'><img loading=\"lazy\" decoding=\"async\" width=\"150\" height=\"150\" src=\"https:\/\/www.radiopiu.net\/wordpress\/wp-content\/uploads\/2023\/03\/0-150x150.png\" class=\"attachment-thumbnail size-thumbnail\" alt=\"\" srcset=\"https:\/\/www.radiopiu.net\/wordpress\/wp-content\/uploads\/2023\/03\/0-150x150.png 150w, https:\/\/www.radiopiu.net\/wordpress\/wp-content\/uploads\/2023\/03\/0-300x300.png 300w, https:\/\/www.radiopiu.net\/wordpress\/wp-content\/uploads\/2023\/03\/0-1024x1021.png 1024w, https:\/\/www.radiopiu.net\/wordpress\/wp-content\/uploads\/2023\/03\/0-768x766.png 768w, https:\/\/www.radiopiu.net\/wordpress\/wp-content\/uploads\/2023\/03\/0-1536x1532.png 1536w, https:\/\/www.radiopiu.net\/wordpress\/wp-content\/uploads\/2023\/03\/0.png 1931w\" sizes=\"auto, (max-width: 150px) 100vw, 150px\" \/><\/a>\n\t\t\t\t<\/dt><\/dl><br style=\"clear: both\" \/>\n\t\t\t<\/div>\n\n<p>&nbsp;<\/p>\n<p>&nbsp;<\/p>\n<hr \/>\n<p>&nbsp;<\/p>\n<blockquote>\n<h3>IL VINCITORE DEI PRESEPI E&#8217; UN GIOVANE TALENTUOSO DI FEDER<\/h3>\n<\/blockquote>\n<div class=\"x11i5rnm xat24cr x1mh8g0r x1vvkbs xdj266r x126k92a\">\n<div dir=\"auto\"><strong>CANALE D&#8217;AGORDO<\/strong> Nel corso dell&#8217;annuale assemblea dei soci\u00a0 della Proloco \u00e8 stato premiato il vincitore della terza edizione dei Presepi dei Colmiei. Un plauso a Simone De Biasio, giovane talentuoso di Feder! <em>&#8220;\u00c8 bello vedere che i nostri ragazzi partecipano attivamente alle iniziative del loro paese&#8221;<\/em> commenta il presidente Vigilio Costa<\/div>\n<\/div>\n<div class=\"x11i5rnm xat24cr x1mh8g0r x1vvkbs xtlvy1s x126k92a\">\n<div dir=\"auto\">In foto: a destra il presidente della pro loco, Vigilio Costa e a sinistra Simone De Biasio (foto di Mirella Scola).<\/div>\n<div dir=\"auto\"><a class=\"dt-pswp-item\" href=\"https:\/\/www.radiopiu.net\/wordpress\/wp-content\/uploads\/2023\/03\/Senza-nome-89.jpg\" data-dt-img-description=\"\" data-large_image_width=\"387\" data-large_image_height=\"320\"><img loading=\"lazy\" decoding=\"async\" class=\"alignnone size-medium wp-image-328699\" src=\"https:\/\/www.radiopiu.net\/wordpress\/wp-content\/uploads\/2023\/03\/Senza-nome-89-300x248.jpg\" alt=\"\" width=\"300\" height=\"248\" srcset=\"https:\/\/www.radiopiu.net\/wordpress\/wp-content\/uploads\/2023\/03\/Senza-nome-89-300x248.jpg 300w, https:\/\/www.radiopiu.net\/wordpress\/wp-content\/uploads\/2023\/03\/Senza-nome-89.jpg 387w\" sizes=\"auto, (max-width: 300px) 100vw, 300px\" \/><\/a><\/div>\n<\/div>\n<p>&nbsp;<\/p>\n<p>&nbsp;<\/p>\n<hr \/>\n<p>&nbsp;<\/p>\n<blockquote>\n<h3>TRENT\u2019ANNI FA, IL 29 GENNAIO DEL 1993, NASCEVA A BELLUNO LA \u201cSALA DI CULTURA DE LUCA\u201d CON LA SEDE A BORGO PR\u00c0<\/h3>\n<\/blockquote>\n<p><strong>DI RENATO BONA<\/strong><\/p>\n<p>&nbsp;<\/p>\n<p>Il 29 gennaio del 1993 davanti al notaio Giorgio Molinari Raimondi di Belluno veniva siglato l\u2019atto di nascita dell\u2019associazione \u201cSala di cultura De Luca\u201d con sede al civico 3 di Borgo Pra. Atto che venne registrato il 19 febbraio dello stesso anno. Trent\u2019anni dopo, il fondatore, Francesco \u201cCheco\u201d De Luca non c\u2019\u00e8 pi\u00f9 e, con la sua scomparsa, la sede \u00e8 stata acquisita ormai da qualche mese dal Collegio veneto dei maestri di sci. All\u2019evento fondativo, ospitato\u2026 nella Sala! erano intervenute personalit\u00e0 di ogni settore della vita bellunese, come scriveva Silvano Cavallet, uno dei fondatori (gli altri: Gianfranco Orsini, Eugenio Colleselli, Gianni Pezzei, Felice De Col, Ermano De Col, Sostene Schena, Maurizio Busatta, il vescovo Maffeo Ducoli, Gennaro Pinto, Alberto Luchetta, Giuseppe Cargnel, Mario Penso, Marino Perera, Adolfo Crespan, Giancandido De Martin Topranin, Dino Bridda, Ivano Pocchiesa Cno, Livio Ravagni, Renzo De Luca, Antonio Ganz, Francesco Tomassi, Francesco De Luca, Giuseppe Sacchi, Angelo Baraldo, Franco Iudica, Fabio Costan Durigon, Giuseppe Zanfron). Nell\u2019occasione, venivano illustrati gli scopi che si prefiggeva il neonato sodalizio: attivit\u00e0 di divulgazione, studio ed incentivazione anche editoriali di attivit\u00e0 attinenti alle arti figurative, musicali, grafiche e letterarie e, ancora: attinenti a problemi di carattere etico, attivit\u00e0 di sostegno relative alle manifestazioni promosse, coordinamento ed assecondare iniziative intese a sostenere ed incentivare forme di collaborazione ed assistenza di gruppi, associazioni, comitati tendenti ad esaltare e migliorare le capacit\u00e0 dei propri aderenti volte ai fini del raggiungimento degli scopi istituzionali. Che comprendevano la promozione di studi, incontri, seminari, tavole rotonde anche sui grandi problemi dell\u2019attualit\u00e0 compresi alcolismo, handicap, droga, modi e metodi compartimentali, premi e concorsi a carattere anche regionale, nazionale ed internazionale, iniziative esterne di Comuni, Comunit\u00e0, Pro loco, Associazioni turistiche, culturaali e del tempo libero, senza trascurare gemellaggi ed intese collaborative con altri sodalizi \u201cper realizzare manifestazioni che producano affratellamento razziale ed espressivo dei popoli\u201d e, ancora: la costituzione di comitati tecnico-scientifici per ogni settore di attivit\u00e0 della \u201cDe Luca\u201d stessa. Scontato ricordare che, a comporre il primo consiglio direttivo fosse chiamato in qualit\u00e0 di presidente il suo fondatore-principe: Francesco \u201cCheco\u201d De Luca che pot\u00e9 avvalersi della fruttuosa oltre che amichevole collaborazione di Silvano Cavallet come vice presidente, Adolfo Crespan come segretario, e di Franco Iudica e Antonio Ganz come consiglieri. Il presidente De Luca, come riportava il \u201cNotiziario\u201d dell\u2019Associazione stampa bellunese, aveva pronunciato nell\u2019occasione poche parole \u201cch\u00e9 la presenza di tanti amici le rendeva davvero superflue: \u00e8 un momenti davvero felice, questo nel quale diventa del tutto naturale ribadire che quanto ho fatto sinora non potr\u00e0 non trovare nuove energie e nuovi stimoli; assieme, ne sono sicuro, percorreremo ancora molta strada\u201d. Ed \u00e8 stata davvero lunga, con qualcosa come 1432 manifestazioni accolte nella \u201cDe Luca\u201d (sulle quaranta mediamente ogni mese, con punte di un centinaio negli anni 1993, 1994 e 1997) e migliaia di presenze tra protagonisti, di ogni livello e fama, e semplici spettatori dei vari eventi.<\/p>\n\n\t\t\t<style type='text\/css'>\n\t\t\t\t#gallery-4 {\n\t\t\t\t\tmargin: auto;\n\t\t\t\t}\n\t\t\t\t#gallery-4 .gallery-item {\n\t\t\t\t\tfloat: left;\n\t\t\t\t\tmargin-top: 10px;\n\t\t\t\t\ttext-align: center;\n\t\t\t\t\twidth: 25%;\n\t\t\t\t}\n\t\t\t\t#gallery-4 img {\n\t\t\t\t\tborder: 2px solid #cfcfcf;\n\t\t\t\t}\n\t\t\t\t#gallery-4 .gallery-caption {\n\t\t\t\t\tmargin-left: 0;\n\t\t\t\t}\n\t\t\t\t\/* see gallery_shortcode() in wp-includes\/media.php *\/\n\t\t\t<\/style>\n\t\t<div id='gallery-4' class='dt-gallery-container gallery galleryid-328605 gallery-columns-4 gallery-size-thumbnail'><dl class='gallery-item'>\n\t\t\t\t<dt class='gallery-icon landscape'>\n\t\t\t\t\t<a class=\"rollover\" href='https:\/\/www.radiopiu.net\/wordpress\/trentanni-fa-il-29-gennaio-del-1993-nasceva-a-belluno-la-sala-di-cultura-de-luca-con-la-sede-a-borgo-pra\/1-13\/'><img loading=\"lazy\" decoding=\"async\" width=\"150\" height=\"150\" src=\"https:\/\/www.radiopiu.net\/wordpress\/wp-content\/uploads\/2023\/03\/1-4-150x150.jpg\" class=\"attachment-thumbnail size-thumbnail\" alt=\"\" \/><\/a>\n\t\t\t\t<\/dt><\/dl><dl class='gallery-item'>\n\t\t\t\t<dt class='gallery-icon landscape'>\n\t\t\t\t\t<a class=\"rollover\" href='https:\/\/www.radiopiu.net\/wordpress\/trentanni-fa-il-29-gennaio-del-1993-nasceva-a-belluno-la-sala-di-cultura-de-luca-con-la-sede-a-borgo-pra\/2-17\/'><img loading=\"lazy\" decoding=\"async\" width=\"150\" height=\"150\" src=\"https:\/\/www.radiopiu.net\/wordpress\/wp-content\/uploads\/2023\/03\/2-5-150x150.jpg\" class=\"attachment-thumbnail size-thumbnail\" alt=\"\" \/><\/a>\n\t\t\t\t<\/dt><\/dl><dl class='gallery-item'>\n\t\t\t\t<dt class='gallery-icon landscape'>\n\t\t\t\t\t<a class=\"rollover\" href='https:\/\/www.radiopiu.net\/wordpress\/trentanni-fa-il-29-gennaio-del-1993-nasceva-a-belluno-la-sala-di-cultura-de-luca-con-la-sede-a-borgo-pra\/3-10\/'><img loading=\"lazy\" decoding=\"async\" width=\"150\" height=\"150\" src=\"https:\/\/www.radiopiu.net\/wordpress\/wp-content\/uploads\/2023\/03\/3-4-150x150.jpg\" class=\"attachment-thumbnail size-thumbnail\" alt=\"\" \/><\/a>\n\t\t\t\t<\/dt><\/dl><dl class='gallery-item'>\n\t\t\t\t<dt class='gallery-icon landscape'>\n\t\t\t\t\t<a class=\"rollover\" href='https:\/\/www.radiopiu.net\/wordpress\/trentanni-fa-il-29-gennaio-del-1993-nasceva-a-belluno-la-sala-di-cultura-de-luca-con-la-sede-a-borgo-pra\/4-84\/'><img loading=\"lazy\" decoding=\"async\" width=\"150\" height=\"150\" src=\"https:\/\/www.radiopiu.net\/wordpress\/wp-content\/uploads\/2023\/03\/4-4-150x150.jpg\" class=\"attachment-thumbnail size-thumbnail\" alt=\"\" \/><\/a>\n\t\t\t\t<\/dt><\/dl><br style=\"clear: both\" \/><dl class='gallery-item'>\n\t\t\t\t<dt class='gallery-icon landscape'>\n\t\t\t\t\t<a class=\"rollover\" href='https:\/\/www.radiopiu.net\/wordpress\/trentanni-fa-il-29-gennaio-del-1993-nasceva-a-belluno-la-sala-di-cultura-de-luca-con-la-sede-a-borgo-pra\/5-62\/'><img loading=\"lazy\" decoding=\"async\" width=\"150\" height=\"150\" src=\"https:\/\/www.radiopiu.net\/wordpress\/wp-content\/uploads\/2023\/03\/5-3-150x150.jpg\" class=\"attachment-thumbnail size-thumbnail\" alt=\"\" \/><\/a>\n\t\t\t\t<\/dt><\/dl><dl class='gallery-item'>\n\t\t\t\t<dt class='gallery-icon landscape'>\n\t\t\t\t\t<a class=\"rollover\" href='https:\/\/www.radiopiu.net\/wordpress\/trentanni-fa-il-29-gennaio-del-1993-nasceva-a-belluno-la-sala-di-cultura-de-luca-con-la-sede-a-borgo-pra\/6-37\/'><img loading=\"lazy\" decoding=\"async\" width=\"150\" height=\"150\" src=\"https:\/\/www.radiopiu.net\/wordpress\/wp-content\/uploads\/2023\/03\/6-3-150x150.jpg\" class=\"attachment-thumbnail size-thumbnail\" alt=\"\" \/><\/a>\n\t\t\t\t<\/dt><\/dl><dl class='gallery-item'>\n\t\t\t\t<dt class='gallery-icon landscape'>\n\t\t\t\t\t<a class=\"rollover\" href='https:\/\/www.radiopiu.net\/wordpress\/trentanni-fa-il-29-gennaio-del-1993-nasceva-a-belluno-la-sala-di-cultura-de-luca-con-la-sede-a-borgo-pra\/8-24\/'><img loading=\"lazy\" decoding=\"async\" width=\"150\" height=\"150\" src=\"https:\/\/www.radiopiu.net\/wordpress\/wp-content\/uploads\/2023\/03\/8-3-150x150.jpg\" class=\"attachment-thumbnail size-thumbnail\" alt=\"\" \/><\/a>\n\t\t\t\t<\/dt><\/dl><dl class='gallery-item'>\n\t\t\t\t<dt class='gallery-icon landscape'>\n\t\t\t\t\t<a class=\"rollover\" href='https:\/\/www.radiopiu.net\/wordpress\/trentanni-fa-il-29-gennaio-del-1993-nasceva-a-belluno-la-sala-di-cultura-de-luca-con-la-sede-a-borgo-pra\/9-26\/'><img loading=\"lazy\" decoding=\"async\" width=\"150\" height=\"150\" src=\"https:\/\/www.radiopiu.net\/wordpress\/wp-content\/uploads\/2023\/03\/9-2-150x150.jpg\" class=\"attachment-thumbnail size-thumbnail\" alt=\"\" \/><\/a>\n\t\t\t\t<\/dt><\/dl><br style=\"clear: both\" \/>\n\t\t\t<\/div>\n\n<p>NELLE FOTO (riproduzioni dal libro \u201cUna ruota che gira da un quarto di secolo\u201d): atto costitutivo dell\u2019Associazione con la firma di uno dei fondatori Maffeo Ducoli davanti al notaio Molinari Raimondi e a Francesco De Luca; l\u2019annuncio dell\u2019evento sul Notiziario dell\u2019Associazione stampa bellunese; \u201cOnorcaduti\u201d presente con il commissario Benito Gavazza nell\u2019incontro col presidente della Provincia, Oscar De Bona e quello di Unuci, ufficiali in congedo, Edoardo Giani; altri momenti di eventi ospitati nella \u201cSala di cultura De Luca\u201d di Borgo Pra.<\/p>\n<p>&nbsp;<\/p>\n<hr \/>\n<p>&nbsp;<\/p>\n<h2><span style=\"color: #ff0000;\">IERI ALLA RADIO<\/span><\/h2>\n<h2><span style=\"color: #99cc00;\">AMA DOLOMITI -&#8220;MICHELA E L&#8217;ASSOCIAZIONE ITALIANA TUTELA SALUTE MENTALE DI BELLUNO&#8221;<\/span><\/h2>\n<p><strong><a class=\"dt-pswp-item\" href=\"https:\/\/www.radiopiu.net\/wordpress\/wp-content\/uploads\/2023\/02\/1239767_1376151945949547_1371470440_n.jpg\" data-dt-img-description=\"\" data-large_image_width=\"744\" data-large_image_height=\"498\"><img loading=\"lazy\" decoding=\"async\" class=\" wp-image-321803 alignleft\" src=\"https:\/\/www.radiopiu.net\/wordpress\/wp-content\/uploads\/2023\/02\/1239767_1376151945949547_1371470440_n-300x201.jpg\" alt=\"\" width=\"172\" height=\"115\" srcset=\"https:\/\/www.radiopiu.net\/wordpress\/wp-content\/uploads\/2023\/02\/1239767_1376151945949547_1371470440_n-300x201.jpg 300w, https:\/\/www.radiopiu.net\/wordpress\/wp-content\/uploads\/2023\/02\/1239767_1376151945949547_1371470440_n.jpg 744w\" sizes=\"auto, (max-width: 172px) 100vw, 172px\" \/><\/a>Nuovo appuntamento sulle frequenze di Radio Pi\u00f9. A partire dal 13 febbraio un nuovo programma a cura di AMA Dolomiti.<\/strong><\/p>\n<p align=\"JUSTIFY\"><span style=\"color: #000000;\"><span style=\"font-family: Times New Roman, serif;\"><span style=\"font-size: large;\">L\u2019Associazione Ama Dolomiti \u00e8 nata nell\u2019aprile 2010 da un gruppo di persone desiderose di mettere in rete i diversi gruppi di auto mutuo aiuto presenti nella provincia di Belluno, per dare ai medesimi sostegno nella loro attivit\u00e0, visibilit\u00e0 nel territorio e favorire la creazione di nuovi gruppi.\u00a0<\/span><\/span><\/span><\/p>\n<p><strong>PUNTATA 07 27 MARZO 2023<\/strong><\/p>\n<p><strong>MICHELA E L&#8217;ASSOCIAZIONE ITALIANA TUTELA SALUTE MENTALE DI BELLUNO<\/strong><\/p>\n<audio class=\"wp-audio-shortcode\" id=\"audio-328605-9\" preload=\"none\" style=\"width: 100%;\" controls=\"controls\"><source type=\"audio\/mpeg\" src=\"https:\/\/www.radiopiu.net\/wordpress\/wp-content\/uploads\/2023\/03\/GRUPPO-AMA-7.mp3?_=9\" \/><a href=\"https:\/\/www.radiopiu.net\/wordpress\/wp-content\/uploads\/2023\/03\/GRUPPO-AMA-7.mp3\">https:\/\/www.radiopiu.net\/wordpress\/wp-content\/uploads\/2023\/03\/GRUPPO-AMA-7.mp3<\/a><\/audio>\n<p>&nbsp;<\/p>\n<p><strong>LA RACCOLTA COMPLETA<\/strong><\/p>\n<blockquote class=\"wp-embedded-content\" data-secret=\"1BpmsIzpg7\"><p><a href=\"https:\/\/www.radiopiu.net\/wordpress\/ama-dolomiti-lidap-lega-italiana-contro-i-disturbi-di-attacchi-di-panico-puntata-del-13-marzo-2023\/\">AMA DOLOMITI -&#8220;MICHELA E L&#8217;ASSOCIAZIONE ITALIANA TUTELA SALUTE MENTALE DI BELLUNO&#8221; &#8211; PUNTATA DEL 27 MARZO 2023<\/a><\/p><\/blockquote>\n<p><iframe loading=\"lazy\" class=\"wp-embedded-content\" sandbox=\"allow-scripts\" security=\"restricted\" style=\"position: absolute; clip: rect(1px, 1px, 1px, 1px);\" title=\"&#8220;AMA DOLOMITI -&#8220;MICHELA E L&#8217;ASSOCIAZIONE ITALIANA TUTELA SALUTE MENTALE DI BELLUNO&#8221; &#8211; PUNTATA DEL 27 MARZO 2023&#8221; &#8212; Radio Pi\u00f9\" src=\"https:\/\/www.radiopiu.net\/wordpress\/ama-dolomiti-lidap-lega-italiana-contro-i-disturbi-di-attacchi-di-panico-puntata-del-13-marzo-2023\/embed\/#?secret=69z0CvZr3V#?secret=1BpmsIzpg7\" data-secret=\"1BpmsIzpg7\" width=\"600\" height=\"338\" frameborder=\"0\" marginwidth=\"0\" marginheight=\"0\" scrolling=\"no\"><\/iframe><\/p>\n<p>&nbsp;<\/p>\n<h2><span style=\"color: #008000;\">EPCENTER CON FRANCESCO ZILLIO <\/span><\/h2>\n<p><strong>PUNTATA DEL 27 MARZO 2023<\/strong><\/p>\n<p><strong>VENEZIA: HOTEL, ACCOGLIENZA, INNOVAZIONE<\/strong><\/p>\n<p><iframe loading=\"lazy\" title=\"EPCENTER CON FRANCESCO ZILLIO, VENEZIA: HOTEL, ACCOGLIENZA, INNOVAZIONE\" width=\"1200\" height=\"675\" src=\"https:\/\/www.youtube.com\/embed\/gdt6rp79i5I?feature=oembed\" frameborder=\"0\" allow=\"accelerometer; autoplay; clipboard-write; encrypted-media; gyroscope; picture-in-picture; web-share\" allowfullscreen><\/iframe><\/p>\n<p>&nbsp;<\/p>\n<hr \/>\n<p>&nbsp;<\/p>\n<p>&nbsp;<\/p>\n<h2><span style=\"color: #33cccc;\">SALUTE E SOCIETA&#8217;<\/span><\/h2>\n<p><strong>PUNTATA DEL 27 MARZO 2023<\/strong><\/p>\n<p><strong><a class=\"dt-pswp-item\" href=\"https:\/\/www.radiopiu.net\/wordpress\/wp-content\/uploads\/2023\/03\/5fe32744-3487-364e-011e-a93597cf42fe.jpg\" data-dt-img-description=\"\" data-large_image_width=\"800\" data-large_image_height=\"445\"><img loading=\"lazy\" decoding=\"async\" class=\" wp-image-328621 alignleft\" src=\"https:\/\/www.radiopiu.net\/wordpress\/wp-content\/uploads\/2023\/03\/5fe32744-3487-364e-011e-a93597cf42fe-300x167.jpg\" alt=\"\" width=\"149\" height=\"83\" srcset=\"https:\/\/www.radiopiu.net\/wordpress\/wp-content\/uploads\/2023\/03\/5fe32744-3487-364e-011e-a93597cf42fe-300x167.jpg 300w, https:\/\/www.radiopiu.net\/wordpress\/wp-content\/uploads\/2023\/03\/5fe32744-3487-364e-011e-a93597cf42fe-768x427.jpg 768w, https:\/\/www.radiopiu.net\/wordpress\/wp-content\/uploads\/2023\/03\/5fe32744-3487-364e-011e-a93597cf42fe.jpg 800w\" sizes=\"auto, (max-width: 149px) 100vw, 149px\" \/><\/a>Cheratosi attinica <\/strong>Ci sono varie terapie per il trattamento della cheratosi attinica che dipendono anche dall\u2019estensione del problema. Da poco abbiamo a disposizione un nuovo farmaco, la tirbanibulina, che agisce in poco tempo e senza effetti collaterali. <strong>Congresso EAU 2023 <\/strong>Si \u00e8 tenuto a Milano il 38\u00b0 Congresso Annuale della societ\u00e0 europea di urologia.<\/p>\n<audio class=\"wp-audio-shortcode\" id=\"audio-328605-10\" preload=\"none\" style=\"width: 100%;\" controls=\"controls\"><source type=\"audio\/mpeg\" src=\"https:\/\/www.radiopiu.net\/wordpress\/wp-content\/uploads\/2023\/03\/SALUTE-3.mp3?_=10\" \/><a href=\"https:\/\/www.radiopiu.net\/wordpress\/wp-content\/uploads\/2023\/03\/SALUTE-3.mp3\">https:\/\/www.radiopiu.net\/wordpress\/wp-content\/uploads\/2023\/03\/SALUTE-3.mp3<\/a><\/audio>\n<p>&nbsp;<\/p>\n<hr \/>\n<p>&nbsp;<\/p>\n<p>&nbsp;<\/p>\n<blockquote>\n<h3>DODICI PUNTI DA DISCUTERE NEL CONSIGLIO COMUNALE DI ROCCA PIETORE<\/h3>\n<\/blockquote>\n<p><strong>ROCCA PIETORE<\/strong> Il Sindaco di Rocca Pietore Andrea De Bernardin ha convocato i consiglieri comunali per oggi alle 18 nella sala consigliare del municipio. Saranno 12 i punti all&#8217;ordine del giorno. Tra questi si discuter\u00e0 del piano delle alienazioni e valorizzazioni del patrimonio immobiliare, una nota di aggiornamento al dup e l&#8217;approvazione del bilancio di previsione 2023-2025. Sono 6 le interrogazioni della minoranza che chiede delucidazioni sulla sistemazione dei cimiteri, la situazione di avanzamento del nuovo impianto che collegher\u00e0 Malga Ciapela alla seggiovia Padon, Il progetto Marmolada Unesco, l&#8217;ammontare della spesa per lo sgombero della neve. Il consigliere Iraci Borgia Mandolini vorr\u00e0 chiarimenti su l&#8217;ospitalit\u00e0 diffusa, lo stato di avanzamento lavori ai Serrai di Sottoguda e l&#8217;offerta scolastica comunale.<\/p>\n<p><strong>di Gianni Santomaso<\/strong><\/p>\n<audio class=\"wp-audio-shortcode\" id=\"audio-328605-11\" preload=\"none\" style=\"width: 100%;\" controls=\"controls\"><source type=\"audio\/mpeg\" src=\"https:\/\/www.radiopiu.net\/wordpress\/wp-content\/uploads\/2023\/03\/GIANNI-CONSIGLIO-COMUNALE-ROCCA.mp3?_=11\" \/><a href=\"https:\/\/www.radiopiu.net\/wordpress\/wp-content\/uploads\/2023\/03\/GIANNI-CONSIGLIO-COMUNALE-ROCCA.mp3\">https:\/\/www.radiopiu.net\/wordpress\/wp-content\/uploads\/2023\/03\/GIANNI-CONSIGLIO-COMUNALE-ROCCA.mp3<\/a><\/audio>\n<p>&nbsp;<\/p>\n<hr \/>\n<p>&nbsp;<\/p>\n<blockquote>\n<h3>IL CONSIGLIO COMUNALE DI CANALE D&#8217;AGORDO<\/h3>\n<\/blockquote>\n<p><strong>CANALE D&#8217;AGORDO<\/strong> \u00c8 stato convocato per gioved\u00ec 30 marzo alle 20 il consiglio comunale di Canale D&#8217;Agordo. Il Sindaco Flavio Colcergnan ha chiamato a rapporto i consiglieri per trattare 9 punti all&#8217;ordine del giorno. Si parler\u00e0 dell&#8217;approvazione delle aliquote IMU, dell&#8217;addizionale comunale, l&#8217;approvazione del DUP e del bilancio di previsione 2023-2025. Inoltre si parler\u00e0 di un mutamento di destinazione di un terreno, del comitato unico di garanzia per le pari opportunit\u00e0 e della convenzione con il gruppo ANA Belluno per il servizio di Protezione Civile.<\/p>\n<p>&nbsp;<\/p>\n<hr \/>\n<p>&nbsp;<\/p>\n<blockquote>\n<h3>LO STATUTO DELL&#8217;ASCA IN CONSIGLIO COMUNALE<\/h3>\n<\/blockquote>\n<p><strong>TAIBON<\/strong> Oggi alle 18.30 consiglio comunale convocato dal sindaco Silvia Tormen, in primo piano il Piano Nazionale Ripresa e Resilienza, le modifiche allo statuto dell&#8217;azienda speciale Asca, il recesso del Comune da socio dalla Casa di Soggiorno di Taibon e le comunicazioni del sindaco.<\/p>\n<p><strong>di Gianni Santomaso<\/strong><\/p>\n<audio class=\"wp-audio-shortcode\" id=\"audio-328605-12\" preload=\"none\" style=\"width: 100%;\" controls=\"controls\"><source type=\"audio\/mpeg\" src=\"https:\/\/www.radiopiu.net\/wordpress\/wp-content\/uploads\/2023\/03\/GIANNI-CONSIGLIO-TAIBON.mp3?_=12\" \/><a href=\"https:\/\/www.radiopiu.net\/wordpress\/wp-content\/uploads\/2023\/03\/GIANNI-CONSIGLIO-TAIBON.mp3\">https:\/\/www.radiopiu.net\/wordpress\/wp-content\/uploads\/2023\/03\/GIANNI-CONSIGLIO-TAIBON.mp3<\/a><\/audio>\n<p>&nbsp;<\/p>\n<p>&nbsp;<\/p>\n<hr \/>\n<p>&nbsp;<\/p>\n<blockquote>\n<h3>QUALI PROSPETTIVE PER UNA NECESSARIA TRANSIZIONE ENERTETICA?<\/h3>\n<\/blockquote>\n<p><em><b>lo scienziato Nicola Armaroli incontra gli studenti<\/b><\/em><\/p>\n<p><strong><a class=\"dt-pswp-item\" href=\"https:\/\/www.radiopiu.net\/wordpress\/wp-content\/uploads\/2023\/03\/Senza-nome-87.jpg\" data-dt-img-description=\"\" data-large_image_width=\"401\" data-large_image_height=\"219\"><img loading=\"lazy\" decoding=\"async\" class=\" wp-image-328691 alignleft\" src=\"https:\/\/www.radiopiu.net\/wordpress\/wp-content\/uploads\/2023\/03\/Senza-nome-87-300x164.jpg\" alt=\"\" width=\"260\" height=\"142\" srcset=\"https:\/\/www.radiopiu.net\/wordpress\/wp-content\/uploads\/2023\/03\/Senza-nome-87-300x164.jpg 300w, https:\/\/www.radiopiu.net\/wordpress\/wp-content\/uploads\/2023\/03\/Senza-nome-87.jpg 401w\" sizes=\"auto, (max-width: 260px) 100vw, 260px\" \/><\/a>BELLUNO<\/strong> Domani\u00a0 Nicola Armaroli, chimico e divulgatore scientifico che lavora al Centro Nazionale delle Ricerche (CNR) come esperto di energie rinnovabili, si collegher\u00e0 online con le scuole superiori di Belluno. L\u2019incontro, previsto dalle 9 alle 11, si inserisce nel progetto \u201cGeneration for Rigeneration \u2013 Educare in Rete per la svolta ecologica\u201d Inoltre, l\u2019incontro si inserisce anche tra gli appuntamenti conclusivi di un percorso di formazione che ha coinvolto, negli scorsi mesi, un gruppo di studenti di diverse scuole. Autore di numerose pubblicazioni sull\u2019energia sostenibile, Armaroli spiegher\u00e0 a tutti gli studenti come il sistema energetico globale pu\u00f2 e deve andare verso modelli sostenibili, anche e soprattutto in relazione al cambiamento climatico e alla sempre maggiore scarsit\u00e0 di risorse naturali. Si tratta di temi molto attuali, soprattutto alla luce delle pi\u00f9 recenti politiche energetiche europee e delle sfide cui la guerra in Ucraina ci ha messo davanti.<br \/>\n<span style=\"font-size: large;\"><span style=\"font-family: Arial;\"><a class=\"moz-txt-link-freetext\" href=\"https:\/\/www.studentibelluno.it\/le-scuole-in-rete\/1013-armaroli-2023\">Per approfondimenti e per segure l&#8217;incontro https:\/\/www.studentibelluno.it\/le-scuole-in-rete\/1013-armaroli-2023<\/a><\/span><\/span><\/p>\n<p>&nbsp;<\/p>\n<p>&nbsp;<\/p>\n<hr \/>\n<p>&nbsp;<\/p>\n<blockquote>\n<h3><span dir=\"ltr\" role=\"presentation\">LA SORVEGLIANZA NELLA FAUNA SELVATICA <\/span><span dir=\"ltr\" role=\"presentation\">PER LA TUTELA DELLA SALUTE DELL\u2019UOMO <\/span><span dir=\"ltr\" role=\"presentation\">E DELL\u2019AMBIENTE\u00a0\u00a0<\/span><\/h3>\n<\/blockquote>\n<p><a class=\"dt-pswp-item\" href=\"https:\/\/www.radiopiu.net\/wordpress\/wp-content\/uploads\/2023\/03\/Senza-nome-88.jpg\" data-dt-img-description=\"\" data-large_image_width=\"796\" data-large_image_height=\"173\"><img loading=\"lazy\" decoding=\"async\" class=\"size-medium wp-image-328692 aligncenter\" src=\"https:\/\/www.radiopiu.net\/wordpress\/wp-content\/uploads\/2023\/03\/Senza-nome-88-300x65.jpg\" alt=\"\" width=\"300\" height=\"65\" srcset=\"https:\/\/www.radiopiu.net\/wordpress\/wp-content\/uploads\/2023\/03\/Senza-nome-88-300x65.jpg 300w, https:\/\/www.radiopiu.net\/wordpress\/wp-content\/uploads\/2023\/03\/Senza-nome-88-768x167.jpg 768w, https:\/\/www.radiopiu.net\/wordpress\/wp-content\/uploads\/2023\/03\/Senza-nome-88.jpg 796w\" sizes=\"auto, (max-width: 300px) 100vw, 300px\" \/><\/a><\/p>\n<p><strong>SEDICO<\/strong>\u00a0 Il convegno \u00e8 calendarizzato per venerdi 14 aprile alle 20.30 al polo culturale di via De Gasperi. Intervengono: Antonia Ricci \u2013 Direttore Generale e \u00a0Carlo Citterio del Centro Specialistico Fauna Selvatica Istituto Zooprofilattivo Sperimentale delle Venezie. Ingresso libero. Il termine \u201cOne Health\u201d, esprime come la salute dell\u2019uomo, degli animali e dell\u2019ambiente siano strettamente dipendenti tra loro, sta suscitando sempre maggior interesse sia tra gli addetti ai la vori, sia nel grande pubblico. In provincia di Belluno, parlarne richiama immediatamente alla mente la fauna selvatica: certamente in positivo, data la ricchezza di specie e biodiversit\u00e0, ma talvolta per aspetti meno gradevoli, ad esempio ricordando l\u2019epidemia di rabbia silvestre di qualche anno fa, o la diffusione delle malattie trasmesse da zecche. L\u2019impatto di patogeni animali sulle attivit\u00e0 umane (si pensi ad esempio alla peste suina africana), evidenzia inoltre come il concetto di \u201cuna sola salute\u201d non sia da riservare soltanto alle zoonosi. Ne parler\u00e0 l\u2019Istituto Zooprofilattico Sperimentale delle Venezie, che da anni lavora su questi temi nel territorio.<\/p>\n<p>&nbsp;<\/p>\n<hr \/>\n<p>&nbsp;<\/p>\n<p>&nbsp;<\/p>\n<blockquote>\n<h3>AGRIMONT ARCHIVIA LA PANDEMIA: OLTRE 23MILA INGRESSI ALLA MOSTRA DELL&#8217;AGRICOLUTURA DI MONTAGNA<\/h3>\n<\/blockquote>\n<p><strong><a class=\"dt-pswp-item\" href=\"https:\/\/www.radiopiu.net\/wordpress\/wp-content\/uploads\/2021\/05\/LONGARONE-FIERE.jpg\" data-dt-img-description=\"\" data-large_image_width=\"556\" data-large_image_height=\"220\"><img loading=\"lazy\" decoding=\"async\" class=\"size-medium wp-image-207549 alignleft\" src=\"https:\/\/www.radiopiu.net\/wordpress\/wp-content\/uploads\/2021\/05\/LONGARONE-FIERE-300x119.jpg\" alt=\"\" width=\"300\" height=\"119\" srcset=\"https:\/\/www.radiopiu.net\/wordpress\/wp-content\/uploads\/2021\/05\/LONGARONE-FIERE-300x119.jpg 300w, https:\/\/www.radiopiu.net\/wordpress\/wp-content\/uploads\/2021\/05\/LONGARONE-FIERE.jpg 556w\" sizes=\"auto, (max-width: 300px) 100vw, 300px\" \/><\/a>LONGARONE<\/strong> Sono numeri superiori al pre-Covid, quelli registrati da Longarone Fiere nel primo appuntamento 2023. Agrimont, la Mostra dell\u2019agricoltura di montagna andata in scena gli ultimi due weekend, ha fatto segnare oltre 23mila ingressi. Numeri importanti di persone &#8211; addetti ai lavori, aziende agricole, allevatori, ma anche semplici appassionati di giardinaggio e famiglie &#8211; che di fatto hanno riempito i padiglioni nei quattro giorni e mezzo di apertura, anche per l\u2019offerta di una ventina tra convegni, masterclass e laboratori specializzati. <em>\u00abSono state apprezzate le proposte di formazione e per tutte le giornate il flusso di visitatori \u00e8 stato costante, con il clou registrato ieri, domenica 26\u00bb<\/em> commenta il presidente di Longarone Fiere Dolomiti, Michele Dal Farra. <em>\u00abI numeri fanno capire che finalmente possiamo lasciarci alle spalle il periodo della pandemia. Aver registrato presenze superiori a quanto avveniva prima del Covid non era affatto scontato&#8221;.<\/em> Archiviata Agrimont, Longarone Fiere Dolomiti \u00e8 gi\u00e0 al lavoro per il prossimo appuntamento, in calendario subito dopo Pasqua. Alla 21. Caccia, Pesca e Natura saranno presenti il 14.15.16 aprile 2023, oltre alle armerie, numerosi espositori stranieri, con la proposta di una gamma completa di prodotti, accessori e capi di abbigliamento tecnico.<\/p>\n<p>&nbsp;<\/p>\n<p>&nbsp;<\/p>\n<p>&nbsp;<\/p>\n<hr \/>\n<p>&nbsp;<\/p>\n<blockquote>\n<h3>L&#8217;ASSEMBLEA DEL CIRCOLO CULTURALE AGORDINO<\/h3>\n<\/blockquote>\n<p><strong>AGORDO<\/strong> E&#8217; in programma per sabato 1 aprile alle 10 in sala riunioni della Biblioteca Civica di Agordo, l&#8217;assemblea del Circolo Culturale Agordino. Si discuter\u00e0 delle linee programmatiche delle attivit\u00e0 del Circolo per il 2023, l&#8217;approvazione del bilancio 2022 e la relazione del bilancio sociale.<\/p>\n<p>&nbsp;<\/p>\n<p>&nbsp;<\/p>\n<hr \/>\n<p>&nbsp;<\/p>\n<blockquote>\n<h3>\u00a0LA GIORNATA ECOLOGICA<\/h3>\n<\/blockquote>\n<p><strong><a class=\"dt-pswp-item\" href=\"https:\/\/www.radiopiu.net\/wordpress\/wp-content\/uploads\/2023\/03\/Senza-nome-67.jpg\" data-dt-img-description=\"\" data-large_image_width=\"196\" data-large_image_height=\"136\"><img loading=\"lazy\" decoding=\"async\" class=\" wp-image-327468 alignleft\" src=\"https:\/\/www.radiopiu.net\/wordpress\/wp-content\/uploads\/2023\/03\/Senza-nome-67.jpg\" alt=\"\" width=\"187\" height=\"130\" \/><\/a><\/strong><\/p>\n<p><strong>CENCENIGHE<\/strong> Domenica 2 aprile giornata ecologica organizzata da Comune e Proloco. Saranno raccolti i rifiuti abbandonati sul territorio (adulti, ragazzi, bambini). Alle 8 ritrovo adulti e assegnazioni di aree di pulizia, 845 ritrovo ragazzi e bambini. 12.30 pranzo per tutti i partecipanti al Nof Filo&#8217;\u00a0 L\u2019attrezzatura necessaria (sacchi, guanti) verr\u00e0 fornita da Valpe Ambiente. Le immondizie saranno poi conferite all\u2019ecocentro dove sar\u00e0 allestito un punto di raccolta apposito. In caso di maltempo la giornata sar\u00e0 posticipata a Domenica 16 Aprile. Informazioni, Ervin Lazzarini 347 8802294<\/p>\n<p>&nbsp;<\/p>\n<p>&nbsp;<\/p>\n<hr \/>\n<p>&nbsp;<\/p>\n<p>&nbsp;<\/p>\n<blockquote>\n<h2>CHE SORPRESA A PASQUA!<\/h2>\n<h3><em>LA SCUOLA DI SCI E SNOWBOARD EQUIPE FALCADE PROMUOVE OFFERTE&#8230;DA GIORNI DI FESTA<\/em><\/h3>\n<\/blockquote>\n<p><strong>FINO AL 10 APRILE<\/strong>, SUPER SUN: prenota 3 ore di lezione privata paghi solo 2 ore <strong>DAL 6 AL 10 APRILE,<\/strong> corso collettivo per\u00a0 bambini ed adulti\u00a0 tutti i livelli\u00a0 dalle 10 alle 13 \u2013 non \u00e8 obbligatoria l\u2019iscrizione per tutti i 5 giorni si accettano prenotazione anche parziali pasqua a FALCADE, LE VANTAGGIOSE PROPOSTE DELLA SCUOLA SCI E SNOWBOARD EQUIPE FALCADE INFO 0437\/599616 \u2013 mail <a href=\"mailto:info@scuolasciequipe.it\">info@scuolasciequipe.it<\/a><\/p>\n\n\t\t\t<style type='text\/css'>\n\t\t\t\t#gallery-5 {\n\t\t\t\t\tmargin: auto;\n\t\t\t\t}\n\t\t\t\t#gallery-5 .gallery-item {\n\t\t\t\t\tfloat: left;\n\t\t\t\t\tmargin-top: 10px;\n\t\t\t\t\ttext-align: center;\n\t\t\t\t\twidth: 50%;\n\t\t\t\t}\n\t\t\t\t#gallery-5 img {\n\t\t\t\t\tborder: 2px solid #cfcfcf;\n\t\t\t\t}\n\t\t\t\t#gallery-5 .gallery-caption {\n\t\t\t\t\tmargin-left: 0;\n\t\t\t\t}\n\t\t\t\t\/* see gallery_shortcode() in wp-includes\/media.php *\/\n\t\t\t<\/style>\n\t\t<div id='gallery-5' class='dt-gallery-container gallery galleryid-328605 gallery-columns-2 gallery-size-thumbnail'><dl class='gallery-item'>\n\t\t\t\t<dt class='gallery-icon portrait'>\n\t\t\t\t\t<a class=\"rollover rollover-zoom dt-pswp-item\" title=\"Corso di pasqua 2023\" data-dt-img-description=\"\" data-large_image_width=\"1810\" data-large_image_height=\"2560\"href='https:\/\/www.radiopiu.net\/wordpress\/wp-content\/uploads\/2023\/03\/Corso-di-pasqua-2023-scaled.jpg'><img loading=\"lazy\" decoding=\"async\" width=\"150\" height=\"150\" src=\"https:\/\/www.radiopiu.net\/wordpress\/wp-content\/uploads\/2023\/03\/Corso-di-pasqua-2023-150x150.jpg\" class=\"attachment-thumbnail size-thumbnail\" alt=\"\" \/><\/a>\n\t\t\t\t<\/dt><\/dl><dl class='gallery-item'>\n\t\t\t\t<dt class='gallery-icon landscape'>\n\t\t\t\t\t<a class=\"rollover rollover-zoom dt-pswp-item\" title=\"EQUIPE SUPER SUN 2023\" data-dt-img-description=\"\" data-large_image_width=\"2067\" data-large_image_height=\"738\"href='https:\/\/www.radiopiu.net\/wordpress\/wp-content\/uploads\/2023\/03\/EQUIPE-SUPER-SUN-2023.jpg'><img loading=\"lazy\" decoding=\"async\" width=\"150\" height=\"150\" src=\"https:\/\/www.radiopiu.net\/wordpress\/wp-content\/uploads\/2023\/03\/EQUIPE-SUPER-SUN-2023-150x150.jpg\" class=\"attachment-thumbnail size-thumbnail\" alt=\"\" \/><\/a>\n\t\t\t\t<\/dt><\/dl><br style=\"clear: both\" \/>\n\t\t\t<\/div>\n\n<p>&nbsp;<\/p>\n<hr \/>\n<p>&nbsp;<\/p>\n<p>&nbsp;<\/p>\n<blockquote class=\"wp-embedded-content\" data-secret=\"EKWr47tSDB\"><p><a href=\"https:\/\/www.radiopiu.net\/wordpress\/a-danzarfortuna-2023-la-lotteria-dellada-ecco-i-biglietti-vincenti\/\">A DANZARFORTUNA 2023,  LA LOTTERIA DELL&#8217;ADA ECCO I BIGLIETTI VINCENTI<\/a><\/p><\/blockquote>\n<p><iframe loading=\"lazy\" class=\"wp-embedded-content\" sandbox=\"allow-scripts\" security=\"restricted\" style=\"position: absolute; clip: rect(1px, 1px, 1px, 1px);\" title=\"&#8220;A DANZARFORTUNA 2023,  LA LOTTERIA DELL&#8217;ADA ECCO I BIGLIETTI VINCENTI&#8221; &#8212; Radio Pi\u00f9\" src=\"https:\/\/www.radiopiu.net\/wordpress\/a-danzarfortuna-2023-la-lotteria-dellada-ecco-i-biglietti-vincenti\/embed\/#?secret=fnx0jG0ECD#?secret=EKWr47tSDB\" data-secret=\"EKWr47tSDB\" width=\"600\" height=\"338\" frameborder=\"0\" marginwidth=\"0\" marginheight=\"0\" scrolling=\"no\"><\/iframe><\/p>\n<p>&nbsp;<\/p>\n<p>&nbsp;<\/p>\n<hr \/>\n<p>&nbsp;<\/p>\n<h2 style=\"text-align: left;\"><span style=\"color: #000000;\"><em>L&#8217;EVENTO&#8230; DOMENICA 2 APRILE A FALCADE. &#8220;SAVE THE DATE PARTY&#8221;&#8230;OSPITE D&#8217;ECCEZIONE GIORGIO PREZIOSO<\/em><\/span><\/h2>\n<p><b>Save the date party!<\/b><br \/>\n<a dir=\"ltr\" href=\"x-apple-data-detectors:\/\/5\">DOMENICA\u00a0 2 APRILE DALLE 10.30 ALLE 16<\/a> AL RIFUGIO LARESEI<br \/>\nSPECIAL GUEST DJ&#8230; GIORGIO PREZIOSO!<br \/>\nDJ RESIDENT MORGAN E BATTAGLIA<br \/>\nINGRESSO: GRATUITO, LIBERO A TUTTI<br \/>\nAL LARESEI IN SEGGIOVIA, DA PIAN DELLA SUSSISTENZA, A PIEDI DA PASSO VALLES, SERVIZIO NAVETTA FALCADE MOLINO-CAVERSON-PIAN SUSSISTENZA.<br \/>\nDURANTE LA GIORNATA I VOLI TURISTICI IN ELICOTTERO CON ANDY<br \/>\n<b>\u00a0Save the date party!<\/b><\/p>\n<p>L&#8217;evento&#8230; e che evento!<\/p>\n<h2 style=\"text-align: left;\"><span style=\"color: #ff0000;\"><a class=\"dt-pswp-item\" href=\"https:\/\/www.radiopiu.net\/wordpress\/wp-content\/uploads\/2023\/03\/713cbcb3-9a98-4c27-90d9-75b73fd49180.jpg\" data-dt-img-description=\"\" data-large_image_width=\"722\" data-large_image_height=\"1024\"><img loading=\"lazy\" decoding=\"async\" class=\"size-medium wp-image-327365 aligncenter\" src=\"https:\/\/www.radiopiu.net\/wordpress\/wp-content\/uploads\/2023\/03\/713cbcb3-9a98-4c27-90d9-75b73fd49180-212x300.jpg\" alt=\"\" width=\"212\" height=\"300\" srcset=\"https:\/\/www.radiopiu.net\/wordpress\/wp-content\/uploads\/2023\/03\/713cbcb3-9a98-4c27-90d9-75b73fd49180-212x300.jpg 212w, https:\/\/www.radiopiu.net\/wordpress\/wp-content\/uploads\/2023\/03\/713cbcb3-9a98-4c27-90d9-75b73fd49180.jpg 722w\" sizes=\"auto, (max-width: 212px) 100vw, 212px\" \/><\/a><\/span><\/h2>\n<p>&nbsp;<\/p>\n<p>&nbsp;<\/p>\n<hr \/>\n<p>&nbsp;<\/p>\n<blockquote>\n<h3>L&#8217;ASSEMBLEA DELLA CROCE BIANCA DI LIVINALLONGO<\/h3>\n<\/blockquote>\n<p><strong>LIVINALLONGO<\/strong> E&#8217; in programma il 14 aprile alle 19:30\u00a0 l&#8217;assemblea generale della Croce Bianca Livinallongo. I soci si ritroveranno alla sala Bo\u00e8 di Arabba per parlare del resoconto delle attivit\u00e0 dello scorso anno, l&#8217;elezione dei delegati e l&#8217;intervento del responsabile gruppo giovani. L&#8217;occasione anche per consegnare le onorificenze e per un momento conviviale.<\/p>\n<p>&nbsp;<\/p>\n<p>&nbsp;<\/p>\n<hr \/>\n<p>&nbsp;<\/p>\n<blockquote>\n<h3>A PASQUA IL MERCATINO DI ARTE E SAPORI AD ALLEGHE<\/h3>\n<\/blockquote>\n<p><strong>ALLEGHE<\/strong> Trascorrete la Pasqua sul lungolago di Alleghe. Dal 7 aprile a Pasquetta il mercatino di Arte e sapori vi aspetta. Colori profumi artigianato, curiosit\u00e0, e tipicit\u00e0 regionali . Troverete fritture di pesce, panini con porchetta, salumi, formaggi, olive, taralli, gastronomia siciliana e anche frittelle e caramelle, ammirando curiosit\u00e0 artigianali. Dal 7 aprile a Pasquetta il mercatino di arti e sapori vi aspetta<\/p>\n<p>&nbsp;<\/p>\n<p>&nbsp;<\/p>\n<hr \/>\n<p>&nbsp;<\/p>\n<blockquote>\n<h3>L&#8217;ASSEMBLEA DEL COMITATO DI GEMELLAGGIO DI AGORDO<\/h3>\n<\/blockquote>\n<p><strong>AGORDO<\/strong> \u00c8 in programma per domani alle 20:30 nella saletta del Bar Schenot l&#8217;assemblea annuale del Comitato di Gemellaggio di Agordo. Tra i punti da discutere la rendicontazione del 2022 e l&#8217;approvazione del bilancio, il rinnovo del tesseramento e il viaggio a Dolomieu dal 28 aprile al 1 maggio.<\/p>\n<p>&nbsp;<\/p>\n<p>&nbsp;<\/p>\n<hr \/>\n<p>&nbsp;<\/p>\n<h3><a class=\"dt-pswp-item\" href=\"https:\/\/www.radiopiu.net\/wordpress\/wp-content\/uploads\/2023\/03\/CORO-BYV-con-il-Direttore-Radmila-Visentin-scaled.jpg\" data-dt-img-description=\"\" data-large_image_width=\"2560\" data-large_image_height=\"1440\"><img loading=\"lazy\" decoding=\"async\" class=\" wp-image-328627 alignleft\" src=\"https:\/\/www.radiopiu.net\/wordpress\/wp-content\/uploads\/2023\/03\/CORO-BYV-con-il-Direttore-Radmila-Visentin-300x169.jpg\" alt=\"\" width=\"197\" height=\"111\" srcset=\"https:\/\/www.radiopiu.net\/wordpress\/wp-content\/uploads\/2023\/03\/CORO-BYV-con-il-Direttore-Radmila-Visentin-300x169.jpg 300w, https:\/\/www.radiopiu.net\/wordpress\/wp-content\/uploads\/2023\/03\/CORO-BYV-con-il-Direttore-Radmila-Visentin-1024x576.jpg 1024w, https:\/\/www.radiopiu.net\/wordpress\/wp-content\/uploads\/2023\/03\/CORO-BYV-con-il-Direttore-Radmila-Visentin-768x432.jpg 768w, https:\/\/www.radiopiu.net\/wordpress\/wp-content\/uploads\/2023\/03\/CORO-BYV-con-il-Direttore-Radmila-Visentin-1536x864.jpg 1536w, https:\/\/www.radiopiu.net\/wordpress\/wp-content\/uploads\/2023\/03\/CORO-BYV-con-il-Direttore-Radmila-Visentin-2048x1152.jpg 2048w\" sizes=\"auto, (max-width: 197px) 100vw, 197px\" \/><\/a>DALLA GUERRA ALLA PACE&#8230;IL CONCERTO A BELLUNO<\/h3>\n<p><strong>BELLUNO <\/strong>\u201cDalla guerra alla Pace\u201d \u00e8 il tema del concerto corale organizzato dall\u2019Associazione Culturale Arte Nuova, presso la sala polifunzionale dell\u2019Istituto Salesiano Agosti a Belluno, sabato 1 aprile 2023 ore 20:45. Saranno protagonisti il Gruppo \u201cSolo Voci\u201d coro maschile di Feltre ospite del Coro Belluno Young Voices. L\u2019evento vuole essere un\u2019occasione di aggregazione sociale e promozione del valore universale della pace.<\/p>\n<p>&nbsp;<\/p>\n<p>&nbsp;<\/p>\n<hr \/>\n<p>&nbsp;<\/p>\n<blockquote>\n<h3>DOMENICA IL CONCERTO DI INAUGURAZIONE DEL CONCORSO MUSICALE NAZIONALE A BELLUNO<\/h3>\n<\/blockquote>\n<p><strong>BELLUNO<\/strong> Si svolger\u00e0 domenica alle 18 al teatro Comunale di Belluno il concerto inaugurale del Concorso Musicale Nazionale Citt\u00e0 di Belluno. Al concerto si esibiranno alcuni vincitori dell&#8217;edizione 2022 e alcuni piccoli talenti dell&#8217;edizione 2023. Il concorso \u00e8 organizzato dall&#8217;Associazione Gocce di Sole Aps in collaborazione con il Comune di Belluno, la Fondazione Teatri Delle Dolomiti e la Banca Prealpi Sanbiagio e si svolger\u00e0 dal 2 al 21 maggio.<\/p>\n<p>&nbsp;<\/p>\n<p>&nbsp;<\/p>\n<hr \/>\n<p>&nbsp;<\/p>\n<div>\n<div class=\"b654a4as d2edcug0\">\n<div class=\"rq0escxv hkbzh7o3 jwdofwj8 n8tt0mok r8blr3vg hyh9befq\">\n<p><a class=\"dt-pswp-item\" href=\"https:\/\/www.radiopiu.net\/wordpress\/wp-content\/uploads\/2020\/10\/pp.jpg\" data-dt-img-description=\"\" data-large_image_width=\"640\" data-large_image_height=\"640\"><img loading=\"lazy\" decoding=\"async\" class=\"wp-image-163678 alignleft\" src=\"https:\/\/www.radiopiu.net\/wordpress\/wp-content\/uploads\/2020\/10\/pp-300x300.jpg\" alt=\"\" width=\"106\" height=\"106\" srcset=\"https:\/\/www.radiopiu.net\/wordpress\/wp-content\/uploads\/2020\/10\/pp-300x300.jpg 300w, https:\/\/www.radiopiu.net\/wordpress\/wp-content\/uploads\/2020\/10\/pp-150x150.jpg 150w, https:\/\/www.radiopiu.net\/wordpress\/wp-content\/uploads\/2020\/10\/pp-125x125.jpg 125w, https:\/\/www.radiopiu.net\/wordpress\/wp-content\/uploads\/2020\/10\/pp-200x200.jpg 200w, https:\/\/www.radiopiu.net\/wordpress\/wp-content\/uploads\/2020\/10\/pp-80x80.jpg 80w, https:\/\/www.radiopiu.net\/wordpress\/wp-content\/uploads\/2020\/10\/pp-480x480.jpg 480w, https:\/\/www.radiopiu.net\/wordpress\/wp-content\/uploads\/2020\/10\/pp.jpg 640w\" sizes=\"auto, (max-width: 106px) 100vw, 106px\" \/><\/a><\/p>\n<\/div>\n<\/div>\n<\/div>\n<div>\n<div class=\"page-title-head hgroup\">\n<div class=\"page-title-head hgroup\">\n<div class=\"b654a4as d2edcug0\">\n<div class=\"j83agx80 btwxx1t3 lhclo0ds hop8lmos nkwizq5d scwd0bx6 roh60bw9\">\n<div class=\"rq0escxv hkbzh7o3 jwdofwj8 n8tt0mok r8blr3vg hyh9befq\">\n<div class=\"do00u71z l9j0dhe7 k4urcfbm\" style=\"text-align: left;\">\n<h2><span style=\"color: #000080;\">DON CESARE, IL PENSIERO DEL GIORNO. ALLA RADIO ALLE 7 DEL MATTINO E ALLE 19.30 DELLA SERA\u00a0<\/span><\/h2>\n<p>&nbsp;<\/p>\n<\/div>\n<\/div>\n<\/div>\n<\/div>\n<\/div>\n<\/div>\n<\/div>\n<audio class=\"wp-audio-shortcode\" id=\"audio-328605-13\" preload=\"none\" style=\"width: 100%;\" controls=\"controls\"><source type=\"audio\/mpeg\" src=\"https:\/\/www.radiopiu.net\/wordpress\/wp-content\/uploads\/2023\/03\/CESARE-22.mp3?_=13\" \/><a href=\"https:\/\/www.radiopiu.net\/wordpress\/wp-content\/uploads\/2023\/03\/CESARE-22.mp3\">https:\/\/www.radiopiu.net\/wordpress\/wp-content\/uploads\/2023\/03\/CESARE-22.mp3<\/a><\/audio>\n<p>&nbsp;<\/p>\n<p>&nbsp;<\/p>\n<hr \/>\n<p>&nbsp;<\/p>\n<h2><span style=\"color: #ff00ff;\">IN VIVO VERSO\u00a0 \u00a0 <\/span><\/h2>\n<blockquote>\n<h2><strong> OVUNQUE\u00a0 di PAOLO CAIANIELLO<\/strong><\/h2>\n<\/blockquote>\n<p><strong>AUDIO<\/strong><\/p>\n<audio class=\"wp-audio-shortcode\" id=\"audio-328605-14\" preload=\"none\" style=\"width: 100%;\" controls=\"controls\"><source type=\"audio\/mpeg\" src=\"https:\/\/www.radiopiu.net\/wordpress\/wp-content\/uploads\/2021\/03\/01-PAOLO-CAIANELLO-OVUNQUE.mp3?_=14\" \/><a href=\"https:\/\/www.radiopiu.net\/wordpress\/wp-content\/uploads\/2021\/03\/01-PAOLO-CAIANELLO-OVUNQUE.mp3\">https:\/\/www.radiopiu.net\/wordpress\/wp-content\/uploads\/2021\/03\/01-PAOLO-CAIANELLO-OVUNQUE.mp3<\/a><\/audio>\n<p>&nbsp;<\/p>\n<p><a class=\"dt-pswp-item\" href=\"https:\/\/www.radiopiu.net\/wordpress\/wp-content\/uploads\/2023\/03\/1-PAOO-CAIANIELLO.jpg\" data-dt-img-description=\"\" data-large_image_width=\"960\" data-large_image_height=\"958\"><img loading=\"lazy\" decoding=\"async\" class=\"wp-image-328719 alignleft\" src=\"https:\/\/www.radiopiu.net\/wordpress\/wp-content\/uploads\/2023\/03\/1-PAOO-CAIANIELLO-300x300.jpg\" alt=\"\" width=\"146\" height=\"146\" srcset=\"https:\/\/www.radiopiu.net\/wordpress\/wp-content\/uploads\/2023\/03\/1-PAOO-CAIANIELLO-300x300.jpg 300w, https:\/\/www.radiopiu.net\/wordpress\/wp-content\/uploads\/2023\/03\/1-PAOO-CAIANIELLO-150x150.jpg 150w, https:\/\/www.radiopiu.net\/wordpress\/wp-content\/uploads\/2023\/03\/1-PAOO-CAIANIELLO-768x766.jpg 768w, https:\/\/www.radiopiu.net\/wordpress\/wp-content\/uploads\/2023\/03\/1-PAOO-CAIANIELLO.jpg 960w\" sizes=\"auto, (max-width: 146px) 100vw, 146px\" \/><\/a><\/p>\n<p><strong>Paolo Caianiello<\/strong><br \/>\n<strong>OVUNQUE\u00a0<\/strong><\/p>\n<p>Seguo tracce mentali<br \/>\nChe portano al niente<br \/>\nE dal niente arrivo ovunque<br \/>\nE nell\u2019ovunque ci resto<br \/>\ncome se fosse un luogo<br \/>\ndi un appuntamento<br \/>\nE allora aspetto<br \/>\nLa pioggia<br \/>\nLa neve<br \/>\nIl temporale<br \/>\nL\u2019alba<br \/>\nL\u20198 marzo<br \/>\nLa tua voce<br \/>\nIl cielo blu<br \/>\nLe rondini<br \/>\nIl tuo sorriso<br \/>\nE ovunque non \u00e8 un luogo<br \/>\nOvunque \u00e8 sempre lontano dall\u2019altrove.<br \/>\nTroppo lontano dal tuo cuore.<\/p>\n<p><strong>LA RACCOLTA COMPLETA<\/strong><\/p>\n<div dir=\"auto\">\n<div dir=\"auto\">\n<div dir=\"auto\">\n<div dir=\"auto\">\n<div dir=\"auto\">\n<div dir=\"auto\">\n<blockquote class=\"wp-embedded-content\" data-secret=\"sLpKMQThuQ\"><p><a href=\"https:\/\/www.radiopiu.net\/wordpress\/in-vivo-verso\/\">In Vivo Verso<\/a><\/p><\/blockquote>\n<p><iframe loading=\"lazy\" class=\"wp-embedded-content\" sandbox=\"allow-scripts\" security=\"restricted\" style=\"position: absolute; clip: rect(1px, 1px, 1px, 1px);\" title=\"&#8220;In Vivo Verso&#8221; &#8212; Radio Pi\u00f9\" src=\"https:\/\/www.radiopiu.net\/wordpress\/in-vivo-verso\/embed\/#?secret=1pguCZkYGI#?secret=sLpKMQThuQ\" data-secret=\"sLpKMQThuQ\" width=\"600\" height=\"338\" frameborder=\"0\" marginwidth=\"0\" marginheight=\"0\" scrolling=\"no\"><\/iframe><\/p>\n<\/div>\n<\/div>\n<\/div>\n<\/div>\n<\/div>\n<\/div>\n<hr \/>\n<p>&nbsp;<\/p>\n<h2><span style=\"color: #008080;\">GOCCE DI FILOSOFIA\u00a0<\/span><\/h2>\n<div class=\"page-title-head hgroup\">\n<h3 class=\"entry-title\">GOCCE DI FILOSOFIA \u2013 PUNTATA 276 \u2013 CHIARA CAU<\/h3>\n<audio class=\"wp-audio-shortcode\" id=\"audio-328605-15\" preload=\"none\" style=\"width: 100%;\" controls=\"controls\"><source type=\"audio\/mpeg\" src=\"https:\/\/www.radiopiu.net\/wordpress\/wp-content\/uploads\/2023\/03\/FI1-2.mp3?_=15\" \/><a href=\"https:\/\/www.radiopiu.net\/wordpress\/wp-content\/uploads\/2023\/03\/FI1-2.mp3\">https:\/\/www.radiopiu.net\/wordpress\/wp-content\/uploads\/2023\/03\/FI1-2.mp3<\/a><\/audio>\n<h3 class=\"entry-title\"><\/h3>\n<\/div>\n<div class=\"page-title-breadcrumbs\"><\/div>\n<p>&nbsp;<\/p>\n<p>LA RACCOLTA COMPLETA<\/p>\n<blockquote class=\"wp-embedded-content\" data-secret=\"JxItucG3JI\"><p><a href=\"https:\/\/www.radiopiu.net\/wordpress\/gocce-filosofia\/\">Gocce di filosofia,  LA TERZA STAGIONE&#8230; 2023<\/a><\/p><\/blockquote>\n<p><iframe loading=\"lazy\" class=\"wp-embedded-content\" sandbox=\"allow-scripts\" security=\"restricted\" style=\"position: absolute; clip: rect(1px, 1px, 1px, 1px);\" title=\"&#8220;Gocce di filosofia,  LA TERZA STAGIONE&#8230; 2023&#8221; &#8212; Radio Pi\u00f9\" src=\"https:\/\/www.radiopiu.net\/wordpress\/gocce-filosofia\/embed\/#?secret=Z4rPiAFkfn#?secret=JxItucG3JI\" data-secret=\"JxItucG3JI\" width=\"600\" height=\"338\" frameborder=\"0\" marginwidth=\"0\" marginheight=\"0\" scrolling=\"no\"><\/iframe><\/p>\n<p>&nbsp;<\/p>\n<p>&nbsp;<\/p>\n<hr \/>\n<p>&nbsp;<\/p>\n<h2><strong><a class=\"dt-pswp-item\" href=\"https:\/\/www.radiopiu.net\/wordpress\/wp-content\/uploads\/2019\/05\/ALLEGHE-DANILO-DE-TONI.jpeg\" data-dt-img-description=\"\" data-large_image_width=\"1373\" data-large_image_height=\"1600\"><img loading=\"lazy\" decoding=\"async\" class=\" wp-image-86463 alignleft\" src=\"https:\/\/www.radiopiu.net\/wordpress\/wp-content\/uploads\/2019\/05\/ALLEGHE-DANILO-DE-TONI-257x300.jpeg\" alt=\"\" width=\"155\" height=\"181\" srcset=\"https:\/\/www.radiopiu.net\/wordpress\/wp-content\/uploads\/2019\/05\/ALLEGHE-DANILO-DE-TONI-257x300.jpeg 257w, https:\/\/www.radiopiu.net\/wordpress\/wp-content\/uploads\/2019\/05\/ALLEGHE-DANILO-DE-TONI-768x895.jpeg 768w, https:\/\/www.radiopiu.net\/wordpress\/wp-content\/uploads\/2019\/05\/ALLEGHE-DANILO-DE-TONI-879x1024.jpeg 879w, https:\/\/www.radiopiu.net\/wordpress\/wp-content\/uploads\/2019\/05\/ALLEGHE-DANILO-DE-TONI.jpeg 1373w\" sizes=\"auto, (max-width: 155px) 100vw, 155px\" \/><\/a><\/strong><span style=\"color: #99cc00;\">LA RASSEGNA STAMPA DA L&#8217;AMICO DEL POPOLO<\/span><\/h2>\n<p><strong>di Gianni Santomaso<\/strong><\/p>\n<p>OSPITE: Danilo De Toni, Sindaco di Alleghe<\/p>\n<audio class=\"wp-audio-shortcode\" id=\"audio-328605-16\" preload=\"none\" style=\"width: 100%;\" controls=\"controls\"><source type=\"audio\/mpeg\" src=\"https:\/\/www.radiopiu.net\/wordpress\/wp-content\/uploads\/2023\/03\/RASSEGNA-GIANNI-3.mp3?_=16\" \/><a href=\"https:\/\/www.radiopiu.net\/wordpress\/wp-content\/uploads\/2023\/03\/RASSEGNA-GIANNI-3.mp3\">https:\/\/www.radiopiu.net\/wordpress\/wp-content\/uploads\/2023\/03\/RASSEGNA-GIANNI-3.mp3<\/a><\/audio>\n<p>&nbsp;<\/p>\n<hr \/>\n<p>&nbsp;<\/p>\n<h2><span style=\"color: #008080;\">I RACCONTI DI PAOLO SOPPELSA<\/span><\/h2>\n<p><strong>VENERDI SERA<\/strong><\/p>\n<p><strong>AUDIO<\/strong><\/p>\n<audio class=\"wp-audio-shortcode\" id=\"audio-328605-17\" preload=\"none\" style=\"width: 100%;\" controls=\"controls\"><source type=\"audio\/mpeg\" src=\"https:\/\/www.radiopiu.net\/wordpress\/wp-content\/uploads\/2023\/03\/PAOLO-SOPPELSA-VENERDI-SERA.mp3?_=17\" \/><a href=\"https:\/\/www.radiopiu.net\/wordpress\/wp-content\/uploads\/2023\/03\/PAOLO-SOPPELSA-VENERDI-SERA.mp3\">https:\/\/www.radiopiu.net\/wordpress\/wp-content\/uploads\/2023\/03\/PAOLO-SOPPELSA-VENERDI-SERA.mp3<\/a><\/audio>\n<p>&nbsp;<\/p>\n<p><a class=\"dt-pswp-item\" href=\"https:\/\/www.radiopiu.net\/wordpress\/wp-content\/uploads\/2023\/03\/40df9bf9-454f-4e4b-9d50-bd31ee0b59d4.jpg\" data-dt-img-description=\"\" data-large_image_width=\"1080\" data-large_image_height=\"810\"><img loading=\"lazy\" decoding=\"async\" class=\" wp-image-328503 alignleft\" src=\"https:\/\/www.radiopiu.net\/wordpress\/wp-content\/uploads\/2023\/03\/40df9bf9-454f-4e4b-9d50-bd31ee0b59d4-300x225.jpg\" alt=\"\" width=\"149\" height=\"112\" srcset=\"https:\/\/www.radiopiu.net\/wordpress\/wp-content\/uploads\/2023\/03\/40df9bf9-454f-4e4b-9d50-bd31ee0b59d4-300x225.jpg 300w, https:\/\/www.radiopiu.net\/wordpress\/wp-content\/uploads\/2023\/03\/40df9bf9-454f-4e4b-9d50-bd31ee0b59d4-1024x768.jpg 1024w, https:\/\/www.radiopiu.net\/wordpress\/wp-content\/uploads\/2023\/03\/40df9bf9-454f-4e4b-9d50-bd31ee0b59d4-768x576.jpg 768w, https:\/\/www.radiopiu.net\/wordpress\/wp-content\/uploads\/2023\/03\/40df9bf9-454f-4e4b-9d50-bd31ee0b59d4.jpg 1080w\" sizes=\"auto, (max-width: 149px) 100vw, 149px\" \/><\/a>Quando l&#8217;inverno \u00e8 ormai terminato arriva il tempo delle delicate nostalgie per quei fine settimana passati a Cencenighe. Guardo la &#8220;pila de legne&#8221; che \u00e8 calata ma pensavo peggio e nel frattempo mi scaldo al sole di inizio primavera pensando ai giorni andati, a quando, il venerd\u00ec, dopo un salto veloce a casa a Belluno per una doccia e carico bagagli, arrivavo in riva al Biois alle diciotto meno dieci che era gi\u00e0 buio profondo. Trentacinque minuti di viaggio lungo la Strada Madre punteggiata di fari e poi finalmente l&#8217;approdo sotto al Pelsa; l&#8217;alzare le levette della corrente, accensione boiler e frigo e poi la spesa. Il formaggio, l&#8217;aranciata, i canederli, la pasta e la porchetta e latte e pane con l&#8217;uvetta per la colazione. E poi di nuovo a casa; Cencenighe d&#8217;inverno \u00e8 avaro di sole e poi c&#8217;\u00e8 il vento che raffredda i muri, cos\u00ec accade che, nei giorni pi\u00f9 freddi, il termometro in cucina segni quattro gradi e allora subito accensione del fuoco e scorta di tre ceste di legna. Mentre la stufa inizia a scaldare inizio a preparare la cena mentre la campana grande suona l&#8217;Ave Maria. Poi carico stufa e camminata &#8220;fin fora par Camp&#8221; e ritorno, che ho voglia di sentire l&#8217;aria d&#8217;inverno e ascoltare la voce dei torrenti. Rientrato a casa, un po&#8217; di televisione guardata un po&#8217; da &#8220;a pede la stua&#8221; e un po&#8217; da &#8220;su &#8216;n sof\u00e0 sot la cuerta&#8221;. E intanto i gradi sono saliti addirittura fino a quota dodici e rispetto a quando sono arrivato sembra perfino caldo. Quando la stufa \u00e8 ormai rovente recupero dalla camera il cuscino e il pigiama e li sistemo su una sedia accanto ad essa, cos\u00ec quando sar\u00e0 ora &#8220;de tirase &#8216;n te let&#8221; saranno belli caldi; e sono momenti che mi riportano indietro di tanti anni e che rivivo sempre con gioia. Alle undici e mezza circa ultimo carico di legna nella &#8220;fornela&#8221; e poi lo spogliarsi a tempo di record e la meraviglia del pigiama riscaldato. Successiva corsa veloce s\u00f9 per le scale e arrivo in camera, dove i gradi sono mediamente sette ma anche meno; una sera di fine gennaio erano quattro, e allora ho dato un colpo di stufetta elettrica, ma \u00e8 stata l&#8217;unica volta. Bottiglia di acqua calda sotto le lenzuola felpate e poi anch&#8217;io sotto le lenzuola; fa freddo, ma niente paura, c&#8217;\u00e8 il mega piumone che fu dei nonni, di penna vera, e dopo tre minuti sono gi\u00e0 nel sonno pi\u00f9 profondo. Al mattino occorre uscire dal letto di corsa e correre in bagno, dove i gradi sono forse dieci, ma niente panico; sono cose gi\u00e0 vissute in giovent\u00f9, e il fisico ha memoria e infatti non ho mai preso un raffreddore e nemmeno una linea di febbre. Poi, una volta arrivato in cucina e rianimato il fuoco, tutto prende una piega pi\u00f9 normale. Alla sera si sta che \u00e8 un sogno in compagnia del fuoco, del mormorare del Biois e della campana che scandisce le ore e le mezze ore. Ora, mentre la primavera bussa alla porta e quando arrivo trovo almeno dieci gradi, provo un po&#8217; di nostalgia per questi venerd\u00ec sera un po&#8217; &#8220;avventurosi&#8221; che mi riportano indietro nel tempo, a quando, in certe notti d&#8217;autunno inoltrato, dormivo sotto lo stesso piumone ascoltando la stessa campana. Certe sere, quando si gelava sul serio, a volte mi ponevo la domanda &#8220;ma chi te lo falo f\u00e0 de te ciap\u00e0 zerte ingiazade&#8221;; \u00e8 il bisogno di ascoltare quell&#8217;acqua che scorre e quella campana che suona, \u00e8 la necessit\u00e0 di ritrovare sensazioni e ricordi che fanno sentire bene. Li vivevo cos\u00ec quei venerd\u00ec sera d&#8217;inverno; un vivere semplice, non sempre facile ma sicuramente bellissimo.<\/p>\n<p>&nbsp;<\/p>\n<p>&nbsp;<\/p>\n<hr \/>\n<p>&nbsp;<\/p>\n<div class=\"column\">\n<p><img loading=\"lazy\" decoding=\"async\" class=\"aligncenter wp-image-61954 size-full\" src=\"https:\/\/www.radiopiu.net\/wordpress\/wp-content\/uploads\/2018\/09\/viabilita.jpeg\" sizes=\"auto, (max-width: 800px) 100vw, 800px\" srcset=\"https:\/\/www.radiopiu.net\/wordpress\/wp-content\/uploads\/2018\/09\/viabilita.jpeg 800w, https:\/\/www.radiopiu.net\/wordpress\/wp-content\/uploads\/2018\/09\/viabilita-300x38.jpeg 300w, https:\/\/www.radiopiu.net\/wordpress\/wp-content\/uploads\/2018\/09\/viabilita-768x96.jpeg 768w\" alt=\"\" width=\"800\" height=\"100\" \/><\/p>\n<p>&nbsp;<\/p>\n<blockquote class=\"wp-embedded-content\" data-secret=\"VGaqKLCGRd\"><p><a href=\"https:\/\/www.radiopiu.net\/wordpress\/viabilita\/\">viabilita<\/a><\/p><\/blockquote>\n<p><iframe loading=\"lazy\" class=\"wp-embedded-content\" sandbox=\"allow-scripts\" security=\"restricted\" style=\"position: absolute; clip: rect(1px, 1px, 1px, 1px);\" title=\"&#8220;viabilita&#8221; &#8212; Radio Pi\u00f9\" src=\"https:\/\/www.radiopiu.net\/wordpress\/viabilita\/embed\/#?secret=MTBqLcaf2N#?secret=VGaqKLCGRd\" data-secret=\"VGaqKLCGRd\" width=\"600\" height=\"338\" frameborder=\"0\" marginwidth=\"0\" marginheight=\"0\" scrolling=\"no\"><\/iframe><\/p>\n<div>\n<div dir=\"ltr\">\n<div class=\"gmail_quote\">\n<div dir=\"ltr\">\n<div class=\"gmail_quote\"><\/div>\n<\/div>\n<\/div>\n<\/div>\n<\/div>\n<p>&nbsp;<\/p>\n<hr \/>\n<p>&nbsp;<\/p>\n<p><a class=\"dt-pswp-item\" href=\"https:\/\/www.radiopiu.net\/wordpress\/wp-content\/uploads\/2018\/09\/WhatsApp-Image-2018-09-20-at-16.04.06.jpeg\" data-dt-img-description=\"\" data-large_image_width=\"800\" data-large_image_height=\"100\"><img loading=\"lazy\" decoding=\"async\" class=\"wp-image-61378 size-full aligncenter\" src=\"https:\/\/www.radiopiu.net\/wordpress\/wp-content\/uploads\/2018\/09\/WhatsApp-Image-2018-09-20-at-16.04.06.jpeg\" alt=\"\" width=\"800\" height=\"100\" srcset=\"https:\/\/www.radiopiu.net\/wordpress\/wp-content\/uploads\/2018\/09\/WhatsApp-Image-2018-09-20-at-16.04.06.jpeg 800w, https:\/\/www.radiopiu.net\/wordpress\/wp-content\/uploads\/2018\/09\/WhatsApp-Image-2018-09-20-at-16.04.06-300x38.jpeg 300w, https:\/\/www.radiopiu.net\/wordpress\/wp-content\/uploads\/2018\/09\/WhatsApp-Image-2018-09-20-at-16.04.06-768x96.jpeg 768w\" sizes=\"auto, (max-width: 800px) 100vw, 800px\" \/><\/a><\/p>\n<p>&nbsp;<\/p>\n<p><center><b>OGGI<\/b><\/center><b>Tempo atteso: <\/b>Tempo ben soleggiato con cielo terso, aria limpida e ottima visibilit\u00e0 al mattino, mentre sottili nubi alte giungeranno al pomeriggio. Nel tardo pomeriggio\/sera arrivo di nuvolosit\u00e0 medio-alta un po&#8217; pi\u00f9 significativa sulle Dolomiti. Il freddo sar\u00e0 onnipresente, addirittura pungente in alta quota al mattino, dove la ventilazione determiner\u00e0 un marcato effetto congelante (wind chill).<br \/>\n<b>Precipitazioni: <\/b>Assenti (0%).<br \/>\n<b>Temperature: <\/b>In generale diminuzione a tutte le quote, con diffuse gelate notturne, anche intense in alta montagna e nelle valli innevate.<\/p>\n<hr \/>\n<p><center><b>DOMANI<\/b><\/center><b>Tempo atteso: <\/b>Al mattino parzialmente soleggiato con alternanza di tratti di cielo sereno e transito di sottili nubi alte. In seguito nuvolosit\u00e0 medio-alta stratiforme un po&#8217; pi\u00f9 presente tant&#8217;\u00e8 che la nuvolosit\u00e0 predominer\u00e0 sul sole al pomeriggio. Atmosfera decisamente meno fredda, nonostante il deficit di sole.<br \/>\n<b>Precipitazioni: <\/b>Assenti (0%).<br \/>\n<b>Temperature: <\/b>In generale ripresa, pi\u00f9 marcata in alta quota.<\/p>\n<hr \/>\n<p><center><b>GIOVEDI<\/b><\/center>Tempo variabile con molte nubi stratiformi e limitate chance di schiarite. Alla sera intensificazione della nuvolosit\u00e0 con deboli precipitazioni, pi\u00f9 probabili sulle bellunese, meno altrove, nevose oltre i 1800-1900 m. Temperature in ulteriore rialzo.<\/p>\n<hr \/>\n<p><center><b>VENERDI<\/b><\/center>Sole e velature al mattino, poi aumento della nuvolosit\u00e0 con probabili nuove piogge al pomeriggio\/sera. il limite neve sar\u00e0 oltre i 1600-1700 m sulle Dolomiti e 2000 m sulle Prealpi. Temperature in generale diminuzione.<\/p>\n<\/div>\n<p><center><\/center><center><\/center><center><\/center>&nbsp;<\/p>\n<blockquote class=\"wp-embedded-content\" data-secret=\"YgL38PJVY4\"><p><a href=\"https:\/\/www.radiopiu.net\/wordpress\/torna-la-neve-sulle-cime-dolomitiche-il-bollettino-neve-al-suolo\/\">TORNA LA NEVE SULLE CIME DOLOMITICHE. IL BOLLETTINO NEVE AL SUOLO<\/a><\/p><\/blockquote>\n<p><iframe loading=\"lazy\" class=\"wp-embedded-content\" sandbox=\"allow-scripts\" security=\"restricted\" style=\"position: absolute; clip: rect(1px, 1px, 1px, 1px);\" title=\"&#8220;TORNA LA NEVE SULLE CIME DOLOMITICHE. IL BOLLETTINO NEVE AL SUOLO&#8221; &#8212; Radio Pi\u00f9\" src=\"https:\/\/www.radiopiu.net\/wordpress\/torna-la-neve-sulle-cime-dolomitiche-il-bollettino-neve-al-suolo\/embed\/#?secret=rdTPQooXQK#?secret=YgL38PJVY4\" data-secret=\"YgL38PJVY4\" width=\"600\" height=\"338\" frameborder=\"0\" marginwidth=\"0\" marginheight=\"0\" scrolling=\"no\"><\/iframe><\/p>\n<p>&nbsp;<\/p>\n<hr \/>\n<p>&nbsp;<\/p>\n<p><a class=\"dt-pswp-item\" href=\"https:\/\/www.radiopiu.net\/wordpress\/wp-content\/uploads\/2018\/09\/sport.jpg\" data-dt-img-description=\"\" data-large_image_width=\"800\" data-large_image_height=\"100\"><img loading=\"lazy\" decoding=\"async\" class=\"aligncenter wp-image-60761 size-full\" src=\"https:\/\/www.radiopiu.net\/wordpress\/wp-content\/uploads\/2018\/09\/sport.jpg\" alt=\"\" width=\"800\" height=\"100\" srcset=\"https:\/\/www.radiopiu.net\/wordpress\/wp-content\/uploads\/2018\/09\/sport.jpg 800w, https:\/\/www.radiopiu.net\/wordpress\/wp-content\/uploads\/2018\/09\/sport-300x38.jpg 300w, https:\/\/www.radiopiu.net\/wordpress\/wp-content\/uploads\/2018\/09\/sport-768x96.jpg 768w\" sizes=\"auto, (max-width: 800px) 100vw, 800px\" \/><\/a><\/p>\n<p>&nbsp;<\/p>\n<p><span style=\"color: #0000ff;\"><strong>CALCIO<\/strong><\/span><\/p>\n<blockquote>\n<h3>PER L&#8217;AGORDINA LA SALVEZZA MATEMATICA DIVENTA UN&#8217;IMPRESA<\/h3>\n<\/blockquote>\n<p><strong><a class=\"dt-pswp-item\" href=\"https:\/\/www.radiopiu.net\/wordpress\/wp-content\/uploads\/2019\/09\/AGORDINA-CALCIO.jpeg\" data-dt-img-description=\"\" data-large_image_width=\"225\" data-large_image_height=\"225\"><img loading=\"lazy\" decoding=\"async\" class=\" wp-image-97575 alignleft\" src=\"https:\/\/www.radiopiu.net\/wordpress\/wp-content\/uploads\/2019\/09\/AGORDINA-CALCIO.jpeg\" alt=\"\" width=\"116\" height=\"116\" srcset=\"https:\/\/www.radiopiu.net\/wordpress\/wp-content\/uploads\/2019\/09\/AGORDINA-CALCIO.jpeg 225w, https:\/\/www.radiopiu.net\/wordpress\/wp-content\/uploads\/2019\/09\/AGORDINA-CALCIO-150x150.jpeg 150w\" sizes=\"auto, (max-width: 116px) 100vw, 116px\" \/><\/a>di Marco Gaz<\/strong><\/p>\n<p><strong>REDAZIONE<\/strong> Mancano solo due partite alla fine del torneo regionale di Seconda Categoria girone T del Veneto e l&#8217;Agordina dovr\u00e0 compiere un&#8217;impresa per salvarsi matematicamente. I giochi sono ancora aperti e le altre due squadre in corsa sono il Sois e il Gemelle. La compagine di Agordo \u00e8 in penultima posizione con 19 punti. I diretti avversari sono a quota 23 (Gemelle) e 24 (Sois). Sei i punti a disposizione per la squadra allenata da Danilo Chenet e se la matematica non \u00e8 un&#8217;opinione i giochi sono ancora possibili. Naturalmente non basta vincere le prossime due partite ma all&#8217;Agordina serve anche che le due dirette avversarie perdano le prossime due sfide. Insomma, la dea bendata deve essere dalla parte degli agordini. Intanto domenica prossima all&#8217;Ivano Dorigo di Agordo arriver\u00e0 la Juventina mentre Gemelle e Sois dovranno vedersela con le prime due forze del campionato, rispettivamente con Lentiai e Sarmede. Le speranze sono le ultime a morire, ma l&#8217;Agordina \u00e8 chiamata ad una prova di forza nelle ultime due uscite per conquistare l&#8217;obbiettivo stagionale.<\/p>\n<p>&nbsp;<\/p>\n<p>&nbsp;<\/p>\n<hr \/>\n<p>&nbsp;<\/p>\n<p><span style=\"color: #0000ff;\"><strong>PALLAVOLO<\/strong><\/span><\/p>\n<blockquote>\n<h3>DA RE CHIEDE DI ONORARE LA CITTA&#8217;<\/h3>\n<\/blockquote>\n<p><strong><a class=\"dt-pswp-item\" href=\"https:\/\/www.radiopiu.net\/wordpress\/wp-content\/uploads\/2023\/03\/DRL_piegata_in_3_set_a_Fano.jpg\" data-dt-img-description=\"\" data-large_image_width=\"2036\" data-large_image_height=\"1357\"><img loading=\"lazy\" decoding=\"async\" class=\" wp-image-328643 alignleft\" src=\"https:\/\/www.radiopiu.net\/wordpress\/wp-content\/uploads\/2023\/03\/DRL_piegata_in_3_set_a_Fano-300x200.jpg\" alt=\"\" width=\"185\" height=\"123\" srcset=\"https:\/\/www.radiopiu.net\/wordpress\/wp-content\/uploads\/2023\/03\/DRL_piegata_in_3_set_a_Fano-300x200.jpg 300w, https:\/\/www.radiopiu.net\/wordpress\/wp-content\/uploads\/2023\/03\/DRL_piegata_in_3_set_a_Fano-1024x682.jpg 1024w, https:\/\/www.radiopiu.net\/wordpress\/wp-content\/uploads\/2023\/03\/DRL_piegata_in_3_set_a_Fano-768x512.jpg 768w, https:\/\/www.radiopiu.net\/wordpress\/wp-content\/uploads\/2023\/03\/DRL_piegata_in_3_set_a_Fano-1536x1024.jpg 1536w, https:\/\/www.radiopiu.net\/wordpress\/wp-content\/uploads\/2023\/03\/DRL_piegata_in_3_set_a_Fano.jpg 2036w\" sizes=\"auto, (max-width: 185px) 100vw, 185px\" \/><\/a>BELLUNO<\/strong> Sulla carta era una missione quasi impossibile. E, sul parquet, \u00e8 sparito il &#8220;quasi&#8221;: dalla trasferta di Fano, contro la capoclassifica, la Da Rold Logistics non riesce a spremere punti, n\u00e9 set. La Vigilar, infatti, non ha regalato nulla. Al contrario, ha dato vita a una prestazione di grande solidit\u00e0, di fronte alla quale i rinoceronti non sono riusciti a opporre resistenza, se non per qualche tratto del match: \u00abSapevamo quanto fosse difficile questa gara &#8211; \u00e8 il commento del direttore generale, Franco Da Re &#8211; ma le aspettative erano un po\u2019 diverse. In tutti noi c\u2019era la convinzione di poter fare decisamente meglio, mentre in realt\u00e0 la Virtus ci ha sovrastato in ogni fondamentale: \u00e8 prima in classifica e un motivo ci sar\u00e0\u00bb.<span class=\"gmail-Apple-converted-space\">\u00a0<\/span>Ora, per\u00f2, c\u2019\u00e8 un\u2019ultima cartuccia a disposizione per tornare in zona playoff: \u00abLa settimana di allenamenti dovr\u00e0 essere interpretata in modo ottimale, con totale applicazione e profonda seriet\u00e0\u00bb. Domenica 2 aprile, alla Spes Arena (ore 18), arriver\u00e0 la Med Store Tunit Macerata, ormai sicura di concludere la regular season in terza posizione: \u00ab\u00c8 una gara importantissima &#8211; conclude Da Re &#8211; non solo per una questione di classifica, ma perch\u00e9 vogliamo finire il campionato onorando noi stessi, la societ\u00e0 e soprattutto il pubblico e la citt\u00e0. Dobbiamo assumerci l\u2019impegno di concludere la stagione in maniera corretta\u00bb.<span class=\"gmail-Apple-converted-space\">\u00a0<\/span><\/p>\n","protected":false},"excerpt":{"rendered":"<p>\u00a0 ISCRIVITI AL NOSTRO CANALE YOUTUBE PER SEGUIRE IN DIRETTA I PRINCIPALI PROGRAMMI DI RADIO PIU&#8217; E LE FUTURE DIRETTE IN ESTERNA. PER ISCRIVERTI CLICCA QUI E PREMI IL TASTO &#8220;Iscriviti&#8221;\u00a0 IERI A CANDATEN, ORE 14\u00a0Ordinatamente verso l&#8217;acqua&#8230; &nbsp; AUTO IN DIFFICOLTA&#8217; SUL PASSO FEDAIA. INTERVENTO DEI POMPIERI VOLONTARI DI CAPRILE \u00a0 PASSO FEDAIA Intervento&hellip;<\/p>\n","protected":false},"author":4,"featured_media":328761,"comment_status":"closed","ping_status":"closed","sticky":false,"template":"","format":"standard","meta":{"_monsterinsights_skip_tracking":false,"_monsterinsights_sitenote_active":false,"_monsterinsights_sitenote_note":"","_monsterinsights_sitenote_category":0,"footnotes":""},"categories":[51,86,49],"tags":[],"class_list":["post-328605","post","type-post","status-publish","format-standard","has-post-thumbnail","hentry","category-evidenza-top","category-gr","category-news-18","category-51","category-86","category-49","description-off"],"img_url":"https:\/\/www.radiopiu.net\/wordpress\/wp-content\/uploads\/2023\/03\/Senza-nome-95.jpg","_links":{"self":[{"href":"https:\/\/www.radiopiu.net\/wordpress\/wp-json\/wp\/v2\/posts\/328605","targetHints":{"allow":["GET"]}}],"collection":[{"href":"https:\/\/www.radiopiu.net\/wordpress\/wp-json\/wp\/v2\/posts"}],"about":[{"href":"https:\/\/www.radiopiu.net\/wordpress\/wp-json\/wp\/v2\/types\/post"}],"author":[{"embeddable":true,"href":"https:\/\/www.radiopiu.net\/wordpress\/wp-json\/wp\/v2\/users\/4"}],"replies":[{"embeddable":true,"href":"https:\/\/www.radiopiu.net\/wordpress\/wp-json\/wp\/v2\/comments?post=328605"}],"version-history":[{"count":0,"href":"https:\/\/www.radiopiu.net\/wordpress\/wp-json\/wp\/v2\/posts\/328605\/revisions"}],"wp:featuredmedia":[{"embeddable":true,"href":"https:\/\/www.radiopiu.net\/wordpress\/wp-json\/wp\/v2\/media\/328761"}],"wp:attachment":[{"href":"https:\/\/www.radiopiu.net\/wordpress\/wp-json\/wp\/v2\/media?parent=328605"}],"wp:term":[{"taxonomy":"category","embeddable":true,"href":"https:\/\/www.radiopiu.net\/wordpress\/wp-json\/wp\/v2\/categories?post=328605"},{"taxonomy":"post_tag","embeddable":true,"href":"https:\/\/www.radiopiu.net\/wordpress\/wp-json\/wp\/v2\/tags?post=328605"}],"curies":[{"name":"wp","href":"https:\/\/api.w.org\/{rel}","templated":true}]}}