{"id":328660,"date":"2023-03-27T23:33:39","date_gmt":"2023-03-27T21:33:39","guid":{"rendered":"https:\/\/www.radiopiu.net\/wordpress\/?p=328660"},"modified":"2023-03-28T05:33:59","modified_gmt":"2023-03-28T03:33:59","slug":"trentanni-fa-il-29-gennaio-del-1993-nasceva-a-belluno-la-sala-di-cultura-de-luca-con-la-sede-a-borgo-pra","status":"publish","type":"post","link":"https:\/\/www.radiopiu.net\/wordpress\/trentanni-fa-il-29-gennaio-del-1993-nasceva-a-belluno-la-sala-di-cultura-de-luca-con-la-sede-a-borgo-pra\/","title":{"rendered":"TRENT\u2019ANNI FA, IL 29 GENNAIO DEL 1993, NASCEVA A BELLUNO LA \u201cSALA DI CULTURA DE LUCA\u201d CON LA SEDE A BORGO PR\u00c0"},"content":{"rendered":"<p><strong>DI RENATO BONA<\/strong><\/p>\n<p>&nbsp;<\/p>\n<p>Il 29 gennaio del 1993 davanti al notaio Giorgio Molinari Raimondi di Belluno veniva siglato l\u2019atto di nascita dell\u2019associazione \u201cSala di cultura De Luca\u201d con sede al civico 3 di Borgo Pra. Atto che venne registrato il 19 febbraio dello stesso anno. Trent\u2019anni dopo, il fondatore, Francesco \u201cCheco\u201d De Luca non c\u2019\u00e8 pi\u00f9 e, con la sua scomparsa, la sede \u00e8 stata acquisita ormai da qualche mese dal Collegio veneto dei maestri di sci. All\u2019evento fondativo, ospitato\u2026 nella Sala! erano intervenute personalit\u00e0 di ogni settore della vita bellunese, come scriveva Silvano Cavallet, uno dei fondatori (gli altri: Gianfranco Orsini, Eugenio Colleselli, Gianni Pezzei, Felice De Col, Ermano De Col, Sostene Schena, Maurizio Busatta, il vescovo Maffeo Ducoli, Gennaro Pinto, Alberto Luchetta, Giuseppe Cargnel, Mario Penso, Marino Perera, Adolfo Crespan, Giancandido De Martin Topranin, Dino Bridda, Ivano Pocchiesa Cno, Livio Ravagni, Renzo De Luca, Antonio Ganz, Francesco Tomassi, Francesco De Luca, Giuseppe Sacchi, Angelo Baraldo, Franco Iudica, Fabio Costan Durigon, Giuseppe Zanfron). Nell\u2019occasione, venivano illustrati gli scopi che si prefiggeva il neonato sodalizio: attivit\u00e0 di divulgazione, studio ed incentivazione anche editoriali di attivit\u00e0 attinenti alle arti figurative, musicali, grafiche e letterarie e, ancora: attinenti a problemi di carattere etico, attivit\u00e0 di sostegno relative alle manifestazioni promosse, coordinamento ed assecondare iniziative intese a sostenere ed incentivare forme di collaborazione ed assistenza di gruppi, associazioni, comitati tendenti ad esaltare e migliorare le capacit\u00e0 dei propri aderenti volte ai fini del raggiungimento degli scopi istituzionali. Che comprendevano la promozione di studi, incontri, seminari, tavole rotonde anche sui grandi problemi dell\u2019attualit\u00e0 compresi alcolismo, handicap, droga, modi e metodi compartimentali, premi e concorsi a carattere anche regionale, nazionale ed internazionale, iniziative esterne di Comuni, Comunit\u00e0, Pro loco, Associazioni turistiche, culturaali e del tempo libero, senza trascurare gemellaggi ed intese collaborative con altri sodalizi \u201cper realizzare manifestazioni che producano affratellamento razziale ed espressivo dei popoli\u201d e, ancora: la costituzione di comitati tecnico-scientifici per ogni settore di attivit\u00e0 della \u201cDe Luca\u201d stessa. Scontato ricordare che, a comporre il primo consiglio direttivo fosse chiamato in qualit\u00e0 di presidente il suo fondatore-principe: Francesco \u201cCheco\u201d De Luca che pot\u00e9 avvalersi della fruttuosa oltre che amichevole collaborazione di Silvano Cavallet come vice presidente, Adolfo Crespan come segretario, e di Franco Iudica e Antonio Ganz come consiglieri. Il presidente De Luca, come riportava il \u201cNotiziario\u201d dell\u2019Associazione stampa bellunese, aveva pronunciato nell\u2019occasione poche parole \u201cch\u00e9 la presenza di tanti amici le rendeva davvero superflue: \u00e8 un momenti davvero felice, questo nel quale diventa del tutto naturale ribadire che quanto ho fatto sinora non potr\u00e0 non trovare nuove energie e nuovi stimoli; assieme, ne sono sicuro, percorreremo ancora molta strada\u201d. Ed \u00e8 stata davvero lunga, con qualcosa come 1432 manifestazioni accolte nella \u201cDe Luca\u201d (sulle quaranta mediamente ogni mese, con punte di un centinaio negli anni 1993, 1994 e 1997) e migliaia di presenze tra protagonisti, di ogni livello e fama, e semplici spettatori dei vari eventi.<\/p>\n\n\t\t\t<style type='text\/css'>\n\t\t\t\t#gallery-1 {\n\t\t\t\t\tmargin: auto;\n\t\t\t\t}\n\t\t\t\t#gallery-1 .gallery-item {\n\t\t\t\t\tfloat: left;\n\t\t\t\t\tmargin-top: 10px;\n\t\t\t\t\ttext-align: center;\n\t\t\t\t\twidth: 25%;\n\t\t\t\t}\n\t\t\t\t#gallery-1 img {\n\t\t\t\t\tborder: 2px solid #cfcfcf;\n\t\t\t\t}\n\t\t\t\t#gallery-1 .gallery-caption {\n\t\t\t\t\tmargin-left: 0;\n\t\t\t\t}\n\t\t\t\t\/* see gallery_shortcode() in wp-includes\/media.php *\/\n\t\t\t<\/style>\n\t\t<div id='gallery-1' class='dt-gallery-container gallery galleryid-328660 gallery-columns-4 gallery-size-thumbnail'><dl class='gallery-item'>\n\t\t\t\t<dt class='gallery-icon landscape'>\n\t\t\t\t\t<a class=\"rollover\" href='https:\/\/www.radiopiu.net\/wordpress\/trentanni-fa-il-29-gennaio-del-1993-nasceva-a-belluno-la-sala-di-cultura-de-luca-con-la-sede-a-borgo-pra\/1-13\/'><img loading=\"lazy\" decoding=\"async\" width=\"150\" height=\"150\" src=\"https:\/\/www.radiopiu.net\/wordpress\/wp-content\/uploads\/2023\/03\/1-4-150x150.jpg\" class=\"attachment-thumbnail size-thumbnail\" alt=\"\" \/><\/a>\n\t\t\t\t<\/dt><\/dl><dl class='gallery-item'>\n\t\t\t\t<dt class='gallery-icon landscape'>\n\t\t\t\t\t<a class=\"rollover\" href='https:\/\/www.radiopiu.net\/wordpress\/trentanni-fa-il-29-gennaio-del-1993-nasceva-a-belluno-la-sala-di-cultura-de-luca-con-la-sede-a-borgo-pra\/2-17\/'><img loading=\"lazy\" decoding=\"async\" width=\"150\" height=\"150\" src=\"https:\/\/www.radiopiu.net\/wordpress\/wp-content\/uploads\/2023\/03\/2-5-150x150.jpg\" class=\"attachment-thumbnail size-thumbnail\" alt=\"\" \/><\/a>\n\t\t\t\t<\/dt><\/dl><dl class='gallery-item'>\n\t\t\t\t<dt class='gallery-icon landscape'>\n\t\t\t\t\t<a class=\"rollover\" href='https:\/\/www.radiopiu.net\/wordpress\/trentanni-fa-il-29-gennaio-del-1993-nasceva-a-belluno-la-sala-di-cultura-de-luca-con-la-sede-a-borgo-pra\/3-10\/'><img loading=\"lazy\" decoding=\"async\" width=\"150\" height=\"150\" src=\"https:\/\/www.radiopiu.net\/wordpress\/wp-content\/uploads\/2023\/03\/3-4-150x150.jpg\" class=\"attachment-thumbnail size-thumbnail\" alt=\"\" \/><\/a>\n\t\t\t\t<\/dt><\/dl><dl class='gallery-item'>\n\t\t\t\t<dt class='gallery-icon landscape'>\n\t\t\t\t\t<a class=\"rollover\" href='https:\/\/www.radiopiu.net\/wordpress\/trentanni-fa-il-29-gennaio-del-1993-nasceva-a-belluno-la-sala-di-cultura-de-luca-con-la-sede-a-borgo-pra\/4-84\/'><img loading=\"lazy\" decoding=\"async\" width=\"150\" height=\"150\" src=\"https:\/\/www.radiopiu.net\/wordpress\/wp-content\/uploads\/2023\/03\/4-4-150x150.jpg\" class=\"attachment-thumbnail size-thumbnail\" alt=\"\" \/><\/a>\n\t\t\t\t<\/dt><\/dl><br style=\"clear: both\" \/><dl class='gallery-item'>\n\t\t\t\t<dt class='gallery-icon landscape'>\n\t\t\t\t\t<a class=\"rollover\" href='https:\/\/www.radiopiu.net\/wordpress\/trentanni-fa-il-29-gennaio-del-1993-nasceva-a-belluno-la-sala-di-cultura-de-luca-con-la-sede-a-borgo-pra\/5-62\/'><img loading=\"lazy\" decoding=\"async\" width=\"150\" height=\"150\" src=\"https:\/\/www.radiopiu.net\/wordpress\/wp-content\/uploads\/2023\/03\/5-3-150x150.jpg\" class=\"attachment-thumbnail size-thumbnail\" alt=\"\" \/><\/a>\n\t\t\t\t<\/dt><\/dl><dl class='gallery-item'>\n\t\t\t\t<dt class='gallery-icon landscape'>\n\t\t\t\t\t<a class=\"rollover\" href='https:\/\/www.radiopiu.net\/wordpress\/trentanni-fa-il-29-gennaio-del-1993-nasceva-a-belluno-la-sala-di-cultura-de-luca-con-la-sede-a-borgo-pra\/6-37\/'><img loading=\"lazy\" decoding=\"async\" width=\"150\" height=\"150\" src=\"https:\/\/www.radiopiu.net\/wordpress\/wp-content\/uploads\/2023\/03\/6-3-150x150.jpg\" class=\"attachment-thumbnail size-thumbnail\" alt=\"\" \/><\/a>\n\t\t\t\t<\/dt><\/dl><dl class='gallery-item'>\n\t\t\t\t<dt class='gallery-icon landscape'>\n\t\t\t\t\t<a class=\"rollover\" href='https:\/\/www.radiopiu.net\/wordpress\/trentanni-fa-il-29-gennaio-del-1993-nasceva-a-belluno-la-sala-di-cultura-de-luca-con-la-sede-a-borgo-pra\/8-24\/'><img loading=\"lazy\" decoding=\"async\" width=\"150\" height=\"150\" src=\"https:\/\/www.radiopiu.net\/wordpress\/wp-content\/uploads\/2023\/03\/8-3-150x150.jpg\" class=\"attachment-thumbnail size-thumbnail\" alt=\"\" \/><\/a>\n\t\t\t\t<\/dt><\/dl><dl class='gallery-item'>\n\t\t\t\t<dt class='gallery-icon landscape'>\n\t\t\t\t\t<a class=\"rollover\" href='https:\/\/www.radiopiu.net\/wordpress\/trentanni-fa-il-29-gennaio-del-1993-nasceva-a-belluno-la-sala-di-cultura-de-luca-con-la-sede-a-borgo-pra\/9-26\/'><img loading=\"lazy\" decoding=\"async\" width=\"150\" height=\"150\" src=\"https:\/\/www.radiopiu.net\/wordpress\/wp-content\/uploads\/2023\/03\/9-2-150x150.jpg\" class=\"attachment-thumbnail size-thumbnail\" alt=\"\" \/><\/a>\n\t\t\t\t<\/dt><\/dl><br style=\"clear: both\" \/>\n\t\t\t<\/div>\n\n<p>NELLE FOTO (riproduzioni dal libro \u201cUna ruota che gira da un quarto di secolo\u201d): atto costitutivo dell\u2019Associazione con la firma di uno dei fondatori Maffeo Ducoli davanti al notaio Molinari Raimondi e a Francesco De Luca; l\u2019annuncio dell\u2019evento sul Notiziario dell\u2019Associazione stampa bellunese; \u201cOnorcaduti\u201d presente con il commissario Benito Gavazza nell\u2019incontro col presidente della Provincia, Oscar De Bona e quello di Unuci, ufficiali in congedo, Edoardo Giani; altri momenti di eventi ospitati nella \u201cSala di cultura De Luca\u201d di Borgo Pra.<\/p>\n","protected":false},"excerpt":{"rendered":"<p>DI RENATO BONA &nbsp; Il 29 gennaio del 1993 davanti al notaio Giorgio Molinari Raimondi di Belluno veniva siglato l\u2019atto di nascita dell\u2019associazione \u201cSala di cultura De Luca\u201d con sede al civico 3 di Borgo Pra. Atto che venne registrato il 19 febbraio dello stesso anno. Trent\u2019anni dopo, il fondatore, Francesco \u201cCheco\u201d De Luca non&hellip;<\/p>\n","protected":false},"author":4,"featured_media":328663,"comment_status":"closed","ping_status":"closed","sticky":false,"template":"","format":"standard","meta":{"_monsterinsights_skip_tracking":false,"_monsterinsights_sitenote_active":false,"_monsterinsights_sitenote_note":"","_monsterinsights_sitenote_category":0,"footnotes":""},"categories":[51,49],"tags":[],"class_list":["post-328660","post","type-post","status-publish","format-standard","has-post-thumbnail","hentry","category-evidenza-top","category-news-18","category-51","category-49","description-off"],"img_url":"https:\/\/www.radiopiu.net\/wordpress\/wp-content\/uploads\/2023\/03\/2-5.jpg","_links":{"self":[{"href":"https:\/\/www.radiopiu.net\/wordpress\/wp-json\/wp\/v2\/posts\/328660","targetHints":{"allow":["GET"]}}],"collection":[{"href":"https:\/\/www.radiopiu.net\/wordpress\/wp-json\/wp\/v2\/posts"}],"about":[{"href":"https:\/\/www.radiopiu.net\/wordpress\/wp-json\/wp\/v2\/types\/post"}],"author":[{"embeddable":true,"href":"https:\/\/www.radiopiu.net\/wordpress\/wp-json\/wp\/v2\/users\/4"}],"replies":[{"embeddable":true,"href":"https:\/\/www.radiopiu.net\/wordpress\/wp-json\/wp\/v2\/comments?post=328660"}],"version-history":[{"count":0,"href":"https:\/\/www.radiopiu.net\/wordpress\/wp-json\/wp\/v2\/posts\/328660\/revisions"}],"wp:featuredmedia":[{"embeddable":true,"href":"https:\/\/www.radiopiu.net\/wordpress\/wp-json\/wp\/v2\/media\/328663"}],"wp:attachment":[{"href":"https:\/\/www.radiopiu.net\/wordpress\/wp-json\/wp\/v2\/media?parent=328660"}],"wp:term":[{"taxonomy":"category","embeddable":true,"href":"https:\/\/www.radiopiu.net\/wordpress\/wp-json\/wp\/v2\/categories?post=328660"},{"taxonomy":"post_tag","embeddable":true,"href":"https:\/\/www.radiopiu.net\/wordpress\/wp-json\/wp\/v2\/tags?post=328660"}],"curies":[{"name":"wp","href":"https:\/\/api.w.org\/{rel}","templated":true}]}}