{"id":328884,"date":"2023-03-29T05:55:49","date_gmt":"2023-03-29T03:55:49","guid":{"rendered":"https:\/\/www.radiopiu.net\/wordpress\/?p=328884"},"modified":"2023-03-29T06:18:19","modified_gmt":"2023-03-29T04:18:19","slug":"lo-stabilimento-luxottica-di-agordo-si-fa-bello","status":"publish","type":"post","link":"https:\/\/www.radiopiu.net\/wordpress\/lo-stabilimento-luxottica-di-agordo-si-fa-bello\/","title":{"rendered":"LO STABILIMENTO LUXOTTICA DI AGORDO SI FA BELLO"},"content":{"rendered":"<p style=\"font-weight: 400;\"><strong><a class=\"dt-pswp-item\" href=\"https:\/\/www.radiopiu.net\/wordpress\/wp-content\/uploads\/2023\/03\/IMG_8015.jpeg\" data-dt-img-description=\"\" data-large_image_width=\"1652\" data-large_image_height=\"1125\"><img loading=\"lazy\" decoding=\"async\" class=\"size-medium wp-image-328885 alignleft\" src=\"https:\/\/www.radiopiu.net\/wordpress\/wp-content\/uploads\/2023\/03\/IMG_8015-300x204.jpeg\" alt=\"\" width=\"300\" height=\"204\" srcset=\"https:\/\/www.radiopiu.net\/wordpress\/wp-content\/uploads\/2023\/03\/IMG_8015-300x204.jpeg 300w, https:\/\/www.radiopiu.net\/wordpress\/wp-content\/uploads\/2023\/03\/IMG_8015-1024x697.jpeg 1024w, https:\/\/www.radiopiu.net\/wordpress\/wp-content\/uploads\/2023\/03\/IMG_8015-768x523.jpeg 768w, https:\/\/www.radiopiu.net\/wordpress\/wp-content\/uploads\/2023\/03\/IMG_8015-1536x1046.jpeg 1536w, https:\/\/www.radiopiu.net\/wordpress\/wp-content\/uploads\/2023\/03\/IMG_8015.jpeg 1652w\" sizes=\"auto, (max-width: 300px) 100vw, 300px\" \/><\/a>AGORDO <\/strong>Tempo di restyling per lo stabilimento Luxottica di Agordo. L\u2019azienda da alcune settimane ha iniziato dei lavori sulla parte sud dello stabilimento. Via le vecchie finestre e le lamiere di colore blu per lasciare spazio ad una grande vetrata. Sono tante le ditte esterne impegnate in questi giorni per rendere la \u201cfabbrica\u201d pi\u00f9 bella. Un restyling che diventer\u00e0 un biglietto da visita diverso per coloro che transitando sulla tangenziale di Agordo butteranno un occhio al di l\u00e0 del Cordevole. Lavori che sono iniziati ufficialmente dopo le festivit\u00e0 Natalizie e che si protrarranno a lungo. Ma intanto si vedono i primi risultati.<\/p>\n<p>&nbsp;<\/p>\n<p>&nbsp;<\/p>\n<hr \/>\n<p>&nbsp;<\/p>\n","protected":false},"excerpt":{"rendered":"<p>AGORDO Tempo di restyling per lo stabilimento Luxottica di Agordo. L\u2019azienda da alcune settimane ha iniziato dei lavori sulla parte sud dello stabilimento. Via le vecchie finestre e le lamiere di colore blu per lasciare spazio ad una grande vetrata. Sono tante le ditte esterne impegnate in questi giorni per rendere la \u201cfabbrica\u201d pi\u00f9 bella.&hellip;<\/p>\n","protected":false},"author":4,"featured_media":328885,"comment_status":"closed","ping_status":"closed","sticky":false,"template":"","format":"standard","meta":{"_monsterinsights_skip_tracking":false,"_monsterinsights_sitenote_active":false,"_monsterinsights_sitenote_note":"","_monsterinsights_sitenote_category":0,"footnotes":""},"categories":[51,49],"tags":[],"class_list":["post-328884","post","type-post","status-publish","format-standard","has-post-thumbnail","hentry","category-evidenza-top","category-news-18","category-51","category-49","description-off"],"img_url":"https:\/\/www.radiopiu.net\/wordpress\/wp-content\/uploads\/2023\/03\/IMG_8015.jpeg","_links":{"self":[{"href":"https:\/\/www.radiopiu.net\/wordpress\/wp-json\/wp\/v2\/posts\/328884","targetHints":{"allow":["GET"]}}],"collection":[{"href":"https:\/\/www.radiopiu.net\/wordpress\/wp-json\/wp\/v2\/posts"}],"about":[{"href":"https:\/\/www.radiopiu.net\/wordpress\/wp-json\/wp\/v2\/types\/post"}],"author":[{"embeddable":true,"href":"https:\/\/www.radiopiu.net\/wordpress\/wp-json\/wp\/v2\/users\/4"}],"replies":[{"embeddable":true,"href":"https:\/\/www.radiopiu.net\/wordpress\/wp-json\/wp\/v2\/comments?post=328884"}],"version-history":[{"count":0,"href":"https:\/\/www.radiopiu.net\/wordpress\/wp-json\/wp\/v2\/posts\/328884\/revisions"}],"wp:featuredmedia":[{"embeddable":true,"href":"https:\/\/www.radiopiu.net\/wordpress\/wp-json\/wp\/v2\/media\/328885"}],"wp:attachment":[{"href":"https:\/\/www.radiopiu.net\/wordpress\/wp-json\/wp\/v2\/media?parent=328884"}],"wp:term":[{"taxonomy":"category","embeddable":true,"href":"https:\/\/www.radiopiu.net\/wordpress\/wp-json\/wp\/v2\/categories?post=328884"},{"taxonomy":"post_tag","embeddable":true,"href":"https:\/\/www.radiopiu.net\/wordpress\/wp-json\/wp\/v2\/tags?post=328884"}],"curies":[{"name":"wp","href":"https:\/\/api.w.org\/{rel}","templated":true}]}}