{"id":328914,"date":"2023-03-29T05:57:44","date_gmt":"2023-03-29T03:57:44","guid":{"rendered":"https:\/\/www.radiopiu.net\/wordpress\/?p=328914"},"modified":"2023-03-29T06:17:22","modified_gmt":"2023-03-29T04:17:22","slug":"sanita-e-neurologie-fiocco-serve-un-sistema-solidaristico","status":"publish","type":"post","link":"https:\/\/www.radiopiu.net\/wordpress\/sanita-e-neurologie-fiocco-serve-un-sistema-solidaristico\/","title":{"rendered":"SANITA&#8217; E NEUROLOGIE, FIOCCO &#8220;SERVE UN SISTEMA SOLIDARISTICO&#8221;"},"content":{"rendered":"<p><strong><a class=\"dt-pswp-item\" href=\"https:\/\/www.radiopiu.net\/wordpress\/wp-content\/uploads\/2018\/02\/ANDREA-FIOCCO.jpg\" data-dt-img-description=\"\" data-large_image_width=\"960\" data-large_image_height=\"960\"><img loading=\"lazy\" decoding=\"async\" class=\"wp-image-43617 alignleft\" src=\"https:\/\/www.radiopiu.net\/wordpress\/wp-content\/uploads\/2018\/02\/ANDREA-FIOCCO-300x300.jpg\" alt=\"\" width=\"119\" height=\"119\" srcset=\"https:\/\/www.radiopiu.net\/wordpress\/wp-content\/uploads\/2018\/02\/ANDREA-FIOCCO-300x300.jpg 300w, https:\/\/www.radiopiu.net\/wordpress\/wp-content\/uploads\/2018\/02\/ANDREA-FIOCCO-150x150.jpg 150w, https:\/\/www.radiopiu.net\/wordpress\/wp-content\/uploads\/2018\/02\/ANDREA-FIOCCO-768x768.jpg 768w, https:\/\/www.radiopiu.net\/wordpress\/wp-content\/uploads\/2018\/02\/ANDREA-FIOCCO.jpg 960w\" sizes=\"auto, (max-width: 119px) 100vw, 119px\" \/><\/a>REDAZIONE<\/strong> La CGIL\u00a0 sottolina il grande pericolo che sta correndo la\u00a0 sanit\u00e0 bellunese: man mano che i professionisti se ne vanno, o per pensionamento o per raggiungere altre Aziende Sanitarie (e su questo una riflessione v\u00a0 fatta, al netto del fatto che \u00e8 legittimo che una persona si avvicini alla sua citt\u00e0 di origine), l\u2019offerta sanitaria si riduce. Anche la Dermatologia a Belluno, a breve, potrebbe avere lo stesso problema. La questione importante \u00e8 che la sanit\u00e0 non \u00e8 fatta di pezzi distinti fra loro, ma \u00e8 un tutt\u2019uno, dove una parte contribuisce all\u2019esistenza dell\u2019altra. Perdere un pezzo, impoverisce l\u2019intero. Il tutto a discapito della attrattivit\u00e0 della stessa azienda: e<br \/>\nallora rischiano di diventare vani tutti gli sforzi che si fanno per attirare i giovani professionisti. La soluzione: la Regione si deve far carico di trovare le soluzioni per sostenere le parti deboli del sistema, tra cui la Sanit\u00e0 bellunese, anche con investimenti straordinari su queste parti deboli. Questo se il Sistema \u00e8 solidaristico.<\/p>\n<p><strong>ANDREA FIOCCO, FUNZONE PUBBLICA CGIL BELLUNO<\/strong><\/p>\n<audio class=\"wp-audio-shortcode\" id=\"audio-328914-1\" preload=\"none\" style=\"width: 100%;\" controls=\"controls\"><source type=\"audio\/mpeg\" src=\"https:\/\/www.radiopiu.net\/wordpress\/wp-content\/uploads\/2023\/03\/fiocco.mp3?_=1\" \/><a href=\"https:\/\/www.radiopiu.net\/wordpress\/wp-content\/uploads\/2023\/03\/fiocco.mp3\">https:\/\/www.radiopiu.net\/wordpress\/wp-content\/uploads\/2023\/03\/fiocco.mp3<\/a><\/audio>\n<p>&nbsp;<\/p>\n<p>&nbsp;<\/p>\n<p>&nbsp;<\/p>\n<hr \/>\n<p>&nbsp;<\/p>\n<p>&nbsp;<\/p>\n","protected":false},"excerpt":{"rendered":"<p>REDAZIONE La CGIL\u00a0 sottolina il grande pericolo che sta correndo la\u00a0 sanit\u00e0 bellunese: man mano che i professionisti se ne vanno, o per pensionamento o per raggiungere altre Aziende Sanitarie (e su questo una riflessione v\u00a0 fatta, al netto del fatto che \u00e8 legittimo che una persona si avvicini alla sua citt\u00e0 di origine), l\u2019offerta&hellip;<\/p>\n","protected":false},"author":4,"featured_media":144229,"comment_status":"closed","ping_status":"closed","sticky":false,"template":"","format":"standard","meta":{"_monsterinsights_skip_tracking":false,"_monsterinsights_sitenote_active":false,"_monsterinsights_sitenote_note":"","_monsterinsights_sitenote_category":0,"footnotes":""},"categories":[51,49],"tags":[],"class_list":["post-328914","post","type-post","status-publish","format-standard","has-post-thumbnail","hentry","category-evidenza-top","category-news-18","category-51","category-49","description-off"],"img_url":"https:\/\/www.radiopiu.net\/wordpress\/wp-content\/uploads\/2020\/06\/dc8d9e01-0412-48a8-91b1-c64ba92a8187.jpg","_links":{"self":[{"href":"https:\/\/www.radiopiu.net\/wordpress\/wp-json\/wp\/v2\/posts\/328914","targetHints":{"allow":["GET"]}}],"collection":[{"href":"https:\/\/www.radiopiu.net\/wordpress\/wp-json\/wp\/v2\/posts"}],"about":[{"href":"https:\/\/www.radiopiu.net\/wordpress\/wp-json\/wp\/v2\/types\/post"}],"author":[{"embeddable":true,"href":"https:\/\/www.radiopiu.net\/wordpress\/wp-json\/wp\/v2\/users\/4"}],"replies":[{"embeddable":true,"href":"https:\/\/www.radiopiu.net\/wordpress\/wp-json\/wp\/v2\/comments?post=328914"}],"version-history":[{"count":0,"href":"https:\/\/www.radiopiu.net\/wordpress\/wp-json\/wp\/v2\/posts\/328914\/revisions"}],"wp:featuredmedia":[{"embeddable":true,"href":"https:\/\/www.radiopiu.net\/wordpress\/wp-json\/wp\/v2\/media\/144229"}],"wp:attachment":[{"href":"https:\/\/www.radiopiu.net\/wordpress\/wp-json\/wp\/v2\/media?parent=328914"}],"wp:term":[{"taxonomy":"category","embeddable":true,"href":"https:\/\/www.radiopiu.net\/wordpress\/wp-json\/wp\/v2\/categories?post=328914"},{"taxonomy":"post_tag","embeddable":true,"href":"https:\/\/www.radiopiu.net\/wordpress\/wp-json\/wp\/v2\/tags?post=328914"}],"curies":[{"name":"wp","href":"https:\/\/api.w.org\/{rel}","templated":true}]}}