{"id":328921,"date":"2023-03-29T05:56:06","date_gmt":"2023-03-29T03:56:06","guid":{"rendered":"https:\/\/www.radiopiu.net\/wordpress\/?p=328921"},"modified":"2023-03-29T06:17:59","modified_gmt":"2023-03-29T04:17:59","slug":"1993-2023-trentanni-di-gruppo-assistenza-volontaria","status":"publish","type":"post","link":"https:\/\/www.radiopiu.net\/wordpress\/1993-2023-trentanni-di-gruppo-assistenza-volontaria\/","title":{"rendered":"1993-2023: TRENT&#8217;ANNI DI GRUPPO ASSISTENZA VOLONTARIA"},"content":{"rendered":"<p><strong><img loading=\"lazy\" decoding=\"async\" class=\"alignleft\" src=\"https:\/\/www.radiopiu.net\/wordpress\/wp-content\/uploads\/2023\/03\/image-4.jpg\" width=\"345\" height=\"194\" \/>AGORDO<\/strong> Sono passati trent\u2019anni dalla fondazione\u00a0 del \u201cGruppo Assistenza Volontaria\u00a0 (GAV). Iniziativa spinta e appoggiata dall\u2019allora arcidiacono don Lino Mottes e costituita per dare una risposta ad alcune esigenze emerse nei primi anni novanta del secolo scorso. L\u2019avventura del GAV part\u00ec perch\u00e9 sempre pi\u00f9 dai familiari dei ricoverati, ma pure dai responsabili dell\u2019ospedale di Agordo e della RSA per non autosufficienti del capoluogo di vallata, giunse la richiesta d\u2019aiuto e di sostegno nell\u2019assistenza dei propri familiari ricoverati nei reparti del nosocomio e nell\u2019imboccare i degenti non autosufficienti.\u00a0 <span style=\"color: #000000;\">In seguito si manifestarono nuovi bisogni: fornire pasti caldi a domicilio, accompagnamento presso ambulatori sociosanitari dei degenti del Centro Servizi di Taibon, supportare la gestione dei Centri di Sollievo che si stavano istituendo nella Conca Agordina. L\u2019implementazione delle funzioni determin\u00f2 una prima e grande evoluzione dell\u2019associazione, era l\u2019anno 2004, che da sodalizio comunale di Agordo non riconosciuto, si trasform\u00f2 in associazione sovracomunale legalmente riconosciuta. <\/span>Per rimanere, pertanto, associazione legalmente riconosciuta, l\u2019Associazione ha deciso di aderire al Registro Unico Nazionale per il Terzo Settore (RUNTS) adattandosi alle nuove norme, con adeguamento dello Statuto nonch\u00e9 l\u2019adozione di alcune nuove procedure burocratiche, rilevatisi passaggi non facili per un\u2019associazione piccola. Alla fine della procedura il \u201cGAV OdV\u201d \u00e8 stato iscritto al Registro Unico Nazionale del Terzo Settore. Il futuro \u00e8 una grande sfida per un\u2019associazione piccola come il \u201cGAV OdV\u201d perch\u00e9 richiede capacit\u00e0 di percepire le mutazioni sociali, la voglia di rimettersi in gioco, di non rimanere fossilizzati su ci\u00f2 che si \u00e8 sempre fatto e sul come si \u00e8 fatto. Si deve porre, infatti, uguale attenzione alle regole che governano la vita associativa e la qualit\u00e0 di quanto si offre, bisogna esser pronti alle nuove esigenze e disponibili e aperti a nuove collaborazioni.<\/p>\n<blockquote><p><em><span style=\"color: #000000;\">Nel 2022 i volontari GAV hanno: p<\/span><span style=\"color: #000000;\">restato assistenza nei reparti ospedalieri e nelle strutture socio-sanitarie con <b>401<\/b> interventi e <b>447<\/b> ore; <\/span><span style=\"color: #000000;\">Svolto servizi a domicilio con <b>148<\/b> interventi e <b>280<\/b> ore; <\/span><span style=\"color: #000000;\">Consegnato pasti a domicilio con <b>789<\/b> interventi e <b>1.578<\/b> ore; <\/span><span style=\"color: #000000;\">Km percorsi: <b>31.270; <\/b><\/span><span style=\"color: #000000;\">Per un impegno complessivo formato da: <\/span><span style=\"color: #000000;\"><b>1.338 Interventi <\/b><\/span><b style=\"color: #000000;\">2.305 ore<\/b><\/em><\/p><\/blockquote>\n<p>&nbsp;<\/p>\n<p>__<\/p>\n","protected":false},"excerpt":{"rendered":"<p>AGORDO Sono passati trent\u2019anni dalla fondazione\u00a0 del \u201cGruppo Assistenza Volontaria\u00a0 (GAV). Iniziativa spinta e appoggiata dall\u2019allora arcidiacono don Lino Mottes e costituita per dare una risposta ad alcune esigenze emerse nei primi anni novanta del secolo scorso. L\u2019avventura del GAV part\u00ec perch\u00e9 sempre pi\u00f9 dai familiari dei ricoverati, ma pure dai responsabili dell\u2019ospedale di Agordo&hellip;<\/p>\n","protected":false},"author":4,"featured_media":328922,"comment_status":"closed","ping_status":"closed","sticky":false,"template":"","format":"standard","meta":{"_monsterinsights_skip_tracking":false,"_monsterinsights_sitenote_active":false,"_monsterinsights_sitenote_note":"","_monsterinsights_sitenote_category":0,"footnotes":""},"categories":[104,49],"tags":[],"class_list":["post-328921","post","type-post","status-publish","format-standard","has-post-thumbnail","hentry","category-evidenza_3","category-news-18","category-104","category-49","description-off"],"img_url":"https:\/\/www.radiopiu.net\/wordpress\/wp-content\/uploads\/2023\/03\/image-4.jpg","_links":{"self":[{"href":"https:\/\/www.radiopiu.net\/wordpress\/wp-json\/wp\/v2\/posts\/328921","targetHints":{"allow":["GET"]}}],"collection":[{"href":"https:\/\/www.radiopiu.net\/wordpress\/wp-json\/wp\/v2\/posts"}],"about":[{"href":"https:\/\/www.radiopiu.net\/wordpress\/wp-json\/wp\/v2\/types\/post"}],"author":[{"embeddable":true,"href":"https:\/\/www.radiopiu.net\/wordpress\/wp-json\/wp\/v2\/users\/4"}],"replies":[{"embeddable":true,"href":"https:\/\/www.radiopiu.net\/wordpress\/wp-json\/wp\/v2\/comments?post=328921"}],"version-history":[{"count":0,"href":"https:\/\/www.radiopiu.net\/wordpress\/wp-json\/wp\/v2\/posts\/328921\/revisions"}],"wp:featuredmedia":[{"embeddable":true,"href":"https:\/\/www.radiopiu.net\/wordpress\/wp-json\/wp\/v2\/media\/328922"}],"wp:attachment":[{"href":"https:\/\/www.radiopiu.net\/wordpress\/wp-json\/wp\/v2\/media?parent=328921"}],"wp:term":[{"taxonomy":"category","embeddable":true,"href":"https:\/\/www.radiopiu.net\/wordpress\/wp-json\/wp\/v2\/categories?post=328921"},{"taxonomy":"post_tag","embeddable":true,"href":"https:\/\/www.radiopiu.net\/wordpress\/wp-json\/wp\/v2\/tags?post=328921"}],"curies":[{"name":"wp","href":"https:\/\/api.w.org\/{rel}","templated":true}]}}