{"id":328935,"date":"2023-03-29T07:50:39","date_gmt":"2023-03-29T05:50:39","guid":{"rendered":"https:\/\/www.radiopiu.net\/wordpress\/?p=328935"},"modified":"2023-03-29T07:57:28","modified_gmt":"2023-03-29T05:57:28","slug":"la-rassegna-stampa-dal-lunedi-al-sabato-alle-otto-del-mattino","status":"publish","type":"post","link":"https:\/\/www.radiopiu.net\/wordpress\/la-rassegna-stampa-dal-lunedi-al-sabato-alle-otto-del-mattino\/","title":{"rendered":"LA RASSEGNA STAMPA, DAL LUNEDI AL SABATO ALLE OTTO DEL MATTINO"},"content":{"rendered":"<p>NEUROLOGIE Oltre 4000 firme sulla petizione \u00abDevono sopravvivere entrambe le neurologie\u00bb lanciata da una paziente su change.org e presto diventata virale, il sindaco di Feltre Viviana Fusaro alza la mano per due neurologie distinte a Belluno e Feltre.<br \/>\nCGIL FP Per il segretario provinciale Andrea Fiocco, la situazione della Neurologia \u00e8 solo la punta di un iceberg, c&#8217;\u00e8 una grandissima carenza di specialisti che costringe l&#8217;Ulss a ridimensionare il servizio, la Regione si deve far carico di trovare le soluzioni, anche con investimenti straordinari. Questo se il Sistema \u00e8 solidaristico. Se invece non lo \u00e8, la sanit\u00e0 bellunese \u00e8 destinata a soccombere.<br \/>\nBELLUNO Ulss 1, promozione per la direttrice generale, &#8220;pagella&#8221; nella fascia di eccellenza, voto da 91,4% a Maria Grazia Carraro dato da giunta e commissione regionale Sanit\u00e0 e dai sindaci.<br \/>\nBELLUNO La rabbia dei baristi per i costi dei plateatici. Il Presidente di Confcommercio, Paolo Doglioni, si appella a Palazzo Rosso &#8220;Serve una proroga, rivediamo i costi&#8221;.<br \/>\nCOLLE SANTA LUCIA La panda grigia. Su quell&#8217;auto gi\u00e0 segnalata trovata parte del bottino di furti nello zoldano e Alto Agordino. Forse i malviventi sono parte di una banda.<br \/>\nROCCA PIETORE Le famiglie di 20 bambini chiedono che le scuole elementari rimangano sul territorio. Lettera al provveditore perch\u00e9 venga mantenuta aperta la scuola.<br \/>\nFELTRE Domenica l&#8217;invasione dei motociclisti per la Benedizione.<br \/>\nPONTE NELLE ALPI Lo scorso fine settimana, quaranta volontari della Protezione civile di Ponte nelle Alpi hanno preso parte a un\u2019esercitazione per la pulizia degli alvei e il taglio delle piante<br \/>\nSANTA GIUSTINA Domani alle 20 a Formegan primo di sette incontri con l\u2019amministrazione comunale. Il tour dopo Formegan: Salzan, Cergnai, Meano, Ignan, Santa Giustina e Campo<br \/>\nAGORDO Sono passati trent\u2019anni dalla fondazione del \u201cGruppo Assistenza Volontaria (GAV). Iniziativa spinta e appoggiata dall\u2019allora arcidiacono don Lino Mottes e costituita per dare una risposta ad alcune esigenze emerse nei primi anni novanta del secolo scorso.<br \/>\nFALCADE Fabrizio Pescosta questa mattina alle 11,30 sar\u00e0 ospite della trasmissione \u201cI fatti vostri\u201d su Rai2 .La puntata \u00e8 dedicata allo street food e il piatto sar\u00e0 la polenta e formai di malga rivisitata con crostoli di polenta con un formaggio di malga fatto a fonduta servito in coppette da asporto tenere in mano e fa gustare comodamente passeggiando per la strada.<br \/>\nBELLUNO Nuova convenzione tra Appia Cna Veneto e Solidariet\u00e0 Veneto Fondo Pensione. \u00abSulla base della nuova convenzione, a partire da maggio, a Feltre e a Cortina d\u2019Ampezzo saranno inaugurati, all\u2019interno delle sedi di Appia Cna, due sportelli informativi a disposizione di cittadini e imprese<br \/>\nREDAZIONE Sono trascorsi sette anni dalla scomparsa di Giorgia Praloran, il 26 marzo \u00e8 stato il giorno del suo ventiseiesimo compleanno. Il bando della Mongolfiera di Giorgia porta questa data.<br \/>\nBELLUNO Torna a met\u00e0 aprile la Camminata del Cuore, promossa dal Soroptimist Belluno Feltre; per la sua terza edizione, in programma una serata per illustrare i benefici del movimento e la tradizionale pedonata.<br \/>\nPALLAVOLO LE LUPE AL DE MAS PER IL RECUPERO CON SILEA<br \/>\nCORSA IN MONTAGNA ANCORA POCHI GIORNI PER L\u2019ISCRIZIONE AGEVOLATA ALLA TRANSCIVETTA 2023<br \/>\nCORRI PAPA\u2019, EDIZIONE NUMERO 18<\/p>\n<p><iframe loading=\"lazy\" title=\"RASSEGNA STAMPA LOCALE\" width=\"1200\" height=\"675\" src=\"https:\/\/www.youtube.com\/embed\/tTwkqUaL3PI?feature=oembed\" frameborder=\"0\" allow=\"accelerometer; autoplay; clipboard-write; encrypted-media; gyroscope; picture-in-picture; web-share\" allowfullscreen><\/iframe><\/p>\n","protected":false},"excerpt":{"rendered":"<p>NEUROLOGIE Oltre 4000 firme sulla petizione \u00abDevono sopravvivere entrambe le neurologie\u00bb lanciata da una paziente su change.org e presto diventata virale, il sindaco di Feltre Viviana Fusaro alza la mano per due neurologie distinte a Belluno e Feltre. CGIL FP Per il segretario provinciale Andrea Fiocco, la situazione della Neurologia \u00e8 solo la punta di&hellip;<\/p>\n","protected":false},"author":4,"featured_media":328936,"comment_status":"closed","ping_status":"closed","sticky":false,"template":"","format":"standard","meta":{"_monsterinsights_skip_tracking":false,"_monsterinsights_sitenote_active":false,"_monsterinsights_sitenote_note":"","_monsterinsights_sitenote_category":0,"footnotes":""},"categories":[49,142],"tags":[],"class_list":["post-328935","post","type-post","status-publish","format-standard","has-post-thumbnail","hentry","category-news-18","category-rassegna-stampa","category-49","category-142","description-off"],"img_url":"https:\/\/www.radiopiu.net\/wordpress\/wp-content\/uploads\/2023\/03\/Senza-nome-96.jpg","_links":{"self":[{"href":"https:\/\/www.radiopiu.net\/wordpress\/wp-json\/wp\/v2\/posts\/328935","targetHints":{"allow":["GET"]}}],"collection":[{"href":"https:\/\/www.radiopiu.net\/wordpress\/wp-json\/wp\/v2\/posts"}],"about":[{"href":"https:\/\/www.radiopiu.net\/wordpress\/wp-json\/wp\/v2\/types\/post"}],"author":[{"embeddable":true,"href":"https:\/\/www.radiopiu.net\/wordpress\/wp-json\/wp\/v2\/users\/4"}],"replies":[{"embeddable":true,"href":"https:\/\/www.radiopiu.net\/wordpress\/wp-json\/wp\/v2\/comments?post=328935"}],"version-history":[{"count":0,"href":"https:\/\/www.radiopiu.net\/wordpress\/wp-json\/wp\/v2\/posts\/328935\/revisions"}],"wp:featuredmedia":[{"embeddable":true,"href":"https:\/\/www.radiopiu.net\/wordpress\/wp-json\/wp\/v2\/media\/328936"}],"wp:attachment":[{"href":"https:\/\/www.radiopiu.net\/wordpress\/wp-json\/wp\/v2\/media?parent=328935"}],"wp:term":[{"taxonomy":"category","embeddable":true,"href":"https:\/\/www.radiopiu.net\/wordpress\/wp-json\/wp\/v2\/categories?post=328935"},{"taxonomy":"post_tag","embeddable":true,"href":"https:\/\/www.radiopiu.net\/wordpress\/wp-json\/wp\/v2\/tags?post=328935"}],"curies":[{"name":"wp","href":"https:\/\/api.w.org\/{rel}","templated":true}]}}