{"id":328941,"date":"2023-03-30T05:20:40","date_gmt":"2023-03-30T03:20:40","guid":{"rendered":"https:\/\/www.radiopiu.net\/wordpress\/?p=328941"},"modified":"2023-03-30T07:44:53","modified_gmt":"2023-03-30T05:44:53","slug":"giornale-radiopiu-30-marzo-2023-direttore-mirko-mezzacasa-verso-i-40-anni-25-giugno-1983-25-giugno-2023","status":"publish","type":"post","link":"https:\/\/www.radiopiu.net\/wordpress\/giornale-radiopiu-30-marzo-2023-direttore-mirko-mezzacasa-verso-i-40-anni-25-giugno-1983-25-giugno-2023\/","title":{"rendered":"GIORNALE RADIOPIU 30 MARZO 2023 DIRETTORE MIRKO MEZZACASA&#8230;verso i 40 anni 25 giugno 1983-25 giugno 2023"},"content":{"rendered":"<h2 style=\"text-align: left;\"><span style=\"color: #ff0000;\">ISCRIVITI AL NOSTRO CANALE YOUTUBE PER SEGUIRE IN DIRETTA I PRINCIPALI PROGRAMMI DI RADIO PIU&#8217; E LE FUTURE DIRETTE IN ESTERNA. PER ISCRIVERTI <a style=\"color: #ff0000;\" href=\"https:\/\/youtube.com\/@radiopiu1527\">CLICCA QUI<\/a> E PREMI IL TASTO &#8220;Iscriviti&#8221;\u00a0<\/span><\/h2>\n<p><iframe loading=\"lazy\" title=\"DEDICHE E RICHIESTE - 29 MARZO 2023\" width=\"1200\" height=\"675\" src=\"https:\/\/www.youtube.com\/embed\/NtjaqNja7Yk?feature=oembed\" frameborder=\"0\" allow=\"accelerometer; autoplay; clipboard-write; encrypted-media; gyroscope; picture-in-picture; web-share\" allowfullscreen><\/iframe><\/p>\n<hr \/>\n<p>&nbsp;<\/p>\n<blockquote>\n<h3>LIMANA SALUTA FIORINDO D\u2019ISEP, UNA VITA PER IL GELATO ARTIGIANALE<\/h3>\n<\/blockquote>\n<p><strong>LIMANA <\/strong>Oltre mezzo secolo di passione per il gelato. L\u2019intera comunit\u00e0 limanese, ma non solo, piange la scomparsa di Fiorindo D\u2019Isep, storico gelatiere di Polentes, deceduto marted\u00ec mattina tra l\u2019affetto dei suoi cari. Quella di Fiorindo \u00e8 stata una vera epopea: una storia di riscatto sociale, di passione per il lavoro e per il gelato. Nato nel 1939, Fiorindo D\u2019Isep cresce nella Limana poverissima del Secondo dopoguerra. I funerali si svolgeranno sabato 1 aprile, alle ore 11, nella chiesa arcipretale di Limana. La moglie Elda, il fratello Dino, i figli Paolo e Luca con le compagne Maria e Adriana, gli adorati nipotini Elisa, Francesco, Leonardo e Lilia, le cognate, i cognati e tutti i parenti ringraziano fin d\u2019ora chiunque avr\u00e0 un pensiero per il loro amato Fiorindo.<\/p>\n\n\t\t\t<style type='text\/css'>\n\t\t\t\t#gallery-1 {\n\t\t\t\t\tmargin: auto;\n\t\t\t\t}\n\t\t\t\t#gallery-1 .gallery-item {\n\t\t\t\t\tfloat: left;\n\t\t\t\t\tmargin-top: 10px;\n\t\t\t\t\ttext-align: center;\n\t\t\t\t\twidth: 33%;\n\t\t\t\t}\n\t\t\t\t#gallery-1 img {\n\t\t\t\t\tborder: 2px solid #cfcfcf;\n\t\t\t\t}\n\t\t\t\t#gallery-1 .gallery-caption {\n\t\t\t\t\tmargin-left: 0;\n\t\t\t\t}\n\t\t\t\t\/* see gallery_shortcode() in wp-includes\/media.php *\/\n\t\t\t<\/style>\n\t\t<div id='gallery-1' class='dt-gallery-container gallery galleryid-328941 gallery-columns-3 gallery-size-thumbnail'><dl class='gallery-item'>\n\t\t\t\t<dt class='gallery-icon landscape'>\n\t\t\t\t\t<a class=\"rollover rollover-zoom dt-pswp-item\" title=\"fiorindo nei primi anni a Milano\" data-dt-img-description=\"\" data-large_image_width=\"2560\" data-large_image_height=\"1920\"href='https:\/\/www.radiopiu.net\/wordpress\/wp-content\/uploads\/2023\/03\/fiorindo-nei-primi-anni-a-Milano-scaled.jpg'><img loading=\"lazy\" decoding=\"async\" width=\"150\" height=\"150\" src=\"https:\/\/www.radiopiu.net\/wordpress\/wp-content\/uploads\/2023\/03\/fiorindo-nei-primi-anni-a-Milano-150x150.jpg\" class=\"attachment-thumbnail size-thumbnail\" alt=\"\" \/><\/a>\n\t\t\t\t<\/dt><\/dl><dl class='gallery-item'>\n\t\t\t\t<dt class='gallery-icon portrait'>\n\t\t\t\t\t<a class=\"rollover rollover-zoom dt-pswp-item\" title=\"fiorindo con l&#039;Ape Piaggio\" data-dt-img-description=\"\" data-large_image_width=\"1920\" data-large_image_height=\"2560\"href='https:\/\/www.radiopiu.net\/wordpress\/wp-content\/uploads\/2023\/03\/fiorindo-con-lApe-Piaggio-scaled.jpg'><img loading=\"lazy\" decoding=\"async\" width=\"150\" height=\"150\" src=\"https:\/\/www.radiopiu.net\/wordpress\/wp-content\/uploads\/2023\/03\/fiorindo-con-lApe-Piaggio-150x150.jpg\" class=\"attachment-thumbnail size-thumbnail\" alt=\"\" \/><\/a>\n\t\t\t\t<\/dt><\/dl><dl class='gallery-item'>\n\t\t\t\t<dt class='gallery-icon landscape'>\n\t\t\t\t\t<a class=\"rollover rollover-zoom dt-pswp-item\" title=\"fiorindo e la banda degli alpini\" data-dt-img-description=\"\" data-large_image_width=\"2560\" data-large_image_height=\"1920\"href='https:\/\/www.radiopiu.net\/wordpress\/wp-content\/uploads\/2023\/03\/fiorindo-e-la-banda-degli-alpini-scaled.jpg'><img loading=\"lazy\" decoding=\"async\" width=\"150\" height=\"150\" src=\"https:\/\/www.radiopiu.net\/wordpress\/wp-content\/uploads\/2023\/03\/fiorindo-e-la-banda-degli-alpini-150x150.jpg\" class=\"attachment-thumbnail size-thumbnail\" alt=\"\" \/><\/a>\n\t\t\t\t<\/dt><\/dl><br style=\"clear: both\" \/>\n\t\t\t<\/div>\n\n<p>&nbsp;<\/p>\n<hr \/>\n<p>&nbsp;<\/p>\n<blockquote>\n<h3>TROVA L&#8217;ASSEGNO, LA POLIZIA LO RESTITUISCE<\/h3>\n<\/blockquote>\n<p><span style=\"font-family: Georgia, serif;\"><span style=\"font-size: large;\"><img loading=\"lazy\" decoding=\"async\" class=\"alignleft\" src=\"https:\/\/www.radiopiu.net\/wordpress\/wp-content\/uploads\/2022\/08\/294540518_422011536641247_1942219796620876388_n.jpg\" width=\"186\" height=\"124\" \/>BELLUNO In piazza dei Martiri una signora C.L. dopo aver trovato a terra fuori da un noto supermarket del centro cittadino un copioso assegno di oltre 64.000 euro, ha deciso di fermare una Volante della Polizia di Stato impegnata in un servizio di controllo del territorio, e di consegnarlo affinch\u00e9 venisse restituito al legittimo proprietario.<\/span><\/span> <span style=\"font-family: Georgia, serif;\"><span style=\"font-size: large;\">Gli accertamenti effettuati dall\u2019equipaggio hanno portato ad individuare in breve tempo il legittimo proprietario che con quell\u2019assegno, racconter\u00e0 poi agli agenti, aveva deciso di estinguere il mutuo contatto in banca.<\/span><\/span><\/p>\n<p>&nbsp;<\/p>\n<hr \/>\n<p>&nbsp;<\/p>\n<blockquote>\n<h3>LE PANCHE DEL MALINTESO COMPLICANO LA VITA A VITTORIO<\/h3>\n<\/blockquote>\n<p><strong><img decoding=\"async\" class=\"alignleft\" src=\"https:\/\/www.radiopiu.net\/wordpress\/wp-content\/uploads\/2023\/03\/Senza-nome-94.jpg\" \/>REDAZIONALE<\/strong>\u00a0 Vittorio \u00e8 un propietario di seconda casa che ha scelto l&#8217;Agordino per vivere. Non lontano dal suo paese nel trevigiano, ma che gli assicura una certa serenit\u00e0. Ne ha bisogno Vittorio dopo una vita difficile, un braccio strappato dal cardano del trattore a 16 anni, in seguito un grave incidente nel quale ha perso un figlio.<em> &#8220;Ed ora &#8211; dice &#8211; una vicenda che mi rende tristi questi giorni, tutto per un malinteso&#8221;.\u00a0<\/em> Il malinteso sulle panchine della Proloco di Canale d&#8217;Agordo che Vittorio ha portato a casa sua per restaurare e quindi adoperare, credendo fossero state dimenticate in un angolo. Una vicenda che fa anche sorridere, lo abbiamo detto a Vittorio, se Gianni Secco e Giorgio Fornasier avessero a suo tempo saputo della vicenda era un&#8217;ottima coda alla canzone ironica i\u00a0 &#8220;veneziani&#8221; dei Belumat dell&#8217;orto con la rete un metro ottanta e le patate nascoste sotto terra. Proviamo a buttarla sul ridere in considerazione della buona fede di Vittorio, in parte cittadino agordino, e soprattutto per l&#8217;immensa ansia che si porta appresso e per questo ha deciso di parlarne con noi, alla radio<\/p>\n<p>&nbsp;<\/p>\n<hr \/>\n<p>&nbsp;<\/p>\n<p>&nbsp;<\/p>\n<h3><a class=\"dt-pswp-item\" href=\"https:\/\/www.radiopiu.net\/wordpress\/wp-content\/uploads\/2023\/03\/foto1.jpg\" data-dt-img-description=\"\" data-large_image_width=\"246\" data-large_image_height=\"235\"><img loading=\"lazy\" decoding=\"async\" class=\"wp-image-329089 alignleft\" src=\"https:\/\/www.radiopiu.net\/wordpress\/wp-content\/uploads\/2023\/03\/foto1.jpg\" alt=\"\" width=\"151\" height=\"144\" \/><\/a>ADDIO A MARGHERITA<\/h3>\n<div id=\"articleContent\" class=\"mercuryWrapper\">\n<div class=\"mercuryScroller\">\n<div class=\"mercuryElement\">\n<div class=\"mercuryBox\">\n<div id=\"articlePlain\">\n<div class=\"articlePlainText\"><\/div>\n<div class=\"articlePlainText\"><strong>BELLUNO\u00a0<\/strong> Margherita Vaccari, 42 anni \u00e8\u00a0 deceduta marted\u00ec a Casa Tua 2.\u00a0 Anni fa aveva lavorato alla Slecker. Scoperta la malattia, era stata accudita dagli zii e dalle amiche, che le sono sempre state vicine. Lascia il pap\u00e0 e una sorella. I funerali si svolgeranno domani alle 15 nella chiesa di Cavarzano.<\/div>\n<div><\/div>\n<\/div>\n<\/div>\n<\/div>\n<\/div>\n<\/div>\n<p>&nbsp;<\/p>\n<hr \/>\n<p>&nbsp;<\/p>\n<blockquote>\n<h3><a class=\"dt-pswp-item\" href=\"https:\/\/www.radiopiu.net\/wordpress\/wp-content\/uploads\/2023\/03\/foto2-1.jpg\" data-dt-img-description=\"\" data-large_image_width=\"254\" data-large_image_height=\"235\"><img loading=\"lazy\" decoding=\"async\" class=\" wp-image-329092 alignleft\" src=\"https:\/\/www.radiopiu.net\/wordpress\/wp-content\/uploads\/2023\/03\/foto2-1.jpg\" alt=\"\" width=\"174\" height=\"161\" \/><\/a>E&#8217; MORTO IL PARROCO DEL VAJONT<\/h3>\n<\/blockquote>\n<p>&nbsp;<\/p>\n<p><strong>LONGARONE<\/strong> E&#8217; morto don Gastone Liut &#8220;il parroco del Vajont&#8221;: poche settimane prima del disastro, come primo incarico, gli venne affidata la comunit\u00e0 di Erto. Sopravvissuto alla terribile notte del 9 ottobre 1963, don Gastone segu\u00ec gli sfollati a Claut e partecip\u00f2 alla nascita del paese di Vajont, dove \u00e8 rimasto parroco ininterrottamente fino alla morte.<\/p>\n<p>&nbsp;<\/p>\n<p>&nbsp;<\/p>\n<hr \/>\n<p>&nbsp;<\/p>\n<blockquote>\n<h3>PRIMI DUE MIGRANTI NELL&#8217;AGORDINO, ASCA E COMUNE FANNO SQUADRA<\/h3>\n<\/blockquote>\n<blockquote><p><em><img loading=\"lazy\" decoding=\"async\" class=\"alignleft\" src=\"https:\/\/www.radiopiu.net\/wordpress\/wp-content\/uploads\/2023\/03\/fence-3585348__340.jpg\" width=\"268\" height=\"163\" \/>Nel 2016, durante una ondata di sbarchi, Agordo era stato l&#8217;unico dei Comuni della vallata ad aver accolto un gruppetto di sei profughi, che erano stati ospitati nell&#8217;ex pretura.<\/em><\/p><\/blockquote>\n<p><strong>AGORDO<\/strong> La Prefettura di Belluno ha comunicato al Comune l&#8217;affidamento di due migranti richiedenti asilo,\u00a0 fanno parte del contingente di 6 mila che a febbraio il ministero ha destinato alle sette province venete. Il Comune ha\u00a0 fornito ai due migranti i generi alimentari e i beni di prima necessit\u00e0, per i pasti,\u00a0 affidato un incarico urgente all&#8217;Asca, l&#8217;Azienda speciale consortile agordina, che cura l&#8217;assistenza domiciliare e la consegna di pasti a domicilio alle persone non autosufficienti. Sar\u00e0 cos\u00ec fino al 31 dicembre per un costo di 4.477 a carico del bilancio comunale che punta ad\u00a0 ottenere il rimborso delle spese.<\/p>\n<p>&nbsp;<\/p>\n<hr \/>\n<p>&nbsp;<\/p>\n<blockquote>\n<h3>SOLDI AI COMUNI PER LA VIDEO SORVEGLIANZA<\/h3>\n<\/blockquote>\n<p><strong><img loading=\"lazy\" decoding=\"async\" class=\"alignleft\" src=\"https:\/\/www.radiopiu.net\/wordpress\/wp-content\/uploads\/2022\/08\/VIDEOSORVEGLIANZA.png\" width=\"125\" height=\"96\" \/>VENEZIA<\/strong> La Giunta regionale ha approvato un bando che contribuir\u00e0 a finanziare investimenti promossi dai Comuni per l\u2019istallazione di impianti di videosorveglianza presso i centri di raccolta e in particolari siti dei territori comunali al fine di prevenire il deposito incontrollato di rifiuti. Ha una dotazione finanziaria di 250mila euro, prevede la possibilit\u00e0 di finanziare progettualit\u00e0 che implichino una spesa minima di 3mila euro; il contributo, nella misura del 50% della spesa, potr\u00e0 arrivare a un massimo di euro 15mila euro per amministrazione comunale. Ai microfoni di Radio Pi\u00f9 l&#8217;assessore Gianpaolo Bottacin,\u00a0 promotore del bando.<\/p>\n<div style=\"width: 352px;\" class=\"wp-video\"><video class=\"wp-video-shortcode\" id=\"video-328941-1\" width=\"352\" height=\"640\" preload=\"metadata\" controls=\"controls\"><source type=\"video\/mp4\" src=\"https:\/\/www.radiopiu.net\/wordpress\/wp-content\/uploads\/2023\/03\/WhatsApp-Video-2023-03-29-at-13.35.26.mp4?_=1\" \/><a href=\"https:\/\/www.radiopiu.net\/wordpress\/wp-content\/uploads\/2023\/03\/WhatsApp-Video-2023-03-29-at-13.35.26.mp4\">https:\/\/www.radiopiu.net\/wordpress\/wp-content\/uploads\/2023\/03\/WhatsApp-Video-2023-03-29-at-13.35.26.mp4<\/a><\/video><\/div>\n<p>&nbsp;<\/p>\n<hr \/>\n<p>&nbsp;<\/p>\n<p>&nbsp;<\/p>\n<blockquote>\n<h3>ADEGUAMENTO DEL MUNICIPIO, A PRIMAVERA VIA AI LAVORI<\/h3>\n<\/blockquote>\n<p><a class=\"dt-pswp-item\" href=\"https:\/\/www.radiopiu.net\/wordpress\/wp-content\/uploads\/2023\/03\/cesa-de-comun_1.jpg\" data-dt-img-description=\"\" data-large_image_width=\"892\" data-large_image_height=\"606\"><img loading=\"lazy\" decoding=\"async\" class=\"wp-image-328788 alignleft\" src=\"https:\/\/www.radiopiu.net\/wordpress\/wp-content\/uploads\/2023\/03\/cesa-de-comun_1-300x204.jpg\" alt=\"\" width=\"204\" height=\"139\" srcset=\"https:\/\/www.radiopiu.net\/wordpress\/wp-content\/uploads\/2023\/03\/cesa-de-comun_1-300x204.jpg 300w, https:\/\/www.radiopiu.net\/wordpress\/wp-content\/uploads\/2023\/03\/cesa-de-comun_1-768x522.jpg 768w, https:\/\/www.radiopiu.net\/wordpress\/wp-content\/uploads\/2023\/03\/cesa-de-comun_1.jpg 892w\" sizes=\"auto, (max-width: 204px) 100vw, 204px\" \/><\/a><strong>LIVINALLONGO<\/strong><\/p>\n<p>&nbsp;<\/p>\n<p><strong>DI LORENZO SORATROI<\/strong><\/p>\n<p>&nbsp;<\/p>\n<p>&nbsp;<\/p>\n<audio class=\"wp-audio-shortcode\" id=\"audio-328941-1\" preload=\"none\" style=\"width: 100%;\" controls=\"controls\"><source type=\"audio\/mpeg\" src=\"https:\/\/www.radiopiu.net\/wordpress\/wp-content\/uploads\/2023\/03\/LORENZO-NUOVA-SALA.mp3?_=1\" \/><a href=\"https:\/\/www.radiopiu.net\/wordpress\/wp-content\/uploads\/2023\/03\/LORENZO-NUOVA-SALA.mp3\">https:\/\/www.radiopiu.net\/wordpress\/wp-content\/uploads\/2023\/03\/LORENZO-NUOVA-SALA.mp3<\/a><\/audio>\n<p>&nbsp;<\/p>\n<p>&nbsp;<\/p>\n<p>&nbsp;<\/p>\n<hr \/>\n<p>&nbsp;<\/p>\n<blockquote>\n<h3>AGORDO CAMBIA CHIEDE L&#8217;INTITOLAZIONE DELL&#8217;OSPEDALE DI AGORDO AD ALBINO LUCIANI<\/h3>\n<\/blockquote>\n<p><strong><a class=\"dt-pswp-item\" href=\"https:\/\/www.radiopiu.net\/wordpress\/wp-content\/uploads\/2022\/07\/OSPEDALE-AGORDO.png\" data-dt-img-description=\"\" data-large_image_width=\"1316\" data-large_image_height=\"756\"><img loading=\"lazy\" decoding=\"async\" class=\" wp-image-289638 alignleft\" src=\"https:\/\/www.radiopiu.net\/wordpress\/wp-content\/uploads\/2022\/07\/OSPEDALE-AGORDO-300x172.png\" alt=\"\" width=\"199\" height=\"114\" srcset=\"https:\/\/www.radiopiu.net\/wordpress\/wp-content\/uploads\/2022\/07\/OSPEDALE-AGORDO-300x172.png 300w, https:\/\/www.radiopiu.net\/wordpress\/wp-content\/uploads\/2022\/07\/OSPEDALE-AGORDO-1024x588.png 1024w, https:\/\/www.radiopiu.net\/wordpress\/wp-content\/uploads\/2022\/07\/OSPEDALE-AGORDO-768x441.png 768w, https:\/\/www.radiopiu.net\/wordpress\/wp-content\/uploads\/2022\/07\/OSPEDALE-AGORDO.png 1316w\" sizes=\"auto, (max-width: 199px) 100vw, 199px\" \/><\/a>AGORDO<\/strong> Con una lettera inviata al Sindaco di Agordo, al Presidente dell&#8217;Unione Montana Agordina e al Direttore Generalale dell&#8217;Ulss 1 Dolomiti il gruppo consigliare Agordo Cambia chiede l&#8217;intitolazione dell&#8217;ospedale di Agordo a Giovanni Paolo primo, Albino Luciani.<\/p>\n<blockquote><p><strong>LA LETTERA<\/strong><\/p>\n<p><em>La sera del 18 luglio 2012, in occasione della fiaccolata sul Broi di Agordo per il 50\u00b0 dell&#8217;Ospedale Civile, promossa dai giovani dei gruppi &#8220;l&#8217;Impronta&#8221; e Altra Voce-Consulta giovanile Agordina&#8221; trasmesso anche dall&#8217;Emittente Agordina Radiopi\u00f9, emerse la proposta dell&#8217;intitolazione del nosocomio al Nostro Papa Albino Luciani, con il nome di Giovanni Paolo I^. Da quanto emerge anche dalla nota del 28 gennaio 2020 del Comitato Sanit\u00e0 Agordina, che sollecitava la presente iniziativa, l&#8217;ospedale di Pieve di Cadore \u00e8 stato a suo tempo intitolato a Papa Wojtyla, Giovanni Paolo II^, a strettissimo giro di posta di qualche mese. A distanza di undici anni dalla proposta agordina, peraltro ampiamente accolta dalla compagine politica, non si comprende perch\u00e9 a tutt&#8217;oggi l&#8217;iniziativa non sia ancora stata concretizzata, oltretutto rafforzata dallo stato attuale della beatificazione. A nostro modesto parere, per non dare adito a possibili distorsioni di comprensione tra le due figure Pontificali di Giovanni Paolo Primo e Secondo, il Nostro Ospedale potrebbe essere intitolato a Papa Albino Luciani, offrendo una traccia di familiarit\u00e0 pi\u00f9 intima, affettiva e popolare nelle abitudini lessicali del suo Agordino.<\/em><\/p>\n<p><em>Gruppo Consigliare Agordo Cambia<\/em><\/p><\/blockquote>\n<p>&nbsp;<\/p>\n<hr \/>\n<p>&nbsp;<\/p>\n<blockquote>\n<h3>LA STORIA, LASCIA L&#8217;ULSS PER LA CASA DI RIPOSO<\/h3>\n<\/blockquote>\n<p><strong><a class=\"dt-pswp-item\" href=\"https:\/\/www.radiopiu.net\/wordpress\/wp-content\/uploads\/2023\/03\/valentina-susana.jpg\" data-dt-img-description=\"\" data-large_image_width=\"960\" data-large_image_height=\"1280\"><img loading=\"lazy\" decoding=\"async\" class=\"wp-image-329007 alignleft\" src=\"https:\/\/www.radiopiu.net\/wordpress\/wp-content\/uploads\/2023\/03\/valentina-susana-225x300.jpg\" alt=\"\" width=\"152\" height=\"203\" srcset=\"https:\/\/www.radiopiu.net\/wordpress\/wp-content\/uploads\/2023\/03\/valentina-susana-225x300.jpg 225w, https:\/\/www.radiopiu.net\/wordpress\/wp-content\/uploads\/2023\/03\/valentina-susana-768x1024.jpg 768w, https:\/\/www.radiopiu.net\/wordpress\/wp-content\/uploads\/2023\/03\/valentina-susana.jpg 960w\" sizes=\"auto, (max-width: 152px) 100vw, 152px\" \/><\/a>BELLUNO\u00a0<\/strong> Valentina Susana, coordinatrice infermieristica all\u2019ospedale \u201cSan Martino\u201d di Belluno, ha scelto di lasciare la Ulss Dolomiti per la Casa di riposo di Meano. Dal prossimo fine mese, infatti, proseguir\u00e0 il suo percorso professionale come coordinatrice infermieristica nella struttura di Meano di Santa Giustina. Valentina Susana ha prestato servizio in passato nei Reparti di Medicina e in Chirurgia dell\u2019ospedale \u201cSan Martino\u201d di Belluno. E dal 2015 \u00e8 coordinatrice infermieristica nei Reparti di Malattie infettive e Pneumologia. Durante la pandemia \u00e8 stata coordinatrice nei Reparti covid , dove ha organizzato giorno per giorno personale, risorse, materiali. Ma ha soprattutto prestato assistenza diretta ai pazienti affetti dall&#8217;infezione covid 19. Per il suo operato \u00e8 stata insignita della onorificenza di Cavaliere al merito della Repubblica nel 2021 dal presidente Mattarella. Il Coordinamento provinciale caposala, nel ringraziare Valentina della collaborazione, le augura una buona continuazione della sua carriera professionale.<\/p>\n<p>&nbsp;<\/p>\n<p>&nbsp;<\/p>\n<hr \/>\n<p>&nbsp;<\/p>\n<blockquote>\n<h3><strong>ADEGUAMENTO SISMICO DEI PALAZZETTI DA ROMAGNO-BOVIO (CINGOLANI), APPROVATO IL PROGETTO DEFINITIVO<\/strong><\/h3>\n<\/blockquote>\n<p><strong><a class=\"dt-pswp-item\" href=\"https:\/\/www.radiopiu.net\/wordpress\/wp-content\/uploads\/2023\/03\/Palazzetti-Da-Romagno-Bovio-scaled.jpg\" data-dt-img-description=\"\" data-large_image_width=\"2560\" data-large_image_height=\"1440\"><img loading=\"lazy\" decoding=\"async\" class=\" wp-image-328955 alignleft\" src=\"https:\/\/www.radiopiu.net\/wordpress\/wp-content\/uploads\/2023\/03\/Palazzetti-Da-Romagno-Bovio-300x169.jpg\" alt=\"\" width=\"227\" height=\"128\" srcset=\"https:\/\/www.radiopiu.net\/wordpress\/wp-content\/uploads\/2023\/03\/Palazzetti-Da-Romagno-Bovio-300x169.jpg 300w, https:\/\/www.radiopiu.net\/wordpress\/wp-content\/uploads\/2023\/03\/Palazzetti-Da-Romagno-Bovio-1024x576.jpg 1024w, https:\/\/www.radiopiu.net\/wordpress\/wp-content\/uploads\/2023\/03\/Palazzetti-Da-Romagno-Bovio-768x432.jpg 768w, https:\/\/www.radiopiu.net\/wordpress\/wp-content\/uploads\/2023\/03\/Palazzetti-Da-Romagno-Bovio-1536x864.jpg 1536w, https:\/\/www.radiopiu.net\/wordpress\/wp-content\/uploads\/2023\/03\/Palazzetti-Da-Romagno-Bovio-2048x1152.jpg 2048w\" sizes=\"auto, (max-width: 227px) 100vw, 227px\" \/><\/a>FELTRE <\/strong>Via libera all\u2019importante intervento di adeguamento sismico e consolidamento dei Palazzetti Da Romagno-Bovio (noti come \u201cCingolani\u201d). La giunta comunale ha infatti approvato, nella sua ultima seduta, il progetto definitivo\/esecutivo per un investimento complessivo di 1, 1 milioni di euro.<\/p>\n<p><strong>L&#8217;ASSESSORE AI LAVORI PUBBLICI DEL COMUNE DI FELTRE ANDREA BONA<\/strong><\/p>\n<audio class=\"wp-audio-shortcode\" id=\"audio-328941-2\" preload=\"none\" style=\"width: 100%;\" controls=\"controls\"><source type=\"audio\/mpeg\" src=\"https:\/\/www.radiopiu.net\/wordpress\/wp-content\/uploads\/2023\/03\/Audio-ass.-Bona-su-Cingolani.mp3?_=2\" \/><a href=\"https:\/\/www.radiopiu.net\/wordpress\/wp-content\/uploads\/2023\/03\/Audio-ass.-Bona-su-Cingolani.mp3\">https:\/\/www.radiopiu.net\/wordpress\/wp-content\/uploads\/2023\/03\/Audio-ass.-Bona-su-Cingolani.mp3<\/a><\/audio>\n<p>&nbsp;<\/p>\n<hr \/>\n<p>&nbsp;<\/p>\n<blockquote>\n<h3>FUSIONE BIM GSP E BIM INFRASTRUTTURE. I DUBBI DEL COORDINATORE DEL TERZO POLO ANDREA DE BORTOLI<\/h3>\n<\/blockquote>\n<p><strong><a class=\"dt-pswp-item\" href=\"https:\/\/www.radiopiu.net\/wordpress\/wp-content\/uploads\/2023\/03\/Andrea-De-Bortoli-AIS.jpg\" data-dt-img-description=\"\" data-large_image_width=\"2201\" data-large_image_height=\"2560\"><img loading=\"lazy\" decoding=\"async\" class=\" wp-image-326406 alignleft\" src=\"https:\/\/www.radiopiu.net\/wordpress\/wp-content\/uploads\/2023\/03\/Andrea-De-Bortoli-AIS-258x300.jpg\" alt=\"\" width=\"138\" height=\"160\" srcset=\"https:\/\/www.radiopiu.net\/wordpress\/wp-content\/uploads\/2023\/03\/Andrea-De-Bortoli-AIS-258x300.jpg 258w, https:\/\/www.radiopiu.net\/wordpress\/wp-content\/uploads\/2023\/03\/Andrea-De-Bortoli-AIS-880x1024.jpg 880w, https:\/\/www.radiopiu.net\/wordpress\/wp-content\/uploads\/2023\/03\/Andrea-De-Bortoli-AIS-768x893.jpg 768w, https:\/\/www.radiopiu.net\/wordpress\/wp-content\/uploads\/2023\/03\/Andrea-De-Bortoli-AIS-1321x1536.jpg 1321w, https:\/\/www.radiopiu.net\/wordpress\/wp-content\/uploads\/2023\/03\/Andrea-De-Bortoli-AIS-1761x2048.jpg 1761w\" sizes=\"auto, (max-width: 138px) 100vw, 138px\" \/><\/a>BELLUNO <\/strong>La fusione tra Bim Gsp e Bim Belluno Infrastrutture, con incorporazione di quest\u2019ultima, pare cosa ormai certa, questo almeno quello che si evince dalle cronache degli ultimi giorni. Secondo Andrea De Bortoli, coordinatore del Terzo polo bellunese ci sono per\u00f2 alcuni aspetti che meritano di essere approfonditi: \u201cpartiamo dal fatto che si \u00e8 deciso di approvare, per quanto in via preliminare, un\u2019aggregazione societaria sulla base di un documento che raccoglie per ora tante buone intenzioni.\u00a0 Ma allora \u00e8 lecito chiedersi: sulla base di quali razionali si \u00e8 chiesto un voto di indirizzo agli amministratori, che rappresentano gli interessi di migliaia di cittadini bellunesi? Un tema fondamentale \u00e8 poi quello della governance. Si \u00e8 detto che una societ\u00e0 ben capitalizzata potr\u00e0 muoversi sul mercato, soprattutto quello del credito, in maniera agevole ed autorevole. Credo non basti&#8221;.<\/p>\n<p>&nbsp;<\/p>\n<p>&nbsp;<\/p>\n<hr \/>\n<p>&nbsp;<\/p>\n<blockquote>\n<h3>RICLASSIFICAZIONE, INCONTRO A VILLA PATT CON REGIONE E VENETO STRADE<\/h3>\n<\/blockquote>\n<p><strong><a class=\"dt-pswp-item\" href=\"https:\/\/www.radiopiu.net\/wordpress\/wp-content\/uploads\/2018\/07\/villa-patt.jpg\" data-dt-img-description=\"\" data-large_image_width=\"5312\" data-large_image_height=\"2988\"><img loading=\"lazy\" decoding=\"async\" class=\"size-medium wp-image-53095 alignleft\" src=\"https:\/\/www.radiopiu.net\/wordpress\/wp-content\/uploads\/2018\/07\/villa-patt-300x169.jpg\" alt=\"\" width=\"300\" height=\"169\" srcset=\"https:\/\/www.radiopiu.net\/wordpress\/wp-content\/uploads\/2018\/07\/villa-patt-300x169.jpg 300w, https:\/\/www.radiopiu.net\/wordpress\/wp-content\/uploads\/2018\/07\/villa-patt-768x432.jpg 768w, https:\/\/www.radiopiu.net\/wordpress\/wp-content\/uploads\/2018\/07\/villa-patt-1024x576.jpg 1024w\" sizes=\"auto, (max-width: 300px) 100vw, 300px\" \/><\/a>BELLUNO<\/strong> \u00abLa gestione della rete stradale provinciale deve rimanere unitaria, senza soluzione di continuit\u00e0 rispetto a quanto avvenuto fino a oggi\u00bb. Lo ha affermato il presidente della Provincia di Belluno, Roberto Padrin, partecipando a un incontro con i lavoratori di Veneto Strade a Villa Patt. La riunione era stata convocata dall\u2019assessore regionale Elisa De Berti per fare il punto della situazione con i dipendenti dell\u2019azienda, dopo la scomparsa dell\u2019amministratore delegato Silvano Vernizzi. <em>\u00abPer noi vale quanto scritto nelle premesse della convenzione che abbiamo approvato. Ovvero che si intende gestire in maniera unitaria il reticolo di strade\u00bb ha detto il presidente Padrin\u00a0 &#8211; crediamo che debba essere assicurata continuit\u00e0 nella manutenzione, con il soggetto Veneto Strade, che negli anni si \u00e8 dimostrato un ottimo sistema di gestione, per territorialit\u00e0 ed economie di scala. La rete viabile \u00e8 una risorsa per un territorio di montagna&#8221;<\/em>.\u00a0 L&#8217;obiettivo dell&#8217;assessore De Berti:<em> &#8220;che l\u2019accordo con Regione e Anas sia un modo per continuare a dare lavoro e operativit\u00e0 a Veneto Strade, e quindi a salvaguardare da una parte la sicurezza e la transitabilit\u00e0 delle strade, dall\u2019altro a mantenere i posti di lavoro<\/em>.<\/p>\n<p>&nbsp;<\/p>\n<p>&nbsp;<\/p>\n<hr \/>\n<p>&nbsp;<\/p>\n<blockquote>\n<h3>APPROVATO IL PREZZIARIO REGIONALE DELLE OPERE PUBBLICHE<\/h3>\n<\/blockquote>\n<p><strong>VENEZIA <\/strong>La Giunta regionale del Veneto, su proposta della vicepresidente e assessore ai Lavori pubblici, Elisa De Berti, ha approvato l\u2019aggiornamento annuale del prezzario regionale delle opere pubbliche per l\u2019anno 2023, un provvedimento che la normativa chiede venga fatto entro il 31 marzo. Tra i principali aggiornamenti effettuati sono da annoverare l\u2019introduzione di oltre 4.000 nuove analisi di prezzi delle lavorazioni che ora sono tutte completate, e l\u2019inserimento delle 634 voci di prezzi del Provveditorato per le Opere Pubbliche del Triveneto relativi alle opere marittime e lagunari, recepite cos\u00ec nel prezzario regionale. L\u2019aggiornamento complessivo effettuato comprende circa 19.000 prezzi. Di questi, 9.000 sono prezzi elementari, 10.000 invece sono relativi alle lavorazioni. Lo strumento approvato \u00e8 stato illustrato nella Commissione Appalti Regionale e ha ricevuto il parere favorevole all\u2019unanimit\u00e0 delle associazioni di categoria coinvolte nel processo elaborativo del prezzario.<\/p>\n<p>&nbsp;<\/p>\n<p>&nbsp;<\/p>\n<hr \/>\n<p>&nbsp;<\/p>\n<blockquote>\n<h3>CHIUSO ANCHE IL NEGOZIO DI SPERT<\/h3>\n<\/blockquote>\n<p><span id=\"page3R_mcid3\" class=\"markedContent\"><strong><a class=\"dt-pswp-item\" href=\"https:\/\/www.radiopiu.net\/wordpress\/wp-content\/uploads\/2023\/03\/Paulon-De-Francesch-Costa-Guolla.jpg\" data-dt-img-description=\"\" data-large_image_width=\"1024\" data-large_image_height=\"768\"><img loading=\"lazy\" decoding=\"async\" class=\"size-medium wp-image-329011 alignleft\" src=\"https:\/\/www.radiopiu.net\/wordpress\/wp-content\/uploads\/2023\/03\/Paulon-De-Francesch-Costa-Guolla-300x225.jpg\" alt=\"\" width=\"300\" height=\"225\" srcset=\"https:\/\/www.radiopiu.net\/wordpress\/wp-content\/uploads\/2023\/03\/Paulon-De-Francesch-Costa-Guolla-300x225.jpg 300w, https:\/\/www.radiopiu.net\/wordpress\/wp-content\/uploads\/2023\/03\/Paulon-De-Francesch-Costa-Guolla-768x576.jpg 768w, https:\/\/www.radiopiu.net\/wordpress\/wp-content\/uploads\/2023\/03\/Paulon-De-Francesch-Costa-Guolla.jpg 1024w\" sizes=\"auto, (max-width: 300px) 100vw, 300px\" \/><\/a>ALPAGO<\/strong> <span dir=\"ltr\" role=\"presentation\">Dopo quello di Santa Croce, il 31 marzo chiude anche il negozio di alimentari della frazione di Spert<\/span><span dir=\"ltr\" role=\"presentation\">. I<\/span><\/span><span id=\"page3R_mcid4\" class=\"markedContent\"><span dir=\"ltr\" role=\"presentation\">l gruppo consigliare \u201cAlpago, insieme per il futuro\u201d si fa\u00a0 parte <\/span><span dir=\"ltr\" role=\"presentation\">attiva e rinnova il messaggio gi\u00e0 lanciato qualche mese fa di prestare attenzione agli esercizi <\/span><span dir=\"ltr\" role=\"presentation\">commerciali di paese monitorando preventivamente le situazioni di difficolt\u00e0 l\u00e0 dove si presentano. I <\/span><\/span><span id=\"page3R_mcid5\" class=\"markedContent\"><span dir=\"ltr\" role=\"presentation\">consiglieri Vanessa De Francesch e<\/span><br role=\"presentation\" \/><span dir=\"ltr\" role=\"presentation\">Federico Costa: \u201cS<\/span><span dir=\"ltr\" role=\"presentation\">iamo preoccupati perch\u00e9 dopo Santa Croce, chiude un\u2019attivit\u00e0 fondamentale per<\/span><br role=\"presentation\" \/><span dir=\"ltr\" role=\"presentation\">una frazione situata nella parte alta del nostro Comune e lontana da altri centri dotati di esercizi <\/span><span dir=\"ltr\" role=\"presentation\">commerciali&#8221;. <\/span><\/span><span id=\"page3R_mcid6\" class=\"markedContent\"><span dir=\"ltr\" role=\"presentation\">Della stessa opinione degli ex colleghi di giunta (De Francesch e Costa), anche l\u2019ex assessore al <\/span><span dir=\"ltr\" role=\"presentation\">sociale<\/span> <span dir=\"ltr\" role=\"presentation\">del<\/span> <span dir=\"ltr\" role=\"presentation\">precedente<\/span> <span dir=\"ltr\" role=\"presentation\">mandato<\/span> <span dir=\"ltr\" role=\"presentation\">amministrativo,<\/span> <span dir=\"ltr\" role=\"presentation\">Luigina<\/span> <span dir=\"ltr\" role=\"presentation\">Guolla,<\/span> <span dir=\"ltr\" role=\"presentation\">che<\/span> <span dir=\"ltr\" role=\"presentation\">vive<\/span> <span dir=\"ltr\" role=\"presentation\">a<\/span> <span dir=\"ltr\" role=\"presentation\">Spert<\/span> <span dir=\"ltr\" role=\"presentation\">e<\/span> <span dir=\"ltr\" role=\"presentation\">forte <\/span><span dir=\"ltr\" role=\"presentation\">dell\u2019esperienza amministrativa maturata, condivide i timori dello spopolamento delle \u201czone alte\u201d: <\/span><\/span><span id=\"page3R_mcid7\" class=\"markedContent\"><span dir=\"ltr\" role=\"presentation\">L\u2019azione dei consiglieri, volta a sensibilizzare sulle chiusure dei negozi di Santa Croce prima e oggi di <\/span><span dir=\"ltr\" role=\"presentation\">Spert, va a difesa dei presidi dei negozi di vicinato in due frazioni periferiche, ma strategiche del <\/span><span dir=\"ltr\" role=\"presentation\">Comune di Alpago anche in chiave turistica <\/span><\/span><em><span id=\"page3R_mcid9\" class=\"markedContent\"><span dir=\"ltr\" role=\"presentation\">\u201cFacciamo infine presente<\/span> <span dir=\"ltr\" role=\"presentation\">-dichiarano i consiglieri De Francesch e Costa-<\/span> <span dir=\"ltr\" role=\"presentation\">di aver gi\u00e0 interessato lo <\/span><span dir=\"ltr\" role=\"presentation\">scorso mese di novembre anche l\u2019Amministrazione Comunale con una let<\/span><span dir=\"ltr\" role=\"presentation\">tera aperta al Sindaco, <\/span><span dir=\"ltr\" role=\"presentation\">rimasta per\u00f2 priva di risposte. Poniamo quindi nuovamente la questione affinch\u00e9 si trovi presto una <\/span><span dir=\"ltr\" role=\"presentation\">soluzione per la riapertura degli esercizi commerciali di vicinato e pi\u00f9 in generale si attui un sostegno <\/span><span dir=\"ltr\" role=\"presentation\">concreto ai negozi di prossimit\u00e0. Spert \u00e8 un paese vivace sotto tutti i punti di vista e ha delle <\/span><span dir=\"ltr\" role=\"presentation\">potenzialit\u00e0 ancora inespresse che meritano di essere governate e incentivate con la speranza e la <\/span><span dir=\"ltr\" role=\"presentation\">passione di chi come noi crede che in montagna si possa e si debba vivere e operare\u201d<\/span><\/span><\/em><\/p>\n<p>&nbsp;<\/p>\n<hr \/>\n<p>&nbsp;<\/p>\n<blockquote>\n<h3>LE DONAZIONI DELL&#8217;ASSOCIAZIONE EMANUELE<\/h3>\n<\/blockquote>\n<p><strong>LIMANA<\/strong> Due importanti donazioni per il Comune di Limana e la Protezione Civile, che hanno finalmente potuto \u201cinaugurare\u201d dopo la pandemia gli strumenti donati dall&#8217;Associazione Emanuele: un defibrillatore e una pompa idrovora.<\/p>\n<p><strong>DI DANIELE DALVIT<\/strong><\/p>\n<audio class=\"wp-audio-shortcode\" id=\"audio-328941-3\" preload=\"none\" style=\"width: 100%;\" controls=\"controls\"><source type=\"audio\/mpeg\" src=\"https:\/\/www.radiopiu.net\/wordpress\/wp-content\/uploads\/2023\/03\/Radio-Piu-Servizio-Donazione-Associazione-Emanuele.mp3?_=3\" \/><a href=\"https:\/\/www.radiopiu.net\/wordpress\/wp-content\/uploads\/2023\/03\/Radio-Piu-Servizio-Donazione-Associazione-Emanuele.mp3\">https:\/\/www.radiopiu.net\/wordpress\/wp-content\/uploads\/2023\/03\/Radio-Piu-Servizio-Donazione-Associazione-Emanuele.mp3<\/a><\/audio>\n\n\t\t\t<style type='text\/css'>\n\t\t\t\t#gallery-2 {\n\t\t\t\t\tmargin: auto;\n\t\t\t\t}\n\t\t\t\t#gallery-2 .gallery-item {\n\t\t\t\t\tfloat: left;\n\t\t\t\t\tmargin-top: 10px;\n\t\t\t\t\ttext-align: center;\n\t\t\t\t\twidth: 25%;\n\t\t\t\t}\n\t\t\t\t#gallery-2 img {\n\t\t\t\t\tborder: 2px solid #cfcfcf;\n\t\t\t\t}\n\t\t\t\t#gallery-2 .gallery-caption {\n\t\t\t\t\tmargin-left: 0;\n\t\t\t\t}\n\t\t\t\t\/* see gallery_shortcode() in wp-includes\/media.php *\/\n\t\t\t<\/style>\n\t\t<div id='gallery-2' class='dt-gallery-container gallery galleryid-328941 gallery-columns-4 gallery-size-thumbnail'><dl class='gallery-item'>\n\t\t\t\t<dt class='gallery-icon landscape'>\n\t\t\t\t\t<a class=\"rollover\" href='https:\/\/www.radiopiu.net\/wordpress\/le-donazioni-delllassociazione\/e9725aaa-adbe-4dec-b6ad-d77a378bf033\/'><img loading=\"lazy\" decoding=\"async\" width=\"150\" height=\"150\" src=\"https:\/\/www.radiopiu.net\/wordpress\/wp-content\/uploads\/2023\/03\/e9725aaa-adbe-4dec-b6ad-d77a378bf033-150x150.jpg\" class=\"attachment-thumbnail size-thumbnail\" alt=\"\" \/><\/a>\n\t\t\t\t<\/dt><\/dl><dl class='gallery-item'>\n\t\t\t\t<dt class='gallery-icon landscape'>\n\t\t\t\t\t<a class=\"rollover\" href='https:\/\/www.radiopiu.net\/wordpress\/le-donazioni-delllassociazione\/db17f8e3-994c-44d8-8589-7e43cdb40c78\/'><img loading=\"lazy\" decoding=\"async\" width=\"150\" height=\"150\" src=\"https:\/\/www.radiopiu.net\/wordpress\/wp-content\/uploads\/2023\/03\/db17f8e3-994c-44d8-8589-7e43cdb40c78-150x150.jpg\" class=\"attachment-thumbnail size-thumbnail\" alt=\"\" \/><\/a>\n\t\t\t\t<\/dt><\/dl><dl class='gallery-item'>\n\t\t\t\t<dt class='gallery-icon landscape'>\n\t\t\t\t\t<a class=\"rollover\" href='https:\/\/www.radiopiu.net\/wordpress\/le-donazioni-delllassociazione\/6f2a9fe2-dd7a-45f9-a5d6-7fd81456660f\/'><img loading=\"lazy\" decoding=\"async\" width=\"150\" height=\"150\" src=\"https:\/\/www.radiopiu.net\/wordpress\/wp-content\/uploads\/2023\/03\/6f2a9fe2-dd7a-45f9-a5d6-7fd81456660f-150x150.jpg\" class=\"attachment-thumbnail size-thumbnail\" alt=\"\" \/><\/a>\n\t\t\t\t<\/dt><\/dl><dl class='gallery-item'>\n\t\t\t\t<dt class='gallery-icon landscape'>\n\t\t\t\t\t<a class=\"rollover\" href='https:\/\/www.radiopiu.net\/wordpress\/le-donazioni-delllassociazione\/96cf4254-3859-4544-9224-5b496fb7c03e\/'><img loading=\"lazy\" decoding=\"async\" width=\"150\" height=\"150\" src=\"https:\/\/www.radiopiu.net\/wordpress\/wp-content\/uploads\/2023\/03\/96cf4254-3859-4544-9224-5b496fb7c03e-150x150.jpg\" class=\"attachment-thumbnail size-thumbnail\" alt=\"\" \/><\/a>\n\t\t\t\t<\/dt><\/dl><br style=\"clear: both\" \/>\n\t\t\t<\/div>\n\n<p>&nbsp;<\/p>\n<hr \/>\n<p>&nbsp;<\/p>\n<blockquote>\n<h3>PIANO ESSILORLUXOTTICA, PROTAGONISTI GLI STABILIMENTI BELLUNESI<\/h3>\n<\/blockquote>\n<blockquote><p><em>L\u2019azionariato dei dipendenti \u00e8 centrale nella cultura e nella strategia di sviluppo a lungo termine di EssilorLuxottica, al pari della trazione di welfare del gruppo profondamente radicata in Italia.<\/em><\/p><\/blockquote>\n<p><strong><a class=\"dt-pswp-item\" href=\"https:\/\/www.radiopiu.net\/wordpress\/wp-content\/uploads\/2023\/01\/f5c58041-2f77-4ccf-b15d-82d7064a18a9.jpg\" data-dt-img-description=\"\" data-large_image_width=\"2048\" data-large_image_height=\"1536\"><img loading=\"lazy\" decoding=\"async\" class=\"size-medium wp-image-319449 alignleft\" src=\"https:\/\/www.radiopiu.net\/wordpress\/wp-content\/uploads\/2023\/01\/f5c58041-2f77-4ccf-b15d-82d7064a18a9-300x225.jpg\" alt=\"\" width=\"300\" height=\"225\" srcset=\"https:\/\/www.radiopiu.net\/wordpress\/wp-content\/uploads\/2023\/01\/f5c58041-2f77-4ccf-b15d-82d7064a18a9-300x225.jpg 300w, https:\/\/www.radiopiu.net\/wordpress\/wp-content\/uploads\/2023\/01\/f5c58041-2f77-4ccf-b15d-82d7064a18a9-1024x768.jpg 1024w, https:\/\/www.radiopiu.net\/wordpress\/wp-content\/uploads\/2023\/01\/f5c58041-2f77-4ccf-b15d-82d7064a18a9-768x576.jpg 768w, https:\/\/www.radiopiu.net\/wordpress\/wp-content\/uploads\/2023\/01\/f5c58041-2f77-4ccf-b15d-82d7064a18a9-1536x1152.jpg 1536w, https:\/\/www.radiopiu.net\/wordpress\/wp-content\/uploads\/2023\/01\/f5c58041-2f77-4ccf-b15d-82d7064a18a9.jpg 2048w\" sizes=\"auto, (max-width: 300px) 100vw, 300px\" \/><\/a>AGORDO\u00a0 <\/strong>Il 2022 ha visto nuovi risultati record in termini di partecipazione dei dipendenti nell\u2019azionariato del Gruppo, sono infatti oggi oltre 72.000 coloro che detengono una partecipazione nel capitale. \u00a0E&#8217; Agordo che si conferma nel 2022 lo stabilimento veneto con pi\u00f9 adesioni a Boost, con il 60% degli aventi diritto che ha aderito al piano 2022, seguito da Cencenighe (56,3%), Pederobba (56,8%) e Sedico (53,7%), tutti tassi di sottoscrizione in crescita rispetto al 2021.\u00a0 Pi\u00f9 di un operaio su due ha allineato i suoi interessi a quelli del Gruppo, con un valore che va oltre il vantaggio puramente economico e assume piuttosto un significato simbolico di consolidamento del legame tra l\u2019azienda e i suoi collaboratori, nel solco della volont\u00e0 di Leonardo Del Vecchio e del Presidente e AD Francesco Milleri. Ottimi i risultati raggiunti anche a livello nazionale, dove hanno aderito il 57% dei dipendenti aventi diritto, ovvero circa 13.000 persone , in crescita rispetto al dato 2021.<\/p>\n<p>&nbsp;<\/p>\n<blockquote><p><em>Il meccanismo di Boost \u00e8 semplice: durante il periodo di sottoscrizione (tra ottobre e novembre 2022) i dipendenti hanno avuto la possibilit\u00e0 di acquistare azioni EssilorLuxottica a condizioni agevolate. Il prezzo di sottoscrizione era corrispondente alla media delle 20 quotazioni di apertura del titolo nei giorni precedenti all\u2019annuncio del prezzo. \u00a0Era possibile scegliere tra cinque opzioni d&#8217;investimento, acquistando il valore di mezza, una, due, tre o quattro azioni. EssilorLuxottica ha raddoppiato l&#8217;investimento iniziale, offrendo un numero corrispondente di azioni gratuite. \u00a09 dipendenti su 10 (oltre il 90%) ha acquistato il massimo delle azioni (4 + 4).\u00a0<\/em><\/p>\n<p>&nbsp;<\/p><\/blockquote>\n<hr \/>\n<p>&nbsp;<\/p>\n<blockquote>\n<h3>INVESTIMENTO O PREDAZIONE? SANGUE SUL DURAN<\/h3>\n<\/blockquote>\n<p><strong>LA VALLE<\/strong> Chilometro 39 della SP347 passo Duran localit\u00e0 Pighe lato La Valle. Resti di selvatici , tre corpi di ungulati lungo la\u00a0 scarpata sottostrada e diffuse tracce di sangue sulla carreggiata con pezzi di plastica probabilmente di un&#8217;auto. Non si capisce se sia una predazione e successivo investimento oppure, al contrario, un investimento e successiva eventuale predazione.<\/p>\n<p>FOTO, Tiziano De Col<\/p>\n\n\t\t\t<style type='text\/css'>\n\t\t\t\t#gallery-3 {\n\t\t\t\t\tmargin: auto;\n\t\t\t\t}\n\t\t\t\t#gallery-3 .gallery-item {\n\t\t\t\t\tfloat: left;\n\t\t\t\t\tmargin-top: 10px;\n\t\t\t\t\ttext-align: center;\n\t\t\t\t\twidth: 20%;\n\t\t\t\t}\n\t\t\t\t#gallery-3 img {\n\t\t\t\t\tborder: 2px solid #cfcfcf;\n\t\t\t\t}\n\t\t\t\t#gallery-3 .gallery-caption {\n\t\t\t\t\tmargin-left: 0;\n\t\t\t\t}\n\t\t\t\t\/* see gallery_shortcode() in wp-includes\/media.php *\/\n\t\t\t<\/style>\n\t\t<div id='gallery-3' class='dt-gallery-container gallery galleryid-328941 gallery-columns-5 gallery-size-thumbnail'><dl class='gallery-item'>\n\t\t\t\t<dt class='gallery-icon landscape'>\n\t\t\t\t\t<a class=\"rollover\" href='https:\/\/www.radiopiu.net\/wordpress\/investimento-o-predazione-sangue-sul-duran\/10f26e3d-58a5-497e-8851-965503012fcf\/'><img loading=\"lazy\" decoding=\"async\" width=\"150\" height=\"150\" src=\"https:\/\/www.radiopiu.net\/wordpress\/wp-content\/uploads\/2023\/03\/10f26e3d-58a5-497e-8851-965503012fcf-150x150.jpg\" class=\"attachment-thumbnail size-thumbnail\" alt=\"\" \/><\/a>\n\t\t\t\t<\/dt><\/dl><dl class='gallery-item'>\n\t\t\t\t<dt class='gallery-icon portrait'>\n\t\t\t\t\t<a class=\"rollover\" href='https:\/\/www.radiopiu.net\/wordpress\/investimento-o-predazione-sangue-sul-duran\/5edc88df-cebb-43f6-a182-df2efe7f89fb\/'><img loading=\"lazy\" decoding=\"async\" width=\"150\" height=\"150\" src=\"https:\/\/www.radiopiu.net\/wordpress\/wp-content\/uploads\/2023\/03\/5edc88df-cebb-43f6-a182-df2efe7f89fb-150x150.jpg\" class=\"attachment-thumbnail size-thumbnail\" alt=\"\" \/><\/a>\n\t\t\t\t<\/dt><\/dl><dl class='gallery-item'>\n\t\t\t\t<dt class='gallery-icon landscape'>\n\t\t\t\t\t<a class=\"rollover\" href='https:\/\/www.radiopiu.net\/wordpress\/investimento-o-predazione-sangue-sul-duran\/671a0746-91a0-4daa-b2c7-8384200a5f3a\/'><img loading=\"lazy\" decoding=\"async\" width=\"150\" height=\"150\" src=\"https:\/\/www.radiopiu.net\/wordpress\/wp-content\/uploads\/2023\/03\/671a0746-91a0-4daa-b2c7-8384200a5f3a-150x150.jpg\" class=\"attachment-thumbnail size-thumbnail\" alt=\"\" \/><\/a>\n\t\t\t\t<\/dt><\/dl><dl class='gallery-item'>\n\t\t\t\t<dt class='gallery-icon landscape'>\n\t\t\t\t\t<a class=\"rollover\" href='https:\/\/www.radiopiu.net\/wordpress\/investimento-o-predazione-sangue-sul-duran\/cb282952-ac65-4964-9f07-724211af2bcd\/'><img loading=\"lazy\" decoding=\"async\" width=\"150\" height=\"150\" src=\"https:\/\/www.radiopiu.net\/wordpress\/wp-content\/uploads\/2023\/03\/cb282952-ac65-4964-9f07-724211af2bcd-150x150.jpg\" class=\"attachment-thumbnail size-thumbnail\" alt=\"\" \/><\/a>\n\t\t\t\t<\/dt><\/dl><dl class='gallery-item'>\n\t\t\t\t<dt class='gallery-icon portrait'>\n\t\t\t\t\t<a class=\"rollover\" href='https:\/\/www.radiopiu.net\/wordpress\/investimento-o-predazione-sangue-sul-duran\/c703c4fd-245d-41e4-88d1-10117a7cfb59\/'><img loading=\"lazy\" decoding=\"async\" width=\"150\" height=\"150\" src=\"https:\/\/www.radiopiu.net\/wordpress\/wp-content\/uploads\/2023\/03\/c703c4fd-245d-41e4-88d1-10117a7cfb59-150x150.jpg\" class=\"attachment-thumbnail size-thumbnail\" alt=\"\" \/><\/a>\n\t\t\t\t<\/dt><\/dl><br style=\"clear: both\" \/><dl class='gallery-item'>\n\t\t\t\t<dt class='gallery-icon portrait'>\n\t\t\t\t\t<a class=\"rollover\" href='https:\/\/www.radiopiu.net\/wordpress\/investimento-o-predazione-sangue-sul-duran\/2ed94b6e-6d9e-4275-bede-4318f9915722\/'><img loading=\"lazy\" decoding=\"async\" width=\"150\" height=\"150\" src=\"https:\/\/www.radiopiu.net\/wordpress\/wp-content\/uploads\/2023\/03\/2ed94b6e-6d9e-4275-bede-4318f9915722-150x150.jpg\" class=\"attachment-thumbnail size-thumbnail\" alt=\"\" \/><\/a>\n\t\t\t\t<\/dt><\/dl><dl class='gallery-item'>\n\t\t\t\t<dt class='gallery-icon portrait'>\n\t\t\t\t\t<a class=\"rollover\" href='https:\/\/www.radiopiu.net\/wordpress\/investimento-o-predazione-sangue-sul-duran\/2420f762-c3aa-480d-b062-b5fb6ff9e288\/'><img loading=\"lazy\" decoding=\"async\" width=\"150\" height=\"150\" src=\"https:\/\/www.radiopiu.net\/wordpress\/wp-content\/uploads\/2023\/03\/2420f762-c3aa-480d-b062-b5fb6ff9e288-150x150.jpg\" class=\"attachment-thumbnail size-thumbnail\" alt=\"\" \/><\/a>\n\t\t\t\t<\/dt><\/dl><dl class='gallery-item'>\n\t\t\t\t<dt class='gallery-icon landscape'>\n\t\t\t\t\t<a class=\"rollover\" href='https:\/\/www.radiopiu.net\/wordpress\/investimento-o-predazione-sangue-sul-duran\/e51d368b-531a-4e32-a444-49039ef52d8e\/'><img loading=\"lazy\" decoding=\"async\" width=\"150\" height=\"150\" src=\"https:\/\/www.radiopiu.net\/wordpress\/wp-content\/uploads\/2023\/03\/e51d368b-531a-4e32-a444-49039ef52d8e-150x150.jpg\" class=\"attachment-thumbnail size-thumbnail\" alt=\"\" \/><\/a>\n\t\t\t\t<\/dt><\/dl><dl class='gallery-item'>\n\t\t\t\t<dt class='gallery-icon landscape'>\n\t\t\t\t\t<a class=\"rollover\" href='https:\/\/www.radiopiu.net\/wordpress\/investimento-o-predazione-sangue-sul-duran\/4fb42f2e-c9e1-4c01-a701-77d1ad85b423\/'><img loading=\"lazy\" decoding=\"async\" width=\"150\" height=\"150\" src=\"https:\/\/www.radiopiu.net\/wordpress\/wp-content\/uploads\/2023\/03\/4fb42f2e-c9e1-4c01-a701-77d1ad85b423-150x150.jpg\" class=\"attachment-thumbnail size-thumbnail\" alt=\"\" \/><\/a>\n\t\t\t\t<\/dt><\/dl><dl class='gallery-item'>\n\t\t\t\t<dt class='gallery-icon portrait'>\n\t\t\t\t\t<a class=\"rollover\" href='https:\/\/www.radiopiu.net\/wordpress\/investimento-o-predazione-sangue-sul-duran\/47ab3f71-b709-4265-8494-3326bd94a158\/'><img loading=\"lazy\" decoding=\"async\" width=\"150\" height=\"150\" src=\"https:\/\/www.radiopiu.net\/wordpress\/wp-content\/uploads\/2023\/03\/47ab3f71-b709-4265-8494-3326bd94a158-150x150.jpg\" class=\"attachment-thumbnail size-thumbnail\" alt=\"\" \/><\/a>\n\t\t\t\t<\/dt><\/dl><br style=\"clear: both\" \/>\n\t\t\t<\/div>\n\n<p><strong>IERI: ritrovamento a Caprile di Alleghe lungo il torrente Cordevole<br \/>\n<\/strong><em>la segnalazione di Gianluca<\/em><\/p>\n<p><a class=\"dt-pswp-item\" href=\"https:\/\/www.radiopiu.net\/wordpress\/wp-content\/uploads\/2023\/03\/IMG_20230318_171134-scaled.jpg\" data-dt-img-description=\"\" data-large_image_width=\"2560\" data-large_image_height=\"1440\"><img loading=\"lazy\" decoding=\"async\" class=\"alignnone size-medium wp-image-329114\" src=\"https:\/\/www.radiopiu.net\/wordpress\/wp-content\/uploads\/2023\/03\/IMG_20230318_171134-300x169.jpg\" alt=\"\" width=\"300\" height=\"169\" srcset=\"https:\/\/www.radiopiu.net\/wordpress\/wp-content\/uploads\/2023\/03\/IMG_20230318_171134-300x169.jpg 300w, https:\/\/www.radiopiu.net\/wordpress\/wp-content\/uploads\/2023\/03\/IMG_20230318_171134-1024x576.jpg 1024w, https:\/\/www.radiopiu.net\/wordpress\/wp-content\/uploads\/2023\/03\/IMG_20230318_171134-768x432.jpg 768w, https:\/\/www.radiopiu.net\/wordpress\/wp-content\/uploads\/2023\/03\/IMG_20230318_171134-1536x864.jpg 1536w, https:\/\/www.radiopiu.net\/wordpress\/wp-content\/uploads\/2023\/03\/IMG_20230318_171134-2048x1152.jpg 2048w\" sizes=\"auto, (max-width: 300px) 100vw, 300px\" \/><\/a><\/p>\n<p>&nbsp;<\/p>\n<hr \/>\n<p>&nbsp;<\/p>\n<blockquote>\n<h3>FABRIZIO PESCOSTA A &#8220;I FATTI VOSTRI&#8221; CON LO STREET FOOD BELLUNESE<\/h3>\n<\/blockquote>\n<p><strong><a class=\"dt-pswp-item\" href=\"https:\/\/www.radiopiu.net\/wordpress\/wp-content\/uploads\/2023\/03\/SCR-20230329-qttq.jpeg\" data-dt-img-description=\"\" data-large_image_width=\"1520\" data-large_image_height=\"940\"><img loading=\"lazy\" decoding=\"async\" class=\" wp-image-329046 alignleft\" src=\"https:\/\/www.radiopiu.net\/wordpress\/wp-content\/uploads\/2023\/03\/SCR-20230329-qttq-300x186.jpeg\" alt=\"\" width=\"248\" height=\"154\" srcset=\"https:\/\/www.radiopiu.net\/wordpress\/wp-content\/uploads\/2023\/03\/SCR-20230329-qttq-300x186.jpeg 300w, https:\/\/www.radiopiu.net\/wordpress\/wp-content\/uploads\/2023\/03\/SCR-20230329-qttq-1024x633.jpeg 1024w, https:\/\/www.radiopiu.net\/wordpress\/wp-content\/uploads\/2023\/03\/SCR-20230329-qttq-768x475.jpeg 768w, https:\/\/www.radiopiu.net\/wordpress\/wp-content\/uploads\/2023\/03\/SCR-20230329-qttq.jpeg 1520w\" sizes=\"auto, (max-width: 248px) 100vw, 248px\" \/><\/a>REDAZIONE<\/strong> Nella puntata di oggi de \u201cI Fatti Vostri\u201d, il programma di Rai2 condotto da Salvo Sottile e Anna Falchi, si \u00e8 parlato di street food ed ospite odierno era Fabrizio Pescosta che ha presentato un piatto di strada molto particolare. Fabrizio, gestore della Piccola Baita a Falcade, ha portato una rivistazione bellunese di un piatto da mangiare al volo per strada: i crostoli di polenta con fonduta di formaggio di malga. Una pietanza che nasce dai nostri nonni, le classiche \u201ccroste de polenta\u201d che davano ai bambini. La preparazione \u00e8 avvenuta nello studio Rai assieme ad Anna Falchi che si \u00e8 prestata ad aiutare Pescosta nella preparazione della pietanza. Non sono mancati i botta e risposta tra il falcadino e la conduttrice durante la lavorazione dello street food di giornata.<\/p>\n<p><strong>PER VEDERE LA PUNTATA SU RAIPLAY <a href=\"https:\/\/www.raiplay.it\/video\/2023\/03\/I-Fatti-Vostri---Puntata-del-29032023-a4722bd1-cc9b-4ebc-8dac-ca5bc3bb8057.html\">CLICCA QUI <\/a><\/strong><strong>(AL MINUTO 40 LA RICETTA)<\/strong><\/p>\n<p>&nbsp;<\/p>\n<hr \/>\n<p>&nbsp;<\/p>\n<blockquote>\n<h3>30 ANNI DI GAV, DA UN&#8217;IDEA DI DON LINO MOTTES IERI FESTEGGIATO NEL 93ESIMO COMPLEANNO<\/h3>\n<\/blockquote>\n<p><img loading=\"lazy\" decoding=\"async\" class=\"alignleft\" src=\"https:\/\/www.radiopiu.net\/wordpress\/wp-content\/uploads\/2023\/03\/2900eda0-e2ff-4b4e-a981-81fa499550f7.jpg\" width=\"227\" height=\"171\" \/><\/p>\n<p><strong>AGORDO<\/strong><\/p>\n<p>&nbsp;<\/p>\n<p>&nbsp;<\/p>\n<p>&nbsp;<\/p>\n<p>&nbsp;<\/p>\n<p>&nbsp;<\/p>\n<p><strong>DI GIANNI SANTOMASO<\/strong><\/p>\n<audio class=\"wp-audio-shortcode\" id=\"audio-328941-4\" preload=\"none\" style=\"width: 100%;\" controls=\"controls\"><source type=\"audio\/mpeg\" src=\"https:\/\/www.radiopiu.net\/wordpress\/wp-content\/uploads\/2023\/03\/gav-giani.mp3?_=4\" \/><a href=\"https:\/\/www.radiopiu.net\/wordpress\/wp-content\/uploads\/2023\/03\/gav-giani.mp3\">https:\/\/www.radiopiu.net\/wordpress\/wp-content\/uploads\/2023\/03\/gav-giani.mp3<\/a><\/audio>\n<p>&nbsp;<\/p>\n<p>&nbsp;<\/p>\n<p>&nbsp;<\/p>\n<hr \/>\n<p>&nbsp;<\/p>\n<p><strong>di Tiziano De Col<\/strong><\/p>\n\n\t\t\t<style type='text\/css'>\n\t\t\t\t#gallery-4 {\n\t\t\t\t\tmargin: auto;\n\t\t\t\t}\n\t\t\t\t#gallery-4 .gallery-item {\n\t\t\t\t\tfloat: left;\n\t\t\t\t\tmargin-top: 10px;\n\t\t\t\t\ttext-align: center;\n\t\t\t\t\twidth: 20%;\n\t\t\t\t}\n\t\t\t\t#gallery-4 img {\n\t\t\t\t\tborder: 2px solid #cfcfcf;\n\t\t\t\t}\n\t\t\t\t#gallery-4 .gallery-caption {\n\t\t\t\t\tmargin-left: 0;\n\t\t\t\t}\n\t\t\t\t\/* see gallery_shortcode() in wp-includes\/media.php *\/\n\t\t\t<\/style>\n\t\t<div id='gallery-4' class='dt-gallery-container gallery galleryid-328941 gallery-columns-5 gallery-size-medium'><dl class='gallery-item'>\n\t\t\t\t<dt class='gallery-icon landscape'>\n\t\t\t\t\t<a class=\"rollover rollover-zoom dt-pswp-item\" title=\"98d11b9c-765d-4abb-866c-b7e1b3bfce2a\" data-dt-img-description=\"\" data-large_image_width=\"597\" data-large_image_height=\"357\"href='https:\/\/www.radiopiu.net\/wordpress\/wp-content\/uploads\/2023\/03\/98d11b9c-765d-4abb-866c-b7e1b3bfce2a.jpg'><img loading=\"lazy\" decoding=\"async\" width=\"300\" height=\"179\" src=\"https:\/\/www.radiopiu.net\/wordpress\/wp-content\/uploads\/2023\/03\/98d11b9c-765d-4abb-866c-b7e1b3bfce2a-300x179.jpg\" class=\"attachment-medium size-medium\" alt=\"\" srcset=\"https:\/\/www.radiopiu.net\/wordpress\/wp-content\/uploads\/2023\/03\/98d11b9c-765d-4abb-866c-b7e1b3bfce2a-300x179.jpg 300w, https:\/\/www.radiopiu.net\/wordpress\/wp-content\/uploads\/2023\/03\/98d11b9c-765d-4abb-866c-b7e1b3bfce2a.jpg 597w\" sizes=\"auto, (max-width: 300px) 100vw, 300px\" \/><\/a>\n\t\t\t\t<\/dt><\/dl><dl class='gallery-item'>\n\t\t\t\t<dt class='gallery-icon landscape'>\n\t\t\t\t\t<a class=\"rollover rollover-zoom dt-pswp-item\" title=\"a2c81661-7b8f-437b-baf4-d6b978d62a98\" data-dt-img-description=\"\" data-large_image_width=\"610\" data-large_image_height=\"357\"href='https:\/\/www.radiopiu.net\/wordpress\/wp-content\/uploads\/2023\/03\/a2c81661-7b8f-437b-baf4-d6b978d62a98.jpg'><img loading=\"lazy\" decoding=\"async\" width=\"300\" height=\"176\" src=\"https:\/\/www.radiopiu.net\/wordpress\/wp-content\/uploads\/2023\/03\/a2c81661-7b8f-437b-baf4-d6b978d62a98-300x176.jpg\" class=\"attachment-medium size-medium\" alt=\"\" srcset=\"https:\/\/www.radiopiu.net\/wordpress\/wp-content\/uploads\/2023\/03\/a2c81661-7b8f-437b-baf4-d6b978d62a98-300x176.jpg 300w, https:\/\/www.radiopiu.net\/wordpress\/wp-content\/uploads\/2023\/03\/a2c81661-7b8f-437b-baf4-d6b978d62a98.jpg 610w\" sizes=\"auto, (max-width: 300px) 100vw, 300px\" \/><\/a>\n\t\t\t\t<\/dt><\/dl><dl class='gallery-item'>\n\t\t\t\t<dt class='gallery-icon landscape'>\n\t\t\t\t\t<a class=\"rollover rollover-zoom dt-pswp-item\" title=\"b7f36319-9946-4597-b26d-ff5f7b6d6581\" data-dt-img-description=\"\" data-large_image_width=\"602\" data-large_image_height=\"354\"href='https:\/\/www.radiopiu.net\/wordpress\/wp-content\/uploads\/2023\/03\/b7f36319-9946-4597-b26d-ff5f7b6d6581.jpg'><img loading=\"lazy\" decoding=\"async\" width=\"300\" height=\"176\" src=\"https:\/\/www.radiopiu.net\/wordpress\/wp-content\/uploads\/2023\/03\/b7f36319-9946-4597-b26d-ff5f7b6d6581-300x176.jpg\" class=\"attachment-medium size-medium\" alt=\"\" srcset=\"https:\/\/www.radiopiu.net\/wordpress\/wp-content\/uploads\/2023\/03\/b7f36319-9946-4597-b26d-ff5f7b6d6581-300x176.jpg 300w, https:\/\/www.radiopiu.net\/wordpress\/wp-content\/uploads\/2023\/03\/b7f36319-9946-4597-b26d-ff5f7b6d6581.jpg 602w\" sizes=\"auto, (max-width: 300px) 100vw, 300px\" \/><\/a>\n\t\t\t\t<\/dt><\/dl><dl class='gallery-item'>\n\t\t\t\t<dt class='gallery-icon landscape'>\n\t\t\t\t\t<a class=\"rollover rollover-zoom dt-pswp-item\" title=\"874fba3b-c7d7-4369-b163-d644b69affcd\" data-dt-img-description=\"\" data-large_image_width=\"598\" data-large_image_height=\"349\"href='https:\/\/www.radiopiu.net\/wordpress\/wp-content\/uploads\/2023\/03\/874fba3b-c7d7-4369-b163-d644b69affcd.jpg'><img loading=\"lazy\" decoding=\"async\" width=\"300\" height=\"175\" src=\"https:\/\/www.radiopiu.net\/wordpress\/wp-content\/uploads\/2023\/03\/874fba3b-c7d7-4369-b163-d644b69affcd-300x175.jpg\" class=\"attachment-medium size-medium\" alt=\"\" srcset=\"https:\/\/www.radiopiu.net\/wordpress\/wp-content\/uploads\/2023\/03\/874fba3b-c7d7-4369-b163-d644b69affcd-300x175.jpg 300w, https:\/\/www.radiopiu.net\/wordpress\/wp-content\/uploads\/2023\/03\/874fba3b-c7d7-4369-b163-d644b69affcd.jpg 598w\" sizes=\"auto, (max-width: 300px) 100vw, 300px\" \/><\/a>\n\t\t\t\t<\/dt><\/dl><dl class='gallery-item'>\n\t\t\t\t<dt class='gallery-icon landscape'>\n\t\t\t\t\t<a class=\"rollover rollover-zoom dt-pswp-item\" title=\"9cadea08-947d-4b39-8c00-62c363d9f4af\" data-dt-img-description=\"\" data-large_image_width=\"612\" data-large_image_height=\"352\"href='https:\/\/www.radiopiu.net\/wordpress\/wp-content\/uploads\/2023\/03\/9cadea08-947d-4b39-8c00-62c363d9f4af.jpg'><img loading=\"lazy\" decoding=\"async\" width=\"300\" height=\"173\" src=\"https:\/\/www.radiopiu.net\/wordpress\/wp-content\/uploads\/2023\/03\/9cadea08-947d-4b39-8c00-62c363d9f4af-300x173.jpg\" class=\"attachment-medium size-medium\" alt=\"\" srcset=\"https:\/\/www.radiopiu.net\/wordpress\/wp-content\/uploads\/2023\/03\/9cadea08-947d-4b39-8c00-62c363d9f4af-300x173.jpg 300w, https:\/\/www.radiopiu.net\/wordpress\/wp-content\/uploads\/2023\/03\/9cadea08-947d-4b39-8c00-62c363d9f4af.jpg 612w\" sizes=\"auto, (max-width: 300px) 100vw, 300px\" \/><\/a>\n\t\t\t\t<\/dt><\/dl><br style=\"clear: both\" \/>\n\t\t\t<\/div>\n\n<p>&nbsp;<\/p>\n<hr \/>\n<p>&nbsp;<\/p>\n<blockquote>\n<h3>L\u2019UROLOGIA DI FELTRE ALLA SETTIMA EDIZIONE DELLA SIU LIVE<\/h3>\n<\/blockquote>\n<p><strong><a class=\"dt-pswp-item\" href=\"https:\/\/www.radiopiu.net\/wordpress\/wp-content\/uploads\/2023\/03\/Unknown-2.jpeg\" data-dt-img-description=\"\" data-large_image_width=\"1814\" data-large_image_height=\"1814\"><img loading=\"lazy\" decoding=\"async\" class=\" wp-image-328990 alignleft\" src=\"https:\/\/www.radiopiu.net\/wordpress\/wp-content\/uploads\/2023\/03\/Unknown-2-300x300.jpeg\" alt=\"\" width=\"136\" height=\"136\" srcset=\"https:\/\/www.radiopiu.net\/wordpress\/wp-content\/uploads\/2023\/03\/Unknown-2-300x300.jpeg 300w, https:\/\/www.radiopiu.net\/wordpress\/wp-content\/uploads\/2023\/03\/Unknown-2-1024x1024.jpeg 1024w, https:\/\/www.radiopiu.net\/wordpress\/wp-content\/uploads\/2023\/03\/Unknown-2-150x150.jpeg 150w, https:\/\/www.radiopiu.net\/wordpress\/wp-content\/uploads\/2023\/03\/Unknown-2-768x768.jpeg 768w, https:\/\/www.radiopiu.net\/wordpress\/wp-content\/uploads\/2023\/03\/Unknown-2-1536x1536.jpeg 1536w, https:\/\/www.radiopiu.net\/wordpress\/wp-content\/uploads\/2023\/03\/Unknown-2.jpeg 1814w\" sizes=\"auto, (max-width: 136px) 100vw, 136px\" \/><\/a>FELTRE <\/strong>L\u2019Urologia di Feltre ha preso parte alla settima edizione della SIU live, evento a scopo formativo, organizzato dalla Societ\u00e0 Italiana di Urologia, che si \u00e8 svolto in questi giorni. Nelle giornate dell\u2019evento sono stati trasmessi 70 interventi chirurgici urologici, eseguiti da 60 centri nazionali e internazionali in collegamento su 4 schermi.\u00a0 Gli interventi, che hanno spaziato su tutte le procedure urologiche, sono stati presentati direttamente dai chirurghi che hanno eseguito i video in diretta dalla sala operatoria o che hanno commentato dei video di interventi gi\u00e0 eseguiti. Tra i professionisti che hanno preso parte all\u2019importante vetrina c\u2019era anche la dottoressa Grazia Bianchi, urologa all\u2019Ospedale di Feltre, che ha presentato un intervento di litotrissia endoscopica endorenale (RIRS).<\/p>\n<p>&nbsp;<\/p>\n<p>&nbsp;<\/p>\n<hr \/>\n<p>&nbsp;<\/p>\n<blockquote>\n<h3><\/h3>\n<h3>NUOVI OCULISTI PER L&#8217;ULSS1 DOLOMITI<\/h3>\n<\/blockquote>\n<p><strong>BELLUNO<\/strong>\u00a0 Buone notizie per le unit\u00e0 operative di oculistica. E\u2019 stata deliberata l\u2019assunzione di 3 dirigenti medici nella disciplina di oftalmologia (oculisti) a tempo determinato che diventer\u00e0 tempo indeterminato al conseguimento della specializzazione, in esito al concorso attivato da Azienda Zero. Si tratta di tre giovani professionisti, i dottori Piero Zollet di Feltre, Matteo Niutta di Roma e Vanessa Tabacchi di Pieve di Cadore I nuovi professionisti rappresentano un importante rinforzo per le unit\u00e0 operative di oculistica dell\u2019Ulss Dolomiti che, pur in carenza di personale, grazie all\u2019attivit\u00e0 dei medici dipendenti e degli specialisti ambulatoriali interni, nel 2022 hanno erogato complessivamente oltre 36.600 \u00a0prestazioni ed eseguito circa 6000 interventi. I nuovi professionisti, due dei quali provengono da universit\u00e0 Venete e sono originari del territorio, potranno contribuire a rispondere ai bisogni di cura dei cittadini dell\u2019Ulss Dolomiti e a recuperare le prestazioni in attesa.<\/p>\n<p>&nbsp;<\/p>\n<p>&nbsp;<\/p>\n<hr \/>\n<p>&nbsp;<\/p>\n<blockquote>\n<h3><a class=\"dt-pswp-item\" href=\"https:\/\/www.radiopiu.net\/wordpress\/wp-content\/uploads\/2023\/03\/Tommaso_Carlin_2.jpg\" data-dt-img-description=\"\" data-large_image_width=\"1051\" data-large_image_height=\"1402\"><img loading=\"lazy\" decoding=\"async\" class=\" wp-image-328992 alignleft\" src=\"https:\/\/www.radiopiu.net\/wordpress\/wp-content\/uploads\/2023\/03\/Tommaso_Carlin_2-225x300.jpg\" alt=\"\" width=\"118\" height=\"157\" srcset=\"https:\/\/www.radiopiu.net\/wordpress\/wp-content\/uploads\/2023\/03\/Tommaso_Carlin_2-225x300.jpg 225w, https:\/\/www.radiopiu.net\/wordpress\/wp-content\/uploads\/2023\/03\/Tommaso_Carlin_2-768x1024.jpg 768w, https:\/\/www.radiopiu.net\/wordpress\/wp-content\/uploads\/2023\/03\/Tommaso_Carlin_2.jpg 1051w\" sizes=\"auto, (max-width: 118px) 100vw, 118px\" \/><\/a>TOMMASO CARLIN, IL CONSIGLIERE COMUNALE DI PONTE NELLE ALPI NEO LAUREATO<\/h3>\n<\/blockquote>\n<p><strong>PONTE NELLE ALPI <\/strong>Tommaso Carlin si \u00e8 laureato a Verona, in Scienze motorie con una tesi dal titolo \u201cRate of force development in diversi task motori: quale relazione con la prestazione del calciatore?\u201d. Uno studio innovativo tra la forza e i movimenti specifici di scatto e agibilit\u00e0: la ricerca potr\u00e0 essere messa a disposizione dei preparatori atletici e delle societ\u00e0 sportive.<span class=\"gmail-Apple-converted-space\"> \u00a0<\/span>Carlin \u00e8 consigliere comunale di Ponte nelle Alpi con delega alla Protezione civile: lavora in una palestra e gioca a calcio nel Csi Soccher. In pi\u00f9, \u00e8 volontario in diverse associazioni e collabora con il Comitato frazionale di Ponte. Ma, soprattutto, ha avuto il merito di conciliare studio, lavoro, volontariato e impegno civico in comune.<span class=\"gmail-Apple-converted-space\">\u00a0<\/span><\/p>\n<p>&nbsp;<\/p>\n<p>&nbsp;<\/p>\n<hr \/>\n<p>&nbsp;<\/p>\n<blockquote>\n<h3>CONFINDUSTRIA BELLUNO DOLOMITI A BOLOGNA PER PRESENTARE LA DOLOMITI INNOVATION VALLEY<\/h3>\n<\/blockquote>\n<p><strong><a class=\"dt-pswp-item\" href=\"https:\/\/www.radiopiu.net\/wordpress\/wp-content\/uploads\/2021\/05\/CONFINDUSTRIA.png\" data-dt-img-description=\"\" data-large_image_width=\"575\" data-large_image_height=\"575\"><img loading=\"lazy\" decoding=\"async\" class=\" wp-image-211858 alignleft\" src=\"https:\/\/www.radiopiu.net\/wordpress\/wp-content\/uploads\/2021\/05\/CONFINDUSTRIA-300x300.png\" alt=\"\" width=\"138\" height=\"138\" srcset=\"https:\/\/www.radiopiu.net\/wordpress\/wp-content\/uploads\/2021\/05\/CONFINDUSTRIA-300x300.png 300w, https:\/\/www.radiopiu.net\/wordpress\/wp-content\/uploads\/2021\/05\/CONFINDUSTRIA-150x150.png 150w, https:\/\/www.radiopiu.net\/wordpress\/wp-content\/uploads\/2021\/05\/CONFINDUSTRIA.png 575w\" sizes=\"auto, (max-width: 138px) 100vw, 138px\" \/><\/a>BELLUNO <\/strong>Tra il 29 e il 31 marzo si svolge a Bologna MECSPE, una delle pi\u00f9 importanti fiere manifatturiere del mondo, e una \u201cvetrina\u201d per moltissime aziende italiane. Tra le iniziative di punta della fiera c\u2019\u00e8 la Start Up Factory, percorso di tre giorni di tavole rotonde, speech e presentazioni di tecnologie dedicato ai temi cruciali dell\u2019innovazione manifatturiera, come ad esempio la robotica, la visione artificiale, la protezione delle fabbriche dagli <em>hacker <\/em>e altre minacce cibernetiche, l\u2019Intelligenza Artificiale (IA) applicata all\u2019industria, la simulazione ingegneristica. La Start Up Factory \u00e8 curata dall\u2019acceleratore e investitore Industrio Ventures, attivo anche nel nostro territorio con un Industrio Desk, e partner di lunga data di Dolomiti Innovation Valley.<\/p>\n<p>&nbsp;<\/p>\n<hr \/>\n<p>&nbsp;<\/p>\n<blockquote>\n<h3>IL PEDIBUS A BELLUNO E SANTA GIUSTINA<\/h3>\n<\/blockquote>\n<p><strong>BELLUNO<\/strong> E\u2019 stato inaugurato ieri il Pedibus alla Scuola primaria \u201cRino Sorio\u201d di Mussoi a Belluno. Dopo alcuni anni di fermo, l\u2019iniziativa \u00e8 potuta ripartire grazie alla collaborazione tra l\u2019Ulss Dolomiti, il Comune di Belluno, la Polizia Locale e le insegnanti dell\u2019IC Belluno 1.\u00a0 Nell\u2019ambito di questo progetto \u00e8 stato premiato questa settimana anche il Pedibus alla scuola primaria di Santa Giustina, gi\u00e0 attivo da alcuni anni in questo comune, con la partecipazione del Comune di Santa Giustina, dei volontari e degli operatori dell\u2019Ulss Dolomiti. Per entrambe le occasioni sono state consegnate magliette, giubbotti ad alta visibilit\u00e0, mantelle e cappelli a tutti gli alunni e volontari del Pedibus da utilizzare lungo il tragitto.<\/p>\n<p>&nbsp;<\/p>\n<p>&nbsp;<\/p>\n<blockquote>\n\t\t\t<style type='text\/css'>\n\t\t\t\t#gallery-5 {\n\t\t\t\t\tmargin: auto;\n\t\t\t\t}\n\t\t\t\t#gallery-5 .gallery-item {\n\t\t\t\t\tfloat: left;\n\t\t\t\t\tmargin-top: 10px;\n\t\t\t\t\ttext-align: center;\n\t\t\t\t\twidth: 50%;\n\t\t\t\t}\n\t\t\t\t#gallery-5 img {\n\t\t\t\t\tborder: 2px solid #cfcfcf;\n\t\t\t\t}\n\t\t\t\t#gallery-5 .gallery-caption {\n\t\t\t\t\tmargin-left: 0;\n\t\t\t\t}\n\t\t\t\t\/* see gallery_shortcode() in wp-includes\/media.php *\/\n\t\t\t<\/style>\n\t\t<div id='gallery-5' class='dt-gallery-container gallery galleryid-328941 gallery-columns-2 gallery-size-thumbnail'><dl class='gallery-item'>\n\t\t\t\t<dt class='gallery-icon portrait'>\n\t\t\t\t\t<a class=\"rollover rollover-zoom dt-pswp-item\" title=\"pedibus Mussoi\" data-dt-img-description=\"\" data-large_image_width=\"1200\" data-large_image_height=\"1600\"href='https:\/\/www.radiopiu.net\/wordpress\/wp-content\/uploads\/2023\/03\/pedibus-Mussoi.jpeg'><img loading=\"lazy\" decoding=\"async\" width=\"150\" height=\"150\" src=\"https:\/\/www.radiopiu.net\/wordpress\/wp-content\/uploads\/2023\/03\/pedibus-Mussoi-150x150.jpeg\" class=\"attachment-thumbnail size-thumbnail\" alt=\"\" aria-describedby=\"gallery-5-329039\" \/><\/a>\n\t\t\t\t<\/dt>\n\t\t\t\t\t<dd class='wp-caption-text gallery-caption' id='gallery-5-329039'>\n\t\t\t\t\tMUSSOI\n\t\t\t\t\t<\/dd><\/dl><dl class='gallery-item'>\n\t\t\t\t<dt class='gallery-icon landscape'>\n\t\t\t\t\t<a class=\"rollover rollover-zoom dt-pswp-item\" title=\"pedibus Santa\" data-dt-img-description=\"\" data-large_image_width=\"1600\" data-large_image_height=\"900\"href='https:\/\/www.radiopiu.net\/wordpress\/wp-content\/uploads\/2023\/03\/pedibus-Santa.jpeg'><img loading=\"lazy\" decoding=\"async\" width=\"150\" height=\"150\" src=\"https:\/\/www.radiopiu.net\/wordpress\/wp-content\/uploads\/2023\/03\/pedibus-Santa-150x150.jpeg\" class=\"attachment-thumbnail size-thumbnail\" alt=\"\" aria-describedby=\"gallery-5-329040\" \/><\/a>\n\t\t\t\t<\/dt>\n\t\t\t\t\t<dd class='wp-caption-text gallery-caption' id='gallery-5-329040'>\n\t\t\t\t\tSANTA GIUSTINA\n\t\t\t\t\t<\/dd><\/dl><br style=\"clear: both\" \/>\n\t\t\t<\/div>\n<\/blockquote>\n<p>&nbsp;<\/p>\n<hr \/>\n<p>&nbsp;<\/p>\n<blockquote>\n<h3>LA MONGOLFIERA DI GIORGIA APRE IL BANDO, SCADENZA IL 25 MAGGIO<\/h3>\n<\/blockquote>\n<p><strong>REDAZIONE<\/strong> Sono trascorsi sette anni dalla scomparsa di Giorgia Praloran,\u00a0 il 26 marzo \u00e8 stato il giorno del suo ventiseiesimo compleanno. Il bando della Mongolfiera di Giorgia porta questa data. L&#8217;associazione ha deciso di mettere a disposizione 10.000 euro. Potranno presentare domanda di contributo ragazzi tra i 13 e i 24 anni residenti in Veneto o seguiti da strutture pubbliche sanitarie del Veneto, con disabilit\u00e0 anche temporanee. Info www.lamongolfieradigiorgia.it , mail lamongolfieradigiorgia@gmail.it.<\/p>\n<p>&nbsp;<\/p>\n<p>&nbsp;<\/p>\n<hr \/>\n<p>&nbsp;<\/p>\n<p>&nbsp;<\/p>\n<h2><span style=\"color: #ff0000;\">IERI ALLA RADIO<\/span><\/h2>\n<h2><strong><a class=\"dt-pswp-item\" href=\"https:\/\/www.radiopiu.net\/wordpress\/wp-content\/uploads\/2020\/04\/CISL-BELLUNO-OK.jpg\" data-dt-img-description=\"\" data-large_image_width=\"909\" data-large_image_height=\"910\"><img loading=\"lazy\" decoding=\"async\" class=\" wp-image-132184 alignleft\" src=\"https:\/\/www.radiopiu.net\/wordpress\/wp-content\/uploads\/2020\/04\/CISL-BELLUNO-OK-300x300.jpg\" alt=\"\" width=\"147\" height=\"147\" srcset=\"https:\/\/www.radiopiu.net\/wordpress\/wp-content\/uploads\/2020\/04\/CISL-BELLUNO-OK-300x300.jpg 300w, https:\/\/www.radiopiu.net\/wordpress\/wp-content\/uploads\/2020\/04\/CISL-BELLUNO-OK-150x150.jpg 150w, https:\/\/www.radiopiu.net\/wordpress\/wp-content\/uploads\/2020\/04\/CISL-BELLUNO-OK-768x769.jpg 768w, https:\/\/www.radiopiu.net\/wordpress\/wp-content\/uploads\/2020\/04\/CISL-BELLUNO-OK.jpg 909w\" sizes=\"auto, (max-width: 147px) 100vw, 147px\" \/><\/a><\/strong><span style=\"color: #008000;\">CISL, LA VOCE PER IL LAVORATORI\u00a0<\/span><\/h2>\n<p><strong>di Mirko Mezzacasa<\/strong><\/p>\n<p>OSPITE: Antonio Miotto, direttore del CAAF Cisl Belluno-Treviso<\/p>\n<audio class=\"wp-audio-shortcode\" id=\"audio-328941-5\" preload=\"none\" style=\"width: 100%;\" controls=\"controls\"><source type=\"audio\/mpeg\" src=\"https:\/\/www.radiopiu.net\/wordpress\/wp-content\/uploads\/2023\/03\/FEMCA-CISL-3.mp3?_=5\" \/><a href=\"https:\/\/www.radiopiu.net\/wordpress\/wp-content\/uploads\/2023\/03\/FEMCA-CISL-3.mp3\">https:\/\/www.radiopiu.net\/wordpress\/wp-content\/uploads\/2023\/03\/FEMCA-CISL-3.mp3<\/a><\/audio>\n<p>&nbsp;<\/p>\n<p>&nbsp;<\/p>\n<p>&nbsp;<\/p>\n<h2><a class=\"dt-pswp-item\" href=\"https:\/\/www.radiopiu.net\/wordpress\/wp-content\/uploads\/2022\/11\/scuola-zaino.jpeg\" data-dt-img-description=\"\" data-large_image_width=\"626\" data-large_image_height=\"417\"><img loading=\"lazy\" decoding=\"async\" class=\" wp-image-306830 alignleft\" src=\"https:\/\/www.radiopiu.net\/wordpress\/wp-content\/uploads\/2022\/11\/scuola-zaino-300x200.jpeg\" alt=\"\" width=\"161\" height=\"107\" srcset=\"https:\/\/www.radiopiu.net\/wordpress\/wp-content\/uploads\/2022\/11\/scuola-zaino-300x200.jpeg 300w, https:\/\/www.radiopiu.net\/wordpress\/wp-content\/uploads\/2022\/11\/scuola-zaino.jpeg 626w\" sizes=\"auto, (max-width: 161px) 100vw, 161px\" \/><\/a><span style=\"color: #ff00ff;\">SE NON LA SMETTI TI MANDO DAL PRESIDE<\/span><\/h2>\n<p><strong>di Mirko Mezzacasa<\/strong><\/p>\n<p>In studio la prof Maria Rosa Salmazo<\/p>\n<audio class=\"wp-audio-shortcode\" id=\"audio-328941-6\" preload=\"none\" style=\"width: 100%;\" controls=\"controls\"><source type=\"audio\/mpeg\" src=\"https:\/\/www.radiopiu.net\/wordpress\/wp-content\/uploads\/2023\/03\/se-non-la-smetti-22-puntata.mp3?_=6\" \/><a href=\"https:\/\/www.radiopiu.net\/wordpress\/wp-content\/uploads\/2023\/03\/se-non-la-smetti-22-puntata.mp3\">https:\/\/www.radiopiu.net\/wordpress\/wp-content\/uploads\/2023\/03\/se-non-la-smetti-22-puntata.mp3<\/a><\/audio>\n<p>&nbsp;<\/p>\n<p>&nbsp;<\/p>\n<p>&nbsp;<\/p>\n<h2><strong><a class=\"dt-pswp-item\" href=\"https:\/\/www.radiopiu.net\/wordpress\/wp-content\/uploads\/2020\/05\/DOLOMITI-BEER.png\" data-dt-img-description=\"\" data-large_image_width=\"812\" data-large_image_height=\"450\"><img loading=\"lazy\" decoding=\"async\" class=\" wp-image-139660 alignleft\" src=\"https:\/\/www.radiopiu.net\/wordpress\/wp-content\/uploads\/2020\/05\/DOLOMITI-BEER-300x166.png\" alt=\"\" width=\"184\" height=\"102\" srcset=\"https:\/\/www.radiopiu.net\/wordpress\/wp-content\/uploads\/2020\/05\/DOLOMITI-BEER-300x166.png 300w, https:\/\/www.radiopiu.net\/wordpress\/wp-content\/uploads\/2020\/05\/DOLOMITI-BEER-768x426.png 768w, https:\/\/www.radiopiu.net\/wordpress\/wp-content\/uploads\/2020\/05\/DOLOMITI-BEER.png 812w\" sizes=\"auto, (max-width: 184px) 100vw, 184px\" \/><\/a><span style=\"color: #993300;\">IL DOLOMITI BEER &amp; WINE SHOP DA NAPI A TAIBON CON GIANLUCA ROSSI<\/span><\/strong><\/h2>\n<p><strong>di Mirko Mezzacasa<\/strong><\/p>\n<p>OSPITE: Gianluca Rossi<\/p>\n<audio class=\"wp-audio-shortcode\" id=\"audio-328941-7\" preload=\"none\" style=\"width: 100%;\" controls=\"controls\"><source type=\"audio\/mpeg\" src=\"https:\/\/www.radiopiu.net\/wordpress\/wp-content\/uploads\/2023\/03\/gianluca-rossi.mp3?_=7\" \/><a href=\"https:\/\/www.radiopiu.net\/wordpress\/wp-content\/uploads\/2023\/03\/gianluca-rossi.mp3\">https:\/\/www.radiopiu.net\/wordpress\/wp-content\/uploads\/2023\/03\/gianluca-rossi.mp3<\/a><\/audio>\n<p>&nbsp;<\/p>\n<hr \/>\n<p>&nbsp;<\/p>\n<blockquote>\n<h3>A PONTE NELLE ALPI ANCHE IL RUOLO DEL \u201cCURAREIE\u201d NEL PREGEVOLE LIBRO SU STORIE, IMMAGINI, TERRITORIO.<\/h3>\n<\/blockquote>\n<p><strong>di RENATO BONA<\/strong><\/p>\n<p>Seconda tappa dell\u2019\u201cescursione\u201d in quel di Ponte nelle Alpi accompagnati dal libro \u201cPonte nelle Alpi: storie, immagini territorio\u201d che l\u2019Amministrazione comunale e la Biblioteca civica pontalpina hanno realizzato nel maggio 1999 con la tipografia Nero su Bianco, proponendo anche una suggestiva serie di immagini in bianco e nero di Vito Vecellio. Il volume di oltre 150 pagine \u00e8 frutto dell\u2019impegno del gruppo di lavoro e ricerche composto da: Vania Bortot (elaborazione e stesura dei testi), Antonella Michielin (incaricata della segreteria), Agostino Sacchet, Augusto Modolo , Leandra Viel, Liana Strag\u00e0, Marilena Viel, Morena Pavei, l\u2019allora assessore ed oggi sindaco Paolo Vendramini. Il Gruppo ha firmato la presentazione in cui evidenziava che Ponte nelle Alpi, in virt\u00f9 della posizione geografica e delle caratteristiche ambientali \u201cpresenta un prezioso patrimonio storico-culturale che va studiato e valorizzato\u201d anche secondo le sollecitazioni dei Comitati frazionali, delle Associazioni, dei semplici cittadini. Il lavoro si \u00e8 dunque \u201crivolto alla ricerca-raccolta delle numerose fonti, soprattutto orali per non dimenticare e perdere la memoria e le testimonianze del nostro passato, senza alcuna presunzione tipo storico\u201d. E ci\u00f2 anche accogliendo il messaggio del mondo della scuola visto che alcuni insegnanti avevano gi\u00e0 portato avanti analoghe ricerca in veste didattica Conversazioni a volte occasionali \u201channo consentito di fermare sulla carta leggende, usi, costumi, proverbi, canti, detti, storie dei nostri paesi\u201d. Giustamente vengono ricordate le preziose fonti orali: Stella De March, Angela Basso, Luigi De Pasqual \u201cBiossi\u201d per Casan; Maria Rita De Pasqual; Giuseppe Bortot, Elisa Tardi, Giulio Menegaz per Cugnan; Giuseppe Reveane, Maria Luisa Broi, Valeria Prest per Losego; Pierina Zilli, Anna Pison per Polpet; Clara Viel, Guido Viel, familiari dei bambini della classe quinta elementare dell\u2019anno scolastico 1980-81, per Quantin; infine Cesare Poncato per Soccher e Mirto Nogar\u00e8 per Vich. Nel capitolo \u201cScioglilingua, filastrocche ed indovinelli\u201d compare il \u201cCurareie\u201d. Leggiamo insieme: \u201cUna volta a Quantin ogni famiglia allevava almeno un maiale, che veniva ucciso poi d\u2019inverno per fare i salami. Cos\u00ec se in casa c\u2019era un bambino piccolo, colui che macellava il suino lo mandava a chiedere ai vicini il \u2018curareie\u2019. Il piccino non sapeva cos\u2019era e a volte chiedeva spiegazioni. Gli si rispondeva cos\u00ec che il \u2018curareie\u2019 era un coltello speciale per pulire le orecchie del maiale. Quando il bambino chiedeva il \u2018curareie\u2019 ai vicini questi gli davano qualcosa avvolto in un pezzo di carta o in uno straccio e gli raccomandavano di tenere ben stretto il pacchetto per non farlo cadere, ed aprirlo solo quando era a casa. Nell\u2019involucro poteva trovare di tutto: noccioline, noci, \u2018cornoi\u2019 (corniole), \u2018sonde\u2019 (pezzi di pera o mela seccati al sole), \u2018mognoi\u2019 (tutoli di pannocchia), mele, piccole zucche e a volte addirittura topi vivi. E\u2019 chiaro che se il bambino trovava i topi ai spaventava spesso di metteva a piangere, ma altrimenti questo \u2018curareie\u2019 era per lui una bella sorpresa\u201d. Il racconto, viene spiegato, \u00e8 stato inserito nel capitolo per uno scopo ben preciso; infatti si tratta di una testimonianza delle attenzioni che in alcuni casi gli adulti avevano nei confronti dei bambini. Mentre i vicini\u201ddonavano un \u2018curareie\u2019 in relazione alla condotta del bambino, nel senso che se era uno di quelli che si divertivano a fare tanti dispetti, sarebbe stato ripagato allo stesso modo: ecco perch\u00e9 tanti doni diversi che potevano significare un premio o un ammonimento. Si trattava di un uso molto diffuso nelle zone agricole della provincia\u201d.<\/p>\n\n\t\t\t<style type='text\/css'>\n\t\t\t\t#gallery-6 {\n\t\t\t\t\tmargin: auto;\n\t\t\t\t}\n\t\t\t\t#gallery-6 .gallery-item {\n\t\t\t\t\tfloat: left;\n\t\t\t\t\tmargin-top: 10px;\n\t\t\t\t\ttext-align: center;\n\t\t\t\t\twidth: 20%;\n\t\t\t\t}\n\t\t\t\t#gallery-6 img {\n\t\t\t\t\tborder: 2px solid #cfcfcf;\n\t\t\t\t}\n\t\t\t\t#gallery-6 .gallery-caption {\n\t\t\t\t\tmargin-left: 0;\n\t\t\t\t}\n\t\t\t\t\/* see gallery_shortcode() in wp-includes\/media.php *\/\n\t\t\t<\/style>\n\t\t<div id='gallery-6' class='dt-gallery-container gallery galleryid-328941 gallery-columns-5 gallery-size-thumbnail'><dl class='gallery-item'>\n\t\t\t\t<dt class='gallery-icon portrait'>\n\t\t\t\t\t<a class=\"rollover\" href='https:\/\/www.radiopiu.net\/wordpress\/a-ponte-nelle-alpi-anche-il-ruolo-del-curareie-nel-pregevole-libro-su-storie-immagini-territorio\/1-15\/'><img loading=\"lazy\" decoding=\"async\" width=\"150\" height=\"150\" src=\"https:\/\/www.radiopiu.net\/wordpress\/wp-content\/uploads\/2023\/03\/1-6-150x150.jpg\" class=\"attachment-thumbnail size-thumbnail\" alt=\"\" \/><\/a>\n\t\t\t\t<\/dt><\/dl><dl class='gallery-item'>\n\t\t\t\t<dt class='gallery-icon portrait'>\n\t\t\t\t\t<a class=\"rollover\" href='https:\/\/www.radiopiu.net\/wordpress\/a-ponte-nelle-alpi-anche-il-ruolo-del-curareie-nel-pregevole-libro-su-storie-immagini-territorio\/2-19\/'><img loading=\"lazy\" decoding=\"async\" width=\"150\" height=\"150\" src=\"https:\/\/www.radiopiu.net\/wordpress\/wp-content\/uploads\/2023\/03\/2-7-150x150.jpg\" class=\"attachment-thumbnail size-thumbnail\" alt=\"\" \/><\/a>\n\t\t\t\t<\/dt><\/dl><dl class='gallery-item'>\n\t\t\t\t<dt class='gallery-icon portrait'>\n\t\t\t\t\t<a class=\"rollover\" href='https:\/\/www.radiopiu.net\/wordpress\/a-ponte-nelle-alpi-anche-il-ruolo-del-curareie-nel-pregevole-libro-su-storie-immagini-territorio\/3-12\/'><img loading=\"lazy\" decoding=\"async\" width=\"150\" height=\"150\" src=\"https:\/\/www.radiopiu.net\/wordpress\/wp-content\/uploads\/2023\/03\/3-6-150x150.jpg\" class=\"attachment-thumbnail size-thumbnail\" alt=\"\" \/><\/a>\n\t\t\t\t<\/dt><\/dl><dl class='gallery-item'>\n\t\t\t\t<dt class='gallery-icon portrait'>\n\t\t\t\t\t<a class=\"rollover\" href='https:\/\/www.radiopiu.net\/wordpress\/a-ponte-nelle-alpi-anche-il-ruolo-del-curareie-nel-pregevole-libro-su-storie-immagini-territorio\/4-86\/'><img loading=\"lazy\" decoding=\"async\" width=\"150\" height=\"150\" src=\"https:\/\/www.radiopiu.net\/wordpress\/wp-content\/uploads\/2023\/03\/4-6-150x150.jpg\" class=\"attachment-thumbnail size-thumbnail\" alt=\"\" \/><\/a>\n\t\t\t\t<\/dt><\/dl><dl class='gallery-item'>\n\t\t\t\t<dt class='gallery-icon portrait'>\n\t\t\t\t\t<a class=\"rollover\" href='https:\/\/www.radiopiu.net\/wordpress\/a-ponte-nelle-alpi-anche-il-ruolo-del-curareie-nel-pregevole-libro-su-storie-immagini-territorio\/5-64\/'><img loading=\"lazy\" decoding=\"async\" width=\"150\" height=\"150\" src=\"https:\/\/www.radiopiu.net\/wordpress\/wp-content\/uploads\/2023\/03\/5-5-150x150.jpg\" class=\"attachment-thumbnail size-thumbnail\" alt=\"\" \/><\/a>\n\t\t\t\t<\/dt><\/dl><br style=\"clear: both\" \/><dl class='gallery-item'>\n\t\t\t\t<dt class='gallery-icon portrait'>\n\t\t\t\t\t<a class=\"rollover\" href='https:\/\/www.radiopiu.net\/wordpress\/a-ponte-nelle-alpi-anche-il-ruolo-del-curareie-nel-pregevole-libro-su-storie-immagini-territorio\/6-39\/'><img loading=\"lazy\" decoding=\"async\" width=\"150\" height=\"150\" src=\"https:\/\/www.radiopiu.net\/wordpress\/wp-content\/uploads\/2023\/03\/6-5-150x150.jpg\" class=\"attachment-thumbnail size-thumbnail\" alt=\"\" \/><\/a>\n\t\t\t\t<\/dt><\/dl><dl class='gallery-item'>\n\t\t\t\t<dt class='gallery-icon portrait'>\n\t\t\t\t\t<a class=\"rollover\" href='https:\/\/www.radiopiu.net\/wordpress\/a-ponte-nelle-alpi-anche-il-ruolo-del-curareie-nel-pregevole-libro-su-storie-immagini-territorio\/7-32\/'><img loading=\"lazy\" decoding=\"async\" width=\"150\" height=\"150\" src=\"https:\/\/www.radiopiu.net\/wordpress\/wp-content\/uploads\/2023\/03\/7-4-150x150.jpg\" class=\"attachment-thumbnail size-thumbnail\" alt=\"\" \/><\/a>\n\t\t\t\t<\/dt><\/dl><dl class='gallery-item'>\n\t\t\t\t<dt class='gallery-icon portrait'>\n\t\t\t\t\t<a class=\"rollover\" href='https:\/\/www.radiopiu.net\/wordpress\/a-ponte-nelle-alpi-anche-il-ruolo-del-curareie-nel-pregevole-libro-su-storie-immagini-territorio\/8-26\/'><img loading=\"lazy\" decoding=\"async\" width=\"150\" height=\"150\" src=\"https:\/\/www.radiopiu.net\/wordpress\/wp-content\/uploads\/2023\/03\/8-5-150x150.jpg\" class=\"attachment-thumbnail size-thumbnail\" alt=\"\" \/><\/a>\n\t\t\t\t<\/dt><\/dl><dl class='gallery-item'>\n\t\t\t\t<dt class='gallery-icon portrait'>\n\t\t\t\t\t<a class=\"rollover\" href='https:\/\/www.radiopiu.net\/wordpress\/a-ponte-nelle-alpi-anche-il-ruolo-del-curareie-nel-pregevole-libro-su-storie-immagini-territorio\/9-28\/'><img loading=\"lazy\" decoding=\"async\" width=\"150\" height=\"150\" src=\"https:\/\/www.radiopiu.net\/wordpress\/wp-content\/uploads\/2023\/03\/9-4-150x150.jpg\" class=\"attachment-thumbnail size-thumbnail\" alt=\"\" \/><\/a>\n\t\t\t\t<\/dt><\/dl><dl class='gallery-item'>\n\t\t\t\t<dt class='gallery-icon portrait'>\n\t\t\t\t\t<a class=\"rollover\" href='https:\/\/www.radiopiu.net\/wordpress\/a-ponte-nelle-alpi-anche-il-ruolo-del-curareie-nel-pregevole-libro-su-storie-immagini-territorio\/10-21\/'><img loading=\"lazy\" decoding=\"async\" width=\"150\" height=\"150\" src=\"https:\/\/www.radiopiu.net\/wordpress\/wp-content\/uploads\/2023\/03\/10-3-150x150.jpg\" class=\"attachment-thumbnail size-thumbnail\" alt=\"\" \/><\/a>\n\t\t\t\t<\/dt><\/dl><br style=\"clear: both\" \/>\n\t\t\t<\/div>\n\n<p>NELLE FOTO (riproduzioni dal libro\u201dPonte nelle Alpi: storie immagini territorio\u201d): scorci, nell\u2019ordine, di: Casan, Paiane, ancora Paiane, Roncan, Cugnan, Polpet, di nuovo Cugnan, Losego, Col di Cugnan, Vich e ancora Roncan.<\/p>\n<p>&nbsp;<\/p>\n<p>&nbsp;<\/p>\n<hr \/>\n<p>&nbsp;<\/p>\n<blockquote>\n<h3>BIM GSP CERCA OPERATORI IDRAULICI SPECIALLIZATI<\/h3>\n<\/blockquote>\n<p><strong>BELLUNO<\/strong> Bim GSP \u00e8 alla ricerca di idraulici specializzati da inserire a tempo pieno e indeterminato con livello commisurato all&#8217;esperienza. La domanda e il curriculum vitae vanno inviato a Bim Gestione Servizi Pubblici, via Tiziano Vecellio 27\/29 a Belluno entro le 12 dell&#8217;11 aprile 2023. I candidati devono avere cittadinanza italiana, avere pi\u00f9 di 18 anni, patente B e sono richieste esperienze lavorative triennali nel settore privato o pubblico del settore idraulico.<\/p>\n<p>&nbsp;<\/p>\n<p>&nbsp;<\/p>\n<hr \/>\n<p>&nbsp;<\/p>\n<blockquote>\n<h3>IL CONSIGLIO COMUNALE DI CANALE D&#8217;AGORDO<\/h3>\n<\/blockquote>\n<p><strong>CANALE D&#8217;AGORDO<\/strong> \u00c8 stato convocato per oggi alle 20 il consiglio comunale di Canale D&#8217;Agordo. Il Sindaco Flavio Colcergnan ha chiamato a rapporto i consiglieri per trattare 9 punti all&#8217;ordine del giorno. Si parler\u00e0 dell&#8217;approvazione delle aliquote IMU, dell&#8217;addizionale comunale, l&#8217;approvazione del DUP e del bilancio di previsione 2023-2025. Inoltre si parler\u00e0 di un mutamento di destinazione di un terreno, del comitato unico di garanzia per le pari opportunit\u00e0 e della convenzione con il gruppo ANA Belluno per il servizio di Protezione Civile.<\/p>\n<p>&nbsp;<\/p>\n<p>&nbsp;<\/p>\n<hr \/>\n<p>&nbsp;<\/p>\n<blockquote>\n<h3>L&#8217;ASSEMBLEA DEL CIRCOLO CULTURALE AGORDINO<\/h3>\n<\/blockquote>\n<p><strong>AGORDO<\/strong> E&#8217; in programma per sabato 1 aprile alle 10 in sala riunioni della Biblioteca Civica di Agordo, l&#8217;assemblea del Circolo Culturale Agordino. Si discuter\u00e0 delle linee programmatiche delle attivit\u00e0 del Circolo per il 2023, l&#8217;approvazione del bilancio 2022 e la relazione del bilancio sociale.<\/p>\n<p>&nbsp;<\/p>\n<p>&nbsp;<\/p>\n<hr \/>\n<p>&nbsp;<\/p>\n<blockquote>\n<h3>\u00a0LA GIORNATA ECOLOGICA<\/h3>\n<\/blockquote>\n<p><strong><a class=\"dt-pswp-item\" href=\"https:\/\/www.radiopiu.net\/wordpress\/wp-content\/uploads\/2023\/03\/Senza-nome-67.jpg\" data-dt-img-description=\"\" data-large_image_width=\"196\" data-large_image_height=\"136\"><img loading=\"lazy\" decoding=\"async\" class=\" wp-image-327468 alignleft\" src=\"https:\/\/www.radiopiu.net\/wordpress\/wp-content\/uploads\/2023\/03\/Senza-nome-67.jpg\" alt=\"\" width=\"187\" height=\"130\" \/><\/a><\/strong><\/p>\n<p><strong>CENCENIGHE<\/strong> Domenica 2 aprile giornata ecologica organizzata da Comune e Proloco. Saranno raccolti i rifiuti abbandonati sul territorio (adulti, ragazzi, bambini). Alle 8 ritrovo adulti e assegnazioni di aree di pulizia, 845 ritrovo ragazzi e bambini. 12.30 pranzo per tutti i partecipanti al Nof Filo&#8217;\u00a0 L\u2019attrezzatura necessaria (sacchi, guanti) verr\u00e0 fornita da Valpe Ambiente. Le immondizie saranno poi conferite all\u2019ecocentro dove sar\u00e0 allestito un punto di raccolta apposito. In caso di maltempo la giornata sar\u00e0 posticipata a Domenica 16 Aprile. Informazioni, Ervin Lazzarini 347 8802294<\/p>\n<p>&nbsp;<\/p>\n<p>&nbsp;<\/p>\n<hr \/>\n<p>&nbsp;<\/p>\n<p>&nbsp;<\/p>\n<blockquote>\n<h2>CHE SORPRESA A PASQUA!<\/h2>\n<blockquote>\n<h3><em>LA SCUOLA DI SCI E SNOWBOARD EQUIPE FALCADE PROMUOVE OFFERTE&#8230;DA GIORNI DI FESTA<\/em><\/h3>\n<p>audio<\/p>\n<audio class=\"wp-audio-shortcode\" id=\"audio-328941-8\" preload=\"none\" style=\"width: 100%;\" controls=\"controls\"><source type=\"audio\/mpeg\" src=\"https:\/\/www.radiopiu.net\/wordpress\/wp-content\/uploads\/2023\/03\/scuola-sci-falcade-c-Copia.mp3?_=8\" \/><a href=\"https:\/\/www.radiopiu.net\/wordpress\/wp-content\/uploads\/2023\/03\/scuola-sci-falcade-c-Copia.mp3\">https:\/\/www.radiopiu.net\/wordpress\/wp-content\/uploads\/2023\/03\/scuola-sci-falcade-c-Copia.mp3<\/a><\/audio><\/blockquote>\n<\/blockquote>\n<p><strong>FINO AL 10 APRILE<\/strong>, SUPER SUN: prenota 3 ore di lezione privata paghi solo 2 ore <strong>DAL 6 AL 10 APRILE,<\/strong> corso collettivo per\u00a0 bambini ed adulti\u00a0 tutti i livelli\u00a0 dalle 10 alle 13 \u2013 non \u00e8 obbligatoria l\u2019iscrizione per tutti i 5 giorni si accettano prenotazione anche parziali pasqua a FALCADE, LE VANTAGGIOSE PROPOSTE DELLA SCUOLA SCI E SNOWBOARD EQUIPE FALCADE INFO 0437\/599616 \u2013 mail <a href=\"mailto:info@scuolasciequipe.it\">info@scuolasciequipe.it<\/a><\/p>\n\n\t\t\t<style type='text\/css'>\n\t\t\t\t#gallery-7 {\n\t\t\t\t\tmargin: auto;\n\t\t\t\t}\n\t\t\t\t#gallery-7 .gallery-item {\n\t\t\t\t\tfloat: left;\n\t\t\t\t\tmargin-top: 10px;\n\t\t\t\t\ttext-align: center;\n\t\t\t\t\twidth: 50%;\n\t\t\t\t}\n\t\t\t\t#gallery-7 img {\n\t\t\t\t\tborder: 2px solid #cfcfcf;\n\t\t\t\t}\n\t\t\t\t#gallery-7 .gallery-caption {\n\t\t\t\t\tmargin-left: 0;\n\t\t\t\t}\n\t\t\t\t\/* see gallery_shortcode() in wp-includes\/media.php *\/\n\t\t\t<\/style>\n\t\t<div id='gallery-7' class='dt-gallery-container gallery galleryid-328941 gallery-columns-2 gallery-size-thumbnail'><dl class='gallery-item'>\n\t\t\t\t<dt class='gallery-icon portrait'>\n\t\t\t\t\t<a class=\"rollover rollover-zoom dt-pswp-item\" title=\"Corso di pasqua 2023\" data-dt-img-description=\"\" data-large_image_width=\"1810\" data-large_image_height=\"2560\"href='https:\/\/www.radiopiu.net\/wordpress\/wp-content\/uploads\/2023\/03\/Corso-di-pasqua-2023-scaled.jpg'><img loading=\"lazy\" decoding=\"async\" width=\"150\" height=\"150\" src=\"https:\/\/www.radiopiu.net\/wordpress\/wp-content\/uploads\/2023\/03\/Corso-di-pasqua-2023-150x150.jpg\" class=\"attachment-thumbnail size-thumbnail\" alt=\"\" \/><\/a>\n\t\t\t\t<\/dt><\/dl><dl class='gallery-item'>\n\t\t\t\t<dt class='gallery-icon landscape'>\n\t\t\t\t\t<a class=\"rollover rollover-zoom dt-pswp-item\" title=\"EQUIPE SUPER SUN 2023\" data-dt-img-description=\"\" data-large_image_width=\"2067\" data-large_image_height=\"738\"href='https:\/\/www.radiopiu.net\/wordpress\/wp-content\/uploads\/2023\/03\/EQUIPE-SUPER-SUN-2023.jpg'><img loading=\"lazy\" decoding=\"async\" width=\"150\" height=\"150\" src=\"https:\/\/www.radiopiu.net\/wordpress\/wp-content\/uploads\/2023\/03\/EQUIPE-SUPER-SUN-2023-150x150.jpg\" class=\"attachment-thumbnail size-thumbnail\" alt=\"\" \/><\/a>\n\t\t\t\t<\/dt><\/dl><br style=\"clear: both\" \/>\n\t\t\t<\/div>\n\n<p>&nbsp;<\/p>\n<hr \/>\n<p>&nbsp;<\/p>\n<p>&nbsp;<\/p>\n<blockquote>\n<h3><a class=\"dt-pswp-item\" href=\"https:\/\/www.radiopiu.net\/wordpress\/wp-content\/uploads\/2023\/03\/316804783_587411910051783_8683170444582843741_n.jpg\" data-dt-img-description=\"\" data-large_image_width=\"1440\" data-large_image_height=\"1440\"><img loading=\"lazy\" decoding=\"async\" class=\"wp-image-329033 alignleft\" src=\"https:\/\/www.radiopiu.net\/wordpress\/wp-content\/uploads\/2023\/03\/316804783_587411910051783_8683170444582843741_n-300x300.jpg\" alt=\"\" width=\"157\" height=\"157\" srcset=\"https:\/\/www.radiopiu.net\/wordpress\/wp-content\/uploads\/2023\/03\/316804783_587411910051783_8683170444582843741_n-300x300.jpg 300w, https:\/\/www.radiopiu.net\/wordpress\/wp-content\/uploads\/2023\/03\/316804783_587411910051783_8683170444582843741_n-1024x1024.jpg 1024w, https:\/\/www.radiopiu.net\/wordpress\/wp-content\/uploads\/2023\/03\/316804783_587411910051783_8683170444582843741_n-150x150.jpg 150w, https:\/\/www.radiopiu.net\/wordpress\/wp-content\/uploads\/2023\/03\/316804783_587411910051783_8683170444582843741_n-768x768.jpg 768w, https:\/\/www.radiopiu.net\/wordpress\/wp-content\/uploads\/2023\/03\/316804783_587411910051783_8683170444582843741_n.jpg 1440w\" sizes=\"auto, (max-width: 157px) 100vw, 157px\" \/><\/a>PER NON BRUCIARE LA CARNE AL BARBECUE&#8230; I CORSI DI GARDEN DOLOMITI<\/h3>\n<\/blockquote>\n<p><strong>L&#8217;INTERVISTA A JO&#8230;<\/strong><\/p>\n<p><strong>di mirko mezzacasa<\/strong><\/p>\n<audio class=\"wp-audio-shortcode\" id=\"audio-328941-9\" preload=\"none\" style=\"width: 100%;\" controls=\"controls\"><source type=\"audio\/mpeg\" src=\"https:\/\/www.radiopiu.net\/wordpress\/wp-content\/uploads\/2023\/03\/la-grigliata-di-jo.mp3?_=9\" \/><a href=\"https:\/\/www.radiopiu.net\/wordpress\/wp-content\/uploads\/2023\/03\/la-grigliata-di-jo.mp3\">https:\/\/www.radiopiu.net\/wordpress\/wp-content\/uploads\/2023\/03\/la-grigliata-di-jo.mp3<\/a><\/audio>\n<p><strong>LO SPOT ALLA RADIO<\/strong><\/p>\n<audio class=\"wp-audio-shortcode\" id=\"audio-328941-10\" preload=\"none\" style=\"width: 100%;\" controls=\"controls\"><source type=\"audio\/mpeg\" src=\"https:\/\/www.radiopiu.net\/wordpress\/wp-content\/uploads\/2023\/03\/dolomiti-garden-1-c.mp3?_=10\" \/><a href=\"https:\/\/www.radiopiu.net\/wordpress\/wp-content\/uploads\/2023\/03\/dolomiti-garden-1-c.mp3\">https:\/\/www.radiopiu.net\/wordpress\/wp-content\/uploads\/2023\/03\/dolomiti-garden-1-c.mp3<\/a><\/audio>\n<p>&nbsp;<\/p>\n<p>&nbsp;<\/p>\n<hr \/>\n<p>&nbsp;<\/p>\n<p>&nbsp;<\/p>\n<blockquote class=\"wp-embedded-content\" data-secret=\"2eFPVoEPOT\"><p><a href=\"https:\/\/www.radiopiu.net\/wordpress\/a-danzarfortuna-2023-la-lotteria-dellada-ecco-i-biglietti-vincenti\/\">A DANZARFORTUNA 2023,  LA LOTTERIA DELL&#8217;ADA ECCO I BIGLIETTI VINCENTI<\/a><\/p><\/blockquote>\n<p><iframe loading=\"lazy\" class=\"wp-embedded-content\" sandbox=\"allow-scripts\" security=\"restricted\" style=\"position: absolute; clip: rect(1px, 1px, 1px, 1px);\" title=\"&#8220;A DANZARFORTUNA 2023,  LA LOTTERIA DELL&#8217;ADA ECCO I BIGLIETTI VINCENTI&#8221; &#8212; Radio Pi\u00f9\" src=\"https:\/\/www.radiopiu.net\/wordpress\/a-danzarfortuna-2023-la-lotteria-dellada-ecco-i-biglietti-vincenti\/embed\/#?secret=IiWh28fU0o#?secret=2eFPVoEPOT\" data-secret=\"2eFPVoEPOT\" width=\"600\" height=\"338\" frameborder=\"0\" marginwidth=\"0\" marginheight=\"0\" scrolling=\"no\"><\/iframe><\/p>\n<p>&nbsp;<\/p>\n<p>&nbsp;<\/p>\n<hr \/>\n<p>&nbsp;<\/p>\n<h2 style=\"text-align: left;\"><span style=\"color: #000000;\"><em>L&#8217;EVENTO&#8230; DOMENICA 2 APRILE A FALCADE. &#8220;SAVE THE DATE PARTY&#8221;&#8230;OSPITE D&#8217;ECCEZIONE GIORGIO PREZIOSO<\/em><\/span><\/h2>\n<p>&nbsp;<\/p>\n<div style=\"width: 848px;\" class=\"wp-video\"><video class=\"wp-video-shortcode\" id=\"video-328941-2\" width=\"848\" height=\"480\" preload=\"metadata\" controls=\"controls\"><source type=\"video\/mp4\" src=\"https:\/\/www.radiopiu.net\/wordpress\/wp-content\/uploads\/2023\/03\/WhatsApp-Video-2023-03-27-at-20.37.32.mp4?_=2\" \/><a href=\"https:\/\/www.radiopiu.net\/wordpress\/wp-content\/uploads\/2023\/03\/WhatsApp-Video-2023-03-27-at-20.37.32.mp4\">https:\/\/www.radiopiu.net\/wordpress\/wp-content\/uploads\/2023\/03\/WhatsApp-Video-2023-03-27-at-20.37.32.mp4<\/a><\/video><\/div>\n<p>&nbsp;<\/p>\n<p>&nbsp;<\/p>\n<hr \/>\n<p>&nbsp;<\/p>\n<blockquote>\n<h3>L&#8217;ASSEMBLEA DELLA CROCE BIANCA DI LIVINALLONGO<\/h3>\n<\/blockquote>\n<p><strong>LIVINALLONGO<\/strong> E&#8217; in programma il 14 aprile alle 19:30\u00a0 l&#8217;assemblea generale della Croce Bianca Livinallongo. I soci si ritroveranno alla sala Bo\u00e8 di Arabba per parlare del resoconto delle attivit\u00e0 dello scorso anno, l&#8217;elezione dei delegati e l&#8217;intervento del responsabile gruppo giovani. L&#8217;occasione anche per consegnare le onorificenze e per un momento conviviale.<\/p>\n<p>&nbsp;<\/p>\n<p>&nbsp;<\/p>\n<hr \/>\n<p><a class=\"dt-pswp-item\" href=\"https:\/\/www.radiopiu.net\/wordpress\/wp-content\/uploads\/2023\/03\/b47eeefb-e9d0-4cd3-8952-36f472ec7d71.jpg\" data-dt-img-description=\"\" data-large_image_width=\"1080\" data-large_image_height=\"1620\"><img loading=\"lazy\" decoding=\"async\" class=\"size-medium wp-image-328892 alignleft\" src=\"https:\/\/www.radiopiu.net\/wordpress\/wp-content\/uploads\/2023\/03\/b47eeefb-e9d0-4cd3-8952-36f472ec7d71-200x300.jpg\" alt=\"\" width=\"200\" height=\"300\" srcset=\"https:\/\/www.radiopiu.net\/wordpress\/wp-content\/uploads\/2023\/03\/b47eeefb-e9d0-4cd3-8952-36f472ec7d71-200x300.jpg 200w, https:\/\/www.radiopiu.net\/wordpress\/wp-content\/uploads\/2023\/03\/b47eeefb-e9d0-4cd3-8952-36f472ec7d71-683x1024.jpg 683w, https:\/\/www.radiopiu.net\/wordpress\/wp-content\/uploads\/2023\/03\/b47eeefb-e9d0-4cd3-8952-36f472ec7d71-768x1152.jpg 768w, https:\/\/www.radiopiu.net\/wordpress\/wp-content\/uploads\/2023\/03\/b47eeefb-e9d0-4cd3-8952-36f472ec7d71-1024x1536.jpg 1024w, https:\/\/www.radiopiu.net\/wordpress\/wp-content\/uploads\/2023\/03\/b47eeefb-e9d0-4cd3-8952-36f472ec7d71.jpg 1080w\" sizes=\"auto, (max-width: 200px) 100vw, 200px\" \/><\/a><\/p>\n<blockquote>\n<h3>A PASQUA IL MERCATINO DI ARTE E SAPORI AD ALLEGHE<\/h3>\n<\/blockquote>\n<p><strong>ALLEGHE<\/strong> Trascorrete la Pasqua sul lungolago di Alleghe. Dal 7 aprile a Pasquetta il mercatino di Arte e sapori vi aspetta. Colori profumi artigianato, curiosit\u00e0, e tipicit\u00e0 regionali . Troverete fritture di pesce, panini con porchetta, salumi, formaggi, olive, taralli, gastronomia siciliana e anche frittelle e caramelle, ammirando curiosit\u00e0 artigianali. Dal 7 aprile a Pasquetta il mercatino di arti e sapori vi aspetta<\/p>\n<p>&nbsp;<\/p>\n<p>&nbsp;<\/p>\n<p>&nbsp;<\/p>\n<p>&nbsp;<\/p>\n<p>&nbsp;<\/p>\n<p>&nbsp;<\/p>\n<p>&nbsp;<\/p>\n<p>&nbsp;<\/p>\n<hr \/>\n<p>&nbsp;<\/p>\n<h3><a class=\"dt-pswp-item\" href=\"https:\/\/www.radiopiu.net\/wordpress\/wp-content\/uploads\/2023\/03\/CORO-BYV-con-il-Direttore-Radmila-Visentin-scaled.jpg\" data-dt-img-description=\"\" data-large_image_width=\"2560\" data-large_image_height=\"1440\"><img loading=\"lazy\" decoding=\"async\" class=\" wp-image-328627 alignleft\" src=\"https:\/\/www.radiopiu.net\/wordpress\/wp-content\/uploads\/2023\/03\/CORO-BYV-con-il-Direttore-Radmila-Visentin-300x169.jpg\" alt=\"\" width=\"197\" height=\"111\" srcset=\"https:\/\/www.radiopiu.net\/wordpress\/wp-content\/uploads\/2023\/03\/CORO-BYV-con-il-Direttore-Radmila-Visentin-300x169.jpg 300w, https:\/\/www.radiopiu.net\/wordpress\/wp-content\/uploads\/2023\/03\/CORO-BYV-con-il-Direttore-Radmila-Visentin-1024x576.jpg 1024w, https:\/\/www.radiopiu.net\/wordpress\/wp-content\/uploads\/2023\/03\/CORO-BYV-con-il-Direttore-Radmila-Visentin-768x432.jpg 768w, https:\/\/www.radiopiu.net\/wordpress\/wp-content\/uploads\/2023\/03\/CORO-BYV-con-il-Direttore-Radmila-Visentin-1536x864.jpg 1536w, https:\/\/www.radiopiu.net\/wordpress\/wp-content\/uploads\/2023\/03\/CORO-BYV-con-il-Direttore-Radmila-Visentin-2048x1152.jpg 2048w\" sizes=\"auto, (max-width: 197px) 100vw, 197px\" \/><\/a>DALLA GUERRA ALLA PACE&#8230;IL CONCERTO A BELLUNO<\/h3>\n<p><strong>BELLUNO <\/strong>\u201cDalla guerra alla Pace\u201d \u00e8 il tema del concerto corale organizzato dall\u2019Associazione Culturale Arte Nuova, presso la sala polifunzionale dell\u2019Istituto Salesiano Agosti a Belluno, sabato 1 aprile 2023 ore 20:45. Saranno protagonisti il Gruppo \u201cSolo Voci\u201d coro maschile di Feltre ospite del Coro Belluno Young Voices. L\u2019evento vuole essere un\u2019occasione di aggregazione sociale e promozione del valore universale della pace.<\/p>\n<p>&nbsp;<\/p>\n<p>&nbsp;<\/p>\n<hr \/>\n<p>&nbsp;<\/p>\n<blockquote>\n<h3>DOMENICA IL CONCERTO DI INAUGURAZIONE DEL CONCORSO MUSICALE NAZIONALE A BELLUNO<\/h3>\n<\/blockquote>\n<p><strong>BELLUNO<\/strong> Si svolger\u00e0 domenica alle 18 al teatro Comunale di Belluno il concerto inaugurale del Concorso Musicale Nazionale Citt\u00e0 di Belluno. Al concerto si esibiranno alcuni vincitori dell&#8217;edizione 2022 e alcuni piccoli talenti dell&#8217;edizione 2023. Il concorso \u00e8 organizzato dall&#8217;Associazione Gocce di Sole Aps in collaborazione con il Comune di Belluno, la Fondazione Teatri Delle Dolomiti e la Banca Prealpi Sanbiagio e si svolger\u00e0 dal 2 al 21 maggio.<\/p>\n<p>&nbsp;<\/p>\n<p>&nbsp;<\/p>\n<hr \/>\n<p>&nbsp;<\/p>\n<blockquote>\n<h3>IL CONCERTO DELL&#8217;ISTITUTO COMPRENSIVO DI MEL<\/h3>\n<\/blockquote>\n<p><strong><a class=\"dt-pswp-item\" href=\"https:\/\/www.radiopiu.net\/wordpress\/wp-content\/uploads\/2023\/03\/coro1.jpg\" data-dt-img-description=\"\" data-large_image_width=\"1600\" data-large_image_height=\"1200\"><img loading=\"lazy\" decoding=\"async\" class=\" wp-image-328812 alignleft\" src=\"https:\/\/www.radiopiu.net\/wordpress\/wp-content\/uploads\/2023\/03\/coro1-300x225.jpg\" alt=\"\" width=\"151\" height=\"113\" srcset=\"https:\/\/www.radiopiu.net\/wordpress\/wp-content\/uploads\/2023\/03\/coro1-300x225.jpg 300w, https:\/\/www.radiopiu.net\/wordpress\/wp-content\/uploads\/2023\/03\/coro1-1024x768.jpg 1024w, https:\/\/www.radiopiu.net\/wordpress\/wp-content\/uploads\/2023\/03\/coro1-768x576.jpg 768w, https:\/\/www.radiopiu.net\/wordpress\/wp-content\/uploads\/2023\/03\/coro1-1536x1152.jpg 1536w, https:\/\/www.radiopiu.net\/wordpress\/wp-content\/uploads\/2023\/03\/coro1.jpg 1600w\" sizes=\"auto, (max-width: 151px) 100vw, 151px\" \/><\/a>BORGO VALBELLUNA <\/strong>Pianoforte, chitarra, flauto, batteria e da quest\u2019anno anche un coro, questa \u00e8 la nuova offerta formativa dell\u2019Istituto Comprensivo di Mel che dal 2008 si avvale dell\u2019indirizzo musicale e da una decina di anni fa parte della rete\u00a0 SMIM (scuole medie ad indirizzo musicale). Un progetto pilota, realt\u00e0 corale e virtuosa del territorio, che nasce dalla collaborazione con la Corale Zumellese, nella persona del Maestro Manolo Da Rold, e che venerd\u00ec 31 Marzo, nella ex Chiesa di S. Pietro di Mel (Via Borgata Garibaldi 12) alle <em>18.30 vedr\u00e0 il suo clou con il saggio finale; un momento importante e atteso dai giovani coristi, ma anche da tutti gli adulti che sono stati loro di sostegno.\u00a0<\/em><\/p>\n<p>&nbsp;<\/p>\n<p>&nbsp;<\/p>\n<hr \/>\n<p>&nbsp;<\/p>\n<blockquote>\n<h3>LA PESCA DI BENEFICENZA A CENCENIGHE<\/h3>\n<\/blockquote>\n<p><strong>CENCENIGHE<\/strong> Il Gruppo Insieme Si Pu\u00f2 di Cencenighe organizza per i giorni 8, 9, 10 aprile la pesca di beneficenza agli ex garage della canonica. Si potr\u00e0 accedere dalle 9 alle 12 e dalle 15 alle 19.<\/p>\n<p>&nbsp;<\/p>\n<p>&nbsp;<\/p>\n<hr \/>\n<p>&nbsp;<\/p>\n<div>\n<div class=\"b654a4as d2edcug0\">\n<div class=\"rq0escxv hkbzh7o3 jwdofwj8 n8tt0mok r8blr3vg hyh9befq\">\n<p><a class=\"dt-pswp-item\" href=\"https:\/\/www.radiopiu.net\/wordpress\/wp-content\/uploads\/2020\/10\/pp.jpg\" data-dt-img-description=\"\" data-large_image_width=\"640\" data-large_image_height=\"640\"><img loading=\"lazy\" decoding=\"async\" class=\"wp-image-163678 alignleft\" src=\"https:\/\/www.radiopiu.net\/wordpress\/wp-content\/uploads\/2020\/10\/pp-300x300.jpg\" alt=\"\" width=\"106\" height=\"106\" srcset=\"https:\/\/www.radiopiu.net\/wordpress\/wp-content\/uploads\/2020\/10\/pp-300x300.jpg 300w, https:\/\/www.radiopiu.net\/wordpress\/wp-content\/uploads\/2020\/10\/pp-150x150.jpg 150w, https:\/\/www.radiopiu.net\/wordpress\/wp-content\/uploads\/2020\/10\/pp-125x125.jpg 125w, https:\/\/www.radiopiu.net\/wordpress\/wp-content\/uploads\/2020\/10\/pp-200x200.jpg 200w, https:\/\/www.radiopiu.net\/wordpress\/wp-content\/uploads\/2020\/10\/pp-80x80.jpg 80w, https:\/\/www.radiopiu.net\/wordpress\/wp-content\/uploads\/2020\/10\/pp-480x480.jpg 480w, https:\/\/www.radiopiu.net\/wordpress\/wp-content\/uploads\/2020\/10\/pp.jpg 640w\" sizes=\"auto, (max-width: 106px) 100vw, 106px\" \/><\/a><\/p>\n<\/div>\n<\/div>\n<\/div>\n<div>\n<div class=\"page-title-head hgroup\">\n<div class=\"page-title-head hgroup\">\n<div class=\"b654a4as d2edcug0\">\n<div class=\"j83agx80 btwxx1t3 lhclo0ds hop8lmos nkwizq5d scwd0bx6 roh60bw9\">\n<div class=\"rq0escxv hkbzh7o3 jwdofwj8 n8tt0mok r8blr3vg hyh9befq\">\n<div class=\"do00u71z l9j0dhe7 k4urcfbm\" style=\"text-align: left;\">\n<h2><span style=\"color: #000080;\">DON CESARE, IL PENSIERO DEL GIORNO. ALLA RADIO ALLE 7 DEL MATTINO E ALLE 19.30 DELLA SERA\u00a0<\/span><\/h2>\n<\/div>\n<audio class=\"wp-audio-shortcode\" id=\"audio-328941-11\" preload=\"none\" style=\"width: 100%;\" controls=\"controls\"><source type=\"audio\/mpeg\" src=\"https:\/\/www.radiopiu.net\/wordpress\/wp-content\/uploads\/2023\/03\/cesare.mp3?_=11\" \/><a href=\"https:\/\/www.radiopiu.net\/wordpress\/wp-content\/uploads\/2023\/03\/cesare.mp3\">https:\/\/www.radiopiu.net\/wordpress\/wp-content\/uploads\/2023\/03\/cesare.mp3<\/a><\/audio>\n<\/div>\n<\/div>\n<\/div>\n<\/div>\n<\/div>\n<\/div>\n<p>&nbsp;<\/p>\n<p>&nbsp;<\/p>\n<hr \/>\n<p>&nbsp;<\/p>\n<h2><span style=\"color: #ff00ff;\">IN VIVO VERSO\u00a0 \u00a0 <\/span><\/h2>\n<blockquote>\n<h3>LA SEDIA A DONDOLO di ILARIA COLANGELI<\/h3>\n<\/blockquote>\n<p><strong><img loading=\"lazy\" decoding=\"async\" class=\"alignleft\" src=\"https:\/\/www.radiopiu.net\/wordpress\/wp-content\/uploads\/2023\/03\/3-ILARIA-COLANGELI-300x300.jpg\" width=\"146\" height=\"146\" \/>Ilaria Colangeli<\/strong><br \/>\n<strong>LA SEDIA A DONDOLO<\/strong><\/p>\n<p>Ho bisogno di una madre<br \/>\nper attaccarmi<br \/>\nancora al seno della speranza<br \/>\ndi una madre<br \/>\nche mi insegni a pregare<br \/>\ne che creda ai miracoli.<br \/>\nHo bisogno di una madre<br \/>\nche mi canti melodie dolcissime tenendomi in braccio<br \/>\nsulla sedia a dondolo<br \/>\ndavanti alla finestra<br \/>\nin fondo al corridoio.<br \/>\nHo bisogno di una madre<br \/>\nche mi porti a raccogliere<br \/>\nfiori nei campi<br \/>\ne che non tema la pioggia<br \/>\ned il vento.<br \/>\nHo bisogno di una madre<br \/>\nche mi accompagni<br \/>\nche mi protegga<br \/>\ne che mi tenga per mano<br \/>\nsull&#8217;orlo di questo abisso<br \/>\nche non si stanca<br \/>\ndi rimandare<br \/>\nl&#8217;eco del mio nome<\/p>\n<p><strong>LA RACCOLTA COMPLETA<\/strong><\/p>\n<div dir=\"auto\">\n<div dir=\"auto\">\n<div dir=\"auto\">\n<div dir=\"auto\">\n<div dir=\"auto\">\n<div dir=\"auto\">\n<blockquote class=\"wp-embedded-content\" data-secret=\"Vmr0oUauM4\"><p><a href=\"https:\/\/www.radiopiu.net\/wordpress\/in-vivo-verso\/\">In Vivo Verso<\/a><\/p><\/blockquote>\n<p><iframe loading=\"lazy\" class=\"wp-embedded-content\" sandbox=\"allow-scripts\" security=\"restricted\" style=\"position: absolute; clip: rect(1px, 1px, 1px, 1px);\" title=\"&#8220;In Vivo Verso&#8221; &#8212; Radio Pi\u00f9\" src=\"https:\/\/www.radiopiu.net\/wordpress\/in-vivo-verso\/embed\/#?secret=c7wJGibVO0#?secret=Vmr0oUauM4\" data-secret=\"Vmr0oUauM4\" width=\"600\" height=\"338\" frameborder=\"0\" marginwidth=\"0\" marginheight=\"0\" scrolling=\"no\"><\/iframe><\/p>\n<\/div>\n<\/div>\n<\/div>\n<\/div>\n<\/div>\n<\/div>\n<p>&nbsp;<\/p>\n<hr \/>\n<p>&nbsp;<\/p>\n<h2><span style=\"color: #008080;\">GOCCE DI FILOSOFIA\u00a0<\/span><\/h2>\n<div class=\"page-title-head hgroup\">\n<h3 class=\"entry-title\">GOCCE DI FILOSOFIA \u2013 PUNTATA 278 \u2013 CHIARA CAU<\/h3>\n<audio class=\"wp-audio-shortcode\" id=\"audio-328941-12\" preload=\"none\" style=\"width: 100%;\" controls=\"controls\"><source type=\"audio\/mpeg\" src=\"https:\/\/www.radiopiu.net\/wordpress\/wp-content\/uploads\/2023\/03\/FI3-1.mp3?_=12\" \/><a href=\"https:\/\/www.radiopiu.net\/wordpress\/wp-content\/uploads\/2023\/03\/FI3-1.mp3\">https:\/\/www.radiopiu.net\/wordpress\/wp-content\/uploads\/2023\/03\/FI3-1.mp3<\/a><\/audio>\n<p>&nbsp;<\/p>\n<\/div>\n<div class=\"page-title-breadcrumbs\"><\/div>\n<blockquote class=\"wp-embedded-content\" data-secret=\"5yiSdzbFzk\"><p><a href=\"https:\/\/www.radiopiu.net\/wordpress\/gocce-filosofia\/\">Gocce di filosofia,  LA TERZA STAGIONE&#8230; 2023<\/a><\/p><\/blockquote>\n<p><iframe loading=\"lazy\" class=\"wp-embedded-content\" sandbox=\"allow-scripts\" security=\"restricted\" style=\"position: absolute; clip: rect(1px, 1px, 1px, 1px);\" title=\"&#8220;Gocce di filosofia,  LA TERZA STAGIONE&#8230; 2023&#8221; &#8212; Radio Pi\u00f9\" src=\"https:\/\/www.radiopiu.net\/wordpress\/gocce-filosofia\/embed\/#?secret=ZmI24p7IPv#?secret=5yiSdzbFzk\" data-secret=\"5yiSdzbFzk\" width=\"600\" height=\"338\" frameborder=\"0\" marginwidth=\"0\" marginheight=\"0\" scrolling=\"no\"><\/iframe><\/p>\n<hr \/>\n<h2><span style=\"color: #008000;\">\u00a0<\/span><\/h2>\n<h2><span style=\"color: #008000;\">\u00a0<\/span><\/h2>\n<h2><\/h2>\n<h2><span style=\"color: #008000;\">EPCENTER CON FRANCESCO ZILLIO <\/span><\/h2>\n<p><strong>PUNTATA DEL 27 MARZO 2023<\/strong><\/p>\n<p><strong>VENEZIA: HOTEL, ACCOGLIENZA, INNOVAZIONE<\/strong><\/p>\n<p><iframe loading=\"lazy\" title=\"EPCENTER CON FRANCESCO ZILLIO, VENEZIA: HOTEL, ACCOGLIENZA, INNOVAZIONE\" width=\"1200\" height=\"675\" src=\"https:\/\/www.youtube.com\/embed\/gdt6rp79i5I?feature=oembed\" frameborder=\"0\" allow=\"accelerometer; autoplay; clipboard-write; encrypted-media; gyroscope; picture-in-picture; web-share\" allowfullscreen><\/iframe><\/p>\n<p>&nbsp;<\/p>\n<hr \/>\n<p>&nbsp;<\/p>\n<p>&nbsp;<\/p>\n<h2><span style=\"color: #33cccc;\">SALUTE E SOCIETA&#8217;<\/span><\/h2>\n<p><strong>PUNTATA DEL 27 MARZO 2023<\/strong><\/p>\n<p><strong><a class=\"dt-pswp-item\" href=\"https:\/\/www.radiopiu.net\/wordpress\/wp-content\/uploads\/2023\/03\/5fe32744-3487-364e-011e-a93597cf42fe.jpg\" data-dt-img-description=\"\" data-large_image_width=\"800\" data-large_image_height=\"445\"><img loading=\"lazy\" decoding=\"async\" class=\" wp-image-328621 alignleft\" src=\"https:\/\/www.radiopiu.net\/wordpress\/wp-content\/uploads\/2023\/03\/5fe32744-3487-364e-011e-a93597cf42fe-300x167.jpg\" alt=\"\" width=\"149\" height=\"83\" srcset=\"https:\/\/www.radiopiu.net\/wordpress\/wp-content\/uploads\/2023\/03\/5fe32744-3487-364e-011e-a93597cf42fe-300x167.jpg 300w, https:\/\/www.radiopiu.net\/wordpress\/wp-content\/uploads\/2023\/03\/5fe32744-3487-364e-011e-a93597cf42fe-768x427.jpg 768w, https:\/\/www.radiopiu.net\/wordpress\/wp-content\/uploads\/2023\/03\/5fe32744-3487-364e-011e-a93597cf42fe.jpg 800w\" sizes=\"auto, (max-width: 149px) 100vw, 149px\" \/><\/a>Cheratosi attinica <\/strong>Ci sono varie terapie per il trattamento della cheratosi attinica che dipendono anche dall\u2019estensione del problema. Da poco abbiamo a disposizione un nuovo farmaco, la tirbanibulina, che agisce in poco tempo e senza effetti collaterali. <strong>Congresso EAU 2023 <\/strong>Si \u00e8 tenuto a Milano il 38\u00b0 Congresso Annuale della societ\u00e0 europea di urologia.<\/p>\n<audio class=\"wp-audio-shortcode\" id=\"audio-328941-13\" preload=\"none\" style=\"width: 100%;\" controls=\"controls\"><source type=\"audio\/mpeg\" src=\"https:\/\/www.radiopiu.net\/wordpress\/wp-content\/uploads\/2023\/03\/SALUTE-3.mp3?_=13\" \/><a href=\"https:\/\/www.radiopiu.net\/wordpress\/wp-content\/uploads\/2023\/03\/SALUTE-3.mp3\">https:\/\/www.radiopiu.net\/wordpress\/wp-content\/uploads\/2023\/03\/SALUTE-3.mp3<\/a><\/audio>\n<p>&nbsp;<\/p>\n<p>&nbsp;<\/p>\n<hr \/>\n<p>&nbsp;<\/p>\n<h2><strong><a class=\"dt-pswp-item\" href=\"https:\/\/www.radiopiu.net\/wordpress\/wp-content\/uploads\/2019\/05\/ALLEGHE-DANILO-DE-TONI.jpeg\" data-dt-img-description=\"\" data-large_image_width=\"1373\" data-large_image_height=\"1600\"><img loading=\"lazy\" decoding=\"async\" class=\" wp-image-86463 alignleft\" src=\"https:\/\/www.radiopiu.net\/wordpress\/wp-content\/uploads\/2019\/05\/ALLEGHE-DANILO-DE-TONI-257x300.jpeg\" alt=\"\" width=\"155\" height=\"181\" srcset=\"https:\/\/www.radiopiu.net\/wordpress\/wp-content\/uploads\/2019\/05\/ALLEGHE-DANILO-DE-TONI-257x300.jpeg 257w, https:\/\/www.radiopiu.net\/wordpress\/wp-content\/uploads\/2019\/05\/ALLEGHE-DANILO-DE-TONI-768x895.jpeg 768w, https:\/\/www.radiopiu.net\/wordpress\/wp-content\/uploads\/2019\/05\/ALLEGHE-DANILO-DE-TONI-879x1024.jpeg 879w, https:\/\/www.radiopiu.net\/wordpress\/wp-content\/uploads\/2019\/05\/ALLEGHE-DANILO-DE-TONI.jpeg 1373w\" sizes=\"auto, (max-width: 155px) 100vw, 155px\" \/><\/a><\/strong><span style=\"color: #99cc00;\">LA RASSEGNA STAMPA DA L&#8217;AMICO DEL POPOLO<\/span><\/h2>\n<p><strong>di Gianni Santomaso<\/strong><\/p>\n<p>OSPITE: Danilo De Toni, Sindaco di Alleghe<\/p>\n<audio class=\"wp-audio-shortcode\" id=\"audio-328941-14\" preload=\"none\" style=\"width: 100%;\" controls=\"controls\"><source type=\"audio\/mpeg\" src=\"https:\/\/www.radiopiu.net\/wordpress\/wp-content\/uploads\/2023\/03\/RASSEGNA-GIANNI-3.mp3?_=14\" \/><a href=\"https:\/\/www.radiopiu.net\/wordpress\/wp-content\/uploads\/2023\/03\/RASSEGNA-GIANNI-3.mp3\">https:\/\/www.radiopiu.net\/wordpress\/wp-content\/uploads\/2023\/03\/RASSEGNA-GIANNI-3.mp3<\/a><\/audio>\n<p>&nbsp;<\/p>\n<p>&nbsp;<\/p>\n<hr \/>\n<p>&nbsp;<\/p>\n<p>&nbsp;<\/p>\n<p><strong>LA RACCOLTA COMPLETA<\/strong><\/p>\n<blockquote class=\"wp-embedded-content\" data-secret=\"ouCIqrOOeV\"><p><a href=\"https:\/\/www.radiopiu.net\/wordpress\/ama-dolomiti-lidap-lega-italiana-contro-i-disturbi-di-attacchi-di-panico-puntata-del-13-marzo-2023\/\">AMA DOLOMITI -&#8220;MICHELA E L&#8217;ASSOCIAZIONE ITALIANA TUTELA SALUTE MENTALE DI BELLUNO&#8221; &#8211; PUNTATA DEL 27 MARZO 2023<\/a><\/p><\/blockquote>\n<p><iframe loading=\"lazy\" class=\"wp-embedded-content\" sandbox=\"allow-scripts\" security=\"restricted\" style=\"position: absolute; clip: rect(1px, 1px, 1px, 1px);\" title=\"&#8220;AMA DOLOMITI -&#8220;MICHELA E L&#8217;ASSOCIAZIONE ITALIANA TUTELA SALUTE MENTALE DI BELLUNO&#8221; &#8211; PUNTATA DEL 27 MARZO 2023&#8221; &#8212; Radio Pi\u00f9\" src=\"https:\/\/www.radiopiu.net\/wordpress\/ama-dolomiti-lidap-lega-italiana-contro-i-disturbi-di-attacchi-di-panico-puntata-del-13-marzo-2023\/embed\/#?secret=OX9PG73Q47#?secret=ouCIqrOOeV\" data-secret=\"ouCIqrOOeV\" width=\"600\" height=\"338\" frameborder=\"0\" marginwidth=\"0\" marginheight=\"0\" scrolling=\"no\"><\/iframe><\/p>\n<p>&nbsp;<\/p>\n<p>&nbsp;<\/p>\n<p>&nbsp;<\/p>\n<hr \/>\n<p>&nbsp;<\/p>\n<div class=\"column\">\n<p><img loading=\"lazy\" decoding=\"async\" class=\"aligncenter wp-image-61954 size-full\" src=\"https:\/\/www.radiopiu.net\/wordpress\/wp-content\/uploads\/2018\/09\/viabilita.jpeg\" sizes=\"auto, (max-width: 800px) 100vw, 800px\" srcset=\"https:\/\/www.radiopiu.net\/wordpress\/wp-content\/uploads\/2018\/09\/viabilita.jpeg 800w, https:\/\/www.radiopiu.net\/wordpress\/wp-content\/uploads\/2018\/09\/viabilita-300x38.jpeg 300w, https:\/\/www.radiopiu.net\/wordpress\/wp-content\/uploads\/2018\/09\/viabilita-768x96.jpeg 768w\" alt=\"\" width=\"800\" height=\"100\" \/><\/p>\n<p>&nbsp;<\/p>\n<blockquote class=\"wp-embedded-content\" data-secret=\"d0RYqngJDn\"><p><a href=\"https:\/\/www.radiopiu.net\/wordpress\/viabilita\/\">viabilita<\/a><\/p><\/blockquote>\n<p><iframe loading=\"lazy\" class=\"wp-embedded-content\" sandbox=\"allow-scripts\" security=\"restricted\" style=\"position: absolute; clip: rect(1px, 1px, 1px, 1px);\" title=\"&#8220;viabilita&#8221; &#8212; Radio Pi\u00f9\" src=\"https:\/\/www.radiopiu.net\/wordpress\/viabilita\/embed\/#?secret=uds09Z1j1q#?secret=d0RYqngJDn\" data-secret=\"d0RYqngJDn\" width=\"600\" height=\"338\" frameborder=\"0\" marginwidth=\"0\" marginheight=\"0\" scrolling=\"no\"><\/iframe><\/p>\n<div>\n<div dir=\"ltr\">\n<div class=\"gmail_quote\">\n<div dir=\"ltr\">\n<div class=\"gmail_quote\"><\/div>\n<\/div>\n<\/div>\n<\/div>\n<\/div>\n<p>&nbsp;<\/p>\n<hr \/>\n<p>&nbsp;<\/p>\n<p><a class=\"dt-pswp-item\" href=\"https:\/\/www.radiopiu.net\/wordpress\/wp-content\/uploads\/2018\/09\/WhatsApp-Image-2018-09-20-at-16.04.06.jpeg\" data-dt-img-description=\"\" data-large_image_width=\"800\" data-large_image_height=\"100\"><img loading=\"lazy\" decoding=\"async\" class=\"wp-image-61378 size-full aligncenter\" src=\"https:\/\/www.radiopiu.net\/wordpress\/wp-content\/uploads\/2018\/09\/WhatsApp-Image-2018-09-20-at-16.04.06.jpeg\" alt=\"\" width=\"800\" height=\"100\" srcset=\"https:\/\/www.radiopiu.net\/wordpress\/wp-content\/uploads\/2018\/09\/WhatsApp-Image-2018-09-20-at-16.04.06.jpeg 800w, https:\/\/www.radiopiu.net\/wordpress\/wp-content\/uploads\/2018\/09\/WhatsApp-Image-2018-09-20-at-16.04.06-300x38.jpeg 300w, https:\/\/www.radiopiu.net\/wordpress\/wp-content\/uploads\/2018\/09\/WhatsApp-Image-2018-09-20-at-16.04.06-768x96.jpeg 768w\" sizes=\"auto, (max-width: 800px) 100vw, 800px\" \/><\/a><\/p>\n<p>&nbsp;<\/p>\n<\/div>\n<p><center><b>OGGI<\/b><\/center><b>Tempo atteso: <\/b>Tempo variabile con molte nubi stratiformi e limitate chance di schiarite. Maggior nuvolosit\u00e0 su Prealpi. Alla sera generale intensificazione della nuvolosit\u00e0.<br \/>\n<b>Precipitazioni: <\/b>Nel tardo pomeriggio ed in serata non escluso qualche precipitazione sparsa (20-40%), con neve oltre i 2000 m solo sulle Dolomiti.<br \/>\n<b>Temperature: <\/b>In ulteriore rialzo con clima diurno pi\u00f9 mite rispetto a mercoled\u00ec a tutte le quote.<\/p>\n<hr \/>\n<p><center><b>DOMANI<\/b><\/center><b>Tempo atteso: <\/b>Al mattino cielo nuvoloso a tratti molto nuvoloso specie verso la tarda mattinata, nel corso del pomeriggio\/sera coperto con parziali schiarite verso fine giornata.<br \/>\n<b>Precipitazioni: <\/b>Aumento della probabilit\u00e0 di precipitazioni a partire dalle ore centrali fino a medio-alta (50-75%) nel pomeriggio per fenomeni perlopi\u00f9 deboli a tratti moderati localmente a carattere di rovescio; non del tutto escluso qualche temporale specie sulle Prealpi.<\/p>\n<hr \/>\n<p><center><b>SABATO<\/b><\/center>Tempo Variabile con alternanza di parziali schiarite e addensamenti nuvolosi, pi\u00f9 consistenti dalle ore centrali e nel pomeriggio quando non saranno del esclusi piovaschi o qualche rovescio, eventualmente nevoso oltre i 1700-2000 m. Temperature minime in lieve calo, massime in lieve aumento.<\/p>\n<hr \/>\n<p><center><b>DOMENICA<\/b><\/center>Giornata non molto diversa rispetto a sabato; ancora tempo variabile con alternanza di parziali schiarite e addensamenti nuvolosi, specie dalle ore centrali, eventualmente associati a qualche rovescio con quota neve oltre i 2000 m. Temperature minime in ulteriore lieve calo, massime senza notevoli variazioni.<\/p>\n<p>&nbsp;<\/p>\n<hr \/>\n<p>&nbsp;<\/p>\n<p><a class=\"dt-pswp-item\" href=\"https:\/\/www.radiopiu.net\/wordpress\/wp-content\/uploads\/2018\/09\/sport.jpg\" data-dt-img-description=\"\" data-large_image_width=\"800\" data-large_image_height=\"100\"><img loading=\"lazy\" decoding=\"async\" class=\"aligncenter wp-image-60761 size-full\" src=\"https:\/\/www.radiopiu.net\/wordpress\/wp-content\/uploads\/2018\/09\/sport.jpg\" alt=\"\" width=\"800\" height=\"100\" srcset=\"https:\/\/www.radiopiu.net\/wordpress\/wp-content\/uploads\/2018\/09\/sport.jpg 800w, https:\/\/www.radiopiu.net\/wordpress\/wp-content\/uploads\/2018\/09\/sport-300x38.jpg 300w, https:\/\/www.radiopiu.net\/wordpress\/wp-content\/uploads\/2018\/09\/sport-768x96.jpg 768w\" sizes=\"auto, (max-width: 800px) 100vw, 800px\" \/><\/a><\/p>\n<p>&nbsp;<\/p>\n<p>&nbsp;<\/p>\n<p><span style=\"color: #0000ff;\"><strong>SCI ALPINO<\/strong><\/span><\/p>\n<blockquote>\n<h3>ELIA BARP SECONDO NELLA 10 KM VALIDA PER I CAMPIONATI ITALIANI DI FONDO A DOBBIACO<\/h3>\n<\/blockquote>\n<p><strong><a class=\"dt-pswp-item\" href=\"https:\/\/www.radiopiu.net\/wordpress\/wp-content\/uploads\/2023\/03\/Podio_Men-camp-ita-assoluti-10-km-skating-2.-elia-barp-foto-facchini-newspower.jpg\" data-dt-img-description=\"\" data-large_image_width=\"2375\" data-large_image_height=\"1583\"><img loading=\"lazy\" decoding=\"async\" class=\" wp-image-329018 alignleft\" src=\"https:\/\/www.radiopiu.net\/wordpress\/wp-content\/uploads\/2023\/03\/Podio_Men-camp-ita-assoluti-10-km-skating-2.-elia-barp-foto-facchini-newspower-300x200.jpg\" alt=\"\" width=\"243\" height=\"162\" srcset=\"https:\/\/www.radiopiu.net\/wordpress\/wp-content\/uploads\/2023\/03\/Podio_Men-camp-ita-assoluti-10-km-skating-2.-elia-barp-foto-facchini-newspower-300x200.jpg 300w, https:\/\/www.radiopiu.net\/wordpress\/wp-content\/uploads\/2023\/03\/Podio_Men-camp-ita-assoluti-10-km-skating-2.-elia-barp-foto-facchini-newspower-1024x683.jpg 1024w, https:\/\/www.radiopiu.net\/wordpress\/wp-content\/uploads\/2023\/03\/Podio_Men-camp-ita-assoluti-10-km-skating-2.-elia-barp-foto-facchini-newspower-768x512.jpg 768w, https:\/\/www.radiopiu.net\/wordpress\/wp-content\/uploads\/2023\/03\/Podio_Men-camp-ita-assoluti-10-km-skating-2.-elia-barp-foto-facchini-newspower-1536x1024.jpg 1536w, https:\/\/www.radiopiu.net\/wordpress\/wp-content\/uploads\/2023\/03\/Podio_Men-camp-ita-assoluti-10-km-skating-2.-elia-barp-foto-facchini-newspower-2048x1365.jpg 2048w\" sizes=\"auto, (max-width: 243px) 100vw, 243px\" \/><\/a>DOBBIACO (BZ)<\/strong> Sono in programma in questi giorni i Campionati Italiani Assoluti di Fondo, ultimo appuntamento della stagione sugli sci stretti. \u00c8 andata in scena la prima giornata sulle nevi di Dobbiaco e ad inaugurare le gare la 10 km marschile dove \u00e8 arrivato il podio per Elia Barp. Il finanziere \u00e8 arrivato secondo alle spalle del valdostano Francesco De Fabiani. A completare il podio in terza posizione Giuseppe Montello. Quarto Federico Pellegrino. (Foto: Fisi Veneto)<\/p>\n<p>&nbsp;<\/p>\n<p>&nbsp;<\/p>\n<p><span style=\"color: #0000ff;\"><strong>PALLAVOLO<\/strong><\/span><\/p>\n<blockquote>\n<h3>I RINOCERONTI SONO PRONTI PER LA SFIDA CON MACERATA<\/h3>\n<\/blockquote>\n<p><strong><a class=\"dt-pswp-item\" href=\"https:\/\/www.radiopiu.net\/wordpress\/wp-content\/uploads\/2023\/03\/Graziani_pronto_alla_sfida_con_Macerata.jpg\" data-dt-img-description=\"\" data-large_image_width=\"981\" data-large_image_height=\"1217\"><img loading=\"lazy\" decoding=\"async\" class=\" wp-image-328944 alignleft\" src=\"https:\/\/www.radiopiu.net\/wordpress\/wp-content\/uploads\/2023\/03\/Graziani_pronto_alla_sfida_con_Macerata-242x300.jpg\" alt=\"\" width=\"116\" height=\"144\" srcset=\"https:\/\/www.radiopiu.net\/wordpress\/wp-content\/uploads\/2023\/03\/Graziani_pronto_alla_sfida_con_Macerata-242x300.jpg 242w, https:\/\/www.radiopiu.net\/wordpress\/wp-content\/uploads\/2023\/03\/Graziani_pronto_alla_sfida_con_Macerata-825x1024.jpg 825w, https:\/\/www.radiopiu.net\/wordpress\/wp-content\/uploads\/2023\/03\/Graziani_pronto_alla_sfida_con_Macerata-768x953.jpg 768w, https:\/\/www.radiopiu.net\/wordpress\/wp-content\/uploads\/2023\/03\/Graziani_pronto_alla_sfida_con_Macerata.jpg 981w\" sizes=\"auto, (max-width: 116px) 100vw, 116px\" \/><\/a>BELLUNO <\/strong>Cinque squadre racchiuse in due punti. E solo tre di loro andranno ai playoff: in questa folle corsa verso il traguardo della post season, tutto \u00e8 ancora apertissimo. Anche se la Da Rold Logistics Belluno parte dalle retrovie: dalla nona posizione, mentre per accedere al tabellone pi\u00f9 nobile \u00e8 necessario arrivare almeno settimi. Ragion per cui \u00e8 obbligatorio battere la Med Store Tunit Macerata, nella gara di domenica 2 aprile alle 18, alla Spes Arena. E sperare che sugli altri campi maturino dei risultati favorevoli. Dopo il ko con la capolista, la DRL \u00e8 scivolata di due posizioni in graduatoria: \u00abIl valore di Fano non si discute &#8211; \u00e8 il commento di Alessandro Graziani -. E tantomeno quello del loro opposto, Marks: atleta di categoria superiore. Ma avevamo buone sensazioni: il clima era sereno, ci sentivamo concentrati e tranquilli. Invece siamo spariti nel secondo set e, in generale, abbiamo sbagliato davvero tanto. Se avessimo giocato una partita pulita, come sappiamo fare, almeno un parziale lo avremmo portato a casa\u00bb.<span class=\"gmail-Apple-converted-space\">\u00a0<\/span><\/p>\n<p>&nbsp;<\/p>\n<p>&nbsp;<\/p>\n<hr \/>\n<p>&nbsp;<\/p>\n<p><span style=\"color: #0000ff;\"><strong>NUOTO<\/strong><\/span><\/p>\n<blockquote>\n<h3>CRITERIA NAZIONALI GIOVANILI DI RICCIONE: LA SPORTIVAMENTE BELLUNO CALA IL POKER DI ATLETI<\/h3>\n<\/blockquote>\n<p><strong><a class=\"dt-pswp-item\" href=\"https:\/\/www.radiopiu.net\/wordpress\/wp-content\/uploads\/2023\/03\/Petteno_e_Simon.jpg\" data-dt-img-description=\"\" data-large_image_width=\"1600\" data-large_image_height=\"1200\"><img loading=\"lazy\" decoding=\"async\" class=\" wp-image-328951 alignleft\" src=\"https:\/\/www.radiopiu.net\/wordpress\/wp-content\/uploads\/2023\/03\/Petteno_e_Simon-300x225.jpg\" alt=\"\" width=\"167\" height=\"125\" srcset=\"https:\/\/www.radiopiu.net\/wordpress\/wp-content\/uploads\/2023\/03\/Petteno_e_Simon-300x225.jpg 300w, https:\/\/www.radiopiu.net\/wordpress\/wp-content\/uploads\/2023\/03\/Petteno_e_Simon-1024x768.jpg 1024w, https:\/\/www.radiopiu.net\/wordpress\/wp-content\/uploads\/2023\/03\/Petteno_e_Simon-768x576.jpg 768w, https:\/\/www.radiopiu.net\/wordpress\/wp-content\/uploads\/2023\/03\/Petteno_e_Simon-1536x1152.jpg 1536w, https:\/\/www.radiopiu.net\/wordpress\/wp-content\/uploads\/2023\/03\/Petteno_e_Simon.jpg 1600w\" sizes=\"auto, (max-width: 167px) 100vw, 167px\" \/><\/a>BELLUNO <\/strong>Inizieranno venerd\u00ec 31 marzo i Criteria nazionali giovanili, a Riccione: 800 le atlete in vasca e circa un migliaio gli atleti. A conferma che, nella splendida localit\u00e0 balneare della Riviera Romagnola, si ritrover\u00e0 la cr\u00e8me del nuoto giovanile a livello italiano. In questo contesto di altissimo profilo, e di grande prestigio, ci sar\u00e0 spazio pure per la Sportivamente Belluno. E per ben quattro atleti, che hanno avuto il merito di qualificarsi, ottenendo peraltro il tempo limite. Senza alcun tipo di ripescaggio o deroga. Il riferimento \u00e8 a Elisa Petten\u00f2 (classe 2008), qualificata nei 100 e 200 dorso; Anna Simon (2009), protagonista nei 50 stile; Filippo Monestier (2007), pronto ad affrontare 50, 100 e 200 stile. E Alessandro Nerviani (2009), impegnato nei 50 e 100 stile. Due i debuttanti in questa competizione: Simon e Nerviani, mentre Petten\u00f2 e Monestier avevano gi\u00e0 provato l\u2019emozione di esibirsi in ambito nazionale. \u00abSiamo molto soddisfatti &#8211; \u00e8 il commento di Alberto Cassol, tecnico alla guida del gruppo insieme a Giulia Bortot -. Queste quattro qualificazioni sono il frutto di un lavoro che parte da lontano e coinvolge l\u2019intera societ\u00e0, cui va un particolare ringraziamento per il supporto e la volont\u00e0 di far crescere il settore agonistico. Dal canto loro, Elisa, Anna, Filippo e Alessandro hanno raccolto i frutti di tanto impegno e sacrificio, dopo un percorso partito dai settori giovanili\u00bb.<\/p>\n<p>&nbsp;<\/p>\n<p><span style=\"color: #0000ff;\"><strong>PALLAVOLO<\/strong><\/span><\/p>\n<blockquote>\n<h3>UN PUNTO UTILE IN CHIAVE SALVEZZA<\/h3>\n<\/blockquote>\n<div class=\"moz-text-html\" lang=\"x-unicode\">\n<div dir=\"ltr\">\n<p><b><a class=\"dt-pswp-item\" href=\"https:\/\/www.radiopiu.net\/wordpress\/wp-content\/uploads\/2023\/03\/Vendramini_in_palleggio.jpg\" data-dt-img-description=\"\" data-large_image_width=\"1555\" data-large_image_height=\"1037\"><img loading=\"lazy\" decoding=\"async\" class=\"size-medium wp-image-329093 alignleft\" src=\"https:\/\/www.radiopiu.net\/wordpress\/wp-content\/uploads\/2023\/03\/Vendramini_in_palleggio-300x200.jpg\" alt=\"\" width=\"300\" height=\"200\" srcset=\"https:\/\/www.radiopiu.net\/wordpress\/wp-content\/uploads\/2023\/03\/Vendramini_in_palleggio-300x200.jpg 300w, https:\/\/www.radiopiu.net\/wordpress\/wp-content\/uploads\/2023\/03\/Vendramini_in_palleggio-1024x683.jpg 1024w, https:\/\/www.radiopiu.net\/wordpress\/wp-content\/uploads\/2023\/03\/Vendramini_in_palleggio-768x512.jpg 768w, https:\/\/www.radiopiu.net\/wordpress\/wp-content\/uploads\/2023\/03\/Vendramini_in_palleggio-1536x1024.jpg 1536w, https:\/\/www.radiopiu.net\/wordpress\/wp-content\/uploads\/2023\/03\/Vendramini_in_palleggio.jpg 1555w\" sizes=\"auto, (max-width: 300px) 100vw, 300px\" \/><\/a>\u00a0BELLUNO-TREVISOASSICURA SILEA 2-3 <\/b><b>PARZIALI:\u00a0<\/b>25-19, 22-25, 30-28, 20-25, 7-15.<span class=\"gmail-Apple-converted-space\">\u00a0<\/span><b>\u00a0BELLUNO: <\/b>Vendramini 3, Casagrande 17, Fantinel 16, C. Fioretti 10, Fiabane 11, Zago 7; Casanova (L), Da Pos, Costa, D\u2019Isep 1, Ingrosso (L), Buzzatti, F. Fioretti.\u00a0Allenatore: L. Nesello.<\/p>\n<p>Le ragazze della pallavolo Belluno agganciano<b> <\/b>la zona salvezza: rimane alle spalle, infatti, il trio formato da Vigonza, Arena e Dinamica Solesino.\u00a0 Le lupe non riescono per\u00f2 a bissare la splendida prestazione di sabato scorso, a San Don\u00e0 di Piave con la baby Imoco: vanno due volte in vantaggio, ma sono superate al tie-break dal <b>Silea <\/b>dell\u2019ex Cristina Giacomini (omaggiata con un mazzo di fiori), nel recupero andato in scena in un <b>De Mas<\/b> vestito a festa, fra cori, trombette, striscioni e un entusiasmo che neppure l\u2019epilogo amaro \u00e8 riuscito a sopire. Il pubblico sugli spalti ha vinto. Le<span class=\"gmail-Apple-converted-space\">\u00a0 <\/span>lupe sul parquet, quasi.<b> <\/b><em>\u00a0\u00ab\u00c8 mancata un po\u2019 di lucidit\u00e0 nei momenti topici &#8211; \u00e8 l\u2019analisi nel post partita di coach Lorenzo Nesello -. Quando si concede troppo a un avversario che batte forte, \u00e8 inevitabile andare in difficolt\u00e0. E Silea ha proprio nel servizio la sua arma migliore. In pi\u00f9, da un certo momento del match, abbiamo iniziato a tirare piano. Il punto? Sa un po\u2019 di occasione sprecata\u00bb.<span class=\"gmail-Apple-converted-space\">\u00a0Sabato, per\u00f2, si torna gi\u00e0 sotto rete: a Castel d&#8217;Azzano, nel Veronese, contro l&#8217;Arena. \u00a0<\/span><\/em><\/p>\n<\/div>\n<\/div>\n","protected":false},"excerpt":{"rendered":"<p>ISCRIVITI AL NOSTRO CANALE YOUTUBE PER SEGUIRE IN DIRETTA I PRINCIPALI PROGRAMMI DI RADIO PIU&#8217; E LE FUTURE DIRETTE IN ESTERNA. PER ISCRIVERTI CLICCA QUI E PREMI IL TASTO &#8220;Iscriviti&#8221;\u00a0 &nbsp; LIMANA SALUTA FIORINDO D\u2019ISEP, UNA VITA PER IL GELATO ARTIGIANALE LIMANA Oltre mezzo secolo di passione per il gelato. L\u2019intera comunit\u00e0 limanese, ma non&hellip;<\/p>\n","protected":false},"author":4,"featured_media":328985,"comment_status":"closed","ping_status":"closed","sticky":false,"template":"","format":"standard","meta":{"_monsterinsights_skip_tracking":false,"_monsterinsights_sitenote_active":false,"_monsterinsights_sitenote_note":"","_monsterinsights_sitenote_category":0,"footnotes":""},"categories":[51,86,49],"tags":[],"class_list":["post-328941","post","type-post","status-publish","format-standard","has-post-thumbnail","hentry","category-evidenza-top","category-gr","category-news-18","category-51","category-86","category-49","description-off"],"img_url":"https:\/\/www.radiopiu.net\/wordpress\/wp-content\/uploads\/2023\/03\/fiorindo-con-lApe-Piaggio-scaled.jpg","_links":{"self":[{"href":"https:\/\/www.radiopiu.net\/wordpress\/wp-json\/wp\/v2\/posts\/328941","targetHints":{"allow":["GET"]}}],"collection":[{"href":"https:\/\/www.radiopiu.net\/wordpress\/wp-json\/wp\/v2\/posts"}],"about":[{"href":"https:\/\/www.radiopiu.net\/wordpress\/wp-json\/wp\/v2\/types\/post"}],"author":[{"embeddable":true,"href":"https:\/\/www.radiopiu.net\/wordpress\/wp-json\/wp\/v2\/users\/4"}],"replies":[{"embeddable":true,"href":"https:\/\/www.radiopiu.net\/wordpress\/wp-json\/wp\/v2\/comments?post=328941"}],"version-history":[{"count":0,"href":"https:\/\/www.radiopiu.net\/wordpress\/wp-json\/wp\/v2\/posts\/328941\/revisions"}],"wp:featuredmedia":[{"embeddable":true,"href":"https:\/\/www.radiopiu.net\/wordpress\/wp-json\/wp\/v2\/media\/328985"}],"wp:attachment":[{"href":"https:\/\/www.radiopiu.net\/wordpress\/wp-json\/wp\/v2\/media?parent=328941"}],"wp:term":[{"taxonomy":"category","embeddable":true,"href":"https:\/\/www.radiopiu.net\/wordpress\/wp-json\/wp\/v2\/categories?post=328941"},{"taxonomy":"post_tag","embeddable":true,"href":"https:\/\/www.radiopiu.net\/wordpress\/wp-json\/wp\/v2\/tags?post=328941"}],"curies":[{"name":"wp","href":"https:\/\/api.w.org\/{rel}","templated":true}]}}