{"id":328949,"date":"2023-03-29T09:57:16","date_gmt":"2023-03-29T07:57:16","guid":{"rendered":"https:\/\/www.radiopiu.net\/wordpress\/?p=328949"},"modified":"2023-03-29T09:57:16","modified_gmt":"2023-03-29T07:57:16","slug":"criteria-nazionali-giovanili-di-riccione-la-sportivamente-belluno-cala-il-poker-di-atleti","status":"publish","type":"post","link":"https:\/\/www.radiopiu.net\/wordpress\/criteria-nazionali-giovanili-di-riccione-la-sportivamente-belluno-cala-il-poker-di-atleti\/","title":{"rendered":"CRITERIA NAZIONALI GIOVANILI DI RICCIONE: LA SPORTIVAMENTE BELLUNO CALA IL POKER DI ATLETI"},"content":{"rendered":"<p><strong><a class=\"dt-pswp-item\" href=\"https:\/\/www.radiopiu.net\/wordpress\/wp-content\/uploads\/2023\/03\/Petteno_e_Simon.jpg\" data-dt-img-description=\"\" data-large_image_width=\"1600\" data-large_image_height=\"1200\"><img loading=\"lazy\" decoding=\"async\" class=\" wp-image-328951 alignleft\" src=\"https:\/\/www.radiopiu.net\/wordpress\/wp-content\/uploads\/2023\/03\/Petteno_e_Simon-300x225.jpg\" alt=\"\" width=\"167\" height=\"125\" srcset=\"https:\/\/www.radiopiu.net\/wordpress\/wp-content\/uploads\/2023\/03\/Petteno_e_Simon-300x225.jpg 300w, https:\/\/www.radiopiu.net\/wordpress\/wp-content\/uploads\/2023\/03\/Petteno_e_Simon-1024x768.jpg 1024w, https:\/\/www.radiopiu.net\/wordpress\/wp-content\/uploads\/2023\/03\/Petteno_e_Simon-768x576.jpg 768w, https:\/\/www.radiopiu.net\/wordpress\/wp-content\/uploads\/2023\/03\/Petteno_e_Simon-1536x1152.jpg 1536w, https:\/\/www.radiopiu.net\/wordpress\/wp-content\/uploads\/2023\/03\/Petteno_e_Simon.jpg 1600w\" sizes=\"auto, (max-width: 167px) 100vw, 167px\" \/><\/a>BELLUNO <\/strong>Inizieranno venerd\u00ec 31 marzo i Criteria nazionali giovanili, a Riccione: 800 le atlete in vasca e circa un migliaio gli atleti. A conferma che, nella splendida localit\u00e0 balneare della Riviera Romagnola, si ritrover\u00e0 la cr\u00e8me del nuoto giovanile a livello italiano. In questo contesto di altissimo profilo, e di grande prestigio, ci sar\u00e0 spazio pure per la Sportivamente Belluno. E per ben quattro atleti, che hanno avuto il merito di qualificarsi, ottenendo peraltro il tempo limite. Senza alcun tipo di ripescaggio o deroga. Il riferimento \u00e8 a Elisa Petten\u00f2 (classe 2008), qualificata nei 100 e 200 dorso; Anna Simon (2009), protagonista nei 50 stile; Filippo Monestier (2007), pronto ad affrontare 50, 100 e 200 stile. E Alessandro Nerviani (2009), impegnato nei 50 e 100 stile. Due i debuttanti in questa competizione: Simon e Nerviani, mentre Petten\u00f2 e Monestier avevano gi\u00e0 provato l\u2019emozione di esibirsi in ambito nazionale. \u00abSiamo molto soddisfatti &#8211; \u00e8 il commento di Alberto Cassol, tecnico alla guida del gruppo insieme a Giulia Bortot -. Queste quattro qualificazioni sono il frutto di un lavoro che parte da lontano e coinvolge l\u2019intera societ\u00e0, cui va un particolare ringraziamento per il supporto e la volont\u00e0 di far crescere il settore agonistico. Dal canto loro, Elisa, Anna, Filippo e Alessandro hanno raccolto i frutti di tanto impegno e sacrificio, dopo un percorso partito dai settori giovanili\u00bb.<\/p>\n<p>&nbsp;<\/p>\n<p>&nbsp;<\/p>\n<p>&nbsp;<\/p>\n<p>******<\/p>\n<p>&nbsp;<\/p>\n","protected":false},"excerpt":{"rendered":"<p>BELLUNO Inizieranno venerd\u00ec 31 marzo i Criteria nazionali giovanili, a Riccione: 800 le atlete in vasca e circa un migliaio gli atleti. A conferma che, nella splendida localit\u00e0 balneare della Riviera Romagnola, si ritrover\u00e0 la cr\u00e8me del nuoto giovanile a livello italiano. In questo contesto di altissimo profilo, e di grande prestigio, ci sar\u00e0 spazio&hellip;<\/p>\n","protected":false},"author":4,"featured_media":328951,"comment_status":"closed","ping_status":"closed","sticky":false,"template":"","format":"standard","meta":{"_monsterinsights_skip_tracking":false,"_monsterinsights_sitenote_active":false,"_monsterinsights_sitenote_note":"","_monsterinsights_sitenote_category":0,"footnotes":""},"categories":[49],"tags":[],"class_list":["post-328949","post","type-post","status-publish","format-standard","has-post-thumbnail","hentry","category-news-18","category-49","description-off"],"img_url":"https:\/\/www.radiopiu.net\/wordpress\/wp-content\/uploads\/2023\/03\/Petteno_e_Simon.jpg","_links":{"self":[{"href":"https:\/\/www.radiopiu.net\/wordpress\/wp-json\/wp\/v2\/posts\/328949","targetHints":{"allow":["GET"]}}],"collection":[{"href":"https:\/\/www.radiopiu.net\/wordpress\/wp-json\/wp\/v2\/posts"}],"about":[{"href":"https:\/\/www.radiopiu.net\/wordpress\/wp-json\/wp\/v2\/types\/post"}],"author":[{"embeddable":true,"href":"https:\/\/www.radiopiu.net\/wordpress\/wp-json\/wp\/v2\/users\/4"}],"replies":[{"embeddable":true,"href":"https:\/\/www.radiopiu.net\/wordpress\/wp-json\/wp\/v2\/comments?post=328949"}],"version-history":[{"count":0,"href":"https:\/\/www.radiopiu.net\/wordpress\/wp-json\/wp\/v2\/posts\/328949\/revisions"}],"wp:featuredmedia":[{"embeddable":true,"href":"https:\/\/www.radiopiu.net\/wordpress\/wp-json\/wp\/v2\/media\/328951"}],"wp:attachment":[{"href":"https:\/\/www.radiopiu.net\/wordpress\/wp-json\/wp\/v2\/media?parent=328949"}],"wp:term":[{"taxonomy":"category","embeddable":true,"href":"https:\/\/www.radiopiu.net\/wordpress\/wp-json\/wp\/v2\/categories?post=328949"},{"taxonomy":"post_tag","embeddable":true,"href":"https:\/\/www.radiopiu.net\/wordpress\/wp-json\/wp\/v2\/tags?post=328949"}],"curies":[{"name":"wp","href":"https:\/\/api.w.org\/{rel}","templated":true}]}}