{"id":329017,"date":"2023-03-30T05:11:24","date_gmt":"2023-03-30T03:11:24","guid":{"rendered":"https:\/\/www.radiopiu.net\/wordpress\/?p=329017"},"modified":"2023-03-30T05:41:03","modified_gmt":"2023-03-30T03:41:03","slug":"elia-barp-secondo-nella-10-km-valida-per-i-campionati-italiani-di-fondo-a-dobbiaco","status":"publish","type":"post","link":"https:\/\/www.radiopiu.net\/wordpress\/elia-barp-secondo-nella-10-km-valida-per-i-campionati-italiani-di-fondo-a-dobbiaco\/","title":{"rendered":"ELIA BARP SECONDO NELLA 10 KM VALIDA PER I CAMPIONATI ITALIANI DI FONDO A DOBBIACO"},"content":{"rendered":"<p><strong><a class=\"dt-pswp-item\" href=\"https:\/\/www.radiopiu.net\/wordpress\/wp-content\/uploads\/2023\/03\/Podio_Men-camp-ita-assoluti-10-km-skating-2.-elia-barp-foto-facchini-newspower.jpg\" data-dt-img-description=\"\" data-large_image_width=\"2375\" data-large_image_height=\"1583\"><img loading=\"lazy\" decoding=\"async\" class=\" wp-image-329018 alignleft\" src=\"https:\/\/www.radiopiu.net\/wordpress\/wp-content\/uploads\/2023\/03\/Podio_Men-camp-ita-assoluti-10-km-skating-2.-elia-barp-foto-facchini-newspower-300x200.jpg\" alt=\"\" width=\"243\" height=\"162\" srcset=\"https:\/\/www.radiopiu.net\/wordpress\/wp-content\/uploads\/2023\/03\/Podio_Men-camp-ita-assoluti-10-km-skating-2.-elia-barp-foto-facchini-newspower-300x200.jpg 300w, https:\/\/www.radiopiu.net\/wordpress\/wp-content\/uploads\/2023\/03\/Podio_Men-camp-ita-assoluti-10-km-skating-2.-elia-barp-foto-facchini-newspower-1024x683.jpg 1024w, https:\/\/www.radiopiu.net\/wordpress\/wp-content\/uploads\/2023\/03\/Podio_Men-camp-ita-assoluti-10-km-skating-2.-elia-barp-foto-facchini-newspower-768x512.jpg 768w, https:\/\/www.radiopiu.net\/wordpress\/wp-content\/uploads\/2023\/03\/Podio_Men-camp-ita-assoluti-10-km-skating-2.-elia-barp-foto-facchini-newspower-1536x1024.jpg 1536w, https:\/\/www.radiopiu.net\/wordpress\/wp-content\/uploads\/2023\/03\/Podio_Men-camp-ita-assoluti-10-km-skating-2.-elia-barp-foto-facchini-newspower-2048x1365.jpg 2048w\" sizes=\"auto, (max-width: 243px) 100vw, 243px\" \/><\/a>DOBBIACO (BZ)<\/strong> Sono in programma in questi giorni i Campionati Italiani Assoluti di Fondo, ultimo appuntamento della stagione sugli sci stretti. \u00c8 andata in scena la prima giornata sulle nevi di Dobbiaco e ad inaugurare le gare la 10 km marschile dove \u00e8 arrivato il podio per Elia Barp. Il finanziere \u00e8 arrivato secondo alle spalle del valdostano Francesco De Fabiani. A completare il podio in terza posizione Giuseppe Montello. Quarto Federico Pellegrino. (Foto: Fisi Veneto)<\/p>\n<p>&nbsp;<\/p>\n<p>&nbsp;<\/p>\n<p>&nbsp;<\/p>\n<p>&nbsp;<\/p>\n<p>*<\/p>\n","protected":false},"excerpt":{"rendered":"<p>DOBBIACO (BZ) Sono in programma in questi giorni i Campionati Italiani Assoluti di Fondo, ultimo appuntamento della stagione sugli sci stretti. \u00c8 andata in scena la prima giornata sulle nevi di Dobbiaco e ad inaugurare le gare la 10 km marschile dove \u00e8 arrivato il podio per Elia Barp. Il finanziere \u00e8 arrivato secondo alle&hellip;<\/p>\n","protected":false},"author":4,"featured_media":329018,"comment_status":"closed","ping_status":"closed","sticky":false,"template":"","format":"standard","meta":{"_monsterinsights_skip_tracking":false,"_monsterinsights_sitenote_active":false,"_monsterinsights_sitenote_note":"","_monsterinsights_sitenote_category":0,"footnotes":""},"categories":[104,49],"tags":[],"class_list":["post-329017","post","type-post","status-publish","format-standard","has-post-thumbnail","hentry","category-evidenza_3","category-news-18","category-104","category-49","description-off"],"img_url":"https:\/\/www.radiopiu.net\/wordpress\/wp-content\/uploads\/2023\/03\/Podio_Men-camp-ita-assoluti-10-km-skating-2.-elia-barp-foto-facchini-newspower.jpg","_links":{"self":[{"href":"https:\/\/www.radiopiu.net\/wordpress\/wp-json\/wp\/v2\/posts\/329017","targetHints":{"allow":["GET"]}}],"collection":[{"href":"https:\/\/www.radiopiu.net\/wordpress\/wp-json\/wp\/v2\/posts"}],"about":[{"href":"https:\/\/www.radiopiu.net\/wordpress\/wp-json\/wp\/v2\/types\/post"}],"author":[{"embeddable":true,"href":"https:\/\/www.radiopiu.net\/wordpress\/wp-json\/wp\/v2\/users\/4"}],"replies":[{"embeddable":true,"href":"https:\/\/www.radiopiu.net\/wordpress\/wp-json\/wp\/v2\/comments?post=329017"}],"version-history":[{"count":0,"href":"https:\/\/www.radiopiu.net\/wordpress\/wp-json\/wp\/v2\/posts\/329017\/revisions"}],"wp:featuredmedia":[{"embeddable":true,"href":"https:\/\/www.radiopiu.net\/wordpress\/wp-json\/wp\/v2\/media\/329018"}],"wp:attachment":[{"href":"https:\/\/www.radiopiu.net\/wordpress\/wp-json\/wp\/v2\/media?parent=329017"}],"wp:term":[{"taxonomy":"category","embeddable":true,"href":"https:\/\/www.radiopiu.net\/wordpress\/wp-json\/wp\/v2\/categories?post=329017"},{"taxonomy":"post_tag","embeddable":true,"href":"https:\/\/www.radiopiu.net\/wordpress\/wp-json\/wp\/v2\/tags?post=329017"}],"curies":[{"name":"wp","href":"https:\/\/api.w.org\/{rel}","templated":true}]}}