{"id":329021,"date":"2023-03-29T16:33:33","date_gmt":"2023-03-29T14:33:33","guid":{"rendered":"https:\/\/www.radiopiu.net\/wordpress\/?p=329021"},"modified":"2023-03-30T05:39:19","modified_gmt":"2023-03-30T03:39:19","slug":"riclassificazione-incontro-a-villa-patt-con-regione-e-veneto-strade","status":"publish","type":"post","link":"https:\/\/www.radiopiu.net\/wordpress\/riclassificazione-incontro-a-villa-patt-con-regione-e-veneto-strade\/","title":{"rendered":"RICLASSIFICAZIONE, INCONTRO A VILLA PATT CON REGIONE E VENETO STRADE\u00a0"},"content":{"rendered":"<blockquote>\n<h3><\/h3>\n<\/blockquote>\n<p><strong><a class=\"dt-pswp-item\" href=\"https:\/\/www.radiopiu.net\/wordpress\/wp-content\/uploads\/2018\/07\/villa-patt.jpg\" data-dt-img-description=\"\" data-large_image_width=\"5312\" data-large_image_height=\"2988\"><img loading=\"lazy\" decoding=\"async\" class=\"size-medium wp-image-53095 alignleft\" src=\"https:\/\/www.radiopiu.net\/wordpress\/wp-content\/uploads\/2018\/07\/villa-patt-300x169.jpg\" alt=\"\" width=\"300\" height=\"169\" srcset=\"https:\/\/www.radiopiu.net\/wordpress\/wp-content\/uploads\/2018\/07\/villa-patt-300x169.jpg 300w, https:\/\/www.radiopiu.net\/wordpress\/wp-content\/uploads\/2018\/07\/villa-patt-768x432.jpg 768w, https:\/\/www.radiopiu.net\/wordpress\/wp-content\/uploads\/2018\/07\/villa-patt-1024x576.jpg 1024w\" sizes=\"auto, (max-width: 300px) 100vw, 300px\" \/><\/a>BELLUNO<\/strong> \u00abLa gestione della rete stradale provinciale deve rimanere unitaria, senza soluzione di continuit\u00e0 rispetto a quanto avvenuto fino a oggi\u00bb. Lo ha affermato il presidente della Provincia di Belluno, Roberto Padrin, partecipando a un incontro con i lavoratori di Veneto Strade a Villa Patt. La riunione era stata convocata dall\u2019assessore regionale Elisa De Berti per fare il punto della situazione con i dipendenti dell\u2019azienda, dopo la scomparsa dell\u2019amministratore delegato Silvano Vernizzi. <em>\u00abPer noi vale quanto scritto nelle premesse della convenzione che abbiamo approvato. Ovvero che si intende gestire in maniera unitaria il reticolo di strade\u00bb ha detto il presidente Padrin\u00a0 &#8211; crediamo che debba essere assicurata continuit\u00e0 nella manutenzione, con il soggetto Veneto Strade, che negli anni si \u00e8 dimostrato un ottimo sistema di gestione, per territorialit\u00e0 ed economie di scala. La rete viabile \u00e8 una risorsa per un territorio di montagna&#8221;<\/em>.\u00a0 L&#8217;obiettivo dell&#8217;assessore De Berti:<em> &#8220;che l\u2019accordo con Regione e Anas sia un modo per continuare a dare lavoro e operativit\u00e0 a Veneto Strade, e quindi a salvaguardare da una parte la sicurezza e la transitabilit\u00e0 delle strade, dall\u2019altro a mantenere i posti di lavoro<\/em>.<\/p>\n<p>&nbsp;<\/p>\n<p>&nbsp;<\/p>\n<hr \/>\n<p>&nbsp;<\/p>\n","protected":false},"excerpt":{"rendered":"<p>BELLUNO \u00abLa gestione della rete stradale provinciale deve rimanere unitaria, senza soluzione di continuit\u00e0 rispetto a quanto avvenuto fino a oggi\u00bb. Lo ha affermato il presidente della Provincia di Belluno, Roberto Padrin, partecipando a un incontro con i lavoratori di Veneto Strade a Villa Patt. La riunione era stata convocata dall\u2019assessore regionale Elisa De Berti&hellip;<\/p>\n","protected":false},"author":4,"featured_media":53095,"comment_status":"closed","ping_status":"closed","sticky":false,"template":"","format":"standard","meta":{"_monsterinsights_skip_tracking":false,"_monsterinsights_sitenote_active":false,"_monsterinsights_sitenote_note":"","_monsterinsights_sitenote_category":0,"footnotes":""},"categories":[104,49],"tags":[],"class_list":["post-329021","post","type-post","status-publish","format-standard","has-post-thumbnail","hentry","category-evidenza_3","category-news-18","category-104","category-49","description-off"],"img_url":"https:\/\/www.radiopiu.net\/wordpress\/wp-content\/uploads\/2018\/07\/villa-patt.jpg","_links":{"self":[{"href":"https:\/\/www.radiopiu.net\/wordpress\/wp-json\/wp\/v2\/posts\/329021","targetHints":{"allow":["GET"]}}],"collection":[{"href":"https:\/\/www.radiopiu.net\/wordpress\/wp-json\/wp\/v2\/posts"}],"about":[{"href":"https:\/\/www.radiopiu.net\/wordpress\/wp-json\/wp\/v2\/types\/post"}],"author":[{"embeddable":true,"href":"https:\/\/www.radiopiu.net\/wordpress\/wp-json\/wp\/v2\/users\/4"}],"replies":[{"embeddable":true,"href":"https:\/\/www.radiopiu.net\/wordpress\/wp-json\/wp\/v2\/comments?post=329021"}],"version-history":[{"count":0,"href":"https:\/\/www.radiopiu.net\/wordpress\/wp-json\/wp\/v2\/posts\/329021\/revisions"}],"wp:featuredmedia":[{"embeddable":true,"href":"https:\/\/www.radiopiu.net\/wordpress\/wp-json\/wp\/v2\/media\/53095"}],"wp:attachment":[{"href":"https:\/\/www.radiopiu.net\/wordpress\/wp-json\/wp\/v2\/media?parent=329021"}],"wp:term":[{"taxonomy":"category","embeddable":true,"href":"https:\/\/www.radiopiu.net\/wordpress\/wp-json\/wp\/v2\/categories?post=329021"},{"taxonomy":"post_tag","embeddable":true,"href":"https:\/\/www.radiopiu.net\/wordpress\/wp-json\/wp\/v2\/tags?post=329021"}],"curies":[{"name":"wp","href":"https:\/\/api.w.org\/{rel}","templated":true}]}}