{"id":329069,"date":"2023-03-30T10:00:42","date_gmt":"2023-03-30T08:00:42","guid":{"rendered":"https:\/\/www.radiopiu.net\/wordpress\/?p=329069"},"modified":"2023-03-30T11:20:22","modified_gmt":"2023-03-30T09:20:22","slug":"da-dediche-e-richieste-vittorio-de-nardin-e-la-sua-esperienza-a-i-soliti-ignoti","status":"publish","type":"post","link":"https:\/\/www.radiopiu.net\/wordpress\/da-dediche-e-richieste-vittorio-de-nardin-e-la-sua-esperienza-a-i-soliti-ignoti\/","title":{"rendered":"DA DEDICHE E RICHIESTE&#8230;VITTORIO DE NARDIN E LA SUA ESPERIENZA A I SOLITI IGNOTI"},"content":{"rendered":"<p><strong><a class=\"dt-pswp-item\" href=\"https:\/\/www.radiopiu.net\/wordpress\/wp-content\/uploads\/2023\/03\/e3224a01-1bfc-4619-b439-f1d6d2dcee8c.jpg\" data-dt-img-description=\"\" data-large_image_width=\"1600\" data-large_image_height=\"1200\"><img loading=\"lazy\" decoding=\"async\" class=\" wp-image-329153 alignleft\" src=\"https:\/\/www.radiopiu.net\/wordpress\/wp-content\/uploads\/2023\/03\/e3224a01-1bfc-4619-b439-f1d6d2dcee8c-300x225.jpg\" alt=\"\" width=\"153\" height=\"115\" srcset=\"https:\/\/www.radiopiu.net\/wordpress\/wp-content\/uploads\/2023\/03\/e3224a01-1bfc-4619-b439-f1d6d2dcee8c-300x225.jpg 300w, https:\/\/www.radiopiu.net\/wordpress\/wp-content\/uploads\/2023\/03\/e3224a01-1bfc-4619-b439-f1d6d2dcee8c-1024x768.jpg 1024w, https:\/\/www.radiopiu.net\/wordpress\/wp-content\/uploads\/2023\/03\/e3224a01-1bfc-4619-b439-f1d6d2dcee8c-768x576.jpg 768w, https:\/\/www.radiopiu.net\/wordpress\/wp-content\/uploads\/2023\/03\/e3224a01-1bfc-4619-b439-f1d6d2dcee8c-1536x1152.jpg 1536w, https:\/\/www.radiopiu.net\/wordpress\/wp-content\/uploads\/2023\/03\/e3224a01-1bfc-4619-b439-f1d6d2dcee8c.jpg 1600w\" sizes=\"auto, (max-width: 153px) 100vw, 153px\" \/><\/a>REDAZIONE<\/strong> Ne abbiamo parlato nei giorni scorsi e lo abbiamo avuto come ospite telefonico di Dediche e Richieste. Stiamo parlando di Vittorio De Nardin che luned\u00ec scorso \u00e8 stato uno degli ignoti del programma condotto da Amadeus &#8220;I Soliti Ignoti&#8221; su Rai 1. Ci ha raccontato come \u00e8 stato contattato dalla redazione del programma e come \u00e8 andata l&#8217;esperienza negli studi televisivi Rai.<\/p>\n<p><strong>VITTORIO DE NARDIN<\/strong><\/p>\n<audio class=\"wp-audio-shortcode\" id=\"audio-329069-1\" preload=\"none\" style=\"width: 100%;\" controls=\"controls\"><source type=\"audio\/mpeg\" src=\"https:\/\/www.radiopiu.net\/wordpress\/wp-content\/uploads\/2023\/03\/VITTORIO-DE-NARDIN.mp3?_=1\" \/><a href=\"https:\/\/www.radiopiu.net\/wordpress\/wp-content\/uploads\/2023\/03\/VITTORIO-DE-NARDIN.mp3\">https:\/\/www.radiopiu.net\/wordpress\/wp-content\/uploads\/2023\/03\/VITTORIO-DE-NARDIN.mp3<\/a><\/audio>\n<p>&nbsp;<\/p>\n<p>&nbsp;<\/p>\n<p>******<\/p>\n","protected":false},"excerpt":{"rendered":"<p>REDAZIONE Ne abbiamo parlato nei giorni scorsi e lo abbiamo avuto come ospite telefonico di Dediche e Richieste. Stiamo parlando di Vittorio De Nardin che luned\u00ec scorso \u00e8 stato uno degli ignoti del programma condotto da Amadeus &#8220;I Soliti Ignoti&#8221; su Rai 1. Ci ha raccontato come \u00e8 stato contattato dalla redazione del programma e&hellip;<\/p>\n","protected":false},"author":4,"featured_media":328821,"comment_status":"closed","ping_status":"closed","sticky":false,"template":"","format":"standard","meta":{"_monsterinsights_skip_tracking":false,"_monsterinsights_sitenote_active":false,"_monsterinsights_sitenote_note":"","_monsterinsights_sitenote_category":0,"footnotes":""},"categories":[49],"tags":[],"class_list":["post-329069","post","type-post","status-publish","format-standard","has-post-thumbnail","hentry","category-news-18","category-49","description-off"],"img_url":"https:\/\/www.radiopiu.net\/wordpress\/wp-content\/uploads\/2023\/03\/vittorio-1.png","_links":{"self":[{"href":"https:\/\/www.radiopiu.net\/wordpress\/wp-json\/wp\/v2\/posts\/329069","targetHints":{"allow":["GET"]}}],"collection":[{"href":"https:\/\/www.radiopiu.net\/wordpress\/wp-json\/wp\/v2\/posts"}],"about":[{"href":"https:\/\/www.radiopiu.net\/wordpress\/wp-json\/wp\/v2\/types\/post"}],"author":[{"embeddable":true,"href":"https:\/\/www.radiopiu.net\/wordpress\/wp-json\/wp\/v2\/users\/4"}],"replies":[{"embeddable":true,"href":"https:\/\/www.radiopiu.net\/wordpress\/wp-json\/wp\/v2\/comments?post=329069"}],"version-history":[{"count":0,"href":"https:\/\/www.radiopiu.net\/wordpress\/wp-json\/wp\/v2\/posts\/329069\/revisions"}],"wp:featuredmedia":[{"embeddable":true,"href":"https:\/\/www.radiopiu.net\/wordpress\/wp-json\/wp\/v2\/media\/328821"}],"wp:attachment":[{"href":"https:\/\/www.radiopiu.net\/wordpress\/wp-json\/wp\/v2\/media?parent=329069"}],"wp:term":[{"taxonomy":"category","embeddable":true,"href":"https:\/\/www.radiopiu.net\/wordpress\/wp-json\/wp\/v2\/categories?post=329069"},{"taxonomy":"post_tag","embeddable":true,"href":"https:\/\/www.radiopiu.net\/wordpress\/wp-json\/wp\/v2\/tags?post=329069"}],"curies":[{"name":"wp","href":"https:\/\/api.w.org\/{rel}","templated":true}]}}