{"id":329120,"date":"2023-03-31T05:54:57","date_gmt":"2023-03-31T03:54:57","guid":{"rendered":"https:\/\/www.radiopiu.net\/wordpress\/?p=329120"},"modified":"2023-04-01T05:58:36","modified_gmt":"2023-04-01T03:58:36","slug":"giornale-radiopiu-31-marzo-2023-direttore-mirko-mezzacasa-verso-i-40-anni-25-giugno-1983-25-giugno-2023","status":"publish","type":"post","link":"https:\/\/www.radiopiu.net\/wordpress\/giornale-radiopiu-31-marzo-2023-direttore-mirko-mezzacasa-verso-i-40-anni-25-giugno-1983-25-giugno-2023\/","title":{"rendered":"GIORNALE RADIOPIU 31 MARZO 2023 DIRETTORE MIRKO MEZZACASA&#8230;verso i 40 anni 25 giugno 1983-25 giugno 2023"},"content":{"rendered":"<h3><a class=\"dt-pswp-item\" href=\"https:\/\/www.radiopiu.net\/wordpress\/wp-content\/uploads\/2023\/03\/Senza-nome-99.jpg\" data-dt-img-description=\"\" data-large_image_width=\"435\" data-large_image_height=\"401\"><img loading=\"lazy\" decoding=\"async\" class=\" wp-image-329236 alignleft\" src=\"https:\/\/www.radiopiu.net\/wordpress\/wp-content\/uploads\/2023\/03\/Senza-nome-99-300x277.jpg\" alt=\"\" width=\"222\" height=\"205\" srcset=\"https:\/\/www.radiopiu.net\/wordpress\/wp-content\/uploads\/2023\/03\/Senza-nome-99-300x277.jpg 300w, https:\/\/www.radiopiu.net\/wordpress\/wp-content\/uploads\/2023\/03\/Senza-nome-99.jpg 435w\" sizes=\"auto, (max-width: 222px) 100vw, 222px\" \/><\/a><\/h3>\n<h2 style=\"text-align: left;\"><span style=\"color: #ff0000;\">ISCRIVITI AL NOSTRO CANALE\u00a0 <\/span><\/h2>\n<h2 style=\"text-align: left;\"><span style=\"color: #ff0000;\">YOUTUBE PER SEGUIRE IN DIRETTA I PRINCIPALI PROGRAMMI DI RADIO PIU&#8217; E LE FUTURE DIRETTE IN ESTERNA. PER ISCRIVERTI <a style=\"color: #ff0000;\" href=\"https:\/\/youtube.com\/@radiopiu1527\">CLICCA QUI<\/a> E PREMI IL TASTO &#8220;Iscriviti&#8221;\u00a0<\/span><\/h2>\n<blockquote>\n<h3>\u00a0TRE ARTISTI A TOCCOL DI AGORDO PAESE DEL GRAFFITO, DA\u00a0 DUNIO, RENZO BENCI MIOLET E BUTTOL&#8230;BUONA PASQUA<\/h3>\n<\/blockquote>\n<p>&nbsp;<\/p>\n<p><a class=\"dt-pswp-item\" href=\"https:\/\/www.radiopiu.net\/wordpress\/wp-content\/uploads\/2023\/03\/6d619bfe-bab0-4e1e-935a-af233041285c.jpg\" data-dt-img-description=\"\" data-large_image_width=\"1200\" data-large_image_height=\"1200\"><img loading=\"lazy\" decoding=\"async\" class=\"wp-image-329255 alignleft\" src=\"https:\/\/www.radiopiu.net\/wordpress\/wp-content\/uploads\/2023\/03\/6d619bfe-bab0-4e1e-935a-af233041285c-300x300.jpg\" alt=\"\" width=\"167\" height=\"167\" srcset=\"https:\/\/www.radiopiu.net\/wordpress\/wp-content\/uploads\/2023\/03\/6d619bfe-bab0-4e1e-935a-af233041285c-300x300.jpg 300w, https:\/\/www.radiopiu.net\/wordpress\/wp-content\/uploads\/2023\/03\/6d619bfe-bab0-4e1e-935a-af233041285c-1024x1024.jpg 1024w, https:\/\/www.radiopiu.net\/wordpress\/wp-content\/uploads\/2023\/03\/6d619bfe-bab0-4e1e-935a-af233041285c-150x150.jpg 150w, https:\/\/www.radiopiu.net\/wordpress\/wp-content\/uploads\/2023\/03\/6d619bfe-bab0-4e1e-935a-af233041285c-768x768.jpg 768w, https:\/\/www.radiopiu.net\/wordpress\/wp-content\/uploads\/2023\/03\/6d619bfe-bab0-4e1e-935a-af233041285c.jpg 1200w\" sizes=\"auto, (max-width: 167px) 100vw, 167px\" \/><\/a>RADIO PIU&#8217;&#8230; L&#8217;ORIGINALE AL SERVIZIO DEL TERRITORIO, DA 40 ANNI, OGNI GIORNO AD OGNI ORA. ANCHE OGGI&#8230;<br \/>\n8 RASSEGNA STAMPA, 9.30 GR MATTINA, 1010 LE NOVE IN LADIN CON IL <span class=\"xv78j7m\" spellcheck=\"false\">MUSLA &#8211; Moviment de Union e Standardisazion Linguistica del Agordin<\/span> 10.30 CON <span class=\"xv78j7m\" spellcheck=\"false\">Martina Fadda<\/span> DALLA PALESTRA <span class=\"xv78j7m\" spellcheck=\"false\">B-fit Agordo<\/span><br \/>\nRADIO PIU&#8217;&#8230; DA 40 ANNI L&#8217;INFORMAZIONE DAL TERRITORIO E PER IL TERRITORIO&#8230;<\/p>\n<p>&nbsp;<\/p>\n<p>&nbsp;<\/p>\n<p>&nbsp;<\/p>\n<hr \/>\n<p>&nbsp;<\/p>\n<p><strong>NELLA NOTTE<\/strong><\/p>\n<p><strong>LIVINALLONGO<\/strong> Ore 5.03 incidente stradale localit\u00e0 Salesei lungo la 48 delle Dolomiti. Uscita di strada autonoma, una persona ferita. Sul posto\u00a0 VIGILI DEL FUOCO DI AGORDO E VOLONTARI ARABBA , Carabinieri, 118 Suem. Operazioni durate un paio di ore.<\/p>\n<p>&nbsp;<\/p>\n<p>&nbsp;<\/p>\n<hr \/>\n<p>&nbsp;<\/p>\n<p>&nbsp;<\/p>\n<p>&nbsp;<\/p>\n<blockquote>\n<h3>INTERRUZIONI PROGRAMMATE BIM GSP<\/h3>\n<\/blockquote>\n<p><strong>COLLE SANTA LUCIA <\/strong>Gestione Servizi Pubblici informa che, per lavori alla rete idrica comunale, marted\u00ec dalle 08:00 alle 12:00, verr\u00e0 sospesa l\u2019erogazione dell\u2019acqua a COLLE SANTA LUCIA nelle localit\u00e0 POSALZ E FRENA<\/p>\n<p><strong> CANALE D&#8217;AGORDO<\/strong> Gestione Servizi Pubblici informa che, per lavori alla rete idrica comunale, mercoled\u00ec dalle 08:00 alle 12:00 verr\u00e0 sospesa l\u2019erogazione dell\u2019acqua a CANALE D&#8217;AGORDO in VIA CAVALLERA<\/p>\n<p>&nbsp;<\/p>\n<p>&nbsp;<\/p>\n<hr \/>\n<p>&nbsp;<\/p>\n<blockquote>\n<h3>LE PANCHE DEL MALINTESO COMPLICANO LA VITA A VITTORIO<\/h3>\n<\/blockquote>\n<p><strong><img decoding=\"async\" class=\"alignleft\" src=\"https:\/\/www.radiopiu.net\/wordpress\/wp-content\/uploads\/2023\/03\/Senza-nome-94.jpg\" \/>REDAZIONALE<\/strong><\/p>\n<p>&nbsp;<\/p>\n<p>&nbsp;<\/p>\n<p>&nbsp;<\/p>\n<p><strong>audio <\/strong>Vittorio <em>&#8220;Non sono un ladro, il paese \u00e8 piccolo e la gente mormora&#8221;<\/em><\/p>\n<audio class=\"wp-audio-shortcode\" id=\"audio-329120-1\" preload=\"none\" style=\"width: 100%;\" controls=\"controls\"><source type=\"audio\/mpeg\" src=\"https:\/\/www.radiopiu.net\/wordpress\/wp-content\/uploads\/2023\/03\/vittorio.mp3?_=1\" \/><a href=\"https:\/\/www.radiopiu.net\/wordpress\/wp-content\/uploads\/2023\/03\/vittorio.mp3\">https:\/\/www.radiopiu.net\/wordpress\/wp-content\/uploads\/2023\/03\/vittorio.mp3<\/a><\/audio>\n<p>&nbsp;<\/p>\n<p>&nbsp;<\/p>\n<hr \/>\n<p>&nbsp;<\/p>\n<blockquote>\n<h3>OGGI\u00a0 IL COLLAUDO DEL PONTE SUL CORDEVOLE TRA TAIBON E AGORDO<\/h3>\n<\/blockquote>\n<p><strong>TAIBON <\/strong>Oggi \u00a0sar\u00e0 collaudato il ponte sul percorso ciclo pedonale lungo la valle del medio-basso Cordevole. In particolare lo stralcio che interessa i Comuni di La Valle, Agordo e Taibon, prevede anche l&#8217;attraversamento del Cordevole tra la localit\u00e0 via Foch (Taibon Agordino fronte centrale Domenico Gnech) e Bries di Agordo (nei pressi dell&#8217;opera di presa dell&#8217;Enel). Un progetto dell&#8217;Unione Montana Agordina da 204 mila euro. Ieri sono stati collocati dei grandi sacchi, oggi saranno riempiti d&#8217;acqua, 1 tonnellata per sacco, il ponte sar\u00e0 collaudato per 62 tonnellate. Una volta terminata questa operazione non sar\u00e0 ancora aperto agli utenti, infatti nelle prossima settimana saranno realizzate le protezioni\u00a0 (staccionate) sulle rampe di discesa e salita e sar\u00e0 realizzata l&#8217;opportuna segnaletica orizzontale e verticale.<\/p>\n<p>di GIANNI SANTOMASO<\/p>\n<audio class=\"wp-audio-shortcode\" id=\"audio-329120-2\" preload=\"none\" style=\"width: 100%;\" controls=\"controls\"><source type=\"audio\/mpeg\" src=\"https:\/\/www.radiopiu.net\/wordpress\/wp-content\/uploads\/2023\/03\/COLLAUDO-GIANNI.mp3?_=2\" \/><a href=\"https:\/\/www.radiopiu.net\/wordpress\/wp-content\/uploads\/2023\/03\/COLLAUDO-GIANNI.mp3\">https:\/\/www.radiopiu.net\/wordpress\/wp-content\/uploads\/2023\/03\/COLLAUDO-GIANNI.mp3<\/a><\/audio>\n<p>&nbsp;<\/p>\n\n\t\t\t<style type='text\/css'>\n\t\t\t\t#gallery-1 {\n\t\t\t\t\tmargin: auto;\n\t\t\t\t}\n\t\t\t\t#gallery-1 .gallery-item {\n\t\t\t\t\tfloat: left;\n\t\t\t\t\tmargin-top: 10px;\n\t\t\t\t\ttext-align: center;\n\t\t\t\t\twidth: 33%;\n\t\t\t\t}\n\t\t\t\t#gallery-1 img {\n\t\t\t\t\tborder: 2px solid #cfcfcf;\n\t\t\t\t}\n\t\t\t\t#gallery-1 .gallery-caption {\n\t\t\t\t\tmargin-left: 0;\n\t\t\t\t}\n\t\t\t\t\/* see gallery_shortcode() in wp-includes\/media.php *\/\n\t\t\t<\/style>\n\t\t<div id='gallery-1' class='dt-gallery-container gallery galleryid-329120 gallery-columns-3 gallery-size-thumbnail'><dl class='gallery-item'>\n\t\t\t\t<dt class='gallery-icon landscape'>\n\t\t\t\t\t<a class=\"rollover rollover-zoom dt-pswp-item\" title=\"f18fa101-746c-4e49-87a3-c6bca453e7a1\" data-dt-img-description=\"\" data-large_image_width=\"2048\" data-large_image_height=\"1152\"href='https:\/\/www.radiopiu.net\/wordpress\/wp-content\/uploads\/2023\/03\/f18fa101-746c-4e49-87a3-c6bca453e7a1.jpg'><img loading=\"lazy\" decoding=\"async\" width=\"150\" height=\"150\" src=\"https:\/\/www.radiopiu.net\/wordpress\/wp-content\/uploads\/2023\/03\/f18fa101-746c-4e49-87a3-c6bca453e7a1-150x150.jpg\" class=\"attachment-thumbnail size-thumbnail\" alt=\"\" \/><\/a>\n\t\t\t\t<\/dt><\/dl><dl class='gallery-item'>\n\t\t\t\t<dt class='gallery-icon landscape'>\n\t\t\t\t\t<a class=\"rollover rollover-zoom dt-pswp-item\" title=\"ace41486-976a-4221-93d8-b40bdaa36251\" data-dt-img-description=\"\" data-large_image_width=\"2048\" data-large_image_height=\"1152\"href='https:\/\/www.radiopiu.net\/wordpress\/wp-content\/uploads\/2023\/03\/ace41486-976a-4221-93d8-b40bdaa36251.jpg'><img loading=\"lazy\" decoding=\"async\" width=\"150\" height=\"150\" src=\"https:\/\/www.radiopiu.net\/wordpress\/wp-content\/uploads\/2023\/03\/ace41486-976a-4221-93d8-b40bdaa36251-150x150.jpg\" class=\"attachment-thumbnail size-thumbnail\" alt=\"\" \/><\/a>\n\t\t\t\t<\/dt><\/dl><dl class='gallery-item'>\n\t\t\t\t<dt class='gallery-icon landscape'>\n\t\t\t\t\t<a class=\"rollover rollover-zoom dt-pswp-item\" title=\"2729cbae-ffeb-4775-8fe1-78c0cc554b20\" data-dt-img-description=\"\" data-large_image_width=\"2048\" data-large_image_height=\"1152\"href='https:\/\/www.radiopiu.net\/wordpress\/wp-content\/uploads\/2023\/03\/2729cbae-ffeb-4775-8fe1-78c0cc554b20.jpg'><img loading=\"lazy\" decoding=\"async\" width=\"150\" height=\"150\" src=\"https:\/\/www.radiopiu.net\/wordpress\/wp-content\/uploads\/2023\/03\/2729cbae-ffeb-4775-8fe1-78c0cc554b20-150x150.jpg\" class=\"attachment-thumbnail size-thumbnail\" alt=\"\" \/><\/a>\n\t\t\t\t<\/dt><\/dl><br style=\"clear: both\" \/><dl class='gallery-item'>\n\t\t\t\t<dt class='gallery-icon landscape'>\n\t\t\t\t\t<a class=\"rollover rollover-zoom dt-pswp-item\" title=\"bd7da16c-30ef-427a-b42c-97c72ec4eead\" data-dt-img-description=\"\" data-large_image_width=\"2048\" data-large_image_height=\"1152\"href='https:\/\/www.radiopiu.net\/wordpress\/wp-content\/uploads\/2023\/03\/bd7da16c-30ef-427a-b42c-97c72ec4eead.jpg'><img loading=\"lazy\" decoding=\"async\" width=\"150\" height=\"150\" src=\"https:\/\/www.radiopiu.net\/wordpress\/wp-content\/uploads\/2023\/03\/bd7da16c-30ef-427a-b42c-97c72ec4eead-150x150.jpg\" class=\"attachment-thumbnail size-thumbnail\" alt=\"\" \/><\/a>\n\t\t\t\t<\/dt><\/dl><dl class='gallery-item'>\n\t\t\t\t<dt class='gallery-icon landscape'>\n\t\t\t\t\t<a class=\"rollover rollover-zoom dt-pswp-item\" title=\"8fca1fe6-12a4-4971-b394-f82a4a8bf121\" data-dt-img-description=\"\" data-large_image_width=\"2048\" data-large_image_height=\"1152\"href='https:\/\/www.radiopiu.net\/wordpress\/wp-content\/uploads\/2023\/03\/8fca1fe6-12a4-4971-b394-f82a4a8bf121.jpg'><img loading=\"lazy\" decoding=\"async\" width=\"150\" height=\"150\" src=\"https:\/\/www.radiopiu.net\/wordpress\/wp-content\/uploads\/2023\/03\/8fca1fe6-12a4-4971-b394-f82a4a8bf121-150x150.jpg\" class=\"attachment-thumbnail size-thumbnail\" alt=\"\" \/><\/a>\n\t\t\t\t<\/dt><\/dl><dl class='gallery-item'>\n\t\t\t\t<dt class='gallery-icon landscape'>\n\t\t\t\t\t<a class=\"rollover rollover-zoom dt-pswp-item\" title=\"4e00a1fc-2881-4822-8894-612827e2627e\" data-dt-img-description=\"\" data-large_image_width=\"2048\" data-large_image_height=\"1152\"href='https:\/\/www.radiopiu.net\/wordpress\/wp-content\/uploads\/2023\/03\/4e00a1fc-2881-4822-8894-612827e2627e.jpg'><img loading=\"lazy\" decoding=\"async\" width=\"150\" height=\"150\" src=\"https:\/\/www.radiopiu.net\/wordpress\/wp-content\/uploads\/2023\/03\/4e00a1fc-2881-4822-8894-612827e2627e-150x150.jpg\" class=\"attachment-thumbnail size-thumbnail\" alt=\"\" \/><\/a>\n\t\t\t\t<\/dt><\/dl><br style=\"clear: both\" \/>\n\t\t\t<\/div>\n\n<p>&nbsp;<\/p>\n<div style=\"width: 848px;\" class=\"wp-video\"><video class=\"wp-video-shortcode\" id=\"video-329120-1\" width=\"848\" height=\"480\" preload=\"metadata\" controls=\"controls\"><source type=\"video\/mp4\" src=\"https:\/\/www.radiopiu.net\/wordpress\/wp-content\/uploads\/2023\/03\/WhatsApp-Video-2023-03-30-at-11.12.20.mp4?_=1\" \/><a href=\"https:\/\/www.radiopiu.net\/wordpress\/wp-content\/uploads\/2023\/03\/WhatsApp-Video-2023-03-30-at-11.12.20.mp4\">https:\/\/www.radiopiu.net\/wordpress\/wp-content\/uploads\/2023\/03\/WhatsApp-Video-2023-03-30-at-11.12.20.mp4<\/a><\/video><\/div>\n<p>&nbsp;<\/p>\n<p>&nbsp;<\/p>\n<hr \/>\n<p>&nbsp;<\/p>\n<blockquote>\n<h3>ELEZIONI, MAURO SOPPELSA IN CORSA PER UN NUOVO MANDATO<\/h3>\n<\/blockquote>\n<blockquote><p><em>Il 14 e 15 maggio 2023 si terranno le\u00a0<a href=\"https:\/\/www.tuttitalia.it\/elezioni-italiane\/elezioni-amministrative-2023\/\">elezioni comunali 2023<\/a>.<\/em><\/p><\/blockquote>\n<p><strong><img loading=\"lazy\" decoding=\"async\" class=\"alignleft\" src=\"https:\/\/www.radiopiu.net\/wordpress\/wp-content\/uploads\/2023\/03\/AAA.jpg\" width=\"179\" height=\"142\" \/>CENCENIGHE<\/strong> Si vota e Mauro Soppelsa sindaco uscente si ripresenta al giudizio degli elettori. A Canale d&#8217;Agordo ieri sera l&#8217;ultimo consiglio di Flavio Colcergnan che al momento non si &#8220;sbottona&#8221; ma\u00a0 il gruppo sta lavorando per i prossimi cinque anni con il sindaco uscente, Marilisa Luchetta, il vice Massimo Murer. Dall&#8217;altra anche Patrizio De Ventura potrebbe farsi trovare pronto con una sua squadra, Giulia Fiocco ha gi\u00e0 fatto sapere che non si ricandider\u00e0.<\/p>\n<p><strong>di GIANNI SANTOMASO<\/strong><\/p>\n<audio class=\"wp-audio-shortcode\" id=\"audio-329120-3\" preload=\"none\" style=\"width: 100%;\" controls=\"controls\"><source type=\"audio\/mpeg\" src=\"https:\/\/www.radiopiu.net\/wordpress\/wp-content\/uploads\/2023\/03\/CENCENIGHE-GIANNI.mp3?_=3\" \/><a href=\"https:\/\/www.radiopiu.net\/wordpress\/wp-content\/uploads\/2023\/03\/CENCENIGHE-GIANNI.mp3\">https:\/\/www.radiopiu.net\/wordpress\/wp-content\/uploads\/2023\/03\/CENCENIGHE-GIANNI.mp3<\/a><\/audio>\n<p>&nbsp;<\/p>\n<p><strong>IERI SERA IL CONSIGLIO COMUNALE DI CANALE D&#8217;AGORDO, IL SALUTO DEL SINDACO FLAVIO COLCERGNAN<\/strong><\/p>\n<p>&nbsp;<\/p>\n<p>&nbsp;<\/p>\n<hr \/>\n<p>&nbsp;<\/p>\n<blockquote>\n<h3>BIOMASSE CON TRUFFA E TURBATIVA. IN QUATTRO A PROCESSO<\/h3>\n<\/blockquote>\n<p><strong>OGGI SUL CORRIERE DELLE ALPI<\/strong><\/p>\n<p><strong>DI CRISTINA CONTENTO<\/strong><\/p>\n<p><a class=\"dt-pswp-item\" href=\"https:\/\/www.radiopiu.net\/wordpress\/wp-content\/uploads\/2023\/03\/Senza-nome-100.jpg\" data-dt-img-description=\"\" data-large_image_width=\"555\" data-large_image_height=\"301\"><img loading=\"lazy\" decoding=\"async\" class=\"size-medium wp-image-329239 alignleft\" src=\"https:\/\/www.radiopiu.net\/wordpress\/wp-content\/uploads\/2023\/03\/Senza-nome-100-300x163.jpg\" alt=\"\" width=\"300\" height=\"163\" srcset=\"https:\/\/www.radiopiu.net\/wordpress\/wp-content\/uploads\/2023\/03\/Senza-nome-100-300x163.jpg 300w, https:\/\/www.radiopiu.net\/wordpress\/wp-content\/uploads\/2023\/03\/Senza-nome-100.jpg 555w\" sizes=\"auto, (max-width: 300px) 100vw, 300px\" \/><\/a>BELLUNO\u00a0 Truffa e turbativa d&#8217;asta in concorso dietro il taglio e lo sgombero di lotti boschivi e materiale di risulta, offerti a &#8220;filiera corta&#8221;, dunque incentivati. E anche il falso in atto pubblico per soggetti le cui posizioni sono state stralciate. In quattro, tra imprenditori e dipendenti, sono finiti davanti al giudice Paolo Velo, con presunte accuse di aver messo in piedi un cartello per l&#8217;aggiudicazione dei lotti a bando di alcuni Comuni, e di aver spacciato la biomassa come proveniente da &#8220;filiera corta&#8221;, quando invece, secondo la procura, non c&#8217;era possibilit\u00e0 di tracciamento. Con l&#8217;aggravante di poter percepire il sovrapprezzo legato al chilometro zero.Nel periodo dal 2013-2014 al 2016 le ditte in questione avrebbero conferito nelle centrali Sicet e Ceb tonnellate e tonnellate di materiale che veniva utilizzato per la produzione di energia, e che godeva di una tariffa incentivata. La procura contesta infatti oltre 700mila euro indebitamente percepiti tra il sovrapprezzo pagato dalle centrali biomasse ai fornitori e il rimborso che la societ\u00e0 ministeriale ha rifuso alle centrali . In aula l&#8217;imprenditore Graziano Slongo, 60enne di San Gregorio, titolare di ditta individuale e anche di Bioenergia; di Paola Facchin di 60 anni di Mel (dipendente) entrambi difesi dall&#8217;avvocato Mauro Gasperin; quindi di Giulia Zanvettor trentenne di Belluno, della Calor Legno (avvocati Frate e De Francesch); Luca Canzan, 49enne di Agordo (avvocato Massimo Moretti). &#8230;.<\/p>\n<p>&nbsp;<\/p>\n<p>&nbsp;<\/p>\n<p>&nbsp;<\/p>\n<hr \/>\n<p>&nbsp;<\/p>\n<blockquote>\n<h3>L&#8217;AMMODERNAMENTO DEL CENTRO TRASFUSIONALE<\/h3>\n<\/blockquote>\n<p><strong>PIEVE DI CADORE<\/strong> \u00a0Sfiorate le 15mila donazioni di sangue nel territorio dell&#8217;Ulss 1 Dolomiti nel 2022; anno record, che consente di rispondere anche alle richieste che arrivano dal Veneto e da fuori regione. Pi\u00f9 di 1100 donazioni all&#8217;anno a Pieve di Cadore, dove \u00e8 stata inaugurata la nuova sala del servizio trasfusionale.<\/p>\n<p><strong>DI DANIELE DALVIT<\/strong><\/p>\n<audio class=\"wp-audio-shortcode\" id=\"audio-329120-4\" preload=\"none\" style=\"width: 100%;\" controls=\"controls\"><source type=\"audio\/mpeg\" src=\"https:\/\/www.radiopiu.net\/wordpress\/wp-content\/uploads\/2023\/03\/Radio-Piu-Servizio-Ammodernamento-trasfusionale-Pieve.mp3?_=4\" \/><a href=\"https:\/\/www.radiopiu.net\/wordpress\/wp-content\/uploads\/2023\/03\/Radio-Piu-Servizio-Ammodernamento-trasfusionale-Pieve.mp3\">https:\/\/www.radiopiu.net\/wordpress\/wp-content\/uploads\/2023\/03\/Radio-Piu-Servizio-Ammodernamento-trasfusionale-Pieve.mp3<\/a><\/audio>\n<p>Alla cerimonia di inaugurazione della sala trasfusionale dell&#8217;ospedale di Pieve di Cadore era anche presente il Sindaco Giuseppe Casagrande. Da lui \u00e8 arrivato il ringraziamento all&#8217;Ulss per l&#8217;investimento fatto, ma anche un forte appello alla pianura. Sentiamolo.<\/p>\n<audio class=\"wp-audio-shortcode\" id=\"audio-329120-5\" preload=\"none\" style=\"width: 100%;\" controls=\"controls\"><source type=\"audio\/mpeg\" src=\"https:\/\/www.radiopiu.net\/wordpress\/wp-content\/uploads\/2023\/03\/Radio-Piu-Servizio-Ammodernamento-trasfusionale-Pieve-\u2013-Casagrande.mp3?_=5\" \/><a href=\"https:\/\/www.radiopiu.net\/wordpress\/wp-content\/uploads\/2023\/03\/Radio-Piu-Servizio-Ammodernamento-trasfusionale-Pieve-\u2013-Casagrande.mp3\">https:\/\/www.radiopiu.net\/wordpress\/wp-content\/uploads\/2023\/03\/Radio-Piu-Servizio-Ammodernamento-trasfusionale-Pieve-\u2013-Casagrande.mp3<\/a><\/audio>\n<p>&nbsp;<\/p>\n\n\t\t\t<style type='text\/css'>\n\t\t\t\t#gallery-2 {\n\t\t\t\t\tmargin: auto;\n\t\t\t\t}\n\t\t\t\t#gallery-2 .gallery-item {\n\t\t\t\t\tfloat: left;\n\t\t\t\t\tmargin-top: 10px;\n\t\t\t\t\ttext-align: center;\n\t\t\t\t\twidth: 33%;\n\t\t\t\t}\n\t\t\t\t#gallery-2 img {\n\t\t\t\t\tborder: 2px solid #cfcfcf;\n\t\t\t\t}\n\t\t\t\t#gallery-2 .gallery-caption {\n\t\t\t\t\tmargin-left: 0;\n\t\t\t\t}\n\t\t\t\t\/* see gallery_shortcode() in wp-includes\/media.php *\/\n\t\t\t<\/style>\n\t\t<div id='gallery-2' class='dt-gallery-container gallery galleryid-329120 gallery-columns-3 gallery-size-thumbnail'><dl class='gallery-item'>\n\t\t\t\t<dt class='gallery-icon landscape'>\n\t\t\t\t\t<a class=\"rollover rollover-zoom dt-pswp-item\" title=\"c30c8c33-1496-471c-b0a4-a32f2e41ede9\" data-dt-img-description=\"\" data-large_image_width=\"1024\" data-large_image_height=\"768\"href='https:\/\/www.radiopiu.net\/wordpress\/wp-content\/uploads\/2023\/03\/c30c8c33-1496-471c-b0a4-a32f2e41ede9.jpg'><img loading=\"lazy\" decoding=\"async\" width=\"150\" height=\"150\" src=\"https:\/\/www.radiopiu.net\/wordpress\/wp-content\/uploads\/2023\/03\/c30c8c33-1496-471c-b0a4-a32f2e41ede9-150x150.jpg\" class=\"attachment-thumbnail size-thumbnail\" alt=\"\" \/><\/a>\n\t\t\t\t<\/dt><\/dl><dl class='gallery-item'>\n\t\t\t\t<dt class='gallery-icon landscape'>\n\t\t\t\t\t<a class=\"rollover rollover-zoom dt-pswp-item\" title=\"c93097f9-39c6-41fd-bfa8-94659cb8ab11\" data-dt-img-description=\"\" data-large_image_width=\"1024\" data-large_image_height=\"768\"href='https:\/\/www.radiopiu.net\/wordpress\/wp-content\/uploads\/2023\/03\/c93097f9-39c6-41fd-bfa8-94659cb8ab11.jpg'><img loading=\"lazy\" decoding=\"async\" width=\"150\" height=\"150\" src=\"https:\/\/www.radiopiu.net\/wordpress\/wp-content\/uploads\/2023\/03\/c93097f9-39c6-41fd-bfa8-94659cb8ab11-150x150.jpg\" class=\"attachment-thumbnail size-thumbnail\" alt=\"\" \/><\/a>\n\t\t\t\t<\/dt><\/dl>\n\t\t\t\t<br style='clear: both' \/>\n\t\t\t<\/div>\n\n<p>&nbsp;<\/p>\n<p>&nbsp;<\/p>\n<hr \/>\n<p>&nbsp;<\/p>\n<blockquote>\n<h3>APPROVATO BANDO CONTRIBUTI DA 25 MILIONI DI EURO PER ADEGUAMENTO SISMICO<\/h3>\n<\/blockquote>\n<p><strong><a class=\"dt-pswp-item\" href=\"https:\/\/www.radiopiu.net\/wordpress\/wp-content\/uploads\/2018\/11\/edile.jpg\" data-dt-img-description=\"\" data-large_image_width=\"1280\" data-large_image_height=\"853\"><img loading=\"lazy\" decoding=\"async\" class=\" wp-image-67422 alignleft\" src=\"https:\/\/www.radiopiu.net\/wordpress\/wp-content\/uploads\/2018\/11\/edile-300x200.jpg\" alt=\"\" width=\"164\" height=\"109\" srcset=\"https:\/\/www.radiopiu.net\/wordpress\/wp-content\/uploads\/2018\/11\/edile-300x200.jpg 300w, https:\/\/www.radiopiu.net\/wordpress\/wp-content\/uploads\/2018\/11\/edile-768x512.jpg 768w, https:\/\/www.radiopiu.net\/wordpress\/wp-content\/uploads\/2018\/11\/edile-1024x682.jpg 1024w, https:\/\/www.radiopiu.net\/wordpress\/wp-content\/uploads\/2018\/11\/edile.jpg 1280w\" sizes=\"auto, (max-width: 164px) 100vw, 164px\" \/><\/a>VENEZIA <\/strong>La Giunta Regionale, su proposta della vicepresidente e assessore ai Lavori pubblici, di concerto con l\u2019assessore ai Fondi UE, ha approvato con delibera il bando per l\u2019erogazione di contributi destinati alla sicurezza sismica degli edifici pubblici strategici e rilevanti del territorio regionale. Lo stanziamento messo a bando \u00e8 di 25 milioni di euro e alle domande approvate \u00e8 riconosciuto un sostegno fino ad un massimo del 100 per cento della spesa richiesta e ammessa. Possono presentare domanda, Comuni, Unioni di Comuni, Unioni Montane, Province, Citt\u00e0 Metropolitana.\u00a0 Possono accedere a contributo gli interventi di natura strutturale e opere strettamente connesse volti a migliorare il valore dell\u2019indice di rischio dell\u2019edificio e che permettano un miglioramento dell\u2019indice di efficienza energetica dell\u2019edificio oggetto dell\u2019intervento di almeno una classe energetica. La domanda di sostegno deve essere compilata e presentata per via telematica, attraverso il Sistema Informativo Unificato della Programmazione Unitaria (SIU) della Regione (<a href=\"http:\/\/www.regione.veneto.it\/web\/programmi-comunitari\/siu\">http:\/\/www.regione.veneto.it\/web\/programmi-comunitari\/siu<\/a>) a partire dalle ore 10:00 del 04\/04\/2023 e fino alle ore 13:00 di mercoled\u00ec 31\/05\/2023.<\/p>\n<p>&nbsp;<\/p>\n<hr \/>\n<p>&nbsp;<\/p>\n<blockquote>\n<h3>DUE NUOVI DISTRETTI SANITARI PER 300MILA EURO DALLE AREE INTERNE<\/h3>\n<\/blockquote>\n<p><strong><img loading=\"lazy\" decoding=\"async\" class=\"alignleft\" src=\"https:\/\/www.radiopiu.net\/wordpress\/wp-content\/uploads\/2023\/01\/PAOLO-FRENA.png\" width=\"217\" height=\"147\" \/>AGORDO<\/strong><\/p>\n<p><strong>DI GIANNI SANTOMASO<\/strong><\/p>\n<audio class=\"wp-audio-shortcode\" id=\"audio-329120-6\" preload=\"none\" style=\"width: 100%;\" controls=\"controls\"><source type=\"audio\/mpeg\" src=\"https:\/\/www.radiopiu.net\/wordpress\/wp-content\/uploads\/2023\/03\/DISTRETTI-GIANNI.mp3?_=6\" \/><a href=\"https:\/\/www.radiopiu.net\/wordpress\/wp-content\/uploads\/2023\/03\/DISTRETTI-GIANNI.mp3\">https:\/\/www.radiopiu.net\/wordpress\/wp-content\/uploads\/2023\/03\/DISTRETTI-GIANNI.mp3<\/a><\/audio>\n<p>&nbsp;<\/p>\n<p>&nbsp;<\/p>\n<hr \/>\n<p>&nbsp;<\/p>\n<blockquote>\n<h3>A BELLUNO ISTITUITA LA COMMISSIONE PER IL BENESSERE ANIMALE<\/h3>\n<\/blockquote>\n<p><strong>BELLUNO<\/strong> Istituita la commissione consultiva per il benessere animale: i componenti sono sette, il loro obiettivo sar\u00e0 diffondere nella comunit\u00e0 e nelle scuole l\u2019educazione al rispetto del mondo animale, assicurare la buona detenzione, organizzare eventi e convegni a tema e portare all\u2019attenzione delle forze dell\u2019ordine i casi di non rispetto dei diritti e di cattiva detenzione.<\/p>\n<p><strong>IL CONSIGLIERE LORENZO BORTOLUZZI<\/strong><\/p>\n<p><iframe loading=\"lazy\" title=\"COMMISSIONE BENESSERE ANIMALE - LORENZO BORTOLUZZI\" width=\"1200\" height=\"675\" src=\"https:\/\/www.youtube.com\/embed\/ll1L_zMIAEE?feature=oembed\" frameborder=\"0\" allow=\"accelerometer; autoplay; clipboard-write; encrypted-media; gyroscope; picture-in-picture; web-share\" allowfullscreen><\/iframe><\/p>\n<p>&nbsp;<\/p>\n<hr \/>\n<p>&nbsp;<\/p>\n<blockquote>\n<h3>STRANGOLO&#8217; IL CANE KAOS, MESSA ALLA PROVA PER OTTO MESI<\/h3>\n<\/blockquote>\n<p><strong>AGORDO<\/strong> Sedici ore al mese per otto mesi per espiare l&#8217;uccisione di Kaos, pitbull soffocato con un guinzaglio legato a no&#8217; di cappio.\u00c8 l&#8217;entit\u00e0 della messa alla prova che il giudice Paolo Velo ha accordato al trentunesse di Agordo accusato di aver ucciso il cane insieme con l&#8217;amico\u00a0 di 48 anni. Si aggiungono i risarcimenti alle associazioni animaliste e privati che si sono costituiti parti civili al processo: vanno 50 euro ciascuna<\/p>\n<p>&nbsp;<\/p>\n<hr \/>\n<p>&nbsp;<\/p>\n<blockquote>\n<h3>DISCARICHE ILLEGALI A SOPRACRODA<\/h3>\n<\/blockquote>\n<p><a class=\"dt-pswp-item\" href=\"https:\/\/www.radiopiu.net\/wordpress\/wp-content\/uploads\/2023\/03\/Sesnza-nome.jpg\" data-dt-img-description=\"\" data-large_image_width=\"348\" data-large_image_height=\"256\"><img loading=\"lazy\" decoding=\"async\" class=\"wp-image-329237 alignleft\" src=\"https:\/\/www.radiopiu.net\/wordpress\/wp-content\/uploads\/2023\/03\/Sesnza-nome-300x221.jpg\" alt=\"\" width=\"166\" height=\"122\" srcset=\"https:\/\/www.radiopiu.net\/wordpress\/wp-content\/uploads\/2023\/03\/Sesnza-nome-300x221.jpg 300w, https:\/\/www.radiopiu.net\/wordpress\/wp-content\/uploads\/2023\/03\/Sesnza-nome.jpg 348w\" sizes=\"auto, (max-width: 166px) 100vw, 166px\" \/><\/a><\/p>\n<p><strong>BELLUNO<\/strong> Rifiuti abbandonati in un terreno privato, un\u00a0 cittadino ne ha raccolta una parte ed \u00e8 stato segnalato da un residente in zona perch\u00e9 si trovava in un&#8217;area privata.\u00a0 AvvisatA Bellunum e la Polizia locale.\u00a0 La societ\u00e0\u00a0 rimuover\u00e0 gran parte dei rifiuti. Nella discarica materiali di ogni tipo, anche pezzi di lamiere.<\/p>\n<p>&nbsp;<\/p>\n<p>&nbsp;<\/p>\n<hr \/>\n<p>&nbsp;<\/p>\n<p>&nbsp;<\/p>\n<blockquote>\n<h3>DILLO A RADIO PIU&#8217;&#8230; ELOGIO ALLA CORTESIA<\/h3>\n<\/blockquote>\n<p><strong><img loading=\"lazy\" decoding=\"async\" class=\"alignleft\" src=\"https:\/\/www.radiopiu.net\/wordpress\/wp-content\/uploads\/2021\/10\/9396bbfc-2818-4225-b55d-9a56c39206f1.jpg\" width=\"185\" height=\"104\" \/>REDAZIONE<\/strong> Pochi giorni fa Mauro di San Tomaso elogiava un dipendente della Valpe Ambiente per l&#8217;attenzione e cortesia, oggi riportiamo un&#8217;altra bella storia raccontataci dall&#8217;avvocato Nicola Ianniello.<\/p>\n<p>&nbsp;<\/p>\n<blockquote cite=\"mid:22d3964a.2e838.18732204f82.Webtop.52@tin.it\"><p><em>&#8220;Sono tornato ieri l&#8217;altro da Roma e sceso alla stazione ferroviaria di Belluno intorno alle 16 con un trolley pesantissimo e due borse. Vorrei fare un elogio, senza conoscere la persona e fino a ieri mai incontrata,\u00a0 dipendente Dolomitibus conducente della corriera\u00a0 numero 203 da Agordo a Caviola, la quale, senza frapporre indugio, alla vista del valigione, \u00e8 scesa dalla vettura e da sola l&#8217;ha sistemato nel vano portabagagli, tanto facendo per restituirlo anche all&#8217;arrivo intorno alle 18 alla fermata di Caviola Cooperativa.<\/em><\/p><\/blockquote>\n<p>&nbsp;<\/p>\n<hr \/>\n<p>&nbsp;<\/p>\n<p><strong>di Tiziano De Col<\/strong><\/p>\n\n\t\t\t<style type='text\/css'>\n\t\t\t\t#gallery-3 {\n\t\t\t\t\tmargin: auto;\n\t\t\t\t}\n\t\t\t\t#gallery-3 .gallery-item {\n\t\t\t\t\tfloat: left;\n\t\t\t\t\tmargin-top: 10px;\n\t\t\t\t\ttext-align: center;\n\t\t\t\t\twidth: 20%;\n\t\t\t\t}\n\t\t\t\t#gallery-3 img {\n\t\t\t\t\tborder: 2px solid #cfcfcf;\n\t\t\t\t}\n\t\t\t\t#gallery-3 .gallery-caption {\n\t\t\t\t\tmargin-left: 0;\n\t\t\t\t}\n\t\t\t\t\/* see gallery_shortcode() in wp-includes\/media.php *\/\n\t\t\t<\/style>\n\t\t<div id='gallery-3' class='dt-gallery-container gallery galleryid-329120 gallery-columns-5 gallery-size-thumbnail'><dl class='gallery-item'>\n\t\t\t\t<dt class='gallery-icon landscape'>\n\t\t\t\t\t<a class=\"rollover rollover-zoom dt-pswp-item\" title=\"2393348d-3ff1-4ae6-a6a5-c45af57b5add\" data-dt-img-description=\"\" data-large_image_width=\"596\" data-large_image_height=\"358\"href='https:\/\/www.radiopiu.net\/wordpress\/wp-content\/uploads\/2023\/03\/2393348d-3ff1-4ae6-a6a5-c45af57b5add.jpg'><img loading=\"lazy\" decoding=\"async\" width=\"150\" height=\"150\" src=\"https:\/\/www.radiopiu.net\/wordpress\/wp-content\/uploads\/2023\/03\/2393348d-3ff1-4ae6-a6a5-c45af57b5add-150x150.jpg\" class=\"attachment-thumbnail size-thumbnail\" alt=\"\" \/><\/a>\n\t\t\t\t<\/dt><\/dl><dl class='gallery-item'>\n\t\t\t\t<dt class='gallery-icon landscape'>\n\t\t\t\t\t<a class=\"rollover rollover-zoom dt-pswp-item\" title=\"a2eb6c64-0394-4ebf-8846-359d380f38c8\" data-dt-img-description=\"\" data-large_image_width=\"593\" data-large_image_height=\"341\"href='https:\/\/www.radiopiu.net\/wordpress\/wp-content\/uploads\/2023\/03\/a2eb6c64-0394-4ebf-8846-359d380f38c8.jpg'><img loading=\"lazy\" decoding=\"async\" width=\"150\" height=\"150\" src=\"https:\/\/www.radiopiu.net\/wordpress\/wp-content\/uploads\/2023\/03\/a2eb6c64-0394-4ebf-8846-359d380f38c8-150x150.jpg\" class=\"attachment-thumbnail size-thumbnail\" alt=\"\" \/><\/a>\n\t\t\t\t<\/dt><\/dl><dl class='gallery-item'>\n\t\t\t\t<dt class='gallery-icon landscape'>\n\t\t\t\t\t<a class=\"rollover rollover-zoom dt-pswp-item\" title=\"caf5d6fb-fb2d-43e7-bca9-cc06878b49ce\" data-dt-img-description=\"\" data-large_image_width=\"600\" data-large_image_height=\"350\"href='https:\/\/www.radiopiu.net\/wordpress\/wp-content\/uploads\/2023\/03\/caf5d6fb-fb2d-43e7-bca9-cc06878b49ce.jpg'><img loading=\"lazy\" decoding=\"async\" width=\"150\" height=\"150\" src=\"https:\/\/www.radiopiu.net\/wordpress\/wp-content\/uploads\/2023\/03\/caf5d6fb-fb2d-43e7-bca9-cc06878b49ce-150x150.jpg\" class=\"attachment-thumbnail size-thumbnail\" alt=\"\" \/><\/a>\n\t\t\t\t<\/dt><\/dl><dl class='gallery-item'>\n\t\t\t\t<dt class='gallery-icon landscape'>\n\t\t\t\t\t<a class=\"rollover rollover-zoom dt-pswp-item\" title=\"b8fc42c9-f088-4861-a103-2ffbf202a64b\" data-dt-img-description=\"\" data-large_image_width=\"602\" data-large_image_height=\"355\"href='https:\/\/www.radiopiu.net\/wordpress\/wp-content\/uploads\/2023\/03\/b8fc42c9-f088-4861-a103-2ffbf202a64b.jpg'><img loading=\"lazy\" decoding=\"async\" width=\"150\" height=\"150\" src=\"https:\/\/www.radiopiu.net\/wordpress\/wp-content\/uploads\/2023\/03\/b8fc42c9-f088-4861-a103-2ffbf202a64b-150x150.jpg\" class=\"attachment-thumbnail size-thumbnail\" alt=\"\" \/><\/a>\n\t\t\t\t<\/dt><\/dl><dl class='gallery-item'>\n\t\t\t\t<dt class='gallery-icon landscape'>\n\t\t\t\t\t<a class=\"rollover rollover-zoom dt-pswp-item\" title=\"e2047e34-0711-4ca7-b981-64fa713c76bd\" data-dt-img-description=\"\" data-large_image_width=\"618\" data-large_image_height=\"351\"href='https:\/\/www.radiopiu.net\/wordpress\/wp-content\/uploads\/2023\/03\/e2047e34-0711-4ca7-b981-64fa713c76bd.jpg'><img loading=\"lazy\" decoding=\"async\" width=\"150\" height=\"150\" src=\"https:\/\/www.radiopiu.net\/wordpress\/wp-content\/uploads\/2023\/03\/e2047e34-0711-4ca7-b981-64fa713c76bd-150x150.jpg\" class=\"attachment-thumbnail size-thumbnail\" alt=\"\" \/><\/a>\n\t\t\t\t<\/dt><\/dl><br style=\"clear: both\" \/>\n\t\t\t<\/div>\n\n<p>&nbsp;<\/p>\n<hr \/>\n<p>&nbsp;<\/p>\n<blockquote>\n<h3>PARTE DOMENICA LA QUINTA EDIZIONE DEL CONCORSO MUSICALE CITTA&#8217; DI BELLUNO<\/h3>\n<\/blockquote>\n<p><strong><a class=\"dt-pswp-item\" href=\"https:\/\/www.radiopiu.net\/wordpress\/wp-content\/uploads\/2023\/03\/7d8f2eea-b668-4bc3-9b2d-0aaeac4e9e2a.jpg\" data-dt-img-description=\"\" data-large_image_width=\"2048\" data-large_image_height=\"1152\"><img loading=\"lazy\" decoding=\"async\" class=\" wp-image-329125 alignleft\" src=\"https:\/\/www.radiopiu.net\/wordpress\/wp-content\/uploads\/2023\/03\/7d8f2eea-b668-4bc3-9b2d-0aaeac4e9e2a-300x169.jpg\" alt=\"\" width=\"211\" height=\"119\" srcset=\"https:\/\/www.radiopiu.net\/wordpress\/wp-content\/uploads\/2023\/03\/7d8f2eea-b668-4bc3-9b2d-0aaeac4e9e2a-300x169.jpg 300w, https:\/\/www.radiopiu.net\/wordpress\/wp-content\/uploads\/2023\/03\/7d8f2eea-b668-4bc3-9b2d-0aaeac4e9e2a-1024x576.jpg 1024w, https:\/\/www.radiopiu.net\/wordpress\/wp-content\/uploads\/2023\/03\/7d8f2eea-b668-4bc3-9b2d-0aaeac4e9e2a-768x432.jpg 768w, https:\/\/www.radiopiu.net\/wordpress\/wp-content\/uploads\/2023\/03\/7d8f2eea-b668-4bc3-9b2d-0aaeac4e9e2a-1536x864.jpg 1536w, https:\/\/www.radiopiu.net\/wordpress\/wp-content\/uploads\/2023\/03\/7d8f2eea-b668-4bc3-9b2d-0aaeac4e9e2a.jpg 2048w\" sizes=\"auto, (max-width: 211px) 100vw, 211px\" \/><\/a>BELLUNO<\/strong><\/p>\n<p>di Moreno Gioli<\/p>\n<audio class=\"wp-audio-shortcode\" id=\"audio-329120-7\" preload=\"none\" style=\"width: 100%;\" controls=\"controls\"><source type=\"audio\/mpeg\" src=\"https:\/\/www.radiopiu.net\/wordpress\/wp-content\/uploads\/2023\/03\/concorso-musicale-citta-di-belluno.mp3?_=7\" \/><a href=\"https:\/\/www.radiopiu.net\/wordpress\/wp-content\/uploads\/2023\/03\/concorso-musicale-citta-di-belluno.mp3\">https:\/\/www.radiopiu.net\/wordpress\/wp-content\/uploads\/2023\/03\/concorso-musicale-citta-di-belluno.mp3<\/a><\/audio>\n<p>&nbsp;<\/p>\n<hr \/>\n<p>&nbsp;<\/p>\n<blockquote>\n<h3>DOGLIONI A ROMA PER PARLARE DI OLIMPIADI E NUOVI MODELLI PER IL TURISMO MONTANO<\/h3>\n<\/blockquote>\n<p><strong><a class=\"dt-pswp-item\" href=\"https:\/\/www.radiopiu.net\/wordpress\/wp-content\/uploads\/2021\/07\/th-21.jpg\" data-dt-img-description=\"\" data-large_image_width=\"286\" data-large_image_height=\"161\"><img loading=\"lazy\" decoding=\"async\" class=\" wp-image-225158 alignleft\" src=\"https:\/\/www.radiopiu.net\/wordpress\/wp-content\/uploads\/2021\/07\/th-21.jpg\" alt=\"\" width=\"183\" height=\"103\" \/><\/a>ROMA<\/strong> Paolo Doglioni, presidente di Confcommercio Belluno, ha incontrato a Roma l\u2019onorevole Gianluca Caramanna, consulente del Ministro del Turismo per i rapporti istituzionali e esperto del settore per le sue esperienze professionali nel settore, in qualit\u00e0 di incaricato di Confcommercio per le Politiche della Montagna. Insieme a lui, il Capo di Gabinetto del Presidente di Confcommercio, Renato Mattioni e Roberto Calugi, direttore generale di FIPE, la Federazione nazionale dei Pubblici Esercizi. Al centro del colloquio la road map verso gli eventi Olimpici e Paralimpici di Milano Cortina 2026 che Confcommercio intende sostenere nell\u2019ottica sia di approccio ai nuovi modelli di turismo montano che di valorizzazione del sistema montano nel suo complesso. \u00abHo sempre sostenuto che la montagna debba essere considerata un\u2019opportunit\u00e0 e non un peso per l\u2019economia del Paese\u00bb, ribadisce Doglioni \u00abe per questo le Olimpiadi devono rappresentare un momento di svolta nella considerazione che il sistema Paese deve avere per le \u201cTerre Alte\u201d. Questa convinzione ha trovato condivisione con l\u2019on. Caramanna \u2013 che ringrazio per l\u2019interesse dimostrato ai temi discussi \u2013 per cui l\u2019ho invitato a Belluno per fare della nostra citt\u00e0 e del nostro territorio un laboratorio per una montagna proiettata verso un ruolo da protagonista nell\u2019economia turistica nazionale e internazionale\u00bb.<\/p>\n<p>&nbsp;<\/p>\n<p>&nbsp;<\/p>\n<hr \/>\n<p>&nbsp;<\/p>\n<blockquote>\n<h3>ALLA 63ESIMA MIG NOVITA&#8217; PER LA COPPA D&#8217;ORO<\/h3>\n<\/blockquote>\n<p><strong><a class=\"dt-pswp-item\" href=\"https:\/\/www.radiopiu.net\/wordpress\/wp-content\/uploads\/2023\/03\/coppa-d-oro-tutti.jpg\" data-dt-img-description=\"\" data-large_image_width=\"2000\" data-large_image_height=\"1125\"><img loading=\"lazy\" decoding=\"async\" class=\" wp-image-329137 alignleft\" src=\"https:\/\/www.radiopiu.net\/wordpress\/wp-content\/uploads\/2023\/03\/coppa-d-oro-tutti-300x169.jpg\" alt=\"\" width=\"193\" height=\"109\" srcset=\"https:\/\/www.radiopiu.net\/wordpress\/wp-content\/uploads\/2023\/03\/coppa-d-oro-tutti-300x169.jpg 300w, https:\/\/www.radiopiu.net\/wordpress\/wp-content\/uploads\/2023\/03\/coppa-d-oro-tutti-1024x576.jpg 1024w, https:\/\/www.radiopiu.net\/wordpress\/wp-content\/uploads\/2023\/03\/coppa-d-oro-tutti-768x432.jpg 768w, https:\/\/www.radiopiu.net\/wordpress\/wp-content\/uploads\/2023\/03\/coppa-d-oro-tutti-1536x864.jpg 1536w, https:\/\/www.radiopiu.net\/wordpress\/wp-content\/uploads\/2023\/03\/coppa-d-oro-tutti.jpg 2000w\" sizes=\"auto, (max-width: 193px) 100vw, 193px\" \/><\/a>LONGARONE <\/strong>A Longarone Fiere Dolomiti \u00e8 in pieno svolgimento il lavoro preparatorio della 63. MIG \u2013 Mostra Internazionale del Gelato Artigianale, evento di punta del polo espositivo longaronese, in programma dal 26 al 29 novembre 2023. Dopo le iniziative proposte con successo a Venezia e Longarone per la recente Giornata europea del gelato artigianale \u2013 la cui idea era nata proprio in occasione di MIG 2008 &#8211; si sta ora entrando nei dettagli del programma della manifestazione con l\u2019obiettivo chiaro di valorizzare la filiera del gelato artigianale e altri settori complementari, come il caff\u00e8 e il cioccolato, in una quattro giorni ricca di incontri di affari e scambio di idee e opportunit\u00e0 con reale cura e doverosa attenzione verso il business delle aziende espositrici. Qualche novit\u00e0 ci sar\u00e0 anche per i concorsi che da sempre caratterizzano la MIG, a partire dalla storica Coppa d\u2019Oro, giunta alla 53. edizione. Quest\u2019anno il concorso, che negli ultimi anni era stato in parte gestito da realt\u00e0 esterne, sar\u00e0 curato direttamente da Longarone Fiere la quale, anche per evitare eventuali contestazioni che hanno riguardato recenti competizioni di gelateria, garantir\u00e0 il massimo anonimato dei gelati da giudicare fino alla proclamazione finale dei vincitori. Il gusto dell\u2019edizione 2023 della Coppa d\u2019Oro \u00e8 Cioccolato Fondente base acqua.<\/p>\n<p>&nbsp;<\/p>\n<p>&nbsp;<\/p>\n<hr \/>\n<p>&nbsp;<\/p>\n<blockquote>\n<h3>LA PASQUA ARRIVA AL MUSEO, LABORATORIO DIDATTICO ALLA VILLA DI SERAVELLA<\/h3>\n<\/blockquote>\n<p><strong><a class=\"dt-pswp-item\" href=\"https:\/\/www.radiopiu.net\/wordpress\/wp-content\/uploads\/2023\/03\/Berceau-1024x683-1.jpg\" data-dt-img-description=\"\" data-large_image_width=\"1024\" data-large_image_height=\"683\"><img loading=\"lazy\" decoding=\"async\" class=\" wp-image-329157 alignleft\" src=\"https:\/\/www.radiopiu.net\/wordpress\/wp-content\/uploads\/2023\/03\/Berceau-1024x683-1-300x200.jpg\" alt=\"\" width=\"152\" height=\"101\" srcset=\"https:\/\/www.radiopiu.net\/wordpress\/wp-content\/uploads\/2023\/03\/Berceau-1024x683-1-300x200.jpg 300w, https:\/\/www.radiopiu.net\/wordpress\/wp-content\/uploads\/2023\/03\/Berceau-1024x683-1-768x512.jpg 768w, https:\/\/www.radiopiu.net\/wordpress\/wp-content\/uploads\/2023\/03\/Berceau-1024x683-1.jpg 1024w\" sizes=\"auto, (max-width: 152px) 100vw, 152px\" \/><\/a>BELLUNO <\/strong>Il Museo etnografico della Provincia di Belluno si prepara a celebrare la Pasqua. Anche quest\u2019anno la festivit\u00e0 diventa occasione per giochi e apprendimento, con un pomeriggio dedicato alle famiglie e ai pi\u00f9 piccoli. Venerd\u00ec 7 aprile alle 15 \u00e8 in programma \u201cGalline in festa al museo\u201d. Viene proposta una visita alla collezione etnografica della Villa di Seravella (Cesiomaggiore), con particolare riferimento alle tradizioni primaverili e alla loro storia. Ma ci sar\u00e0 spazio anche per il rolo, il pi\u00f9 tipico gioco pasquale del Bellunese con la pista di argilla in cui far correre le uova colorate. Il giardino del museo sar\u00e0 addobbato a festa, con galline ornamentali. E ci saranno anche gli allevatori.\u00a0 Il ricavato della giornata sar\u00e0 devoluto ai progetti di Insieme si Pu\u00f2 per la popolazione siriana. Informazioni: 3519927115;\u00a0<a href=\"mailto:seravella@isoipse.it\">seravella@isoipse.it<\/a><\/p>\n<p>&nbsp;<\/p>\n<p>&nbsp;<\/p>\n<hr \/>\n<p>&nbsp;<\/p>\n<blockquote>\n<h3>LA MONGOLFIERA DI GIORGIA APRE IL BANDO, SCADENZA IL 25 MAGGIO<\/h3>\n<\/blockquote>\n<p><strong>REDAZIONE<\/strong> Sono trascorsi sette anni dalla scomparsa di Giorgia Praloran,\u00a0 il 26 marzo \u00e8 stato il giorno del suo ventiseiesimo compleanno. Il bando della Mongolfiera di Giorgia porta questa data. L&#8217;associazione ha deciso di mettere a disposizione 10.000 euro. Potranno presentare domanda di contributo ragazzi tra i 13 e i 24 anni residenti in Veneto o seguiti da strutture pubbliche sanitarie del Veneto, con disabilit\u00e0 anche temporanee. Info www.lamongolfieradigiorgia.it , mail lamongolfieradigiorgia@gmail.it.<\/p>\n<p>&nbsp;<\/p>\n<hr \/>\n<p>&nbsp;<\/p>\n<blockquote>\n<h2>I CONCORSI DELLA POLIZIA DI STATO<\/h2>\n<\/blockquote>\n<p><a class=\"dt-pswp-item\" href=\"https:\/\/www.radiopiu.net\/wordpress\/wp-content\/uploads\/2022\/01\/POLIZIA-ESSERCI.jpg\" data-dt-img-description=\"\" data-large_image_width=\"750\" data-large_image_height=\"407\"><img loading=\"lazy\" decoding=\"async\" class=\" wp-image-255174 alignleft\" src=\"https:\/\/www.radiopiu.net\/wordpress\/wp-content\/uploads\/2022\/01\/POLIZIA-ESSERCI-300x163.jpg\" alt=\"\" width=\"260\" height=\"141\" srcset=\"https:\/\/www.radiopiu.net\/wordpress\/wp-content\/uploads\/2022\/01\/POLIZIA-ESSERCI-300x163.jpg 300w, https:\/\/www.radiopiu.net\/wordpress\/wp-content\/uploads\/2022\/01\/POLIZIA-ESSERCI.jpg 750w\" sizes=\"auto, (max-width: 260px) 100vw, 260px\" \/><\/a>Sul Portale Unico del reclutamento, disponibile all\u2019indirizzo <a href=\"http:\/\/www.inpa.gov.it\">www.inpa.gov.it<\/a> nonch\u00e9 sul sito <a href=\"http:\/\/www.poliziadistato.it\">www.poliziadistato.it<\/a>, in data 27 marzo 2023, \u00e8 stato pubblicato il bando di <strong>concorso pubblico, per titoli ed esami, per la copertura di 8 posti di orchestrale del ruolo degli orchestrali\u00a0 della banda musicale della Polizia di Stato, indetto con D.C.P. del 20 marzo 2023.\u00a0<\/strong>La domanda di partecipazione al concorso potr\u00e0 essere presentata, \u00a0dalle \u00a0ore \u00a000.00 del 28 marzo 2023 alle ore 23.59 del 26 aprile 2023, sia tramite il Portale unico di reclutamento che mediante la procedura informatica disponibile all\u2019indirizzo <a href=\"https:\/\/concorsionline.poliziadistato.it\">https:\/\/concorsionline.poliziadistato.it<\/a> (cliccando sull\u2019icona \u201cConcorso pubblico<\/p>\n<p>&nbsp;<\/p>\n<hr \/>\n<p>&nbsp;<\/p>\n<h2><span style=\"color: #ff0000;\">IERI ALLA RADIO<\/span><\/h2>\n<h2><span style=\"color: #339966;\">ENGLISH ON THE ROAD a cura di Magic Teacher Claudia e Stefano Campedel<\/span><\/h2>\n<p><strong><a class=\"dt-pswp-item\" href=\"https:\/\/www.radiopiu.net\/wordpress\/wp-content\/uploads\/2023\/03\/ENGLISH-1.png\" data-dt-img-description=\"\" data-large_image_width=\"780\" data-large_image_height=\"471\"><img loading=\"lazy\" decoding=\"async\" class=\" wp-image-329140 alignleft\" src=\"https:\/\/www.radiopiu.net\/wordpress\/wp-content\/uploads\/2023\/03\/ENGLISH-1-300x181.png\" alt=\"\" width=\"177\" height=\"107\" srcset=\"https:\/\/www.radiopiu.net\/wordpress\/wp-content\/uploads\/2023\/03\/ENGLISH-1-300x181.png 300w, https:\/\/www.radiopiu.net\/wordpress\/wp-content\/uploads\/2023\/03\/ENGLISH-1-768x464.png 768w, https:\/\/www.radiopiu.net\/wordpress\/wp-content\/uploads\/2023\/03\/ENGLISH-1.png 780w\" sizes=\"auto, (max-width: 177px) 100vw, 177px\" \/><\/a>4 &#8211; PUNTATA AUDIO 30 MARZO 2023<\/strong><\/p>\n<audio class=\"wp-audio-shortcode\" id=\"audio-329120-8\" preload=\"none\" style=\"width: 100%;\" controls=\"controls\"><source type=\"audio\/mpeg\" src=\"https:\/\/www.radiopiu.net\/wordpress\/wp-content\/uploads\/2023\/03\/ENGLISH-PUNTATA-4.mp3?_=8\" \/><a href=\"https:\/\/www.radiopiu.net\/wordpress\/wp-content\/uploads\/2023\/03\/ENGLISH-PUNTATA-4.mp3\">https:\/\/www.radiopiu.net\/wordpress\/wp-content\/uploads\/2023\/03\/ENGLISH-PUNTATA-4.mp3<\/a><\/audio>\n<p>&nbsp;<\/p>\n<p><strong>LA RACCOLTA<\/strong><\/p>\n<blockquote class=\"wp-embedded-content\" data-secret=\"WbjtTpcx6e\"><p><a href=\"https:\/\/www.radiopiu.net\/wordpress\/puntata-en\/\">ENGLISH ON THE ROAD a cura di Magic Teacher Claudia e Stefano Campedel<\/a><\/p><\/blockquote>\n<p><iframe loading=\"lazy\" class=\"wp-embedded-content\" sandbox=\"allow-scripts\" security=\"restricted\" style=\"position: absolute; clip: rect(1px, 1px, 1px, 1px);\" title=\"&#8220;ENGLISH ON THE ROAD a cura di Magic Teacher Claudia e Stefano Campedel&#8221; &#8212; Radio Pi\u00f9\" src=\"https:\/\/www.radiopiu.net\/wordpress\/puntata-en\/embed\/#?secret=PqH5YD9I5Z#?secret=WbjtTpcx6e\" data-secret=\"WbjtTpcx6e\" width=\"600\" height=\"338\" frameborder=\"0\" marginwidth=\"0\" marginheight=\"0\" scrolling=\"no\"><\/iframe><\/p>\n<p>&nbsp;<\/p>\n<h2><span style=\"color: #993366;\">DALL&#8217;OH PERBACCO WINE CRISTIAN &#8220;CICCIO&#8221; DE BIASIO<\/span><\/h2>\n<p><strong><a class=\"dt-pswp-item\" href=\"https:\/\/www.radiopiu.net\/wordpress\/wp-content\/uploads\/2023\/03\/oh-perbacco.jpg\" data-dt-img-description=\"\" data-large_image_width=\"1080\" data-large_image_height=\"1076\"><img loading=\"lazy\" decoding=\"async\" class=\" wp-image-329144 alignleft\" src=\"https:\/\/www.radiopiu.net\/wordpress\/wp-content\/uploads\/2023\/03\/oh-perbacco-300x300.jpg\" alt=\"\" width=\"145\" height=\"145\" srcset=\"https:\/\/www.radiopiu.net\/wordpress\/wp-content\/uploads\/2023\/03\/oh-perbacco-300x300.jpg 300w, https:\/\/www.radiopiu.net\/wordpress\/wp-content\/uploads\/2023\/03\/oh-perbacco-1024x1020.jpg 1024w, https:\/\/www.radiopiu.net\/wordpress\/wp-content\/uploads\/2023\/03\/oh-perbacco-150x150.jpg 150w, https:\/\/www.radiopiu.net\/wordpress\/wp-content\/uploads\/2023\/03\/oh-perbacco-768x765.jpg 768w, https:\/\/www.radiopiu.net\/wordpress\/wp-content\/uploads\/2023\/03\/oh-perbacco.jpg 1080w\" sizes=\"auto, (max-width: 145px) 100vw, 145px\" \/><\/a>di Mirko Mezzacasa<\/strong><\/p>\n<p>OSPITE: Cristian &#8220;Ciccio&#8221; De Biasio<\/p>\n<audio class=\"wp-audio-shortcode\" id=\"audio-329120-9\" preload=\"none\" style=\"width: 100%;\" controls=\"controls\"><source type=\"audio\/mpeg\" src=\"https:\/\/www.radiopiu.net\/wordpress\/wp-content\/uploads\/2023\/03\/CICCIO-OH-PER-BACCO.mp3?_=9\" \/><a href=\"https:\/\/www.radiopiu.net\/wordpress\/wp-content\/uploads\/2023\/03\/CICCIO-OH-PER-BACCO.mp3\">https:\/\/www.radiopiu.net\/wordpress\/wp-content\/uploads\/2023\/03\/CICCIO-OH-PER-BACCO.mp3<\/a><\/audio>\n<p>&nbsp;<\/p>\n<hr \/>\n<p>&nbsp;<\/p>\n<h2><span style=\"color: #ff9900;\">DEDICHE E RICHIESTE<\/span><\/h2>\n<blockquote>\n<h3>WILLIAM DA ROIT E LE SUE 65 MARATONE<\/h3>\n<\/blockquote>\n<p><strong><a class=\"dt-pswp-item\" href=\"https:\/\/www.radiopiu.net\/wordpress\/wp-content\/uploads\/2020\/07\/WILLIAM-DA-ROIT.jpg\" data-dt-img-description=\"\" data-large_image_width=\"960\" data-large_image_height=\"720\"><img loading=\"lazy\" decoding=\"async\" class=\" wp-image-150479 alignleft\" src=\"https:\/\/www.radiopiu.net\/wordpress\/wp-content\/uploads\/2020\/07\/WILLIAM-DA-ROIT-300x225.jpg\" alt=\"\" width=\"171\" height=\"128\" srcset=\"https:\/\/www.radiopiu.net\/wordpress\/wp-content\/uploads\/2020\/07\/WILLIAM-DA-ROIT-300x225.jpg 300w, https:\/\/www.radiopiu.net\/wordpress\/wp-content\/uploads\/2020\/07\/WILLIAM-DA-ROIT-768x576.jpg 768w, https:\/\/www.radiopiu.net\/wordpress\/wp-content\/uploads\/2020\/07\/WILLIAM-DA-ROIT.jpg 960w\" sizes=\"auto, (max-width: 171px) 100vw, 171px\" \/><\/a>REDAZIONE<\/strong> Come ogni mercoled\u00ec sera Radio Pi\u00f9 Propone Dediche e Richieste, due ore con le vostre canzoni ed ospiti a sorpresa. Nell&#8217;ultima puntata ospite William Da Roit che, tra una colomba e un panino, ha avuto tempo di andare a Roma a correre la sua 65a maratona della carriera.<\/p>\n<p>&nbsp;<\/p>\n<p><strong>WILLIAM DA ROIT<\/strong><\/p>\n<audio class=\"wp-audio-shortcode\" id=\"audio-329120-10\" preload=\"none\" style=\"width: 100%;\" controls=\"controls\"><source type=\"audio\/mpeg\" src=\"https:\/\/www.radiopiu.net\/wordpress\/wp-content\/uploads\/2023\/03\/WILLIAM-DEDICHE.mp3?_=10\" \/><a href=\"https:\/\/www.radiopiu.net\/wordpress\/wp-content\/uploads\/2023\/03\/WILLIAM-DEDICHE.mp3\">https:\/\/www.radiopiu.net\/wordpress\/wp-content\/uploads\/2023\/03\/WILLIAM-DEDICHE.mp3<\/a><\/audio>\n<p>&nbsp;<\/p>\n<blockquote>\n<h3>MAX DAL RIFUGIO LARESEI E L&#8217;EVENTO DI DOMENICA CON GIORGIO PREZIOSO<\/h3>\n<\/blockquote>\n<p><strong><a class=\"dt-pswp-item\" href=\"https:\/\/www.radiopiu.net\/wordpress\/wp-content\/uploads\/2023\/03\/1721602e-4e92-44cb-8cdb-cba36c2ccf27.jpg\" data-dt-img-description=\"\" data-large_image_width=\"1600\" data-large_image_height=\"900\"><img loading=\"lazy\" decoding=\"async\" class=\" wp-image-328702 alignleft\" src=\"https:\/\/www.radiopiu.net\/wordpress\/wp-content\/uploads\/2023\/03\/1721602e-4e92-44cb-8cdb-cba36c2ccf27-300x169.jpg\" alt=\"\" width=\"202\" height=\"114\" srcset=\"https:\/\/www.radiopiu.net\/wordpress\/wp-content\/uploads\/2023\/03\/1721602e-4e92-44cb-8cdb-cba36c2ccf27-300x169.jpg 300w, https:\/\/www.radiopiu.net\/wordpress\/wp-content\/uploads\/2023\/03\/1721602e-4e92-44cb-8cdb-cba36c2ccf27-1024x576.jpg 1024w, https:\/\/www.radiopiu.net\/wordpress\/wp-content\/uploads\/2023\/03\/1721602e-4e92-44cb-8cdb-cba36c2ccf27-768x432.jpg 768w, https:\/\/www.radiopiu.net\/wordpress\/wp-content\/uploads\/2023\/03\/1721602e-4e92-44cb-8cdb-cba36c2ccf27-1536x864.jpg 1536w, https:\/\/www.radiopiu.net\/wordpress\/wp-content\/uploads\/2023\/03\/1721602e-4e92-44cb-8cdb-cba36c2ccf27.jpg 1600w\" sizes=\"auto, (max-width: 202px) 100vw, 202px\" \/><\/a>REDAZIONE<\/strong> Nel programma Dediche e Richieste ospite anche Massimo Manfroi dal Rifugio Laresei dove domenica prossima ci sar\u00e0 l&#8217;evento di fine stagione con &#8220;Save The Date&#8221;, il party di fine inverno. Come preannunciato l&#8217;ospite della giornata sar\u00e0 il DJ Giorgio Prezioso. Intanto si inizia a preparare il tutto per quello che sar\u00e0 sicuramente un giorno da ricordare a lungo. Un Massimo agitato per la buona riuscita della giornata che ci ha raccontato come stanno andando le cose in attesa del grande evento.<\/p>\n<p><strong>MASSIMO MANFROI<\/strong><\/p>\n<audio class=\"wp-audio-shortcode\" id=\"audio-329120-11\" preload=\"none\" style=\"width: 100%;\" controls=\"controls\"><source type=\"audio\/mpeg\" src=\"https:\/\/www.radiopiu.net\/wordpress\/wp-content\/uploads\/2023\/03\/MAX-LARESEI.mp3?_=11\" \/><a href=\"https:\/\/www.radiopiu.net\/wordpress\/wp-content\/uploads\/2023\/03\/MAX-LARESEI.mp3\">https:\/\/www.radiopiu.net\/wordpress\/wp-content\/uploads\/2023\/03\/MAX-LARESEI.mp3<\/a><\/audio>\n<p>&nbsp;<\/p>\n<blockquote>\n<h3>VITTORIO DE NARDIN E LA SUA ESPERIENZA A I SOLITI IGNOTI<\/h3>\n<\/blockquote>\n<p><strong><a class=\"dt-pswp-item\" href=\"https:\/\/www.radiopiu.net\/wordpress\/wp-content\/uploads\/2023\/03\/e3224a01-1bfc-4619-b439-f1d6d2dcee8c.jpg\" data-dt-img-description=\"\" data-large_image_width=\"1600\" data-large_image_height=\"1200\"><img loading=\"lazy\" decoding=\"async\" class=\" wp-image-329153 alignleft\" src=\"https:\/\/www.radiopiu.net\/wordpress\/wp-content\/uploads\/2023\/03\/e3224a01-1bfc-4619-b439-f1d6d2dcee8c-300x225.jpg\" alt=\"\" width=\"148\" height=\"111\" srcset=\"https:\/\/www.radiopiu.net\/wordpress\/wp-content\/uploads\/2023\/03\/e3224a01-1bfc-4619-b439-f1d6d2dcee8c-300x225.jpg 300w, https:\/\/www.radiopiu.net\/wordpress\/wp-content\/uploads\/2023\/03\/e3224a01-1bfc-4619-b439-f1d6d2dcee8c-1024x768.jpg 1024w, https:\/\/www.radiopiu.net\/wordpress\/wp-content\/uploads\/2023\/03\/e3224a01-1bfc-4619-b439-f1d6d2dcee8c-768x576.jpg 768w, https:\/\/www.radiopiu.net\/wordpress\/wp-content\/uploads\/2023\/03\/e3224a01-1bfc-4619-b439-f1d6d2dcee8c-1536x1152.jpg 1536w, https:\/\/www.radiopiu.net\/wordpress\/wp-content\/uploads\/2023\/03\/e3224a01-1bfc-4619-b439-f1d6d2dcee8c.jpg 1600w\" sizes=\"auto, (max-width: 148px) 100vw, 148px\" \/><\/a>REDAZIONE<\/strong> Ne abbiamo parlato nei giorni scorsi e lo abbiamo avuto come ospite telefonico di Dediche e Richieste. Stiamo parlando di Vittorio De Nardin che luned\u00ec scorso \u00e8 stato uno degli ignoti del programma condotto da Amadeus &#8220;I Soliti Ignoti&#8221; su Rai 1. Ci ha raccontato come \u00e8 stato contattato dalla redazione del programma e come \u00e8 andata l&#8217;esperienza negli studi televisivi Rai.<\/p>\n<p><strong>VITTORIO DE NARDIN<\/strong><\/p>\n<audio class=\"wp-audio-shortcode\" id=\"audio-329120-12\" preload=\"none\" style=\"width: 100%;\" controls=\"controls\"><source type=\"audio\/mpeg\" src=\"https:\/\/www.radiopiu.net\/wordpress\/wp-content\/uploads\/2023\/03\/VITTORIO-DE-NARDIN.mp3?_=12\" \/><a href=\"https:\/\/www.radiopiu.net\/wordpress\/wp-content\/uploads\/2023\/03\/VITTORIO-DE-NARDIN.mp3\">https:\/\/www.radiopiu.net\/wordpress\/wp-content\/uploads\/2023\/03\/VITTORIO-DE-NARDIN.mp3<\/a><\/audio>\n<p>&nbsp;<\/p>\n<blockquote>\n<h3>LE IMITAZIONI DI MARCO DAL FARRA E BIAGIO GIANNONE<\/h3>\n<\/blockquote>\n<p><strong><a class=\"dt-pswp-item\" href=\"https:\/\/www.radiopiu.net\/wordpress\/wp-content\/uploads\/2023\/03\/513ccc59-dea2-437f-92ee-f47288a50036.jpg\" data-dt-img-description=\"\" data-large_image_width=\"1024\" data-large_image_height=\"768\"><img loading=\"lazy\" decoding=\"async\" class=\" wp-image-329074 alignleft\" src=\"https:\/\/www.radiopiu.net\/wordpress\/wp-content\/uploads\/2023\/03\/513ccc59-dea2-437f-92ee-f47288a50036-300x225.jpg\" alt=\"\" width=\"164\" height=\"123\" srcset=\"https:\/\/www.radiopiu.net\/wordpress\/wp-content\/uploads\/2023\/03\/513ccc59-dea2-437f-92ee-f47288a50036-300x225.jpg 300w, https:\/\/www.radiopiu.net\/wordpress\/wp-content\/uploads\/2023\/03\/513ccc59-dea2-437f-92ee-f47288a50036-768x576.jpg 768w, https:\/\/www.radiopiu.net\/wordpress\/wp-content\/uploads\/2023\/03\/513ccc59-dea2-437f-92ee-f47288a50036.jpg 1024w\" sizes=\"auto, (max-width: 164px) 100vw, 164px\" \/><\/a>REDAZIONE<\/strong> Si sono sfidati a colpi di imitazioni negli studi di Radio Pi\u00f9. Protagonisti Marco Dal Farra e Biagio Giannone che per tutta la puntata di Dediche e Richieste hanno fatto sentire il loro repertorio di imitazioni. Premiati con un attestato nel finale di programma.<\/p>\n<p><strong>MARCO DAL FARRA E BIAGIO GIANNONE<\/strong><\/p>\n<audio class=\"wp-audio-shortcode\" id=\"audio-329120-13\" preload=\"none\" style=\"width: 100%;\" controls=\"controls\"><source type=\"audio\/mpeg\" src=\"https:\/\/www.radiopiu.net\/wordpress\/wp-content\/uploads\/2023\/03\/IMITAZIONI-BIAGIO-E-MARCO.mp3?_=13\" \/><a href=\"https:\/\/www.radiopiu.net\/wordpress\/wp-content\/uploads\/2023\/03\/IMITAZIONI-BIAGIO-E-MARCO.mp3\">https:\/\/www.radiopiu.net\/wordpress\/wp-content\/uploads\/2023\/03\/IMITAZIONI-BIAGIO-E-MARCO.mp3<\/a><\/audio>\n<p>&nbsp;<\/p>\n<p>&nbsp;<\/p>\n<hr \/>\n<p>&nbsp;<\/p>\n<blockquote>\n<h3>BIM GSP CERCA OPERATORI IDRAULICI SPECIALLIZATI<\/h3>\n<\/blockquote>\n<p><strong>BELLUNO<\/strong> Bim GSP \u00e8 alla ricerca di idraulici specializzati da inserire a tempo pieno e indeterminato con livello commisurato all&#8217;esperienza. La domanda e il curriculum vitae vanno inviato a Bim Gestione Servizi Pubblici, via Tiziano Vecellio 27\/29 a Belluno entro le 12 dell&#8217;11 aprile 2023. I candidati devono avere cittadinanza italiana, avere pi\u00f9 di 18 anni, patente B e sono richieste esperienze lavorative triennali nel settore privato o pubblico del settore idraulico.<\/p>\n<p>&nbsp;<\/p>\n<p>&nbsp;<\/p>\n<hr \/>\n<p>&nbsp;<\/p>\n<blockquote>\n<h3>L&#8217;ASSEMBLEA DEL CIRCOLO CULTURALE AGORDINO<\/h3>\n<\/blockquote>\n<p><strong>AGORDO<\/strong> E&#8217; in programma per domani alle 10 in sala riunioni della Biblioteca Civica di Agordo, l&#8217;assemblea del Circolo Culturale Agordino. Si discuter\u00e0 delle linee programmatiche delle attivit\u00e0 del Circolo per il 2023, l&#8217;approvazione del bilancio 2022 e la relazione del bilancio sociale.<\/p>\n<p>&nbsp;<\/p>\n<p>&nbsp;<\/p>\n<hr \/>\n<p>&nbsp;<\/p>\n<blockquote>\n<h3>\u00a0LA GIORNATA ECOLOGICA<\/h3>\n<\/blockquote>\n<p><strong><a class=\"dt-pswp-item\" href=\"https:\/\/www.radiopiu.net\/wordpress\/wp-content\/uploads\/2023\/03\/Senza-nome-67.jpg\" data-dt-img-description=\"\" data-large_image_width=\"196\" data-large_image_height=\"136\"><img loading=\"lazy\" decoding=\"async\" class=\" wp-image-327468 alignleft\" src=\"https:\/\/www.radiopiu.net\/wordpress\/wp-content\/uploads\/2023\/03\/Senza-nome-67.jpg\" alt=\"\" width=\"187\" height=\"130\" \/><\/a><\/strong><\/p>\n<p><strong>CENCENIGHE<\/strong> Domenica 2 aprile giornata ecologica organizzata da Comune e Proloco. Saranno raccolti i rifiuti abbandonati sul territorio (adulti, ragazzi, bambini). Alle 8 ritrovo adulti e assegnazioni di aree di pulizia, 845 ritrovo ragazzi e bambini. 12.30 pranzo per tutti i partecipanti al Nof Filo&#8217;\u00a0 L\u2019attrezzatura necessaria (sacchi, guanti) verr\u00e0 fornita da Valpe Ambiente. Le immondizie saranno poi conferite all\u2019ecocentro dove sar\u00e0 allestito un punto di raccolta apposito. In caso di maltempo la giornata sar\u00e0 posticipata a Domenica 16 Aprile. Informazioni, Ervin Lazzarini 347 8802294<\/p>\n<p>&nbsp;<\/p>\n<p>&nbsp;<\/p>\n<hr \/>\n<p>&nbsp;<\/p>\n<p>&nbsp;<\/p>\n<blockquote>\n<h2>CHE SORPRESA A PASQUA!<\/h2>\n<blockquote>\n<h3><em>LA SCUOLA DI SCI E SNOWBOARD EQUIPE FALCADE PROMUOVE OFFERTE&#8230;DA GIORNI DI FESTA<\/em><\/h3>\n<p>audio<\/p>\n<audio class=\"wp-audio-shortcode\" id=\"audio-329120-14\" preload=\"none\" style=\"width: 100%;\" controls=\"controls\"><source type=\"audio\/mpeg\" src=\"https:\/\/www.radiopiu.net\/wordpress\/wp-content\/uploads\/2023\/03\/scuola-sci-falcade-c-Copia.mp3?_=14\" \/><a href=\"https:\/\/www.radiopiu.net\/wordpress\/wp-content\/uploads\/2023\/03\/scuola-sci-falcade-c-Copia.mp3\">https:\/\/www.radiopiu.net\/wordpress\/wp-content\/uploads\/2023\/03\/scuola-sci-falcade-c-Copia.mp3<\/a><\/audio><\/blockquote>\n<\/blockquote>\n<p><strong>FINO AL 10 APRILE<\/strong>, SUPER SUN: prenota 3 ore di lezione privata paghi solo 2 ore <strong>DAL 6 AL 10 APRILE,<\/strong> corso collettivo per\u00a0 bambini ed adulti\u00a0 tutti i livelli\u00a0 dalle 10 alle 13 \u2013 non \u00e8 obbligatoria l\u2019iscrizione per tutti i 5 giorni si accettano prenotazione anche parziali pasqua a FALCADE, LE VANTAGGIOSE PROPOSTE DELLA SCUOLA SCI E SNOWBOARD EQUIPE FALCADE INFO 0437\/599616 \u2013 mail <a href=\"mailto:info@scuolasciequipe.it\">info@scuolasciequipe.it<\/a><\/p>\n\n\t\t\t<style type='text\/css'>\n\t\t\t\t#gallery-4 {\n\t\t\t\t\tmargin: auto;\n\t\t\t\t}\n\t\t\t\t#gallery-4 .gallery-item {\n\t\t\t\t\tfloat: left;\n\t\t\t\t\tmargin-top: 10px;\n\t\t\t\t\ttext-align: center;\n\t\t\t\t\twidth: 50%;\n\t\t\t\t}\n\t\t\t\t#gallery-4 img {\n\t\t\t\t\tborder: 2px solid #cfcfcf;\n\t\t\t\t}\n\t\t\t\t#gallery-4 .gallery-caption {\n\t\t\t\t\tmargin-left: 0;\n\t\t\t\t}\n\t\t\t\t\/* see gallery_shortcode() in wp-includes\/media.php *\/\n\t\t\t<\/style>\n\t\t<div id='gallery-4' class='dt-gallery-container gallery galleryid-329120 gallery-columns-2 gallery-size-thumbnail'><dl class='gallery-item'>\n\t\t\t\t<dt class='gallery-icon portrait'>\n\t\t\t\t\t<a class=\"rollover rollover-zoom dt-pswp-item\" title=\"Corso di pasqua 2023\" data-dt-img-description=\"\" data-large_image_width=\"1810\" data-large_image_height=\"2560\"href='https:\/\/www.radiopiu.net\/wordpress\/wp-content\/uploads\/2023\/03\/Corso-di-pasqua-2023-scaled.jpg'><img loading=\"lazy\" decoding=\"async\" width=\"150\" height=\"150\" src=\"https:\/\/www.radiopiu.net\/wordpress\/wp-content\/uploads\/2023\/03\/Corso-di-pasqua-2023-150x150.jpg\" class=\"attachment-thumbnail size-thumbnail\" alt=\"\" \/><\/a>\n\t\t\t\t<\/dt><\/dl><dl class='gallery-item'>\n\t\t\t\t<dt class='gallery-icon landscape'>\n\t\t\t\t\t<a class=\"rollover rollover-zoom dt-pswp-item\" title=\"EQUIPE SUPER SUN 2023\" data-dt-img-description=\"\" data-large_image_width=\"2067\" data-large_image_height=\"738\"href='https:\/\/www.radiopiu.net\/wordpress\/wp-content\/uploads\/2023\/03\/EQUIPE-SUPER-SUN-2023.jpg'><img loading=\"lazy\" decoding=\"async\" width=\"150\" height=\"150\" src=\"https:\/\/www.radiopiu.net\/wordpress\/wp-content\/uploads\/2023\/03\/EQUIPE-SUPER-SUN-2023-150x150.jpg\" class=\"attachment-thumbnail size-thumbnail\" alt=\"\" \/><\/a>\n\t\t\t\t<\/dt><\/dl><br style=\"clear: both\" \/>\n\t\t\t<\/div>\n\n<p>&nbsp;<\/p>\n<hr \/>\n<p>&nbsp;<\/p>\n<p>&nbsp;<\/p>\n<blockquote>\n<h3><a class=\"dt-pswp-item\" href=\"https:\/\/www.radiopiu.net\/wordpress\/wp-content\/uploads\/2023\/03\/316804783_587411910051783_8683170444582843741_n.jpg\" data-dt-img-description=\"\" data-large_image_width=\"1440\" data-large_image_height=\"1440\"><img loading=\"lazy\" decoding=\"async\" class=\"wp-image-329033 alignleft\" src=\"https:\/\/www.radiopiu.net\/wordpress\/wp-content\/uploads\/2023\/03\/316804783_587411910051783_8683170444582843741_n-300x300.jpg\" alt=\"\" width=\"157\" height=\"157\" srcset=\"https:\/\/www.radiopiu.net\/wordpress\/wp-content\/uploads\/2023\/03\/316804783_587411910051783_8683170444582843741_n-300x300.jpg 300w, https:\/\/www.radiopiu.net\/wordpress\/wp-content\/uploads\/2023\/03\/316804783_587411910051783_8683170444582843741_n-1024x1024.jpg 1024w, https:\/\/www.radiopiu.net\/wordpress\/wp-content\/uploads\/2023\/03\/316804783_587411910051783_8683170444582843741_n-150x150.jpg 150w, https:\/\/www.radiopiu.net\/wordpress\/wp-content\/uploads\/2023\/03\/316804783_587411910051783_8683170444582843741_n-768x768.jpg 768w, https:\/\/www.radiopiu.net\/wordpress\/wp-content\/uploads\/2023\/03\/316804783_587411910051783_8683170444582843741_n.jpg 1440w\" sizes=\"auto, (max-width: 157px) 100vw, 157px\" \/><\/a>PER NON BRUCIARE LA CARNE AL BARBECUE&#8230; I CORSI DI GARDEN DOLOMITI<\/h3>\n<\/blockquote>\n<p><strong>L&#8217;INTERVISTA A JO&#8230;<\/strong><\/p>\n<p><strong>di mirko mezzacasa<\/strong><\/p>\n<audio class=\"wp-audio-shortcode\" id=\"audio-329120-15\" preload=\"none\" style=\"width: 100%;\" controls=\"controls\"><source type=\"audio\/mpeg\" src=\"https:\/\/www.radiopiu.net\/wordpress\/wp-content\/uploads\/2023\/03\/la-grigliata-di-jo.mp3?_=15\" \/><a href=\"https:\/\/www.radiopiu.net\/wordpress\/wp-content\/uploads\/2023\/03\/la-grigliata-di-jo.mp3\">https:\/\/www.radiopiu.net\/wordpress\/wp-content\/uploads\/2023\/03\/la-grigliata-di-jo.mp3<\/a><\/audio>\n<p><strong>LO SPOT ALLA RADIO<\/strong><\/p>\n<audio class=\"wp-audio-shortcode\" id=\"audio-329120-16\" preload=\"none\" style=\"width: 100%;\" controls=\"controls\"><source type=\"audio\/mpeg\" src=\"https:\/\/www.radiopiu.net\/wordpress\/wp-content\/uploads\/2023\/03\/dolomiti-garden-1-c.mp3?_=16\" \/><a href=\"https:\/\/www.radiopiu.net\/wordpress\/wp-content\/uploads\/2023\/03\/dolomiti-garden-1-c.mp3\">https:\/\/www.radiopiu.net\/wordpress\/wp-content\/uploads\/2023\/03\/dolomiti-garden-1-c.mp3<\/a><\/audio>\n<p>&nbsp;<\/p>\n<p>&nbsp;<\/p>\n<hr \/>\n<p>&nbsp;<\/p>\n<p>&nbsp;<\/p>\n<blockquote class=\"wp-embedded-content\" data-secret=\"DdtF7USSUw\"><p><a href=\"https:\/\/www.radiopiu.net\/wordpress\/a-danzarfortuna-2023-la-lotteria-dellada-ecco-i-biglietti-vincenti\/\">A DANZARFORTUNA 2023,  LA LOTTERIA DELL&#8217;ADA ECCO I BIGLIETTI VINCENTI<\/a><\/p><\/blockquote>\n<p><iframe loading=\"lazy\" class=\"wp-embedded-content\" sandbox=\"allow-scripts\" security=\"restricted\" style=\"position: absolute; clip: rect(1px, 1px, 1px, 1px);\" title=\"&#8220;A DANZARFORTUNA 2023,  LA LOTTERIA DELL&#8217;ADA ECCO I BIGLIETTI VINCENTI&#8221; &#8212; Radio Pi\u00f9\" src=\"https:\/\/www.radiopiu.net\/wordpress\/a-danzarfortuna-2023-la-lotteria-dellada-ecco-i-biglietti-vincenti\/embed\/#?secret=AvQIxuMskj#?secret=DdtF7USSUw\" data-secret=\"DdtF7USSUw\" width=\"600\" height=\"338\" frameborder=\"0\" marginwidth=\"0\" marginheight=\"0\" scrolling=\"no\"><\/iframe><\/p>\n<p>&nbsp;<\/p>\n<p>&nbsp;<\/p>\n<hr \/>\n<p>&nbsp;<\/p>\n<h2 style=\"text-align: left;\"><span style=\"color: #000000;\"><em>L&#8217;EVENTO&#8230; DOMENICA 2 APRILE A FALCADE. &#8220;SAVE THE DATE PARTY&#8221;&#8230;OSPITE D&#8217;ECCEZIONE GIORGIO PREZIOSO<\/em><\/span><\/h2>\n<p>&nbsp;<\/p>\n<div style=\"width: 848px;\" class=\"wp-video\"><video class=\"wp-video-shortcode\" id=\"video-329120-2\" width=\"848\" height=\"480\" preload=\"metadata\" controls=\"controls\"><source type=\"video\/mp4\" src=\"https:\/\/www.radiopiu.net\/wordpress\/wp-content\/uploads\/2023\/03\/WhatsApp-Video-2023-03-27-at-20.37.32.mp4?_=2\" \/><a href=\"https:\/\/www.radiopiu.net\/wordpress\/wp-content\/uploads\/2023\/03\/WhatsApp-Video-2023-03-27-at-20.37.32.mp4\">https:\/\/www.radiopiu.net\/wordpress\/wp-content\/uploads\/2023\/03\/WhatsApp-Video-2023-03-27-at-20.37.32.mp4<\/a><\/video><\/div>\n<p>&nbsp;<\/p>\n<p>&nbsp;<\/p>\n<h3>EVENTI IN VALLE DEL BIOIS<\/h3>\n\n\t\t\t<style type='text\/css'>\n\t\t\t\t#gallery-5 {\n\t\t\t\t\tmargin: auto;\n\t\t\t\t}\n\t\t\t\t#gallery-5 .gallery-item {\n\t\t\t\t\tfloat: left;\n\t\t\t\t\tmargin-top: 10px;\n\t\t\t\t\ttext-align: center;\n\t\t\t\t\twidth: 50%;\n\t\t\t\t}\n\t\t\t\t#gallery-5 img {\n\t\t\t\t\tborder: 2px solid #cfcfcf;\n\t\t\t\t}\n\t\t\t\t#gallery-5 .gallery-caption {\n\t\t\t\t\tmargin-left: 0;\n\t\t\t\t}\n\t\t\t\t\/* see gallery_shortcode() in wp-includes\/media.php *\/\n\t\t\t<\/style>\n\t\t<div id='gallery-5' class='dt-gallery-container gallery galleryid-329120 gallery-columns-2 gallery-size-thumbnail'><dl class='gallery-item'>\n\t\t\t\t<dt class='gallery-icon portrait'>\n\t\t\t\t\t<a class=\"rollover rollover-zoom dt-pswp-item\" title=\"c8238cb1-d130-49bb-a56b-170e88a348d0\" data-dt-img-description=\"\" data-large_image_width=\"1452\" data-large_image_height=\"2048\"href='https:\/\/www.radiopiu.net\/wordpress\/wp-content\/uploads\/2023\/03\/c8238cb1-d130-49bb-a56b-170e88a348d0.jpg'><img loading=\"lazy\" decoding=\"async\" width=\"150\" height=\"150\" src=\"https:\/\/www.radiopiu.net\/wordpress\/wp-content\/uploads\/2023\/03\/c8238cb1-d130-49bb-a56b-170e88a348d0-150x150.jpg\" class=\"attachment-thumbnail size-thumbnail\" alt=\"\" \/><\/a>\n\t\t\t\t<\/dt><\/dl><dl class='gallery-item'>\n\t\t\t\t<dt class='gallery-icon portrait'>\n\t\t\t\t\t<a class=\"rollover rollover-zoom dt-pswp-item\" title=\"179b9ef5-5a86-4cd3-b8f0-678a353d1f9b\" data-dt-img-description=\"\" data-large_image_width=\"900\" data-large_image_height=\"1600\"href='https:\/\/www.radiopiu.net\/wordpress\/wp-content\/uploads\/2023\/03\/179b9ef5-5a86-4cd3-b8f0-678a353d1f9b.jpg'><img loading=\"lazy\" decoding=\"async\" width=\"150\" height=\"150\" src=\"https:\/\/www.radiopiu.net\/wordpress\/wp-content\/uploads\/2023\/03\/179b9ef5-5a86-4cd3-b8f0-678a353d1f9b-150x150.jpg\" class=\"attachment-thumbnail size-thumbnail\" alt=\"\" \/><\/a>\n\t\t\t\t<\/dt><\/dl><br style=\"clear: both\" \/>\n\t\t\t<\/div>\n\n<p>&nbsp;<\/p>\n<p>&nbsp;<\/p>\n<hr \/>\n<p>&nbsp;<\/p>\n<blockquote>\n<h3>L&#8217;ASSEMBLEA DELLA CROCE BIANCA DI LIVINALLONGO<\/h3>\n<\/blockquote>\n<p><strong>LIVINALLONGO<\/strong> E&#8217; in programma il 14 aprile alle 19:30\u00a0 l&#8217;assemblea generale della Croce Bianca Livinallongo. I soci si ritroveranno alla sala Bo\u00e8 di Arabba per parlare del resoconto delle attivit\u00e0 dello scorso anno, l&#8217;elezione dei delegati e l&#8217;intervento del responsabile gruppo giovani. L&#8217;occasione anche per consegnare le onorificenze e per un momento conviviale.<\/p>\n<p>&nbsp;<\/p>\n<p>&nbsp;<\/p>\n<p>&nbsp;<\/p>\n<hr \/>\n<blockquote>\n<h3><a class=\"dt-pswp-item\" href=\"https:\/\/www.radiopiu.net\/wordpress\/wp-content\/uploads\/2023\/03\/830d8627-650c-46a2-a2a3-93ca842ba544.jpg\" data-dt-img-description=\"\" data-large_image_width=\"1080\" data-large_image_height=\"1620\"><img loading=\"lazy\" decoding=\"async\" class=\"size-medium wp-image-329174 alignleft\" src=\"https:\/\/www.radiopiu.net\/wordpress\/wp-content\/uploads\/2023\/03\/830d8627-650c-46a2-a2a3-93ca842ba544-200x300.jpg\" alt=\"\" width=\"200\" height=\"300\" srcset=\"https:\/\/www.radiopiu.net\/wordpress\/wp-content\/uploads\/2023\/03\/830d8627-650c-46a2-a2a3-93ca842ba544-200x300.jpg 200w, https:\/\/www.radiopiu.net\/wordpress\/wp-content\/uploads\/2023\/03\/830d8627-650c-46a2-a2a3-93ca842ba544-683x1024.jpg 683w, https:\/\/www.radiopiu.net\/wordpress\/wp-content\/uploads\/2023\/03\/830d8627-650c-46a2-a2a3-93ca842ba544-768x1152.jpg 768w, https:\/\/www.radiopiu.net\/wordpress\/wp-content\/uploads\/2023\/03\/830d8627-650c-46a2-a2a3-93ca842ba544-1024x1536.jpg 1024w, https:\/\/www.radiopiu.net\/wordpress\/wp-content\/uploads\/2023\/03\/830d8627-650c-46a2-a2a3-93ca842ba544.jpg 1080w\" sizes=\"auto, (max-width: 200px) 100vw, 200px\" \/><\/a><\/h3>\n<h3><\/h3>\n<h3><\/h3>\n<h3>IL MERCATINO DI ARTE E SAPORI AD ALLEGHE RINVIATO A FINE APRILE<\/h3>\n<\/blockquote>\n<p>&nbsp;<\/p>\n<p>&nbsp;<\/p>\n<p>&nbsp;<\/p>\n<p>&nbsp;<\/p>\n<p>&nbsp;<\/p>\n<p>&nbsp;<\/p>\n<p>&nbsp;<\/p>\n<p>&nbsp;<\/p>\n<p>&nbsp;<\/p>\n<hr \/>\n<p>&nbsp;<\/p>\n<h3><a class=\"dt-pswp-item\" href=\"https:\/\/www.radiopiu.net\/wordpress\/wp-content\/uploads\/2023\/03\/CORO-BYV-con-il-Direttore-Radmila-Visentin-scaled.jpg\" data-dt-img-description=\"\" data-large_image_width=\"2560\" data-large_image_height=\"1440\"><img loading=\"lazy\" decoding=\"async\" class=\" wp-image-328627 alignleft\" src=\"https:\/\/www.radiopiu.net\/wordpress\/wp-content\/uploads\/2023\/03\/CORO-BYV-con-il-Direttore-Radmila-Visentin-300x169.jpg\" alt=\"\" width=\"197\" height=\"111\" srcset=\"https:\/\/www.radiopiu.net\/wordpress\/wp-content\/uploads\/2023\/03\/CORO-BYV-con-il-Direttore-Radmila-Visentin-300x169.jpg 300w, https:\/\/www.radiopiu.net\/wordpress\/wp-content\/uploads\/2023\/03\/CORO-BYV-con-il-Direttore-Radmila-Visentin-1024x576.jpg 1024w, https:\/\/www.radiopiu.net\/wordpress\/wp-content\/uploads\/2023\/03\/CORO-BYV-con-il-Direttore-Radmila-Visentin-768x432.jpg 768w, https:\/\/www.radiopiu.net\/wordpress\/wp-content\/uploads\/2023\/03\/CORO-BYV-con-il-Direttore-Radmila-Visentin-1536x864.jpg 1536w, https:\/\/www.radiopiu.net\/wordpress\/wp-content\/uploads\/2023\/03\/CORO-BYV-con-il-Direttore-Radmila-Visentin-2048x1152.jpg 2048w\" sizes=\"auto, (max-width: 197px) 100vw, 197px\" \/><\/a>DALLA GUERRA ALLA PACE&#8230;IL CONCERTO A BELLUNO<\/h3>\n<p><strong>BELLUNO <\/strong>\u201cDalla guerra alla Pace\u201d \u00e8 il tema del concerto corale organizzato dall\u2019Associazione Culturale Arte Nuova, presso la sala polifunzionale dell\u2019Istituto Salesiano Agosti a Belluno, domani ore 20:45. Saranno protagonisti il Gruppo \u201cSolo Voci\u201d coro maschile di Feltre ospite del Coro Belluno Young Voices. L\u2019evento vuole essere un\u2019occasione di aggregazione sociale e promozione del valore universale della pace.<\/p>\n<p>&nbsp;<\/p>\n<p>&nbsp;<\/p>\n<hr \/>\n<p>&nbsp;<\/p>\n<blockquote>\n<h3>DOMENICA IL CONCERTO DI INAUGURAZIONE DEL CONCORSO MUSICALE NAZIONALE A BELLUNO<\/h3>\n<\/blockquote>\n<p><strong>BELLUNO<\/strong> Si svolger\u00e0 domenica alle 18 al teatro Comunale di Belluno il concerto inaugurale del Concorso Musicale Nazionale Citt\u00e0 di Belluno. Al concerto si esibiranno alcuni vincitori dell&#8217;edizione 2022 e alcuni piccoli talenti dell&#8217;edizione 2023. Il concorso \u00e8 organizzato dall&#8217;Associazione Gocce di Sole Aps in collaborazione con il Comune di Belluno, la Fondazione Teatri Delle Dolomiti e la Banca Prealpi Sanbiagio e si svolger\u00e0 dal 2 al 21 maggio.<\/p>\n<p>&nbsp;<\/p>\n<p>&nbsp;<\/p>\n<hr \/>\n<p>&nbsp;<\/p>\n<blockquote>\n<h3>IL CONCERTO DELL&#8217;ISTITUTO COMPRENSIVO DI MEL<\/h3>\n<\/blockquote>\n<p><strong><a class=\"dt-pswp-item\" href=\"https:\/\/www.radiopiu.net\/wordpress\/wp-content\/uploads\/2023\/03\/coro1.jpg\" data-dt-img-description=\"\" data-large_image_width=\"1600\" data-large_image_height=\"1200\"><img loading=\"lazy\" decoding=\"async\" class=\" wp-image-328812 alignleft\" src=\"https:\/\/www.radiopiu.net\/wordpress\/wp-content\/uploads\/2023\/03\/coro1-300x225.jpg\" alt=\"\" width=\"151\" height=\"113\" srcset=\"https:\/\/www.radiopiu.net\/wordpress\/wp-content\/uploads\/2023\/03\/coro1-300x225.jpg 300w, https:\/\/www.radiopiu.net\/wordpress\/wp-content\/uploads\/2023\/03\/coro1-1024x768.jpg 1024w, https:\/\/www.radiopiu.net\/wordpress\/wp-content\/uploads\/2023\/03\/coro1-768x576.jpg 768w, https:\/\/www.radiopiu.net\/wordpress\/wp-content\/uploads\/2023\/03\/coro1-1536x1152.jpg 1536w, https:\/\/www.radiopiu.net\/wordpress\/wp-content\/uploads\/2023\/03\/coro1.jpg 1600w\" sizes=\"auto, (max-width: 151px) 100vw, 151px\" \/><\/a>BORGO VALBELLUNA <\/strong>Pianoforte, chitarra, flauto, batteria e da quest\u2019anno anche un coro, questa \u00e8 la nuova offerta formativa dell\u2019Istituto Comprensivo di Mel che dal 2008 si avvale dell\u2019indirizzo musicale e da una decina di anni fa parte della rete\u00a0 SMIM (scuole medie ad indirizzo musicale). Un progetto pilota, realt\u00e0 corale e virtuosa del territorio, che nasce dalla collaborazione con la Corale Zumellese, nella persona del Maestro Manolo Da Rold, e che oggi, nella ex Chiesa di S. Pietro di Mel (Via Borgata Garibaldi 12) alle <em>18.30 vedr\u00e0 il suo clou con il saggio finale; un momento importante e atteso dai giovani coristi, ma anche da tutti gli adulti che sono stati loro di sostegno.\u00a0<\/em><\/p>\n<p>&nbsp;<\/p>\n<p>&nbsp;<\/p>\n<hr \/>\n<p>&nbsp;<\/p>\n<blockquote>\n<h3>LA PESCA DI BENEFICENZA A CENCENIGHE<\/h3>\n<\/blockquote>\n<p><strong>CENCENIGHE<\/strong> Il Gruppo Insieme Si Pu\u00f2 di Cencenighe organizza per i giorni 8, 9, 10 aprile la pesca di beneficenza agli ex garage della canonica. Si potr\u00e0 accedere dalle 9 alle 12 e dalle 15 alle 19.<\/p>\n<p>&nbsp;<\/p>\n<p>&nbsp;<\/p>\n<hr \/>\n<p>&nbsp;<\/p>\n<div>\n<div class=\"b654a4as d2edcug0\">\n<div class=\"rq0escxv hkbzh7o3 jwdofwj8 n8tt0mok r8blr3vg hyh9befq\">\n<p><a class=\"dt-pswp-item\" href=\"https:\/\/www.radiopiu.net\/wordpress\/wp-content\/uploads\/2020\/10\/pp.jpg\" data-dt-img-description=\"\" data-large_image_width=\"640\" data-large_image_height=\"640\"><img loading=\"lazy\" decoding=\"async\" class=\"wp-image-163678 alignleft\" src=\"https:\/\/www.radiopiu.net\/wordpress\/wp-content\/uploads\/2020\/10\/pp-300x300.jpg\" alt=\"\" width=\"106\" height=\"106\" srcset=\"https:\/\/www.radiopiu.net\/wordpress\/wp-content\/uploads\/2020\/10\/pp-300x300.jpg 300w, https:\/\/www.radiopiu.net\/wordpress\/wp-content\/uploads\/2020\/10\/pp-150x150.jpg 150w, https:\/\/www.radiopiu.net\/wordpress\/wp-content\/uploads\/2020\/10\/pp-125x125.jpg 125w, https:\/\/www.radiopiu.net\/wordpress\/wp-content\/uploads\/2020\/10\/pp-200x200.jpg 200w, https:\/\/www.radiopiu.net\/wordpress\/wp-content\/uploads\/2020\/10\/pp-80x80.jpg 80w, https:\/\/www.radiopiu.net\/wordpress\/wp-content\/uploads\/2020\/10\/pp-480x480.jpg 480w, https:\/\/www.radiopiu.net\/wordpress\/wp-content\/uploads\/2020\/10\/pp.jpg 640w\" sizes=\"auto, (max-width: 106px) 100vw, 106px\" \/><\/a><\/p>\n<\/div>\n<\/div>\n<\/div>\n<div>\n<div class=\"page-title-head hgroup\">\n<div class=\"page-title-head hgroup\">\n<div class=\"b654a4as d2edcug0\">\n<div class=\"j83agx80 btwxx1t3 lhclo0ds hop8lmos nkwizq5d scwd0bx6 roh60bw9\">\n<div class=\"rq0escxv hkbzh7o3 jwdofwj8 n8tt0mok r8blr3vg hyh9befq\">\n<div class=\"do00u71z l9j0dhe7 k4urcfbm\" style=\"text-align: left;\">\n<h2><span style=\"color: #000080;\">DON CESARE, IL PENSIERO DEL GIORNO. ALLA RADIO ALLE 7 DEL MATTINO E ALLE 19.30 DELLA SERA\u00a0<\/span><\/h2>\n<\/div>\n<\/div>\n<\/div>\n<\/div>\n<\/div>\n<\/div>\n<\/div>\n<audio class=\"wp-audio-shortcode\" id=\"audio-329120-17\" preload=\"none\" style=\"width: 100%;\" controls=\"controls\"><source type=\"audio\/mpeg\" src=\"https:\/\/www.radiopiu.net\/wordpress\/wp-content\/uploads\/2023\/03\/CESARE-23.mp3?_=17\" \/><a href=\"https:\/\/www.radiopiu.net\/wordpress\/wp-content\/uploads\/2023\/03\/CESARE-23.mp3\">https:\/\/www.radiopiu.net\/wordpress\/wp-content\/uploads\/2023\/03\/CESARE-23.mp3<\/a><\/audio>\n<p>&nbsp;<\/p>\n<hr \/>\n<p>&nbsp;<\/p>\n<h2><span style=\"color: #ff00ff;\">IN VIVO VERSO\u00a0 \u00a0 <\/span><\/h2>\n<blockquote>\n<h3>IL PONTE di MARIANO GROSSI<\/h3>\n<\/blockquote>\n<p>AUDIO<\/p>\n<audio class=\"wp-audio-shortcode\" id=\"audio-329120-18\" preload=\"none\" style=\"width: 100%;\" controls=\"controls\"><source type=\"audio\/mpeg\" src=\"https:\/\/www.radiopiu.net\/wordpress\/wp-content\/uploads\/2021\/03\/04-MARIANO-GROSSI-IL-PONTE.mp3?_=18\" \/><a href=\"https:\/\/www.radiopiu.net\/wordpress\/wp-content\/uploads\/2021\/03\/04-MARIANO-GROSSI-IL-PONTE.mp3\">https:\/\/www.radiopiu.net\/wordpress\/wp-content\/uploads\/2021\/03\/04-MARIANO-GROSSI-IL-PONTE.mp3<\/a><\/audio>\n<p>&nbsp;<\/p>\n<p><a class=\"dt-pswp-item\" href=\"https:\/\/www.radiopiu.net\/wordpress\/wp-content\/uploads\/2023\/03\/4-MARIAMO-GROSSI.jpg\" data-dt-img-description=\"Young man standing alone on wooden footbridge and staring at lake. Thinking about life. Mist over water. Foggy air. Early chilly morning. Peaceful atmosphere in nature. Enjoying fresh air. Back view.\" data-large_image_width=\"612\" data-large_image_height=\"408\"><img loading=\"lazy\" decoding=\"async\" class=\"wp-image-329176 alignleft\" src=\"https:\/\/www.radiopiu.net\/wordpress\/wp-content\/uploads\/2023\/03\/4-MARIAMO-GROSSI-300x200.jpg\" alt=\"\" width=\"144\" height=\"96\" srcset=\"https:\/\/www.radiopiu.net\/wordpress\/wp-content\/uploads\/2023\/03\/4-MARIAMO-GROSSI-300x200.jpg 300w, https:\/\/www.radiopiu.net\/wordpress\/wp-content\/uploads\/2023\/03\/4-MARIAMO-GROSSI.jpg 612w\" sizes=\"auto, (max-width: 144px) 100vw, 144px\" \/><\/a>Mariano Grossi<br \/>\nIL PONTE<\/p>\n<p>Quanto ti attesi di notte sul ponte!<br \/>\nSulla ringhiera appoggiavo la fronte<br \/>\nla testa persa alle turpi mie onte,<br \/>\ntu dell\u2019amore mia unica fonte.<br \/>\nL\u2019isolamento vibrava di ghiaccio<br \/>\nin quelle notti passate all\u2019addiaccio,<br \/>\nirreversibile quel dolce laccio<br \/>\nin cui tuttora da inerme mi giaccio.<br \/>\nQuello era il sito che vide scoppiare<br \/>\ndopo l\u2019ondata di lacrime amare<br \/>\nil nostro amore pi\u00f9 grande del mare:<br \/>\nun altro \u00e8 duro provare a cercare.<br \/>\nEcco perch\u00e9 ci ritorno ogni notte<br \/>\ncon ossa sfatte dall\u2019umido rotte<br \/>\ncome un bambino percosso da botte<br \/>\ne dai rimorsi che inseguono a frotte.<br \/>\nTorna a calcare quel legno e il suo sesto,<br \/>\ntu sola al mondo placar puoi il dissesto<br \/>\nche nella mente \u00e8 oramai manifesto:<br \/>\necco perch\u00e9 oggi quel ponte calpesto!<\/p>\n<p>&nbsp;<\/p>\n<p><strong>LA RACCOLTA COMPLETA<\/strong><\/p>\n<div dir=\"auto\">\n<div dir=\"auto\">\n<div dir=\"auto\">\n<div dir=\"auto\">\n<div dir=\"auto\">\n<div dir=\"auto\">\n<blockquote class=\"wp-embedded-content\" data-secret=\"UOptmAA5pT\"><p><a href=\"https:\/\/www.radiopiu.net\/wordpress\/in-vivo-verso\/\">In Vivo Verso<\/a><\/p><\/blockquote>\n<p><iframe loading=\"lazy\" class=\"wp-embedded-content\" sandbox=\"allow-scripts\" security=\"restricted\" style=\"position: absolute; clip: rect(1px, 1px, 1px, 1px);\" title=\"&#8220;In Vivo Verso&#8221; &#8212; Radio Pi\u00f9\" src=\"https:\/\/www.radiopiu.net\/wordpress\/in-vivo-verso\/embed\/#?secret=6bXWBA4msn#?secret=UOptmAA5pT\" data-secret=\"UOptmAA5pT\" width=\"600\" height=\"338\" frameborder=\"0\" marginwidth=\"0\" marginheight=\"0\" scrolling=\"no\"><\/iframe><\/p>\n<\/div>\n<\/div>\n<\/div>\n<\/div>\n<\/div>\n<\/div>\n<p>&nbsp;<\/p>\n<hr \/>\n<p>&nbsp;<\/p>\n<h2><span style=\"color: #008080;\">GOCCE DI FILOSOFIA\u00a0<\/span><\/h2>\n<div class=\"page-title-head hgroup\">\n<h3 class=\"entry-title\">GOCCE DI FILOSOFIA \u2013 PUNTATA 279 \u2013 CHIARA CAU<\/h3>\n<audio class=\"wp-audio-shortcode\" id=\"audio-329120-19\" preload=\"none\" style=\"width: 100%;\" controls=\"controls\"><source type=\"audio\/mpeg\" src=\"https:\/\/www.radiopiu.net\/wordpress\/wp-content\/uploads\/2023\/03\/FI4-2.mp3?_=19\" \/><a href=\"https:\/\/www.radiopiu.net\/wordpress\/wp-content\/uploads\/2023\/03\/FI4-2.mp3\">https:\/\/www.radiopiu.net\/wordpress\/wp-content\/uploads\/2023\/03\/FI4-2.mp3<\/a><\/audio>\n<\/div>\n<div class=\"page-title-breadcrumbs\"><\/div>\n<blockquote class=\"wp-embedded-content\" data-secret=\"Z8EMy0Wp0Q\"><p><a href=\"https:\/\/www.radiopiu.net\/wordpress\/gocce-filosofia\/\">Gocce di filosofia,  LA TERZA STAGIONE&#8230; 2023<\/a><\/p><\/blockquote>\n<p><iframe loading=\"lazy\" class=\"wp-embedded-content\" sandbox=\"allow-scripts\" security=\"restricted\" style=\"position: absolute; clip: rect(1px, 1px, 1px, 1px);\" title=\"&#8220;Gocce di filosofia,  LA TERZA STAGIONE&#8230; 2023&#8221; &#8212; Radio Pi\u00f9\" src=\"https:\/\/www.radiopiu.net\/wordpress\/gocce-filosofia\/embed\/#?secret=0IbR1dDIwo#?secret=Z8EMy0Wp0Q\" data-secret=\"Z8EMy0Wp0Q\" width=\"600\" height=\"338\" frameborder=\"0\" marginwidth=\"0\" marginheight=\"0\" scrolling=\"no\"><\/iframe><\/p>\n<p>&nbsp;<\/p>\n<hr \/>\n<p>&nbsp;<\/p>\n<p>&nbsp;<\/p>\n<p><strong>LA RACCOLTA COMPLETA<\/strong><\/p>\n<blockquote class=\"wp-embedded-content\" data-secret=\"zdV7oS5s09\"><p><a href=\"https:\/\/www.radiopiu.net\/wordpress\/ama-dolomiti-lidap-lega-italiana-contro-i-disturbi-di-attacchi-di-panico-puntata-del-13-marzo-2023\/\">AMA DOLOMITI -&#8220;MICHELA E L&#8217;ASSOCIAZIONE ITALIANA TUTELA SALUTE MENTALE DI BELLUNO&#8221; &#8211; PUNTATA DEL 27 MARZO 2023<\/a><\/p><\/blockquote>\n<p><iframe loading=\"lazy\" class=\"wp-embedded-content\" sandbox=\"allow-scripts\" security=\"restricted\" style=\"position: absolute; clip: rect(1px, 1px, 1px, 1px);\" title=\"&#8220;AMA DOLOMITI -&#8220;MICHELA E L&#8217;ASSOCIAZIONE ITALIANA TUTELA SALUTE MENTALE DI BELLUNO&#8221; &#8211; PUNTATA DEL 27 MARZO 2023&#8221; &#8212; Radio Pi\u00f9\" src=\"https:\/\/www.radiopiu.net\/wordpress\/ama-dolomiti-lidap-lega-italiana-contro-i-disturbi-di-attacchi-di-panico-puntata-del-13-marzo-2023\/embed\/#?secret=87ITUxD46y#?secret=zdV7oS5s09\" data-secret=\"zdV7oS5s09\" width=\"600\" height=\"338\" frameborder=\"0\" marginwidth=\"0\" marginheight=\"0\" scrolling=\"no\"><\/iframe><\/p>\n<p>&nbsp;<\/p>\n<p>&nbsp;<\/p>\n<p>&nbsp;<\/p>\n<hr \/>\n<p>&nbsp;<\/p>\n<div class=\"column\">\n<p><img loading=\"lazy\" decoding=\"async\" class=\"aligncenter wp-image-61954 size-full\" src=\"https:\/\/www.radiopiu.net\/wordpress\/wp-content\/uploads\/2018\/09\/viabilita.jpeg\" sizes=\"auto, (max-width: 800px) 100vw, 800px\" srcset=\"https:\/\/www.radiopiu.net\/wordpress\/wp-content\/uploads\/2018\/09\/viabilita.jpeg 800w, https:\/\/www.radiopiu.net\/wordpress\/wp-content\/uploads\/2018\/09\/viabilita-300x38.jpeg 300w, https:\/\/www.radiopiu.net\/wordpress\/wp-content\/uploads\/2018\/09\/viabilita-768x96.jpeg 768w\" alt=\"\" width=\"800\" height=\"100\" \/><\/p>\n<p>&nbsp;<\/p>\n<blockquote class=\"wp-embedded-content\" data-secret=\"9LlI7forBt\"><p><a href=\"https:\/\/www.radiopiu.net\/wordpress\/viabilita\/\">viabilita<\/a><\/p><\/blockquote>\n<p><iframe loading=\"lazy\" class=\"wp-embedded-content\" sandbox=\"allow-scripts\" security=\"restricted\" style=\"position: absolute; clip: rect(1px, 1px, 1px, 1px);\" title=\"&#8220;viabilita&#8221; &#8212; Radio Pi\u00f9\" src=\"https:\/\/www.radiopiu.net\/wordpress\/viabilita\/embed\/#?secret=q8OQESCQrb#?secret=9LlI7forBt\" data-secret=\"9LlI7forBt\" width=\"600\" height=\"338\" frameborder=\"0\" marginwidth=\"0\" marginheight=\"0\" scrolling=\"no\"><\/iframe><\/p>\n<div>\n<div dir=\"ltr\">\n<div class=\"gmail_quote\">\n<div dir=\"ltr\">\n<div class=\"gmail_quote\"><\/div>\n<\/div>\n<\/div>\n<\/div>\n<\/div>\n<p>&nbsp;<\/p>\n<hr \/>\n<p>&nbsp;<\/p>\n<p><a class=\"dt-pswp-item\" href=\"https:\/\/www.radiopiu.net\/wordpress\/wp-content\/uploads\/2018\/09\/WhatsApp-Image-2018-09-20-at-16.04.06.jpeg\" data-dt-img-description=\"\" data-large_image_width=\"800\" data-large_image_height=\"100\"><img loading=\"lazy\" decoding=\"async\" class=\"wp-image-61378 size-full aligncenter\" src=\"https:\/\/www.radiopiu.net\/wordpress\/wp-content\/uploads\/2018\/09\/WhatsApp-Image-2018-09-20-at-16.04.06.jpeg\" alt=\"\" width=\"800\" height=\"100\" srcset=\"https:\/\/www.radiopiu.net\/wordpress\/wp-content\/uploads\/2018\/09\/WhatsApp-Image-2018-09-20-at-16.04.06.jpeg 800w, https:\/\/www.radiopiu.net\/wordpress\/wp-content\/uploads\/2018\/09\/WhatsApp-Image-2018-09-20-at-16.04.06-300x38.jpeg 300w, https:\/\/www.radiopiu.net\/wordpress\/wp-content\/uploads\/2018\/09\/WhatsApp-Image-2018-09-20-at-16.04.06-768x96.jpeg 768w\" sizes=\"auto, (max-width: 800px) 100vw, 800px\" \/><\/a><\/p>\n<p>&nbsp;<\/p>\n<\/div>\n<p><center><\/center><b>OGGI <\/b>Al mattino cielo nuvoloso a tratti molto nuvoloso, specie verso la tarda mattinata; nel corso del pomeriggio\/sera coperto con fenomeni sparsi a tratti diffusi e con parziali schiarite verso fine giornata ad iniziare dalle Dolomiti. <b>Precipitazioni: <\/b>Aumento della probabilit\u00e0 di precipitazioni a partire dalle ore centrali<\/p>\n<hr \/>\n<p><center><\/center><b>DOMANI\u00a0 <\/b>Al mattino tempo in prevalenza soleggiato con possibili nubi basse e qualche foschia nelle basse conche prealpine nelle ore fredde in rapido dissolvimento dopo l&#8217;alba. Dalla tarda mattinata\/ore centrali variabile con alternanza di parziali schiarite e addensamenti nuvolosi anche consistenti associati a possibili fenomeni sparsi; schiarite in serata.<\/p>\n<p>&nbsp;<\/p>\n<hr \/>\n<p><center><\/center><strong>DOMENICA<\/strong> Giornata non molto diversa rispetto a sabato; ancora tempo variabile con alternanza di parziali schiarite e addensamenti nuvolosi, specie dalle ore centrali, eventualmente associati a qualche rovescio con quota neve oltre i 1500-1800 m. Temperature minime in ulteriore lieve calo, massime senza notevoli variazioni.<\/p>\n<hr \/>\n<p><center><\/center><strong>LUNEDI<\/strong> Dopo una residua nuvolosit\u00e0 con qualche nube bassa in alcune valli, rasserenamenti ovunque, con aria tersa ed ottima visibilit\u00e0 a tutte le quote, specie sulle Dolomiti, mentre sulle Prealpi nelle ore pomeridiane saranno ancora possibili locali addensamenti nuvolosi e non sono ancora del tutto esclusi locali precipitazioni, eventualmente nevose oltre i 1400-1700 m. Temperature ancora in lieve diminuzione su valori inferiori alla norma, con gelate notturne diffuse.<\/p>\n<p>&nbsp;<\/p>\n<hr \/>\n<p>&nbsp;<\/p>\n<p><a class=\"dt-pswp-item\" href=\"https:\/\/www.radiopiu.net\/wordpress\/wp-content\/uploads\/2018\/09\/sport.jpg\" data-dt-img-description=\"\" data-large_image_width=\"800\" data-large_image_height=\"100\"><img loading=\"lazy\" decoding=\"async\" class=\"aligncenter wp-image-60761 size-full\" src=\"https:\/\/www.radiopiu.net\/wordpress\/wp-content\/uploads\/2018\/09\/sport.jpg\" alt=\"\" width=\"800\" height=\"100\" srcset=\"https:\/\/www.radiopiu.net\/wordpress\/wp-content\/uploads\/2018\/09\/sport.jpg 800w, https:\/\/www.radiopiu.net\/wordpress\/wp-content\/uploads\/2018\/09\/sport-300x38.jpg 300w, https:\/\/www.radiopiu.net\/wordpress\/wp-content\/uploads\/2018\/09\/sport-768x96.jpg 768w\" sizes=\"auto, (max-width: 800px) 100vw, 800px\" \/><\/a><\/p>\n<p>&nbsp;<\/p>\n<p><span style=\"color: #0000ff;\"><strong>\u00a0HOCKEY GHIACCIO<\/strong><\/span><\/p>\n<blockquote>\n<h3><a class=\"dt-pswp-item\" href=\"https:\/\/www.radiopiu.net\/wordpress\/wp-content\/uploads\/2023\/03\/Senza-nome-98.jpg\" data-dt-img-description=\"\" data-large_image_width=\"279\" data-large_image_height=\"198\"><img loading=\"lazy\" decoding=\"async\" class=\" wp-image-329231 alignleft\" src=\"https:\/\/www.radiopiu.net\/wordpress\/wp-content\/uploads\/2023\/03\/Senza-nome-98.jpg\" alt=\"\" width=\"265\" height=\"188\" \/><\/a>Clamoroso divorzio a due giorni dalla finale Zampol si dimette, il Feltre \u00e8 senza allenatore<\/h3>\n<\/blockquote>\n<div class=\"articlePlainSubHead\"><strong>Alla base della decisione problemi contrattuali. Il presidente Cassol: \u00abImpossibile trovare adesso una soluzione\u00bb<\/strong><\/div>\n<div class=\"articlePlainTitle\"><\/div>\n<div>\n<p>Domani alle ore 19.30 al &#8220;Pala Feltre&#8221; \u00e8 in calendario gara 1 della finale playoff contro il Pin\u00e8, con la presenza stimata di circa 2 mila spettatori. Eppure il Feltreghiaccio la affronter\u00e0 senza il tecnico assieme al quale ha costruito le proprie fortune di queste due splendide annate. Fabio Zampol ha infatti rassegnato le dimissioni dal ruolo di tecnico e la notizia \u00e8 talmente sorprendente da aver fatto pensare al classico pesce d&#8217;aprile in anticipo.<\/p>\n<p><strong>APPROFONDIMENTI SUL CORRIERE DELLE ALPI, PAGINA A CURA DI GIANLUCA DA POIAN<\/strong><\/p>\n<\/div>\n<div><\/div>\n<blockquote>\n<h3>ITALIANI DI SNOWBOARD A CORTINA, DALMASSO LA MIGLIORE<\/h3>\n<\/blockquote>\n<blockquote><p><em>Lucia porta a 3 i titoli italiani dopo la doppietta del 2021, a coronamento di tre mesi intensi, con il primo podio in Coppa del Mondo a fine gennaio in Canada<\/em><\/p><\/blockquote>\n<p>&nbsp;<\/p>\n<p><strong><img loading=\"lazy\" decoding=\"async\" class=\"alignleft\" src=\"https:\/\/www.radiopiu.net\/wordpress\/wp-content\/uploads\/2022\/01\/934ed186-f1eb-4bee-a1c4-dae328874085.jpg\" width=\"182\" height=\"121\" \/>FALCADE<\/strong> Una grande Lucia in trionfo a Cortina nella prima giornata dei campionati Italiani di snowboard. Ieri lo slalom parallelo, con la sfida tutta bellunese per il titolo fra Lucia Dalmasso e Elisa Caffont. La falcadina ha prevalso al termine di una run faticosa. Entrambe\u00a0 sul podio come accaduto in Germania, nel team event che ha chiuso la Coppa del Mondo. In quell&#8217;occasione Caffont fu seconda\u00a0 la Dalmasso terza. La gara open \u00e8 stata vinta dalla tedesca Melanie Ochreiter<\/p>\n<p>In campo maschile successo\u00a0 del livignasco Bormolini ( allievlo delloSki College di Falcade) davanti a Roland Fischnaller di 42 anni. Medaglia di bronzo per Coratti. Negli Junior titolo italiano a Elias Zimmerhofer,\u00a0 \u00a0doppio successo nella categoria Allievi per lo Ski College Veneto: oro tricolore alla lombarda Giorgia Carnevali e al cortinese Luca Apollonio.<\/p>\n<p>&nbsp;<\/p>\n<blockquote>\n<h3>DOMANI SERA MEL DA IL VIA AI GIORNI A TUTTO MOTORE DEL RALLY BELLUNESE<\/h3>\n<\/blockquote>\n<p><strong><img loading=\"lazy\" decoding=\"async\" class=\"alignleft\" src=\"https:\/\/www.radiopiu.net\/wordpress\/wp-content\/uploads\/2023\/03\/df0bd4ab-44f9-447c-af5e-c15b666f197f.jpg\" width=\"209\" height=\"139\" \/>BORGO VALBELLUNA<\/strong><\/p>\n<p>&nbsp;<\/p>\n<p>&nbsp;<\/p>\n<p>&nbsp;<\/p>\n<p>&nbsp;<\/p>\n<p><strong>DI ROBERTO BONA<\/strong><\/p>\n<audio class=\"wp-audio-shortcode\" id=\"audio-329120-20\" preload=\"none\" style=\"width: 100%;\" controls=\"controls\"><source type=\"audio\/mpeg\" src=\"https:\/\/www.radiopiu.net\/wordpress\/wp-content\/uploads\/2023\/03\/RallyInPartenza.mp3?_=20\" \/><a href=\"https:\/\/www.radiopiu.net\/wordpress\/wp-content\/uploads\/2023\/03\/RallyInPartenza.mp3\">https:\/\/www.radiopiu.net\/wordpress\/wp-content\/uploads\/2023\/03\/RallyInPartenza.mp3<\/a><\/audio>\n<p>&nbsp;<\/p>\n<p>&nbsp;<\/p>\n<p><span style=\"color: #0000ff;\"><strong>HOCKEY SU GHIACCIO<\/strong><\/span><\/p>\n<blockquote>\n<h3>L&#8217;ALLEGHE\/CORTINA UNDER 15 RIFILA 5 GOL AL PINEROLO. LE CIVETTE VOLANO IN FINALE<\/h3>\n<\/blockquote>\n<p><strong><a class=\"dt-pswp-item\" href=\"https:\/\/www.radiopiu.net\/wordpress\/wp-content\/uploads\/2023\/03\/2505eb7a-4a1d-4571-9e24-f6bd93516b5c.jpg\" data-dt-img-description=\"\" data-large_image_width=\"1600\" data-large_image_height=\"1200\"><img loading=\"lazy\" decoding=\"async\" class=\" wp-image-329133 alignleft\" src=\"https:\/\/www.radiopiu.net\/wordpress\/wp-content\/uploads\/2023\/03\/2505eb7a-4a1d-4571-9e24-f6bd93516b5c-300x225.jpg\" alt=\"\" width=\"203\" height=\"152\" srcset=\"https:\/\/www.radiopiu.net\/wordpress\/wp-content\/uploads\/2023\/03\/2505eb7a-4a1d-4571-9e24-f6bd93516b5c-300x225.jpg 300w, https:\/\/www.radiopiu.net\/wordpress\/wp-content\/uploads\/2023\/03\/2505eb7a-4a1d-4571-9e24-f6bd93516b5c-1024x768.jpg 1024w, https:\/\/www.radiopiu.net\/wordpress\/wp-content\/uploads\/2023\/03\/2505eb7a-4a1d-4571-9e24-f6bd93516b5c-768x576.jpg 768w, https:\/\/www.radiopiu.net\/wordpress\/wp-content\/uploads\/2023\/03\/2505eb7a-4a1d-4571-9e24-f6bd93516b5c-1536x1152.jpg 1536w, https:\/\/www.radiopiu.net\/wordpress\/wp-content\/uploads\/2023\/03\/2505eb7a-4a1d-4571-9e24-f6bd93516b5c.jpg 1600w\" sizes=\"auto, (max-width: 203px) 100vw, 203px\" \/><\/a>di Marco Gaz<\/strong><\/p>\n<p><span style=\"color: #ff0000;\"><strong>SEMIFINALE CAMPIONATO UNDER 15 HOCKEY SU GHIACCIO &#8211; GARA 2<\/strong><\/span><\/p>\n<p><strong>PINEROLO &#8211; ALLEGHE\/CORTINA 0-5<\/strong><\/p>\n<p>GOL ALLEGHE\/CORTINA: 2 Alver\u00e0, 2 Fontanive, Talamini<\/p>\n<p>Che impresa per la squadra under 15 dell&#8217;Alleghe\/Cortina. I ragazzi allenati da Fontana rifilano cinque gol al Pinerolo in gara 2 delle semifinali di campionato e accedono alla finalissima dove si troveranno di fronte l&#8217;Appiano. Una grande soddisfazione per ragazzi, genitori e dirigenti della squadra biancorossa. Un risultato inaspettato dopo una stagione travagliata che ha visto i giovani hockeisti bellunesi impegnarsi, e non poco, per preparare al meglio le sfide con dei sacrifici non da poco. Lunghe trasferte non solo per giocare le partite ma anche per potersi allenare quando lo stadio di Alleghe era chiuso a causa del caro bollette. Dopo il 4 a 4 nella gara di andata al De Toni di domenica scorsa, mercoled\u00ec sera le giovani civette hanno fatto un&#8217;impresa vincendo a Pinerolo per 5 a 0. Per la cronaca i gol sono di Talamini e due doppiette di Alver\u00e0 e Fontanive. Ora 10 giorni per preparare la finalissima del campionato dove la squadra mista bellunese si trover\u00e0 di fronte l&#8217;Appiano. Questa volta si giocher\u00e0 al meglio delle tre partite e la squadra che vincer\u00e0 due gare si aggiudicher\u00e0 il titolo 2022\/2023. Gara 1 \u00e8 in programma il 5 aprile ad Appiano, il 7 si gioca ad Alleghe. Eventuale bella in programma il 9 aprile in terra altoatesina.<\/p>\n<p><strong>LA FESTA A FINE PARTITA<\/strong><\/p>\n<div style=\"width: 640px;\" class=\"wp-video\"><video class=\"wp-video-shortcode\" id=\"video-329120-3\" width=\"640\" height=\"352\" preload=\"metadata\" controls=\"controls\"><source type=\"video\/mp4\" src=\"https:\/\/www.radiopiu.net\/wordpress\/wp-content\/uploads\/2023\/03\/WhatsApp-Video-2023-03-29-at-20.48.45.mp4?_=3\" \/><a href=\"https:\/\/www.radiopiu.net\/wordpress\/wp-content\/uploads\/2023\/03\/WhatsApp-Video-2023-03-29-at-20.48.45.mp4\">https:\/\/www.radiopiu.net\/wordpress\/wp-content\/uploads\/2023\/03\/WhatsApp-Video-2023-03-29-at-20.48.45.mp4<\/a><\/video><\/div>\n<p>&nbsp;<\/p>\n<p><span style=\"color: #0000ff;\"><strong>SCI<\/strong><\/span><\/p>\n<blockquote>\n<h3>DUE GIORNI DI GARA A COL GALLINA CON LA SKIMO CUP 2023<\/h3>\n<\/blockquote>\n<p><strong><img loading=\"lazy\" decoding=\"async\" class=\"alignleft\" src=\"https:\/\/www.radiopiu.net\/wordpress\/wp-content\/uploads\/2021\/09\/Cortina_pasqua_2007_-_Tofane.jpg\" width=\"213\" height=\"108\" \/>CORTINA<\/strong><\/p>\n<p>&nbsp;<\/p>\n<p>&nbsp;<\/p>\n<p>&nbsp;<\/p>\n<p><strong>DI ROBERTO BONA<\/strong><\/p>\n<audio class=\"wp-audio-shortcode\" id=\"audio-329120-21\" preload=\"none\" style=\"width: 100%;\" controls=\"controls\"><source type=\"audio\/mpeg\" src=\"https:\/\/www.radiopiu.net\/wordpress\/wp-content\/uploads\/2023\/03\/CortinaSkimoCup.mp3?_=21\" \/><a href=\"https:\/\/www.radiopiu.net\/wordpress\/wp-content\/uploads\/2023\/03\/CortinaSkimoCup.mp3\">https:\/\/www.radiopiu.net\/wordpress\/wp-content\/uploads\/2023\/03\/CortinaSkimoCup.mp3<\/a><\/audio>\n<p>&nbsp;<\/p>\n<p><span style=\"color: #0000ff;\"><strong>PALLAMANO<\/strong><\/span><\/p>\n<p>&nbsp;<\/p>\n<blockquote>\n<h3><img loading=\"lazy\" decoding=\"async\" class=\"alignleft\" src=\"https:\/\/www.radiopiu.net\/wordpress\/wp-content\/uploads\/2023\/03\/9f2a7778-7770-4e95-bb65-58eda39c2d59.jpg\" width=\"198\" height=\"132\" \/>PALLAMANO, IL CAMPIONATO UNDER 20 ALLA SPES ARENA<\/h3>\n<\/blockquote>\n<p><strong>BELLUNO<\/strong><\/p>\n<p><strong>DI MORENO GIOLI<\/strong><\/p>\n<audio class=\"wp-audio-shortcode\" id=\"audio-329120-22\" preload=\"none\" style=\"width: 100%;\" controls=\"controls\"><source type=\"audio\/mpeg\" src=\"https:\/\/www.radiopiu.net\/wordpress\/wp-content\/uploads\/2023\/03\/youth-league-pallamano.mp3?_=22\" \/><a href=\"https:\/\/www.radiopiu.net\/wordpress\/wp-content\/uploads\/2023\/03\/youth-league-pallamano.mp3\">https:\/\/www.radiopiu.net\/wordpress\/wp-content\/uploads\/2023\/03\/youth-league-pallamano.mp3<\/a><\/audio>\n<p>&nbsp;<\/p>\n<p><span style=\"color: #0000ff;\"><strong>SKICROSS<\/strong><\/span><\/p>\n<blockquote>\n<h3>CAMPIONATO MONDIALE JR\u00a0 VAL DI FASSA \u2013 PASSO SAN PELLEGRINO<\/h3>\n<\/blockquote>\n<p><a class=\"dt-pswp-item\" href=\"https:\/\/www.radiopiu.net\/wordpress\/wp-content\/uploads\/2023\/03\/SkiCross_Day_1_PassoSanPellegirno_2023_@JacopoBernard-15-scaled.jpg\" data-dt-img-description=\"\" data-large_image_width=\"2560\" data-large_image_height=\"1707\"><img loading=\"lazy\" decoding=\"async\" class=\"size-medium wp-image-329202 alignleft\" src=\"https:\/\/www.radiopiu.net\/wordpress\/wp-content\/uploads\/2023\/03\/SkiCross_Day_1_PassoSanPellegirno_2023_@JacopoBernard-15-300x200.jpg\" alt=\"\" width=\"300\" height=\"200\" srcset=\"https:\/\/www.radiopiu.net\/wordpress\/wp-content\/uploads\/2023\/03\/SkiCross_Day_1_PassoSanPellegirno_2023_@JacopoBernard-15-300x200.jpg 300w, https:\/\/www.radiopiu.net\/wordpress\/wp-content\/uploads\/2023\/03\/SkiCross_Day_1_PassoSanPellegirno_2023_@JacopoBernard-15-1024x683.jpg 1024w, https:\/\/www.radiopiu.net\/wordpress\/wp-content\/uploads\/2023\/03\/SkiCross_Day_1_PassoSanPellegirno_2023_@JacopoBernard-15-768x512.jpg 768w, https:\/\/www.radiopiu.net\/wordpress\/wp-content\/uploads\/2023\/03\/SkiCross_Day_1_PassoSanPellegirno_2023_@JacopoBernard-15-1536x1024.jpg 1536w, https:\/\/www.radiopiu.net\/wordpress\/wp-content\/uploads\/2023\/03\/SkiCross_Day_1_PassoSanPellegirno_2023_@JacopoBernard-15-2048x1366.jpg 2048w\" sizes=\"auto, (max-width: 300px) 100vw, 300px\" \/><\/a>Terminata da poco in Val di Fassa, pista Costabella\/Ski area San Pellegrino, la prova valida per l\u2019assegnazione del titolo individuale del Campionato Mondiale Junior di snowboard cross. Ben 44 le concorrenti femminili e 68 quelli maschili al via per le qualifiche e a seguire le batterie che hanno portato alle rispettive finali. Gara quindi lunga, con tre incidenti senza gravi conseguenze, che si \u00e8 svolta sulla pista Costabella, che ha garantito nonostante le temperature odierne, un ottimo svolgimento di tutta la competizione. In campo femminile ha vinto la francese Lea Casta, seguita dall\u2019australiana Josie Baff, terza la tedesca Lea Trinkl. Un po\u2019 di delusione viste le aspettative per la nostra Marika Savoldelli tesserata per lo Scalve Boarder Cross ovvero la societ\u00e0 organizzatrice di questi Campionati Mondiali Junior in collaborazione con la Catinaccio Impianti a Fune. In campo maschile successo dello spagnolo Alvaro Romero che gi\u00e0 si era fatto vedere durante la stagione, secondo posto per il francese Aidan Chollet seguito al terzo posto dal compagno di squadra Achille Leleu. Il nostro Niccol\u00f2 Colturi, atleta di Livigno, del gruppo Sportivo Esercito, \u00e8 arrivato quinto preceduto dal canadese James Savard Ferguson.<\/p>\n<p>&nbsp;<\/p>\n<p>&nbsp;<\/p>\n<p>&nbsp;<\/p>\n<p>&nbsp;<\/p>\n<p>&nbsp;<\/p>\n<hr \/>\n<p>&nbsp;<\/p>\n","protected":false},"excerpt":{"rendered":"<p>ISCRIVITI AL NOSTRO CANALE\u00a0 YOUTUBE PER SEGUIRE IN DIRETTA I PRINCIPALI PROGRAMMI DI RADIO PIU&#8217; E LE FUTURE DIRETTE IN ESTERNA. PER ISCRIVERTI CLICCA QUI E PREMI IL TASTO &#8220;Iscriviti&#8221;\u00a0 \u00a0TRE ARTISTI A TOCCOL DI AGORDO PAESE DEL GRAFFITO, DA\u00a0 DUNIO, RENZO BENCI MIOLET E BUTTOL&#8230;BUONA PASQUA &nbsp; RADIO PIU&#8217;&#8230; L&#8217;ORIGINALE AL SERVIZIO DEL TERRITORIO,&hellip;<\/p>\n","protected":false},"author":4,"featured_media":329197,"comment_status":"closed","ping_status":"closed","sticky":false,"template":"","format":"standard","meta":{"_monsterinsights_skip_tracking":false,"_monsterinsights_sitenote_active":false,"_monsterinsights_sitenote_note":"","_monsterinsights_sitenote_category":0,"footnotes":""},"categories":[51,86,49],"tags":[],"class_list":["post-329120","post","type-post","status-publish","format-standard","has-post-thumbnail","hentry","category-evidenza-top","category-gr","category-news-18","category-51","category-86","category-49","description-off"],"img_url":"https:\/\/www.radiopiu.net\/wordpress\/wp-content\/uploads\/2023\/03\/c30c8c33-1496-471c-b0a4-a32f2e41ede9.jpg","_links":{"self":[{"href":"https:\/\/www.radiopiu.net\/wordpress\/wp-json\/wp\/v2\/posts\/329120","targetHints":{"allow":["GET"]}}],"collection":[{"href":"https:\/\/www.radiopiu.net\/wordpress\/wp-json\/wp\/v2\/posts"}],"about":[{"href":"https:\/\/www.radiopiu.net\/wordpress\/wp-json\/wp\/v2\/types\/post"}],"author":[{"embeddable":true,"href":"https:\/\/www.radiopiu.net\/wordpress\/wp-json\/wp\/v2\/users\/4"}],"replies":[{"embeddable":true,"href":"https:\/\/www.radiopiu.net\/wordpress\/wp-json\/wp\/v2\/comments?post=329120"}],"version-history":[{"count":0,"href":"https:\/\/www.radiopiu.net\/wordpress\/wp-json\/wp\/v2\/posts\/329120\/revisions"}],"wp:featuredmedia":[{"embeddable":true,"href":"https:\/\/www.radiopiu.net\/wordpress\/wp-json\/wp\/v2\/media\/329197"}],"wp:attachment":[{"href":"https:\/\/www.radiopiu.net\/wordpress\/wp-json\/wp\/v2\/media?parent=329120"}],"wp:term":[{"taxonomy":"category","embeddable":true,"href":"https:\/\/www.radiopiu.net\/wordpress\/wp-json\/wp\/v2\/categories?post=329120"},{"taxonomy":"post_tag","embeddable":true,"href":"https:\/\/www.radiopiu.net\/wordpress\/wp-json\/wp\/v2\/tags?post=329120"}],"curies":[{"name":"wp","href":"https:\/\/api.w.org\/{rel}","templated":true}]}}