{"id":329131,"date":"2023-03-30T10:04:00","date_gmt":"2023-03-30T08:04:00","guid":{"rendered":"https:\/\/www.radiopiu.net\/wordpress\/?p=329131"},"modified":"2023-03-30T10:04:00","modified_gmt":"2023-03-30T08:04:00","slug":"lalleghe-cortina-under-15-rifila-5-gol-al-pinerolo-le-civette-volano-in-finale","status":"publish","type":"post","link":"https:\/\/www.radiopiu.net\/wordpress\/lalleghe-cortina-under-15-rifila-5-gol-al-pinerolo-le-civette-volano-in-finale\/","title":{"rendered":"L&#8217;ALLEGHE\/CORTINA UNDER 15 RIFILA 5 GOL AL PINEROLO. LE CIVETTE VOLANO IN FINALE"},"content":{"rendered":"<p><strong><a class=\"dt-pswp-item\" href=\"https:\/\/www.radiopiu.net\/wordpress\/wp-content\/uploads\/2023\/03\/2505eb7a-4a1d-4571-9e24-f6bd93516b5c.jpg\" data-dt-img-description=\"\" data-large_image_width=\"1600\" data-large_image_height=\"1200\"><img loading=\"lazy\" decoding=\"async\" class=\" wp-image-329133 alignleft\" src=\"https:\/\/www.radiopiu.net\/wordpress\/wp-content\/uploads\/2023\/03\/2505eb7a-4a1d-4571-9e24-f6bd93516b5c-300x225.jpg\" alt=\"\" width=\"203\" height=\"152\" srcset=\"https:\/\/www.radiopiu.net\/wordpress\/wp-content\/uploads\/2023\/03\/2505eb7a-4a1d-4571-9e24-f6bd93516b5c-300x225.jpg 300w, https:\/\/www.radiopiu.net\/wordpress\/wp-content\/uploads\/2023\/03\/2505eb7a-4a1d-4571-9e24-f6bd93516b5c-1024x768.jpg 1024w, https:\/\/www.radiopiu.net\/wordpress\/wp-content\/uploads\/2023\/03\/2505eb7a-4a1d-4571-9e24-f6bd93516b5c-768x576.jpg 768w, https:\/\/www.radiopiu.net\/wordpress\/wp-content\/uploads\/2023\/03\/2505eb7a-4a1d-4571-9e24-f6bd93516b5c-1536x1152.jpg 1536w, https:\/\/www.radiopiu.net\/wordpress\/wp-content\/uploads\/2023\/03\/2505eb7a-4a1d-4571-9e24-f6bd93516b5c.jpg 1600w\" sizes=\"auto, (max-width: 203px) 100vw, 203px\" \/><\/a>di Marco Gaz<\/strong><\/p>\n<p><span style=\"color: #ff0000;\"><strong>SEMIFINALE CAMPIONATO UNDER 15 HOCKEY SU GHIACCIO &#8211; GARA 2<\/strong><\/span><\/p>\n<p><strong>PINEROLO &#8211; ALLEGHE\/CORTINA 0-5<\/strong><\/p>\n<p>GOL ALLEGHE\/CORTINA: 2 Alver\u00e0, 2 Fontanive, Talamini<\/p>\n<p>Che impresa per la squadra under 15 dell&#8217;Alleghe\/Cortina. I ragazzi allenati da Fontana rifilano cinque gol al Pinerolo in gara 2 delle semifinali di campionato e accedono alla finalissima dove si troveranno di fronte l&#8217;Appiano. Una grande soddisfazione per ragazzi, genitori e dirigenti della squadra biancorossa. Un risultato inaspettato dopo una stagione travagliata che ha visto i giovani hockeisti bellunesi impegnarsi, e non poco, per preparare al meglio le sfide con dei sacrifici non da poco. Lunghe trasferte non solo per giocare le partite ma anche per potersi allenare quando lo stadio di Alleghe era chiuso a causa del caro bollette. Dopo il 4 a 4 nella gara di andata al De Toni di domenica scorsa, mercoled\u00ec sera le giovani civette hanno fatto un&#8217;impresa vincendo a Pinerolo per 5 a 0. Per la cronaca i gol sono di Talamini e due doppiette di Alver\u00e0 e Fontanive. Ora 10 giorni per preparare la finalissima del campionato dove la squadra mista bellunese si trover\u00e0 di fronte l&#8217;Appiano. Questa volta si giocher\u00e0 al meglio delle tre partite e la squadra che vincer\u00e0 due gare si aggiudicher\u00e0 il titolo 2022\/2023. Gara 1 \u00e8 in programma il 5 aprile ad Appiano, il 7 si gioca ad Alleghe. Eventuale bella in programma il 9 aprile in terra altoatesina.<\/p>\n<p><strong>LA FESTA A FINE PARTITA<\/strong><\/p>\n<div style=\"width: 640px;\" class=\"wp-video\"><video class=\"wp-video-shortcode\" id=\"video-329131-1\" width=\"640\" height=\"352\" preload=\"metadata\" controls=\"controls\"><source type=\"video\/mp4\" src=\"https:\/\/www.radiopiu.net\/wordpress\/wp-content\/uploads\/2023\/03\/WhatsApp-Video-2023-03-29-at-20.48.45.mp4?_=1\" \/><a href=\"https:\/\/www.radiopiu.net\/wordpress\/wp-content\/uploads\/2023\/03\/WhatsApp-Video-2023-03-29-at-20.48.45.mp4\">https:\/\/www.radiopiu.net\/wordpress\/wp-content\/uploads\/2023\/03\/WhatsApp-Video-2023-03-29-at-20.48.45.mp4<\/a><\/video><\/div>\n<p>&nbsp;<\/p>\n<p>&nbsp;<\/p>\n<p>********<\/p>\n","protected":false},"excerpt":{"rendered":"<p>di Marco Gaz SEMIFINALE CAMPIONATO UNDER 15 HOCKEY SU GHIACCIO &#8211; GARA 2 PINEROLO &#8211; ALLEGHE\/CORTINA 0-5 GOL ALLEGHE\/CORTINA: 2 Alver\u00e0, 2 Fontanive, Talamini Che impresa per la squadra under 15 dell&#8217;Alleghe\/Cortina. I ragazzi allenati da Fontana rifilano cinque gol al Pinerolo in gara 2 delle semifinali di campionato e accedono alla finalissima dove si&hellip;<\/p>\n","protected":false},"author":4,"featured_media":329133,"comment_status":"closed","ping_status":"closed","sticky":false,"template":"","format":"standard","meta":{"_monsterinsights_skip_tracking":false,"_monsterinsights_sitenote_active":false,"_monsterinsights_sitenote_note":"","_monsterinsights_sitenote_category":0,"footnotes":""},"categories":[49],"tags":[],"class_list":["post-329131","post","type-post","status-publish","format-standard","has-post-thumbnail","hentry","category-news-18","category-49","description-off"],"img_url":"https:\/\/www.radiopiu.net\/wordpress\/wp-content\/uploads\/2023\/03\/2505eb7a-4a1d-4571-9e24-f6bd93516b5c.jpg","_links":{"self":[{"href":"https:\/\/www.radiopiu.net\/wordpress\/wp-json\/wp\/v2\/posts\/329131","targetHints":{"allow":["GET"]}}],"collection":[{"href":"https:\/\/www.radiopiu.net\/wordpress\/wp-json\/wp\/v2\/posts"}],"about":[{"href":"https:\/\/www.radiopiu.net\/wordpress\/wp-json\/wp\/v2\/types\/post"}],"author":[{"embeddable":true,"href":"https:\/\/www.radiopiu.net\/wordpress\/wp-json\/wp\/v2\/users\/4"}],"replies":[{"embeddable":true,"href":"https:\/\/www.radiopiu.net\/wordpress\/wp-json\/wp\/v2\/comments?post=329131"}],"version-history":[{"count":0,"href":"https:\/\/www.radiopiu.net\/wordpress\/wp-json\/wp\/v2\/posts\/329131\/revisions"}],"wp:featuredmedia":[{"embeddable":true,"href":"https:\/\/www.radiopiu.net\/wordpress\/wp-json\/wp\/v2\/media\/329133"}],"wp:attachment":[{"href":"https:\/\/www.radiopiu.net\/wordpress\/wp-json\/wp\/v2\/media?parent=329131"}],"wp:term":[{"taxonomy":"category","embeddable":true,"href":"https:\/\/www.radiopiu.net\/wordpress\/wp-json\/wp\/v2\/categories?post=329131"},{"taxonomy":"post_tag","embeddable":true,"href":"https:\/\/www.radiopiu.net\/wordpress\/wp-json\/wp\/v2\/tags?post=329131"}],"curies":[{"name":"wp","href":"https:\/\/api.w.org\/{rel}","templated":true}]}}