{"id":329232,"date":"2023-03-31T04:23:18","date_gmt":"2023-03-31T02:23:18","guid":{"rendered":"https:\/\/www.radiopiu.net\/wordpress\/?p=329232"},"modified":"2023-03-31T05:24:24","modified_gmt":"2023-03-31T03:24:24","slug":"in-finale-senza-allenatore-me-ne-vado-non-posso-allenare-gratis-perche-e-il-mio-lavoro","status":"publish","type":"post","link":"https:\/\/www.radiopiu.net\/wordpress\/in-finale-senza-allenatore-me-ne-vado-non-posso-allenare-gratis-perche-e-il-mio-lavoro\/","title":{"rendered":"IN FINALE SENZA ALLENATORE &#8220;ME NE VADO, NON POSSO ALLENARE GRATIS PERCHE&#8217; E&#8217; IL MIO LAVORO&#8221;"},"content":{"rendered":"<blockquote>\n<h3><a class=\"dt-pswp-item\" href=\"https:\/\/www.radiopiu.net\/wordpress\/wp-content\/uploads\/2023\/03\/Senza-nome-98.jpg\" data-dt-img-description=\"\" data-large_image_width=\"279\" data-large_image_height=\"198\"><img loading=\"lazy\" decoding=\"async\" class=\" wp-image-329231 alignleft\" src=\"https:\/\/www.radiopiu.net\/wordpress\/wp-content\/uploads\/2023\/03\/Senza-nome-98.jpg\" alt=\"\" width=\"265\" height=\"188\" \/><\/a>Clamoroso divorzio a due giorni dalla finale Zampol si dimette, il Feltre \u00e8 senza allenatore<\/h3>\n<\/blockquote>\n<div class=\"articlePlainSubHead\"><strong>Alla base della decisione problemi contrattuali. Il presidente Cassol: \u00abImpossibile trovare adesso una soluzione\u00bb<\/strong><\/div>\n<div class=\"articlePlainTitle\"><\/div>\n<div>Domani alle ore 19.30 al &#8220;Pala Feltre&#8221; \u00e8 in calendario gara 1 della finale playoff contro il Pin\u00e8, con la presenza stimata di circa 2 mila spettatori. Eppure il Feltreghiaccio la affronter\u00e0 senza il tecnico assieme al quale ha costruito le proprie fortune di queste due splendide annate. Fabio Zampol ha infatti rassegnato le dimissioni dal ruolo di tecnico e la notizia \u00e8 talmente sorprendente da aver fatto pensare al classico pesce d&#8217;aprile in anticipo.<\/p>\n<p><strong>APPROFONDIMENTI SUL CORRIERE DELLE ALPI, PAGINA A CURA DI GIANLUCA DA POIAN<\/strong><\/p>\n<\/div>\n<div><\/div>\n","protected":false},"excerpt":{"rendered":"<p>Clamoroso divorzio a due giorni dalla finale Zampol si dimette, il Feltre \u00e8 senza allenatore Alla base della decisione problemi contrattuali. Il presidente Cassol: \u00abImpossibile trovare adesso una soluzione\u00bb Domani alle ore 19.30 al &#8220;Pala Feltre&#8221; \u00e8 in calendario gara 1 della finale playoff contro il Pin\u00e8, con la presenza stimata di circa 2 mila&hellip;<\/p>\n","protected":false},"author":4,"featured_media":329231,"comment_status":"closed","ping_status":"closed","sticky":false,"template":"","format":"standard","meta":{"_monsterinsights_skip_tracking":false,"_monsterinsights_sitenote_active":false,"_monsterinsights_sitenote_note":"","_monsterinsights_sitenote_category":0,"footnotes":""},"categories":[104,49],"tags":[],"class_list":["post-329232","post","type-post","status-publish","format-standard","has-post-thumbnail","hentry","category-evidenza_3","category-news-18","category-104","category-49","description-off"],"img_url":"https:\/\/www.radiopiu.net\/wordpress\/wp-content\/uploads\/2023\/03\/Senza-nome-98.jpg","_links":{"self":[{"href":"https:\/\/www.radiopiu.net\/wordpress\/wp-json\/wp\/v2\/posts\/329232","targetHints":{"allow":["GET"]}}],"collection":[{"href":"https:\/\/www.radiopiu.net\/wordpress\/wp-json\/wp\/v2\/posts"}],"about":[{"href":"https:\/\/www.radiopiu.net\/wordpress\/wp-json\/wp\/v2\/types\/post"}],"author":[{"embeddable":true,"href":"https:\/\/www.radiopiu.net\/wordpress\/wp-json\/wp\/v2\/users\/4"}],"replies":[{"embeddable":true,"href":"https:\/\/www.radiopiu.net\/wordpress\/wp-json\/wp\/v2\/comments?post=329232"}],"version-history":[{"count":0,"href":"https:\/\/www.radiopiu.net\/wordpress\/wp-json\/wp\/v2\/posts\/329232\/revisions"}],"wp:featuredmedia":[{"embeddable":true,"href":"https:\/\/www.radiopiu.net\/wordpress\/wp-json\/wp\/v2\/media\/329231"}],"wp:attachment":[{"href":"https:\/\/www.radiopiu.net\/wordpress\/wp-json\/wp\/v2\/media?parent=329232"}],"wp:term":[{"taxonomy":"category","embeddable":true,"href":"https:\/\/www.radiopiu.net\/wordpress\/wp-json\/wp\/v2\/categories?post=329232"},{"taxonomy":"post_tag","embeddable":true,"href":"https:\/\/www.radiopiu.net\/wordpress\/wp-json\/wp\/v2\/tags?post=329232"}],"curies":[{"name":"wp","href":"https:\/\/api.w.org\/{rel}","templated":true}]}}