{"id":329266,"date":"2023-04-01T05:54:21","date_gmt":"2023-04-01T03:54:21","guid":{"rendered":"https:\/\/www.radiopiu.net\/wordpress\/?p=329266"},"modified":"2023-04-01T06:19:52","modified_gmt":"2023-04-01T04:19:52","slug":"giornale-radiopiu-01-aprile-2023-direttore-mirko-mezzacasa-verso-i-40-anni-25-giugno-1983-25-giugno-2023","status":"publish","type":"post","link":"https:\/\/www.radiopiu.net\/wordpress\/giornale-radiopiu-01-aprile-2023-direttore-mirko-mezzacasa-verso-i-40-anni-25-giugno-1983-25-giugno-2023\/","title":{"rendered":"GIORNALE RADIOPIU 01 APRILE 2023 DIRETTORE MIRKO MEZZACASA&#8230;verso i 40 anni 25 giugno 1983-25 giugno 2023"},"content":{"rendered":"<h2 style=\"text-align: left;\"><span style=\"color: #ff0000;\">ISCRIVITI AL NOSTRO CANALE\u00a0 <\/span>YOUTUBE PER SEGUIRE IN DIRETTA I PRINCIPALI PROGRAMMI DI RADIO PIU&#8217; E LE FUTURE DIRETTE IN ESTERNA. PER ISCRIVERTI <a style=\"color: #ff0000;\" href=\"https:\/\/youtube.com\/@radiopiu1527\">CLICCA QUI<\/a><span style=\"color: #ff0000; font-size: 14px; font-weight: normal;\"> E PREMI IL TASTO &#8220;Iscriviti&#8221;\u00a0<\/span><\/h2>\n<p>&nbsp;<\/p>\n<hr \/>\n<p>&nbsp;<\/p>\n<blockquote>\n<h2>IL PONTE SUL CORDEVOLE NON HA RETTO AL COLLAUDO<\/h2>\n<p><em>Sul pi\u00f9 bello..subito dopo il collaudo il crash. Nessun ferito e la ciclabile Agordo-Taibon torna nel cassetto dei sogni.<\/em><\/p><\/blockquote>\n<blockquote><p><em><a class=\"dt-pswp-item\" href=\"https:\/\/www.radiopiu.net\/wordpress\/wp-content\/uploads\/2023\/03\/7d90bebe-540d-4583-91ad-6132b14b996c.jpg\" data-dt-img-description=\"\" data-large_image_width=\"1600\" data-large_image_height=\"900\"><img loading=\"lazy\" decoding=\"async\" class=\"alignnone wp-image-329349 size-full\" src=\"https:\/\/www.radiopiu.net\/wordpress\/wp-content\/uploads\/2023\/03\/7d90bebe-540d-4583-91ad-6132b14b996c.jpg\" alt=\"\" width=\"1600\" height=\"900\" \/><\/a><\/em><\/p>\n<p><em>Una vicenda che ricorda quanto successo alcuni anni fa in centro a Vallada, quando il ponte bailey provvisorio, collass\u00f2 su se stesso impennandosi verso il cielo\u00a0 come una rampa di lancio<\/em><\/p><\/blockquote>\n<p><strong>TAIBON<\/strong> Tutto da rifare e tempi ancora lunghi prima dell&#8217;apertura del percorso ciclopedonale sopra il Cordevole tra Taibon e Agordo.\u00a0 Dopo le lunghe e impegnative\u00a0 prove di collaudo,\u00a0 ieri sera, quando tutto sembrava in ordine il ponte \u00e8 collassato finendo nel\u00a0 Cordevole, Fortunatamente, vista l&#8217;ora e il fine settimana, nessuno \u00e8 rimasto coinvolto, i referenti dell&#8217;Unione Montana,\u00a0 ingegneri e operai avevano lasciato la zona gi\u00e0 nel pomeriggio. Botta di paura invece per il\u00a0 pescatore alla cui lenza aveva appena abboccato un pesce, ma non ci ha pensato due volte ha mollato canna e preda prendendo la pi\u00f9 corta. Lui stesso ci ha avvisato di quello che era appena accaduto, tra l&#8217;altro senza botti o tremori, ma nel silenzio dei luoghi.<em> &#8220;Ho sentito come un vento, ma nemmeno tanto forte, ho girato lo sguardo e ho visto che il ponte non c&#8217;era pi\u00f9. Quanta paura, per un momento ho pensato fosse un scossa di terremoto, poi ho capito che era solo crollato il ponte, per fortuna nessun altro danno&#8221;, <\/em>stamane alla luce del sole s&#8217;inizier\u00e0 a contare i danni.<\/p>\n<p>&nbsp;<\/p>\n<p><strong>IERI IL COLLAUDO\u00a0<\/strong><\/p>\n<p>di GIANNI SANTOMASO<\/p>\n\n\t\t\t<style type='text\/css'>\n\t\t\t\t#gallery-1 {\n\t\t\t\t\tmargin: auto;\n\t\t\t\t}\n\t\t\t\t#gallery-1 .gallery-item {\n\t\t\t\t\tfloat: left;\n\t\t\t\t\tmargin-top: 10px;\n\t\t\t\t\ttext-align: center;\n\t\t\t\t\twidth: 20%;\n\t\t\t\t}\n\t\t\t\t#gallery-1 img {\n\t\t\t\t\tborder: 2px solid #cfcfcf;\n\t\t\t\t}\n\t\t\t\t#gallery-1 .gallery-caption {\n\t\t\t\t\tmargin-left: 0;\n\t\t\t\t}\n\t\t\t\t\/* see gallery_shortcode() in wp-includes\/media.php *\/\n\t\t\t<\/style>\n\t\t<div id='gallery-1' class='dt-gallery-container gallery galleryid-329266 gallery-columns-5 gallery-size-thumbnail'><dl class='gallery-item'>\n\t\t\t\t<dt class='gallery-icon landscape'>\n\t\t\t\t\t<a class=\"rollover\" href='https:\/\/www.radiopiu.net\/wordpress\/giornale-radiopiu-01-aprile-2023-direttore-mirko-mezzacasa-verso-i-40-anni-25-giugno-1983-25-giugno-2023\/4496d765-e223-40bc-8d03-5ce74aca98b2\/'><img loading=\"lazy\" decoding=\"async\" width=\"150\" height=\"150\" src=\"https:\/\/www.radiopiu.net\/wordpress\/wp-content\/uploads\/2023\/03\/4496d765-e223-40bc-8d03-5ce74aca98b2-150x150.jpg\" class=\"attachment-thumbnail size-thumbnail\" alt=\"\" \/><\/a>\n\t\t\t\t<\/dt><\/dl><dl class='gallery-item'>\n\t\t\t\t<dt class='gallery-icon landscape'>\n\t\t\t\t\t<a class=\"rollover\" href='https:\/\/www.radiopiu.net\/wordpress\/giornale-radiopiu-01-aprile-2023-direttore-mirko-mezzacasa-verso-i-40-anni-25-giugno-1983-25-giugno-2023\/33b4421d-7eec-40d9-9062-b6620769fa45\/'><img loading=\"lazy\" decoding=\"async\" width=\"150\" height=\"150\" src=\"https:\/\/www.radiopiu.net\/wordpress\/wp-content\/uploads\/2023\/03\/33b4421d-7eec-40d9-9062-b6620769fa45-150x150.jpg\" class=\"attachment-thumbnail size-thumbnail\" alt=\"\" \/><\/a>\n\t\t\t\t<\/dt><\/dl><dl class='gallery-item'>\n\t\t\t\t<dt class='gallery-icon landscape'>\n\t\t\t\t\t<a class=\"rollover\" href='https:\/\/www.radiopiu.net\/wordpress\/giornale-radiopiu-01-aprile-2023-direttore-mirko-mezzacasa-verso-i-40-anni-25-giugno-1983-25-giugno-2023\/de6c2b7d-d64c-4803-8c73-2c2582a3b1a0\/'><img loading=\"lazy\" decoding=\"async\" width=\"150\" height=\"150\" src=\"https:\/\/www.radiopiu.net\/wordpress\/wp-content\/uploads\/2023\/03\/de6c2b7d-d64c-4803-8c73-2c2582a3b1a0-150x150.jpg\" class=\"attachment-thumbnail size-thumbnail\" alt=\"\" \/><\/a>\n\t\t\t\t<\/dt><\/dl><dl class='gallery-item'>\n\t\t\t\t<dt class='gallery-icon landscape'>\n\t\t\t\t\t<a class=\"rollover\" href='https:\/\/www.radiopiu.net\/wordpress\/giornale-radiopiu-01-aprile-2023-direttore-mirko-mezzacasa-verso-i-40-anni-25-giugno-1983-25-giugno-2023\/3ddccb15-1c11-4266-9fed-126f57067110\/'><img loading=\"lazy\" decoding=\"async\" width=\"150\" height=\"150\" src=\"https:\/\/www.radiopiu.net\/wordpress\/wp-content\/uploads\/2023\/03\/3ddccb15-1c11-4266-9fed-126f57067110-150x150.jpg\" class=\"attachment-thumbnail size-thumbnail\" alt=\"\" \/><\/a>\n\t\t\t\t<\/dt><\/dl><dl class='gallery-item'>\n\t\t\t\t<dt class='gallery-icon landscape'>\n\t\t\t\t\t<a class=\"rollover\" href='https:\/\/www.radiopiu.net\/wordpress\/giornale-radiopiu-01-aprile-2023-direttore-mirko-mezzacasa-verso-i-40-anni-25-giugno-1983-25-giugno-2023\/ecb478ff-f1e2-4c41-85d8-c10d6380657c\/'><img loading=\"lazy\" decoding=\"async\" width=\"150\" height=\"150\" src=\"https:\/\/www.radiopiu.net\/wordpress\/wp-content\/uploads\/2023\/03\/ecb478ff-f1e2-4c41-85d8-c10d6380657c-150x150.jpg\" class=\"attachment-thumbnail size-thumbnail\" alt=\"\" \/><\/a>\n\t\t\t\t<\/dt><\/dl><br style=\"clear: both\" \/>\n\t\t\t<\/div>\n\n<p>&nbsp;<\/p>\n<hr \/>\n<p>&nbsp;<\/p>\n<blockquote>\n<h3>INTERRUZIONI PROGRAMMATE BIM GSP<\/h3>\n<\/blockquote>\n<p><strong>COLLE SANTA LUCIA\u00a0<\/strong>Gestione Servizi Pubblici informa che, per lavori alla rete idrica comunale, marted\u00ec dalle 08:00 alle 12:00, verr\u00e0 sospesa l\u2019erogazione dell\u2019acqua a COLLE SANTA LUCIA nelle localit\u00e0 POSALZ E FRENA<\/p>\n<p><strong>CANALE D\u2019AGORDO<\/strong>\u00a0Gestione Servizi Pubblici informa che, per lavori alla rete idrica comunale, mercoled\u00ec dalle 08:00 alle 12:00 verr\u00e0 sospesa l\u2019erogazione dell\u2019acqua a CANALE D\u2019AGORDO in VIA CAVALLERA<\/p>\n<p>&nbsp;<\/p>\n<hr \/>\n<blockquote>\n<h2><\/h2>\n<h2>SICCITA&#8217; IL PIANO DEI SINDACI, LE MOSSE DI GSP<\/h2>\n<p><em>Per ora nessun razionamento, ma un invito ad evitare gli sprechi. Dal 12 aprile possibile novit\u00e0 con il nuovo incontro in consiglio di bacino. &#8220;Non toglieteci l&#8217;acqua&#8221;, l&#8217;urlo degli artigiani.<\/em><\/p><\/blockquote>\n<p><span style=\"color: #000000;\"><strong><span style=\"color: #ffcc00;\"><a class=\"dt-pswp-item\" href=\"https:\/\/www.radiopiu.net\/wordpress\/wp-content\/uploads\/2019\/10\/ACQUA-SPORCA.jpeg\" data-dt-img-description=\"\" data-large_image_width=\"1024\" data-large_image_height=\"768\"><img loading=\"lazy\" decoding=\"async\" class=\" wp-image-104646 alignleft\" src=\"https:\/\/www.radiopiu.net\/wordpress\/wp-content\/uploads\/2019\/10\/ACQUA-SPORCA-300x225.jpeg\" alt=\"\" width=\"227\" height=\"170\" srcset=\"https:\/\/www.radiopiu.net\/wordpress\/wp-content\/uploads\/2019\/10\/ACQUA-SPORCA-300x225.jpeg 300w, https:\/\/www.radiopiu.net\/wordpress\/wp-content\/uploads\/2019\/10\/ACQUA-SPORCA-768x576.jpeg 768w, https:\/\/www.radiopiu.net\/wordpress\/wp-content\/uploads\/2019\/10\/ACQUA-SPORCA.jpeg 1024w\" sizes=\"auto, (max-width: 227px) 100vw, 227px\" \/><\/a>STATO DI ATTENZIONE GIALLO<\/span>\u00a0<\/strong> Dalle 6 alle 22 vietato irrigare aree verdi, aiule e prati, campi sportivi. Irrigare a scorrimento gli orti, ammessi impianti a goccia e annaffiature manuali per 20 minuti al giorno. Vietato lavare l&#8217;auto fuori degli autolavaggi autorizzati. Utilizzare l&#8217;acqua di acquedotto per impasare e diluire cementi e pitture. Vietato far scorrere acqua per raffrescarla, vietate le fontane a getto continuo, giochi d&#8217;acqua, ricambio d&#8217;acqua nelle piscine private, manutenzioni ad impianti con uso d&#8217;acqua.<\/span><\/p>\n<p><strong><span style=\"color: #ff6600;\">STATO DI PREALLARME ARANCIO<\/span><\/strong> Si aggiunge il divieto del ricambio d&#8217;acqua nelle piscine pubbliche o al servizio di strutture ricettive; irrigare aree verdi, irrigare gli orti a scorrimento anche di notte (solo impianti a goccia e annaffiature manuali ma solo dalle 22 alle 6 per massimo 20 minuti);\u00a0 lavare l&#8217;auto anche di notte.<\/p>\n<p><span style=\"color: #ff0000;\"><strong>STATO DI ALLARME ROSSO<\/strong><\/span> Divieto di tutti gli utilizzi non prioritari, non essenziali, diversi dall&#8217;idropotabile ed igienico-sanitario; gli autolavaggi sono chiusi salvo deroghe; decadono le deroghe per le piscine; divieto assoluto di irrigazione degli orti<\/p>\n<p>&nbsp;<\/p>\n<p>&nbsp;<\/p>\n<hr \/>\n<p>&nbsp;<\/p>\n<blockquote>\n<h3>TUTT&#8217;ALTRO CHE SUPERFLUI I LAVORI LUNGO LA 203 AGORDINA AD AVOSCAN<\/h3>\n<\/blockquote>\n<p><strong>REDAZIONE<\/strong> Sono in corso i lavori di ristrutturazione e consolidamento dei manufatti lungo la regionale 203 agordina tra Cencenighe e Avoscan di San Tomaso, due cantieri che creano disagi al traffico per la presenza di semafori, ma i lavori sono improcastinabili, ne va della sicurezza di chi transita sulla strada. Le fotografie che pubblichiamo ne sono la conferma<\/p>\n<p>A proposito dei 2 semafori non sincronizzati: <em>&#8220;Il cantiere di valle \u00e9 pi\u00f9 corto e necessita di 30 secondi di verde e 30 di sgombero. Il secondo,essendo pi\u00f9 lungo, \u00e9 tarato a 45 secondi di verde e 45 di sgombero. Per questo motivo non possono essere sincronizzati, altrimenti ci sarebbero attese di 15+15 secondi ad ogni ciclo&#8221;<\/em><\/p>\n<p>&nbsp;<\/p>\n<p><span style=\"color: #ff0000;\"><strong>CONDIZIONI DI REALE PERICOLO\u00a0<\/strong><\/span><\/p>\n\n\t\t\t<style type='text\/css'>\n\t\t\t\t#gallery-2 {\n\t\t\t\t\tmargin: auto;\n\t\t\t\t}\n\t\t\t\t#gallery-2 .gallery-item {\n\t\t\t\t\tfloat: left;\n\t\t\t\t\tmargin-top: 10px;\n\t\t\t\t\ttext-align: center;\n\t\t\t\t\twidth: 16%;\n\t\t\t\t}\n\t\t\t\t#gallery-2 img {\n\t\t\t\t\tborder: 2px solid #cfcfcf;\n\t\t\t\t}\n\t\t\t\t#gallery-2 .gallery-caption {\n\t\t\t\t\tmargin-left: 0;\n\t\t\t\t}\n\t\t\t\t\/* see gallery_shortcode() in wp-includes\/media.php *\/\n\t\t\t<\/style>\n\t\t<div id='gallery-2' class='dt-gallery-container gallery galleryid-329266 gallery-columns-6 gallery-size-thumbnail'><dl class='gallery-item'>\n\t\t\t\t<dt class='gallery-icon portrait'>\n\t\t\t\t\t<a class=\"rollover rollover-zoom dt-pswp-item\" title=\"IMG-20230331-WA0011\" data-dt-img-description=\"\" data-large_image_width=\"1536\" data-large_image_height=\"2048\"href='https:\/\/www.radiopiu.net\/wordpress\/wp-content\/uploads\/2023\/03\/IMG-20230331-WA0011.jpg'><img loading=\"lazy\" decoding=\"async\" width=\"150\" height=\"150\" src=\"https:\/\/www.radiopiu.net\/wordpress\/wp-content\/uploads\/2023\/03\/IMG-20230331-WA0011-150x150.jpg\" class=\"attachment-thumbnail size-thumbnail\" alt=\"\" \/><\/a>\n\t\t\t\t<\/dt><\/dl><dl class='gallery-item'>\n\t\t\t\t<dt class='gallery-icon landscape'>\n\t\t\t\t\t<a class=\"rollover rollover-zoom dt-pswp-item\" title=\"IMG-20230331-WA0012\" data-dt-img-description=\"\" data-large_image_width=\"2048\" data-large_image_height=\"1536\"href='https:\/\/www.radiopiu.net\/wordpress\/wp-content\/uploads\/2023\/03\/IMG-20230331-WA0012.jpg'><img loading=\"lazy\" decoding=\"async\" width=\"150\" height=\"150\" src=\"https:\/\/www.radiopiu.net\/wordpress\/wp-content\/uploads\/2023\/03\/IMG-20230331-WA0012-150x150.jpg\" class=\"attachment-thumbnail size-thumbnail\" alt=\"\" \/><\/a>\n\t\t\t\t<\/dt><\/dl><dl class='gallery-item'>\n\t\t\t\t<dt class='gallery-icon landscape'>\n\t\t\t\t\t<a class=\"rollover rollover-zoom dt-pswp-item\" title=\"IMG-20230331-WA0013\" data-dt-img-description=\"\" data-large_image_width=\"2048\" data-large_image_height=\"1536\"href='https:\/\/www.radiopiu.net\/wordpress\/wp-content\/uploads\/2023\/03\/IMG-20230331-WA0013.jpg'><img loading=\"lazy\" decoding=\"async\" width=\"150\" height=\"150\" src=\"https:\/\/www.radiopiu.net\/wordpress\/wp-content\/uploads\/2023\/03\/IMG-20230331-WA0013-150x150.jpg\" class=\"attachment-thumbnail size-thumbnail\" alt=\"\" \/><\/a>\n\t\t\t\t<\/dt><\/dl><dl class='gallery-item'>\n\t\t\t\t<dt class='gallery-icon landscape'>\n\t\t\t\t\t<a class=\"rollover rollover-zoom dt-pswp-item\" title=\"IMG-20230331-WA0014\" data-dt-img-description=\"\" data-large_image_width=\"2048\" data-large_image_height=\"1536\"href='https:\/\/www.radiopiu.net\/wordpress\/wp-content\/uploads\/2023\/03\/IMG-20230331-WA0014.jpg'><img loading=\"lazy\" decoding=\"async\" width=\"150\" height=\"150\" src=\"https:\/\/www.radiopiu.net\/wordpress\/wp-content\/uploads\/2023\/03\/IMG-20230331-WA0014-150x150.jpg\" class=\"attachment-thumbnail size-thumbnail\" alt=\"\" \/><\/a>\n\t\t\t\t<\/dt><\/dl><dl class='gallery-item'>\n\t\t\t\t<dt class='gallery-icon landscape'>\n\t\t\t\t\t<a class=\"rollover rollover-zoom dt-pswp-item\" title=\"IMG-20230331-WA0015\" data-dt-img-description=\"\" data-large_image_width=\"2048\" data-large_image_height=\"1536\"href='https:\/\/www.radiopiu.net\/wordpress\/wp-content\/uploads\/2023\/03\/IMG-20230331-WA0015.jpg'><img loading=\"lazy\" decoding=\"async\" width=\"150\" height=\"150\" src=\"https:\/\/www.radiopiu.net\/wordpress\/wp-content\/uploads\/2023\/03\/IMG-20230331-WA0015-150x150.jpg\" class=\"attachment-thumbnail size-thumbnail\" alt=\"\" \/><\/a>\n\t\t\t\t<\/dt><\/dl><dl class='gallery-item'>\n\t\t\t\t<dt class='gallery-icon landscape'>\n\t\t\t\t\t<a class=\"rollover rollover-zoom dt-pswp-item\" title=\"IMG-20230331-WA0016\" data-dt-img-description=\"\" data-large_image_width=\"2048\" data-large_image_height=\"1536\"href='https:\/\/www.radiopiu.net\/wordpress\/wp-content\/uploads\/2023\/03\/IMG-20230331-WA0016.jpg'><img loading=\"lazy\" decoding=\"async\" width=\"150\" height=\"150\" src=\"https:\/\/www.radiopiu.net\/wordpress\/wp-content\/uploads\/2023\/03\/IMG-20230331-WA0016-150x150.jpg\" class=\"attachment-thumbnail size-thumbnail\" alt=\"\" \/><\/a>\n\t\t\t\t<\/dt><\/dl><br style=\"clear: both\" \/>\n\t\t\t<\/div>\n\n<p>&nbsp;<\/p>\n<hr \/>\n<p>&nbsp;<\/p>\n<blockquote>\n<h3>E&#8217; MORTO GIULIO SIORPAES<\/h3>\n<\/blockquote>\n<p><a class=\"dt-pswp-item\" href=\"https:\/\/www.radiopiu.net\/wordpress\/wp-content\/uploads\/2022\/04\/Senza-nome-9.jpg\" data-dt-img-description=\"\" data-large_image_width=\"251\" data-large_image_height=\"290\"><img loading=\"lazy\" decoding=\"async\" class=\"wp-image-329419 alignleft\" src=\"https:\/\/www.radiopiu.net\/wordpress\/wp-content\/uploads\/2022\/04\/Senza-nome-9.jpg\" alt=\"\" width=\"106\" height=\"122\" \/><\/a><strong>CORTINA<\/strong> Giulio Siorpaes \u00e8 deceduto all&#8217;et\u00e0 di 94 anni.\u00a0 Centinaia le opere realizzate da un artista profondamente innamorato dei luoghi che lo hanno a lungo circondato. Prati, boschi e ruscelli, la neve, l&#8217;inverno e l&#8217;estate. Cortina, una volta appresa la notizia della sua scomparsa, ha ricordato Siorpaes con affetto e profonda commozione. I funerali si terranno luned\u00ec alle 15 nella chiesa della Difesa. verr\u00e0 invece recitato un rosario.<\/p>\n<p>&nbsp;<\/p>\n<p>&nbsp;<\/p>\n<hr \/>\n<p>&nbsp;<\/p>\n<blockquote>\n<h3>PRESE ALLE SPALLE NEL CORTILE DI CASA: CI SONO LE FOTO<\/h3>\n<\/blockquote>\n<div><strong>OGGI SUL CORRIERE DELLE ALPI<\/strong><\/div>\n<div><strong>PAGINA SPECIALE DI CRISTINA CONTENTO<\/strong><\/div>\n<div><\/div>\n<div class=\"articlePlainSubHead\">La giovane ex dipendente Costan ha portato a processo il suo superiore. I timori, il percorso giudiziario, la nuova vita carica di speranza <em>\u00abMi sentivo braccata ero impaurita e sola Ma c&#8217;\u00e8 chi sa ascoltare: denunciare \u00e8 giusto\u00bb\u00a0<\/em><\/div>\n<div><\/div>\n<p><strong><a class=\"dt-pswp-item\" href=\"https:\/\/www.radiopiu.net\/wordpress\/wp-content\/uploads\/2023\/04\/Senza-nome.jpg\" data-dt-img-description=\"\" data-large_image_width=\"433\" data-large_image_height=\"269\"><img loading=\"lazy\" decoding=\"async\" class=\" wp-image-329421 alignleft\" src=\"https:\/\/www.radiopiu.net\/wordpress\/wp-content\/uploads\/2023\/04\/Senza-nome-300x186.jpg\" alt=\"\" width=\"282\" height=\"175\" srcset=\"https:\/\/www.radiopiu.net\/wordpress\/wp-content\/uploads\/2023\/04\/Senza-nome-300x186.jpg 300w, https:\/\/www.radiopiu.net\/wordpress\/wp-content\/uploads\/2023\/04\/Senza-nome.jpg 433w\" sizes=\"auto, (max-width: 282px) 100vw, 282px\" \/><\/a>BORGO VALBELLUNA<\/strong>I fotogrammi di una aggressione che terminava poi in abusi, molestie. Una ringhiera separa le abitazioni di due famiglie, quella del capoturno Costan finito sotto processo, e quella della sua vittima. Le immagini, i fotogrammi mostrano una donna presa di spalle da un uomo che la sovrasta e la stringe al collo: lei che cerca di urlare, divincolarsi.Sono immagini molto forti, ma importanti. Non si trovano fra gli atti del processo che vede imputato un sessantenne di Borgo Valbelluna, capoturno della Costan, accusato di stalking e violenza sessuale su un&#8217;operaia vicina di casa. Denuncia del dicembre 2020.Le immagini non sono negli atti del dibattimento perch\u00e8 del video che contiene i fotogrammi dell&#8217;aggressione, si erano perse le tracce<\/p>\n<p>&nbsp;<\/p>\n<hr \/>\n<p>&nbsp;<\/p>\n<blockquote>\n<h2 align=\"CENTER\"><b>\u00a0<\/b><\/h2>\n<h2 align=\"CENTER\"><b>PNRR: TEMPI STRETTI, COSTI IN AUMENTO, POCHI TECNICI<\/b><\/h2>\n<\/blockquote>\n<p><strong>BELLUNO<\/strong> Pochi tecnici, tempi stretti, costi in aumento. \u201cCi uniamo all\u2019appello dell\u2019Anci \u2013 dichiara il sindaco, Oscar De Pellegrin -, chiediamo al Governo una proroga, semplificazioni nelle procedure e la possibilit\u00e0 di assunzioni che vadano oltre il 2026: i Comuni non possono essere lasciati soli davanti ad una partita cos\u00ec importante e attesa. I ritardi? Non sono imputabili ai Comuni\u201d. Cos\u00ec il primo cittadino di Belluno sostiene l\u2019appello dell\u2019Anci e di tanti Comuni italiani messi in difficolt\u00e0 dall\u2019iter del Pnrr. Sono 26 i progetti portati avanti da Palazzo Rosso, l\u2019obiettivo \u00e8 quello di metterli a terra tutti, ma gli ostacoli quotidiani sono tanti e stanno mettendo in forte difficolt\u00e0 la macchina comunale.<\/p>\n<p>&nbsp;<\/p>\n<p><iframe loading=\"lazy\" title=\"Sindaco Belluno su Pnrr\" width=\"1200\" height=\"675\" src=\"https:\/\/www.youtube.com\/embed\/XzScl7EKbZ4?feature=oembed\" frameborder=\"0\" allow=\"accelerometer; autoplay; clipboard-write; encrypted-media; gyroscope; picture-in-picture; web-share\" allowfullscreen><\/iframe><\/p>\n<p>&nbsp;<\/p>\n<p>&nbsp;<\/p>\n<hr \/>\n<p>&nbsp;<\/p>\n<blockquote>\n<h3>A TRE VENETI ONORIFICENZA DAL CAPO DELLO STATO<\/h3>\n<\/blockquote>\n<p><strong>VENEZIA<\/strong> Insegne dell\u2019Ordine al merito della Repubblica dalle mani del Capo dello Stato\u00a0 \u00a0aI veneti\u00a0 Rudi Zanatta, Matteo Marzotto e Carlotta Mancini. Al Quirinale hanno rappresentato il Veneto come veri eroi del quotidiano. Il riconoscimento ricevuto va a premiare il loro impegno a beneficio della societ\u00e0.<\/p>\n<p><strong> Matteo Marzotto,<\/strong> imprenditore, provato da un lutto familiare, finanzia progetti nella lotta alla fibrosi cistica. <strong>Rudi Zanatta<\/strong> ha fondato un\u2019associazione che si impegna a realizzare i sogni di bambini e ragazzi affetti da patologie oncologiche gravi. <strong>Carlotta Mancini<\/strong>, 24 anni, si dedica alla sicurezza stradale dopo una triste esperienza vissuta personalmente.<\/p>\n<p>&nbsp;<\/p>\n<p>&nbsp;<\/p>\n<p>&nbsp;<\/p>\n<hr \/>\n<p>&nbsp;<\/p>\n<blockquote>\n<h3>TROPPE VALLI MONTANE SENZA PEDIATRI<\/h3>\n<\/blockquote>\n<p><strong><a class=\"dt-pswp-item\" href=\"https:\/\/www.radiopiu.net\/wordpress\/wp-content\/uploads\/2020\/11\/logoUNCEM_no_scritta-wdtr.jpg\" data-dt-img-description=\"\" data-large_image_width=\"640\" data-large_image_height=\"640\"><img loading=\"lazy\" decoding=\"async\" class=\" wp-image-170846 alignleft\" src=\"https:\/\/www.radiopiu.net\/wordpress\/wp-content\/uploads\/2020\/11\/logoUNCEM_no_scritta-wdtr-300x300.jpg\" alt=\"\" width=\"136\" height=\"136\" srcset=\"https:\/\/www.radiopiu.net\/wordpress\/wp-content\/uploads\/2020\/11\/logoUNCEM_no_scritta-wdtr-300x300.jpg 300w, https:\/\/www.radiopiu.net\/wordpress\/wp-content\/uploads\/2020\/11\/logoUNCEM_no_scritta-wdtr-150x150.jpg 150w, https:\/\/www.radiopiu.net\/wordpress\/wp-content\/uploads\/2020\/11\/logoUNCEM_no_scritta-wdtr.jpg 640w\" sizes=\"auto, (max-width: 136px) 100vw, 136px\" \/><\/a>ROMA<\/strong> &#8220;Non mancano solo i medici di medicina generale nelle valli. L&#8217;emergenza pediatri \u00e8 gravissima e va a toccare la stabilit\u00e0 delle famiglie sui territori, oltre che aumentare la percezione di insicurezza. I pediatri non ci sono. E non \u00e8 accettabile. Aumentare i posti di specializzazione in sede universitaria \u00e8 urgente, anche se le situazioni oggi critiche potranno migliorare solo tra due, tre anni. Nessun Amministratore ha finora un quadro chiaro rispetto alla carenza di medici e pediatri di base, di famiglia. Non abbiamo i numeri precisi del grave fenomeno. Sappiamo che ne mancano centinaia in Italia e che centinaia andranno in quiescenza senza essere sostituiti. Chiediamo alle Istituzioni regionali e nazionali una riflessione che porti con concretezza a risolvere la problematica in tempi rapidi. Siamo preoccupati e pronti a collaborare con i diversi livelli istituzionali per trovare soluzioni&#8221;. Lo afferma Marco Bussone, Presidente nazionale Uncem.<\/p>\n<p>&nbsp;<\/p>\n<p>&nbsp;<\/p>\n<hr \/>\n<p>&nbsp;<\/p>\n<blockquote>\n<h2>SUI PERICOLI DEI SOCIAL LA PAROLA AGLI ESPERTI<\/h2>\n<\/blockquote>\n<p><strong>REDAZIONE<\/strong> Esserci sempre non \u00e8 uno slogan, ma la conferma della presenza, per le comunit\u00e0, anziani e giovani. E ieri in piazza dei Martiri uomini e donne della Questura di Belluno hanno permesso alla nuova generazione di salire sul\u00a0 track della campagna itinerante di educazione alla legalit\u00e0 dal titolo &#8220;Una vita da social&#8221;. Mai come oggi sono importanti le azioni di sensibilizzazione sui pericoli che nasconde la rete ad iniziare dai social<\/p>\n<p>Il progetto della Polizia di Stato, giunto alla X edizione, \u00e8 rivolto agli studenti e ha lo scopo di sensibilizzare i ragazzi sui pericoli ed i rischi connessi all&#8217;utilizzo della rete e, in particolare, dei social. In cattedra gli esperti della materia, tecnologicamente preparati, i\u00a0 poliziotti del Centro Operativo per la Sicurezza Cibernetica, ai pi\u00f9 sono noti\u00a0 come uomini e donne della Polizia Postale Veneto e per quelli ancora pi\u00f9 vecchi il richiamo alla memoria porta ad &#8220;Escopost&#8221;, ma non erano i tempi dei social, piuttosto delle apparecchiature ricetrasmittenti, dalla nota Cb sui 27 Mhz (il facebook degli anni Settanta e Ottanta), i radioamatori, le radio pirata con le antenne sugli alberi ai piedi del Nevegal che creavano azioni di disturbo al TG3 Rai Veneto e della prime concessioni radiofoniche.<\/p>\n<p>mm<\/p>\n<div>\n<div id=\":r72:\" class=\"x1n2onr6\">\n<div class=\"x1n2onr6\">\n<div class=\"x1n2onr6\">\n<div class=\"x1n2onr6\">\n<div class=\"x6ikm8r x10wlt62 x10l6tqk\">\n<div class=\"x6ikm8r x10wlt62\">\n<div class=\"xqtp20y x6ikm8r x10wlt62 x1n2onr6\">\n<div class=\"x10l6tqk x13vifvy\">Fonte e foto Pagina Facebook <span style=\"color: #0000ff;\"><strong><a style=\"color: #0000ff;\" href=\"https:\/\/www.facebook.com\/questuradibelluno\">Questura di Belluno\u00a0\u00a0<\/a><\/strong><\/span><\/div>\n<div><\/div>\n<\/div>\n<div>\n\n\t\t\t<style type='text\/css'>\n\t\t\t\t#gallery-3 {\n\t\t\t\t\tmargin: auto;\n\t\t\t\t}\n\t\t\t\t#gallery-3 .gallery-item {\n\t\t\t\t\tfloat: left;\n\t\t\t\t\tmargin-top: 10px;\n\t\t\t\t\ttext-align: center;\n\t\t\t\t\twidth: 25%;\n\t\t\t\t}\n\t\t\t\t#gallery-3 img {\n\t\t\t\t\tborder: 2px solid #cfcfcf;\n\t\t\t\t}\n\t\t\t\t#gallery-3 .gallery-caption {\n\t\t\t\t\tmargin-left: 0;\n\t\t\t\t}\n\t\t\t\t\/* see gallery_shortcode() in wp-includes\/media.php *\/\n\t\t\t<\/style>\n\t\t<div id='gallery-3' class='dt-gallery-container gallery galleryid-329266 gallery-columns-4 gallery-size-thumbnail'><dl class='gallery-item'>\n\t\t\t\t<dt class='gallery-icon landscape'>\n\t\t\t\t\t<a class=\"rollover rollover-zoom dt-pswp-item\" title=\"338163697_3339766286241022_3825963620910702582_n\" data-dt-img-description=\"\" data-large_image_width=\"719\" data-large_image_height=\"719\"href='https:\/\/www.radiopiu.net\/wordpress\/wp-content\/uploads\/2023\/03\/338163697_3339766286241022_3825963620910702582_n.jpg'><img loading=\"lazy\" decoding=\"async\" width=\"150\" height=\"150\" src=\"https:\/\/www.radiopiu.net\/wordpress\/wp-content\/uploads\/2023\/03\/338163697_3339766286241022_3825963620910702582_n-150x150.jpg\" class=\"attachment-thumbnail size-thumbnail\" alt=\"\" srcset=\"https:\/\/www.radiopiu.net\/wordpress\/wp-content\/uploads\/2023\/03\/338163697_3339766286241022_3825963620910702582_n-150x150.jpg 150w, https:\/\/www.radiopiu.net\/wordpress\/wp-content\/uploads\/2023\/03\/338163697_3339766286241022_3825963620910702582_n-300x300.jpg 300w, https:\/\/www.radiopiu.net\/wordpress\/wp-content\/uploads\/2023\/03\/338163697_3339766286241022_3825963620910702582_n.jpg 719w\" sizes=\"auto, (max-width: 150px) 100vw, 150px\" \/><\/a>\n\t\t\t\t<\/dt><\/dl><dl class='gallery-item'>\n\t\t\t\t<dt class='gallery-icon landscape'>\n\t\t\t\t\t<a class=\"rollover rollover-zoom dt-pswp-item\" title=\"338935682_1231907520846002_5804374614553532348_n\" data-dt-img-description=\"\" data-large_image_width=\"1440\" data-large_image_height=\"1440\"href='https:\/\/www.radiopiu.net\/wordpress\/wp-content\/uploads\/2023\/03\/338935682_1231907520846002_5804374614553532348_n.jpg'><img loading=\"lazy\" decoding=\"async\" width=\"150\" height=\"150\" src=\"https:\/\/www.radiopiu.net\/wordpress\/wp-content\/uploads\/2023\/03\/338935682_1231907520846002_5804374614553532348_n-150x150.jpg\" class=\"attachment-thumbnail size-thumbnail\" alt=\"\" srcset=\"https:\/\/www.radiopiu.net\/wordpress\/wp-content\/uploads\/2023\/03\/338935682_1231907520846002_5804374614553532348_n-150x150.jpg 150w, https:\/\/www.radiopiu.net\/wordpress\/wp-content\/uploads\/2023\/03\/338935682_1231907520846002_5804374614553532348_n-300x300.jpg 300w, https:\/\/www.radiopiu.net\/wordpress\/wp-content\/uploads\/2023\/03\/338935682_1231907520846002_5804374614553532348_n-1024x1024.jpg 1024w, https:\/\/www.radiopiu.net\/wordpress\/wp-content\/uploads\/2023\/03\/338935682_1231907520846002_5804374614553532348_n-768x768.jpg 768w, https:\/\/www.radiopiu.net\/wordpress\/wp-content\/uploads\/2023\/03\/338935682_1231907520846002_5804374614553532348_n.jpg 1440w\" sizes=\"auto, (max-width: 150px) 100vw, 150px\" \/><\/a>\n\t\t\t\t<\/dt><\/dl><dl class='gallery-item'>\n\t\t\t\t<dt class='gallery-icon landscape'>\n\t\t\t\t\t<a class=\"rollover rollover-zoom dt-pswp-item\" title=\"339295541_209987014982662_545066444045950998_n\" data-dt-img-description=\"\" data-large_image_width=\"1440\" data-large_image_height=\"1440\"href='https:\/\/www.radiopiu.net\/wordpress\/wp-content\/uploads\/2023\/03\/339295541_209987014982662_545066444045950998_n.jpg'><img loading=\"lazy\" decoding=\"async\" width=\"150\" height=\"150\" src=\"https:\/\/www.radiopiu.net\/wordpress\/wp-content\/uploads\/2023\/03\/339295541_209987014982662_545066444045950998_n-150x150.jpg\" class=\"attachment-thumbnail size-thumbnail\" alt=\"\" srcset=\"https:\/\/www.radiopiu.net\/wordpress\/wp-content\/uploads\/2023\/03\/339295541_209987014982662_545066444045950998_n-150x150.jpg 150w, https:\/\/www.radiopiu.net\/wordpress\/wp-content\/uploads\/2023\/03\/339295541_209987014982662_545066444045950998_n-300x300.jpg 300w, https:\/\/www.radiopiu.net\/wordpress\/wp-content\/uploads\/2023\/03\/339295541_209987014982662_545066444045950998_n-1024x1024.jpg 1024w, https:\/\/www.radiopiu.net\/wordpress\/wp-content\/uploads\/2023\/03\/339295541_209987014982662_545066444045950998_n-768x768.jpg 768w, https:\/\/www.radiopiu.net\/wordpress\/wp-content\/uploads\/2023\/03\/339295541_209987014982662_545066444045950998_n.jpg 1440w\" sizes=\"auto, (max-width: 150px) 100vw, 150px\" \/><\/a>\n\t\t\t\t<\/dt><\/dl><dl class='gallery-item'>\n\t\t\t\t<dt class='gallery-icon landscape'>\n\t\t\t\t\t<a class=\"rollover rollover-zoom dt-pswp-item\" title=\"338170471_739872197602286_2489294204888384727_n\" data-dt-img-description=\"\" data-large_image_width=\"720\" data-large_image_height=\"720\"href='https:\/\/www.radiopiu.net\/wordpress\/wp-content\/uploads\/2023\/03\/338170471_739872197602286_2489294204888384727_n.jpg'><img loading=\"lazy\" decoding=\"async\" width=\"150\" height=\"150\" src=\"https:\/\/www.radiopiu.net\/wordpress\/wp-content\/uploads\/2023\/03\/338170471_739872197602286_2489294204888384727_n-150x150.jpg\" class=\"attachment-thumbnail size-thumbnail\" alt=\"\" srcset=\"https:\/\/www.radiopiu.net\/wordpress\/wp-content\/uploads\/2023\/03\/338170471_739872197602286_2489294204888384727_n-150x150.jpg 150w, https:\/\/www.radiopiu.net\/wordpress\/wp-content\/uploads\/2023\/03\/338170471_739872197602286_2489294204888384727_n-300x300.jpg 300w, https:\/\/www.radiopiu.net\/wordpress\/wp-content\/uploads\/2023\/03\/338170471_739872197602286_2489294204888384727_n.jpg 720w\" sizes=\"auto, (max-width: 150px) 100vw, 150px\" \/><\/a>\n\t\t\t\t<\/dt><\/dl><br style=\"clear: both\" \/>\n\t\t\t<\/div>\n\n<\/div>\n<\/div>\n<div class=\"x6ikm8r x10wlt62\">\n<div>\n<hr \/>\n<\/div>\n<div><\/div>\n<div><\/div>\n<div>\n<p><strong><img loading=\"lazy\" decoding=\"async\" class=\"alignleft\" src=\"https:\/\/www.radiopiu.net\/wordpress\/wp-content\/uploads\/2023\/03\/1d0e03bd-e098-4035-9f49-dfb90a1668b7.jpg\" width=\"205\" height=\"154\" \/>BELLUNO\u00a0<\/strong> Ha raggiunto Belluno e Piazza dei Martiri la campagna della Polizia di Stato \u201cUna vita da social\u201d, che ha come obbiettivo quello di sensibilizzare i pi\u00f9 giovani all&#8217;uso e ai pericoli di Internet.<\/p>\n<p><strong>di DANIELE DALVIT<\/strong><\/p>\n<audio class=\"wp-audio-shortcode\" id=\"audio-329266-1\" preload=\"none\" style=\"width: 100%;\" controls=\"controls\"><source type=\"audio\/mpeg\" src=\"https:\/\/www.radiopiu.net\/wordpress\/wp-content\/uploads\/2023\/03\/DANIELE-DAL-VIT-VITA-DA-SOCIAL-Servizio-Vita-da-social.mp3?_=1\" \/><a href=\"https:\/\/www.radiopiu.net\/wordpress\/wp-content\/uploads\/2023\/03\/DANIELE-DAL-VIT-VITA-DA-SOCIAL-Servizio-Vita-da-social.mp3\">https:\/\/www.radiopiu.net\/wordpress\/wp-content\/uploads\/2023\/03\/DANIELE-DAL-VIT-VITA-DA-SOCIAL-Servizio-Vita-da-social.mp3<\/a><\/audio>\n<p>&nbsp;<\/p>\n<hr \/>\n<p>&nbsp;<\/p>\n<blockquote>\n<h3>USI CIVICI, IL CONSIGLIO COMUNALE ASCOLTA I FRAZIONISTI<\/h3>\n<\/blockquote>\n<p><em>Via libera al cambio di destinazione d&#8217;uso a Manzana<\/em><\/p>\n<p>&nbsp;<\/p>\n<p><strong><img loading=\"lazy\" decoding=\"async\" class=\"alignleft\" src=\"https:\/\/www.radiopiu.net\/wordpress\/wp-content\/uploads\/2022\/05\/download-15.jpg\" width=\"246\" height=\"164\" \/>VOLTAGO<\/strong><\/p>\n<p>&nbsp;<\/p>\n<p>&nbsp;<\/p>\n<p>&nbsp;<\/p>\n<p>&nbsp;<\/p>\n<p>&nbsp;<\/p>\n<p><strong>DI GIANNI SANTOMASO<\/strong><\/p>\n<audio class=\"wp-audio-shortcode\" id=\"audio-329266-2\" preload=\"none\" style=\"width: 100%;\" controls=\"controls\"><source type=\"audio\/mpeg\" src=\"https:\/\/www.radiopiu.net\/wordpress\/wp-content\/uploads\/2023\/03\/SINDACO-DI-VOLTAGO-GIANNI.mp3?_=2\" \/><a href=\"https:\/\/www.radiopiu.net\/wordpress\/wp-content\/uploads\/2023\/03\/SINDACO-DI-VOLTAGO-GIANNI.mp3\">https:\/\/www.radiopiu.net\/wordpress\/wp-content\/uploads\/2023\/03\/SINDACO-DI-VOLTAGO-GIANNI.mp3<\/a><\/audio>\n<p>&nbsp;<\/p>\n<hr \/>\n<p>&nbsp;<\/p>\n<blockquote>\n<h3>DILLO A RADIO PIU&#8217;&#8230; I PRINCIPI DI LUCA<\/h3>\n<\/blockquote>\n<div class=\"x1h91t0o xkh2ocl x78zum5 xdt5ytf x13a6bvl x193iq5w x1c4vz4f xcrg951 x1sxyh0 x1nvil2r\" role=\"none\">\n<div class=\"xuk3077 x78zum5 x2lah0s x1fgtraw xgd8bvy\" aria-hidden=\"true\"><a class=\"dt-pswp-item\" href=\"https:\/\/www.radiopiu.net\/wordpress\/wp-content\/uploads\/2023\/02\/331749409_888588942352273_6111502163282357872_n.jpg\" data-dt-img-description=\"\" data-large_image_width=\"155\" data-large_image_height=\"206\"><img loading=\"lazy\" decoding=\"async\" class=\"size-full wp-image-329411 alignleft\" src=\"https:\/\/www.radiopiu.net\/wordpress\/wp-content\/uploads\/2023\/02\/331749409_888588942352273_6111502163282357872_n.jpg\" alt=\"\" width=\"155\" height=\"206\" \/><\/a>Sto ancora aspettando la risposta da Valpe dopo l\u2019ultima mail inviata a seguito del transito, probabilmente per errore, di un loro furgone. Foto alla mano, mi sono recato agli uffici di Agordo, non ricevendo purtroppo alcuna risposta concreta. Anche se da solo, continuo la mia \u201cbattaglia \u201c , consapevole di un improbabile successo, ma \u00e8 una questione di principio<\/div>\n<\/div>\n<div class=\"x78zum5 x1iyjqo2 xs83m0k xeuugli\" role=\"none\">\n<div class=\"x1h91t0o xkh2ocl x78zum5 xdt5ytf x13a6bvl xcrg951 x1r145dm\" role=\"none\">\n<div class=\"x78zum5 xh8yej3\" role=\"none\">\n<div class=\"x1cy8zhl x78zum5 xdt5ytf x193iq5w x1n2onr6\">\n<div class=\"x78zum5 xh8yej3\" role=\"none\">\n<div class=\"x1tlxs6b x1g8br2z x1gn5b1j x230xth x14ctfv x1okitfd x6ikm8r x10wlt62 x1mzt3pk x1y1aw1k xn6708d xwib8y2 x1ye3gou x1n2onr6 x13faqbe x1vjfegm\" role=\"none\">\n<div class=\"x9f619 x1n2onr6 x1ja2u2z __fb-light-mode\" role=\"none\">\n<div class=\"x6prxxf x1fc57z9 x1yc453h x126k92a xzsf02u\" dir=\"auto\" role=\"none\">\n<p><strong>Lo scorso febbraio la lettera a Valpe<\/strong><\/p>\n<div class=\"x78zum5 x1r8uery xdt5ytf x1iyjqo2 xmz0i5r x6ikm8r x10wlt62 x1n2onr6\">\n<div class=\"x78zum5 xdt5ytf x1iyjqo2 x6ikm8r x10wlt62\">\n<div class=\"x78zum5 xdt5ytf x1iyjqo2 x6ikm8r x10wlt62\">\n<div class=\"x78zum5 xdt5ytf x1iyjqo2 x6ikm8r x10wlt62 x1n2onr6\">\n<div class=\"x78zum5 xdt5ytf x1iyjqo2 xs83m0k x1xzczws x6ikm8r x1rife3k x1n2onr6 xh8yej3\">\n<div class=\"\">\n<div class=\"x1n2onr6\">\n<div class=\"xc8icb0 x1ja2u2z\">\n<div id=\":r5cf:\">\n<div data-pagelet=\"MWV2MessageList\">\n<div class=\"x63ui4o x18i3tt1 x6ikm8r x10wlt62\" role=\"grid\" aria-label=\"Messaggi nella conversazione con Luca DeCassai\">\n<div class=\"__fb-light-mode x1n2onr6\" role=\"row\">\n<div class=\"\">\n<div class=\"x78zum5 xdt5ytf x1n2onr6\" tabindex=\"0\" role=\"gridcell\" data-release-focus-from=\"CLICK\" data-scope=\"messages_table\">\n<div class=\"x78zum5\" role=\"none\">\n<div class=\"x78zum5 x1iyjqo2 xs83m0k xeuugli\" role=\"none\">\n<div class=\"x1h91t0o xkh2ocl x78zum5 xdt5ytf x13a6bvl xcrg951 x1r145dm\" role=\"none\">\n<div class=\"x78zum5 xh8yej3\" role=\"none\">\n<div class=\"x1cy8zhl x78zum5 xdt5ytf x193iq5w x1n2onr6\">\n<div class=\"x78zum5 xh8yej3\" role=\"none\">\n<div class=\"x1tlxs6b x1g8br2z x1gn5b1j x230xth x14ctfv x1okitfd x6ikm8r x10wlt62 x1mzt3pk x1y1aw1k xn6708d xwib8y2 x1ye3gou x1n2onr6 x13faqbe x1vjfegm\" role=\"none\">\n<div class=\"x9f619 x1n2onr6 x1ja2u2z __fb-light-mode\" role=\"none\"><\/div>\n<\/div>\n<div class=\"x1h91t0o xkh2ocl x78zum5 xdt5ytf x13a6bvl x193iq5w x1iyjqo2 xcrg951\" role=\"none\"><\/div>\n<\/div>\n<\/div>\n<\/div>\n<\/div>\n<\/div>\n<\/div>\n<\/div>\n<\/div>\n<\/div>\n<\/div>\n<\/div>\n<\/div>\n<\/div>\n<\/div>\n<\/div>\n<\/div>\n<\/div>\n<\/div>\n<\/div>\n<\/div>\n<\/div>\n<\/div>\n<\/div>\n<\/div>\n<\/div>\n<\/div>\n<\/div>\n<\/div>\n<p>Spett le Valpe, scrivo per lamentare il vostro disservizio di raccolta rifiuti nei pressi della mia abitazione situata a La Valle Agordina in via Cugnago 72. L\u2019 abitazione in oggetto \u00e8 regolarmente servita da una strada comunale che viene tenuta pulita anche nei mesi invernali. Nonostante ci\u00f2, pur pagando regolarmente il servizio porta a porta, sono costretto a conferire i bidoni alla piazzetta frazionale, in quanto i vostri camioncini non effettuano il passaggio lungo tale strada comunale. Il problema e il mio disappunto, non riguardano il fatto di dover percorrere 100 mt a piedi, bens\u00ec il fatto che il servizio \u00e8 pagato come \u201c porta a porta \u201c. Esprimo quindi il mio completo parere negativo sul vostro servizio.<\/p>\n<\/div>\n<\/div>\n<\/div>\n<\/div>\n<\/div>\n<\/div>\n<\/div>\n<\/div>\n<p>&nbsp;<\/p>\n<hr \/>\n<p>&nbsp;<\/p>\n<blockquote>\n<h3><a class=\"dt-pswp-item\" href=\"https:\/\/www.radiopiu.net\/wordpress\/wp-content\/uploads\/2022\/07\/OSPEDALE-AGORDO.png\" data-dt-img-description=\"\" data-large_image_width=\"1316\" data-large_image_height=\"756\"><img loading=\"lazy\" decoding=\"async\" class=\"wp-image-289638 alignleft\" src=\"https:\/\/www.radiopiu.net\/wordpress\/wp-content\/uploads\/2022\/07\/OSPEDALE-AGORDO-300x172.png\" alt=\"\" width=\"220\" height=\"126\" srcset=\"https:\/\/www.radiopiu.net\/wordpress\/wp-content\/uploads\/2022\/07\/OSPEDALE-AGORDO-300x172.png 300w, https:\/\/www.radiopiu.net\/wordpress\/wp-content\/uploads\/2022\/07\/OSPEDALE-AGORDO-1024x588.png 1024w, https:\/\/www.radiopiu.net\/wordpress\/wp-content\/uploads\/2022\/07\/OSPEDALE-AGORDO-768x441.png 768w, https:\/\/www.radiopiu.net\/wordpress\/wp-content\/uploads\/2022\/07\/OSPEDALE-AGORDO.png 1316w\" sizes=\"auto, (max-width: 220px) 100vw, 220px\" \/><\/a>AGORDO CAMBIA: DOPO 12 ANNI E&#8217; ORA DI INTITOLARE L&#8217;OSPEDALE<\/h3>\n<\/blockquote>\n<p>&nbsp;<\/p>\n<p><strong>DI GIANNI SANTOMASO<\/strong><\/p>\n<audio class=\"wp-audio-shortcode\" id=\"audio-329266-3\" preload=\"none\" style=\"width: 100%;\" controls=\"controls\"><source type=\"audio\/mpeg\" src=\"https:\/\/www.radiopiu.net\/wordpress\/wp-content\/uploads\/2023\/03\/OSPEDALE-NON-INTITOLATO-GIANNI.mp3?_=3\" \/><a href=\"https:\/\/www.radiopiu.net\/wordpress\/wp-content\/uploads\/2023\/03\/OSPEDALE-NON-INTITOLATO-GIANNI.mp3\">https:\/\/www.radiopiu.net\/wordpress\/wp-content\/uploads\/2023\/03\/OSPEDALE-NON-INTITOLATO-GIANNI.mp3<\/a><\/audio>\n<p>&nbsp;<\/p>\n<p>&nbsp;<\/p>\n<hr \/>\n<p>&nbsp;<\/p>\n<p>&nbsp;<\/p>\n<p><strong>DI TIZIANO DE COL<\/strong><\/p>\n\n\t\t\t<style type='text\/css'>\n\t\t\t\t#gallery-4 {\n\t\t\t\t\tmargin: auto;\n\t\t\t\t}\n\t\t\t\t#gallery-4 .gallery-item {\n\t\t\t\t\tfloat: left;\n\t\t\t\t\tmargin-top: 10px;\n\t\t\t\t\ttext-align: center;\n\t\t\t\t\twidth: 20%;\n\t\t\t\t}\n\t\t\t\t#gallery-4 img {\n\t\t\t\t\tborder: 2px solid #cfcfcf;\n\t\t\t\t}\n\t\t\t\t#gallery-4 .gallery-caption {\n\t\t\t\t\tmargin-left: 0;\n\t\t\t\t}\n\t\t\t\t\/* see gallery_shortcode() in wp-includes\/media.php *\/\n\t\t\t<\/style>\n\t\t<div id='gallery-4' class='dt-gallery-container gallery galleryid-329266 gallery-columns-5 gallery-size-thumbnail'><dl class='gallery-item'>\n\t\t\t\t<dt class='gallery-icon landscape'>\n\t\t\t\t\t<a class=\"rollover\" href='https:\/\/www.radiopiu.net\/wordpress\/giornale-radiopiu-01-aprile-2023-direttore-mirko-mezzacasa-verso-i-40-anni-25-giugno-1983-25-giugno-2023\/c9eefcd8-fd68-411a-86b7-66c6f416c6b2\/'><img loading=\"lazy\" decoding=\"async\" width=\"150\" height=\"150\" src=\"https:\/\/www.radiopiu.net\/wordpress\/wp-content\/uploads\/2023\/03\/c9eefcd8-fd68-411a-86b7-66c6f416c6b2-150x150.jpg\" class=\"attachment-thumbnail size-thumbnail\" alt=\"\" \/><\/a>\n\t\t\t\t<\/dt><\/dl><dl class='gallery-item'>\n\t\t\t\t<dt class='gallery-icon landscape'>\n\t\t\t\t\t<a class=\"rollover\" href='https:\/\/www.radiopiu.net\/wordpress\/giornale-radiopiu-01-aprile-2023-direttore-mirko-mezzacasa-verso-i-40-anni-25-giugno-1983-25-giugno-2023\/db7fc673-a5fb-484b-b206-af29ae82df0c\/'><img loading=\"lazy\" decoding=\"async\" width=\"150\" height=\"150\" src=\"https:\/\/www.radiopiu.net\/wordpress\/wp-content\/uploads\/2023\/03\/db7fc673-a5fb-484b-b206-af29ae82df0c-150x150.jpg\" class=\"attachment-thumbnail size-thumbnail\" alt=\"\" \/><\/a>\n\t\t\t\t<\/dt><\/dl><dl class='gallery-item'>\n\t\t\t\t<dt class='gallery-icon landscape'>\n\t\t\t\t\t<a class=\"rollover\" href='https:\/\/www.radiopiu.net\/wordpress\/giornale-radiopiu-01-aprile-2023-direttore-mirko-mezzacasa-verso-i-40-anni-25-giugno-1983-25-giugno-2023\/486b6c90-29b7-434a-9b49-f643bb389468\/'><img loading=\"lazy\" decoding=\"async\" width=\"150\" height=\"150\" src=\"https:\/\/www.radiopiu.net\/wordpress\/wp-content\/uploads\/2023\/03\/486b6c90-29b7-434a-9b49-f643bb389468-150x150.jpg\" class=\"attachment-thumbnail size-thumbnail\" alt=\"\" \/><\/a>\n\t\t\t\t<\/dt><\/dl><dl class='gallery-item'>\n\t\t\t\t<dt class='gallery-icon landscape'>\n\t\t\t\t\t<a class=\"rollover\" href='https:\/\/www.radiopiu.net\/wordpress\/giornale-radiopiu-01-aprile-2023-direttore-mirko-mezzacasa-verso-i-40-anni-25-giugno-1983-25-giugno-2023\/eb870d8b-945a-4654-8268-0af1246ffdbe\/'><img loading=\"lazy\" decoding=\"async\" width=\"150\" height=\"150\" src=\"https:\/\/www.radiopiu.net\/wordpress\/wp-content\/uploads\/2023\/03\/eb870d8b-945a-4654-8268-0af1246ffdbe-150x150.jpg\" class=\"attachment-thumbnail size-thumbnail\" alt=\"\" \/><\/a>\n\t\t\t\t<\/dt><\/dl><dl class='gallery-item'>\n\t\t\t\t<dt class='gallery-icon landscape'>\n\t\t\t\t\t<a class=\"rollover\" href='https:\/\/www.radiopiu.net\/wordpress\/giornale-radiopiu-01-aprile-2023-direttore-mirko-mezzacasa-verso-i-40-anni-25-giugno-1983-25-giugno-2023\/8732d834-3348-4b35-ae04-88d4a2414021\/'><img loading=\"lazy\" decoding=\"async\" width=\"150\" height=\"150\" src=\"https:\/\/www.radiopiu.net\/wordpress\/wp-content\/uploads\/2023\/03\/8732d834-3348-4b35-ae04-88d4a2414021-150x150.jpg\" class=\"attachment-thumbnail size-thumbnail\" alt=\"\" \/><\/a>\n\t\t\t\t<\/dt><\/dl><br style=\"clear: both\" \/>\n\t\t\t<\/div>\n\n<p>&nbsp;<\/p>\n<hr \/>\n<p>&nbsp;<\/p>\n<blockquote>\n<h3>VOLTO NOTI IERI AL KANGURO DI AGORDO CON LO STELLATO CRACCO immancabile occasione per gli agordini per un selfie da ricordare<\/h3>\n\n\t\t\t<style type='text\/css'>\n\t\t\t\t#gallery-5 {\n\t\t\t\t\tmargin: auto;\n\t\t\t\t}\n\t\t\t\t#gallery-5 .gallery-item {\n\t\t\t\t\tfloat: left;\n\t\t\t\t\tmargin-top: 10px;\n\t\t\t\t\ttext-align: center;\n\t\t\t\t\twidth: 50%;\n\t\t\t\t}\n\t\t\t\t#gallery-5 img {\n\t\t\t\t\tborder: 2px solid #cfcfcf;\n\t\t\t\t}\n\t\t\t\t#gallery-5 .gallery-caption {\n\t\t\t\t\tmargin-left: 0;\n\t\t\t\t}\n\t\t\t\t\/* see gallery_shortcode() in wp-includes\/media.php *\/\n\t\t\t<\/style>\n\t\t<div id='gallery-5' class='dt-gallery-container gallery galleryid-329266 gallery-columns-2 gallery-size-thumbnail'><dl class='gallery-item'>\n\t\t\t\t<dt class='gallery-icon landscape'>\n\t\t\t\t\t<a class=\"rollover rollover-zoom dt-pswp-item\" title=\"337509603_164041649858753_7600824907533537812_n\" data-dt-img-description=\"\" data-large_image_width=\"526\" data-large_image_height=\"526\"href='https:\/\/www.radiopiu.net\/wordpress\/wp-content\/uploads\/2023\/03\/337509603_164041649858753_7600824907533537812_n.jpg'><img loading=\"lazy\" decoding=\"async\" width=\"150\" height=\"150\" src=\"https:\/\/www.radiopiu.net\/wordpress\/wp-content\/uploads\/2023\/03\/337509603_164041649858753_7600824907533537812_n-150x150.jpg\" class=\"attachment-thumbnail size-thumbnail\" alt=\"\" srcset=\"https:\/\/www.radiopiu.net\/wordpress\/wp-content\/uploads\/2023\/03\/337509603_164041649858753_7600824907533537812_n-150x150.jpg 150w, https:\/\/www.radiopiu.net\/wordpress\/wp-content\/uploads\/2023\/03\/337509603_164041649858753_7600824907533537812_n-300x300.jpg 300w, https:\/\/www.radiopiu.net\/wordpress\/wp-content\/uploads\/2023\/03\/337509603_164041649858753_7600824907533537812_n.jpg 526w\" sizes=\"auto, (max-width: 150px) 100vw, 150px\" \/><\/a>\n\t\t\t\t<\/dt><\/dl><dl class='gallery-item'>\n\t\t\t\t<dt class='gallery-icon landscape'>\n\t\t\t\t\t<a class=\"rollover rollover-zoom dt-pswp-item\" title=\"338915522_1054011238892681_5699254577309658635_n\" data-dt-img-description=\"\" data-large_image_width=\"526\" data-large_image_height=\"526\"href='https:\/\/www.radiopiu.net\/wordpress\/wp-content\/uploads\/2023\/03\/338915522_1054011238892681_5699254577309658635_n.jpg'><img loading=\"lazy\" decoding=\"async\" width=\"150\" height=\"150\" src=\"https:\/\/www.radiopiu.net\/wordpress\/wp-content\/uploads\/2023\/03\/338915522_1054011238892681_5699254577309658635_n-150x150.jpg\" class=\"attachment-thumbnail size-thumbnail\" alt=\"\" srcset=\"https:\/\/www.radiopiu.net\/wordpress\/wp-content\/uploads\/2023\/03\/338915522_1054011238892681_5699254577309658635_n-150x150.jpg 150w, https:\/\/www.radiopiu.net\/wordpress\/wp-content\/uploads\/2023\/03\/338915522_1054011238892681_5699254577309658635_n-300x300.jpg 300w, https:\/\/www.radiopiu.net\/wordpress\/wp-content\/uploads\/2023\/03\/338915522_1054011238892681_5699254577309658635_n.jpg 526w\" sizes=\"auto, (max-width: 150px) 100vw, 150px\" \/><\/a>\n\t\t\t\t<\/dt><\/dl><br style=\"clear: both\" \/>\n\t\t\t<\/div>\n\n<p>&nbsp;<\/p><\/blockquote>\n<div style=\"width: 848px;\" class=\"wp-video\"><video class=\"wp-video-shortcode\" id=\"video-329266-1\" width=\"848\" height=\"480\" preload=\"metadata\" controls=\"controls\"><source type=\"video\/mp4\" src=\"https:\/\/www.radiopiu.net\/wordpress\/wp-content\/uploads\/2023\/03\/WhatsApp-Video-2023-03-31-at-18.37.59.mp4?_=1\" \/><a href=\"https:\/\/www.radiopiu.net\/wordpress\/wp-content\/uploads\/2023\/03\/WhatsApp-Video-2023-03-31-at-18.37.59.mp4\">https:\/\/www.radiopiu.net\/wordpress\/wp-content\/uploads\/2023\/03\/WhatsApp-Video-2023-03-31-at-18.37.59.mp4<\/a><\/video><\/div>\n<p>&nbsp;<\/p>\n<p>&nbsp;<\/p>\n<p>&nbsp;<\/p>\n<hr \/>\n<p>&nbsp;<\/p>\n<p>&nbsp;<\/p>\n<p>&nbsp;<\/p>\n<blockquote>\n<h3>AUTISMO, UN BIMBO OGNI 77 NE SOFFRE<\/h3>\n<\/blockquote>\n<p><strong><a class=\"dt-pswp-item\" href=\"https:\/\/www.radiopiu.net\/wordpress\/wp-content\/uploads\/2021\/02\/LANZARIN.png\" data-dt-img-description=\"\" data-large_image_width=\"1092\" data-large_image_height=\"1014\"><img loading=\"lazy\" decoding=\"async\" class=\" wp-image-194081 alignleft\" src=\"https:\/\/www.radiopiu.net\/wordpress\/wp-content\/uploads\/2021\/02\/LANZARIN-300x279.png\" alt=\"\" width=\"133\" height=\"124\" srcset=\"https:\/\/www.radiopiu.net\/wordpress\/wp-content\/uploads\/2021\/02\/LANZARIN-300x279.png 300w, https:\/\/www.radiopiu.net\/wordpress\/wp-content\/uploads\/2021\/02\/LANZARIN-1024x951.png 1024w, https:\/\/www.radiopiu.net\/wordpress\/wp-content\/uploads\/2021\/02\/LANZARIN-768x713.png 768w, https:\/\/www.radiopiu.net\/wordpress\/wp-content\/uploads\/2021\/02\/LANZARIN.png 1092w\" sizes=\"auto, (max-width: 133px) 100vw, 133px\" \/><\/a>VENEZIA <\/strong>\u201cUn bambino su 77, tra i 7 e i 9 anni di et\u00e0, presenta un disturbo dello spettro autistico; con una prevalenza maggiore nei maschi. Sono numeri importanti che impattano sulla vita di migliaia di famiglie e che coinvolgono il mondo della scuola. Gli interventi che si mettono in campo per la presa in carico di queste persone devono essere quindi integrati, prevedere un impegno anche a sostegno del nucleo familiare, garantire l\u2019inclusione sociale. Ci troviamo di fronte a famiglie spesso smarrite, che necessitano di risposte mirate e puntuali perch\u00e9 intervenire, e farlo con tempi certi, tutela il risultato\u201d. Cos\u00ec l\u2019assessore alla Sanit\u00e0 e alle Politiche Sociali della Regione del Veneto introduce i due provvedimenti che su sua proposta sono stati approvati dalla Giunta. Si tratta di interventi di programmazione nell\u2019ambito dell\u2019assistenza e del sostegno alle persone affette da autismo e alle loro famiglie. Il valore complessivo dei progetti \u00e8 di 6.024.475,56 euro. Saranno impiegati fondi nazionali derivanti da due specifici decreti del Ministero della Salute.<\/p>\n<p>&nbsp;<\/p>\n<hr \/>\n<p>&nbsp;<\/p>\n<p><strong><span style=\"color: #ff0000;\">OPINIONI<\/span><\/strong><br \/>\n<strong>BELLUNO\u00a0<\/strong> La Lista civica \u201cNoi con Oscar\u201d, composta dai consiglieri Sandra Mella (Capogruppo) e Daniele Trabucco, esprime il proprio no a possibili iscrizioni nei registri dello stato civile di bambini nati all\u2019estero a seguito di maternit\u00e0 \u201csurrogata\u201d.<\/p>\n<blockquote><p><em>Mella e Trabucco richiamano la pronuncia delle Sezioni Unite della Corte di Cassazione dello scorso 30 dicembre 2022 con la quale, annullando la decisione della Corte d\u2019Appello di Venezia del 2018, si afferma che soltanto il padre biologico pu\u00f2 essere registrato all\u2019anagrafe. Esiste un diritto all\u2019identit\u00e0 biologica che la pratica della\u00a0 \u201cmaternit\u00e0 surrogata\u201d, vietata in Italia dalla legge ordinaria dello Stato ma non all\u2019estero, intende cancellare.\u00a0\u00a0<\/em><\/p>\n<p>&nbsp;<\/p><\/blockquote>\n<hr \/>\n<p>&nbsp;<\/p>\n<p><span style=\"color: #ff0000;\">L&#8217;ANNO POSITIVO DELLA LATTEBUSCHE<\/span><\/p>\n<blockquote>\n<h3><a class=\"dt-pswp-item\" href=\"https:\/\/www.radiopiu.net\/wordpress\/wp-content\/uploads\/2023\/03\/2ee6d2f4-643c-4c24-8a4c-732d3b9e2c62.jpg\" data-dt-img-description=\"\" data-large_image_width=\"1600\" data-large_image_height=\"1066\"><img loading=\"lazy\" decoding=\"async\" class=\"wp-image-329396 alignleft\" src=\"https:\/\/www.radiopiu.net\/wordpress\/wp-content\/uploads\/2023\/03\/2ee6d2f4-643c-4c24-8a4c-732d3b9e2c62-300x200.jpg\" alt=\"\" width=\"170\" height=\"113\" srcset=\"https:\/\/www.radiopiu.net\/wordpress\/wp-content\/uploads\/2023\/03\/2ee6d2f4-643c-4c24-8a4c-732d3b9e2c62-300x200.jpg 300w, https:\/\/www.radiopiu.net\/wordpress\/wp-content\/uploads\/2023\/03\/2ee6d2f4-643c-4c24-8a4c-732d3b9e2c62-1024x682.jpg 1024w, https:\/\/www.radiopiu.net\/wordpress\/wp-content\/uploads\/2023\/03\/2ee6d2f4-643c-4c24-8a4c-732d3b9e2c62-768x512.jpg 768w, https:\/\/www.radiopiu.net\/wordpress\/wp-content\/uploads\/2023\/03\/2ee6d2f4-643c-4c24-8a4c-732d3b9e2c62-1536x1023.jpg 1536w, https:\/\/www.radiopiu.net\/wordpress\/wp-content\/uploads\/2023\/03\/2ee6d2f4-643c-4c24-8a4c-732d3b9e2c62.jpg 1600w\" sizes=\"auto, (max-width: 170px) 100vw, 170px\" \/><\/a>LATTEBUSCHE\u00a0 20% IN PIU&#8217; DI FATTURATO IN UN ANNO, RESA 26%. COOPERATIVA IN SALUTE<\/h3>\n<\/blockquote>\n<p>&nbsp;<\/p>\n<p>&nbsp;<\/p>\n<p>&nbsp;<\/p>\n<p><strong>DI MORENO GIOLI<\/strong><\/p>\n<audio class=\"wp-audio-shortcode\" id=\"audio-329266-4\" preload=\"none\" style=\"width: 100%;\" controls=\"controls\"><source type=\"audio\/mpeg\" src=\"https:\/\/www.radiopiu.net\/wordpress\/wp-content\/uploads\/2023\/03\/assemblea-lattebusche.mp3?_=4\" \/><a href=\"https:\/\/www.radiopiu.net\/wordpress\/wp-content\/uploads\/2023\/03\/assemblea-lattebusche.mp3\">https:\/\/www.radiopiu.net\/wordpress\/wp-content\/uploads\/2023\/03\/assemblea-lattebusche.mp3<\/a><\/audio>\n<h3><\/h3>\n<blockquote>\n<h3>A MARGINE DELL&#8217;ASSEMBLEA LATTEBUSCHE<\/h3>\n<\/blockquote>\n<p><strong><a class=\"dt-pswp-item\" href=\"https:\/\/www.radiopiu.net\/wordpress\/wp-content\/uploads\/2019\/09\/Vivaio-Veneto-Agricoltura.jpg\" data-dt-img-description=\"\" data-large_image_width=\"1846\" data-large_image_height=\"628\"><img loading=\"lazy\" decoding=\"async\" class=\"size-medium wp-image-97932 alignleft\" src=\"https:\/\/www.radiopiu.net\/wordpress\/wp-content\/uploads\/2019\/09\/Vivaio-Veneto-Agricoltura-300x102.jpg\" alt=\"\" width=\"300\" height=\"102\" srcset=\"https:\/\/www.radiopiu.net\/wordpress\/wp-content\/uploads\/2019\/09\/Vivaio-Veneto-Agricoltura-300x102.jpg 300w, https:\/\/www.radiopiu.net\/wordpress\/wp-content\/uploads\/2019\/09\/Vivaio-Veneto-Agricoltura-768x261.jpg 768w, https:\/\/www.radiopiu.net\/wordpress\/wp-content\/uploads\/2019\/09\/Vivaio-Veneto-Agricoltura-1024x348.jpg 1024w, https:\/\/www.radiopiu.net\/wordpress\/wp-content\/uploads\/2019\/09\/Vivaio-Veneto-Agricoltura.jpg 1846w\" sizes=\"auto, (max-width: 300px) 100vw, 300px\" \/><\/a>BELLUNO<\/strong> <em>\u00abAgricoltori e allevatori sono basilari per la vita della montagna. Per la manutenzione del territorio, per la promozione del turismo, per la cura del verde, per i prodotti di qualit\u00e0. Sono il primo presidio delle terre alte e incarnano la realt\u00e0 di quanto diceva Mario Rigoni Stern, \u201cQuando anche l&#8217;ultimo montanaro se ne sar\u00e0 andato, le ortiche invaderanno anche piazza San Marco\u201d\u00bb<\/em>. Lo dice il presidente della Provincia di Belluno, Roberto Padrin, a margine dell\u2019assemblea di Lattebusche, a cui ha preso parte ieri mattina.\u00a0 Per dare una mano al comparto e rafforzare la filiera lattiero-casearia, identitaria del\u00a0 territorio, la Provincia ha\u00a0 finanziato gli investimenti di 12 piccole latterie con 1,5 milioni di euro (fondi di confine per 1,3 milioni e da 250mila euro di fondi propri della Provincia)\u00a0 e sono partiti due corsi per casari con l\u2019istituto agrario di Vellai.<\/p>\n<p>&nbsp;<\/p>\n<p>&nbsp;<\/p>\n<hr \/>\n<p>&nbsp;<\/p>\n<blockquote>\n<h3>LA MONGOLFIERA DI GIORGIA APRE IL BANDO, SCADENZA IL 25 MAGGIO<\/h3>\n<\/blockquote>\n<p><strong>REDAZIONE<\/strong> Sono trascorsi sette anni dalla scomparsa di Giorgia Praloran,\u00a0 il 26 marzo \u00e8 stato il giorno del suo ventiseiesimo compleanno. Il bando della Mongolfiera di Giorgia porta questa data. L&#8217;associazione ha deciso di mettere a disposizione 10.000 euro. Potranno presentare domanda di contributo ragazzi tra i 13 e i 24 anni residenti in Veneto o seguiti da strutture pubbliche sanitarie del Veneto, con disabilit\u00e0 anche temporanee. Info www.lamongolfieradigiorgia.it , mail lamongolfieradigiorgia@gmail.it.<\/p>\n<p>&nbsp;<\/p>\n<hr \/>\n<p>&nbsp;<\/p>\n<blockquote>\n<h2>I CONCORSI DELLA POLIZIA DI STATO<\/h2>\n<\/blockquote>\n<p><a class=\"dt-pswp-item\" href=\"https:\/\/www.radiopiu.net\/wordpress\/wp-content\/uploads\/2022\/01\/POLIZIA-ESSERCI.jpg\" data-dt-img-description=\"\" data-large_image_width=\"750\" data-large_image_height=\"407\"><img loading=\"lazy\" decoding=\"async\" class=\" wp-image-255174 alignleft\" src=\"https:\/\/www.radiopiu.net\/wordpress\/wp-content\/uploads\/2022\/01\/POLIZIA-ESSERCI-300x163.jpg\" alt=\"\" width=\"260\" height=\"141\" srcset=\"https:\/\/www.radiopiu.net\/wordpress\/wp-content\/uploads\/2022\/01\/POLIZIA-ESSERCI-300x163.jpg 300w, https:\/\/www.radiopiu.net\/wordpress\/wp-content\/uploads\/2022\/01\/POLIZIA-ESSERCI.jpg 750w\" sizes=\"auto, (max-width: 260px) 100vw, 260px\" \/><\/a>Sul Portale Unico del reclutamento, disponibile all\u2019indirizzo <a href=\"http:\/\/www.inpa.gov.it\">www.inpa.gov.it<\/a> nonch\u00e9 sul sito <a href=\"http:\/\/www.poliziadistato.it\">www.poliziadistato.it<\/a>, in data 27 marzo 2023, \u00e8 stato pubblicato il bando di <strong>concorso pubblico, per titoli ed esami, per la copertura di 8 posti di orchestrale del ruolo degli orchestrali\u00a0 della banda musicale della Polizia di Stato, indetto con D.C.P. del 20 marzo 2023.\u00a0<\/strong>La domanda di partecipazione al concorso potr\u00e0 essere presentata, \u00a0dalle \u00a0ore \u00a000.00 del 28 marzo 2023 alle ore 23.59 del 26 aprile 2023, sia tramite il Portale unico di reclutamento che mediante la procedura informatica disponibile all\u2019indirizzo <a href=\"https:\/\/concorsionline.poliziadistato.it\">https:\/\/concorsionline.poliziadistato.it<\/a> (cliccando sull\u2019icona \u201cConcorso pubblico<\/p>\n<p>&nbsp;<\/p>\n<p>&nbsp;<\/p>\n<hr \/>\n<p>&nbsp;<\/p>\n<blockquote>\n<h3>BIM GSP CERCA OPERATORI IDRAULICI SPECIALLIZATI<\/h3>\n<\/blockquote>\n<p><strong>BELLUNO<\/strong> Bim GSP \u00e8 alla ricerca di idraulici specializzati da inserire a tempo pieno e indeterminato con livello commisurato all&#8217;esperienza. La domanda e il curriculum vitae vanno inviato a Bim Gestione Servizi Pubblici, via Tiziano Vecellio 27\/29 a Belluno entro le 12 dell&#8217;11 aprile 2023. I candidati devono avere cittadinanza italiana, avere pi\u00f9 di 18 anni, patente B e sono richieste esperienze lavorative triennali nel settore privato o pubblico del settore idraulico.<\/p>\n<p>&nbsp;<\/p>\n<p>&nbsp;<\/p>\n<hr \/>\n<p>&nbsp;<\/p>\n<blockquote>\n<h3>IL SECONDO CONCORSO ARTISTI D&#8217;ALTA QUOTA<\/h3>\n<\/blockquote>\n<p><strong>BORGO VALBELLUNA <\/strong><span style=\"font-family: georgia,serif;\">L\u2019Associazione Castle of Fantasy, nell\u2019ambito del festival Dolomiti Fantasy che si terr\u00e0 a Trichiana il 2, 3 e 4 Giugno 2023, indice la seconda edizione del Concorso dedicato ai fumetti \u201cArtisti ad alta quota: la tua storia sulle Dolomiti\u201d.\u00a0 <\/span><span style=\"font-family: georgia,serif;\">Gli autori potranno inviare entro e non oltre il 7 Maggio elaborati realizzati con qualunque tecnica illustrativa e composti da un massimo di 8 tavole, centrati sul tema del Placemaker. La cerimonia di premiazione si terr\u00e0 Domenica 4 Giugno sul palco di Dolomiti Fantasy. Per maggiori informazioni, vi invitiamo a visitare il sito <a href=\"http:\/\/www.dolomitifantasy.com\/\">www.dolomitifantasy.com<\/a>, dove sono disponibili regolamento del concorso e modulo d\u2019iscrizione.<\/span><\/p>\n<p>&nbsp;<\/p>\n<p>&nbsp;<\/p>\n<hr \/>\n<p>&nbsp;<\/p>\n<blockquote>\n<h3>DA OGGI IN CONSEGNA LE PENSIONI<\/h3>\n<\/blockquote>\n<p><strong>BELLUNO <\/strong>Poste Italiane comunica che le pensioni del mese di aprile saranno in pagamento da sabato 1 in tutti i 104 Uffici Postali della provincia di Belluno. In continuit\u00e0 con quanto fatto finora, con l\u2019obiettivo di evitare assembramenti, il pagamento delle pensioni in contanti avverr\u00e0 preferibilmente secondo la seguente turnazione alfabetica, che potr\u00e0 variare in base al numero di giorni di apertura dell\u2019ufficio: i cognomi <em>dalla A alla C sabato 1\u00b0aprile (solo mattina), <\/em><em>dalla D alla K luned\u00ec 3 aprile, <\/em><em>dalla L alla P marted\u00ec 4 aprile, <\/em><em>dalla Q alla Z mercoled\u00ec 5 aprile.<\/em><\/p>\n<p>&nbsp;<\/p>\n<p>&nbsp;<\/p>\n<hr \/>\n<p>&nbsp;<\/p>\n<p>&nbsp;<\/p>\n<blockquote>\n<h2>CI SIAMO! DOMANI LA FESTA AL LARESEI. &#8220;PREZIOSO&#8221; IN CONSOLLE<\/h2>\n<\/blockquote>\n<p><strong><a class=\"dt-pswp-item\" href=\"https:\/\/www.radiopiu.net\/wordpress\/wp-content\/uploads\/2023\/03\/1721602e-4e92-44cb-8cdb-cba36c2ccf27.jpg\" data-dt-img-description=\"\" data-large_image_width=\"1600\" data-large_image_height=\"900\"><img loading=\"lazy\" decoding=\"async\" class=\"size-medium wp-image-328702 alignleft\" src=\"https:\/\/www.radiopiu.net\/wordpress\/wp-content\/uploads\/2023\/03\/1721602e-4e92-44cb-8cdb-cba36c2ccf27-300x169.jpg\" alt=\"\" width=\"300\" height=\"169\" srcset=\"https:\/\/www.radiopiu.net\/wordpress\/wp-content\/uploads\/2023\/03\/1721602e-4e92-44cb-8cdb-cba36c2ccf27-300x169.jpg 300w, https:\/\/www.radiopiu.net\/wordpress\/wp-content\/uploads\/2023\/03\/1721602e-4e92-44cb-8cdb-cba36c2ccf27-1024x576.jpg 1024w, https:\/\/www.radiopiu.net\/wordpress\/wp-content\/uploads\/2023\/03\/1721602e-4e92-44cb-8cdb-cba36c2ccf27-768x432.jpg 768w, https:\/\/www.radiopiu.net\/wordpress\/wp-content\/uploads\/2023\/03\/1721602e-4e92-44cb-8cdb-cba36c2ccf27-1536x864.jpg 1536w, https:\/\/www.radiopiu.net\/wordpress\/wp-content\/uploads\/2023\/03\/1721602e-4e92-44cb-8cdb-cba36c2ccf27.jpg 1600w\" sizes=\"auto, (max-width: 300px) 100vw, 300px\" \/><\/a><\/strong><\/p>\n<p>&nbsp;<\/p>\n<p>&nbsp;<\/p>\n<p>&nbsp;<\/p>\n<p>&nbsp;<\/p>\n<p>&nbsp;<\/p>\n<p>&nbsp;<\/p>\n<p><strong>DI GIANNI SANTOMASO<\/strong><\/p>\n<audio class=\"wp-audio-shortcode\" id=\"audio-329266-5\" preload=\"none\" style=\"width: 100%;\" controls=\"controls\"><source type=\"audio\/mpeg\" src=\"https:\/\/www.radiopiu.net\/wordpress\/wp-content\/uploads\/2023\/03\/EVENTO-AL-RIFUGIO-LARESEI-GIANNI.mp3?_=5\" \/><a href=\"https:\/\/www.radiopiu.net\/wordpress\/wp-content\/uploads\/2023\/03\/EVENTO-AL-RIFUGIO-LARESEI-GIANNI.mp3\">https:\/\/www.radiopiu.net\/wordpress\/wp-content\/uploads\/2023\/03\/EVENTO-AL-RIFUGIO-LARESEI-GIANNI.mp3<\/a><\/audio>\n<p>&nbsp;<\/p>\n<p>&nbsp;<\/p>\n<p>&nbsp;<\/p>\n<p>&nbsp;<\/p>\n<hr \/>\n<p>&nbsp;<\/p>\n<h2><span style=\"color: #ff0000;\">IERI ALLA RADIO<\/span><\/h2>\n<h2><span style=\"color: #008080;\">&#8220;DINTORN E FORA VIA&#8221;\u00a0<\/span><span style=\"color: #008080;\"> IL PROGRAMMA\u00a0 <\/span><span style=\"color: #008080;\">A CURA DEL MUSLA\u00a0\u00a0<\/span><\/h2>\n<h1 style=\"text-align: center;\"><\/h1>\n<h1 style=\"text-align: center;\"><strong><span style=\"color: #ff0000;\">SECONDO ANNO\u00a0<\/span><\/strong><\/h1>\n<p><strong>PUNTATA DEL 31 MARZO, CHIARA FRENA<\/strong><\/p>\n<audio class=\"wp-audio-shortcode\" id=\"audio-329266-6\" preload=\"none\" style=\"width: 100%;\" controls=\"controls\"><source type=\"audio\/mpeg\" src=\"https:\/\/www.radiopiu.net\/wordpress\/wp-content\/uploads\/2023\/03\/MUSLA-6.mp3?_=6\" \/><a href=\"https:\/\/www.radiopiu.net\/wordpress\/wp-content\/uploads\/2023\/03\/MUSLA-6.mp3\">https:\/\/www.radiopiu.net\/wordpress\/wp-content\/uploads\/2023\/03\/MUSLA-6.mp3<\/a><\/audio>\n<p>&nbsp;<\/p>\n<p><strong>LA RACCOLTA COMPLETA<\/strong><\/p>\n<blockquote class=\"wp-embedded-content\" data-secret=\"F0tX5RHRb6\"><p><a href=\"https:\/\/www.radiopiu.net\/wordpress\/musla\/\">MUSLA<\/a><\/p><\/blockquote>\n<p><iframe loading=\"lazy\" class=\"wp-embedded-content\" sandbox=\"allow-scripts\" security=\"restricted\" style=\"position: absolute; clip: rect(1px, 1px, 1px, 1px);\" title=\"&#8220;MUSLA&#8221; &#8212; Radio Pi\u00f9\" src=\"https:\/\/www.radiopiu.net\/wordpress\/musla\/embed\/#?secret=cV0TTK2jTm#?secret=F0tX5RHRb6\" data-secret=\"F0tX5RHRb6\" width=\"600\" height=\"338\" frameborder=\"0\" marginwidth=\"0\" marginheight=\"0\" scrolling=\"no\"><\/iframe><\/p>\n<p>&nbsp;<\/p>\n<h2><strong><a class=\"dt-pswp-item\" href=\"https:\/\/www.radiopiu.net\/wordpress\/wp-content\/uploads\/2020\/04\/PALESTRA.jpg\" data-dt-img-description=\"\" data-large_image_width=\"1920\" data-large_image_height=\"1285\"><img loading=\"lazy\" decoding=\"async\" class=\" wp-image-132128 alignleft\" src=\"https:\/\/www.radiopiu.net\/wordpress\/wp-content\/uploads\/2020\/04\/PALESTRA-300x201.jpg\" alt=\"\" width=\"166\" height=\"111\" srcset=\"https:\/\/www.radiopiu.net\/wordpress\/wp-content\/uploads\/2020\/04\/PALESTRA-300x201.jpg 300w, https:\/\/www.radiopiu.net\/wordpress\/wp-content\/uploads\/2020\/04\/PALESTRA-1024x685.jpg 1024w, https:\/\/www.radiopiu.net\/wordpress\/wp-content\/uploads\/2020\/04\/PALESTRA-768x514.jpg 768w, https:\/\/www.radiopiu.net\/wordpress\/wp-content\/uploads\/2020\/04\/PALESTRA-1536x1028.jpg 1536w, https:\/\/www.radiopiu.net\/wordpress\/wp-content\/uploads\/2020\/04\/PALESTRA.jpg 1920w\" sizes=\"auto, (max-width: 166px) 100vw, 166px\" \/><\/a><\/strong><span style=\"color: #ff00ff;\">ALLA PALESTRA B-FIT DI AGORDO CON MARTINA FADDA<\/span><\/h2>\n<p><strong>di Mirko Mezzacasa<\/strong><\/p>\n<p>OSPITE: Martina Fadda, dalla palestra B-Fit di Agordo<\/p>\n<audio class=\"wp-audio-shortcode\" id=\"audio-329266-7\" preload=\"none\" style=\"width: 100%;\" controls=\"controls\"><source type=\"audio\/mpeg\" src=\"https:\/\/www.radiopiu.net\/wordpress\/wp-content\/uploads\/2023\/03\/INTERVISTA-MARTINA.mp3?_=7\" \/><a href=\"https:\/\/www.radiopiu.net\/wordpress\/wp-content\/uploads\/2023\/03\/INTERVISTA-MARTINA.mp3\">https:\/\/www.radiopiu.net\/wordpress\/wp-content\/uploads\/2023\/03\/INTERVISTA-MARTINA.mp3<\/a><\/audio>\n<p>&nbsp;<\/p>\n<hr \/>\n<p>&nbsp;<\/p>\n<blockquote>\n<h3>L&#8217;ASSEMBLEA DEL CIRCOLO CULTURALE AGORDINO<\/h3>\n<\/blockquote>\n<p><strong>AGORDO<\/strong> E&#8217; in programma per oggi alle 10 in sala riunioni della Biblioteca Civica di Agordo, l&#8217;assemblea del Circolo Culturale Agordino. Si discuter\u00e0 delle linee programmatiche delle attivit\u00e0 del Circolo per il 2023, l&#8217;approvazione del bilancio 2022 e la relazione del bilancio sociale.<\/p>\n<p>&nbsp;<\/p>\n<p>&nbsp;<\/p>\n<hr \/>\n<p>&nbsp;<\/p>\n<blockquote>\n<h3>\u00a0LA GIORNATA ECOLOGICA<\/h3>\n<\/blockquote>\n<p><strong><a class=\"dt-pswp-item\" href=\"https:\/\/www.radiopiu.net\/wordpress\/wp-content\/uploads\/2023\/03\/Senza-nome-67.jpg\" data-dt-img-description=\"\" data-large_image_width=\"196\" data-large_image_height=\"136\"><img loading=\"lazy\" decoding=\"async\" class=\" wp-image-327468 alignleft\" src=\"https:\/\/www.radiopiu.net\/wordpress\/wp-content\/uploads\/2023\/03\/Senza-nome-67.jpg\" alt=\"\" width=\"187\" height=\"130\" \/><\/a><\/strong><\/p>\n<p><strong>CENCENIGHE<\/strong> Domani giornata ecologica organizzata da Comune e Proloco. Saranno raccolti i rifiuti abbandonati sul territorio (adulti, ragazzi, bambini). Alle 8 ritrovo adulti e assegnazioni di aree di pulizia, 845 ritrovo ragazzi e bambini. 12.30 pranzo per tutti i partecipanti al Nof Filo&#8217;\u00a0 L\u2019attrezzatura necessaria (sacchi, guanti) verr\u00e0 fornita da Valpe Ambiente. Le immondizie saranno poi conferite all\u2019ecocentro dove sar\u00e0 allestito un punto di raccolta apposito. In caso di maltempo la giornata sar\u00e0 posticipata a Domenica 16 Aprile. Informazioni, Ervin Lazzarini 347 8802294<\/p>\n<p>&nbsp;<\/p>\n<p>&nbsp;<\/p>\n<p>&nbsp;<\/p>\n<p>&nbsp;<\/p>\n<hr \/>\n<p>&nbsp;<\/p>\n<p>&nbsp;<\/p>\n<blockquote>\n<h1>Lupo, gatto cozza, cerca casa<\/h1>\n<\/blockquote>\n<p>di Iliana Comina<\/p>\n<p class=\"p1\">Ci sono animali che davvero hanno poca pace, o forse non riescono a trovare la persona a cui sono destinati. Lui \u00e8 Lupo raccolto in strada pi\u00f9 morto che vivo, curato amorevolmente dai volontari per cui iniettato non solo di farmaci ma anche di fiducia nel genere umano, fiducia che si \u00e8 esaurita ben presto, dapprima adottato e poi rimandato al mittente perch\u00e8 si \u00e8 preferito a lui un cucciolo di cane, poi riadottato e rimandato indietro per motivazioni non ben chiare. E\u2019 un gatto cozza ovvero un supercoccoloso che ama il contatto umano forse perch\u00e8 ne ha avuto ben poco e di scarsa qualit\u00e0. Per cui chi volesse adottare questo piccolo Lord dall\u2019aspetto un po\u2019 dandy e distinto si faccia avanti ma abbia anche le idee ben chiare, Lupo non \u00e8 un giocattolo, non \u00e8 un pacco postale, e in quando a disavventure ha gi\u00e0 dato abbondantemente. Per chi volesse pi\u00f9 info o si fosse innamorato a prima vista pu\u00f2 chiamare le volontarie di Randagi agordini <span class=\"s1\"> Federica 346 4312642 o Rosa 346 3584424, se non vi rispondono mandate un messaggio verrete richiamati. Grazie!<\/span><\/p>\n\n\t\t\t<style type='text\/css'>\n\t\t\t\t#gallery-6 {\n\t\t\t\t\tmargin: auto;\n\t\t\t\t}\n\t\t\t\t#gallery-6 .gallery-item {\n\t\t\t\t\tfloat: left;\n\t\t\t\t\tmargin-top: 10px;\n\t\t\t\t\ttext-align: center;\n\t\t\t\t\twidth: 25%;\n\t\t\t\t}\n\t\t\t\t#gallery-6 img {\n\t\t\t\t\tborder: 2px solid #cfcfcf;\n\t\t\t\t}\n\t\t\t\t#gallery-6 .gallery-caption {\n\t\t\t\t\tmargin-left: 0;\n\t\t\t\t}\n\t\t\t\t\/* see gallery_shortcode() in wp-includes\/media.php *\/\n\t\t\t<\/style>\n\t\t<div id='gallery-6' class='dt-gallery-container gallery galleryid-329266 gallery-columns-4 gallery-size-thumbnail'><dl class='gallery-item'>\n\t\t\t\t<dt class='gallery-icon landscape'>\n\t\t\t\t\t<a class=\"rollover rollover-zoom dt-pswp-item\" title=\"339115321_730413905465993_2559648238975759586_n\" data-dt-img-description=\"\" data-large_image_width=\"750\" data-large_image_height=\"602\"href='https:\/\/www.radiopiu.net\/wordpress\/wp-content\/uploads\/2023\/03\/339115321_730413905465993_2559648238975759586_n.jpeg'><img loading=\"lazy\" decoding=\"async\" width=\"150\" height=\"150\" src=\"https:\/\/www.radiopiu.net\/wordpress\/wp-content\/uploads\/2023\/03\/339115321_730413905465993_2559648238975759586_n-150x150.jpeg\" class=\"attachment-thumbnail size-thumbnail\" alt=\"\" \/><\/a>\n\t\t\t\t<\/dt><\/dl><dl class='gallery-item'>\n\t\t\t\t<dt class='gallery-icon landscape'>\n\t\t\t\t\t<a class=\"rollover rollover-zoom dt-pswp-item\" title=\"339093879_751163339796824_2325495076955505136_n\" data-dt-img-description=\"\" data-large_image_width=\"841\" data-large_image_height=\"719\"href='https:\/\/www.radiopiu.net\/wordpress\/wp-content\/uploads\/2023\/03\/339093879_751163339796824_2325495076955505136_n.jpeg'><img loading=\"lazy\" decoding=\"async\" width=\"150\" height=\"150\" src=\"https:\/\/www.radiopiu.net\/wordpress\/wp-content\/uploads\/2023\/03\/339093879_751163339796824_2325495076955505136_n-150x150.jpeg\" class=\"attachment-thumbnail size-thumbnail\" alt=\"\" \/><\/a>\n\t\t\t\t<\/dt><\/dl><dl class='gallery-item'>\n\t\t\t\t<dt class='gallery-icon portrait'>\n\t\t\t\t\t<a class=\"rollover rollover-zoom dt-pswp-item\" title=\"339086856_1244297809663820_8930287353423173636_n\" data-dt-img-description=\"\" data-large_image_width=\"385\" data-large_image_height=\"416\"href='https:\/\/www.radiopiu.net\/wordpress\/wp-content\/uploads\/2023\/03\/339086856_1244297809663820_8930287353423173636_n.jpeg'><img loading=\"lazy\" decoding=\"async\" width=\"150\" height=\"150\" src=\"https:\/\/www.radiopiu.net\/wordpress\/wp-content\/uploads\/2023\/03\/339086856_1244297809663820_8930287353423173636_n-150x150.jpeg\" class=\"attachment-thumbnail size-thumbnail\" alt=\"\" \/><\/a>\n\t\t\t\t<\/dt><\/dl><dl class='gallery-item'>\n\t\t\t\t<dt class='gallery-icon landscape'>\n\t\t\t\t\t<a class=\"rollover rollover-zoom dt-pswp-item\" title=\"338860022_740916321043868_2417166395405115618_n\" data-dt-img-description=\"\" data-large_image_width=\"750\" data-large_image_height=\"558\"href='https:\/\/www.radiopiu.net\/wordpress\/wp-content\/uploads\/2023\/03\/338860022_740916321043868_2417166395405115618_n.jpeg'><img loading=\"lazy\" decoding=\"async\" width=\"150\" height=\"150\" src=\"https:\/\/www.radiopiu.net\/wordpress\/wp-content\/uploads\/2023\/03\/338860022_740916321043868_2417166395405115618_n-150x150.jpeg\" class=\"attachment-thumbnail size-thumbnail\" alt=\"\" \/><\/a>\n\t\t\t\t<\/dt><\/dl><br style=\"clear: both\" \/>\n\t\t\t<\/div>\n\n<p>&nbsp;<\/p>\n<p>&nbsp;<\/p>\n<hr \/>\n<p>&nbsp;<\/p>\n<p>&nbsp;<\/p>\n<blockquote>\n<h2>CHE SORPRESA A PASQUA!<\/h2>\n<blockquote>\n<h3><em>LA SCUOLA DI SCI E SNOWBOARD EQUIPE FALCADE PROMUOVE OFFERTE&#8230;DA GIORNI DI FESTA<\/em><\/h3>\n<p>audio<\/p>\n<audio class=\"wp-audio-shortcode\" id=\"audio-329266-8\" preload=\"none\" style=\"width: 100%;\" controls=\"controls\"><source type=\"audio\/mpeg\" src=\"https:\/\/www.radiopiu.net\/wordpress\/wp-content\/uploads\/2023\/03\/scuola-sci-falcade-c-Copia.mp3?_=8\" \/><a href=\"https:\/\/www.radiopiu.net\/wordpress\/wp-content\/uploads\/2023\/03\/scuola-sci-falcade-c-Copia.mp3\">https:\/\/www.radiopiu.net\/wordpress\/wp-content\/uploads\/2023\/03\/scuola-sci-falcade-c-Copia.mp3<\/a><\/audio><\/blockquote>\n<\/blockquote>\n<p><strong>FINO AL 10 APRILE<\/strong>, SUPER SUN: prenota 3 ore di lezione privata paghi solo 2 ore <strong>DAL 6 AL 10 APRILE,<\/strong> corso collettivo per\u00a0 bambini ed adulti\u00a0 tutti i livelli\u00a0 dalle 10 alle 13 \u2013 non \u00e8 obbligatoria l\u2019iscrizione per tutti i 5 giorni si accettano prenotazione anche parziali pasqua a FALCADE, LE VANTAGGIOSE PROPOSTE DELLA SCUOLA SCI E SNOWBOARD EQUIPE FALCADE INFO 0437\/599616 \u2013 mail <a href=\"mailto:info@scuolasciequipe.it\">info@scuolasciequipe.it<\/a><\/p>\n\n\t\t\t<style type='text\/css'>\n\t\t\t\t#gallery-7 {\n\t\t\t\t\tmargin: auto;\n\t\t\t\t}\n\t\t\t\t#gallery-7 .gallery-item {\n\t\t\t\t\tfloat: left;\n\t\t\t\t\tmargin-top: 10px;\n\t\t\t\t\ttext-align: center;\n\t\t\t\t\twidth: 50%;\n\t\t\t\t}\n\t\t\t\t#gallery-7 img {\n\t\t\t\t\tborder: 2px solid #cfcfcf;\n\t\t\t\t}\n\t\t\t\t#gallery-7 .gallery-caption {\n\t\t\t\t\tmargin-left: 0;\n\t\t\t\t}\n\t\t\t\t\/* see gallery_shortcode() in wp-includes\/media.php *\/\n\t\t\t<\/style>\n\t\t<div id='gallery-7' class='dt-gallery-container gallery galleryid-329266 gallery-columns-2 gallery-size-thumbnail'><dl class='gallery-item'>\n\t\t\t\t<dt class='gallery-icon portrait'>\n\t\t\t\t\t<a class=\"rollover rollover-zoom dt-pswp-item\" title=\"Corso di pasqua 2023\" data-dt-img-description=\"\" data-large_image_width=\"1810\" data-large_image_height=\"2560\"href='https:\/\/www.radiopiu.net\/wordpress\/wp-content\/uploads\/2023\/03\/Corso-di-pasqua-2023-scaled.jpg'><img loading=\"lazy\" decoding=\"async\" width=\"150\" height=\"150\" src=\"https:\/\/www.radiopiu.net\/wordpress\/wp-content\/uploads\/2023\/03\/Corso-di-pasqua-2023-150x150.jpg\" class=\"attachment-thumbnail size-thumbnail\" alt=\"\" \/><\/a>\n\t\t\t\t<\/dt><\/dl><dl class='gallery-item'>\n\t\t\t\t<dt class='gallery-icon landscape'>\n\t\t\t\t\t<a class=\"rollover rollover-zoom dt-pswp-item\" title=\"EQUIPE SUPER SUN 2023\" data-dt-img-description=\"\" data-large_image_width=\"2067\" data-large_image_height=\"738\"href='https:\/\/www.radiopiu.net\/wordpress\/wp-content\/uploads\/2023\/03\/EQUIPE-SUPER-SUN-2023.jpg'><img loading=\"lazy\" decoding=\"async\" width=\"150\" height=\"150\" src=\"https:\/\/www.radiopiu.net\/wordpress\/wp-content\/uploads\/2023\/03\/EQUIPE-SUPER-SUN-2023-150x150.jpg\" class=\"attachment-thumbnail size-thumbnail\" alt=\"\" \/><\/a>\n\t\t\t\t<\/dt><\/dl><br style=\"clear: both\" \/>\n\t\t\t<\/div>\n\n<p>&nbsp;<\/p>\n<hr \/>\n<p>&nbsp;<\/p>\n<p>&nbsp;<\/p>\n<blockquote>\n<h3><a class=\"dt-pswp-item\" href=\"https:\/\/www.radiopiu.net\/wordpress\/wp-content\/uploads\/2023\/03\/316804783_587411910051783_8683170444582843741_n.jpg\" data-dt-img-description=\"\" data-large_image_width=\"1440\" data-large_image_height=\"1440\"><img loading=\"lazy\" decoding=\"async\" class=\"wp-image-329033 alignleft\" src=\"https:\/\/www.radiopiu.net\/wordpress\/wp-content\/uploads\/2023\/03\/316804783_587411910051783_8683170444582843741_n-300x300.jpg\" alt=\"\" width=\"157\" height=\"157\" srcset=\"https:\/\/www.radiopiu.net\/wordpress\/wp-content\/uploads\/2023\/03\/316804783_587411910051783_8683170444582843741_n-300x300.jpg 300w, https:\/\/www.radiopiu.net\/wordpress\/wp-content\/uploads\/2023\/03\/316804783_587411910051783_8683170444582843741_n-1024x1024.jpg 1024w, https:\/\/www.radiopiu.net\/wordpress\/wp-content\/uploads\/2023\/03\/316804783_587411910051783_8683170444582843741_n-150x150.jpg 150w, https:\/\/www.radiopiu.net\/wordpress\/wp-content\/uploads\/2023\/03\/316804783_587411910051783_8683170444582843741_n-768x768.jpg 768w, https:\/\/www.radiopiu.net\/wordpress\/wp-content\/uploads\/2023\/03\/316804783_587411910051783_8683170444582843741_n.jpg 1440w\" sizes=\"auto, (max-width: 157px) 100vw, 157px\" \/><\/a>PER NON BRUCIARE LA CARNE AL BARBECUE&#8230; I CORSI DI GARDEN DOLOMITI<\/h3>\n<\/blockquote>\n<p><strong>L&#8217;INTERVISTA A JO&#8230;<\/strong><\/p>\n<p><strong>di mirko mezzacasa<\/strong><\/p>\n<audio class=\"wp-audio-shortcode\" id=\"audio-329266-9\" preload=\"none\" style=\"width: 100%;\" controls=\"controls\"><source type=\"audio\/mpeg\" src=\"https:\/\/www.radiopiu.net\/wordpress\/wp-content\/uploads\/2023\/03\/la-grigliata-di-jo.mp3?_=9\" \/><a href=\"https:\/\/www.radiopiu.net\/wordpress\/wp-content\/uploads\/2023\/03\/la-grigliata-di-jo.mp3\">https:\/\/www.radiopiu.net\/wordpress\/wp-content\/uploads\/2023\/03\/la-grigliata-di-jo.mp3<\/a><\/audio>\n<p><strong>LO SPOT ALLA RADIO<\/strong><\/p>\n<audio class=\"wp-audio-shortcode\" id=\"audio-329266-10\" preload=\"none\" style=\"width: 100%;\" controls=\"controls\"><source type=\"audio\/mpeg\" src=\"https:\/\/www.radiopiu.net\/wordpress\/wp-content\/uploads\/2023\/03\/dolomiti-garden-1-c.mp3?_=10\" \/><a href=\"https:\/\/www.radiopiu.net\/wordpress\/wp-content\/uploads\/2023\/03\/dolomiti-garden-1-c.mp3\">https:\/\/www.radiopiu.net\/wordpress\/wp-content\/uploads\/2023\/03\/dolomiti-garden-1-c.mp3<\/a><\/audio>\n<p>&nbsp;<\/p>\n<p>&nbsp;<\/p>\n<hr \/>\n<p>&nbsp;<\/p>\n<p>&nbsp;<\/p>\n<blockquote class=\"wp-embedded-content\" data-secret=\"wTysur6MIC\"><p><a href=\"https:\/\/www.radiopiu.net\/wordpress\/a-danzarfortuna-2023-la-lotteria-dellada-ecco-i-biglietti-vincenti\/\">A DANZARFORTUNA 2023,  LA LOTTERIA DELL&#8217;ADA ECCO I BIGLIETTI VINCENTI<\/a><\/p><\/blockquote>\n<p><iframe loading=\"lazy\" class=\"wp-embedded-content\" sandbox=\"allow-scripts\" security=\"restricted\" style=\"position: absolute; clip: rect(1px, 1px, 1px, 1px);\" title=\"&#8220;A DANZARFORTUNA 2023,  LA LOTTERIA DELL&#8217;ADA ECCO I BIGLIETTI VINCENTI&#8221; &#8212; Radio Pi\u00f9\" src=\"https:\/\/www.radiopiu.net\/wordpress\/a-danzarfortuna-2023-la-lotteria-dellada-ecco-i-biglietti-vincenti\/embed\/#?secret=oL78S29qbL#?secret=wTysur6MIC\" data-secret=\"wTysur6MIC\" width=\"600\" height=\"338\" frameborder=\"0\" marginwidth=\"0\" marginheight=\"0\" scrolling=\"no\"><\/iframe><\/p>\n<p>&nbsp;<\/p>\n<p>&nbsp;<\/p>\n<hr \/>\n<p>&nbsp;<\/p>\n<blockquote>\n<h3>L&#8217;ASSEMBLEA DELLA CROCE BIANCA DI LIVINALLONGO<\/h3>\n<\/blockquote>\n<p><strong>LIVINALLONGO<\/strong> E&#8217; in programma il 14 aprile alle 19:30\u00a0 l&#8217;assemblea generale della Croce Bianca Livinallongo. I soci si ritroveranno alla sala Bo\u00e8 di Arabba per parlare del resoconto delle attivit\u00e0 dello scorso anno, l&#8217;elezione dei delegati e l&#8217;intervento del responsabile gruppo giovani. L&#8217;occasione anche per consegnare le onorificenze e per un momento conviviale.<\/p>\n<p>&nbsp;<\/p>\n<p>&nbsp;<\/p>\n<p>&nbsp;<\/p>\n<hr \/>\n<blockquote>\n<h3><a class=\"dt-pswp-item\" href=\"https:\/\/www.radiopiu.net\/wordpress\/wp-content\/uploads\/2023\/03\/830d8627-650c-46a2-a2a3-93ca842ba544.jpg\" data-dt-img-description=\"\" data-large_image_width=\"1080\" data-large_image_height=\"1620\"><img loading=\"lazy\" decoding=\"async\" class=\"size-medium wp-image-329174 alignleft\" src=\"https:\/\/www.radiopiu.net\/wordpress\/wp-content\/uploads\/2023\/03\/830d8627-650c-46a2-a2a3-93ca842ba544-200x300.jpg\" alt=\"\" width=\"200\" height=\"300\" srcset=\"https:\/\/www.radiopiu.net\/wordpress\/wp-content\/uploads\/2023\/03\/830d8627-650c-46a2-a2a3-93ca842ba544-200x300.jpg 200w, https:\/\/www.radiopiu.net\/wordpress\/wp-content\/uploads\/2023\/03\/830d8627-650c-46a2-a2a3-93ca842ba544-683x1024.jpg 683w, https:\/\/www.radiopiu.net\/wordpress\/wp-content\/uploads\/2023\/03\/830d8627-650c-46a2-a2a3-93ca842ba544-768x1152.jpg 768w, https:\/\/www.radiopiu.net\/wordpress\/wp-content\/uploads\/2023\/03\/830d8627-650c-46a2-a2a3-93ca842ba544-1024x1536.jpg 1024w, https:\/\/www.radiopiu.net\/wordpress\/wp-content\/uploads\/2023\/03\/830d8627-650c-46a2-a2a3-93ca842ba544.jpg 1080w\" sizes=\"auto, (max-width: 200px) 100vw, 200px\" \/><\/a><\/h3>\n<h3><\/h3>\n<h3><\/h3>\n<h3>IL MERCATINO DI ARTE E SAPORI AD ALLEGHE RINVIATO A FINE APRILE<\/h3>\n<\/blockquote>\n<p>&nbsp;<\/p>\n<p>&nbsp;<\/p>\n<p>&nbsp;<\/p>\n<p>&nbsp;<\/p>\n<p>&nbsp;<\/p>\n<p>&nbsp;<\/p>\n<p>&nbsp;<\/p>\n<p>&nbsp;<\/p>\n<p>&nbsp;<\/p>\n<hr \/>\n<p>&nbsp;<\/p>\n<h3><a class=\"dt-pswp-item\" href=\"https:\/\/www.radiopiu.net\/wordpress\/wp-content\/uploads\/2023\/03\/CORO-BYV-con-il-Direttore-Radmila-Visentin-scaled.jpg\" data-dt-img-description=\"\" data-large_image_width=\"2560\" data-large_image_height=\"1440\"><img loading=\"lazy\" decoding=\"async\" class=\" wp-image-328627 alignleft\" src=\"https:\/\/www.radiopiu.net\/wordpress\/wp-content\/uploads\/2023\/03\/CORO-BYV-con-il-Direttore-Radmila-Visentin-300x169.jpg\" alt=\"\" width=\"197\" height=\"111\" srcset=\"https:\/\/www.radiopiu.net\/wordpress\/wp-content\/uploads\/2023\/03\/CORO-BYV-con-il-Direttore-Radmila-Visentin-300x169.jpg 300w, https:\/\/www.radiopiu.net\/wordpress\/wp-content\/uploads\/2023\/03\/CORO-BYV-con-il-Direttore-Radmila-Visentin-1024x576.jpg 1024w, https:\/\/www.radiopiu.net\/wordpress\/wp-content\/uploads\/2023\/03\/CORO-BYV-con-il-Direttore-Radmila-Visentin-768x432.jpg 768w, https:\/\/www.radiopiu.net\/wordpress\/wp-content\/uploads\/2023\/03\/CORO-BYV-con-il-Direttore-Radmila-Visentin-1536x864.jpg 1536w, https:\/\/www.radiopiu.net\/wordpress\/wp-content\/uploads\/2023\/03\/CORO-BYV-con-il-Direttore-Radmila-Visentin-2048x1152.jpg 2048w\" sizes=\"auto, (max-width: 197px) 100vw, 197px\" \/><\/a>DALLA GUERRA ALLA PACE&#8230;IL CONCERTO A BELLUNO<\/h3>\n<p><strong>BELLUNO <\/strong>\u201cDalla guerra alla Pace\u201d \u00e8 il tema del concerto corale organizzato dall\u2019Associazione Culturale Arte Nuova, presso la sala polifunzionale dell\u2019Istituto Salesiano Agosti a Belluno, oggi ore 20:45. Saranno protagonisti il Gruppo \u201cSolo Voci\u201d coro maschile di Feltre ospite del Coro Belluno Young Voices. L\u2019evento vuole essere un\u2019occasione di aggregazione sociale e promozione del valore universale della pace.<\/p>\n<p>&nbsp;<\/p>\n<p>&nbsp;<\/p>\n<hr \/>\n<p>&nbsp;<\/p>\n<blockquote>\n<h3>DOMANI IL CONCERTO DI INAUGURAZIONE DEL CONCORSO MUSICALE NAZIONALE A BELLUNO<\/h3>\n<\/blockquote>\n<p><strong>BELLUNO<\/strong> Si svolger\u00e0 domani alle 18 al teatro Comunale di Belluno il concerto inaugurale del Concorso Musicale Nazionale Citt\u00e0 di Belluno. Al concerto si esibiranno alcuni vincitori dell&#8217;edizione 2022 e alcuni piccoli talenti dell&#8217;edizione 2023. Il concorso \u00e8 organizzato dall&#8217;Associazione Gocce di Sole Aps in collaborazione con il Comune di Belluno, la Fondazione Teatri Delle Dolomiti e la Banca Prealpi Sanbiagio e si svolger\u00e0 dal 2 al 21 maggio.<\/p>\n<p>&nbsp;<\/p>\n<p>&nbsp;<\/p>\n<hr \/>\n<p>&nbsp;<\/p>\n<blockquote>\n<h3>PASQUA IN VALLE DEL BIOIS<\/h3>\n<\/blockquote>\n<p><strong>VALLE DEL BIOIS<\/strong> Sono tre gli appuntamenti in programma nel fine settimana di Pasqua in Valle del Biois. Domenica 9 aprile a Canale D&#8217;Agordo il Tiro Al Vof con chiosco a cura dell&#8217;Hockey Club Canale. Luned\u00ec 10 aprile a Falcade il mercatino di Pasquetta e alle 11:30 nel giardino del Festil la caccia alle uova per bambini dai 3 agli 11 anni.<\/p>\n<p>&nbsp;<\/p>\n<p>&nbsp;<\/p>\n<hr \/>\n<p>&nbsp;<\/p>\n<blockquote>\n<h3>LA PESCA DI BENEFICENZA A CENCENIGHE<\/h3>\n<\/blockquote>\n<p><strong>CENCENIGHE<\/strong> Il Gruppo Insieme Si Pu\u00f2 di Cencenighe organizza per i giorni 8, 9, 10 aprile la pesca di beneficenza agli ex garage della canonica. Si potr\u00e0 accedere dalle 9 alle 12 e dalle 15 alle 19.<\/p>\n<p>&nbsp;<\/p>\n<p>&nbsp;<\/p>\n<hr \/>\n<p>&nbsp;<\/p>\n<blockquote>\n<h3>IN PARADISUM CON LE MUSE E LE DOLOMITI<\/h3>\n<\/blockquote>\n<p><strong>CANALE D&#8217;AGORDO<\/strong> E&#8217; in programma per luned\u00ec 10 aprile, nella chiesa arcipretale di Canale D&#8217;Agordo, il concerto vocale sacro teatrale &#8220;In Paradisum&#8221;. Inizio alle 21 con ingresso libero<\/p>\n<p>&nbsp;<\/p>\n<p>&nbsp;<\/p>\n<hr \/>\n<p>&nbsp;<\/p>\n<p>&nbsp;<\/p>\n<div>\n<div class=\"b654a4as d2edcug0\">\n<div class=\"rq0escxv hkbzh7o3 jwdofwj8 n8tt0mok r8blr3vg hyh9befq\">\n<p><a class=\"dt-pswp-item\" href=\"https:\/\/www.radiopiu.net\/wordpress\/wp-content\/uploads\/2020\/10\/pp.jpg\" data-dt-img-description=\"\" data-large_image_width=\"640\" data-large_image_height=\"640\"><img loading=\"lazy\" decoding=\"async\" class=\"wp-image-163678 alignleft\" src=\"https:\/\/www.radiopiu.net\/wordpress\/wp-content\/uploads\/2020\/10\/pp-300x300.jpg\" alt=\"\" width=\"106\" height=\"106\" srcset=\"https:\/\/www.radiopiu.net\/wordpress\/wp-content\/uploads\/2020\/10\/pp-300x300.jpg 300w, https:\/\/www.radiopiu.net\/wordpress\/wp-content\/uploads\/2020\/10\/pp-150x150.jpg 150w, https:\/\/www.radiopiu.net\/wordpress\/wp-content\/uploads\/2020\/10\/pp-125x125.jpg 125w, https:\/\/www.radiopiu.net\/wordpress\/wp-content\/uploads\/2020\/10\/pp-200x200.jpg 200w, https:\/\/www.radiopiu.net\/wordpress\/wp-content\/uploads\/2020\/10\/pp-80x80.jpg 80w, https:\/\/www.radiopiu.net\/wordpress\/wp-content\/uploads\/2020\/10\/pp-480x480.jpg 480w, https:\/\/www.radiopiu.net\/wordpress\/wp-content\/uploads\/2020\/10\/pp.jpg 640w\" sizes=\"auto, (max-width: 106px) 100vw, 106px\" \/><\/a><\/p>\n<\/div>\n<\/div>\n<\/div>\n<div>\n<div class=\"page-title-head hgroup\">\n<div class=\"page-title-head hgroup\">\n<div class=\"b654a4as d2edcug0\">\n<div class=\"j83agx80 btwxx1t3 lhclo0ds hop8lmos nkwizq5d scwd0bx6 roh60bw9\">\n<div class=\"rq0escxv hkbzh7o3 jwdofwj8 n8tt0mok r8blr3vg hyh9befq\">\n<div class=\"do00u71z l9j0dhe7 k4urcfbm\" style=\"text-align: left;\">\n<h2><span style=\"color: #000080;\">DON CESARE, IL PENSIERO DEL GIORNO. ALLA RADIO ALLE 7 DEL MATTINO E ALLE 19.30 DELLA SERA\u00a0<\/span><\/h2>\n<audio class=\"wp-audio-shortcode\" id=\"audio-329266-11\" preload=\"none\" style=\"width: 100%;\" controls=\"controls\"><source type=\"audio\/mpeg\" src=\"https:\/\/www.radiopiu.net\/wordpress\/wp-content\/uploads\/2023\/03\/CESARE-24.mp3?_=11\" \/><a href=\"https:\/\/www.radiopiu.net\/wordpress\/wp-content\/uploads\/2023\/03\/CESARE-24.mp3\">https:\/\/www.radiopiu.net\/wordpress\/wp-content\/uploads\/2023\/03\/CESARE-24.mp3<\/a><\/audio>\n<p>&nbsp;<\/p>\n<p>&nbsp;<\/p>\n<\/div>\n<\/div>\n<\/div>\n<\/div>\n<\/div>\n<\/div>\n<\/div>\n<p>&nbsp;<\/p>\n<hr \/>\n<p>&nbsp;<\/p>\n<p>&nbsp;<\/p>\n<blockquote>\n<h2>MIRTA AMANDA BARBONETTI LEGGE ALFONSO BREZMES &#8220;PARADISO IN CORSO D&#8217;OPERA&#8221;<\/h2>\n<\/blockquote>\n<h2><span style=\"color: #ff00ff;\">IN VIVO VERSO\u00a0 \u00a0 <\/span><\/h2>\n<p>AUDIO<\/p>\n<audio class=\"wp-audio-shortcode\" id=\"audio-329266-12\" preload=\"none\" style=\"width: 100%;\" controls=\"controls\"><source type=\"audio\/mpeg\" src=\"https:\/\/www.radiopiu.net\/wordpress\/wp-content\/uploads\/2021\/03\/05-MIRTA-ARMANDA-BARBONETTI.mp3?_=12\" \/><a href=\"https:\/\/www.radiopiu.net\/wordpress\/wp-content\/uploads\/2021\/03\/05-MIRTA-ARMANDA-BARBONETTI.mp3\">https:\/\/www.radiopiu.net\/wordpress\/wp-content\/uploads\/2021\/03\/05-MIRTA-ARMANDA-BARBONETTI.mp3<\/a><\/audio>\n<p>&nbsp;<\/p>\n<p><a class=\"dt-pswp-item\" href=\"https:\/\/www.radiopiu.net\/wordpress\/wp-content\/uploads\/2023\/03\/5-MIRTA-BARBONETTI.jpg\" data-dt-img-description=\"\" data-large_image_width=\"750\" data-large_image_height=\"738\"><img loading=\"lazy\" decoding=\"async\" class=\" wp-image-329335 alignleft\" src=\"https:\/\/www.radiopiu.net\/wordpress\/wp-content\/uploads\/2023\/03\/5-MIRTA-BARBONETTI-300x295.jpg\" alt=\"\" width=\"149\" height=\"147\" srcset=\"https:\/\/www.radiopiu.net\/wordpress\/wp-content\/uploads\/2023\/03\/5-MIRTA-BARBONETTI-300x295.jpg 300w, https:\/\/www.radiopiu.net\/wordpress\/wp-content\/uploads\/2023\/03\/5-MIRTA-BARBONETTI.jpg 750w\" sizes=\"auto, (max-width: 149px) 100vw, 149px\" \/><\/a>Mirta Amanda Barbonetti<br \/>\nlegge Alfonso Brezmes<\/p>\n<p>PARADISO IN CORSO D&#8217;OPERA<\/p>\n<p>Sali?<br \/>\nHo calzato gli stivali dalle sette leghe<br \/>\ne ho ancora spazio nella mia vecchia bisaccia<br \/>\nper qualche animale randagio.<\/p>\n<p>Abbiamo tutto il tempo che vogliamo<br \/>\nper perderlo in orologi che vanno indietro;<br \/>\nconosciamo la meccanica dell&#8217;usura,<br \/>\nla ruggine delle buone abitudini,<br \/>\nla solidificazione dei giorni identici;<br \/>\nle parole consumate gi\u00e0 le conosciamo.<\/p>\n<p>Ti offro il caso, quello che trema<br \/>\nnel cuore dei bambini,<br \/>\nrari momenti fugaci<br \/>\ndi qualcosa che sembra amore e un buono<br \/>\ndi soggiorno per due nei miei sogni.<\/p>\n<p>Ti consegno l&#8217;incertezza, la vigilia,<br \/>\nci\u00f2 che ancora non \u00e8 qui,<br \/>\nci\u00f2 che non ha ombra,<br \/>\nil frutto dell&#8217;albero del Bene e del Male,<br \/>\nla trappola perfetta del noi.<\/p>\n<p>Sali:<br \/>\nperderemo insieme il paradiso.<\/p>\n<p>&nbsp;<\/p>\n<p>&nbsp;<\/p>\n<p><strong>LA RACCOLTA COMPLETA<\/strong><\/p>\n<div dir=\"auto\">\n<div dir=\"auto\">\n<div dir=\"auto\">\n<div dir=\"auto\">\n<div dir=\"auto\">\n<div dir=\"auto\">\n<blockquote class=\"wp-embedded-content\" data-secret=\"MLD9ypvVl1\"><p><a href=\"https:\/\/www.radiopiu.net\/wordpress\/in-vivo-verso\/\">In Vivo Verso<\/a><\/p><\/blockquote>\n<p><iframe loading=\"lazy\" class=\"wp-embedded-content\" sandbox=\"allow-scripts\" security=\"restricted\" style=\"position: absolute; clip: rect(1px, 1px, 1px, 1px);\" title=\"&#8220;In Vivo Verso&#8221; &#8212; Radio Pi\u00f9\" src=\"https:\/\/www.radiopiu.net\/wordpress\/in-vivo-verso\/embed\/#?secret=9BRCwuFXJK#?secret=MLD9ypvVl1\" data-secret=\"MLD9ypvVl1\" width=\"600\" height=\"338\" frameborder=\"0\" marginwidth=\"0\" marginheight=\"0\" scrolling=\"no\"><\/iframe><\/p>\n<\/div>\n<\/div>\n<\/div>\n<\/div>\n<\/div>\n<\/div>\n<p>&nbsp;<\/p>\n<hr \/>\n<p>&nbsp;<\/p>\n<h2><span style=\"color: #008080;\">GOCCE DI FILOSOFIA\u00a0<\/span><\/h2>\n<div class=\"page-title-head hgroup\">\n<h3 class=\"entry-title\">GOCCE DI FILOSOFIA \u2013 PUNTATA 280 \u2013 CHIARA CAU<\/h3>\n<audio class=\"wp-audio-shortcode\" id=\"audio-329266-13\" preload=\"none\" style=\"width: 100%;\" controls=\"controls\"><source type=\"audio\/mpeg\" src=\"https:\/\/www.radiopiu.net\/wordpress\/wp-content\/uploads\/2023\/03\/FI5-3.mp3?_=13\" \/><a href=\"https:\/\/www.radiopiu.net\/wordpress\/wp-content\/uploads\/2023\/03\/FI5-3.mp3\">https:\/\/www.radiopiu.net\/wordpress\/wp-content\/uploads\/2023\/03\/FI5-3.mp3<\/a><\/audio>\n<\/div>\n<div class=\"page-title-breadcrumbs\"><\/div>\n<blockquote class=\"wp-embedded-content\" data-secret=\"2YqpqCJllY\"><p><a href=\"https:\/\/www.radiopiu.net\/wordpress\/gocce-filosofia\/\">Gocce di filosofia,  LA TERZA STAGIONE&#8230; 2023<\/a><\/p><\/blockquote>\n<p><iframe loading=\"lazy\" class=\"wp-embedded-content\" sandbox=\"allow-scripts\" security=\"restricted\" style=\"position: absolute; clip: rect(1px, 1px, 1px, 1px);\" title=\"&#8220;Gocce di filosofia,  LA TERZA STAGIONE&#8230; 2023&#8221; &#8212; Radio Pi\u00f9\" src=\"https:\/\/www.radiopiu.net\/wordpress\/gocce-filosofia\/embed\/#?secret=gMvbZCi1vv#?secret=2YqpqCJllY\" data-secret=\"2YqpqCJllY\" width=\"600\" height=\"338\" frameborder=\"0\" marginwidth=\"0\" marginheight=\"0\" scrolling=\"no\"><\/iframe><\/p>\n<p>&nbsp;<\/p>\n<hr \/>\n<p>&nbsp;<\/p>\n<p>&nbsp;<\/p>\n<p><strong>LA RACCOLTA COMPLETA<\/strong><\/p>\n<blockquote class=\"wp-embedded-content\" data-secret=\"IBcEiztUMI\"><p><a href=\"https:\/\/www.radiopiu.net\/wordpress\/ama-dolomiti-lidap-lega-italiana-contro-i-disturbi-di-attacchi-di-panico-puntata-del-13-marzo-2023\/\">AMA DOLOMITI -&#8220;MICHELA E L&#8217;ASSOCIAZIONE ITALIANA TUTELA SALUTE MENTALE DI BELLUNO&#8221; &#8211; PUNTATA DEL 27 MARZO 2023<\/a><\/p><\/blockquote>\n<p><iframe loading=\"lazy\" class=\"wp-embedded-content\" sandbox=\"allow-scripts\" security=\"restricted\" style=\"position: absolute; clip: rect(1px, 1px, 1px, 1px);\" title=\"&#8220;AMA DOLOMITI -&#8220;MICHELA E L&#8217;ASSOCIAZIONE ITALIANA TUTELA SALUTE MENTALE DI BELLUNO&#8221; &#8211; PUNTATA DEL 27 MARZO 2023&#8221; &#8212; Radio Pi\u00f9\" src=\"https:\/\/www.radiopiu.net\/wordpress\/ama-dolomiti-lidap-lega-italiana-contro-i-disturbi-di-attacchi-di-panico-puntata-del-13-marzo-2023\/embed\/#?secret=gKorOLLQ1K#?secret=IBcEiztUMI\" data-secret=\"IBcEiztUMI\" width=\"600\" height=\"338\" frameborder=\"0\" marginwidth=\"0\" marginheight=\"0\" scrolling=\"no\"><\/iframe><\/p>\n<p>&nbsp;<\/p>\n<p>&nbsp;<\/p>\n<p>&nbsp;<\/p>\n<hr \/>\n<p>&nbsp;<\/p>\n<div class=\"column\">\n<p><img loading=\"lazy\" decoding=\"async\" class=\"aligncenter wp-image-61954 size-full\" src=\"https:\/\/www.radiopiu.net\/wordpress\/wp-content\/uploads\/2018\/09\/viabilita.jpeg\" sizes=\"auto, (max-width: 800px) 100vw, 800px\" srcset=\"https:\/\/www.radiopiu.net\/wordpress\/wp-content\/uploads\/2018\/09\/viabilita.jpeg 800w, https:\/\/www.radiopiu.net\/wordpress\/wp-content\/uploads\/2018\/09\/viabilita-300x38.jpeg 300w, https:\/\/www.radiopiu.net\/wordpress\/wp-content\/uploads\/2018\/09\/viabilita-768x96.jpeg 768w\" alt=\"\" width=\"800\" height=\"100\" \/><\/p>\n<p>&nbsp;<\/p>\n<blockquote class=\"wp-embedded-content\" data-secret=\"r1SzFtqZWj\"><p><a href=\"https:\/\/www.radiopiu.net\/wordpress\/viabilita\/\">viabilita<\/a><\/p><\/blockquote>\n<p><iframe loading=\"lazy\" class=\"wp-embedded-content\" sandbox=\"allow-scripts\" security=\"restricted\" style=\"position: absolute; clip: rect(1px, 1px, 1px, 1px);\" title=\"&#8220;viabilita&#8221; &#8212; Radio Pi\u00f9\" src=\"https:\/\/www.radiopiu.net\/wordpress\/viabilita\/embed\/#?secret=gzUMX0nh0t#?secret=r1SzFtqZWj\" data-secret=\"r1SzFtqZWj\" width=\"600\" height=\"338\" frameborder=\"0\" marginwidth=\"0\" marginheight=\"0\" scrolling=\"no\"><\/iframe><\/p>\n<div>\n<div dir=\"ltr\">\n<div class=\"gmail_quote\">\n<div dir=\"ltr\">\n<div class=\"gmail_quote\"><\/div>\n<\/div>\n<\/div>\n<\/div>\n<\/div>\n<p>&nbsp;<\/p>\n<hr \/>\n<p>&nbsp;<\/p>\n<p><a class=\"dt-pswp-item\" href=\"https:\/\/www.radiopiu.net\/wordpress\/wp-content\/uploads\/2018\/09\/WhatsApp-Image-2018-09-20-at-16.04.06.jpeg\" data-dt-img-description=\"\" data-large_image_width=\"800\" data-large_image_height=\"100\"><img loading=\"lazy\" decoding=\"async\" class=\"wp-image-61378 size-full aligncenter\" src=\"https:\/\/www.radiopiu.net\/wordpress\/wp-content\/uploads\/2018\/09\/WhatsApp-Image-2018-09-20-at-16.04.06.jpeg\" alt=\"\" width=\"800\" height=\"100\" srcset=\"https:\/\/www.radiopiu.net\/wordpress\/wp-content\/uploads\/2018\/09\/WhatsApp-Image-2018-09-20-at-16.04.06.jpeg 800w, https:\/\/www.radiopiu.net\/wordpress\/wp-content\/uploads\/2018\/09\/WhatsApp-Image-2018-09-20-at-16.04.06-300x38.jpeg 300w, https:\/\/www.radiopiu.net\/wordpress\/wp-content\/uploads\/2018\/09\/WhatsApp-Image-2018-09-20-at-16.04.06-768x96.jpeg 768w\" sizes=\"auto, (max-width: 800px) 100vw, 800px\" \/><\/a><\/p>\n<p>&nbsp;<\/p>\n<\/div>\n<p><center><\/center><center><b>OGGI<\/b><\/center><b>Tempo atteso: <\/b>Fino al primo mattino residua nuvolosit\u00e0 poi schiarite via via pi\u00f9 ampie con cielo poco nuvoloso. Nel pomeriggio variabile con alternanza di schiarite e addensamenti nuvolosi anche consistenti associati a fenomeni sparsi.<br \/>\n<b>Precipitazioni: <\/b>Dalle ore centrali probabilit\u00e0 in aumento fino a medio-bassa (25-50%), per fenomeni sparsi anche a carattere di o rovescio, specie sulle zone prealpine, eventualmente nevoso oltre i 1500-1800 m.<br \/>\n<b>Temperature: <\/b>Minime in lieve o contenuto calo, massime in lieve aumento.<\/p>\n<hr \/>\n<p><center><b>DOMANI<\/b><\/center><b>Tempo atteso: <\/b>Al mattino poco o parzialmente nuvoloso per nubi medio-alte, nel pomeriggio nuvolosit\u00e0 variabile con addensamenti pi\u00f9 intensi su Prealpi associati a qualche fenomeno.<br \/>\n<b>Precipitazioni: <\/b>Nel pomeriggio possibile qualche rovescio o temporale specie su Prealpi (40-60%) meno probabile su Dolomiti (30-50 %). Limite ne a 1500-1800 m.<br \/>\n<b>Temperature: <\/b>Temperature minime in ulteriore lieve calo, massime stazionarie.<\/p>\n<hr \/>\n<p><center><b>LUNEDI<\/b><\/center>Al mattino cielo sereno con aria tersa ed ottima visibilit\u00e0. nel pomeriggio su Prealpi locali addensamenti e non del tutto esclusi isolati piovaschi o rovesci. Temperature in generale diminuzione su valori inferiori alla norma.<\/p>\n<hr \/>\n<p><center><b>MERTEDI<\/b><\/center>Al mattino sereno, nel pomeriggio poco nuvoloso per sviluppo di cumuli specie su Prealpi. Temperature stazionarie in quota<\/p>\n<p>&nbsp;<\/p>\n<hr \/>\n<p>&nbsp;<\/p>\n<p><a class=\"dt-pswp-item\" href=\"https:\/\/www.radiopiu.net\/wordpress\/wp-content\/uploads\/2018\/09\/sport.jpg\" data-dt-img-description=\"\" data-large_image_width=\"800\" data-large_image_height=\"100\"><img loading=\"lazy\" decoding=\"async\" class=\"aligncenter wp-image-60761 size-full\" src=\"https:\/\/www.radiopiu.net\/wordpress\/wp-content\/uploads\/2018\/09\/sport.jpg\" alt=\"\" width=\"800\" height=\"100\" srcset=\"https:\/\/www.radiopiu.net\/wordpress\/wp-content\/uploads\/2018\/09\/sport.jpg 800w, https:\/\/www.radiopiu.net\/wordpress\/wp-content\/uploads\/2018\/09\/sport-300x38.jpg 300w, https:\/\/www.radiopiu.net\/wordpress\/wp-content\/uploads\/2018\/09\/sport-768x96.jpg 768w\" sizes=\"auto, (max-width: 800px) 100vw, 800px\" \/><\/a><\/p>\n<p>&nbsp;<\/p>\n<h1><span style=\"color: #0000ff;\"><strong>\u00a0RALLY,\u00a0 IERI ALLA RADIO<\/strong><\/span><\/h1>\n<blockquote>\n<h3>RALLY BELLUNESE, 69 EQUIPAGGI ISCRITTI. AL PALAZZO DELLE CONTESSE LA RIUNIONE DEI COMMMISSARI<\/h3>\n<\/blockquote>\n<p><strong>BELLUNO<\/strong><\/p>\n<p><strong>DI ROBERTO BONA<\/strong><\/p>\n<audio class=\"wp-audio-shortcode\" id=\"audio-329266-14\" preload=\"none\" style=\"width: 100%;\" controls=\"controls\"><source type=\"audio\/mpeg\" src=\"https:\/\/www.radiopiu.net\/wordpress\/wp-content\/uploads\/2023\/03\/BelluneseRa.mp3?_=14\" \/><a href=\"https:\/\/www.radiopiu.net\/wordpress\/wp-content\/uploads\/2023\/03\/BelluneseRa.mp3\">https:\/\/www.radiopiu.net\/wordpress\/wp-content\/uploads\/2023\/03\/BelluneseRa.mp3<\/a><\/audio>\n<p>&nbsp;<\/p>\n\n\t\t\t<style type='text\/css'>\n\t\t\t\t#gallery-8 {\n\t\t\t\t\tmargin: auto;\n\t\t\t\t}\n\t\t\t\t#gallery-8 .gallery-item {\n\t\t\t\t\tfloat: left;\n\t\t\t\t\tmargin-top: 10px;\n\t\t\t\t\ttext-align: center;\n\t\t\t\t\twidth: 50%;\n\t\t\t\t}\n\t\t\t\t#gallery-8 img {\n\t\t\t\t\tborder: 2px solid #cfcfcf;\n\t\t\t\t}\n\t\t\t\t#gallery-8 .gallery-caption {\n\t\t\t\t\tmargin-left: 0;\n\t\t\t\t}\n\t\t\t\t\/* see gallery_shortcode() in wp-includes\/media.php *\/\n\t\t\t<\/style>\n\t\t<div id='gallery-8' class='dt-gallery-container gallery galleryid-329266 gallery-columns-2 gallery-size-medium'><dl class='gallery-item'>\n\t\t\t\t<dt class='gallery-icon landscape'>\n\t\t\t\t\t<a class=\"rollover rollover-zoom dt-pswp-item\" title=\"a12847e9-0230-4806-a76a-0de675685d35\" data-dt-img-description=\"\" data-large_image_width=\"1600\" data-large_image_height=\"1066\"href='https:\/\/www.radiopiu.net\/wordpress\/wp-content\/uploads\/2023\/03\/a12847e9-0230-4806-a76a-0de675685d35.jpg'><img loading=\"lazy\" decoding=\"async\" width=\"300\" height=\"200\" src=\"https:\/\/www.radiopiu.net\/wordpress\/wp-content\/uploads\/2023\/03\/a12847e9-0230-4806-a76a-0de675685d35-300x200.jpg\" class=\"attachment-medium size-medium\" alt=\"\" srcset=\"https:\/\/www.radiopiu.net\/wordpress\/wp-content\/uploads\/2023\/03\/a12847e9-0230-4806-a76a-0de675685d35-300x200.jpg 300w, https:\/\/www.radiopiu.net\/wordpress\/wp-content\/uploads\/2023\/03\/a12847e9-0230-4806-a76a-0de675685d35-1024x682.jpg 1024w, https:\/\/www.radiopiu.net\/wordpress\/wp-content\/uploads\/2023\/03\/a12847e9-0230-4806-a76a-0de675685d35-768x512.jpg 768w, https:\/\/www.radiopiu.net\/wordpress\/wp-content\/uploads\/2023\/03\/a12847e9-0230-4806-a76a-0de675685d35-1536x1023.jpg 1536w, https:\/\/www.radiopiu.net\/wordpress\/wp-content\/uploads\/2023\/03\/a12847e9-0230-4806-a76a-0de675685d35.jpg 1600w\" sizes=\"auto, (max-width: 300px) 100vw, 300px\" \/><\/a>\n\t\t\t\t<\/dt><\/dl><dl class='gallery-item'>\n\t\t\t\t<dt class='gallery-icon landscape'>\n\t\t\t\t\t<a class=\"rollover rollover-zoom dt-pswp-item\" title=\"55e883b3-4d81-45bb-aae4-0710f6a972a9\" data-dt-img-description=\"\" data-large_image_width=\"1600\" data-large_image_height=\"1065\"href='https:\/\/www.radiopiu.net\/wordpress\/wp-content\/uploads\/2023\/03\/55e883b3-4d81-45bb-aae4-0710f6a972a9.jpg'><img loading=\"lazy\" decoding=\"async\" width=\"300\" height=\"200\" src=\"https:\/\/www.radiopiu.net\/wordpress\/wp-content\/uploads\/2023\/03\/55e883b3-4d81-45bb-aae4-0710f6a972a9-300x200.jpg\" class=\"attachment-medium size-medium\" alt=\"\" srcset=\"https:\/\/www.radiopiu.net\/wordpress\/wp-content\/uploads\/2023\/03\/55e883b3-4d81-45bb-aae4-0710f6a972a9-300x200.jpg 300w, https:\/\/www.radiopiu.net\/wordpress\/wp-content\/uploads\/2023\/03\/55e883b3-4d81-45bb-aae4-0710f6a972a9-1024x682.jpg 1024w, https:\/\/www.radiopiu.net\/wordpress\/wp-content\/uploads\/2023\/03\/55e883b3-4d81-45bb-aae4-0710f6a972a9-768x511.jpg 768w, https:\/\/www.radiopiu.net\/wordpress\/wp-content\/uploads\/2023\/03\/55e883b3-4d81-45bb-aae4-0710f6a972a9-1536x1022.jpg 1536w, https:\/\/www.radiopiu.net\/wordpress\/wp-content\/uploads\/2023\/03\/55e883b3-4d81-45bb-aae4-0710f6a972a9.jpg 1600w\" sizes=\"auto, (max-width: 300px) 100vw, 300px\" \/><\/a>\n\t\t\t\t<\/dt><\/dl><br style=\"clear: both\" \/>\n\t\t\t<\/div>\n\n<p>&nbsp;<\/p>\n<p><span style=\"color: #0000ff;\"><strong>CALCIO<\/strong><\/span><\/p>\n<blockquote>\n<h3>OBBLIGO DI VITTORIA PER L&#8217;AGORDINA DI SECONDA CATEGORIA<\/h3>\n<\/blockquote>\n<p><strong><a class=\"dt-pswp-item\" href=\"https:\/\/www.radiopiu.net\/wordpress\/wp-content\/uploads\/2020\/09\/calcio-2020.jpg\" data-dt-img-description=\"\" data-large_image_width=\"1920\" data-large_image_height=\"1080\"><img loading=\"lazy\" decoding=\"async\" class=\" wp-image-162226 alignleft\" src=\"https:\/\/www.radiopiu.net\/wordpress\/wp-content\/uploads\/2020\/09\/calcio-2020-300x169.jpg\" alt=\"\" width=\"178\" height=\"100\" srcset=\"https:\/\/www.radiopiu.net\/wordpress\/wp-content\/uploads\/2020\/09\/calcio-2020-300x169.jpg 300w, https:\/\/www.radiopiu.net\/wordpress\/wp-content\/uploads\/2020\/09\/calcio-2020-1024x576.jpg 1024w, https:\/\/www.radiopiu.net\/wordpress\/wp-content\/uploads\/2020\/09\/calcio-2020-768x432.jpg 768w, https:\/\/www.radiopiu.net\/wordpress\/wp-content\/uploads\/2020\/09\/calcio-2020-1536x864.jpg 1536w, https:\/\/www.radiopiu.net\/wordpress\/wp-content\/uploads\/2020\/09\/calcio-2020-640x360.jpg 640w, https:\/\/www.radiopiu.net\/wordpress\/wp-content\/uploads\/2020\/09\/calcio-2020.jpg 1920w\" sizes=\"auto, (max-width: 178px) 100vw, 178px\" \/><\/a>Di Marco Gaz<\/strong><\/p>\n<p><strong>REDAZIONE <\/strong>Fine settimana calcistico che vede impegnate tutte le quattro formazioni dell\u2019Agordina Calcio iscritte ai campionati LND provinciali e regionali. Ultimo fine settimana agonistico per le due compagini giovanili che giocheranno l\u2019ultima sfida in calendario di questa stagione. Stiamo parlando dei Giovanissimi e Juniores. I Giovanissimi di De Bastiani scenderanno in campo oggi alle 15 e saranno impegnati in trasferta contro la Plavis, capolista del torneo. Passerella finale anche per la Juniores di De Zaiacomo che sempre oggi alle 15 si troveranno di fronte la Plavis. Domani mattina alle 10:30 sar\u00e0 il turno degli Allievi Regionali di Orzetti che dopo la bella vittoria di una settimana fa proveranno a ripetersi con il Lovispresiano. Una trasferta che vale una stagione, entrambe le formazioni sono ultime in classifica e chi vince sorpasser\u00e0 la diretta avversaria. Domani alle 15:30 in campo la prima squadra allenata da Chenet. Penultima giornata della Seconda Categoria girone T del Veneto con gli agordini costretti a vincere per tentare di raggiungere la salvezza matematica. All\u2019Ivano Dorigo di Agordo arriva la Juventina. Radio Pi\u00f9 seguir\u00e0 in diretta la sfida all\u2019interno di \u201cDomenica Pi\u00f9 Sport\u201d.<\/p>\n<p>&nbsp;<\/p>\n<hr \/>\n<p>&nbsp;<\/p>\n<p><span style=\"color: #0000ff;\"><strong>PALLAVOLO<\/strong><\/span><\/p>\n<blockquote>\n<h3>DOMANI I RINOCERONTI OSPITANO MACERATA<\/h3>\n<\/blockquote>\n<p><strong><a class=\"dt-pswp-item\" href=\"https:\/\/www.radiopiu.net\/wordpress\/wp-content\/uploads\/2023\/03\/Un_frammento_del_match_di_Macerata.jpg\" data-dt-img-description=\"\" data-large_image_width=\"1143\" data-large_image_height=\"762\"><img loading=\"lazy\" decoding=\"async\" class=\" wp-image-329287 alignleft\" src=\"https:\/\/www.radiopiu.net\/wordpress\/wp-content\/uploads\/2023\/03\/Un_frammento_del_match_di_Macerata-300x200.jpg\" alt=\"\" width=\"179\" height=\"119\" srcset=\"https:\/\/www.radiopiu.net\/wordpress\/wp-content\/uploads\/2023\/03\/Un_frammento_del_match_di_Macerata-300x200.jpg 300w, https:\/\/www.radiopiu.net\/wordpress\/wp-content\/uploads\/2023\/03\/Un_frammento_del_match_di_Macerata-1024x683.jpg 1024w, https:\/\/www.radiopiu.net\/wordpress\/wp-content\/uploads\/2023\/03\/Un_frammento_del_match_di_Macerata-768x512.jpg 768w, https:\/\/www.radiopiu.net\/wordpress\/wp-content\/uploads\/2023\/03\/Un_frammento_del_match_di_Macerata.jpg 1143w\" sizes=\"auto, (max-width: 179px) 100vw, 179px\" \/><\/a>BELLUNO <\/strong>L\u2019ultimo ostacolo di regular season, sulla strada della Pallavolo Maschile Belluno, si chiama Med Store Tunit Macerata: \u00e8 la terza forza del campionato. E da terza si presenter\u00e0 pure ai playoff. Il piazzamento era gi\u00e0 sicuro a due giornate dal traguardo.<span class=\"gmail-Apple-converted-space\"> \u00a0<\/span>Dopo aver battuto la capolista Fano al tie-break, in un infuocato derby marchigiano, il gruppo allenato da coach Flavio Gulinelli (vice campione d\u2019Europa,\u00a0 e storico vice del grande Bebeto) \u00e8 scivolato in casa contro la Geetit Bologna. La domanda, quindi, nasce spontanea: quale versione dei biancorossi andr\u00e0 in scena domani alle 18 alla Spes Arena? Al campo, come di consueto, l\u2019ardua sentenza.<span class=\"gmail-Apple-converted-space\"> \u00a0<\/span>Nell\u2019attesa, \u00e8 impossibile non sottolineare la forza di un organico costruito per rimanere stabilmente al vertice, o comunque a ridosso della vetta: \u00abParliamo di un avversario che vanta un\u2019ottima ricezione, commette pochissimi errori e ha un buon muro &#8211; analizza Roberto Malaguti, vice allenatore della DRL -. Il giocatore chiave? Di sicuro l\u2019opposto Morelli: 13 anni tra A1 e A3\u00bb.<span class=\"gmail-Apple-converted-space\">\u00a0<\/span><\/p>\n<p>&nbsp;<\/p>\n<p>&nbsp;<\/p>\n<hr \/>\n<p>&nbsp;<\/p>\n<p><span style=\"color: #0000ff;\"><strong>CORSA IN MONTAGNA<\/strong><\/span><\/p>\n<blockquote>\n<h3>CORSA IN MONTAGNA PROTAGONISTA A LIMANA PER DUE WEEK-END<\/h3>\n<\/blockquote>\n<p><strong><a class=\"dt-pswp-item\" href=\"https:\/\/www.radiopiu.net\/wordpress\/wp-content\/uploads\/2023\/03\/la-santissima-gara-assoluta-passaggio-1.jpg\" data-dt-img-description=\"\" data-large_image_width=\"1400\" data-large_image_height=\"933\"><img loading=\"lazy\" decoding=\"async\" class=\" wp-image-329268 alignleft\" src=\"https:\/\/www.radiopiu.net\/wordpress\/wp-content\/uploads\/2023\/03\/la-santissima-gara-assoluta-passaggio-1-300x200.jpg\" alt=\"\" width=\"167\" height=\"111\" srcset=\"https:\/\/www.radiopiu.net\/wordpress\/wp-content\/uploads\/2023\/03\/la-santissima-gara-assoluta-passaggio-1-300x200.jpg 300w, https:\/\/www.radiopiu.net\/wordpress\/wp-content\/uploads\/2023\/03\/la-santissima-gara-assoluta-passaggio-1-1024x682.jpg 1024w, https:\/\/www.radiopiu.net\/wordpress\/wp-content\/uploads\/2023\/03\/la-santissima-gara-assoluta-passaggio-1-768x512.jpg 768w, https:\/\/www.radiopiu.net\/wordpress\/wp-content\/uploads\/2023\/03\/la-santissima-gara-assoluta-passaggio-1.jpg 1400w\" sizes=\"auto, (max-width: 167px) 100vw, 167px\" \/><\/a>LIMANA<\/strong> Per BellunoAtletica M.G.B., societ\u00e0 che dal 1995 propone la corsa nelle sue diverse declinazioni alle giovani generazioni, \u00e8 iniziato il conto alla rovescia in vista di una primavera dedicata alla corsa in montagna che sar\u00e0 di particolare intensit\u00e0. Manca infatti un mese al doppio appuntamento che, nel giro di otto giorni, vedr\u00e0 protagonisti i sentieri del territorio di Limana, sulle Prealpi Bellunesi. Si tratta di due fine settimana che vedranno prima la disputa della \u201cSantissima\u201d, poi quella del Campionato italiano assoluto. \u201cLa Santissima\u201d \u00e8 in calendario per domenica 30 aprile e costituir\u00e0 un interessante \u201cprologo\u201d, sui sentieri cari allo scrittore Dino Buzzati, in vista dell\u2019appuntamento tricolore. Alla seconda edizione dopo l\u2019esordio del 2022, \u201cLa Santissima\u201d sar\u00e0, come gi\u00e0 lo scorso anno, gara nazionale Fidal. Sar\u00e0, inoltre, la prima delle due prove del Campionato regionale veneto del settore assoluto e master. La partenza verr\u00e0 data dal centro di Limana, quota 365 metri, mentre la linea del traguardo \u00e8 posta a Valpiana, a quota 850. A Valpiana, inoltre, verr\u00e0 ricavato un tracciato nel quale si confronteranno le categorie Ragazzi, Cadetti e Allievi nella prima delle due prove del Campionato Veneto. Una settimana dopo, domenica 7 maggio, sar\u00e0 la volta della prima prova del Campionato italiano assoluto di corsa in montagna. L\u2019evento ritorna sulle montagne bellunesi a distanza di sette anni dal luglio del 2016, quando fu Cortina d\u2019Ampezzo a ospitare la rassegna tricolore. In lizza ci saranno gli atleti delle categorie Seniores, Promesse e Juniores. Oltre che i punti per le classifiche individuali, verranno assegnati anche quelli per le societ\u00e0. Teatro di gara un tracciato ricavato nella zona di Valmorel, a 800 metri di quota. Il percorso si snoder\u00e0 su un tracciato di 4.800 metri (tre giri per i Seniores, un giro pi\u00f9 il \u201clancio\u201d per gli Juniores) che avr\u00e0 il momento clou nell\u2019ascesa verso Malga Pianezze, \u201ctetto\u201d della corsa, posto a poco pi\u00f9 di mille metri di altitudine.<\/p>\n<p>&nbsp;<\/p>\n<p><span style=\"color: #0000ff;\"><strong>SKI CROSS\u00a0<\/strong><\/span><\/p>\n<blockquote>\n<h3><strong>CONCLUSI I CAMPIONATI\u00a0 MONDIALI JR<\/strong><\/h3>\n<\/blockquote>\n<p><a class=\"dt-pswp-item\" href=\"https:\/\/www.radiopiu.net\/wordpress\/wp-content\/uploads\/2023\/03\/Z929353-scaled.jpg\" data-dt-img-description=\"\" data-large_image_width=\"2560\" data-large_image_height=\"1707\"><img loading=\"lazy\" decoding=\"async\" class=\" wp-image-329341 alignleft\" src=\"https:\/\/www.radiopiu.net\/wordpress\/wp-content\/uploads\/2023\/03\/Z929353-300x200.jpg\" alt=\"\" width=\"267\" height=\"178\" srcset=\"https:\/\/www.radiopiu.net\/wordpress\/wp-content\/uploads\/2023\/03\/Z929353-300x200.jpg 300w, https:\/\/www.radiopiu.net\/wordpress\/wp-content\/uploads\/2023\/03\/Z929353-1024x683.jpg 1024w, https:\/\/www.radiopiu.net\/wordpress\/wp-content\/uploads\/2023\/03\/Z929353-768x512.jpg 768w, https:\/\/www.radiopiu.net\/wordpress\/wp-content\/uploads\/2023\/03\/Z929353-1536x1024.jpg 1536w, https:\/\/www.radiopiu.net\/wordpress\/wp-content\/uploads\/2023\/03\/Z929353-2048x1365.jpg 2048w\" sizes=\"auto, (max-width: 267px) 100vw, 267px\" \/><\/a>Terminati\u00a0 in un clima di grande gioia e festa finale che andava ad incominciare, i Campionati Mondiali Junior di ski e snowboard cross, che si sono svolti questa settimana in Val di Fassa, sulla pista Costabella, nella Ski Area San Pellegrino. Una giornata non semplice\u00a0 ieri condizionata dalla nebbia e scarsa visibilit\u00e0, interrotta la gara per circa un\u2019ora e terminata con grande impegno del comitato tecnico, organizzatore e ovviamente degli atleti impegnati. La gara conclusiva odierna era incentrata sulla prova a squadre miste maschile e femminile, valida per l\u2019assegnazione del titolo di campione Mondiale Junior a squadre di snowboard cross. Successo storico per il junior team australiano che ha sbarazzato l\u2019agguerrita concorrenza di Francia 1 e 2. Peccato per i nostri portacolori Niccol\u00f2 Colturi e Marika Savoldelli quarti ai piedi del podio, come i colleghi dello ski cross Debertol e Rigatti che hanno mancato d\u2019un soffio la medaglia.<\/p>\n<p><b>MIxed Team \u2013 risultati gara di oggi Titolo Campione Mondiale individuale <\/b><\/p>\n<p>1. Australia 1 \u2013 Campione del Mondo (Johnstone James e Josie Baff)<\/p>\n<p>2. France 2 \u2013 Leleu Achille e Poulat Camille<\/p>\n<p>3. France 1 \u2013 Chillet Aidan e Casta Lea<\/p>\n<p>4. Italia 1 \u2013 Colturi Niccol\u00f2 e Savoldelli Marika<\/p>\n<p>&nbsp;<\/p>\n<p>&nbsp;<\/p>\n<hr \/>\n<p>&nbsp;<\/p>\n<h2><span style=\"color: #ff9900;\">DEDICHE E RICHIESTE<\/span><\/h2>\n<blockquote>\n<h3>WILLIAM DA ROIT E LE SUE 65 MARATONE<\/h3>\n<\/blockquote>\n<p><strong><a class=\"dt-pswp-item\" href=\"https:\/\/www.radiopiu.net\/wordpress\/wp-content\/uploads\/2020\/07\/WILLIAM-DA-ROIT.jpg\" data-dt-img-description=\"\" data-large_image_width=\"960\" data-large_image_height=\"720\"><img loading=\"lazy\" decoding=\"async\" class=\" wp-image-150479 alignleft\" src=\"https:\/\/www.radiopiu.net\/wordpress\/wp-content\/uploads\/2020\/07\/WILLIAM-DA-ROIT-300x225.jpg\" alt=\"\" width=\"171\" height=\"128\" srcset=\"https:\/\/www.radiopiu.net\/wordpress\/wp-content\/uploads\/2020\/07\/WILLIAM-DA-ROIT-300x225.jpg 300w, https:\/\/www.radiopiu.net\/wordpress\/wp-content\/uploads\/2020\/07\/WILLIAM-DA-ROIT-768x576.jpg 768w, https:\/\/www.radiopiu.net\/wordpress\/wp-content\/uploads\/2020\/07\/WILLIAM-DA-ROIT.jpg 960w\" sizes=\"auto, (max-width: 171px) 100vw, 171px\" \/><\/a>REDAZIONE<\/strong> Come ogni mercoled\u00ec sera Radio Pi\u00f9 Propone Dediche e Richieste, due ore con le vostre canzoni ed ospiti a sorpresa. Nell&#8217;ultima puntata ospite William Da Roit che, tra una colomba e un panino, ha avuto tempo di andare a Roma a correre la sua 65a maratona della carriera.<\/p>\n<p>&nbsp;<\/p>\n<p><strong>WILLIAM DA ROIT<\/strong><\/p>\n<audio class=\"wp-audio-shortcode\" id=\"audio-329266-15\" preload=\"none\" style=\"width: 100%;\" controls=\"controls\"><source type=\"audio\/mpeg\" src=\"https:\/\/www.radiopiu.net\/wordpress\/wp-content\/uploads\/2023\/03\/WILLIAM-DEDICHE.mp3?_=15\" \/><a href=\"https:\/\/www.radiopiu.net\/wordpress\/wp-content\/uploads\/2023\/03\/WILLIAM-DEDICHE.mp3\">https:\/\/www.radiopiu.net\/wordpress\/wp-content\/uploads\/2023\/03\/WILLIAM-DEDICHE.mp3<\/a><\/audio>\n<p>&nbsp;<\/p>\n<p>&nbsp;<\/p>\n<p>&nbsp;<\/p>\n<blockquote>\n<h3>MAX DAL RIFUGIO LARESEI E L&#8217;EVENTO DI DOMENICA CON GIORGIO PREZIOSO<\/h3>\n<\/blockquote>\n<p><strong><a class=\"dt-pswp-item\" href=\"https:\/\/www.radiopiu.net\/wordpress\/wp-content\/uploads\/2023\/03\/1721602e-4e92-44cb-8cdb-cba36c2ccf27.jpg\" data-dt-img-description=\"\" data-large_image_width=\"1600\" data-large_image_height=\"900\"><img loading=\"lazy\" decoding=\"async\" class=\" wp-image-328702 alignleft\" src=\"https:\/\/www.radiopiu.net\/wordpress\/wp-content\/uploads\/2023\/03\/1721602e-4e92-44cb-8cdb-cba36c2ccf27-300x169.jpg\" alt=\"\" width=\"202\" height=\"114\" srcset=\"https:\/\/www.radiopiu.net\/wordpress\/wp-content\/uploads\/2023\/03\/1721602e-4e92-44cb-8cdb-cba36c2ccf27-300x169.jpg 300w, https:\/\/www.radiopiu.net\/wordpress\/wp-content\/uploads\/2023\/03\/1721602e-4e92-44cb-8cdb-cba36c2ccf27-1024x576.jpg 1024w, https:\/\/www.radiopiu.net\/wordpress\/wp-content\/uploads\/2023\/03\/1721602e-4e92-44cb-8cdb-cba36c2ccf27-768x432.jpg 768w, https:\/\/www.radiopiu.net\/wordpress\/wp-content\/uploads\/2023\/03\/1721602e-4e92-44cb-8cdb-cba36c2ccf27-1536x864.jpg 1536w, https:\/\/www.radiopiu.net\/wordpress\/wp-content\/uploads\/2023\/03\/1721602e-4e92-44cb-8cdb-cba36c2ccf27.jpg 1600w\" sizes=\"auto, (max-width: 202px) 100vw, 202px\" \/><\/a>REDAZIONE<\/strong> Nel programma Dediche e Richieste ospite anche Massimo Manfroi dal Rifugio Laresei dove domenica prossima ci sar\u00e0 l&#8217;evento di fine stagione con &#8220;Save The Date&#8221;, il party di fine inverno. Come preannunciato l&#8217;ospite della giornata sar\u00e0 il DJ Giorgio Prezioso. Intanto si inizia a preparare il tutto per quello che sar\u00e0 sicuramente un giorno da ricordare a lungo. Un Massimo agitato per la buona riuscita della giornata che ci ha raccontato come stanno andando le cose in attesa del grande evento.<\/p>\n<p><strong>MASSIMO MANFROI<\/strong><\/p>\n<audio class=\"wp-audio-shortcode\" id=\"audio-329266-16\" preload=\"none\" style=\"width: 100%;\" controls=\"controls\"><source type=\"audio\/mpeg\" src=\"https:\/\/www.radiopiu.net\/wordpress\/wp-content\/uploads\/2023\/03\/MAX-LARESEI.mp3?_=16\" \/><a href=\"https:\/\/www.radiopiu.net\/wordpress\/wp-content\/uploads\/2023\/03\/MAX-LARESEI.mp3\">https:\/\/www.radiopiu.net\/wordpress\/wp-content\/uploads\/2023\/03\/MAX-LARESEI.mp3<\/a><\/audio>\n<p>&nbsp;<\/p>\n<p>&nbsp;<\/p>\n<p>&nbsp;<\/p>\n<blockquote>\n<h3>VITTORIO DE NARDIN E LA SUA ESPERIENZA A I SOLITI IGNOTI<\/h3>\n<\/blockquote>\n<p><strong><a class=\"dt-pswp-item\" href=\"https:\/\/www.radiopiu.net\/wordpress\/wp-content\/uploads\/2023\/03\/e3224a01-1bfc-4619-b439-f1d6d2dcee8c.jpg\" data-dt-img-description=\"\" data-large_image_width=\"1600\" data-large_image_height=\"1200\"><img loading=\"lazy\" decoding=\"async\" class=\" wp-image-329153 alignleft\" src=\"https:\/\/www.radiopiu.net\/wordpress\/wp-content\/uploads\/2023\/03\/e3224a01-1bfc-4619-b439-f1d6d2dcee8c-300x225.jpg\" alt=\"\" width=\"148\" height=\"111\" srcset=\"https:\/\/www.radiopiu.net\/wordpress\/wp-content\/uploads\/2023\/03\/e3224a01-1bfc-4619-b439-f1d6d2dcee8c-300x225.jpg 300w, https:\/\/www.radiopiu.net\/wordpress\/wp-content\/uploads\/2023\/03\/e3224a01-1bfc-4619-b439-f1d6d2dcee8c-1024x768.jpg 1024w, https:\/\/www.radiopiu.net\/wordpress\/wp-content\/uploads\/2023\/03\/e3224a01-1bfc-4619-b439-f1d6d2dcee8c-768x576.jpg 768w, https:\/\/www.radiopiu.net\/wordpress\/wp-content\/uploads\/2023\/03\/e3224a01-1bfc-4619-b439-f1d6d2dcee8c-1536x1152.jpg 1536w, https:\/\/www.radiopiu.net\/wordpress\/wp-content\/uploads\/2023\/03\/e3224a01-1bfc-4619-b439-f1d6d2dcee8c.jpg 1600w\" sizes=\"auto, (max-width: 148px) 100vw, 148px\" \/><\/a>REDAZIONE<\/strong> Ne abbiamo parlato nei giorni scorsi e lo abbiamo avuto come ospite telefonico di Dediche e Richieste. Stiamo parlando di Vittorio De Nardin che luned\u00ec scorso \u00e8 stato uno degli ignoti del programma condotto da Amadeus &#8220;I Soliti Ignoti&#8221; su Rai 1. Ci ha raccontato come \u00e8 stato contattato dalla redazione del programma e come \u00e8 andata l&#8217;esperienza negli studi televisivi Rai.<\/p>\n<p><strong>VITTORIO DE NARDIN<\/strong><\/p>\n<audio class=\"wp-audio-shortcode\" id=\"audio-329266-17\" preload=\"none\" style=\"width: 100%;\" controls=\"controls\"><source type=\"audio\/mpeg\" src=\"https:\/\/www.radiopiu.net\/wordpress\/wp-content\/uploads\/2023\/03\/VITTORIO-DE-NARDIN.mp3?_=17\" \/><a href=\"https:\/\/www.radiopiu.net\/wordpress\/wp-content\/uploads\/2023\/03\/VITTORIO-DE-NARDIN.mp3\">https:\/\/www.radiopiu.net\/wordpress\/wp-content\/uploads\/2023\/03\/VITTORIO-DE-NARDIN.mp3<\/a><\/audio>\n<p>&nbsp;<\/p>\n<p>&nbsp;<\/p>\n<p>&nbsp;<\/p>\n<blockquote>\n<h3>LE IMITAZIONI DI MARCO DAL FARRA E BIAGIO GIANNONE<\/h3>\n<\/blockquote>\n<p><strong><a class=\"dt-pswp-item\" href=\"https:\/\/www.radiopiu.net\/wordpress\/wp-content\/uploads\/2023\/03\/513ccc59-dea2-437f-92ee-f47288a50036.jpg\" data-dt-img-description=\"\" data-large_image_width=\"1024\" data-large_image_height=\"768\"><img loading=\"lazy\" decoding=\"async\" class=\" wp-image-329074 alignleft\" src=\"https:\/\/www.radiopiu.net\/wordpress\/wp-content\/uploads\/2023\/03\/513ccc59-dea2-437f-92ee-f47288a50036-300x225.jpg\" alt=\"\" width=\"164\" height=\"123\" srcset=\"https:\/\/www.radiopiu.net\/wordpress\/wp-content\/uploads\/2023\/03\/513ccc59-dea2-437f-92ee-f47288a50036-300x225.jpg 300w, https:\/\/www.radiopiu.net\/wordpress\/wp-content\/uploads\/2023\/03\/513ccc59-dea2-437f-92ee-f47288a50036-768x576.jpg 768w, https:\/\/www.radiopiu.net\/wordpress\/wp-content\/uploads\/2023\/03\/513ccc59-dea2-437f-92ee-f47288a50036.jpg 1024w\" sizes=\"auto, (max-width: 164px) 100vw, 164px\" \/><\/a>REDAZIONE<\/strong> Si sono sfidati a colpi di imitazioni negli studi di Radio Pi\u00f9. Protagonisti Marco Dal Farra e Biagio Giannone che per tutta la puntata di Dediche e Richieste hanno fatto sentire il loro repertorio di imitazioni. Premiati con un attestato nel finale di programma.<\/p>\n<p><strong>MARCO DAL FARRA E BIAGIO GIANNONE<\/strong><\/p>\n<audio class=\"wp-audio-shortcode\" id=\"audio-329266-18\" preload=\"none\" style=\"width: 100%;\" controls=\"controls\"><source type=\"audio\/mpeg\" src=\"https:\/\/www.radiopiu.net\/wordpress\/wp-content\/uploads\/2023\/03\/IMITAZIONI-BIAGIO-E-MARCO.mp3?_=18\" \/><a href=\"https:\/\/www.radiopiu.net\/wordpress\/wp-content\/uploads\/2023\/03\/IMITAZIONI-BIAGIO-E-MARCO.mp3\">https:\/\/www.radiopiu.net\/wordpress\/wp-content\/uploads\/2023\/03\/IMITAZIONI-BIAGIO-E-MARCO.mp3<\/a><\/audio>\n<p>&nbsp;<\/p>\n<p>&nbsp;<\/p>\n<p>&nbsp;<\/p>\n","protected":false},"excerpt":{"rendered":"<p>ISCRIVITI AL NOSTRO CANALE\u00a0 YOUTUBE PER SEGUIRE IN DIRETTA I PRINCIPALI PROGRAMMI DI RADIO PIU&#8217; E LE FUTURE DIRETTE IN ESTERNA. PER ISCRIVERTI CLICCA QUI E PREMI IL TASTO &#8220;Iscriviti&#8221;\u00a0 &nbsp; &nbsp; IL PONTE SUL CORDEVOLE NON HA RETTO AL COLLAUDO Sul pi\u00f9 bello..subito dopo il collaudo il crash. Nessun ferito e la ciclabile Agordo-Taibon&hellip;<\/p>\n","protected":false},"author":4,"featured_media":329343,"comment_status":"closed","ping_status":"closed","sticky":false,"template":"","format":"standard","meta":{"_monsterinsights_skip_tracking":false,"_monsterinsights_sitenote_active":false,"_monsterinsights_sitenote_note":"","_monsterinsights_sitenote_category":0,"footnotes":""},"categories":[104,86,49],"tags":[],"class_list":["post-329266","post","type-post","status-publish","format-standard","has-post-thumbnail","hentry","category-evidenza_3","category-gr","category-news-18","category-104","category-86","category-49","description-off"],"img_url":"https:\/\/www.radiopiu.net\/wordpress\/wp-content\/uploads\/2023\/03\/3ddccb15-1c11-4266-9fed-126f57067110.jpg","_links":{"self":[{"href":"https:\/\/www.radiopiu.net\/wordpress\/wp-json\/wp\/v2\/posts\/329266","targetHints":{"allow":["GET"]}}],"collection":[{"href":"https:\/\/www.radiopiu.net\/wordpress\/wp-json\/wp\/v2\/posts"}],"about":[{"href":"https:\/\/www.radiopiu.net\/wordpress\/wp-json\/wp\/v2\/types\/post"}],"author":[{"embeddable":true,"href":"https:\/\/www.radiopiu.net\/wordpress\/wp-json\/wp\/v2\/users\/4"}],"replies":[{"embeddable":true,"href":"https:\/\/www.radiopiu.net\/wordpress\/wp-json\/wp\/v2\/comments?post=329266"}],"version-history":[{"count":0,"href":"https:\/\/www.radiopiu.net\/wordpress\/wp-json\/wp\/v2\/posts\/329266\/revisions"}],"wp:featuredmedia":[{"embeddable":true,"href":"https:\/\/www.radiopiu.net\/wordpress\/wp-json\/wp\/v2\/media\/329343"}],"wp:attachment":[{"href":"https:\/\/www.radiopiu.net\/wordpress\/wp-json\/wp\/v2\/media?parent=329266"}],"wp:term":[{"taxonomy":"category","embeddable":true,"href":"https:\/\/www.radiopiu.net\/wordpress\/wp-json\/wp\/v2\/categories?post=329266"},{"taxonomy":"post_tag","embeddable":true,"href":"https:\/\/www.radiopiu.net\/wordpress\/wp-json\/wp\/v2\/tags?post=329266"}],"curies":[{"name":"wp","href":"https:\/\/api.w.org\/{rel}","templated":true}]}}