{"id":329442,"date":"2023-04-03T05:02:33","date_gmt":"2023-04-03T03:02:33","guid":{"rendered":"https:\/\/www.radiopiu.net\/wordpress\/?p=329442"},"modified":"2023-04-03T12:45:37","modified_gmt":"2023-04-03T10:45:37","slug":"giornale-radiopiu-03-aprile-2023-direttore-mirko-mezzacasa-verso-i-40-anni-25-giugno-1983-25-giugno-2023","status":"publish","type":"post","link":"https:\/\/www.radiopiu.net\/wordpress\/giornale-radiopiu-03-aprile-2023-direttore-mirko-mezzacasa-verso-i-40-anni-25-giugno-1983-25-giugno-2023\/","title":{"rendered":"GIORNALE RADIOPIU 03 APRILE 2023 DIRETTORE MIRKO MEZZACASA&#8230;verso i 40 anni 25 giugno 1983-25 giugno 2023"},"content":{"rendered":"<h2 style=\"text-align: left;\"><span style=\"color: #ff0000;\">\u00a0<\/span><\/h2>\n<div class=\"page-title-head hgroup\">\n<blockquote>\n<h3 class=\"entry-title\">IL PESCE D\u2019APRILE\u2026 NESSUN PONTE CROLLATO, ANZI UN GRAN LAVORO DELLA DITTA DI UDINE<\/h3>\n<\/blockquote>\n<\/div>\n<div class=\"page-title-breadcrumbs\">\n<p><strong>REDAZIONE<\/strong> Nessun crollo, anzi, il ponte sul Cordevole tra Taibon Agordino e Agordo ha retto al collaudo, perch\u00e9 realizzato in modo perfetto e presto sar\u00e0 disponibile per l&#8217;utenza ciclo pedonale, non appena saranno installate le staccionate sulle rampe d&#8217;accesso\u00a0 e sar\u00e0 realizzata la segnaletica apposita.<\/p>\n<p>I lavori sono stati condotti dalla ditta\u00a0 STRAULINO di Sutrio, Udine.<\/p>\n<p>&nbsp;<\/p>\n<p><strong>IL COLLAUDO\u00a0<\/strong><\/p>\n<p><strong>di GIANNI SANTOMASO<\/strong><\/p>\n<audio class=\"wp-audio-shortcode\" id=\"audio-329442-1\" preload=\"none\" style=\"width: 100%;\" controls=\"controls\"><source type=\"audio\/mpeg\" src=\"https:\/\/www.radiopiu.net\/wordpress\/wp-content\/uploads\/2023\/03\/COLLAUDO-GIANNI-1.mp3?_=1\" \/><a href=\"https:\/\/www.radiopiu.net\/wordpress\/wp-content\/uploads\/2023\/03\/COLLAUDO-GIANNI-1.mp3\">https:\/\/www.radiopiu.net\/wordpress\/wp-content\/uploads\/2023\/03\/COLLAUDO-GIANNI-1.mp3<\/a><\/audio>\n<p>&nbsp;<\/p>\n<\/div>\n<p><strong>IL PESCE D&#8217;APRILE, CON LA\u00a0 FOTO &#8220;MONTAGGIO&#8221;, OVVIAMENTE&#8230; NULLA DI VERO COME SI PUO&#8217; CAPIRE ANCHE DAL TESTO &#8220;IRONICO&#8221; CHE PRESENTAVAMO SABATO<\/strong><\/p>\n<p><strong><img loading=\"lazy\" decoding=\"async\" class=\"alignleft\" src=\"https:\/\/www.radiopiu.net\/wordpress\/wp-content\/uploads\/2023\/03\/7d90bebe-540d-4583-91ad-6132b14b996c.jpg\" width=\"343\" height=\"193\" \/>TAIBON<\/strong> Tutto da rifare e tempi ancora lunghi prima dell&#8217;apertura del percorso ciclopedonale sopra il Cordevole tra Taibon e Agordo.\u00a0 Dopo le lunghe e impegnative\u00a0 prove di collaudo,\u00a0 ieri sera, quando tutto sembrava in ordine il ponte \u00e8 collassato finendo nel\u00a0 Cordevole, Fortunatamente, vista l&#8217;ora e il fine settimana, nessuno \u00e8 rimasto coinvolto, i referenti dell&#8217;Unione Montana,\u00a0 ingegneri e operai avevano lasciato la zona gi\u00e0 nel pomeriggio. Botta di paura invece per il\u00a0 pescatore alla cui lenza aveva appena abboccato un pesce, ma non ci ha pensato due volte ha mollato canna e preda prendendo la pi\u00f9 corta. Lui stesso ci ha avvisato di quello che era appena accaduto, tra l&#8217;altro senza botti o tremori, ma nel silenzio dei luoghi.<em> &#8220;Ho sentito come un vento, ma nemmeno tanto forte, ho girato lo sguardo e ho visto che il ponte non c&#8217;era pi\u00f9. Quanta paura, per un momento ho pensato fosse un scossa di terremoto, poi ho capito che era solo crollato il ponte, per fortuna nessun altro danno&#8221;, <\/em>stamane alla luce del sole s&#8217;inizier\u00e0 a contare i danni e ricalcolare i nuovi tempi.<\/p>\n<p>&nbsp;<\/p>\n<h2 style=\"text-align: left;\"><span style=\"color: #ff0000;\">ISCRIVITI AL NOSTRO CANALE\u00a0 <\/span>YOUTUBE PER SEGUIRE IN DIRETTA I PRINCIPALI PROGRAMMI DI RADIO PIU&#8217; E LE FUTURE DIRETTE IN ESTERNA. PER ISCRIVERTI <a style=\"color: #ff0000;\" href=\"https:\/\/youtube.com\/@radiopiu1527\">CLICCA QUI<\/a><span style=\"color: #ff0000; font-size: 14px; font-weight: normal;\"> E PREMI IL TASTO &#8220;Iscriviti&#8221;\u00a0\u00a0<\/span><\/h2>\n<p>&nbsp;<\/p>\n<blockquote>\n<h3>FELTRE In cinquemila\u00a0 a Feltre per la la Benedizione del motociclista con il Moto club Feltre, il quartiere Duomo,\u00a0 i volontari, le associazioni, la polizia locale, i carabinieri<\/h3>\n<\/blockquote>\n<p><img decoding=\"async\" src=\"https:\/\/www.radiopiu.net\/wordpress\/wp-content\/uploads\/2023\/04\/Senza-nome-1.jpg\" \/><\/p>\n<p>&nbsp;<\/p>\n<p>&nbsp;<\/p>\n<hr \/>\n<p>&nbsp;<\/p>\n<h4><span style=\"color: #ff0000;\"><strong>VERSO LE OLIMPIADI&#8230;<\/strong><\/span><\/h4>\n<blockquote>\n<h3 class=\"testoArticolo\"><em>La tratta ferroviaria Ponte nelle Alpi-Calalzo \u00e8 nuovamente chiusa, lo sar\u00e0 per almeno due mesi, fino al 10 giugno a causa di un intervento, con conseguente stop dei treni.\u00a0 Previsto il\u00a0 servizio sostitutivo dei pullman<\/em><\/h3>\n<\/blockquote>\n<p>&nbsp;<\/p>\n<p>&nbsp;<\/p>\n<hr \/>\n<p>&nbsp;<\/p>\n<blockquote>\n<h3>TRAGEDIA IN VAL VENOSTA. TRA I SOCCORRITORI ANCHE UN AGORDINO<\/h3>\n<\/blockquote>\n<p><strong>REDAZIONE <\/strong>Due morti e un ferito grave \u00e8 il bilancio della valanga in Val Venosta che si \u00e8 staccata dalla cima Tiergarten a Vallelunga e che ha travolto un gruppo di sette scialpinisti. Tra i soccorritori in prima linea anche un agordino. Si tratta di Damiano Fontanive del Soccorso Alpino della Guradia di Finanza gruppo cinofili.<\/p>\n\n\t\t\t<style type='text\/css'>\n\t\t\t\t#gallery-1 {\n\t\t\t\t\tmargin: auto;\n\t\t\t\t}\n\t\t\t\t#gallery-1 .gallery-item {\n\t\t\t\t\tfloat: left;\n\t\t\t\t\tmargin-top: 10px;\n\t\t\t\t\ttext-align: center;\n\t\t\t\t\twidth: 20%;\n\t\t\t\t}\n\t\t\t\t#gallery-1 img {\n\t\t\t\t\tborder: 2px solid #cfcfcf;\n\t\t\t\t}\n\t\t\t\t#gallery-1 .gallery-caption {\n\t\t\t\t\tmargin-left: 0;\n\t\t\t\t}\n\t\t\t\t\/* see gallery_shortcode() in wp-includes\/media.php *\/\n\t\t\t<\/style>\n\t\t<div id='gallery-1' class='dt-gallery-container gallery galleryid-329442 gallery-columns-5 gallery-size-thumbnail'><dl class='gallery-item'>\n\t\t\t\t<dt class='gallery-icon portrait'>\n\t\t\t\t\t<a class=\"rollover rollover-zoom dt-pswp-item\" title=\"d67d1a13-8742-43b0-93f7-e63daee3fce6\" data-dt-img-description=\"\" data-large_image_width=\"1200\" data-large_image_height=\"1599\"href='https:\/\/www.radiopiu.net\/wordpress\/wp-content\/uploads\/2023\/04\/d67d1a13-8742-43b0-93f7-e63daee3fce6.jpg'><img loading=\"lazy\" decoding=\"async\" width=\"150\" height=\"150\" src=\"https:\/\/www.radiopiu.net\/wordpress\/wp-content\/uploads\/2023\/04\/d67d1a13-8742-43b0-93f7-e63daee3fce6-150x150.jpg\" class=\"attachment-thumbnail size-thumbnail\" alt=\"\" \/><\/a>\n\t\t\t\t<\/dt><\/dl><dl class='gallery-item'>\n\t\t\t\t<dt class='gallery-icon landscape'>\n\t\t\t\t\t<a class=\"rollover rollover-zoom dt-pswp-item\" title=\"ca6ef989-e199-4baa-bc31-c80da290ed10\" data-dt-img-description=\"\" data-large_image_width=\"1600\" data-large_image_height=\"1200\"href='https:\/\/www.radiopiu.net\/wordpress\/wp-content\/uploads\/2023\/04\/ca6ef989-e199-4baa-bc31-c80da290ed10.jpg'><img loading=\"lazy\" decoding=\"async\" width=\"150\" height=\"150\" src=\"https:\/\/www.radiopiu.net\/wordpress\/wp-content\/uploads\/2023\/04\/ca6ef989-e199-4baa-bc31-c80da290ed10-150x150.jpg\" class=\"attachment-thumbnail size-thumbnail\" alt=\"\" \/><\/a>\n\t\t\t\t<\/dt><\/dl><dl class='gallery-item'>\n\t\t\t\t<dt class='gallery-icon portrait'>\n\t\t\t\t\t<a class=\"rollover rollover-zoom dt-pswp-item\" title=\"8bb9fd5d-9df9-408e-8bde-881a693deecc\" data-dt-img-description=\"\" data-large_image_width=\"1080\" data-large_image_height=\"1920\"href='https:\/\/www.radiopiu.net\/wordpress\/wp-content\/uploads\/2023\/04\/8bb9fd5d-9df9-408e-8bde-881a693deecc.jpg'><img loading=\"lazy\" decoding=\"async\" width=\"150\" height=\"150\" src=\"https:\/\/www.radiopiu.net\/wordpress\/wp-content\/uploads\/2023\/04\/8bb9fd5d-9df9-408e-8bde-881a693deecc-150x150.jpg\" class=\"attachment-thumbnail size-thumbnail\" alt=\"\" \/><\/a>\n\t\t\t\t<\/dt><\/dl><dl class='gallery-item'>\n\t\t\t\t<dt class='gallery-icon portrait'>\n\t\t\t\t\t<a class=\"rollover rollover-zoom dt-pswp-item\" title=\"7ecbfccd-7ef4-43dc-9821-f75c773f7d40\" data-dt-img-description=\"\" data-large_image_width=\"1200\" data-large_image_height=\"1600\"href='https:\/\/www.radiopiu.net\/wordpress\/wp-content\/uploads\/2023\/04\/7ecbfccd-7ef4-43dc-9821-f75c773f7d40.jpg'><img loading=\"lazy\" decoding=\"async\" width=\"150\" height=\"150\" src=\"https:\/\/www.radiopiu.net\/wordpress\/wp-content\/uploads\/2023\/04\/7ecbfccd-7ef4-43dc-9821-f75c773f7d40-150x150.jpg\" class=\"attachment-thumbnail size-thumbnail\" alt=\"\" \/><\/a>\n\t\t\t\t<\/dt><\/dl><dl class='gallery-item'>\n\t\t\t\t<dt class='gallery-icon landscape'>\n\t\t\t\t\t<a class=\"rollover rollover-zoom dt-pswp-item\" title=\"7520a344-e5c3-491a-b55d-704d84cc547b\" data-dt-img-description=\"\" data-large_image_width=\"1600\" data-large_image_height=\"1200\"href='https:\/\/www.radiopiu.net\/wordpress\/wp-content\/uploads\/2023\/04\/7520a344-e5c3-491a-b55d-704d84cc547b.jpg'><img loading=\"lazy\" decoding=\"async\" width=\"150\" height=\"150\" src=\"https:\/\/www.radiopiu.net\/wordpress\/wp-content\/uploads\/2023\/04\/7520a344-e5c3-491a-b55d-704d84cc547b-150x150.jpg\" class=\"attachment-thumbnail size-thumbnail\" alt=\"\" \/><\/a>\n\t\t\t\t<\/dt><\/dl><br style=\"clear: both\" \/>\n\t\t\t<\/div>\n\n<p>&nbsp;<\/p>\n<hr \/>\n<p>&nbsp;<\/p>\n<blockquote>\n<h3>TETTO IN FIAMME A SAN PIETRO DI CADORE<\/h3>\n<\/blockquote>\n<p><strong><a class=\"dt-pswp-item\" href=\"https:\/\/www.radiopiu.net\/wordpress\/wp-content\/uploads\/2020\/05\/VIGILI-DEL-FUOCO-LOGO.png\" data-dt-img-description=\"\" data-large_image_width=\"1200\" data-large_image_height=\"1200\"><img loading=\"lazy\" decoding=\"async\" class=\" wp-image-138743 alignleft\" src=\"https:\/\/www.radiopiu.net\/wordpress\/wp-content\/uploads\/2020\/05\/VIGILI-DEL-FUOCO-LOGO-300x300.png\" alt=\"\" width=\"119\" height=\"119\" srcset=\"https:\/\/www.radiopiu.net\/wordpress\/wp-content\/uploads\/2020\/05\/VIGILI-DEL-FUOCO-LOGO-300x300.png 300w, https:\/\/www.radiopiu.net\/wordpress\/wp-content\/uploads\/2020\/05\/VIGILI-DEL-FUOCO-LOGO-1024x1024.png 1024w, https:\/\/www.radiopiu.net\/wordpress\/wp-content\/uploads\/2020\/05\/VIGILI-DEL-FUOCO-LOGO-150x150.png 150w, https:\/\/www.radiopiu.net\/wordpress\/wp-content\/uploads\/2020\/05\/VIGILI-DEL-FUOCO-LOGO-768x768.png 768w, https:\/\/www.radiopiu.net\/wordpress\/wp-content\/uploads\/2020\/05\/VIGILI-DEL-FUOCO-LOGO.png 1200w\" sizes=\"auto, (max-width: 119px) 100vw, 119px\" \/><\/a>SAN PIETRO DI CADORE<\/strong> Notte al lavoro, quella tra venerd\u00ec e sabato, per i Vigili del Fuoco che sono intervenuti in Via Pradetto a San Pietro di Cadore per l&#8217;incendio che ha interessato il tetto di un&#8217;abitazione. Nessuna persona \u00e8 rimasta ferita. Le squadre dei pompieri accorse da Santo Stefano di Cadore, Belluno e dai distaccamenti volontari di Costalta e Dosoledo con quattro autopompe, un\u2019autobotte, un\u2019autoscala il carro aria e 18 operatori sono riusciti a circoscrivere le fiamme alla sola copertura, evitando un incendio generalizzato. Ancora in corso questa mattina le operazioni delle squadre intervenute per la copertura provvisoria del tetto con dei teli di nylon. Le cause dell\u2019incendio sono al vaglio dei tecnici dei Vigili del Fuoco.<\/p>\n<p>&nbsp;<\/p>\n<p>&nbsp;<\/p>\n<hr \/>\n<p>&nbsp;<\/p>\n<blockquote>\n<h3>DUE FERITI NELL&#8217;INCIDENTE SULLA RIVA DEL BOSCON<\/h3>\n<\/blockquote>\n<p><strong>BELLUNO<\/strong> Incidente sabato mattina alle 8:30 in localit\u00e0 Boscon lungo la SS 51 dove due auto sono entrate in collisione. Intervenuti i Vigili del Fuoco arrivati dalla sede centrale che hanno messo in sicurezza le auto ed estratto uno dei conducenti rimasto incastrato nell\u2019abitacolo. Tutti e due i feriti sono stati presi in cura dal personale sanitario e trasferiti in pronto soccorso per ulteriori accertamenti. Sul posto la Polizia Stradale e la Polizia Locale, che hanno deviato il traffico ed eseguito i rilievi del sinistro. Le operazioni di soccorso dei pompieri sono terminate dopo le 11 con la rimozione dei mezzi<\/p>\n\n\t\t\t<style type='text\/css'>\n\t\t\t\t#gallery-2 {\n\t\t\t\t\tmargin: auto;\n\t\t\t\t}\n\t\t\t\t#gallery-2 .gallery-item {\n\t\t\t\t\tfloat: left;\n\t\t\t\t\tmargin-top: 10px;\n\t\t\t\t\ttext-align: center;\n\t\t\t\t\twidth: 50%;\n\t\t\t\t}\n\t\t\t\t#gallery-2 img {\n\t\t\t\t\tborder: 2px solid #cfcfcf;\n\t\t\t\t}\n\t\t\t\t#gallery-2 .gallery-caption {\n\t\t\t\t\tmargin-left: 0;\n\t\t\t\t}\n\t\t\t\t\/* see gallery_shortcode() in wp-includes\/media.php *\/\n\t\t\t<\/style>\n\t\t<div id='gallery-2' class='dt-gallery-container gallery galleryid-329442 gallery-columns-2 gallery-size-thumbnail'><dl class='gallery-item'>\n\t\t\t\t<dt class='gallery-icon landscape'>\n\t\t\t\t\t<a class=\"rollover rollover-zoom dt-pswp-item\" title=\"b41a96ab-1f4e-474d-81e9-6292b352e0f9\" data-dt-img-description=\"\" data-large_image_width=\"1280\" data-large_image_height=\"828\"href='https:\/\/www.radiopiu.net\/wordpress\/wp-content\/uploads\/2023\/04\/b41a96ab-1f4e-474d-81e9-6292b352e0f9.jpg'><img loading=\"lazy\" decoding=\"async\" width=\"150\" height=\"150\" src=\"https:\/\/www.radiopiu.net\/wordpress\/wp-content\/uploads\/2023\/04\/b41a96ab-1f4e-474d-81e9-6292b352e0f9-150x150.jpg\" class=\"attachment-thumbnail size-thumbnail\" alt=\"\" \/><\/a>\n\t\t\t\t<\/dt><\/dl><dl class='gallery-item'>\n\t\t\t\t<dt class='gallery-icon landscape'>\n\t\t\t\t\t<a class=\"rollover rollover-zoom dt-pswp-item\" title=\"9ed8b7e1-00ea-4ca6-b8a2-19c387d72515\" data-dt-img-description=\"\" data-large_image_width=\"1280\" data-large_image_height=\"960\"href='https:\/\/www.radiopiu.net\/wordpress\/wp-content\/uploads\/2023\/04\/9ed8b7e1-00ea-4ca6-b8a2-19c387d72515.jpg'><img loading=\"lazy\" decoding=\"async\" width=\"150\" height=\"150\" src=\"https:\/\/www.radiopiu.net\/wordpress\/wp-content\/uploads\/2023\/04\/9ed8b7e1-00ea-4ca6-b8a2-19c387d72515-150x150.jpg\" class=\"attachment-thumbnail size-thumbnail\" alt=\"\" \/><\/a>\n\t\t\t\t<\/dt><\/dl><br style=\"clear: both\" \/>\n\t\t\t<\/div>\n\n<p>&nbsp;<\/p>\n<hr \/>\n<p>&nbsp;<\/p>\n<blockquote>\n<h3>FURGONE IN FIAMME AD ANZU&#8217; DI FELTRE<\/h3>\n<\/blockquote>\n<p><strong>FELTRE<\/strong> Nel pomeriggio di ieri i Vigili del Fuoco sono intervenuti in frazione Canal di Anz\u00f9 di Feltre. Erano le 15:40 quando i pompieri sono stati chiamati per l&#8217;incendio di un furgone Ducato camperizzato: nessuna persona \u00e8 rimasta ferita. I Vigili del Fuoco, accorsi dal locale distaccamento con un\u2019autopompa, un\u2019autobotte e 5 operatori, hanno spento con la schiuma il mezzo andato completamente distrutto. Le cause delle fiamme sono al vaglio del personale intervenuto. Le operazioni di completo spegnimento e raffreddamento del mezzo sono terminate dopo due ore circa.<\/p>\n\n\t\t\t<style type='text\/css'>\n\t\t\t\t#gallery-3 {\n\t\t\t\t\tmargin: auto;\n\t\t\t\t}\n\t\t\t\t#gallery-3 .gallery-item {\n\t\t\t\t\tfloat: left;\n\t\t\t\t\tmargin-top: 10px;\n\t\t\t\t\ttext-align: center;\n\t\t\t\t\twidth: 50%;\n\t\t\t\t}\n\t\t\t\t#gallery-3 img {\n\t\t\t\t\tborder: 2px solid #cfcfcf;\n\t\t\t\t}\n\t\t\t\t#gallery-3 .gallery-caption {\n\t\t\t\t\tmargin-left: 0;\n\t\t\t\t}\n\t\t\t\t\/* see gallery_shortcode() in wp-includes\/media.php *\/\n\t\t\t<\/style>\n\t\t<div id='gallery-3' class='dt-gallery-container gallery galleryid-329442 gallery-columns-2 gallery-size-medium'><dl class='gallery-item'>\n\t\t\t\t<dt class='gallery-icon landscape'>\n\t\t\t\t\t<a class=\"rollover rollover-zoom dt-pswp-item\" title=\"0b40d7c1-75f7-4de4-bd0c-754556a21328\" data-dt-img-description=\"\" data-large_image_width=\"1172\" data-large_image_height=\"696\"href='https:\/\/www.radiopiu.net\/wordpress\/wp-content\/uploads\/2023\/04\/0b40d7c1-75f7-4de4-bd0c-754556a21328.jpg'><img loading=\"lazy\" decoding=\"async\" width=\"300\" height=\"178\" src=\"https:\/\/www.radiopiu.net\/wordpress\/wp-content\/uploads\/2023\/04\/0b40d7c1-75f7-4de4-bd0c-754556a21328-300x178.jpg\" class=\"attachment-medium size-medium\" alt=\"\" srcset=\"https:\/\/www.radiopiu.net\/wordpress\/wp-content\/uploads\/2023\/04\/0b40d7c1-75f7-4de4-bd0c-754556a21328-300x178.jpg 300w, https:\/\/www.radiopiu.net\/wordpress\/wp-content\/uploads\/2023\/04\/0b40d7c1-75f7-4de4-bd0c-754556a21328-1024x608.jpg 1024w, https:\/\/www.radiopiu.net\/wordpress\/wp-content\/uploads\/2023\/04\/0b40d7c1-75f7-4de4-bd0c-754556a21328-768x456.jpg 768w, https:\/\/www.radiopiu.net\/wordpress\/wp-content\/uploads\/2023\/04\/0b40d7c1-75f7-4de4-bd0c-754556a21328.jpg 1172w\" sizes=\"auto, (max-width: 300px) 100vw, 300px\" \/><\/a>\n\t\t\t\t<\/dt><\/dl><dl class='gallery-item'>\n\t\t\t\t<dt class='gallery-icon landscape'>\n\t\t\t\t\t<a class=\"rollover rollover-zoom dt-pswp-item\" title=\"678f9e69-fad4-4f49-8e7c-20d581f3e405\" data-dt-img-description=\"\" data-large_image_width=\"1103\" data-large_image_height=\"675\"href='https:\/\/www.radiopiu.net\/wordpress\/wp-content\/uploads\/2023\/04\/678f9e69-fad4-4f49-8e7c-20d581f3e405.jpg'><img loading=\"lazy\" decoding=\"async\" width=\"300\" height=\"184\" src=\"https:\/\/www.radiopiu.net\/wordpress\/wp-content\/uploads\/2023\/04\/678f9e69-fad4-4f49-8e7c-20d581f3e405-300x184.jpg\" class=\"attachment-medium size-medium\" alt=\"\" srcset=\"https:\/\/www.radiopiu.net\/wordpress\/wp-content\/uploads\/2023\/04\/678f9e69-fad4-4f49-8e7c-20d581f3e405-300x184.jpg 300w, https:\/\/www.radiopiu.net\/wordpress\/wp-content\/uploads\/2023\/04\/678f9e69-fad4-4f49-8e7c-20d581f3e405-1024x627.jpg 1024w, https:\/\/www.radiopiu.net\/wordpress\/wp-content\/uploads\/2023\/04\/678f9e69-fad4-4f49-8e7c-20d581f3e405-768x470.jpg 768w, https:\/\/www.radiopiu.net\/wordpress\/wp-content\/uploads\/2023\/04\/678f9e69-fad4-4f49-8e7c-20d581f3e405.jpg 1103w\" sizes=\"auto, (max-width: 300px) 100vw, 300px\" \/><\/a>\n\t\t\t\t<\/dt><\/dl><br style=\"clear: both\" \/>\n\t\t\t<\/div>\n\n<p>&nbsp;<\/p>\n<hr \/>\n<p>&nbsp;<\/p>\n<blockquote>\n<h2>MARITO E MOGLIE FERITI NEL RIBALTAMENTO AD ARSIE&#8217;<\/h2>\n<\/blockquote>\n<p><strong>ARSIE<\/strong> Nel pomeriggio\u00a0 i vigili del fuoco sono intervenuti in localit\u00e0 Giaroni ad Arsi\u00e8 per un\u2019auto finita rovesciata in un canale di scolo dopo la perdita di controllo del conducente, rimasto ferito insieme alla moglie. I pompieri accorsi da Feltre, hanno messo in sicurezza l\u2019auto ed estratto uno dei due coniugi rimasto incastrato, mentre l\u2019altro se pur ferito \u00e8 riuscito a venire fuori autonomamente. I due feriti sono stati assistiti dal personale sanitario del Suem e trasferiti in pronto soccorso. I carabinieri hanno deviato il traffico ed eseguito i rilievi del sinistro. Le operazioni di soccorso dei vigili del fuoco sono terminate dopo circa un\u2019ora.<\/p>\n\n\t\t\t<style type='text\/css'>\n\t\t\t\t#gallery-4 {\n\t\t\t\t\tmargin: auto;\n\t\t\t\t}\n\t\t\t\t#gallery-4 .gallery-item {\n\t\t\t\t\tfloat: left;\n\t\t\t\t\tmargin-top: 10px;\n\t\t\t\t\ttext-align: center;\n\t\t\t\t\twidth: 50%;\n\t\t\t\t}\n\t\t\t\t#gallery-4 img {\n\t\t\t\t\tborder: 2px solid #cfcfcf;\n\t\t\t\t}\n\t\t\t\t#gallery-4 .gallery-caption {\n\t\t\t\t\tmargin-left: 0;\n\t\t\t\t}\n\t\t\t\t\/* see gallery_shortcode() in wp-includes\/media.php *\/\n\t\t\t<\/style>\n\t\t<div id='gallery-4' class='dt-gallery-container gallery galleryid-329442 gallery-columns-2 gallery-size-medium'><dl class='gallery-item'>\n\t\t\t\t<dt class='gallery-icon landscape'>\n\t\t\t\t\t<a class=\"rollover rollover-zoom dt-pswp-item\" title=\"b0daaba7-45d6-437a-906f-b9b9673256b5\" data-dt-img-description=\"\" data-large_image_width=\"1280\" data-large_image_height=\"720\"href='https:\/\/www.radiopiu.net\/wordpress\/wp-content\/uploads\/2023\/04\/b0daaba7-45d6-437a-906f-b9b9673256b5.jpg'><img loading=\"lazy\" decoding=\"async\" width=\"300\" height=\"169\" src=\"https:\/\/www.radiopiu.net\/wordpress\/wp-content\/uploads\/2023\/04\/b0daaba7-45d6-437a-906f-b9b9673256b5-300x169.jpg\" class=\"attachment-medium size-medium\" alt=\"\" srcset=\"https:\/\/www.radiopiu.net\/wordpress\/wp-content\/uploads\/2023\/04\/b0daaba7-45d6-437a-906f-b9b9673256b5-300x169.jpg 300w, https:\/\/www.radiopiu.net\/wordpress\/wp-content\/uploads\/2023\/04\/b0daaba7-45d6-437a-906f-b9b9673256b5-1024x576.jpg 1024w, https:\/\/www.radiopiu.net\/wordpress\/wp-content\/uploads\/2023\/04\/b0daaba7-45d6-437a-906f-b9b9673256b5-768x432.jpg 768w, https:\/\/www.radiopiu.net\/wordpress\/wp-content\/uploads\/2023\/04\/b0daaba7-45d6-437a-906f-b9b9673256b5.jpg 1280w\" sizes=\"auto, (max-width: 300px) 100vw, 300px\" \/><\/a>\n\t\t\t\t<\/dt><\/dl><dl class='gallery-item'>\n\t\t\t\t<dt class='gallery-icon landscape'>\n\t\t\t\t\t<a class=\"rollover rollover-zoom dt-pswp-item\" title=\"e107e80a-5e27-4c64-8c08-1f355371e998\" data-dt-img-description=\"\" data-large_image_width=\"1235\" data-large_image_height=\"720\"href='https:\/\/www.radiopiu.net\/wordpress\/wp-content\/uploads\/2023\/04\/e107e80a-5e27-4c64-8c08-1f355371e998.jpg'><img loading=\"lazy\" decoding=\"async\" width=\"300\" height=\"175\" src=\"https:\/\/www.radiopiu.net\/wordpress\/wp-content\/uploads\/2023\/04\/e107e80a-5e27-4c64-8c08-1f355371e998-300x175.jpg\" class=\"attachment-medium size-medium\" alt=\"\" srcset=\"https:\/\/www.radiopiu.net\/wordpress\/wp-content\/uploads\/2023\/04\/e107e80a-5e27-4c64-8c08-1f355371e998-300x175.jpg 300w, https:\/\/www.radiopiu.net\/wordpress\/wp-content\/uploads\/2023\/04\/e107e80a-5e27-4c64-8c08-1f355371e998-1024x597.jpg 1024w, https:\/\/www.radiopiu.net\/wordpress\/wp-content\/uploads\/2023\/04\/e107e80a-5e27-4c64-8c08-1f355371e998-768x448.jpg 768w, https:\/\/www.radiopiu.net\/wordpress\/wp-content\/uploads\/2023\/04\/e107e80a-5e27-4c64-8c08-1f355371e998.jpg 1235w\" sizes=\"auto, (max-width: 300px) 100vw, 300px\" \/><\/a>\n\t\t\t\t<\/dt><\/dl><br style=\"clear: both\" \/>\n\t\t\t<\/div>\n\n<p>&nbsp;<\/p>\n<p>&nbsp;<\/p>\n<hr \/>\n<p>&nbsp;<\/p>\n<blockquote>\n<h3>FRANA RIO GREOLA, INTERVENTO FINANZIATO CON I FONDI PNRR<\/h3>\n<\/blockquote>\n<p><strong><img loading=\"lazy\" decoding=\"async\" class=\"alignleft\" src=\"https:\/\/www.radiopiu.net\/wordpress\/wp-content\/uploads\/2023\/03\/frana-rio-greola.jpg\" width=\"241\" height=\"181\" \/>LIVINALLONGO\u00a0<\/strong><\/p>\n<p>&nbsp;<\/p>\n<p>&nbsp;<\/p>\n<p>&nbsp;<\/p>\n<p>&nbsp;<\/p>\n<p>&nbsp;<\/p>\n<p>&nbsp;<\/p>\n<p><strong>DI LORENZO SORATROI<\/strong><\/p>\n<audio class=\"wp-audio-shortcode\" id=\"audio-329442-2\" preload=\"none\" style=\"width: 100%;\" controls=\"controls\"><source type=\"audio\/mpeg\" src=\"https:\/\/www.radiopiu.net\/wordpress\/wp-content\/uploads\/2023\/03\/LORENZO-PNRR-FRANA.mp3?_=2\" \/><a href=\"https:\/\/www.radiopiu.net\/wordpress\/wp-content\/uploads\/2023\/03\/LORENZO-PNRR-FRANA.mp3\">https:\/\/www.radiopiu.net\/wordpress\/wp-content\/uploads\/2023\/03\/LORENZO-PNRR-FRANA.mp3<\/a><\/audio>\n<p>&nbsp;<\/p>\n<hr \/>\n<p>&nbsp;<\/p>\n<blockquote>\n<h3>GLI IMPRENDITORI DELL&#8217;AREA INDUSTRIALE DI PALUDI CHIEDONO SICUREZZA E DECORO<\/h3>\n<\/blockquote>\n<p><strong><a class=\"dt-pswp-item\" href=\"https:\/\/www.radiopiu.net\/wordpress\/wp-content\/uploads\/2023\/04\/41130001-02a8-4ab8-8479-e2371b3a1c72.jpg\" data-dt-img-description=\"\" data-large_image_width=\"1024\" data-large_image_height=\"768\"><img loading=\"lazy\" decoding=\"async\" class=\" wp-image-329509 alignleft\" src=\"https:\/\/www.radiopiu.net\/wordpress\/wp-content\/uploads\/2023\/04\/41130001-02a8-4ab8-8479-e2371b3a1c72-300x225.jpg\" alt=\"\" width=\"167\" height=\"125\" srcset=\"https:\/\/www.radiopiu.net\/wordpress\/wp-content\/uploads\/2023\/04\/41130001-02a8-4ab8-8479-e2371b3a1c72-300x225.jpg 300w, https:\/\/www.radiopiu.net\/wordpress\/wp-content\/uploads\/2023\/04\/41130001-02a8-4ab8-8479-e2371b3a1c72-768x576.jpg 768w, https:\/\/www.radiopiu.net\/wordpress\/wp-content\/uploads\/2023\/04\/41130001-02a8-4ab8-8479-e2371b3a1c72.jpg 1024w\" sizes=\"auto, (max-width: 167px) 100vw, 167px\" \/><\/a>ALPAGO<\/strong> Sicurezza e decoro: questo chiedono alle istituzioni gli imprenditori dell&#8217;area industriale di Paludi che sono pronti anche a riunirsi in comitato.<\/p>\n<p><strong>di Daniele Dalvit<\/strong><\/p>\n<audio class=\"wp-audio-shortcode\" id=\"audio-329442-3\" preload=\"none\" style=\"width: 100%;\" controls=\"controls\"><source type=\"audio\/mpeg\" src=\"https:\/\/www.radiopiu.net\/wordpress\/wp-content\/uploads\/2023\/04\/DALVIT-Servizio-Incontro-sicurezza-Paludi.mp3?_=3\" \/><a href=\"https:\/\/www.radiopiu.net\/wordpress\/wp-content\/uploads\/2023\/04\/DALVIT-Servizio-Incontro-sicurezza-Paludi.mp3\">https:\/\/www.radiopiu.net\/wordpress\/wp-content\/uploads\/2023\/04\/DALVIT-Servizio-Incontro-sicurezza-Paludi.mp3<\/a><\/audio>\n<p>&nbsp;<\/p>\n<p>&nbsp;<\/p>\n<p>&nbsp;<\/p>\n<hr \/>\n<p>&nbsp;<\/p>\n<blockquote>\n<h3>ULTIMO INCONTRO DEDICATO ALLE TRUFFE AGLI ANZIANI<\/h3>\n<\/blockquote>\n<p><strong><a class=\"dt-pswp-item\" href=\"https:\/\/www.radiopiu.net\/wordpress\/wp-content\/uploads\/2023\/04\/Confer-Truffe-al-Centro-AMO-31.03.2023-2.jpg\" data-dt-img-description=\"\" data-large_image_width=\"396\" data-large_image_height=\"354\"><img loading=\"lazy\" decoding=\"async\" class=\" wp-image-329463 alignleft\" src=\"https:\/\/www.radiopiu.net\/wordpress\/wp-content\/uploads\/2023\/04\/Confer-Truffe-al-Centro-AMO-31.03.2023-2-300x268.jpg\" alt=\"\" width=\"161\" height=\"144\" srcset=\"https:\/\/www.radiopiu.net\/wordpress\/wp-content\/uploads\/2023\/04\/Confer-Truffe-al-Centro-AMO-31.03.2023-2-300x268.jpg 300w, https:\/\/www.radiopiu.net\/wordpress\/wp-content\/uploads\/2023\/04\/Confer-Truffe-al-Centro-AMO-31.03.2023-2.jpg 396w\" sizes=\"auto, (max-width: 161px) 100vw, 161px\" \/><\/a>BELLUNO <\/strong>Chiusa venerd\u00ec al Centro AMO di Lamon, con l\u2019organizzazione dei Circoli Auser di Lamon e Sovramonte, la tornata di conferenze informative sulla casistica delle Truffe pi\u00f9 comuni ai danni della popolazione pi\u00f9 Anziana. Il ciclo di incontri proposto dall\u2019Auser provinciale, che con l\u2019intermediazione del Tenente Colonnello Giancarlo Carraro ha trovato la pronta disponibilit\u00e0 del Comando provinciale Carabinieri Belluno nella persona del suo Comandante Colonnello Enrico Pigozzo, aveva preso il via a Belluno il 15 febbraio. Sono seguiti poi nello stesso mese quelli di Voltago Agordino e Mel, e in marzo Sospirolo, Quero e ultimo, appunto, quello di ieri sera a Lamon con relatore il Tenete Giancarlo Caprini affiancato dall\u2019Appuntato Daniele Viezzer <i>(in foto)<\/i>, entrambi della Sezione operativa Compagnia Carabin<span class=\"s1\">i<\/span>eri di Belluno. Tutti i sei appuntamenti sono stati gestiti singolarmente o in collaborazione, dai locali Circoli dell\u2019Auser, riscuotendo grande attenzione e partecipazione.<\/p>\n<p>&nbsp;<\/p>\n<p>&nbsp;<\/p>\n<hr \/>\n<p>&nbsp;<\/p>\n<blockquote>\n<h3>DALLA VIA CRUCIS DI GOSALDO ALLA SAGRA DE PASCA DI TAIBON. INIZIA LA PASQUA IN AGORDINO<\/h3>\n<\/blockquote>\n<p><strong><a class=\"dt-pswp-item\" href=\"https:\/\/www.radiopiu.net\/wordpress\/wp-content\/uploads\/2023\/04\/CHIESA-GOSALDO.jpeg\" data-dt-img-description=\"\" data-large_image_width=\"1574\" data-large_image_height=\"1018\"><img loading=\"lazy\" decoding=\"async\" class=\" wp-image-329529 alignleft\" src=\"https:\/\/www.radiopiu.net\/wordpress\/wp-content\/uploads\/2023\/04\/CHIESA-GOSALDO-300x194.jpeg\" alt=\"\" width=\"212\" height=\"137\" srcset=\"https:\/\/www.radiopiu.net\/wordpress\/wp-content\/uploads\/2023\/04\/CHIESA-GOSALDO-300x194.jpeg 300w, https:\/\/www.radiopiu.net\/wordpress\/wp-content\/uploads\/2023\/04\/CHIESA-GOSALDO-1024x662.jpeg 1024w, https:\/\/www.radiopiu.net\/wordpress\/wp-content\/uploads\/2023\/04\/CHIESA-GOSALDO-768x497.jpeg 768w, https:\/\/www.radiopiu.net\/wordpress\/wp-content\/uploads\/2023\/04\/CHIESA-GOSALDO-1536x993.jpeg 1536w, https:\/\/www.radiopiu.net\/wordpress\/wp-content\/uploads\/2023\/04\/CHIESA-GOSALDO.jpeg 1574w\" sizes=\"auto, (max-width: 212px) 100vw, 212px\" \/><\/a>AGORDO<\/strong><\/p>\n<p>di Gianni Santomaso<\/p>\n<audio class=\"wp-audio-shortcode\" id=\"audio-329442-4\" preload=\"none\" style=\"width: 100%;\" controls=\"controls\"><source type=\"audio\/mpeg\" src=\"https:\/\/www.radiopiu.net\/wordpress\/wp-content\/uploads\/2023\/04\/GIANNI-PASQUA-GOSALDO-TAIBON.mp3?_=4\" \/><a href=\"https:\/\/www.radiopiu.net\/wordpress\/wp-content\/uploads\/2023\/04\/GIANNI-PASQUA-GOSALDO-TAIBON.mp3\">https:\/\/www.radiopiu.net\/wordpress\/wp-content\/uploads\/2023\/04\/GIANNI-PASQUA-GOSALDO-TAIBON.mp3<\/a><\/audio>\n<p>&nbsp;<\/p>\n<p>&nbsp;<\/p>\n<hr \/>\n<p>&nbsp;<\/p>\n<p>&nbsp;<\/p>\n<h2><strong><a class=\"dt-pswp-item\" href=\"https:\/\/www.radiopiu.net\/wordpress\/wp-content\/uploads\/2018\/05\/SANTIN-300x169.jpg\" data-dt-img-description=\"\" data-large_image_width=\"300\" data-large_image_height=\"169\"><img loading=\"lazy\" decoding=\"async\" class=\" wp-image-48328 alignleft\" src=\"https:\/\/www.radiopiu.net\/wordpress\/wp-content\/uploads\/2018\/05\/SANTIN-300x169-300x169.jpg\" alt=\"\" width=\"208\" height=\"117\" \/><\/a><\/strong><span style=\"color: #339966;\">LA RASSEGNA STAMPA DA L&#8217;AMICO DEL POPOLO<\/span><\/h2>\n<p><strong>di Gianni Santomaso<\/strong><\/p>\n<p>OSPITE: Maria Chiara Santin, Amministratrice unica di ASCA<\/p>\n<audio class=\"wp-audio-shortcode\" id=\"audio-329442-5\" preload=\"none\" style=\"width: 100%;\" controls=\"controls\"><source type=\"audio\/mpeg\" src=\"https:\/\/www.radiopiu.net\/wordpress\/wp-content\/uploads\/2022\/04\/RASSEGNA-GIANNI-5.mp3?_=5\" \/><a href=\"https:\/\/www.radiopiu.net\/wordpress\/wp-content\/uploads\/2022\/04\/RASSEGNA-GIANNI-5.mp3\">https:\/\/www.radiopiu.net\/wordpress\/wp-content\/uploads\/2022\/04\/RASSEGNA-GIANNI-5.mp3<\/a><\/audio>\n<p>&nbsp;<\/p>\n<p>&nbsp;<\/p>\n<hr \/>\n<p>&nbsp;<\/p>\n<blockquote>\n<h3>LA GIORNATA ECOLOGICA, SOPPELSA &#8220;OGGI IL TERRITORIO E&#8217; PIU&#8217; PULITO, L&#8217;IMPORTANZA DEL RISPETTO PER L&#8217;AMBIENTE&#8221;<\/h3>\n<\/blockquote>\n<p>&nbsp;<\/p>\n<p><strong>REDAZIONE<\/strong> Lezione di civilt\u00e0, per gli incivili, sempre tanti, sempre troppi. Chilogrammi di rifiuti, nel Biois anche 30 pannolini, una lavatrice e bottiglie vuote, quasi 9000 mozziconi di sigarette. A ridare dignit\u00e0 al territorio i cittadini di Cencenighe che hanno dedicato il loro tempo per poi ritrovarsi in amicizia per il pranzo finale.. e l&#8217;uovo di pasqua.<\/p>\n<p><strong>IL SINDACO MAURO SOPPELSA<\/strong><\/p>\n<audio class=\"wp-audio-shortcode\" id=\"audio-329442-6\" preload=\"none\" style=\"width: 100%;\" controls=\"controls\"><source type=\"audio\/mpeg\" src=\"https:\/\/www.radiopiu.net\/wordpress\/wp-content\/uploads\/2023\/04\/MAURO.mp3?_=6\" \/><a href=\"https:\/\/www.radiopiu.net\/wordpress\/wp-content\/uploads\/2023\/04\/MAURO.mp3\">https:\/\/www.radiopiu.net\/wordpress\/wp-content\/uploads\/2023\/04\/MAURO.mp3<\/a><\/audio>\n<p>&nbsp;<\/p>\n\n\t\t\t<style type='text\/css'>\n\t\t\t\t#gallery-5 {\n\t\t\t\t\tmargin: auto;\n\t\t\t\t}\n\t\t\t\t#gallery-5 .gallery-item {\n\t\t\t\t\tfloat: left;\n\t\t\t\t\tmargin-top: 10px;\n\t\t\t\t\ttext-align: center;\n\t\t\t\t\twidth: 25%;\n\t\t\t\t}\n\t\t\t\t#gallery-5 img {\n\t\t\t\t\tborder: 2px solid #cfcfcf;\n\t\t\t\t}\n\t\t\t\t#gallery-5 .gallery-caption {\n\t\t\t\t\tmargin-left: 0;\n\t\t\t\t}\n\t\t\t\t\/* see gallery_shortcode() in wp-includes\/media.php *\/\n\t\t\t<\/style>\n\t\t<div id='gallery-5' class='dt-gallery-container gallery galleryid-329442 gallery-columns-4 gallery-size-thumbnail'><dl class='gallery-item'>\n\t\t\t\t<dt class='gallery-icon landscape'>\n\t\t\t\t\t<a class=\"rollover rollover-zoom dt-pswp-item\" title=\"5fb99934-7b53-44d2-90c3-7e15a21f244c\" data-dt-img-description=\"\" data-large_image_width=\"2016\" data-large_image_height=\"1512\"href='https:\/\/www.radiopiu.net\/wordpress\/wp-content\/uploads\/2023\/04\/5fb99934-7b53-44d2-90c3-7e15a21f244c.jpg'><img loading=\"lazy\" decoding=\"async\" width=\"150\" height=\"150\" src=\"https:\/\/www.radiopiu.net\/wordpress\/wp-content\/uploads\/2023\/04\/5fb99934-7b53-44d2-90c3-7e15a21f244c-150x150.jpg\" class=\"attachment-thumbnail size-thumbnail\" alt=\"\" \/><\/a>\n\t\t\t\t<\/dt><\/dl><dl class='gallery-item'>\n\t\t\t\t<dt class='gallery-icon landscape'>\n\t\t\t\t\t<a class=\"rollover rollover-zoom dt-pswp-item\" title=\"ba4ddea1-a2fc-43fa-884e-4b2b9e8427d9\" data-dt-img-description=\"\" data-large_image_width=\"2016\" data-large_image_height=\"1512\"href='https:\/\/www.radiopiu.net\/wordpress\/wp-content\/uploads\/2023\/04\/ba4ddea1-a2fc-43fa-884e-4b2b9e8427d9.jpg'><img loading=\"lazy\" decoding=\"async\" width=\"150\" height=\"150\" src=\"https:\/\/www.radiopiu.net\/wordpress\/wp-content\/uploads\/2023\/04\/ba4ddea1-a2fc-43fa-884e-4b2b9e8427d9-150x150.jpg\" class=\"attachment-thumbnail size-thumbnail\" alt=\"\" \/><\/a>\n\t\t\t\t<\/dt><\/dl><dl class='gallery-item'>\n\t\t\t\t<dt class='gallery-icon landscape'>\n\t\t\t\t\t<a class=\"rollover rollover-zoom dt-pswp-item\" title=\"2a31e120-717f-4d4b-b48a-881eaa934434\" data-dt-img-description=\"\" data-large_image_width=\"2016\" data-large_image_height=\"1512\"href='https:\/\/www.radiopiu.net\/wordpress\/wp-content\/uploads\/2023\/04\/2a31e120-717f-4d4b-b48a-881eaa934434.jpg'><img loading=\"lazy\" decoding=\"async\" width=\"150\" height=\"150\" src=\"https:\/\/www.radiopiu.net\/wordpress\/wp-content\/uploads\/2023\/04\/2a31e120-717f-4d4b-b48a-881eaa934434-150x150.jpg\" class=\"attachment-thumbnail size-thumbnail\" alt=\"\" \/><\/a>\n\t\t\t\t<\/dt><\/dl><dl class='gallery-item'>\n\t\t\t\t<dt class='gallery-icon landscape'>\n\t\t\t\t\t<a class=\"rollover rollover-zoom dt-pswp-item\" title=\"8b313527-207c-479e-ba09-d00e07b7845f\" data-dt-img-description=\"\" data-large_image_width=\"1600\" data-large_image_height=\"1200\"href='https:\/\/www.radiopiu.net\/wordpress\/wp-content\/uploads\/2023\/04\/8b313527-207c-479e-ba09-d00e07b7845f.jpg'><img loading=\"lazy\" decoding=\"async\" width=\"150\" height=\"150\" src=\"https:\/\/www.radiopiu.net\/wordpress\/wp-content\/uploads\/2023\/04\/8b313527-207c-479e-ba09-d00e07b7845f-150x150.jpg\" class=\"attachment-thumbnail size-thumbnail\" alt=\"\" \/><\/a>\n\t\t\t\t<\/dt><\/dl><br style=\"clear: both\" \/><dl class='gallery-item'>\n\t\t\t\t<dt class='gallery-icon landscape'>\n\t\t\t\t\t<a class=\"rollover rollover-zoom dt-pswp-item\" title=\"71cba3cc-96b9-4d32-9de1-6de12f951ceb\" data-dt-img-description=\"\" data-large_image_width=\"1600\" data-large_image_height=\"1200\"href='https:\/\/www.radiopiu.net\/wordpress\/wp-content\/uploads\/2023\/04\/71cba3cc-96b9-4d32-9de1-6de12f951ceb.jpg'><img loading=\"lazy\" decoding=\"async\" width=\"150\" height=\"150\" src=\"https:\/\/www.radiopiu.net\/wordpress\/wp-content\/uploads\/2023\/04\/71cba3cc-96b9-4d32-9de1-6de12f951ceb-150x150.jpg\" class=\"attachment-thumbnail size-thumbnail\" alt=\"\" \/><\/a>\n\t\t\t\t<\/dt><\/dl><dl class='gallery-item'>\n\t\t\t\t<dt class='gallery-icon portrait'>\n\t\t\t\t\t<a class=\"rollover rollover-zoom dt-pswp-item\" title=\"cfcd1381-b204-4cfe-b56d-472b072cc7a6\" data-dt-img-description=\"\" data-large_image_width=\"1200\" data-large_image_height=\"1600\"href='https:\/\/www.radiopiu.net\/wordpress\/wp-content\/uploads\/2023\/04\/cfcd1381-b204-4cfe-b56d-472b072cc7a6.jpg'><img loading=\"lazy\" decoding=\"async\" width=\"150\" height=\"150\" src=\"https:\/\/www.radiopiu.net\/wordpress\/wp-content\/uploads\/2023\/04\/cfcd1381-b204-4cfe-b56d-472b072cc7a6-150x150.jpg\" class=\"attachment-thumbnail size-thumbnail\" alt=\"\" \/><\/a>\n\t\t\t\t<\/dt><\/dl><dl class='gallery-item'>\n\t\t\t\t<dt class='gallery-icon portrait'>\n\t\t\t\t\t<a class=\"rollover rollover-zoom dt-pswp-item\" title=\"b866f211-9fcc-4e69-9c11-f34c873f13af\" data-dt-img-description=\"\" data-large_image_width=\"1197\" data-large_image_height=\"1600\"href='https:\/\/www.radiopiu.net\/wordpress\/wp-content\/uploads\/2023\/04\/b866f211-9fcc-4e69-9c11-f34c873f13af.jpg'><img loading=\"lazy\" decoding=\"async\" width=\"150\" height=\"150\" src=\"https:\/\/www.radiopiu.net\/wordpress\/wp-content\/uploads\/2023\/04\/b866f211-9fcc-4e69-9c11-f34c873f13af-150x150.jpg\" class=\"attachment-thumbnail size-thumbnail\" alt=\"\" \/><\/a>\n\t\t\t\t<\/dt><\/dl><dl class='gallery-item'>\n\t\t\t\t<dt class='gallery-icon landscape'>\n\t\t\t\t\t<a class=\"rollover rollover-zoom dt-pswp-item\" title=\"6b962b67-44c5-4ed6-baae-79ca9db3d5f2\" data-dt-img-description=\"\" data-large_image_width=\"1280\" data-large_image_height=\"960\"href='https:\/\/www.radiopiu.net\/wordpress\/wp-content\/uploads\/2023\/04\/6b962b67-44c5-4ed6-baae-79ca9db3d5f2.jpg'><img loading=\"lazy\" decoding=\"async\" width=\"150\" height=\"150\" src=\"https:\/\/www.radiopiu.net\/wordpress\/wp-content\/uploads\/2023\/04\/6b962b67-44c5-4ed6-baae-79ca9db3d5f2-150x150.jpg\" class=\"attachment-thumbnail size-thumbnail\" alt=\"\" \/><\/a>\n\t\t\t\t<\/dt><\/dl><br style=\"clear: both\" \/><dl class='gallery-item'>\n\t\t\t\t<dt class='gallery-icon portrait'>\n\t\t\t\t\t<a class=\"rollover rollover-zoom dt-pswp-item\" title=\"e16e3b74-ceae-4885-9309-13776ba6195f\" data-dt-img-description=\"\" data-large_image_width=\"1197\" data-large_image_height=\"1600\"href='https:\/\/www.radiopiu.net\/wordpress\/wp-content\/uploads\/2023\/04\/e16e3b74-ceae-4885-9309-13776ba6195f.jpg'><img loading=\"lazy\" decoding=\"async\" width=\"150\" height=\"150\" src=\"https:\/\/www.radiopiu.net\/wordpress\/wp-content\/uploads\/2023\/04\/e16e3b74-ceae-4885-9309-13776ba6195f-150x150.jpg\" class=\"attachment-thumbnail size-thumbnail\" alt=\"\" \/><\/a>\n\t\t\t\t<\/dt><\/dl><dl class='gallery-item'>\n\t\t\t\t<dt class='gallery-icon portrait'>\n\t\t\t\t\t<a class=\"rollover rollover-zoom dt-pswp-item\" title=\"51f5eb41-01e3-46c1-a5a0-7f10b2a59a60\" data-dt-img-description=\"\" data-large_image_width=\"1512\" data-large_image_height=\"2016\"href='https:\/\/www.radiopiu.net\/wordpress\/wp-content\/uploads\/2023\/04\/51f5eb41-01e3-46c1-a5a0-7f10b2a59a60.jpg'><img loading=\"lazy\" decoding=\"async\" width=\"150\" height=\"150\" src=\"https:\/\/www.radiopiu.net\/wordpress\/wp-content\/uploads\/2023\/04\/51f5eb41-01e3-46c1-a5a0-7f10b2a59a60-150x150.jpg\" class=\"attachment-thumbnail size-thumbnail\" alt=\"\" \/><\/a>\n\t\t\t\t<\/dt><\/dl><dl class='gallery-item'>\n\t\t\t\t<dt class='gallery-icon landscape'>\n\t\t\t\t\t<a class=\"rollover rollover-zoom dt-pswp-item\" title=\"eca19eeb-70b8-4b3e-bac0-847cbcf0a8e8\" data-dt-img-description=\"\" data-large_image_width=\"1600\" data-large_image_height=\"1200\"href='https:\/\/www.radiopiu.net\/wordpress\/wp-content\/uploads\/2023\/04\/eca19eeb-70b8-4b3e-bac0-847cbcf0a8e8.jpg'><img loading=\"lazy\" decoding=\"async\" width=\"150\" height=\"150\" src=\"https:\/\/www.radiopiu.net\/wordpress\/wp-content\/uploads\/2023\/04\/eca19eeb-70b8-4b3e-bac0-847cbcf0a8e8-150x150.jpg\" class=\"attachment-thumbnail size-thumbnail\" alt=\"\" \/><\/a>\n\t\t\t\t<\/dt><\/dl><dl class='gallery-item'>\n\t\t\t\t<dt class='gallery-icon landscape'>\n\t\t\t\t\t<a class=\"rollover rollover-zoom dt-pswp-item\" title=\"1026e33c-0ce1-4c49-9dfb-ca42bf68309e\" data-dt-img-description=\"\" data-large_image_width=\"1600\" data-large_image_height=\"1200\"href='https:\/\/www.radiopiu.net\/wordpress\/wp-content\/uploads\/2023\/04\/1026e33c-0ce1-4c49-9dfb-ca42bf68309e.jpg'><img loading=\"lazy\" decoding=\"async\" width=\"150\" height=\"150\" src=\"https:\/\/www.radiopiu.net\/wordpress\/wp-content\/uploads\/2023\/04\/1026e33c-0ce1-4c49-9dfb-ca42bf68309e-150x150.jpg\" class=\"attachment-thumbnail size-thumbnail\" alt=\"\" \/><\/a>\n\t\t\t\t<\/dt><\/dl><br style=\"clear: both\" \/>\n\t\t\t<\/div>\n\n<p>&nbsp;<\/p>\n<p>&nbsp;<\/p>\n<hr \/>\n<p>&nbsp;<\/p>\n<blockquote>\n<h3>LA FAMIGLIA DEI CIGNI DEL LAGO DI ALLEGHE SI ALLARGA<\/h3>\n<\/blockquote>\n<p><strong>ALLEGHE<\/strong> Gli abitanti di Alleghe, ma anche coloro che stanno dalla sponda del lago appartenente a Rocca Pietore, stanno aspettando il lieto evento. La famiglia dei cigni nei prossimi giorni si allargher\u00e0. Infatti sono quattro le uova depositate dalla mamma cigno e che con cura sta proteggendo e covando. C&#8217;\u00e8 solo da attendere e sapremo quando nasceranno i cuccioli.<\/p>\n\n\t\t\t<style type='text\/css'>\n\t\t\t\t#gallery-6 {\n\t\t\t\t\tmargin: auto;\n\t\t\t\t}\n\t\t\t\t#gallery-6 .gallery-item {\n\t\t\t\t\tfloat: left;\n\t\t\t\t\tmargin-top: 10px;\n\t\t\t\t\ttext-align: center;\n\t\t\t\t\twidth: 50%;\n\t\t\t\t}\n\t\t\t\t#gallery-6 img {\n\t\t\t\t\tborder: 2px solid #cfcfcf;\n\t\t\t\t}\n\t\t\t\t#gallery-6 .gallery-caption {\n\t\t\t\t\tmargin-left: 0;\n\t\t\t\t}\n\t\t\t\t\/* see gallery_shortcode() in wp-includes\/media.php *\/\n\t\t\t<\/style>\n\t\t<div id='gallery-6' class='dt-gallery-container gallery galleryid-329442 gallery-columns-2 gallery-size-thumbnail'><dl class='gallery-item'>\n\t\t\t\t<dt class='gallery-icon portrait'>\n\t\t\t\t\t<a class=\"rollover rollover-zoom dt-pswp-item\" title=\"IMG_20230401_094746_resized_20230401_124537882\" data-dt-img-description=\"\" data-large_image_width=\"864\" data-large_image_height=\"1152\"href='https:\/\/www.radiopiu.net\/wordpress\/wp-content\/uploads\/2023\/04\/IMG_20230401_094746_resized_20230401_124537882.jpg'><img loading=\"lazy\" decoding=\"async\" width=\"150\" height=\"150\" src=\"https:\/\/www.radiopiu.net\/wordpress\/wp-content\/uploads\/2023\/04\/IMG_20230401_094746_resized_20230401_124537882-150x150.jpg\" class=\"attachment-thumbnail size-thumbnail\" alt=\"\" \/><\/a>\n\t\t\t\t<\/dt><\/dl><dl class='gallery-item'>\n\t\t\t\t<dt class='gallery-icon portrait'>\n\t\t\t\t\t<a class=\"rollover rollover-zoom dt-pswp-item\" title=\"IMG_20230331_110807_resized_20230401_124538759\" data-dt-img-description=\"\" data-large_image_width=\"864\" data-large_image_height=\"1152\"href='https:\/\/www.radiopiu.net\/wordpress\/wp-content\/uploads\/2023\/04\/IMG_20230331_110807_resized_20230401_124538759.jpg'><img loading=\"lazy\" decoding=\"async\" width=\"150\" height=\"150\" src=\"https:\/\/www.radiopiu.net\/wordpress\/wp-content\/uploads\/2023\/04\/IMG_20230331_110807_resized_20230401_124538759-150x150.jpg\" class=\"attachment-thumbnail size-thumbnail\" alt=\"\" \/><\/a>\n\t\t\t\t<\/dt><\/dl><br style=\"clear: both\" \/>\n\t\t\t<\/div>\n\n<p>&nbsp;<\/p>\n<p>&nbsp;<\/p>\n<hr \/>\n<p>&nbsp;<\/p>\n<blockquote>\n<h3><strong>AGRICOLTURA: PRESIDENTE VENETO, \u201cIN VENETO MOLTI GIOVANI GIA\u2019 AL LAVORO<\/strong><\/h3>\n<\/blockquote>\n<p><strong><a class=\"dt-pswp-item\" href=\"https:\/\/www.radiopiu.net\/wordpress\/wp-content\/uploads\/2020\/05\/MERCATO-FRUTTA.jpg\" data-dt-img-description=\"\" data-large_image_width=\"1920\" data-large_image_height=\"1280\"><img loading=\"lazy\" decoding=\"async\" class=\" wp-image-138675 alignleft\" src=\"https:\/\/www.radiopiu.net\/wordpress\/wp-content\/uploads\/2020\/05\/MERCATO-FRUTTA-300x200.jpg\" alt=\"\" width=\"152\" height=\"101\" srcset=\"https:\/\/www.radiopiu.net\/wordpress\/wp-content\/uploads\/2020\/05\/MERCATO-FRUTTA-300x200.jpg 300w, https:\/\/www.radiopiu.net\/wordpress\/wp-content\/uploads\/2020\/05\/MERCATO-FRUTTA-1024x683.jpg 1024w, https:\/\/www.radiopiu.net\/wordpress\/wp-content\/uploads\/2020\/05\/MERCATO-FRUTTA-768x512.jpg 768w, https:\/\/www.radiopiu.net\/wordpress\/wp-content\/uploads\/2020\/05\/MERCATO-FRUTTA-1536x1024.jpg 1536w, https:\/\/www.radiopiu.net\/wordpress\/wp-content\/uploads\/2020\/05\/MERCATO-FRUTTA.jpg 1920w\" sizes=\"auto, (max-width: 152px) 100vw, 152px\" \/><\/a>VENEZIA <\/strong>\u201cNel Veneto l\u20198 per cento delle 83.000 aziende agricole esistenti sono condotte da giovani. \u00c8 un dato Istat che ci dice come nella nostra regione siano gi\u00e0 al lavoro diversi giovani che vedono nell\u2019agricoltura una prospettiva occupazionale per le nuove le generazioni. Ma le prospettive non sono solo per chi vuole cimentarsi con l\u2019impresa, lo sono anche per coloro che guardano al lavoro dipendente\u201d. Sono parole del Presidente della Regione del Veneto che da una regione dove il richiamo del lavoro in campagna \u00e8 sempre stato presente ne vede una sua attualizzazione in grado di attrarre ulteriormente i giovani offrendo prospettive da considerare. Lo fa sulla scorta dei dati di Coldiretti che riportano come lo scoro anno sono state un milione di persone a trovare un\u2019opportunit\u00e0 lavorativa nell\u2019agricoltura.<\/p>\n<p>&nbsp;<\/p>\n<p>&nbsp;<\/p>\n<hr \/>\n<p>&nbsp;<\/p>\n<p><strong>DI TIZIANO DE COL<\/strong><\/p>\n\n\t\t\t<style type='text\/css'>\n\t\t\t\t#gallery-7 {\n\t\t\t\t\tmargin: auto;\n\t\t\t\t}\n\t\t\t\t#gallery-7 .gallery-item {\n\t\t\t\t\tfloat: left;\n\t\t\t\t\tmargin-top: 10px;\n\t\t\t\t\ttext-align: center;\n\t\t\t\t\twidth: 20%;\n\t\t\t\t}\n\t\t\t\t#gallery-7 img {\n\t\t\t\t\tborder: 2px solid #cfcfcf;\n\t\t\t\t}\n\t\t\t\t#gallery-7 .gallery-caption {\n\t\t\t\t\tmargin-left: 0;\n\t\t\t\t}\n\t\t\t\t\/* see gallery_shortcode() in wp-includes\/media.php *\/\n\t\t\t<\/style>\n\t\t<div id='gallery-7' class='dt-gallery-container gallery galleryid-329442 gallery-columns-5 gallery-size-medium'><dl class='gallery-item'>\n\t\t\t\t<dt class='gallery-icon landscape'>\n\t\t\t\t\t<a class=\"rollover rollover-zoom dt-pswp-item\" title=\"fe898a4f-fcf3-4824-a649-54ff13d57064\" data-dt-img-description=\"\" data-large_image_width=\"599\" data-large_image_height=\"361\"href='https:\/\/www.radiopiu.net\/wordpress\/wp-content\/uploads\/2023\/04\/fe898a4f-fcf3-4824-a649-54ff13d57064.jpg'><img loading=\"lazy\" decoding=\"async\" width=\"300\" height=\"181\" src=\"https:\/\/www.radiopiu.net\/wordpress\/wp-content\/uploads\/2023\/04\/fe898a4f-fcf3-4824-a649-54ff13d57064-300x181.jpg\" class=\"attachment-medium size-medium\" alt=\"\" srcset=\"https:\/\/www.radiopiu.net\/wordpress\/wp-content\/uploads\/2023\/04\/fe898a4f-fcf3-4824-a649-54ff13d57064-300x181.jpg 300w, https:\/\/www.radiopiu.net\/wordpress\/wp-content\/uploads\/2023\/04\/fe898a4f-fcf3-4824-a649-54ff13d57064.jpg 599w\" sizes=\"auto, (max-width: 300px) 100vw, 300px\" \/><\/a>\n\t\t\t\t<\/dt><\/dl><dl class='gallery-item'>\n\t\t\t\t<dt class='gallery-icon landscape'>\n\t\t\t\t\t<a class=\"rollover rollover-zoom dt-pswp-item\" title=\"cc7e20b8-5d7f-49fe-96a5-cac1dc3495fd\" data-dt-img-description=\"\" data-large_image_width=\"604\" data-large_image_height=\"358\"href='https:\/\/www.radiopiu.net\/wordpress\/wp-content\/uploads\/2023\/04\/cc7e20b8-5d7f-49fe-96a5-cac1dc3495fd.jpg'><img loading=\"lazy\" decoding=\"async\" width=\"300\" height=\"178\" src=\"https:\/\/www.radiopiu.net\/wordpress\/wp-content\/uploads\/2023\/04\/cc7e20b8-5d7f-49fe-96a5-cac1dc3495fd-300x178.jpg\" class=\"attachment-medium size-medium\" alt=\"\" srcset=\"https:\/\/www.radiopiu.net\/wordpress\/wp-content\/uploads\/2023\/04\/cc7e20b8-5d7f-49fe-96a5-cac1dc3495fd-300x178.jpg 300w, https:\/\/www.radiopiu.net\/wordpress\/wp-content\/uploads\/2023\/04\/cc7e20b8-5d7f-49fe-96a5-cac1dc3495fd.jpg 604w\" sizes=\"auto, (max-width: 300px) 100vw, 300px\" \/><\/a>\n\t\t\t\t<\/dt><\/dl><dl class='gallery-item'>\n\t\t\t\t<dt class='gallery-icon landscape'>\n\t\t\t\t\t<a class=\"rollover rollover-zoom dt-pswp-item\" title=\"dac28965-5d93-4cc5-ab0d-c8b95dd99e31\" data-dt-img-description=\"\" data-large_image_width=\"598\" data-large_image_height=\"341\"href='https:\/\/www.radiopiu.net\/wordpress\/wp-content\/uploads\/2023\/04\/dac28965-5d93-4cc5-ab0d-c8b95dd99e31.jpg'><img loading=\"lazy\" decoding=\"async\" width=\"300\" height=\"171\" src=\"https:\/\/www.radiopiu.net\/wordpress\/wp-content\/uploads\/2023\/04\/dac28965-5d93-4cc5-ab0d-c8b95dd99e31-300x171.jpg\" class=\"attachment-medium size-medium\" alt=\"\" srcset=\"https:\/\/www.radiopiu.net\/wordpress\/wp-content\/uploads\/2023\/04\/dac28965-5d93-4cc5-ab0d-c8b95dd99e31-300x171.jpg 300w, https:\/\/www.radiopiu.net\/wordpress\/wp-content\/uploads\/2023\/04\/dac28965-5d93-4cc5-ab0d-c8b95dd99e31.jpg 598w\" sizes=\"auto, (max-width: 300px) 100vw, 300px\" \/><\/a>\n\t\t\t\t<\/dt><\/dl><dl class='gallery-item'>\n\t\t\t\t<dt class='gallery-icon landscape'>\n\t\t\t\t\t<a class=\"rollover rollover-zoom dt-pswp-item\" title=\"dfc6636f-f87a-4ee4-9964-5d58b69d215b\" data-dt-img-description=\"\" data-large_image_width=\"590\" data-large_image_height=\"350\"href='https:\/\/www.radiopiu.net\/wordpress\/wp-content\/uploads\/2023\/04\/dfc6636f-f87a-4ee4-9964-5d58b69d215b.jpg'><img loading=\"lazy\" decoding=\"async\" width=\"300\" height=\"178\" src=\"https:\/\/www.radiopiu.net\/wordpress\/wp-content\/uploads\/2023\/04\/dfc6636f-f87a-4ee4-9964-5d58b69d215b-300x178.jpg\" class=\"attachment-medium size-medium\" alt=\"\" srcset=\"https:\/\/www.radiopiu.net\/wordpress\/wp-content\/uploads\/2023\/04\/dfc6636f-f87a-4ee4-9964-5d58b69d215b-300x178.jpg 300w, https:\/\/www.radiopiu.net\/wordpress\/wp-content\/uploads\/2023\/04\/dfc6636f-f87a-4ee4-9964-5d58b69d215b.jpg 590w\" sizes=\"auto, (max-width: 300px) 100vw, 300px\" \/><\/a>\n\t\t\t\t<\/dt><\/dl><dl class='gallery-item'>\n\t\t\t\t<dt class='gallery-icon landscape'>\n\t\t\t\t\t<a class=\"rollover rollover-zoom dt-pswp-item\" title=\"f60122ef-5bba-4fa6-9f33-e36538861900\" data-dt-img-description=\"\" data-large_image_width=\"608\" data-large_image_height=\"353\"href='https:\/\/www.radiopiu.net\/wordpress\/wp-content\/uploads\/2023\/04\/f60122ef-5bba-4fa6-9f33-e36538861900.jpg'><img loading=\"lazy\" decoding=\"async\" width=\"300\" height=\"174\" src=\"https:\/\/www.radiopiu.net\/wordpress\/wp-content\/uploads\/2023\/04\/f60122ef-5bba-4fa6-9f33-e36538861900-300x174.jpg\" class=\"attachment-medium size-medium\" alt=\"\" srcset=\"https:\/\/www.radiopiu.net\/wordpress\/wp-content\/uploads\/2023\/04\/f60122ef-5bba-4fa6-9f33-e36538861900-300x174.jpg 300w, https:\/\/www.radiopiu.net\/wordpress\/wp-content\/uploads\/2023\/04\/f60122ef-5bba-4fa6-9f33-e36538861900.jpg 608w\" sizes=\"auto, (max-width: 300px) 100vw, 300px\" \/><\/a>\n\t\t\t\t<\/dt><\/dl><br style=\"clear: both\" \/>\n\t\t\t<\/div>\n\n<p>&nbsp;<\/p>\n<hr \/>\n<p>&nbsp;<\/p>\n<blockquote>\n<h3>RECEPITI I PIANI DI ZONA APPROVATI DALLA CONFERENZA DEI SINDACI<\/h3>\n<\/blockquote>\n<p><strong><a class=\"dt-pswp-item\" href=\"https:\/\/www.radiopiu.net\/wordpress\/wp-content\/uploads\/2020\/03\/ULSS-1-DOLOMITI-LOGO.jpg\" data-dt-img-description=\"\" data-large_image_width=\"298\" data-large_image_height=\"219\"><img loading=\"lazy\" decoding=\"async\" class=\" wp-image-121256 alignleft\" src=\"https:\/\/www.radiopiu.net\/wordpress\/wp-content\/uploads\/2020\/03\/ULSS-1-DOLOMITI-LOGO.jpg\" alt=\"\" width=\"182\" height=\"134\" \/><\/a>BELLUNO <\/strong>L\u2019Ulss Dolomiti ha recepito i Piani di Zona 2023-2025 approvati dai Comitati dei Sindaci di Belluno e Feltre e dalla Conferenza dei Sindaci, costruiti con un ricco percorso di partecipazione e confronto tra i vari stakeholders del territorio, partendo dai bisogni rilevati. I Piani di Zona costituiscono gli strumenti primari di pianificazione e programmazione locale dei servizi sociali e sociosanitari. Il percorso ha preso avvio con l\u2019emanazione delle linee guida regionali per gli anni 2023-2025, nello scorso ottobre, che hanno definito la cornice entro cui ricomporre risorse e azioni programmatorie relative a diverse aree tematiche, nonch\u00e9 di facilitare la costruzione di una programmazione \u00abponte\u00bb in grado di accompagnare il sistema sociale e socio-sanitario nell\u2019attuazione dei Livelli Essenziali delle Prestazioni Sociali (LEPS), previsti dal Piano Nazionale degli interventi e servizi sociali 2021-2023 e sanciti anche dalla Legge di bilancio 2022, nonch\u00e9 nella transizione verso la piena operativit\u00e0 degli Ambiti Territoriali Sociali. Il processo per l\u2019elaborazione dei Piani di Zona \u00e8 stato promosso dall\u2019Esecutivo della Conferenza dei Sindaci, quale organo di governo politico che ha una visione complessiva dei Piani di Zona e coordinato dall\u2019Ufficio di Piano. Nella prima fase sono stati individuati gli obiettivi di pianificazione, integrando le linee guida nazionali e regionali con una visione locale. Le aree tematiche di confronto sono state: anziani, minori e famiglia, disabilit\u00e0, dipendenze, salute mentale oltre a un\u2019area trasversale sull\u2019inclusione sociale. Successivamente sono stati costituiti 13 tavoli di lavoro composti da referenti tecnici, da membri espressione delle Amministrazioni comunali e degli enti pubblici come (Scuole, Ater, GAL, Centro per l\u2019impiego etc), da rappresentanti del Volontariato e del terzo settore. Gli incontri sono stati oltre 40 con il coinvolgimento attivo di oltre 200 persone. Sulla base dei bisogni rilevati e discussi nei tavoli per le varie aree, sono stati definiti gli obiettivi sia sul versante sociale che nell\u2019ambito dell\u2019integrazione socio sanitaria. Sulla base di questi \u00e8 stato indetto un avviso per la presentazione di manifestazioni di interesse per l\u2019inserimento\/variazione di unit\u00e0 di offerta sociali e socio-sanitarie nella programmazione locale dei Piani di Zona triennali 2023-2025 dei Distretti di Belluno e di Feltre finalizzato all\u2019aggiornamento del quadro del sistema di offerta da inserire in ciascuna programmazione territoriale.<\/p>\n<p>&nbsp;<\/p>\n<p>&nbsp;<\/p>\n<hr \/>\n<p>&nbsp;<\/p>\n<blockquote>\n<h3>FELTRE: AGGIUDICATI I SERVIZI TECNICI PER LA REALIZZAZIONE DELLA PIASTRA ENDOSCOPICA<\/h3>\n<\/blockquote>\n<p><strong>FELTRE <\/strong>Procede spedito l\u2019iter per la realizzazione della piastra endoscopica presso l\u2019Ospedale di Feltre &#8211;\u00a0 Centro di Riferimento Regionale per la chirurgia oncologica gastroenterologica, finanziato anche con il Fondo Comuni Confinanti. Dopo l\u2019approvazione del bando per l\u2019affidamento dei servizi tecnici inerenti la progettazione, la direzione lavori e il coordinamento per la sicurezza dei lavori e dopo la nomina della commissione giudicatrice per l\u2019espletamento della procedura di gara, sono stati aggiudicati i servizi tecnici di progettazione e direzione lavori delle opere di realizzazione allo Studio Striolo, Fochesato &amp; Partners di Padova. L\u2019intervento prevede un importo complessivo di \u20ac 5,2 milioni di euro di cui 2 per lavori ed 3,2 per apparecchiature ed arredi.<\/p>\n<p>&nbsp;<\/p>\n<p>&nbsp;<\/p>\n<hr \/>\n<p>&nbsp;<\/p>\n<blockquote>\n<h3>A PONTE NELLE ALPI APRE UN NUOVO SPORTELLO AL CITTADINO<\/h3>\n<\/blockquote>\n<p><strong><a class=\"dt-pswp-item\" href=\"https:\/\/www.radiopiu.net\/wordpress\/wp-content\/uploads\/2022\/11\/Municipio_di_Ponte_nelle_Alpi.jpg\" data-dt-img-description=\"\" data-large_image_width=\"1591\" data-large_image_height=\"1193\"><img loading=\"lazy\" decoding=\"async\" class=\" wp-image-308042 alignleft\" src=\"https:\/\/www.radiopiu.net\/wordpress\/wp-content\/uploads\/2022\/11\/Municipio_di_Ponte_nelle_Alpi-300x225.jpg\" alt=\"\" width=\"167\" height=\"125\" srcset=\"https:\/\/www.radiopiu.net\/wordpress\/wp-content\/uploads\/2022\/11\/Municipio_di_Ponte_nelle_Alpi-300x225.jpg 300w, https:\/\/www.radiopiu.net\/wordpress\/wp-content\/uploads\/2022\/11\/Municipio_di_Ponte_nelle_Alpi-1024x768.jpg 1024w, https:\/\/www.radiopiu.net\/wordpress\/wp-content\/uploads\/2022\/11\/Municipio_di_Ponte_nelle_Alpi-768x576.jpg 768w, https:\/\/www.radiopiu.net\/wordpress\/wp-content\/uploads\/2022\/11\/Municipio_di_Ponte_nelle_Alpi-1536x1152.jpg 1536w, https:\/\/www.radiopiu.net\/wordpress\/wp-content\/uploads\/2022\/11\/Municipio_di_Ponte_nelle_Alpi.jpg 1591w\" sizes=\"auto, (max-width: 167px) 100vw, 167px\" \/><\/a>PONTE NELLE ALPI <\/strong>Dal 19 aprile apre lo sportello al cittadino per il Piano degli interventi.<span class=\"gmail-Apple-converted-space\">\u00a0<\/span>Il Comune di Ponte nelle Alpi, infatti, ha approvato il Pat (Piano di Assetto Territoriale) in co-pianificazione con la Provincia e la Regione. E ora si passa concretamente al Piano degli Interventi, il nuovo strumento urbanistico che dar\u00e0 opportunit\u00e0 e risposte alle esigenze della comunit\u00e0. Sar\u00e0 un percorso partecipato, scandito da incontri con la cittadinanza, i professionisti, le categorie. Il compito del Piano \u00e8 quello di promuovere e realizzare sviluppo sostenibile e duraturo, tutelare le identit\u00e0 storico-culturali, salvaguardare e valorizzare le frazioni, dare nuova residenzialit\u00e0 e rendere pi\u00f9 snelli i regolamenti edilizi e urbanistici.<span class=\"gmail-Apple-converted-space\">\u00a0<\/span>Un\u2019altra priorit\u00e0, inoltre, \u00e8 legata alla riorganizzazione e riqualificazione del tessuto insediativo esistente. Perch\u00e9 il suolo \u00e8 bene comune di fondamentale importanza per la qualit\u00e0 della vita delle generazioni attuali e future: si tratta, quindi, di riordinare gli attuali insediamenti produttivi, attuare il sistema di mobilit\u00e0, migliorando l\u2019accessibilit\u00e0. E puntare sulle sulle ciclabili e sulla valorizzazione delle aree verdi.<span class=\"gmail-Apple-converted-space\">\u00a0<\/span><\/p>\n<p>&nbsp;<\/p>\n<p>&nbsp;<\/p>\n<hr \/>\n<p>&nbsp;<\/p>\n<blockquote>\n<h3>UN INCONTRO CON CONFIDUSTRIA BELLUNO DOLOMITI SU OLIMPIADI E TURISMO<\/h3>\n<\/blockquote>\n<p><strong><a class=\"dt-pswp-item\" href=\"https:\/\/www.radiopiu.net\/wordpress\/wp-content\/uploads\/2023\/04\/SCR-20230401-lunj.png\" data-dt-img-description=\"\" data-large_image_width=\"1298\" data-large_image_height=\"424\"><img loading=\"lazy\" decoding=\"async\" class=\" wp-image-329484 alignleft\" src=\"https:\/\/www.radiopiu.net\/wordpress\/wp-content\/uploads\/2023\/04\/SCR-20230401-lunj-300x98.png\" alt=\"\" width=\"214\" height=\"70\" srcset=\"https:\/\/www.radiopiu.net\/wordpress\/wp-content\/uploads\/2023\/04\/SCR-20230401-lunj-300x98.png 300w, https:\/\/www.radiopiu.net\/wordpress\/wp-content\/uploads\/2023\/04\/SCR-20230401-lunj-1024x334.png 1024w, https:\/\/www.radiopiu.net\/wordpress\/wp-content\/uploads\/2023\/04\/SCR-20230401-lunj-768x251.png 768w, https:\/\/www.radiopiu.net\/wordpress\/wp-content\/uploads\/2023\/04\/SCR-20230401-lunj.png 1298w\" sizes=\"auto, (max-width: 214px) 100vw, 214px\" \/><\/a>BELLUNO <\/strong>\u201cAttrarre investimenti in montagna e creare i presupposti di un futuro sostenibile, aperto a nuovi flussi di turismo e nuove idee&#8221;. \u00c8 questa la sfida che attende le terre alte da qui ai prossimi anni con i Giochi Olimpici che dovranno essere effettiva occasione di rilancio: temi strategici e fondamentali per la vita dei territori \u2013 non solo quello bellunese ma dell&#8217;intero Paese &#8211; che saranno affrontati mercoled\u00ec 5 aprile alle ore 9:30 a Palazzo Bembo, sede della Luiss Business School di Belluno in Via Loreto 34, nel corso dell\u2019evento \u201cCortina, le olimpiadi e oltre. L\u2019evoluzione del turismo in montagna\u201d organizzato da Confindustria Belluno Dolomiti, Confindustria Alberghi, Luiss Business School in collaborazione con Cushman &amp; Wakefield e LBS Alumni. Tantissimi gli ospiti e i relatori, rappresentanti del mondo dell&#8217;ospitalit\u00e0 italiana e internazionale, per un confronto operativo che si preannuncia di altissimo livello.<\/p>\n<p>&nbsp;<\/p>\n<p>&nbsp;<\/p>\n<hr \/>\n<p>&nbsp;<\/p>\n<blockquote>\n<h3>&#8220;SAVE THE DATE&#8221; LA GRANDE FESTA AL RIFUGIO LARESEI CON GIORGIO PREZIOSO<\/h3>\n<\/blockquote>\n<p><strong>L&#8217;INTERVISTA AGLI ORGANIZZATORI: MORGAN GNECH, MASSIMO MANFROI<\/strong><\/p>\n<audio class=\"wp-audio-shortcode\" id=\"audio-329442-7\" preload=\"none\" style=\"width: 100%;\" controls=\"controls\"><source type=\"audio\/mpeg\" src=\"https:\/\/www.radiopiu.net\/wordpress\/wp-content\/uploads\/2023\/04\/INTERVISTA-MORGAN-MAX-LARESEI.mp3?_=7\" \/><a href=\"https:\/\/www.radiopiu.net\/wordpress\/wp-content\/uploads\/2023\/04\/INTERVISTA-MORGAN-MAX-LARESEI.mp3\">https:\/\/www.radiopiu.net\/wordpress\/wp-content\/uploads\/2023\/04\/INTERVISTA-MORGAN-MAX-LARESEI.mp3<\/a><\/audio>\n\n\t\t\t<style type='text\/css'>\n\t\t\t\t#gallery-8 {\n\t\t\t\t\tmargin: auto;\n\t\t\t\t}\n\t\t\t\t#gallery-8 .gallery-item {\n\t\t\t\t\tfloat: left;\n\t\t\t\t\tmargin-top: 10px;\n\t\t\t\t\ttext-align: center;\n\t\t\t\t\twidth: 50%;\n\t\t\t\t}\n\t\t\t\t#gallery-8 img {\n\t\t\t\t\tborder: 2px solid #cfcfcf;\n\t\t\t\t}\n\t\t\t\t#gallery-8 .gallery-caption {\n\t\t\t\t\tmargin-left: 0;\n\t\t\t\t}\n\t\t\t\t\/* see gallery_shortcode() in wp-includes\/media.php *\/\n\t\t\t<\/style>\n\t\t<div id='gallery-8' class='dt-gallery-container gallery galleryid-329442 gallery-columns-2 gallery-size-thumbnail'><dl class='gallery-item'>\n\t\t\t\t<dt class='gallery-icon portrait'>\n\t\t\t\t\t<a class=\"rollover rollover-zoom dt-pswp-item\" title=\"75e0cb47-74e0-4d1a-9cb0-e79db6c62c85\" data-dt-img-description=\"\" data-large_image_width=\"1200\" data-large_image_height=\"1600\"href='https:\/\/www.radiopiu.net\/wordpress\/wp-content\/uploads\/2023\/04\/75e0cb47-74e0-4d1a-9cb0-e79db6c62c85.jpg'><img loading=\"lazy\" decoding=\"async\" width=\"150\" height=\"150\" src=\"https:\/\/www.radiopiu.net\/wordpress\/wp-content\/uploads\/2023\/04\/75e0cb47-74e0-4d1a-9cb0-e79db6c62c85-150x150.jpg\" class=\"attachment-thumbnail size-thumbnail\" alt=\"\" \/><\/a>\n\t\t\t\t<\/dt><\/dl><dl class='gallery-item'>\n\t\t\t\t<dt class='gallery-icon landscape'>\n\t\t\t\t\t<a class=\"rollover rollover-zoom dt-pswp-item\" title=\"0f78234d-85a5-4aaf-8e3b-1c1701faabda\" data-dt-img-description=\"\" data-large_image_width=\"1600\" data-large_image_height=\"1200\"href='https:\/\/www.radiopiu.net\/wordpress\/wp-content\/uploads\/2023\/04\/0f78234d-85a5-4aaf-8e3b-1c1701faabda.jpg'><img loading=\"lazy\" decoding=\"async\" width=\"150\" height=\"150\" src=\"https:\/\/www.radiopiu.net\/wordpress\/wp-content\/uploads\/2023\/04\/0f78234d-85a5-4aaf-8e3b-1c1701faabda-150x150.jpg\" class=\"attachment-thumbnail size-thumbnail\" alt=\"\" \/><\/a>\n\t\t\t\t<\/dt><\/dl><br style=\"clear: both\" \/>\n\t\t\t<\/div>\n\n<p>&nbsp;<\/p>\n<p>&nbsp;<\/p>\n<p>Una grande festa quella al Rifugio Laresei. Una giornata per salutare la clientela con il party di fine stagione &#8220;Save The Date&#8221;. Tutto \u00e8 iniziato nella tarda mattinata di ieri con la musica di Morgan &amp; Battaglia per poi lasciare la console a Giorgio Prezioso che ha deliziato con la sua musica i tanti giovani accorsi sulla Ski Area San Pellegrino.<\/p>\n\n\t\t\t<style type='text\/css'>\n\t\t\t\t#gallery-9 {\n\t\t\t\t\tmargin: auto;\n\t\t\t\t}\n\t\t\t\t#gallery-9 .gallery-item {\n\t\t\t\t\tfloat: left;\n\t\t\t\t\tmargin-top: 10px;\n\t\t\t\t\ttext-align: center;\n\t\t\t\t\twidth: 25%;\n\t\t\t\t}\n\t\t\t\t#gallery-9 img {\n\t\t\t\t\tborder: 2px solid #cfcfcf;\n\t\t\t\t}\n\t\t\t\t#gallery-9 .gallery-caption {\n\t\t\t\t\tmargin-left: 0;\n\t\t\t\t}\n\t\t\t\t\/* see gallery_shortcode() in wp-includes\/media.php *\/\n\t\t\t<\/style>\n\t\t<div id='gallery-9' class='dt-gallery-container gallery galleryid-329442 gallery-columns-4 gallery-size-medium'><dl class='gallery-item'>\n\t\t\t\t<dt class='gallery-icon landscape'>\n\t\t\t\t\t<a class=\"rollover rollover-zoom dt-pswp-item\" title=\"fa7f3062-883e-4aeb-b0ea-abe3949262ff\" data-dt-img-description=\"\" data-large_image_width=\"2000\" data-large_image_height=\"1500\"href='https:\/\/www.radiopiu.net\/wordpress\/wp-content\/uploads\/2023\/04\/fa7f3062-883e-4aeb-b0ea-abe3949262ff.jpg'><img loading=\"lazy\" decoding=\"async\" width=\"300\" height=\"225\" src=\"https:\/\/www.radiopiu.net\/wordpress\/wp-content\/uploads\/2023\/04\/fa7f3062-883e-4aeb-b0ea-abe3949262ff-300x225.jpg\" class=\"attachment-medium size-medium\" alt=\"\" srcset=\"https:\/\/www.radiopiu.net\/wordpress\/wp-content\/uploads\/2023\/04\/fa7f3062-883e-4aeb-b0ea-abe3949262ff-300x225.jpg 300w, https:\/\/www.radiopiu.net\/wordpress\/wp-content\/uploads\/2023\/04\/fa7f3062-883e-4aeb-b0ea-abe3949262ff-1024x768.jpg 1024w, https:\/\/www.radiopiu.net\/wordpress\/wp-content\/uploads\/2023\/04\/fa7f3062-883e-4aeb-b0ea-abe3949262ff-768x576.jpg 768w, https:\/\/www.radiopiu.net\/wordpress\/wp-content\/uploads\/2023\/04\/fa7f3062-883e-4aeb-b0ea-abe3949262ff-1536x1152.jpg 1536w, https:\/\/www.radiopiu.net\/wordpress\/wp-content\/uploads\/2023\/04\/fa7f3062-883e-4aeb-b0ea-abe3949262ff.jpg 2000w\" sizes=\"auto, (max-width: 300px) 100vw, 300px\" \/><\/a>\n\t\t\t\t<\/dt><\/dl><dl class='gallery-item'>\n\t\t\t\t<dt class='gallery-icon landscape'>\n\t\t\t\t\t<a class=\"rollover rollover-zoom dt-pswp-item\" title=\"16d18cab-5ba5-4fc7-b540-4f79957e5ea0\" data-dt-img-description=\"\" data-large_image_width=\"2000\" data-large_image_height=\"1500\"href='https:\/\/www.radiopiu.net\/wordpress\/wp-content\/uploads\/2023\/04\/16d18cab-5ba5-4fc7-b540-4f79957e5ea0.jpg'><img loading=\"lazy\" decoding=\"async\" width=\"300\" height=\"225\" src=\"https:\/\/www.radiopiu.net\/wordpress\/wp-content\/uploads\/2023\/04\/16d18cab-5ba5-4fc7-b540-4f79957e5ea0-300x225.jpg\" class=\"attachment-medium size-medium\" alt=\"\" srcset=\"https:\/\/www.radiopiu.net\/wordpress\/wp-content\/uploads\/2023\/04\/16d18cab-5ba5-4fc7-b540-4f79957e5ea0-300x225.jpg 300w, https:\/\/www.radiopiu.net\/wordpress\/wp-content\/uploads\/2023\/04\/16d18cab-5ba5-4fc7-b540-4f79957e5ea0-1024x768.jpg 1024w, https:\/\/www.radiopiu.net\/wordpress\/wp-content\/uploads\/2023\/04\/16d18cab-5ba5-4fc7-b540-4f79957e5ea0-768x576.jpg 768w, https:\/\/www.radiopiu.net\/wordpress\/wp-content\/uploads\/2023\/04\/16d18cab-5ba5-4fc7-b540-4f79957e5ea0-1536x1152.jpg 1536w, https:\/\/www.radiopiu.net\/wordpress\/wp-content\/uploads\/2023\/04\/16d18cab-5ba5-4fc7-b540-4f79957e5ea0.jpg 2000w\" sizes=\"auto, (max-width: 300px) 100vw, 300px\" \/><\/a>\n\t\t\t\t<\/dt><\/dl><dl class='gallery-item'>\n\t\t\t\t<dt class='gallery-icon landscape'>\n\t\t\t\t\t<a class=\"rollover rollover-zoom dt-pswp-item\" title=\"c793b44a-9c66-4ad6-8163-60d9d12c4d73\" data-dt-img-description=\"\" data-large_image_width=\"2000\" data-large_image_height=\"1500\"href='https:\/\/www.radiopiu.net\/wordpress\/wp-content\/uploads\/2023\/04\/c793b44a-9c66-4ad6-8163-60d9d12c4d73.jpg'><img loading=\"lazy\" decoding=\"async\" width=\"300\" height=\"225\" src=\"https:\/\/www.radiopiu.net\/wordpress\/wp-content\/uploads\/2023\/04\/c793b44a-9c66-4ad6-8163-60d9d12c4d73-300x225.jpg\" class=\"attachment-medium size-medium\" alt=\"\" srcset=\"https:\/\/www.radiopiu.net\/wordpress\/wp-content\/uploads\/2023\/04\/c793b44a-9c66-4ad6-8163-60d9d12c4d73-300x225.jpg 300w, https:\/\/www.radiopiu.net\/wordpress\/wp-content\/uploads\/2023\/04\/c793b44a-9c66-4ad6-8163-60d9d12c4d73-1024x768.jpg 1024w, https:\/\/www.radiopiu.net\/wordpress\/wp-content\/uploads\/2023\/04\/c793b44a-9c66-4ad6-8163-60d9d12c4d73-768x576.jpg 768w, https:\/\/www.radiopiu.net\/wordpress\/wp-content\/uploads\/2023\/04\/c793b44a-9c66-4ad6-8163-60d9d12c4d73-1536x1152.jpg 1536w, https:\/\/www.radiopiu.net\/wordpress\/wp-content\/uploads\/2023\/04\/c793b44a-9c66-4ad6-8163-60d9d12c4d73.jpg 2000w\" sizes=\"auto, (max-width: 300px) 100vw, 300px\" \/><\/a>\n\t\t\t\t<\/dt><\/dl><dl class='gallery-item'>\n\t\t\t\t<dt class='gallery-icon landscape'>\n\t\t\t\t\t<a class=\"rollover rollover-zoom dt-pswp-item\" title=\"28081520-a146-4eaf-87b6-03f0218a6a66\" data-dt-img-description=\"\" data-large_image_width=\"2000\" data-large_image_height=\"1500\"href='https:\/\/www.radiopiu.net\/wordpress\/wp-content\/uploads\/2023\/04\/28081520-a146-4eaf-87b6-03f0218a6a66-1.jpg'><img loading=\"lazy\" decoding=\"async\" width=\"300\" height=\"225\" src=\"https:\/\/www.radiopiu.net\/wordpress\/wp-content\/uploads\/2023\/04\/28081520-a146-4eaf-87b6-03f0218a6a66-1-300x225.jpg\" class=\"attachment-medium size-medium\" alt=\"\" srcset=\"https:\/\/www.radiopiu.net\/wordpress\/wp-content\/uploads\/2023\/04\/28081520-a146-4eaf-87b6-03f0218a6a66-1-300x225.jpg 300w, https:\/\/www.radiopiu.net\/wordpress\/wp-content\/uploads\/2023\/04\/28081520-a146-4eaf-87b6-03f0218a6a66-1-1024x768.jpg 1024w, https:\/\/www.radiopiu.net\/wordpress\/wp-content\/uploads\/2023\/04\/28081520-a146-4eaf-87b6-03f0218a6a66-1-768x576.jpg 768w, https:\/\/www.radiopiu.net\/wordpress\/wp-content\/uploads\/2023\/04\/28081520-a146-4eaf-87b6-03f0218a6a66-1-1536x1152.jpg 1536w, https:\/\/www.radiopiu.net\/wordpress\/wp-content\/uploads\/2023\/04\/28081520-a146-4eaf-87b6-03f0218a6a66-1.jpg 2000w\" sizes=\"auto, (max-width: 300px) 100vw, 300px\" \/><\/a>\n\t\t\t\t<\/dt><\/dl><br style=\"clear: both\" \/>\n\t\t\t<\/div>\n\n<p>&nbsp;<\/p>\n<p><strong>INIZIA LA FESTA<\/strong><\/p>\n<div style=\"width: 848px;\" class=\"wp-video\"><video class=\"wp-video-shortcode\" id=\"video-329442-1\" width=\"848\" height=\"480\" preload=\"metadata\" controls=\"controls\"><source type=\"video\/mp4\" src=\"https:\/\/www.radiopiu.net\/wordpress\/wp-content\/uploads\/2023\/04\/WhatsApp-Video-2023-04-02-at-13.33.08.mp4?_=1\" \/><a href=\"https:\/\/www.radiopiu.net\/wordpress\/wp-content\/uploads\/2023\/04\/WhatsApp-Video-2023-04-02-at-13.33.08.mp4\">https:\/\/www.radiopiu.net\/wordpress\/wp-content\/uploads\/2023\/04\/WhatsApp-Video-2023-04-02-at-13.33.08.mp4<\/a><\/video><\/div>\n<p>&nbsp;<\/p>\n<p><strong>L&#8217;ARRIVO DI GIORGIO PREZIOSO IN CONSOLE<\/strong><\/p>\n\n\t\t\t<style type='text\/css'>\n\t\t\t\t#gallery-10 {\n\t\t\t\t\tmargin: auto;\n\t\t\t\t}\n\t\t\t\t#gallery-10 .gallery-item {\n\t\t\t\t\tfloat: left;\n\t\t\t\t\tmargin-top: 10px;\n\t\t\t\t\ttext-align: center;\n\t\t\t\t\twidth: 33%;\n\t\t\t\t}\n\t\t\t\t#gallery-10 img {\n\t\t\t\t\tborder: 2px solid #cfcfcf;\n\t\t\t\t}\n\t\t\t\t#gallery-10 .gallery-caption {\n\t\t\t\t\tmargin-left: 0;\n\t\t\t\t}\n\t\t\t\t\/* see gallery_shortcode() in wp-includes\/media.php *\/\n\t\t\t<\/style>\n\t\t<div id='gallery-10' class='dt-gallery-container gallery galleryid-329442 gallery-columns-3 gallery-size-medium'><dl class='gallery-item'>\n\t\t\t\t<dt class='gallery-icon landscape'>\n\t\t\t\t\t<a class=\"rollover rollover-zoom dt-pswp-item\" title=\"5ab9fb8a-fa63-4b14-93ec-ba2a3c9bfcf2\" data-dt-img-description=\"\" data-large_image_width=\"2000\" data-large_image_height=\"1500\"href='https:\/\/www.radiopiu.net\/wordpress\/wp-content\/uploads\/2023\/04\/5ab9fb8a-fa63-4b14-93ec-ba2a3c9bfcf2.jpg'><img loading=\"lazy\" decoding=\"async\" width=\"300\" height=\"225\" src=\"https:\/\/www.radiopiu.net\/wordpress\/wp-content\/uploads\/2023\/04\/5ab9fb8a-fa63-4b14-93ec-ba2a3c9bfcf2-300x225.jpg\" class=\"attachment-medium size-medium\" alt=\"\" srcset=\"https:\/\/www.radiopiu.net\/wordpress\/wp-content\/uploads\/2023\/04\/5ab9fb8a-fa63-4b14-93ec-ba2a3c9bfcf2-300x225.jpg 300w, https:\/\/www.radiopiu.net\/wordpress\/wp-content\/uploads\/2023\/04\/5ab9fb8a-fa63-4b14-93ec-ba2a3c9bfcf2-1024x768.jpg 1024w, https:\/\/www.radiopiu.net\/wordpress\/wp-content\/uploads\/2023\/04\/5ab9fb8a-fa63-4b14-93ec-ba2a3c9bfcf2-768x576.jpg 768w, https:\/\/www.radiopiu.net\/wordpress\/wp-content\/uploads\/2023\/04\/5ab9fb8a-fa63-4b14-93ec-ba2a3c9bfcf2-1536x1152.jpg 1536w, https:\/\/www.radiopiu.net\/wordpress\/wp-content\/uploads\/2023\/04\/5ab9fb8a-fa63-4b14-93ec-ba2a3c9bfcf2.jpg 2000w\" sizes=\"auto, (max-width: 300px) 100vw, 300px\" \/><\/a>\n\t\t\t\t<\/dt><\/dl><dl class='gallery-item'>\n\t\t\t\t<dt class='gallery-icon landscape'>\n\t\t\t\t\t<a class=\"rollover rollover-zoom dt-pswp-item\" title=\"55ad6a13-1733-4835-9048-73cc03172b79\" data-dt-img-description=\"\" data-large_image_width=\"2000\" data-large_image_height=\"1500\"href='https:\/\/www.radiopiu.net\/wordpress\/wp-content\/uploads\/2023\/04\/55ad6a13-1733-4835-9048-73cc03172b79.jpg'><img loading=\"lazy\" decoding=\"async\" width=\"300\" height=\"225\" src=\"https:\/\/www.radiopiu.net\/wordpress\/wp-content\/uploads\/2023\/04\/55ad6a13-1733-4835-9048-73cc03172b79-300x225.jpg\" class=\"attachment-medium size-medium\" alt=\"\" srcset=\"https:\/\/www.radiopiu.net\/wordpress\/wp-content\/uploads\/2023\/04\/55ad6a13-1733-4835-9048-73cc03172b79-300x225.jpg 300w, https:\/\/www.radiopiu.net\/wordpress\/wp-content\/uploads\/2023\/04\/55ad6a13-1733-4835-9048-73cc03172b79-1024x768.jpg 1024w, https:\/\/www.radiopiu.net\/wordpress\/wp-content\/uploads\/2023\/04\/55ad6a13-1733-4835-9048-73cc03172b79-768x576.jpg 768w, https:\/\/www.radiopiu.net\/wordpress\/wp-content\/uploads\/2023\/04\/55ad6a13-1733-4835-9048-73cc03172b79-1536x1152.jpg 1536w, https:\/\/www.radiopiu.net\/wordpress\/wp-content\/uploads\/2023\/04\/55ad6a13-1733-4835-9048-73cc03172b79.jpg 2000w\" sizes=\"auto, (max-width: 300px) 100vw, 300px\" \/><\/a>\n\t\t\t\t<\/dt><\/dl><dl class='gallery-item'>\n\t\t\t\t<dt class='gallery-icon landscape'>\n\t\t\t\t\t<a class=\"rollover rollover-zoom dt-pswp-item\" title=\"2051e9b3-e4f4-4d45-a24f-46404bde1562\" data-dt-img-description=\"\" data-large_image_width=\"2000\" data-large_image_height=\"1500\"href='https:\/\/www.radiopiu.net\/wordpress\/wp-content\/uploads\/2023\/04\/2051e9b3-e4f4-4d45-a24f-46404bde1562.jpg'><img loading=\"lazy\" decoding=\"async\" width=\"300\" height=\"225\" src=\"https:\/\/www.radiopiu.net\/wordpress\/wp-content\/uploads\/2023\/04\/2051e9b3-e4f4-4d45-a24f-46404bde1562-300x225.jpg\" class=\"attachment-medium size-medium\" alt=\"\" srcset=\"https:\/\/www.radiopiu.net\/wordpress\/wp-content\/uploads\/2023\/04\/2051e9b3-e4f4-4d45-a24f-46404bde1562-300x225.jpg 300w, https:\/\/www.radiopiu.net\/wordpress\/wp-content\/uploads\/2023\/04\/2051e9b3-e4f4-4d45-a24f-46404bde1562-1024x768.jpg 1024w, https:\/\/www.radiopiu.net\/wordpress\/wp-content\/uploads\/2023\/04\/2051e9b3-e4f4-4d45-a24f-46404bde1562-768x576.jpg 768w, https:\/\/www.radiopiu.net\/wordpress\/wp-content\/uploads\/2023\/04\/2051e9b3-e4f4-4d45-a24f-46404bde1562-1536x1152.jpg 1536w, https:\/\/www.radiopiu.net\/wordpress\/wp-content\/uploads\/2023\/04\/2051e9b3-e4f4-4d45-a24f-46404bde1562.jpg 2000w\" sizes=\"auto, (max-width: 300px) 100vw, 300px\" \/><\/a>\n\t\t\t\t<\/dt><\/dl><br style=\"clear: both\" \/><dl class='gallery-item'>\n\t\t\t\t<dt class='gallery-icon landscape'>\n\t\t\t\t\t<a class=\"rollover rollover-zoom dt-pswp-item\" title=\"82a11948-554f-454f-97eb-000d9ae121fe\" data-dt-img-description=\"\" data-large_image_width=\"2000\" data-large_image_height=\"1500\"href='https:\/\/www.radiopiu.net\/wordpress\/wp-content\/uploads\/2023\/04\/82a11948-554f-454f-97eb-000d9ae121fe.jpg'><img loading=\"lazy\" decoding=\"async\" width=\"300\" height=\"225\" src=\"https:\/\/www.radiopiu.net\/wordpress\/wp-content\/uploads\/2023\/04\/82a11948-554f-454f-97eb-000d9ae121fe-300x225.jpg\" class=\"attachment-medium size-medium\" alt=\"\" srcset=\"https:\/\/www.radiopiu.net\/wordpress\/wp-content\/uploads\/2023\/04\/82a11948-554f-454f-97eb-000d9ae121fe-300x225.jpg 300w, https:\/\/www.radiopiu.net\/wordpress\/wp-content\/uploads\/2023\/04\/82a11948-554f-454f-97eb-000d9ae121fe-1024x768.jpg 1024w, https:\/\/www.radiopiu.net\/wordpress\/wp-content\/uploads\/2023\/04\/82a11948-554f-454f-97eb-000d9ae121fe-768x576.jpg 768w, https:\/\/www.radiopiu.net\/wordpress\/wp-content\/uploads\/2023\/04\/82a11948-554f-454f-97eb-000d9ae121fe-1536x1152.jpg 1536w, https:\/\/www.radiopiu.net\/wordpress\/wp-content\/uploads\/2023\/04\/82a11948-554f-454f-97eb-000d9ae121fe.jpg 2000w\" sizes=\"auto, (max-width: 300px) 100vw, 300px\" \/><\/a>\n\t\t\t\t<\/dt><\/dl><dl class='gallery-item'>\n\t\t\t\t<dt class='gallery-icon landscape'>\n\t\t\t\t\t<a class=\"rollover rollover-zoom dt-pswp-item\" title=\"949c849b-71ac-45c8-86b9-4c70f82bf002\" data-dt-img-description=\"\" data-large_image_width=\"2000\" data-large_image_height=\"1500\"href='https:\/\/www.radiopiu.net\/wordpress\/wp-content\/uploads\/2023\/04\/949c849b-71ac-45c8-86b9-4c70f82bf002.jpg'><img loading=\"lazy\" decoding=\"async\" width=\"300\" height=\"225\" src=\"https:\/\/www.radiopiu.net\/wordpress\/wp-content\/uploads\/2023\/04\/949c849b-71ac-45c8-86b9-4c70f82bf002-300x225.jpg\" class=\"attachment-medium size-medium\" alt=\"\" srcset=\"https:\/\/www.radiopiu.net\/wordpress\/wp-content\/uploads\/2023\/04\/949c849b-71ac-45c8-86b9-4c70f82bf002-300x225.jpg 300w, https:\/\/www.radiopiu.net\/wordpress\/wp-content\/uploads\/2023\/04\/949c849b-71ac-45c8-86b9-4c70f82bf002-1024x768.jpg 1024w, https:\/\/www.radiopiu.net\/wordpress\/wp-content\/uploads\/2023\/04\/949c849b-71ac-45c8-86b9-4c70f82bf002-768x576.jpg 768w, https:\/\/www.radiopiu.net\/wordpress\/wp-content\/uploads\/2023\/04\/949c849b-71ac-45c8-86b9-4c70f82bf002-1536x1152.jpg 1536w, https:\/\/www.radiopiu.net\/wordpress\/wp-content\/uploads\/2023\/04\/949c849b-71ac-45c8-86b9-4c70f82bf002.jpg 2000w\" sizes=\"auto, (max-width: 300px) 100vw, 300px\" \/><\/a>\n\t\t\t\t<\/dt><\/dl><dl class='gallery-item'>\n\t\t\t\t<dt class='gallery-icon landscape'>\n\t\t\t\t\t<a class=\"rollover rollover-zoom dt-pswp-item\" title=\"ba4fed5b-2fc8-4177-a48e-8672ba273198\" data-dt-img-description=\"\" data-large_image_width=\"2000\" data-large_image_height=\"1500\"href='https:\/\/www.radiopiu.net\/wordpress\/wp-content\/uploads\/2023\/04\/ba4fed5b-2fc8-4177-a48e-8672ba273198.jpg'><img loading=\"lazy\" decoding=\"async\" width=\"300\" height=\"225\" src=\"https:\/\/www.radiopiu.net\/wordpress\/wp-content\/uploads\/2023\/04\/ba4fed5b-2fc8-4177-a48e-8672ba273198-300x225.jpg\" class=\"attachment-medium size-medium\" alt=\"\" srcset=\"https:\/\/www.radiopiu.net\/wordpress\/wp-content\/uploads\/2023\/04\/ba4fed5b-2fc8-4177-a48e-8672ba273198-300x225.jpg 300w, https:\/\/www.radiopiu.net\/wordpress\/wp-content\/uploads\/2023\/04\/ba4fed5b-2fc8-4177-a48e-8672ba273198-1024x768.jpg 1024w, https:\/\/www.radiopiu.net\/wordpress\/wp-content\/uploads\/2023\/04\/ba4fed5b-2fc8-4177-a48e-8672ba273198-768x576.jpg 768w, https:\/\/www.radiopiu.net\/wordpress\/wp-content\/uploads\/2023\/04\/ba4fed5b-2fc8-4177-a48e-8672ba273198-1536x1152.jpg 1536w, https:\/\/www.radiopiu.net\/wordpress\/wp-content\/uploads\/2023\/04\/ba4fed5b-2fc8-4177-a48e-8672ba273198.jpg 2000w\" sizes=\"auto, (max-width: 300px) 100vw, 300px\" \/><\/a>\n\t\t\t\t<\/dt><\/dl><br style=\"clear: both\" \/>\n\t\t\t<\/div>\n\n\n\t\t\t<style type='text\/css'>\n\t\t\t\t#gallery-11 {\n\t\t\t\t\tmargin: auto;\n\t\t\t\t}\n\t\t\t\t#gallery-11 .gallery-item {\n\t\t\t\t\tfloat: left;\n\t\t\t\t\tmargin-top: 10px;\n\t\t\t\t\ttext-align: center;\n\t\t\t\t\twidth: 50%;\n\t\t\t\t}\n\t\t\t\t#gallery-11 img {\n\t\t\t\t\tborder: 2px solid #cfcfcf;\n\t\t\t\t}\n\t\t\t\t#gallery-11 .gallery-caption {\n\t\t\t\t\tmargin-left: 0;\n\t\t\t\t}\n\t\t\t\t\/* see gallery_shortcode() in wp-includes\/media.php *\/\n\t\t\t<\/style>\n\t\t<div id='gallery-11' class='dt-gallery-container gallery galleryid-329442 gallery-columns-2 gallery-size-medium'><dl class='gallery-item'>\n\t\t\t\t<dt class='gallery-icon portrait'>\n\t\t\t\t\t<a class=\"rollover rollover-zoom dt-pswp-item\" title=\"b06854af-ee95-436d-9bf1-39adff5130d7\" data-dt-img-description=\"\" data-large_image_width=\"1536\" data-large_image_height=\"2048\"href='https:\/\/www.radiopiu.net\/wordpress\/wp-content\/uploads\/2023\/04\/b06854af-ee95-436d-9bf1-39adff5130d7.jpg'><img loading=\"lazy\" decoding=\"async\" width=\"225\" height=\"300\" src=\"https:\/\/www.radiopiu.net\/wordpress\/wp-content\/uploads\/2023\/04\/b06854af-ee95-436d-9bf1-39adff5130d7-225x300.jpg\" class=\"attachment-medium size-medium\" alt=\"\" srcset=\"https:\/\/www.radiopiu.net\/wordpress\/wp-content\/uploads\/2023\/04\/b06854af-ee95-436d-9bf1-39adff5130d7-225x300.jpg 225w, https:\/\/www.radiopiu.net\/wordpress\/wp-content\/uploads\/2023\/04\/b06854af-ee95-436d-9bf1-39adff5130d7-768x1024.jpg 768w, https:\/\/www.radiopiu.net\/wordpress\/wp-content\/uploads\/2023\/04\/b06854af-ee95-436d-9bf1-39adff5130d7-1152x1536.jpg 1152w, https:\/\/www.radiopiu.net\/wordpress\/wp-content\/uploads\/2023\/04\/b06854af-ee95-436d-9bf1-39adff5130d7.jpg 1536w\" sizes=\"auto, (max-width: 225px) 100vw, 225px\" \/><\/a>\n\t\t\t\t<\/dt><\/dl><dl class='gallery-item'>\n\t\t\t\t<dt class='gallery-icon portrait'>\n\t\t\t\t\t<a class=\"rollover rollover-zoom dt-pswp-item\" title=\"c558ff2f-23d6-411f-9306-62e856b170f6\" data-dt-img-description=\"\" data-large_image_width=\"1536\" data-large_image_height=\"2048\"href='https:\/\/www.radiopiu.net\/wordpress\/wp-content\/uploads\/2023\/04\/c558ff2f-23d6-411f-9306-62e856b170f6.jpg'><img loading=\"lazy\" decoding=\"async\" width=\"225\" height=\"300\" src=\"https:\/\/www.radiopiu.net\/wordpress\/wp-content\/uploads\/2023\/04\/c558ff2f-23d6-411f-9306-62e856b170f6-225x300.jpg\" class=\"attachment-medium size-medium\" alt=\"\" srcset=\"https:\/\/www.radiopiu.net\/wordpress\/wp-content\/uploads\/2023\/04\/c558ff2f-23d6-411f-9306-62e856b170f6-225x300.jpg 225w, https:\/\/www.radiopiu.net\/wordpress\/wp-content\/uploads\/2023\/04\/c558ff2f-23d6-411f-9306-62e856b170f6-768x1024.jpg 768w, https:\/\/www.radiopiu.net\/wordpress\/wp-content\/uploads\/2023\/04\/c558ff2f-23d6-411f-9306-62e856b170f6-1152x1536.jpg 1152w, https:\/\/www.radiopiu.net\/wordpress\/wp-content\/uploads\/2023\/04\/c558ff2f-23d6-411f-9306-62e856b170f6.jpg 1536w\" sizes=\"auto, (max-width: 225px) 100vw, 225px\" \/><\/a>\n\t\t\t\t<\/dt><\/dl><br style=\"clear: both\" \/>\n\t\t\t<\/div>\n\n<p>&nbsp;<\/p>\n<p>&nbsp;<\/p>\n<div style=\"width: 848px;\" class=\"wp-video\"><video class=\"wp-video-shortcode\" id=\"video-329442-2\" width=\"848\" height=\"480\" preload=\"metadata\" controls=\"controls\"><source type=\"video\/mp4\" src=\"https:\/\/www.radiopiu.net\/wordpress\/wp-content\/uploads\/2023\/04\/WhatsApp-Video-2023-04-02-at-14.51.55.mp4?_=2\" \/><a href=\"https:\/\/www.radiopiu.net\/wordpress\/wp-content\/uploads\/2023\/04\/WhatsApp-Video-2023-04-02-at-14.51.55.mp4\">https:\/\/www.radiopiu.net\/wordpress\/wp-content\/uploads\/2023\/04\/WhatsApp-Video-2023-04-02-at-14.51.55.mp4<\/a><\/video><\/div>\n<p>&nbsp;<\/p>\n<div style=\"width: 640px;\" class=\"wp-video\"><video class=\"wp-video-shortcode\" id=\"video-329442-3\" width=\"640\" height=\"352\" preload=\"metadata\" controls=\"controls\"><source type=\"video\/mp4\" src=\"https:\/\/www.radiopiu.net\/wordpress\/wp-content\/uploads\/2023\/04\/WhatsApp-Video-2023-04-02-at-15.12.41.mp4?_=3\" \/><a href=\"https:\/\/www.radiopiu.net\/wordpress\/wp-content\/uploads\/2023\/04\/WhatsApp-Video-2023-04-02-at-15.12.41.mp4\">https:\/\/www.radiopiu.net\/wordpress\/wp-content\/uploads\/2023\/04\/WhatsApp-Video-2023-04-02-at-15.12.41.mp4<\/a><\/video><\/div>\n<p>&nbsp;<\/p>\n<hr \/>\n<p>&nbsp;<\/p>\n<blockquote>\n<h3>FESTA DI FINE STAGIONE\u00a0 AD ALLEGHE<\/h3>\n<\/blockquote>\n<p><strong>ALLEGHE<\/strong> Festa di fine stagione anche ai Piani di Pezz\u00e8 ad Alleghe dove la giornata \u00e8 stata animata dal dj Matrix<\/p>\n\n\t\t\t<style type='text\/css'>\n\t\t\t\t#gallery-12 {\n\t\t\t\t\tmargin: auto;\n\t\t\t\t}\n\t\t\t\t#gallery-12 .gallery-item {\n\t\t\t\t\tfloat: left;\n\t\t\t\t\tmargin-top: 10px;\n\t\t\t\t\ttext-align: center;\n\t\t\t\t\twidth: 100%;\n\t\t\t\t}\n\t\t\t\t#gallery-12 img {\n\t\t\t\t\tborder: 2px solid #cfcfcf;\n\t\t\t\t}\n\t\t\t\t#gallery-12 .gallery-caption {\n\t\t\t\t\tmargin-left: 0;\n\t\t\t\t}\n\t\t\t\t\/* see gallery_shortcode() in wp-includes\/media.php *\/\n\t\t\t<\/style>\n\t\t<div id='gallery-12' class='dt-gallery-container gallery galleryid-329442 gallery-columns-1 gallery-size-medium'><dl class='gallery-item'>\n\t\t\t\t<dt class='gallery-icon landscape'>\n\t\t\t\t\t<a class=\"rollover rollover-zoom dt-pswp-item\" title=\"df4b90d8-9ad0-438e-9185-4fcede6a47bf\" data-dt-img-description=\"\" data-large_image_width=\"1024\" data-large_image_height=\"752\"href='https:\/\/www.radiopiu.net\/wordpress\/wp-content\/uploads\/2023\/04\/df4b90d8-9ad0-438e-9185-4fcede6a47bf.jpg'><img loading=\"lazy\" decoding=\"async\" width=\"300\" height=\"220\" src=\"https:\/\/www.radiopiu.net\/wordpress\/wp-content\/uploads\/2023\/04\/df4b90d8-9ad0-438e-9185-4fcede6a47bf-300x220.jpg\" class=\"attachment-medium size-medium\" alt=\"\" srcset=\"https:\/\/www.radiopiu.net\/wordpress\/wp-content\/uploads\/2023\/04\/df4b90d8-9ad0-438e-9185-4fcede6a47bf-300x220.jpg 300w, https:\/\/www.radiopiu.net\/wordpress\/wp-content\/uploads\/2023\/04\/df4b90d8-9ad0-438e-9185-4fcede6a47bf-768x564.jpg 768w, https:\/\/www.radiopiu.net\/wordpress\/wp-content\/uploads\/2023\/04\/df4b90d8-9ad0-438e-9185-4fcede6a47bf.jpg 1024w\" sizes=\"auto, (max-width: 300px) 100vw, 300px\" \/><\/a>\n\t\t\t\t<\/dt><\/dl><br style=\"clear: both\" \/>\n\t\t\t<\/div>\n\n<hr \/>\n<p>&nbsp;<\/p>\n<blockquote>\n<h3>I CERVI IMMORTALATI DA MARIO DE MARCO<\/h3>\n<\/blockquote>\n<p><strong>REDAZIONE<\/strong> Come sempre Mario De Marco sa stupire con le sue foto. Questa volta il fotografo di Voltago ha immortalato il Cervo Elaphus. &#8220;I giovani hanno ancora il &#8220;vecchio&#8221; palco mentre i grandi vecchi hanno gi\u00e0 il nuovo in crescita. Fine Marzo&#8230;Cervo nobile&#8221; scrive sulla sua pagina Facebook.<\/p>\n\n\t\t\t<style type='text\/css'>\n\t\t\t\t#gallery-13 {\n\t\t\t\t\tmargin: auto;\n\t\t\t\t}\n\t\t\t\t#gallery-13 .gallery-item {\n\t\t\t\t\tfloat: left;\n\t\t\t\t\tmargin-top: 10px;\n\t\t\t\t\ttext-align: center;\n\t\t\t\t\twidth: 33%;\n\t\t\t\t}\n\t\t\t\t#gallery-13 img {\n\t\t\t\t\tborder: 2px solid #cfcfcf;\n\t\t\t\t}\n\t\t\t\t#gallery-13 .gallery-caption {\n\t\t\t\t\tmargin-left: 0;\n\t\t\t\t}\n\t\t\t\t\/* see gallery_shortcode() in wp-includes\/media.php *\/\n\t\t\t<\/style>\n\t\t<div id='gallery-13' class='dt-gallery-container gallery galleryid-329442 gallery-columns-3 gallery-size-medium'><dl class='gallery-item'>\n\t\t\t\t<dt class='gallery-icon landscape'>\n\t\t\t\t\t<a class=\"rollover rollover-zoom dt-pswp-item\" title=\"35c56457-9508-4cde-9559-114e996fd9f9\" data-dt-img-description=\"\" data-large_image_width=\"1599\" data-large_image_height=\"1277\"href='https:\/\/www.radiopiu.net\/wordpress\/wp-content\/uploads\/2023\/04\/35c56457-9508-4cde-9559-114e996fd9f9.jpg'><img loading=\"lazy\" decoding=\"async\" width=\"300\" height=\"240\" src=\"https:\/\/www.radiopiu.net\/wordpress\/wp-content\/uploads\/2023\/04\/35c56457-9508-4cde-9559-114e996fd9f9-300x240.jpg\" class=\"attachment-medium size-medium\" alt=\"\" srcset=\"https:\/\/www.radiopiu.net\/wordpress\/wp-content\/uploads\/2023\/04\/35c56457-9508-4cde-9559-114e996fd9f9-300x240.jpg 300w, https:\/\/www.radiopiu.net\/wordpress\/wp-content\/uploads\/2023\/04\/35c56457-9508-4cde-9559-114e996fd9f9-1024x818.jpg 1024w, https:\/\/www.radiopiu.net\/wordpress\/wp-content\/uploads\/2023\/04\/35c56457-9508-4cde-9559-114e996fd9f9-768x613.jpg 768w, https:\/\/www.radiopiu.net\/wordpress\/wp-content\/uploads\/2023\/04\/35c56457-9508-4cde-9559-114e996fd9f9-1536x1227.jpg 1536w, https:\/\/www.radiopiu.net\/wordpress\/wp-content\/uploads\/2023\/04\/35c56457-9508-4cde-9559-114e996fd9f9.jpg 1599w\" sizes=\"auto, (max-width: 300px) 100vw, 300px\" \/><\/a>\n\t\t\t\t<\/dt><\/dl><dl class='gallery-item'>\n\t\t\t\t<dt class='gallery-icon landscape'>\n\t\t\t\t\t<a class=\"rollover rollover-zoom dt-pswp-item\" title=\"6ab18e17-5ee4-40f9-ba91-beac507ee1cb\" data-dt-img-description=\"\" data-large_image_width=\"1309\" data-large_image_height=\"869\"href='https:\/\/www.radiopiu.net\/wordpress\/wp-content\/uploads\/2023\/04\/6ab18e17-5ee4-40f9-ba91-beac507ee1cb.jpg'><img loading=\"lazy\" decoding=\"async\" width=\"300\" height=\"199\" src=\"https:\/\/www.radiopiu.net\/wordpress\/wp-content\/uploads\/2023\/04\/6ab18e17-5ee4-40f9-ba91-beac507ee1cb-300x199.jpg\" class=\"attachment-medium size-medium\" alt=\"\" srcset=\"https:\/\/www.radiopiu.net\/wordpress\/wp-content\/uploads\/2023\/04\/6ab18e17-5ee4-40f9-ba91-beac507ee1cb-300x199.jpg 300w, https:\/\/www.radiopiu.net\/wordpress\/wp-content\/uploads\/2023\/04\/6ab18e17-5ee4-40f9-ba91-beac507ee1cb-1024x680.jpg 1024w, https:\/\/www.radiopiu.net\/wordpress\/wp-content\/uploads\/2023\/04\/6ab18e17-5ee4-40f9-ba91-beac507ee1cb-768x510.jpg 768w, https:\/\/www.radiopiu.net\/wordpress\/wp-content\/uploads\/2023\/04\/6ab18e17-5ee4-40f9-ba91-beac507ee1cb.jpg 1309w\" sizes=\"auto, (max-width: 300px) 100vw, 300px\" \/><\/a>\n\t\t\t\t<\/dt><\/dl><dl class='gallery-item'>\n\t\t\t\t<dt class='gallery-icon landscape'>\n\t\t\t\t\t<a class=\"rollover rollover-zoom dt-pswp-item\" title=\"309c0211-5dd1-4769-b3cb-41ff79f6aaa3\" data-dt-img-description=\"\" data-large_image_width=\"1600\" data-large_image_height=\"1264\"href='https:\/\/www.radiopiu.net\/wordpress\/wp-content\/uploads\/2023\/04\/309c0211-5dd1-4769-b3cb-41ff79f6aaa3.jpg'><img loading=\"lazy\" decoding=\"async\" width=\"300\" height=\"237\" src=\"https:\/\/www.radiopiu.net\/wordpress\/wp-content\/uploads\/2023\/04\/309c0211-5dd1-4769-b3cb-41ff79f6aaa3-300x237.jpg\" class=\"attachment-medium size-medium\" alt=\"\" srcset=\"https:\/\/www.radiopiu.net\/wordpress\/wp-content\/uploads\/2023\/04\/309c0211-5dd1-4769-b3cb-41ff79f6aaa3-300x237.jpg 300w, https:\/\/www.radiopiu.net\/wordpress\/wp-content\/uploads\/2023\/04\/309c0211-5dd1-4769-b3cb-41ff79f6aaa3-1024x809.jpg 1024w, https:\/\/www.radiopiu.net\/wordpress\/wp-content\/uploads\/2023\/04\/309c0211-5dd1-4769-b3cb-41ff79f6aaa3-768x607.jpg 768w, https:\/\/www.radiopiu.net\/wordpress\/wp-content\/uploads\/2023\/04\/309c0211-5dd1-4769-b3cb-41ff79f6aaa3-1536x1213.jpg 1536w, https:\/\/www.radiopiu.net\/wordpress\/wp-content\/uploads\/2023\/04\/309c0211-5dd1-4769-b3cb-41ff79f6aaa3.jpg 1600w\" sizes=\"auto, (max-width: 300px) 100vw, 300px\" \/><\/a>\n\t\t\t\t<\/dt><\/dl><br style=\"clear: both\" \/>\n\t\t\t<\/div>\n\n<p>&nbsp;<\/p>\n<p>&nbsp;<\/p>\n<p>&nbsp;<\/p>\n<hr \/>\n<p>&nbsp;<\/p>\n<blockquote>\n<h3>CARLO CRACCO AL RISTORANTE LA CASCINA DI FARRA D&#8217;ALPAGO<\/h3>\n<\/blockquote>\n<p><strong>FARRA D&#8217;ALPAGO<\/strong> Si \u00e8 concluso al Ristornate &#8220;La Cascina&#8221; di Farra D&#8217;Alpago il tour bellunese dello chef stellato Carlo Cracco che per tutta la giornata di venerd\u00ec ha presentato i suoi distillati in lungo e in largo per la provincia di Belluno.<\/p>\n<p><strong>CARLO CRACCO<\/strong><\/p>\n<audio class=\"wp-audio-shortcode\" id=\"audio-329442-8\" preload=\"none\" style=\"width: 100%;\" controls=\"controls\"><source type=\"audio\/mpeg\" src=\"https:\/\/www.radiopiu.net\/wordpress\/wp-content\/uploads\/2023\/04\/Audio-Carlo-Cracco.mp3?_=8\" \/><a href=\"https:\/\/www.radiopiu.net\/wordpress\/wp-content\/uploads\/2023\/04\/Audio-Carlo-Cracco.mp3\">https:\/\/www.radiopiu.net\/wordpress\/wp-content\/uploads\/2023\/04\/Audio-Carlo-Cracco.mp3<\/a><\/audio>\n<p>&nbsp;<\/p>\n\n\t\t\t<style type='text\/css'>\n\t\t\t\t#gallery-14 {\n\t\t\t\t\tmargin: auto;\n\t\t\t\t}\n\t\t\t\t#gallery-14 .gallery-item {\n\t\t\t\t\tfloat: left;\n\t\t\t\t\tmargin-top: 10px;\n\t\t\t\t\ttext-align: center;\n\t\t\t\t\twidth: 20%;\n\t\t\t\t}\n\t\t\t\t#gallery-14 img {\n\t\t\t\t\tborder: 2px solid #cfcfcf;\n\t\t\t\t}\n\t\t\t\t#gallery-14 .gallery-caption {\n\t\t\t\t\tmargin-left: 0;\n\t\t\t\t}\n\t\t\t\t\/* see gallery_shortcode() in wp-includes\/media.php *\/\n\t\t\t<\/style>\n\t\t<div id='gallery-14' class='dt-gallery-container gallery galleryid-329442 gallery-columns-5 gallery-size-medium'><dl class='gallery-item'>\n\t\t\t\t<dt class='gallery-icon landscape'>\n\t\t\t\t\t<a class=\"rollover rollover-zoom dt-pswp-item\" title=\"c4be9b0b-a5b4-4058-be07-01f83dd7aed9\" data-dt-img-description=\"\" data-large_image_width=\"1575\" data-large_image_height=\"1050\"href='https:\/\/www.radiopiu.net\/wordpress\/wp-content\/uploads\/2023\/04\/c4be9b0b-a5b4-4058-be07-01f83dd7aed9.jpg'><img loading=\"lazy\" decoding=\"async\" width=\"300\" height=\"200\" src=\"https:\/\/www.radiopiu.net\/wordpress\/wp-content\/uploads\/2023\/04\/c4be9b0b-a5b4-4058-be07-01f83dd7aed9-300x200.jpg\" class=\"attachment-medium size-medium\" alt=\"\" srcset=\"https:\/\/www.radiopiu.net\/wordpress\/wp-content\/uploads\/2023\/04\/c4be9b0b-a5b4-4058-be07-01f83dd7aed9-300x200.jpg 300w, https:\/\/www.radiopiu.net\/wordpress\/wp-content\/uploads\/2023\/04\/c4be9b0b-a5b4-4058-be07-01f83dd7aed9-1024x683.jpg 1024w, https:\/\/www.radiopiu.net\/wordpress\/wp-content\/uploads\/2023\/04\/c4be9b0b-a5b4-4058-be07-01f83dd7aed9-768x512.jpg 768w, https:\/\/www.radiopiu.net\/wordpress\/wp-content\/uploads\/2023\/04\/c4be9b0b-a5b4-4058-be07-01f83dd7aed9-1536x1024.jpg 1536w, https:\/\/www.radiopiu.net\/wordpress\/wp-content\/uploads\/2023\/04\/c4be9b0b-a5b4-4058-be07-01f83dd7aed9.jpg 1575w\" sizes=\"auto, (max-width: 300px) 100vw, 300px\" \/><\/a>\n\t\t\t\t<\/dt><\/dl><dl class='gallery-item'>\n\t\t\t\t<dt class='gallery-icon landscape'>\n\t\t\t\t\t<a class=\"rollover rollover-zoom dt-pswp-item\" title=\"8c76b3b6-fc2a-4b57-bd4d-cd5a77d47ba0\" data-dt-img-description=\"\" data-large_image_width=\"1575\" data-large_image_height=\"1011\"href='https:\/\/www.radiopiu.net\/wordpress\/wp-content\/uploads\/2023\/04\/8c76b3b6-fc2a-4b57-bd4d-cd5a77d47ba0.jpg'><img loading=\"lazy\" decoding=\"async\" width=\"300\" height=\"193\" src=\"https:\/\/www.radiopiu.net\/wordpress\/wp-content\/uploads\/2023\/04\/8c76b3b6-fc2a-4b57-bd4d-cd5a77d47ba0-300x193.jpg\" class=\"attachment-medium size-medium\" alt=\"\" srcset=\"https:\/\/www.radiopiu.net\/wordpress\/wp-content\/uploads\/2023\/04\/8c76b3b6-fc2a-4b57-bd4d-cd5a77d47ba0-300x193.jpg 300w, https:\/\/www.radiopiu.net\/wordpress\/wp-content\/uploads\/2023\/04\/8c76b3b6-fc2a-4b57-bd4d-cd5a77d47ba0-1024x657.jpg 1024w, https:\/\/www.radiopiu.net\/wordpress\/wp-content\/uploads\/2023\/04\/8c76b3b6-fc2a-4b57-bd4d-cd5a77d47ba0-768x493.jpg 768w, https:\/\/www.radiopiu.net\/wordpress\/wp-content\/uploads\/2023\/04\/8c76b3b6-fc2a-4b57-bd4d-cd5a77d47ba0-1536x986.jpg 1536w, https:\/\/www.radiopiu.net\/wordpress\/wp-content\/uploads\/2023\/04\/8c76b3b6-fc2a-4b57-bd4d-cd5a77d47ba0.jpg 1575w\" sizes=\"auto, (max-width: 300px) 100vw, 300px\" \/><\/a>\n\t\t\t\t<\/dt><\/dl><dl class='gallery-item'>\n\t\t\t\t<dt class='gallery-icon landscape'>\n\t\t\t\t\t<a class=\"rollover rollover-zoom dt-pswp-item\" title=\"58334132-afdc-45a3-a4f8-1e555bd2c8a2\" data-dt-img-description=\"\" data-large_image_width=\"1575\" data-large_image_height=\"1050\"href='https:\/\/www.radiopiu.net\/wordpress\/wp-content\/uploads\/2023\/04\/58334132-afdc-45a3-a4f8-1e555bd2c8a2.jpg'><img loading=\"lazy\" decoding=\"async\" width=\"300\" height=\"200\" src=\"https:\/\/www.radiopiu.net\/wordpress\/wp-content\/uploads\/2023\/04\/58334132-afdc-45a3-a4f8-1e555bd2c8a2-300x200.jpg\" class=\"attachment-medium size-medium\" alt=\"\" srcset=\"https:\/\/www.radiopiu.net\/wordpress\/wp-content\/uploads\/2023\/04\/58334132-afdc-45a3-a4f8-1e555bd2c8a2-300x200.jpg 300w, https:\/\/www.radiopiu.net\/wordpress\/wp-content\/uploads\/2023\/04\/58334132-afdc-45a3-a4f8-1e555bd2c8a2-1024x683.jpg 1024w, https:\/\/www.radiopiu.net\/wordpress\/wp-content\/uploads\/2023\/04\/58334132-afdc-45a3-a4f8-1e555bd2c8a2-768x512.jpg 768w, https:\/\/www.radiopiu.net\/wordpress\/wp-content\/uploads\/2023\/04\/58334132-afdc-45a3-a4f8-1e555bd2c8a2-1536x1024.jpg 1536w, https:\/\/www.radiopiu.net\/wordpress\/wp-content\/uploads\/2023\/04\/58334132-afdc-45a3-a4f8-1e555bd2c8a2.jpg 1575w\" sizes=\"auto, (max-width: 300px) 100vw, 300px\" \/><\/a>\n\t\t\t\t<\/dt><\/dl><dl class='gallery-item'>\n\t\t\t\t<dt class='gallery-icon landscape'>\n\t\t\t\t\t<a class=\"rollover rollover-zoom dt-pswp-item\" title=\"8b91348e-ebe0-49ee-9988-6c26f4cdc56d\" data-dt-img-description=\"\" data-large_image_width=\"1575\" data-large_image_height=\"942\"href='https:\/\/www.radiopiu.net\/wordpress\/wp-content\/uploads\/2023\/04\/8b91348e-ebe0-49ee-9988-6c26f4cdc56d.jpg'><img loading=\"lazy\" decoding=\"async\" width=\"300\" height=\"179\" src=\"https:\/\/www.radiopiu.net\/wordpress\/wp-content\/uploads\/2023\/04\/8b91348e-ebe0-49ee-9988-6c26f4cdc56d-300x179.jpg\" class=\"attachment-medium size-medium\" alt=\"\" srcset=\"https:\/\/www.radiopiu.net\/wordpress\/wp-content\/uploads\/2023\/04\/8b91348e-ebe0-49ee-9988-6c26f4cdc56d-300x179.jpg 300w, https:\/\/www.radiopiu.net\/wordpress\/wp-content\/uploads\/2023\/04\/8b91348e-ebe0-49ee-9988-6c26f4cdc56d-1024x612.jpg 1024w, https:\/\/www.radiopiu.net\/wordpress\/wp-content\/uploads\/2023\/04\/8b91348e-ebe0-49ee-9988-6c26f4cdc56d-768x459.jpg 768w, https:\/\/www.radiopiu.net\/wordpress\/wp-content\/uploads\/2023\/04\/8b91348e-ebe0-49ee-9988-6c26f4cdc56d-1536x919.jpg 1536w, https:\/\/www.radiopiu.net\/wordpress\/wp-content\/uploads\/2023\/04\/8b91348e-ebe0-49ee-9988-6c26f4cdc56d.jpg 1575w\" sizes=\"auto, (max-width: 300px) 100vw, 300px\" \/><\/a>\n\t\t\t\t<\/dt><\/dl><dl class='gallery-item'>\n\t\t\t\t<dt class='gallery-icon landscape'>\n\t\t\t\t\t<a class=\"rollover rollover-zoom dt-pswp-item\" title=\"851bfe21-7215-459e-a4ac-197d56a89c2b\" data-dt-img-description=\"\" data-large_image_width=\"1575\" data-large_image_height=\"906\"href='https:\/\/www.radiopiu.net\/wordpress\/wp-content\/uploads\/2023\/04\/851bfe21-7215-459e-a4ac-197d56a89c2b.jpg'><img loading=\"lazy\" decoding=\"async\" width=\"300\" height=\"173\" src=\"https:\/\/www.radiopiu.net\/wordpress\/wp-content\/uploads\/2023\/04\/851bfe21-7215-459e-a4ac-197d56a89c2b-300x173.jpg\" class=\"attachment-medium size-medium\" alt=\"\" srcset=\"https:\/\/www.radiopiu.net\/wordpress\/wp-content\/uploads\/2023\/04\/851bfe21-7215-459e-a4ac-197d56a89c2b-300x173.jpg 300w, https:\/\/www.radiopiu.net\/wordpress\/wp-content\/uploads\/2023\/04\/851bfe21-7215-459e-a4ac-197d56a89c2b-1024x589.jpg 1024w, https:\/\/www.radiopiu.net\/wordpress\/wp-content\/uploads\/2023\/04\/851bfe21-7215-459e-a4ac-197d56a89c2b-768x442.jpg 768w, https:\/\/www.radiopiu.net\/wordpress\/wp-content\/uploads\/2023\/04\/851bfe21-7215-459e-a4ac-197d56a89c2b-1536x884.jpg 1536w, https:\/\/www.radiopiu.net\/wordpress\/wp-content\/uploads\/2023\/04\/851bfe21-7215-459e-a4ac-197d56a89c2b.jpg 1575w\" sizes=\"auto, (max-width: 300px) 100vw, 300px\" \/><\/a>\n\t\t\t\t<\/dt><\/dl><br style=\"clear: both\" \/>\n\t\t\t<\/div>\n\n<p>&nbsp;<\/p>\n<hr \/>\n<p>&nbsp;<\/p>\n<blockquote>\n<h3>LA MONGOLFIERA DI GIORGIA APRE IL BANDO, SCADENZA IL 25 MAGGIO<\/h3>\n<\/blockquote>\n<p><strong>REDAZIONE<\/strong> Sono trascorsi sette anni dalla scomparsa di Giorgia Praloran,\u00a0 il 26 marzo \u00e8 stato il giorno del suo ventiseiesimo compleanno. Il bando della Mongolfiera di Giorgia porta questa data. L&#8217;associazione ha deciso di mettere a disposizione 10.000 euro. Potranno presentare domanda di contributo ragazzi tra i 13 e i 24 anni residenti in Veneto o seguiti da strutture pubbliche sanitarie del Veneto, con disabilit\u00e0 anche temporanee. Info www.lamongolfieradigiorgia.it , mail lamongolfieradigiorgia@gmail.it.<\/p>\n<p>&nbsp;<\/p>\n<hr \/>\n<p>&nbsp;<\/p>\n<blockquote>\n<h2>I CONCORSI DELLA POLIZIA DI STATO<\/h2>\n<\/blockquote>\n<p><a class=\"dt-pswp-item\" href=\"https:\/\/www.radiopiu.net\/wordpress\/wp-content\/uploads\/2022\/01\/POLIZIA-ESSERCI.jpg\" data-dt-img-description=\"\" data-large_image_width=\"750\" data-large_image_height=\"407\"><img loading=\"lazy\" decoding=\"async\" class=\" wp-image-255174 alignleft\" src=\"https:\/\/www.radiopiu.net\/wordpress\/wp-content\/uploads\/2022\/01\/POLIZIA-ESSERCI-300x163.jpg\" alt=\"\" width=\"260\" height=\"141\" srcset=\"https:\/\/www.radiopiu.net\/wordpress\/wp-content\/uploads\/2022\/01\/POLIZIA-ESSERCI-300x163.jpg 300w, https:\/\/www.radiopiu.net\/wordpress\/wp-content\/uploads\/2022\/01\/POLIZIA-ESSERCI.jpg 750w\" sizes=\"auto, (max-width: 260px) 100vw, 260px\" \/><\/a>Sul Portale Unico del reclutamento, disponibile all\u2019indirizzo <a href=\"http:\/\/www.inpa.gov.it\">www.inpa.gov.it<\/a> nonch\u00e9 sul sito <a href=\"http:\/\/www.poliziadistato.it\">www.poliziadistato.it<\/a>, in data 27 marzo 2023, \u00e8 stato pubblicato il bando di <strong>concorso pubblico, per titoli ed esami, per la copertura di 8 posti di orchestrale del ruolo degli orchestrali\u00a0 della banda musicale della Polizia di Stato, indetto con D.C.P. del 20 marzo 2023.\u00a0<\/strong>La domanda di partecipazione al concorso potr\u00e0 essere presentata, \u00a0dalle \u00a0ore \u00a000.00 del 28 marzo 2023 alle ore 23.59 del 26 aprile 2023, sia tramite il Portale unico di reclutamento che mediante la procedura informatica disponibile all\u2019indirizzo <a href=\"https:\/\/concorsionline.poliziadistato.it\">https:\/\/concorsionline.poliziadistato.it<\/a> (cliccando sull\u2019icona \u201cConcorso pubblico<\/p>\n<p>&nbsp;<\/p>\n<p>&nbsp;<\/p>\n<hr \/>\n<p>&nbsp;<\/p>\n<blockquote>\n<h3>BIM GSP CERCA OPERATORI IDRAULICI SPECIALLIZATI<\/h3>\n<\/blockquote>\n<p><strong>BELLUNO<\/strong> Bim GSP \u00e8 alla ricerca di idraulici specializzati da inserire a tempo pieno e indeterminato con livello commisurato all&#8217;esperienza. La domanda e il curriculum vitae vanno inviato a Bim Gestione Servizi Pubblici, via Tiziano Vecellio 27\/29 a Belluno entro le 12 dell&#8217;11 aprile 2023. I candidati devono avere cittadinanza italiana, avere pi\u00f9 di 18 anni, patente B e sono richieste esperienze lavorative triennali nel settore privato o pubblico del settore idraulico.<\/p>\n<p>&nbsp;<\/p>\n<p>&nbsp;<\/p>\n<hr \/>\n<p>&nbsp;<\/p>\n<blockquote>\n<h3>SPRECHI E INEFFICIENZE DELLA PA SONO PARI AL PIL PRODOTTO NEL NORDEST<\/h3>\n<\/blockquote>\n<p><a class=\"dt-pswp-item\" href=\"https:\/\/www.radiopiu.net\/wordpress\/wp-content\/uploads\/2023\/04\/Schermata-2023-04-01-alle-08.23.39.png\" data-dt-img-description=\"\" data-large_image_width=\"1202\" data-large_image_height=\"1494\"><img loading=\"lazy\" decoding=\"async\" class=\"alignleft size-medium wp-image-329437\" src=\"https:\/\/www.radiopiu.net\/wordpress\/wp-content\/uploads\/2023\/04\/Schermata-2023-04-01-alle-08.23.39-241x300.png\" alt=\"\" width=\"241\" height=\"300\" srcset=\"https:\/\/www.radiopiu.net\/wordpress\/wp-content\/uploads\/2023\/04\/Schermata-2023-04-01-alle-08.23.39-241x300.png 241w, https:\/\/www.radiopiu.net\/wordpress\/wp-content\/uploads\/2023\/04\/Schermata-2023-04-01-alle-08.23.39-824x1024.png 824w, https:\/\/www.radiopiu.net\/wordpress\/wp-content\/uploads\/2023\/04\/Schermata-2023-04-01-alle-08.23.39-768x955.png 768w, https:\/\/www.radiopiu.net\/wordpress\/wp-content\/uploads\/2023\/04\/Schermata-2023-04-01-alle-08.23.39.png 1202w\" sizes=\"auto, (max-width: 241px) 100vw, 241px\" \/><\/a>Il cattivo funzionamento della nostra macchina pubblica grava sulle famiglie e sulle imprese italiane per almeno 225 miliardi di euro all\u2019anno. Un importo praticamente pari al Pil \u201cgenerato\u201d nel 2021 da tre regioni del Nordest: Veneto, Trentino Alto Adige e Friuli Venezia Giulia. A dirlo \u00e8 l\u2019Ufficio studi della CGIA. Purtroppo, le regole tortuose e complicate della nostra burocrazia statale, i mancati pagamenti della Pubblica Amministrazione (PA), la lentezza della giustizia civile, lo spaventoso deficit infrastrutturale, gli sprechi nella sanit\u00e0 e nel trasporto pubblico locale sono da tempo una spina nel fianco dell\u2019economia del nostro Paese. Sebbene non sia per nulla facile misurare gli effetti economici di queste criticit\u00e0, l\u2019Ufficio studi della CGIA ha provato comunque a stimarli, arrivando alla conclusione che dovrebbero cubare oltre 11 punti di Pil all\u2019anno, ovvero attorno ai 225 miliardi di euro.<\/p>\n<p>Sebbene sia sempre sbagliato generalizzare, visto che anche la nostra PA pu\u00f2 contare su punte di eccellenza centrali e locali che ci sono invidiate in molti paesi europei, gli sprechi, gli sperperi e le inefficienze presenti nella nostra burocrazia pubblica sono una amara realt\u00e0 che, purtroppo, hanno e continuano a ostacolare la modernizzazione del Paese.<\/p>\n<p><strong>In Veneto PA efficiente<\/strong><br \/>\nSu 208 regioni europee monitorate nel 2021 dall\u2019Universit\u00e0 di G\u00f6teborg, la prima realt\u00e0 italiana la scorgiamo al 100\u00b0 posto ed \u00e8 la Provincia Autonoma di Trento. Seguono al 104\u00b0 le strutture pubbliche presenti nel Friuli Venezia Giulia, al 109\u00b0 quelle ubicate in Veneto e al 117\u00b0 quelle insediate nella Provincia di Bolzano. Stiamo parlando dell\u2019indice europeo sulla qualit\u00e0 istituzionale che tiene conto della percezione, da parte dei cittadini, della della qualit\u00e0, dell\u2019imparzialit\u00e0 e della corruzione della PA presente in un determinata area regionale. Insomma, in Italia il Nordest svetta per efficienza, anche se nel confronto con le aree regionali pi\u00f9 avanzate d\u2019Europa scontiamo ancora un grave ritardo. Sconsolante \u00e8 la situazione che emerge dalla lettura dei dai riferiti alle nostre regioni del Sud. Delle ultime 20 posizioni di questa graduatoria europea, ben 5 sono occupate dalle nostre regioni del Mezzogiorno: la Puglia \u00e8 al 190\u00b0 posto, la Sicilia al 191\u00b0, la Basilicata al 196\u00b0, la Campania al 206\u00b0 e la Calabria, penultima a livello europeo, al 207\u00b0 posto (vedi Tab 1). Nelle prime cinque posizioni della graduatoria europea scorgiamo le regioni di \u00c5land (Finlandia), Midtjylland (Danimarca), Friesland (Paesi Bassi), Nordjylland (Danimarca) e Sm\u00e5land med \u00f6arna (Svezia). Chiudono la classifica, invece, Severoiztochen (Bulgaria), Sud-Est (Romania), Nord-Est (Romania), Yugozapaden (Bulgaria), Campania e Calabria. Maglia nera d\u2019Europa, infine, \u00e8 la regione di Bucaresti-Ilfov (Romania).<\/p>\n<p><strong><a class=\"dt-pswp-item\" href=\"https:\/\/www.radiopiu.net\/wordpress\/wp-content\/uploads\/2023\/04\/tab2.jpg\" data-dt-img-description=\"\" data-large_image_width=\"786\" data-large_image_height=\"1306\"><img loading=\"lazy\" decoding=\"async\" class=\"alignleft size-medium wp-image-329438\" src=\"https:\/\/www.radiopiu.net\/wordpress\/wp-content\/uploads\/2023\/04\/tab2-181x300.jpg\" alt=\"\" width=\"181\" height=\"300\" srcset=\"https:\/\/www.radiopiu.net\/wordpress\/wp-content\/uploads\/2023\/04\/tab2-181x300.jpg 181w, https:\/\/www.radiopiu.net\/wordpress\/wp-content\/uploads\/2023\/04\/tab2-616x1024.jpg 616w, https:\/\/www.radiopiu.net\/wordpress\/wp-content\/uploads\/2023\/04\/tab2-768x1276.jpg 768w, https:\/\/www.radiopiu.net\/wordpress\/wp-content\/uploads\/2023\/04\/tab2.jpg 786w\" sizes=\"auto, (max-width: 181px) 100vw, 181px\" \/><\/a>In UE, per\u00f2, solo Madrid e la Catalogna peggio di noi<\/strong><br \/>\nTra le principali aree economiche presenti in UE, solo la Comunidad di Madrid (116\u00b0 posto) e la Catalogna (145\u00b0) occupano delle posizioni pi\u00f9 arretrate rispetto al Veneto. Tutte le altre, invece, ci precedono nettamente. Stoccolma, ad esempio, \u00e8 al 13\u00b0 posto, Zuid-Holland al 26\u00b0, la Baviera al 32\u00b0, i Paesi Baschi al 48\u00b0, il Baden-W\u00fcrttemberg al 53\u00b0, i Pays de La Loire al 58\u00b0, il Rhone Alpes al 73\u00b0 e l\u2019\u00cele de France al 96\u00b0.<\/p>\n<p><strong>Sprechi a confronto con evasione, spesa sanitaria, Pil a Nordest e PNRR<\/strong><br \/>\nMettendo in fila i risultati di alcune analisi condotte da una mezza dozzina di istituzioni molto autorevoli, il danno economico per famiglie e imprese sarebbe di almeno 225 miliardi di euro all\u2019anno. A titolo di esempio, quest\u2019ultima \u00e8 una cifra ha una dimensione:<\/p>\n<p>pi\u00f9 che doppia dell\u2019evasione tributaria e contributiva presente in Italia che \u00e8 stimata attorno ai 100 miliardi di euro l\u2019anno;<\/p>\n<p>quasi doppia della spesa sanitaria del nostro Paese (131,7 miliardi per il 2023);<\/p>\n<p>pari al valore aggiunto (Pil) prodotto nel 2021 da tre regioni del Nordest (Trentino Alto Adige, Veneto e Friuli Venezia Giulia);<\/p>\n<p>di poco inferiore alle risorse che il nostro Paese dovr\u00e0 spendere entro il 2026 con il PNRR (235 miliardi).<\/p>\n<p><strong>Siamo tra gli ultimi in UE per qualit\u00e0 dei servizi pubblici<\/strong><br \/>\nSenza scomodare Cavour, che se ne occup\u00f2 addirittura nel 1852 durante il Regno di Sardegna, in tempi pi\u00f9 recenti l\u2019allora premier, Alcide De Gasperi, cosciente che c\u2019era la necessit\u00e0 di rendere pi\u00f9 efficace il lavoro della nostra PA, istitu\u00ec nel 1950 il primo ministero per la riforma burocratica (ministro Raffaele Pio Petrilli). Nonostante il problema fosse avvertito sin dagli inizi della nostra Repubblica, a distanza di quasi 75 anni la lotta alla cattiva burocrazia non ha portato grandissimi risultati. Certo, l\u2019avvento delle tecnologie informatiche ha reso meno impervio il rapporto tra i cittadini e gli uffici pubblici, ma le difficolt\u00e0, comunque, rimangono e la percezione degli italiani sul livello di qualit\u00e0 reso dalla nostra PA resta molto basso. Sebbene abbiamo recuperato qualche posizione rispetto al 2019, nell\u2019ultima indagine campionaria realizzata a inizio di quest\u2019anno, l\u2019Italia si colloca solo al 23 posto a livello europeo per la qualit\u00e0 offerta dai servizi pubblici. Tra i 27 paesi UE messi a confronto, solo Romania, Portogallo, Bulgaria e Grecia presentano un risultato peggiore del nostro (vedi Tab. 2).<\/p>\n<p><strong><a class=\"dt-pswp-item\" href=\"https:\/\/www.radiopiu.net\/wordpress\/wp-content\/uploads\/2023\/04\/Schermata-2023-04-01-alle-08.24.51.png\" data-dt-img-description=\"\" data-large_image_width=\"786\" data-large_image_height=\"592\"><img loading=\"lazy\" decoding=\"async\" class=\"alignleft size-medium wp-image-329435\" src=\"https:\/\/www.radiopiu.net\/wordpress\/wp-content\/uploads\/2023\/04\/Schermata-2023-04-01-alle-08.24.51-300x226.png\" alt=\"\" width=\"300\" height=\"226\" srcset=\"https:\/\/www.radiopiu.net\/wordpress\/wp-content\/uploads\/2023\/04\/Schermata-2023-04-01-alle-08.24.51-300x226.png 300w, https:\/\/www.radiopiu.net\/wordpress\/wp-content\/uploads\/2023\/04\/Schermata-2023-04-01-alle-08.24.51-768x578.png 768w, https:\/\/www.radiopiu.net\/wordpress\/wp-content\/uploads\/2023\/04\/Schermata-2023-04-01-alle-08.24.51.png 786w\" sizes=\"auto, (max-width: 300px) 100vw, 300px\" \/><\/a>Le avvertenze sulle fonti<\/strong><br \/>\nCome si \u00e8 giunti a quantificare in circa 225 miliardi di euro gli sprechi pubblici presenti nel nostro Paese ? L\u2019Ufficio studi della CGIA ha raccolto ed allineato i risultati di una serie di analisi sulle inefficienze e gli sprechi che caratterizzano la nostra Pubblica Amministrazione. In sintesi si evidenzia che:<\/p>\n<p>il costo annuo sostenuto dalle imprese per la gestione dei rapporti con la PA (burocrazia) \u00e8 pari a 57,2 miliardi di euro (Fonte: The European House Ambrosetti);<\/p>\n<p>i debiti commerciali di parte corrente della nostra PA nei confronti dei propri fornitori ammontano a 55,6 miliardi di euro (Fonte: Eurostat);<\/p>\n<p>la lentezza della giustizia costa al Paese 2 punti di Pil l\u2019anno, ovvero 40 miliardi di euro (Fonte: Carlo Nordio, Ministro della Giustizia del governo presieduto da Giorgia Meloni);<br \/>\nil deficit logistico-infrastrutturale penalizza il nostro sistema economico per un importo di 40 miliardi di euro all\u2019anno (Fonte: Ministero delle Infrastrutture e dei Trasporti);<\/p>\n<p>gli sprechi nella sanit\u00e0 cubano oltre 21 miliardi di euro (Fonte: GIMBE);<\/p>\n<p>gli sprechi e le inefficienze presenti nel settore del trasporto pubblico locale ammontano a 12,5 miliardi di euro all\u2019anno (Fonte: The European House Ambrosetti-Ferrovie dello Stato) (vedi Tab. 3).<br \/>\nE\u2019 evidente che questi malfunzionamenti, tratti da fonti diverse, non si possono sommare, innanzitutto perch\u00e9 sono riferiti ad anni diversi e in secondo luogo perch\u00e9 in alcuni casi le aree di queste analisi si sovrappongono. Tuttavia, queste accortezze non pregiudicano la correttezza della riflessione espressa. Ovvero, che l\u2019ammontare degli effetti generati dal cattivo funzionamento della nostra PA ha dimensioni tali da ritenerla responsabile del livello di arretratezza che caratterizza la nostra macchina pubblica rispetto a quelle dei nostri principali competitor commerciali (Francia, Germania, Spagna, etc.).<\/p>\n<p>&nbsp;<\/p>\n<p class=\"p1\"><em>(1) Secondo uno studio The European House Ambrosetti il sistema imprenditoriale italiano spende quasi 57,2 miliardi di euro per la gestione dei rapporti con la PA (adempimenti, permessi e tutte le altre pratiche burocratiche).<\/em><\/p>\n<p class=\"p1\"><em>(2) Eurostat, Note on stock of liabilities of trade credits and advances, april 2022.<\/em><\/p>\n<p class=\"p1\"><em>(3) Ministero delle Infrastrutture e dei Trasporti, Connettere l\u2019Italia, Roma 2016.<\/em><\/p>\n<p class=\"p1\"><em>(4) Carlo Nordio, Relazione del Ministro della Giustizia sull\u2019amministrazione della giustizia e conseguente discussione, Senato della Repubblica, Roma, 18 gennaio 2023.<\/em><\/p>\n<p class=\"p1\"><em>(5) Nino Cartabellotta, Il Servizio Sanitario Nazionale compie 40 anni, Gimbe Evidence for Healt, 2018.<\/em><\/p>\n<p class=\"p1\"><em>(6) In uno studio redatto da The European House Ambrosetti e le Ferrovie dello Stato emerge che gli sprechi e le inefficienze presenti nel settore del trasporto pubblico locale ammontano a 12 miliardi di euro; lo studio ipotizza che il sistema delle citt\u00e0 metropolitane italiane si allinei, in termini di efficienza, ai best case europei (frequenza, capillarit\u00e0, qualit\u00e0, velocit\u00e0 commerciale, ecc.); in questo senso si otterrebbero vantaggi per quasi 10 miliardi di euro in termini di tempo risparmiato\/decongestionamento e di 2,5 miliardi per benefici ambientali.<\/em><\/p>\n<p>&nbsp;<\/p>\n<p>&nbsp;<\/p>\n<hr \/>\n<p>&nbsp;<\/p>\n<blockquote>\n<h2>CHE SORPRESA A PASQUA!<\/h2>\n<blockquote>\n<h3><em>LA SCUOLA DI SCI E SNOWBOARD EQUIPE FALCADE PROMUOVE OFFERTE&#8230;DA GIORNI DI FESTA<\/em><\/h3>\n<p>audio<\/p>\n<audio class=\"wp-audio-shortcode\" id=\"audio-329442-9\" preload=\"none\" style=\"width: 100%;\" controls=\"controls\"><source type=\"audio\/mpeg\" src=\"https:\/\/www.radiopiu.net\/wordpress\/wp-content\/uploads\/2023\/03\/scuola-sci-falcade-c-Copia.mp3?_=9\" \/><a href=\"https:\/\/www.radiopiu.net\/wordpress\/wp-content\/uploads\/2023\/03\/scuola-sci-falcade-c-Copia.mp3\">https:\/\/www.radiopiu.net\/wordpress\/wp-content\/uploads\/2023\/03\/scuola-sci-falcade-c-Copia.mp3<\/a><\/audio><\/blockquote>\n<\/blockquote>\n<p><strong>FINO AL 10 APRILE<\/strong>, SUPER SUN: prenota 3 ore di lezione privata paghi solo 2 ore <strong>DAL 6 AL 10 APRILE,<\/strong> corso collettivo per\u00a0 bambini ed adulti\u00a0 tutti i livelli\u00a0 dalle 10 alle 13 \u2013 non \u00e8 obbligatoria l\u2019iscrizione per tutti i 5 giorni si accettano prenotazione anche parziali pasqua a FALCADE, LE VANTAGGIOSE PROPOSTE DELLA SCUOLA SCI E SNOWBOARD EQUIPE FALCADE INFO 0437\/599616 \u2013 mail <a href=\"mailto:info@scuolasciequipe.it\">info@scuolasciequipe.it<\/a><\/p>\n\n\t\t\t<style type='text\/css'>\n\t\t\t\t#gallery-15 {\n\t\t\t\t\tmargin: auto;\n\t\t\t\t}\n\t\t\t\t#gallery-15 .gallery-item {\n\t\t\t\t\tfloat: left;\n\t\t\t\t\tmargin-top: 10px;\n\t\t\t\t\ttext-align: center;\n\t\t\t\t\twidth: 50%;\n\t\t\t\t}\n\t\t\t\t#gallery-15 img {\n\t\t\t\t\tborder: 2px solid #cfcfcf;\n\t\t\t\t}\n\t\t\t\t#gallery-15 .gallery-caption {\n\t\t\t\t\tmargin-left: 0;\n\t\t\t\t}\n\t\t\t\t\/* see gallery_shortcode() in wp-includes\/media.php *\/\n\t\t\t<\/style>\n\t\t<div id='gallery-15' class='dt-gallery-container gallery galleryid-329442 gallery-columns-2 gallery-size-thumbnail'><dl class='gallery-item'>\n\t\t\t\t<dt class='gallery-icon portrait'>\n\t\t\t\t\t<a class=\"rollover rollover-zoom dt-pswp-item\" title=\"Corso di pasqua 2023\" data-dt-img-description=\"\" data-large_image_width=\"1810\" data-large_image_height=\"2560\"href='https:\/\/www.radiopiu.net\/wordpress\/wp-content\/uploads\/2023\/03\/Corso-di-pasqua-2023-scaled.jpg'><img loading=\"lazy\" decoding=\"async\" width=\"150\" height=\"150\" src=\"https:\/\/www.radiopiu.net\/wordpress\/wp-content\/uploads\/2023\/03\/Corso-di-pasqua-2023-150x150.jpg\" class=\"attachment-thumbnail size-thumbnail\" alt=\"\" \/><\/a>\n\t\t\t\t<\/dt><\/dl><dl class='gallery-item'>\n\t\t\t\t<dt class='gallery-icon landscape'>\n\t\t\t\t\t<a class=\"rollover rollover-zoom dt-pswp-item\" title=\"EQUIPE SUPER SUN 2023\" data-dt-img-description=\"\" data-large_image_width=\"2067\" data-large_image_height=\"738\"href='https:\/\/www.radiopiu.net\/wordpress\/wp-content\/uploads\/2023\/03\/EQUIPE-SUPER-SUN-2023.jpg'><img loading=\"lazy\" decoding=\"async\" width=\"150\" height=\"150\" src=\"https:\/\/www.radiopiu.net\/wordpress\/wp-content\/uploads\/2023\/03\/EQUIPE-SUPER-SUN-2023-150x150.jpg\" class=\"attachment-thumbnail size-thumbnail\" alt=\"\" \/><\/a>\n\t\t\t\t<\/dt><\/dl><br style=\"clear: both\" \/>\n\t\t\t<\/div>\n\n<p>&nbsp;<\/p>\n<hr \/>\n<p>&nbsp;<\/p>\n<blockquote>\n<h3><a class=\"dt-pswp-item\" href=\"https:\/\/www.radiopiu.net\/wordpress\/wp-content\/uploads\/2023\/03\/316804783_587411910051783_8683170444582843741_n.jpg\" data-dt-img-description=\"\" data-large_image_width=\"1440\" data-large_image_height=\"1440\"><img loading=\"lazy\" decoding=\"async\" class=\"wp-image-329033 alignleft\" src=\"https:\/\/www.radiopiu.net\/wordpress\/wp-content\/uploads\/2023\/03\/316804783_587411910051783_8683170444582843741_n-300x300.jpg\" alt=\"\" width=\"157\" height=\"157\" srcset=\"https:\/\/www.radiopiu.net\/wordpress\/wp-content\/uploads\/2023\/03\/316804783_587411910051783_8683170444582843741_n-300x300.jpg 300w, https:\/\/www.radiopiu.net\/wordpress\/wp-content\/uploads\/2023\/03\/316804783_587411910051783_8683170444582843741_n-1024x1024.jpg 1024w, https:\/\/www.radiopiu.net\/wordpress\/wp-content\/uploads\/2023\/03\/316804783_587411910051783_8683170444582843741_n-150x150.jpg 150w, https:\/\/www.radiopiu.net\/wordpress\/wp-content\/uploads\/2023\/03\/316804783_587411910051783_8683170444582843741_n-768x768.jpg 768w, https:\/\/www.radiopiu.net\/wordpress\/wp-content\/uploads\/2023\/03\/316804783_587411910051783_8683170444582843741_n.jpg 1440w\" sizes=\"auto, (max-width: 157px) 100vw, 157px\" \/><\/a>PER NON BRUCIARE LA CARNE AL BARBECUE&#8230; I CORSI DI GARDEN DOLOMITI<\/h3>\n<\/blockquote>\n<p><strong>L&#8217;INTERVISTA A JO&#8230;<\/strong><\/p>\n<p><strong>di mirko mezzacasa<\/strong><\/p>\n<audio class=\"wp-audio-shortcode\" id=\"audio-329442-10\" preload=\"none\" style=\"width: 100%;\" controls=\"controls\"><source type=\"audio\/mpeg\" src=\"https:\/\/www.radiopiu.net\/wordpress\/wp-content\/uploads\/2023\/03\/la-grigliata-di-jo.mp3?_=10\" \/><a href=\"https:\/\/www.radiopiu.net\/wordpress\/wp-content\/uploads\/2023\/03\/la-grigliata-di-jo.mp3\">https:\/\/www.radiopiu.net\/wordpress\/wp-content\/uploads\/2023\/03\/la-grigliata-di-jo.mp3<\/a><\/audio>\n<p><strong>LO SPOT ALLA RADIO<\/strong><\/p>\n<audio class=\"wp-audio-shortcode\" id=\"audio-329442-11\" preload=\"none\" style=\"width: 100%;\" controls=\"controls\"><source type=\"audio\/mpeg\" src=\"https:\/\/www.radiopiu.net\/wordpress\/wp-content\/uploads\/2023\/03\/dolomiti-garden-1-c.mp3?_=11\" \/><a href=\"https:\/\/www.radiopiu.net\/wordpress\/wp-content\/uploads\/2023\/03\/dolomiti-garden-1-c.mp3\">https:\/\/www.radiopiu.net\/wordpress\/wp-content\/uploads\/2023\/03\/dolomiti-garden-1-c.mp3<\/a><\/audio>\n<p>&nbsp;<\/p>\n<hr \/>\n<p>&nbsp;<\/p>\n<p>&nbsp;<\/p>\n<p><strong>Abbraccio\u00a0<\/strong><\/p>\n<p><strong>di\u00a0 JOHN FRANCIS DELLA PIETRA<\/strong><\/p>\n<p>Che emozione<br \/>\nNel nuovo inizio di stagione<br \/>\nGi\u00e0 dal mattino lo sguardo all ins\u00f9<br \/>\nPer salir in alto lass\u00f9<br \/>\nPrima attraverso i boschi<br \/>\nPoi su per sentieri erti e tosti<br \/>\nSino a transitare sull erba secca<br \/>\nO su qualche macchia di neve vecchia<br \/>\nInfine quando con la mano la roccia puoi toccare<br \/>\nTi senti cos\u00ec leggero che ti pare di volare<br \/>\nE mentre attorno meravigliato sull infinito giri la testa<br \/>\nT accorgi che col loro sorriso ti fanno festa<br \/>\nBentornato<br \/>\nQui sei sempre benvenuto<br \/>\nPoche silenti parole<br \/>\nDei nostri monti a chi ascoltar l\u00ec vuole<br \/>\nChe bello fra loro ritornare<br \/>\nSempre pronti a saperti abbracciare<\/p>\n<p>&nbsp;<\/p>\n\n\t\t\t<style type='text\/css'>\n\t\t\t\t#gallery-16 {\n\t\t\t\t\tmargin: auto;\n\t\t\t\t}\n\t\t\t\t#gallery-16 .gallery-item {\n\t\t\t\t\tfloat: left;\n\t\t\t\t\tmargin-top: 10px;\n\t\t\t\t\ttext-align: center;\n\t\t\t\t\twidth: 25%;\n\t\t\t\t}\n\t\t\t\t#gallery-16 img {\n\t\t\t\t\tborder: 2px solid #cfcfcf;\n\t\t\t\t}\n\t\t\t\t#gallery-16 .gallery-caption {\n\t\t\t\t\tmargin-left: 0;\n\t\t\t\t}\n\t\t\t\t\/* see gallery_shortcode() in wp-includes\/media.php *\/\n\t\t\t<\/style>\n\t\t<div id='gallery-16' class='dt-gallery-container gallery galleryid-329442 gallery-columns-4 gallery-size-thumbnail'><dl class='gallery-item'>\n\t\t\t\t<dt class='gallery-icon portrait'>\n\t\t\t\t\t<a class=\"rollover rollover-zoom dt-pswp-item\" title=\"397480f1-a9c6-4da3-ac3a-bc71c5eab528\" data-dt-img-description=\"\" data-large_image_width=\"1500\" data-large_image_height=\"2000\"href='https:\/\/www.radiopiu.net\/wordpress\/wp-content\/uploads\/2023\/04\/397480f1-a9c6-4da3-ac3a-bc71c5eab528.jpg'><img loading=\"lazy\" decoding=\"async\" width=\"150\" height=\"150\" src=\"https:\/\/www.radiopiu.net\/wordpress\/wp-content\/uploads\/2023\/04\/397480f1-a9c6-4da3-ac3a-bc71c5eab528-150x150.jpg\" class=\"attachment-thumbnail size-thumbnail\" alt=\"\" \/><\/a>\n\t\t\t\t<\/dt><\/dl><dl class='gallery-item'>\n\t\t\t\t<dt class='gallery-icon landscape'>\n\t\t\t\t\t<a class=\"rollover rollover-zoom dt-pswp-item\" title=\"71483324-d985-4f98-a28b-39497415a2b2\" data-dt-img-description=\"\" data-large_image_width=\"2000\" data-large_image_height=\"1500\"href='https:\/\/www.radiopiu.net\/wordpress\/wp-content\/uploads\/2023\/04\/71483324-d985-4f98-a28b-39497415a2b2.jpg'><img loading=\"lazy\" decoding=\"async\" width=\"150\" height=\"150\" src=\"https:\/\/www.radiopiu.net\/wordpress\/wp-content\/uploads\/2023\/04\/71483324-d985-4f98-a28b-39497415a2b2-150x150.jpg\" class=\"attachment-thumbnail size-thumbnail\" alt=\"\" \/><\/a>\n\t\t\t\t<\/dt><\/dl><dl class='gallery-item'>\n\t\t\t\t<dt class='gallery-icon landscape'>\n\t\t\t\t\t<a class=\"rollover rollover-zoom dt-pswp-item\" title=\"77590154-5f4d-4ff8-ac62-519becaaafa7\" data-dt-img-description=\"\" data-large_image_width=\"2000\" data-large_image_height=\"1500\"href='https:\/\/www.radiopiu.net\/wordpress\/wp-content\/uploads\/2023\/04\/77590154-5f4d-4ff8-ac62-519becaaafa7.jpg'><img loading=\"lazy\" decoding=\"async\" width=\"150\" height=\"150\" src=\"https:\/\/www.radiopiu.net\/wordpress\/wp-content\/uploads\/2023\/04\/77590154-5f4d-4ff8-ac62-519becaaafa7-150x150.jpg\" class=\"attachment-thumbnail size-thumbnail\" alt=\"\" \/><\/a>\n\t\t\t\t<\/dt><\/dl><dl class='gallery-item'>\n\t\t\t\t<dt class='gallery-icon landscape'>\n\t\t\t\t\t<a class=\"rollover rollover-zoom dt-pswp-item\" title=\"a39286f8-41ed-494c-9371-9e5d216b3d87\" data-dt-img-description=\"\" data-large_image_width=\"2000\" data-large_image_height=\"1500\"href='https:\/\/www.radiopiu.net\/wordpress\/wp-content\/uploads\/2023\/04\/a39286f8-41ed-494c-9371-9e5d216b3d87.jpg'><img loading=\"lazy\" decoding=\"async\" width=\"150\" height=\"150\" src=\"https:\/\/www.radiopiu.net\/wordpress\/wp-content\/uploads\/2023\/04\/a39286f8-41ed-494c-9371-9e5d216b3d87-150x150.jpg\" class=\"attachment-thumbnail size-thumbnail\" alt=\"\" \/><\/a>\n\t\t\t\t<\/dt><\/dl><br style=\"clear: both\" \/>\n\t\t\t<\/div>\n\n<p>&nbsp;<\/p>\n<p>&nbsp;<\/p>\n<p>&nbsp;<\/p>\n<hr \/>\n<p>&nbsp;<\/p>\n<p>&nbsp;<\/p>\n<blockquote class=\"wp-embedded-content\" data-secret=\"5FN5zIQsji\"><p><a href=\"https:\/\/www.radiopiu.net\/wordpress\/a-danzarfortuna-2023-la-lotteria-dellada-ecco-i-biglietti-vincenti\/\">A DANZARFORTUNA 2023,  LA LOTTERIA DELL&#8217;ADA ECCO I BIGLIETTI VINCENTI<\/a><\/p><\/blockquote>\n<p><iframe loading=\"lazy\" class=\"wp-embedded-content\" sandbox=\"allow-scripts\" security=\"restricted\" style=\"position: absolute; clip: rect(1px, 1px, 1px, 1px);\" title=\"&#8220;A DANZARFORTUNA 2023,  LA LOTTERIA DELL&#8217;ADA ECCO I BIGLIETTI VINCENTI&#8221; &#8212; Radio Pi\u00f9\" src=\"https:\/\/www.radiopiu.net\/wordpress\/a-danzarfortuna-2023-la-lotteria-dellada-ecco-i-biglietti-vincenti\/embed\/#?secret=mms17KIhlh#?secret=5FN5zIQsji\" data-secret=\"5FN5zIQsji\" width=\"600\" height=\"338\" frameborder=\"0\" marginwidth=\"0\" marginheight=\"0\" scrolling=\"no\"><\/iframe><\/p>\n<p>&nbsp;<\/p>\n<p>&nbsp;<\/p>\n<hr \/>\n<p>&nbsp;<\/p>\n<blockquote>\n<h3>L&#8217;ASSEMBLEA DELLA CROCE BIANCA DI LIVINALLONGO<\/h3>\n<\/blockquote>\n<p><strong>LIVINALLONGO<\/strong> E&#8217; in programma il 14 aprile alle 19:30\u00a0 l&#8217;assemblea generale della Croce Bianca Livinallongo. I soci si ritroveranno alla sala Bo\u00e8 di Arabba per parlare del resoconto delle attivit\u00e0 dello scorso anno, l&#8217;elezione dei delegati e l&#8217;intervento del responsabile gruppo giovani. L&#8217;occasione anche per consegnare le onorificenze e per un momento conviviale.<\/p>\n<p>&nbsp;<\/p>\n<p>&nbsp;<\/p>\n<hr \/>\n<p>&nbsp;<\/p>\n<blockquote>\n<h3>PASQUA IN VALLE DEL BIOIS<\/h3>\n<\/blockquote>\n<p><strong>VALLE DEL BIOIS<\/strong> Sono tre gli appuntamenti in programma nel fine settimana di Pasqua in Valle del Biois. Domenica 9 aprile a Canale D&#8217;Agordo il Tiro Al Vof con chiosco a cura dell&#8217;Hockey Club Canale. Luned\u00ec 10 aprile a Falcade il mercatino di Pasquetta e alle 11:30 nel giardino del Festil la caccia alle uova per bambini dai 3 agli 11 anni.<\/p>\n<p>&nbsp;<\/p>\n<p>&nbsp;<\/p>\n<hr \/>\n<p>&nbsp;<\/p>\n<blockquote>\n<h3>LA PESCA DI BENEFICENZA A CENCENIGHE<\/h3>\n<\/blockquote>\n<p><strong>CENCENIGHE<\/strong> Il Gruppo Insieme Si Pu\u00f2 di Cencenighe organizza per i giorni 8, 9, 10 aprile la pesca di beneficenza agli ex garage della canonica. Si potr\u00e0 accedere dalle 9 alle 12 e dalle 15 alle 19.<\/p>\n<p>&nbsp;<\/p>\n<p>&nbsp;<\/p>\n<hr \/>\n<p>&nbsp;<\/p>\n<blockquote>\n<h3>IN PARADISUM CON LE MUSE E LE DOLOMITI<\/h3>\n<\/blockquote>\n<p><strong>CANALE D&#8217;AGORDO<\/strong> E&#8217; in programma per luned\u00ec 10 aprile, nella chiesa arcipretale di Canale D&#8217;Agordo, il concerto vocale sacro teatrale &#8220;In Paradisum&#8221;. Inizio alle 21 con ingresso libero<\/p>\n<p>&nbsp;<\/p>\n<hr \/>\n<p>&nbsp;<\/p>\n<p><a class=\"dt-pswp-item\" href=\"https:\/\/www.radiopiu.net\/wordpress\/wp-content\/uploads\/2023\/04\/b1bf1822-4f84-4ed4-a6e2-a57970fb96b8.jpg\" data-dt-img-description=\"\" data-large_image_width=\"842\" data-large_image_height=\"1191\"><img loading=\"lazy\" decoding=\"async\" class=\"size-medium wp-image-329676 aligncenter\" src=\"https:\/\/www.radiopiu.net\/wordpress\/wp-content\/uploads\/2023\/04\/b1bf1822-4f84-4ed4-a6e2-a57970fb96b8-212x300.jpg\" alt=\"\" width=\"212\" height=\"300\" srcset=\"https:\/\/www.radiopiu.net\/wordpress\/wp-content\/uploads\/2023\/04\/b1bf1822-4f84-4ed4-a6e2-a57970fb96b8-212x300.jpg 212w, https:\/\/www.radiopiu.net\/wordpress\/wp-content\/uploads\/2023\/04\/b1bf1822-4f84-4ed4-a6e2-a57970fb96b8-724x1024.jpg 724w, https:\/\/www.radiopiu.net\/wordpress\/wp-content\/uploads\/2023\/04\/b1bf1822-4f84-4ed4-a6e2-a57970fb96b8-768x1086.jpg 768w, https:\/\/www.radiopiu.net\/wordpress\/wp-content\/uploads\/2023\/04\/b1bf1822-4f84-4ed4-a6e2-a57970fb96b8.jpg 842w\" sizes=\"auto, (max-width: 212px) 100vw, 212px\" \/><\/a><\/p>\n<p>&nbsp;<\/p>\n<hr \/>\n<p>&nbsp;<\/p>\n<p>&nbsp;<\/p>\n<blockquote>\n<h3>DAL DIRETTORE AI PRIMI PRESIDI: I PROTAGONISTI DELLA SCUOLA INDUSTRIALE \u201cGIROLAMO SEGATO\u201d<\/h3>\n<\/blockquote>\n<p><strong>di Renato Bona<\/strong><\/p>\n<p>Nell\u2019ottobre del 2005 Luigi Rivis, con la preziosa collaborazione di Paolo Conte e Dino Bridda dava alle stampe (tipografia Piave) per conto di Assindustria Belluno (e col patrocinio, contributo e sostegno di vari enti ed aziende) il pregevole volume intitolato: \u201cBelluno 1905-2005: un secolo dell\u2019Istituto Tecnico Industriale \u201cGirolamo Segato\u201d, presentato dall\u2019allora preside, Gerardo Cavaliero; dal sindaco, Ermano De Col; dal presidente della Provincia, Sergio Reolon; da Celeste Bortoluzzi, presidente di Assindustria Belluno; da Carlo Cavalet, presidente del Collegio dei periti industriali laureati di Belluno. Nel capitolo \u201cI protagonisti della Scuola\u201d giusto spazio \u00e8 riservato ad un po\u2019 di storia \u201cDal Direttore ai primi Presidi\u201d e viene ricordato dall\u2019autore che \u201cAll\u2019atto della fondazione della Regia Scuola industriale, al vertice organizzativo e didattico compariva la figura del Direttore, incarico che fu assolto dal 1905 al 1936 dall\u2019ing, Sartori\u201d. Il suo &#8211; specifica Rivis &#8211; fu il periodo pi\u00f9 lungo di dirigenza, ben 31 anni, mai eguagliato nel corso di questo secolo di vita della scuola. Nato a Bologna il 7 ottobre 1871, Sartori fu, tra l\u2019altro, collaboratore di Guglielmo Marconi, Allo scoppio della Grande Guerra fu mobilitato anche per la direzione del laboratorio di riparazione armi portatili nella Scuola di Belluno da lui diretta. Nel 1926 re Vittorio Emanuele III decret\u00f2 che gli fosse attribuita la qualifica di direttore titolare stabile dell\u2019Istituto, con delega all\u2019insegnamento di tecnologia, estimo, organizzazione di cantiere e direzione laboratori e officine. Lasci\u00f2 l\u2019incarico dirigenziale del \u201cSegato\u201d il 21 ottobre 1936, per raggiunti limiti di et\u00e0 e fino al termine dell\u2019anno fu sostituito dal vice preside prof, Stefano Vanzetta in attesa del preside che sarebbe stato l\u2019ing. Aldo Polettini,di Belvedere Marittimo in provincia di Cosenza. Questi prese possesso della presidenza del \u201cSegato\u201d l\u20191 gennaio 1937 e \u201cresse l\u2019incarico con fermezza e grande impegno e seppe dare notevole impulso all\u2019attivit\u00e0 didattica degli insegnanti, che guid\u00f2 con metodi fermi e persuasivi, tanto \u00e8 vero che . risulta da alcuni documenti e relazioni dell\u2019anno1937-38 &#8211; gli fu riconosciuto che in pochissimi mesi fu in grado di realizzare notevoli trasformazioni dell\u2019Istituto portandolo ad un grado molto superiore\u201d. Per i suoi meriti scientifici e didattici il consiglio di amministrazione \u201cravvis\u00f2 l\u2019opportunit\u00e0 di un pubblico riconoscimento e infatti nel 1938 fu nominato cavaliere dell\u2019Ordine Al merito della Corona d\u2019Italia\u201d. E siamo al 1. novembre 1939 quando il Ministero per l\u2019educazione firm\u00f2 il decreto di nomina a nuovo preside dell\u2019ing. Ubaldo Bracalenti, all\u2019epoca vice preside e insegnante a Fermo, la sua citt\u00e0 natale. Solo il 12 dicembre Bracalenti pot\u00e9 raggiungere la sede di Belluno ma le incombenze legate al suo impegno militare non gli consentirono di fermarvisi. Rimase infatti in zona operazioni in Albania fino al giugno 1940. Chiamato per ben due volte a prestigiosi incarichi alla Direzione generale dell\u2019Istruzione tecnica, rifiut\u00f2 per rimanere a Belluno dove resse la presidenza del \u201cSegato\u201d per ben 28 anni, fino al 1967 quando tagli\u00f2 il traguardo dei 70 anni di et\u00e0. Per la sua brillante carriera scolastica e per il valore dimostrato di stimato e capace dirigente fu nominato commendatore dell\u2019Ordine al merito della Repubblica e ricevette la medaglia d\u2019oro dei benemeriti della scuola, cultura ed arte. Dopo la sua \u201cera\u201d vari fattori &#8211; ricorda Rivis in conclusione &#8211; contribuirono a far s\u00ec che il \u2018turn over\u2019 dei presidi prima e dei dirigenti poi diventasse pi\u00f9 frequente per ragioni di ordine burocratico, normativo e ordinamentale dell\u2019intero sistema scolastico italiano\u201d. Infatti per poco pi\u00f9 di 60 anni si succedettero solo tre dirigenti mentre per i restanti 40 l\u2019albo ne annovera ben 10\u201d.<\/p>\n\n\t\t\t<style type='text\/css'>\n\t\t\t\t#gallery-17 {\n\t\t\t\t\tmargin: auto;\n\t\t\t\t}\n\t\t\t\t#gallery-17 .gallery-item {\n\t\t\t\t\tfloat: left;\n\t\t\t\t\tmargin-top: 10px;\n\t\t\t\t\ttext-align: center;\n\t\t\t\t\twidth: 20%;\n\t\t\t\t}\n\t\t\t\t#gallery-17 img {\n\t\t\t\t\tborder: 2px solid #cfcfcf;\n\t\t\t\t}\n\t\t\t\t#gallery-17 .gallery-caption {\n\t\t\t\t\tmargin-left: 0;\n\t\t\t\t}\n\t\t\t\t\/* see gallery_shortcode() in wp-includes\/media.php *\/\n\t\t\t<\/style>\n\t\t<div id='gallery-17' class='dt-gallery-container gallery galleryid-329442 gallery-columns-5 gallery-size-thumbnail'><dl class='gallery-item'>\n\t\t\t\t<dt class='gallery-icon landscape'>\n\t\t\t\t\t<a class=\"rollover rollover-zoom dt-pswp-item\" title=\"336674558_1179424159602452_3598521886788879345_n\" data-dt-img-description=\"\" data-large_image_width=\"635\" data-large_image_height=\"403\"href='https:\/\/www.radiopiu.net\/wordpress\/wp-content\/uploads\/2023\/04\/336674558_1179424159602452_3598521886788879345_n.jpg'><img loading=\"lazy\" decoding=\"async\" width=\"150\" height=\"150\" src=\"https:\/\/www.radiopiu.net\/wordpress\/wp-content\/uploads\/2023\/04\/336674558_1179424159602452_3598521886788879345_n-150x150.jpg\" class=\"attachment-thumbnail size-thumbnail\" alt=\"\" \/><\/a>\n\t\t\t\t<\/dt><\/dl><dl class='gallery-item'>\n\t\t\t\t<dt class='gallery-icon landscape'>\n\t\t\t\t\t<a class=\"rollover rollover-zoom dt-pswp-item\" title=\"336743118_1149904609744499_6804147643425255616_n\" data-dt-img-description=\"\" data-large_image_width=\"552\" data-large_image_height=\"403\"href='https:\/\/www.radiopiu.net\/wordpress\/wp-content\/uploads\/2023\/04\/336743118_1149904609744499_6804147643425255616_n.jpg'><img loading=\"lazy\" decoding=\"async\" width=\"150\" height=\"150\" src=\"https:\/\/www.radiopiu.net\/wordpress\/wp-content\/uploads\/2023\/04\/336743118_1149904609744499_6804147643425255616_n-150x150.jpg\" class=\"attachment-thumbnail size-thumbnail\" alt=\"\" \/><\/a>\n\t\t\t\t<\/dt><\/dl><dl class='gallery-item'>\n\t\t\t\t<dt class='gallery-icon portrait'>\n\t\t\t\t\t<a class=\"rollover rollover-zoom dt-pswp-item\" title=\"336679797_1404075207020545_1959016185769512204_n\" data-dt-img-description=\"\" data-large_image_width=\"316\" data-large_image_height=\"403\"href='https:\/\/www.radiopiu.net\/wordpress\/wp-content\/uploads\/2023\/04\/336679797_1404075207020545_1959016185769512204_n.jpg'><img loading=\"lazy\" decoding=\"async\" width=\"150\" height=\"150\" src=\"https:\/\/www.radiopiu.net\/wordpress\/wp-content\/uploads\/2023\/04\/336679797_1404075207020545_1959016185769512204_n-150x150.jpg\" class=\"attachment-thumbnail size-thumbnail\" alt=\"\" \/><\/a>\n\t\t\t\t<\/dt><\/dl><dl class='gallery-item'>\n\t\t\t\t<dt class='gallery-icon landscape'>\n\t\t\t\t\t<a class=\"rollover rollover-zoom dt-pswp-item\" title=\"336677769_1401545220603680_4709701324391895462_n\" data-dt-img-description=\"\" data-large_image_width=\"640\" data-large_image_height=\"403\"href='https:\/\/www.radiopiu.net\/wordpress\/wp-content\/uploads\/2023\/04\/336677769_1401545220603680_4709701324391895462_n.jpg'><img loading=\"lazy\" decoding=\"async\" width=\"150\" height=\"150\" src=\"https:\/\/www.radiopiu.net\/wordpress\/wp-content\/uploads\/2023\/04\/336677769_1401545220603680_4709701324391895462_n-150x150.jpg\" class=\"attachment-thumbnail size-thumbnail\" alt=\"\" \/><\/a>\n\t\t\t\t<\/dt><\/dl><dl class='gallery-item'>\n\t\t\t\t<dt class='gallery-icon portrait'>\n\t\t\t\t\t<a class=\"rollover rollover-zoom dt-pswp-item\" title=\"336660025_1252661888995067_8288186820466586734_n\" data-dt-img-description=\"\" data-large_image_width=\"320\" data-large_image_height=\"461\"href='https:\/\/www.radiopiu.net\/wordpress\/wp-content\/uploads\/2023\/04\/336660025_1252661888995067_8288186820466586734_n.jpg'><img loading=\"lazy\" decoding=\"async\" width=\"150\" height=\"150\" src=\"https:\/\/www.radiopiu.net\/wordpress\/wp-content\/uploads\/2023\/04\/336660025_1252661888995067_8288186820466586734_n-150x150.jpg\" class=\"attachment-thumbnail size-thumbnail\" alt=\"\" \/><\/a>\n\t\t\t\t<\/dt><\/dl><br style=\"clear: both\" \/><dl class='gallery-item'>\n\t\t\t\t<dt class='gallery-icon landscape'>\n\t\t\t\t\t<a class=\"rollover rollover-zoom dt-pswp-item\" title=\"336660421_168794682746862_1362716034657117734_n\" data-dt-img-description=\"\" data-large_image_width=\"581\" data-large_image_height=\"403\"href='https:\/\/www.radiopiu.net\/wordpress\/wp-content\/uploads\/2023\/04\/336660421_168794682746862_1362716034657117734_n.jpg'><img loading=\"lazy\" decoding=\"async\" width=\"150\" height=\"150\" src=\"https:\/\/www.radiopiu.net\/wordpress\/wp-content\/uploads\/2023\/04\/336660421_168794682746862_1362716034657117734_n-150x150.jpg\" class=\"attachment-thumbnail size-thumbnail\" alt=\"\" \/><\/a>\n\t\t\t\t<\/dt><\/dl><dl class='gallery-item'>\n\t\t\t\t<dt class='gallery-icon landscape'>\n\t\t\t\t\t<a class=\"rollover rollover-zoom dt-pswp-item\" title=\"336719529_1386004155567637_5837415246579128336_n\" data-dt-img-description=\"\" data-large_image_width=\"717\" data-large_image_height=\"403\"href='https:\/\/www.radiopiu.net\/wordpress\/wp-content\/uploads\/2023\/04\/336719529_1386004155567637_5837415246579128336_n.jpg'><img loading=\"lazy\" decoding=\"async\" width=\"150\" height=\"150\" src=\"https:\/\/www.radiopiu.net\/wordpress\/wp-content\/uploads\/2023\/04\/336719529_1386004155567637_5837415246579128336_n-150x150.jpg\" class=\"attachment-thumbnail size-thumbnail\" alt=\"\" \/><\/a>\n\t\t\t\t<\/dt><\/dl><dl class='gallery-item'>\n\t\t\t\t<dt class='gallery-icon portrait'>\n\t\t\t\t\t<a class=\"rollover rollover-zoom dt-pswp-item\" title=\"336662164_598248969016628_5203783287115629498_n\" data-dt-img-description=\"\" data-large_image_width=\"307\" data-large_image_height=\"403\"href='https:\/\/www.radiopiu.net\/wordpress\/wp-content\/uploads\/2023\/04\/336662164_598248969016628_5203783287115629498_n.jpg'><img loading=\"lazy\" decoding=\"async\" width=\"150\" height=\"150\" src=\"https:\/\/www.radiopiu.net\/wordpress\/wp-content\/uploads\/2023\/04\/336662164_598248969016628_5203783287115629498_n-150x150.jpg\" class=\"attachment-thumbnail size-thumbnail\" alt=\"\" \/><\/a>\n\t\t\t\t<\/dt><\/dl><dl class='gallery-item'>\n\t\t\t\t<dt class='gallery-icon portrait'>\n\t\t\t\t\t<a class=\"rollover rollover-zoom dt-pswp-item\" title=\"336874430_9279671568740934_4147690186402694026_n\" data-dt-img-description=\"\" data-large_image_width=\"320\" data-large_image_height=\"453\"href='https:\/\/www.radiopiu.net\/wordpress\/wp-content\/uploads\/2023\/04\/336874430_9279671568740934_4147690186402694026_n.jpg'><img loading=\"lazy\" decoding=\"async\" width=\"150\" height=\"150\" src=\"https:\/\/www.radiopiu.net\/wordpress\/wp-content\/uploads\/2023\/04\/336874430_9279671568740934_4147690186402694026_n-150x150.jpg\" class=\"attachment-thumbnail size-thumbnail\" alt=\"\" \/><\/a>\n\t\t\t\t<\/dt><\/dl><dl class='gallery-item'>\n\t\t\t\t<dt class='gallery-icon landscape'>\n\t\t\t\t\t<a class=\"rollover rollover-zoom dt-pswp-item\" title=\"336793378_515678610721315_8152741994806983041_n\" data-dt-img-description=\"\" data-large_image_width=\"566\" data-large_image_height=\"403\"href='https:\/\/www.radiopiu.net\/wordpress\/wp-content\/uploads\/2023\/04\/336793378_515678610721315_8152741994806983041_n.jpg'><img loading=\"lazy\" decoding=\"async\" width=\"150\" height=\"150\" src=\"https:\/\/www.radiopiu.net\/wordpress\/wp-content\/uploads\/2023\/04\/336793378_515678610721315_8152741994806983041_n-150x150.jpg\" class=\"attachment-thumbnail size-thumbnail\" alt=\"\" \/><\/a>\n\t\t\t\t<\/dt><\/dl><br style=\"clear: both\" \/><dl class='gallery-item'>\n\t\t\t\t<dt class='gallery-icon landscape'>\n\t\t\t\t\t<a class=\"rollover rollover-zoom dt-pswp-item\" title=\"336697866_3756563291300135_7816824360213467708_n\" data-dt-img-description=\"\" data-large_image_width=\"639\" data-large_image_height=\"403\"href='https:\/\/www.radiopiu.net\/wordpress\/wp-content\/uploads\/2023\/04\/336697866_3756563291300135_7816824360213467708_n.jpg'><img loading=\"lazy\" decoding=\"async\" width=\"150\" height=\"150\" src=\"https:\/\/www.radiopiu.net\/wordpress\/wp-content\/uploads\/2023\/04\/336697866_3756563291300135_7816824360213467708_n-150x150.jpg\" class=\"attachment-thumbnail size-thumbnail\" alt=\"\" \/><\/a>\n\t\t\t\t<\/dt><\/dl><dl class='gallery-item'>\n\t\t\t\t<dt class='gallery-icon landscape'>\n\t\t\t\t\t<a class=\"rollover rollover-zoom dt-pswp-item\" title=\"336666581_715346676990377_1225172591263768219_n\" data-dt-img-description=\"\" data-large_image_width=\"552\" data-large_image_height=\"401\"href='https:\/\/www.radiopiu.net\/wordpress\/wp-content\/uploads\/2023\/04\/336666581_715346676990377_1225172591263768219_n.jpg'><img loading=\"lazy\" decoding=\"async\" width=\"150\" height=\"150\" src=\"https:\/\/www.radiopiu.net\/wordpress\/wp-content\/uploads\/2023\/04\/336666581_715346676990377_1225172591263768219_n-150x150.jpg\" class=\"attachment-thumbnail size-thumbnail\" alt=\"\" \/><\/a>\n\t\t\t\t<\/dt><\/dl><dl class='gallery-item'>\n\t\t\t\t<dt class='gallery-icon landscape'>\n\t\t\t\t\t<a class=\"rollover rollover-zoom dt-pswp-item\" title=\"336826640_6060153400740464_4800527946816816606_n\" data-dt-img-description=\"\" data-large_image_width=\"617\" data-large_image_height=\"403\"href='https:\/\/www.radiopiu.net\/wordpress\/wp-content\/uploads\/2023\/04\/336826640_6060153400740464_4800527946816816606_n.jpg'><img loading=\"lazy\" decoding=\"async\" width=\"150\" height=\"150\" src=\"https:\/\/www.radiopiu.net\/wordpress\/wp-content\/uploads\/2023\/04\/336826640_6060153400740464_4800527946816816606_n-150x150.jpg\" class=\"attachment-thumbnail size-thumbnail\" alt=\"\" \/><\/a>\n\t\t\t\t<\/dt><\/dl><dl class='gallery-item'>\n\t\t\t\t<dt class='gallery-icon landscape'>\n\t\t\t\t\t<a class=\"rollover rollover-zoom dt-pswp-item\" title=\"329883823_735007511439910_585870673604560574_n\" data-dt-img-description=\"\" data-large_image_width=\"613\" data-large_image_height=\"403\"href='https:\/\/www.radiopiu.net\/wordpress\/wp-content\/uploads\/2023\/04\/329883823_735007511439910_585870673604560574_n.jpg'><img loading=\"lazy\" decoding=\"async\" width=\"150\" height=\"150\" src=\"https:\/\/www.radiopiu.net\/wordpress\/wp-content\/uploads\/2023\/04\/329883823_735007511439910_585870673604560574_n-150x150.jpg\" class=\"attachment-thumbnail size-thumbnail\" alt=\"\" \/><\/a>\n\t\t\t\t<\/dt><\/dl><dl class='gallery-item'>\n\t\t\t\t<dt class='gallery-icon portrait'>\n\t\t\t\t\t<a class=\"rollover rollover-zoom dt-pswp-item\" title=\"336681644_239530081882262_6101722391812332161_n\" data-dt-img-description=\"\" data-large_image_width=\"320\" data-large_image_height=\"465\"href='https:\/\/www.radiopiu.net\/wordpress\/wp-content\/uploads\/2023\/04\/336681644_239530081882262_6101722391812332161_n.jpg'><img loading=\"lazy\" decoding=\"async\" width=\"150\" height=\"150\" src=\"https:\/\/www.radiopiu.net\/wordpress\/wp-content\/uploads\/2023\/04\/336681644_239530081882262_6101722391812332161_n-150x150.jpg\" class=\"attachment-thumbnail size-thumbnail\" alt=\"\" \/><\/a>\n\t\t\t\t<\/dt><\/dl><br style=\"clear: both\" \/>\n\t\t\t<\/div>\n\n<p>&nbsp;<\/p>\n<p>NELLE FOTO (riproduzioni dal libro di Luigi Rivis): il laboratorio di fisica nei primi anni della scuola; Guglielmo Sartori con gli allievi periti elettrotecnici del 4. anno nel novembre 1942; copertina di un libro del preside Polettini; licenziandi in visita di studio al costruendo ponte sul Piave ad inizio1926; copertina di un libro di Ubaldo Bracalenti; il preside Bracalenti con gli allievi della quinta elettrotecnici ed alcuni insegnanti in occasione di una gita a Monaco di Baviera nel 1963; 1998: la targa che ricorda Bracalenti in una delle sale di Palazzo Crepadona; copertina di un manuale tecnico di Arturo Massenz; la collana dei manuali dello stesso autore; Adriano Barcelloni Corte premia un allievo del corso serale per muratori a fine anno scolastico 1954-55; esterno del collegio salesiano nel 1925, verso l\u2019attuale Piazza Piloni, dove fino al 1956 erano alloggiati allievi dell\u2019Istituto (collezione Laura Zanolli); primi anni 20: licenziandi elettromeccanici alla centrale di Fadalto; e ad un\u2019altra centrale idroelettrica nella stessa epoca; lavori per la costruzione delle saline di Araya, in Venezuela.<\/p>\n<p>&nbsp;<\/p>\n<p>&nbsp;<\/p>\n<hr \/>\n<p>&nbsp;<\/p>\n<h2><strong><a class=\"dt-pswp-item\" href=\"https:\/\/www.radiopiu.net\/wordpress\/wp-content\/uploads\/2020\/12\/DON-GIORGIO-LISE.jpg\" data-dt-img-description=\"\" data-large_image_width=\"1600\" data-large_image_height=\"901\"><img loading=\"lazy\" decoding=\"async\" class=\" wp-image-177420 alignleft\" src=\"https:\/\/www.radiopiu.net\/wordpress\/wp-content\/uploads\/2020\/12\/DON-GIORGIO-LISE-300x169.jpg\" alt=\"\" width=\"181\" height=\"102\" srcset=\"https:\/\/www.radiopiu.net\/wordpress\/wp-content\/uploads\/2020\/12\/DON-GIORGIO-LISE-300x169.jpg 300w, https:\/\/www.radiopiu.net\/wordpress\/wp-content\/uploads\/2020\/12\/DON-GIORGIO-LISE-1024x577.jpg 1024w, https:\/\/www.radiopiu.net\/wordpress\/wp-content\/uploads\/2020\/12\/DON-GIORGIO-LISE-768x432.jpg 768w, https:\/\/www.radiopiu.net\/wordpress\/wp-content\/uploads\/2020\/12\/DON-GIORGIO-LISE-1536x865.jpg 1536w, https:\/\/www.radiopiu.net\/wordpress\/wp-content\/uploads\/2020\/12\/DON-GIORGIO-LISE.jpg 1600w\" sizes=\"auto, (max-width: 181px) 100vw, 181px\" \/><\/a><\/strong><span style=\"color: #800080;\">DUE MINUTI PER TE<\/span><\/h2>\n<p><strong>APPUNTAMENTO DELLA DOMENICA CON IL PENSIERO DI MONSIGNOR GIORGIO LISE<\/strong><\/p>\n<audio class=\"wp-audio-shortcode\" id=\"audio-329442-12\" preload=\"none\" style=\"width: 100%;\" controls=\"controls\"><source type=\"audio\/mpeg\" src=\"https:\/\/www.radiopiu.net\/wordpress\/wp-content\/uploads\/2023\/04\/DON-GIORGIO.mp3?_=12\" \/><a href=\"https:\/\/www.radiopiu.net\/wordpress\/wp-content\/uploads\/2023\/04\/DON-GIORGIO.mp3\">https:\/\/www.radiopiu.net\/wordpress\/wp-content\/uploads\/2023\/04\/DON-GIORGIO.mp3<\/a><\/audio>\n<p>&nbsp;<\/p>\n<hr \/>\n<p>&nbsp;<\/p>\n<div>\n<div class=\"b654a4as d2edcug0\">\n<div class=\"rq0escxv hkbzh7o3 jwdofwj8 n8tt0mok r8blr3vg hyh9befq\">\n<p><a class=\"dt-pswp-item\" href=\"https:\/\/www.radiopiu.net\/wordpress\/wp-content\/uploads\/2020\/10\/pp.jpg\" data-dt-img-description=\"\" data-large_image_width=\"640\" data-large_image_height=\"640\"><img loading=\"lazy\" decoding=\"async\" class=\"wp-image-163678 alignleft\" src=\"https:\/\/www.radiopiu.net\/wordpress\/wp-content\/uploads\/2020\/10\/pp-300x300.jpg\" alt=\"\" width=\"106\" height=\"106\" srcset=\"https:\/\/www.radiopiu.net\/wordpress\/wp-content\/uploads\/2020\/10\/pp-300x300.jpg 300w, https:\/\/www.radiopiu.net\/wordpress\/wp-content\/uploads\/2020\/10\/pp-150x150.jpg 150w, https:\/\/www.radiopiu.net\/wordpress\/wp-content\/uploads\/2020\/10\/pp-125x125.jpg 125w, https:\/\/www.radiopiu.net\/wordpress\/wp-content\/uploads\/2020\/10\/pp-200x200.jpg 200w, https:\/\/www.radiopiu.net\/wordpress\/wp-content\/uploads\/2020\/10\/pp-80x80.jpg 80w, https:\/\/www.radiopiu.net\/wordpress\/wp-content\/uploads\/2020\/10\/pp-480x480.jpg 480w, https:\/\/www.radiopiu.net\/wordpress\/wp-content\/uploads\/2020\/10\/pp.jpg 640w\" sizes=\"auto, (max-width: 106px) 100vw, 106px\" \/><\/a><\/p>\n<\/div>\n<\/div>\n<\/div>\n<div>\n<div class=\"page-title-head hgroup\">\n<div class=\"page-title-head hgroup\">\n<div class=\"b654a4as d2edcug0\">\n<div class=\"j83agx80 btwxx1t3 lhclo0ds hop8lmos nkwizq5d scwd0bx6 roh60bw9\">\n<div class=\"rq0escxv hkbzh7o3 jwdofwj8 n8tt0mok r8blr3vg hyh9befq\">\n<div class=\"do00u71z l9j0dhe7 k4urcfbm\" style=\"text-align: left;\">\n<h2><span style=\"color: #000080;\">DON CESARE, IL PENSIERO DEL GIORNO. ALLA RADIO ALLE 7 DEL MATTINO E ALLE 19.30 DELLA SERA\u00a0<\/span><\/h2>\n<\/div>\n<\/div>\n<\/div>\n<\/div>\n<\/div>\n<\/div>\n<\/div>\n<audio class=\"wp-audio-shortcode\" id=\"audio-329442-13\" preload=\"none\" style=\"width: 100%;\" controls=\"controls\"><source type=\"audio\/mpeg\" src=\"https:\/\/www.radiopiu.net\/wordpress\/wp-content\/uploads\/2023\/04\/CESARE-1.mp3?_=13\" \/><a href=\"https:\/\/www.radiopiu.net\/wordpress\/wp-content\/uploads\/2023\/04\/CESARE-1.mp3\">https:\/\/www.radiopiu.net\/wordpress\/wp-content\/uploads\/2023\/04\/CESARE-1.mp3<\/a><\/audio>\n<p>&nbsp;<\/p>\n<p>&nbsp;<\/p>\n<hr \/>\n<p>&nbsp;<\/p>\n<h2><span style=\"color: #ff00ff;\">IN VIVO VERSO\u00a0 \u00a0 <\/span><\/h2>\n<p><strong>LA RACCOLTA COMPLETA<\/strong><\/p>\n<div dir=\"auto\">\n<div dir=\"auto\">\n<div dir=\"auto\">\n<div dir=\"auto\">\n<div dir=\"auto\">\n<div dir=\"auto\">\n<blockquote class=\"wp-embedded-content\" data-secret=\"i9qlvDsPxa\"><p><a href=\"https:\/\/www.radiopiu.net\/wordpress\/in-vivo-verso\/\">In Vivo Verso<\/a><\/p><\/blockquote>\n<p><iframe loading=\"lazy\" class=\"wp-embedded-content\" sandbox=\"allow-scripts\" security=\"restricted\" style=\"position: absolute; clip: rect(1px, 1px, 1px, 1px);\" title=\"&#8220;In Vivo Verso&#8221; &#8212; Radio Pi\u00f9\" src=\"https:\/\/www.radiopiu.net\/wordpress\/in-vivo-verso\/embed\/#?secret=mPflQN4xZ3#?secret=i9qlvDsPxa\" data-secret=\"i9qlvDsPxa\" width=\"600\" height=\"338\" frameborder=\"0\" marginwidth=\"0\" marginheight=\"0\" scrolling=\"no\"><\/iframe><\/p>\n<\/div>\n<\/div>\n<\/div>\n<\/div>\n<\/div>\n<\/div>\n<p>&nbsp;<\/p>\n<hr \/>\n<p>&nbsp;<\/p>\n<h2><span style=\"color: #008080;\">GOCCE DI FILOSOFIA\u00a0<\/span><\/h2>\n<div class=\"page-title-head hgroup\"><\/div>\n<blockquote class=\"wp-embedded-content\" data-secret=\"dTfVeoK1lU\"><p><a href=\"https:\/\/www.radiopiu.net\/wordpress\/gocce-filosofia\/\">Gocce di filosofia,  LA TERZA STAGIONE&#8230; 2023<\/a><\/p><\/blockquote>\n<p><iframe loading=\"lazy\" class=\"wp-embedded-content\" sandbox=\"allow-scripts\" security=\"restricted\" style=\"position: absolute; clip: rect(1px, 1px, 1px, 1px);\" title=\"&#8220;Gocce di filosofia,  LA TERZA STAGIONE&#8230; 2023&#8221; &#8212; Radio Pi\u00f9\" src=\"https:\/\/www.radiopiu.net\/wordpress\/gocce-filosofia\/embed\/#?secret=Udx37Edll4#?secret=dTfVeoK1lU\" data-secret=\"dTfVeoK1lU\" width=\"600\" height=\"338\" frameborder=\"0\" marginwidth=\"0\" marginheight=\"0\" scrolling=\"no\"><\/iframe><\/p>\n<p>&nbsp;<\/p>\n<p>&nbsp;<\/p>\n<hr \/>\n<p>&nbsp;<\/p>\n<p><strong>LA RACCOLTA COMPLETA<\/strong><\/p>\n<blockquote class=\"wp-embedded-content\" data-secret=\"n74UGdxc3O\"><p><a href=\"https:\/\/www.radiopiu.net\/wordpress\/ama-dolomiti-lidap-lega-italiana-contro-i-disturbi-di-attacchi-di-panico-puntata-del-13-marzo-2023\/\">AMA DOLOMITI -&#8220;MICHELA E L&#8217;ASSOCIAZIONE ITALIANA TUTELA SALUTE MENTALE DI BELLUNO&#8221; &#8211; PUNTATA DEL 27 MARZO 2023<\/a><\/p><\/blockquote>\n<p><iframe loading=\"lazy\" class=\"wp-embedded-content\" sandbox=\"allow-scripts\" security=\"restricted\" style=\"position: absolute; clip: rect(1px, 1px, 1px, 1px);\" title=\"&#8220;AMA DOLOMITI -&#8220;MICHELA E L&#8217;ASSOCIAZIONE ITALIANA TUTELA SALUTE MENTALE DI BELLUNO&#8221; &#8211; PUNTATA DEL 27 MARZO 2023&#8221; &#8212; Radio Pi\u00f9\" src=\"https:\/\/www.radiopiu.net\/wordpress\/ama-dolomiti-lidap-lega-italiana-contro-i-disturbi-di-attacchi-di-panico-puntata-del-13-marzo-2023\/embed\/#?secret=OvLCih0crj#?secret=n74UGdxc3O\" data-secret=\"n74UGdxc3O\" width=\"600\" height=\"338\" frameborder=\"0\" marginwidth=\"0\" marginheight=\"0\" scrolling=\"no\"><\/iframe><\/p>\n<p>&nbsp;<\/p>\n<p>&nbsp;<\/p>\n<p>&nbsp;<\/p>\n<hr \/>\n<p>&nbsp;<\/p>\n<div class=\"column\">\n<p><img loading=\"lazy\" decoding=\"async\" class=\"aligncenter wp-image-61954 size-full\" src=\"https:\/\/www.radiopiu.net\/wordpress\/wp-content\/uploads\/2018\/09\/viabilita.jpeg\" sizes=\"auto, (max-width: 800px) 100vw, 800px\" srcset=\"https:\/\/www.radiopiu.net\/wordpress\/wp-content\/uploads\/2018\/09\/viabilita.jpeg 800w, https:\/\/www.radiopiu.net\/wordpress\/wp-content\/uploads\/2018\/09\/viabilita-300x38.jpeg 300w, https:\/\/www.radiopiu.net\/wordpress\/wp-content\/uploads\/2018\/09\/viabilita-768x96.jpeg 768w\" alt=\"\" width=\"800\" height=\"100\" \/><\/p>\n<p>&nbsp;<\/p>\n<blockquote class=\"wp-embedded-content\" data-secret=\"ss2aCfg7wi\"><p><a href=\"https:\/\/www.radiopiu.net\/wordpress\/viabilita\/\">viabilita<\/a><\/p><\/blockquote>\n<p><iframe loading=\"lazy\" class=\"wp-embedded-content\" sandbox=\"allow-scripts\" security=\"restricted\" style=\"position: absolute; clip: rect(1px, 1px, 1px, 1px);\" title=\"&#8220;viabilita&#8221; &#8212; Radio Pi\u00f9\" src=\"https:\/\/www.radiopiu.net\/wordpress\/viabilita\/embed\/#?secret=u0hMh5oL41#?secret=ss2aCfg7wi\" data-secret=\"ss2aCfg7wi\" width=\"600\" height=\"338\" frameborder=\"0\" marginwidth=\"0\" marginheight=\"0\" scrolling=\"no\"><\/iframe><\/p>\n<div>\n<div dir=\"ltr\">\n<div class=\"gmail_quote\">\n<div dir=\"ltr\">\n<div class=\"gmail_quote\"><\/div>\n<\/div>\n<\/div>\n<\/div>\n<\/div>\n<p>&nbsp;<\/p>\n<hr \/>\n<p>&nbsp;<\/p>\n<p><a class=\"dt-pswp-item\" href=\"https:\/\/www.radiopiu.net\/wordpress\/wp-content\/uploads\/2018\/09\/WhatsApp-Image-2018-09-20-at-16.04.06.jpeg\" data-dt-img-description=\"\" data-large_image_width=\"800\" data-large_image_height=\"100\"><img loading=\"lazy\" decoding=\"async\" class=\"wp-image-61378 size-full aligncenter\" src=\"https:\/\/www.radiopiu.net\/wordpress\/wp-content\/uploads\/2018\/09\/WhatsApp-Image-2018-09-20-at-16.04.06.jpeg\" alt=\"\" width=\"800\" height=\"100\" srcset=\"https:\/\/www.radiopiu.net\/wordpress\/wp-content\/uploads\/2018\/09\/WhatsApp-Image-2018-09-20-at-16.04.06.jpeg 800w, https:\/\/www.radiopiu.net\/wordpress\/wp-content\/uploads\/2018\/09\/WhatsApp-Image-2018-09-20-at-16.04.06-300x38.jpeg 300w, https:\/\/www.radiopiu.net\/wordpress\/wp-content\/uploads\/2018\/09\/WhatsApp-Image-2018-09-20-at-16.04.06-768x96.jpeg 768w\" sizes=\"auto, (max-width: 800px) 100vw, 800px\" \/><\/a><\/p>\n<p>&nbsp;<\/p>\n<\/div>\n<p><center><\/center><center><b>OGGI<\/b><\/center><b>Tempo atteso: <\/b>Su Dolomiti sereno con aria tersa ed ottima visibilit\u00e0. Su Prealpi sereno o poco nuvoloso al mattino sui settori occidentali, nel pomeriggio sviluppo di addensamenti.<br \/>\n<b>Precipitazioni: <\/b>Nel pomeriggio possibile qualche isolato rovescio o temporale su Prealpi, specie settori occidentali. (20-50 %).Limite neve a 1100-1400 m.<br \/>\n<b>Temperature: <\/b>Temperature in generale diminuzione con minime raggiunte in serata.<\/p>\n<hr \/>\n<p><center><b>DOMANI<\/b><\/center><b>Tempo atteso: <\/b>Sereno con cielo terso ed ottima visibilit\u00e0 fino a met\u00e0 pomeriggio. Verso sera irregolare aumento della nuvolosit\u00e0.<br \/>\n<b>Precipitazioni: <\/b>Assenti.<br \/>\n<b>Temperature: <\/b>Temperature in ulteriore generale calo con valori ben al di sotto della media.<\/p>\n<hr \/>\n<p><center><b>MERCOLEDI<\/b><\/center>Evoluzione incerta: nuvolosit\u00e0 variabile a tratti estesa dalle ore centrali. Seppur poco probabili, non esclusi deboli o debolissimi fenomeni specie nella seconda parte della giornata e su Prealpi. Temperature in ulteriore lieve calo con valori ben al di sotto della media.<\/p>\n<hr \/>\n<p><center><b>GIOVEDI<\/b><\/center>Residua variabilit\u00e0 fino al primo mattino su Prealpi ovest, poi schiarite via via pi\u00f9 ampie. Temperature in generale lieve aumento ma ancora ben al di sotto della media<\/p>\n<p>&nbsp;<\/p>\n<hr \/>\n<p>&nbsp;<\/p>\n<p><a class=\"dt-pswp-item\" href=\"https:\/\/www.radiopiu.net\/wordpress\/wp-content\/uploads\/2018\/09\/sport.jpg\" data-dt-img-description=\"\" data-large_image_width=\"800\" data-large_image_height=\"100\"><img loading=\"lazy\" decoding=\"async\" class=\"aligncenter wp-image-60761 size-full\" src=\"https:\/\/www.radiopiu.net\/wordpress\/wp-content\/uploads\/2018\/09\/sport.jpg\" alt=\"\" width=\"800\" height=\"100\" srcset=\"https:\/\/www.radiopiu.net\/wordpress\/wp-content\/uploads\/2018\/09\/sport.jpg 800w, https:\/\/www.radiopiu.net\/wordpress\/wp-content\/uploads\/2018\/09\/sport-300x38.jpg 300w, https:\/\/www.radiopiu.net\/wordpress\/wp-content\/uploads\/2018\/09\/sport-768x96.jpg 768w\" sizes=\"auto, (max-width: 800px) 100vw, 800px\" \/><\/a><\/p>\n<p>&nbsp;<\/p>\n<p><span style=\"color: #0000ff;\"><strong>CALCIO<\/strong><\/span><\/p>\n<blockquote>\n<h3>L&#8217;AGORDINA SPRECA UN&#8217;OCCASIONE D&#8217;ORO CONTRO LA JUVENTINA<\/h3>\n<\/blockquote>\n<p><strong><a class=\"dt-pswp-item\" href=\"https:\/\/www.radiopiu.net\/wordpress\/wp-content\/uploads\/2021\/11\/CALCIO-2021.jpg\" data-dt-img-description=\"\" data-large_image_width=\"2560\" data-large_image_height=\"1707\"><img loading=\"lazy\" decoding=\"async\" class=\" wp-image-242798 alignleft\" src=\"https:\/\/www.radiopiu.net\/wordpress\/wp-content\/uploads\/2021\/11\/CALCIO-2021-300x200.jpg\" alt=\"\" width=\"179\" height=\"119\" srcset=\"https:\/\/www.radiopiu.net\/wordpress\/wp-content\/uploads\/2021\/11\/CALCIO-2021-300x200.jpg 300w, https:\/\/www.radiopiu.net\/wordpress\/wp-content\/uploads\/2021\/11\/CALCIO-2021-1024x683.jpg 1024w, https:\/\/www.radiopiu.net\/wordpress\/wp-content\/uploads\/2021\/11\/CALCIO-2021-768x512.jpg 768w, https:\/\/www.radiopiu.net\/wordpress\/wp-content\/uploads\/2021\/11\/CALCIO-2021-1536x1024.jpg 1536w, https:\/\/www.radiopiu.net\/wordpress\/wp-content\/uploads\/2021\/11\/CALCIO-2021-2048x1366.jpg 2048w\" sizes=\"auto, (max-width: 179px) 100vw, 179px\" \/><\/a>di Marco Gaz<\/strong><\/p>\n<p><strong>SECONDA CATEGORIA GIR. T \/ AGORDINA \u2013 JUVENTINA 1-4<\/strong><\/p>\n<p>Niente da fare. L\u2019Agordina manca il match point per rimanere in corsa per una salvezza matematica e finir\u00e0 la stagione giocando i playout della di Seconda Categoria girone t del Veneto, ma solo se nell\u2019ultima giornata l\u2019Agordina fa punti altrimenti \u00e8 retrocessione. La squadra allenata da Chenet gioca bene per 70\u2019 per poi crollare e lasciare un\u2019autostrada alla Juventina che incamera i tre punti in palio. Si ritorna in campo tra due settimane e la formazione di Agordo si vedr\u00e0 di fronte il Gemelle per uno scontro da dentro o fuori. Fin dai primi minuti di gioco l\u2019Agordina si fa pericolosa con Ruben Dal Don e Wiesner. Purtroppo le conclusioni dei due agordini non sono precise e il punteggio non si sblocca. Tutto sembra a favore della squadra di Agordo ma la Juventina approfitta della prima disattenzione dei padroni di casa per portarsi in vantaggio. Palla che si schianta sul palo prima che Leonetti la spedisca alle spalle di Chissal\u00e8. Continua a spingere la squadra di Chenet che dopo una serie di tentativi andati a vuoto trova la rete del pareggio con Zannoni che su punizione trova l\u2019angolo giusto. A fine primo tempo l\u2019Agordina continua a creare delle buone occasioni ma il portiere feltrino non si fa superare. Anche nella seconda frazione la squadra di Agordo si fa pericolosa. Cancel serve al centro Del Chin che per un soffio non trova la deviazione vincente. E\u2019 un assedio degli agordini che a momenti rischiano sulle ripartenze della Juventina. L\u2019Agordina sembra calare il ritmo nel finale di gara e gli avversari ne approfittano per portarsi in vantaggio. Accusano il colpo i ragazzi di Chenet che subito dopo subiscono la terza marcatura della giornata. In pieno recupero la Juventina cala il poker.<\/p>\n<p>&nbsp;<\/p>\n<p><strong>GIOVANISSIMI PROVINCIALI \/ PIAVE \u2013 AGORDINA 2-3<\/strong><\/p>\n<p>Si chiude con una vittoria la fase a gironi del campionato Giovanissimi dell\u2019Agordina che, grazie al terzo posto in classifica, si qualifica per i play off che assegneranno la squadra vincente del torneo. Nell&#8217;incontro di sabato, primo tempo gestito con sufficiente disinvoltura dalla squadra allenata da De Bastiani che dopo 7 minuti trova il vantaggio con una perla balistica di Leonardo Favero. Al 20&#8242; arriva la marcatura di Tomas Bressan con un bel tiro che il portiere non riesce a trattenere. Passano solo 2 minuti e l&#8217;Agordina fa il tris con Manuel Soccol, abile a controllare un suggerimento di Bressan e a trafiggere il portiere avversario con un tiro a incrociare. Nel finale di primo tempo arriva il gol dei padroni di casa, maturato su una disattenzione della difesa. Un secondo tempo pi\u00f9 avaro di emozioni, nel finale regala il secondo gol al Piave su calcio di rigore. Dopo la pausa pasquale gli agordini saranno attesi dalla sfida a eliminazione diretta dei quarti di finale.<\/p>\n<p><strong>\u00a0<\/strong><\/p>\n<p><strong>ALLIEVI REGIONALI \/ LOVISPRESIANO \u2013 AGORDINA 1-1<\/strong><\/p>\n<p>Termina con un pareggio la sfida di bassa classifica del campionato regionale Allievi tra Lovispresiano e Agordina. Un punto a testa e squadre che rimangono in fondo alla graduatoria a pari punti. Una partita giocata alla pari dalle due formazioni con un risultato finale che rispecchia ci\u00f2 che si \u00e8 visto in campo. Dopo pasqua l\u2019ultima partita di campionato per l\u2019Agordina che si trover\u00e0 di fronte il Cavarzano, seconda forza del campionato che lotta per il primo posto in classifica.<\/p>\n<p>&nbsp;<\/p>\n<p><strong>JUNIORES PROVINCIALI \/ AGORDINA \u2013 PLAVIS 2-3<\/strong><\/p>\n<p>Si chiude con una sconfitta di misura la stagione regolare della Juniores allenata da De Zaiacomo. All\u2019Ivano Dorigo di Agordo la Plavis la spunta dopo un match giocato bene da entrambe le formazioni. L\u2019Agordina chiude la sfida con una doppietta di Marcon ma gli avversari riescono ad insaccare il pallone in rete per tre volte. Quarta posizione per l\u2019Agordina a parimerito proprio con la Plavis. A dominare il campionato il Limana Cavarzano.<\/p>\n<p>&nbsp;<\/p>\n<p><strong>JUNIORES REGIONALI \/ CAPPELLA MAGGIORE \u2013 FIORI BARP 2-0 <\/strong><\/p>\n<p>Penultima giornata di campionato per la squadra di Mas allenata da De Lazzer. Dalla trasferta in terra trevigiana con il Cappella Maggiore, il Fiori Barp torna a casa a secco di punti. Due a zero il risultato finale della partita valida per il campionato Juniores Regionale. Ora manca solo una giornata alla fine del torneo e i sedicensi si trovano in zona playout grazie alle belle prestazioni delle ultime settimane.<\/p>\n<p>&nbsp;<\/p>\n<p>&nbsp;<\/p>\n<hr \/>\n<p>&nbsp;<\/p>\n<p><span style=\"color: #0000ff;\"><strong>RALLY<\/strong><\/span><\/p>\n<blockquote>\n<h3>L&#8217;EQUIPAGGIO SARTOR-ROCCA SI AGGIUDICA IL RALLY BELLUNESE 2023<\/h3>\n<\/blockquote>\n<p><strong>BORGO VALBELLUNA<\/strong><\/p>\n<p>di Roberto Bona<\/p>\n<audio class=\"wp-audio-shortcode\" id=\"audio-329442-14\" preload=\"none\" style=\"width: 100%;\" controls=\"controls\"><source type=\"audio\/mpeg\" src=\"https:\/\/www.radiopiu.net\/wordpress\/wp-content\/uploads\/2023\/04\/RALLY-BONA.mp3?_=14\" \/><a href=\"https:\/\/www.radiopiu.net\/wordpress\/wp-content\/uploads\/2023\/04\/RALLY-BONA.mp3\">https:\/\/www.radiopiu.net\/wordpress\/wp-content\/uploads\/2023\/04\/RALLY-BONA.mp3<\/a><\/audio>\n\n\t\t\t<style type='text\/css'>\n\t\t\t\t#gallery-18 {\n\t\t\t\t\tmargin: auto;\n\t\t\t\t}\n\t\t\t\t#gallery-18 .gallery-item {\n\t\t\t\t\tfloat: left;\n\t\t\t\t\tmargin-top: 10px;\n\t\t\t\t\ttext-align: center;\n\t\t\t\t\twidth: 50%;\n\t\t\t\t}\n\t\t\t\t#gallery-18 img {\n\t\t\t\t\tborder: 2px solid #cfcfcf;\n\t\t\t\t}\n\t\t\t\t#gallery-18 .gallery-caption {\n\t\t\t\t\tmargin-left: 0;\n\t\t\t\t}\n\t\t\t\t\/* see gallery_shortcode() in wp-includes\/media.php *\/\n\t\t\t<\/style>\n\t\t<div id='gallery-18' class='dt-gallery-container gallery galleryid-329442 gallery-columns-2 gallery-size-medium'><dl class='gallery-item'>\n\t\t\t\t<dt class='gallery-icon landscape'>\n\t\t\t\t\t<a class=\"rollover rollover-zoom dt-pswp-item\" title=\"730b0cfa-92d1-4036-a9a7-59a5732df545\" data-dt-img-description=\"\" data-large_image_width=\"1024\" data-large_image_height=\"768\"href='https:\/\/www.radiopiu.net\/wordpress\/wp-content\/uploads\/2023\/04\/730b0cfa-92d1-4036-a9a7-59a5732df545.jpg'><img loading=\"lazy\" decoding=\"async\" width=\"300\" height=\"225\" src=\"https:\/\/www.radiopiu.net\/wordpress\/wp-content\/uploads\/2023\/04\/730b0cfa-92d1-4036-a9a7-59a5732df545-300x225.jpg\" class=\"attachment-medium size-medium\" alt=\"\" srcset=\"https:\/\/www.radiopiu.net\/wordpress\/wp-content\/uploads\/2023\/04\/730b0cfa-92d1-4036-a9a7-59a5732df545-300x225.jpg 300w, https:\/\/www.radiopiu.net\/wordpress\/wp-content\/uploads\/2023\/04\/730b0cfa-92d1-4036-a9a7-59a5732df545-768x576.jpg 768w, https:\/\/www.radiopiu.net\/wordpress\/wp-content\/uploads\/2023\/04\/730b0cfa-92d1-4036-a9a7-59a5732df545.jpg 1024w\" sizes=\"auto, (max-width: 300px) 100vw, 300px\" \/><\/a>\n\t\t\t\t<\/dt><\/dl><dl class='gallery-item'>\n\t\t\t\t<dt class='gallery-icon landscape'>\n\t\t\t\t\t<a class=\"rollover rollover-zoom dt-pswp-item\" title=\"df12709c-0609-4b35-a6cd-a89ca5e487a8\" data-dt-img-description=\"\" data-large_image_width=\"1024\" data-large_image_height=\"768\"href='https:\/\/www.radiopiu.net\/wordpress\/wp-content\/uploads\/2023\/04\/df12709c-0609-4b35-a6cd-a89ca5e487a8.jpg'><img loading=\"lazy\" decoding=\"async\" width=\"300\" height=\"225\" src=\"https:\/\/www.radiopiu.net\/wordpress\/wp-content\/uploads\/2023\/04\/df12709c-0609-4b35-a6cd-a89ca5e487a8-300x225.jpg\" class=\"attachment-medium size-medium\" alt=\"\" srcset=\"https:\/\/www.radiopiu.net\/wordpress\/wp-content\/uploads\/2023\/04\/df12709c-0609-4b35-a6cd-a89ca5e487a8-300x225.jpg 300w, https:\/\/www.radiopiu.net\/wordpress\/wp-content\/uploads\/2023\/04\/df12709c-0609-4b35-a6cd-a89ca5e487a8-768x576.jpg 768w, https:\/\/www.radiopiu.net\/wordpress\/wp-content\/uploads\/2023\/04\/df12709c-0609-4b35-a6cd-a89ca5e487a8.jpg 1024w\" sizes=\"auto, (max-width: 300px) 100vw, 300px\" \/><\/a>\n\t\t\t\t<\/dt><\/dl><br style=\"clear: both\" \/>\n\t\t\t<\/div>\n\n<p>&nbsp;<\/p>\n<hr \/>\n<p>&nbsp;<\/p>\n<p><span style=\"color: #0000ff;\"><strong>CALCIO A 5<\/strong><\/span><\/p>\n<blockquote>\n<h3>LA CANOTTIERI VINCE CON IL PALMANOVA E ACCEDE AI PLAYOFF<\/h3>\n<\/blockquote>\n<p><strong><a class=\"dt-pswp-item\" href=\"https:\/\/www.radiopiu.net\/wordpress\/wp-content\/uploads\/2023\/04\/339411728_532294719068657_6381822984604372923_n.jpg\" data-dt-img-description=\"\" data-large_image_width=\"2048\" data-large_image_height=\"1449\"><img loading=\"lazy\" decoding=\"async\" class=\" wp-image-329519 alignleft\" src=\"https:\/\/www.radiopiu.net\/wordpress\/wp-content\/uploads\/2023\/04\/339411728_532294719068657_6381822984604372923_n-300x212.jpg\" alt=\"\" width=\"170\" height=\"120\" srcset=\"https:\/\/www.radiopiu.net\/wordpress\/wp-content\/uploads\/2023\/04\/339411728_532294719068657_6381822984604372923_n-300x212.jpg 300w, https:\/\/www.radiopiu.net\/wordpress\/wp-content\/uploads\/2023\/04\/339411728_532294719068657_6381822984604372923_n-1024x725.jpg 1024w, https:\/\/www.radiopiu.net\/wordpress\/wp-content\/uploads\/2023\/04\/339411728_532294719068657_6381822984604372923_n-768x543.jpg 768w, https:\/\/www.radiopiu.net\/wordpress\/wp-content\/uploads\/2023\/04\/339411728_532294719068657_6381822984604372923_n-1536x1087.jpg 1536w, https:\/\/www.radiopiu.net\/wordpress\/wp-content\/uploads\/2023\/04\/339411728_532294719068657_6381822984604372923_n.jpg 2048w\" sizes=\"auto, (max-width: 170px) 100vw, 170px\" \/><\/a><span style=\"color: #ff0000;\">SERIE B &#8211; GIRONE B<\/span><\/strong><\/p>\n<p><strong>CANOTTIERI BELLUNO &#8211; PALMANOVA 7-2<\/strong><\/p>\n<p>Matematico accesso ai playoff che portano all&#8217;A2 per i biancobl\u00f9 di Bortolini.<\/p>\n<p>RETI: Storti, 2 Reolon, 2 Gheno, 2 Bortolini.<\/p>\n<p><strong>IL SERVIZIO DI ANTONIO FIABANE, PORTAVOCE DELLA CANOTTIERI BELLUNO<\/strong><\/p>\n<audio class=\"wp-audio-shortcode\" id=\"audio-329442-15\" preload=\"none\" style=\"width: 100%;\" controls=\"controls\"><source type=\"audio\/mpeg\" src=\"https:\/\/www.radiopiu.net\/wordpress\/wp-content\/uploads\/2023\/04\/CANOTTIERI-SITO.mp3?_=15\" \/><a href=\"https:\/\/www.radiopiu.net\/wordpress\/wp-content\/uploads\/2023\/04\/CANOTTIERI-SITO.mp3\">https:\/\/www.radiopiu.net\/wordpress\/wp-content\/uploads\/2023\/04\/CANOTTIERI-SITO.mp3<\/a><\/audio>\n<p>&nbsp;<\/p>\n<hr \/>\n<p>&nbsp;<\/p>\n<p><span style=\"color: #0000ff;\"><strong>CORSA CAMPESTRE<\/strong><\/span><\/p>\n<blockquote>\n<h3>MANUELA BULF CAMPIONESSA ITALIANA CSI DI CORSA CAMPESTRE<\/h3>\n<\/blockquote>\n<p><strong>di Marco Gaz<\/strong><\/p>\n<p><strong>REDAZIONE<\/strong> Continua a stupire Manuela Bulf che incamera risultati importanti uno dietro l&#8217;altro. L&#8217;atleta di Taibon in forza all&#8217;Atletica Agordina si \u00e8 aggiudicata il titolo di Campionessa Italiana CSI di corsa campestre. I campionati italiani sono andati in scena a Tezze sul Brenta in provincia di Vicenza, pi\u00f9 precisamente al Parco Dell&#8217;Amicizia. Un 2023 iniziato con il botto per Manuela che si era laureata campionessa italiana di cross a Chieti. Sabato un&#8217;altra soddisfazione per la mamma di Nogarola.<\/p>\n\n\t\t\t<style type='text\/css'>\n\t\t\t\t#gallery-19 {\n\t\t\t\t\tmargin: auto;\n\t\t\t\t}\n\t\t\t\t#gallery-19 .gallery-item {\n\t\t\t\t\tfloat: left;\n\t\t\t\t\tmargin-top: 10px;\n\t\t\t\t\ttext-align: center;\n\t\t\t\t\twidth: 33%;\n\t\t\t\t}\n\t\t\t\t#gallery-19 img {\n\t\t\t\t\tborder: 2px solid #cfcfcf;\n\t\t\t\t}\n\t\t\t\t#gallery-19 .gallery-caption {\n\t\t\t\t\tmargin-left: 0;\n\t\t\t\t}\n\t\t\t\t\/* see gallery_shortcode() in wp-includes\/media.php *\/\n\t\t\t<\/style>\n\t\t<div id='gallery-19' class='dt-gallery-container gallery galleryid-329442 gallery-columns-3 gallery-size-medium'><dl class='gallery-item'>\n\t\t\t\t<dt class='gallery-icon landscape'>\n\t\t\t\t\t<a class=\"rollover rollover-zoom dt-pswp-item\" title=\"ec44afc7-7249-4643-88e4-05d7b645b451\" data-dt-img-description=\"\" data-large_image_width=\"2048\" data-large_image_height=\"1536\"href='https:\/\/www.radiopiu.net\/wordpress\/wp-content\/uploads\/2023\/04\/ec44afc7-7249-4643-88e4-05d7b645b451.jpg'><img loading=\"lazy\" decoding=\"async\" width=\"300\" height=\"225\" src=\"https:\/\/www.radiopiu.net\/wordpress\/wp-content\/uploads\/2023\/04\/ec44afc7-7249-4643-88e4-05d7b645b451-300x225.jpg\" class=\"attachment-medium size-medium\" alt=\"\" srcset=\"https:\/\/www.radiopiu.net\/wordpress\/wp-content\/uploads\/2023\/04\/ec44afc7-7249-4643-88e4-05d7b645b451-300x225.jpg 300w, https:\/\/www.radiopiu.net\/wordpress\/wp-content\/uploads\/2023\/04\/ec44afc7-7249-4643-88e4-05d7b645b451-1024x768.jpg 1024w, https:\/\/www.radiopiu.net\/wordpress\/wp-content\/uploads\/2023\/04\/ec44afc7-7249-4643-88e4-05d7b645b451-768x576.jpg 768w, https:\/\/www.radiopiu.net\/wordpress\/wp-content\/uploads\/2023\/04\/ec44afc7-7249-4643-88e4-05d7b645b451-1536x1152.jpg 1536w, https:\/\/www.radiopiu.net\/wordpress\/wp-content\/uploads\/2023\/04\/ec44afc7-7249-4643-88e4-05d7b645b451.jpg 2048w\" sizes=\"auto, (max-width: 300px) 100vw, 300px\" \/><\/a>\n\t\t\t\t<\/dt><\/dl><dl class='gallery-item'>\n\t\t\t\t<dt class='gallery-icon landscape'>\n\t\t\t\t\t<a class=\"rollover rollover-zoom dt-pswp-item\" title=\"432f7367-eb4d-408f-a892-5ea3d1ee2b54\" data-dt-img-description=\"\" data-large_image_width=\"1600\" data-large_image_height=\"1200\"href='https:\/\/www.radiopiu.net\/wordpress\/wp-content\/uploads\/2023\/04\/432f7367-eb4d-408f-a892-5ea3d1ee2b54.jpg'><img loading=\"lazy\" decoding=\"async\" width=\"300\" height=\"225\" src=\"https:\/\/www.radiopiu.net\/wordpress\/wp-content\/uploads\/2023\/04\/432f7367-eb4d-408f-a892-5ea3d1ee2b54-300x225.jpg\" class=\"attachment-medium size-medium\" alt=\"\" srcset=\"https:\/\/www.radiopiu.net\/wordpress\/wp-content\/uploads\/2023\/04\/432f7367-eb4d-408f-a892-5ea3d1ee2b54-300x225.jpg 300w, https:\/\/www.radiopiu.net\/wordpress\/wp-content\/uploads\/2023\/04\/432f7367-eb4d-408f-a892-5ea3d1ee2b54-1024x768.jpg 1024w, https:\/\/www.radiopiu.net\/wordpress\/wp-content\/uploads\/2023\/04\/432f7367-eb4d-408f-a892-5ea3d1ee2b54-768x576.jpg 768w, https:\/\/www.radiopiu.net\/wordpress\/wp-content\/uploads\/2023\/04\/432f7367-eb4d-408f-a892-5ea3d1ee2b54-1536x1152.jpg 1536w, https:\/\/www.radiopiu.net\/wordpress\/wp-content\/uploads\/2023\/04\/432f7367-eb4d-408f-a892-5ea3d1ee2b54.jpg 1600w\" sizes=\"auto, (max-width: 300px) 100vw, 300px\" \/><\/a>\n\t\t\t\t<\/dt><\/dl><dl class='gallery-item'>\n\t\t\t\t<dt class='gallery-icon landscape'>\n\t\t\t\t\t<a class=\"rollover rollover-zoom dt-pswp-item\" title=\"215f8f91-7cbf-4bfe-b27b-b30ab89893c3\" data-dt-img-description=\"\" data-large_image_width=\"1600\" data-large_image_height=\"1200\"href='https:\/\/www.radiopiu.net\/wordpress\/wp-content\/uploads\/2023\/04\/215f8f91-7cbf-4bfe-b27b-b30ab89893c3.jpg'><img loading=\"lazy\" decoding=\"async\" width=\"300\" height=\"225\" src=\"https:\/\/www.radiopiu.net\/wordpress\/wp-content\/uploads\/2023\/04\/215f8f91-7cbf-4bfe-b27b-b30ab89893c3-300x225.jpg\" class=\"attachment-medium size-medium\" alt=\"\" srcset=\"https:\/\/www.radiopiu.net\/wordpress\/wp-content\/uploads\/2023\/04\/215f8f91-7cbf-4bfe-b27b-b30ab89893c3-300x225.jpg 300w, https:\/\/www.radiopiu.net\/wordpress\/wp-content\/uploads\/2023\/04\/215f8f91-7cbf-4bfe-b27b-b30ab89893c3-1024x768.jpg 1024w, https:\/\/www.radiopiu.net\/wordpress\/wp-content\/uploads\/2023\/04\/215f8f91-7cbf-4bfe-b27b-b30ab89893c3-768x576.jpg 768w, https:\/\/www.radiopiu.net\/wordpress\/wp-content\/uploads\/2023\/04\/215f8f91-7cbf-4bfe-b27b-b30ab89893c3-1536x1152.jpg 1536w, https:\/\/www.radiopiu.net\/wordpress\/wp-content\/uploads\/2023\/04\/215f8f91-7cbf-4bfe-b27b-b30ab89893c3.jpg 1600w\" sizes=\"auto, (max-width: 300px) 100vw, 300px\" \/><\/a>\n\t\t\t\t<\/dt><\/dl><br style=\"clear: both\" \/>\n\t\t\t<\/div>\n\n<p>&nbsp;<\/p>\n<hr \/>\n<p>&nbsp;<\/p>\n<p><span style=\"color: #0000ff;\"><strong>SCI ALPINISMO<\/strong><\/span><\/p>\n<blockquote>\n<h3>MARTINA SCOLA TERZA ALLA SKIMO CUP DI CORTINA<\/h3>\n<\/blockquote>\n<p><strong><a class=\"dt-pswp-item\" href=\"https:\/\/www.radiopiu.net\/wordpress\/wp-content\/uploads\/2023\/04\/SCR-20230401-kjpp.jpeg\" data-dt-img-description=\"\" data-large_image_width=\"1462\" data-large_image_height=\"1102\"><img loading=\"lazy\" decoding=\"async\" class=\" wp-image-329458 alignleft\" src=\"https:\/\/www.radiopiu.net\/wordpress\/wp-content\/uploads\/2023\/04\/SCR-20230401-kjpp-300x226.jpeg\" alt=\"\" width=\"200\" height=\"151\" srcset=\"https:\/\/www.radiopiu.net\/wordpress\/wp-content\/uploads\/2023\/04\/SCR-20230401-kjpp-300x226.jpeg 300w, https:\/\/www.radiopiu.net\/wordpress\/wp-content\/uploads\/2023\/04\/SCR-20230401-kjpp-1024x772.jpeg 1024w, https:\/\/www.radiopiu.net\/wordpress\/wp-content\/uploads\/2023\/04\/SCR-20230401-kjpp-768x579.jpeg 768w, https:\/\/www.radiopiu.net\/wordpress\/wp-content\/uploads\/2023\/04\/SCR-20230401-kjpp.jpeg 1462w\" sizes=\"auto, (max-width: 200px) 100vw, 200px\" \/><\/a>di Marco Gaz<\/strong><\/p>\n<p><strong>CORTINA<\/strong> Inizia nei migliori dei modi la due giorni dedicata allo skialp a Cortina in occasione della Skimo Cup organizzata dalla Fondazione Cortina. In mattinata in gara anche Martina Scola che ha chiuso al terzo posto la Sprint dedicata agli Under 18. La ragazza dello Sci Nordico Marmolada ha conquistato il terzo gradino del podio dopo una gara un p\u00f2 travagliata caratterizzata anche da una caduta per la giovane della Valle del Biois. Una stagione che volge al termine e che Martina sicuramente ricorder\u00e0 a lungo dopo le belle prestazioni a livello italiano ma anche nei mondiali sui Pirenei Spagnoli.<\/p>\n<p><strong>MARTINA SCOLA<\/strong><\/p>\n<audio class=\"wp-audio-shortcode\" id=\"audio-329442-16\" preload=\"none\" style=\"width: 100%;\" controls=\"controls\"><source type=\"audio\/mpeg\" src=\"https:\/\/www.radiopiu.net\/wordpress\/wp-content\/uploads\/2023\/04\/MARTINA-SCOLA.mp3?_=16\" \/><a href=\"https:\/\/www.radiopiu.net\/wordpress\/wp-content\/uploads\/2023\/04\/MARTINA-SCOLA.mp3\">https:\/\/www.radiopiu.net\/wordpress\/wp-content\/uploads\/2023\/04\/MARTINA-SCOLA.mp3<\/a><\/audio>\n<p>&nbsp;<\/p>\n<blockquote>\n<h3>MARTINA SCOLA E ANDREA GASPARI SECONDI AL MIXED RELAY DI CORTINA<\/h3>\n<\/blockquote>\n<p><strong><a class=\"dt-pswp-item\" href=\"https:\/\/www.radiopiu.net\/wordpress\/wp-content\/uploads\/2023\/04\/SCR-20230402-maiq.jpeg\" data-dt-img-description=\"\" data-large_image_width=\"1070\" data-large_image_height=\"818\"><img loading=\"lazy\" decoding=\"async\" class=\" wp-image-329544 alignleft\" src=\"https:\/\/www.radiopiu.net\/wordpress\/wp-content\/uploads\/2023\/04\/SCR-20230402-maiq-300x229.jpeg\" alt=\"\" width=\"135\" height=\"103\" srcset=\"https:\/\/www.radiopiu.net\/wordpress\/wp-content\/uploads\/2023\/04\/SCR-20230402-maiq-300x229.jpeg 300w, https:\/\/www.radiopiu.net\/wordpress\/wp-content\/uploads\/2023\/04\/SCR-20230402-maiq-1024x783.jpeg 1024w, https:\/\/www.radiopiu.net\/wordpress\/wp-content\/uploads\/2023\/04\/SCR-20230402-maiq-768x587.jpeg 768w, https:\/\/www.radiopiu.net\/wordpress\/wp-content\/uploads\/2023\/04\/SCR-20230402-maiq.jpeg 1070w\" sizes=\"auto, (max-width: 135px) 100vw, 135px\" \/><\/a>di Marco Gaz<\/strong><\/p>\n<p><strong>CORTINA<\/strong> Si chiude con un argento al collo di Martina Scola e Andrea Gaspari la gara Mixed Relay under 18 di skialp a Cortina in occasione dello Skimo Cup organizzato dalla Fondazione Cortina. Ancora un ottimo risultato per la giovane falcadina che solo sabato si era aggiudicata il bronzo nell&#8217;individuale<\/p>\n<p>&nbsp;<\/p>\n<p>&nbsp;<\/p>\n<blockquote>\n<h3><span style=\"font-weight: 800;\">ALBA DE SILVESTRO E MICHELE BOSCACCI TRICOLORI DI MIXED RELAY A CORTINA\u00a0<\/span><\/h3>\n<\/blockquote>\n<p><strong><a class=\"dt-pswp-item\" href=\"https:\/\/www.radiopiu.net\/wordpress\/wp-content\/uploads\/2023\/04\/795b6538-078a-9419-bbb4-2d19930f03ba.jpg\" data-dt-img-description=\"\" data-large_image_width=\"1024\" data-large_image_height=\"768\"><img loading=\"lazy\" decoding=\"async\" class=\"wp-image-329637 alignleft\" src=\"https:\/\/www.radiopiu.net\/wordpress\/wp-content\/uploads\/2023\/04\/795b6538-078a-9419-bbb4-2d19930f03ba-300x225.jpg\" alt=\"\" width=\"139\" height=\"104\" srcset=\"https:\/\/www.radiopiu.net\/wordpress\/wp-content\/uploads\/2023\/04\/795b6538-078a-9419-bbb4-2d19930f03ba-300x225.jpg 300w, https:\/\/www.radiopiu.net\/wordpress\/wp-content\/uploads\/2023\/04\/795b6538-078a-9419-bbb4-2d19930f03ba-768x576.jpg 768w, https:\/\/www.radiopiu.net\/wordpress\/wp-content\/uploads\/2023\/04\/795b6538-078a-9419-bbb4-2d19930f03ba.jpg 1024w\" sizes=\"auto, (max-width: 139px) 100vw, 139px\" \/><\/a>CORTINA <\/strong><span style=\"font-weight: 400;\">Dopo la Sprint, la Mixed Relay. Ed \u00e8 stato ancora una volta spettacolo a Cortina d\u2019Ampezzo. Ieri si \u00e8 svolta la gara a squadre, seconda e conclusiva giornata di <\/span>Cortina Skimo Cup<span style=\"font-weight: 400;\">, evento dello sci alpinismo proposto, nell\u2019area Cortina Delicious tra Falzarego e Cinque Torri, da Fondazione Cortina, in stretta sinergia con Guide Alpine Cortina, Scoiattoli Cortina e Sci Club Cortina. Nella gara assoluta, a laurearsi campioni italiani sono stati i due portacolori del Centro sportivo Esercito, nonch\u00e9 moglie e marito, Alba De Silvestro e Michele Boscacci<\/span><\/p>\n<p>&nbsp;<\/p>\n<p>&nbsp;<\/p>\n<hr \/>\n<p>&nbsp;<\/p>\n<p><span style=\"color: #0000ff;\"><strong>SCI NORDICO<\/strong><\/span><\/p>\n<blockquote>\n<h3>LORENZO BUSIN SI AGGIUDICA IL TERZO POSTO NELLA CLASSIFICA GENERALE DELLE SPRINT SKI CLASSIC<\/h3>\n<\/blockquote>\n<p><strong><a class=\"dt-pswp-item\" href=\"https:\/\/www.radiopiu.net\/wordpress\/wp-content\/uploads\/2023\/04\/a2a855f4-3a70-4fed-b858-3a7dcde3906d.jpg\" data-dt-img-description=\"\" data-large_image_width=\"1080\" data-large_image_height=\"763\"><img loading=\"lazy\" decoding=\"async\" class=\" wp-image-329611 alignleft\" src=\"https:\/\/www.radiopiu.net\/wordpress\/wp-content\/uploads\/2023\/04\/a2a855f4-3a70-4fed-b858-3a7dcde3906d-300x212.jpg\" alt=\"\" width=\"178\" height=\"126\" srcset=\"https:\/\/www.radiopiu.net\/wordpress\/wp-content\/uploads\/2023\/04\/a2a855f4-3a70-4fed-b858-3a7dcde3906d-300x212.jpg 300w, https:\/\/www.radiopiu.net\/wordpress\/wp-content\/uploads\/2023\/04\/a2a855f4-3a70-4fed-b858-3a7dcde3906d-1024x723.jpg 1024w, https:\/\/www.radiopiu.net\/wordpress\/wp-content\/uploads\/2023\/04\/a2a855f4-3a70-4fed-b858-3a7dcde3906d-768x543.jpg 768w, https:\/\/www.radiopiu.net\/wordpress\/wp-content\/uploads\/2023\/04\/a2a855f4-3a70-4fed-b858-3a7dcde3906d.jpg 1080w\" sizes=\"auto, (max-width: 178px) 100vw, 178px\" \/><\/a> <\/strong><\/p>\n<p><strong>\u00a0<\/strong><\/p>\n<p><strong>REDAZIONE <\/strong>Gran finale di stagione Ski Classics a Tromso in Norvegia dove il Team Internorm Alpenplus Trentino che con Lorenzo Busin conquista il podio (primo italiano a riuscirci) in una classifica Ski Classics, la Sprint. Bravissimo Lorenzo e un bravo a tutta la squadra che quest&#8217;anno ha regalato vittorie, sorrisi ed emozioni.<\/p>\n<p>&nbsp;<\/p>\n<p>&nbsp;<\/p>\n<p>&nbsp;<\/p>\n<hr \/>\n<p>&nbsp;<\/p>\n<p><span style=\"color: #0000ff;\"><strong>PALLAVOLO<\/strong><\/span><\/p>\n<blockquote>\n<h3>DUE SCONFITTE IN DUE GIORNI PER IL VOLLEY CLUB AGORDINO<\/h3>\n<\/blockquote>\n<p><strong><a class=\"dt-pswp-item\" href=\"https:\/\/www.radiopiu.net\/wordpress\/wp-content\/uploads\/2022\/04\/VOLLEY-CLUB-AGORDINO.jpg\" data-dt-img-description=\"\" data-large_image_width=\"500\" data-large_image_height=\"512\"><img loading=\"lazy\" decoding=\"async\" class=\" wp-image-268787 alignleft\" src=\"https:\/\/www.radiopiu.net\/wordpress\/wp-content\/uploads\/2022\/04\/VOLLEY-CLUB-AGORDINO-293x300.jpg\" alt=\"\" width=\"141\" height=\"144\" srcset=\"https:\/\/www.radiopiu.net\/wordpress\/wp-content\/uploads\/2022\/04\/VOLLEY-CLUB-AGORDINO-293x300.jpg 293w, https:\/\/www.radiopiu.net\/wordpress\/wp-content\/uploads\/2022\/04\/VOLLEY-CLUB-AGORDINO.jpg 500w\" sizes=\"auto, (max-width: 141px) 100vw, 141px\" \/><\/a>di Marco Gaz<\/strong><\/p>\n<p><strong>REDAZIONE <\/strong>Doppia sconfitta per il Volley Club Agordino nel fine settimana. La squadra di De Nardin non riesce a racimolare punti da pi\u00f9 di un mese. Un periodo nero per la compagine di Agordo che in questo momento occupa la parte bassa della classifica e sar\u00e0 costretta a giocarsi i playout per rimanere in prima divisione. Due partite, tra venerd\u00ec e sabato, e due sconfitte. Nella sfida di venerd\u00ec Contro il Trevignano, le ragazze di Agordo non sono mai entrate in partita. Le trevigiane hanno vinto 3 a 1 in un match abbastanza equilibrato. Dopo aver concesso i primi due set alle avversarie, la squadra di De Nardin \u00e8 riuscita a vincere il terzo parziale ma non a rimettersi in gioco nel quarto set. Sabato sera il derby bellunese contro il Castion con le bellunesi che hanno rifilato un secco 3 a 0. Un periodo nero per la squadra di Agordo che proprio nel momento decisivo della stagione non \u00e8 riuscita a mettere in campo la grinta necessaria per assicurarsi la salvezza matematica nel campionato di Prima Divisione di Volley Belluno Treviso. Ora con i suoi 22 punti il Volley Club Agordino \u00e8 costretto a giocarsi il campionato con i playout quando a fine gennaio la compagine di Agordo sembrava essere sulla buona strada per chiudere in bellezza la prima esperienza nel campionato di serie maggiore.<\/p>\n<p><span style=\"color: #ff0000;\"><strong>I RISULTATI DEL FINE SETTIMANA<\/strong><\/span><\/p>\n<p><strong>Venerd\u00ec: TREVIGNANO &#8211; VOLLEY CLUB AGORDINO 3-1 (25-20, 25-18, 19-25, 25-22)<\/strong><\/p>\n<p><strong>Sabato: VOLLEY CLUB AGORDINO &#8211; CASTION 0-3 (19-25, 16-25, 24-26)<\/strong><\/p>\n<p>&nbsp;<\/p>\n<blockquote>\n<h3>LUPE PIEGATE A VERONA<\/h3>\n<\/blockquote>\n<p><b><a class=\"dt-pswp-item\" href=\"https:\/\/www.radiopiu.net\/wordpress\/wp-content\/uploads\/2023\/04\/Nesello_pensieroso.jpg\" data-dt-img-description=\"\" data-large_image_width=\"1280\" data-large_image_height=\"855\"><img loading=\"lazy\" decoding=\"async\" class=\" wp-image-329525 alignleft\" src=\"https:\/\/www.radiopiu.net\/wordpress\/wp-content\/uploads\/2023\/04\/Nesello_pensieroso-300x200.jpg\" alt=\"\" width=\"185\" height=\"123\" srcset=\"https:\/\/www.radiopiu.net\/wordpress\/wp-content\/uploads\/2023\/04\/Nesello_pensieroso-300x200.jpg 300w, https:\/\/www.radiopiu.net\/wordpress\/wp-content\/uploads\/2023\/04\/Nesello_pensieroso-1024x684.jpg 1024w, https:\/\/www.radiopiu.net\/wordpress\/wp-content\/uploads\/2023\/04\/Nesello_pensieroso-768x513.jpg 768w, https:\/\/www.radiopiu.net\/wordpress\/wp-content\/uploads\/2023\/04\/Nesello_pensieroso.jpg 1280w\" sizes=\"auto, (max-width: 185px) 100vw, 185px\" \/><\/a>ARENA TEAM VOLLEY VERONA-HL IMMOBILIARE BELLUNO 3-0 (<\/b><strong>25-22, 25-16, 29-27)<\/strong><\/p>\n<p>E ora si fa dura: dopo la sconfitta al tie-break, rimediata nel recupero infrasettimanale di mercoled\u00ec scorso col Silea, la Pallavolo Belluno Femminile scivola anche a Castel d\u2019Azzano. In un altro scontro diretto dal peso specifico considerevole in chiave salvezza. Le padrone di casa dell\u2019Arena si impongono in tre set sulla formazione bellunese, priva di un elemento importante della rotazione come Giulia Zambon (debilitata dalla febbre) e di Gloria Vendramini in cabina di regia. La palleggiatrice era a referto solo per onor di firma. Ma l\u2019infortunio al ginocchio l\u2019ha tenuta ai margini della contesa per tutti e tre i set.<span class=\"gmail-Apple-converted-space\">\u00a0<\/span>La strada verso il traguardo salvezza \u00e8 sempre pi\u00f9 in salita: \u00abCi rimane ancora una partita &#8211; dichiara coach Nesello &#8211; ma posso assicurare che, indipendentemente dall\u2019epilogo, onoreremo fino in fondo il campionato\u00bb. L\u2019ultima sfida in calendario \u00e8 in programma sabato 22 aprile (ore 20.30), a Vigonza contro il Vig\u00f2. E sar\u00e0 un altro scontro diretto.<span class=\"gmail-Apple-converted-space\">\u00a0<\/span><\/p>\n<p>&nbsp;<\/p>\n<hr \/>\n<p>&nbsp;<\/p>\n<blockquote>\n<h3>FINALE DI STAGIONE PER IL BELLUNO, POST SEASON SFIORATA<\/h3>\n<h3><a class=\"dt-pswp-item\" href=\"https:\/\/www.radiopiu.net\/wordpress\/wp-content\/uploads\/2023\/04\/Tutti_schierati_al_termine_di_una_grande_stagione.jpg\" data-dt-img-description=\"\" data-large_image_width=\"1280\" data-large_image_height=\"853\"><img loading=\"lazy\" decoding=\"async\" class=\"size-medium wp-image-329677 aligncenter\" src=\"https:\/\/www.radiopiu.net\/wordpress\/wp-content\/uploads\/2023\/04\/Tutti_schierati_al_termine_di_una_grande_stagione-300x200.jpg\" alt=\"\" width=\"300\" height=\"200\" srcset=\"https:\/\/www.radiopiu.net\/wordpress\/wp-content\/uploads\/2023\/04\/Tutti_schierati_al_termine_di_una_grande_stagione-300x200.jpg 300w, https:\/\/www.radiopiu.net\/wordpress\/wp-content\/uploads\/2023\/04\/Tutti_schierati_al_termine_di_una_grande_stagione-1024x682.jpg 1024w, https:\/\/www.radiopiu.net\/wordpress\/wp-content\/uploads\/2023\/04\/Tutti_schierati_al_termine_di_una_grande_stagione-768x512.jpg 768w, https:\/\/www.radiopiu.net\/wordpress\/wp-content\/uploads\/2023\/04\/Tutti_schierati_al_termine_di_una_grande_stagione.jpg 1280w\" sizes=\"auto, (max-width: 300px) 100vw, 300px\" \/><\/a><\/h3>\n<\/blockquote>\n<p><strong>\u00a0BELLUNO- MACERATA 3-1 <\/strong>PARZIALI: 17-25, 26-24, 25-18, 25-22.\u00a0 \u00a0BELLUNO: Maccabruni 5, Novello 18, Saibene 7, Graziani 10, Mozzato 15, Stufano 1; Martinez (L), Guolla 1, Ostuzzi, Guastamacchia 1, Paganin 3. N.e. Candeago, Galliani, Pierobon (L). Allenatore: G. Colussi.<\/p>\n<p>Finale di stagione senza il lieto fine perch\u00e9 le porte dei playoff rimangono chiuse: l\u2019attuale ottavo posto non \u00e8 sufficiente. Svanito un traguardo che i rinoceronti hanno provato a raggiungere in ogni modo sul campo, battendo in rimonta\u00a0 la terza della classe.<\/p>\n<p>&nbsp;<\/p>\n<p>&nbsp;<\/p>\n<p>&nbsp;<\/p>\n<hr \/>\n<p>&nbsp;<\/p>\n<p><span style=\"color: #0000ff;\"><strong>HOCKEY SU GHIACCIO<\/strong><\/span><\/p>\n<blockquote>\n<h3>LA RIMPATRIATA DEGLI EX GIOCATORI DELL&#8217;ALLEGHE HOCKEY<\/h3>\n<\/blockquote>\n<p><strong>di Marco Gaz <\/strong><\/p>\n<p><strong>con la collaborazione di Annalisa Dal Mas<\/strong><\/p>\n<p><strong>ALLEGHE<\/strong> Un ritorno al passato nella serata di venerd\u00ec allo stadio Alvise De Toni di Alleghe. In campo, a dare spettacolo, gli ex giocatori dell&#8217;Alleghe Hockey che hanno disputato una partita amichevole. Le squadre bilanciate tra bianchi e rossi si sono sfidate sul campo con una tifoseria d\u2019eccezione: i bambini delle giovanili ed i genitori entusiasti di rivedere in campo finalmente tanti idoli del passato. La partita \u00e8 finita ai rigori vedendo vincere i bianchi nonostante la supremazia in partita dei rossi. Inutile riassumere l\u2019entusiasmo vissuto dai giocatori e dal pubblico per questa partita organizzata da Dino De Dea che ha fatto riassaporare e rivivere quei momenti gloriosi tra cori e tifo dei vecchi tempi.<\/p>\n<p><a class=\"dt-pswp-item\" href=\"https:\/\/www.radiopiu.net\/wordpress\/wp-content\/uploads\/2023\/04\/ad6922f3-b963-42d1-a6db-2bc063a420a1.jpg\" data-dt-img-description=\"\" data-large_image_width=\"1024\" data-large_image_height=\"576\"><img loading=\"lazy\" decoding=\"async\" class=\"alignnone wp-image-329446 size-full\" src=\"https:\/\/www.radiopiu.net\/wordpress\/wp-content\/uploads\/2023\/04\/ad6922f3-b963-42d1-a6db-2bc063a420a1.jpg\" alt=\"\" width=\"1024\" height=\"576\" srcset=\"https:\/\/www.radiopiu.net\/wordpress\/wp-content\/uploads\/2023\/04\/ad6922f3-b963-42d1-a6db-2bc063a420a1.jpg 1024w, https:\/\/www.radiopiu.net\/wordpress\/wp-content\/uploads\/2023\/04\/ad6922f3-b963-42d1-a6db-2bc063a420a1-300x169.jpg 300w, https:\/\/www.radiopiu.net\/wordpress\/wp-content\/uploads\/2023\/04\/ad6922f3-b963-42d1-a6db-2bc063a420a1-768x432.jpg 768w\" sizes=\"auto, (max-width: 1024px) 100vw, 1024px\" \/><\/a><\/p>\n<p>&nbsp;<\/p>\n<blockquote>\n<h3>LA NAZIONALE DI HOCKEY PREPARA I MONDIALI A NOTTINGHAM<\/h3>\n<\/blockquote>\n<p class=\"null\"><a class=\"dt-pswp-item\" href=\"https:\/\/www.radiopiu.net\/wordpress\/wp-content\/uploads\/2023\/04\/fad6a2b6-24ba-26eb-e9a2-918e4c59fa58-scaled.jpg\" data-dt-img-description=\"\" data-large_image_width=\"2560\" data-large_image_height=\"1707\"><img loading=\"lazy\" decoding=\"async\" class=\" wp-image-329558 alignleft\" src=\"https:\/\/www.radiopiu.net\/wordpress\/wp-content\/uploads\/2023\/04\/fad6a2b6-24ba-26eb-e9a2-918e4c59fa58-300x200.jpg\" alt=\"\" width=\"153\" height=\"102\" srcset=\"https:\/\/www.radiopiu.net\/wordpress\/wp-content\/uploads\/2023\/04\/fad6a2b6-24ba-26eb-e9a2-918e4c59fa58-300x200.jpg 300w, https:\/\/www.radiopiu.net\/wordpress\/wp-content\/uploads\/2023\/04\/fad6a2b6-24ba-26eb-e9a2-918e4c59fa58-1024x683.jpg 1024w, https:\/\/www.radiopiu.net\/wordpress\/wp-content\/uploads\/2023\/04\/fad6a2b6-24ba-26eb-e9a2-918e4c59fa58-768x512.jpg 768w, https:\/\/www.radiopiu.net\/wordpress\/wp-content\/uploads\/2023\/04\/fad6a2b6-24ba-26eb-e9a2-918e4c59fa58-1536x1024.jpg 1536w, https:\/\/www.radiopiu.net\/wordpress\/wp-content\/uploads\/2023\/04\/fad6a2b6-24ba-26eb-e9a2-918e4c59fa58-2048x1365.jpg 2048w\" sizes=\"auto, (max-width: 153px) 100vw, 153px\" \/><\/a>La Nazionale italiana di hockey su ghiaccio \u00e8 pronta per iniziare il primo raduno in vista dei Mondiali di 1^ Divisione Gruppo A, in programma dal 29 aprile al 5 maggio a Nottingham (Gran Bretagna). Oggi gli Azzurri si riuniranno a Canazei, dove alle 17:00 coach Mike Keenan e l&#8217;associated coach Mike Pelino dirigeranno il primo allenamento allo stadio &#8220;Gianmario Scola&#8221;. La Nazionale rester\u00e0 a Canazei fino all&#8217;8 aprile, per poi spostarsi alla W\u00fcrth Arena di Egna. Il primo test match in vista dell&#8217;appuntamento iridato verr\u00e0 giocato contro l&#8217;Austria davanti al pubblico della Intercable Arena di Brunico, mercoled\u00ec 12 aprile alle 20. Non solo Nazionale Senior. Gli Azzurrini U18 stanno affilando le lame in vista dei Mondiali di 1^ Divisione Gruppo B, in programma a Bled (Slovenia) dal 10 al 16 aprile. I ragazzi di coach John Parco se la vedranno con Estonia, Corea del Sud, Polonia, Austria e Slovenia. La Nazionale U16, invece, domani partir\u00e0 alla volta di Sankt P\u00f6lten, dove dal 4 all&#8217;8 aprile giocher\u00e0 un Torneo 5 Nazioni. (foto: Valentina Gallina)<\/p>\n<p>&nbsp;<\/p>\n<blockquote>\n<h3>HOCKEY FEMMINILE: LE CONVOCAZIONI DEFINITIVE PER I MONDIALI DI PRIMA DIVISIONE<\/h3>\n<\/blockquote>\n<p class=\"null\"><a class=\"dt-pswp-item\" href=\"https:\/\/www.radiopiu.net\/wordpress\/wp-content\/uploads\/2023\/04\/5f43f342-a99f-1a6d-11aa-a1dec6ff986a-scaled.jpg\" data-dt-img-description=\"\" data-large_image_width=\"2560\" data-large_image_height=\"1707\"><img loading=\"lazy\" decoding=\"async\" class=\" wp-image-329512 alignleft\" src=\"https:\/\/www.radiopiu.net\/wordpress\/wp-content\/uploads\/2023\/04\/5f43f342-a99f-1a6d-11aa-a1dec6ff986a-300x200.jpg\" alt=\"\" width=\"185\" height=\"123\" srcset=\"https:\/\/www.radiopiu.net\/wordpress\/wp-content\/uploads\/2023\/04\/5f43f342-a99f-1a6d-11aa-a1dec6ff986a-300x200.jpg 300w, https:\/\/www.radiopiu.net\/wordpress\/wp-content\/uploads\/2023\/04\/5f43f342-a99f-1a6d-11aa-a1dec6ff986a-1024x683.jpg 1024w, https:\/\/www.radiopiu.net\/wordpress\/wp-content\/uploads\/2023\/04\/5f43f342-a99f-1a6d-11aa-a1dec6ff986a-768x512.jpg 768w, https:\/\/www.radiopiu.net\/wordpress\/wp-content\/uploads\/2023\/04\/5f43f342-a99f-1a6d-11aa-a1dec6ff986a-1536x1024.jpg 1536w, https:\/\/www.radiopiu.net\/wordpress\/wp-content\/uploads\/2023\/04\/5f43f342-a99f-1a6d-11aa-a1dec6ff986a-2048x1365.jpg 2048w\" sizes=\"auto, (max-width: 185px) 100vw, 185px\" \/><\/a>Si avvicina il grande appuntamento per la Nazionale femminile di hockey su ghiaccio, che dal 17 al 23 aprile sar\u00e0 impegnata a Suwon, in Corea del Sud, per i Mondiali di 1^ Divisione Gruppo B. Le ragazze di coach Massimo Fedrizzi il prossimo 8 aprile si raduneranno ad Egna, per poi partire due giorni pi\u00f9 tardi alla volta della Corea in modo da continuare la preparazione e abituarsi al fuso orario. Le Azzurre andranno a caccia della promozione in 1^ Divisione Gruppo A, che manca dal 2019, anno in cui arriv\u00f2 la retrocessione: poi due Mondiali annullati per Covid e il bronzo ottenuto l&#8217;anno scorso. Le avversarie saranno Corea del Sud, Gran Bretagna, Kazakistan, Slovenia e Polonia.\u00a0 L&#8217;ultimo test match della Nazionale era andato in scena a febbraio, quando Saletta e compagne avevano chiuso con un ottimo secondo posto il 4 Nazioni di Katowice, in Polonia.<\/p>\n<p>&nbsp;<\/p>\n<p>&nbsp;<\/p>\n<hr \/>\n<p>&nbsp;<\/p>\n<p><span style=\"color: #0000ff;\"><strong>ATLETICA<\/strong><\/span><\/p>\n<blockquote>\n<h3>IL DEBUTTO NELLA MEZZA MARATONA DI DA VIA&#8217;<\/h3>\n<\/blockquote>\n<p><strong><a class=\"dt-pswp-item\" href=\"https:\/\/www.radiopiu.net\/wordpress\/wp-content\/uploads\/2023\/04\/SCR-20230402-pwhy.jpeg\" data-dt-img-description=\"\" data-large_image_width=\"1134\" data-large_image_height=\"838\"><img loading=\"lazy\" decoding=\"async\" class=\" wp-image-329617 alignleft\" src=\"https:\/\/www.radiopiu.net\/wordpress\/wp-content\/uploads\/2023\/04\/SCR-20230402-pwhy-300x222.jpeg\" alt=\"\" width=\"164\" height=\"121\" srcset=\"https:\/\/www.radiopiu.net\/wordpress\/wp-content\/uploads\/2023\/04\/SCR-20230402-pwhy-300x222.jpeg 300w, https:\/\/www.radiopiu.net\/wordpress\/wp-content\/uploads\/2023\/04\/SCR-20230402-pwhy-1024x757.jpeg 1024w, https:\/\/www.radiopiu.net\/wordpress\/wp-content\/uploads\/2023\/04\/SCR-20230402-pwhy-768x568.jpeg 768w, https:\/\/www.radiopiu.net\/wordpress\/wp-content\/uploads\/2023\/04\/SCR-20230402-pwhy.jpeg 1134w\" sizes=\"auto, (max-width: 164px) 100vw, 164px\" \/><\/a>BORGO VALBELLUNA <\/strong>Bel debutto nella mezza maratona per il bellunese Francesco Da Vi\u00e0. Il 22enne del Gs La Piave 2000, ancora appartenente alla categoria promesse, ha corso la sua prima 21 km in 1h07\u201934\u201d, piazzandosi quarto alla Dogi\u2019s Half Marathon, uno degli appuntamenti pi\u00f9 prestigiosi della stagione veneta su strada, con oltre 1100 classificati. Si trattava di un test di efficienza a poco pi\u00f9 di un mese dai campionati italiani dei 10.000 metri, in programma il 7 maggio a Brescia. E l\u2019allievo di Johnny Schievenin non ha tradito le attese, lottando sino a pochi chilometri dal traguardo per il podio e lasciandosi alle spalle atleti di grande esperienza.<\/p>\n<p>&nbsp;<\/p>\n<p>&nbsp;<\/p>\n<p>&nbsp;<\/p>\n","protected":false},"excerpt":{"rendered":"<p>\u00a0 IL PESCE D\u2019APRILE\u2026 NESSUN PONTE CROLLATO, ANZI UN GRAN LAVORO DELLA DITTA DI UDINE REDAZIONE Nessun crollo, anzi, il ponte sul Cordevole tra Taibon Agordino e Agordo ha retto al collaudo, perch\u00e9 realizzato in modo perfetto e presto sar\u00e0 disponibile per l&#8217;utenza ciclo pedonale, non appena saranno installate le staccionate sulle rampe d&#8217;accesso\u00a0 e&hellip;<\/p>\n","protected":false},"author":4,"featured_media":329678,"comment_status":"closed","ping_status":"closed","sticky":false,"template":"","format":"standard","meta":{"_monsterinsights_skip_tracking":false,"_monsterinsights_sitenote_active":false,"_monsterinsights_sitenote_note":"","_monsterinsights_sitenote_category":0,"footnotes":""},"categories":[51,86,49],"tags":[],"class_list":["post-329442","post","type-post","status-publish","format-standard","has-post-thumbnail","hentry","category-evidenza-top","category-gr","category-news-18","category-51","category-86","category-49","description-off"],"img_url":"https:\/\/www.radiopiu.net\/wordpress\/wp-content\/uploads\/2023\/04\/Senza-nome-1.jpg","_links":{"self":[{"href":"https:\/\/www.radiopiu.net\/wordpress\/wp-json\/wp\/v2\/posts\/329442","targetHints":{"allow":["GET"]}}],"collection":[{"href":"https:\/\/www.radiopiu.net\/wordpress\/wp-json\/wp\/v2\/posts"}],"about":[{"href":"https:\/\/www.radiopiu.net\/wordpress\/wp-json\/wp\/v2\/types\/post"}],"author":[{"embeddable":true,"href":"https:\/\/www.radiopiu.net\/wordpress\/wp-json\/wp\/v2\/users\/4"}],"replies":[{"embeddable":true,"href":"https:\/\/www.radiopiu.net\/wordpress\/wp-json\/wp\/v2\/comments?post=329442"}],"version-history":[{"count":0,"href":"https:\/\/www.radiopiu.net\/wordpress\/wp-json\/wp\/v2\/posts\/329442\/revisions"}],"wp:featuredmedia":[{"embeddable":true,"href":"https:\/\/www.radiopiu.net\/wordpress\/wp-json\/wp\/v2\/media\/329678"}],"wp:attachment":[{"href":"https:\/\/www.radiopiu.net\/wordpress\/wp-json\/wp\/v2\/media?parent=329442"}],"wp:term":[{"taxonomy":"category","embeddable":true,"href":"https:\/\/www.radiopiu.net\/wordpress\/wp-json\/wp\/v2\/categories?post=329442"},{"taxonomy":"post_tag","embeddable":true,"href":"https:\/\/www.radiopiu.net\/wordpress\/wp-json\/wp\/v2\/tags?post=329442"}],"curies":[{"name":"wp","href":"https:\/\/api.w.org\/{rel}","templated":true}]}}