{"id":329523,"date":"2023-04-02T23:59:18","date_gmt":"2023-04-02T21:59:18","guid":{"rendered":"https:\/\/www.radiopiu.net\/wordpress\/?p=329523"},"modified":"2023-04-03T05:17:05","modified_gmt":"2023-04-03T03:17:05","slug":"due-sconfitte-in-due-giorni-per-il-volley-club-agordino","status":"publish","type":"post","link":"https:\/\/www.radiopiu.net\/wordpress\/due-sconfitte-in-due-giorni-per-il-volley-club-agordino\/","title":{"rendered":"DUE SCONFITTE IN DUE GIORNI PER IL VOLLEY CLUB AGORDINO"},"content":{"rendered":"<p><strong><a class=\"dt-pswp-item\" href=\"https:\/\/www.radiopiu.net\/wordpress\/wp-content\/uploads\/2022\/04\/VOLLEY-CLUB-AGORDINO.jpg\" data-dt-img-description=\"\" data-large_image_width=\"500\" data-large_image_height=\"512\"><img loading=\"lazy\" decoding=\"async\" class=\" wp-image-268787 alignleft\" src=\"https:\/\/www.radiopiu.net\/wordpress\/wp-content\/uploads\/2022\/04\/VOLLEY-CLUB-AGORDINO-293x300.jpg\" alt=\"\" width=\"141\" height=\"144\" srcset=\"https:\/\/www.radiopiu.net\/wordpress\/wp-content\/uploads\/2022\/04\/VOLLEY-CLUB-AGORDINO-293x300.jpg 293w, https:\/\/www.radiopiu.net\/wordpress\/wp-content\/uploads\/2022\/04\/VOLLEY-CLUB-AGORDINO.jpg 500w\" sizes=\"auto, (max-width: 141px) 100vw, 141px\" \/><\/a>di Marco Gaz<\/strong><\/p>\n<p><strong>REDAZIONE <\/strong>Doppia sconfitta per il Volley Club Agordino nel fine settimana. La squadra di De Nardin non riesce a racimolare punti da pi\u00f9 di un mese. Un periodo nero per la compagine di Agordo che in questo momento occupa la parte bassa della classifica e sar\u00e0 costretta a giocarsi i playout per rimanere in prima divisione. Due partite, tra venerd\u00ec e sabato, e due sconfitte. Nella sfida di venerd\u00ec Contro il Trevignano, le ragazze di Agordo non sono mai entrate in partita. Le trevigiane hanno vinto 3 a 1 in un match abbastanza equilibrato. Dopo aver concesso i primi due set alle avversarie, la squadra di De Nardin \u00e8 riuscita a vincere il terzo parziale ma non a rimettersi in gioco nel quarto set. Sabato sera il derby bellunese contro il Castion dove il Volley Club Agordino con le bellunesi che hanno rifilato un secco 3 a 0. Un periodo nero per la squadra di Agordo che proprio nel momento decisivo della stagione non \u00e8 riuscita a mettere in campo la grinta necessaria per assicurarsi la salvezza matematica nel campionato di Prima Divisione di Volley Belluno Treviso. Ora con i suoi 22 punti il Volley Club Agordino \u00e8 costretto a giocarsi il campionato con i playout quando a fine gennaio la compagine di Agordo sembrava essere sulla buona strada per chiudere in bellezza la prima esperienza nel campionato di serie maggiore.<\/p>\n<p><span style=\"color: #ff0000;\"><strong>I RISULTATI DEL FINE SETTIMANA<\/strong><\/span><\/p>\n<p><strong>Venerd\u00ec: TREVIGNANO &#8211; VOLLEY CLUB AGORDINO 3-1 (25-20, 25-18, 19-25, 25-22)<\/strong><\/p>\n<p><strong>Sabato: VOLLEY CLUB AGORDINO &#8211; CASTION 0-3 (19-25, 16-25, 24-26)<\/strong><\/p>\n<p>&nbsp;<\/p>\n<p>&nbsp;<\/p>\n<p>*******<\/p>\n","protected":false},"excerpt":{"rendered":"<p>di Marco Gaz REDAZIONE Doppia sconfitta per il Volley Club Agordino nel fine settimana. La squadra di De Nardin non riesce a racimolare punti da pi\u00f9 di un mese. Un periodo nero per la compagine di Agordo che in questo momento occupa la parte bassa della classifica e sar\u00e0 costretta a giocarsi i playout per&hellip;<\/p>\n","protected":false},"author":4,"featured_media":318320,"comment_status":"closed","ping_status":"closed","sticky":false,"template":"","format":"standard","meta":{"_monsterinsights_skip_tracking":false,"_monsterinsights_sitenote_active":false,"_monsterinsights_sitenote_note":"","_monsterinsights_sitenote_category":0,"footnotes":""},"categories":[104,49],"tags":[],"class_list":["post-329523","post","type-post","status-publish","format-standard","has-post-thumbnail","hentry","category-evidenza_3","category-news-18","category-104","category-49","description-off"],"img_url":"https:\/\/www.radiopiu.net\/wordpress\/wp-content\/uploads\/2023\/01\/VOLLEY-2023.jpg","_links":{"self":[{"href":"https:\/\/www.radiopiu.net\/wordpress\/wp-json\/wp\/v2\/posts\/329523","targetHints":{"allow":["GET"]}}],"collection":[{"href":"https:\/\/www.radiopiu.net\/wordpress\/wp-json\/wp\/v2\/posts"}],"about":[{"href":"https:\/\/www.radiopiu.net\/wordpress\/wp-json\/wp\/v2\/types\/post"}],"author":[{"embeddable":true,"href":"https:\/\/www.radiopiu.net\/wordpress\/wp-json\/wp\/v2\/users\/4"}],"replies":[{"embeddable":true,"href":"https:\/\/www.radiopiu.net\/wordpress\/wp-json\/wp\/v2\/comments?post=329523"}],"version-history":[{"count":0,"href":"https:\/\/www.radiopiu.net\/wordpress\/wp-json\/wp\/v2\/posts\/329523\/revisions"}],"wp:featuredmedia":[{"embeddable":true,"href":"https:\/\/www.radiopiu.net\/wordpress\/wp-json\/wp\/v2\/media\/318320"}],"wp:attachment":[{"href":"https:\/\/www.radiopiu.net\/wordpress\/wp-json\/wp\/v2\/media?parent=329523"}],"wp:term":[{"taxonomy":"category","embeddable":true,"href":"https:\/\/www.radiopiu.net\/wordpress\/wp-json\/wp\/v2\/categories?post=329523"},{"taxonomy":"post_tag","embeddable":true,"href":"https:\/\/www.radiopiu.net\/wordpress\/wp-json\/wp\/v2\/tags?post=329523"}],"curies":[{"name":"wp","href":"https:\/\/api.w.org\/{rel}","templated":true}]}}