{"id":329532,"date":"2023-04-03T13:30:41","date_gmt":"2023-04-03T11:30:41","guid":{"rendered":"https:\/\/www.radiopiu.net\/wordpress\/?p=329532"},"modified":"2023-04-04T05:28:28","modified_gmt":"2023-04-04T03:28:28","slug":"i-racconti-di-paolo-soppelsa-puntata-170","status":"publish","type":"post","link":"https:\/\/www.radiopiu.net\/wordpress\/i-racconti-di-paolo-soppelsa-puntata-170\/","title":{"rendered":"I RACCONTI DI PAOLO SOPPELSA &#8211; PUNTATA 170"},"content":{"rendered":"<p><strong>SPELEOLOGIA<\/strong><\/p>\n<p><strong>AUDIO<\/strong><\/p>\n<audio class=\"wp-audio-shortcode\" id=\"audio-329532-1\" preload=\"none\" style=\"width: 100%;\" controls=\"controls\"><source type=\"audio\/mpeg\" src=\"https:\/\/www.radiopiu.net\/wordpress\/wp-content\/uploads\/2023\/04\/PAOLO-SOPPELSA-SPELEOLOGIA.mp3?_=1\" \/><a href=\"https:\/\/www.radiopiu.net\/wordpress\/wp-content\/uploads\/2023\/04\/PAOLO-SOPPELSA-SPELEOLOGIA.mp3\">https:\/\/www.radiopiu.net\/wordpress\/wp-content\/uploads\/2023\/04\/PAOLO-SOPPELSA-SPELEOLOGIA.mp3<\/a><\/audio>\n<p>&nbsp;<\/p>\n<p><a class=\"dt-pswp-item\" href=\"https:\/\/www.radiopiu.net\/wordpress\/wp-content\/uploads\/2023\/04\/d59ebcfd-ef51-4f92-a2ff-eef8b8962cca.jpg\" data-dt-img-description=\"\" data-large_image_width=\"960\" data-large_image_height=\"720\"><img loading=\"lazy\" decoding=\"async\" class=\" wp-image-329534 alignleft\" src=\"https:\/\/www.radiopiu.net\/wordpress\/wp-content\/uploads\/2023\/04\/d59ebcfd-ef51-4f92-a2ff-eef8b8962cca-300x225.jpg\" alt=\"\" width=\"177\" height=\"133\" srcset=\"https:\/\/www.radiopiu.net\/wordpress\/wp-content\/uploads\/2023\/04\/d59ebcfd-ef51-4f92-a2ff-eef8b8962cca-300x225.jpg 300w, https:\/\/www.radiopiu.net\/wordpress\/wp-content\/uploads\/2023\/04\/d59ebcfd-ef51-4f92-a2ff-eef8b8962cca-768x576.jpg 768w, https:\/\/www.radiopiu.net\/wordpress\/wp-content\/uploads\/2023\/04\/d59ebcfd-ef51-4f92-a2ff-eef8b8962cca.jpg 960w\" sizes=\"auto, (max-width: 177px) 100vw, 177px\" \/><\/a>&#8220;&#8230;e adesso, come faccio a parlare polacco?? Che io in lingua polacca riesco a dire solo Papa Wojtyla e Solidarnosc\u2026&#8221;. Era questa la domanda che mi ero posto quel giorno quando ho trovato una vecchia Subaru verde smorto parcheggiata accanto al tabi\u00e0 nel bosco. Poco lontano c&#8217;erano due giovani vestiti da arrampicata e dall&#8217;aspetto vagamente hippy intenti a godersi il sole di met\u00e0 settembre, e poi, fra gli alberi, c&#8217;erano altre due persone che passeggiavano; un uomo brizzolato, dallo sguardo saggio ed una barba identica a quella di Capitan Findus, che probabilmente doveva essere il capo di questa curiosa faccenda, che stava confabulando con una ragazza dai capelli neri e il fisico minuto. Ci siamo studiati per circa un minuto e poi ho rivolto loro un saluto aspettandomi una risposta carica di consonanti sparse a caso; e invece, a sorpresa, arriv\u00f2 un &#8220;buongiorno&#8221; in italiano tendente al vicentino. L&#8217;accento veneto mi tranquillizz\u00f2, non avrei dovuto tentare di parlare in un improbabile polacco, ed era gi\u00e0 una bella cosa; bastarono poche frasi per entrare in sintonia con quelle persone dai visi abbronzati e un po&#8217; stanchi. Mi dissero che erano appartenenti ad una associazione vicentina di speleologi, e che in quel fine settimana erano stati impegnati in una campagna di censimento di caverne. Nei due giorni precedenti avevano battuto la zona delle Cime d&#8217;Auta e quel giorno stavano terminando il loro lavoro visitando le &#8220;sfese&#8221; del monte Anime. Da ignorante ma affascinato dalla materia in questione ho chiesto ragguagli trovando una grande disponibilit\u00e0 da parte loro, cosa non scontata vista la stanchezza che traspariva sui loro volti. Mi spiegarono che, oltre al lato prettamente esplorativo, la loro attivit\u00e0 di censimento di caverne e spaccature varie, era importante ai fini dell&#8217;eventuale ricerca di persone scomparse. Un&#8217;opera meritoria che andava celebrata con un giro di birre buone, che furono molto apprezzate vista anche la calura di quella domenica di fine estate. Ecco, ora finalmente conoscevo il perch\u00e9 di quelle targhette lucenti con impresso un codice GPS e riportante la dicitura &#8220;Catasto delle Grotte del Veneto&#8221;. Sapevo della presenza di spaccature in quella zona, ma non pensavo fossero visitabili e soprattutto che potessero interessare a degli speleologi. Raccontai di tutte le continue raccomandazioni che mia mamma ripeteva come una sorta di mantra; &#8220;&#8230;ste atenti fora l\u00e0, che l\u00e8 pien de sfese\u2026&#8221;, e l&#8217;uomo con la barba mi disse immediatamente che mia madre aveva una gran ragione, che le spaccature c&#8217;erano davvero e pure piuttosto profonde. Poi ho raccontato della frana scesa nel giugno del 1940 che aveva interrotto la viabilit\u00e0 della Val del Biois rendendo cos\u00ec necessaria la costruzione della vecchia galleria &#8220;delle Anime&#8221;; evento, questo, che non conoscevano e che in parte poteva aver contribuito alla formazione di quelle fenditure presenti nei pressi dell&#8217;orlo della parete strapiombante. Poi, fra una chiacchiera e l&#8217;altra, abbiamo trovato pure il tempo per una breve visita guidata all&#8217;ingresso di una fenditura a me ignota; arrivati al pauroso imbocco della caverna, la ragazza dal corpo minuto che mi aveva accompagnato fin l\u00ec, mi ha chiesto &#8220;ti piacerebbe fare lo speleo? Il tuo fisico \u00e8 ottimo per esplorare fessure, io mi sono calata stamattina in questa caverna\u2026&#8221;. D&#8217;istinto ho guardato il terribile buco nero e ho risposto &#8220;no no, \u00e8 un po&#8217; claustrofobica questa faccenda delle grotte, per\u00f2 sappi che vi ammiro davvero tanto!!&#8221;. Al nostro ritorno, il capobanda aveva sancito che per loro era tempo di lasciare il monte; la strada che conduce alla terra del Palladio \u00e8 parecchio lunga e di l\u00ec a poco le ombre avrebbero iniziato ad allungarsi sulla valle. Ci siamo salutati e poi la Subaru verde ha iniziato la sua audace arrampicata lungo la strada forestale; era terminato cos\u00ec quel curioso pomeriggio dedicato alla speleologia, e poche ore pi\u00f9 tardi sarebbe terminata pure un&#8217;altra estate.<\/p>\n<p>&nbsp;<\/p>\n<p>&nbsp;<\/p>\n<p>******<\/p>\n","protected":false},"excerpt":{"rendered":"<p>SPELEOLOGIA AUDIO &nbsp; &#8220;&#8230;e adesso, come faccio a parlare polacco?? Che io in lingua polacca riesco a dire solo Papa Wojtyla e Solidarnosc\u2026&#8221;. Era questa la domanda che mi ero posto quel giorno quando ho trovato una vecchia Subaru verde smorto parcheggiata accanto al tabi\u00e0 nel bosco. Poco lontano c&#8217;erano due giovani vestiti da arrampicata&hellip;<\/p>\n","protected":false},"author":4,"featured_media":329534,"comment_status":"closed","ping_status":"closed","sticky":false,"template":"","format":"standard","meta":{"_monsterinsights_skip_tracking":false,"_monsterinsights_sitenote_active":false,"_monsterinsights_sitenote_note":"","_monsterinsights_sitenote_category":0,"footnotes":""},"categories":[51,49,112],"tags":[],"class_list":["post-329532","post","type-post","status-publish","format-standard","has-post-thumbnail","hentry","category-evidenza-top","category-news-18","category-racconti-soppelsa","category-51","category-49","category-112","description-off"],"img_url":"https:\/\/www.radiopiu.net\/wordpress\/wp-content\/uploads\/2023\/04\/d59ebcfd-ef51-4f92-a2ff-eef8b8962cca.jpg","_links":{"self":[{"href":"https:\/\/www.radiopiu.net\/wordpress\/wp-json\/wp\/v2\/posts\/329532","targetHints":{"allow":["GET"]}}],"collection":[{"href":"https:\/\/www.radiopiu.net\/wordpress\/wp-json\/wp\/v2\/posts"}],"about":[{"href":"https:\/\/www.radiopiu.net\/wordpress\/wp-json\/wp\/v2\/types\/post"}],"author":[{"embeddable":true,"href":"https:\/\/www.radiopiu.net\/wordpress\/wp-json\/wp\/v2\/users\/4"}],"replies":[{"embeddable":true,"href":"https:\/\/www.radiopiu.net\/wordpress\/wp-json\/wp\/v2\/comments?post=329532"}],"version-history":[{"count":0,"href":"https:\/\/www.radiopiu.net\/wordpress\/wp-json\/wp\/v2\/posts\/329532\/revisions"}],"wp:featuredmedia":[{"embeddable":true,"href":"https:\/\/www.radiopiu.net\/wordpress\/wp-json\/wp\/v2\/media\/329534"}],"wp:attachment":[{"href":"https:\/\/www.radiopiu.net\/wordpress\/wp-json\/wp\/v2\/media?parent=329532"}],"wp:term":[{"taxonomy":"category","embeddable":true,"href":"https:\/\/www.radiopiu.net\/wordpress\/wp-json\/wp\/v2\/categories?post=329532"},{"taxonomy":"post_tag","embeddable":true,"href":"https:\/\/www.radiopiu.net\/wordpress\/wp-json\/wp\/v2\/tags?post=329532"}],"curies":[{"name":"wp","href":"https:\/\/api.w.org\/{rel}","templated":true}]}}