{"id":329581,"date":"2023-04-02T23:58:00","date_gmt":"2023-04-02T21:58:00","guid":{"rendered":"https:\/\/www.radiopiu.net\/wordpress\/?p=329581"},"modified":"2023-04-03T05:17:22","modified_gmt":"2023-04-03T03:17:22","slug":"dal-direttore-ai-primi-presidi-i-protagonisti-della-scuola-industriale-girolamo-segato","status":"publish","type":"post","link":"https:\/\/www.radiopiu.net\/wordpress\/dal-direttore-ai-primi-presidi-i-protagonisti-della-scuola-industriale-girolamo-segato\/","title":{"rendered":"DAL DIRETTORE AI PRIMI PRESIDI: I PROTAGONISTI DELLA SCUOLA INDUSTRIALE \u201cGIROLAMO SEGATO\u201d"},"content":{"rendered":"<p><strong>di Renato Bona<\/strong><\/p>\n<p>Nell\u2019ottobre del 2005 Luigi Rivis, con la preziosa collaborazione di Paolo Conte e Dino Bridda dava alle stampe (tipografia Piave) per conto di Assindustria Belluno (e col patrocinio, contributo e sostegno di vari enti ed aziende) il pregevole volume intitolato: \u201cBelluno 1905-2005: un secolo dell\u2019Istituto Tecnico Industriale \u201cGirolamo Segato\u201d, presentato dall\u2019allora preside, Gerardo Cavaliero; dal sindaco, Ermano De Col; dal presidente della Provincia, Sergio Reolon; da Celeste Bortoluzzi, presidente di Assindustria Belluno; da Carlo Cavalet, presidente del Collegio dei periti industriali laureati di Belluno. Nel capitolo \u201cI protagonisti della Scuola\u201d giusto spazio \u00e8 riservato ad un po\u2019 di storia \u201cDal Direttore ai primi Presidi\u201d e viene ricordato dall\u2019autore che \u201cAll\u2019atto della fondazione della Regia Scuola industriale, al vertice organizzativo e didattico compariva la figura del Direttore, incarico che fu assolto dal 1905 al 1936 dall\u2019ing, Sartori\u201d. Il suo &#8211; specifica Rivis &#8211; fu il periodo pi\u00f9 lungo di dirigenza, ben 31 anni, mai eguagliato nel corso di questo secolo di vita della scuola. Nato a Bologna il 7 ottobre 1871, Sartori fu, tra l\u2019altro, collaboratore di Guglielmo Marconi, Allo scoppio della Grande Guerra fu mobilitato anche per la direzione del laboratorio di riparazione armi portatili nella Scuola di Belluno da lui diretta. Nel 1926 re Vittorio Emanuele III decret\u00f2 che gli fosse attribuita la qualifica di direttore titolare stabile dell\u2019Istituto, con delega all\u2019insegnamento di tecnologia, estimo, organizzazione di cantiere e direzione laboratori e officine. Lasci\u00f2 l\u2019incarico dirigenziale del \u201cSegato\u201d il 21 ottobre 1936, per raggiunti limiti di et\u00e0 e fino al termine dell\u2019anno fu sostituito dal vice preside prof, Stefano Vanzetta in attesa del preside che sarebbe stato l\u2019ing. Aldo Polettini,di Belvedere Marittimo in provincia di Cosenza. Questi prese possesso della presidenza del \u201cSegato\u201d l\u20191 gennaio 1937 e \u201cresse l\u2019incarico con fermezza e grande impegno e seppe dare notevole impulso all\u2019attivit\u00e0 didattica degli insegnanti, che guid\u00f2 con metodi fermi e persuasivi, tanto \u00e8 vero che . risulta da alcuni documenti e relazioni dell\u2019anno1937-38 &#8211; gli fu riconosciuto che in pochissimi mesi fu in grado di realizzare notevoli trasformazioni dell\u2019Istituto portandolo ad un grado molto superiore\u201d. Per i suoi meriti scientifici e didattici il consiglio di amministrazione \u201cravvis\u00f2 l\u2019opportunit\u00e0 di un pubblico riconoscimento e infatti nel 1938 fu nominato cavaliere dell\u2019Ordine Al merito della Corona d\u2019Italia\u201d. E siamo al 1. novembre 1939 quando il Ministero per l\u2019educazione firm\u00f2 il decreto di nomina a nuovo preside dell\u2019ing. Ubaldo Bracalenti, all\u2019epoca vice preside e insegnante a Fermo, la sua citt\u00e0 natale. Solo il 12 dicembre Bracalenti pot\u00e9 raggiungere la sede di Belluno ma le incombenze legate al suo impegno militare non gli consentirono di fermarvisi. Rimase infatti in zona operazioni in Albania fino al giugno 1940. Chiamato per ben due volte a prestigiosi incarichi alla Direzione generale dell\u2019Istruzione tecnica, rifiut\u00f2 per rimanere a Belluno dove resse la presidenza del \u201cSegato\u201d per ben 28 anni, fino al 1967 quando tagli\u00f2 il traguardo dei 70 anni di et\u00e0. Per la sua brillante carriera scolastica e per il valore dimostrato di stimato e capace dirigente fu nominato commendatore dell\u2019Ordine al merito della Repubblica e ricevette la medaglia d\u2019oro dei benemeriti della scuola, cultura ed arte. Dopo la sua \u201cera\u201d vari fattori &#8211; ricorda Rivis in conclusione &#8211; contribuirono a far s\u00ec che il \u2018turn over\u2019 dei presidi prima e dei dirigenti poi diventasse pi\u00f9 frequente per ragioni di ordine burocratico, normativo e ordinamentale dell\u2019intero sistema scolastico italiano\u201d. Infatti per poco pi\u00f9 di 60 anni si succedettero solo tre dirigenti mentre per i restanti 40 l\u2019albo ne annovera ben 10\u201d.<\/p>\n\n\t\t\t<style type='text\/css'>\n\t\t\t\t#gallery-1 {\n\t\t\t\t\tmargin: auto;\n\t\t\t\t}\n\t\t\t\t#gallery-1 .gallery-item {\n\t\t\t\t\tfloat: left;\n\t\t\t\t\tmargin-top: 10px;\n\t\t\t\t\ttext-align: center;\n\t\t\t\t\twidth: 20%;\n\t\t\t\t}\n\t\t\t\t#gallery-1 img {\n\t\t\t\t\tborder: 2px solid #cfcfcf;\n\t\t\t\t}\n\t\t\t\t#gallery-1 .gallery-caption {\n\t\t\t\t\tmargin-left: 0;\n\t\t\t\t}\n\t\t\t\t\/* see gallery_shortcode() in wp-includes\/media.php *\/\n\t\t\t<\/style>\n\t\t<div id='gallery-1' class='dt-gallery-container gallery galleryid-329581 gallery-columns-5 gallery-size-thumbnail'><dl class='gallery-item'>\n\t\t\t\t<dt class='gallery-icon landscape'>\n\t\t\t\t\t<a class=\"rollover rollover-zoom dt-pswp-item\" title=\"336674558_1179424159602452_3598521886788879345_n\" data-dt-img-description=\"\" data-large_image_width=\"635\" data-large_image_height=\"403\"href='https:\/\/www.radiopiu.net\/wordpress\/wp-content\/uploads\/2023\/04\/336674558_1179424159602452_3598521886788879345_n.jpg'><img loading=\"lazy\" decoding=\"async\" width=\"150\" height=\"150\" src=\"https:\/\/www.radiopiu.net\/wordpress\/wp-content\/uploads\/2023\/04\/336674558_1179424159602452_3598521886788879345_n-150x150.jpg\" class=\"attachment-thumbnail size-thumbnail\" alt=\"\" \/><\/a>\n\t\t\t\t<\/dt><\/dl><dl class='gallery-item'>\n\t\t\t\t<dt class='gallery-icon landscape'>\n\t\t\t\t\t<a class=\"rollover rollover-zoom dt-pswp-item\" title=\"336743118_1149904609744499_6804147643425255616_n\" data-dt-img-description=\"\" data-large_image_width=\"552\" data-large_image_height=\"403\"href='https:\/\/www.radiopiu.net\/wordpress\/wp-content\/uploads\/2023\/04\/336743118_1149904609744499_6804147643425255616_n.jpg'><img loading=\"lazy\" decoding=\"async\" width=\"150\" height=\"150\" src=\"https:\/\/www.radiopiu.net\/wordpress\/wp-content\/uploads\/2023\/04\/336743118_1149904609744499_6804147643425255616_n-150x150.jpg\" class=\"attachment-thumbnail size-thumbnail\" alt=\"\" \/><\/a>\n\t\t\t\t<\/dt><\/dl><dl class='gallery-item'>\n\t\t\t\t<dt class='gallery-icon portrait'>\n\t\t\t\t\t<a class=\"rollover rollover-zoom dt-pswp-item\" title=\"336679797_1404075207020545_1959016185769512204_n\" data-dt-img-description=\"\" data-large_image_width=\"316\" data-large_image_height=\"403\"href='https:\/\/www.radiopiu.net\/wordpress\/wp-content\/uploads\/2023\/04\/336679797_1404075207020545_1959016185769512204_n.jpg'><img loading=\"lazy\" decoding=\"async\" width=\"150\" height=\"150\" src=\"https:\/\/www.radiopiu.net\/wordpress\/wp-content\/uploads\/2023\/04\/336679797_1404075207020545_1959016185769512204_n-150x150.jpg\" class=\"attachment-thumbnail size-thumbnail\" alt=\"\" \/><\/a>\n\t\t\t\t<\/dt><\/dl><dl class='gallery-item'>\n\t\t\t\t<dt class='gallery-icon landscape'>\n\t\t\t\t\t<a class=\"rollover rollover-zoom dt-pswp-item\" title=\"336677769_1401545220603680_4709701324391895462_n\" data-dt-img-description=\"\" data-large_image_width=\"640\" data-large_image_height=\"403\"href='https:\/\/www.radiopiu.net\/wordpress\/wp-content\/uploads\/2023\/04\/336677769_1401545220603680_4709701324391895462_n.jpg'><img loading=\"lazy\" decoding=\"async\" width=\"150\" height=\"150\" src=\"https:\/\/www.radiopiu.net\/wordpress\/wp-content\/uploads\/2023\/04\/336677769_1401545220603680_4709701324391895462_n-150x150.jpg\" class=\"attachment-thumbnail size-thumbnail\" alt=\"\" \/><\/a>\n\t\t\t\t<\/dt><\/dl><dl class='gallery-item'>\n\t\t\t\t<dt class='gallery-icon portrait'>\n\t\t\t\t\t<a class=\"rollover rollover-zoom dt-pswp-item\" title=\"336660025_1252661888995067_8288186820466586734_n\" data-dt-img-description=\"\" data-large_image_width=\"320\" data-large_image_height=\"461\"href='https:\/\/www.radiopiu.net\/wordpress\/wp-content\/uploads\/2023\/04\/336660025_1252661888995067_8288186820466586734_n.jpg'><img loading=\"lazy\" decoding=\"async\" width=\"150\" height=\"150\" src=\"https:\/\/www.radiopiu.net\/wordpress\/wp-content\/uploads\/2023\/04\/336660025_1252661888995067_8288186820466586734_n-150x150.jpg\" class=\"attachment-thumbnail size-thumbnail\" alt=\"\" \/><\/a>\n\t\t\t\t<\/dt><\/dl><br style=\"clear: both\" \/><dl class='gallery-item'>\n\t\t\t\t<dt class='gallery-icon landscape'>\n\t\t\t\t\t<a class=\"rollover rollover-zoom dt-pswp-item\" title=\"336660421_168794682746862_1362716034657117734_n\" data-dt-img-description=\"\" data-large_image_width=\"581\" data-large_image_height=\"403\"href='https:\/\/www.radiopiu.net\/wordpress\/wp-content\/uploads\/2023\/04\/336660421_168794682746862_1362716034657117734_n.jpg'><img loading=\"lazy\" decoding=\"async\" width=\"150\" height=\"150\" src=\"https:\/\/www.radiopiu.net\/wordpress\/wp-content\/uploads\/2023\/04\/336660421_168794682746862_1362716034657117734_n-150x150.jpg\" class=\"attachment-thumbnail size-thumbnail\" alt=\"\" \/><\/a>\n\t\t\t\t<\/dt><\/dl><dl class='gallery-item'>\n\t\t\t\t<dt class='gallery-icon landscape'>\n\t\t\t\t\t<a class=\"rollover rollover-zoom dt-pswp-item\" title=\"336719529_1386004155567637_5837415246579128336_n\" data-dt-img-description=\"\" data-large_image_width=\"717\" data-large_image_height=\"403\"href='https:\/\/www.radiopiu.net\/wordpress\/wp-content\/uploads\/2023\/04\/336719529_1386004155567637_5837415246579128336_n.jpg'><img loading=\"lazy\" decoding=\"async\" width=\"150\" height=\"150\" src=\"https:\/\/www.radiopiu.net\/wordpress\/wp-content\/uploads\/2023\/04\/336719529_1386004155567637_5837415246579128336_n-150x150.jpg\" class=\"attachment-thumbnail size-thumbnail\" alt=\"\" \/><\/a>\n\t\t\t\t<\/dt><\/dl><dl class='gallery-item'>\n\t\t\t\t<dt class='gallery-icon portrait'>\n\t\t\t\t\t<a class=\"rollover rollover-zoom dt-pswp-item\" title=\"336662164_598248969016628_5203783287115629498_n\" data-dt-img-description=\"\" data-large_image_width=\"307\" data-large_image_height=\"403\"href='https:\/\/www.radiopiu.net\/wordpress\/wp-content\/uploads\/2023\/04\/336662164_598248969016628_5203783287115629498_n.jpg'><img loading=\"lazy\" decoding=\"async\" width=\"150\" height=\"150\" src=\"https:\/\/www.radiopiu.net\/wordpress\/wp-content\/uploads\/2023\/04\/336662164_598248969016628_5203783287115629498_n-150x150.jpg\" class=\"attachment-thumbnail size-thumbnail\" alt=\"\" \/><\/a>\n\t\t\t\t<\/dt><\/dl><dl class='gallery-item'>\n\t\t\t\t<dt class='gallery-icon portrait'>\n\t\t\t\t\t<a class=\"rollover rollover-zoom dt-pswp-item\" title=\"336874430_9279671568740934_4147690186402694026_n\" data-dt-img-description=\"\" data-large_image_width=\"320\" data-large_image_height=\"453\"href='https:\/\/www.radiopiu.net\/wordpress\/wp-content\/uploads\/2023\/04\/336874430_9279671568740934_4147690186402694026_n.jpg'><img loading=\"lazy\" decoding=\"async\" width=\"150\" height=\"150\" src=\"https:\/\/www.radiopiu.net\/wordpress\/wp-content\/uploads\/2023\/04\/336874430_9279671568740934_4147690186402694026_n-150x150.jpg\" class=\"attachment-thumbnail size-thumbnail\" alt=\"\" \/><\/a>\n\t\t\t\t<\/dt><\/dl><dl class='gallery-item'>\n\t\t\t\t<dt class='gallery-icon landscape'>\n\t\t\t\t\t<a class=\"rollover rollover-zoom dt-pswp-item\" title=\"336793378_515678610721315_8152741994806983041_n\" data-dt-img-description=\"\" data-large_image_width=\"566\" data-large_image_height=\"403\"href='https:\/\/www.radiopiu.net\/wordpress\/wp-content\/uploads\/2023\/04\/336793378_515678610721315_8152741994806983041_n.jpg'><img loading=\"lazy\" decoding=\"async\" width=\"150\" height=\"150\" src=\"https:\/\/www.radiopiu.net\/wordpress\/wp-content\/uploads\/2023\/04\/336793378_515678610721315_8152741994806983041_n-150x150.jpg\" class=\"attachment-thumbnail size-thumbnail\" alt=\"\" \/><\/a>\n\t\t\t\t<\/dt><\/dl><br style=\"clear: both\" \/><dl class='gallery-item'>\n\t\t\t\t<dt class='gallery-icon landscape'>\n\t\t\t\t\t<a class=\"rollover rollover-zoom dt-pswp-item\" title=\"336697866_3756563291300135_7816824360213467708_n\" data-dt-img-description=\"\" data-large_image_width=\"639\" data-large_image_height=\"403\"href='https:\/\/www.radiopiu.net\/wordpress\/wp-content\/uploads\/2023\/04\/336697866_3756563291300135_7816824360213467708_n.jpg'><img loading=\"lazy\" decoding=\"async\" width=\"150\" height=\"150\" src=\"https:\/\/www.radiopiu.net\/wordpress\/wp-content\/uploads\/2023\/04\/336697866_3756563291300135_7816824360213467708_n-150x150.jpg\" class=\"attachment-thumbnail size-thumbnail\" alt=\"\" \/><\/a>\n\t\t\t\t<\/dt><\/dl><dl class='gallery-item'>\n\t\t\t\t<dt class='gallery-icon landscape'>\n\t\t\t\t\t<a class=\"rollover rollover-zoom dt-pswp-item\" title=\"336666581_715346676990377_1225172591263768219_n\" data-dt-img-description=\"\" data-large_image_width=\"552\" data-large_image_height=\"401\"href='https:\/\/www.radiopiu.net\/wordpress\/wp-content\/uploads\/2023\/04\/336666581_715346676990377_1225172591263768219_n.jpg'><img loading=\"lazy\" decoding=\"async\" width=\"150\" height=\"150\" src=\"https:\/\/www.radiopiu.net\/wordpress\/wp-content\/uploads\/2023\/04\/336666581_715346676990377_1225172591263768219_n-150x150.jpg\" class=\"attachment-thumbnail size-thumbnail\" alt=\"\" \/><\/a>\n\t\t\t\t<\/dt><\/dl><dl class='gallery-item'>\n\t\t\t\t<dt class='gallery-icon landscape'>\n\t\t\t\t\t<a class=\"rollover rollover-zoom dt-pswp-item\" title=\"336826640_6060153400740464_4800527946816816606_n\" data-dt-img-description=\"\" data-large_image_width=\"617\" data-large_image_height=\"403\"href='https:\/\/www.radiopiu.net\/wordpress\/wp-content\/uploads\/2023\/04\/336826640_6060153400740464_4800527946816816606_n.jpg'><img loading=\"lazy\" decoding=\"async\" width=\"150\" height=\"150\" src=\"https:\/\/www.radiopiu.net\/wordpress\/wp-content\/uploads\/2023\/04\/336826640_6060153400740464_4800527946816816606_n-150x150.jpg\" class=\"attachment-thumbnail size-thumbnail\" alt=\"\" \/><\/a>\n\t\t\t\t<\/dt><\/dl><dl class='gallery-item'>\n\t\t\t\t<dt class='gallery-icon landscape'>\n\t\t\t\t\t<a class=\"rollover rollover-zoom dt-pswp-item\" title=\"329883823_735007511439910_585870673604560574_n\" data-dt-img-description=\"\" data-large_image_width=\"613\" data-large_image_height=\"403\"href='https:\/\/www.radiopiu.net\/wordpress\/wp-content\/uploads\/2023\/04\/329883823_735007511439910_585870673604560574_n.jpg'><img loading=\"lazy\" decoding=\"async\" width=\"150\" height=\"150\" src=\"https:\/\/www.radiopiu.net\/wordpress\/wp-content\/uploads\/2023\/04\/329883823_735007511439910_585870673604560574_n-150x150.jpg\" class=\"attachment-thumbnail size-thumbnail\" alt=\"\" \/><\/a>\n\t\t\t\t<\/dt><\/dl><dl class='gallery-item'>\n\t\t\t\t<dt class='gallery-icon portrait'>\n\t\t\t\t\t<a class=\"rollover rollover-zoom dt-pswp-item\" title=\"336681644_239530081882262_6101722391812332161_n\" data-dt-img-description=\"\" data-large_image_width=\"320\" data-large_image_height=\"465\"href='https:\/\/www.radiopiu.net\/wordpress\/wp-content\/uploads\/2023\/04\/336681644_239530081882262_6101722391812332161_n.jpg'><img loading=\"lazy\" decoding=\"async\" width=\"150\" height=\"150\" src=\"https:\/\/www.radiopiu.net\/wordpress\/wp-content\/uploads\/2023\/04\/336681644_239530081882262_6101722391812332161_n-150x150.jpg\" class=\"attachment-thumbnail size-thumbnail\" alt=\"\" \/><\/a>\n\t\t\t\t<\/dt><\/dl><br style=\"clear: both\" \/>\n\t\t\t<\/div>\n\n<p>&nbsp;<\/p>\n<p>NELLE FOTO (riproduzioni dal libro di Luigi Rivis): il laboratorio di fisica nei primi anni della scuola; Guglielmo Sartori con gli allievi periti elettrotecnici del 4. anno nel novembre 1942; copertina di un libro del preside Polettini; licenziandi in visita di studio al costruendo ponte sul Piave ad inizio1926; copertina di un libro di Ubaldo Bracalenti; il preside Bracalenti con gli allievi della quinta elettrotecnici ed alcuni insegnanti in occasione di una gita a Monaco di Baviera nel 1963; 1998: la targa che ricorda Bracalenti in una delle sale di Palazzo Crepadona; copertina di un manuale tecnico di Arturo Massenz; la collana dei manuali dello stesso autore; Adriano Barcelloni Corte premia un allievo del corso serale per muratori a fine anno scolastico 1954-55; esterno del collegio salesiano nel 1925, verso l\u2019attuale Piazza Piloni, dove fino al 1956 erano alloggiati allievi dell\u2019Istituto (collezione Laura Zanolli); primi anni 20: licenziandi elettromeccanici alla centrale di Fadalto; e ad un\u2019altra centrale idroelettrica nella stessa epoca; lavori per la costruzione delle saline di Araya, in Venezuela.<\/p>\n<p>&nbsp;<\/p>\n<p>&nbsp;<\/p>\n<p>******<\/p>\n","protected":false},"excerpt":{"rendered":"<p>di Renato Bona Nell\u2019ottobre del 2005 Luigi Rivis, con la preziosa collaborazione di Paolo Conte e Dino Bridda dava alle stampe (tipografia Piave) per conto di Assindustria Belluno (e col patrocinio, contributo e sostegno di vari enti ed aziende) il pregevole volume intitolato: \u201cBelluno 1905-2005: un secolo dell\u2019Istituto Tecnico Industriale \u201cGirolamo Segato\u201d, presentato dall\u2019allora preside,&hellip;<\/p>\n","protected":false},"author":4,"featured_media":329582,"comment_status":"closed","ping_status":"closed","sticky":false,"template":"","format":"standard","meta":{"_monsterinsights_skip_tracking":false,"_monsterinsights_sitenote_active":false,"_monsterinsights_sitenote_note":"","_monsterinsights_sitenote_category":0,"footnotes":""},"categories":[104,49],"tags":[],"class_list":["post-329581","post","type-post","status-publish","format-standard","has-post-thumbnail","hentry","category-evidenza_3","category-news-18","category-104","category-49","description-off"],"img_url":"https:\/\/www.radiopiu.net\/wordpress\/wp-content\/uploads\/2023\/04\/336674558_1179424159602452_3598521886788879345_n.jpg","_links":{"self":[{"href":"https:\/\/www.radiopiu.net\/wordpress\/wp-json\/wp\/v2\/posts\/329581","targetHints":{"allow":["GET"]}}],"collection":[{"href":"https:\/\/www.radiopiu.net\/wordpress\/wp-json\/wp\/v2\/posts"}],"about":[{"href":"https:\/\/www.radiopiu.net\/wordpress\/wp-json\/wp\/v2\/types\/post"}],"author":[{"embeddable":true,"href":"https:\/\/www.radiopiu.net\/wordpress\/wp-json\/wp\/v2\/users\/4"}],"replies":[{"embeddable":true,"href":"https:\/\/www.radiopiu.net\/wordpress\/wp-json\/wp\/v2\/comments?post=329581"}],"version-history":[{"count":0,"href":"https:\/\/www.radiopiu.net\/wordpress\/wp-json\/wp\/v2\/posts\/329581\/revisions"}],"wp:featuredmedia":[{"embeddable":true,"href":"https:\/\/www.radiopiu.net\/wordpress\/wp-json\/wp\/v2\/media\/329582"}],"wp:attachment":[{"href":"https:\/\/www.radiopiu.net\/wordpress\/wp-json\/wp\/v2\/media?parent=329581"}],"wp:term":[{"taxonomy":"category","embeddable":true,"href":"https:\/\/www.radiopiu.net\/wordpress\/wp-json\/wp\/v2\/categories?post=329581"},{"taxonomy":"post_tag","embeddable":true,"href":"https:\/\/www.radiopiu.net\/wordpress\/wp-json\/wp\/v2\/tags?post=329581"}],"curies":[{"name":"wp","href":"https:\/\/api.w.org\/{rel}","templated":true}]}}