{"id":329645,"date":"2023-04-04T05:23:39","date_gmt":"2023-04-04T03:23:39","guid":{"rendered":"https:\/\/www.radiopiu.net\/wordpress\/?p=329645"},"modified":"2023-04-04T10:03:27","modified_gmt":"2023-04-04T08:03:27","slug":"giornale-radiopiu-04-aprile-2023-direttore-mirko-mezzacasa-verso-i-40-anni-25-giugno-1983-25-giugno-2023","status":"publish","type":"post","link":"https:\/\/www.radiopiu.net\/wordpress\/giornale-radiopiu-04-aprile-2023-direttore-mirko-mezzacasa-verso-i-40-anni-25-giugno-1983-25-giugno-2023\/","title":{"rendered":"GIORNALE RADIOPIU 04 APRILE 2023 DIRETTORE MIRKO MEZZACASA&#8230;verso i 40 anni 25 giugno 1983-25 giugno 2023"},"content":{"rendered":"<h2 style=\"text-align: left;\"><span style=\"color: #ff0000;\">ISCRIVITI AL NOSTRO CANALE\u00a0 <\/span>YOUTUBE PER SEGUIRE IN DIRETTA I PRINCIPALI PROGRAMMI DI RADIO PIU&#8217; E LE FUTURE DIRETTE IN ESTERNA. PER ISCRIVERTI <a style=\"color: #ff0000;\" href=\"https:\/\/youtube.com\/@radiopiu1527\">CLICCA QUI<\/a><span style=\"color: #ff0000; font-size: 14px; font-weight: normal;\"> E PREMI IL TASTO &#8220;Iscriviti&#8221;\u00a0\u00a0<\/span><\/h2>\n<h2 style=\"text-align: left;\"><span style=\"color: #ff0000; font-size: 14px; font-weight: normal;\"><a class=\"dt-pswp-item\" href=\"https:\/\/www.radiopiu.net\/wordpress\/wp-content\/uploads\/2023\/04\/CANDATEN.jpg\" data-dt-img-description=\"\" data-large_image_width=\"595\" data-large_image_height=\"238\"><img loading=\"lazy\" decoding=\"async\" class=\"size-medium wp-image-329889 aligncenter\" src=\"https:\/\/www.radiopiu.net\/wordpress\/wp-content\/uploads\/2023\/04\/CANDATEN-300x120.jpg\" alt=\"\" width=\"300\" height=\"120\" srcset=\"https:\/\/www.radiopiu.net\/wordpress\/wp-content\/uploads\/2023\/04\/CANDATEN-300x120.jpg 300w, https:\/\/www.radiopiu.net\/wordpress\/wp-content\/uploads\/2023\/04\/CANDATEN.jpg 595w\" sizes=\"auto, (max-width: 300px) 100vw, 300px\" \/><\/a> <\/span><\/h2>\n<h2 style=\"text-align: left;\"><span style=\"color: #ff0000; font-size: 14px; font-weight: normal;\"><span style=\"color: #000000;\">UNGULATI A PASSEGGIO, REGIONALE 203 AGORDINA A CANDATEN DI SEDICO IN ZONA PARCO NAZIONALE DOLOMITI BELLUNESI. IL BRANCO SI SPOSTA VERSO L&#8217;ACQUA, VERSO IL CORDEVOLE, OLTRE LA STRADA REGIONALE (TELEGRAM VIABILITA&#8217; PROVINCIA DI BELLUNO<\/span><\/span><\/h2>\n<hr \/>\n<p>&nbsp;<\/p>\n<blockquote>\n<h3>INTERRUZIONI PROGRAMMATE BIM GSP<\/h3>\n<\/blockquote>\n<p><strong>COLLE SANTA LUCIA\u00a0<\/strong>Gestione Servizi Pubblici informa che, per lavori alla rete idrica comunale,\u00a0 oggi dalle 8 alle 12, verr\u00e0 sospesa l\u2019erogazione dell\u2019acqua a COLLE SANTA LUCIA nelle localit\u00e0 POSALZ E FRENA<\/p>\n<p><strong>CANALE D\u2019AGORDO<\/strong> Gestione Servizi Pubblici informa che, per lavori alla rete idrica comunale, domani dalle 8 alle 12 verr\u00e0 sospesa l\u2019erogazione dell\u2019acqua a CANALE D\u2019AGORDO in VIA CAVALLERA<\/p>\n<p>&nbsp;<\/p>\n<hr \/>\n<p>&nbsp;<\/p>\n<blockquote>\n<h3>RECUPERATO CANE SOPRA SALTI DI ROCCIA<\/h3>\n<\/blockquote>\n<p><strong><img loading=\"lazy\" decoding=\"async\" class=\"alignleft\" src=\"https:\/\/www.radiopiu.net\/wordpress\/wp-content\/uploads\/2021\/10\/salt_20211025_145654_870.jpg\" width=\"267\" height=\"200\" \/>FELTRE<\/strong>\u00a0 Domenica sera il Soccorso alpino di Feltre ha individuato e recuperato Toby, un cane di piccola taglia che sabato si era allontanato dalla Casera dei proprietari, senza pi\u00f9 fare ritorno. Ieri il padrone era tornato a cercarlo e lo aveva rintracciato sopra la galleria Pi\u00e8 de salto a Fonzaso, non distante da un sentiero, ma bloccato da salti di roccia. Temendo di mettersi in situazione di pericolo per tentare di riprenderlo, verso le 19 il proprietario aveva chiesto aiuto. Una squadra ha quindi raggiunto il punto dell&#8217;ultimo avvistamento e un soccorritore \u00e8 stato calato una cinquantina di metri sulla verticale. Toby per\u00f2 non si \u00e8 fatto vedere. I soccorritori hanno quindi visionato altri tratti della scarpata, finch\u00e9 il cagnolino non si \u00e8 fatto sentire di nuovo. Calato ancora verso il basso, il soccorritore lo ha preso e riportato dal padrone. L&#8217;intervento si \u00e8 concluso attorno alle 22.30.<\/p>\n<p>&nbsp;<\/p>\n<p>&nbsp;<\/p>\n<hr \/>\n<p>&nbsp;<\/p>\n<blockquote>\n<h3>IL MERCATO DELLA COCAINA A MUSSOI, BELLUNESE IN MANETTE<\/h3>\n<\/blockquote>\n<p><strong>di mirko mezzacasa\u00a0<\/strong><\/p>\n<p><strong><img loading=\"lazy\" decoding=\"async\" class=\"alignleft\" src=\"https:\/\/www.radiopiu.net\/wordpress\/wp-content\/uploads\/2022\/05\/POLIZIA-1.jpg\" width=\"268\" height=\"151\" \/>BELLUNO<\/strong> Un quarantenne di Belluno venerdi pomeriggio \u00e8 stato sorpreso dagli agenti mentre stava cedendo una dose di stupefacente.\u00a0 L&#8217;uomo era bordo della sua auto, gli agenti della mobile ipotizzando un suo coinvolgimento nel giro dello spaccio locale, lo hanno seguito e atteso il momento giusto per il controllo. In auto 13 palline contenenti cocaina in due pacchetti di sigarette. Nell&#8217;abitazione rivenuta una scatola contenente sostanza tipo cocaina (36 grammi), bilancino di precisione e materiale per il confezionamento. In un&#8217;altra scatola quasi 35mila euro in contanti, ritagli e appunti di contabilit\u00e0.\u00a0\u00a0 L&#8217;arresto immediato (presso il domiciliio), oggi arresto convalidato e indagato sottoposto alla misura cautelare dell&#8217;obbligo di dimora nel Comune di Belluno.<\/p>\n<p>&nbsp;<\/p>\n<hr \/>\n<blockquote>\n<h3><\/h3>\n<h3>ARRESTATO PER MALTRATTAMENTI ALLA MOGLIE<\/h3>\n<p><strong>FELTRE<\/strong> \u00a0Sabato pomeriggio un 34enne nordafricano residente a Feltre \u00e8 finito nel carcere di Baldenich per maltrattamenti in famiglia. Il pubblico ministero di turno Alberto Primavera ha chiesto la custodia cautelare, ottenendola dal giudice per le indagini preliminari Enrica Marson.\u00a0 E&#8217;l&#8217;esecuzione di un&#8217;ordinanza di custodia cautelare, dopo la querela presentata alla fine del mese di marzo.<\/p>\n<blockquote>\n<h3><\/h3>\n<\/blockquote>\n<hr \/>\n<p>&nbsp;<\/p>\n<p>&nbsp;<\/p>\n<h3>PICCHIA GLI AGENTI, 1 ANNO DI CONDANNA<\/h3>\n<\/blockquote>\n<p><strong>GIGI SOSSO, CORRIERE ALPI<\/strong><\/p>\n<p><strong>BELLUNO\u00a0 <\/strong>Uno contro otto in carcere, il detenuto Marouen Naggara aveva colpito tutti gli agenti della Polizia penitenziaria che avevano cercato prima di calmarlo e poi di contenerlo. In pochi minuti ha collezionato reati che vanno dal danneggiamento aggravato alla resistenza a pubblico ufficiale e alle lesioni ed \u00e8 stato condannato a un anno di reclusione dal giudice Paolo Velo. Tre mesi in meno di quanto aveva chiesto il pubblico ministero Sandra Rossi.<\/p>\n<p>&nbsp;<\/p>\n<hr \/>\n<p>&nbsp;<\/p>\n<p>&nbsp;<\/p>\n<blockquote>\n<h3>LO SCIOPERO DEL SINDACATO MEDICI ITALIANI<\/h3>\n<\/blockquote>\n<p>Le Organizzazioni sindacali Sindacato dei Medici Italiani (SMI) e Sindacato Nazionale Autonomo dei Medici Italiani (SNAMI) non avendo ricevuto alcuna convocazione dopo lo stato di agitazione indetto a febbraio, proclamano \u00a0lo sciopero dei Medici di Medicina Generale della Regione Veneto. I Medici iscritti\u00a0 a Smi e Snami \u00a0si asterranno dal lavoro tra il 13 e il 21 aprile con la chiusura degli studi medici,\u00a0 saranno comunque, garantite le prestazioni indispensabili di assistenza primaria<\/p>\n<p><a class=\"dt-pswp-item\" href=\"https:\/\/www.radiopiu.net\/wordpress\/wp-content\/uploads\/2023\/04\/AAAA.jpg\" data-dt-img-description=\"\" data-large_image_width=\"1011\" data-large_image_height=\"719\"><img loading=\"lazy\" decoding=\"async\" class=\"size-medium wp-image-329890 aligncenter\" src=\"https:\/\/www.radiopiu.net\/wordpress\/wp-content\/uploads\/2023\/04\/AAAA-300x213.jpg\" alt=\"\" width=\"300\" height=\"213\" srcset=\"https:\/\/www.radiopiu.net\/wordpress\/wp-content\/uploads\/2023\/04\/AAAA-300x213.jpg 300w, https:\/\/www.radiopiu.net\/wordpress\/wp-content\/uploads\/2023\/04\/AAAA-768x546.jpg 768w, https:\/\/www.radiopiu.net\/wordpress\/wp-content\/uploads\/2023\/04\/AAAA.jpg 1011w\" sizes=\"auto, (max-width: 300px) 100vw, 300px\" \/>\u00a0<\/a><\/p>\n<p>&nbsp;<\/p>\n<hr \/>\n<p>&nbsp;<\/p>\n<blockquote>\n<h3>L&#8217;ITER PER LA RIQUALIFICAZIONE DEL BAR DEL PARCO GIOCHI DI FALCADE SI SBLOCCA<\/h3>\n<\/blockquote>\n<p><strong><a class=\"dt-pswp-item\" href=\"https:\/\/www.radiopiu.net\/wordpress\/wp-content\/uploads\/2023\/04\/PARCO-GIOCHI-FALCADE.jpeg\" data-dt-img-description=\"\" data-large_image_width=\"2012\" data-large_image_height=\"1230\"><img loading=\"lazy\" decoding=\"async\" class=\" wp-image-329880 alignleft\" src=\"https:\/\/www.radiopiu.net\/wordpress\/wp-content\/uploads\/2023\/04\/PARCO-GIOCHI-FALCADE-300x183.jpeg\" alt=\"\" width=\"180\" height=\"110\" srcset=\"https:\/\/www.radiopiu.net\/wordpress\/wp-content\/uploads\/2023\/04\/PARCO-GIOCHI-FALCADE-300x183.jpeg 300w, https:\/\/www.radiopiu.net\/wordpress\/wp-content\/uploads\/2023\/04\/PARCO-GIOCHI-FALCADE-1024x626.jpeg 1024w, https:\/\/www.radiopiu.net\/wordpress\/wp-content\/uploads\/2023\/04\/PARCO-GIOCHI-FALCADE-768x470.jpeg 768w, https:\/\/www.radiopiu.net\/wordpress\/wp-content\/uploads\/2023\/04\/PARCO-GIOCHI-FALCADE-1536x939.jpeg 1536w, https:\/\/www.radiopiu.net\/wordpress\/wp-content\/uploads\/2023\/04\/PARCO-GIOCHI-FALCADE.jpeg 2012w\" sizes=\"auto, (max-width: 180px) 100vw, 180px\" \/><\/a>FALCADE<\/strong><\/p>\n<p>di Gianni Santomaso<\/p>\n<audio class=\"wp-audio-shortcode\" id=\"audio-329645-1\" preload=\"none\" style=\"width: 100%;\" controls=\"controls\"><source type=\"audio\/mpeg\" src=\"https:\/\/www.radiopiu.net\/wordpress\/wp-content\/uploads\/2023\/04\/GIANNI-LITER-PER-LA-RIQUALIFICAZIONE-DEL-BAR-DEL-PARCO-GIOCHI-DI-FALCADE-SI-SBLOCCA.mp3?_=1\" \/><a href=\"https:\/\/www.radiopiu.net\/wordpress\/wp-content\/uploads\/2023\/04\/GIANNI-LITER-PER-LA-RIQUALIFICAZIONE-DEL-BAR-DEL-PARCO-GIOCHI-DI-FALCADE-SI-SBLOCCA.mp3\">https:\/\/www.radiopiu.net\/wordpress\/wp-content\/uploads\/2023\/04\/GIANNI-LITER-PER-LA-RIQUALIFICAZIONE-DEL-BAR-DEL-PARCO-GIOCHI-DI-FALCADE-SI-SBLOCCA.mp3<\/a><\/audio>\n<p>&nbsp;<\/p>\n<hr \/>\n<p>&nbsp;<\/p>\n<blockquote>\n<h3>NOMINATO IL NUOVO COMANDANTE DELLA POLIZIA LOCALE<\/h3>\n<\/blockquote>\n<p align=\"JUSTIFY\"><strong>BELLUNO<\/strong> Nominato il nuovo comandante della polizia locale di Belluno. A guidare il comando per i prossimi 12 mesi sar\u00e0 Antonio Codemo, che riceve il testimone dall\u2019ex comandante Roberto Rossetti il cui incarico \u00e8 terminato il 31 marzo. Codemo, classe 1993 e laurea in Scienze dei servizi giuridici all\u2019Universit\u00e0 di Padova, arriva a Belluno dopo un\u2019esperienza presso il Comando di Jesolo e diversi anni trascorsi a Roma come collaboratore parlamentare e segretario particolare di un ministro.<\/p>\n<p align=\"JUSTIFY\"><strong>di Daniele Dalvit<\/strong><\/p>\n<audio class=\"wp-audio-shortcode\" id=\"audio-329645-2\" preload=\"none\" style=\"width: 100%;\" controls=\"controls\"><source type=\"audio\/mpeg\" src=\"https:\/\/www.radiopiu.net\/wordpress\/wp-content\/uploads\/2023\/04\/Radio-Piu-Servizio-Nuovo-comandante-vigili-Belluno.mp3?_=2\" \/><a href=\"https:\/\/www.radiopiu.net\/wordpress\/wp-content\/uploads\/2023\/04\/Radio-Piu-Servizio-Nuovo-comandante-vigili-Belluno.mp3\">https:\/\/www.radiopiu.net\/wordpress\/wp-content\/uploads\/2023\/04\/Radio-Piu-Servizio-Nuovo-comandante-vigili-Belluno.mp3<\/a><\/audio>\n<p>&nbsp;<\/p>\n<p align=\"JUSTIFY\"><strong>IL COMANDANTE ANTONIO CODEMO<\/strong><\/p>\n<p><iframe loading=\"lazy\" title=\"IMG 2943\" width=\"1200\" height=\"675\" src=\"https:\/\/www.youtube.com\/embed\/M_WWi8mHv9E?feature=oembed\" frameborder=\"0\" allow=\"accelerometer; autoplay; clipboard-write; encrypted-media; gyroscope; picture-in-picture; web-share\" allowfullscreen><\/iframe><\/p>\n<p align=\"JUSTIFY\"><strong>IL SINDACO OSCAR DE PELLEGRIN<\/strong><\/p>\n<p><iframe loading=\"lazy\" title=\"IMG 2947\" width=\"1200\" height=\"675\" src=\"https:\/\/www.youtube.com\/embed\/FyLmVsKKy80?feature=oembed\" frameborder=\"0\" allow=\"accelerometer; autoplay; clipboard-write; encrypted-media; gyroscope; picture-in-picture; web-share\" allowfullscreen><\/iframe><\/p>\n<p>&nbsp;<\/p>\n<p>&nbsp;<\/p>\n<p>&nbsp;<\/p>\n<hr \/>\n<blockquote>\n<h3><\/h3>\n<h3>LA RICHIESTA: IL PUNTO SUI LAVORI NELLA GOLA DEI SERRAI<\/h3>\n<\/blockquote>\n<p><strong><a class=\"dt-pswp-item\" href=\"https:\/\/www.radiopiu.net\/wordpress\/wp-content\/uploads\/2021\/06\/Cantiere-Serrai-23.06.21_1.jpeg\" data-dt-img-description=\"\" data-large_image_width=\"1024\" data-large_image_height=\"768\"><img loading=\"lazy\" decoding=\"async\" class=\"wp-image-217832 alignleft\" src=\"https:\/\/www.radiopiu.net\/wordpress\/wp-content\/uploads\/2021\/06\/Cantiere-Serrai-23.06.21_1-300x225.jpeg\" alt=\"\" width=\"227\" height=\"170\" srcset=\"https:\/\/www.radiopiu.net\/wordpress\/wp-content\/uploads\/2021\/06\/Cantiere-Serrai-23.06.21_1-300x225.jpeg 300w, https:\/\/www.radiopiu.net\/wordpress\/wp-content\/uploads\/2021\/06\/Cantiere-Serrai-23.06.21_1-768x576.jpeg 768w, https:\/\/www.radiopiu.net\/wordpress\/wp-content\/uploads\/2021\/06\/Cantiere-Serrai-23.06.21_1.jpeg 1024w\" sizes=\"auto, (max-width: 227px) 100vw, 227px\" \/><\/a>ROCCA PIETORE<\/strong> A che punto sono i lavori nella gola dei Serrai di Sottoguda a quattro anni dai giorni di Vaia? Lo ha chiesto al sindaco e al gruppo di maggioranza\u00a0 la consigliera comunale Diana Iraci Borgia, un tempo nella stessa squadra del sindaco Andrea De Bernardin, ma in seguito passata sugli scranni della minoranza. Il primo cittadino alle domande della Borgia ha risposto che gli interrogativo vanno posti \u00a0esclusivamente al Soggetto Attuatore (Veneto Acque).<em> &#8220;Le domande sullo stato dei lavori in atto presso i Serrai di Sottoguda devono essere inoltrate esclusivamente al Soggetto Attuatore (Veneto Acque), cui un Consigliere Comunale pu\u00f2 direttamente rivolgersi. Questa \u00e8 stata la risposta che il gruppo di maggioranza del Comune di Rocca Pietore, per voce del Sindaco, ha dato all&#8217;interrogazione che avevo presentato e che (non) si \u00e8 discussa al Consiglio Comunale dello scorso 28 marzo. E&#8217; stata cos\u00ec manifestata un&#8217;assoluta noncuranza per l&#8217;interesse della cittadinanza e degli operatori turistici alla riapertura del sito che ha sempre rappresentato una delle maggiori attrazioni turistiche del Comune. Mi limito a dire che ho accolto l&#8217;invito e mi sono rivolta direttamente al Soggetto Attuatore, come da richiesta allegata. Se mai una risposta mi dovesse pervenire &#8211; sono ancora in attesa della fissazione di una riunione che era stata promessa entro la fine dello scorso anno, dato che era stato negato l&#8217;accesso al sito ai Consiglieri di minoranza che lo avevano richiesto &#8211; sar\u00e0 mia cura informare, Vs. tramite, i cittadini di Rocca Pietore. Diana Iraci Borgia (Consigliere Comunale di minoranza al Comune di Rocca Pietore)&#8221;.<\/em><\/p>\n<p>&nbsp;<\/p>\n<div><strong>LA LETTERA INVIATA A GIANVITTORE VACCARI, SOGGETTO ESECUTORE.<\/strong><\/div>\n<div><span dir=\"ltr\" role=\"presentation\">\u00a0<\/span><\/div>\n<div><em><span dir=\"ltr\" role=\"presentation\"><a class=\"dt-pswp-item\" href=\"https:\/\/www.radiopiu.net\/wordpress\/wp-content\/uploads\/2021\/01\/1091-2020-LavoriSerrai2020_3.jpg\" data-dt-img-description=\"\" data-large_image_width=\"1024\" data-large_image_height=\"768\"><img loading=\"lazy\" decoding=\"async\" class=\"size-medium wp-image-185148 alignright\" src=\"https:\/\/www.radiopiu.net\/wordpress\/wp-content\/uploads\/2021\/01\/1091-2020-LavoriSerrai2020_3-300x225.jpg\" alt=\"\" width=\"300\" height=\"225\" srcset=\"https:\/\/www.radiopiu.net\/wordpress\/wp-content\/uploads\/2021\/01\/1091-2020-LavoriSerrai2020_3-300x225.jpg 300w, https:\/\/www.radiopiu.net\/wordpress\/wp-content\/uploads\/2021\/01\/1091-2020-LavoriSerrai2020_3-768x576.jpg 768w, https:\/\/www.radiopiu.net\/wordpress\/wp-content\/uploads\/2021\/01\/1091-2020-LavoriSerrai2020_3.jpg 1024w\" sizes=\"auto, (max-width: 300px) 100vw, 300px\" \/><\/a>Mi permetto, quale Consigliere Comunale del Comune di Rocca Pietore, di <\/span><span dir=\"ltr\" role=\"presentation\">scriverLe direttamente per avere informazioni in ordine ai lavori che da tempo si <\/span><span dir=\"ltr\" role=\"presentation\">stanno svolgendo presso i Serrai di Sottoguda, posto che e\u0300 stato lo stesso Sindaco, al <\/span><span dir=\"ltr\" role=\"presentation\">Consiglio Comunale a delegarLe ogni risposta sul punto. <\/span><span dir=\"ltr\" role=\"presentation\">Le confesso che, dopo che era stato negato l\u2019accesso al sito nello scorso autunno <\/span><span dir=\"ltr\" role=\"presentation\">a causa dei lavori in corso (peraltro in atto anche nei mesi di giugno e luglio, quando <\/span><span dir=\"ltr\" role=\"presentation\">invece l\u2019accesso era stato consentito), avevo conf<\/span><span dir=\"ltr\" role=\"presentation\">idato nella<\/span> f<span dir=\"ltr\" role=\"presentation\">issazione della riunione <\/span><span dir=\"ltr\" role=\"presentation\">esplicativa da Lei promessa e che poi non e\u0300 stata indetta<\/span><span dir=\"ltr\" role=\"presentation\">. <\/span><span dir=\"ltr\" role=\"presentation\">Questo perche\u0301, come Lei ben sapra\u0300, i Serrai rappresentavano una delle maggiori <\/span><span dir=\"ltr\" role=\"presentation\">attrazioni turistiche del Comune e la loro riapertura e\u0300 di estremo interesse per l\u2019intera <\/span><span dir=\"ltr\" role=\"presentation\">cittadinanza e per gli operatori turistici. <\/span><span dir=\"ltr\" role=\"presentation\">Pertanto, dovendo dar voce a tale interesse, sono a richiederLe nuovamente di <\/span><span dir=\"ltr\" role=\"presentation\">consentire l\u2019accesso al sito ai Consiglieri Comunali nonche\u0301 di indire una riunione allo <\/span><\/em><em><span dir=\"ltr\" role=\"presentation\">scopo di illustrare lo stato di attuazione del progetto (ivi comprese eventuali varianti), <\/span><span dir=\"ltr\" role=\"presentation\">il cronoprogramma dei lavori e il termine di ultimazione degli stessi.\u00a0\u00a0<\/span><\/em><\/div>\n<div>\n<hr \/>\n<\/div>\n<div><\/div>\n<div><\/div>\n<div><\/div>\n<blockquote>\n<div><\/div>\n<div><\/div>\n<div>\n<hr \/>\n<\/div>\n<\/blockquote>\n<div><\/div>\n<div><\/div>\n<div>\n<hr \/>\n<\/div>\n<div><\/div>\n<blockquote>\n<h3>ANTICHI MANUFATTI PER LA RACCOLTA DI ACQUA PIOVANA ALLE PENDICI<\/h3>\n<\/blockquote>\n<p><strong>DI GIANNI SANTOMASO<\/strong><\/p>\n<audio class=\"wp-audio-shortcode\" id=\"audio-329645-3\" preload=\"none\" style=\"width: 100%;\" controls=\"controls\"><source type=\"audio\/mpeg\" src=\"https:\/\/www.radiopiu.net\/wordpress\/wp-content\/uploads\/2023\/04\/GIANNI-ANTICHI-MANUFATTI-ALESSANDRO-SAVIO.mp3?_=3\" \/><a href=\"https:\/\/www.radiopiu.net\/wordpress\/wp-content\/uploads\/2023\/04\/GIANNI-ANTICHI-MANUFATTI-ALESSANDRO-SAVIO.mp3\">https:\/\/www.radiopiu.net\/wordpress\/wp-content\/uploads\/2023\/04\/GIANNI-ANTICHI-MANUFATTI-ALESSANDRO-SAVIO.mp3<\/a><\/audio>\n<p>&nbsp;<\/p>\n<p><span style=\"color: #000000;\"> <span style=\"font-size: medium;\"><b>DELLE PALE DI SAN LUCANO A TAIBON AGORDINO (BL)<\/b><\/span><\/span><\/p>\n<p><span style=\"color: #000000;\"><span style=\"font-size: medium;\"><b>A cura di Alessandro Savio<\/b><\/span><\/span><\/p>\n<p align=\"JUSTIFY\"><span style=\"color: #000000;\"><span style=\"font-size: medium;\">Le seguenti noterelle di storia locale descrivono dei manufatti originali di antica formazione e di non facile interpretazione e spiegazione. Facciamo riferimento con una breve premessa a quanto venne descritto nella pubblicazione della annuale adunanza del CAI di Agordo svoltasi a Cencenighe Agordino (BL) nell\u2019anno 2005 in localit\u00e0 Bastiegn. In particolare la relazione intitolata \u201c EL SASS DEL SOPEOSA\u201d redatta dal dott. Giovanni Tomasi descriveva con dovizia di particolari questo masso erratico dotato al centro della spianata superiore di una cavit\u00e0 scavata artificialmente nella roccia calcarea avente un diametro di circa 25 centimetri ed una profondit\u00e0 di 40 centimetri. Il dott. Tomasi , autore di molti libri di storia locale , fece all\u2019epoca due ipotesi sulla origine e sull\u2019uso di tale cavit\u00e0 artificiale. La prima che fosse uno strumento per pestare l\u2019orzo con un pestello manuale atto a sgusciare i chicchi dei cereali a scopo alimentare,(Mortaio in pietra). La seconda ipotesi molto pi\u00f9 antica che l\u2019utilizzo venne legato a sacralit\u00e0 pagane e riti ancestrali. Le due ipotesi sono rimaste ancora senza una interpretazione certa e plausibile in quanto l\u2019argomento non f\u00f9 successivamente studiato dal punto di vista storico e scientifico , lasciando un alone di mistero sul sasso in questione e sulla utilit\u00e0 della cavit\u00e0 superiore. Passando ai giorni nostri , sulla attenta sollecitazione di una giovane che frequenta assiduamente per passeggiate e brevi escursioni i sentieri alle pendici delle Pale di San Lucano a Taibon Agordino, e che ha segnalato la presenza di un masso erratico dotato della stessa cavit\u00e0 del cosiddetto \u201c Sass del Sopeosa\u201d , ci siamo recati per un sopralluogo nella localit\u00e0 indicata e denominata \u201cLa Busa\u201d a monte dei villaggi di Forno Val e Villanova di Taibon .Nelle immediate vicinanze ,dopo breve perlustrazione in loco, sono stati scoperti addirittura cinque macigni isolati dotati di queste caratteristiche , con la sommit\u00e0 pianeggiante ove in tempi remoti \u00e8 stata scavata questa cavit\u00e0 verso il centro della roccia , perfettamente circolare con una profondit\u00e0 che varia dai 20 ai 40 centimetri , realizzata artificialmente a mano con scalpello e mazzetta. I massi erratici sono situati vicini fra loro ( massimo metri 50)in un sito leggermente in pendenza con la presenza di antichi terrazzamenti precedentemente coltivati a seminativo o prato segativo. La zona infatti risulta essere stata bonificata ( in dialetto denominata Pansele) con l\u2019adattamento e la modifica dell\u2019andamento naturale del terreno per la trasformazione delle zone incolte e sassose, in piccoli appezzamenti di terreno di terra vegetale , sostenuti da muri a secco alcuni di nobile fattura e di dimensioni importanti (Masiere) ove venivano coltivati mais , segale , patate o prati segativi per la produzione del foraggio per il bestiame. Queste opere di bonifica , frutto di anni e anni di faticoso lavoro da parte degli abitanti di Taibon furono eseguiti per strappare alle pendici della montagna dei territori sterili da adattare alla pur magra attivit\u00e0 agricola che si poteva sviluppare in queste zone disagiate. Ritornando all\u2019utilizzo di queste cavit\u00e0 artificiali , la tesi pi\u00f9 verosimile , la pi\u00f9 semplice e credibile a nostro avviso \u00e8 la seguente: la zona in questione alle pendici delle Pale di San Lucano che termina verso valle a confine con i villaggi di Forno Val, Villanova e Peden , un tempo dotata di terrazzamenti comunicanti con numerose mulattiere e sentieri risulta priva di sorgenti di acqua e quindi i contadini che si recavano a lavorare in quei luoghi si erano industriati alla realizzazione di queste cavit\u00e0 artificiali per raccogliere quella poca acqua piovana necessaria nelle opportune stagioni per l\u2019uso della Cote , cio\u00e8 la pietra usata per affilare la falce, infatti il porta cote (Koder) non necessitava di una eccessiva quantit\u00e0 di acqua.\u00a0<\/span><\/span><\/p>\n\n\t\t\t<style type='text\/css'>\n\t\t\t\t#gallery-1 {\n\t\t\t\t\tmargin: auto;\n\t\t\t\t}\n\t\t\t\t#gallery-1 .gallery-item {\n\t\t\t\t\tfloat: left;\n\t\t\t\t\tmargin-top: 10px;\n\t\t\t\t\ttext-align: center;\n\t\t\t\t\twidth: 20%;\n\t\t\t\t}\n\t\t\t\t#gallery-1 img {\n\t\t\t\t\tborder: 2px solid #cfcfcf;\n\t\t\t\t}\n\t\t\t\t#gallery-1 .gallery-caption {\n\t\t\t\t\tmargin-left: 0;\n\t\t\t\t}\n\t\t\t\t\/* see gallery_shortcode() in wp-includes\/media.php *\/\n\t\t\t<\/style>\n\t\t<div id='gallery-1' class='dt-gallery-container gallery galleryid-329645 gallery-columns-5 gallery-size-thumbnail'><dl class='gallery-item'>\n\t\t\t\t<dt class='gallery-icon landscape'>\n\t\t\t\t\t<a class=\"rollover rollover-zoom dt-pswp-item\" title=\"FO1\" data-dt-img-description=\"\" data-large_image_width=\"597\" data-large_image_height=\"494\"href='https:\/\/www.radiopiu.net\/wordpress\/wp-content\/uploads\/2023\/04\/FO1.jpg'><img loading=\"lazy\" decoding=\"async\" width=\"150\" height=\"150\" src=\"https:\/\/www.radiopiu.net\/wordpress\/wp-content\/uploads\/2023\/04\/FO1-150x150.jpg\" class=\"attachment-thumbnail size-thumbnail\" alt=\"\" aria-describedby=\"gallery-1-329761\" \/><\/a>\n\t\t\t\t<\/dt>\n\t\t\t\t\t<dd class='wp-caption-text gallery-caption' id='gallery-1-329761'>\n\t\t\t\t\tTaibon anni 20               Terreni  coltivati sopra la frazione di  Villanova                                                 denominati   \u201cPansele\u201d\n\t\t\t\t\t<\/dd><\/dl><dl class='gallery-item'>\n\t\t\t\t<dt class='gallery-icon landscape'>\n\t\t\t\t\t<a class=\"rollover rollover-zoom dt-pswp-item\" title=\"1Massi erratici con cavit\u00e0 artificiali\" data-dt-img-description=\"\" data-large_image_width=\"422\" data-large_image_height=\"319\"href='https:\/\/www.radiopiu.net\/wordpress\/wp-content\/uploads\/2023\/04\/1Massi-erratici-con-cavita-artificiali.jpg'><img loading=\"lazy\" decoding=\"async\" width=\"150\" height=\"150\" src=\"https:\/\/www.radiopiu.net\/wordpress\/wp-content\/uploads\/2023\/04\/1Massi-erratici-con-cavita-artificiali-150x150.jpg\" class=\"attachment-thumbnail size-thumbnail\" alt=\"\" aria-describedby=\"gallery-1-329762\" \/><\/a>\n\t\t\t\t<\/dt>\n\t\t\t\t\t<dd class='wp-caption-text gallery-caption' id='gallery-1-329762'>\n\t\t\t\t\tMassi erratici con cavit\u00e0 artificiali                              per la raccolta dell\u2019acqua piovana\n\t\t\t\t\t<\/dd><\/dl><dl class='gallery-item'>\n\t\t\t\t<dt class='gallery-icon landscape'>\n\t\t\t\t\t<a class=\"rollover rollover-zoom dt-pswp-item\" title=\"Massi erratici con cavit\u00e0 artificiali\" data-dt-img-description=\"\" data-large_image_width=\"417\" data-large_image_height=\"306\"href='https:\/\/www.radiopiu.net\/wordpress\/wp-content\/uploads\/2023\/04\/Massi-erratici-con-cavita-artificiali.jpg'><img loading=\"lazy\" decoding=\"async\" width=\"150\" height=\"150\" src=\"https:\/\/www.radiopiu.net\/wordpress\/wp-content\/uploads\/2023\/04\/Massi-erratici-con-cavita-artificiali-150x150.jpg\" class=\"attachment-thumbnail size-thumbnail\" alt=\"\" aria-describedby=\"gallery-1-329760\" \/><\/a>\n\t\t\t\t<\/dt>\n\t\t\t\t\t<dd class='wp-caption-text gallery-caption' id='gallery-1-329760'>\n\t\t\t\t\tMassi erratici con cavit\u00e0 artificiali                              per la raccolta dell\u2019acqua piovana\n\t\t\t\t\t<\/dd><\/dl><dl class='gallery-item'>\n\t\t\t\t<dt class='gallery-icon landscape'>\n\t\t\t\t\t<a class=\"rollover rollover-zoom dt-pswp-item\" title=\"SSS\" data-dt-img-description=\"\" data-large_image_width=\"388\" data-large_image_height=\"304\"href='https:\/\/www.radiopiu.net\/wordpress\/wp-content\/uploads\/2023\/04\/SSS.jpg'><img loading=\"lazy\" decoding=\"async\" width=\"150\" height=\"150\" src=\"https:\/\/www.radiopiu.net\/wordpress\/wp-content\/uploads\/2023\/04\/SSS-150x150.jpg\" class=\"attachment-thumbnail size-thumbnail\" alt=\"\" aria-describedby=\"gallery-1-329763\" \/><\/a>\n\t\t\t\t<\/dt>\n\t\t\t\t\t<dd class='wp-caption-text gallery-caption' id='gallery-1-329763'>\n\t\t\t\t\tMassi erratici con cavit\u00e0 artificiali                              per la raccolta dell\u2019acqua piovana\n\t\t\t\t\t<\/dd><\/dl><dl class='gallery-item'>\n\t\t\t\t<dt class='gallery-icon landscape'>\n\t\t\t\t\t<a class=\"rollover rollover-zoom dt-pswp-item\" title=\"SenzaS nome\" data-dt-img-description=\"\" data-large_image_width=\"404\" data-large_image_height=\"303\"href='https:\/\/www.radiopiu.net\/wordpress\/wp-content\/uploads\/2023\/04\/SenzaS-nome.jpg'><img loading=\"lazy\" decoding=\"async\" width=\"150\" height=\"150\" src=\"https:\/\/www.radiopiu.net\/wordpress\/wp-content\/uploads\/2023\/04\/SenzaS-nome-150x150.jpg\" class=\"attachment-thumbnail size-thumbnail\" alt=\"\" aria-describedby=\"gallery-1-329759\" \/><\/a>\n\t\t\t\t<\/dt>\n\t\t\t\t\t<dd class='wp-caption-text gallery-caption' id='gallery-1-329759'>\n\t\t\t\t\tMassi erratici con cavit\u00e0 artificiali                              per la raccolta dell\u2019acqua piovana\n\t\t\t\t\t<\/dd><\/dl><br style=\"clear: both\" \/>\n\t\t\t<\/div>\n\n<p align=\"JUSTIFY\"><span style=\"color: #000000;\"> <span style=\"font-size: medium;\">Oppure quelle cavit\u00e0 erano sufficienti , preventivamente riempite di acqua piovana, per abbeverare la capra che i contadini si portavano sempre appresso quando si recavano a svolgere questo tipo di attivit\u00e0 agricola. Tutto questo ci fa pensare a quanto importante sia l\u2019utilizzo ed il risparmio dell\u2019acqua soprattutto in questi anni di siccit\u00e0. Attualmente in quelle zone non si coltivano pi\u00f9 le patate e neanche si v\u00e0 pi\u00f9 a segare l\u2019erba , il bosco ha avuto il sopravvento con l\u2019invasione di pini, carpini e cespugli , e le \u201cPansele \u201c attraverso la testimonianza degli antichi muri a secco frutto del lavoro degli antichi scalpellini sono frequentate solo per passeggiate e saltuariamente per l\u2019approvvigionamento della legna da ardere per il fabbisogno famigliare dei <\/span><\/span><\/p>\n<p>&nbsp;<\/p>\n<p>&nbsp;<\/p>\n<hr \/>\n<p>&nbsp;<\/p>\n<blockquote>\n<h3>NOTEVOLISSIMI I DANNI ALLA VIABILITA&#8217; BELLUNESE CON IL TERRIBILE DISASTRO DI VAIA (OTTOBRE 2018)<\/h3>\n<\/blockquote>\n<p><strong>di Renato Bona<\/strong><\/p>\n<p>Sfogliando con immutato interesse lo splendido volume fotografico \u201cTempesta Vaia &#8211; Cronaca di una tragedia\u201d curato da Federica Broglio in collaborazione con l\u2019Ufficio stampa della societ\u00e0 Veneto Strade (stampa, pochi mesi fa, della trevigiana L\u2019Artegrafica di Casale sul Sile; progetto grafico e impaginazione di Giulia Frezzato per Giulia Fotostudio) ci soffermiamo in questa circostanza sul capitolo \u201cStrada provinciale in zona A (Feltrino, Val Belluna, Alpago) nel quale si illustra la rimozione di piante, quindi su quello che si occupa della \u201cS.R. 40 \u2018delle Dolomiti\u2019\u201d, e infine quello che tratta di \u201cSistemazione strade provinciali e regionali in zona C (Comelico, Cadore, Val di Zoldo)\u201d. Il tutto grazie al sollecito intervento della Regione e della societ\u00e0 Veneto Strade. Poche parole (si lascia giustamente spazio alle immagini) caratterizzano il primo, eccole: \u201cL\u2019intervento ha riguardato la rimozione di numerose piante dalle strade di percorrenza, intervenendo anche nei tratti adiacenti a monte e a valle della carreggiata al fine di stabilizzare il materiale instabile\u201d. Per il secondo si ricorda che l\u2019intervento, ultimato ad agosto del 2019, ha riguardato il ripristino della viabilit\u00e0 a seguito di colate detritiche e schianti di piante che hanno invaso la carreggiata stradale e intasato attraversamenti stradali e tombotti, tanto da rendere necessaria la chiusura della strada in pi\u00f9 tratti. Pi\u00f9 corposo il terzo capitolo che si occupa di quanto accaduto in Comelico, Cadore e Val di Zoldo rammentando che a causa di colate detritiche, schianti di piante e movimenti franosi, la stabilit\u00e0 di alcuni versanti e la funzionalit\u00e0 delle opere di protezione sono state compromesse. In particolare: in corrispondenza del versante sa monte della provinciale 7 di Zopp\u00e8, al chilometro 3+400, si \u00e8 provveduto alla pulizia del versante da materiale instabile e piante schiantatesi durante il terribile evento del 28-30 ottobre 2018 e al rivestimento della parete con rete metallica opportunamente ancorata al terreno. Leggiamo ancora: lungo la S.P. 30 Panoramica del Comelico al km 4+100, in seguito ad uno smottamento del versante di valle con cedimento del corpo stradale, \u201csi \u00e8 provveduto alla messa in sicurezza del piano viabile mediante realizzazione di opera di sostegno fondata su pali. Lungo la S.P. 347 del Passo Cereda e Passo Duran al km 71+020, in seguito ad uno smottamento che innescatosi sul versante di monte, si \u00e8 riversato sul piano stradale, compromettendo la stabilit\u00e0 del ciglio di valle della strada stessa, nonch\u00e9 del versante sotto strada, si \u00e8 provveduto alla messa in sicurezza del piano viabile mediante realizzazione di opera di consolidamento del ciglio di valle in cemento armato fondato su pali\u201d. Per quanto riguarda il versante a monte della S.R. 355 Val Degano al km 41+700 si \u00e8 provveduto alla pulizia del versante da materiale instabile e al rivestimento della parete con rete metallica opportunamente ancorata al terreno. Ancora:l ungo la S. P. 347 al km 45+730, in seguito ad uno smottamento del versante di valle esteso fino al margine della sede stradale si \u00e8 provveduto alla messa in sicurezza del piano viabile mediante intervento di ricostruzione del versante con rinforzo al piede in massi da scogliera e realizzazione di idoneo sistema di drenaggio del corpo di frana per la raccolta e l\u2019allontanamento delle acque.<\/p>\n\n\t\t\t<style type='text\/css'>\n\t\t\t\t#gallery-2 {\n\t\t\t\t\tmargin: auto;\n\t\t\t\t}\n\t\t\t\t#gallery-2 .gallery-item {\n\t\t\t\t\tfloat: left;\n\t\t\t\t\tmargin-top: 10px;\n\t\t\t\t\ttext-align: center;\n\t\t\t\t\twidth: 16%;\n\t\t\t\t}\n\t\t\t\t#gallery-2 img {\n\t\t\t\t\tborder: 2px solid #cfcfcf;\n\t\t\t\t}\n\t\t\t\t#gallery-2 .gallery-caption {\n\t\t\t\t\tmargin-left: 0;\n\t\t\t\t}\n\t\t\t\t\/* see gallery_shortcode() in wp-includes\/media.php *\/\n\t\t\t<\/style>\n\t\t<div id='gallery-2' class='dt-gallery-container gallery galleryid-329645 gallery-columns-6 gallery-size-thumbnail'><dl class='gallery-item'>\n\t\t\t\t<dt class='gallery-icon landscape'>\n\t\t\t\t\t<a class=\"rollover rollover-zoom dt-pswp-item\" title=\"337599736_711412604072560_7610808894577132763_n\" data-dt-img-description=\"\" data-large_image_width=\"639\" data-large_image_height=\"403\"href='https:\/\/www.radiopiu.net\/wordpress\/wp-content\/uploads\/2023\/04\/337599736_711412604072560_7610808894577132763_n.jpg'><img loading=\"lazy\" decoding=\"async\" width=\"150\" height=\"150\" src=\"https:\/\/www.radiopiu.net\/wordpress\/wp-content\/uploads\/2023\/04\/337599736_711412604072560_7610808894577132763_n-150x150.jpg\" class=\"attachment-thumbnail size-thumbnail\" alt=\"\" \/><\/a>\n\t\t\t\t<\/dt><\/dl><dl class='gallery-item'>\n\t\t\t\t<dt class='gallery-icon landscape'>\n\t\t\t\t\t<a class=\"rollover rollover-zoom dt-pswp-item\" title=\"337834386_1277159263009865_3320584181903847188_n\" data-dt-img-description=\"\" data-large_image_width=\"567\" data-large_image_height=\"403\"href='https:\/\/www.radiopiu.net\/wordpress\/wp-content\/uploads\/2023\/04\/337834386_1277159263009865_3320584181903847188_n.jpg'><img loading=\"lazy\" decoding=\"async\" width=\"150\" height=\"150\" src=\"https:\/\/www.radiopiu.net\/wordpress\/wp-content\/uploads\/2023\/04\/337834386_1277159263009865_3320584181903847188_n-150x150.jpg\" class=\"attachment-thumbnail size-thumbnail\" alt=\"\" \/><\/a>\n\t\t\t\t<\/dt><\/dl><dl class='gallery-item'>\n\t\t\t\t<dt class='gallery-icon landscape'>\n\t\t\t\t\t<a class=\"rollover rollover-zoom dt-pswp-item\" title=\"337917537_769173774486171_8123511962248115132_n\" data-dt-img-description=\"\" data-large_image_width=\"656\" data-large_image_height=\"403\"href='https:\/\/www.radiopiu.net\/wordpress\/wp-content\/uploads\/2023\/04\/337917537_769173774486171_8123511962248115132_n.jpg'><img loading=\"lazy\" decoding=\"async\" width=\"150\" height=\"150\" src=\"https:\/\/www.radiopiu.net\/wordpress\/wp-content\/uploads\/2023\/04\/337917537_769173774486171_8123511962248115132_n-150x150.jpg\" class=\"attachment-thumbnail size-thumbnail\" alt=\"\" \/><\/a>\n\t\t\t\t<\/dt><\/dl><dl class='gallery-item'>\n\t\t\t\t<dt class='gallery-icon landscape'>\n\t\t\t\t\t<a class=\"rollover rollover-zoom dt-pswp-item\" title=\"339558179_1704249776718692_2758164019195474009_n\" data-dt-img-description=\"\" data-large_image_width=\"1063\" data-large_image_height=\"403\"href='https:\/\/www.radiopiu.net\/wordpress\/wp-content\/uploads\/2023\/04\/339558179_1704249776718692_2758164019195474009_n.jpg'><img loading=\"lazy\" decoding=\"async\" width=\"150\" height=\"150\" src=\"https:\/\/www.radiopiu.net\/wordpress\/wp-content\/uploads\/2023\/04\/339558179_1704249776718692_2758164019195474009_n-150x150.jpg\" class=\"attachment-thumbnail size-thumbnail\" alt=\"\" \/><\/a>\n\t\t\t\t<\/dt><\/dl><dl class='gallery-item'>\n\t\t\t\t<dt class='gallery-icon landscape'>\n\t\t\t\t\t<a class=\"rollover rollover-zoom dt-pswp-item\" title=\"338046233_588407960008580_4441159249556058497_n\" data-dt-img-description=\"\" data-large_image_width=\"652\" data-large_image_height=\"403\"href='https:\/\/www.radiopiu.net\/wordpress\/wp-content\/uploads\/2023\/04\/338046233_588407960008580_4441159249556058497_n.jpg'><img loading=\"lazy\" decoding=\"async\" width=\"150\" height=\"150\" src=\"https:\/\/www.radiopiu.net\/wordpress\/wp-content\/uploads\/2023\/04\/338046233_588407960008580_4441159249556058497_n-150x150.jpg\" class=\"attachment-thumbnail size-thumbnail\" alt=\"\" \/><\/a>\n\t\t\t\t<\/dt><\/dl><dl class='gallery-item'>\n\t\t\t\t<dt class='gallery-icon landscape'>\n\t\t\t\t\t<a class=\"rollover rollover-zoom dt-pswp-item\" title=\"338014498_565520388723747_4984409519435082617_n\" data-dt-img-description=\"\" data-large_image_width=\"600\" data-large_image_height=\"400\"href='https:\/\/www.radiopiu.net\/wordpress\/wp-content\/uploads\/2023\/04\/338014498_565520388723747_4984409519435082617_n.jpg'><img loading=\"lazy\" decoding=\"async\" width=\"150\" height=\"150\" src=\"https:\/\/www.radiopiu.net\/wordpress\/wp-content\/uploads\/2023\/04\/338014498_565520388723747_4984409519435082617_n-150x150.jpg\" class=\"attachment-thumbnail size-thumbnail\" alt=\"\" \/><\/a>\n\t\t\t\t<\/dt><\/dl><br style=\"clear: both\" \/><dl class='gallery-item'>\n\t\t\t\t<dt class='gallery-icon landscape'>\n\t\t\t\t\t<a class=\"rollover rollover-zoom dt-pswp-item\" title=\"337906448_242960581444488_4519281566389315352_n\" data-dt-img-description=\"\" data-large_image_width=\"523\" data-large_image_height=\"403\"href='https:\/\/www.radiopiu.net\/wordpress\/wp-content\/uploads\/2023\/04\/337906448_242960581444488_4519281566389315352_n.jpg'><img loading=\"lazy\" decoding=\"async\" width=\"150\" height=\"150\" src=\"https:\/\/www.radiopiu.net\/wordpress\/wp-content\/uploads\/2023\/04\/337906448_242960581444488_4519281566389315352_n-150x150.jpg\" class=\"attachment-thumbnail size-thumbnail\" alt=\"\" \/><\/a>\n\t\t\t\t<\/dt><\/dl><dl class='gallery-item'>\n\t\t\t\t<dt class='gallery-icon portrait'>\n\t\t\t\t\t<a class=\"rollover rollover-zoom dt-pswp-item\" title=\"338162339_167678949523114_1806463896955063116_n\" data-dt-img-description=\"\" data-large_image_width=\"320\" data-large_image_height=\"450\"href='https:\/\/www.radiopiu.net\/wordpress\/wp-content\/uploads\/2023\/04\/338162339_167678949523114_1806463896955063116_n.jpg'><img loading=\"lazy\" decoding=\"async\" width=\"150\" height=\"150\" src=\"https:\/\/www.radiopiu.net\/wordpress\/wp-content\/uploads\/2023\/04\/338162339_167678949523114_1806463896955063116_n-150x150.jpg\" class=\"attachment-thumbnail size-thumbnail\" alt=\"\" \/><\/a>\n\t\t\t\t<\/dt><\/dl><dl class='gallery-item'>\n\t\t\t\t<dt class='gallery-icon landscape'>\n\t\t\t\t\t<a class=\"rollover rollover-zoom dt-pswp-item\" title=\"337807287_240692195086008_4301141291585753435_n\" data-dt-img-description=\"\" data-large_image_width=\"600\" data-large_image_height=\"402\"href='https:\/\/www.radiopiu.net\/wordpress\/wp-content\/uploads\/2023\/04\/337807287_240692195086008_4301141291585753435_n.jpg'><img loading=\"lazy\" decoding=\"async\" width=\"150\" height=\"150\" src=\"https:\/\/www.radiopiu.net\/wordpress\/wp-content\/uploads\/2023\/04\/337807287_240692195086008_4301141291585753435_n-150x150.jpg\" class=\"attachment-thumbnail size-thumbnail\" alt=\"\" \/><\/a>\n\t\t\t\t<\/dt><\/dl><dl class='gallery-item'>\n\t\t\t\t<dt class='gallery-icon landscape'>\n\t\t\t\t\t<a class=\"rollover rollover-zoom dt-pswp-item\" title=\"337903265_1670057326757889_2362780422639992598_n\" data-dt-img-description=\"\" data-large_image_width=\"552\" data-large_image_height=\"402\"href='https:\/\/www.radiopiu.net\/wordpress\/wp-content\/uploads\/2023\/04\/337903265_1670057326757889_2362780422639992598_n.jpg'><img loading=\"lazy\" decoding=\"async\" width=\"150\" height=\"150\" src=\"https:\/\/www.radiopiu.net\/wordpress\/wp-content\/uploads\/2023\/04\/337903265_1670057326757889_2362780422639992598_n-150x150.jpg\" class=\"attachment-thumbnail size-thumbnail\" alt=\"\" \/><\/a>\n\t\t\t\t<\/dt><\/dl><dl class='gallery-item'>\n\t\t\t\t<dt class='gallery-icon landscape'>\n\t\t\t\t\t<a class=\"rollover rollover-zoom dt-pswp-item\" title=\"337894951_704152298125750_9168173563650891228_n\" data-dt-img-description=\"\" data-large_image_width=\"570\" data-large_image_height=\"403\"href='https:\/\/www.radiopiu.net\/wordpress\/wp-content\/uploads\/2023\/04\/337894951_704152298125750_9168173563650891228_n.jpg'><img loading=\"lazy\" decoding=\"async\" width=\"150\" height=\"150\" src=\"https:\/\/www.radiopiu.net\/wordpress\/wp-content\/uploads\/2023\/04\/337894951_704152298125750_9168173563650891228_n-150x150.jpg\" class=\"attachment-thumbnail size-thumbnail\" alt=\"\" \/><\/a>\n\t\t\t\t<\/dt><\/dl><dl class='gallery-item'>\n\t\t\t\t<dt class='gallery-icon landscape'>\n\t\t\t\t\t<a class=\"rollover rollover-zoom dt-pswp-item\" title=\"338773487_218239187457236_3322848121494313549_n\" data-dt-img-description=\"\" data-large_image_width=\"607\" data-large_image_height=\"403\"href='https:\/\/www.radiopiu.net\/wordpress\/wp-content\/uploads\/2023\/04\/338773487_218239187457236_3322848121494313549_n.jpg'><img loading=\"lazy\" decoding=\"async\" width=\"150\" height=\"150\" src=\"https:\/\/www.radiopiu.net\/wordpress\/wp-content\/uploads\/2023\/04\/338773487_218239187457236_3322848121494313549_n-150x150.jpg\" class=\"attachment-thumbnail size-thumbnail\" alt=\"\" \/><\/a>\n\t\t\t\t<\/dt><\/dl><br style=\"clear: both\" \/><dl class='gallery-item'>\n\t\t\t\t<dt class='gallery-icon landscape'>\n\t\t\t\t\t<a class=\"rollover rollover-zoom dt-pswp-item\" title=\"337902225_6131883526931475_5533424410950104267_n\" data-dt-img-description=\"\" data-large_image_width=\"639\" data-large_image_height=\"403\"href='https:\/\/www.radiopiu.net\/wordpress\/wp-content\/uploads\/2023\/04\/337902225_6131883526931475_5533424410950104267_n.jpg'><img loading=\"lazy\" decoding=\"async\" width=\"150\" height=\"150\" src=\"https:\/\/www.radiopiu.net\/wordpress\/wp-content\/uploads\/2023\/04\/337902225_6131883526931475_5533424410950104267_n-150x150.jpg\" class=\"attachment-thumbnail size-thumbnail\" alt=\"\" \/><\/a>\n\t\t\t\t<\/dt><\/dl><dl class='gallery-item'>\n\t\t\t\t<dt class='gallery-icon landscape'>\n\t\t\t\t\t<a class=\"rollover rollover-zoom dt-pswp-item\" title=\"338153462_243153285044075_8741439741590605777_n\" data-dt-img-description=\"\" data-large_image_width=\"608\" data-large_image_height=\"403\"href='https:\/\/www.radiopiu.net\/wordpress\/wp-content\/uploads\/2023\/04\/338153462_243153285044075_8741439741590605777_n.jpg'><img loading=\"lazy\" decoding=\"async\" width=\"150\" height=\"150\" src=\"https:\/\/www.radiopiu.net\/wordpress\/wp-content\/uploads\/2023\/04\/338153462_243153285044075_8741439741590605777_n-150x150.jpg\" class=\"attachment-thumbnail size-thumbnail\" alt=\"\" \/><\/a>\n\t\t\t\t<\/dt><\/dl><dl class='gallery-item'>\n\t\t\t\t<dt class='gallery-icon landscape'>\n\t\t\t\t\t<a class=\"rollover rollover-zoom dt-pswp-item\" title=\"337907234_1163996937520776_231403324473909520_n\" data-dt-img-description=\"\" data-large_image_width=\"657\" data-large_image_height=\"403\"href='https:\/\/www.radiopiu.net\/wordpress\/wp-content\/uploads\/2023\/04\/337907234_1163996937520776_231403324473909520_n.jpg'><img loading=\"lazy\" decoding=\"async\" width=\"150\" height=\"150\" src=\"https:\/\/www.radiopiu.net\/wordpress\/wp-content\/uploads\/2023\/04\/337907234_1163996937520776_231403324473909520_n-150x150.jpg\" class=\"attachment-thumbnail size-thumbnail\" alt=\"\" \/><\/a>\n\t\t\t\t<\/dt><\/dl><dl class='gallery-item'>\n\t\t\t\t<dt class='gallery-icon landscape'>\n\t\t\t\t\t<a class=\"rollover rollover-zoom dt-pswp-item\" title=\"337888115_598428295532058_744329963065543869_n\" data-dt-img-description=\"\" data-large_image_width=\"549\" data-large_image_height=\"403\"href='https:\/\/www.radiopiu.net\/wordpress\/wp-content\/uploads\/2023\/04\/337888115_598428295532058_744329963065543869_n.jpg'><img loading=\"lazy\" decoding=\"async\" width=\"150\" height=\"150\" src=\"https:\/\/www.radiopiu.net\/wordpress\/wp-content\/uploads\/2023\/04\/337888115_598428295532058_744329963065543869_n-150x150.jpg\" class=\"attachment-thumbnail size-thumbnail\" alt=\"\" \/><\/a>\n\t\t\t\t<\/dt><\/dl><dl class='gallery-item'>\n\t\t\t\t<dt class='gallery-icon landscape'>\n\t\t\t\t\t<a class=\"rollover rollover-zoom dt-pswp-item\" title=\"337835584_632040502086295_6936902943847769207_n\" data-dt-img-description=\"\" data-large_image_width=\"567\" data-large_image_height=\"403\"href='https:\/\/www.radiopiu.net\/wordpress\/wp-content\/uploads\/2023\/04\/337835584_632040502086295_6936902943847769207_n.jpg'><img loading=\"lazy\" decoding=\"async\" width=\"150\" height=\"150\" src=\"https:\/\/www.radiopiu.net\/wordpress\/wp-content\/uploads\/2023\/04\/337835584_632040502086295_6936902943847769207_n-150x150.jpg\" class=\"attachment-thumbnail size-thumbnail\" alt=\"\" \/><\/a>\n\t\t\t\t<\/dt><\/dl>\n\t\t\t\t<br style='clear: both' \/>\n\t\t\t<\/div>\n\n<p>&nbsp;<\/p>\n<p>NELLE FOTO (riproduzioni dal libro\u201dTempesta Vaia, cronaca di una tragedia\u201d): varie fasi dei lavori di rimozione piante con personale e mezzi di Veneto Strade sulle provinciali di Feltrino, Val Belluna, Alpago, lungo il Rio Giausiel, quindi sulle provinciali e regionali di Comelico, Cadore e Val di Zoldo<\/p>\n<p>&nbsp;<\/p>\n<p>&nbsp;<\/p>\n<p>&nbsp;<\/p>\n<hr \/>\n<p>&nbsp;<\/p>\n<blockquote>\n<h3>FELTRE SI PREPARA AD ACCOGLIERE I TURISTI. TORNA LA TOTEM CARD 2023<\/h3>\n<\/blockquote>\n<p><strong><a class=\"dt-pswp-item\" href=\"https:\/\/www.radiopiu.net\/wordpress\/wp-content\/uploads\/2023\/04\/ce86e481-ce13-48fd-9cae-8375a75d49e0.jpg\" data-dt-img-description=\"\" data-large_image_width=\"2048\" data-large_image_height=\"1536\"><img loading=\"lazy\" decoding=\"async\" class=\" wp-image-329830 alignleft\" src=\"https:\/\/www.radiopiu.net\/wordpress\/wp-content\/uploads\/2023\/04\/ce86e481-ce13-48fd-9cae-8375a75d49e0-300x225.jpg\" alt=\"\" width=\"148\" height=\"111\" srcset=\"https:\/\/www.radiopiu.net\/wordpress\/wp-content\/uploads\/2023\/04\/ce86e481-ce13-48fd-9cae-8375a75d49e0-300x225.jpg 300w, https:\/\/www.radiopiu.net\/wordpress\/wp-content\/uploads\/2023\/04\/ce86e481-ce13-48fd-9cae-8375a75d49e0-1024x768.jpg 1024w, https:\/\/www.radiopiu.net\/wordpress\/wp-content\/uploads\/2023\/04\/ce86e481-ce13-48fd-9cae-8375a75d49e0-768x576.jpg 768w, https:\/\/www.radiopiu.net\/wordpress\/wp-content\/uploads\/2023\/04\/ce86e481-ce13-48fd-9cae-8375a75d49e0-1536x1152.jpg 1536w, https:\/\/www.radiopiu.net\/wordpress\/wp-content\/uploads\/2023\/04\/ce86e481-ce13-48fd-9cae-8375a75d49e0.jpg 2048w\" sizes=\"auto, (max-width: 148px) 100vw, 148px\" \/><\/a>FELTRE<\/strong><\/p>\n<p>di Moreno Gioli<\/p>\n<audio class=\"wp-audio-shortcode\" id=\"audio-329645-4\" preload=\"none\" style=\"width: 100%;\" controls=\"controls\"><source type=\"audio\/mpeg\" src=\"https:\/\/www.radiopiu.net\/wordpress\/wp-content\/uploads\/2023\/04\/totem-card.mp3?_=4\" \/><a href=\"https:\/\/www.radiopiu.net\/wordpress\/wp-content\/uploads\/2023\/04\/totem-card.mp3\">https:\/\/www.radiopiu.net\/wordpress\/wp-content\/uploads\/2023\/04\/totem-card.mp3<\/a><\/audio>\n<p>&nbsp;<\/p>\n<hr \/>\n<p>&nbsp;<\/p>\n<blockquote>\n<h3>LA PROVINCIA A &#8220;UNIVERSO&#8221;, FIERA DELL&#8217;OFFERTA FORMATIVA POST-DIPLOMA<\/h3>\n<\/blockquote>\n<p><strong><a class=\"dt-pswp-item\" href=\"https:\/\/www.radiopiu.net\/wordpress\/wp-content\/uploads\/2020\/02\/Serenella_Bogana.jpg\" data-dt-img-description=\"\" data-large_image_width=\"445\" data-large_image_height=\"664\"><img loading=\"lazy\" decoding=\"async\" class=\"wp-image-117956 alignleft\" src=\"https:\/\/www.radiopiu.net\/wordpress\/wp-content\/uploads\/2020\/02\/Serenella_Bogana-201x300.jpg\" alt=\"\" width=\"122\" height=\"182\" srcset=\"https:\/\/www.radiopiu.net\/wordpress\/wp-content\/uploads\/2020\/02\/Serenella_Bogana-201x300.jpg 201w, https:\/\/www.radiopiu.net\/wordpress\/wp-content\/uploads\/2020\/02\/Serenella_Bogana.jpg 445w\" sizes=\"auto, (max-width: 122px) 100vw, 122px\" \/><\/a>BELLUNO<\/strong> Ci sar\u00e0 anche uno stand della Provincia alla Spes Arena. L\u2019iniziativa organizzata dalla rete Belluno Orienta intende presentare agli studenti di quarta e quinta superiore tutte le offerte formative degli atenei triveneti (e non solo), ma anche illustrare le possibilit\u00e0 di lavoro dopo l\u2019esame di maturit\u00e0. In questo contesto si inserisce la proposta dell\u2019amministrazione provinciale, che informer\u00e0 i ragazzi sugli sbocchi professionali nella Pubblica amministrazione, quindi in Provincia, ma anche nei Comuni. Lo stand della Provincia sar\u00e0 attivo per tutta la mattinata. E saranno distribuiti depliant esplicativi non solo delle posizioni pi\u00f9 ricercate a Palazzo Piloni, ma anche nei Comuni bellunesi.<\/p>\n<p><strong>LA CONSIGLIERA PROVINCIALE CON DELEGA ALL&#8217;ISTRUZIONE\u00a0 SERENELLA BOGANA (FOTO)<br \/>\nAUDIO<\/strong><\/p>\n<audio class=\"wp-audio-shortcode\" id=\"audio-329645-5\" preload=\"none\" style=\"width: 100%;\" controls=\"controls\"><source type=\"audio\/mpeg\" src=\"https:\/\/www.radiopiu.net\/wordpress\/wp-content\/uploads\/2023\/04\/bogana-3.mp3?_=5\" \/><a href=\"https:\/\/www.radiopiu.net\/wordpress\/wp-content\/uploads\/2023\/04\/bogana-3.mp3\">https:\/\/www.radiopiu.net\/wordpress\/wp-content\/uploads\/2023\/04\/bogana-3.mp3<\/a><\/audio>\n<p>&nbsp;<\/p>\n<p>&nbsp;<\/p>\n<hr \/>\n<p>&nbsp;<\/p>\n<blockquote>\n<h3>ANDARE IN PENSIONE? CI SONO 57 MODI. IL PATRONATO INAS CISL AIUTA I CITTADINI<\/h3>\n<\/blockquote>\n<p><span style=\"color: #000000; font-family: Helvetica;\"><strong>TREVISO_BELLUNO<\/strong> \u201c57 modi di andare in pensione nel 2023\u201d \u00e8 il titolo della nuova campagna del patronato Inas della Cisl dedicato ai pensionandi. Rispecchia la difficolt\u00e0 di districarsi nell\u2019attuale sistema previdenziale, un groviglio di norme che rende difficile individuare la soluzione pi\u00f9 giusta per ogni situazione contributiva, con il rischio di perdere definitivamente un diritto previdenziale.\u00a0 Cisl ha messo in campo una formazione specifica per <strong><a class=\"dt-pswp-item\" href=\"https:\/\/www.radiopiu.net\/wordpress\/wp-content\/uploads\/2023\/04\/STEFANO-GRIS.jpg\" data-dt-img-description=\"\" data-large_image_width=\"235\" data-large_image_height=\"223\"><img loading=\"lazy\" decoding=\"async\" class=\"wp-image-329799 alignleft\" src=\"https:\/\/www.radiopiu.net\/wordpress\/wp-content\/uploads\/2023\/04\/STEFANO-GRIS.jpg\" alt=\"\" width=\"162\" height=\"154\" \/><\/a><\/strong>gli operatori su tutte le novit\u00e0 legate al sistema pensionistico e un vero e proprio manuale di 350 pagine che racchiude e descrive in maniera dettagliata tutte le possibilit\u00e0 previste per il pensionamento nel 2023.<\/span><\/p>\n<p><strong>AI MICROFONI DI RADIOPIU STEFANO GRIS responsabile patronato Inas Cisl Belluno<\/strong><\/p>\n<audio class=\"wp-audio-shortcode\" id=\"audio-329645-6\" preload=\"none\" style=\"width: 100%;\" controls=\"controls\"><source type=\"audio\/mpeg\" src=\"https:\/\/www.radiopiu.net\/wordpress\/wp-content\/uploads\/2023\/04\/STEFANO-GRIS.mp3?_=6\" \/><a href=\"https:\/\/www.radiopiu.net\/wordpress\/wp-content\/uploads\/2023\/04\/STEFANO-GRIS.mp3\">https:\/\/www.radiopiu.net\/wordpress\/wp-content\/uploads\/2023\/04\/STEFANO-GRIS.mp3<\/a><\/audio>\n<p><span style=\"color: #000000; font-family: Helvetica;\">\u00a0<\/span><\/p>\n<p><span style=\"color: #000000; font-family: Helvetica;\">Nel corso del 2022 i patronati Inas Cisl di Treviso e Belluno hanno gestito <\/span><b style=\"color: #000000; font-family: Helvetica;\">4.390 pratiche di pensione (3.150 a Treviso e 1.240 a Belluno).<\/b><span style=\"color: #000000; font-family: Helvetica;\"> Nel dettaglio, 568 pensioni di invalidit\u00e0 Inps, di cui 369 nella Marca e 199 nelle sedi del Bellunese, 918 pratiche di pensione di vecchiaia, di cui 653 a Treviso e 265 a Belluno, 1.532 pensioni anticipate, di cui 1.111 a Treviso e 421 a Belluno e infine 1.052 pratiche di pensione ai superstiti, di cui 783 a Treviso e 269 a Belluno.<\/span><\/p>\n<p>&nbsp;<\/p>\n<p>&nbsp;<\/p>\n<p>&nbsp;<\/p>\n<hr \/>\n<p>&nbsp;<\/p>\n<blockquote>\n<h3>AGORDO PAESE DEL GRAFFITO. SABATO L&#8217;INAUGURAZIONE DI TRE NUOVI GRAFFITI TRA TOCCOL, PARECH E PROMPICAI<\/h3>\n<\/blockquote>\n<p><strong>DI GIANNI SANTOMASO<\/strong><\/p>\n<audio class=\"wp-audio-shortcode\" id=\"audio-329645-7\" preload=\"none\" style=\"width: 100%;\" controls=\"controls\"><source type=\"audio\/mpeg\" src=\"https:\/\/www.radiopiu.net\/wordpress\/wp-content\/uploads\/2023\/04\/GIANNI-SABATO-VERRANNO-INAUGURATI-TRE-NUOVI-GRAFFITI-AD-AGORDO.mp3?_=7\" \/><a href=\"https:\/\/www.radiopiu.net\/wordpress\/wp-content\/uploads\/2023\/04\/GIANNI-SABATO-VERRANNO-INAUGURATI-TRE-NUOVI-GRAFFITI-AD-AGORDO.mp3\">https:\/\/www.radiopiu.net\/wordpress\/wp-content\/uploads\/2023\/04\/GIANNI-SABATO-VERRANNO-INAUGURATI-TRE-NUOVI-GRAFFITI-AD-AGORDO.mp3<\/a><\/audio>\n<p>&nbsp;<\/p>\n<p><strong><a class=\"dt-pswp-item\" href=\"https:\/\/www.radiopiu.net\/wordpress\/wp-content\/uploads\/2023\/04\/SCR-20230403-qlnl.jpeg\" data-dt-img-description=\"\" data-large_image_width=\"894\" data-large_image_height=\"534\"><img loading=\"lazy\" decoding=\"async\" class=\" wp-image-329867 alignleft\" src=\"https:\/\/www.radiopiu.net\/wordpress\/wp-content\/uploads\/2023\/04\/SCR-20230403-qlnl-300x179.jpeg\" alt=\"\" width=\"235\" height=\"140\" srcset=\"https:\/\/www.radiopiu.net\/wordpress\/wp-content\/uploads\/2023\/04\/SCR-20230403-qlnl-300x179.jpeg 300w, https:\/\/www.radiopiu.net\/wordpress\/wp-content\/uploads\/2023\/04\/SCR-20230403-qlnl-768x459.jpeg 768w, https:\/\/www.radiopiu.net\/wordpress\/wp-content\/uploads\/2023\/04\/SCR-20230403-qlnl.jpeg 894w\" sizes=\"auto, (max-width: 235px) 100vw, 235px\" \/><\/a>AGORDO <\/strong>Sabato 8 aprile alle 15 si inaugura la nuova opera realizzata a casa Zasso a Toccol di Agordo da Dunio Piccolin per la quattordicesima edizione di \u201cAgordo Paese del Graffito\u201d. Per l\u2019occasione verranno presentate ufficialmente anche l\u2019opera a casa Costantini a Parech, realizzata nel 2020 poco prima della pandemia, e quella a Prompicai a casa Gaz realizzata nella primavera del 2022. Venticinque sono le opere ad ora presenti nelle zone cosiddette di Le Ville che caratterizzano un percorso a cielo aperto tra opere d\u2019arte, mirabili scorci paesaggistici, fontane, chiesette e molto altro. L\u2019evento per la presentazione delle opere prevede la partenza da Toccol, nei pressi dello storico lavatoio pubblico, con la benedizione di don Cesare Larese, il saluto del sindaco di Agordo Roberto Chissal\u00e8, la presenza del presidente dell\u2019Unione Sportiva Le Ville Andrea Rumor, l\u2019autore e il proprietario dell\u2019opera. In seguito si consegner\u00e0 ufficialmente alla collettivit\u00e0 anche le opere a Parech e a Prompicai. Al termine della presentazione delle opere si terr\u00e0 un rinfresco nella piazzetta di San Vincenzo a cura dell\u2019U.S. Le Ville e la collaborazione della AD Pro Loco di Agordo. Altro importante appuntamento, gemellato al percorso dei graffiti, \u00e8 la storica festa del fanciullo di san Vincenzo\u201d che si terr\u00e0 il giorno di pasquetta, luned\u00ec 10 aprile, con un ricco programma, per bambini e non, a partire dal mattino, alle ore 10.00, con la messa solenne e la benedizione dei bambini nell\u2019Oratorio di San Vincenzo a Prompicai. Durante la giornata si potranno poi ammirare i \u201cPop\u201d (fantocci di pezza), partecipare ai vari \u201cgiochi dei boce\u201d, al torneo de \u201ci bati vof\u201d, al divertimento con Josef e le sue creazioni con i palloncini, ai vari mercatini solidali e allo stand enogastronomico con lo \u201cspiedo del Livion\u201d. Durante la serata si terr\u00e0 il ballo serale accompagnato dalla musica di Eros e Karin e l\u2019atteso sorteggio della ricca lotteria di San Vincenzo.<\/p>\n<p>&nbsp;<\/p>\n<p>&nbsp;<\/p>\n<hr \/>\n<p>&nbsp;<\/p>\n<blockquote>\n<h3>DILLO A RADIO PIU&#8217;&#8230; IL BIDONE DEGLI ALTRI E&#8217; SEMPRE IL MIGLIORE<\/h3>\n<\/blockquote>\n<p>&nbsp;<\/p>\n<p><strong>Da Sant&#8217;Andrea di Gosaldo riceviamo a volentieri pubblichiamo<\/strong><\/p>\n<blockquote><p><em><img loading=\"lazy\" decoding=\"async\" class=\"alignleft\" src=\"https:\/\/www.radiopiu.net\/wordpress\/wp-content\/uploads\/2021\/09\/contenitori_1-scaled.jpg\" width=\"160\" height=\"120\" \/><\/em>Ai nostri cari turisti:\u00a0 quando venite in montagna, la\u00a0 spazzatura\u00a0 portatevela a casa vostra. Ieri ho beccato una signora veneziana che difendeva pure l&#8217;atteggiamento di suo figlio mentre buttava spazzatura di plastica nel mio bidone, davanti casa. La scusante, del figlio <em>&#8220;non avevo visto che il bidone\u00a0 era privato&#8221; <\/em>e della madre<em> &#8220;Se non lo vuole lo butti Sul prato sotto casa&#8221;.\u00a0 <\/em>Ma io dico sta gente dove vive? Il senso di civilt\u00e0 e sparito? Noi di montagna siamo la spazzatura della pianura? Quest&#8217; estate ho beccato altra gente che buttava un bel sacchetto del secco nel bidone, tranquilli in scioltezza quindi non era la prima volta che lo facevano, per non parlare dei sacchetti delle deiezioni dei cani nel bidone della carta.<\/p><\/blockquote>\n<p>FOTO ARCHIVIO<\/p>\n<p>&nbsp;<\/p>\n<hr \/>\n<p>&nbsp;<\/p>\n<p><span style=\"color: #ff0000;\"><strong>IERI ALLA RADIO<\/strong><\/span><\/p>\n<blockquote>\n<h3>GAV AGORDO, IMPEGNI E NUMERI A TRENT&#8217;ANNI DALLA FONDAZIONE<\/h3>\n<\/blockquote>\n<p><strong><a class=\"dt-pswp-item\" href=\"http:\/\/www.radiopiu.net\/wordpress\/wp-content\/uploads\/2019\/01\/SISTO.jpg\" data-dt-img-description=\"\" data-large_image_width=\"620\" data-large_image_height=\"340\"><img loading=\"lazy\" decoding=\"async\" class=\"size-medium wp-image-73465 alignleft\" src=\"http:\/\/www.radiopiu.net\/wordpress\/wp-content\/uploads\/2019\/01\/SISTO-300x165.jpg\" alt=\"\" width=\"300\" height=\"165\" srcset=\"https:\/\/www.radiopiu.net\/wordpress\/wp-content\/uploads\/2019\/01\/SISTO-300x165.jpg 300w, https:\/\/www.radiopiu.net\/wordpress\/wp-content\/uploads\/2019\/01\/SISTO.jpg 620w\" sizes=\"auto, (max-width: 300px) 100vw, 300px\" \/><\/a><\/strong><\/p>\n<p>&nbsp;<\/p>\n<p>&nbsp;<\/p>\n<p><strong>AGORDO<\/strong><\/p>\n<p><b>MIRKO MEZZACASA<\/b><\/p>\n<p>&nbsp;<\/p>\n<p>&nbsp;<\/p>\n<audio class=\"wp-audio-shortcode\" id=\"audio-329645-8\" preload=\"none\" style=\"width: 100%;\" controls=\"controls\"><source type=\"audio\/mpeg\" src=\"https:\/\/www.radiopiu.net\/wordpress\/wp-content\/uploads\/2023\/04\/sisto-da-roit.mp3?_=8\" \/><a href=\"https:\/\/www.radiopiu.net\/wordpress\/wp-content\/uploads\/2023\/04\/sisto-da-roit.mp3\">https:\/\/www.radiopiu.net\/wordpress\/wp-content\/uploads\/2023\/04\/sisto-da-roit.mp3<\/a><\/audio>\n<p>&nbsp;<\/p>\n<p><strong>I NUMERI DEL GAV<\/strong><\/p>\n<p><span style=\"color: #000000;\">CONSEGNA PASTI CALDI: Gli interventi sono stati 909 di cui: <\/span><span style=\"color: #000000;\">789 effettuati dai volontari GAV: <\/span><span style=\"color: #000000;\">120 dai volontari AUSER. <\/span><span style=\"color: #000000;\"><u>tempo impiegato<\/u> pari a 1.818 ore di cui: <\/span><span style=\"color: #000000;\">1.578 ore da parte dei volontari GAV <\/span>240 ore<span style=\"color: #000000;\"> da parte dei volontari AUSER. <\/span><span style=\"color: #000000;\"><u>km percors<\/u>i sono stati 31.366 di cui: <\/span><span style=\"color: #000000;\">16.411 con automezzi del GAV\u00a0<\/span><span style=\"color: #000000;\"> 7.340 con i mezzi propri dei volontari GAV\u00a0<\/span><span style=\"color: #000000;\"> 7.519 con automezzi dell\u2019AUSER\u00a0 <\/span><span style=\"color: #000000;\">96 con i mezzi propri dei volontari AUSER <\/span><span style=\"color: #000000;\">Sono stati consegnati 13.635 pasti <\/span><span style=\"color: #000000;\">ATTIVITA\u2019 ASSISTENZIALE: <\/span><span style=\"color: #000000;\">In <u>Reparti Socio-sanitari<\/u> interventi pari a 324 <\/span><u style=\"color: #000000;\">tempo impiegato<\/u><span style=\"color: #000000;\"> pari a 216 ore tutte al Polifunzionale 2 e 2 poich\u00e9 il reparto di Anziani Inabili \u00e8 stato chiuso; <\/span><span style=\"color: #000000;\"><u>Centro Sollievo<\/u><u>:<\/u> interventi pari 77; <\/span><span style=\"color: #000000;\"><u>tempo impiegato<\/u> pari a 231 ore; <\/span><span style=\"color: #000000;\">Servizio a domicilio: interventi pari 148; <\/span><span style=\"color: #000000;\"><u>tempo impiegato <\/u>pari a 280 ore. <\/span><\/p>\n<p><strong><span style=\"color: #000000;\">RIASSUMENDO: <\/span><\/strong><span style=\"color: #000000;\">Nel 2022 i volontari GAV hanno: <\/span><span style=\"color: #000000;\">Prestato assistenza nei reparti ospedalieri e nelle strutture socio-sanitarie con 401 interventi e 447 ore; <\/span><span style=\"color: #000000;\">Svolto servizi a domicilio con 148 interventi e 280 ore; <\/span><span style=\"color: #000000;\">Consegnato pasti a domicilio con 789 interventi e 1.578 ore; <\/span><span style=\"color: #000000;\">Km percorsi: 31.270; <\/span><span style=\"color: #000000;\">Per un impegno complessivo formato da: <\/span><span style=\"color: #000000;\">1.338 Interventi <\/span>2.305 ore<\/p>\n<p>&nbsp;<\/p>\n<hr \/>\n<p>&nbsp;<\/p>\n<p>&nbsp;<\/p>\n<h2><strong><a class=\"dt-pswp-item\" href=\"https:\/\/www.radiopiu.net\/wordpress\/wp-content\/uploads\/2018\/05\/SANTIN-300x169.jpg\" data-dt-img-description=\"\" data-large_image_width=\"300\" data-large_image_height=\"169\"><img loading=\"lazy\" decoding=\"async\" class=\" wp-image-48328 alignleft\" src=\"https:\/\/www.radiopiu.net\/wordpress\/wp-content\/uploads\/2018\/05\/SANTIN-300x169-300x169.jpg\" alt=\"\" width=\"208\" height=\"117\" \/><\/a><\/strong><span style=\"color: #339966;\">LA RASSEGNA STAMPA DA L&#8217;AMICO DEL POPOLO<\/span><\/h2>\n<p><strong>di Gianni Santomaso<\/strong><\/p>\n<p>OSPITE: Maria Chiara Santin, Amministratrice unica di ASCA<\/p>\n<audio class=\"wp-audio-shortcode\" id=\"audio-329645-9\" preload=\"none\" style=\"width: 100%;\" controls=\"controls\"><source type=\"audio\/mpeg\" src=\"https:\/\/www.radiopiu.net\/wordpress\/wp-content\/uploads\/2022\/04\/RASSEGNA-GIANNI-5.mp3?_=9\" \/><a href=\"https:\/\/www.radiopiu.net\/wordpress\/wp-content\/uploads\/2022\/04\/RASSEGNA-GIANNI-5.mp3\">https:\/\/www.radiopiu.net\/wordpress\/wp-content\/uploads\/2022\/04\/RASSEGNA-GIANNI-5.mp3<\/a><\/audio>\n<p>&nbsp;<\/p>\n<hr \/>\n<p>&nbsp;<\/p>\n<blockquote>\n<h2>IERI, DAL TG DI ANTENNA 3 DI TIZIANA BOLOGNANI<\/h2>\n<\/blockquote>\n<p><strong>Ogni sera alle 19 su RADIOPIU le anticipazioni del TG Bellunese, in onda alle 19.30 sul canale 10 del digitale terrestre\u00a0<\/strong><\/p>\n<blockquote class=\"wp-embedded-content\" data-secret=\"LXw7Z578rs\"><p><a href=\"https:\/\/antennatre.medianordest.it\/70961\/belluno-stagione-invernale-con-il-botto-anef-livelli-da-pre-pandemia\/\">BELLUNO | STAGIONE INVERNALE CON IL BOTTO, ANEF: \u00abLIVELLI DA PRE-PANDEMIA\u00bb<\/a><\/p><\/blockquote>\n<p><iframe loading=\"lazy\" class=\"wp-embedded-content\" sandbox=\"allow-scripts\" security=\"restricted\" style=\"position: absolute; clip: rect(1px, 1px, 1px, 1px);\" title=\"&#8220;BELLUNO | STAGIONE INVERNALE CON IL BOTTO, ANEF: \u00abLIVELLI DA PRE-PANDEMIA\u00bb&#8221; &#8212; ANTENNA TRE | Medianordest\" src=\"https:\/\/antennatre.medianordest.it\/70961\/belluno-stagione-invernale-con-il-botto-anef-livelli-da-pre-pandemia\/embed\/#?secret=3zYsFq321e#?secret=LXw7Z578rs\" data-secret=\"LXw7Z578rs\" width=\"600\" height=\"338\" frameborder=\"0\" marginwidth=\"0\" marginheight=\"0\" scrolling=\"no\"><\/iframe><\/p>\n<p>&nbsp;<\/p>\n<p>&nbsp;<\/p>\n<hr \/>\n<p>&nbsp;<\/p>\n<p><strong>LA RACCOLTA COMPLETA<\/strong><\/p>\n<blockquote class=\"wp-embedded-content\" data-secret=\"Iefigqauw5\"><p><a href=\"https:\/\/www.radiopiu.net\/wordpress\/ama-dolomiti-lidap-lega-italiana-contro-i-disturbi-di-attacchi-di-panico-puntata-del-13-marzo-2023\/\">AMA DOLOMITI -&#8220;MICHELA E L&#8217;ASSOCIAZIONE ITALIANA TUTELA SALUTE MENTALE DI BELLUNO&#8221; &#8211; PUNTATA DEL 27 MARZO 2023<\/a><\/p><\/blockquote>\n<p><iframe loading=\"lazy\" class=\"wp-embedded-content\" sandbox=\"allow-scripts\" security=\"restricted\" style=\"position: absolute; clip: rect(1px, 1px, 1px, 1px);\" title=\"&#8220;AMA DOLOMITI -&#8220;MICHELA E L&#8217;ASSOCIAZIONE ITALIANA TUTELA SALUTE MENTALE DI BELLUNO&#8221; &#8211; PUNTATA DEL 27 MARZO 2023&#8221; &#8212; Radio Pi\u00f9\" src=\"https:\/\/www.radiopiu.net\/wordpress\/ama-dolomiti-lidap-lega-italiana-contro-i-disturbi-di-attacchi-di-panico-puntata-del-13-marzo-2023\/embed\/#?secret=d6rARQNRWA#?secret=Iefigqauw5\" data-secret=\"Iefigqauw5\" width=\"600\" height=\"338\" frameborder=\"0\" marginwidth=\"0\" marginheight=\"0\" scrolling=\"no\"><\/iframe><\/p>\n<p>&nbsp;<\/p>\n<hr \/>\n<p>&nbsp;<\/p>\n<blockquote>\n<h3>TAPPE VENETE PROTAGONISTE, IL GIRO D\u2019ITALIA SBARCA AL VINITALY<\/h3>\n<\/blockquote>\n<p><strong><a class=\"dt-pswp-item\" href=\"https:\/\/www.radiopiu.net\/wordpress\/wp-content\/uploads\/2023\/04\/9ff076bb-6df2-44c7-97c0-5b20a4de484b.jpg\" data-dt-img-description=\"\" data-large_image_width=\"2048\" data-large_image_height=\"1536\"><img loading=\"lazy\" decoding=\"async\" class=\" wp-image-329864 alignleft\" src=\"https:\/\/www.radiopiu.net\/wordpress\/wp-content\/uploads\/2023\/04\/9ff076bb-6df2-44c7-97c0-5b20a4de484b-300x225.jpg\" alt=\"\" width=\"175\" height=\"131\" srcset=\"https:\/\/www.radiopiu.net\/wordpress\/wp-content\/uploads\/2023\/04\/9ff076bb-6df2-44c7-97c0-5b20a4de484b-300x225.jpg 300w, https:\/\/www.radiopiu.net\/wordpress\/wp-content\/uploads\/2023\/04\/9ff076bb-6df2-44c7-97c0-5b20a4de484b-1024x768.jpg 1024w, https:\/\/www.radiopiu.net\/wordpress\/wp-content\/uploads\/2023\/04\/9ff076bb-6df2-44c7-97c0-5b20a4de484b-768x576.jpg 768w, https:\/\/www.radiopiu.net\/wordpress\/wp-content\/uploads\/2023\/04\/9ff076bb-6df2-44c7-97c0-5b20a4de484b-1536x1152.jpg 1536w, https:\/\/www.radiopiu.net\/wordpress\/wp-content\/uploads\/2023\/04\/9ff076bb-6df2-44c7-97c0-5b20a4de484b.jpg 2048w\" sizes=\"auto, (max-width: 175px) 100vw, 175px\" \/><\/a>BELLUNO <\/strong>Manca poco pi\u00f9 di un mese al via del Giro d\u2019Italia. E la corsa rosa \u00e8 stata presentata ieri al Vinitaly a Verona. Protagoniste, nello stand della Regione, le tre tappe venete, di cui due quasi totalmente bellunesi, la Oderzo-Palafavera (il 25 maggio) e la Longarone-Tre Cime di Lavaredo (il 26 maggio). \u00abSaranno due giornate di festa, di sport, e anche di grande promozione del territorio\u00bb ha detto il presidente della Provincia di Belluno, che ha partecipato alla presentazione insieme al presidente della Regione Luca Zaia, e ai sindaci delle citt\u00e0 di tappa. \u00abSui quasi 4mila chilometri del Giro, 500 saranno corsi in Veneto e i chilometri pi\u00f9 decisivi si trovano in provincia di Belluno. Le Dolomiti bellunesi si confermano scenario imprescindibile per la corsa rosa\u00bb.<\/p>\n<p>&nbsp;<\/p>\n<p>&nbsp;<\/p>\n<hr \/>\n<p>&nbsp;<\/p>\n<blockquote>\n<h3>ALLEGHE PRESENTA IL PIANO DI PROTEZIONE CIVILE<\/h3>\n<\/blockquote>\n<p><strong>ALLEGHE<\/strong> Venerdi 21 aprile alle 18.30 in sala Antonio Franceschini, al palaghiaccio, di terr\u00e0 la presentazione del nuovo piano comunale di protezione civile. Verr\u00e0 illustrato nei particolari in un primo incontro informativo per rendere consapevole la cittadinanza sui comportamenti da adottare. I principali elaborati sono gi\u00e0 visibili sul sito internet del Comune, sezioni uffici e servizi.<\/p>\n<p>&nbsp;<\/p>\n<p>&nbsp;<\/p>\n<hr \/>\n<p>&nbsp;<\/p>\n<blockquote>\n<h3>COVID IN PROVINCIA: LE PERSONE ATTUALMENTE POSITIVE SONO 205, UN DECESSO NELL&#8217;ULTIMA SETTIMANA<\/h3>\n<\/blockquote>\n<p><strong>BELLUNO<\/strong> Aggiornamento a cura dell&#8217;ULSS 1 Dolomiti sull&#8217;andamento epidemiologico Covid-19 in provincia di Belluno. Le persone attualmente positive sono 205. Rimane stabile l\u2019incidenza settimanale intorno alla soglia epidemica di 50 casi su 100 mila abitanti. Sono attualmente ricoverate 10 persone in area non critica di cui 6 non covid. Un decesso covid negli ultimi sette giorni: un uomo di 79 anni. Dal 1 aprile 2023 le modalit\u00e0 di accesso per i visitatori ai degenti presso le strutture ospedaliere dell\u2019Ulss Dolomiti sono le seguenti: l\u2019orario delle visite \u00e8 consentito dalle ore 15.00 alle ore 16.30, tutti i giorni compreso i festivi; \u00e8 possibile l\u2019ingresso in U.O.C. di un solo visitatore al giorno per paziente e possono essere presenti contemporaneamente al massimo 2 visitatori nella stanza di degenza con 4 posti letto. Nelle stanze non singole sono garantiti 45 minuti per visitatore suddividendo gli accessi con orario dalle 15.00 alle 15.45 e dalle 15.45 alle 16.30; all\u2019ingresso dell\u2019U.O.C., un operatore controller\u00e0 che ogni visitatore indossi correttamente la mascherina e regolamenter\u00e0 l\u2019entrata dei visitatori verificando la congruenza con il numero di posti letto; l\u2019operatore di U.O. C. effettuer\u00e0 la registrazione dell\u2019utente con nome, cognome ed orario di entrata ed uscita dall\u2019U.O.C., per le necessarie attivit\u00e0 di contact tracing in caso di successive positivit\u00e0 per SARS-CoV 2; si potranno concedere deroghe per i visitatori di pazienti con criticit\u00e0 cliniche ed in casi di particolare fragilit\u00e0 (es. fine vita, grandi anziani) su indicazioni del responsabile di Unit\u00e0 Operativa e Suo delegato.<\/p>\n\n\t\t\t<style type='text\/css'>\n\t\t\t\t#gallery-3 {\n\t\t\t\t\tmargin: auto;\n\t\t\t\t}\n\t\t\t\t#gallery-3 .gallery-item {\n\t\t\t\t\tfloat: left;\n\t\t\t\t\tmargin-top: 10px;\n\t\t\t\t\ttext-align: center;\n\t\t\t\t\twidth: 50%;\n\t\t\t\t}\n\t\t\t\t#gallery-3 img {\n\t\t\t\t\tborder: 2px solid #cfcfcf;\n\t\t\t\t}\n\t\t\t\t#gallery-3 .gallery-caption {\n\t\t\t\t\tmargin-left: 0;\n\t\t\t\t}\n\t\t\t\t\/* see gallery_shortcode() in wp-includes\/media.php *\/\n\t\t\t<\/style>\n\t\t<div id='gallery-3' class='dt-gallery-container gallery galleryid-329645 gallery-columns-2 gallery-size-thumbnail'><dl class='gallery-item'>\n\t\t\t\t<dt class='gallery-icon landscape'>\n\t\t\t\t\t<a class=\"rollover rollover-zoom dt-pswp-item\" title=\"111\" data-dt-img-description=\"\" data-large_image_width=\"638\" data-large_image_height=\"392\"href='https:\/\/www.radiopiu.net\/wordpress\/wp-content\/uploads\/2023\/04\/111.png'><img loading=\"lazy\" decoding=\"async\" width=\"150\" height=\"150\" src=\"https:\/\/www.radiopiu.net\/wordpress\/wp-content\/uploads\/2023\/04\/111-150x150.png\" class=\"attachment-thumbnail size-thumbnail\" alt=\"\" \/><\/a>\n\t\t\t\t<\/dt><\/dl><dl class='gallery-item'>\n\t\t\t\t<dt class='gallery-icon portrait'>\n\t\t\t\t\t<a class=\"rollover rollover-zoom dt-pswp-item\" title=\"22222\" data-dt-img-description=\"\" data-large_image_width=\"1548\" data-large_image_height=\"1600\"href='https:\/\/www.radiopiu.net\/wordpress\/wp-content\/uploads\/2023\/04\/22222.jpg'><img loading=\"lazy\" decoding=\"async\" width=\"150\" height=\"150\" src=\"https:\/\/www.radiopiu.net\/wordpress\/wp-content\/uploads\/2023\/04\/22222-150x150.jpg\" class=\"attachment-thumbnail size-thumbnail\" alt=\"\" \/><\/a>\n\t\t\t\t<\/dt><\/dl><br style=\"clear: both\" \/>\n\t\t\t<\/div>\n\n<p>&nbsp;<\/p>\n<hr \/>\n<p>&nbsp;<\/p>\n<p><strong>DI TIZIANO DE COL<\/strong><\/p>\n\n\t\t\t<style type='text\/css'>\n\t\t\t\t#gallery-4 {\n\t\t\t\t\tmargin: auto;\n\t\t\t\t}\n\t\t\t\t#gallery-4 .gallery-item {\n\t\t\t\t\tfloat: left;\n\t\t\t\t\tmargin-top: 10px;\n\t\t\t\t\ttext-align: center;\n\t\t\t\t\twidth: 20%;\n\t\t\t\t}\n\t\t\t\t#gallery-4 img {\n\t\t\t\t\tborder: 2px solid #cfcfcf;\n\t\t\t\t}\n\t\t\t\t#gallery-4 .gallery-caption {\n\t\t\t\t\tmargin-left: 0;\n\t\t\t\t}\n\t\t\t\t\/* see gallery_shortcode() in wp-includes\/media.php *\/\n\t\t\t<\/style>\n\t\t<div id='gallery-4' class='dt-gallery-container gallery galleryid-329645 gallery-columns-5 gallery-size-thumbnail'><dl class='gallery-item'>\n\t\t\t\t<dt class='gallery-icon landscape'>\n\t\t\t\t\t<a class=\"rollover rollover-zoom dt-pswp-item\" title=\"4fc3cfbe-4f19-4949-957f-b0220f8659b8\" data-dt-img-description=\"\" data-large_image_width=\"602\" data-large_image_height=\"356\"href='https:\/\/www.radiopiu.net\/wordpress\/wp-content\/uploads\/2023\/04\/4fc3cfbe-4f19-4949-957f-b0220f8659b8.jpg'><img loading=\"lazy\" decoding=\"async\" width=\"150\" height=\"150\" src=\"https:\/\/www.radiopiu.net\/wordpress\/wp-content\/uploads\/2023\/04\/4fc3cfbe-4f19-4949-957f-b0220f8659b8-150x150.jpg\" class=\"attachment-thumbnail size-thumbnail\" alt=\"\" \/><\/a>\n\t\t\t\t<\/dt><\/dl><dl class='gallery-item'>\n\t\t\t\t<dt class='gallery-icon landscape'>\n\t\t\t\t\t<a class=\"rollover rollover-zoom dt-pswp-item\" title=\"4edd1097-e04b-4a78-bb1c-741bf2ac7d67\" data-dt-img-description=\"\" data-large_image_width=\"605\" data-large_image_height=\"360\"href='https:\/\/www.radiopiu.net\/wordpress\/wp-content\/uploads\/2023\/04\/4edd1097-e04b-4a78-bb1c-741bf2ac7d67.jpg'><img loading=\"lazy\" decoding=\"async\" width=\"150\" height=\"150\" src=\"https:\/\/www.radiopiu.net\/wordpress\/wp-content\/uploads\/2023\/04\/4edd1097-e04b-4a78-bb1c-741bf2ac7d67-150x150.jpg\" class=\"attachment-thumbnail size-thumbnail\" alt=\"\" \/><\/a>\n\t\t\t\t<\/dt><\/dl><dl class='gallery-item'>\n\t\t\t\t<dt class='gallery-icon landscape'>\n\t\t\t\t\t<a class=\"rollover rollover-zoom dt-pswp-item\" title=\"1633462f-3e4a-4822-86f4-0d84212a07dc\" data-dt-img-description=\"\" data-large_image_width=\"582\" data-large_image_height=\"344\"href='https:\/\/www.radiopiu.net\/wordpress\/wp-content\/uploads\/2023\/04\/1633462f-3e4a-4822-86f4-0d84212a07dc.jpg'><img loading=\"lazy\" decoding=\"async\" width=\"150\" height=\"150\" src=\"https:\/\/www.radiopiu.net\/wordpress\/wp-content\/uploads\/2023\/04\/1633462f-3e4a-4822-86f4-0d84212a07dc-150x150.jpg\" class=\"attachment-thumbnail size-thumbnail\" alt=\"\" \/><\/a>\n\t\t\t\t<\/dt><\/dl><dl class='gallery-item'>\n\t\t\t\t<dt class='gallery-icon landscape'>\n\t\t\t\t\t<a class=\"rollover rollover-zoom dt-pswp-item\" title=\"bf8dfb37-3aaf-4fb0-8e6b-2f19dbdfe98c\" data-dt-img-description=\"\" data-large_image_width=\"602\" data-large_image_height=\"344\"href='https:\/\/www.radiopiu.net\/wordpress\/wp-content\/uploads\/2023\/04\/bf8dfb37-3aaf-4fb0-8e6b-2f19dbdfe98c.jpg'><img loading=\"lazy\" decoding=\"async\" width=\"150\" height=\"150\" src=\"https:\/\/www.radiopiu.net\/wordpress\/wp-content\/uploads\/2023\/04\/bf8dfb37-3aaf-4fb0-8e6b-2f19dbdfe98c-150x150.jpg\" class=\"attachment-thumbnail size-thumbnail\" alt=\"\" \/><\/a>\n\t\t\t\t<\/dt><\/dl><dl class='gallery-item'>\n\t\t\t\t<dt class='gallery-icon landscape'>\n\t\t\t\t\t<a class=\"rollover rollover-zoom dt-pswp-item\" title=\"d50f33f5-f3a0-4922-9079-d76261993b18\" data-dt-img-description=\"\" data-large_image_width=\"610\" data-large_image_height=\"355\"href='https:\/\/www.radiopiu.net\/wordpress\/wp-content\/uploads\/2023\/04\/d50f33f5-f3a0-4922-9079-d76261993b18.jpg'><img loading=\"lazy\" decoding=\"async\" width=\"150\" height=\"150\" src=\"https:\/\/www.radiopiu.net\/wordpress\/wp-content\/uploads\/2023\/04\/d50f33f5-f3a0-4922-9079-d76261993b18-150x150.jpg\" class=\"attachment-thumbnail size-thumbnail\" alt=\"\" \/><\/a>\n\t\t\t\t<\/dt><\/dl><br style=\"clear: both\" \/>\n\t\t\t<\/div>\n\n<p>&nbsp;<\/p>\n<hr \/>\n<p>&nbsp;<\/p>\n<blockquote>\n<h3>DRIVE-IN VACCINALI DEL CADORE E DELL\u2019AGORDINO: RIPRESA L\u2019ATTIVITA\u2019 CON\u00a0 NUMERI SIGNIFICATIVI<\/h3>\n<\/blockquote>\n<p><strong><a class=\"dt-pswp-item\" href=\"https:\/\/www.radiopiu.net\/wordpress\/wp-content\/uploads\/2023\/04\/drive-in-pieve.jpeg\" data-dt-img-description=\"\" data-large_image_width=\"1600\" data-large_image_height=\"1200\"><img loading=\"lazy\" decoding=\"async\" class=\" wp-image-329837 alignleft\" src=\"https:\/\/www.radiopiu.net\/wordpress\/wp-content\/uploads\/2023\/04\/drive-in-pieve-300x225.jpeg\" alt=\"\" width=\"135\" height=\"101\" srcset=\"https:\/\/www.radiopiu.net\/wordpress\/wp-content\/uploads\/2023\/04\/drive-in-pieve-300x225.jpeg 300w, https:\/\/www.radiopiu.net\/wordpress\/wp-content\/uploads\/2023\/04\/drive-in-pieve-1024x768.jpeg 1024w, https:\/\/www.radiopiu.net\/wordpress\/wp-content\/uploads\/2023\/04\/drive-in-pieve-768x576.jpeg 768w, https:\/\/www.radiopiu.net\/wordpress\/wp-content\/uploads\/2023\/04\/drive-in-pieve-1536x1152.jpeg 1536w, https:\/\/www.radiopiu.net\/wordpress\/wp-content\/uploads\/2023\/04\/drive-in-pieve.jpeg 1600w\" sizes=\"auto, (max-width: 135px) 100vw, 135px\" \/><\/a>BELLUNO <\/strong>Dopo la pausa invernale nella quale i drive-in vaccinali di Tai di Cadore e di Agordo Tamonich sono stati sospesi, \u00e8 tornata pienamente attiva l\u2019operativit\u00e0 con sedute vaccinali dedicate alla somministrazione di vaccini per i giovani e gli adulti. Pi\u00f9 in dettaglio, nei primi tre mesi del 2023, sono state eseguite le seguenti vaccinazioni: 1282 dosi di vaccino (960 a Tai, 322 a Agordo). Di cui: 648 vaccinazioni anti TBE (l\u2019ultima seduta vaccinale stamane a Tai con 200 somministrazioni \u2013 vedi foto), 402 Herpes Zoster, 128 anti Pneumococco, 104 anti Covid.<\/p>\n\n\t\t\t<style type='text\/css'>\n\t\t\t\t#gallery-5 {\n\t\t\t\t\tmargin: auto;\n\t\t\t\t}\n\t\t\t\t#gallery-5 .gallery-item {\n\t\t\t\t\tfloat: left;\n\t\t\t\t\tmargin-top: 10px;\n\t\t\t\t\ttext-align: center;\n\t\t\t\t\twidth: 50%;\n\t\t\t\t}\n\t\t\t\t#gallery-5 img {\n\t\t\t\t\tborder: 2px solid #cfcfcf;\n\t\t\t\t}\n\t\t\t\t#gallery-5 .gallery-caption {\n\t\t\t\t\tmargin-left: 0;\n\t\t\t\t}\n\t\t\t\t\/* see gallery_shortcode() in wp-includes\/media.php *\/\n\t\t\t<\/style>\n\t\t<div id='gallery-5' class='dt-gallery-container gallery galleryid-329645 gallery-columns-2 gallery-size-thumbnail'><dl class='gallery-item'>\n\t\t\t\t<dt class='gallery-icon portrait'>\n\t\t\t\t\t<a class=\"rollover rollover-zoom dt-pswp-item\" title=\"AAA\" data-dt-img-description=\"\" data-large_image_width=\"283\" data-large_image_height=\"347\"href='https:\/\/www.radiopiu.net\/wordpress\/wp-content\/uploads\/2023\/04\/AAA.png'><img loading=\"lazy\" decoding=\"async\" width=\"150\" height=\"150\" src=\"https:\/\/www.radiopiu.net\/wordpress\/wp-content\/uploads\/2023\/04\/AAA-150x150.png\" class=\"attachment-thumbnail size-thumbnail\" alt=\"\" \/><\/a>\n\t\t\t\t<\/dt><\/dl><dl class='gallery-item'>\n\t\t\t\t<dt class='gallery-icon landscape'>\n\t\t\t\t\t<a class=\"rollover rollover-zoom dt-pswp-item\" title=\"NNNN\" data-dt-img-description=\"\" data-large_image_width=\"341\" data-large_image_height=\"322\"href='https:\/\/www.radiopiu.net\/wordpress\/wp-content\/uploads\/2023\/04\/NNNN.png'><img loading=\"lazy\" decoding=\"async\" width=\"150\" height=\"150\" src=\"https:\/\/www.radiopiu.net\/wordpress\/wp-content\/uploads\/2023\/04\/NNNN-150x150.png\" class=\"attachment-thumbnail size-thumbnail\" alt=\"\" \/><\/a>\n\t\t\t\t<\/dt><\/dl><br style=\"clear: both\" \/>\n\t\t\t<\/div>\n\n<p>&nbsp;<\/p>\n<p>&nbsp;<\/p>\n<hr \/>\n<p>&nbsp;<\/p>\n<blockquote>\n<h3>TURISMO INCLUSIVO A CORTINA: INIZIATA L\u2019ESPERIENZA PER TRE GIOVANI<\/h3>\n<\/blockquote>\n<p><strong><a class=\"dt-pswp-item\" href=\"https:\/\/www.radiopiu.net\/wordpress\/wp-content\/uploads\/2020\/08\/1200px-Faloria_Cortina_dAmpezzo_10.jpg\" data-dt-img-description=\"\" data-large_image_width=\"1200\" data-large_image_height=\"829\"><img loading=\"lazy\" decoding=\"async\" class=\" wp-image-157928 alignleft\" src=\"https:\/\/www.radiopiu.net\/wordpress\/wp-content\/uploads\/2020\/08\/1200px-Faloria_Cortina_dAmpezzo_10-300x207.jpg\" alt=\"\" width=\"177\" height=\"122\" srcset=\"https:\/\/www.radiopiu.net\/wordpress\/wp-content\/uploads\/2020\/08\/1200px-Faloria_Cortina_dAmpezzo_10-300x207.jpg 300w, https:\/\/www.radiopiu.net\/wordpress\/wp-content\/uploads\/2020\/08\/1200px-Faloria_Cortina_dAmpezzo_10-1024x707.jpg 1024w, https:\/\/www.radiopiu.net\/wordpress\/wp-content\/uploads\/2020\/08\/1200px-Faloria_Cortina_dAmpezzo_10-768x531.jpg 768w, https:\/\/www.radiopiu.net\/wordpress\/wp-content\/uploads\/2020\/08\/1200px-Faloria_Cortina_dAmpezzo_10-640x442.jpg 640w, https:\/\/www.radiopiu.net\/wordpress\/wp-content\/uploads\/2020\/08\/1200px-Faloria_Cortina_dAmpezzo_10.jpg 1200w\" sizes=\"auto, (max-width: 177px) 100vw, 177px\" \/><\/a>CORTINA <\/strong>Tre giovani, selezionati dai Servizi di Integrazione lavorativa, hanno iniziato con entusiasmo l\u2019esperienza a Cortina nell\u2019ambito del \u201cTurismo sociale e inclusivo\u201d, declinazione locale del progetto fortemente voluto dalla Regione Veneto per migliorare l\u2019inclusivit\u00e0 in alcune localit\u00e0 turistiche. Luca e Fadwa (due giovani bellunesi) e Pamela (proveniente dal territorio dell\u2019Ulss 4 Veneto Orientale), stanno svolgendo una prima esperienza di tirocinio formativo nella conca ampezzana, nelle strutture che avevano aderito alla progettualit\u00e0 avviata a dicembre, grazie al forte ruolo di mediazione e organizzazione del Comune di Cortina e alla disponibilit\u00e0 degli albergatori. Questa prima esperienza terminer\u00e0 a Pasqua, con la fine della stagione invernale, e riprender\u00e0 a giugno, con l\u2019avvio della stagione estiva. I tre giovani stanno svolgendo il tirocinio formativo all\u2019Hotel Trieste in cucina, all\u2019hotel Faloria come cameriere di sala e all\u2019hotel Victoria in reception. Oltre all\u2019esperienza lavorativa, i tre giovani stanno sperimentando anche l\u2019autonomia abitativa. Vivono infatti insieme in un appartamento molto accogliente messo a disposizione dal Comune dove, con la supervisione di un operatore, hanno il compito di gestire la quotidianit\u00e0: preparare le cene, alternarsi nelle pulizie, condividere gli spazi comuni, passare il tempo libero, prendere l\u2019autobus in autonomia per raggiungere il luogo di lavoro.<\/p>\n<p>&nbsp;<\/p>\n<p>&nbsp;<\/p>\n<hr \/>\n<p>&nbsp;<\/p>\n<blockquote>\n<h2>QUANTO NON E&#8217; NEVICATO<\/h2>\n<\/blockquote>\n<p><strong>REDAZIONE<\/strong> bollettino con la statistica della neve fresca caduta nel periodo ottobre-marzo <span id=\"m_7929747244681795162m_2271628388181541230m_-5220260624842867229m_4708034583516301790m_1451294573615576963gmail-m_2576079291946434518gmail-m_-2273587570910801467gmail-m_94244399424586211gmail-m_1178190366458835097gmail-m_-6846393001280716657gmail-m_6494008532585578325gmail-m_3874935398566726294gmail-m_1297126042572533099gmail-m_675618958361279499gmail-m_-4073626210372214795gmail-m_4367046355813605201gmail-m_-6001640498934105122gmail-m_879571626566283349gmail-m_1801574282893288115gmail-m_-1794119639268879006m_-3926890016131437008gmail-m_-5277731107562802741gmail-m_6824352796040352620gmail-m_5867628254303641415gmail-OBJ_PREFIX_DWT175_com_zimbra_date\">dalla stagione invernale 2008-2009 a quella attuale.<\/span><\/p>\n<a href=\"https:\/\/www.radiopiu.net\/wordpress\/wp-content\/uploads\/2023\/04\/2023_04_03_Dolomiti-_NEVE_Sommatoria-Hn.pdf\" class=\"pdfemb-viewer\" style=\"\" data-width=\"max\" data-height=\"max\" data-toolbar=\"top\" data-toolbar-fixed=\"on\">2023_04_03_Dolomiti _NEVE_Sommatoria Hn<\/a>\n<p>&nbsp;<\/p>\n<hr \/>\n<p>&nbsp;<\/p>\n<blockquote>\n<h3>TORNA LA SAGRA DE PASCA A TAIBON<\/h3>\n<\/blockquote>\n<p><strong>TAIBON<\/strong> Fine settimana di Pasqua con il grande tendone di Taibon Agordino. Quattro giorni di festa con Gruppo Sportivo, Pro Loco e Donatori del Sangue. Si inizia gioved\u00ec alle 20:30 con la Presentazione del Campionato Agordino di Calcio e a seguire Eugenio Bien si racconta. Venerd\u00ec la musica di Gianmarco Bagutti e l&#8217;Orchestra Italiana. Sabato dalle 10 voli panoramici in elicottero e la sera la serata in musica con Marianna Lantieri. Domenica di Pasqua con la cover band Kriss e alle 21:30 l&#8217;estrazione dei biglietti della lotteria. Tutti i giorni cucina aperta con piatti del giorno e altre specialit\u00e0. Tutte le sere in diretta su Radio Pi\u00f9.<\/p>\n<p>&nbsp;<\/p>\n<p>&nbsp;<\/p>\n<div class=\"page-title-head hgroup\">\n<h1 class=\"entry-title\">SAGRA DE PASCA, IL RICAMBIO GENERAZIONALE<\/h1>\n<\/div>\n<div class=\"page-title-breadcrumbs\"><\/div>\n<div>\n<p><strong><a class=\"dt-pswp-item\" href=\"https:\/\/www.radiopiu.net\/wordpress\/wp-content\/uploads\/2023\/03\/th-19.jpg\" data-dt-img-description=\"\" data-large_image_width=\"474\" data-large_image_height=\"335\"><img loading=\"lazy\" decoding=\"async\" class=\"wp-image-328780 alignleft\" src=\"https:\/\/www.radiopiu.net\/wordpress\/wp-content\/uploads\/2023\/03\/th-19-300x212.jpg\" alt=\"\" width=\"209\" height=\"148\" srcset=\"https:\/\/www.radiopiu.net\/wordpress\/wp-content\/uploads\/2023\/03\/th-19-300x212.jpg 300w, https:\/\/www.radiopiu.net\/wordpress\/wp-content\/uploads\/2023\/03\/th-19.jpg 474w\" sizes=\"auto, (max-width: 209px) 100vw, 209px\" \/><\/a>TAIBON<\/strong> Manca poco, le cucine sono pronte, il tendone sar\u00e0 installato nei prossimi giorni e poi dal 6 APRILE\u00a0 via alla festa, con la presentazione del campionato agordino di calcio, le serata con le grandi orchestre da ballo italiane e una cover band nella domenica di Pasqua. Un programma notevole, come sempre a Taibon con Proloco, Gruppo Sportivo e Associazione Volontari del Sangue. Oggi alla radio i figli dei promotori della Sagra de Pasca, prima edizione nel 2002.<\/p>\n<p><strong>audio<\/strong><\/p>\n<audio class=\"wp-audio-shortcode\" id=\"audio-329645-10\" preload=\"none\" style=\"width: 100%;\" controls=\"controls\"><source type=\"audio\/mpeg\" src=\"https:\/\/www.radiopiu.net\/wordpress\/wp-content\/uploads\/2023\/03\/SAGRA-DE-PASCA.mp3?_=10\" \/><a href=\"https:\/\/www.radiopiu.net\/wordpress\/wp-content\/uploads\/2023\/03\/SAGRA-DE-PASCA.mp3\">https:\/\/www.radiopiu.net\/wordpress\/wp-content\/uploads\/2023\/03\/SAGRA-DE-PASCA.mp3<\/a><\/audio>\n<p>&nbsp;<\/p>\n<\/div>\n<div><\/div>\n<div><\/div>\n<hr \/>\n<p>&nbsp;<\/p>\n<blockquote>\n<blockquote>\n<h3>BAMBINI E RAGAZZI DELLE MUSE IN CONCERTO A PASQUETTA<\/h3>\n<\/blockquote>\n<p lang=\"it-IT\" align=\"LEFT\"><strong><a class=\"dt-pswp-item\" href=\"https:\/\/www.radiopiu.net\/wordpress\/wp-content\/uploads\/2023\/04\/Foto.0070-copia.jpeg\" data-dt-img-description=\"\" data-large_image_width=\"1280\" data-large_image_height=\"853\"><img loading=\"lazy\" decoding=\"async\" class=\"wp-image-329776 alignleft\" src=\"https:\/\/www.radiopiu.net\/wordpress\/wp-content\/uploads\/2023\/04\/Foto.0070-copia-300x200.jpeg\" alt=\"\" width=\"218\" height=\"145\" srcset=\"https:\/\/www.radiopiu.net\/wordpress\/wp-content\/uploads\/2023\/04\/Foto.0070-copia-300x200.jpeg 300w, https:\/\/www.radiopiu.net\/wordpress\/wp-content\/uploads\/2023\/04\/Foto.0070-copia-1024x682.jpeg 1024w, https:\/\/www.radiopiu.net\/wordpress\/wp-content\/uploads\/2023\/04\/Foto.0070-copia-768x512.jpeg 768w, https:\/\/www.radiopiu.net\/wordpress\/wp-content\/uploads\/2023\/04\/Foto.0070-copia.jpeg 1280w\" sizes=\"auto, (max-width: 218px) 100vw, 218px\" \/><\/a>CANALE D&#8217;AGORDO<\/strong> Lunedi di <span style=\"color: #000000;\"><span style=\"font-family: Helvetica, serif;\"><span style=\"font-size: small;\"><span style=\"font-family: Georgia, serif;\"><span lang=\"it-IT\">\u00a0Pasquetta, \u00e8\u00a0 in programma \u201cIn Paradisum\u201d, concerto teatrale a cura\u00a0 dell\u2019associazione \u201cLe Muse e le Dolomiti\u201d. <\/span><\/span><\/span><\/span><\/span><span style=\"color: #000000;\"><span style=\"font-family: Helvetica, serif;\"><span style=\"font-size: small;\"><span style=\"font-family: Georgia, serif;\"><span lang=\"it-IT\">I protagonisti saranno gli studenti della Scuola Interregionale di Canto e Teatro, che ha sedi ad Agordo, Cavalese, Moena e Vallada Agordina. Lanciato nell&#8217;autunno del 2021, la Scuola \u00e8 un progetto formativo unico nel territorio con forte scopo sociale, che unisce bambini e giovani (et<\/span><\/span><span style=\"font-family: Georgia, serif;\">\u00e0 <\/span><span style=\"font-family: Georgia, serif;\"><span lang=\"it-IT\">6-17) dal Bellunese e dal Trentino. <\/span><\/span><\/span><\/span><\/span><span style=\"color: #000000;\"><span style=\"font-family: Helvetica, serif;\"><span style=\"font-size: small;\"><span style=\"font-family: Georgia, serif;\"><span lang=\"it-IT\">Il programma del concerto sar<\/span><\/span><span style=\"font-family: Georgia, serif;\">\u00e0 <\/span><span style=\"font-family: Georgia, serif;\"><span lang=\"it-IT\">presentato dalla vice-presidente dell&#8217;associazione, Adelisa Tabiadon<\/span><\/span><span style=\"font-family: Georgia, serif;\"><span lang=\"it-IT\">. Saranno inoltre eseguiti alcune arie e duetti del grande repertorio vocale sacro, interpretati da studenti adulti della maestra Oda Zoe Hochscheid. Dirige il maestro Paolo Piana. La preparazione teatrale \u00e8 a cura dell\u2019attrice, regista e coreografa Laura Valli; suoner\u00e0 l\u2019organo Ai Yoshida.<\/span><\/span><\/span><\/span><\/span><\/p>\n<\/blockquote>\n<p>&nbsp;<\/p>\n<p>&nbsp;<\/p>\n<hr \/>\n<p>&nbsp;<\/p>\n<blockquote>\n<h3>SABATO L&#8217;INAUGURAZIONE DI TRE NUOVI GRAFFITI AD AGORDO<\/h3>\n<\/blockquote>\n<p><strong>AGORDO<\/strong> Saranno tre i nuovi graffiti che verranno inaugurati sabato pomeriggio a Toccol (casa Zasso), Parech (casa Costantini) e Prompicai (casa Gaz). I lavori verranno scoperti alle 15 quando Don Cesare Larese benedir\u00e0 le opere con partenza dal lavatoio di Toccol. Tappa successiva a Parech e si chiuder\u00e0 con l&#8217;ultimo graffito a Prompicai. Al termine un rinfresco conviviale a cura dei proprietari dei graffiti e US Le Ville.<\/p>\n<p>&nbsp;<\/p>\n<p>&nbsp;<\/p>\n<hr \/>\n<p>&nbsp;<\/p>\n<blockquote>\n<h2>CHE SORPRESA A PASQUA!<\/h2>\n<blockquote>\n<h3><em>LA SCUOLA DI SCI E SNOWBOARD EQUIPE FALCADE PROMUOVE OFFERTE&#8230;DA GIORNI DI FESTA<\/em><\/h3>\n<p>audio<\/p>\n<audio class=\"wp-audio-shortcode\" id=\"audio-329645-11\" preload=\"none\" style=\"width: 100%;\" controls=\"controls\"><source type=\"audio\/mpeg\" src=\"https:\/\/www.radiopiu.net\/wordpress\/wp-content\/uploads\/2023\/03\/scuola-sci-falcade-c-Copia.mp3?_=11\" \/><a href=\"https:\/\/www.radiopiu.net\/wordpress\/wp-content\/uploads\/2023\/03\/scuola-sci-falcade-c-Copia.mp3\">https:\/\/www.radiopiu.net\/wordpress\/wp-content\/uploads\/2023\/03\/scuola-sci-falcade-c-Copia.mp3<\/a><\/audio><\/blockquote>\n<\/blockquote>\n<p><strong>FINO AL 10 APRILE<\/strong>, SUPER SUN: prenota 3 ore di lezione privata paghi solo 2 ore <strong>DAL 6 AL 10 APRILE,<\/strong> corso collettivo per\u00a0 bambini ed adulti\u00a0 tutti i livelli\u00a0 dalle 10 alle 13 \u2013 non \u00e8 obbligatoria l\u2019iscrizione per tutti i 5 giorni si accettano prenotazione anche parziali pasqua a FALCADE, LE VANTAGGIOSE PROPOSTE DELLA SCUOLA SCI E SNOWBOARD EQUIPE FALCADE INFO 0437\/599616 \u2013 mail <a href=\"mailto:info@scuolasciequipe.it\">info@scuolasciequipe.it<\/a><\/p>\n\n\t\t\t<style type='text\/css'>\n\t\t\t\t#gallery-6 {\n\t\t\t\t\tmargin: auto;\n\t\t\t\t}\n\t\t\t\t#gallery-6 .gallery-item {\n\t\t\t\t\tfloat: left;\n\t\t\t\t\tmargin-top: 10px;\n\t\t\t\t\ttext-align: center;\n\t\t\t\t\twidth: 50%;\n\t\t\t\t}\n\t\t\t\t#gallery-6 img {\n\t\t\t\t\tborder: 2px solid #cfcfcf;\n\t\t\t\t}\n\t\t\t\t#gallery-6 .gallery-caption {\n\t\t\t\t\tmargin-left: 0;\n\t\t\t\t}\n\t\t\t\t\/* see gallery_shortcode() in wp-includes\/media.php *\/\n\t\t\t<\/style>\n\t\t<div id='gallery-6' class='dt-gallery-container gallery galleryid-329645 gallery-columns-2 gallery-size-thumbnail'><dl class='gallery-item'>\n\t\t\t\t<dt class='gallery-icon portrait'>\n\t\t\t\t\t<a class=\"rollover rollover-zoom dt-pswp-item\" title=\"Corso di pasqua 2023\" data-dt-img-description=\"\" data-large_image_width=\"1810\" data-large_image_height=\"2560\"href='https:\/\/www.radiopiu.net\/wordpress\/wp-content\/uploads\/2023\/03\/Corso-di-pasqua-2023-scaled.jpg'><img loading=\"lazy\" decoding=\"async\" width=\"150\" height=\"150\" src=\"https:\/\/www.radiopiu.net\/wordpress\/wp-content\/uploads\/2023\/03\/Corso-di-pasqua-2023-150x150.jpg\" class=\"attachment-thumbnail size-thumbnail\" alt=\"\" \/><\/a>\n\t\t\t\t<\/dt><\/dl><dl class='gallery-item'>\n\t\t\t\t<dt class='gallery-icon landscape'>\n\t\t\t\t\t<a class=\"rollover rollover-zoom dt-pswp-item\" title=\"EQUIPE SUPER SUN 2023\" data-dt-img-description=\"\" data-large_image_width=\"2067\" data-large_image_height=\"738\"href='https:\/\/www.radiopiu.net\/wordpress\/wp-content\/uploads\/2023\/03\/EQUIPE-SUPER-SUN-2023.jpg'><img loading=\"lazy\" decoding=\"async\" width=\"150\" height=\"150\" src=\"https:\/\/www.radiopiu.net\/wordpress\/wp-content\/uploads\/2023\/03\/EQUIPE-SUPER-SUN-2023-150x150.jpg\" class=\"attachment-thumbnail size-thumbnail\" alt=\"\" \/><\/a>\n\t\t\t\t<\/dt><\/dl><br style=\"clear: both\" \/>\n\t\t\t<\/div>\n\n<p>&nbsp;<\/p>\n<p>&nbsp;<\/p>\n<p>&nbsp;<\/p>\n<p>&nbsp;<\/p>\n<hr \/>\n<p>&nbsp;<\/p>\n<blockquote>\n<h3>L&#8217;ASSEMBLEA DELLA CROCE BIANCA DI LIVINALLONGO<\/h3>\n<\/blockquote>\n<p><strong>LIVINALLONGO<\/strong> E&#8217; in programma il 14 aprile alle 19:30\u00a0 l&#8217;assemblea generale della Croce Bianca Livinallongo. I soci si ritroveranno alla sala Bo\u00e8 di Arabba per parlare del resoconto delle attivit\u00e0 dello scorso anno, l&#8217;elezione dei delegati e l&#8217;intervento del responsabile gruppo giovani. L&#8217;occasione anche per consegnare le onorificenze e per un momento conviviale.<\/p>\n<p>&nbsp;<\/p>\n<p>&nbsp;<\/p>\n<hr \/>\n<p>&nbsp;<\/p>\n<blockquote>\n<h3>PASQUA IN VALLE DEL BIOIS<\/h3>\n<\/blockquote>\n<p><strong>VALLE DEL BIOIS<\/strong> Sono tre gli appuntamenti in programma nel fine settimana di Pasqua in Valle del Biois. Domenica 9 aprile a Canale D&#8217;Agordo il Tiro Al Vof con chiosco a cura dell&#8217;Hockey Club Canale. Luned\u00ec 10 aprile a Falcade il mercatino di Pasquetta e alle 11:30 nel giardino del Festil la caccia alle uova per bambini dai 3 agli 11 anni.<\/p>\n<p>&nbsp;<\/p>\n<p>&nbsp;<\/p>\n<hr \/>\n<p>&nbsp;<\/p>\n<blockquote>\n<h3>SABATO LA CACCIA ALLE UOVA A SOTTOGUDA<\/h3>\n<\/blockquote>\n<p><strong>ROCCA PIETORE<\/strong> Sabato pomeriggio dalle 14:30 alle 18:30 \u00e8 ijn programma la Caccia alle uova a Sottoguda di Rocca Pietore. Ritrovo al parco giochi per le prime indicazione alla caccia al tesoro. Organizza l&#8217;Associazione Borgo Sottoguda.<\/p>\n<p>&nbsp;<\/p>\n<p>&nbsp;<\/p>\n<hr \/>\n<p>&nbsp;<\/p>\n<blockquote>\n<h3>LA PESCA DI BENEFICENZA A CENCENIGHE<\/h3>\n<\/blockquote>\n<p><strong>CENCENIGHE<\/strong> Il Gruppo Insieme Si Pu\u00f2 di Cencenighe organizza per i giorni 8, 9, 10 aprile la pesca di beneficenza agli ex garage della canonica. Si potr\u00e0 accedere dalle 9 alle 12 e dalle 15 alle 19.<\/p>\n<p>&nbsp;<\/p>\n<p>&nbsp;<\/p>\n<hr \/>\n<p>&nbsp;<\/p>\n<p>&nbsp;<\/p>\n<p>&nbsp;<\/p>\n<hr \/>\n<p>&nbsp;<\/p>\n<div>\n<div class=\"b654a4as d2edcug0\">\n<div class=\"rq0escxv hkbzh7o3 jwdofwj8 n8tt0mok r8blr3vg hyh9befq\">\n<p><a class=\"dt-pswp-item\" href=\"https:\/\/www.radiopiu.net\/wordpress\/wp-content\/uploads\/2020\/10\/pp.jpg\" data-dt-img-description=\"\" data-large_image_width=\"640\" data-large_image_height=\"640\"><img loading=\"lazy\" decoding=\"async\" class=\"wp-image-163678 alignleft\" src=\"https:\/\/www.radiopiu.net\/wordpress\/wp-content\/uploads\/2020\/10\/pp-300x300.jpg\" alt=\"\" width=\"106\" height=\"106\" srcset=\"https:\/\/www.radiopiu.net\/wordpress\/wp-content\/uploads\/2020\/10\/pp-300x300.jpg 300w, https:\/\/www.radiopiu.net\/wordpress\/wp-content\/uploads\/2020\/10\/pp-150x150.jpg 150w, https:\/\/www.radiopiu.net\/wordpress\/wp-content\/uploads\/2020\/10\/pp-125x125.jpg 125w, https:\/\/www.radiopiu.net\/wordpress\/wp-content\/uploads\/2020\/10\/pp-200x200.jpg 200w, https:\/\/www.radiopiu.net\/wordpress\/wp-content\/uploads\/2020\/10\/pp-80x80.jpg 80w, https:\/\/www.radiopiu.net\/wordpress\/wp-content\/uploads\/2020\/10\/pp-480x480.jpg 480w, https:\/\/www.radiopiu.net\/wordpress\/wp-content\/uploads\/2020\/10\/pp.jpg 640w\" sizes=\"auto, (max-width: 106px) 100vw, 106px\" \/><\/a><\/p>\n<\/div>\n<\/div>\n<\/div>\n<div>\n<div class=\"page-title-head hgroup\">\n<div class=\"page-title-head hgroup\">\n<div class=\"b654a4as d2edcug0\">\n<div class=\"j83agx80 btwxx1t3 lhclo0ds hop8lmos nkwizq5d scwd0bx6 roh60bw9\">\n<div class=\"rq0escxv hkbzh7o3 jwdofwj8 n8tt0mok r8blr3vg hyh9befq\">\n<div class=\"do00u71z l9j0dhe7 k4urcfbm\" style=\"text-align: left;\">\n<h2><span style=\"color: #000080;\">DON CESARE, IL PENSIERO DEL GIORNO. ALLA RADIO ALLE 7 DEL MATTINO E ALLE 19.30 DELLA SERA\u00a0<\/span><\/h2>\n<p>&nbsp;<\/p>\n<audio class=\"wp-audio-shortcode\" id=\"audio-329645-12\" preload=\"none\" style=\"width: 100%;\" controls=\"controls\"><source type=\"audio\/mpeg\" src=\"https:\/\/www.radiopiu.net\/wordpress\/wp-content\/uploads\/2023\/04\/CESARE-2.mp3?_=12\" \/><a href=\"https:\/\/www.radiopiu.net\/wordpress\/wp-content\/uploads\/2023\/04\/CESARE-2.mp3\">https:\/\/www.radiopiu.net\/wordpress\/wp-content\/uploads\/2023\/04\/CESARE-2.mp3<\/a><\/audio>\n<p>&nbsp;<\/p>\n<p>&nbsp;<\/p>\n<\/div>\n<\/div>\n<\/div>\n<\/div>\n<\/div>\n<\/div>\n<\/div>\n<p>&nbsp;<\/p>\n<hr \/>\n<p>&nbsp;<\/p>\n<h2><span style=\"color: #ff00ff;\">IN VIVO VERSO\u00a0 \u00a0<\/span><\/h2>\n<blockquote>\n<h2>E&#8217; TEMPO DI PASQUA di ALDO IORIO<\/h2>\n<\/blockquote>\n<p><strong>AUDIO<\/strong><\/p>\n<audio class=\"wp-audio-shortcode\" id=\"audio-329645-13\" preload=\"none\" style=\"width: 100%;\" controls=\"controls\"><source type=\"audio\/mpeg\" src=\"https:\/\/www.radiopiu.net\/wordpress\/wp-content\/uploads\/2023\/04\/VIVO-VERSO-LUN.mp3?_=13\" \/><a href=\"https:\/\/www.radiopiu.net\/wordpress\/wp-content\/uploads\/2023\/04\/VIVO-VERSO-LUN.mp3\">https:\/\/www.radiopiu.net\/wordpress\/wp-content\/uploads\/2023\/04\/VIVO-VERSO-LUN.mp3<\/a><\/audio>\n<p>&nbsp;<\/p>\n<p><a class=\"dt-pswp-item\" href=\"https:\/\/www.radiopiu.net\/wordpress\/wp-content\/uploads\/2023\/04\/ALDO-IORIO-FOTO.jpg\" data-dt-img-description=\"\" data-large_image_width=\"1440\" data-large_image_height=\"1440\"><img loading=\"lazy\" decoding=\"async\" class=\"wp-image-329740 alignleft\" src=\"https:\/\/www.radiopiu.net\/wordpress\/wp-content\/uploads\/2023\/04\/ALDO-IORIO-FOTO-300x300.jpg\" alt=\"\" width=\"170\" height=\"170\" srcset=\"https:\/\/www.radiopiu.net\/wordpress\/wp-content\/uploads\/2023\/04\/ALDO-IORIO-FOTO-300x300.jpg 300w, https:\/\/www.radiopiu.net\/wordpress\/wp-content\/uploads\/2023\/04\/ALDO-IORIO-FOTO-1024x1024.jpg 1024w, https:\/\/www.radiopiu.net\/wordpress\/wp-content\/uploads\/2023\/04\/ALDO-IORIO-FOTO-150x150.jpg 150w, https:\/\/www.radiopiu.net\/wordpress\/wp-content\/uploads\/2023\/04\/ALDO-IORIO-FOTO-768x768.jpg 768w, https:\/\/www.radiopiu.net\/wordpress\/wp-content\/uploads\/2023\/04\/ALDO-IORIO-FOTO.jpg 1440w\" sizes=\"auto, (max-width: 170px) 100vw, 170px\" \/><\/a><strong>Aldo Iorio<\/strong><br \/>\n<strong>\u00c8 TEMPO DI PASQUA!<\/strong><\/p>\n<p>\u00c8 tempo di Pasqua!<br \/>\nSordo, cieco e stolto, senza pi\u00f9<br \/>\nanima, lacrime, dignit\u00e0.<br \/>\nSvegliati uomo!<br \/>\nRiscatta la tua esistenza, risorgi!<br \/>\nE per farlo, muori dentro, prima!<br \/>\nTrafitto di chiodi e di spine,<br \/>\npuoi rinascere<br \/>\nRavvediti!<br \/>\nTramite un percorso tormentato e sofferente,<br \/>\nriscopri la spiritualit\u00e0 perduta,<br \/>\ne rincamminati sul giusto sentiero,<br \/>\nporta al Salvatore!<\/p>\n<p><strong>LA RACCOLTA COMPLETA<\/strong><\/p>\n<div dir=\"auto\">\n<div dir=\"auto\">\n<div dir=\"auto\">\n<div dir=\"auto\">\n<div dir=\"auto\">\n<div dir=\"auto\">\n<blockquote class=\"wp-embedded-content\" data-secret=\"yK1IWhiXre\"><p><a href=\"https:\/\/www.radiopiu.net\/wordpress\/in-vivo-verso\/\">In Vivo Verso<\/a><\/p><\/blockquote>\n<p><iframe loading=\"lazy\" class=\"wp-embedded-content\" sandbox=\"allow-scripts\" security=\"restricted\" style=\"position: absolute; clip: rect(1px, 1px, 1px, 1px);\" title=\"&#8220;In Vivo Verso&#8221; &#8212; Radio Pi\u00f9\" src=\"https:\/\/www.radiopiu.net\/wordpress\/in-vivo-verso\/embed\/#?secret=wXEi2S0AWG#?secret=yK1IWhiXre\" data-secret=\"yK1IWhiXre\" width=\"600\" height=\"338\" frameborder=\"0\" marginwidth=\"0\" marginheight=\"0\" scrolling=\"no\"><\/iframe><\/p>\n<\/div>\n<\/div>\n<\/div>\n<\/div>\n<\/div>\n<\/div>\n<p>&nbsp;<\/p>\n<hr \/>\n<p>&nbsp;<\/p>\n<h2><span style=\"color: #008080;\">GOCCE DI FILOSOFIA\u00a0<\/span><\/h2>\n<p><strong>PUNTATA 281 &#8211; LISA DE LUCA<\/strong><\/p>\n<audio class=\"wp-audio-shortcode\" id=\"audio-329645-14\" preload=\"none\" style=\"width: 100%;\" controls=\"controls\"><source type=\"audio\/mpeg\" src=\"https:\/\/www.radiopiu.net\/wordpress\/wp-content\/uploads\/2023\/04\/FI1.mp3?_=14\" \/><a href=\"https:\/\/www.radiopiu.net\/wordpress\/wp-content\/uploads\/2023\/04\/FI1.mp3\">https:\/\/www.radiopiu.net\/wordpress\/wp-content\/uploads\/2023\/04\/FI1.mp3<\/a><\/audio>\n<div class=\"page-title-head hgroup\"><\/div>\n<blockquote class=\"wp-embedded-content\" data-secret=\"fVXHgEjpgY\"><p><a href=\"https:\/\/www.radiopiu.net\/wordpress\/gocce-filosofia\/\">Gocce di filosofia,  LA TERZA STAGIONE&#8230; 2023<\/a><\/p><\/blockquote>\n<p><iframe loading=\"lazy\" class=\"wp-embedded-content\" sandbox=\"allow-scripts\" security=\"restricted\" style=\"position: absolute; clip: rect(1px, 1px, 1px, 1px);\" title=\"&#8220;Gocce di filosofia,  LA TERZA STAGIONE&#8230; 2023&#8221; &#8212; Radio Pi\u00f9\" src=\"https:\/\/www.radiopiu.net\/wordpress\/gocce-filosofia\/embed\/#?secret=pOvAIvbTI3#?secret=fVXHgEjpgY\" data-secret=\"fVXHgEjpgY\" width=\"600\" height=\"338\" frameborder=\"0\" marginwidth=\"0\" marginheight=\"0\" scrolling=\"no\"><\/iframe><\/p>\n<p>&nbsp;<\/p>\n<p>&nbsp;<\/p>\n<p>&nbsp;<\/p>\n<hr \/>\n<p>&nbsp;<\/p>\n<div class=\"column\">\n<p><img loading=\"lazy\" decoding=\"async\" class=\"aligncenter wp-image-61954 size-full\" src=\"https:\/\/www.radiopiu.net\/wordpress\/wp-content\/uploads\/2018\/09\/viabilita.jpeg\" sizes=\"auto, (max-width: 800px) 100vw, 800px\" srcset=\"https:\/\/www.radiopiu.net\/wordpress\/wp-content\/uploads\/2018\/09\/viabilita.jpeg 800w, https:\/\/www.radiopiu.net\/wordpress\/wp-content\/uploads\/2018\/09\/viabilita-300x38.jpeg 300w, https:\/\/www.radiopiu.net\/wordpress\/wp-content\/uploads\/2018\/09\/viabilita-768x96.jpeg 768w\" alt=\"\" width=\"800\" height=\"100\" \/><\/p>\n<p>&nbsp;<\/p>\n<blockquote class=\"wp-embedded-content\" data-secret=\"CXELFeHGEB\"><p><a href=\"https:\/\/www.radiopiu.net\/wordpress\/viabilita\/\">viabilita<\/a><\/p><\/blockquote>\n<p><iframe loading=\"lazy\" class=\"wp-embedded-content\" sandbox=\"allow-scripts\" security=\"restricted\" style=\"position: absolute; clip: rect(1px, 1px, 1px, 1px);\" title=\"&#8220;viabilita&#8221; &#8212; Radio Pi\u00f9\" src=\"https:\/\/www.radiopiu.net\/wordpress\/viabilita\/embed\/#?secret=Sqg7scrYVI#?secret=CXELFeHGEB\" data-secret=\"CXELFeHGEB\" width=\"600\" height=\"338\" frameborder=\"0\" marginwidth=\"0\" marginheight=\"0\" scrolling=\"no\"><\/iframe><\/p>\n<div>\n<div dir=\"ltr\">\n<div class=\"gmail_quote\">\n<div dir=\"ltr\">\n<div class=\"gmail_quote\"><\/div>\n<\/div>\n<\/div>\n<\/div>\n<\/div>\n<p>&nbsp;<\/p>\n<hr \/>\n<p>&nbsp;<\/p>\n<p><a class=\"dt-pswp-item\" href=\"https:\/\/www.radiopiu.net\/wordpress\/wp-content\/uploads\/2018\/09\/WhatsApp-Image-2018-09-20-at-16.04.06.jpeg\" data-dt-img-description=\"\" data-large_image_width=\"800\" data-large_image_height=\"100\"><img loading=\"lazy\" decoding=\"async\" class=\"wp-image-61378 size-full aligncenter\" src=\"https:\/\/www.radiopiu.net\/wordpress\/wp-content\/uploads\/2018\/09\/WhatsApp-Image-2018-09-20-at-16.04.06.jpeg\" alt=\"\" width=\"800\" height=\"100\" srcset=\"https:\/\/www.radiopiu.net\/wordpress\/wp-content\/uploads\/2018\/09\/WhatsApp-Image-2018-09-20-at-16.04.06.jpeg 800w, https:\/\/www.radiopiu.net\/wordpress\/wp-content\/uploads\/2018\/09\/WhatsApp-Image-2018-09-20-at-16.04.06-300x38.jpeg 300w, https:\/\/www.radiopiu.net\/wordpress\/wp-content\/uploads\/2018\/09\/WhatsApp-Image-2018-09-20-at-16.04.06-768x96.jpeg 768w\" sizes=\"auto, (max-width: 800px) 100vw, 800px\" \/><\/a><\/p>\n<p>&nbsp;<\/p>\n<\/div>\n<p><center><\/center><center><\/center><b>OGGI: <\/b>Sereno con cielo terso ed ottima visibilit\u00e0 fino a met\u00e0 pomeriggio. Verso sera irregolare aumento della nuvolosit\u00e0.<\/p>\n<p><b>DOMANI: <\/b>Su Dolomiti al mattino sereno, nel pomeriggio e soprattutto verso sera irregolare aumento della nuvolosit\u00e0. Su Prealpi maggior nuvolosit\u00e0 con cielo da poco a parzialmente nuvoloso.<b>Precipitazioni: <\/b>Generalmente assenti seppur non del tutto esclusi con\u00a0 debolissimi fenomeni sparsi nel pomeriggio\/sera su Prealpi con qualche fiocco fin sui 700\/900 m.<\/p>\n<p><strong>GIOVEDI<\/strong> Residua variabilit\u00e0 fino al primo mattino su Prealpi ovest, poi schiarite via via pi\u00f9 ampie con cielo da sereno a poco nuvoloso per qualche addensamento nel pomeriggio su Prealpi. Temperature in generale lieve aumento ma ancora ben al di sotto della media. Venti in quota moderati da Nord\/Nordovest, brezze nelle valli.<b><\/b><\/p>\n<p><strong>VENERDI<\/strong> Al mattino sereno o poco nuvoloso, dalle ore centrali nubi in aumento con cielo irregolarmente nuvoloso. Poco probabile ma non escluso qualche debole fenomeno sparso nel pomeriggio\/sera. Temperature il lieve aumento. Al mattino sereno o poco nuvoloso, dalle ore centrali nubi in aumento con cielo irregolarmente nuvoloso. Poco probabile ma non escluso qualche debole fenomeno sparso nel pomeriggio\/sera. Temperature il lieve aumento.<\/p>\n<p>&nbsp;<\/p>\n<hr \/>\n<p>&nbsp;<\/p>\n<p><a class=\"dt-pswp-item\" href=\"https:\/\/www.radiopiu.net\/wordpress\/wp-content\/uploads\/2018\/09\/sport.jpg\" data-dt-img-description=\"\" data-large_image_width=\"800\" data-large_image_height=\"100\"><img loading=\"lazy\" decoding=\"async\" class=\"aligncenter wp-image-60761 size-full\" src=\"https:\/\/www.radiopiu.net\/wordpress\/wp-content\/uploads\/2018\/09\/sport.jpg\" alt=\"\" width=\"800\" height=\"100\" srcset=\"https:\/\/www.radiopiu.net\/wordpress\/wp-content\/uploads\/2018\/09\/sport.jpg 800w, https:\/\/www.radiopiu.net\/wordpress\/wp-content\/uploads\/2018\/09\/sport-300x38.jpg 300w, https:\/\/www.radiopiu.net\/wordpress\/wp-content\/uploads\/2018\/09\/sport-768x96.jpg 768w\" sizes=\"auto, (max-width: 800px) 100vw, 800px\" \/><\/a><\/p>\n<p>&nbsp;<\/p>\n<blockquote>\n<h1>\u00a0IL NON CASO fa chiarezza il Corriere delle Alpi. Inutili polemiche del lunedi, chiarite al martedi &#8220;tutto ben ingigantito e con ben poco di vero, nessuna mano al collo&#8230;&#8221;<\/h1>\n<\/blockquote>\n<p><a class=\"dt-pswp-item\" href=\"https:\/\/www.radiopiu.net\/wordpress\/wp-content\/uploads\/2023\/04\/aaa.jpg\" data-dt-img-description=\"\" data-large_image_width=\"468\" data-large_image_height=\"253\"><img loading=\"lazy\" decoding=\"async\" class=\"aligncenter wp-image-329900 size-full\" src=\"https:\/\/www.radiopiu.net\/wordpress\/wp-content\/uploads\/2023\/04\/aaa.jpg\" alt=\"\" width=\"468\" height=\"253\" srcset=\"https:\/\/www.radiopiu.net\/wordpress\/wp-content\/uploads\/2023\/04\/aaa.jpg 468w, https:\/\/www.radiopiu.net\/wordpress\/wp-content\/uploads\/2023\/04\/aaa-300x162.jpg 300w\" sizes=\"auto, (max-width: 468px) 100vw, 468px\" \/><\/a><\/p>\n<p>&nbsp;<\/p>\n<p><span style=\"color: #0000ff;\"><strong>CALCIO<\/strong><\/span><\/p>\n<blockquote>\n<h3>AGORDINA CON L&#8217;ACQUA ALLA GOLA. SOLO UNA VITTORIA NELLA PROSSIMA PARTITA PUO&#8217; SALVARE LA STAGIONE<\/h3>\n<\/blockquote>\n<p><strong><a class=\"dt-pswp-item\" href=\"https:\/\/www.radiopiu.net\/wordpress\/wp-content\/uploads\/2019\/07\/pallone-calcio-2019.jpg\" data-dt-img-description=\"\" data-large_image_width=\"4460\" data-large_image_height=\"2977\"><img loading=\"lazy\" decoding=\"async\" class=\" wp-image-91405 alignleft\" src=\"https:\/\/www.radiopiu.net\/wordpress\/wp-content\/uploads\/2019\/07\/pallone-calcio-2019-300x200.jpg\" alt=\"\" width=\"177\" height=\"118\" srcset=\"https:\/\/www.radiopiu.net\/wordpress\/wp-content\/uploads\/2019\/07\/pallone-calcio-2019-300x200.jpg 300w, https:\/\/www.radiopiu.net\/wordpress\/wp-content\/uploads\/2019\/07\/pallone-calcio-2019-768x513.jpg 768w, https:\/\/www.radiopiu.net\/wordpress\/wp-content\/uploads\/2019\/07\/pallone-calcio-2019-1024x684.jpg 1024w\" sizes=\"auto, (max-width: 177px) 100vw, 177px\" \/><\/a>di Marco Gaz<\/strong><\/p>\n<p><strong>REDAZIONE<\/strong> Si pu\u00f2 dire che l&#8217;Agordina di Seconda Categoria sia con l&#8217;acqua alla gola. La squadra di Danilo Chenet ha perso ancora. Domenica scorsa i ragazzi di Agordo hanno giocato bene per 70 minuti per poi crollare contro la Juventina. Ora la strada si fa in salita per la compagine di Agordo. La classifica dice che sono 5 i punti di distacco dalla diretta avversaria, il Gemelle. Per rimanere in gioco e sperare nei playout l&#8217;Agordina dovr\u00e0 vincere lo scontro diretto nell&#8217;ultima giornata di campionato. Infatti il regolamento dice che per accedere ai playout tra la penultima e la terzultima squadra in classifica ci devono essere meno di 6 punti di differenza. In questo caso l&#8217;Agordina ha 19 punti mentre il Gemelle 24. E il destino vuole che proprio queste due squadre si scontrino tra due domeniche, dopo la pausa pasquale. Si giocher\u00e0 a Borgo Valbelluna e il fattore campo non sar\u00e0 di certo a favore degli agordini. Quindici giorni per preparare una partita che vale una stagione, e perdere contro la squadra di Mel vorrebbe dire buttare al vento una stagione e retrocedere in terza categoria.<\/p>\n<p>&nbsp;<\/p>\n<p>&nbsp;<\/p>\n<hr \/>\n<p>&nbsp;<\/p>\n<p><span style=\"color: #0000ff;\"><strong>RALLY<\/strong><\/span><\/p>\n<blockquote>\n<h3>UN BILANCIO POSITIVO PER IL RALLY BELLUNESE 2023<\/h3>\n<\/blockquote>\n<p><strong><a class=\"dt-pswp-item\" href=\"https:\/\/www.radiopiu.net\/wordpress\/wp-content\/uploads\/2023\/04\/b4834692-0db4-4567-adac-73b8b64cdaca.jpg\" data-dt-img-description=\"\" data-large_image_width=\"1600\" data-large_image_height=\"898\"><img loading=\"lazy\" decoding=\"async\" class=\" wp-image-329874 alignleft\" src=\"https:\/\/www.radiopiu.net\/wordpress\/wp-content\/uploads\/2023\/04\/b4834692-0db4-4567-adac-73b8b64cdaca-300x168.jpg\" alt=\"\" width=\"184\" height=\"103\" srcset=\"https:\/\/www.radiopiu.net\/wordpress\/wp-content\/uploads\/2023\/04\/b4834692-0db4-4567-adac-73b8b64cdaca-300x168.jpg 300w, https:\/\/www.radiopiu.net\/wordpress\/wp-content\/uploads\/2023\/04\/b4834692-0db4-4567-adac-73b8b64cdaca-1024x575.jpg 1024w, https:\/\/www.radiopiu.net\/wordpress\/wp-content\/uploads\/2023\/04\/b4834692-0db4-4567-adac-73b8b64cdaca-768x431.jpg 768w, https:\/\/www.radiopiu.net\/wordpress\/wp-content\/uploads\/2023\/04\/b4834692-0db4-4567-adac-73b8b64cdaca-1536x862.jpg 1536w, https:\/\/www.radiopiu.net\/wordpress\/wp-content\/uploads\/2023\/04\/b4834692-0db4-4567-adac-73b8b64cdaca.jpg 1600w\" sizes=\"auto, (max-width: 184px) 100vw, 184px\" \/><\/a>BELLUNO<\/strong><\/p>\n<p>di Roberto Bona<\/p>\n<audio class=\"wp-audio-shortcode\" id=\"audio-329645-15\" preload=\"none\" style=\"width: 100%;\" controls=\"controls\"><source type=\"audio\/mpeg\" src=\"https:\/\/www.radiopiu.net\/wordpress\/wp-content\/uploads\/2023\/04\/RallyFinale.mp3?_=15\" \/><a href=\"https:\/\/www.radiopiu.net\/wordpress\/wp-content\/uploads\/2023\/04\/RallyFinale.mp3\">https:\/\/www.radiopiu.net\/wordpress\/wp-content\/uploads\/2023\/04\/RallyFinale.mp3<\/a><\/audio>\n<p>&nbsp;<\/p>\n<hr \/>\n<p>&nbsp;<\/p>\n<p><strong><span style=\"color: #0000ff;\">SKIALP<\/span><\/strong><\/p>\n<blockquote>\n<h3>MONICA TODESCO SECONDA AI MONDIALI MASTER DI SKI ALP IN SLOVENIA<\/h3>\n<\/blockquote>\n<p><strong><a class=\"dt-pswp-item\" href=\"https:\/\/www.radiopiu.net\/wordpress\/wp-content\/uploads\/2023\/04\/SCR-20230403-rsjw.jpeg\" data-dt-img-description=\"\" data-large_image_width=\"1298\" data-large_image_height=\"754\"><img loading=\"lazy\" decoding=\"async\" class=\" wp-image-329884 alignleft\" src=\"https:\/\/www.radiopiu.net\/wordpress\/wp-content\/uploads\/2023\/04\/SCR-20230403-rsjw-300x174.jpeg\" alt=\"\" width=\"262\" height=\"152\" srcset=\"https:\/\/www.radiopiu.net\/wordpress\/wp-content\/uploads\/2023\/04\/SCR-20230403-rsjw-300x174.jpeg 300w, https:\/\/www.radiopiu.net\/wordpress\/wp-content\/uploads\/2023\/04\/SCR-20230403-rsjw-1024x595.jpeg 1024w, https:\/\/www.radiopiu.net\/wordpress\/wp-content\/uploads\/2023\/04\/SCR-20230403-rsjw-768x446.jpeg 768w, https:\/\/www.radiopiu.net\/wordpress\/wp-content\/uploads\/2023\/04\/SCR-20230403-rsjw.jpeg 1298w\" sizes=\"auto, (max-width: 262px) 100vw, 262px\" \/><\/a> <\/strong><\/p>\n<p><strong>\u00a0<\/strong><\/p>\n<p><strong>REDAZIONE<\/strong> Ottimo risultato nel fine settimana in terra slovena per la lavallese Monica Todesco che si \u00e8 piazzata al secondo posto nel Campionato Mondiale Master di Skialp. &#8220;Inizia con una bella sgasata l&#8217;esperienza ai Mondiali Master, ho cercato di dare tutto quello che potevo, ed \u00e8 arrivata una bella medaglia d&#8217;argento.&#8221; il commento di Monica sui social.<\/p>\n<p>&nbsp;<\/p>\n<p>&nbsp;<\/p>\n<p>&nbsp;<\/p>\n<hr \/>\n<p>&nbsp;<\/p>\n<p><span style=\"color: #0000ff;\"><strong>KARATE\u00a0 <\/strong><\/span><\/p>\n<p>&nbsp;<\/p>\n<blockquote>\n<h3>A RIJEKA, \u00a0UN ARGENTO ED UN BRONZO PER L\u2019AGORDINA MASOCH<\/h3>\n<\/blockquote>\n<p><strong>REDAZIONE\u00a0<\/strong> Altra gara e altri podi in Croazia, a Rijeka, per Mariachiara Masoch, portacolori del Karate Team Dolomiti 1970. Bronzo Juniores nella precedente edizione della competizione la giovane agordina ha quest\u2019anno combattuto in tre classi. Nella Seniores, argento al limite dei 50 kg battendo in finale l&#8217;atleta di casa Ema\u00a0 Sgardelli, vicecampionessa europea Under 21.\u00a0 Quindi anche il\u00a0 bronzo nella classe U21 50 kg ed un quinto posto nella Juniores 48kg. Quinto posti anche per Roberto Fanasca e Thomas Mollica, in prestito dal Karate Club Mestre. Proseguono gli allenamenti sotto la guida di Vittorio Moreno, membro della Squadra Nazionale Giovanile, al Palasport \u201cDe Mas\u201d di Belluno e nella sede di Taibon Agordino presso la palestra della scuola primaria.<\/p>\n<p><a class=\"dt-pswp-item\" href=\"https:\/\/www.radiopiu.net\/wordpress\/wp-content\/uploads\/2023\/04\/20230401_195928-scaled.jpg\" data-dt-img-description=\"\" data-large_image_width=\"2560\" data-large_image_height=\"1740\"><img loading=\"lazy\" decoding=\"async\" class=\" wp-image-329787 aligncenter\" src=\"https:\/\/www.radiopiu.net\/wordpress\/wp-content\/uploads\/2023\/04\/20230401_195928-300x204.jpg\" alt=\"\" width=\"365\" height=\"248\" srcset=\"https:\/\/www.radiopiu.net\/wordpress\/wp-content\/uploads\/2023\/04\/20230401_195928-300x204.jpg 300w, https:\/\/www.radiopiu.net\/wordpress\/wp-content\/uploads\/2023\/04\/20230401_195928-1024x696.jpg 1024w, https:\/\/www.radiopiu.net\/wordpress\/wp-content\/uploads\/2023\/04\/20230401_195928-768x522.jpg 768w, https:\/\/www.radiopiu.net\/wordpress\/wp-content\/uploads\/2023\/04\/20230401_195928-1536x1044.jpg 1536w, https:\/\/www.radiopiu.net\/wordpress\/wp-content\/uploads\/2023\/04\/20230401_195928-2048x1392.jpg 2048w\" sizes=\"auto, (max-width: 365px) 100vw, 365px\" \/><\/a><\/p>\n<p>Nella foto da sx: Vittorio Moreno, Mariachiara Masoch, Roberto Fanasca e Thomas Mollica.<\/p>\n<p>&nbsp;<\/p>\n<p>&nbsp;<\/p>\n<hr \/>\n<p>&nbsp;<\/p>\n<p><span style=\"color: #0000ff;\"><strong>CORSA CAMPESTRE<\/strong><\/span><\/p>\n<blockquote>\n<h3>CSI BELLUNO E FELTRE PROTAGONISTE AI CAMPIONATI NAZIONALI DI CORSA CAMPESTRE<\/h3>\n<\/blockquote>\n<p><strong><a class=\"dt-pswp-item\" href=\"https:\/\/www.radiopiu.net\/wordpress\/wp-content\/uploads\/2023\/04\/podio-amatori-A-1.-manuela-bulf-atletica-agordina-3.-elisa-gullo-gs-cast...ionese.jpg\" data-dt-img-description=\"\" data-large_image_width=\"2048\" data-large_image_height=\"1365\"><img loading=\"lazy\" decoding=\"async\" class=\" wp-image-329816 alignleft\" src=\"https:\/\/www.radiopiu.net\/wordpress\/wp-content\/uploads\/2023\/04\/podio-amatori-A-1.-manuela-bulf-atletica-agordina-3.-elisa-gullo-gs-cast...ionese-300x200.jpg\" alt=\"\" width=\"207\" height=\"138\" srcset=\"https:\/\/www.radiopiu.net\/wordpress\/wp-content\/uploads\/2023\/04\/podio-amatori-A-1.-manuela-bulf-atletica-agordina-3.-elisa-gullo-gs-cast...ionese-300x200.jpg 300w, https:\/\/www.radiopiu.net\/wordpress\/wp-content\/uploads\/2023\/04\/podio-amatori-A-1.-manuela-bulf-atletica-agordina-3.-elisa-gullo-gs-cast...ionese-1024x683.jpg 1024w, https:\/\/www.radiopiu.net\/wordpress\/wp-content\/uploads\/2023\/04\/podio-amatori-A-1.-manuela-bulf-atletica-agordina-3.-elisa-gullo-gs-cast...ionese-768x512.jpg 768w, https:\/\/www.radiopiu.net\/wordpress\/wp-content\/uploads\/2023\/04\/podio-amatori-A-1.-manuela-bulf-atletica-agordina-3.-elisa-gullo-gs-cast...ionese-1536x1024.jpg 1536w, https:\/\/www.radiopiu.net\/wordpress\/wp-content\/uploads\/2023\/04\/podio-amatori-A-1.-manuela-bulf-atletica-agordina-3.-elisa-gullo-gs-cast...ionese.jpg 2048w\" sizes=\"auto, (max-width: 207px) 100vw, 207px\" \/><\/a>BELLUNO <\/strong>Si \u00e8 corso nel fine settimana il campionato nazionale di corsa campestre. Csi Belluno e Csi Feltre sono stati grandissimi protagonisti nella 24.ma edizione del Campionato disputato a Tezze sul Brenta, in provincia di Vicenza. I due comitati della provincia, infatti, hanno conquistato cinque ori, due argenti e cinque bronzi nelle gare individuali. Ma sono saliti, inoltre tre volte sul podio (due ori e un argento) nello Staffettone delle Regioni, la gara a squadre che caratterizza la seconda e conclusiva giornata della kermesse ciessina. Questo il dettaglio:\u00a0 Oro: Loris Minella (Virtus Nemeggio, Amatori A); Said Boudalia (Gs Astra Quero, Veterani A); Manuela Bulf (Atletica Agordina, Amatori A); Alessia Miniutti (Gs Astra Quero, Allieve); Cristiano Carnevale (Atletica Lamon, Dfs Adulti). Argento: Luigi Bortoluzzi (Gs Castionese, Veterani B); Leila Colussi (Virtus Nemeggio, Allieve). Bronzo: Mihai Sirbu (Gs Castionese, Seniores); Elisa Gullo (Gs Castionese, Amatori A); Mattia Simeoni (Gs Astra Quero, Ragazzi B); Silvia Buogo (Polisportiva Santa Giustina, Allieve); Nina Cima (La Piave 2000, Ragazze A).<\/p>\n","protected":false},"excerpt":{"rendered":"<p>ISCRIVITI AL NOSTRO CANALE\u00a0 YOUTUBE PER SEGUIRE IN DIRETTA I PRINCIPALI PROGRAMMI DI RADIO PIU&#8217; E LE FUTURE DIRETTE IN ESTERNA. PER ISCRIVERTI CLICCA QUI E PREMI IL TASTO &#8220;Iscriviti&#8221;\u00a0\u00a0 UNGULATI A PASSEGGIO, REGIONALE 203 AGORDINA A CANDATEN DI SEDICO IN ZONA PARCO NAZIONALE DOLOMITI BELLUNESI. IL BRANCO SI SPOSTA VERSO L&#8217;ACQUA, VERSO IL CORDEVOLE,&hellip;<\/p>\n","protected":false},"author":4,"featured_media":329889,"comment_status":"closed","ping_status":"closed","sticky":false,"template":"","format":"standard","meta":{"_monsterinsights_skip_tracking":false,"_monsterinsights_sitenote_active":false,"_monsterinsights_sitenote_note":"","_monsterinsights_sitenote_category":0,"footnotes":""},"categories":[104,86,49],"tags":[],"class_list":["post-329645","post","type-post","status-publish","format-standard","has-post-thumbnail","hentry","category-evidenza_3","category-gr","category-news-18","category-104","category-86","category-49","description-off"],"img_url":"https:\/\/www.radiopiu.net\/wordpress\/wp-content\/uploads\/2023\/04\/CANDATEN.jpg","_links":{"self":[{"href":"https:\/\/www.radiopiu.net\/wordpress\/wp-json\/wp\/v2\/posts\/329645","targetHints":{"allow":["GET"]}}],"collection":[{"href":"https:\/\/www.radiopiu.net\/wordpress\/wp-json\/wp\/v2\/posts"}],"about":[{"href":"https:\/\/www.radiopiu.net\/wordpress\/wp-json\/wp\/v2\/types\/post"}],"author":[{"embeddable":true,"href":"https:\/\/www.radiopiu.net\/wordpress\/wp-json\/wp\/v2\/users\/4"}],"replies":[{"embeddable":true,"href":"https:\/\/www.radiopiu.net\/wordpress\/wp-json\/wp\/v2\/comments?post=329645"}],"version-history":[{"count":0,"href":"https:\/\/www.radiopiu.net\/wordpress\/wp-json\/wp\/v2\/posts\/329645\/revisions"}],"wp:featuredmedia":[{"embeddable":true,"href":"https:\/\/www.radiopiu.net\/wordpress\/wp-json\/wp\/v2\/media\/329889"}],"wp:attachment":[{"href":"https:\/\/www.radiopiu.net\/wordpress\/wp-json\/wp\/v2\/media?parent=329645"}],"wp:term":[{"taxonomy":"category","embeddable":true,"href":"https:\/\/www.radiopiu.net\/wordpress\/wp-json\/wp\/v2\/categories?post=329645"},{"taxonomy":"post_tag","embeddable":true,"href":"https:\/\/www.radiopiu.net\/wordpress\/wp-json\/wp\/v2\/tags?post=329645"}],"curies":[{"name":"wp","href":"https:\/\/api.w.org\/{rel}","templated":true}]}}