{"id":329691,"date":"2023-04-03T07:55:43","date_gmt":"2023-04-03T05:55:43","guid":{"rendered":"https:\/\/www.radiopiu.net\/wordpress\/?p=329691"},"modified":"2023-04-03T08:42:53","modified_gmt":"2023-04-03T06:42:53","slug":"ascolta-la-rassegna-stampa-alle-8-del-mattino-lappuntamento-alla-radio-loriginale","status":"publish","type":"post","link":"https:\/\/www.radiopiu.net\/wordpress\/ascolta-la-rassegna-stampa-alle-8-del-mattino-lappuntamento-alla-radio-loriginale\/","title":{"rendered":"ASCOLTA LA RASSEGNA STAMPA&#8230; ALLE 8 DEL MATTINO L&#8217;APPUNTAMENTO ALLA RADIO &#8220;L&#8217;ORIGINALE&#8221;"},"content":{"rendered":"<p><strong>INCIDENTI<\/strong> Due interventi dei vigili del fuoco di Feltre, ieri pomeriggio, legati ad altrettanti furgoni coinvolti in incidenti di diversa natura che hanno comunque provocato danni ingenti e una donna di Arsi\u00e8 ferita e trasportata in condizioni di media gravit\u00e0 all&#8217;ospedale di Feltre.<br \/>\n<strong>REDAZIONE<\/strong> Due morti e un ferito grave \u00e8 il bilancio della valanga in Val Venosta che si \u00e8 staccata dalla cima Tiergarten a Vallelunga e che ha travolto un gruppo di sette scialpinisti. Tra i soccorritori in prima linea anche un agordino. Si tratta di Damiano Fontanive del Soccorso Alpino della Guardia di Finanza gruppo cinofili.<br \/>\n<strong>FELTRE<\/strong> In 5000 per la benedizione del motociclista con il moto club Feltre. Sul sagrato del Duomo il vescovo emerito Giuseppe Andrich.<br \/>\n<strong>PONTE NELLE ALPI<\/strong> Da ieri e fino al 10 giugno non si viagger\u00e0 sulla linea Ponte nelle Alpi-Calalzo, previsto il servizio sostitutivo in autobus. Da oggi e fino al 10 giugno anche il treno regionale 23058 da Feltre a Belluno \u00e8 sostituito da un autobus<br \/>\n<strong>ALPAGO<\/strong> Sicurezza e decoro: questo chiedono alle istituzioni gli imprenditori dell\u2019area industriale di Paludi che sono pronti anche a riunirsi in comitato.<br \/>\n<strong>BELLUNO<\/strong> Chiusa venerd\u00ec al Centro AMO di Lamon, con l\u2019organizzazione dei Circoli Auser di Lamon e Sovramonte, la tornata di conferenze informative sulla casistica delle Truffe pi\u00f9 comuni ai danni della popolazione pi\u00f9 Anziana.<br \/>\n<strong>ALLEGHE<\/strong> Gli abitanti di Alleghe, ma anche coloro che stanno dalla sponda del lago appartenente a Rocca Pietore, stanno aspettando il lieto evento. La famiglia dei cigni nei prossimi giorni si allargher\u00e0. Infatti sono quattro le uova depositate dalla mamma cigno e che con cura sta proteggendo e covando. C\u2019\u00e8 solo da attendere e sapremo quando nasceranno i cuccioli.<br \/>\n<strong>PONTE NELLE ALPI<\/strong> Dal 19 aprile apre lo sportello al cittadino per il Piano degli interventi.<br \/>\n<strong>VALLE DEL BIOIS<\/strong> Sono tre gli appuntamenti in programma nel fine settimana di Pasqua in Valle del Biois. Domenica 9 aprile a Canale D&#8217;Agordo il Tiro Al Vof con chiosco a cura dell&#8217;Hockey Club Canale. Luned\u00ec 10 aprile a Falcade il mercatino di Pasquetta e alle 11:30 nel giardino del Festil la caccia alle uova per bambini dai 3 agli 11 anni.<br \/>\n<strong>CANALE D&#8217;AGORDO<\/strong> E&#8217; in programma per luned\u00ec 10 aprile, nella chiesa arcipretale di Canale D&#8217;Agordo, il concerto vocale sacro teatrale &#8220;In Paradisum&#8221;. Inizio alle 21 con ingresso libero<br \/>\n<strong>CALCIO<\/strong> L&#8217;AGORDINA SPRECA UN&#8217;OCCASIONE D&#8217;ORO CONTRO LA JUVENTINA<br \/>\n<strong>RALLY<\/strong> L&#8217;EQUIPAGGIO SARTOR-ROCCA SI AGGIUDICA IL RALLY BELLUNESE 2023<br \/>\n<strong>CALCIO<\/strong> A 5 LA CANOTTIERI VINCE CON IL PALMANOVA E ACCEDE AI PLAYOFF<br \/>\n<strong>CORSA CAMPESTRE<\/strong> MANUELA BULF CAMPIONESSA ITALIANA CSI DI CORSA CAMPESTRE<br \/>\n<strong>SCI ALPINISMO<\/strong> MARTINA SCOLA TERZA ALLA SKIMO CUP DI CORTINA<br \/>\nMARTINA SCOLA E ANDREA GASPARI SECONDI AL MIXED RELAY DI CORTINA<br \/>\nALBA DE SILVESTRO E MICHELE BOSCACCI TRICOLORI DI MIXED RELAY A CORTINA<br \/>\n<strong>SCI NORDICO<\/strong> LORENZO BUSIN SI AGGIUDICA IL TERZO POSTO NELLA CLASSIFICA GENERALE DELLE SPRINT SKI CLASSIC<br \/>\n<strong>PALLAVOLO<\/strong> DUE SCONFITTE IN DUE GIORNI PER IL VOLLEY CLUB AGORDINO<br \/>\nLUPE PIEGATE A VERONA<br \/>\nFINALE DI STAGIONE PER IL BELLUNO, POST SEASON SFIORATA<br \/>\n<strong>HOCKEY SU GHIACCIO<\/strong> LA RIMPATRIATA DEGLI EX GIOCATORI DELL&#8217;ALLEGHE HOCKEY<br \/>\nLA NAZIONALE DI HOCKEY PREPARA I MONDIALI A NOTTINGHAM<br \/>\nHOCKEY FEMMINILE: LE CONVOCAZIONI DEFINITIVE PER I MONDIALI DI PRIMA DIVISIONE<br \/>\n<strong>ATLETICA<\/strong> IL DEBUTTO NELLA MEZZA MARATONA DI DA VIA&#8217;<\/p>\n<p>&nbsp;<\/p>\n<p><iframe loading=\"lazy\" title=\"RASSEGNA STAMPA LOCALE\" width=\"1200\" height=\"675\" src=\"https:\/\/www.youtube.com\/embed\/rsrnimB-OOI?feature=oembed\" frameborder=\"0\" allow=\"accelerometer; autoplay; clipboard-write; encrypted-media; gyroscope; picture-in-picture; web-share\" allowfullscreen><\/iframe><\/p>\n<p>&nbsp;<\/p>\n<hr \/>\n<p>&nbsp;<\/p>\n","protected":false},"excerpt":{"rendered":"<p>INCIDENTI Due interventi dei vigili del fuoco di Feltre, ieri pomeriggio, legati ad altrettanti furgoni coinvolti in incidenti di diversa natura che hanno comunque provocato danni ingenti e una donna di Arsi\u00e8 ferita e trasportata in condizioni di media gravit\u00e0 all&#8217;ospedale di Feltre. REDAZIONE Due morti e un ferito grave \u00e8 il bilancio della valanga&hellip;<\/p>\n","protected":false},"author":4,"featured_media":329690,"comment_status":"closed","ping_status":"closed","sticky":false,"template":"","format":"standard","meta":{"_monsterinsights_skip_tracking":false,"_monsterinsights_sitenote_active":false,"_monsterinsights_sitenote_note":"","_monsterinsights_sitenote_category":0,"footnotes":""},"categories":[51,49,142],"tags":[],"class_list":["post-329691","post","type-post","status-publish","format-standard","has-post-thumbnail","hentry","category-evidenza-top","category-news-18","category-rassegna-stampa","category-51","category-49","category-142","description-off"],"img_url":"https:\/\/www.radiopiu.net\/wordpress\/wp-content\/uploads\/2023\/04\/Senza-nome-2.jpg","_links":{"self":[{"href":"https:\/\/www.radiopiu.net\/wordpress\/wp-json\/wp\/v2\/posts\/329691","targetHints":{"allow":["GET"]}}],"collection":[{"href":"https:\/\/www.radiopiu.net\/wordpress\/wp-json\/wp\/v2\/posts"}],"about":[{"href":"https:\/\/www.radiopiu.net\/wordpress\/wp-json\/wp\/v2\/types\/post"}],"author":[{"embeddable":true,"href":"https:\/\/www.radiopiu.net\/wordpress\/wp-json\/wp\/v2\/users\/4"}],"replies":[{"embeddable":true,"href":"https:\/\/www.radiopiu.net\/wordpress\/wp-json\/wp\/v2\/comments?post=329691"}],"version-history":[{"count":0,"href":"https:\/\/www.radiopiu.net\/wordpress\/wp-json\/wp\/v2\/posts\/329691\/revisions"}],"wp:featuredmedia":[{"embeddable":true,"href":"https:\/\/www.radiopiu.net\/wordpress\/wp-json\/wp\/v2\/media\/329690"}],"wp:attachment":[{"href":"https:\/\/www.radiopiu.net\/wordpress\/wp-json\/wp\/v2\/media?parent=329691"}],"wp:term":[{"taxonomy":"category","embeddable":true,"href":"https:\/\/www.radiopiu.net\/wordpress\/wp-json\/wp\/v2\/categories?post=329691"},{"taxonomy":"post_tag","embeddable":true,"href":"https:\/\/www.radiopiu.net\/wordpress\/wp-json\/wp\/v2\/tags?post=329691"}],"curies":[{"name":"wp","href":"https:\/\/api.w.org\/{rel}","templated":true}]}}