{"id":329726,"date":"2023-04-03T09:37:43","date_gmt":"2023-04-03T07:37:43","guid":{"rendered":"https:\/\/www.radiopiu.net\/wordpress\/?p=329726"},"modified":"2023-04-03T09:37:43","modified_gmt":"2023-04-03T07:37:43","slug":"e-tempo-di-pasqua-di-aldo-iorio","status":"publish","type":"post","link":"https:\/\/www.radiopiu.net\/wordpress\/e-tempo-di-pasqua-di-aldo-iorio\/","title":{"rendered":"E&#8217; TEMPO DI PASQUA di ALDO IORIO"},"content":{"rendered":"<p><strong>AUDIO<\/strong><\/p>\n<audio class=\"wp-audio-shortcode\" id=\"audio-329726-1\" preload=\"none\" style=\"width: 100%;\" controls=\"controls\"><source type=\"audio\/mpeg\" src=\"https:\/\/www.radiopiu.net\/wordpress\/wp-content\/uploads\/2023\/04\/VIVO-VERSO-LUN.mp3?_=1\" \/><a href=\"https:\/\/www.radiopiu.net\/wordpress\/wp-content\/uploads\/2023\/04\/VIVO-VERSO-LUN.mp3\">https:\/\/www.radiopiu.net\/wordpress\/wp-content\/uploads\/2023\/04\/VIVO-VERSO-LUN.mp3<\/a><\/audio>\n<p>&nbsp;<\/p>\n<p><a class=\"dt-pswp-item\" href=\"https:\/\/www.radiopiu.net\/wordpress\/wp-content\/uploads\/2023\/04\/ALDO-IORIO-FOTO.jpg\" data-dt-img-description=\"\" data-large_image_width=\"1440\" data-large_image_height=\"1440\"><img loading=\"lazy\" decoding=\"async\" class=\"wp-image-329740 alignleft\" src=\"https:\/\/www.radiopiu.net\/wordpress\/wp-content\/uploads\/2023\/04\/ALDO-IORIO-FOTO-300x300.jpg\" alt=\"\" width=\"170\" height=\"170\" srcset=\"https:\/\/www.radiopiu.net\/wordpress\/wp-content\/uploads\/2023\/04\/ALDO-IORIO-FOTO-300x300.jpg 300w, https:\/\/www.radiopiu.net\/wordpress\/wp-content\/uploads\/2023\/04\/ALDO-IORIO-FOTO-1024x1024.jpg 1024w, https:\/\/www.radiopiu.net\/wordpress\/wp-content\/uploads\/2023\/04\/ALDO-IORIO-FOTO-150x150.jpg 150w, https:\/\/www.radiopiu.net\/wordpress\/wp-content\/uploads\/2023\/04\/ALDO-IORIO-FOTO-768x768.jpg 768w, https:\/\/www.radiopiu.net\/wordpress\/wp-content\/uploads\/2023\/04\/ALDO-IORIO-FOTO.jpg 1440w\" sizes=\"auto, (max-width: 170px) 100vw, 170px\" \/><\/a><strong>Aldo Iorio<\/strong><br \/>\n<strong>\u00c8 TEMPO DI PASQUA!<\/strong><\/p>\n<p>\u00c8 tempo di Pasqua!<br \/>\nSordo, cieco e stolto, senza pi\u00f9<br \/>\nanima, lacrime, dignit\u00e0.<br \/>\nSvegliati uomo!<br \/>\nRiscatta la tua esistenza, risorgi!<br \/>\nE per farlo, muori dentro, prima!<br \/>\nTrafitto di chiodi e di spine,<br \/>\npuoi rinascere<br \/>\nRavvediti!<br \/>\nTramite un percorso tormentato e sofferente,<br \/>\nriscopri la spiritualit\u00e0 perduta,<br \/>\ne rincamminati sul giusto sentiero,<br \/>\nporta al Salvatore!<\/p>\n","protected":false},"excerpt":{"rendered":"<p>AUDIO &nbsp; Aldo Iorio \u00c8 TEMPO DI PASQUA! \u00c8 tempo di Pasqua! Sordo, cieco e stolto, senza pi\u00f9 anima, lacrime, dignit\u00e0. Svegliati uomo! Riscatta la tua esistenza, risorgi! E per farlo, muori dentro, prima! Trafitto di chiodi e di spine, puoi rinascere Ravvediti! Tramite un percorso tormentato e sofferente, riscopri la spiritualit\u00e0 perduta, e rincamminati&hellip;<\/p>\n","protected":false},"author":4,"featured_media":329740,"comment_status":"closed","ping_status":"closed","sticky":false,"template":"","format":"standard","meta":{"_monsterinsights_skip_tracking":false,"_monsterinsights_sitenote_active":false,"_monsterinsights_sitenote_note":"","_monsterinsights_sitenote_category":0,"footnotes":""},"categories":[22,49],"tags":[],"class_list":["post-329726","post","type-post","status-publish","format-standard","has-post-thumbnail","hentry","category-invivoverso","category-news-18","category-22","category-49","description-off"],"img_url":"https:\/\/www.radiopiu.net\/wordpress\/wp-content\/uploads\/2023\/04\/ALDO-IORIO-FOTO.jpg","_links":{"self":[{"href":"https:\/\/www.radiopiu.net\/wordpress\/wp-json\/wp\/v2\/posts\/329726","targetHints":{"allow":["GET"]}}],"collection":[{"href":"https:\/\/www.radiopiu.net\/wordpress\/wp-json\/wp\/v2\/posts"}],"about":[{"href":"https:\/\/www.radiopiu.net\/wordpress\/wp-json\/wp\/v2\/types\/post"}],"author":[{"embeddable":true,"href":"https:\/\/www.radiopiu.net\/wordpress\/wp-json\/wp\/v2\/users\/4"}],"replies":[{"embeddable":true,"href":"https:\/\/www.radiopiu.net\/wordpress\/wp-json\/wp\/v2\/comments?post=329726"}],"version-history":[{"count":0,"href":"https:\/\/www.radiopiu.net\/wordpress\/wp-json\/wp\/v2\/posts\/329726\/revisions"}],"wp:featuredmedia":[{"embeddable":true,"href":"https:\/\/www.radiopiu.net\/wordpress\/wp-json\/wp\/v2\/media\/329740"}],"wp:attachment":[{"href":"https:\/\/www.radiopiu.net\/wordpress\/wp-json\/wp\/v2\/media?parent=329726"}],"wp:term":[{"taxonomy":"category","embeddable":true,"href":"https:\/\/www.radiopiu.net\/wordpress\/wp-json\/wp\/v2\/categories?post=329726"},{"taxonomy":"post_tag","embeddable":true,"href":"https:\/\/www.radiopiu.net\/wordpress\/wp-json\/wp\/v2\/tags?post=329726"}],"curies":[{"name":"wp","href":"https:\/\/api.w.org\/{rel}","templated":true}]}}