{"id":329758,"date":"2023-04-04T03:00:54","date_gmt":"2023-04-04T01:00:54","guid":{"rendered":"https:\/\/www.radiopiu.net\/wordpress\/?p=329758"},"modified":"2023-04-04T05:28:54","modified_gmt":"2023-04-04T03:28:54","slug":"antichi-manufatti-per-la-raccolta-di-acqua-piovana-alle-pendici","status":"publish","type":"post","link":"https:\/\/www.radiopiu.net\/wordpress\/antichi-manufatti-per-la-raccolta-di-acqua-piovana-alle-pendici\/","title":{"rendered":"ANTICHI MANUFATTI PER LA RACCOLTA DI ACQUA PIOVANA ALLE PENDICIDELLE PALE DI SAN LUCANO"},"content":{"rendered":"<p>&nbsp;<\/p>\n<p>&nbsp;<\/p>\n<p><span style=\"color: #000000;\"><span style=\"font-size: medium;\"><b>A cura di Alessandro Savio<\/b><\/span><\/span><\/p>\n<p align=\"JUSTIFY\"><span style=\"color: #000000;\"><span style=\"font-size: medium;\"><strong>TAIBON<\/strong> Le seguenti noterelle di storia locale descrivono dei manufatti originali di antica formazione e di non facile interpretazione e spiegazione. Facciamo riferimento con una breve premessa a quanto venne descritto nella pubblicazione della annuale adunanza del CAI di Agordo svoltasi a Cencenighe Agordino (BL) nell\u2019anno 2005 in localit\u00e0 Bastiegn. In particolare la relazione intitolata \u201c EL SASS DEL SOPEOSA\u201d redatta dal dott. Giovanni Tomasi descriveva con dovizia di particolari questo masso erratico dotato al centro della spianata superiore di una cavit\u00e0 scavata artificialmente nella roccia calcarea avente un diametro di circa 25 centimetri ed una profondit\u00e0 di 40 centimetri. Il dott. Tomasi , autore di molti libri di storia locale , fece all\u2019epoca due ipotesi sulla origine e sull\u2019uso di tale cavit\u00e0 artificiale. La prima che fosse uno strumento per pestare l\u2019orzo con un pestello manuale atto a sgusciare i chicchi dei cereali a scopo alimentare,(Mortaio in pietra). La seconda ipotesi molto pi\u00f9 antica che l\u2019utilizzo venne legato a sacralit\u00e0 pagane e riti ancestrali. Le due ipotesi sono rimaste ancora senza una interpretazione certa e plausibile in quanto l\u2019argomento non f\u00f9 successivamente studiato dal punto di vista storico e scientifico , lasciando un alone di mistero sul sasso in questione e sulla utilit\u00e0 della cavit\u00e0 superiore. Passando ai giorni nostri , sulla attenta sollecitazione di una giovane che frequenta assiduamente per passeggiate e brevi escursioni i sentieri alle pendici delle Pale di San Lucano a Taibon Agordino, e che ha segnalato la presenza di un masso erratico dotato della stessa cavit\u00e0 del cosiddetto \u201c Sass del Sopeosa\u201d , ci siamo recati per un sopralluogo nella localit\u00e0 indicata e denominata \u201cLa Busa\u201d a monte dei villaggi di Forno Val e Villanova di Taibon .Nelle immediate vicinanze ,dopo breve perlustrazione in loco, sono stati scoperti addirittura cinque macigni isolati dotati di queste caratteristiche , con la sommit\u00e0 pianeggiante ove in tempi remoti \u00e8 stata scavata questa cavit\u00e0 verso il centro della roccia , perfettamente circolare con una profondit\u00e0 che varia dai 20 ai 40 centimetri , realizzata artificialmente a mano con scalpello e mazzetta. I massi erratici sono situati vicini fra loro ( massimo metri 50)in un sito leggermente in pendenza con la presenza di antichi terrazzamenti precedentemente coltivati a seminativo o prato segativo. La zona infatti risulta essere stata bonificata ( in dialetto denominata Pansele) con l\u2019adattamento e la modifica dell\u2019andamento naturale del terreno per la trasformazione delle zone incolte e sassose, in piccoli appezzamenti di terreno di terra vegetale , sostenuti da muri a secco alcuni di nobile fattura e di dimensioni importanti (Masiere) ove venivano coltivati mais , segale , patate o prati segativi per la produzione del foraggio per il bestiame. Queste opere di bonifica , frutto di anni e anni di faticoso lavoro da parte degli abitanti di Taibon furono eseguiti per strappare alle pendici della montagna dei territori sterili da adattare alla pur magra attivit\u00e0 agricola che si poteva sviluppare in queste zone disagiate. Ritornando all\u2019utilizzo di queste cavit\u00e0 artificiali , la tesi pi\u00f9 verosimile , la pi\u00f9 semplice e credibile a nostro avviso \u00e8 la seguente: la zona in questione alle pendici delle Pale di San Lucano che termina verso valle a confine con i villaggi di Forno Val, Villanova e Peden , un tempo dotata di terrazzamenti comunicanti con numerose mulattiere e sentieri risulta priva di sorgenti di acqua e quindi i contadini che si recavano a lavorare in quei luoghi si erano industriati alla realizzazione di queste cavit\u00e0 artificiali per raccogliere quella poca acqua piovana necessaria nelle opportune stagioni per l\u2019uso della Cote , cio\u00e8 la pietra usata per affilare la falce, infatti il porta cote (Koder) non necessitava di una eccessiva quantit\u00e0 di acqua.\u00a0<\/span><\/span><\/p>\n\n\t\t\t<style type='text\/css'>\n\t\t\t\t#gallery-1 {\n\t\t\t\t\tmargin: auto;\n\t\t\t\t}\n\t\t\t\t#gallery-1 .gallery-item {\n\t\t\t\t\tfloat: left;\n\t\t\t\t\tmargin-top: 10px;\n\t\t\t\t\ttext-align: center;\n\t\t\t\t\twidth: 33%;\n\t\t\t\t}\n\t\t\t\t#gallery-1 img {\n\t\t\t\t\tborder: 2px solid #cfcfcf;\n\t\t\t\t}\n\t\t\t\t#gallery-1 .gallery-caption {\n\t\t\t\t\tmargin-left: 0;\n\t\t\t\t}\n\t\t\t\t\/* see gallery_shortcode() in wp-includes\/media.php *\/\n\t\t\t<\/style>\n\t\t<div id='gallery-1' class='dt-gallery-container gallery galleryid-329758 gallery-columns-3 gallery-size-thumbnail'><dl class='gallery-item'>\n\t\t\t\t<dt class='gallery-icon landscape'>\n\t\t\t\t\t<a class=\"rollover rollover-zoom dt-pswp-item\" title=\"FO1\" data-dt-img-description=\"\" data-large_image_width=\"597\" data-large_image_height=\"494\"href='https:\/\/www.radiopiu.net\/wordpress\/wp-content\/uploads\/2023\/04\/FO1.jpg'><img loading=\"lazy\" decoding=\"async\" width=\"150\" height=\"150\" src=\"https:\/\/www.radiopiu.net\/wordpress\/wp-content\/uploads\/2023\/04\/FO1-150x150.jpg\" class=\"attachment-thumbnail size-thumbnail\" alt=\"\" aria-describedby=\"gallery-1-329761\" \/><\/a>\n\t\t\t\t<\/dt>\n\t\t\t\t\t<dd class='wp-caption-text gallery-caption' id='gallery-1-329761'>\n\t\t\t\t\tTaibon anni 20               Terreni  coltivati sopra la frazione di  Villanova                                                 denominati   \u201cPansele\u201d\n\t\t\t\t\t<\/dd><\/dl><dl class='gallery-item'>\n\t\t\t\t<dt class='gallery-icon landscape'>\n\t\t\t\t\t<a class=\"rollover rollover-zoom dt-pswp-item\" title=\"1Massi erratici con cavit\u00e0 artificiali\" data-dt-img-description=\"\" data-large_image_width=\"422\" data-large_image_height=\"319\"href='https:\/\/www.radiopiu.net\/wordpress\/wp-content\/uploads\/2023\/04\/1Massi-erratici-con-cavita-artificiali.jpg'><img loading=\"lazy\" decoding=\"async\" width=\"150\" height=\"150\" src=\"https:\/\/www.radiopiu.net\/wordpress\/wp-content\/uploads\/2023\/04\/1Massi-erratici-con-cavita-artificiali-150x150.jpg\" class=\"attachment-thumbnail size-thumbnail\" alt=\"\" aria-describedby=\"gallery-1-329762\" \/><\/a>\n\t\t\t\t<\/dt>\n\t\t\t\t\t<dd class='wp-caption-text gallery-caption' id='gallery-1-329762'>\n\t\t\t\t\tMassi erratici con cavit\u00e0 artificiali                              per la raccolta dell\u2019acqua piovana\n\t\t\t\t\t<\/dd><\/dl><dl class='gallery-item'>\n\t\t\t\t<dt class='gallery-icon landscape'>\n\t\t\t\t\t<a class=\"rollover rollover-zoom dt-pswp-item\" title=\"Massi erratici con cavit\u00e0 artificiali\" data-dt-img-description=\"\" data-large_image_width=\"417\" data-large_image_height=\"306\"href='https:\/\/www.radiopiu.net\/wordpress\/wp-content\/uploads\/2023\/04\/Massi-erratici-con-cavita-artificiali.jpg'><img loading=\"lazy\" decoding=\"async\" width=\"150\" height=\"150\" src=\"https:\/\/www.radiopiu.net\/wordpress\/wp-content\/uploads\/2023\/04\/Massi-erratici-con-cavita-artificiali-150x150.jpg\" class=\"attachment-thumbnail size-thumbnail\" alt=\"\" aria-describedby=\"gallery-1-329760\" \/><\/a>\n\t\t\t\t<\/dt>\n\t\t\t\t\t<dd class='wp-caption-text gallery-caption' id='gallery-1-329760'>\n\t\t\t\t\tMassi erratici con cavit\u00e0 artificiali                              per la raccolta dell\u2019acqua piovana\n\t\t\t\t\t<\/dd><\/dl><br style=\"clear: both\" \/><dl class='gallery-item'>\n\t\t\t\t<dt class='gallery-icon landscape'>\n\t\t\t\t\t<a class=\"rollover rollover-zoom dt-pswp-item\" title=\"SSS\" data-dt-img-description=\"\" data-large_image_width=\"388\" data-large_image_height=\"304\"href='https:\/\/www.radiopiu.net\/wordpress\/wp-content\/uploads\/2023\/04\/SSS.jpg'><img loading=\"lazy\" decoding=\"async\" width=\"150\" height=\"150\" src=\"https:\/\/www.radiopiu.net\/wordpress\/wp-content\/uploads\/2023\/04\/SSS-150x150.jpg\" class=\"attachment-thumbnail size-thumbnail\" alt=\"\" aria-describedby=\"gallery-1-329763\" \/><\/a>\n\t\t\t\t<\/dt>\n\t\t\t\t\t<dd class='wp-caption-text gallery-caption' id='gallery-1-329763'>\n\t\t\t\t\tMassi erratici con cavit\u00e0 artificiali                              per la raccolta dell\u2019acqua piovana\n\t\t\t\t\t<\/dd><\/dl><dl class='gallery-item'>\n\t\t\t\t<dt class='gallery-icon landscape'>\n\t\t\t\t\t<a class=\"rollover rollover-zoom dt-pswp-item\" title=\"SenzaS nome\" data-dt-img-description=\"\" data-large_image_width=\"404\" data-large_image_height=\"303\"href='https:\/\/www.radiopiu.net\/wordpress\/wp-content\/uploads\/2023\/04\/SenzaS-nome.jpg'><img loading=\"lazy\" decoding=\"async\" width=\"150\" height=\"150\" src=\"https:\/\/www.radiopiu.net\/wordpress\/wp-content\/uploads\/2023\/04\/SenzaS-nome-150x150.jpg\" class=\"attachment-thumbnail size-thumbnail\" alt=\"\" aria-describedby=\"gallery-1-329759\" \/><\/a>\n\t\t\t\t<\/dt>\n\t\t\t\t\t<dd class='wp-caption-text gallery-caption' id='gallery-1-329759'>\n\t\t\t\t\tMassi erratici con cavit\u00e0 artificiali                              per la raccolta dell\u2019acqua piovana\n\t\t\t\t\t<\/dd><\/dl>\n\t\t\t\t<br style='clear: both' \/>\n\t\t\t<\/div>\n\n<p align=\"JUSTIFY\"><span style=\"color: #000000;\"> <span style=\"font-size: medium;\">Oppure quelle cavit\u00e0 erano sufficienti , preventivamente riempite di acqua piovana, per abbeverare la capra che i contadini si portavano sempre appresso quando si recavano a svolgere questo tipo di attivit\u00e0 agricola. Tutto questo ci fa pensare a quanto importante sia l\u2019utilizzo ed il risparmio dell\u2019acqua soprattutto in questi anni di siccit\u00e0. Attualmente in quelle zone non si coltivano pi\u00f9 le patate e neanche si v\u00e0 pi\u00f9 a segare l\u2019erba , il bosco ha avuto il sopravvento con l\u2019invasione di pini, carpini e cespugli , e le \u201cPansele \u201c attraverso la testimonianza degli antichi muri a secco frutto del lavoro degli antichi scalpellini sono frequentate solo per passeggiate e saltuariamente per l\u2019approvvigionamento della legna da ardere per il fabbisogno famigliare dei valligiani.<\/span><\/span><\/p>\n<hr \/>\n<p align=\"JUSTIFY\">\n","protected":false},"excerpt":{"rendered":"<p>&nbsp; &nbsp; A cura di Alessandro Savio TAIBON Le seguenti noterelle di storia locale descrivono dei manufatti originali di antica formazione e di non facile interpretazione e spiegazione. Facciamo riferimento con una breve premessa a quanto venne descritto nella pubblicazione della annuale adunanza del CAI di Agordo svoltasi a Cencenighe Agordino (BL) nell\u2019anno 2005 in&hellip;<\/p>\n","protected":false},"author":4,"featured_media":329759,"comment_status":"closed","ping_status":"closed","sticky":false,"template":"","format":"standard","meta":{"_monsterinsights_skip_tracking":false,"_monsterinsights_sitenote_active":false,"_monsterinsights_sitenote_note":"","_monsterinsights_sitenote_category":0,"footnotes":""},"categories":[51,49],"tags":[],"class_list":["post-329758","post","type-post","status-publish","format-standard","has-post-thumbnail","hentry","category-evidenza-top","category-news-18","category-51","category-49","description-off"],"img_url":"https:\/\/www.radiopiu.net\/wordpress\/wp-content\/uploads\/2023\/04\/SenzaS-nome.jpg","_links":{"self":[{"href":"https:\/\/www.radiopiu.net\/wordpress\/wp-json\/wp\/v2\/posts\/329758","targetHints":{"allow":["GET"]}}],"collection":[{"href":"https:\/\/www.radiopiu.net\/wordpress\/wp-json\/wp\/v2\/posts"}],"about":[{"href":"https:\/\/www.radiopiu.net\/wordpress\/wp-json\/wp\/v2\/types\/post"}],"author":[{"embeddable":true,"href":"https:\/\/www.radiopiu.net\/wordpress\/wp-json\/wp\/v2\/users\/4"}],"replies":[{"embeddable":true,"href":"https:\/\/www.radiopiu.net\/wordpress\/wp-json\/wp\/v2\/comments?post=329758"}],"version-history":[{"count":0,"href":"https:\/\/www.radiopiu.net\/wordpress\/wp-json\/wp\/v2\/posts\/329758\/revisions"}],"wp:featuredmedia":[{"embeddable":true,"href":"https:\/\/www.radiopiu.net\/wordpress\/wp-json\/wp\/v2\/media\/329759"}],"wp:attachment":[{"href":"https:\/\/www.radiopiu.net\/wordpress\/wp-json\/wp\/v2\/media?parent=329758"}],"wp:term":[{"taxonomy":"category","embeddable":true,"href":"https:\/\/www.radiopiu.net\/wordpress\/wp-json\/wp\/v2\/categories?post=329758"},{"taxonomy":"post_tag","embeddable":true,"href":"https:\/\/www.radiopiu.net\/wordpress\/wp-json\/wp\/v2\/tags?post=329758"}],"curies":[{"name":"wp","href":"https:\/\/api.w.org\/{rel}","templated":true}]}}