{"id":329907,"date":"2023-04-04T07:55:23","date_gmt":"2023-04-04T05:55:23","guid":{"rendered":"https:\/\/www.radiopiu.net\/wordpress\/?p=329907"},"modified":"2023-04-04T09:05:40","modified_gmt":"2023-04-04T07:05:40","slug":"ascolta-la-rassegna-stampa-locale-dal-1983-di-mirko-mezzacasa-3","status":"publish","type":"post","link":"https:\/\/www.radiopiu.net\/wordpress\/ascolta-la-rassegna-stampa-locale-dal-1983-di-mirko-mezzacasa-3\/","title":{"rendered":"ASCOLTA LA RASSEGNA STAMPA LOCALE, DAL 1983 DI MIRKO MEZZACASA"},"content":{"rendered":"<p><strong>BELLUNO<\/strong> &#8220;Con 31 euro\/giorno a persona non possiamo certo garantire i servizi che chiede il Prefetto&#8221;. Lo dicono gli amministratori a proposito dell&#8217;accoglienza profughi, mediatore linguistico, vitto, alloggio, aiuto per l&#8217;inserimento lavorativo, sostegno burocratico per soli 31 euro, risorse inadeguate.<br \/>\n<strong>FELTRE<\/strong> Prende a pugni la moglie, uomo portato in carcere a Baldenich, stamane l&#8217;interrogatorio di garanzia.<br \/>\n<strong>BELLUNO<\/strong> Spacciava cocaina nel parcheggio, un quarantenne di Belluno arrestato dalla Polizia. Arresto per detenzione ai fini di spaccio di stupefacenti. Ieri convalida dell&#8217;arresto e scarcerazione ma l&#8217;uomo non potr\u00e0 allontanarsi da Belluno.<br \/>\n<strong>BELLUNO<\/strong> Condannato ad un altro anno di reclusione, un detenuto se l&#8217;\u00e8 presa con la polizia penitenziaria picchiando gli agenti.<br \/>\n<strong>BELLUNO<\/strong> Un giovane di 29 anni, Antonio Codemo alla guida della Polizia Locale, \u00e8 il nuovo comandante e succede a Roberto Rossetti.<br \/>\n<strong>BELLUNO<\/strong> La Cisl spiega quali sono i 57 modi per andare in pensione, al via la campagna Inas.<br \/>\n<strong>VALBELLUNA<\/strong> Rapinarono e picchiarono due minori scappate di casa. Uno dei due imputati si \u00e8 visto confermare la condanna in Corte d&#8217;Appello, mentre all&#8217;altro era stata sensibilmente ridotta. Le ragazze di Sospirolo e Limana, la notte del 26 gennaio 2020 erano ospiti di due persone, che dovevano essere degli amici e, invece, sono andati molto vicini al sequestro di persona, in un appartamento di Resana. Emanuele Kwakwah, cittadino italiano di origini africane, aveva preso tre anni e sei mesi e ieri mattina la pena decisa dal Tribunale di Treviso \u00e8 stata ratificata nell&#8217;aula bunker di Mestre.<br \/>\n<strong>CENCENIGHE <\/strong>Rapporti tesi tra vicini in tribunale. A Chenet un paesano ne porta in tribunale un altro per un&#8217;aggressione ancora tutta da dimostrare. Dopo deposizioni radicalmente contrastanti, c&#8217;\u00e8 attesa per la visione dei video<br \/>\n<strong>BELLUNO<\/strong> La siccit\u00e0 incombe, GSP predispone i piani e a Cirvoi l&#8217;acqua \u00e8 sprecata, rivoli lungo le valli, guasti irrisolti da anni. Esattamente come succede a Crostolin di Agordo, ghiaccio d&#8217;inverno e acqua a primavera lungo la strada che porta alla regionale del Duran.<br \/>\n<strong>FELTRE<\/strong> Domenica sera il Soccorso alpino di Feltre ha individuato e recuperato Toby, un cane di piccola taglia che sabato si era allontanato dalla Casera dei proprietari, senza pi\u00f9 fare ritorno. Ieri il padrone era tornato a cercarlo e lo aveva rintracciato sopra la galleria Pi\u00e8 de salto a Fonzaso<br \/>\n<strong>COVID<\/strong> Pandemia ormai alla spalle, nuovi orari anche per le visite ospedaliere dalle 15 alle 16.30. Stop al report settimanale, ora sar\u00e0 mensile.<br \/>\n<strong>GOSALDO<\/strong> ipotesi di senso unico alternato lungo la Sp2 in Valle del Mis (dova ancora manca il segnale telefonico), nel tratto tra la zona della Soffia in comune di Sospirolo e Gosaldo. Ne stanno parlando il Parco Dolomiti Bellunesi, le due Amministrazioni coinvolte, Veneto Strade e Provincia.<br \/>\n<strong>VIABILITA&#8217;<\/strong> Provinciale 2 valle del mis l&#8217;idea sul tavolo \u00e8 il posizionamento di semafori, in modo da regolare il traffico ed evitare incroci nei punti pi\u00f9 stretti della carreggiata. L&#8217;esempio pi\u00f9 immediato che salta alla mente \u00e8 quello del passo San Boldo<br \/>\n<strong>FALCADE<\/strong>L&#8217;iter per la riqualificazione del bar del parco giochi di Falcade si sblocca e il progetto viene modificato: al piano superiore nascer\u00e0 una sala polifunzionale da 150-200 posti.Dopo pi\u00f9 di tre anni il Comune di Falcade vede finalmente la luce in fondo al tunnel nel quale era finito tra l&#8217;inverno e la primavera 2020.<br \/>\n<strong>TAIBON<\/strong> A &#8220;La Busa&#8221; di Taibon, a monte dei villaggi di Forno Val e Villanova, sono stati scoperti cinque macigni isolati che probabilmente servivano per la raccolta dell&#8217;acqua piovana finalizzata alle attivit\u00e0 agricole. La notizia arriva da Alessandro Savio, appassionato di storia locale.<br \/>\n<strong>AGORDO<\/strong> sabato alle 15 a Toccol saranno 25 le opere che caratterizzeranno &#8220;Agordo paese del graffito&#8221;. Come ormai consuetudine, il sabato santo le frazioni de Le Ville di Agordo sono teatro di una festa (preludio a quella di San Vincenzo del luned\u00ec di Pasquetta) all&#8217;insegna dell&#8217;arte e della storia sociale. La 14\u00aa edizione dell&#8217;iniziativa, coordinata dal direttore artistico Dunio Piccolin e che conta sul sostegno logistico dell&#8217;Usd Le Ville<br \/>\n<strong>ROCCA PIETORE<\/strong> A che punto sono i lavori nella gola dei Serrai di Sottoguda a quattro anni dai giorni di Vaia? Lo ha chiesto al sindaco e al gruppo di maggioranza la consigliera comunale Diana Iraci Borgia, un tempo nella stessa squadra del sindaco Andrea De Bernardin, ma in seguito passata sugli scranni della minoranza. Il primo cittadino alle domande della Borgia ha risposto che gli interrogativo vanno posti esclusivamente al Soggetto Attuatore (Veneto Acque).<br \/>\n<strong>BELLUNO<\/strong> Ci sar\u00e0 anche uno stand della Provincia alla Spes Arena. L\u2019iniziativa organizzata dalla rete Belluno Orienta intende presentare agli studenti di quarta e quinta superiore tutte le offerte formative degli atenei triveneti<br \/>\n<strong>BELLUNO<\/strong> Manca poco pi\u00f9 di un mese al via del Giro d\u2019Italia. E la corsa rosa \u00e8 stata presentata ieri al Vinitaly a Verona.<br \/>\n<strong>TAIBON<\/strong> Fine settimana di Pasqua con il grande tendone di Taibon Agordino. Quattro giorni di festa con Gruppo Sportivo, Pro Loco e Donatori del Sangue.<br \/>\n<strong>CANALE D\u2019AGORDO<\/strong> Lunedi di Pasquetta, \u00e8 in programma \u201cIn Paradisum\u201d, concerto teatrale a cura dell\u2019associazione \u201cLe Muse e le Dolomiti\u201d<br \/>\n<strong>VALLE DEL BIOIS<\/strong> Sono tre gli appuntamenti in programma nel fine settimana di Pasqua in Valle del Biois. Domenica 9 aprile a Canale D\u2019Agordo il Tiro Al Vof con chiosco a cura dell\u2019Hockey Club Canale. Luned\u00ec 10 aprile a Falcade il mercatino di Pasquetta e alle 11:30 nel giardino del Festil la caccia alle uova per bambini dai 3 agli 11 anni.<\/p>\n<p>&nbsp;<\/p>\n<p><iframe loading=\"lazy\" title=\"RASSEGNA STAMPA LOCALE\" width=\"1200\" height=\"675\" src=\"https:\/\/www.youtube.com\/embed\/OutKtEEwWuI?feature=oembed\" frameborder=\"0\" allow=\"accelerometer; autoplay; clipboard-write; encrypted-media; gyroscope; picture-in-picture; web-share\" allowfullscreen><\/iframe><\/p>\n<p>&nbsp;<\/p>\n<p>&nbsp;<\/p>\n<hr \/>\n<p>&nbsp;<\/p>\n","protected":false},"excerpt":{"rendered":"<p>BELLUNO &#8220;Con 31 euro\/giorno a persona non possiamo certo garantire i servizi che chiede il Prefetto&#8221;. Lo dicono gli amministratori a proposito dell&#8217;accoglienza profughi, mediatore linguistico, vitto, alloggio, aiuto per l&#8217;inserimento lavorativo, sostegno burocratico per soli 31 euro, risorse inadeguate. FELTRE Prende a pugni la moglie, uomo portato in carcere a Baldenich, stamane l&#8217;interrogatorio di&hellip;<\/p>\n","protected":false},"author":4,"featured_media":329899,"comment_status":"closed","ping_status":"closed","sticky":false,"template":"","format":"standard","meta":{"_monsterinsights_skip_tracking":false,"_monsterinsights_sitenote_active":false,"_monsterinsights_sitenote_note":"","_monsterinsights_sitenote_category":0,"footnotes":""},"categories":[104,49,142],"tags":[],"class_list":["post-329907","post","type-post","status-publish","format-standard","has-post-thumbnail","hentry","category-evidenza_3","category-news-18","category-rassegna-stampa","category-104","category-49","category-142","description-off"],"img_url":"https:\/\/www.radiopiu.net\/wordpress\/wp-content\/uploads\/2023\/04\/cope1.png","_links":{"self":[{"href":"https:\/\/www.radiopiu.net\/wordpress\/wp-json\/wp\/v2\/posts\/329907","targetHints":{"allow":["GET"]}}],"collection":[{"href":"https:\/\/www.radiopiu.net\/wordpress\/wp-json\/wp\/v2\/posts"}],"about":[{"href":"https:\/\/www.radiopiu.net\/wordpress\/wp-json\/wp\/v2\/types\/post"}],"author":[{"embeddable":true,"href":"https:\/\/www.radiopiu.net\/wordpress\/wp-json\/wp\/v2\/users\/4"}],"replies":[{"embeddable":true,"href":"https:\/\/www.radiopiu.net\/wordpress\/wp-json\/wp\/v2\/comments?post=329907"}],"version-history":[{"count":0,"href":"https:\/\/www.radiopiu.net\/wordpress\/wp-json\/wp\/v2\/posts\/329907\/revisions"}],"wp:featuredmedia":[{"embeddable":true,"href":"https:\/\/www.radiopiu.net\/wordpress\/wp-json\/wp\/v2\/media\/329899"}],"wp:attachment":[{"href":"https:\/\/www.radiopiu.net\/wordpress\/wp-json\/wp\/v2\/media?parent=329907"}],"wp:term":[{"taxonomy":"category","embeddable":true,"href":"https:\/\/www.radiopiu.net\/wordpress\/wp-json\/wp\/v2\/categories?post=329907"},{"taxonomy":"post_tag","embeddable":true,"href":"https:\/\/www.radiopiu.net\/wordpress\/wp-json\/wp\/v2\/tags?post=329907"}],"curies":[{"name":"wp","href":"https:\/\/api.w.org\/{rel}","templated":true}]}}