{"id":329933,"date":"2023-04-04T10:43:52","date_gmt":"2023-04-04T08:43:52","guid":{"rendered":"https:\/\/www.radiopiu.net\/wordpress\/?p=329933"},"modified":"2023-04-04T10:43:52","modified_gmt":"2023-04-04T08:43:52","slug":"pallavolo-under-14-belluno-quarto-nella-fase-interprovinciale","status":"publish","type":"post","link":"https:\/\/www.radiopiu.net\/wordpress\/pallavolo-under-14-belluno-quarto-nella-fase-interprovinciale\/","title":{"rendered":"PALLAVOLO UNDER 14, BELLUNO QUARTO NELLA FASE INTERPROVINCIALE"},"content":{"rendered":"<blockquote>\n<h3><\/h3>\n<\/blockquote>\n<p><img loading=\"lazy\" decoding=\"async\" class=\"alignleft\" src=\"https:\/\/www.radiopiu.net\/wordpress\/wp-content\/uploads\/2023\/04\/Under_14_quarta_a_livello_interprovinciale.jpg\" width=\"306\" height=\"204\" \/><strong>BELLUNO<\/strong> \u00c8 un quarto posto da applausi: lo ottiene l\u2019Under 14 della Pallavolo Belluno, in ambito interprovinciale, al termine di una splendida cavalcata. E di una stagione di altissimo profilo, in cui il gruppo di coach Simone Donadel \u00e8 cresciuto e maturato in maniera esponenziale.<span class=\"gmail-Apple-converted-space\">\u00a0<\/span><\/p>\n<p>Non arriva la qualificazione alla fase regionale, ma il bilancio rimane comunque lusinghiero. In questo senso, \u00e8 il Vt Personal Team San Don\u00e0 a spezzare il filo che poteva portare i quattordicenni bellunesi a misurarsi con le migliori selezioni venete. Decisiva, in tal senso, la finale per il terzo e quarto posto, andata in scena a Mogliano.<span class=\"gmail-Apple-converted-space\"> \u00a0<\/span>Il sestetto dolomitico cede in tre set, con i parziali di 19-25, 20-25 e 25-27, ma d\u00e0 filo da torcere ai quotati avversari. Soprattutto nel terzo round, in cui la DRL ha avuto il merito di annullare due match point. E si \u00e8 arresa soltanto ai vantaggi.<span class=\"gmail-Apple-converted-space\"> \u00a0<\/span>Applausi quindi a Francesco Polito, Pietro Dalla Corte, Ettore Gardin, Gianbattista Costa, Federico Consoli, Sebastiano Lucicesare, Leone Battistel, Nicola Bortoluzzi, Gabriel Barancean, Mirco D&#8217;Inc\u00e0, Mos\u00e8 Gambardella e Mattia Giacon, cos\u00ec come al tecnico Simone Donadel, alla vice Samantha De Francesch e alla dirigente accompagnatrice Manuela Dall\u2019Eva.<span class=\"gmail-Apple-converted-space\">\u00a0<\/span><\/p>\n<p>&nbsp;<\/p>\n<p>&nbsp;<\/p>\n<p>____<\/p>\n","protected":false},"excerpt":{"rendered":"<p>BELLUNO \u00c8 un quarto posto da applausi: lo ottiene l\u2019Under 14 della Pallavolo Belluno, in ambito interprovinciale, al termine di una splendida cavalcata. E di una stagione di altissimo profilo, in cui il gruppo di coach Simone Donadel \u00e8 cresciuto e maturato in maniera esponenziale.\u00a0 Non arriva la qualificazione alla fase regionale, ma il bilancio&hellip;<\/p>\n","protected":false},"author":4,"featured_media":329934,"comment_status":"closed","ping_status":"closed","sticky":false,"template":"","format":"standard","meta":{"_monsterinsights_skip_tracking":false,"_monsterinsights_sitenote_active":false,"_monsterinsights_sitenote_note":"","_monsterinsights_sitenote_category":0,"footnotes":""},"categories":[49],"tags":[],"class_list":["post-329933","post","type-post","status-publish","format-standard","has-post-thumbnail","hentry","category-news-18","category-49","description-off"],"img_url":"https:\/\/www.radiopiu.net\/wordpress\/wp-content\/uploads\/2023\/04\/Under_14_quarta_a_livello_interprovinciale.jpg","_links":{"self":[{"href":"https:\/\/www.radiopiu.net\/wordpress\/wp-json\/wp\/v2\/posts\/329933","targetHints":{"allow":["GET"]}}],"collection":[{"href":"https:\/\/www.radiopiu.net\/wordpress\/wp-json\/wp\/v2\/posts"}],"about":[{"href":"https:\/\/www.radiopiu.net\/wordpress\/wp-json\/wp\/v2\/types\/post"}],"author":[{"embeddable":true,"href":"https:\/\/www.radiopiu.net\/wordpress\/wp-json\/wp\/v2\/users\/4"}],"replies":[{"embeddable":true,"href":"https:\/\/www.radiopiu.net\/wordpress\/wp-json\/wp\/v2\/comments?post=329933"}],"version-history":[{"count":0,"href":"https:\/\/www.radiopiu.net\/wordpress\/wp-json\/wp\/v2\/posts\/329933\/revisions"}],"wp:featuredmedia":[{"embeddable":true,"href":"https:\/\/www.radiopiu.net\/wordpress\/wp-json\/wp\/v2\/media\/329934"}],"wp:attachment":[{"href":"https:\/\/www.radiopiu.net\/wordpress\/wp-json\/wp\/v2\/media?parent=329933"}],"wp:term":[{"taxonomy":"category","embeddable":true,"href":"https:\/\/www.radiopiu.net\/wordpress\/wp-json\/wp\/v2\/categories?post=329933"},{"taxonomy":"post_tag","embeddable":true,"href":"https:\/\/www.radiopiu.net\/wordpress\/wp-json\/wp\/v2\/tags?post=329933"}],"curies":[{"name":"wp","href":"https:\/\/api.w.org\/{rel}","templated":true}]}}