{"id":329963,"date":"2023-04-05T05:23:33","date_gmt":"2023-04-05T03:23:33","guid":{"rendered":"https:\/\/www.radiopiu.net\/wordpress\/?p=329963"},"modified":"2023-04-05T05:37:42","modified_gmt":"2023-04-05T03:37:42","slug":"agordo-si-prepara-ad-ospitare-il-campionato-nazionale-di-corsa-su-strada-del-csi","status":"publish","type":"post","link":"https:\/\/www.radiopiu.net\/wordpress\/agordo-si-prepara-ad-ospitare-il-campionato-nazionale-di-corsa-su-strada-del-csi\/","title":{"rendered":"AGORDO SI PREPARA AD OSPITARE IL CAMPIONATO NAZIONALE DI CORSA SU STRADA DEL CSI"},"content":{"rendered":"<p><strong><a class=\"dt-pswp-item\" href=\"https:\/\/www.radiopiu.net\/wordpress\/wp-content\/uploads\/2023\/04\/11374cfb-f8e5-4386-88fb-adc892164f8f.jpg\" data-dt-img-description=\"\" data-large_image_width=\"1600\" data-large_image_height=\"1200\"><img loading=\"lazy\" decoding=\"async\" class=\" wp-image-329964 alignleft\" src=\"https:\/\/www.radiopiu.net\/wordpress\/wp-content\/uploads\/2023\/04\/11374cfb-f8e5-4386-88fb-adc892164f8f-300x225.jpg\" alt=\"\" width=\"186\" height=\"139\" srcset=\"https:\/\/www.radiopiu.net\/wordpress\/wp-content\/uploads\/2023\/04\/11374cfb-f8e5-4386-88fb-adc892164f8f-300x225.jpg 300w, https:\/\/www.radiopiu.net\/wordpress\/wp-content\/uploads\/2023\/04\/11374cfb-f8e5-4386-88fb-adc892164f8f-1024x768.jpg 1024w, https:\/\/www.radiopiu.net\/wordpress\/wp-content\/uploads\/2023\/04\/11374cfb-f8e5-4386-88fb-adc892164f8f-768x576.jpg 768w, https:\/\/www.radiopiu.net\/wordpress\/wp-content\/uploads\/2023\/04\/11374cfb-f8e5-4386-88fb-adc892164f8f-1536x1152.jpg 1536w, https:\/\/www.radiopiu.net\/wordpress\/wp-content\/uploads\/2023\/04\/11374cfb-f8e5-4386-88fb-adc892164f8f.jpg 1600w\" sizes=\"auto, (max-width: 186px) 100vw, 186px\" \/><\/a>AGORDO<\/strong> Agordo si prepara ad ospitare il Campionato nazionale su strada 2023 del Centro sportivo italiano. Il consiglio nazionale dell\u2019ente di promozione sportiva ha infatti assegnato all\u2019Atletica Agordina e al comitato di Belluno l\u2019organizzazione dell\u2019evento e nei giorni scorsi c\u2019\u00e8 stato il sopralluogo della commissione tecnica nazionale ad Agordo. \u00abL\u2019appuntamento, per il quale stiamo lavorando gi\u00e0 da diverse settimane, \u00e8 per domenica 22 ottobre\u00bb spiega Fernando Soccol, presidente dell\u2019Atletica Agordina. \u00abTeatro di gara sar\u00e0 un tracciato che ricalca quello delle storiche \u201cMiglia di Agordo\u201d e che avr\u00e0 partenza e arrivo in Piazza della Libert\u00e0. Nei giorni scorsi la commissione tecnica Csi, guidata da Carmine Di Pinto, ha effettuato un sopralluogo ed \u00e8 stata colpita favorevolmente sia dal percorso che dal contesto ambientale\u00bb. \u00abInsieme alla stessa commissione e a una delegazione del comitato di Belluno abbiamo avuto un incontro con il presidente dell\u2019Unione Montana Agordina, Paolo Frena, e con l\u2019assessore al comune di Agordo, Cristina Bien: da parte di entrambi c\u2019\u00e8 stata la massima disponibilit\u00e0 nel collaborare a una manifestazione che, stimiamo, porter\u00e0 ad Agordo tra i 700 e gli 800 concorrenti e che costituir\u00e0 una bella opportunit\u00e0 di promozione per tutto il territorio\u00bb. \u00abNelle prossime settimane incontreremo anche gli operatori economici e le associazioni del territorio\u00bb dice ancora Soccol. \u00abVogliamo fare in modo di accogliere al meglio tutte le delegazioni che arriveranno ad Agordo per questo Campionato nazionale di corsa su strada che, per noi dell\u2019Atletica Agordina e per il comitato Csi di Belluno rappresenta un grandissimo motivo di orgoglio\u00bb<\/p>\n<p>&nbsp;<\/p>\n<p>&nbsp;<\/p>\n<p>*******<\/p>\n","protected":false},"excerpt":{"rendered":"<p>AGORDO Agordo si prepara ad ospitare il Campionato nazionale su strada 2023 del Centro sportivo italiano. Il consiglio nazionale dell\u2019ente di promozione sportiva ha infatti assegnato all\u2019Atletica Agordina e al comitato di Belluno l\u2019organizzazione dell\u2019evento e nei giorni scorsi c\u2019\u00e8 stato il sopralluogo della commissione tecnica nazionale ad Agordo. \u00abL\u2019appuntamento, per il quale stiamo lavorando&hellip;<\/p>\n","protected":false},"author":4,"featured_media":329964,"comment_status":"closed","ping_status":"closed","sticky":false,"template":"","format":"standard","meta":{"_monsterinsights_skip_tracking":false,"_monsterinsights_sitenote_active":false,"_monsterinsights_sitenote_note":"","_monsterinsights_sitenote_category":0,"footnotes":""},"categories":[104,49],"tags":[],"class_list":["post-329963","post","type-post","status-publish","format-standard","has-post-thumbnail","hentry","category-evidenza_3","category-news-18","category-104","category-49","description-off"],"img_url":"https:\/\/www.radiopiu.net\/wordpress\/wp-content\/uploads\/2023\/04\/11374cfb-f8e5-4386-88fb-adc892164f8f.jpg","_links":{"self":[{"href":"https:\/\/www.radiopiu.net\/wordpress\/wp-json\/wp\/v2\/posts\/329963","targetHints":{"allow":["GET"]}}],"collection":[{"href":"https:\/\/www.radiopiu.net\/wordpress\/wp-json\/wp\/v2\/posts"}],"about":[{"href":"https:\/\/www.radiopiu.net\/wordpress\/wp-json\/wp\/v2\/types\/post"}],"author":[{"embeddable":true,"href":"https:\/\/www.radiopiu.net\/wordpress\/wp-json\/wp\/v2\/users\/4"}],"replies":[{"embeddable":true,"href":"https:\/\/www.radiopiu.net\/wordpress\/wp-json\/wp\/v2\/comments?post=329963"}],"version-history":[{"count":0,"href":"https:\/\/www.radiopiu.net\/wordpress\/wp-json\/wp\/v2\/posts\/329963\/revisions"}],"wp:featuredmedia":[{"embeddable":true,"href":"https:\/\/www.radiopiu.net\/wordpress\/wp-json\/wp\/v2\/media\/329964"}],"wp:attachment":[{"href":"https:\/\/www.radiopiu.net\/wordpress\/wp-json\/wp\/v2\/media?parent=329963"}],"wp:term":[{"taxonomy":"category","embeddable":true,"href":"https:\/\/www.radiopiu.net\/wordpress\/wp-json\/wp\/v2\/categories?post=329963"},{"taxonomy":"post_tag","embeddable":true,"href":"https:\/\/www.radiopiu.net\/wordpress\/wp-json\/wp\/v2\/tags?post=329963"}],"curies":[{"name":"wp","href":"https:\/\/api.w.org\/{rel}","templated":true}]}}