{"id":329972,"date":"2023-04-04T16:17:02","date_gmt":"2023-04-04T14:17:02","guid":{"rendered":"https:\/\/www.radiopiu.net\/wordpress\/?p=329972"},"modified":"2023-04-04T16:35:12","modified_gmt":"2023-04-04T14:35:12","slug":"eugenio-bien-a-radio-piu-giovedi-sotto-al-tendone-della-sagra-de-pasca","status":"publish","type":"post","link":"https:\/\/www.radiopiu.net\/wordpress\/eugenio-bien-a-radio-piu-giovedi-sotto-al-tendone-della-sagra-de-pasca\/","title":{"rendered":"EUGENIO BIEN A RADIO PIU&#8217;. GIOVEDI&#8217; SOTTO AL TENDONE DELLA SAGRA DE PASCA"},"content":{"rendered":"<p><strong>REDAZIONE<\/strong> Eugenio Bien \u00e8 arrivato a trovarci negli studi di Radio Pi\u00f9 e in un&#8217;improvvisata diretta ha presentato quella che sar\u00e0 la seconda parte della serata inaugurale della Sagra De Pasca a Taibon. Infatti, dopo la presentazione del Campionato Agordino di Calcio, Eugenio racconter\u00e0 la sua storia, le amate montagne e una vita passata nel Soccorso Alpino.<\/p>\n<p><strong>LA DIRETTA RADIO PIU&#8217;<\/strong><\/p>\n<p><strong>audio<\/strong><\/p>\n<audio class=\"wp-audio-shortcode\" id=\"audio-329972-1\" preload=\"none\" style=\"width: 100%;\" controls=\"controls\"><source type=\"audio\/mpeg\" src=\"https:\/\/www.radiopiu.net\/wordpress\/wp-content\/uploads\/2023\/04\/GENIO-BIEN.mp3?_=1\" \/><a href=\"https:\/\/www.radiopiu.net\/wordpress\/wp-content\/uploads\/2023\/04\/GENIO-BIEN.mp3\">https:\/\/www.radiopiu.net\/wordpress\/wp-content\/uploads\/2023\/04\/GENIO-BIEN.mp3<\/a><\/audio>\n<p>&nbsp;<\/p>\n<p>video<\/p>\n<p>&nbsp;<\/p>\n<p><iframe loading=\"lazy\" title=\"EUGENIO BIEN A RADIO PIU&#039;\" width=\"1200\" height=\"675\" src=\"https:\/\/www.youtube.com\/embed\/Ec0PmBRs0SE?feature=oembed\" frameborder=\"0\" allow=\"accelerometer; autoplay; clipboard-write; encrypted-media; gyroscope; picture-in-picture; web-share\" allowfullscreen><\/iframe><\/p>\n<p>&nbsp;<\/p>\n<p>&nbsp;<\/p>\n<p>*****<\/p>\n","protected":false},"excerpt":{"rendered":"<p>REDAZIONE Eugenio Bien \u00e8 arrivato a trovarci negli studi di Radio Pi\u00f9 e in un&#8217;improvvisata diretta ha presentato quella che sar\u00e0 la seconda parte della serata inaugurale della Sagra De Pasca a Taibon. Infatti, dopo la presentazione del Campionato Agordino di Calcio, Eugenio racconter\u00e0 la sua storia, le amate montagne e una vita passata nel&hellip;<\/p>\n","protected":false},"author":4,"featured_media":329977,"comment_status":"closed","ping_status":"closed","sticky":false,"template":"","format":"standard","meta":{"_monsterinsights_skip_tracking":false,"_monsterinsights_sitenote_active":false,"_monsterinsights_sitenote_note":"","_monsterinsights_sitenote_category":0,"footnotes":""},"categories":[51,49],"tags":[],"class_list":["post-329972","post","type-post","status-publish","format-standard","has-post-thumbnail","hentry","category-evidenza-top","category-news-18","category-51","category-49","description-off"],"img_url":"https:\/\/www.radiopiu.net\/wordpress\/wp-content\/uploads\/2023\/04\/EUGENIO-BIEN.png","_links":{"self":[{"href":"https:\/\/www.radiopiu.net\/wordpress\/wp-json\/wp\/v2\/posts\/329972","targetHints":{"allow":["GET"]}}],"collection":[{"href":"https:\/\/www.radiopiu.net\/wordpress\/wp-json\/wp\/v2\/posts"}],"about":[{"href":"https:\/\/www.radiopiu.net\/wordpress\/wp-json\/wp\/v2\/types\/post"}],"author":[{"embeddable":true,"href":"https:\/\/www.radiopiu.net\/wordpress\/wp-json\/wp\/v2\/users\/4"}],"replies":[{"embeddable":true,"href":"https:\/\/www.radiopiu.net\/wordpress\/wp-json\/wp\/v2\/comments?post=329972"}],"version-history":[{"count":0,"href":"https:\/\/www.radiopiu.net\/wordpress\/wp-json\/wp\/v2\/posts\/329972\/revisions"}],"wp:featuredmedia":[{"embeddable":true,"href":"https:\/\/www.radiopiu.net\/wordpress\/wp-json\/wp\/v2\/media\/329977"}],"wp:attachment":[{"href":"https:\/\/www.radiopiu.net\/wordpress\/wp-json\/wp\/v2\/media?parent=329972"}],"wp:term":[{"taxonomy":"category","embeddable":true,"href":"https:\/\/www.radiopiu.net\/wordpress\/wp-json\/wp\/v2\/categories?post=329972"},{"taxonomy":"post_tag","embeddable":true,"href":"https:\/\/www.radiopiu.net\/wordpress\/wp-json\/wp\/v2\/tags?post=329972"}],"curies":[{"name":"wp","href":"https:\/\/api.w.org\/{rel}","templated":true}]}}