{"id":330012,"date":"2023-04-04T23:59:30","date_gmt":"2023-04-04T21:59:30","guid":{"rendered":"https:\/\/www.radiopiu.net\/wordpress\/?p=330012"},"modified":"2023-04-05T05:33:35","modified_gmt":"2023-04-05T03:33:35","slug":"a-belluno-anche-la-chiesa-di-san-giuseppe-in-campitello-del-1507-con-opere-di-f-vecellio-melchiori-e-brustolon-fra-quelle-scomparse","status":"publish","type":"post","link":"https:\/\/www.radiopiu.net\/wordpress\/a-belluno-anche-la-chiesa-di-san-giuseppe-in-campitello-del-1507-con-opere-di-f-vecellio-melchiori-e-brustolon-fra-quelle-scomparse\/","title":{"rendered":"A BELLUNO ANCHE LA CHIESA DI SAN GIUSEPPE, IN CAMPITELLO, DEL 1507 (CON OPERE DI F.VECELLIO, MELCHIORI E BRUSTOLON) FRA QUELLE SCOMPARSE"},"content":{"rendered":"<p><strong>di Renato Bona<\/strong><\/p>\n<p>Alla scoperta di \u201cChiese scomparse di Belluno\u201d che \u00e8 poi il titolo dell\u2019ottimo libro dell\u2019architetto Mario Dal Mas e di monsignor Attilio Giacobbi (stampa a cura dell\u2019Istituto bellunese di ricerche sociali e culturali con la tipografia Piave, del gennaio del 1977) leggiamo e sintetizziamo nella circostanza il capitolo che i due valenti studiosi-autori (uno per la parte storico-architettonica-urbanistica e l\u2019altro per il contenuto storico artistico degli edifici sacri e le espressioni di vita religiosa collegate alle chiese, ed ha tratto le conclusioni) hanno dedicato alla chiesa di San Giuseppe, la cui edificazione si concretizz\u00f2 il 12 agosto 1507. Proprio nel periodo storico assai delicato per la citt\u00e0 di Belluno, mentre \u00e8 minacciata dall\u2019imperatore Massimiliano in guerra con Venezia. Dove si costruii? Gli autori spiegano: \u201cEra posto in Campitello sul luogo preciso ora occupato dal fabbricato che chiude a ponente la piazza, in un bel luogo aperto, ma scosceso, appena delimitato a sinistra dalla strada che menava a Borgo di Tiera, e dominante la vecchia strada di Lambioi che da quel punto scendeva al fiume. La scelta non \u00e8 casuale e costituisce senza dubbio il primo fatto costruttivo importante per la definizione della piazza di Campitello fino allora ben poco pi\u00f9 che un campo al margine delle mura\u201d. Una scelta &#8211; aggiungono &#8211; di valore assoluto in quanto oltre a rendersi polo della piazza essa definisce lo sviluppo del Borgo, allora ancora non costituito, mettendosi al \u2018capo di Tiera\u2019 precisando l\u2019inizio ed il limite dello sviluppo della citt\u00e0, gi\u00e0 troppo compressa entro le mura\u201d. Un dipinto del secolo XVII conservato al Museo bellunese documenta l\u2019inserimento della chiesa nell\u2019ambiente \u201ccon l\u2019emergenza del Castello, le sue mura e torri e il borgo che si preannuncia nelle linee essenziali, e la casa Agosti forse appena realizzata\u2026\u201d. La chiesa, viene quindi ricordato, \u201csegue le vicende dell\u2019infausto decreto napoleonico del 25 aprile 1806 in cui vennero avocati tutti i beni delle scuole e delle corporazioni. Data la splendida posizione, essa fu presto venduta dal demanio e demolita realizzando al suo posto una casa di abitazione\u201d. Craller infatti testimonia che \u201cla bella chiesa in capo di Tiera nel 1835 era stata gi\u00e0 demolita\u201d, Quanto alle opere d\u2019arte i due autori ricordavano che la chiesa di San Giuseppe aveva una grande facciata che si poteva ammirare bene da tutto il Campitello e che \u201cil 26 settembre si arricch\u00ec di una bella statua del Santo, in pietra, unica opera di valore lasciata a Belluno dallo scultore agordino Giovanni Melchiori (1696-1778). All\u2019interno, 14 genuflessori nella navata e tutt\u2019intorno, lungo il muro, bancali e schienali in noce rilevati di un gradino; c\u2019erano tre altari con opere d\u2019arte di grande valore. L\u2019altar maggiore, intitolato a San Giuseppe, in una pala di legno dorato, aveva una bellissima tela con l\u2019 \u201cAdorazione dei pastori\u201d attribuita a Francesco Vecellio e finita ora nel Museo delle Belle Arti di Houston in Texas; gli altri due altari avevano due pale di legno, uguali, parte dorate e parte laccate (\u201cbianche striate d\u2019oro\u201d). Quello di sinistra, dedicato a San Nicol\u00f2 di Tolentino; quello laterale di destra intitolato a San Giorgio aveva una tela di Jacopo Palma il Giovane (1544-1628) raffigurante appunto San Giorgio. Nella Cappella della Beata Vergine della Consolazione, costruita nel 1665 un altare staccato dal muro, con pala dorata al centro, dentro un cristallo, la statua della Madonna che ogni terza domenica si portava in processione attorno al Campitello dopo un vesprt; ai lati due statur in \u201clegno figurato\u201d di Sant\u2019Agostino e Santa Monica. In un nicchio di legno un bellissimo Crocifisso del Brustolon donato \u201calla devota Confraternita di San Giuseppe\u201d ed un altro crocifisso di legno nella cappella dell\u2019altar maggiore che serviva per le processioni della Confraternita.<\/p>\n\n\t\t\t<style type='text\/css'>\n\t\t\t\t#gallery-1 {\n\t\t\t\t\tmargin: auto;\n\t\t\t\t}\n\t\t\t\t#gallery-1 .gallery-item {\n\t\t\t\t\tfloat: left;\n\t\t\t\t\tmargin-top: 10px;\n\t\t\t\t\ttext-align: center;\n\t\t\t\t\twidth: 14%;\n\t\t\t\t}\n\t\t\t\t#gallery-1 img {\n\t\t\t\t\tborder: 2px solid #cfcfcf;\n\t\t\t\t}\n\t\t\t\t#gallery-1 .gallery-caption {\n\t\t\t\t\tmargin-left: 0;\n\t\t\t\t}\n\t\t\t\t\/* see gallery_shortcode() in wp-includes\/media.php *\/\n\t\t\t<\/style>\n\t\t<div id='gallery-1' class='dt-gallery-container gallery galleryid-330012 gallery-columns-7 gallery-size-thumbnail'><dl class='gallery-item'>\n\t\t\t\t<dt class='gallery-icon landscape'>\n\t\t\t\t\t<a class=\"rollover rollover-zoom dt-pswp-item\" title=\"337375012_604198648239460_1112002179327679684_n\" data-dt-img-description=\"\" data-large_image_width=\"708\" data-large_image_height=\"403\"href='https:\/\/www.radiopiu.net\/wordpress\/wp-content\/uploads\/2023\/04\/337375012_604198648239460_1112002179327679684_n.jpg'><img loading=\"lazy\" decoding=\"async\" width=\"150\" height=\"150\" src=\"https:\/\/www.radiopiu.net\/wordpress\/wp-content\/uploads\/2023\/04\/337375012_604198648239460_1112002179327679684_n-150x150.jpg\" class=\"attachment-thumbnail size-thumbnail\" alt=\"\" \/><\/a>\n\t\t\t\t<\/dt><\/dl><dl class='gallery-item'>\n\t\t\t\t<dt class='gallery-icon landscape'>\n\t\t\t\t\t<a class=\"rollover rollover-zoom dt-pswp-item\" title=\"338448402_898640941366508_7017895917563058886_n\" data-dt-img-description=\"\" data-large_image_width=\"572\" data-large_image_height=\"403\"href='https:\/\/www.radiopiu.net\/wordpress\/wp-content\/uploads\/2023\/04\/338448402_898640941366508_7017895917563058886_n.jpg'><img loading=\"lazy\" decoding=\"async\" width=\"150\" height=\"150\" src=\"https:\/\/www.radiopiu.net\/wordpress\/wp-content\/uploads\/2023\/04\/338448402_898640941366508_7017895917563058886_n-150x150.jpg\" class=\"attachment-thumbnail size-thumbnail\" alt=\"\" \/><\/a>\n\t\t\t\t<\/dt><\/dl><dl class='gallery-item'>\n\t\t\t\t<dt class='gallery-icon landscape'>\n\t\t\t\t\t<a class=\"rollover rollover-zoom dt-pswp-item\" title=\"337483296_524045763212031_8573026446862957976_n\" data-dt-img-description=\"\" data-large_image_width=\"538\" data-large_image_height=\"403\"href='https:\/\/www.radiopiu.net\/wordpress\/wp-content\/uploads\/2023\/04\/337483296_524045763212031_8573026446862957976_n.jpg'><img loading=\"lazy\" decoding=\"async\" width=\"150\" height=\"150\" src=\"https:\/\/www.radiopiu.net\/wordpress\/wp-content\/uploads\/2023\/04\/337483296_524045763212031_8573026446862957976_n-150x150.jpg\" class=\"attachment-thumbnail size-thumbnail\" alt=\"\" \/><\/a>\n\t\t\t\t<\/dt><\/dl><dl class='gallery-item'>\n\t\t\t\t<dt class='gallery-icon landscape'>\n\t\t\t\t\t<a class=\"rollover rollover-zoom dt-pswp-item\" title=\"338906131_166256099254367_1392243014795931629_n\" data-dt-img-description=\"\" data-large_image_width=\"525\" data-large_image_height=\"403\"href='https:\/\/www.radiopiu.net\/wordpress\/wp-content\/uploads\/2023\/04\/338906131_166256099254367_1392243014795931629_n.jpg'><img loading=\"lazy\" decoding=\"async\" width=\"150\" height=\"150\" src=\"https:\/\/www.radiopiu.net\/wordpress\/wp-content\/uploads\/2023\/04\/338906131_166256099254367_1392243014795931629_n-150x150.jpg\" class=\"attachment-thumbnail size-thumbnail\" alt=\"\" \/><\/a>\n\t\t\t\t<\/dt><\/dl><dl class='gallery-item'>\n\t\t\t\t<dt class='gallery-icon landscape'>\n\t\t\t\t\t<a class=\"rollover rollover-zoom dt-pswp-item\" title=\"338401059_3484116721907110_9041081723137442786_n\" data-dt-img-description=\"\" data-large_image_width=\"790\" data-large_image_height=\"403\"href='https:\/\/www.radiopiu.net\/wordpress\/wp-content\/uploads\/2023\/04\/338401059_3484116721907110_9041081723137442786_n.jpg'><img loading=\"lazy\" decoding=\"async\" width=\"150\" height=\"150\" src=\"https:\/\/www.radiopiu.net\/wordpress\/wp-content\/uploads\/2023\/04\/338401059_3484116721907110_9041081723137442786_n-150x150.jpg\" class=\"attachment-thumbnail size-thumbnail\" alt=\"\" \/><\/a>\n\t\t\t\t<\/dt><\/dl><dl class='gallery-item'>\n\t\t\t\t<dt class='gallery-icon landscape'>\n\t\t\t\t\t<a class=\"rollover rollover-zoom dt-pswp-item\" title=\"337975879_175532772021449_6565353405963428088_n\" data-dt-img-description=\"\" data-large_image_width=\"1194\" data-large_image_height=\"403\"href='https:\/\/www.radiopiu.net\/wordpress\/wp-content\/uploads\/2023\/04\/337975879_175532772021449_6565353405963428088_n.jpg'><img loading=\"lazy\" decoding=\"async\" width=\"150\" height=\"150\" src=\"https:\/\/www.radiopiu.net\/wordpress\/wp-content\/uploads\/2023\/04\/337975879_175532772021449_6565353405963428088_n-150x150.jpg\" class=\"attachment-thumbnail size-thumbnail\" alt=\"\" \/><\/a>\n\t\t\t\t<\/dt><\/dl><dl class='gallery-item'>\n\t\t\t\t<dt class='gallery-icon portrait'>\n\t\t\t\t\t<a class=\"rollover rollover-zoom dt-pswp-item\" title=\"337096196_2227714807417210_9044750321349101751_n\" data-dt-img-description=\"\" data-large_image_width=\"304\" data-large_image_height=\"403\"href='https:\/\/www.radiopiu.net\/wordpress\/wp-content\/uploads\/2023\/04\/337096196_2227714807417210_9044750321349101751_n.jpg'><img loading=\"lazy\" decoding=\"async\" width=\"150\" height=\"150\" src=\"https:\/\/www.radiopiu.net\/wordpress\/wp-content\/uploads\/2023\/04\/337096196_2227714807417210_9044750321349101751_n-150x150.jpg\" class=\"attachment-thumbnail size-thumbnail\" alt=\"\" \/><\/a>\n\t\t\t\t<\/dt><\/dl><br style=\"clear: both\" \/>\n\t\t\t<\/div>\n\n<p>NELLE FOTO (riproduzioni dal libro di Mario Dal Mas ed Attilio Giacobbi \u201cChiese scomparse di Belluno\u201d): interpretazione di Piazza Campitello della met\u00e0 del secolo XVI; incisione prospettica della citt\u00e0 di Belluno opera di F. Monaco con particolari della chiesa di San Giuseppe sulla Piazza Campitello e della strada per Lambioi; pianta e sezione della chiesa nella ricostruzione desunta dalla descrizione del verbale della visita Rota del 1723; Piazza Campitello con la chiesa di San Giuseppe, da un quadro del Museo civico di Belluno; e da un acquarello di Osvaldo Monti del 1880; il Crocifisso di Andrea Brustolon donato dall\u2019artista alla sua Scola di San Giuseppe e conservato \u201cvicino alla cappella della Beata Vergine \u201cin un nicchio di legno, coperto di cristallo, alto circa 130 centimetri che fu posto dapprima nelle aule del Tribunale austriaco e oggi si conserva, senza la croce, nel Museo civico bellunese.<\/p>\n","protected":false},"excerpt":{"rendered":"<p>di Renato Bona Alla scoperta di \u201cChiese scomparse di Belluno\u201d che \u00e8 poi il titolo dell\u2019ottimo libro dell\u2019architetto Mario Dal Mas e di monsignor Attilio Giacobbi (stampa a cura dell\u2019Istituto bellunese di ricerche sociali e culturali con la tipografia Piave, del gennaio del 1977) leggiamo e sintetizziamo nella circostanza il capitolo che i due valenti&hellip;<\/p>\n","protected":false},"author":4,"featured_media":330018,"comment_status":"closed","ping_status":"closed","sticky":false,"template":"","format":"standard","meta":{"_monsterinsights_skip_tracking":false,"_monsterinsights_sitenote_active":false,"_monsterinsights_sitenote_note":"","_monsterinsights_sitenote_category":0,"footnotes":""},"categories":[104,49],"tags":[],"class_list":["post-330012","post","type-post","status-publish","format-standard","has-post-thumbnail","hentry","category-evidenza_3","category-news-18","category-104","category-49","description-off"],"img_url":"https:\/\/www.radiopiu.net\/wordpress\/wp-content\/uploads\/2023\/04\/338401059_3484116721907110_9041081723137442786_n.jpg","_links":{"self":[{"href":"https:\/\/www.radiopiu.net\/wordpress\/wp-json\/wp\/v2\/posts\/330012","targetHints":{"allow":["GET"]}}],"collection":[{"href":"https:\/\/www.radiopiu.net\/wordpress\/wp-json\/wp\/v2\/posts"}],"about":[{"href":"https:\/\/www.radiopiu.net\/wordpress\/wp-json\/wp\/v2\/types\/post"}],"author":[{"embeddable":true,"href":"https:\/\/www.radiopiu.net\/wordpress\/wp-json\/wp\/v2\/users\/4"}],"replies":[{"embeddable":true,"href":"https:\/\/www.radiopiu.net\/wordpress\/wp-json\/wp\/v2\/comments?post=330012"}],"version-history":[{"count":0,"href":"https:\/\/www.radiopiu.net\/wordpress\/wp-json\/wp\/v2\/posts\/330012\/revisions"}],"wp:featuredmedia":[{"embeddable":true,"href":"https:\/\/www.radiopiu.net\/wordpress\/wp-json\/wp\/v2\/media\/330018"}],"wp:attachment":[{"href":"https:\/\/www.radiopiu.net\/wordpress\/wp-json\/wp\/v2\/media?parent=330012"}],"wp:term":[{"taxonomy":"category","embeddable":true,"href":"https:\/\/www.radiopiu.net\/wordpress\/wp-json\/wp\/v2\/categories?post=330012"},{"taxonomy":"post_tag","embeddable":true,"href":"https:\/\/www.radiopiu.net\/wordpress\/wp-json\/wp\/v2\/tags?post=330012"}],"curies":[{"name":"wp","href":"https:\/\/api.w.org\/{rel}","templated":true}]}}