{"id":330023,"date":"2023-04-05T05:25:30","date_gmt":"2023-04-05T03:25:30","guid":{"rendered":"https:\/\/www.radiopiu.net\/wordpress\/?p=330023"},"modified":"2023-04-05T05:37:08","modified_gmt":"2023-04-05T03:37:08","slug":"farmacia-luxottica","status":"publish","type":"post","link":"https:\/\/www.radiopiu.net\/wordpress\/farmacia-luxottica\/","title":{"rendered":"FARMACIA LUXOTTICA. I FARMACISTI AGORDINI INCONTRANO I SINDACI"},"content":{"rendered":"<p><strong><a class=\"dt-pswp-item\" href=\"https:\/\/www.radiopiu.net\/wordpress\/wp-content\/uploads\/2023\/02\/farmacia-favretti.png\" data-dt-img-description=\"\" data-large_image_width=\"1832\" data-large_image_height=\"1462\"><img loading=\"lazy\" decoding=\"async\" class=\" wp-image-323419 alignleft\" src=\"https:\/\/www.radiopiu.net\/wordpress\/wp-content\/uploads\/2023\/02\/farmacia-favretti-300x239.png\" alt=\"\" width=\"151\" height=\"120\" srcset=\"https:\/\/www.radiopiu.net\/wordpress\/wp-content\/uploads\/2023\/02\/farmacia-favretti-300x239.png 300w, https:\/\/www.radiopiu.net\/wordpress\/wp-content\/uploads\/2023\/02\/farmacia-favretti-1024x817.png 1024w, https:\/\/www.radiopiu.net\/wordpress\/wp-content\/uploads\/2023\/02\/farmacia-favretti-768x613.png 768w, https:\/\/www.radiopiu.net\/wordpress\/wp-content\/uploads\/2023\/02\/farmacia-favretti-1536x1226.png 1536w, https:\/\/www.radiopiu.net\/wordpress\/wp-content\/uploads\/2023\/02\/farmacia-favretti.png 1832w\" sizes=\"auto, (max-width: 151px) 100vw, 151px\" \/><\/a>AGORDO <\/strong>I farmacisti dell\u2019Agordino hanno incontrato nei giorni scorsi i sindaci. Sul tavolo della riunione l\u2019acquisto della Farmacia Favretti da parte dell\u2019azienda Luxottica. Un\u2019operazione che sta destando pi\u00f9 di qualche perplessit\u00e0 tra i professionisti. \u201cSiamo aperti al dialogo e vogliamo lavorare in sinergia per dare pi\u00f9 servizi al territorio. La volont\u00e0 da parte nostra \u00e8 quella di fare rete per garantire presidi anche nelle vallate meno baricentriche\u201d spiega il coordinamento dei farmacisti agordini. Da parte loro, non nascondono la preoccupazione per le ricadute che potrebbero verificarsi. A partire dalla tenuta di alcune farmacie e dalla sussistenza specialmente di quelle che si trovano in aree pi\u00f9 marginali, con un bacino d\u2019utenza pi\u00f9 piccolo. \u201cLa farmacia \u00e8 per Luxottica anche uno strumento per aumentare il welfare aziendale e questo \u00e8 sicuramente un obiettivo nobile. Ma dal nostro punto di vista nasconde un pericolo di tipo sociale: il rischio \u00e8 di incrementare un divario gi\u00e0 esistente tra lavoratori di Luxottica e altri lavoratori, in termini di servizi e benefit\u201d, sottolinea il coordinamento dei farmacisti. \u201cAbbiamo affrontato questo argomento con i sindaci, che condividono la nostra preoccupazione. Chiediamo la disponibilit\u00e0 dell\u2019azienda a incontrarci per ragionare insieme. Da parte nostra siamo disponibili a fare rete per generare un welfare diffuso e rafforzare la \u201cfiliera\u201d delle farmacie nel suo complesso, anche con le farmacie \u201cdi vicinato\u201d. L\u2019obiettivo di tutti deve essere quello di erogare servizi sul territorio, su tutto l\u2019Agordino, per contrastare lo spopolamento della montagna, senza creare sbilanciamenti in una situazione sociale ed economica gi\u00e0 fragile\u201d.<\/p>\n<p>&nbsp;<\/p>\n<p><strong>di Gianni Santomaso<\/strong><\/p>\n<audio class=\"wp-audio-shortcode\" id=\"audio-330023-1\" preload=\"none\" style=\"width: 100%;\" controls=\"controls\"><source type=\"audio\/mpeg\" src=\"https:\/\/www.radiopiu.net\/wordpress\/wp-content\/uploads\/2023\/04\/GIANNI-FARMACIA-LUXOTTICA.mp3?_=1\" \/><a href=\"https:\/\/www.radiopiu.net\/wordpress\/wp-content\/uploads\/2023\/04\/GIANNI-FARMACIA-LUXOTTICA.mp3\">https:\/\/www.radiopiu.net\/wordpress\/wp-content\/uploads\/2023\/04\/GIANNI-FARMACIA-LUXOTTICA.mp3<\/a><\/audio>\n<p>&nbsp;<\/p>\n<p>&nbsp;<\/p>\n<p>*******<\/p>\n","protected":false},"excerpt":{"rendered":"<p>AGORDO I farmacisti dell\u2019Agordino hanno incontrato nei giorni scorsi i sindaci. Sul tavolo della riunione l\u2019acquisto della Farmacia Favretti da parte dell\u2019azienda Luxottica. Un\u2019operazione che sta destando pi\u00f9 di qualche perplessit\u00e0 tra i professionisti. \u201cSiamo aperti al dialogo e vogliamo lavorare in sinergia per dare pi\u00f9 servizi al territorio. La volont\u00e0 da parte nostra \u00e8&hellip;<\/p>\n","protected":false},"author":4,"featured_media":323419,"comment_status":"closed","ping_status":"closed","sticky":false,"template":"","format":"standard","meta":{"_monsterinsights_skip_tracking":false,"_monsterinsights_sitenote_active":false,"_monsterinsights_sitenote_note":"","_monsterinsights_sitenote_category":0,"footnotes":""},"categories":[104,49],"tags":[],"class_list":["post-330023","post","type-post","status-publish","format-standard","has-post-thumbnail","hentry","category-evidenza_3","category-news-18","category-104","category-49","description-off"],"img_url":"https:\/\/www.radiopiu.net\/wordpress\/wp-content\/uploads\/2023\/02\/farmacia-favretti.png","_links":{"self":[{"href":"https:\/\/www.radiopiu.net\/wordpress\/wp-json\/wp\/v2\/posts\/330023","targetHints":{"allow":["GET"]}}],"collection":[{"href":"https:\/\/www.radiopiu.net\/wordpress\/wp-json\/wp\/v2\/posts"}],"about":[{"href":"https:\/\/www.radiopiu.net\/wordpress\/wp-json\/wp\/v2\/types\/post"}],"author":[{"embeddable":true,"href":"https:\/\/www.radiopiu.net\/wordpress\/wp-json\/wp\/v2\/users\/4"}],"replies":[{"embeddable":true,"href":"https:\/\/www.radiopiu.net\/wordpress\/wp-json\/wp\/v2\/comments?post=330023"}],"version-history":[{"count":0,"href":"https:\/\/www.radiopiu.net\/wordpress\/wp-json\/wp\/v2\/posts\/330023\/revisions"}],"wp:featuredmedia":[{"embeddable":true,"href":"https:\/\/www.radiopiu.net\/wordpress\/wp-json\/wp\/v2\/media\/323419"}],"wp:attachment":[{"href":"https:\/\/www.radiopiu.net\/wordpress\/wp-json\/wp\/v2\/media?parent=330023"}],"wp:term":[{"taxonomy":"category","embeddable":true,"href":"https:\/\/www.radiopiu.net\/wordpress\/wp-json\/wp\/v2\/categories?post=330023"},{"taxonomy":"post_tag","embeddable":true,"href":"https:\/\/www.radiopiu.net\/wordpress\/wp-json\/wp\/v2\/tags?post=330023"}],"curies":[{"name":"wp","href":"https:\/\/api.w.org\/{rel}","templated":true}]}}