{"id":330096,"date":"2023-04-06T05:26:27","date_gmt":"2023-04-06T03:26:27","guid":{"rendered":"https:\/\/www.radiopiu.net\/wordpress\/?p=330096"},"modified":"2023-04-06T05:38:52","modified_gmt":"2023-04-06T03:38:52","slug":"lazienda-feltrina-per-i-servizi-alla-persona-diventa-un-caso-di-studio","status":"publish","type":"post","link":"https:\/\/www.radiopiu.net\/wordpress\/lazienda-feltrina-per-i-servizi-alla-persona-diventa-un-caso-di-studio\/","title":{"rendered":"L\u2019AZIENDA FELTRINA PER I SERVIZI ALLA PERSONA DIVENTA UN CASO DI STUDIO"},"content":{"rendered":"<p class=\"s3\"><span class=\"s6\"><span class=\"bumpedFont15\"><strong><a class=\"dt-pswp-item\" href=\"https:\/\/www.radiopiu.net\/wordpress\/wp-content\/uploads\/2023\/04\/b45a80e4-749d-4450-8b5e-2c47bdddfb49.jpeg\" data-dt-img-description=\"\" data-large_image_width=\"1024\" data-large_image_height=\"768\"><img loading=\"lazy\" decoding=\"async\" class=\"size-medium wp-image-330097 alignleft\" src=\"https:\/\/www.radiopiu.net\/wordpress\/wp-content\/uploads\/2023\/04\/b45a80e4-749d-4450-8b5e-2c47bdddfb49-300x225.jpeg\" alt=\"\" width=\"300\" height=\"225\" srcset=\"https:\/\/www.radiopiu.net\/wordpress\/wp-content\/uploads\/2023\/04\/b45a80e4-749d-4450-8b5e-2c47bdddfb49-300x225.jpeg 300w, https:\/\/www.radiopiu.net\/wordpress\/wp-content\/uploads\/2023\/04\/b45a80e4-749d-4450-8b5e-2c47bdddfb49-768x576.jpeg 768w, https:\/\/www.radiopiu.net\/wordpress\/wp-content\/uploads\/2023\/04\/b45a80e4-749d-4450-8b5e-2c47bdddfb49.jpeg 1024w\" sizes=\"auto, (max-width: 300px) 100vw, 300px\" \/><\/a>FELTRE <\/strong>Importante incontro marted\u00ec (ieri) a Feltre nella sede dell&#8217;Azienda per i Servizi alla Persona. Il presidente Bortolo Simoni e l&#8217;assessore alle Politiche Sociali del Comune di Feltre Maurizio Zatta hanno infatti incontrato per un colloquio conoscitivo e di primi approfondimento <\/span><\/span><span class=\"s6\"><span class=\"bumpedFont15\">Paolo Tomasin, <\/span><\/span><span class=\"s6\"><span class=\"bumpedFont15\">sociologo, ricercatore, docente universitario e rappresentante ministeriale della Banca Mondiale, accompagnato da Pierangelo Spano, direttore dei Servizi Sociali della Regione del Veneto. <\/span><\/span>Ed \u00e8 proprio su input della World Bank che ha avuto origine l&#8217;appuntamento di marted\u00ec. Il dottor Tomasin, che collabora anche con il Ministero delle Politiche Sociali e del Lavoro, \u00e8 infatti impegnato in uno studio relativo alla gestione dei nuovi ATS, gli Ambiti Territoriali Sociali. La visita in quel di Feltre era volta, in particolar modo, all&#8217;avvio di un confronto e di una sorta di \u201claboratorio\u201d, per accompagnare le regioni che non hanno ancora definito gli ATS per legge (in primis la Calabria) nella creazione degli stessi, valutando opportunit\u00e0 e criticit\u00e0 legate alla loro gestione da parte di un&#8217;azienda speciale, come avviene \u2013 appunto \u2013 nel \u201ccaso\u201d feltrino. <span class=\"s6\"><span class=\"bumpedFont15\">\u201c<\/span><\/span><span class=\"s6\"><span class=\"bumpedFont15\">Essere coinvolti come \u201ccaso di studio\u201d in un percorso di questo tipo non pu\u00f2 che farci grande piacere, anche in virt\u00f9 della lunga esperienza oramai maturata dalla nostra Azienda in molti ambiti che riguardano la cura delle persone e i servizi sociali; sono certo che questo lavoro in team, che ci vede coinvolti dalla Banca Mondiale con il Ministero e la Regione del Veneto, dar\u00e0 frutti importanti, anche a vantaggio del nostro lavoro e della nostra organizzazione\u201d, sottolinea il presidente dell&#8217;Azienda feltrina Bortolo Simoni. <\/span><\/span><span class=\"s6\"><span class=\"bumpedFont15\">\u201c<\/span><\/span><span class=\"s6\"><span class=\"bumpedFont15\">Le sfide innovative che ci attendono sul piano sociale sono tutt&#8217;altro che semplici, commenta l&#8217;assessore alle Politiche Sociali del Comune di Feltre Maurizio Zatta; l&#8217;incontro di marted\u00ec \u00e8 oltremodo importante non solo per i contenuti, per i contatti personali che abbiamo allacciato e per il ruolo che ci \u00e8 stato affidato, ma anche perch\u00e9 tutto questo serve da ulteriore stimolo di crescita per tutta la nostra struttura e i collaboratori dell&#8217;Azienda, che hanno gi\u00e0 dimostrato a pi\u00f9 riprese tutte le proprie capacit\u00e0 professionali e umane\u201d, aggiunge Zatta\u00a0<\/span><\/span><\/p>\n<p>&nbsp;<\/p>\n<p>****<\/p>\n","protected":false},"excerpt":{"rendered":"<p>FELTRE Importante incontro marted\u00ec (ieri) a Feltre nella sede dell&#8217;Azienda per i Servizi alla Persona. Il presidente Bortolo Simoni e l&#8217;assessore alle Politiche Sociali del Comune di Feltre Maurizio Zatta hanno infatti incontrato per un colloquio conoscitivo e di primi approfondimento Paolo Tomasin, sociologo, ricercatore, docente universitario e rappresentante ministeriale della Banca Mondiale, accompagnato da&hellip;<\/p>\n","protected":false},"author":4,"featured_media":330097,"comment_status":"closed","ping_status":"closed","sticky":false,"template":"","format":"standard","meta":{"_monsterinsights_skip_tracking":false,"_monsterinsights_sitenote_active":false,"_monsterinsights_sitenote_note":"","_monsterinsights_sitenote_category":0,"footnotes":""},"categories":[51,49],"tags":[],"class_list":["post-330096","post","type-post","status-publish","format-standard","has-post-thumbnail","hentry","category-evidenza-top","category-news-18","category-51","category-49","description-off"],"img_url":"https:\/\/www.radiopiu.net\/wordpress\/wp-content\/uploads\/2023\/04\/b45a80e4-749d-4450-8b5e-2c47bdddfb49.jpeg","_links":{"self":[{"href":"https:\/\/www.radiopiu.net\/wordpress\/wp-json\/wp\/v2\/posts\/330096","targetHints":{"allow":["GET"]}}],"collection":[{"href":"https:\/\/www.radiopiu.net\/wordpress\/wp-json\/wp\/v2\/posts"}],"about":[{"href":"https:\/\/www.radiopiu.net\/wordpress\/wp-json\/wp\/v2\/types\/post"}],"author":[{"embeddable":true,"href":"https:\/\/www.radiopiu.net\/wordpress\/wp-json\/wp\/v2\/users\/4"}],"replies":[{"embeddable":true,"href":"https:\/\/www.radiopiu.net\/wordpress\/wp-json\/wp\/v2\/comments?post=330096"}],"version-history":[{"count":0,"href":"https:\/\/www.radiopiu.net\/wordpress\/wp-json\/wp\/v2\/posts\/330096\/revisions"}],"wp:featuredmedia":[{"embeddable":true,"href":"https:\/\/www.radiopiu.net\/wordpress\/wp-json\/wp\/v2\/media\/330097"}],"wp:attachment":[{"href":"https:\/\/www.radiopiu.net\/wordpress\/wp-json\/wp\/v2\/media?parent=330096"}],"wp:term":[{"taxonomy":"category","embeddable":true,"href":"https:\/\/www.radiopiu.net\/wordpress\/wp-json\/wp\/v2\/categories?post=330096"},{"taxonomy":"post_tag","embeddable":true,"href":"https:\/\/www.radiopiu.net\/wordpress\/wp-json\/wp\/v2\/tags?post=330096"}],"curies":[{"name":"wp","href":"https:\/\/api.w.org\/{rel}","templated":true}]}}