{"id":330112,"date":"2023-04-06T05:28:49","date_gmt":"2023-04-06T03:28:49","guid":{"rendered":"https:\/\/www.radiopiu.net\/wordpress\/?p=330112"},"modified":"2023-04-06T05:34:58","modified_gmt":"2023-04-06T03:34:58","slug":"interventi-di-sistemazione-idraulico-forestali-dei-servizi-forestali-regionali-in-val-di-laderon-a-la-valle-agordina","status":"publish","type":"post","link":"https:\/\/www.radiopiu.net\/wordpress\/interventi-di-sistemazione-idraulico-forestali-dei-servizi-forestali-regionali-in-val-di-laderon-a-la-valle-agordina\/","title":{"rendered":"INTERVENTI DI SISTEMAZIONE IDRAULICO \u2013 FORESTALI DEI SERVIZI FORESTALI REGIONALI IN VAL DI LADERON A LA VALLE AGORDINA"},"content":{"rendered":"<p><strong>DI TIZIANO DE COL<\/strong><\/p>\n<p>La Val di Laderon, posta ad est-nordest rispetto alla frazione di Conaggia di La Valle Agordina, \u00e8 una valle Laterale in destra idrografica del Torrente Bordina del quale \u00e8 tributaria. E\u2019 caratterizzata da una alta pendenza che, nella parte medio alta si eleva notevolmente passando da circa 1100 mslm fino a circa 1600 mslm con una pendenza media in questo tratto del 50% circa e la valle \u00e8 molto incassata nella parte media essendosi scavato l\u2019alveo su una linea di faglia in roccia werfeniana poco coerente. Questi fattori rendono particolarmente vulnerabile questa valle dal punto di vista idrogeologico, ma anche forestale, in quanto, i ripidi e fragili versanti popolati di vegetazione prevalente di abete rosso, con scarso apparato radicale e alta massa della pianta, non collaborano alla stabilit\u00e0 dei versanti ma ne aumentano la criticit\u00e0. Nel caso degli eventi alluvionali ottobre 2018 (Vaia) e dicembre 2020, tutte queste criticit\u00e0 sono state attivate provocando, a causa anche dell\u2019azione del vento, un totale intasamento dell\u2019alveo da parte della vegetazione che ha provocato dei micro invasi che reagendo a cascata hanno completamente rimaneggiato il solco vallivo. Nel 2022, l\u2019impresa boschiva incaricata ha tolto gli abeti lungo la parte media dell\u2019alveo, mentre nella parte alta non si \u00e8 intervenuti in alveo e quindi sono rimaste le criticit\u00e0 derivanti dai citati eventi meteo , mentre nella parte media sono rimaste tutte le ceppaie in mezzo allo stretto alveo con le criticit\u00e0 che evidentemente inducono e sarebbe buona cosa riuscire a toglierle e ricalibrare quindi l\u2019alveo. Sarebbe anche necessaria la realizzazione di una pista forestale a lato alveo per rendere accessibile quantomeno la parte tra i 1100 e i 1250 mslm circa in modo da consentire la futura manutenzione dell\u2019alveo e per dare la possibilit\u00e0 ai privati proprietari ed al Dominio Collettivo di poter salire e prelevare il legname ammalorato anche dal bostrico e manutentare i terreni sui versanti. In questi giorni sono iniziati i lavori del Servizio Forestale Regionale per sistemare viabilit\u00e0 forestale ed alveo a circa 1000 mslm e si auspica che i lavori possano svilupparsi lungo la parte medio-alta della valle per ripulirla dalle ceppaie e ricalibrarla con la realizzazione di una pista forestale di appoggio come sopra descritto.<\/p>\n<p><strong>VAL DI LADERON PRIMA DEGLI INTERVENTI DI ESBOSCO ESTATE 2022 DA PARTE DELLA DITTA BOSCHIVA INCARICATA \u2013 FOTO DI DAMIANO PORTA<\/strong><\/p>\n\n\t\t\t<style type='text\/css'>\n\t\t\t\t#gallery-1 {\n\t\t\t\t\tmargin: auto;\n\t\t\t\t}\n\t\t\t\t#gallery-1 .gallery-item {\n\t\t\t\t\tfloat: left;\n\t\t\t\t\tmargin-top: 10px;\n\t\t\t\t\ttext-align: center;\n\t\t\t\t\twidth: 14%;\n\t\t\t\t}\n\t\t\t\t#gallery-1 img {\n\t\t\t\t\tborder: 2px solid #cfcfcf;\n\t\t\t\t}\n\t\t\t\t#gallery-1 .gallery-caption {\n\t\t\t\t\tmargin-left: 0;\n\t\t\t\t}\n\t\t\t\t\/* see gallery_shortcode() in wp-includes\/media.php *\/\n\t\t\t<\/style>\n\t\t<div id='gallery-1' class='dt-gallery-container gallery galleryid-330112 gallery-columns-7 gallery-size-thumbnail'><dl class='gallery-item'>\n\t\t\t\t<dt class='gallery-icon portrait'>\n\t\t\t\t\t<a class=\"rollover rollover-zoom dt-pswp-item\" title=\"e07f9b8d-f238-45c3-b177-d2316c2779bc\" data-dt-img-description=\"\" data-large_image_width=\"1201\" data-large_image_height=\"1600\"href='https:\/\/www.radiopiu.net\/wordpress\/wp-content\/uploads\/2023\/04\/e07f9b8d-f238-45c3-b177-d2316c2779bc.jpg'><img loading=\"lazy\" decoding=\"async\" width=\"150\" height=\"150\" src=\"https:\/\/www.radiopiu.net\/wordpress\/wp-content\/uploads\/2023\/04\/e07f9b8d-f238-45c3-b177-d2316c2779bc-150x150.jpg\" class=\"attachment-thumbnail size-thumbnail\" alt=\"\" \/><\/a>\n\t\t\t\t<\/dt><\/dl><dl class='gallery-item'>\n\t\t\t\t<dt class='gallery-icon portrait'>\n\t\t\t\t\t<a class=\"rollover rollover-zoom dt-pswp-item\" title=\"5e941579-79df-4dcb-9f73-125221d23963\" data-dt-img-description=\"\" data-large_image_width=\"1200\" data-large_image_height=\"1600\"href='https:\/\/www.radiopiu.net\/wordpress\/wp-content\/uploads\/2023\/04\/5e941579-79df-4dcb-9f73-125221d23963.jpg'><img loading=\"lazy\" decoding=\"async\" width=\"150\" height=\"150\" src=\"https:\/\/www.radiopiu.net\/wordpress\/wp-content\/uploads\/2023\/04\/5e941579-79df-4dcb-9f73-125221d23963-150x150.jpg\" class=\"attachment-thumbnail size-thumbnail\" alt=\"\" \/><\/a>\n\t\t\t\t<\/dt><\/dl><dl class='gallery-item'>\n\t\t\t\t<dt class='gallery-icon portrait'>\n\t\t\t\t\t<a class=\"rollover rollover-zoom dt-pswp-item\" title=\"88223eb4-cc91-4fc3-86e7-c05700570bb8\" data-dt-img-description=\"\" data-large_image_width=\"1201\" data-large_image_height=\"1600\"href='https:\/\/www.radiopiu.net\/wordpress\/wp-content\/uploads\/2023\/04\/88223eb4-cc91-4fc3-86e7-c05700570bb8.jpg'><img loading=\"lazy\" decoding=\"async\" width=\"150\" height=\"150\" src=\"https:\/\/www.radiopiu.net\/wordpress\/wp-content\/uploads\/2023\/04\/88223eb4-cc91-4fc3-86e7-c05700570bb8-150x150.jpg\" class=\"attachment-thumbnail size-thumbnail\" alt=\"\" \/><\/a>\n\t\t\t\t<\/dt><\/dl><dl class='gallery-item'>\n\t\t\t\t<dt class='gallery-icon landscape'>\n\t\t\t\t\t<a class=\"rollover rollover-zoom dt-pswp-item\" title=\"afe8be65-45d6-442a-94bc-eb7b90509a87\" data-dt-img-description=\"\" data-large_image_width=\"1600\" data-large_image_height=\"1200\"href='https:\/\/www.radiopiu.net\/wordpress\/wp-content\/uploads\/2023\/04\/afe8be65-45d6-442a-94bc-eb7b90509a87.jpg'><img loading=\"lazy\" decoding=\"async\" width=\"150\" height=\"150\" src=\"https:\/\/www.radiopiu.net\/wordpress\/wp-content\/uploads\/2023\/04\/afe8be65-45d6-442a-94bc-eb7b90509a87-150x150.jpg\" class=\"attachment-thumbnail size-thumbnail\" alt=\"\" \/><\/a>\n\t\t\t\t<\/dt><\/dl><dl class='gallery-item'>\n\t\t\t\t<dt class='gallery-icon portrait'>\n\t\t\t\t\t<a class=\"rollover rollover-zoom dt-pswp-item\" title=\"79ef97ac-b5f9-4d91-ad49-0665f0770a3e\" data-dt-img-description=\"\" data-large_image_width=\"1201\" data-large_image_height=\"1600\"href='https:\/\/www.radiopiu.net\/wordpress\/wp-content\/uploads\/2023\/04\/79ef97ac-b5f9-4d91-ad49-0665f0770a3e.jpg'><img loading=\"lazy\" decoding=\"async\" width=\"150\" height=\"150\" src=\"https:\/\/www.radiopiu.net\/wordpress\/wp-content\/uploads\/2023\/04\/79ef97ac-b5f9-4d91-ad49-0665f0770a3e-150x150.jpg\" class=\"attachment-thumbnail size-thumbnail\" alt=\"\" \/><\/a>\n\t\t\t\t<\/dt><\/dl><dl class='gallery-item'>\n\t\t\t\t<dt class='gallery-icon landscape'>\n\t\t\t\t\t<a class=\"rollover rollover-zoom dt-pswp-item\" title=\"a255305d-a83f-40c4-9464-e69751d0df04\" data-dt-img-description=\"\" data-large_image_width=\"1600\" data-large_image_height=\"1201\"href='https:\/\/www.radiopiu.net\/wordpress\/wp-content\/uploads\/2023\/04\/a255305d-a83f-40c4-9464-e69751d0df04.jpg'><img loading=\"lazy\" decoding=\"async\" width=\"150\" height=\"150\" src=\"https:\/\/www.radiopiu.net\/wordpress\/wp-content\/uploads\/2023\/04\/a255305d-a83f-40c4-9464-e69751d0df04-150x150.jpg\" class=\"attachment-thumbnail size-thumbnail\" alt=\"\" \/><\/a>\n\t\t\t\t<\/dt><\/dl><dl class='gallery-item'>\n\t\t\t\t<dt class='gallery-icon portrait'>\n\t\t\t\t\t<a class=\"rollover rollover-zoom dt-pswp-item\" title=\"d93a689a-4a4b-4273-834a-2795e32ab2d3\" data-dt-img-description=\"\" data-large_image_width=\"1201\" data-large_image_height=\"1600\"href='https:\/\/www.radiopiu.net\/wordpress\/wp-content\/uploads\/2023\/04\/d93a689a-4a4b-4273-834a-2795e32ab2d3.jpg'><img loading=\"lazy\" decoding=\"async\" width=\"150\" height=\"150\" src=\"https:\/\/www.radiopiu.net\/wordpress\/wp-content\/uploads\/2023\/04\/d93a689a-4a4b-4273-834a-2795e32ab2d3-150x150.jpg\" class=\"attachment-thumbnail size-thumbnail\" alt=\"\" \/><\/a>\n\t\t\t\t<\/dt><\/dl><br style=\"clear: both\" \/>\n\t\t\t<\/div>\n\n<p>&nbsp;<\/p>\n<p><strong>SITUAZIONE DELLA VAL LADERON ATTUALE DOPO LA RIMOZIONE DELLE PIANTE AGOSTO 2022 CON L&#8217;ALVEO INTASATO DALLE CEPPAIE &#8211; FOTO TIZIANO DE COL<\/strong><\/p>\n\n\t\t\t<style type='text\/css'>\n\t\t\t\t#gallery-2 {\n\t\t\t\t\tmargin: auto;\n\t\t\t\t}\n\t\t\t\t#gallery-2 .gallery-item {\n\t\t\t\t\tfloat: left;\n\t\t\t\t\tmargin-top: 10px;\n\t\t\t\t\ttext-align: center;\n\t\t\t\t\twidth: 20%;\n\t\t\t\t}\n\t\t\t\t#gallery-2 img {\n\t\t\t\t\tborder: 2px solid #cfcfcf;\n\t\t\t\t}\n\t\t\t\t#gallery-2 .gallery-caption {\n\t\t\t\t\tmargin-left: 0;\n\t\t\t\t}\n\t\t\t\t\/* see gallery_shortcode() in wp-includes\/media.php *\/\n\t\t\t<\/style>\n\t\t<div id='gallery-2' class='dt-gallery-container gallery galleryid-330112 gallery-columns-5 gallery-size-thumbnail'><dl class='gallery-item'>\n\t\t\t\t<dt class='gallery-icon landscape'>\n\t\t\t\t\t<a class=\"rollover rollover-zoom dt-pswp-item\" title=\"509a74d5-ab10-4b40-964b-22821c22de92\" data-dt-img-description=\"\" data-large_image_width=\"1185\" data-large_image_height=\"889\"href='https:\/\/www.radiopiu.net\/wordpress\/wp-content\/uploads\/2023\/04\/509a74d5-ab10-4b40-964b-22821c22de92.jpg'><img loading=\"lazy\" decoding=\"async\" width=\"150\" height=\"150\" src=\"https:\/\/www.radiopiu.net\/wordpress\/wp-content\/uploads\/2023\/04\/509a74d5-ab10-4b40-964b-22821c22de92-150x150.jpg\" class=\"attachment-thumbnail size-thumbnail\" alt=\"\" \/><\/a>\n\t\t\t\t<\/dt><\/dl><dl class='gallery-item'>\n\t\t\t\t<dt class='gallery-icon portrait'>\n\t\t\t\t\t<a class=\"rollover rollover-zoom dt-pswp-item\" title=\"4edeb175-7d2b-4184-8294-73aeee3e288c\" data-dt-img-description=\"\" data-large_image_width=\"667\" data-large_image_height=\"889\"href='https:\/\/www.radiopiu.net\/wordpress\/wp-content\/uploads\/2023\/04\/4edeb175-7d2b-4184-8294-73aeee3e288c.jpg'><img loading=\"lazy\" decoding=\"async\" width=\"150\" height=\"150\" src=\"https:\/\/www.radiopiu.net\/wordpress\/wp-content\/uploads\/2023\/04\/4edeb175-7d2b-4184-8294-73aeee3e288c-150x150.jpg\" class=\"attachment-thumbnail size-thumbnail\" alt=\"\" \/><\/a>\n\t\t\t\t<\/dt><\/dl><dl class='gallery-item'>\n\t\t\t\t<dt class='gallery-icon landscape'>\n\t\t\t\t\t<a class=\"rollover rollover-zoom dt-pswp-item\" title=\"147d9e97-cacb-445c-8e66-11006445643a\" data-dt-img-description=\"\" data-large_image_width=\"1185\" data-large_image_height=\"889\"href='https:\/\/www.radiopiu.net\/wordpress\/wp-content\/uploads\/2023\/04\/147d9e97-cacb-445c-8e66-11006445643a.jpg'><img loading=\"lazy\" decoding=\"async\" width=\"150\" height=\"150\" src=\"https:\/\/www.radiopiu.net\/wordpress\/wp-content\/uploads\/2023\/04\/147d9e97-cacb-445c-8e66-11006445643a-150x150.jpg\" class=\"attachment-thumbnail size-thumbnail\" alt=\"\" \/><\/a>\n\t\t\t\t<\/dt><\/dl><dl class='gallery-item'>\n\t\t\t\t<dt class='gallery-icon landscape'>\n\t\t\t\t\t<a class=\"rollover rollover-zoom dt-pswp-item\" title=\"a0377739-9c4a-4d50-9915-510c372b0dec\" data-dt-img-description=\"\" data-large_image_width=\"1185\" data-large_image_height=\"889\"href='https:\/\/www.radiopiu.net\/wordpress\/wp-content\/uploads\/2023\/04\/a0377739-9c4a-4d50-9915-510c372b0dec.jpg'><img loading=\"lazy\" decoding=\"async\" width=\"150\" height=\"150\" src=\"https:\/\/www.radiopiu.net\/wordpress\/wp-content\/uploads\/2023\/04\/a0377739-9c4a-4d50-9915-510c372b0dec-150x150.jpg\" class=\"attachment-thumbnail size-thumbnail\" alt=\"\" \/><\/a>\n\t\t\t\t<\/dt><\/dl><dl class='gallery-item'>\n\t\t\t\t<dt class='gallery-icon landscape'>\n\t\t\t\t\t<a class=\"rollover rollover-zoom dt-pswp-item\" title=\"1a20859c-aac1-4343-a798-9732666a43e9\" data-dt-img-description=\"\" data-large_image_width=\"1185\" data-large_image_height=\"889\"href='https:\/\/www.radiopiu.net\/wordpress\/wp-content\/uploads\/2023\/04\/1a20859c-aac1-4343-a798-9732666a43e9.jpg'><img loading=\"lazy\" decoding=\"async\" width=\"150\" height=\"150\" src=\"https:\/\/www.radiopiu.net\/wordpress\/wp-content\/uploads\/2023\/04\/1a20859c-aac1-4343-a798-9732666a43e9-150x150.jpg\" class=\"attachment-thumbnail size-thumbnail\" alt=\"\" \/><\/a>\n\t\t\t\t<\/dt><\/dl><br style=\"clear: both\" \/>\n\t\t\t<\/div>\n\n<p>&nbsp;<\/p>\n<p><strong>CANTIERE DEL SERVIZIO FORESTALE REGIONALE INIZIATO IN QUESTI GIORNI &#8211; FOTO DAMIANO PORTA<\/strong><\/p>\n\n\t\t\t<style type='text\/css'>\n\t\t\t\t#gallery-3 {\n\t\t\t\t\tmargin: auto;\n\t\t\t\t}\n\t\t\t\t#gallery-3 .gallery-item {\n\t\t\t\t\tfloat: left;\n\t\t\t\t\tmargin-top: 10px;\n\t\t\t\t\ttext-align: center;\n\t\t\t\t\twidth: 33%;\n\t\t\t\t}\n\t\t\t\t#gallery-3 img {\n\t\t\t\t\tborder: 2px solid #cfcfcf;\n\t\t\t\t}\n\t\t\t\t#gallery-3 .gallery-caption {\n\t\t\t\t\tmargin-left: 0;\n\t\t\t\t}\n\t\t\t\t\/* see gallery_shortcode() in wp-includes\/media.php *\/\n\t\t\t<\/style>\n\t\t<div id='gallery-3' class='dt-gallery-container gallery galleryid-330112 gallery-columns-3 gallery-size-thumbnail'><dl class='gallery-item'>\n\t\t\t\t<dt class='gallery-icon portrait'>\n\t\t\t\t\t<a class=\"rollover rollover-zoom dt-pswp-item\" title=\"5bd26b8a-484e-4fd8-ac72-05dd293596d6\" data-dt-img-description=\"\" data-large_image_width=\"1200\" data-large_image_height=\"1600\"href='https:\/\/www.radiopiu.net\/wordpress\/wp-content\/uploads\/2023\/04\/5bd26b8a-484e-4fd8-ac72-05dd293596d6.jpg'><img loading=\"lazy\" decoding=\"async\" width=\"150\" height=\"150\" src=\"https:\/\/www.radiopiu.net\/wordpress\/wp-content\/uploads\/2023\/04\/5bd26b8a-484e-4fd8-ac72-05dd293596d6-150x150.jpg\" class=\"attachment-thumbnail size-thumbnail\" alt=\"\" \/><\/a>\n\t\t\t\t<\/dt><\/dl><dl class='gallery-item'>\n\t\t\t\t<dt class='gallery-icon portrait'>\n\t\t\t\t\t<a class=\"rollover rollover-zoom dt-pswp-item\" title=\"15ff08da-c679-4660-943c-7756d371d212\" data-dt-img-description=\"\" data-large_image_width=\"1200\" data-large_image_height=\"1600\"href='https:\/\/www.radiopiu.net\/wordpress\/wp-content\/uploads\/2023\/04\/15ff08da-c679-4660-943c-7756d371d212.jpg'><img loading=\"lazy\" decoding=\"async\" width=\"150\" height=\"150\" src=\"https:\/\/www.radiopiu.net\/wordpress\/wp-content\/uploads\/2023\/04\/15ff08da-c679-4660-943c-7756d371d212-150x150.jpg\" class=\"attachment-thumbnail size-thumbnail\" alt=\"\" \/><\/a>\n\t\t\t\t<\/dt><\/dl><dl class='gallery-item'>\n\t\t\t\t<dt class='gallery-icon portrait'>\n\t\t\t\t\t<a class=\"rollover rollover-zoom dt-pswp-item\" title=\"d999287e-ce3e-4175-8d95-f097d6100086\" data-dt-img-description=\"\" data-large_image_width=\"899\" data-large_image_height=\"1599\"href='https:\/\/www.radiopiu.net\/wordpress\/wp-content\/uploads\/2023\/04\/d999287e-ce3e-4175-8d95-f097d6100086.jpg'><img loading=\"lazy\" decoding=\"async\" width=\"150\" height=\"150\" src=\"https:\/\/www.radiopiu.net\/wordpress\/wp-content\/uploads\/2023\/04\/d999287e-ce3e-4175-8d95-f097d6100086-150x150.jpg\" class=\"attachment-thumbnail size-thumbnail\" alt=\"\" \/><\/a>\n\t\t\t\t<\/dt><\/dl><br style=\"clear: both\" \/>\n\t\t\t<\/div>\n\n<p>&nbsp;<\/p>\n<p>&nbsp;<\/p>\n<p>*******<\/p>\n","protected":false},"excerpt":{"rendered":"<p>DI TIZIANO DE COL La Val di Laderon, posta ad est-nordest rispetto alla frazione di Conaggia di La Valle Agordina, \u00e8 una valle Laterale in destra idrografica del Torrente Bordina del quale \u00e8 tributaria. E\u2019 caratterizzata da una alta pendenza che, nella parte medio alta si eleva notevolmente passando da circa 1100 mslm fino a&hellip;<\/p>\n","protected":false},"author":4,"featured_media":330130,"comment_status":"closed","ping_status":"closed","sticky":false,"template":"","format":"standard","meta":{"_monsterinsights_skip_tracking":false,"_monsterinsights_sitenote_active":false,"_monsterinsights_sitenote_note":"","_monsterinsights_sitenote_category":0,"footnotes":""},"categories":[1,104,49],"tags":[],"class_list":["post-330112","post","type-post","status-publish","format-standard","has-post-thumbnail","hentry","category-senza-categoria","category-evidenza_3","category-news-18","category-1","category-104","category-49","description-off"],"img_url":"https:\/\/www.radiopiu.net\/wordpress\/wp-content\/uploads\/2023\/04\/a0377739-9c4a-4d50-9915-510c372b0dec.jpg","_links":{"self":[{"href":"https:\/\/www.radiopiu.net\/wordpress\/wp-json\/wp\/v2\/posts\/330112","targetHints":{"allow":["GET"]}}],"collection":[{"href":"https:\/\/www.radiopiu.net\/wordpress\/wp-json\/wp\/v2\/posts"}],"about":[{"href":"https:\/\/www.radiopiu.net\/wordpress\/wp-json\/wp\/v2\/types\/post"}],"author":[{"embeddable":true,"href":"https:\/\/www.radiopiu.net\/wordpress\/wp-json\/wp\/v2\/users\/4"}],"replies":[{"embeddable":true,"href":"https:\/\/www.radiopiu.net\/wordpress\/wp-json\/wp\/v2\/comments?post=330112"}],"version-history":[{"count":0,"href":"https:\/\/www.radiopiu.net\/wordpress\/wp-json\/wp\/v2\/posts\/330112\/revisions"}],"wp:featuredmedia":[{"embeddable":true,"href":"https:\/\/www.radiopiu.net\/wordpress\/wp-json\/wp\/v2\/media\/330130"}],"wp:attachment":[{"href":"https:\/\/www.radiopiu.net\/wordpress\/wp-json\/wp\/v2\/media?parent=330112"}],"wp:term":[{"taxonomy":"category","embeddable":true,"href":"https:\/\/www.radiopiu.net\/wordpress\/wp-json\/wp\/v2\/categories?post=330112"},{"taxonomy":"post_tag","embeddable":true,"href":"https:\/\/www.radiopiu.net\/wordpress\/wp-json\/wp\/v2\/tags?post=330112"}],"curies":[{"name":"wp","href":"https:\/\/api.w.org\/{rel}","templated":true}]}}