{"id":330160,"date":"2023-04-06T05:25:01","date_gmt":"2023-04-06T03:25:01","guid":{"rendered":"https:\/\/www.radiopiu.net\/wordpress\/?p=330160"},"modified":"2023-04-06T05:37:16","modified_gmt":"2023-04-06T03:37:16","slug":"agordo-don-elio-del-favero-il-cappellano-dellospedale-e-del-centro-polifunzionale","status":"publish","type":"post","link":"https:\/\/www.radiopiu.net\/wordpress\/agordo-don-elio-del-favero-il-cappellano-dellospedale-e-del-centro-polifunzionale\/","title":{"rendered":"AGORDO. DON ELIO DEL FAVERO  IL CAPPELLANO DELL\u2019OSPEDALE E DEL CENTRO POLIFUNZIONALE"},"content":{"rendered":"<p><strong>di Renato Bona<\/strong><\/p>\n<p>Il sito \u201cchiesabellunofeltre\u201d ha dato la notizia che il vescovo monsignor Renato Marangoni ha incontrato a Pieve di Zoldo il Consiglio parrocchiale unitario delle otto parrocchie della Valle di Zoldo: Pieve di Zoldo, Dont di Zoldo, Fornesighe, Forno di Zoldo, Fusine, Goima, Mareson e Zopp\u00e8 di Cadore che aveva convocato per annunciare che, dopo le festivit\u00e0 pasquali, il vicario delle otto realt\u00e0 parrocchiali, don Elio Del Favero, d\u2018accordo con la decisione del presule, passer\u00e0 ad Agordo per svolgevi il servizio di cappellano del locale Ospedale nonch\u00e9 del Centro polifunzionale. Il parroco, don Roberto De Nardin (che \u00e8 anche direttore dell&#8217;Ufficio diocesano di pastorale dei giovani) sul foglietto parrocchiale ha spiegato che \u201cE\u2019 una scelta certo dettata da personali motivi di salute ma anche motivata dall\u2019effettivo bisogno di una figura di supporto spirituale per gli ammalati\u201d. Don Elio era giunto in Zoldo (dopo il servizio nelle comunit\u00e0 di La Valle Agordina ed Agordo) nell\u2019ottobre 2013 per collaborare con il parroco don Moreno Baldo e condividere il servizio di vicario con don Jean Roland, originario del Camerun. Ha svolto il ministero in tutte le otto comunit\u00e0 pur abitando nella canonica di Fornesighe. In precedenza, il vescovo Marangoni aveva annunciato un\u2019altra disponibilit\u00e0 pastorale: quella di don Francesco Di Stefano, anch\u2019egli favorevole all\u2019iniziativa, confidando di poter dare una mano e giovare ai parroci e alle comunit\u00e0 della Convergenza foraniale di Ampezzo-Cadore-Comelico. Lo stesso sito della Diocesi di Belluno-Feltre ricorda che: \u201cGi\u00e0 nei mesi passati don Francesco ha supplito diverse volte per le emergenze, dovute all\u2019assenza di parroci per malattia o per altri impegni. Ora, mantenendo altri incarichi diocesani, don Francesco prester\u00e0 il suo servizio pastorale nella Convergenza, assicurando una presenza per le celebrazioni in ricorrenze particolari, aiutando i parroci per le celebrazioni della domenica oppure per l\u2019assistenza religiosa in Ospedale o presso la Casa di riposo di Pieve di Cadore\u201d. In tal modo, si legge, si dar\u00e0 cos\u00ec continuit\u00e0 al ministero svolto in passato da don Giuseppe Genovese, che ora vive nel suo natio Paese in provincia di Treviso, e da don Pierluigi Larese, ora ospite della casa di riposo di Auronzo di Cadore. \u00c8 questa una scelta &#8211; aveva sottolineato monsignor Marangoni &#8211; che permette di concretizzare l\u2019aiuto fraterno nel presbiterio.<\/p>\n\n\t\t\t<style type='text\/css'>\n\t\t\t\t#gallery-1 {\n\t\t\t\t\tmargin: auto;\n\t\t\t\t}\n\t\t\t\t#gallery-1 .gallery-item {\n\t\t\t\t\tfloat: left;\n\t\t\t\t\tmargin-top: 10px;\n\t\t\t\t\ttext-align: center;\n\t\t\t\t\twidth: 33%;\n\t\t\t\t}\n\t\t\t\t#gallery-1 img {\n\t\t\t\t\tborder: 2px solid #cfcfcf;\n\t\t\t\t}\n\t\t\t\t#gallery-1 .gallery-caption {\n\t\t\t\t\tmargin-left: 0;\n\t\t\t\t}\n\t\t\t\t\/* see gallery_shortcode() in wp-includes\/media.php *\/\n\t\t\t<\/style>\n\t\t<div id='gallery-1' class='dt-gallery-container gallery galleryid-330160 gallery-columns-3 gallery-size-thumbnail'><dl class='gallery-item'>\n\t\t\t\t<dt class='gallery-icon landscape'>\n\t\t\t\t\t<a class=\"rollover rollover-zoom dt-pswp-item\" title=\"336966640_177211064750107_98591206640126742_n\" data-dt-img-description=\"\" data-large_image_width=\"716\" data-large_image_height=\"403\"href='https:\/\/www.radiopiu.net\/wordpress\/wp-content\/uploads\/2023\/04\/336966640_177211064750107_98591206640126742_n.jpg'><img loading=\"lazy\" decoding=\"async\" width=\"150\" height=\"150\" src=\"https:\/\/www.radiopiu.net\/wordpress\/wp-content\/uploads\/2023\/04\/336966640_177211064750107_98591206640126742_n-150x150.jpg\" class=\"attachment-thumbnail size-thumbnail\" alt=\"\" \/><\/a>\n\t\t\t\t<\/dt><\/dl><dl class='gallery-item'>\n\t\t\t\t<dt class='gallery-icon landscape'>\n\t\t\t\t\t<a class=\"rollover rollover-zoom dt-pswp-item\" title=\"337309937_519039057095326_4485760490010906380_n\" data-dt-img-description=\"\" data-large_image_width=\"581\" data-large_image_height=\"403\"href='https:\/\/www.radiopiu.net\/wordpress\/wp-content\/uploads\/2023\/04\/337309937_519039057095326_4485760490010906380_n.jpg'><img loading=\"lazy\" decoding=\"async\" width=\"150\" height=\"150\" src=\"https:\/\/www.radiopiu.net\/wordpress\/wp-content\/uploads\/2023\/04\/337309937_519039057095326_4485760490010906380_n-150x150.jpg\" class=\"attachment-thumbnail size-thumbnail\" alt=\"\" \/><\/a>\n\t\t\t\t<\/dt><\/dl><dl class='gallery-item'>\n\t\t\t\t<dt class='gallery-icon landscape'>\n\t\t\t\t\t<a class=\"rollover rollover-zoom dt-pswp-item\" title=\"338177469_799503855071976_6255651933769125465_n\" data-dt-img-description=\"\" data-large_image_width=\"259\" data-large_image_height=\"194\"href='https:\/\/www.radiopiu.net\/wordpress\/wp-content\/uploads\/2023\/04\/338177469_799503855071976_6255651933769125465_n.jpg'><img loading=\"lazy\" decoding=\"async\" width=\"150\" height=\"150\" src=\"https:\/\/www.radiopiu.net\/wordpress\/wp-content\/uploads\/2023\/04\/338177469_799503855071976_6255651933769125465_n-150x150.jpg\" class=\"attachment-thumbnail size-thumbnail\" alt=\"\" \/><\/a>\n\t\t\t\t<\/dt><\/dl><br style=\"clear: both\" \/>\n\t\t\t<\/div>\n\n<p>NELLE FOTO (sito chiesabellunofeltre, Telebelluno): il vescovo di Belluno-Feltre, monsignor Renato Marangoni; panoramica e un interno dell\u2019ospedale di Agordo.<\/p>\n<p>&nbsp;<\/p>\n<p>&nbsp;<\/p>\n<p>*****<\/p>\n","protected":false},"excerpt":{"rendered":"<p>di Renato Bona Il sito \u201cchiesabellunofeltre\u201d ha dato la notizia che il vescovo monsignor Renato Marangoni ha incontrato a Pieve di Zoldo il Consiglio parrocchiale unitario delle otto parrocchie della Valle di Zoldo: Pieve di Zoldo, Dont di Zoldo, Fornesighe, Forno di Zoldo, Fusine, Goima, Mareson e Zopp\u00e8 di Cadore che aveva convocato per annunciare&hellip;<\/p>\n","protected":false},"author":4,"featured_media":330161,"comment_status":"closed","ping_status":"closed","sticky":false,"template":"","format":"standard","meta":{"_monsterinsights_skip_tracking":false,"_monsterinsights_sitenote_active":false,"_monsterinsights_sitenote_note":"","_monsterinsights_sitenote_category":0,"footnotes":""},"categories":[104,49],"tags":[],"class_list":["post-330160","post","type-post","status-publish","format-standard","has-post-thumbnail","hentry","category-evidenza_3","category-news-18","category-104","category-49","description-off"],"img_url":"https:\/\/www.radiopiu.net\/wordpress\/wp-content\/uploads\/2023\/04\/336966640_177211064750107_98591206640126742_n.jpg","_links":{"self":[{"href":"https:\/\/www.radiopiu.net\/wordpress\/wp-json\/wp\/v2\/posts\/330160","targetHints":{"allow":["GET"]}}],"collection":[{"href":"https:\/\/www.radiopiu.net\/wordpress\/wp-json\/wp\/v2\/posts"}],"about":[{"href":"https:\/\/www.radiopiu.net\/wordpress\/wp-json\/wp\/v2\/types\/post"}],"author":[{"embeddable":true,"href":"https:\/\/www.radiopiu.net\/wordpress\/wp-json\/wp\/v2\/users\/4"}],"replies":[{"embeddable":true,"href":"https:\/\/www.radiopiu.net\/wordpress\/wp-json\/wp\/v2\/comments?post=330160"}],"version-history":[{"count":0,"href":"https:\/\/www.radiopiu.net\/wordpress\/wp-json\/wp\/v2\/posts\/330160\/revisions"}],"wp:featuredmedia":[{"embeddable":true,"href":"https:\/\/www.radiopiu.net\/wordpress\/wp-json\/wp\/v2\/media\/330161"}],"wp:attachment":[{"href":"https:\/\/www.radiopiu.net\/wordpress\/wp-json\/wp\/v2\/media?parent=330160"}],"wp:term":[{"taxonomy":"category","embeddable":true,"href":"https:\/\/www.radiopiu.net\/wordpress\/wp-json\/wp\/v2\/categories?post=330160"},{"taxonomy":"post_tag","embeddable":true,"href":"https:\/\/www.radiopiu.net\/wordpress\/wp-json\/wp\/v2\/tags?post=330160"}],"curies":[{"name":"wp","href":"https:\/\/api.w.org\/{rel}","templated":true}]}}