{"id":330233,"date":"2023-04-06T07:55:20","date_gmt":"2023-04-06T05:55:20","guid":{"rendered":"https:\/\/www.radiopiu.net\/wordpress\/?p=330233"},"modified":"2023-04-06T08:51:17","modified_gmt":"2023-04-06T06:51:17","slug":"dal-1983-la-rassegna-stampa-locale-ascolta-qui-di-mirko-mezzacasa","status":"publish","type":"post","link":"https:\/\/www.radiopiu.net\/wordpress\/dal-1983-la-rassegna-stampa-locale-ascolta-qui-di-mirko-mezzacasa\/","title":{"rendered":"dal 1983, la rassegna stampa locale ASCOLTA QUI di mirko mezzacasa"},"content":{"rendered":"<p><strong>BELLUNO<\/strong> Un vigile del fuoco bellunese, preso a sberle e pugni da un giovane extracomunitario a bordo di un autobus di Dolomitibus. L&#8217;uomo stava cercando di proteggere due ragazze dalle avance pesanti dello straniero.<br \/>\n<strong>BELLUNO<\/strong> I Nas di Treviso nelle mense ospedaliere per i controlli: quattro delle sei strutture di ristorazione o di catering visitate sono state trovate fuori norma. Elevate sanzioni per 6mila euro.<br \/>\n<strong>AGORDO<\/strong> Intervento nel pomeriggio di ieri per i Vigii del Fuoco permanenti di Agordo. I pompieri sono stati chiamati per un principio di incendio di sterpaglie a Veran di Agordo.<br \/>\n<strong>BELLUNO<\/strong> Ieri il Presidio davanti alla sede dell&#8217;Inps, le sigle sindacali mettono in evidenza la carenza di personale<br \/>\n<strong>BELLUNO<\/strong>\u00a0\u201cCortina, le Olimpiadi e oltre. L\u2019evoluzione del turismo in montagna\u201d: questo il titolo del convegno organizzato a Belluno da Confindustria Belluno Dolomiti. Al centro del confronto, lo sviluppo del turismo in vista delle Olimpiadi e non solo.<br \/>\n<strong>LONGARONE<\/strong> Mauro Corona in televisione &#8220;Sul caso Safilo il sindaco dice che \u00e8 tutto deciso&#8221;. Per la Cgil, inaudito<br \/>\n<strong>BELLUNO<\/strong> Il Luogotenente Carica Speciale No\u00e8 ZARDO ha lasciato il servizio attivo nell\u2019Arma dei Carabinieri.<br \/>\n<strong>CANALE D&#8217;AGORDO\u00a0<\/strong> Panchine restaurate e restituite alla Proloco di Canale d&#8217;Agordo. Ieri pomeriggio la consegna in piazza a Canale d&#8217;Agordo. Il malinteso sulle panchine della Proloco di Canale d\u2019Agordo che Vittorio ha portato a casa sua per restaurare e quindi adoperare, credendo fossero state dimenticate in un angolo.<br \/>\n<strong>FALCADE<\/strong> Venduto il lotto boschivo sulla strada che porta al Passo San Pellegrino. Lavori affidati alla ditta di Agordo.<br \/>\n<strong>FELTRE\u00a0<\/strong>Importante incontro marted\u00ec (ieri) a Feltre nella sede dell\u2019Azienda per i Servizi alla Persona. Il presidente Bortolo Simoni e l\u2019assessore alle Politiche Sociali del Comune di Feltre Maurizio Zatta hanno infatti incontrato per un colloquio conoscitivo e di primi approfondimento\u00a0Paolo Tomasin,\u00a0sociologo, ricercatore, docente universitario<br \/>\n<strong>LONGARONE<\/strong>\u00a0 Oggi nella sala Centro Congressi della Fiera di Longarone, l\u2019Assessore regionale al lavoro parteciper\u00e0 al convegno \u201cScenari e prospettive per l\u2019occhialeria: un\u2019eccellenza del made in Italy\u201d, previsto dalle 9.30 alle 12.30.<br \/>\n<strong>BELLUNO<\/strong> Sar\u00e0 ospitata nel centro storico del capoluogo dal 19 aprile al 7 giugno la prima edizione del Belluno Photo Festival.<br \/>\n<strong>PONTE NELLE ALPI<\/strong> Respinta la mozione del gruppo di opposizione del Comune di Ponte nelle Alpi: \u201cMaggioranza ostile, i diritti dei consiglieri di minoranza non vengono rispettati \u2013 denunciano gli esponenti della Lega Paolo De Vettor e Angelo Levis<br \/>\n<strong>AGORDO<\/strong> Fine settimana lungo quello del 25 aprile per le maestranze dello stabilimento Luxottica di Agordo. L&#8217;azienda ha comunicato nelle ultime ore che luned\u00ec 24 aprile lo stabilimento rimarr\u00e0 chiuso e per la chiusura verr\u00e0 utilizzata una giornata di ferie collettive.<br \/>\n<strong>TAIBON<\/strong> Fine settimana di Pasqua con il grande tendone di Taibon Agordino. Quattro giorni di festa con Gruppo Sportivo, Pro Loco e Donatori del Sangue. Si inizia oggi alle 20:30 con la Presentazione del Campionato Agordino di Calcio e a seguire Eugenio Bien si racconta.<br \/>\n<strong>AGORDO<\/strong> Saranno tre i nuovi graffiti che verranno inaugurati sabato pomeriggio a Toccol (casa Zasso), Parech (casa Costantini) e Prompicai (casa Gaz). I lavori verranno scoperti alle 15 quando Don Cesare Larese benedir\u00e0 le opere con partenza dal lavatoio di Toccol.<\/p>\n<p><strong>HOCKEY SU GHIACCIO<\/strong> ALLEGHE\/CORTINA UNDER 15 SCONFITTO IN GARA 1 DELLA FINALE SCUDETTO. L&#8217;APPIANO VINCE SU DUE ERRORI AVVERSARI<\/p>\n<p><strong>SNOWBOARD<\/strong> UN OTTIMO FINALE DI STAGIONE PER GLI ATLETI SNOWBOARD DELLO SKI COLLEGE FALCADE<\/p>\n<p><strong>SCI ALPINO<\/strong> LE AZZURRE IN PISTA SU LA VOLATA<\/p>\n<p>&nbsp;<\/p>\n<p><iframe loading=\"lazy\" title=\"RASSEGNA STAMPA LOCALE\" width=\"1200\" height=\"675\" src=\"https:\/\/www.youtube.com\/embed\/tXY5buNjCCI?feature=oembed\" frameborder=\"0\" allow=\"accelerometer; autoplay; clipboard-write; encrypted-media; gyroscope; picture-in-picture; web-share\" allowfullscreen><\/iframe><\/p>\n<p>&nbsp;<\/p>\n<p>&nbsp;<\/p>\n<p>&nbsp;<\/p>\n<hr \/>\n<p>&nbsp;<\/p>\n","protected":false},"excerpt":{"rendered":"<p>BELLUNO Un vigile del fuoco bellunese, preso a sberle e pugni da un giovane extracomunitario a bordo di un autobus di Dolomitibus. L&#8217;uomo stava cercando di proteggere due ragazze dalle avance pesanti dello straniero. BELLUNO I Nas di Treviso nelle mense ospedaliere per i controlli: quattro delle sei strutture di ristorazione o di catering visitate&hellip;<\/p>\n","protected":false},"author":4,"featured_media":330230,"comment_status":"closed","ping_status":"closed","sticky":false,"template":"","format":"standard","meta":{"_monsterinsights_skip_tracking":false,"_monsterinsights_sitenote_active":false,"_monsterinsights_sitenote_note":"","_monsterinsights_sitenote_category":0,"footnotes":""},"categories":[49],"tags":[],"class_list":["post-330233","post","type-post","status-publish","format-standard","has-post-thumbnail","hentry","category-news-18","category-49","description-off"],"img_url":"https:\/\/www.radiopiu.net\/wordpress\/wp-content\/uploads\/2023\/04\/COPE2.png","_links":{"self":[{"href":"https:\/\/www.radiopiu.net\/wordpress\/wp-json\/wp\/v2\/posts\/330233","targetHints":{"allow":["GET"]}}],"collection":[{"href":"https:\/\/www.radiopiu.net\/wordpress\/wp-json\/wp\/v2\/posts"}],"about":[{"href":"https:\/\/www.radiopiu.net\/wordpress\/wp-json\/wp\/v2\/types\/post"}],"author":[{"embeddable":true,"href":"https:\/\/www.radiopiu.net\/wordpress\/wp-json\/wp\/v2\/users\/4"}],"replies":[{"embeddable":true,"href":"https:\/\/www.radiopiu.net\/wordpress\/wp-json\/wp\/v2\/comments?post=330233"}],"version-history":[{"count":0,"href":"https:\/\/www.radiopiu.net\/wordpress\/wp-json\/wp\/v2\/posts\/330233\/revisions"}],"wp:featuredmedia":[{"embeddable":true,"href":"https:\/\/www.radiopiu.net\/wordpress\/wp-json\/wp\/v2\/media\/330230"}],"wp:attachment":[{"href":"https:\/\/www.radiopiu.net\/wordpress\/wp-json\/wp\/v2\/media?parent=330233"}],"wp:term":[{"taxonomy":"category","embeddable":true,"href":"https:\/\/www.radiopiu.net\/wordpress\/wp-json\/wp\/v2\/categories?post=330233"},{"taxonomy":"post_tag","embeddable":true,"href":"https:\/\/www.radiopiu.net\/wordpress\/wp-json\/wp\/v2\/tags?post=330233"}],"curies":[{"name":"wp","href":"https:\/\/api.w.org\/{rel}","templated":true}]}}