{"id":330248,"date":"2023-04-07T05:14:44","date_gmt":"2023-04-07T03:14:44","guid":{"rendered":"https:\/\/www.radiopiu.net\/wordpress\/?p=330248"},"modified":"2023-04-07T05:31:42","modified_gmt":"2023-04-07T03:31:42","slug":"lupo-in-europa-atteggiamento-cambiato-ora-via-a-piani-nazionali-e-regionali","status":"publish","type":"post","link":"https:\/\/www.radiopiu.net\/wordpress\/lupo-in-europa-atteggiamento-cambiato-ora-via-a-piani-nazionali-e-regionali\/","title":{"rendered":"LUPO IN EUROPA, \u00abATTEGGIAMENTO CAMBIATO. ORA VIA A PIANI NAZIONALI E REGIONALI\u00bb"},"content":{"rendered":"<p><strong>REDAZIONE<\/strong>\u00a0 Cambia l&#8217;atteggiamento della Commissione europea sulla gestione del lupo: a confermarlo all\u2019europarlamentare Herbert Dorfmann, la stessa presidente della Commissione Ursula von der Leyen. \u00abOra \u00e8 necessario che venga avviato al pi\u00f9 presto un piano di gestione del lupo a livello nazionale, o anche solo per le regioni alpine\u00bb, afferma Dorfmann. Nei giorni scorsi, durante l\u2019incontro del gruppo del Partito Popolare Europeo con von de Leyen, Dorfmann ha sollevato la questione della gestione dei lupi e criticato il finora rigido rifiuto di Bruxelles di abbattere i capi pericolosi di questa specie. Von der Leyen ha spiegato che \u00e8 importante trovare un equilibrio tra la necessit\u00e0 di tutelare la specie e la biodiversit\u00e0 e le ragioni del mondo agricolo. In seguito a questo ripensamento, l\u2019approccio della Commissione europea \u00e8 ora molto pi\u00f9 bilanciato e questo nuovo orientamento va ora sfruttato, spiega Dorfmann ai microfoni di RADIOPIU:<\/p>\n<div style=\"width: 1200px;\" class=\"wp-video\"><video class=\"wp-video-shortcode\" id=\"video-330248-1\" width=\"1200\" height=\"675\" preload=\"metadata\" controls=\"controls\"><source type=\"video\/mp4\" src=\"https:\/\/www.radiopiu.net\/wordpress\/wp-content\/uploads\/2023\/04\/Herbert-Dorfmann-Europarlamentare-PPE-Gestione-lupo.mp4?_=1\" \/><a href=\"https:\/\/www.radiopiu.net\/wordpress\/wp-content\/uploads\/2023\/04\/Herbert-Dorfmann-Europarlamentare-PPE-Gestione-lupo.mp4\">https:\/\/www.radiopiu.net\/wordpress\/wp-content\/uploads\/2023\/04\/Herbert-Dorfmann-Europarlamentare-PPE-Gestione-lupo.mp4<\/a><\/video><\/div>\n<p>&nbsp;<\/p>\n<p>&nbsp;<\/p>\n<p>&nbsp;<\/p>\n<hr \/>\n<p>&nbsp;<\/p>\n","protected":false},"excerpt":{"rendered":"<p>REDAZIONE\u00a0 Cambia l&#8217;atteggiamento della Commissione europea sulla gestione del lupo: a confermarlo all\u2019europarlamentare Herbert Dorfmann, la stessa presidente della Commissione Ursula von der Leyen. \u00abOra \u00e8 necessario che venga avviato al pi\u00f9 presto un piano di gestione del lupo a livello nazionale, o anche solo per le regioni alpine\u00bb, afferma Dorfmann. Nei giorni scorsi, durante&hellip;<\/p>\n","protected":false},"author":4,"featured_media":311528,"comment_status":"closed","ping_status":"closed","sticky":false,"template":"","format":"standard","meta":{"_monsterinsights_skip_tracking":false,"_monsterinsights_sitenote_active":false,"_monsterinsights_sitenote_note":"","_monsterinsights_sitenote_category":0,"footnotes":""},"categories":[51,49],"tags":[],"class_list":["post-330248","post","type-post","status-publish","format-standard","has-post-thumbnail","hentry","category-evidenza-top","category-news-18","category-51","category-49","description-off"],"img_url":"https:\/\/www.radiopiu.net\/wordpress\/wp-content\/uploads\/2022\/12\/232b3d51-0a29-429d-b7f9-43596670b14c.jpg","_links":{"self":[{"href":"https:\/\/www.radiopiu.net\/wordpress\/wp-json\/wp\/v2\/posts\/330248","targetHints":{"allow":["GET"]}}],"collection":[{"href":"https:\/\/www.radiopiu.net\/wordpress\/wp-json\/wp\/v2\/posts"}],"about":[{"href":"https:\/\/www.radiopiu.net\/wordpress\/wp-json\/wp\/v2\/types\/post"}],"author":[{"embeddable":true,"href":"https:\/\/www.radiopiu.net\/wordpress\/wp-json\/wp\/v2\/users\/4"}],"replies":[{"embeddable":true,"href":"https:\/\/www.radiopiu.net\/wordpress\/wp-json\/wp\/v2\/comments?post=330248"}],"version-history":[{"count":0,"href":"https:\/\/www.radiopiu.net\/wordpress\/wp-json\/wp\/v2\/posts\/330248\/revisions"}],"wp:featuredmedia":[{"embeddable":true,"href":"https:\/\/www.radiopiu.net\/wordpress\/wp-json\/wp\/v2\/media\/311528"}],"wp:attachment":[{"href":"https:\/\/www.radiopiu.net\/wordpress\/wp-json\/wp\/v2\/media?parent=330248"}],"wp:term":[{"taxonomy":"category","embeddable":true,"href":"https:\/\/www.radiopiu.net\/wordpress\/wp-json\/wp\/v2\/categories?post=330248"},{"taxonomy":"post_tag","embeddable":true,"href":"https:\/\/www.radiopiu.net\/wordpress\/wp-json\/wp\/v2\/tags?post=330248"}],"curies":[{"name":"wp","href":"https:\/\/api.w.org\/{rel}","templated":true}]}}