{"id":330251,"date":"2023-04-07T05:15:05","date_gmt":"2023-04-07T03:15:05","guid":{"rendered":"https:\/\/www.radiopiu.net\/wordpress\/?p=330251"},"modified":"2023-04-07T05:34:26","modified_gmt":"2023-04-07T03:34:26","slug":"migranti-il-prefetto-mi-appello-alla-sensibilita-dei-bellunesi","status":"publish","type":"post","link":"https:\/\/www.radiopiu.net\/wordpress\/migranti-il-prefetto-mi-appello-alla-sensibilita-dei-bellunesi\/","title":{"rendered":"MIGRANTI, IL PREFETTO &#8220;MI APPELLO ALLA SENSIBILITA&#8217; DEI BELLUNESI&#8221;."},"content":{"rendered":"<p><strong>BELLUNO<\/strong> Gli uffici della Prefettura di Belluno hanno diffuso due avvisi pubblici inerenti la ricerca di nuovi alloggi\u00a0 per poter ospitare migranti tramite l&#8217;affidamento dei servizi di gestione sia di centri collettivi di accoglienza con capacit\u00e0 ricettiva massima di 50 posti sia\u00a0 di centri di accoglienza costituiti da singole unit\u00e0 abitative. A tal proposito il Prefetto ha cos\u00ec\u00a0 commentato &#8220;<i>Mi appello alla sensibilit\u00e0 dei bellunesi affinch\u00e9 sia ampliata l&#8217;offerta di accoglienza in un momento cos\u00ec drammatico per la popolazione dell&#8217;Africa che cerca riparo in Europa. Mi auguro che operatori economici seri e affidabili vogliano mettere la propria esperienza e professionalit\u00e0 a disposizione\u00a0 delle Istituzioni chiamate a gestire il fenomeno migratorio cos\u00ec complesso ed oramai divenuto costante<\/i>&#8221;<\/p>\n<p>&nbsp;<\/p>\n<p><strong>AVVISO UNITA&#8217; ABITATIVE<\/strong><\/p>\n<a href=\"https:\/\/www.radiopiu.net\/wordpress\/wp-content\/uploads\/2023\/04\/avviso-unita-abitative.pdf\" class=\"pdfemb-viewer\" style=\"\" data-width=\"max\" data-height=\"max\" data-toolbar=\"top\" data-toolbar-fixed=\"on\">avviso unit\u00e0 abitative<\/a>\n<p><strong>AVVISO CENTRI COLLETTIVI<\/strong><\/p>\n<a href=\"https:\/\/www.radiopiu.net\/wordpress\/wp-content\/uploads\/2023\/04\/avviso-centri-collettivi.pdf\" class=\"pdfemb-viewer\" style=\"\" data-width=\"max\" data-height=\"max\" data-toolbar=\"top\" data-toolbar-fixed=\"on\">avviso centri collettivi<\/a>\n","protected":false},"excerpt":{"rendered":"<p>BELLUNO Gli uffici della Prefettura di Belluno hanno diffuso due avvisi pubblici inerenti la ricerca di nuovi alloggi\u00a0 per poter ospitare migranti tramite l&#8217;affidamento dei servizi di gestione sia di centri collettivi di accoglienza con capacit\u00e0 ricettiva massima di 50 posti sia\u00a0 di centri di accoglienza costituiti da singole unit\u00e0 abitative. A tal proposito il&hellip;<\/p>\n","protected":false},"author":4,"featured_media":213618,"comment_status":"closed","ping_status":"closed","sticky":false,"template":"","format":"standard","meta":{"_monsterinsights_skip_tracking":false,"_monsterinsights_sitenote_active":false,"_monsterinsights_sitenote_note":"","_monsterinsights_sitenote_category":0,"footnotes":""},"categories":[51,49],"tags":[],"class_list":["post-330251","post","type-post","status-publish","format-standard","has-post-thumbnail","hentry","category-evidenza-top","category-news-18","category-51","category-49","description-off"],"img_url":"https:\/\/www.radiopiu.net\/wordpress\/wp-content\/uploads\/2021\/06\/68d028ad-2468-42a2-a92d-95fbdaa97527.jpg","_links":{"self":[{"href":"https:\/\/www.radiopiu.net\/wordpress\/wp-json\/wp\/v2\/posts\/330251","targetHints":{"allow":["GET"]}}],"collection":[{"href":"https:\/\/www.radiopiu.net\/wordpress\/wp-json\/wp\/v2\/posts"}],"about":[{"href":"https:\/\/www.radiopiu.net\/wordpress\/wp-json\/wp\/v2\/types\/post"}],"author":[{"embeddable":true,"href":"https:\/\/www.radiopiu.net\/wordpress\/wp-json\/wp\/v2\/users\/4"}],"replies":[{"embeddable":true,"href":"https:\/\/www.radiopiu.net\/wordpress\/wp-json\/wp\/v2\/comments?post=330251"}],"version-history":[{"count":0,"href":"https:\/\/www.radiopiu.net\/wordpress\/wp-json\/wp\/v2\/posts\/330251\/revisions"}],"wp:featuredmedia":[{"embeddable":true,"href":"https:\/\/www.radiopiu.net\/wordpress\/wp-json\/wp\/v2\/media\/213618"}],"wp:attachment":[{"href":"https:\/\/www.radiopiu.net\/wordpress\/wp-json\/wp\/v2\/media?parent=330251"}],"wp:term":[{"taxonomy":"category","embeddable":true,"href":"https:\/\/www.radiopiu.net\/wordpress\/wp-json\/wp\/v2\/categories?post=330251"},{"taxonomy":"post_tag","embeddable":true,"href":"https:\/\/www.radiopiu.net\/wordpress\/wp-json\/wp\/v2\/tags?post=330251"}],"curies":[{"name":"wp","href":"https:\/\/api.w.org\/{rel}","templated":true}]}}