{"id":330256,"date":"2023-04-06T11:00:49","date_gmt":"2023-04-06T09:00:49","guid":{"rendered":"https:\/\/www.radiopiu.net\/wordpress\/?p=330256"},"modified":"2023-04-06T11:02:28","modified_gmt":"2023-04-06T09:02:28","slug":"330256-2","status":"publish","type":"post","link":"https:\/\/www.radiopiu.net\/wordpress\/330256-2\/","title":{"rendered":"CONSIGLIERI COMUNALI CONTRO L&#8217;INCIVILTA&#8217; PER UNA CITTA&#8217; PIU&#8217; BELLA"},"content":{"rendered":"<p><strong>REDAZIONE<\/strong> Una delegazione della lista civica Belluno al Centro ha partecipato alla giornata ecologica rimuovendo i rifiuti che da tempo invadono la propriet\u00e0 erbosa che costeggia la scala mobile di Lambioi: bottiglie, bicchieri ed imballaggi di ogni genere gettati dagli utilizzatori della panchina situata sulla via sovrastante. Il terreno oggetto del sistematico imbrattamento \u00e8 risultato di propriet\u00e0 privata ed \u00e8 pertanto stato necessario ottenere il permesso di accesso da parte dei proprietari che hanno subito dato il loro assenso all&#8217;operazione di pulizia. Le operazioni di pulizia del\u00a0 territorio comunale proseguiranno anche nelle prossime settimane. Il segnale che i consiglieri comunali vogliono dare \u00e8 che \u00e8 opportuno impegnarsi direttamente per il decoro della citt\u00e0 ma anche che altre forme di incivilt\u00e0 e di vandalismo non saranno pi\u00f9 tollerate. Infine un pensiero per il dipendente comunale del settore delle manutenzioni che ha subito un grave incidente recentemente e all&#8217;altra persona coinvolta che \u00e8 ancora in gravi condizioni.<\/p>\n<p>&nbsp;<\/p>\n<p><strong>audio Simone Soccal<\/strong><\/p>\n<audio class=\"wp-audio-shortcode\" id=\"audio-330256-1\" preload=\"none\" style=\"width: 100%;\" controls=\"controls\"><source type=\"audio\/mpeg\" src=\"https:\/\/www.radiopiu.net\/wordpress\/wp-content\/uploads\/2023\/04\/scale-mobili.mp3?_=1\" \/><a href=\"https:\/\/www.radiopiu.net\/wordpress\/wp-content\/uploads\/2023\/04\/scale-mobili.mp3\">https:\/\/www.radiopiu.net\/wordpress\/wp-content\/uploads\/2023\/04\/scale-mobili.mp3<\/a><\/audio>\n<blockquote><p><em>In allegato alcune foto della scarpata prima e dopo le operazioni di pulizia e i consiglieri comunali Massimo Garzotto, Simone Soccal\u00a0 e Sebastiano Marotto che hanno provveduto a liberare l&#8217;area dai rifiuti.<\/em><\/p><\/blockquote>\n\n\t\t\t<style type='text\/css'>\n\t\t\t\t#gallery-1 {\n\t\t\t\t\tmargin: auto;\n\t\t\t\t}\n\t\t\t\t#gallery-1 .gallery-item {\n\t\t\t\t\tfloat: left;\n\t\t\t\t\tmargin-top: 10px;\n\t\t\t\t\ttext-align: center;\n\t\t\t\t\twidth: 33%;\n\t\t\t\t}\n\t\t\t\t#gallery-1 img {\n\t\t\t\t\tborder: 2px solid #cfcfcf;\n\t\t\t\t}\n\t\t\t\t#gallery-1 .gallery-caption {\n\t\t\t\t\tmargin-left: 0;\n\t\t\t\t}\n\t\t\t\t\/* see gallery_shortcode() in wp-includes\/media.php *\/\n\t\t\t<\/style>\n\t\t<div id='gallery-1' class='dt-gallery-container gallery galleryid-330256 gallery-columns-3 gallery-size-thumbnail'><dl class='gallery-item'>\n\t\t\t\t<dt class='gallery-icon portrait'>\n\t\t\t\t\t<a class=\"rollover rollover-zoom dt-pswp-item\" title=\"1680766057724\" data-dt-img-description=\"\" data-large_image_width=\"544\" data-large_image_height=\"1152\"href='https:\/\/www.radiopiu.net\/wordpress\/wp-content\/uploads\/2023\/04\/1680766057724.jpeg'><img loading=\"lazy\" decoding=\"async\" width=\"150\" height=\"150\" src=\"https:\/\/www.radiopiu.net\/wordpress\/wp-content\/uploads\/2023\/04\/1680766057724-150x150.jpeg\" class=\"attachment-thumbnail size-thumbnail\" alt=\"\" \/><\/a>\n\t\t\t\t<\/dt><\/dl><dl class='gallery-item'>\n\t\t\t\t<dt class='gallery-icon landscape'>\n\t\t\t\t\t<a class=\"rollover rollover-zoom dt-pswp-item\" title=\"1680766096762\" data-dt-img-description=\"\" data-large_image_width=\"1152\" data-large_image_height=\"546\"href='https:\/\/www.radiopiu.net\/wordpress\/wp-content\/uploads\/2023\/04\/1680766096762.jpeg'><img loading=\"lazy\" decoding=\"async\" width=\"150\" height=\"150\" src=\"https:\/\/www.radiopiu.net\/wordpress\/wp-content\/uploads\/2023\/04\/1680766096762-150x150.jpeg\" class=\"attachment-thumbnail size-thumbnail\" alt=\"\" \/><\/a>\n\t\t\t\t<\/dt><\/dl><dl class='gallery-item'>\n\t\t\t\t<dt class='gallery-icon landscape'>\n\t\t\t\t\t<a class=\"rollover rollover-zoom dt-pswp-item\" title=\"1680766131724\" data-dt-img-description=\"\" data-large_image_width=\"1152\" data-large_image_height=\"546\"href='https:\/\/www.radiopiu.net\/wordpress\/wp-content\/uploads\/2023\/04\/1680766131724.jpeg'><img loading=\"lazy\" decoding=\"async\" width=\"150\" height=\"150\" src=\"https:\/\/www.radiopiu.net\/wordpress\/wp-content\/uploads\/2023\/04\/1680766131724-150x150.jpeg\" class=\"attachment-thumbnail size-thumbnail\" alt=\"\" \/><\/a>\n\t\t\t\t<\/dt><\/dl><br style=\"clear: both\" \/>\n\t\t\t<\/div>\n\n<p>&nbsp;<\/p>\n<p>&nbsp;<\/p>\n","protected":false},"excerpt":{"rendered":"<p>REDAZIONE Una delegazione della lista civica Belluno al Centro ha partecipato alla giornata ecologica rimuovendo i rifiuti che da tempo invadono la propriet\u00e0 erbosa che costeggia la scala mobile di Lambioi: bottiglie, bicchieri ed imballaggi di ogni genere gettati dagli utilizzatori della panchina situata sulla via sovrastante. Il terreno oggetto del sistematico imbrattamento \u00e8 risultato&hellip;<\/p>\n","protected":false},"author":4,"featured_media":330260,"comment_status":"closed","ping_status":"closed","sticky":false,"template":"","format":"standard","meta":{"_monsterinsights_skip_tracking":false,"_monsterinsights_sitenote_active":false,"_monsterinsights_sitenote_note":"","_monsterinsights_sitenote_category":0,"footnotes":""},"categories":[104,49],"tags":[],"class_list":["post-330256","post","type-post","status-publish","format-standard","has-post-thumbnail","hentry","category-evidenza_3","category-news-18","category-104","category-49","description-off"],"img_url":"https:\/\/www.radiopiu.net\/wordpress\/wp-content\/uploads\/2023\/04\/1680766096762.jpeg","_links":{"self":[{"href":"https:\/\/www.radiopiu.net\/wordpress\/wp-json\/wp\/v2\/posts\/330256","targetHints":{"allow":["GET"]}}],"collection":[{"href":"https:\/\/www.radiopiu.net\/wordpress\/wp-json\/wp\/v2\/posts"}],"about":[{"href":"https:\/\/www.radiopiu.net\/wordpress\/wp-json\/wp\/v2\/types\/post"}],"author":[{"embeddable":true,"href":"https:\/\/www.radiopiu.net\/wordpress\/wp-json\/wp\/v2\/users\/4"}],"replies":[{"embeddable":true,"href":"https:\/\/www.radiopiu.net\/wordpress\/wp-json\/wp\/v2\/comments?post=330256"}],"version-history":[{"count":0,"href":"https:\/\/www.radiopiu.net\/wordpress\/wp-json\/wp\/v2\/posts\/330256\/revisions"}],"wp:featuredmedia":[{"embeddable":true,"href":"https:\/\/www.radiopiu.net\/wordpress\/wp-json\/wp\/v2\/media\/330260"}],"wp:attachment":[{"href":"https:\/\/www.radiopiu.net\/wordpress\/wp-json\/wp\/v2\/media?parent=330256"}],"wp:term":[{"taxonomy":"category","embeddable":true,"href":"https:\/\/www.radiopiu.net\/wordpress\/wp-json\/wp\/v2\/categories?post=330256"},{"taxonomy":"post_tag","embeddable":true,"href":"https:\/\/www.radiopiu.net\/wordpress\/wp-json\/wp\/v2\/tags?post=330256"}],"curies":[{"name":"wp","href":"https:\/\/api.w.org\/{rel}","templated":true}]}}