{"id":330309,"date":"2023-04-06T16:18:59","date_gmt":"2023-04-06T14:18:59","guid":{"rendered":"https:\/\/www.radiopiu.net\/wordpress\/?p=330309"},"modified":"2023-04-06T16:20:30","modified_gmt":"2023-04-06T14:20:30","slug":"una-cordata-italiana-per-comprare-linter-ci-sarebbe-anche-claudio-del-vecchio","status":"publish","type":"post","link":"https:\/\/www.radiopiu.net\/wordpress\/una-cordata-italiana-per-comprare-linter-ci-sarebbe-anche-claudio-del-vecchio\/","title":{"rendered":"UNA CORDATA ITALIANA PER COMPRARE L&#8217;INTER. CI SAREBBE ANCHE CLAUDIO DEL VECCHIO"},"content":{"rendered":"<p><strong><a class=\"dt-pswp-item\" href=\"https:\/\/www.radiopiu.net\/wordpress\/wp-content\/uploads\/2023\/04\/CLAUDIO-DEL-VECCHIO.jpg\" data-dt-img-description=\"\" data-large_image_width=\"656\" data-large_image_height=\"492\"><img loading=\"lazy\" decoding=\"async\" class=\" wp-image-330311 alignleft\" src=\"https:\/\/www.radiopiu.net\/wordpress\/wp-content\/uploads\/2023\/04\/CLAUDIO-DEL-VECCHIO-300x225.jpg\" alt=\"\" width=\"164\" height=\"123\" srcset=\"https:\/\/www.radiopiu.net\/wordpress\/wp-content\/uploads\/2023\/04\/CLAUDIO-DEL-VECCHIO-300x225.jpg 300w, https:\/\/www.radiopiu.net\/wordpress\/wp-content\/uploads\/2023\/04\/CLAUDIO-DEL-VECCHIO.jpg 656w\" sizes=\"auto, (max-width: 164px) 100vw, 164px\" \/><\/a>REDAZIONE<\/strong> Si vocifera che una cordata italiana stia per comprare l&#8217;Inter da Zhang Suning. A darne notizia \u00e8 stato Marco Barzaghi sul suo canale Youtube in una diretta dedicata alla squadra nerazzurra. Tra i nomi che farebbero parte di questa cordata \u00e8 comparso anche Claudio del Vecchio, primogenito di Leonardo. Un investimento da diversi milioni di euro che andrebbe ad interessare anche l&#8217;acquisto e la ristrutturazione dello Stadio San Siro di Milano. Nulla di certo al momento ma Claudio Del Vecchio era g\u00ec\u00e0 stato al fianco della squadra milanese negli anni scorsi quando con Brooks Brothers era stato sponsor della societ\u00e0. (FOTO: Corriere.it)<\/p>\n<p>&nbsp;<\/p>\n<p>&nbsp;<\/p>\n<p>*******<\/p>\n","protected":false},"excerpt":{"rendered":"<p>REDAZIONE Si vocifera che una cordata italiana stia per comprare l&#8217;Inter da Zhang Suning. A darne notizia \u00e8 stato Marco Barzaghi sul suo canale Youtube in una diretta dedicata alla squadra nerazzurra. Tra i nomi che farebbero parte di questa cordata \u00e8 comparso anche Claudio del Vecchio, primogenito di Leonardo. Un investimento da diversi milioni&hellip;<\/p>\n","protected":false},"author":4,"featured_media":330311,"comment_status":"closed","ping_status":"closed","sticky":false,"template":"","format":"standard","meta":{"_monsterinsights_skip_tracking":false,"_monsterinsights_sitenote_active":false,"_monsterinsights_sitenote_note":"","_monsterinsights_sitenote_category":0,"footnotes":""},"categories":[51,49],"tags":[],"class_list":["post-330309","post","type-post","status-publish","format-standard","has-post-thumbnail","hentry","category-evidenza-top","category-news-18","category-51","category-49","description-off"],"img_url":"https:\/\/www.radiopiu.net\/wordpress\/wp-content\/uploads\/2023\/04\/CLAUDIO-DEL-VECCHIO.jpg","_links":{"self":[{"href":"https:\/\/www.radiopiu.net\/wordpress\/wp-json\/wp\/v2\/posts\/330309","targetHints":{"allow":["GET"]}}],"collection":[{"href":"https:\/\/www.radiopiu.net\/wordpress\/wp-json\/wp\/v2\/posts"}],"about":[{"href":"https:\/\/www.radiopiu.net\/wordpress\/wp-json\/wp\/v2\/types\/post"}],"author":[{"embeddable":true,"href":"https:\/\/www.radiopiu.net\/wordpress\/wp-json\/wp\/v2\/users\/4"}],"replies":[{"embeddable":true,"href":"https:\/\/www.radiopiu.net\/wordpress\/wp-json\/wp\/v2\/comments?post=330309"}],"version-history":[{"count":0,"href":"https:\/\/www.radiopiu.net\/wordpress\/wp-json\/wp\/v2\/posts\/330309\/revisions"}],"wp:featuredmedia":[{"embeddable":true,"href":"https:\/\/www.radiopiu.net\/wordpress\/wp-json\/wp\/v2\/media\/330311"}],"wp:attachment":[{"href":"https:\/\/www.radiopiu.net\/wordpress\/wp-json\/wp\/v2\/media?parent=330309"}],"wp:term":[{"taxonomy":"category","embeddable":true,"href":"https:\/\/www.radiopiu.net\/wordpress\/wp-json\/wp\/v2\/categories?post=330309"},{"taxonomy":"post_tag","embeddable":true,"href":"https:\/\/www.radiopiu.net\/wordpress\/wp-json\/wp\/v2\/tags?post=330309"}],"curies":[{"name":"wp","href":"https:\/\/api.w.org\/{rel}","templated":true}]}}