{"id":330412,"date":"2023-04-07T05:16:27","date_gmt":"2023-04-07T03:16:27","guid":{"rendered":"https:\/\/www.radiopiu.net\/wordpress\/?p=330412"},"modified":"2023-04-07T05:38:17","modified_gmt":"2023-04-07T03:38:17","slug":"migranti-le-preoccupazioni-di-de-bernardin-in-un-paese-che-non-ha-nemmeno-le-risorse-per-aiutare-i-suoi-cittadini","status":"publish","type":"post","link":"https:\/\/www.radiopiu.net\/wordpress\/migranti-le-preoccupazioni-di-de-bernardin-in-un-paese-che-non-ha-nemmeno-le-risorse-per-aiutare-i-suoi-cittadini\/","title":{"rendered":"MIGRANTI, LE PREOCCUPAZIONI DI DE BERNARDIN &#8220;IN UN PAESE CHE NON HA NEMMENO LE RISORSE PER AIUTARE I SUOI CITTADINI&#8221;"},"content":{"rendered":"<p>&nbsp;<\/p>\n<p>&nbsp;<\/p>\n<blockquote>\n<h3><a class=\"dt-pswp-item\" href=\"https:\/\/www.radiopiu.net\/wordpress\/wp-content\/uploads\/2021\/03\/ANDREA-DE-BERNARDIN.jpg\" data-dt-img-description=\"andrea de bernardin\" data-large_image_width=\"960\" data-large_image_height=\"540\"><img loading=\"lazy\" decoding=\"async\" class=\"wp-image-195558 alignleft\" src=\"https:\/\/www.radiopiu.net\/wordpress\/wp-content\/uploads\/2021\/03\/ANDREA-DE-BERNARDIN-300x169.jpg\" alt=\"\" width=\"185\" height=\"104\" srcset=\"https:\/\/www.radiopiu.net\/wordpress\/wp-content\/uploads\/2021\/03\/ANDREA-DE-BERNARDIN-300x169.jpg 300w, https:\/\/www.radiopiu.net\/wordpress\/wp-content\/uploads\/2021\/03\/ANDREA-DE-BERNARDIN-768x432.jpg 768w, https:\/\/www.radiopiu.net\/wordpress\/wp-content\/uploads\/2021\/03\/ANDREA-DE-BERNARDIN.jpg 960w\" sizes=\"auto, (max-width: 185px) 100vw, 185px\" \/><\/a>PER DE BERNARDIN (LEGA) LA GESTIONE MIGRANTI PREOCCUPA<\/h3>\n<\/blockquote>\n<p><strong>BELLUNO <\/strong>\u201cSalvini da ministro dell\u2019Interno aveva dato un segnale, ma non era stato ascoltato. Ora la gestione migranti preoccupa, come fa un Paese che non ha le risorse nemmeno per aiutare i propri cittadini a sostenere l\u2019ondata in arrivo?\u201d.\u00a0 Sono le parole del segretario provinciale della Lega, Andrea De Bernardin, in merito alla questione accoglienza migranti che, in questi giorni, \u00e8 al centro dei tavoli della politica.<\/p>\n<p><strong>IL SEGRETARIO PROVINCIALE DELLA LEGA ANDREA DE BERNARDIN<\/strong><\/p>\n<audio class=\"wp-audio-shortcode\" id=\"audio-330412-1\" preload=\"none\" style=\"width: 100%;\" controls=\"controls\"><source type=\"audio\/mpeg\" src=\"https:\/\/www.radiopiu.net\/wordpress\/wp-content\/uploads\/2023\/04\/De-Bernardin-su-migrazione.mp3?_=1\" \/><a href=\"https:\/\/www.radiopiu.net\/wordpress\/wp-content\/uploads\/2023\/04\/De-Bernardin-su-migrazione.mp3\">https:\/\/www.radiopiu.net\/wordpress\/wp-content\/uploads\/2023\/04\/De-Bernardin-su-migrazione.mp3<\/a><\/audio>\n<p>&nbsp;<\/p>\n<p>&nbsp;<\/p>\n<hr \/>\n<p>&nbsp;<\/p>\n<p>&nbsp;<\/p>\n<blockquote>\n<h3>GESTIONE ACCOGLIENZA<\/h3>\n<\/blockquote>\n<p><em>Sindaco: \u201cSiamo a favore dell\u2019accoglienza, ma non si improvvisa\u201d<\/em><\/p>\n<p><strong>BELLUNO<\/strong> \u201cL\u2019accoglienza non si improvvisa&#8221; dice il\u00a0 sindaco di Belluno, Oscar De Pellegrin, in merito agli arrivi dei migranti annunciati in questi giorni in provincia. La questione, dibattuta in queste settimane, vede i Comuni in difficolt\u00e0 rispetto alla necessit\u00e0 di dare assistenza ai migranti in mancanza di accordi sostenibili. La gestione potrebbe\u00a0 passare per una convenzione semplificata tra i Comuni e la Prefettura o attraverso l\u2019affidamento alle cooperative nell\u2019ambito dei Cas \u2013 Centri accoglienza straordinaria di spazi messi a disposizione da privati e non solo.<\/p>\n<p>&nbsp;<\/p>\n<p>&nbsp;<\/p>\n<hr \/>\n<p>&nbsp;<\/p>\n<p>&nbsp;<\/p>\n<blockquote>\n<h3>MIGRANTI, IL PREFETTO &#8220;MI APPELLO ALLA SENSIBILITA&#8217; DEI BELLUNESI&#8221;.<\/h3>\n<\/blockquote>\n<p><strong><img loading=\"lazy\" decoding=\"async\" class=\"alignleft\" src=\"https:\/\/www.radiopiu.net\/wordpress\/wp-content\/uploads\/2021\/06\/68d028ad-2468-42a2-a92d-95fbdaa97527.jpg\" width=\"200\" height=\"150\" \/>BELLUNO<\/strong> Gli uffici della Prefettura di Belluno hanno diffuso due avvisi pubblici inerenti la ricerca di nuovi alloggi\u00a0 per poter ospitare migranti tramite l&#8217;affidamento dei servizi di gestione sia di centri collettivi di accoglienza con capacit\u00e0 ricettiva massima di 50 posti sia\u00a0 di centri di accoglienza costituiti da singole unit\u00e0 abitative. A tal proposito il Prefetto ha cos\u00ec\u00a0 commentato &#8220;<i>Mi appello alla sensibilit\u00e0 dei bellunesi affinch\u00e9 sia ampliata l&#8217;offerta di accoglienza in un momento cos\u00ec drammatico per la popolazione dell&#8217;Africa che cerca riparo in Europa. Mi auguro che operatori economici seri e affidabili vogliano mettere la propria esperienza e professionalit\u00e0 a disposizione\u00a0 delle Istituzioni chiamate a gestire il fenomeno migratorio cos\u00ec complesso ed oramai divenuto costante<\/i>&#8220;<\/p>\n","protected":false},"excerpt":{"rendered":"<p>&nbsp; &nbsp; PER DE BERNARDIN (LEGA) LA GESTIONE MIGRANTI PREOCCUPA BELLUNO \u201cSalvini da ministro dell\u2019Interno aveva dato un segnale, ma non era stato ascoltato. Ora la gestione migranti preoccupa, come fa un Paese che non ha le risorse nemmeno per aiutare i propri cittadini a sostenere l\u2019ondata in arrivo?\u201d.\u00a0 Sono le parole del segretario provinciale&hellip;<\/p>\n","protected":false},"author":4,"featured_media":330413,"comment_status":"closed","ping_status":"closed","sticky":false,"template":"","format":"standard","meta":{"_monsterinsights_skip_tracking":false,"_monsterinsights_sitenote_active":false,"_monsterinsights_sitenote_note":"","_monsterinsights_sitenote_category":0,"footnotes":""},"categories":[104,49],"tags":[],"class_list":["post-330412","post","type-post","status-publish","format-standard","has-post-thumbnail","hentry","category-evidenza_3","category-news-18","category-104","category-49","description-off"],"img_url":"https:\/\/www.radiopiu.net\/wordpress\/wp-content\/uploads\/2023\/04\/man-1002633__340.webp","_links":{"self":[{"href":"https:\/\/www.radiopiu.net\/wordpress\/wp-json\/wp\/v2\/posts\/330412","targetHints":{"allow":["GET"]}}],"collection":[{"href":"https:\/\/www.radiopiu.net\/wordpress\/wp-json\/wp\/v2\/posts"}],"about":[{"href":"https:\/\/www.radiopiu.net\/wordpress\/wp-json\/wp\/v2\/types\/post"}],"author":[{"embeddable":true,"href":"https:\/\/www.radiopiu.net\/wordpress\/wp-json\/wp\/v2\/users\/4"}],"replies":[{"embeddable":true,"href":"https:\/\/www.radiopiu.net\/wordpress\/wp-json\/wp\/v2\/comments?post=330412"}],"version-history":[{"count":0,"href":"https:\/\/www.radiopiu.net\/wordpress\/wp-json\/wp\/v2\/posts\/330412\/revisions"}],"wp:featuredmedia":[{"embeddable":true,"href":"https:\/\/www.radiopiu.net\/wordpress\/wp-json\/wp\/v2\/media\/330413"}],"wp:attachment":[{"href":"https:\/\/www.radiopiu.net\/wordpress\/wp-json\/wp\/v2\/media?parent=330412"}],"wp:term":[{"taxonomy":"category","embeddable":true,"href":"https:\/\/www.radiopiu.net\/wordpress\/wp-json\/wp\/v2\/categories?post=330412"},{"taxonomy":"post_tag","embeddable":true,"href":"https:\/\/www.radiopiu.net\/wordpress\/wp-json\/wp\/v2\/tags?post=330412"}],"curies":[{"name":"wp","href":"https:\/\/api.w.org\/{rel}","templated":true}]}}