{"id":330420,"date":"2023-04-07T06:23:14","date_gmt":"2023-04-07T04:23:14","guid":{"rendered":"https:\/\/www.radiopiu.net\/wordpress\/?p=330420"},"modified":"2023-04-07T06:23:14","modified_gmt":"2023-04-07T04:23:14","slug":"condannato-per-la-finta-rapina-era-stato-per-sei-ore-alle-slot","status":"publish","type":"post","link":"https:\/\/www.radiopiu.net\/wordpress\/condannato-per-la-finta-rapina-era-stato-per-sei-ore-alle-slot\/","title":{"rendered":"CONDANNATO PER LA FINTA RAPINA, ERA STATO PER SEI ORE ALLE SLOT"},"content":{"rendered":"<p><strong>OGGI SUL CORRIERE DELLE ALPI<\/strong><\/p>\n<p><strong>DI IRENE ALIPRANDI<\/strong><\/p>\n<p>&nbsp;<\/p>\n<p><img loading=\"lazy\" decoding=\"async\" class=\"alignleft\" src=\"https:\/\/www.radiopiu.net\/wordpress\/wp-content\/uploads\/2021\/11\/slots-5012428__340.jpg\" width=\"234\" height=\"132\" \/><strong>BELLUNO<\/strong> Non \u00e8 stato portato in una stradina appartata sotto la minaccia di una pistola e non \u00e8 stato picchiato n\u00e9 rapinato. Condannato a due anni, pi\u00f9 le spese, l&#8217;uomo che nel 2018 ha raccontato di essere stato rapinato per nascondere la sua dipendenza dal gioco d&#8217;azzardo. Il 52enne era in zona per alcune consegne, ma dalle 13 alle 19, con una breve pausa intorno alle 16, si \u00e8 chiuso in una sala slot di Feltre dove ha dissipato i due anticipi sullo stipendio che la sua ditta gli aveva concesso nel giro di pochi giorni. Poi si \u00e8 procurato delle ferite ed \u00e8 andato a farsi curare in pronto soccorso, raccontando appunto di essere stato avvicinato da dei malviventi&#8230; Il primo sospetto nacque quando l&#8217;uomo non riusc\u00ec a portare i militari sul luogo del rapina e si consolid\u00f2 durante l&#8217;indagine con la localizzazione del cellulare e l&#8217;identificazione da parte della titolare della sala slot. L&#8217;uomo \u00e8 stato dunque accusato di simulazione di reato e ieri si \u00e8 svolto il processo con il rito abbreviato. ..<\/p>\n<p>&nbsp;<\/p>\n<p>___<\/p>\n","protected":false},"excerpt":{"rendered":"<p>OGGI SUL CORRIERE DELLE ALPI DI IRENE ALIPRANDI &nbsp; BELLUNO Non \u00e8 stato portato in una stradina appartata sotto la minaccia di una pistola e non \u00e8 stato picchiato n\u00e9 rapinato. Condannato a due anni, pi\u00f9 le spese, l&#8217;uomo che nel 2018 ha raccontato di essere stato rapinato per nascondere la sua dipendenza dal gioco&hellip;<\/p>\n","protected":false},"author":4,"featured_media":242316,"comment_status":"closed","ping_status":"closed","sticky":false,"template":"","format":"standard","meta":{"_monsterinsights_skip_tracking":false,"_monsterinsights_sitenote_active":false,"_monsterinsights_sitenote_note":"","_monsterinsights_sitenote_category":0,"footnotes":""},"categories":[104,49],"tags":[],"class_list":["post-330420","post","type-post","status-publish","format-standard","has-post-thumbnail","hentry","category-evidenza_3","category-news-18","category-104","category-49","description-off"],"img_url":"https:\/\/www.radiopiu.net\/wordpress\/wp-content\/uploads\/2021\/11\/slots-5012428__340.jpg","_links":{"self":[{"href":"https:\/\/www.radiopiu.net\/wordpress\/wp-json\/wp\/v2\/posts\/330420","targetHints":{"allow":["GET"]}}],"collection":[{"href":"https:\/\/www.radiopiu.net\/wordpress\/wp-json\/wp\/v2\/posts"}],"about":[{"href":"https:\/\/www.radiopiu.net\/wordpress\/wp-json\/wp\/v2\/types\/post"}],"author":[{"embeddable":true,"href":"https:\/\/www.radiopiu.net\/wordpress\/wp-json\/wp\/v2\/users\/4"}],"replies":[{"embeddable":true,"href":"https:\/\/www.radiopiu.net\/wordpress\/wp-json\/wp\/v2\/comments?post=330420"}],"version-history":[{"count":0,"href":"https:\/\/www.radiopiu.net\/wordpress\/wp-json\/wp\/v2\/posts\/330420\/revisions"}],"wp:featuredmedia":[{"embeddable":true,"href":"https:\/\/www.radiopiu.net\/wordpress\/wp-json\/wp\/v2\/media\/242316"}],"wp:attachment":[{"href":"https:\/\/www.radiopiu.net\/wordpress\/wp-json\/wp\/v2\/media?parent=330420"}],"wp:term":[{"taxonomy":"category","embeddable":true,"href":"https:\/\/www.radiopiu.net\/wordpress\/wp-json\/wp\/v2\/categories?post=330420"},{"taxonomy":"post_tag","embeddable":true,"href":"https:\/\/www.radiopiu.net\/wordpress\/wp-json\/wp\/v2\/tags?post=330420"}],"curies":[{"name":"wp","href":"https:\/\/api.w.org\/{rel}","templated":true}]}}