{"id":330426,"date":"2023-04-07T07:39:15","date_gmt":"2023-04-07T05:39:15","guid":{"rendered":"https:\/\/www.radiopiu.net\/wordpress\/?p=330426"},"modified":"2023-04-07T07:39:15","modified_gmt":"2023-04-07T05:39:15","slug":"buon-viaggio-daniele-oggi-i-funerali","status":"publish","type":"post","link":"https:\/\/www.radiopiu.net\/wordpress\/buon-viaggio-daniele-oggi-i-funerali\/","title":{"rendered":"BUON VIAGGIO DANIELE, OGGI I FUNERALI"},"content":{"rendered":"<p><strong><img loading=\"lazy\" decoding=\"async\" class=\"alignleft\" src=\"https:\/\/www.radiopiu.net\/wordpress\/wp-content\/uploads\/2023\/04\/Senza-nome-9.jpg\" width=\"168\" height=\"158\" \/>AGORDO<\/strong> Una breve malattia ha posto fine ai giorni di Daniele, \u00e8 mancato ieri a soli 47 anni all&#8217;ospedale di Belluno,\u00a0 assistito dal personale della Ulss1, dalle signore Linda e Giulia.<\/p>\n<p>Daniele\u00a0 lascia la mamma Nives, le sorelle, i fratelli. I funerali si terranno oggi alle 14.30 nella chiesa Arcidiaconale di Agordo. Alla famiglia Porta giungano le condoglianze della redazione di Radio Pi\u00f9.<\/p>\n<p><em>&#8220;Ci\u00f2 che pu\u00f2 sembrare la fine \u00e8 in realt\u00e0 un nuovo inizio&#8221;<\/em><\/p>\n<p>&nbsp;<\/p>\n<p>&nbsp;<\/p>\n<p>&nbsp;<\/p>\n<hr \/>\n<p>&nbsp;<\/p>\n","protected":false},"excerpt":{"rendered":"<p>AGORDO Una breve malattia ha posto fine ai giorni di Daniele, \u00e8 mancato ieri a soli 47 anni all&#8217;ospedale di Belluno,\u00a0 assistito dal personale della Ulss1, dalle signore Linda e Giulia. Daniele\u00a0 lascia la mamma Nives, le sorelle, i fratelli. I funerali si terranno oggi alle 14.30 nella chiesa Arcidiaconale di Agordo. Alla famiglia Porta&hellip;<\/p>\n","protected":false},"author":4,"featured_media":330427,"comment_status":"closed","ping_status":"closed","sticky":false,"template":"","format":"standard","meta":{"_monsterinsights_skip_tracking":false,"_monsterinsights_sitenote_active":false,"_monsterinsights_sitenote_note":"","_monsterinsights_sitenote_category":0,"footnotes":""},"categories":[49],"tags":[],"class_list":["post-330426","post","type-post","status-publish","format-standard","has-post-thumbnail","hentry","category-news-18","category-49","description-off"],"img_url":"https:\/\/www.radiopiu.net\/wordpress\/wp-content\/uploads\/2023\/04\/Senza-nome-9.jpg","_links":{"self":[{"href":"https:\/\/www.radiopiu.net\/wordpress\/wp-json\/wp\/v2\/posts\/330426","targetHints":{"allow":["GET"]}}],"collection":[{"href":"https:\/\/www.radiopiu.net\/wordpress\/wp-json\/wp\/v2\/posts"}],"about":[{"href":"https:\/\/www.radiopiu.net\/wordpress\/wp-json\/wp\/v2\/types\/post"}],"author":[{"embeddable":true,"href":"https:\/\/www.radiopiu.net\/wordpress\/wp-json\/wp\/v2\/users\/4"}],"replies":[{"embeddable":true,"href":"https:\/\/www.radiopiu.net\/wordpress\/wp-json\/wp\/v2\/comments?post=330426"}],"version-history":[{"count":0,"href":"https:\/\/www.radiopiu.net\/wordpress\/wp-json\/wp\/v2\/posts\/330426\/revisions"}],"wp:featuredmedia":[{"embeddable":true,"href":"https:\/\/www.radiopiu.net\/wordpress\/wp-json\/wp\/v2\/media\/330427"}],"wp:attachment":[{"href":"https:\/\/www.radiopiu.net\/wordpress\/wp-json\/wp\/v2\/media?parent=330426"}],"wp:term":[{"taxonomy":"category","embeddable":true,"href":"https:\/\/www.radiopiu.net\/wordpress\/wp-json\/wp\/v2\/categories?post=330426"},{"taxonomy":"post_tag","embeddable":true,"href":"https:\/\/www.radiopiu.net\/wordpress\/wp-json\/wp\/v2\/tags?post=330426"}],"curies":[{"name":"wp","href":"https:\/\/api.w.org\/{rel}","templated":true}]}}