{"id":330459,"date":"2023-04-07T10:38:41","date_gmt":"2023-04-07T08:38:41","guid":{"rendered":"https:\/\/www.radiopiu.net\/wordpress\/?p=330459"},"modified":"2023-04-08T05:57:04","modified_gmt":"2023-04-08T03:57:04","slug":"il-premio-san-vittore-2023-a-gabriele-gabrielli","status":"publish","type":"post","link":"https:\/\/www.radiopiu.net\/wordpress\/il-premio-san-vittore-2023-a-gabriele-gabrielli\/","title":{"rendered":"IL PREMIO \u201cSAN VITTORE\u201d 2023 a GABRIELE GABRIELLI."},"content":{"rendered":"<p><strong><a class=\"dt-pswp-item\" href=\"https:\/\/www.radiopiu.net\/wordpress\/wp-content\/uploads\/2023\/04\/Foto-Gabrielli.jpg\" data-dt-img-description=\"\" data-large_image_width=\"1053\" data-large_image_height=\"704\"><img loading=\"lazy\" decoding=\"async\" class=\"size-medium wp-image-330460 alignleft\" src=\"https:\/\/www.radiopiu.net\/wordpress\/wp-content\/uploads\/2023\/04\/Foto-Gabrielli-300x201.jpg\" alt=\"\" width=\"300\" height=\"201\" srcset=\"https:\/\/www.radiopiu.net\/wordpress\/wp-content\/uploads\/2023\/04\/Foto-Gabrielli-300x201.jpg 300w, https:\/\/www.radiopiu.net\/wordpress\/wp-content\/uploads\/2023\/04\/Foto-Gabrielli-1024x685.jpg 1024w, https:\/\/www.radiopiu.net\/wordpress\/wp-content\/uploads\/2023\/04\/Foto-Gabrielli-768x513.jpg 768w, https:\/\/www.radiopiu.net\/wordpress\/wp-content\/uploads\/2023\/04\/Foto-Gabrielli.jpg 1053w\" sizes=\"auto, (max-width: 300px) 100vw, 300px\" \/><\/a>FELTRE<\/strong> Il\u00a0 premio \u201cSanti Martiri Vittore e Corona\u201d 2023\u00a0 sar\u00e0 consegnato domenica \u00a07 maggio\u00a0 a Gabriele Gabrielli, novant\u2019anni il prossimo 17 ottobre,\u00a0 ha contraddistinto con la sua attivit\u00e0 professionale, associativa e pubblica ampi tratti della vita sociale feltrina, e non solo, degli ultimi decenni. E&#8217; stato insegnate, tanto da essere universalmente riconosciuto come \u201cil maestro\u201d. Una passione, quella per l\u2019educazione dei ragazzi, dentro e fuori le aule della scuola, che ha trasfuso a piene mani in un altro ambito molto importante del suo vissuto, ovvero quello dello sport, e in particolar modo del rugby. Vero pioniere della palla ovale, \u00e8 stato ed \u00e8 tuttora anima del Rugby Feltre, nel quale dal lontano 1954 ha ricoperto diversi ruoli, da quello di giocatore, a quello di allenatore in diverse categorie sino a quello di dirigente; a tutt\u2019oggi ricopre l\u2019incarico di vicepresidente.\u00a0 Un&#8217;altra grande passione, quella per la musica, lo ha visto interprete della Banda Citt\u00e0 di Feltre, alla quale ha dato il proprio apporto sino dagli anni Cinquanta, contribuendo, poi, in maniera decisiva alla sua rinascita negli anni Ottanta.<\/p>\n<blockquote><p><em>\u201cDifficilmente <\/em>&#8211; sottolinea il presidente di Famiglia Feltrina Enrico Gaz-<em>\u00a0 avremmo potuto individuare una figura che meglio rappresenti ed unisca l\u2019insieme di doti umane e di virt\u00f9 civiche che il premio \u201cSanti Martiri Vittore e Corona\u201d intende rappresentare, rispetto a quella del maestro Gabriele Gabrielli.\u00a0 Siamo particolarmente lieti di conferirgli il premio in questo 2023, anno che segna simbolicamente la piena rinascita\u00a0 post pandemia\u201d.<\/em><\/p><\/blockquote>\n<p>&nbsp;<\/p>\n<p>(Nella foto Gabriele Gabrielli, ultimo a destra, con i ragazzi della citt\u00e0 ungherese gemellata di Kiskunf\u00e9legyh\u00e1za, ricevuti alcune settimane fa in municipio a Feltre).<\/p>\n<p>&nbsp;<\/p>\n<p>&nbsp;<\/p>\n<hr \/>\n<p>&nbsp;<\/p>\n","protected":false},"excerpt":{"rendered":"<p>FELTRE Il\u00a0 premio \u201cSanti Martiri Vittore e Corona\u201d 2023\u00a0 sar\u00e0 consegnato domenica \u00a07 maggio\u00a0 a Gabriele Gabrielli, novant\u2019anni il prossimo 17 ottobre,\u00a0 ha contraddistinto con la sua attivit\u00e0 professionale, associativa e pubblica ampi tratti della vita sociale feltrina, e non solo, degli ultimi decenni. E&#8217; stato insegnate, tanto da essere universalmente riconosciuto come \u201cil maestro\u201d.&hellip;<\/p>\n","protected":false},"author":4,"featured_media":330460,"comment_status":"closed","ping_status":"closed","sticky":false,"template":"","format":"standard","meta":{"_monsterinsights_skip_tracking":false,"_monsterinsights_sitenote_active":false,"_monsterinsights_sitenote_note":"","_monsterinsights_sitenote_category":0,"footnotes":""},"categories":[51,49],"tags":[],"class_list":["post-330459","post","type-post","status-publish","format-standard","has-post-thumbnail","hentry","category-evidenza-top","category-news-18","category-51","category-49","description-off"],"img_url":"https:\/\/www.radiopiu.net\/wordpress\/wp-content\/uploads\/2023\/04\/Foto-Gabrielli.jpg","_links":{"self":[{"href":"https:\/\/www.radiopiu.net\/wordpress\/wp-json\/wp\/v2\/posts\/330459","targetHints":{"allow":["GET"]}}],"collection":[{"href":"https:\/\/www.radiopiu.net\/wordpress\/wp-json\/wp\/v2\/posts"}],"about":[{"href":"https:\/\/www.radiopiu.net\/wordpress\/wp-json\/wp\/v2\/types\/post"}],"author":[{"embeddable":true,"href":"https:\/\/www.radiopiu.net\/wordpress\/wp-json\/wp\/v2\/users\/4"}],"replies":[{"embeddable":true,"href":"https:\/\/www.radiopiu.net\/wordpress\/wp-json\/wp\/v2\/comments?post=330459"}],"version-history":[{"count":0,"href":"https:\/\/www.radiopiu.net\/wordpress\/wp-json\/wp\/v2\/posts\/330459\/revisions"}],"wp:featuredmedia":[{"embeddable":true,"href":"https:\/\/www.radiopiu.net\/wordpress\/wp-json\/wp\/v2\/media\/330460"}],"wp:attachment":[{"href":"https:\/\/www.radiopiu.net\/wordpress\/wp-json\/wp\/v2\/media?parent=330459"}],"wp:term":[{"taxonomy":"category","embeddable":true,"href":"https:\/\/www.radiopiu.net\/wordpress\/wp-json\/wp\/v2\/categories?post=330459"},{"taxonomy":"post_tag","embeddable":true,"href":"https:\/\/www.radiopiu.net\/wordpress\/wp-json\/wp\/v2\/tags?post=330459"}],"curies":[{"name":"wp","href":"https:\/\/api.w.org\/{rel}","templated":true}]}}