{"id":330513,"date":"2023-04-07T19:29:05","date_gmt":"2023-04-07T17:29:05","guid":{"rendered":"https:\/\/www.radiopiu.net\/wordpress\/?p=330513"},"modified":"2023-04-07T19:29:05","modified_gmt":"2023-04-07T17:29:05","slug":"lalleghe-cortina-atterra-lappiano-in-gara-2-della-finale-scudetto","status":"publish","type":"post","link":"https:\/\/www.radiopiu.net\/wordpress\/lalleghe-cortina-atterra-lappiano-in-gara-2-della-finale-scudetto\/","title":{"rendered":"L&#8217;ALLEGHE\/CORTINA ATTERRA L&#8217;APPIANO IN GARA 2 DELLA FINALE SCUDETTO"},"content":{"rendered":"<p><span style=\"color: #000000;\"><strong><a class=\"dt-pswp-item\" href=\"https:\/\/www.radiopiu.net\/wordpress\/wp-content\/uploads\/2023\/04\/0abd1e2c-ed8b-410f-83d8-80887ecfa626.jpg\" data-dt-img-description=\"\" data-large_image_width=\"1920\" data-large_image_height=\"1080\"><img loading=\"lazy\" decoding=\"async\" class=\" wp-image-330514 alignleft\" src=\"https:\/\/www.radiopiu.net\/wordpress\/wp-content\/uploads\/2023\/04\/0abd1e2c-ed8b-410f-83d8-80887ecfa626-300x169.jpg\" alt=\"\" width=\"240\" height=\"135\" srcset=\"https:\/\/www.radiopiu.net\/wordpress\/wp-content\/uploads\/2023\/04\/0abd1e2c-ed8b-410f-83d8-80887ecfa626-300x169.jpg 300w, https:\/\/www.radiopiu.net\/wordpress\/wp-content\/uploads\/2023\/04\/0abd1e2c-ed8b-410f-83d8-80887ecfa626-1024x576.jpg 1024w, https:\/\/www.radiopiu.net\/wordpress\/wp-content\/uploads\/2023\/04\/0abd1e2c-ed8b-410f-83d8-80887ecfa626-768x432.jpg 768w, https:\/\/www.radiopiu.net\/wordpress\/wp-content\/uploads\/2023\/04\/0abd1e2c-ed8b-410f-83d8-80887ecfa626-1536x864.jpg 1536w, https:\/\/www.radiopiu.net\/wordpress\/wp-content\/uploads\/2023\/04\/0abd1e2c-ed8b-410f-83d8-80887ecfa626.jpg 1920w\" sizes=\"auto, (max-width: 240px) 100vw, 240px\" \/><\/a>di Marco Gaz<\/strong><\/span><\/p>\n<p><span style=\"color: #ff0000;\"><strong>GARA 2 FINALE SCUDETTO UNDER 15<\/strong><\/span><\/p>\n<p><strong>ALLEGHE\/CORTINA &#8211; APPIANO 3-0<\/strong><\/p>\n<p>GOL ALLEGHE: Viel, Talamini, Levis<\/p>\n<p>L&#8217;Alleghe\/Cortina pareggia la serie nella finale scudetto Under 15. Una splendida prestazione della squadra mista bellunese mette ko l&#8217;Appiano all&#8217;Alvise De Toni. Ora gara 3 ad Appiano con le civette chiamate all&#8217;ultimo sforzo della stagione, il pi\u00f9 importante. Nel giorno di Pasqua ci si gioca tutto e l&#8217;occasione \u00e8 d&#8217;oro per incoronare una stagione travagliata con tante difficolt\u00e0 per la societ\u00e0 e per i ragazzi che hanno dovuto fare sforzi per allenarsi e giocare. Bastano pochi minuti e le civette sbloccano il punteggio. Assist d&#8217;oro di Fontanive per Viel che solo davanti al portiere infila il disco nella rete. La squadra di Fontana si difende bene e cerca di colpire in contropiede. L&#8217;Appiano prova a colpire ma il golie bellunese Lacedelli \u00e8 attento a non farsi sorprendere. La prima frazione termina con l&#8217;Alleghe\/Cortina in avanti alla ricerca del raddoppio ma gli altoatesini non restano a guardare e ci provano. Continuano a spingere i ragazzi della squadra mista bellunese che chiudono in difesa gli avversari al primo powerplay della sfida. La partita \u00e8 equilibrata e si lotta su ogni disco. Nel finale del secondo drittel arriva la seconda marcatura delle civette. Tutto nasce da una penalit\u00e0 per gli ospiti e Alleghe\/Cortina che trova il gol con Talamini a 9&#8243; dalla sirena del secondo riposo. Nel terzo tempo l&#8217;Appiano sembra essere pi\u00f9 incisivo ma la squadra di Fontana \u00e8 attenta. A fare la differenza il golie bellunese che nega il gol pi\u00f9 volte agli altoatesini. Finale di gara con le squadre che calano il ritmo e le civette festeggiano la vittoria con l&#8217;ultima marcatura a porta vuota a firma di Levis che consente alla squadra di Fontana di giocarsi il tutto per tutto domenica in gara 3.<\/p>\n<p>&nbsp;<\/p>\n<p>&nbsp;<\/p>\n<p>&nbsp;<\/p>\n<p>*******<\/p>\n","protected":false},"excerpt":{"rendered":"<p>di Marco Gaz GARA 2 FINALE SCUDETTO UNDER 15 ALLEGHE\/CORTINA &#8211; APPIANO 3-0 GOL ALLEGHE: Viel, Talamini, Levis L&#8217;Alleghe\/Cortina pareggia la serie nella finale scudetto Under 15. Una splendida prestazione della squadra mista bellunese mette ko l&#8217;Appiano all&#8217;Alvise De Toni. Ora gara 3 ad Appiano con le civette chiamate all&#8217;ultimo sforzo della stagione, il pi\u00f9&hellip;<\/p>\n","protected":false},"author":4,"featured_media":330514,"comment_status":"closed","ping_status":"closed","sticky":false,"template":"","format":"standard","meta":{"_monsterinsights_skip_tracking":false,"_monsterinsights_sitenote_active":false,"_monsterinsights_sitenote_note":"","_monsterinsights_sitenote_category":0,"footnotes":""},"categories":[104,49],"tags":[],"class_list":["post-330513","post","type-post","status-publish","format-standard","has-post-thumbnail","hentry","category-evidenza_3","category-news-18","category-104","category-49","description-off"],"img_url":"https:\/\/www.radiopiu.net\/wordpress\/wp-content\/uploads\/2023\/04\/0abd1e2c-ed8b-410f-83d8-80887ecfa626.jpg","_links":{"self":[{"href":"https:\/\/www.radiopiu.net\/wordpress\/wp-json\/wp\/v2\/posts\/330513","targetHints":{"allow":["GET"]}}],"collection":[{"href":"https:\/\/www.radiopiu.net\/wordpress\/wp-json\/wp\/v2\/posts"}],"about":[{"href":"https:\/\/www.radiopiu.net\/wordpress\/wp-json\/wp\/v2\/types\/post"}],"author":[{"embeddable":true,"href":"https:\/\/www.radiopiu.net\/wordpress\/wp-json\/wp\/v2\/users\/4"}],"replies":[{"embeddable":true,"href":"https:\/\/www.radiopiu.net\/wordpress\/wp-json\/wp\/v2\/comments?post=330513"}],"version-history":[{"count":0,"href":"https:\/\/www.radiopiu.net\/wordpress\/wp-json\/wp\/v2\/posts\/330513\/revisions"}],"wp:featuredmedia":[{"embeddable":true,"href":"https:\/\/www.radiopiu.net\/wordpress\/wp-json\/wp\/v2\/media\/330514"}],"wp:attachment":[{"href":"https:\/\/www.radiopiu.net\/wordpress\/wp-json\/wp\/v2\/media?parent=330513"}],"wp:term":[{"taxonomy":"category","embeddable":true,"href":"https:\/\/www.radiopiu.net\/wordpress\/wp-json\/wp\/v2\/categories?post=330513"},{"taxonomy":"post_tag","embeddable":true,"href":"https:\/\/www.radiopiu.net\/wordpress\/wp-json\/wp\/v2\/tags?post=330513"}],"curies":[{"name":"wp","href":"https:\/\/api.w.org\/{rel}","templated":true}]}}