{"id":330618,"date":"2023-04-08T07:55:18","date_gmt":"2023-04-08T05:55:18","guid":{"rendered":"https:\/\/www.radiopiu.net\/wordpress\/?p=330618"},"modified":"2023-04-08T07:56:54","modified_gmt":"2023-04-08T05:56:54","slug":"ascolta-la-rassegna-stampa-dal-lunedi-al-sabato-alle-otto-del-mattino-dal-1983-di-mirko-mezzacasa","status":"publish","type":"post","link":"https:\/\/www.radiopiu.net\/wordpress\/ascolta-la-rassegna-stampa-dal-lunedi-al-sabato-alle-otto-del-mattino-dal-1983-di-mirko-mezzacasa\/","title":{"rendered":"ASCOLTA LA RASSEGNA STAMPA, DAL LUNEDI AL SABATO ALLE OTTO DEL MATTINO, DAL 1983 DI MIRKO MEZZACASA"},"content":{"rendered":"<blockquote><p><span style=\"color: #ff0000;\"><em><strong>Corriere delle Alpi LO SPORT!<\/strong><\/em><\/span><br \/>\n<em><strong>OGGI DI Gianluca Da Poian LA FINALE UNDER 15 ALL&#8217;ALLEGHE<\/strong><\/em><br \/>\n<em><strong>TUTTO SUL CAMPIONATO AGORDINO DI CALCIO<\/strong><\/em><\/p><\/blockquote>\n<p>&nbsp;<\/p>\n<p><strong>LIMANA<\/strong> Grave incidente, il 63enne Angelo Coppe, residente nella zona, \u00e8 caduto dalla sua mountain bike, mentre faceva un giro con un amico. I bikers si trovavano lungo un sentiero tra Valmorel e Limana, sembra che il bellunese abbia accusato un malore, probabilmente un arresto cardiaco, che gli ha fatto perdere il controllo della bicicletta.<br \/>\n<strong>FELTRE<\/strong> Due donne ferite lievemente in un tamponamento avvenuto ieri lungo viale Europa: una Suzuki ha urtato la Toyota che la precedeva, all\u2019altezza del Famila. Sono intervenuti ambulanza, vigili del fuoco e polizia locale. Traffico in tilt.<br \/>\n<strong>FELTRE<\/strong> La citt\u00e0 di Feltre perde Renzo Lusa, 77 anni, storico fondatore del magazzino di pavimenti di via Scita. I funerali marted\u00ec alle 15 in Duomo a Feltre.<br \/>\n<strong>SEREN DEL GRAPPA<\/strong> Antonio Bof, conosciuto come il sagrestano della valle di Seren, \u00e8 morto a 80 anni. I funerali luned\u00ec alle 15,30 nella chiesa parrocchiale di Valle.<br \/>\n<strong>FELTRE<\/strong> Riecco i vandali, presa di mira l&#8217;area picnic, devastata l&#8217;area di sosta, pali della staccionata usati per permettere ad un auto &#8220;pirata&#8221; di superare il dislivello del terreno. A terra un pezzo d&#8217;auto AudiA4, la stessa rubata mercoledi sera a Teven.<br \/>\n<strong>ARSIE&#8217;<\/strong> Galleria chiusa da giovedi nel corso della notte. Ripartono i lavori, per le auto le scalette di Primolano, stop ai mezzi pesanti con deviazioni lungo la feltrina.<br \/>\n<strong>CANALE D&#8217;AGORDO<\/strong> Massimo Murer \u00e8 il candidato a sindaco, nel segno della continuit\u00e0 con la squadra del sindaco uscente Flavio Colcergnan.<br \/>\n<strong>ROCCA PIETORE<\/strong> Vaccari alla consigliera Iraci assicura che i lavori nei Serrai di Sottoguda termineranno entro fine anno.<br \/>\n<strong>AGORDO<\/strong> Assegnati alla ditta Deon i lavori per il polo culturale, ex Istituto Minerario di via 5 maggio.<br \/>\n<strong>BELLUNO<\/strong> In un anno ci sono state 9mila dimissioni, soprattutto nei settori servizio e commercio. Non si arresa il fenomeno in provincia.<br \/>\n<strong>LA VALLE<\/strong> Splendida operazione di pulizia nei boschi del paese. Ci hanno pensato i volontari dell&#8217;associazione Dolomites Heart<br \/>\n<strong>FELTRE<\/strong> Il premio \u201cSanti Martiri Vittore e Corona\u201d 2023 sar\u00e0 consegnato domenica 7 maggio a Gabriele Gabrielli, novant\u2019anni il prossimo 17 ottobre<br \/>\n<strong>PONTE NELLE ALPI<\/strong> Ci sono anche gli alunni di Ponte nelle Alpi fra i vincitori del concorso \u201cUn testo per noi\u201d, indetto dal Coro Piccole Colonne Aps di Trento e rivolto alle classi delle scuole primarie<br \/>\n<strong>CLEMENTE DEL VECCHIO, IL GIOVANE PIU\u2019 RICCO DEL MONDO<\/strong><br \/>\nClemente Del Vecchio, a soli 18 anni, \u00e8 il miliardario pi\u00f9 giovane del mondo. Il giovane, fratello di Luca del Vecchio, \u00e8 l\u2019ultimo figlio del fondatore di Luxottica, avuto dalla compagna Sabina Grossi. E al secondo posto il fratello Luca, leggermente pi\u00f9 povero&#8230;<br \/>\n<strong>AGORDO<\/strong> Saranno tre i nuovi graffiti che verranno inaugurati oggi pomeriggio a Toccol (casa Zasso), Parech (casa Costantini) e Prompicai (casa Gaz). I lavori verranno scoperti alle 15<\/p>\n<p><strong>HOCKEY SU GHIACCIO L\u2019ALLEGHE\/CORTINA ATTERRA L\u2019APPIANO IN GARA 2 DELLA FINALE SCUDETTO<\/strong><br \/>\nL\u2019Alleghe\/Cortina pareggia la serie nella finale scudetto Under 15. Una splendida prestazione della squadra mista bellunese mette ko l\u2019Appiano all\u2019Alvise De Toni. Ora gara 3 ad Appiano con le civette chiamate all\u2019ultimo sforzo della stagione, il pi\u00f9 importante. Nel giorno di Pasqua ci si gioca tutto e l\u2019occasione \u00e8 d\u2019oro per incoronare una stagione travagliata con tante difficolt\u00e0 per la societ\u00e0 e per i ragazzi che hanno dovuto fare sforzi per allenarsi e giocare<\/p>\n<p>&nbsp;<\/p>\n<p><iframe loading=\"lazy\" title=\"RASSEGNA STAMPA LOCALE\" width=\"1200\" height=\"675\" src=\"https:\/\/www.youtube.com\/embed\/Rb8p0tuMEs8?feature=oembed\" frameborder=\"0\" allow=\"accelerometer; autoplay; clipboard-write; encrypted-media; gyroscope; picture-in-picture; web-share\" allowfullscreen><\/iframe><\/p>\n<p>&nbsp;<\/p>\n<p>&nbsp;<\/p>\n<p>&nbsp;<\/p>\n<hr \/>\n<p>&nbsp;<\/p>\n","protected":false},"excerpt":{"rendered":"<p>Corriere delle Alpi LO SPORT! OGGI DI Gianluca Da Poian LA FINALE UNDER 15 ALL&#8217;ALLEGHE TUTTO SUL CAMPIONATO AGORDINO DI CALCIO &nbsp; LIMANA Grave incidente, il 63enne Angelo Coppe, residente nella zona, \u00e8 caduto dalla sua mountain bike, mentre faceva un giro con un amico. I bikers si trovavano lungo un sentiero tra Valmorel e&hellip;<\/p>\n","protected":false},"author":4,"featured_media":330607,"comment_status":"closed","ping_status":"closed","sticky":false,"template":"","format":"standard","meta":{"_monsterinsights_skip_tracking":false,"_monsterinsights_sitenote_active":false,"_monsterinsights_sitenote_note":"","_monsterinsights_sitenote_category":0,"footnotes":""},"categories":[51,49,142],"tags":[],"class_list":["post-330618","post","type-post","status-publish","format-standard","has-post-thumbnail","hentry","category-evidenza-top","category-news-18","category-rassegna-stampa","category-51","category-49","category-142","description-off"],"img_url":"https:\/\/www.radiopiu.net\/wordpress\/wp-content\/uploads\/2023\/04\/SOPER.jpg","_links":{"self":[{"href":"https:\/\/www.radiopiu.net\/wordpress\/wp-json\/wp\/v2\/posts\/330618","targetHints":{"allow":["GET"]}}],"collection":[{"href":"https:\/\/www.radiopiu.net\/wordpress\/wp-json\/wp\/v2\/posts"}],"about":[{"href":"https:\/\/www.radiopiu.net\/wordpress\/wp-json\/wp\/v2\/types\/post"}],"author":[{"embeddable":true,"href":"https:\/\/www.radiopiu.net\/wordpress\/wp-json\/wp\/v2\/users\/4"}],"replies":[{"embeddable":true,"href":"https:\/\/www.radiopiu.net\/wordpress\/wp-json\/wp\/v2\/comments?post=330618"}],"version-history":[{"count":0,"href":"https:\/\/www.radiopiu.net\/wordpress\/wp-json\/wp\/v2\/posts\/330618\/revisions"}],"wp:featuredmedia":[{"embeddable":true,"href":"https:\/\/www.radiopiu.net\/wordpress\/wp-json\/wp\/v2\/media\/330607"}],"wp:attachment":[{"href":"https:\/\/www.radiopiu.net\/wordpress\/wp-json\/wp\/v2\/media?parent=330618"}],"wp:term":[{"taxonomy":"category","embeddable":true,"href":"https:\/\/www.radiopiu.net\/wordpress\/wp-json\/wp\/v2\/categories?post=330618"},{"taxonomy":"post_tag","embeddable":true,"href":"https:\/\/www.radiopiu.net\/wordpress\/wp-json\/wp\/v2\/tags?post=330618"}],"curies":[{"name":"wp","href":"https:\/\/api.w.org\/{rel}","templated":true}]}}