{"id":330646,"date":"2023-04-11T05:30:11","date_gmt":"2023-04-11T03:30:11","guid":{"rendered":"https:\/\/www.radiopiu.net\/wordpress\/?p=330646"},"modified":"2023-04-11T11:33:22","modified_gmt":"2023-04-11T09:33:22","slug":"giornale-radiopiu-11-aprile-2023-direttore-mirko-mezzacasa-verso-i-40-anni-25-giugno-1983-25-giugno-2023","status":"publish","type":"post","link":"https:\/\/www.radiopiu.net\/wordpress\/giornale-radiopiu-11-aprile-2023-direttore-mirko-mezzacasa-verso-i-40-anni-25-giugno-1983-25-giugno-2023\/","title":{"rendered":"GIORNALE RADIOPIU 11 APRILE 2023 DIRETTORE MIRKO MEZZACASA&#8230;verso i 40 anni 25 giugno 1983-25 giugno 2023"},"content":{"rendered":"<h2 style=\"text-align: left;\"><span style=\"color: #ff0000;\"><span style=\"vertical-align: inherit;\">ISCRIVITI AL NOSTRO CANALE\u00a0 <\/span><\/span><span style=\"vertical-align: inherit;\"> YOUTUBE PER SEGUIRE IN DIRETTA I PRINCIPALI PROGRAMMI DI RADIO PIU&#8217; E LE FUTURE DIRETTE IN ESTERNA. PER ISCRIVERTI <\/span><a style=\"color: #ff0000;\" href=\"https:\/\/youtube.com\/@radiopiu1527\"><span style=\"vertical-align: inherit;\">CLICCA QUI <\/span><\/a><span style=\"color: #ff0000; font-size: 14px; font-weight: normal;\"><span style=\"vertical-align: inherit;\">E PREMI IL GUSTO &#8220;Iscriviti&#8221;\u00a0\u00a0<\/span><\/span><\/h2>\n<p>&nbsp;<\/p>\n<p>&nbsp;<\/p>\n<p>&nbsp;<\/p>\n<hr \/>\n<p>&nbsp;<\/p>\n<blockquote>\n<h3>GALLERIE: CHIUSURE NOTTURNE<\/h3>\n<\/blockquote>\n<p>&nbsp;<\/p>\n<p><strong><a class=\"dt-pswp-item\" href=\"https:\/\/www.radiopiu.net\/wordpress\/wp-content\/uploads\/2023\/04\/Senza-nome-14.jpg\" data-dt-img-description=\"\" data-large_image_width=\"378\" data-large_image_height=\"200\"><img loading=\"lazy\" decoding=\"async\" class=\" wp-image-330606 alignleft\" src=\"https:\/\/www.radiopiu.net\/wordpress\/wp-content\/uploads\/2023\/04\/Senza-nome-14-300x159.jpg\" alt=\"\" width=\"274\" height=\"145\" srcset=\"https:\/\/www.radiopiu.net\/wordpress\/wp-content\/uploads\/2023\/04\/Senza-nome-14-300x159.jpg 300w, https:\/\/www.radiopiu.net\/wordpress\/wp-content\/uploads\/2023\/04\/Senza-nome-14.jpg 378w\" sizes=\"auto, (max-width: 274px) 100vw, 274px\" \/><\/a>Gallerie \u201cBrenta\u201d e \u201cSan Vito\u201d chiuse di notte per lavori <\/strong>Dal 13 aprile al 6 maggio, sulla statale 50 Bis\/Var \u201cdel Grappa e del Passo Rolle\u201d nel tratto che collega Primolano ad Arsi\u00e8. La circolazione in direzione Feltre\/Belluno potr\u00e0 percorrere la SR50 Bis (vecchia strada nazionale per Belluno) passando per le scale di Primolano\/Fastro per poi reimmettersi sulla statale 50 Bis\/Var al km 5,200 all\u2019altezza dell\u2019area artigianale di Arsi\u00e8. Il traffico leggero diretto a Trento o Bassano sar\u00e0 indirizzato in uscita al km 5,200 della statale 50 Bis\/Var sulla SR50 Bis fino allo svincolo con la strada statale 47 \u201cValsugana\u201d.<\/p>\n<blockquote><p><em>Il percorso alternativo per i mezzi con peso superiore alle 3,5 tonnellate diretti verso Trento\/Bassano \u00e8 costituito dalla SR348 \u201cFeltrina\u201d con prosecuzione sulla SP26 in direzione Romano D\u2019Ezzelino e sulla SP148 fino alla reimmissione allo svincolo con la statale 47 \u201cValsugana\u201d.<\/em><\/p><\/blockquote>\n<p><strong>\u00a0<\/strong><\/p>\n<hr \/>\n<blockquote>\n<h3><\/h3>\n<h3>ACQUA NON POTABILE IN ALCUNE ZONE DI AGORDO E TAIBON<\/h3>\n<\/blockquote>\n<p><strong><a class=\"dt-pswp-item\" href=\"https:\/\/www.radiopiu.net\/wordpress\/wp-content\/uploads\/2018\/08\/ACQUA.jpeg\" data-dt-img-description=\"\" data-large_image_width=\"1280\" data-large_image_height=\"768\"><img loading=\"lazy\" decoding=\"async\" class=\" wp-image-57052 alignleft\" src=\"https:\/\/www.radiopiu.net\/wordpress\/wp-content\/uploads\/2018\/08\/ACQUA-300x180.jpeg\" alt=\"\" width=\"133\" height=\"80\" srcset=\"https:\/\/www.radiopiu.net\/wordpress\/wp-content\/uploads\/2018\/08\/ACQUA-300x180.jpeg 300w, https:\/\/www.radiopiu.net\/wordpress\/wp-content\/uploads\/2018\/08\/ACQUA-768x461.jpeg 768w, https:\/\/www.radiopiu.net\/wordpress\/wp-content\/uploads\/2018\/08\/ACQUA-1024x614.jpeg 1024w, https:\/\/www.radiopiu.net\/wordpress\/wp-content\/uploads\/2018\/08\/ACQUA.jpeg 1280w\" sizes=\"auto, (max-width: 133px) 100vw, 133px\" \/><\/a>AGORDO\/TAIBON <\/strong>Gestione Servizi Pubblici informa che ad Agordo, nelle localit\u00e0 Veran e Crostolin, e a Taibon, nelle localit\u00e0 Ronch De Bos e Nogarola, l&#8217;acqua erogata dall&#8217;acquedotto non \u00e8 potabile e pu\u00f2 essere usata per scopi alimentari solo previa bollitura. GSP ha, comunque, gi\u00e0 adottato le necessarie misure per la disinfezione dell&#8217;acqua presente nei serbatoi e nella rete idrica con l&#8217;aggiunta di cloro.<\/p>\n<p>&nbsp;<\/p>\n<p>&nbsp;<\/p>\n<hr \/>\n<p>&nbsp;<\/p>\n<blockquote>\n<h3>BELLUNESE PERDE LA VITA IN MONOPATTINO A CAORLE<\/h3>\n<\/blockquote>\n<p><strong><a class=\"dt-pswp-item\" href=\"https:\/\/www.radiopiu.net\/wordpress\/wp-content\/uploads\/2023\/04\/Senza-nome-16.jpg\" data-dt-img-description=\"\" data-large_image_width=\"477\" data-large_image_height=\"442\"><img loading=\"lazy\" decoding=\"async\" class=\"wp-image-330934 alignleft\" src=\"https:\/\/www.radiopiu.net\/wordpress\/wp-content\/uploads\/2023\/04\/Senza-nome-16-300x278.jpg\" alt=\"\" width=\"169\" height=\"157\" srcset=\"https:\/\/www.radiopiu.net\/wordpress\/wp-content\/uploads\/2023\/04\/Senza-nome-16-300x278.jpg 300w, https:\/\/www.radiopiu.net\/wordpress\/wp-content\/uploads\/2023\/04\/Senza-nome-16.jpg 477w\" sizes=\"auto, (max-width: 169px) 100vw, 169px\" \/><\/a>CAORLE_BELLUNO<\/strong> E&#8217; morto dopo una settimana di agonia, in seguito alla caduta con il monopattino. Rodolfo Aldo Mussoi, 59 anni di Belluno ma da tempo residente nel veneziano,\u00a0 ha perso la vita nonostante il grande impegno dei sanitari dopo il suo ricovero in ospedale in seguito all&#8217;incidente di marted\u00ec\u00a0 a Porto Santa Margherita.Secondo una prima ricostruzione dei fatti, marted\u00ec scorso \u00e8 caduto quasi all&#8217;incrocio con via Erik il Rosso, era emersa anche l&#8217;ipotesi di un malore all&#8217;origine della rovinosa caduta. Lascia la moglie e due gemelline, I funerali si svolgeranno domani a Porto Santa Margherita<\/p>\n<p>&nbsp;<\/p>\n<p>&nbsp;<\/p>\n<hr \/>\n<blockquote>\n<h3><\/h3>\n<h3>ADDIO MAURO AMATO CHIMICO, IL PROF. DEL FOLLADOR<\/h3>\n<\/blockquote>\n<p><strong>VOLTAGO<\/strong> E&#8217; mancato Mauro, il professore, l&#8217;uomo attaccato al suo paese Frassen\u00e9 dove ha sempre vissuto. Stimato insegnante del Mineriario e Chimico &#8220;Follador&#8221;, consulente in chimica, grande professionista. Un abbraccio a Lucia, l&#8217;amata compagna di una vita, fin dai banchi di scuola, ai figli Nicola e Anna, al fratello Aurelio e alla sorella Evi.<\/p>\n<p><strong>I funerali oggi alle 14.30 a Frassen\u00e8. La famiglia ringrazia il personale sanitario del reparto Medicina ad Agordo.<\/strong><\/p>\n<p>&nbsp;<\/p>\n<p><a href=\"https:\/\/www.radiopiu.net\/wordpress\/wp-content\/uploads\/2023\/04\/Senza-nome.bmp\"><img loading=\"lazy\" decoding=\"async\" class=\"size-full wp-image-330732 alignleft\" src=\"https:\/\/www.radiopiu.net\/wordpress\/wp-content\/uploads\/2023\/04\/Senza-nome.bmp\" alt=\"\" width=\"198\" height=\"247\" \/><\/a>Non ho mai amato la chimica, ma il pap\u00e0 e la mamma volevano un pezzo di carta o niente radio. Non ho mai amato la chimica, ma ho amato lui, Mauro Parissenti, il professore di chimica, quello che all&#8217;ultimo piano dell&#8217;ala nuova del Follador ci lasciava fare i nostri esperimenti, a volte da scappellotti in testa.<br \/>\nCaro Mauro,\u00a0 il prof. era il nostro mito e ogni tanto la nostra paura dell&#8217;interrogazione, ma eri il prof. vicino ai suoi studenti. Amato, stimato, invidiato per la bravura, sapienza e voglia di applicarsi che a uno studentello come me avevi solo da insegnare. Con Mauro era bello anche il dopo scuola, inteso come il passaggio al Bar poco sotto l&#8217;istituto&#8230; dal Richi, magari a parlare anche di calcio.<\/p>\n<p>Mauro ricambiava l&#8217;amore per gli studenti, e chi lo aveva come accompagnatore per la gita d&#8217;istruzione era in una botte di ferro, divertimento e buon cibo assicurato, conosceva tutto e tutti. Professore al Follador consulente per importanti industrie chimiche della provincia, attaccato al lavoro, generoso ovunque. Mauro \u00e8 stato l&#8217;ideatore dell&#8217;Atomic Party, con Radio Piu&#8217;, era il 1985-86 l&#8217;anno dopo il mio diploma, sudato, ma fortunatamente il giorno dell&#8217;esame era Mauro Parissenti il professore interno\u00a0 di commissione&#8230; <em>&#8220;Mirko organizziamo una festa al Nof Filo&#8217; per i chimici, non \u00e8 giusto ci sia solo Santa Barbara, anche loro hanno diritto di andare in gita&#8230;&#8221;<\/em> E al Nof Filo&#8217; naque l&#8217;atomic party&#8230;<br \/>\nCiao Mauro, buon viaggio.<br \/>\nmirko<\/p>\n<p>&nbsp;<\/p>\n<p>&nbsp;<\/p>\n<hr \/>\n<p>&nbsp;<\/p>\n<blockquote>\n<h3>E&#8217; MANCATO MATTHIAS PAOLO PERARO, GESTORE E CUSTODE DI MALGA CALLEDA<\/h3>\n<\/blockquote>\n<div class=\"articlePlainTitle\"><strong>DAL CORRIERE DELLE ALPI\u00a0<\/strong><\/div>\n<div><strong>DI\u00a0 Nicola Stievano<\/strong><\/div>\n<div class=\"addthis_sharing_toolbox\" data-url=\"http:\/\/sfoglio.corrierealpi.gelocal.it\/share_article.php?article_id=12024440\" data-title=\"Morto a 49 anni il gestore di Malga CalledaDa sempre in prima linea per l'agricoltura\"><\/div>\n<div class=\"articlePlainText\">\n<p><a class=\"dt-pswp-item\" href=\"https:\/\/www.radiopiu.net\/wordpress\/wp-content\/uploads\/2023\/04\/Senza-no2me.jpg\" data-dt-img-description=\"\" data-large_image_width=\"264\" data-large_image_height=\"305\"><img loading=\"lazy\" decoding=\"async\" class=\" wp-image-330727 alignleft\" src=\"https:\/\/www.radiopiu.net\/wordpress\/wp-content\/uploads\/2023\/04\/Senza-no2me-260x300.jpg\" alt=\"\" width=\"146\" height=\"168\" srcset=\"https:\/\/www.radiopiu.net\/wordpress\/wp-content\/uploads\/2023\/04\/Senza-no2me-260x300.jpg 260w, https:\/\/www.radiopiu.net\/wordpress\/wp-content\/uploads\/2023\/04\/Senza-no2me.jpg 264w\" sizes=\"auto, (max-width: 146px) 100vw, 146px\" \/><\/a>Un amante della natura e della montagna, un uomo generoso e solare, disponibile ad ascoltare a dare un aiuto a chiunque ne avesse bisogno, un appassionato agricoltore e innovatore. Cos\u00ec \u00e8 ricordato Matthias Peraro, per tutti Paolo, morto dopo aver lottato contro una grave malattia. Padovano di Conselve, aveva 49 anni, era conosciutissimo in Agordino come gestore di Malga Calleda. Lascia il giovane figlio Alberto, i genitori Luciana e Francesco e i fratelli Erika e Luca. Perito agrario ma anche imprenditore agricolo, anni fa si era trasferito nell&#8217;Alta padovana e fino allo scorso autunno ha gestito con passione e competenza la malga a Passo Duran, nel territorio comunale di La Valle Agordina. \u00a0Il funerale sar\u00e0 celebrato in Duomo a Conselve nei prossimi giorni.<\/p>\n<p>&nbsp;<\/p>\n<p>&nbsp;<\/p>\n<hr \/>\n<p>&nbsp;<\/p>\n<blockquote>\n<h3 class=\"entry-title\">DUE FERITI NEL SINISTRO A SELVA DI CADORE<\/h3>\n<\/blockquote>\n<p><strong>SELVA DI CADORE<\/strong> Auto rovesciata, due i feriti. L&#8217;incidente nel pomeriggio di ieri in Via 4 Novembre. I pompieri accorsi da Agordo e con i volontari di Selva di Cadore, hanno messo in sicurezza l\u2019auto, mentre i due feriti sono stati assistiti dal personale sanitario del Suem ed elitrasportati in ospedale. Sul posto le forze dell\u2019ordine per i rilievi del sinistro. Le operazioni di soccorso dei vigili del fuoco sono terminate poco prime delle 18:30 con il rientro in sede delle squadre.<\/p>\n<p>&nbsp;<\/p>\n\n\t\t\t<style type='text\/css'>\n\t\t\t\t#gallery-1 {\n\t\t\t\t\tmargin: auto;\n\t\t\t\t}\n\t\t\t\t#gallery-1 .gallery-item {\n\t\t\t\t\tfloat: left;\n\t\t\t\t\tmargin-top: 10px;\n\t\t\t\t\ttext-align: center;\n\t\t\t\t\twidth: 33%;\n\t\t\t\t}\n\t\t\t\t#gallery-1 img {\n\t\t\t\t\tborder: 2px solid #cfcfcf;\n\t\t\t\t}\n\t\t\t\t#gallery-1 .gallery-caption {\n\t\t\t\t\tmargin-left: 0;\n\t\t\t\t}\n\t\t\t\t\/* see gallery_shortcode() in wp-includes\/media.php *\/\n\t\t\t<\/style>\n\t\t<div id='gallery-1' class='dt-gallery-container gallery galleryid-330646 gallery-columns-3 gallery-size-thumbnail'><dl class='gallery-item'>\n\t\t\t\t<dt class='gallery-icon landscape'>\n\t\t\t\t\t<a class=\"rollover rollover-zoom dt-pswp-item\" title=\"2069ed22-8e84-45b4-af2e-450c8bcc9dd7\" data-dt-img-description=\"\" data-large_image_width=\"960\" data-large_image_height=\"560\"href='https:\/\/www.radiopiu.net\/wordpress\/wp-content\/uploads\/2023\/04\/2069ed22-8e84-45b4-af2e-450c8bcc9dd7.jpg'><img loading=\"lazy\" decoding=\"async\" width=\"150\" height=\"150\" src=\"https:\/\/www.radiopiu.net\/wordpress\/wp-content\/uploads\/2023\/04\/2069ed22-8e84-45b4-af2e-450c8bcc9dd7-150x150.jpg\" class=\"attachment-thumbnail size-thumbnail\" alt=\"\" \/><\/a>\n\t\t\t\t<\/dt><\/dl><dl class='gallery-item'>\n\t\t\t\t<dt class='gallery-icon landscape'>\n\t\t\t\t\t<a class=\"rollover rollover-zoom dt-pswp-item\" title=\"6b2b5058-dd21-4fd4-82ee-54776fcfd8fa\" data-dt-img-description=\"\" data-large_image_width=\"848\" data-large_image_height=\"452\"href='https:\/\/www.radiopiu.net\/wordpress\/wp-content\/uploads\/2023\/04\/6b2b5058-dd21-4fd4-82ee-54776fcfd8fa.jpg'><img loading=\"lazy\" decoding=\"async\" width=\"150\" height=\"150\" src=\"https:\/\/www.radiopiu.net\/wordpress\/wp-content\/uploads\/2023\/04\/6b2b5058-dd21-4fd4-82ee-54776fcfd8fa-150x150.jpg\" class=\"attachment-thumbnail size-thumbnail\" alt=\"\" \/><\/a>\n\t\t\t\t<\/dt><\/dl><dl class='gallery-item'>\n\t\t\t\t<dt class='gallery-icon landscape'>\n\t\t\t\t\t<a class=\"rollover rollover-zoom dt-pswp-item\" title=\"cb395c0f-28e7-4e5d-ad62-6e6f5957c944\" data-dt-img-description=\"\" data-large_image_width=\"660\" data-large_image_height=\"404\"href='https:\/\/www.radiopiu.net\/wordpress\/wp-content\/uploads\/2023\/04\/cb395c0f-28e7-4e5d-ad62-6e6f5957c944.jpg'><img loading=\"lazy\" decoding=\"async\" width=\"150\" height=\"150\" src=\"https:\/\/www.radiopiu.net\/wordpress\/wp-content\/uploads\/2023\/04\/cb395c0f-28e7-4e5d-ad62-6e6f5957c944-150x150.jpg\" class=\"attachment-thumbnail size-thumbnail\" alt=\"\" \/><\/a>\n\t\t\t\t<\/dt><\/dl><br style=\"clear: both\" \/>\n\t\t\t<\/div>\n\n<p>&nbsp;<\/p>\n<hr \/>\n<p>&nbsp;<\/p>\n<\/div>\n<blockquote>\n<h3>PERDE IL CONTROLLO E FINISCE CON L&#8217;AUTO NEL LAGO DI MISURINA<\/h3>\n<\/blockquote>\n<p><strong>MISURINA<\/strong> Sabato mattina di lavoro per i Vigili del Fuoco che hanno recuperato un&#8217;auto finita nel lago di Misurina. L&#8217;incidente \u00e8 avvenuto la notte precedente in via Monte Piana dove un uomo ha perso il controllo del veicolo finendo nel lago. Il conducente \u00e8 rimasto illeso. I pompieri di Pieve di Cadore intervenuti anche con l\u2019autogr\u00f9, hanno imbragato l\u2019auto rimasta sulla superficie del lago ghiacciato, la quale \u00e8 stata riportata in strada per essere porta via dal carro attrezzi. Le operazioni di recupero dei vigili del fuoco sono terminate dopo qualche ora.<\/p>\n<p>&nbsp;<\/p>\n\n\t\t\t<style type='text\/css'>\n\t\t\t\t#gallery-2 {\n\t\t\t\t\tmargin: auto;\n\t\t\t\t}\n\t\t\t\t#gallery-2 .gallery-item {\n\t\t\t\t\tfloat: left;\n\t\t\t\t\tmargin-top: 10px;\n\t\t\t\t\ttext-align: center;\n\t\t\t\t\twidth: 33%;\n\t\t\t\t}\n\t\t\t\t#gallery-2 img {\n\t\t\t\t\tborder: 2px solid #cfcfcf;\n\t\t\t\t}\n\t\t\t\t#gallery-2 .gallery-caption {\n\t\t\t\t\tmargin-left: 0;\n\t\t\t\t}\n\t\t\t\t\/* see gallery_shortcode() in wp-includes\/media.php *\/\n\t\t\t<\/style>\n\t\t<div id='gallery-2' class='dt-gallery-container gallery galleryid-330646 gallery-columns-3 gallery-size-medium'><dl class='gallery-item'>\n\t\t\t\t<dt class='gallery-icon portrait'>\n\t\t\t\t\t<a class=\"rollover rollover-zoom dt-pswp-item\" title=\"d2e510fd-3b79-4a08-8217-2da338851b3a\" data-dt-img-description=\"\" data-large_image_width=\"960\" data-large_image_height=\"1280\"href='https:\/\/www.radiopiu.net\/wordpress\/wp-content\/uploads\/2023\/04\/d2e510fd-3b79-4a08-8217-2da338851b3a.jpg'><img loading=\"lazy\" decoding=\"async\" width=\"225\" height=\"300\" src=\"https:\/\/www.radiopiu.net\/wordpress\/wp-content\/uploads\/2023\/04\/d2e510fd-3b79-4a08-8217-2da338851b3a-225x300.jpg\" class=\"attachment-medium size-medium\" alt=\"\" srcset=\"https:\/\/www.radiopiu.net\/wordpress\/wp-content\/uploads\/2023\/04\/d2e510fd-3b79-4a08-8217-2da338851b3a-225x300.jpg 225w, https:\/\/www.radiopiu.net\/wordpress\/wp-content\/uploads\/2023\/04\/d2e510fd-3b79-4a08-8217-2da338851b3a-768x1024.jpg 768w, https:\/\/www.radiopiu.net\/wordpress\/wp-content\/uploads\/2023\/04\/d2e510fd-3b79-4a08-8217-2da338851b3a.jpg 960w\" sizes=\"auto, (max-width: 225px) 100vw, 225px\" \/><\/a>\n\t\t\t\t<\/dt><\/dl><dl class='gallery-item'>\n\t\t\t\t<dt class='gallery-icon landscape'>\n\t\t\t\t\t<a class=\"rollover rollover-zoom dt-pswp-item\" title=\"255f3924-89ae-4e9f-aa44-d0ff4afc25e7\" data-dt-img-description=\"\" data-large_image_width=\"960\" data-large_image_height=\"616\"href='https:\/\/www.radiopiu.net\/wordpress\/wp-content\/uploads\/2023\/04\/255f3924-89ae-4e9f-aa44-d0ff4afc25e7.jpg'><img loading=\"lazy\" decoding=\"async\" width=\"300\" height=\"193\" src=\"https:\/\/www.radiopiu.net\/wordpress\/wp-content\/uploads\/2023\/04\/255f3924-89ae-4e9f-aa44-d0ff4afc25e7-300x193.jpg\" class=\"attachment-medium size-medium\" alt=\"\" srcset=\"https:\/\/www.radiopiu.net\/wordpress\/wp-content\/uploads\/2023\/04\/255f3924-89ae-4e9f-aa44-d0ff4afc25e7-300x193.jpg 300w, https:\/\/www.radiopiu.net\/wordpress\/wp-content\/uploads\/2023\/04\/255f3924-89ae-4e9f-aa44-d0ff4afc25e7-768x493.jpg 768w, https:\/\/www.radiopiu.net\/wordpress\/wp-content\/uploads\/2023\/04\/255f3924-89ae-4e9f-aa44-d0ff4afc25e7.jpg 960w\" sizes=\"auto, (max-width: 300px) 100vw, 300px\" \/><\/a>\n\t\t\t\t<\/dt><\/dl><dl class='gallery-item'>\n\t\t\t\t<dt class='gallery-icon portrait'>\n\t\t\t\t\t<a class=\"rollover rollover-zoom dt-pswp-item\" title=\"dfda6d34-be4d-4fb9-bc39-7c5b89eafc47\" data-dt-img-description=\"\" data-large_image_width=\"960\" data-large_image_height=\"1280\"href='https:\/\/www.radiopiu.net\/wordpress\/wp-content\/uploads\/2023\/04\/dfda6d34-be4d-4fb9-bc39-7c5b89eafc47.jpg'><img loading=\"lazy\" decoding=\"async\" width=\"225\" height=\"300\" src=\"https:\/\/www.radiopiu.net\/wordpress\/wp-content\/uploads\/2023\/04\/dfda6d34-be4d-4fb9-bc39-7c5b89eafc47-225x300.jpg\" class=\"attachment-medium size-medium\" alt=\"\" srcset=\"https:\/\/www.radiopiu.net\/wordpress\/wp-content\/uploads\/2023\/04\/dfda6d34-be4d-4fb9-bc39-7c5b89eafc47-225x300.jpg 225w, https:\/\/www.radiopiu.net\/wordpress\/wp-content\/uploads\/2023\/04\/dfda6d34-be4d-4fb9-bc39-7c5b89eafc47-768x1024.jpg 768w, https:\/\/www.radiopiu.net\/wordpress\/wp-content\/uploads\/2023\/04\/dfda6d34-be4d-4fb9-bc39-7c5b89eafc47.jpg 960w\" sizes=\"auto, (max-width: 225px) 100vw, 225px\" \/><\/a>\n\t\t\t\t<\/dt><\/dl><br style=\"clear: both\" \/>\n\t\t\t<\/div>\n\n<p>&nbsp;<\/p>\n<hr \/>\n<p>&nbsp;<\/p>\n<blockquote>\n<h3>GIOVANE COLTO DA MALORE A CASERA LEVARE<\/h3>\n<\/blockquote>\n<p><strong>CASTELLAVAZZO<\/strong> Passate da poco le 11 di sabato, il 118 \u00e8 stato allertato per un giovane colto da malore mentre si trovava in compagnia a Casera Levare, sopra Podenzoi. Sbarcati con un verricello di 30 metri nelle vicinanze, medico, infermiere e tecnico di elisoccorso hanno raggiunto e valutato le condizioni del 24enne di Longarone (BL), per poi issarlo a bordo e trasportarlo all&#8217;ospedale di Belluno per gli accertamenti del caso.<\/p>\n<p>&nbsp;<\/p>\n<p>&nbsp;<\/p>\n<hr \/>\n<p>&nbsp;<\/p>\n<blockquote>\n<h3>ESCURSIONISTA SCIVOLA SUL SENTIERO GHIACCIATO CHE PORTA A MALGA RA STUA<\/h3>\n<\/blockquote>\n<p><strong>CORTINA <\/strong>Attorno a mezzogiorno di domenica la Centrale del 118 \u00e8 stata contattata dall&#8217;amica di un&#8217;escursionista, che si era fatta male sul sentiero che porta a Malga Ra Stua. Le due donne stavano camminando, quando una era scivolata sul ghiaccio ed era caduta di peso su una mano, riportando un sospetto trauma al polso. Una squadra del Soccorso alpino di Cortina ha raggiunto l&#8217;infortunata in fuoristrada, a circa 900 metri di quota, per poi riaccompagnarla assieme all&#8217;amica al parcheggio, da dove si sono dirette autonomamente all&#8217;ospedale.<\/p>\n<p>&nbsp;<\/p>\n<p>&nbsp;<\/p>\n<hr \/>\n<p>&nbsp;<\/p>\n<blockquote>\n<h3 class=\"entry-title\">RECUPERATI ESCURSIONISTI BLOCCATI NELLA ZONA DEL CIADIN DEL LOUDO<\/h3>\n<\/blockquote>\n<p><strong>CORTINA<\/strong> Domenica alle 16.10 circa \u00e8 scattato l\u2019allarme per due escursionisti inglesi, bloccati lungo il percorso di rientro dal Ciadin del Loudo. I due amici erano saliti per il sentiero numero 215 che porta al Rifugio Vandelli, salvo poi tagliare nel bosco risalendo il canale che porta al Ciadin del Loudo. Al momento di tornare sui loro passi, stanchi e infreddoliti, non se la sono sentita di affrontare il percorso a ritroso in discesa e hanno chiesto aiuto. Risaliti in Centrale alla posizione tramite un messaggio whatsapp, \u00e8 stato inviato l\u2019elicottero del Suem di Pieve di Cadore, che li ha individuati e ha calato, con un verricello di una decina di metri, il tecnico di elisoccorso. Recuperati entrambi, i due turisti sono stati poi lasciati al PassoTre Croci.<\/p>\n<p>&nbsp;<\/p>\n<p>&nbsp;<\/p>\n<hr \/>\n<p>&nbsp;<\/p>\n<blockquote>\n<h3>SCIALPINISTA INFORTUNATA A FORCELLA MONTANAIA<\/h3>\n<\/blockquote>\n<p><strong>DOMEGGE DI CADORE<\/strong> Ieri verso le 13.30 l&#8217;elicottero del Suem di Pieve di Cadore \u00e8 volato verso Forcella Montanaia dove, scendendo in compagnia di altre tre persone, una scialpinista 58enne di Udine aveva riportato un probabile trauma alla gamba che le impediva di proseguire. Individuato il punto dove si trovava la donna, all&#8217;altezza del Cadin d&#8217;Arade, l&#8217;equipaggio, valutate le sue condizioni, l&#8217;ha recuperata con il verricello, per trasportarla all&#8217;ospedale di Pieve di Cadore.<\/p>\n<p>&nbsp;<\/p>\n<p>&nbsp;<\/p>\n<hr \/>\n<p>&nbsp;<\/p>\n<blockquote>\n<h3>SOCCORSA ESCURSIONISTA SUL PASSO GIAU<\/h3>\n<\/blockquote>\n<p><strong>COLLE SANTA LUCIA<\/strong> Attorno alle 16.15 di ieri il Soccorso alpino della Val Fiorentina \u00e8 stato inviato dalla Centrale del 118 sul sentiero che da Passo Giau scende al Rifugio Fedare, poich\u00e9 un&#8217;escursionista era scivolata e si era fatta male a un piede. La 24enne di Belluno, che si trovava con i familiari,\u00a0 \u00e8 stata raggiunta da una squadra che le ha prestato le prime cure a seguito della probabile frattura di una caviglia. Caricata in barella, la ragazza \u00e8 stata trasportata per 200 metri fino alla strada e affidata all&#8217;ambulanza partita in direzione dell&#8217;ospedale di Agordo.<\/p>\n<p>&nbsp;<\/p>\n<p>&nbsp;<\/p>\n<hr \/>\n<p>&nbsp;<\/p>\n<blockquote>\n<h3>LA DENUNCIA DI FABIO RUFUS BRISTOT &#8220;UN GIRO PER IL NOSTRO CIMITERO DI PRADE&#8221;<\/h3>\n<\/blockquote>\n<p>&nbsp;<\/p>\n<div dir=\"auto\">DI FABIO RUFUS BRISTOT gi\u00e0 consigliere comunale<\/div>\n<div dir=\"auto\"><\/div>\n<blockquote>\n<div dir=\"auto\"><em>Pensavo ad uno scatto d\u2019orgoglio, pensavo ad una morale finalmente diversa negli atti, pensavo che il decoro di luoghi cos\u00ec particolari per chi vuole ricordare qualcuno, un padre o una madre, un figlio o una figlia oppure solo un amico, fosse un elemento prioritario per voler ridare ordine e armonia alla citt\u00e0 ed ai suoi luoghi pi\u00f9 importanti come \u00e8 e dovrebbe essere il Cimitero di Prade. Mi ero ancora una volta sbagliato. Nessuna volont\u00e0 reale e capacit\u00e0! Delusione e smarrimento, la nostra comunit\u00e0 non merita questo degrado che si per perpetua da anni.<\/em><\/div>\n<\/blockquote>\n<div dir=\"auto\">\n\n\t\t\t<style type='text\/css'>\n\t\t\t\t#gallery-3 {\n\t\t\t\t\tmargin: auto;\n\t\t\t\t}\n\t\t\t\t#gallery-3 .gallery-item {\n\t\t\t\t\tfloat: left;\n\t\t\t\t\tmargin-top: 10px;\n\t\t\t\t\ttext-align: center;\n\t\t\t\t\twidth: 50%;\n\t\t\t\t}\n\t\t\t\t#gallery-3 img {\n\t\t\t\t\tborder: 2px solid #cfcfcf;\n\t\t\t\t}\n\t\t\t\t#gallery-3 .gallery-caption {\n\t\t\t\t\tmargin-left: 0;\n\t\t\t\t}\n\t\t\t\t\/* see gallery_shortcode() in wp-includes\/media.php *\/\n\t\t\t<\/style>\n\t\t<div id='gallery-3' class='dt-gallery-container gallery galleryid-330646 gallery-columns-2 gallery-size-thumbnail'><dl class='gallery-item'>\n\t\t\t\t<dt class='gallery-icon landscape'>\n\t\t\t\t\t<a class=\"rollover rollover-zoom dt-pswp-item\" title=\"340854599_712339864004536_122085268217236144_n\" data-dt-img-description=\"\" data-large_image_width=\"600\" data-large_image_height=\"450\"href='https:\/\/www.radiopiu.net\/wordpress\/wp-content\/uploads\/2023\/04\/340854599_712339864004536_122085268217236144_n.jpg'><img loading=\"lazy\" decoding=\"async\" width=\"150\" height=\"150\" src=\"https:\/\/www.radiopiu.net\/wordpress\/wp-content\/uploads\/2023\/04\/340854599_712339864004536_122085268217236144_n-150x150.jpg\" class=\"attachment-thumbnail size-thumbnail\" alt=\"\" \/><\/a>\n\t\t\t\t<\/dt><\/dl><dl class='gallery-item'>\n\t\t\t\t<dt class='gallery-icon landscape'>\n\t\t\t\t\t<a class=\"rollover rollover-zoom dt-pswp-item\" title=\"340869380_939757383840966_2396628720933992636_n\" data-dt-img-description=\"\" data-large_image_width=\"600\" data-large_image_height=\"450\"href='https:\/\/www.radiopiu.net\/wordpress\/wp-content\/uploads\/2023\/04\/340869380_939757383840966_2396628720933992636_n.jpg'><img loading=\"lazy\" decoding=\"async\" width=\"150\" height=\"150\" src=\"https:\/\/www.radiopiu.net\/wordpress\/wp-content\/uploads\/2023\/04\/340869380_939757383840966_2396628720933992636_n-150x150.jpg\" class=\"attachment-thumbnail size-thumbnail\" alt=\"\" \/><\/a>\n\t\t\t\t<\/dt><\/dl><br style=\"clear: both\" \/>\n\t\t\t<\/div>\n\n<\/div>\n<p>&nbsp;<\/p>\n<p>&nbsp;<\/p>\n<hr \/>\n<p>&nbsp;<\/p>\n<p>&nbsp;<\/p>\n<blockquote>\n<h3>I PARCHEGGIA A PAGAMENTO AD ARABBA FRUTTANO AL COMUNE 30 MILA EURO<\/h3>\n<p><strong><a class=\"dt-pswp-item\" href=\"https:\/\/www.radiopiu.net\/wordpress\/wp-content\/uploads\/2022\/10\/310122743_498244062313104_3169098356255353643_n.jpg\" data-dt-img-description=\"\" data-large_image_width=\"720\" data-large_image_height=\"540\"><img loading=\"lazy\" decoding=\"async\" class=\" wp-image-301505 alignleft\" src=\"https:\/\/www.radiopiu.net\/wordpress\/wp-content\/uploads\/2022\/10\/310122743_498244062313104_3169098356255353643_n-300x225.jpg\" alt=\"\" width=\"185\" height=\"139\" srcset=\"https:\/\/www.radiopiu.net\/wordpress\/wp-content\/uploads\/2022\/10\/310122743_498244062313104_3169098356255353643_n-300x225.jpg 300w, https:\/\/www.radiopiu.net\/wordpress\/wp-content\/uploads\/2022\/10\/310122743_498244062313104_3169098356255353643_n.jpg 720w\" sizes=\"auto, (max-width: 185px) 100vw, 185px\" \/><\/a>LIVINALLONGO<\/strong><\/p>\n<p>di Lorenzo Soratroi<\/p>\n<audio class=\"wp-audio-shortcode\" id=\"audio-330646-1\" preload=\"none\" style=\"width: 100%;\" controls=\"controls\"><source type=\"audio\/mpeg\" src=\"https:\/\/www.radiopiu.net\/wordpress\/wp-content\/uploads\/2023\/04\/SORATROI-I-PARCHEGGIA-A-PAGAMENTO-AD-ARABBA-FRUTTANO-30-MILA-EURO.mp3?_=1\" \/><a href=\"https:\/\/www.radiopiu.net\/wordpress\/wp-content\/uploads\/2023\/04\/SORATROI-I-PARCHEGGIA-A-PAGAMENTO-AD-ARABBA-FRUTTANO-30-MILA-EURO.mp3\">https:\/\/www.radiopiu.net\/wordpress\/wp-content\/uploads\/2023\/04\/SORATROI-I-PARCHEGGIA-A-PAGAMENTO-AD-ARABBA-FRUTTANO-30-MILA-EURO.mp3<\/a><\/audio>\n<p>&nbsp;<\/p>\n<p>&nbsp;<\/p>\n<p>&nbsp;<\/p>\n<p>&nbsp;<\/p><\/blockquote>\n<p>&nbsp;<\/p>\n<hr \/>\n<p>&nbsp;<\/p>\n<blockquote>\n<h3>PROGETTO SICUREZZA: NUOVO SOPRALLUOGO SABATO MATTINA AL PARCO CITTA&#8217; DI BOLOGNA<\/h3>\n<\/blockquote>\n<p><strong><a class=\"dt-pswp-item\" href=\"https:\/\/www.radiopiu.net\/wordpress\/wp-content\/uploads\/2023\/04\/Sopralluogo-Parco.jpeg\" data-dt-img-description=\"\" data-large_image_width=\"1024\" data-large_image_height=\"618\"><img loading=\"lazy\" decoding=\"async\" class=\" wp-image-330691 alignleft\" src=\"https:\/\/www.radiopiu.net\/wordpress\/wp-content\/uploads\/2023\/04\/Sopralluogo-Parco-300x181.jpeg\" alt=\"\" width=\"249\" height=\"150\" srcset=\"https:\/\/www.radiopiu.net\/wordpress\/wp-content\/uploads\/2023\/04\/Sopralluogo-Parco-300x181.jpeg 300w, https:\/\/www.radiopiu.net\/wordpress\/wp-content\/uploads\/2023\/04\/Sopralluogo-Parco-768x464.jpeg 768w, https:\/\/www.radiopiu.net\/wordpress\/wp-content\/uploads\/2023\/04\/Sopralluogo-Parco.jpeg 1024w\" sizes=\"auto, (max-width: 249px) 100vw, 249px\" \/><\/a>BELLUNO\u00a0<\/strong>Progetto sicurezza: sabato mattina sopralluogo dell\u2019assessore alla sicurezza Raffaele Addamiano al Parco Citt\u00e0 di Bologna e non solo. L\u2019esponente della giunta De Pellegrin d\u00e0 cos\u00ec seguito all\u2019iniziativa avviata gi\u00e0 la scorsa estate in centro storico e proseguita poi con i controlli al parco cittadino in autunno, recandosi di persona, accompagnato da\u00a0 agenti della polizia locale, in quei luoghi della citt\u00e0 oggetto di segnalazioni. Il sopralluogo ha preso il via alle 10 circa e si \u00e8 concentrato al Parco Citt\u00e0 di Bologna frequentato da mamme con bambini, ma anche da ragazzini che in pi\u00f9 di qualche occasione hanno creato problemi con comportamenti inopportuni. L\u2019assessore \u00e8 stato accompagnato dal comandante della polizia locale e da 4 agenti.<\/p>\n<p><strong>RAFFAELE ADDAMIANO, ASSESSORE ALLA SICUREZZA DEL COMUNE DI BELLUNO<\/strong><\/p>\n<audio class=\"wp-audio-shortcode\" id=\"audio-330646-2\" preload=\"none\" style=\"width: 100%;\" controls=\"controls\"><source type=\"audio\/mpeg\" src=\"https:\/\/www.radiopiu.net\/wordpress\/wp-content\/uploads\/2023\/04\/Sopralluogo_08.04.23.mp3?_=2\" \/><a href=\"https:\/\/www.radiopiu.net\/wordpress\/wp-content\/uploads\/2023\/04\/Sopralluogo_08.04.23.mp3\">https:\/\/www.radiopiu.net\/wordpress\/wp-content\/uploads\/2023\/04\/Sopralluogo_08.04.23.mp3<\/a><\/audio>\n<p>&nbsp;<\/p>\n<hr \/>\n<p>&nbsp;<\/p>\n<blockquote>\n<h3>VISITA AL NUOVO CENTRO DI RACCOLTA DELLA FAUNA SELVATICA DI CORTINA<\/h3>\n<\/blockquote>\n<p><strong><a class=\"dt-pswp-item\" href=\"https:\/\/www.radiopiu.net\/wordpress\/wp-content\/uploads\/2023\/04\/PHOTO-2023-04-07-10-44-53.jpg\" data-dt-img-description=\"\" data-large_image_width=\"2048\" data-large_image_height=\"1536\"><img loading=\"lazy\" decoding=\"async\" class=\" wp-image-330870 alignleft\" src=\"https:\/\/www.radiopiu.net\/wordpress\/wp-content\/uploads\/2023\/04\/PHOTO-2023-04-07-10-44-53-300x225.jpg\" alt=\"\" width=\"187\" height=\"140\" srcset=\"https:\/\/www.radiopiu.net\/wordpress\/wp-content\/uploads\/2023\/04\/PHOTO-2023-04-07-10-44-53-300x225.jpg 300w, https:\/\/www.radiopiu.net\/wordpress\/wp-content\/uploads\/2023\/04\/PHOTO-2023-04-07-10-44-53-1024x768.jpg 1024w, https:\/\/www.radiopiu.net\/wordpress\/wp-content\/uploads\/2023\/04\/PHOTO-2023-04-07-10-44-53-768x576.jpg 768w, https:\/\/www.radiopiu.net\/wordpress\/wp-content\/uploads\/2023\/04\/PHOTO-2023-04-07-10-44-53-1536x1152.jpg 1536w, https:\/\/www.radiopiu.net\/wordpress\/wp-content\/uploads\/2023\/04\/PHOTO-2023-04-07-10-44-53.jpg 2048w\" sizes=\"auto, (max-width: 187px) 100vw, 187px\" \/><\/a>CORTINA <\/strong>\u00abLa cura del territorio e dell\u2019ambiente passa anche attraverso una gestione moderna ed efficiente della fauna selvatica. E necessita di strutture all\u2019avanguardia e di figure formate per farle funzionare\u00bb. Lo ha detto il presidente della Provincia di Belluno Roberto Padrin, nella visita del nuovo centro di raccolta della fauna selvatica di Cortina. Il presidente che si trovava in zona per partecipare al Comitato istituzionale della Fondazione Cortina, ha colto l\u2019occasione per fare visita al nuovo presidente della locale riserva alpina di caccia Bruno Menardi e visitare il nuovo centro, inaugurato pochi mesi fa.\u00a0 Si tratta di una struttura moderna in cui viene raccolta e analizzata la fauna selvatica abbattuta all\u2019interno della riserva. I capi vengono misurati, pesati e vengono eseguite le verifiche per la compilazione delle schede biometriche. All\u2019interno c\u2019\u00e8 anche la sede della riserva, con una sala riunioni.<\/p>\n<p>&nbsp;<\/p>\n<p>&nbsp;<\/p>\n<hr \/>\n<p>&nbsp;<\/p>\n<blockquote>\n<h3>IL CONSIGLIO DELL&#8217;UNIONE MONTANA AGORDINA<\/h3>\n<\/blockquote>\n<p><strong>AGORDO<\/strong> I consiglierI dell&#8217;Unione Montana domani alle 20 si ritroveranno in sala Don Tamis, convocati dal Presidente Paolo Frena che ha firmato l&#8217;ordine del giorno della riunione: recesso dell&#8217;unione montana da socio volontario dell&#8217;associazione Casa di Soggiorno di Taibon; approvazione elenco strade silvo-pastorali; affidamento ad un esponente politico bellunese della presidenza del comitato paritetico per la gestione dei fondi di confine.<\/p>\n<p>&nbsp;<\/p>\n<p>&nbsp;<\/p>\n<hr \/>\n<p>&nbsp;<\/p>\n<blockquote>\n<h3>VENERDI&#8217; CONSIGLIO COMUNALE A LIVINALLONGO<\/h3>\n<\/blockquote>\n<p><strong>LIVINALLONGO<\/strong> Il sindaco di Livinallongo Leandro Grones ha convocato i consiglieri comunali per venerd\u00ec alle 18. All&#8217;ordine del giorno sei punti da discutere. Si parler\u00e0 del riconoscimento dei debiti fuori bilancio, del regolamento e disciplina delle attivit\u00e0 di estetista, acconciatore e tatoo, l&#8217;approvazione del bilancio di previsione di ASCA e la presa d&#8217;atto delle dimissioni del consigliere Christian Grones.<\/p>\n<p>&nbsp;<\/p>\n<p>&nbsp;<\/p>\n<hr \/>\n<p>&nbsp;<\/p>\n<blockquote>\n<h3>DILLO A RADIO PIU&#8217;&#8230; DISCARICHE NELLA GENERALE INDIFFERENZA<\/h3>\n<\/blockquote>\n<p>Da Agordo, riceviamo e volentieri pubblichiamo<\/p>\n<p>&nbsp;<\/p>\n<p class=\"moz-text-html\" lang=\"x-unicode\"><em>La discarica di plastica e resti di macellazione lungo le scarpate di Val di Frela viene costantemente alimentata, nell&#8217;indifferenza generale dei cittadini e delle istituzioni. Basterebbe qualche fototrappola&#8230;. Ma &#8220;ad Agordo \u00e8 cos\u00ec&#8221;.\u00a0<\/em><\/p>\n<p dir=\"auto\">F.<\/p>\n<p dir=\"auto\"><a class=\"dt-pswp-item\" href=\"https:\/\/www.radiopiu.net\/wordpress\/wp-content\/uploads\/2023\/04\/IMG_20230410_073757-scaled.jpg\" data-dt-img-description=\"\" data-large_image_width=\"1920\" data-large_image_height=\"2560\"><img loading=\"lazy\" decoding=\"async\" class=\"wp-image-330817 aligncenter\" src=\"https:\/\/www.radiopiu.net\/wordpress\/wp-content\/uploads\/2023\/04\/IMG_20230410_073757-scaled.jpg\" alt=\"\" width=\"275\" height=\"367\" srcset=\"https:\/\/www.radiopiu.net\/wordpress\/wp-content\/uploads\/2023\/04\/IMG_20230410_073757-scaled.jpg 1920w, https:\/\/www.radiopiu.net\/wordpress\/wp-content\/uploads\/2023\/04\/IMG_20230410_073757-225x300.jpg 225w, https:\/\/www.radiopiu.net\/wordpress\/wp-content\/uploads\/2023\/04\/IMG_20230410_073757-768x1024.jpg 768w, https:\/\/www.radiopiu.net\/wordpress\/wp-content\/uploads\/2023\/04\/IMG_20230410_073757-1152x1536.jpg 1152w, https:\/\/www.radiopiu.net\/wordpress\/wp-content\/uploads\/2023\/04\/IMG_20230410_073757-1536x2048.jpg 1536w\" sizes=\"auto, (max-width: 275px) 100vw, 275px\" \/><\/a><\/p>\n<hr \/>\n<blockquote>\n<h3><\/h3>\n<h3><\/h3>\n<h3>IL CESTINO DELLA FERMATA DOLOMITI BUS DI CANALE D&#8217;AGORDO ANCORA UNA VOLTA USATO COME BIDONE DELL&#8217;IMMONDIZIA<\/h3>\n<\/blockquote>\n<p><strong>CANALE D&#8217;AGORDO<\/strong> Continua questa brutta abitudine di scaricare sacchetti di immondizia alla fermata di Dolomiti Bus al ponte di Canale d&#8217;Agordo. Recentemente in quel luogo un &#8220;furbetto&#8221; maleducato \u00e8 stato individuato ed ha pagato una bella multa. Possibile che non si riesca a rispettare le comode modalit\u00e0 di conferimento dei rifiuti? Peccato che pochi incivili vanifichino il corretto comportamento della maggioranza. Il controllo continua&#8230;<\/p>\n<p><a class=\"dt-pswp-item\" href=\"https:\/\/www.radiopiu.net\/wordpress\/wp-content\/uploads\/2023\/04\/4d8e6e85-c682-41f0-a264-0e290297e55d.jpg\" data-dt-img-description=\"\" data-large_image_width=\"1504\" data-large_image_height=\"2008\"><img loading=\"lazy\" decoding=\"async\" class=\"alignnone size-medium wp-image-330872\" src=\"https:\/\/www.radiopiu.net\/wordpress\/wp-content\/uploads\/2023\/04\/4d8e6e85-c682-41f0-a264-0e290297e55d-225x300.jpg\" alt=\"\" width=\"225\" height=\"300\" srcset=\"https:\/\/www.radiopiu.net\/wordpress\/wp-content\/uploads\/2023\/04\/4d8e6e85-c682-41f0-a264-0e290297e55d-225x300.jpg 225w, https:\/\/www.radiopiu.net\/wordpress\/wp-content\/uploads\/2023\/04\/4d8e6e85-c682-41f0-a264-0e290297e55d-767x1024.jpg 767w, https:\/\/www.radiopiu.net\/wordpress\/wp-content\/uploads\/2023\/04\/4d8e6e85-c682-41f0-a264-0e290297e55d-768x1025.jpg 768w, https:\/\/www.radiopiu.net\/wordpress\/wp-content\/uploads\/2023\/04\/4d8e6e85-c682-41f0-a264-0e290297e55d-1150x1536.jpg 1150w, https:\/\/www.radiopiu.net\/wordpress\/wp-content\/uploads\/2023\/04\/4d8e6e85-c682-41f0-a264-0e290297e55d.jpg 1504w\" sizes=\"auto, (max-width: 225px) 100vw, 225px\" \/><\/a><\/p>\n<p>&nbsp;<\/p>\n<hr \/>\n<p>&nbsp;<\/p>\n<blockquote>\n<h3>LA PASSEGGIATA DEL LUPO A MOENA<\/h3>\n<\/blockquote>\n<p><strong>REDAZIONE<\/strong> Riceviamo e pubblichiamo un video in cui si vede un lupo che passeggia tranquillo a bordo strada. Siamo all&#8217;entrata di Moena (TN)<\/p>\n<div style=\"width: 848px;\" class=\"wp-video\"><video class=\"wp-video-shortcode\" id=\"video-330646-1\" width=\"848\" height=\"480\" preload=\"metadata\" controls=\"controls\"><source type=\"video\/mp4\" src=\"https:\/\/www.radiopiu.net\/wordpress\/wp-content\/uploads\/2023\/04\/WhatsApp-Video-2023-04-08-at-09.49.10.mp4?_=1\" \/><a href=\"https:\/\/www.radiopiu.net\/wordpress\/wp-content\/uploads\/2023\/04\/WhatsApp-Video-2023-04-08-at-09.49.10.mp4\">https:\/\/www.radiopiu.net\/wordpress\/wp-content\/uploads\/2023\/04\/WhatsApp-Video-2023-04-08-at-09.49.10.mp4<\/a><\/video><\/div>\n<p>&nbsp;<\/p>\n<hr \/>\n<p>&nbsp;<\/p>\n<blockquote>\n<h3>IL GALLO CEDRONE E IL CAPRIOLO DI MARIO DE MARCO<\/h3>\n<\/blockquote>\n<p><strong>REDAZIONE<\/strong> In occasione dell&#8217;arrivo della Pasqua, Mario de Marco ha pensato di deliziarci con una foto e un video da lasciare a bocca aperta. Due &#8220;Chicche&#8221; che riguardano un video dove protagonista \u00e8 la parata del gallo cedrone. Nella foto invece un capriolo con un solo corno testimonianza di una crescita anormale del palco. &#8220;Vale la pena alzarsi presto e camminare in questi fantastici luoghi che ci circondano&#8221; ha detto Mario De Marco. Due documenti eccezionali che testimoniano la vita nei nostri boschi dell&#8217;Agordino.<\/p>\n<p><strong>IL CAPRIOLO<\/strong><\/p>\n<p><img loading=\"lazy\" decoding=\"async\" class=\"wp-image-330705 aligncenter\" src=\"https:\/\/www.radiopiu.net\/wordpress\/wp-content\/uploads\/2023\/04\/2c4efe94-a6f6-4396-8e97-0091fd20425e-300x200.jpg\" alt=\"\" width=\"494\" height=\"329\" srcset=\"https:\/\/www.radiopiu.net\/wordpress\/wp-content\/uploads\/2023\/04\/2c4efe94-a6f6-4396-8e97-0091fd20425e-300x200.jpg 300w, https:\/\/www.radiopiu.net\/wordpress\/wp-content\/uploads\/2023\/04\/2c4efe94-a6f6-4396-8e97-0091fd20425e-1024x683.jpg 1024w, https:\/\/www.radiopiu.net\/wordpress\/wp-content\/uploads\/2023\/04\/2c4efe94-a6f6-4396-8e97-0091fd20425e-768x512.jpg 768w, https:\/\/www.radiopiu.net\/wordpress\/wp-content\/uploads\/2023\/04\/2c4efe94-a6f6-4396-8e97-0091fd20425e.jpg 1392w\" sizes=\"auto, (max-width: 494px) 100vw, 494px\" \/><\/p>\n<p><strong>IL GALLO CEDRONE<\/strong><\/p>\n<div style=\"width: 640px;\" class=\"wp-video\"><video class=\"wp-video-shortcode\" id=\"video-330646-2\" width=\"640\" height=\"352\" preload=\"metadata\" controls=\"controls\"><source type=\"video\/mp4\" src=\"https:\/\/www.radiopiu.net\/wordpress\/wp-content\/uploads\/2023\/04\/WhatsApp-Video-2023-04-08-at-17.14.19.mp4?_=2\" \/><a href=\"https:\/\/www.radiopiu.net\/wordpress\/wp-content\/uploads\/2023\/04\/WhatsApp-Video-2023-04-08-at-17.14.19.mp4\">https:\/\/www.radiopiu.net\/wordpress\/wp-content\/uploads\/2023\/04\/WhatsApp-Video-2023-04-08-at-17.14.19.mp4<\/a><\/video><\/div>\n<p>&nbsp;<\/p>\n<hr \/>\n<p>&nbsp;<\/p>\n<blockquote>\n<h3>UN UOVO DI PASQUA SPECIALE PER LA GERIATRIA E LA PEDIATRIA DELL&#8217;OSPEDALE DI FELTRE<\/h3>\n<\/blockquote>\n<p><strong><a class=\"dt-pswp-item\" href=\"https:\/\/www.radiopiu.net\/wordpress\/wp-content\/uploads\/2019\/02\/ospedale-di-feltre.jpeg\" data-dt-img-description=\"\" data-large_image_width=\"650\" data-large_image_height=\"463\"><img loading=\"lazy\" decoding=\"async\" class=\" wp-image-76822 alignleft\" src=\"https:\/\/www.radiopiu.net\/wordpress\/wp-content\/uploads\/2019\/02\/ospedale-di-feltre-300x214.jpeg\" alt=\"\" width=\"192\" height=\"137\" srcset=\"https:\/\/www.radiopiu.net\/wordpress\/wp-content\/uploads\/2019\/02\/ospedale-di-feltre-300x214.jpeg 300w, https:\/\/www.radiopiu.net\/wordpress\/wp-content\/uploads\/2019\/02\/ospedale-di-feltre.jpeg 650w\" sizes=\"auto, (max-width: 192px) 100vw, 192px\" \/><\/a>FELTRE\u00a0 <\/strong>Televisori e libri per far sentire meno soli gli ospiti, grandi e bambini, che stanno vivendo un ricovero in ospedale. All\u2019ospedale di Feltre gli ospiti della Geriatria potranno trovare 11 nuovi televisori LED destinati al reparto grazie a una donazione del Rotary Club di Feltre. Per i bambini della pediatria ci sono 355 libri ad aspettarli per un viaggio tra storie e racconti. I libri sono stati raccolti dalla libreria Giunti al Punto di Feltre nell\u2019ambito dell\u2019iniziativa \u201cAiutaci a crescere. Regalaci un libro!\u201d L\u2019Azienda ringrazia per i gesti di grande generosit\u00e0 che pongono un\u2019attenzione particolare all\u2019umanizzazione e a rendere gli spazi sempre pi\u00f9 accoglienti per far s\u00ec che gli ospiti si sentano sempre pi\u00f9 a loro agio durante il momento di ricovero.<\/p>\n<p>&nbsp;<\/p>\n<p>&nbsp;<\/p>\n<hr \/>\n<p>&nbsp;<\/p>\n<blockquote>\n<h3>ULSS 1 DOLOMITI: CONTINUANO LE ASSUNZIONI DI NUOVO PERSONALE<\/h3>\n<\/blockquote>\n<p><strong>BELLUNO <\/strong>Proseguono le assunzioni in Ulss Dolmiti per rafforzare il personale sanitario. Nello specifico, sono stati assunti quattro giovani professionisti, di cui un dirigente veterinario nella disciplina di igiene degli allevamenti e delle produzioni zootecniche, un dirigente medico nella disciplina di gastroenterologia, un dirigente medico nella disciplina di neuropsichiatria infantile e, infine, un dirigente medico nella disciplina di psichiatria.<\/p>\n<p>&nbsp;<\/p>\n<p>&nbsp;<\/p>\n<hr \/>\n<p>&nbsp;<\/p>\n<blockquote>\n<h3><a class=\"dt-pswp-item\" href=\"https:\/\/www.radiopiu.net\/wordpress\/wp-content\/uploads\/2021\/03\/ULSS-1.jpg\" data-dt-img-description=\"\" data-large_image_width=\"776\" data-large_image_height=\"408\"><img loading=\"lazy\" decoding=\"async\" class=\" wp-image-198838 alignleft\" src=\"https:\/\/www.radiopiu.net\/wordpress\/wp-content\/uploads\/2021\/03\/ULSS-1-300x158.jpg\" alt=\"\" width=\"158\" height=\"83\" srcset=\"https:\/\/www.radiopiu.net\/wordpress\/wp-content\/uploads\/2021\/03\/ULSS-1-300x158.jpg 300w, https:\/\/www.radiopiu.net\/wordpress\/wp-content\/uploads\/2021\/03\/ULSS-1-768x404.jpg 768w, https:\/\/www.radiopiu.net\/wordpress\/wp-content\/uploads\/2021\/03\/ULSS-1.jpg 776w\" sizes=\"auto, (max-width: 158px) 100vw, 158px\" \/><\/a>NEUROLOGIE: POTENZIATA LA CONVENZIONE CON L\u2019AZIENDA OSPEDALE UNIVERSIT\u00c0 DI PADOVA<\/h3>\n<\/blockquote>\n<p><strong>BELLUNO <\/strong>Tra le varie azioni in corso a supporto delle due Neurologie aziendali, \u00e8 stata rinnovata e potenziata la convenzione con l\u2019Azienda Ospedaliera di Padova. Rispetto al 2022, infatti, gli accessi mensili di medici neurologi saranno 6 (ciascuno di 12 ore di attivit\u00e0). L\u2019 Azienda conferma l\u2019impegno, attraverso diverse strategie, per potenziare l\u2019organico e mantenere attive entrambe le Neurologie.<\/p>\n<p>&nbsp;<\/p>\n<p>&nbsp;<\/p>\n<hr \/>\n<p>&nbsp;<\/p>\n<blockquote>\n<h3><a class=\"dt-pswp-item\" href=\"https:\/\/www.radiopiu.net\/wordpress\/wp-content\/uploads\/2020\/10\/Medicodimedicinagenerale.jpg\" data-dt-img-description=\"\" data-large_image_width=\"1200\" data-large_image_height=\"790\"><img loading=\"lazy\" decoding=\"async\" class=\" wp-image-167000 alignleft\" src=\"https:\/\/www.radiopiu.net\/wordpress\/wp-content\/uploads\/2020\/10\/Medicodimedicinagenerale-300x198.jpg\" alt=\"\" width=\"180\" height=\"119\" srcset=\"https:\/\/www.radiopiu.net\/wordpress\/wp-content\/uploads\/2020\/10\/Medicodimedicinagenerale-300x198.jpg 300w, https:\/\/www.radiopiu.net\/wordpress\/wp-content\/uploads\/2020\/10\/Medicodimedicinagenerale-1024x674.jpg 1024w, https:\/\/www.radiopiu.net\/wordpress\/wp-content\/uploads\/2020\/10\/Medicodimedicinagenerale-768x506.jpg 768w, https:\/\/www.radiopiu.net\/wordpress\/wp-content\/uploads\/2020\/10\/Medicodimedicinagenerale.jpg 1200w\" sizes=\"auto, (max-width: 180px) 100vw, 180px\" \/><\/a>AURONZO DI CADORE: RESTA IN SERVIZIO IL DOTTOR BARONE<\/h3>\n<\/blockquote>\n<p><strong>AURONZO <\/strong>Il dr. Salvatore Barone, medico di medicina generale di Auronzo, rester\u00e0 in servizio anche oltre il settantesimo anno di et\u00e0. Il medico, infatti, ha dato disponibilit\u00e0, come reso possibile dalla nuova normativa, a continuare la sua attivit\u00e0 a servizio dei cittadini di Auronzo fino all\u2019individuazione di un nuovo professionista. E\u2019 aperto, infatti, l\u2019avviso per la copertura della zona carente dell\u2019ambito territoriale dei Comuni di Auronzo di Cadore, Lorenzago di Cadore, Lozzo di Cadore e Vigo di Cadore. In questa fase nulla cambia per gli assistiti del dr. Barone.<\/p>\n<p>&nbsp;<\/p>\n<p>&nbsp;<\/p>\n<hr \/>\n<p>&nbsp;<\/p>\n<blockquote>\n<h3>LA BENEDIZIONE DELLE CASE A CENCENIGHE<\/h3>\n<\/blockquote>\n<p><strong>CENCENIGHE<\/strong> Inizia oggi la benedizione delle case a Cencenighe con Don Luigi Canal. Questa mattina in via Roma, domani pomeriggio a Villagrande, gioved\u00ec le abitazioni di Piazza, Via Veronetta, Via Dante e adiacenze, Venerd\u00ec via XX Settembre.<\/p>\n<p>&nbsp;<\/p>\n<p>&nbsp;<\/p>\n<hr \/>\n<p>&nbsp;<\/p>\n<h2><span style=\"color: #ff0000;\">IERI ALLA RADIO<\/span><\/h2>\n<h2><span style=\"color: #3366ff;\">AMA DOLOMITI -&#8220;DEBORAH,\u00a0 GRUPPO AUTO MUTUO AIUTO MALATTIE RARE BELLUNO-FELTRE-CADORE-COMELICO&#8221;<\/span><\/h2>\n<p><strong><a class=\"dt-pswp-item\" href=\"https:\/\/www.radiopiu.net\/wordpress\/wp-content\/uploads\/2023\/02\/1239767_1376151945949547_1371470440_n.jpg\" data-dt-img-description=\"\" data-large_image_width=\"744\" data-large_image_height=\"498\"><img loading=\"lazy\" decoding=\"async\" class=\" wp-image-321803 alignleft\" src=\"https:\/\/www.radiopiu.net\/wordpress\/wp-content\/uploads\/2023\/02\/1239767_1376151945949547_1371470440_n-300x201.jpg\" alt=\"\" width=\"172\" height=\"115\" srcset=\"https:\/\/www.radiopiu.net\/wordpress\/wp-content\/uploads\/2023\/02\/1239767_1376151945949547_1371470440_n-300x201.jpg 300w, https:\/\/www.radiopiu.net\/wordpress\/wp-content\/uploads\/2023\/02\/1239767_1376151945949547_1371470440_n.jpg 744w\" sizes=\"auto, (max-width: 172px) 100vw, 172px\" \/><\/a>Nuovo appuntamento sulle frequenze di Radio Pi\u00f9. A partire dal 13 febbraio un nuovo programma a cura di AMA Dolomiti.<\/strong><\/p>\n<p align=\"JUSTIFY\"><span style=\"color: #000000;\"><span style=\"font-family: Times New Roman, serif;\"><span style=\"font-size: large;\">L\u2019Associazione Ama Dolomiti \u00e8 nata nell\u2019aprile 2010 da un gruppo di persone desiderose di mettere in rete i diversi gruppi di auto mutuo aiuto presenti nella provincia di Belluno, per dare ai medesimi sostegno nella loro attivit\u00e0, visibilit\u00e0 nel territorio e favorire la creazione di nuovi gruppi.\u00a0<\/span><\/span><\/span><\/p>\n<p>&nbsp;<\/p>\n<p><strong>PUNTATA 09 10 APRILE 2023<\/strong><\/p>\n<p><strong>DEBORAH,\u00a0 GRUPPO AUTO MUTUO AIUTO MALATTIE RARE BELLUNO-FELTRE-CADORE-COMELICO<\/strong><\/p>\n<audio class=\"wp-audio-shortcode\" id=\"audio-330646-3\" preload=\"none\" style=\"width: 100%;\" controls=\"controls\"><source type=\"audio\/mpeg\" src=\"https:\/\/www.radiopiu.net\/wordpress\/wp-content\/uploads\/2023\/04\/GRUPPO-AMA-9-1.mp3?_=3\" \/><a href=\"https:\/\/www.radiopiu.net\/wordpress\/wp-content\/uploads\/2023\/04\/GRUPPO-AMA-9-1.mp3\">https:\/\/www.radiopiu.net\/wordpress\/wp-content\/uploads\/2023\/04\/GRUPPO-AMA-9-1.mp3<\/a><\/audio>\n<p>&nbsp;<\/p>\n<p>&nbsp;<\/p>\n<p>&nbsp;<\/p>\n<h2><span style=\"color: #993366;\">SALUTE &amp; SOCIETA&#8217;<\/span><\/h2>\n<p><strong><a class=\"dt-pswp-item\" href=\"https:\/\/www.radiopiu.net\/wordpress\/wp-content\/uploads\/2023\/04\/WhatsApp-Image-2023-04-10-at-09.17.24.jpeg\" data-dt-img-description=\"\" data-large_image_width=\"800\" data-large_image_height=\"445\"><img loading=\"lazy\" decoding=\"async\" class=\"size-medium wp-image-330809 alignleft\" src=\"https:\/\/www.radiopiu.net\/wordpress\/wp-content\/uploads\/2023\/04\/WhatsApp-Image-2023-04-10-at-09.17.24-300x167.jpeg\" alt=\"\" width=\"300\" height=\"167\" srcset=\"https:\/\/www.radiopiu.net\/wordpress\/wp-content\/uploads\/2023\/04\/WhatsApp-Image-2023-04-10-at-09.17.24-300x167.jpeg 300w, https:\/\/www.radiopiu.net\/wordpress\/wp-content\/uploads\/2023\/04\/WhatsApp-Image-2023-04-10-at-09.17.24-768x427.jpeg 768w, https:\/\/www.radiopiu.net\/wordpress\/wp-content\/uploads\/2023\/04\/WhatsApp-Image-2023-04-10-at-09.17.24.jpeg 800w\" sizes=\"auto, (max-width: 300px) 100vw, 300px\" \/><\/a>Fine della pandemia<\/strong><br \/>\nL\u2019Oms potrebbe a breve dichiarare la fine della pandemia da Covid 19. Ci\u00f2 nonostante rimane una priorit\u00e0 di sanit\u00e0 tutelare tutti coloro che risultano ad elevato rischio di progressione verso forme di malattia grave.<\/p>\n<p><strong>Prodotti medici avanzati<\/strong><\/p>\n<p>L&#8217;Italia \u00e8 in prima fila nello sviluppo clinico dei prodotti medici avanzati, ma \u00e8 necessario garantirne l&#8217;accesso ai pazienti.<\/p>\n<p><strong>PUNTATA DEL 10 APRILE 2023<\/strong><\/p>\n<audio class=\"wp-audio-shortcode\" id=\"audio-330646-4\" preload=\"none\" style=\"width: 100%;\" controls=\"controls\"><source type=\"audio\/mpeg\" src=\"https:\/\/www.radiopiu.net\/wordpress\/wp-content\/uploads\/2023\/04\/SALUTE-1.mp3?_=4\" \/><a href=\"https:\/\/www.radiopiu.net\/wordpress\/wp-content\/uploads\/2023\/04\/SALUTE-1.mp3\">https:\/\/www.radiopiu.net\/wordpress\/wp-content\/uploads\/2023\/04\/SALUTE-1.mp3<\/a><\/audio>\n<p>&nbsp;<\/p>\n<hr \/>\n<p>&nbsp;<\/p>\n<p><strong>DI TIZIANO DE COL<\/strong><\/p>\n\n\t\t\t<style type='text\/css'>\n\t\t\t\t#gallery-4 {\n\t\t\t\t\tmargin: auto;\n\t\t\t\t}\n\t\t\t\t#gallery-4 .gallery-item {\n\t\t\t\t\tfloat: left;\n\t\t\t\t\tmargin-top: 10px;\n\t\t\t\t\ttext-align: center;\n\t\t\t\t\twidth: 20%;\n\t\t\t\t}\n\t\t\t\t#gallery-4 img {\n\t\t\t\t\tborder: 2px solid #cfcfcf;\n\t\t\t\t}\n\t\t\t\t#gallery-4 .gallery-caption {\n\t\t\t\t\tmargin-left: 0;\n\t\t\t\t}\n\t\t\t\t\/* see gallery_shortcode() in wp-includes\/media.php *\/\n\t\t\t<\/style>\n\t\t<div id='gallery-4' class='dt-gallery-container gallery galleryid-330646 gallery-columns-5 gallery-size-thumbnail'><dl class='gallery-item'>\n\t\t\t\t<dt class='gallery-icon landscape'>\n\t\t\t\t\t<a class=\"rollover rollover-zoom dt-pswp-item\" title=\"b9a5f5ed-732c-454a-9008-530ced33a7a9\" data-dt-img-description=\"\" data-large_image_width=\"612\" data-large_image_height=\"357\"href='https:\/\/www.radiopiu.net\/wordpress\/wp-content\/uploads\/2023\/04\/b9a5f5ed-732c-454a-9008-530ced33a7a9.jpg'><img loading=\"lazy\" decoding=\"async\" width=\"150\" height=\"150\" src=\"https:\/\/www.radiopiu.net\/wordpress\/wp-content\/uploads\/2023\/04\/b9a5f5ed-732c-454a-9008-530ced33a7a9-150x150.jpg\" class=\"attachment-thumbnail size-thumbnail\" alt=\"\" \/><\/a>\n\t\t\t\t<\/dt><\/dl><dl class='gallery-item'>\n\t\t\t\t<dt class='gallery-icon landscape'>\n\t\t\t\t\t<a class=\"rollover rollover-zoom dt-pswp-item\" title=\"e2acc8fa-3292-4b18-807c-aa32afc005c9\" data-dt-img-description=\"\" data-large_image_width=\"594\" data-large_image_height=\"346\"href='https:\/\/www.radiopiu.net\/wordpress\/wp-content\/uploads\/2023\/04\/e2acc8fa-3292-4b18-807c-aa32afc005c9.jpg'><img loading=\"lazy\" decoding=\"async\" width=\"150\" height=\"150\" src=\"https:\/\/www.radiopiu.net\/wordpress\/wp-content\/uploads\/2023\/04\/e2acc8fa-3292-4b18-807c-aa32afc005c9-150x150.jpg\" class=\"attachment-thumbnail size-thumbnail\" alt=\"\" \/><\/a>\n\t\t\t\t<\/dt><\/dl><dl class='gallery-item'>\n\t\t\t\t<dt class='gallery-icon landscape'>\n\t\t\t\t\t<a class=\"rollover rollover-zoom dt-pswp-item\" title=\"0d96babc-c378-4b01-9af1-8c3b3a00f6f9\" data-dt-img-description=\"\" data-large_image_width=\"612\" data-large_image_height=\"353\"href='https:\/\/www.radiopiu.net\/wordpress\/wp-content\/uploads\/2023\/04\/0d96babc-c378-4b01-9af1-8c3b3a00f6f9.jpg'><img loading=\"lazy\" decoding=\"async\" width=\"150\" height=\"150\" src=\"https:\/\/www.radiopiu.net\/wordpress\/wp-content\/uploads\/2023\/04\/0d96babc-c378-4b01-9af1-8c3b3a00f6f9-150x150.jpg\" class=\"attachment-thumbnail size-thumbnail\" alt=\"\" \/><\/a>\n\t\t\t\t<\/dt><\/dl><dl class='gallery-item'>\n\t\t\t\t<dt class='gallery-icon landscape'>\n\t\t\t\t\t<a class=\"rollover rollover-zoom dt-pswp-item\" title=\"80e6bef1-82db-45e5-9822-f258446fc7ca\" data-dt-img-description=\"\" data-large_image_width=\"564\" data-large_image_height=\"365\"href='https:\/\/www.radiopiu.net\/wordpress\/wp-content\/uploads\/2023\/04\/80e6bef1-82db-45e5-9822-f258446fc7ca.jpg'><img loading=\"lazy\" decoding=\"async\" width=\"150\" height=\"150\" src=\"https:\/\/www.radiopiu.net\/wordpress\/wp-content\/uploads\/2023\/04\/80e6bef1-82db-45e5-9822-f258446fc7ca-150x150.jpg\" class=\"attachment-thumbnail size-thumbnail\" alt=\"\" \/><\/a>\n\t\t\t\t<\/dt><\/dl><dl class='gallery-item'>\n\t\t\t\t<dt class='gallery-icon landscape'>\n\t\t\t\t\t<a class=\"rollover rollover-zoom dt-pswp-item\" title=\"b6ecf676-877b-447c-82de-d52f29756345\" data-dt-img-description=\"\" data-large_image_width=\"600\" data-large_image_height=\"355\"href='https:\/\/www.radiopiu.net\/wordpress\/wp-content\/uploads\/2023\/04\/b6ecf676-877b-447c-82de-d52f29756345.jpg'><img loading=\"lazy\" decoding=\"async\" width=\"150\" height=\"150\" src=\"https:\/\/www.radiopiu.net\/wordpress\/wp-content\/uploads\/2023\/04\/b6ecf676-877b-447c-82de-d52f29756345-150x150.jpg\" class=\"attachment-thumbnail size-thumbnail\" alt=\"\" \/><\/a>\n\t\t\t\t<\/dt><\/dl><br style=\"clear: both\" \/>\n\t\t\t<\/div>\n\n<p>&nbsp;<\/p>\n<hr \/>\n<p>&nbsp;<\/p>\n<blockquote>\n<h3>\u201cL\u2019INDUSTRIA BELLUNESE NEI PERIODICI LOCALI\u201d: CENTO ANNI DI STORIA DEL LAVORO IN PROVINCIA<\/h3>\n<\/blockquote>\n<p><strong>di\u00a0 RENATO BONA<\/strong><\/p>\n<p>&nbsp;<\/p>\n<p>La personale libreria di chi stende queste note desta anche piacevoli sorprese. Stavolta \u00e8 il caso di un\u2019autentica \u201cchicca\u201d: il datato e non solo per questo ottimo volume: \u201cL\u2019industria bellunese nei periodici locali\u201d curato da Francesco Comba per la serie \u201cQuaderni documentare il lavoro\u201d, voluta dal Gruppo giovani imprenditori dell\u2019Industria dell\u2019Associazione industriali di Belluno con la collaborazione del Banco Ambrosiano Veneto ed il contributo della Franco Lavina costruzioni di Tambre e dall\u2019Impresa costruzioni Munaro Vincenzo di Chies d\u2019Alpago; stampato da Castaldi di Feltre nel luglio 1997 ad iniziativa per la parte tecnica dello studio grafico Anna Za; in copertina, ripresa poi in ultima: lo stabilimento di calce a Sois in una immagine di fine Ottocento. L\u2019allora presidente del Gruppo Giovani Industriali, Serena Lavina, nell\u2019indirizzo di saluto ricordava che gi\u00e0 col presidente Luca Pierobon era stata posta attenzione all\u2019approfondimento della storia imprenditoriale della Provincia, con una indagine conoscitiva \u201csulle tappe fondamentali dell\u2019evoluzione economica bellunese diretta a raccogliere le testimonianze dei \u2018passi\u2019 pi\u00f9 significativi compiuti dai nostri predecessori\u201d. Dava quindi atto, esprimendogli gratitudine, allo studioso locale Francesco Comba, appassionato delle tradizioni e della cultura bellunese, di aver raccolto nel corso degli anni le notizie pubblicate nei quotidiani e nei giornali locali relative alle industrie ed alle attivit\u00e0 artigianali svolte in ambito provinciale bellunese. Partendo dal primo periodico stampato da queste parti: l\u2019\u201cEbdomadario\u201d datato 1810, per arrivare al 1935 quando gi\u00e0 uscivano nelle edicole la cronaca bellunese de Il Gazzettino e l\u2019Amico del Popolo. I quali evidenziavano la presenza di un diffuso tessuto di imprenditorialit\u00e0 nei piccoli centri e ramificato sull\u2019intero territorio provinciale che \u201cdiventa la base dell\u2019economia di montagna e di fondovalle\u201d facendo emergere \u201cuna spiccata capacit\u00e0 imprenditoriale dell\u2019area bellunese per la presenza di industrie diverse tra di loro per ramo di produzione, che gi\u00e0 esprimevano quella creativit\u00e0 che ancora oggi caratterizza il nostro tessuto produttivo\u201d. Lavina non mancava di evidenziare che \u201cProprio in quegli anni, grandi settori industriali come l\u2019attivit\u00e0 estrattiva delle miniere dell\u2019Agordino, la lavorazione della pietra e l\u2019industria casearia, entrano in crisi e si affacciano altre tipologie d\u2019impresa che diventeranno, in seguito,i settori trainanti dell\u2019economia bellunese. Un esempio per tutti, l\u2019industria dell\u2019occhiale\u201d. In conclusione, sottolineava fra i molti altri, compreso il Banco Ambrosiano Veneto, l\u2019impegno costante della collega Anna Za, vice presidente del Gruppo Giovani, e precisava che gli articoli richiamati nel volume sono preceduti da un\u2019introduzione scientifica del prof. Giovanni Luigi Fontana docente di storia economica all\u2019Universit\u00e0 Ca\u2019 Foscari di Venezia, seguita da una descrizione del contesto storico, redatta dall\u2019architetto bellunese Stefano De Vecchi, anch\u2019egli attento alle tradizioni del lavoro locale. Precisando che avremo modo di tornare su questo libro, ricordiamo quali sono i giornali che vengono citati oltre ai gi\u00e0 nominati Ebdomadario e Il Gazzettino: La voce delle Alpi; La Provincia di Belluno; Il Piave; Panfilo Castaldi; Il Tomitano; Gazzetta di Belluno; L\u2019Alpigiano; L\u2019Amico del Popolo; Il Corriere Bellunese; L\u2019Araldo Agordino. La prima notizia proposta: \u201cZoldano-Attivit\u00e0 estrattiva. Danni alle Fucine di Zoldo. Fra i danni occasionati dalle nevi e dalle valanghe agli abitanti del circondario di Zoldo \u00e8 rimarcabile la ruina totale di tre fucine grosse di ferro\u201d. L\u2019Ebdomadario numero 7 dell\u20198 febbraio 1810.<\/p>\n\n\t\t\t<style type='text\/css'>\n\t\t\t\t#gallery-5 {\n\t\t\t\t\tmargin: auto;\n\t\t\t\t}\n\t\t\t\t#gallery-5 .gallery-item {\n\t\t\t\t\tfloat: left;\n\t\t\t\t\tmargin-top: 10px;\n\t\t\t\t\ttext-align: center;\n\t\t\t\t\twidth: 12%;\n\t\t\t\t}\n\t\t\t\t#gallery-5 img {\n\t\t\t\t\tborder: 2px solid #cfcfcf;\n\t\t\t\t}\n\t\t\t\t#gallery-5 .gallery-caption {\n\t\t\t\t\tmargin-left: 0;\n\t\t\t\t}\n\t\t\t\t\/* see gallery_shortcode() in wp-includes\/media.php *\/\n\t\t\t<\/style>\n\t\t<div id='gallery-5' class='dt-gallery-container gallery galleryid-330646 gallery-columns-8 gallery-size-thumbnail'><dl class='gallery-item'>\n\t\t\t\t<dt class='gallery-icon landscape'>\n\t\t\t\t\t<a class=\"rollover\" href='https:\/\/www.radiopiu.net\/wordpress\/lindustria-bellunese-nei-periodici-locali-cento-anni-di-storia-del-lavoro-in-provincia\/337755527_234733142378730_6463233946960987660_n\/'><img loading=\"lazy\" decoding=\"async\" width=\"150\" height=\"150\" src=\"https:\/\/www.radiopiu.net\/wordpress\/wp-content\/uploads\/2023\/04\/337755527_234733142378730_6463233946960987660_n-150x150.jpg\" class=\"attachment-thumbnail size-thumbnail\" alt=\"\" \/><\/a>\n\t\t\t\t<\/dt><\/dl><dl class='gallery-item'>\n\t\t\t\t<dt class='gallery-icon landscape'>\n\t\t\t\t\t<a class=\"rollover\" href='https:\/\/www.radiopiu.net\/wordpress\/lindustria-bellunese-nei-periodici-locali-cento-anni-di-storia-del-lavoro-in-provincia\/340010319_752342099690126_419259594433307683_n\/'><img loading=\"lazy\" decoding=\"async\" width=\"150\" height=\"150\" src=\"https:\/\/www.radiopiu.net\/wordpress\/wp-content\/uploads\/2023\/04\/340010319_752342099690126_419259594433307683_n-150x150.jpg\" class=\"attachment-thumbnail size-thumbnail\" alt=\"\" \/><\/a>\n\t\t\t\t<\/dt><\/dl><dl class='gallery-item'>\n\t\t\t\t<dt class='gallery-icon landscape'>\n\t\t\t\t\t<a class=\"rollover\" href='https:\/\/www.radiopiu.net\/wordpress\/lindustria-bellunese-nei-periodici-locali-cento-anni-di-storia-del-lavoro-in-provincia\/338425069_980372656673110_2964326003578363779_n\/'><img loading=\"lazy\" decoding=\"async\" width=\"150\" height=\"150\" src=\"https:\/\/www.radiopiu.net\/wordpress\/wp-content\/uploads\/2023\/04\/338425069_980372656673110_2964326003578363779_n-150x150.jpg\" class=\"attachment-thumbnail size-thumbnail\" alt=\"\" \/><\/a>\n\t\t\t\t<\/dt><\/dl><dl class='gallery-item'>\n\t\t\t\t<dt class='gallery-icon portrait'>\n\t\t\t\t\t<a class=\"rollover\" href='https:\/\/www.radiopiu.net\/wordpress\/lindustria-bellunese-nei-periodici-locali-cento-anni-di-storia-del-lavoro-in-provincia\/339099716_901772191055975_4046975368071490889_n\/'><img loading=\"lazy\" decoding=\"async\" width=\"150\" height=\"150\" src=\"https:\/\/www.radiopiu.net\/wordpress\/wp-content\/uploads\/2023\/04\/339099716_901772191055975_4046975368071490889_n-150x150.jpg\" class=\"attachment-thumbnail size-thumbnail\" alt=\"\" \/><\/a>\n\t\t\t\t<\/dt><\/dl><dl class='gallery-item'>\n\t\t\t\t<dt class='gallery-icon landscape'>\n\t\t\t\t\t<a class=\"rollover\" href='https:\/\/www.radiopiu.net\/wordpress\/lindustria-bellunese-nei-periodici-locali-cento-anni-di-storia-del-lavoro-in-provincia\/339385600_618749523089576_5207472867245553425_n\/'><img loading=\"lazy\" decoding=\"async\" width=\"150\" height=\"150\" src=\"https:\/\/www.radiopiu.net\/wordpress\/wp-content\/uploads\/2023\/04\/339385600_618749523089576_5207472867245553425_n-150x150.jpg\" class=\"attachment-thumbnail size-thumbnail\" alt=\"\" \/><\/a>\n\t\t\t\t<\/dt><\/dl><dl class='gallery-item'>\n\t\t\t\t<dt class='gallery-icon landscape'>\n\t\t\t\t\t<a class=\"rollover\" href='https:\/\/www.radiopiu.net\/wordpress\/lindustria-bellunese-nei-periodici-locali-cento-anni-di-storia-del-lavoro-in-provincia\/338557428_1901386276864382_241909418026942985_n\/'><img loading=\"lazy\" decoding=\"async\" width=\"150\" height=\"150\" src=\"https:\/\/www.radiopiu.net\/wordpress\/wp-content\/uploads\/2023\/04\/338557428_1901386276864382_241909418026942985_n-150x150.jpg\" class=\"attachment-thumbnail size-thumbnail\" alt=\"\" \/><\/a>\n\t\t\t\t<\/dt><\/dl><dl class='gallery-item'>\n\t\t\t\t<dt class='gallery-icon landscape'>\n\t\t\t\t\t<a class=\"rollover\" href='https:\/\/www.radiopiu.net\/wordpress\/lindustria-bellunese-nei-periodici-locali-cento-anni-di-storia-del-lavoro-in-provincia\/337680799_206856725464952_867234910574404731_n\/'><img loading=\"lazy\" decoding=\"async\" width=\"150\" height=\"150\" src=\"https:\/\/www.radiopiu.net\/wordpress\/wp-content\/uploads\/2023\/04\/337680799_206856725464952_867234910574404731_n-150x150.jpg\" class=\"attachment-thumbnail size-thumbnail\" alt=\"\" \/><\/a>\n\t\t\t\t<\/dt><\/dl><dl class='gallery-item'>\n\t\t\t\t<dt class='gallery-icon landscape'>\n\t\t\t\t\t<a class=\"rollover\" href='https:\/\/www.radiopiu.net\/wordpress\/lindustria-bellunese-nei-periodici-locali-cento-anni-di-storia-del-lavoro-in-provincia\/339515442_2108916102637301_8254087162976426616_n\/'><img loading=\"lazy\" decoding=\"async\" width=\"150\" height=\"150\" src=\"https:\/\/www.radiopiu.net\/wordpress\/wp-content\/uploads\/2023\/04\/339515442_2108916102637301_8254087162976426616_n-150x150.jpg\" class=\"attachment-thumbnail size-thumbnail\" alt=\"\" \/><\/a>\n\t\t\t\t<\/dt><\/dl><br style=\"clear: both\" \/><dl class='gallery-item'>\n\t\t\t\t<dt class='gallery-icon landscape'>\n\t\t\t\t\t<a class=\"rollover\" href='https:\/\/www.radiopiu.net\/wordpress\/lindustria-bellunese-nei-periodici-locali-cento-anni-di-storia-del-lavoro-in-provincia\/338677886_907545253875734_6534284868316984259_n\/'><img loading=\"lazy\" decoding=\"async\" width=\"150\" height=\"150\" src=\"https:\/\/www.radiopiu.net\/wordpress\/wp-content\/uploads\/2023\/04\/338677886_907545253875734_6534284868316984259_n-150x150.jpg\" class=\"attachment-thumbnail size-thumbnail\" alt=\"\" \/><\/a>\n\t\t\t\t<\/dt><\/dl><dl class='gallery-item'>\n\t\t\t\t<dt class='gallery-icon landscape'>\n\t\t\t\t\t<a class=\"rollover\" href='https:\/\/www.radiopiu.net\/wordpress\/lindustria-bellunese-nei-periodici-locali-cento-anni-di-storia-del-lavoro-in-provincia\/338408678_130745876530415_3206304406975985946_n\/'><img loading=\"lazy\" decoding=\"async\" width=\"150\" height=\"150\" src=\"https:\/\/www.radiopiu.net\/wordpress\/wp-content\/uploads\/2023\/04\/338408678_130745876530415_3206304406975985946_n-150x150.jpg\" class=\"attachment-thumbnail size-thumbnail\" alt=\"\" \/><\/a>\n\t\t\t\t<\/dt><\/dl><dl class='gallery-item'>\n\t\t\t\t<dt class='gallery-icon landscape'>\n\t\t\t\t\t<a class=\"rollover\" href='https:\/\/www.radiopiu.net\/wordpress\/lindustria-bellunese-nei-periodici-locali-cento-anni-di-storia-del-lavoro-in-provincia\/340622511_1274469010174204_1602332944554849345_n\/'><img loading=\"lazy\" decoding=\"async\" width=\"150\" height=\"150\" src=\"https:\/\/www.radiopiu.net\/wordpress\/wp-content\/uploads\/2023\/04\/340622511_1274469010174204_1602332944554849345_n-150x150.jpg\" class=\"attachment-thumbnail size-thumbnail\" alt=\"\" \/><\/a>\n\t\t\t\t<\/dt><\/dl><dl class='gallery-item'>\n\t\t\t\t<dt class='gallery-icon landscape'>\n\t\t\t\t\t<a class=\"rollover\" href='https:\/\/www.radiopiu.net\/wordpress\/lindustria-bellunese-nei-periodici-locali-cento-anni-di-storia-del-lavoro-in-provincia\/339611355_167317142537635_6352626602401926201_n\/'><img loading=\"lazy\" decoding=\"async\" width=\"150\" height=\"150\" src=\"https:\/\/www.radiopiu.net\/wordpress\/wp-content\/uploads\/2023\/04\/339611355_167317142537635_6352626602401926201_n-150x150.jpg\" class=\"attachment-thumbnail size-thumbnail\" alt=\"\" \/><\/a>\n\t\t\t\t<\/dt><\/dl><dl class='gallery-item'>\n\t\t\t\t<dt class='gallery-icon landscape'>\n\t\t\t\t\t<a class=\"rollover\" href='https:\/\/www.radiopiu.net\/wordpress\/lindustria-bellunese-nei-periodici-locali-cento-anni-di-storia-del-lavoro-in-provincia\/338455159_611465400532729_6290698723369721645_n\/'><img loading=\"lazy\" decoding=\"async\" width=\"150\" height=\"150\" src=\"https:\/\/www.radiopiu.net\/wordpress\/wp-content\/uploads\/2023\/04\/338455159_611465400532729_6290698723369721645_n-150x150.jpg\" class=\"attachment-thumbnail size-thumbnail\" alt=\"\" \/><\/a>\n\t\t\t\t<\/dt><\/dl><dl class='gallery-item'>\n\t\t\t\t<dt class='gallery-icon landscape'>\n\t\t\t\t\t<a class=\"rollover\" href='https:\/\/www.radiopiu.net\/wordpress\/lindustria-bellunese-nei-periodici-locali-cento-anni-di-storia-del-lavoro-in-provincia\/338156627_197066313066537_76938451168335659_n\/'><img loading=\"lazy\" decoding=\"async\" width=\"150\" height=\"150\" src=\"https:\/\/www.radiopiu.net\/wordpress\/wp-content\/uploads\/2023\/04\/338156627_197066313066537_76938451168335659_n-150x150.jpg\" class=\"attachment-thumbnail size-thumbnail\" alt=\"\" \/><\/a>\n\t\t\t\t<\/dt><\/dl><dl class='gallery-item'>\n\t\t\t\t<dt class='gallery-icon landscape'>\n\t\t\t\t\t<a class=\"rollover\" href='https:\/\/www.radiopiu.net\/wordpress\/lindustria-bellunese-nei-periodici-locali-cento-anni-di-storia-del-lavoro-in-provincia\/338210468_238230168735427_1352248408753010473_n\/'><img loading=\"lazy\" decoding=\"async\" width=\"150\" height=\"150\" src=\"https:\/\/www.radiopiu.net\/wordpress\/wp-content\/uploads\/2023\/04\/338210468_238230168735427_1352248408753010473_n-150x150.jpg\" class=\"attachment-thumbnail size-thumbnail\" alt=\"\" \/><\/a>\n\t\t\t\t<\/dt><\/dl><dl class='gallery-item'>\n\t\t\t\t<dt class='gallery-icon landscape'>\n\t\t\t\t\t<a class=\"rollover\" href='https:\/\/www.radiopiu.net\/wordpress\/lindustria-bellunese-nei-periodici-locali-cento-anni-di-storia-del-lavoro-in-provincia\/338398154_634650688000229_8465806945936659088_n\/'><img loading=\"lazy\" decoding=\"async\" width=\"150\" height=\"150\" src=\"https:\/\/www.radiopiu.net\/wordpress\/wp-content\/uploads\/2023\/04\/338398154_634650688000229_8465806945936659088_n-150x150.jpg\" class=\"attachment-thumbnail size-thumbnail\" alt=\"\" \/><\/a>\n\t\t\t\t<\/dt><\/dl><br style=\"clear: both\" \/>\n\t\t\t<\/div>\n\n<p>NELLE FOTO (riproduzioni dal libro \u201cL\u2019industria bellunese nei periodici locali\u201d): copertina e ultima di copertina con lo stabilimento calce Sois; mulino di San Vito di Cadore; stabilimento idroterapico Vena d\u2019Oro a fine Ottocento; fonderia Conz con il fondatore; distretto minerario di Valle Imperina; segherie a Termine di Cadore lungo il Piave; latteria-cooperativa di Canale d\u2019Agordo, prima in Italia; Faesite Monte Pelf a Fa\u00e8 Fortogna; lanificio Pozzobon a Feltre; Pastificio di Bribano; Concerie Colle a Borgo Piave Belluno; Tessuti elastici di Feltre; Cartiera di Vas; centrale di Pedesalto; stabilimento della Birra Pedavena.<\/p>\n<p>&nbsp;<\/p>\n<p>&nbsp;<\/p>\n<hr \/>\n<blockquote>\n<h3><\/h3>\n<h3>I NUOVI GRAFFITI A TOCCOL, PARECH E PROMPICAI<\/h3>\n<\/blockquote>\n<p><strong>DI GIANNI SANTOMASO<\/strong><\/p>\n<audio class=\"wp-audio-shortcode\" id=\"audio-330646-5\" preload=\"none\" style=\"width: 100%;\" controls=\"controls\"><source type=\"audio\/mpeg\" src=\"https:\/\/www.radiopiu.net\/wordpress\/wp-content\/uploads\/2023\/04\/GIANNI-GRAFFITI-LE-VILLE.mp3?_=5\" \/><a href=\"https:\/\/www.radiopiu.net\/wordpress\/wp-content\/uploads\/2023\/04\/GIANNI-GRAFFITI-LE-VILLE.mp3\">https:\/\/www.radiopiu.net\/wordpress\/wp-content\/uploads\/2023\/04\/GIANNI-GRAFFITI-LE-VILLE.mp3<\/a><\/audio>\n<p>&nbsp;<\/p>\n<p><strong>AGORDO\u00a0<\/strong>Tre i nuovi graffiti sono stati inaugurati sabato pomeriggio a Toccol (casa Zasso), Parech (casa Costantini) e Prompicai (casa Gaz).<\/p>\n\n\t\t\t<style type='text\/css'>\n\t\t\t\t#gallery-6 {\n\t\t\t\t\tmargin: auto;\n\t\t\t\t}\n\t\t\t\t#gallery-6 .gallery-item {\n\t\t\t\t\tfloat: left;\n\t\t\t\t\tmargin-top: 10px;\n\t\t\t\t\ttext-align: center;\n\t\t\t\t\twidth: 33%;\n\t\t\t\t}\n\t\t\t\t#gallery-6 img {\n\t\t\t\t\tborder: 2px solid #cfcfcf;\n\t\t\t\t}\n\t\t\t\t#gallery-6 .gallery-caption {\n\t\t\t\t\tmargin-left: 0;\n\t\t\t\t}\n\t\t\t\t\/* see gallery_shortcode() in wp-includes\/media.php *\/\n\t\t\t<\/style>\n\t\t<div id='gallery-6' class='dt-gallery-container gallery galleryid-330646 gallery-columns-3 gallery-size-medium'><dl class='gallery-item'>\n\t\t\t\t<dt class='gallery-icon landscape'>\n\t\t\t\t\t<a class=\"rollover rollover-zoom dt-pswp-item\" title=\"1c2aa03a-f86a-46c5-84e6-019f84345886\" data-dt-img-description=\"\" data-large_image_width=\"1024\" data-large_image_height=\"768\"href='https:\/\/www.radiopiu.net\/wordpress\/wp-content\/uploads\/2023\/04\/1c2aa03a-f86a-46c5-84e6-019f84345886.jpg'><img loading=\"lazy\" decoding=\"async\" width=\"300\" height=\"225\" src=\"https:\/\/www.radiopiu.net\/wordpress\/wp-content\/uploads\/2023\/04\/1c2aa03a-f86a-46c5-84e6-019f84345886-300x225.jpg\" class=\"attachment-medium size-medium\" alt=\"\" srcset=\"https:\/\/www.radiopiu.net\/wordpress\/wp-content\/uploads\/2023\/04\/1c2aa03a-f86a-46c5-84e6-019f84345886-300x225.jpg 300w, https:\/\/www.radiopiu.net\/wordpress\/wp-content\/uploads\/2023\/04\/1c2aa03a-f86a-46c5-84e6-019f84345886-768x576.jpg 768w, https:\/\/www.radiopiu.net\/wordpress\/wp-content\/uploads\/2023\/04\/1c2aa03a-f86a-46c5-84e6-019f84345886.jpg 1024w\" sizes=\"auto, (max-width: 300px) 100vw, 300px\" \/><\/a>\n\t\t\t\t<\/dt><\/dl><dl class='gallery-item'>\n\t\t\t\t<dt class='gallery-icon portrait'>\n\t\t\t\t\t<a class=\"rollover rollover-zoom dt-pswp-item\" title=\"49480e63-97cc-40c2-8724-47e85ee46efd\" data-dt-img-description=\"\" data-large_image_width=\"768\" data-large_image_height=\"1024\"href='https:\/\/www.radiopiu.net\/wordpress\/wp-content\/uploads\/2023\/04\/49480e63-97cc-40c2-8724-47e85ee46efd.jpg'><img loading=\"lazy\" decoding=\"async\" width=\"225\" height=\"300\" src=\"https:\/\/www.radiopiu.net\/wordpress\/wp-content\/uploads\/2023\/04\/49480e63-97cc-40c2-8724-47e85ee46efd-225x300.jpg\" class=\"attachment-medium size-medium\" alt=\"\" srcset=\"https:\/\/www.radiopiu.net\/wordpress\/wp-content\/uploads\/2023\/04\/49480e63-97cc-40c2-8724-47e85ee46efd-225x300.jpg 225w, https:\/\/www.radiopiu.net\/wordpress\/wp-content\/uploads\/2023\/04\/49480e63-97cc-40c2-8724-47e85ee46efd.jpg 768w\" sizes=\"auto, (max-width: 225px) 100vw, 225px\" \/><\/a>\n\t\t\t\t<\/dt><\/dl><dl class='gallery-item'>\n\t\t\t\t<dt class='gallery-icon landscape'>\n\t\t\t\t\t<a class=\"rollover rollover-zoom dt-pswp-item\" title=\"c9380a9c-19e6-46d6-8412-3b2b42b0f65d\" data-dt-img-description=\"\" data-large_image_width=\"1024\" data-large_image_height=\"576\"href='https:\/\/www.radiopiu.net\/wordpress\/wp-content\/uploads\/2023\/04\/c9380a9c-19e6-46d6-8412-3b2b42b0f65d.jpg'><img loading=\"lazy\" decoding=\"async\" width=\"300\" height=\"169\" src=\"https:\/\/www.radiopiu.net\/wordpress\/wp-content\/uploads\/2023\/04\/c9380a9c-19e6-46d6-8412-3b2b42b0f65d-300x169.jpg\" class=\"attachment-medium size-medium\" alt=\"\" srcset=\"https:\/\/www.radiopiu.net\/wordpress\/wp-content\/uploads\/2023\/04\/c9380a9c-19e6-46d6-8412-3b2b42b0f65d-300x169.jpg 300w, https:\/\/www.radiopiu.net\/wordpress\/wp-content\/uploads\/2023\/04\/c9380a9c-19e6-46d6-8412-3b2b42b0f65d-768x432.jpg 768w, https:\/\/www.radiopiu.net\/wordpress\/wp-content\/uploads\/2023\/04\/c9380a9c-19e6-46d6-8412-3b2b42b0f65d.jpg 1024w\" sizes=\"auto, (max-width: 300px) 100vw, 300px\" \/><\/a>\n\t\t\t\t<\/dt><\/dl><br style=\"clear: both\" \/><dl class='gallery-item'>\n\t\t\t\t<dt class='gallery-icon landscape'>\n\t\t\t\t\t<a class=\"rollover rollover-zoom dt-pswp-item\" title=\"c3a5efb2-33b0-4b17-ab86-52ee52134253\" data-dt-img-description=\"\" data-large_image_width=\"1024\" data-large_image_height=\"576\"href='https:\/\/www.radiopiu.net\/wordpress\/wp-content\/uploads\/2023\/04\/c3a5efb2-33b0-4b17-ab86-52ee52134253.jpg'><img loading=\"lazy\" decoding=\"async\" width=\"300\" height=\"169\" src=\"https:\/\/www.radiopiu.net\/wordpress\/wp-content\/uploads\/2023\/04\/c3a5efb2-33b0-4b17-ab86-52ee52134253-300x169.jpg\" class=\"attachment-medium size-medium\" alt=\"\" srcset=\"https:\/\/www.radiopiu.net\/wordpress\/wp-content\/uploads\/2023\/04\/c3a5efb2-33b0-4b17-ab86-52ee52134253-300x169.jpg 300w, https:\/\/www.radiopiu.net\/wordpress\/wp-content\/uploads\/2023\/04\/c3a5efb2-33b0-4b17-ab86-52ee52134253-768x432.jpg 768w, https:\/\/www.radiopiu.net\/wordpress\/wp-content\/uploads\/2023\/04\/c3a5efb2-33b0-4b17-ab86-52ee52134253.jpg 1024w\" sizes=\"auto, (max-width: 300px) 100vw, 300px\" \/><\/a>\n\t\t\t\t<\/dt><\/dl><dl class='gallery-item'>\n\t\t\t\t<dt class='gallery-icon landscape'>\n\t\t\t\t\t<a class=\"rollover rollover-zoom dt-pswp-item\" title=\"4d483e48-72de-4014-85ce-3dbc0d06dab1\" data-dt-img-description=\"\" data-large_image_width=\"1024\" data-large_image_height=\"576\"href='https:\/\/www.radiopiu.net\/wordpress\/wp-content\/uploads\/2023\/04\/4d483e48-72de-4014-85ce-3dbc0d06dab1.jpg'><img loading=\"lazy\" decoding=\"async\" width=\"300\" height=\"169\" src=\"https:\/\/www.radiopiu.net\/wordpress\/wp-content\/uploads\/2023\/04\/4d483e48-72de-4014-85ce-3dbc0d06dab1-300x169.jpg\" class=\"attachment-medium size-medium\" alt=\"\" srcset=\"https:\/\/www.radiopiu.net\/wordpress\/wp-content\/uploads\/2023\/04\/4d483e48-72de-4014-85ce-3dbc0d06dab1-300x169.jpg 300w, https:\/\/www.radiopiu.net\/wordpress\/wp-content\/uploads\/2023\/04\/4d483e48-72de-4014-85ce-3dbc0d06dab1-768x432.jpg 768w, https:\/\/www.radiopiu.net\/wordpress\/wp-content\/uploads\/2023\/04\/4d483e48-72de-4014-85ce-3dbc0d06dab1.jpg 1024w\" sizes=\"auto, (max-width: 300px) 100vw, 300px\" \/><\/a>\n\t\t\t\t<\/dt><\/dl><dl class='gallery-item'>\n\t\t\t\t<dt class='gallery-icon landscape'>\n\t\t\t\t\t<a class=\"rollover rollover-zoom dt-pswp-item\" title=\"216d5029-bd58-4bd0-b257-50d32bb8e41b\" data-dt-img-description=\"\" data-large_image_width=\"1024\" data-large_image_height=\"576\"href='https:\/\/www.radiopiu.net\/wordpress\/wp-content\/uploads\/2023\/04\/216d5029-bd58-4bd0-b257-50d32bb8e41b.jpg'><img loading=\"lazy\" decoding=\"async\" width=\"300\" height=\"169\" src=\"https:\/\/www.radiopiu.net\/wordpress\/wp-content\/uploads\/2023\/04\/216d5029-bd58-4bd0-b257-50d32bb8e41b-300x169.jpg\" class=\"attachment-medium size-medium\" alt=\"\" srcset=\"https:\/\/www.radiopiu.net\/wordpress\/wp-content\/uploads\/2023\/04\/216d5029-bd58-4bd0-b257-50d32bb8e41b-300x169.jpg 300w, https:\/\/www.radiopiu.net\/wordpress\/wp-content\/uploads\/2023\/04\/216d5029-bd58-4bd0-b257-50d32bb8e41b-768x432.jpg 768w, https:\/\/www.radiopiu.net\/wordpress\/wp-content\/uploads\/2023\/04\/216d5029-bd58-4bd0-b257-50d32bb8e41b.jpg 1024w\" sizes=\"auto, (max-width: 300px) 100vw, 300px\" \/><\/a>\n\t\t\t\t<\/dt><\/dl><br style=\"clear: both\" \/>\n\t\t\t<\/div>\n\n<p><strong>\u00a0<\/strong><\/p>\n<p><span style=\"color: #ff0000;\"><strong>LA DIRETTA RADIO PIU&#8217;\u00a0<\/strong><\/span><\/p>\n<p><strong>VIDEO 1 &#8211; Graffito Casa Zasso a Toccol<\/strong><\/p>\n<p>https:\/\/www.facebook.com\/marco.baghy.1\/videos\/966243824368884<\/p>\n<p>&nbsp;<\/p>\n<p><strong>VIDEO 2 &#8211; Graffito Casa Costantini a Parech e Graffito Casa Gaz a Prompicai<\/strong><\/p>\n<p>https:\/\/www.facebook.com\/marco.baghy.1\/videos\/579516253940083<\/p>\n<p>&nbsp;<\/p>\n<hr \/>\n<p>&nbsp;<\/p>\n<blockquote>\n<h3><a class=\"dt-pswp-item\" href=\"https:\/\/www.radiopiu.net\/wordpress\/wp-content\/uploads\/2018\/02\/CHIESA-AGORDO.jpg\" data-dt-img-description=\"\" data-large_image_width=\"250\" data-large_image_height=\"324\"><img loading=\"lazy\" decoding=\"async\" class=\" wp-image-43008 alignleft\" src=\"https:\/\/www.radiopiu.net\/wordpress\/wp-content\/uploads\/2018\/02\/CHIESA-AGORDO-231x300.jpg\" alt=\"\" width=\"94\" height=\"122\" srcset=\"https:\/\/www.radiopiu.net\/wordpress\/wp-content\/uploads\/2018\/02\/CHIESA-AGORDO-231x300.jpg 231w, https:\/\/www.radiopiu.net\/wordpress\/wp-content\/uploads\/2018\/02\/CHIESA-AGORDO.jpg 250w\" sizes=\"auto, (max-width: 94px) 100vw, 94px\" \/><\/a>LA SANTA MESSA DI PASQUA DALLA CHIESA ARCIDIACONALE DI AGORDO<\/h3>\n<\/blockquote>\n<p><strong>REDAZIONE<\/strong> Come sempre, nella giornata di Pasqua Radio Pi\u00f9 ha trasmesso in diretta la Santa Messa dalla Chiesa Arcidiaconale di Agordo, quest&#8217;anno celebrata da Don Virgilio<\/p>\n<p><strong>LA SANTA MESSA DI PASQUA 2023<\/strong><\/p>\n<audio class=\"wp-audio-shortcode\" id=\"audio-330646-6\" preload=\"none\" style=\"width: 100%;\" controls=\"controls\"><source type=\"audio\/mpeg\" src=\"https:\/\/www.radiopiu.net\/wordpress\/wp-content\/uploads\/2023\/04\/MESSA-PASQUA-2023.mp3?_=6\" \/><a href=\"https:\/\/www.radiopiu.net\/wordpress\/wp-content\/uploads\/2023\/04\/MESSA-PASQUA-2023.mp3\">https:\/\/www.radiopiu.net\/wordpress\/wp-content\/uploads\/2023\/04\/MESSA-PASQUA-2023.mp3<\/a><\/audio>\n<p>&nbsp;<\/p>\n<hr \/>\n<p>&nbsp;<\/p>\n<blockquote>\n<h3>LOTTERIA SAGRA DE PASCA 2023 &#8211; I NUMERI VINCENTI<\/h3>\n<\/blockquote>\n<p><strong>REDAZIONE<\/strong> Sotto al tendone della Sagra de Pasca di Taibon Agordino sono stati estratti i numeri vincenti della lotteria.<\/p>\n<p><strong>IL VIDEO DAL TENDONE DELLA SAGRA DE PASCA<\/strong><\/p>\n<p>https:\/\/www.facebook.com\/marco.baghy.1\/videos\/192454606869340<\/p>\n<p>&nbsp;<\/p>\n<p><strong>ECCO I NUMERI VINCENTI<\/strong><\/p>\n<a href=\"https:\/\/www.radiopiu.net\/wordpress\/wp-content\/uploads\/2023\/04\/ESTRAZIONE-FINALE.pdf\" class=\"pdfemb-viewer\" style=\"\" data-width=\"max\" data-height=\"max\" data-toolbar=\"top\" data-toolbar-fixed=\"on\">ESTRAZIONE FINALE<\/a>\n<p>&nbsp;<\/p>\n<hr \/>\n<p>&nbsp;<\/p>\n<blockquote>\n<h3>SAN VINCENZO 2023&#8230;LA SAGRA DEL FANCIULLO AD AGORDO<\/h3>\n<\/blockquote>\n<p><strong>AGORDO<\/strong> Nel giorno di Pasquetta \u00e8 ormai tradizione festeggiare tra le vie di Toccol, Prompicai e Parech. Tra il mercatino, i chioschi del US Le Ville e i Pop fino ad arrivare al Molin de la Pipi.<\/p>\n\n\t\t\t<style type='text\/css'>\n\t\t\t\t#gallery-7 {\n\t\t\t\t\tmargin: auto;\n\t\t\t\t}\n\t\t\t\t#gallery-7 .gallery-item {\n\t\t\t\t\tfloat: left;\n\t\t\t\t\tmargin-top: 10px;\n\t\t\t\t\ttext-align: center;\n\t\t\t\t\twidth: 16%;\n\t\t\t\t}\n\t\t\t\t#gallery-7 img {\n\t\t\t\t\tborder: 2px solid #cfcfcf;\n\t\t\t\t}\n\t\t\t\t#gallery-7 .gallery-caption {\n\t\t\t\t\tmargin-left: 0;\n\t\t\t\t}\n\t\t\t\t\/* see gallery_shortcode() in wp-includes\/media.php *\/\n\t\t\t<\/style>\n\t\t<div id='gallery-7' class='dt-gallery-container gallery galleryid-330646 gallery-columns-6 gallery-size-thumbnail'><dl class='gallery-item'>\n\t\t\t\t<dt class='gallery-icon landscape'>\n\t\t\t\t\t<a class=\"rollover rollover-zoom dt-pswp-item\" title=\"e5f87afe-b8c0-4649-a4a7-a06fba864227\" data-dt-img-description=\"\" data-large_image_width=\"1024\" data-large_image_height=\"768\"href='https:\/\/www.radiopiu.net\/wordpress\/wp-content\/uploads\/2023\/04\/e5f87afe-b8c0-4649-a4a7-a06fba864227.jpg'><img loading=\"lazy\" decoding=\"async\" width=\"150\" height=\"150\" src=\"https:\/\/www.radiopiu.net\/wordpress\/wp-content\/uploads\/2023\/04\/e5f87afe-b8c0-4649-a4a7-a06fba864227-150x150.jpg\" class=\"attachment-thumbnail size-thumbnail\" alt=\"\" \/><\/a>\n\t\t\t\t<\/dt><\/dl><dl class='gallery-item'>\n\t\t\t\t<dt class='gallery-icon landscape'>\n\t\t\t\t\t<a class=\"rollover rollover-zoom dt-pswp-item\" title=\"994ad4a1-02c3-4426-996e-f7df62d158e2\" data-dt-img-description=\"\" data-large_image_width=\"1024\" data-large_image_height=\"768\"href='https:\/\/www.radiopiu.net\/wordpress\/wp-content\/uploads\/2023\/04\/994ad4a1-02c3-4426-996e-f7df62d158e2.jpg'><img loading=\"lazy\" decoding=\"async\" width=\"150\" height=\"150\" src=\"https:\/\/www.radiopiu.net\/wordpress\/wp-content\/uploads\/2023\/04\/994ad4a1-02c3-4426-996e-f7df62d158e2-150x150.jpg\" class=\"attachment-thumbnail size-thumbnail\" alt=\"\" \/><\/a>\n\t\t\t\t<\/dt><\/dl><dl class='gallery-item'>\n\t\t\t\t<dt class='gallery-icon landscape'>\n\t\t\t\t\t<a class=\"rollover rollover-zoom dt-pswp-item\" title=\"169743e2-565d-4569-a332-f6eb53b5c6e3\" data-dt-img-description=\"\" data-large_image_width=\"1024\" data-large_image_height=\"768\"href='https:\/\/www.radiopiu.net\/wordpress\/wp-content\/uploads\/2023\/04\/169743e2-565d-4569-a332-f6eb53b5c6e3.jpg'><img loading=\"lazy\" decoding=\"async\" width=\"150\" height=\"150\" src=\"https:\/\/www.radiopiu.net\/wordpress\/wp-content\/uploads\/2023\/04\/169743e2-565d-4569-a332-f6eb53b5c6e3-150x150.jpg\" class=\"attachment-thumbnail size-thumbnail\" alt=\"\" \/><\/a>\n\t\t\t\t<\/dt><\/dl><dl class='gallery-item'>\n\t\t\t\t<dt class='gallery-icon landscape'>\n\t\t\t\t\t<a class=\"rollover rollover-zoom dt-pswp-item\" title=\"54d3eb9e-c8f5-4f95-b175-401e97f6fc7b\" data-dt-img-description=\"\" data-large_image_width=\"1024\" data-large_image_height=\"768\"href='https:\/\/www.radiopiu.net\/wordpress\/wp-content\/uploads\/2023\/04\/54d3eb9e-c8f5-4f95-b175-401e97f6fc7b.jpg'><img loading=\"lazy\" decoding=\"async\" width=\"150\" height=\"150\" src=\"https:\/\/www.radiopiu.net\/wordpress\/wp-content\/uploads\/2023\/04\/54d3eb9e-c8f5-4f95-b175-401e97f6fc7b-150x150.jpg\" class=\"attachment-thumbnail size-thumbnail\" alt=\"\" \/><\/a>\n\t\t\t\t<\/dt><\/dl><dl class='gallery-item'>\n\t\t\t\t<dt class='gallery-icon landscape'>\n\t\t\t\t\t<a class=\"rollover rollover-zoom dt-pswp-item\" title=\"52889bbc-b609-46ad-95f4-412cd29f904b\" data-dt-img-description=\"\" data-large_image_width=\"1024\" data-large_image_height=\"972\"href='https:\/\/www.radiopiu.net\/wordpress\/wp-content\/uploads\/2023\/04\/52889bbc-b609-46ad-95f4-412cd29f904b.jpg'><img loading=\"lazy\" decoding=\"async\" width=\"150\" height=\"150\" src=\"https:\/\/www.radiopiu.net\/wordpress\/wp-content\/uploads\/2023\/04\/52889bbc-b609-46ad-95f4-412cd29f904b-150x150.jpg\" class=\"attachment-thumbnail size-thumbnail\" alt=\"\" \/><\/a>\n\t\t\t\t<\/dt><\/dl><dl class='gallery-item'>\n\t\t\t\t<dt class='gallery-icon landscape'>\n\t\t\t\t\t<a class=\"rollover rollover-zoom dt-pswp-item\" title=\"eab39a0f-d254-4158-8f3d-7d69825c2f39\" data-dt-img-description=\"\" data-large_image_width=\"1024\" data-large_image_height=\"768\"href='https:\/\/www.radiopiu.net\/wordpress\/wp-content\/uploads\/2023\/04\/eab39a0f-d254-4158-8f3d-7d69825c2f39.jpg'><img loading=\"lazy\" decoding=\"async\" width=\"150\" height=\"150\" src=\"https:\/\/www.radiopiu.net\/wordpress\/wp-content\/uploads\/2023\/04\/eab39a0f-d254-4158-8f3d-7d69825c2f39-150x150.jpg\" class=\"attachment-thumbnail size-thumbnail\" alt=\"\" \/><\/a>\n\t\t\t\t<\/dt><\/dl><br style=\"clear: both\" \/><dl class='gallery-item'>\n\t\t\t\t<dt class='gallery-icon landscape'>\n\t\t\t\t\t<a class=\"rollover rollover-zoom dt-pswp-item\" title=\"e26f2319-958b-4514-a140-8257c06c89a3\" data-dt-img-description=\"\" data-large_image_width=\"1024\" data-large_image_height=\"768\"href='https:\/\/www.radiopiu.net\/wordpress\/wp-content\/uploads\/2023\/04\/e26f2319-958b-4514-a140-8257c06c89a3.jpg'><img loading=\"lazy\" decoding=\"async\" width=\"150\" height=\"150\" src=\"https:\/\/www.radiopiu.net\/wordpress\/wp-content\/uploads\/2023\/04\/e26f2319-958b-4514-a140-8257c06c89a3-150x150.jpg\" class=\"attachment-thumbnail size-thumbnail\" alt=\"\" \/><\/a>\n\t\t\t\t<\/dt><\/dl><dl class='gallery-item'>\n\t\t\t\t<dt class='gallery-icon landscape'>\n\t\t\t\t\t<a class=\"rollover rollover-zoom dt-pswp-item\" title=\"58e1a9c5-d263-4ccf-8aed-95e8da95d06c\" data-dt-img-description=\"\" data-large_image_width=\"1024\" data-large_image_height=\"919\"href='https:\/\/www.radiopiu.net\/wordpress\/wp-content\/uploads\/2023\/04\/58e1a9c5-d263-4ccf-8aed-95e8da95d06c.jpg'><img loading=\"lazy\" decoding=\"async\" width=\"150\" height=\"150\" src=\"https:\/\/www.radiopiu.net\/wordpress\/wp-content\/uploads\/2023\/04\/58e1a9c5-d263-4ccf-8aed-95e8da95d06c-150x150.jpg\" class=\"attachment-thumbnail size-thumbnail\" alt=\"\" \/><\/a>\n\t\t\t\t<\/dt><\/dl><dl class='gallery-item'>\n\t\t\t\t<dt class='gallery-icon portrait'>\n\t\t\t\t\t<a class=\"rollover rollover-zoom dt-pswp-item\" title=\"87fa5e35-da21-4fd3-922e-e94b3f6cb788\" data-dt-img-description=\"\" data-large_image_width=\"736\" data-large_image_height=\"1024\"href='https:\/\/www.radiopiu.net\/wordpress\/wp-content\/uploads\/2023\/04\/87fa5e35-da21-4fd3-922e-e94b3f6cb788.jpg'><img loading=\"lazy\" decoding=\"async\" width=\"150\" height=\"150\" src=\"https:\/\/www.radiopiu.net\/wordpress\/wp-content\/uploads\/2023\/04\/87fa5e35-da21-4fd3-922e-e94b3f6cb788-150x150.jpg\" class=\"attachment-thumbnail size-thumbnail\" alt=\"\" \/><\/a>\n\t\t\t\t<\/dt><\/dl><dl class='gallery-item'>\n\t\t\t\t<dt class='gallery-icon portrait'>\n\t\t\t\t\t<a class=\"rollover rollover-zoom dt-pswp-item\" title=\"693fdfbe-e3b6-4f97-9d38-446b6a5b26b3\" data-dt-img-description=\"\" data-large_image_width=\"988\" data-large_image_height=\"1024\"href='https:\/\/www.radiopiu.net\/wordpress\/wp-content\/uploads\/2023\/04\/693fdfbe-e3b6-4f97-9d38-446b6a5b26b3.jpg'><img loading=\"lazy\" decoding=\"async\" width=\"150\" height=\"150\" src=\"https:\/\/www.radiopiu.net\/wordpress\/wp-content\/uploads\/2023\/04\/693fdfbe-e3b6-4f97-9d38-446b6a5b26b3-150x150.jpg\" class=\"attachment-thumbnail size-thumbnail\" alt=\"\" \/><\/a>\n\t\t\t\t<\/dt><\/dl><dl class='gallery-item'>\n\t\t\t\t<dt class='gallery-icon landscape'>\n\t\t\t\t\t<a class=\"rollover rollover-zoom dt-pswp-item\" title=\"8673b956-9212-4b8a-bbdd-9dfadfdb9c2b\" data-dt-img-description=\"\" data-large_image_width=\"1024\" data-large_image_height=\"768\"href='https:\/\/www.radiopiu.net\/wordpress\/wp-content\/uploads\/2023\/04\/8673b956-9212-4b8a-bbdd-9dfadfdb9c2b.jpg'><img loading=\"lazy\" decoding=\"async\" width=\"150\" height=\"150\" src=\"https:\/\/www.radiopiu.net\/wordpress\/wp-content\/uploads\/2023\/04\/8673b956-9212-4b8a-bbdd-9dfadfdb9c2b-150x150.jpg\" class=\"attachment-thumbnail size-thumbnail\" alt=\"\" \/><\/a>\n\t\t\t\t<\/dt><\/dl><dl class='gallery-item'>\n\t\t\t\t<dt class='gallery-icon landscape'>\n\t\t\t\t\t<a class=\"rollover rollover-zoom dt-pswp-item\" title=\"04dd7125-9e75-4058-a251-95db17ff5ff9\" data-dt-img-description=\"\" data-large_image_width=\"1024\" data-large_image_height=\"768\"href='https:\/\/www.radiopiu.net\/wordpress\/wp-content\/uploads\/2023\/04\/04dd7125-9e75-4058-a251-95db17ff5ff9.jpg'><img loading=\"lazy\" decoding=\"async\" width=\"150\" height=\"150\" src=\"https:\/\/www.radiopiu.net\/wordpress\/wp-content\/uploads\/2023\/04\/04dd7125-9e75-4058-a251-95db17ff5ff9-150x150.jpg\" class=\"attachment-thumbnail size-thumbnail\" alt=\"\" \/><\/a>\n\t\t\t\t<\/dt><\/dl><br style=\"clear: both\" \/><dl class='gallery-item'>\n\t\t\t\t<dt class='gallery-icon landscape'>\n\t\t\t\t\t<a class=\"rollover rollover-zoom dt-pswp-item\" title=\"ba3dd34b-54b3-4cb0-a1bb-2391bb7c8c34\" data-dt-img-description=\"\" data-large_image_width=\"1024\" data-large_image_height=\"768\"href='https:\/\/www.radiopiu.net\/wordpress\/wp-content\/uploads\/2023\/04\/ba3dd34b-54b3-4cb0-a1bb-2391bb7c8c34.jpg'><img loading=\"lazy\" decoding=\"async\" width=\"150\" height=\"150\" src=\"https:\/\/www.radiopiu.net\/wordpress\/wp-content\/uploads\/2023\/04\/ba3dd34b-54b3-4cb0-a1bb-2391bb7c8c34-150x150.jpg\" class=\"attachment-thumbnail size-thumbnail\" alt=\"\" \/><\/a>\n\t\t\t\t<\/dt><\/dl><dl class='gallery-item'>\n\t\t\t\t<dt class='gallery-icon landscape'>\n\t\t\t\t\t<a class=\"rollover rollover-zoom dt-pswp-item\" title=\"49c73a65-6ec3-48ee-926a-e1beb6ff6cac\" data-dt-img-description=\"\" data-large_image_width=\"1024\" data-large_image_height=\"768\"href='https:\/\/www.radiopiu.net\/wordpress\/wp-content\/uploads\/2023\/04\/49c73a65-6ec3-48ee-926a-e1beb6ff6cac.jpg'><img loading=\"lazy\" decoding=\"async\" width=\"150\" height=\"150\" src=\"https:\/\/www.radiopiu.net\/wordpress\/wp-content\/uploads\/2023\/04\/49c73a65-6ec3-48ee-926a-e1beb6ff6cac-150x150.jpg\" class=\"attachment-thumbnail size-thumbnail\" alt=\"\" \/><\/a>\n\t\t\t\t<\/dt><\/dl><dl class='gallery-item'>\n\t\t\t\t<dt class='gallery-icon landscape'>\n\t\t\t\t\t<a class=\"rollover rollover-zoom dt-pswp-item\" title=\"d3f751df-3f5a-4781-ae56-36b17619ce4a\" data-dt-img-description=\"\" data-large_image_width=\"1024\" data-large_image_height=\"768\"href='https:\/\/www.radiopiu.net\/wordpress\/wp-content\/uploads\/2023\/04\/d3f751df-3f5a-4781-ae56-36b17619ce4a.jpg'><img loading=\"lazy\" decoding=\"async\" width=\"150\" height=\"150\" src=\"https:\/\/www.radiopiu.net\/wordpress\/wp-content\/uploads\/2023\/04\/d3f751df-3f5a-4781-ae56-36b17619ce4a-150x150.jpg\" class=\"attachment-thumbnail size-thumbnail\" alt=\"\" \/><\/a>\n\t\t\t\t<\/dt><\/dl><dl class='gallery-item'>\n\t\t\t\t<dt class='gallery-icon landscape'>\n\t\t\t\t\t<a class=\"rollover rollover-zoom dt-pswp-item\" title=\"10b26ef1-dce7-4a14-805d-8c649283d770\" data-dt-img-description=\"\" data-large_image_width=\"1024\" data-large_image_height=\"768\"href='https:\/\/www.radiopiu.net\/wordpress\/wp-content\/uploads\/2023\/04\/10b26ef1-dce7-4a14-805d-8c649283d770.jpg'><img loading=\"lazy\" decoding=\"async\" width=\"150\" height=\"150\" src=\"https:\/\/www.radiopiu.net\/wordpress\/wp-content\/uploads\/2023\/04\/10b26ef1-dce7-4a14-805d-8c649283d770-150x150.jpg\" class=\"attachment-thumbnail size-thumbnail\" alt=\"\" \/><\/a>\n\t\t\t\t<\/dt><\/dl><dl class='gallery-item'>\n\t\t\t\t<dt class='gallery-icon landscape'>\n\t\t\t\t\t<a class=\"rollover rollover-zoom dt-pswp-item\" title=\"a0c5df68-4db2-48be-b9d7-b1f2df851860\" data-dt-img-description=\"\" data-large_image_width=\"1024\" data-large_image_height=\"768\"href='https:\/\/www.radiopiu.net\/wordpress\/wp-content\/uploads\/2023\/04\/a0c5df68-4db2-48be-b9d7-b1f2df851860.jpg'><img loading=\"lazy\" decoding=\"async\" width=\"150\" height=\"150\" src=\"https:\/\/www.radiopiu.net\/wordpress\/wp-content\/uploads\/2023\/04\/a0c5df68-4db2-48be-b9d7-b1f2df851860-150x150.jpg\" class=\"attachment-thumbnail size-thumbnail\" alt=\"\" \/><\/a>\n\t\t\t\t<\/dt><\/dl><dl class='gallery-item'>\n\t\t\t\t<dt class='gallery-icon portrait'>\n\t\t\t\t\t<a class=\"rollover rollover-zoom dt-pswp-item\" title=\"9a5f12aa-f928-4f72-926b-8ded7bea7dd8\" data-dt-img-description=\"\" data-large_image_width=\"784\" data-large_image_height=\"1024\"href='https:\/\/www.radiopiu.net\/wordpress\/wp-content\/uploads\/2023\/04\/9a5f12aa-f928-4f72-926b-8ded7bea7dd8.jpg'><img loading=\"lazy\" decoding=\"async\" width=\"150\" height=\"150\" src=\"https:\/\/www.radiopiu.net\/wordpress\/wp-content\/uploads\/2023\/04\/9a5f12aa-f928-4f72-926b-8ded7bea7dd8-150x150.jpg\" class=\"attachment-thumbnail size-thumbnail\" alt=\"\" \/><\/a>\n\t\t\t\t<\/dt><\/dl><br style=\"clear: both\" \/><dl class='gallery-item'>\n\t\t\t\t<dt class='gallery-icon landscape'>\n\t\t\t\t\t<a class=\"rollover rollover-zoom dt-pswp-item\" title=\"382462bd-9941-47da-aa03-4762c28ac098\" data-dt-img-description=\"\" data-large_image_width=\"1024\" data-large_image_height=\"897\"href='https:\/\/www.radiopiu.net\/wordpress\/wp-content\/uploads\/2023\/04\/382462bd-9941-47da-aa03-4762c28ac098.jpg'><img loading=\"lazy\" decoding=\"async\" width=\"150\" height=\"150\" src=\"https:\/\/www.radiopiu.net\/wordpress\/wp-content\/uploads\/2023\/04\/382462bd-9941-47da-aa03-4762c28ac098-150x150.jpg\" class=\"attachment-thumbnail size-thumbnail\" alt=\"\" \/><\/a>\n\t\t\t\t<\/dt><\/dl><dl class='gallery-item'>\n\t\t\t\t<dt class='gallery-icon portrait'>\n\t\t\t\t\t<a class=\"rollover rollover-zoom dt-pswp-item\" title=\"6b841347-2c5e-4966-a4e4-6b6cd978bc5a\" data-dt-img-description=\"\" data-large_image_width=\"708\" data-large_image_height=\"1024\"href='https:\/\/www.radiopiu.net\/wordpress\/wp-content\/uploads\/2023\/04\/6b841347-2c5e-4966-a4e4-6b6cd978bc5a.jpg'><img loading=\"lazy\" decoding=\"async\" width=\"150\" height=\"150\" src=\"https:\/\/www.radiopiu.net\/wordpress\/wp-content\/uploads\/2023\/04\/6b841347-2c5e-4966-a4e4-6b6cd978bc5a-150x150.jpg\" class=\"attachment-thumbnail size-thumbnail\" alt=\"\" \/><\/a>\n\t\t\t\t<\/dt><\/dl><dl class='gallery-item'>\n\t\t\t\t<dt class='gallery-icon landscape'>\n\t\t\t\t\t<a class=\"rollover rollover-zoom dt-pswp-item\" title=\"f27336f7-7214-4212-8417-1957b471511e\" data-dt-img-description=\"\" data-large_image_width=\"1024\" data-large_image_height=\"768\"href='https:\/\/www.radiopiu.net\/wordpress\/wp-content\/uploads\/2023\/04\/f27336f7-7214-4212-8417-1957b471511e.jpg'><img loading=\"lazy\" decoding=\"async\" width=\"150\" height=\"150\" src=\"https:\/\/www.radiopiu.net\/wordpress\/wp-content\/uploads\/2023\/04\/f27336f7-7214-4212-8417-1957b471511e-150x150.jpg\" class=\"attachment-thumbnail size-thumbnail\" alt=\"\" \/><\/a>\n\t\t\t\t<\/dt><\/dl><dl class='gallery-item'>\n\t\t\t\t<dt class='gallery-icon landscape'>\n\t\t\t\t\t<a class=\"rollover rollover-zoom dt-pswp-item\" title=\"8b0d515d-23dd-4b53-b87d-c49ae6d1438c\" data-dt-img-description=\"\" data-large_image_width=\"1024\" data-large_image_height=\"912\"href='https:\/\/www.radiopiu.net\/wordpress\/wp-content\/uploads\/2023\/04\/8b0d515d-23dd-4b53-b87d-c49ae6d1438c.jpg'><img loading=\"lazy\" decoding=\"async\" width=\"150\" height=\"150\" src=\"https:\/\/www.radiopiu.net\/wordpress\/wp-content\/uploads\/2023\/04\/8b0d515d-23dd-4b53-b87d-c49ae6d1438c-150x150.jpg\" class=\"attachment-thumbnail size-thumbnail\" alt=\"\" \/><\/a>\n\t\t\t\t<\/dt><\/dl><dl class='gallery-item'>\n\t\t\t\t<dt class='gallery-icon landscape'>\n\t\t\t\t\t<a class=\"rollover rollover-zoom dt-pswp-item\" title=\"efededbc-5d9e-421b-9874-0211b784f651\" data-dt-img-description=\"\" data-large_image_width=\"1024\" data-large_image_height=\"768\"href='https:\/\/www.radiopiu.net\/wordpress\/wp-content\/uploads\/2023\/04\/efededbc-5d9e-421b-9874-0211b784f651.jpg'><img loading=\"lazy\" decoding=\"async\" width=\"150\" height=\"150\" src=\"https:\/\/www.radiopiu.net\/wordpress\/wp-content\/uploads\/2023\/04\/efededbc-5d9e-421b-9874-0211b784f651-150x150.jpg\" class=\"attachment-thumbnail size-thumbnail\" alt=\"\" \/><\/a>\n\t\t\t\t<\/dt><\/dl><dl class='gallery-item'>\n\t\t\t\t<dt class='gallery-icon landscape'>\n\t\t\t\t\t<a class=\"rollover rollover-zoom dt-pswp-item\" title=\"efededbc-5d9e-421b-9874-0211b784f651-1\" data-dt-img-description=\"\" data-large_image_width=\"1024\" data-large_image_height=\"768\"href='https:\/\/www.radiopiu.net\/wordpress\/wp-content\/uploads\/2023\/04\/efededbc-5d9e-421b-9874-0211b784f651-1.jpg'><img loading=\"lazy\" decoding=\"async\" width=\"150\" height=\"150\" src=\"https:\/\/www.radiopiu.net\/wordpress\/wp-content\/uploads\/2023\/04\/efededbc-5d9e-421b-9874-0211b784f651-1-150x150.jpg\" class=\"attachment-thumbnail size-thumbnail\" alt=\"\" \/><\/a>\n\t\t\t\t<\/dt><\/dl><br style=\"clear: both\" \/>\n\t\t\t<\/div>\n\n<p>&nbsp;<\/p>\n<p><strong>LA DIRETTA RADIO PIU&#8217;<\/strong><\/p>\n<p>https:\/\/www.facebook.com\/mirko.mezzacasa\/videos\/621844036006529<\/p>\n<p>&nbsp;<\/p>\n<p>&nbsp;<\/p>\n<hr \/>\n<p>&nbsp;<\/p>\n<blockquote class=\"wp-embedded-content\" data-secret=\"7SxxJUdCPf\"><p><a href=\"https:\/\/www.radiopiu.net\/wordpress\/una-pagina-di-storia-la-sbriseda-2023-in-marmolada\/\">UNA PAGINA DI STORIA, LA SBRISEDA 2023 IN MARMOLADA<\/a><\/p><\/blockquote>\n<p><iframe loading=\"lazy\" class=\"wp-embedded-content\" sandbox=\"allow-scripts\" security=\"restricted\" style=\"position: absolute; clip: rect(1px, 1px, 1px, 1px);\" title=\"&#8220;UNA PAGINA DI STORIA, LA SBRISEDA 2023 IN MARMOLADA&#8221; &#8212; Radio Pi\u00f9\" src=\"https:\/\/www.radiopiu.net\/wordpress\/una-pagina-di-storia-la-sbriseda-2023-in-marmolada\/embed\/#?secret=UWUpnxtqap#?secret=7SxxJUdCPf\" data-secret=\"7SxxJUdCPf\" width=\"600\" height=\"338\" frameborder=\"0\" marginwidth=\"0\" marginheight=\"0\" scrolling=\"no\"><\/iframe><\/p>\n<p>&nbsp;<\/p>\n<hr \/>\n<p>&nbsp;<\/p>\n<blockquote>\n<h3 class=\"entry-title\">COL PNRR SPESA ANNUA 4,5 VOLTE SUPERIORE A QUELLA DEI FONDI UE CHE FATICHIAMO A SPENDERE<\/h3>\n<\/blockquote>\n<p class=\"photoswipe-wrapper\"><a class=\"dt-pswp-item pspw-wrap-ready\" href=\"https:\/\/www.radiopiu.net\/wordpress\/wp-content\/uploads\/2023\/04\/Schermata-2023-04-08-alle-11.29.30.png\" data-dt-img-description=\"\" data-large_image_width=\"828\" data-large_image_height=\"576\"><img loading=\"lazy\" decoding=\"async\" class=\"alignleft size-medium wp-image-330669\" src=\"https:\/\/www.radiopiu.net\/wordpress\/wp-content\/uploads\/2023\/04\/Schermata-2023-04-08-alle-11.29.30-300x209.png\" sizes=\"auto, (max-width: 300px) 100vw, 300px\" srcset=\"https:\/\/www.radiopiu.net\/wordpress\/wp-content\/uploads\/2023\/04\/Schermata-2023-04-08-alle-11.29.30-300x209.png 300w, https:\/\/www.radiopiu.net\/wordpress\/wp-content\/uploads\/2023\/04\/Schermata-2023-04-08-alle-11.29.30-768x534.png 768w, https:\/\/www.radiopiu.net\/wordpress\/wp-content\/uploads\/2023\/04\/Schermata-2023-04-08-alle-11.29.30.png 828w\" alt=\"\" width=\"300\" height=\"209\" \/><\/a>Sorpresi che, molto probabilmente, non riusciremo a spendere tutti i soldi previsti dal PNRR? L\u2019Ufficio studi CGIA non lo \u00e8 e questa \u201cconsapevolezza\u201d trae origine da un assunto: la storica difficolt\u00e0 del nostro Paese a utilizzare tutti i soldi che ci giungono da Bruxelles. In riferimento ai fondi di coesione, ad esempio, non sono pochi quelli riferiti al settennio 2014-2020 che, entro la fine di quest\u2019anno, rischiamo di perdere, sebbene la spesa ipotetica annuale necessaria per mettere a terra tutte le risorse disponibili ammonti solo a 9 miliardi di euro. Affrontando con lo stesso approccio appena illustrato anche il PNRR, tra il 2023 e il 2026 dobbiamo spendere mediamente 42 miliardi di euro all\u2019anno per poter realizzare tutti i progetti previsti dal piano. Una cifra, quest\u2019ultima, 4,5 volte superiore alla precedente. E\u2019 evidente che raggiungere questo obbiettivo sar\u00e0 quasi impossibile.<\/p>\n<p><strong>Il confronto<\/strong><br \/>\nEntriamo nel merito. Dei 64,8 miliardi di euro di fondi europei di coesione messi a disposizione dell\u2019Italia nel periodo 2014-2020, di cui 17 di cofinanziamento nazionale, poco meno della met\u00e0 (29,8) dobbiamo ancora spenderli. Se non lo faremo entro la fine di quest\u2019anno, la parte non utilizzata dovr\u00e0 essere restituita. Questa \u00e8 l\u2019ennesima dimostrazione che il nostro Paese fatica moltissimo a spendere entro i termini stabiliti i soldi che ci vengono messi a disposizione dall\u2019UE. Se, invece, riusciremo a farlo, in linea puramente teorica \u00e8 come se ogni anno di questo settennio avessimo speso 9 miliardi di euro. Con il PNRR, invece, tra il 2021 e il 2026 dovremo investirne 191,5, pari a una spesa media che ne consenta l\u2019utilizzo complessivo di 42 miliardi di euro l\u2019anno nel periodo 2023-2026. Ebbene, se, come dicevamo pi\u00f9 sopra, stiamo arrancando nel metterne a terra 9 di fondi UE all\u2019anno, come faremo a spenderne addirittura 42 col PNRR, ovvero 4,5 volte tanto?<\/p>\n<p><strong>In Italia le opere durano un\u2019eternit\u00e0<\/strong><br \/>\nSecondo la Banca d\u2019Italia, a fronte di un investimento mediano di 300 mila euro, nel nostro Paese la durata mediana per la realizzazione di un\u2019opera \u00e8 pari a 4 anni e 10 mesi. La fase di progettazione dura poco pi\u00f9 di 2 anni (pari al 40 per cento della durata complessiva), l\u2019affidamento dei lavori dura 6 mesi e sono necessari oltre 2 anni per l\u2019esecuzione e il collaudo. Per un investimento di cinque milioni di euro, invece, il tempo di realizzazione \u00e8 di ben 11 anni. Auspicando che il nuovo codice degli appalti e le riforme che interesseranno la nostra Pubblica Amministrazione riducano in misura significativa queste tempistiche, appare comunque evidente che difficilmente entro i prossimi 44 mesi riusciremo a mettere a terra tutti i progetti previsti dal PNRR.<\/p>\n<p><strong>Ritardi anche per le Olimpiadi Milano-Cortina 2026: il 20% delle opere non verr\u00e0 ultimato in tempo<\/strong><br \/>\nNella cabina di regia tenutasi a Venezia il 27 febbraio scorso presso Palazzo Balbi, sede della Giunta regionale, \u00e8 emerso che il 20 per cento delle opere previste inizialmente non verr\u00e0 ultimato prima dell\u2019inizio dei Giochi Olimpici Invernali di Milano-Cortina (febbraio 2026). In Veneto, ad esempio, difficilmente sar\u00e0 ultimata la variante di Cortina e, probabilmente, anche quella di Longarone (BL). In Lombardia, invece, a rischio sono la variante di Trescore \u2013 Entratico (BG) e quella di Vercurago (LC), lungo la nuova strada Lecco-Bergamo. Insomma, nel nostra Paese rispettare il cronoprogramma per la realizzazione delle grandi infrastrutture \u00e8 un\u2019operazione sempre molto difficile. Inoltre, gli aumenti dei costi delle materie prime e dell\u2019inflazione hanno peggiorato la situazione; spesso il ritardo accumulato in questi ultimi 2 anni \u00e8 riconducibile anche a questi rincari che non hanno permesso l\u2019assegnazione dei lavori o lo stato di avanzamento degli stessi e quindi l\u2019avvio o l\u2019ultimazione dei cantieri nei tempi prestabiliti.<\/p>\n<p><strong>PNRR: tanti investimenti, ma reddittivit\u00e0 bassa<\/strong><br \/>\nIl nostro PNRR \u00e8 costituito da 235,6 miliardi di euro, di cui 191,5 riconducibili al Recovery Found, 30,6 a un fondo complementare e gli altri 13,5 miliardi di euro al REACT-EU. Di questi 235,6 miliardi, 52,6 verranno investiti per \u201cprogetti in essere\u201d, ovvero gi\u00e0 previsti, mentre i restanti 183 andranno a finanziare \u201cnuovi progetti\u201d. Pertanto, nel 2026 la crescita del Pil, anno in cui si concluder\u00e0 l\u2019azione del Piano, dovrebbe essere pi\u00f9 alta di 3,6 punti percentuali rispetto allo scenario che si verificherebbe senza l\u2019effetto degli investimenti aggiuntivi. Una previsione, quest\u2019ultima, che viene prefigurata nello scenario ottimale, ovvero che gli investimenti vengano spesi in maniera efficiente, che le condizioni monetarie siano favorevoli e che non vi siano ripercussioni negative sul premio del rischio sovrano. Condizioni che, ovviamente, nessuno pu\u00f2 confermarci che si verificheranno. Se, rispetto a quanto riportato, il quadro generale fosse meno ottimistico, il nostro PNRR ipotizza altri 2 scenari: uno medio con una crescita del Pil del 2,7 per cento e uno basso con un incremento dell\u20191,8 per cento.<\/p>\n<p><strong>Un effetto sul Pil modesto<\/strong><br \/>\nAnalizzando solo lo scenario ottimale, l\u2019Ufficio studi della CGIA segnala che a fronte di 183 miliardi di investimenti, nel 2026 avremo un aumento strutturale del Pil di circa 70 miliardi, determinando un moltiplicatore del Pil pari a 1,2. Un risultato non particolarmente esaltante, se si tiene conto che, secondo uno studio della Banca d\u2019Italia, la realizzazione delle opere pubbliche pu\u00f2 avere ripercussioni importanti sulla crescita economica di un paese se il moltiplicatore della spesa pubblica per investimenti \u00e8 compreso tra l\u20191 e il 2. E\u2019 vero che l\u20191,2 per cento previsto dal Governo Draghi nel PNRR ricadrebbe nella forchetta indicata dalla Banca d\u2019Italia, ma \u00e8 altrettanto vero che raggiungeremo questo obbiettivo solo se tutto andr\u00e0 per il verso giusto; cosa che molti osservatori dubitano, vista la cronica inefficienza che caratterizza buona parte della nostra Pubblica Amministrazione, la mole di burocrazia che attanaglia il paese, l\u2019incapacit\u00e0 storica, come dicevamo pi\u00f9 sopra, di spendere tutti i fondi europei. Va ricordato, inoltre, che l\u2019Italia non desta una elevata affidabilit\u00e0 in materia di previsioni macro economiche. I dati dell\u2019European Fiscal Board (organo consultivo indipendente della Commissione Europea) sono impietosi: tra il 2013 e il 2019 siamo il Paese che ha \u201csbagliato\u201d di pi\u00f9. Un\u2019altra ragione per dubitare che saremo in grado di raggiungere la crescita del Pil del 3,6 per cento e, conseguentemente, disporre di un moltiplicatore dell\u20191,2.<\/p>\n<p>&nbsp;<\/p>\n<p>&nbsp;<\/p>\n<hr \/>\n<p>&nbsp;<\/p>\n<blockquote>\n<h3>LE VISITE ALL&#8217;EX MANICOMIO DI FELTRE<\/h3>\n<\/blockquote>\n<p><strong><a class=\"dt-pswp-item\" href=\"https:\/\/www.radiopiu.net\/wordpress\/wp-content\/uploads\/2023\/04\/IMG_1671-ex-Manicomio.jpg\" data-dt-img-description=\"\" data-large_image_width=\"1024\" data-large_image_height=\"683\"><img loading=\"lazy\" decoding=\"async\" class=\" wp-image-330748 alignleft\" src=\"https:\/\/www.radiopiu.net\/wordpress\/wp-content\/uploads\/2023\/04\/IMG_1671-ex-Manicomio-300x200.jpg\" alt=\"\" width=\"197\" height=\"131\" srcset=\"https:\/\/www.radiopiu.net\/wordpress\/wp-content\/uploads\/2023\/04\/IMG_1671-ex-Manicomio-300x200.jpg 300w, https:\/\/www.radiopiu.net\/wordpress\/wp-content\/uploads\/2023\/04\/IMG_1671-ex-Manicomio-768x512.jpg 768w, https:\/\/www.radiopiu.net\/wordpress\/wp-content\/uploads\/2023\/04\/IMG_1671-ex-Manicomio.jpg 1024w\" sizes=\"auto, (max-width: 197px) 100vw, 197px\" \/><\/a>BELLUNO<\/strong> La grande richiesta di prenotazioni e di contatti per informazioni ha spinto la Biblioteca Civica di Belluno a programmare nuove date per le visite guidate all\u2019ex manicomio provinciale di Feltre. Si comincia con i due appuntamenti di oggi, sabato 8, e sabato 22 aprile, per i quali i posti disponibili sono gia\u0300 esauriti, ma ne seguiranno altri nei mesi maggio e giugno. Nell\u2019ambito di queste visite, saranno narrati 247 anni di storia di questo luogo che originariamente ospitava il convento degli Agostiniani dove venivano accolte persone in stato di necessita\u0300, per ampliarsi poi nel 1873 e piu\u0300 volte nel corso del Novecento in qualita\u0300 di Manicomio e poi di Ospedale psichiatrico. L\u2019iniziativa gode anche del patrocinio del Comune di Feltre<\/p>\n<p>&nbsp;<\/p>\n<p>&nbsp;<\/p>\n<hr \/>\n<p>&nbsp;<\/p>\n<blockquote>\n<h3>ANCHE AD AGORDO LA RACCOLTA FIRME &#8220;LUCA COSCIONI&#8221;<\/h3>\n<\/blockquote>\n<p>&nbsp;<\/p>\n<p><strong><img loading=\"lazy\" decoding=\"async\" class=\"alignleft\" src=\"https:\/\/www.radiopiu.net\/wordpress\/wp-content\/uploads\/2023\/04\/WhatsApp-Image-2023-04-06-at-11.57.01-300x300.jpeg\" width=\"132\" height=\"132\" \/>AGORDO<\/strong> \u00a0Domani, dalle 9 alle 12,\u00a0 nei pressi del mercato\u00a0 settimanale (piazza-Boi) raccolta firme per la proposta di legge regionale di iniziativa popolare rubricata \u201cProcedure e tempi per l\u2019assistenza sanitaria regionale al suicidio medicalmente assistito&#8221;.\u00a0 Iniziativa organizzata dall&#8217;Associazione Luca Coscioni del Veneto per una legge regionale che garantisca tempi certi per la procedura di verifica e attuazione per il diritto di ottenere aiuto medico alla morte volontaria, per chi vive in condizioni di sofferenza fisica o psicologica insopportabile.<\/p>\n<p>&nbsp;<\/p>\n<p>&nbsp;<\/p>\n<hr \/>\n<p>&nbsp;<\/p>\n<blockquote>\n<h3>L&#8217;ASSEMBLEA DELLA CROCE BIANCA DI LIVINALLONGO<\/h3>\n<\/blockquote>\n<p><strong>LIVINALLONGO<\/strong> E&#8217; in programma il 14 aprile alle 19:30\u00a0 l&#8217;assemblea generale della Croce Bianca Livinallongo. I soci si ritroveranno alla sala Bo\u00e8 di Arabba per parlare del resoconto delle attivit\u00e0 dello scorso anno, l&#8217;elezione dei delegati e l&#8217;intervento del responsabile gruppo giovani. L&#8217;occasione anche per consegnare le onorificenze e per un momento conviviale.<\/p>\n<p>&nbsp;<\/p>\n<p>&nbsp;<\/p>\n<hr \/>\n<p>&nbsp;<\/p>\n<blockquote>\n<h3>DOMENICA 16 APRILE LA U.S. NAVAL FORCES EUROPE AND AFRICA BAND A BELLUNO<\/h3>\n<\/blockquote>\n<p><strong>BELLUNO<\/strong> la U.S. Naval Forces Europe and Africa Band , banda ufficiale della Marina Americana in Europa, si esibir\u00e0 al Teatro Comunale di Belluno<br \/>\ndomenica 16 aprile alle 18. L\u2019iniziativa \u00e8 stata organizzata in collaborazione con il Comune di Longarone, nella ricorrenza del sessantesimo anniversario del disastro del Vajont, per ricordare il prezioso aiuto ricevuto dalla popolazione proprio dalle forze NATO nelle giornate immediatamente successive all&#8217;ondata. L&#8217;ingresso al concerto \u00e8 gratuito, su prenotazione a: museo.belluno@gmail.com, telefono 0437 913323<\/p>\n<p>&nbsp;<\/p>\n<p>&nbsp;<\/p>\n<hr \/>\n<p>&nbsp;<\/p>\n<blockquote>\n<h3>L&#8217;OM SALVARECH A LA VALLE<\/h3>\n<\/blockquote>\n<p><strong>LA VALLE <\/strong>A La Valle due giorni di festa con l&#8217;Om Salvarech. Lunedi 24 aprile, al tendone presentazione della mostra &#8220;vers l&#8217;insuda&#8221;:gli aquerelli dipinti dagli alunni della scuola primaria, dalle 17 l&#8217;apertivo selvatico con Rdj, 19 stand gastronomico, serata danzante con la Spritzband e a seguire dico-tek con Rdj. Martedi 25 aprile al tendone di Conaggia \u201cel merc\u00e0 de l&#8217;insuda\u201d, alle 10 gara podistica Su e do per i coi, memorial Flavio De Cassai, dalle 12 stand gastronomico e dalle 14: preparazione Om Salvarech a Cugnago, sfilata per le vie del paese, alle 16 apertivo selvatico danzante con Eros, alle 19 la cota e quindi gran finale con il testamento e il Falo&#8217; Dell&#8217;Om Salvarech tra i balli con Eros e Karin. Om Salvarech, a LA VALLE AGORDINA. con la Proloco 24-25 Aprile<\/p>\n<p>&nbsp;<\/p>\n<p>&nbsp;<\/p>\n<hr \/>\n<p>&nbsp;<\/p>\n<blockquote>\n<h3>DALLA FOTOGRAFIA ALLA VIDEO ART: GLI INCONTRI AD AGORDO<\/h3>\n<\/blockquote>\n<p><strong>AGORDO <\/strong>Venerd\u00ec 21 aprile, dalle 18, ad Agordo alla Sala Don Tamis si\u00a0 terr\u00e0 la prima di tre conferenze della serie \u201cDalla fotografia alla video art e all\u2019arte cinetica\u201d. La relazione dal titolo \u201cLa storia della fotografia\u201d sar\u00e0 svolta dal Dott. Prof. Roberto Favero. Si ricorda che l\u2019ingresso \u00e8 libero per tutti.<\/p>\n<p>&nbsp;<\/p>\n<p>&nbsp;<\/p>\n<hr \/>\n<p>&nbsp;<\/p>\n<blockquote>\n<h3>SABATO A TEATRO CON LA NUOVA COMPAGNIA DI BRUNICO<\/h3>\n<\/blockquote>\n<p><strong>LIVINALLONGO<\/strong> Appuntamento a teatro sabato alle 20:30 nella sala congressi di Arabba. Sul palco la Nuova Compagnia Teatrale di Brunico che presenter\u00e0 una commedia dal titolo &#8220;Albergo alla tranquillit\u00e0&#8221;. Entrata con offerta libera.<\/p>\n<p>&nbsp;<\/p>\n<p>&nbsp;<\/p>\n<hr \/>\n<p>&nbsp;<\/p>\n<blockquote>\n<h3>LA MOSTRA DI GIOVANNA DEPPI A PIEVE DI CADORE<\/h3>\n<\/blockquote>\n<p><strong>PIEVE DI CADORE<\/strong> Dal 12 aprile al 6 maggio \u00e8 possibile visitare la mostra di Giovanna Deppi all&#8217;Auditorium Cos.Mo di Pieve di Cadore. Apertura dal mercoled\u00ec al sabato dalle 10 alle 13 e dalle 15 alle 18. Inaugurazione domani alle 18.<\/p>\n<p>&nbsp;<\/p>\n<p>&nbsp;<\/p>\n<hr \/>\n<p>&nbsp;<\/p>\n<h2><strong><a class=\"dt-pswp-item\" href=\"https:\/\/www.radiopiu.net\/wordpress\/wp-content\/uploads\/2020\/12\/DON-GIORGIO-LISE.jpg\" data-dt-img-description=\"\" data-large_image_width=\"1600\" data-large_image_height=\"901\"><img loading=\"lazy\" decoding=\"async\" class=\" wp-image-177420 alignleft\" src=\"https:\/\/www.radiopiu.net\/wordpress\/wp-content\/uploads\/2020\/12\/DON-GIORGIO-LISE-300x169.jpg\" alt=\"\" width=\"220\" height=\"124\" srcset=\"https:\/\/www.radiopiu.net\/wordpress\/wp-content\/uploads\/2020\/12\/DON-GIORGIO-LISE-300x169.jpg 300w, https:\/\/www.radiopiu.net\/wordpress\/wp-content\/uploads\/2020\/12\/DON-GIORGIO-LISE-1024x577.jpg 1024w, https:\/\/www.radiopiu.net\/wordpress\/wp-content\/uploads\/2020\/12\/DON-GIORGIO-LISE-768x432.jpg 768w, https:\/\/www.radiopiu.net\/wordpress\/wp-content\/uploads\/2020\/12\/DON-GIORGIO-LISE-1536x865.jpg 1536w, https:\/\/www.radiopiu.net\/wordpress\/wp-content\/uploads\/2020\/12\/DON-GIORGIO-LISE.jpg 1600w\" sizes=\"auto, (max-width: 220px) 100vw, 220px\" \/><\/a><\/strong><span style=\"color: #800080;\">DUE MINUTI PER TE<\/span><\/h2>\n<p><strong>APPUNTAMENTO DELLA DOMENICA CON IL PENSIERO DI MONSIGNOR GIORGIO LISE<\/strong><\/p>\n<audio class=\"wp-audio-shortcode\" id=\"audio-330646-7\" preload=\"none\" style=\"width: 100%;\" controls=\"controls\"><source type=\"audio\/mpeg\" src=\"https:\/\/www.radiopiu.net\/wordpress\/wp-content\/uploads\/2023\/04\/DON-GIORGIO-2.mp3?_=7\" \/><a href=\"https:\/\/www.radiopiu.net\/wordpress\/wp-content\/uploads\/2023\/04\/DON-GIORGIO-2.mp3\">https:\/\/www.radiopiu.net\/wordpress\/wp-content\/uploads\/2023\/04\/DON-GIORGIO-2.mp3<\/a><\/audio>\n<p>&nbsp;<\/p>\n<hr \/>\n<p>&nbsp;<\/p>\n<div>\n<div class=\"b654a4as d2edcug0\">\n<div class=\"rq0escxv hkbzh7o3 jwdofwj8 n8tt0mok r8blr3vg hyh9befq\">\n<p><a class=\"dt-pswp-item\" href=\"https:\/\/www.radiopiu.net\/wordpress\/wp-content\/uploads\/2020\/10\/pp.jpg\" data-dt-img-description=\"\" data-large_image_width=\"640\" data-large_image_height=\"640\"><img loading=\"lazy\" decoding=\"async\" class=\"wp-image-163678 alignleft\" src=\"https:\/\/www.radiopiu.net\/wordpress\/wp-content\/uploads\/2020\/10\/pp-300x300.jpg\" alt=\"\" width=\"106\" height=\"106\" srcset=\"https:\/\/www.radiopiu.net\/wordpress\/wp-content\/uploads\/2020\/10\/pp-300x300.jpg 300w, https:\/\/www.radiopiu.net\/wordpress\/wp-content\/uploads\/2020\/10\/pp-150x150.jpg 150w, https:\/\/www.radiopiu.net\/wordpress\/wp-content\/uploads\/2020\/10\/pp-125x125.jpg 125w, https:\/\/www.radiopiu.net\/wordpress\/wp-content\/uploads\/2020\/10\/pp-200x200.jpg 200w, https:\/\/www.radiopiu.net\/wordpress\/wp-content\/uploads\/2020\/10\/pp-80x80.jpg 80w, https:\/\/www.radiopiu.net\/wordpress\/wp-content\/uploads\/2020\/10\/pp-480x480.jpg 480w, https:\/\/www.radiopiu.net\/wordpress\/wp-content\/uploads\/2020\/10\/pp.jpg 640w\" sizes=\"auto, (max-width: 106px) 100vw, 106px\" \/><\/a><\/p>\n<\/div>\n<\/div>\n<\/div>\n<div>\n<div class=\"page-title-head hgroup\">\n<div class=\"page-title-head hgroup\">\n<div class=\"b654a4as d2edcug0\">\n<div class=\"j83agx80 btwxx1t3 lhclo0ds hop8lmos nkwizq5d scwd0bx6 roh60bw9\">\n<div class=\"rq0escxv hkbzh7o3 jwdofwj8 n8tt0mok r8blr3vg hyh9befq\">\n<div class=\"do00u71z l9j0dhe7 k4urcfbm\" style=\"text-align: left;\">\n<h2><span style=\"color: #000080;\">DON CESARE, IL PENSIERO DEL GIORNO. ALLA RADIO ALLE 7 DEL MATTINO E ALLE 19.30 DELLA SERA\u00a0<\/span><\/h2>\n<audio class=\"wp-audio-shortcode\" id=\"audio-330646-8\" preload=\"none\" style=\"width: 100%;\" controls=\"controls\"><source type=\"audio\/mpeg\" src=\"https:\/\/www.radiopiu.net\/wordpress\/wp-content\/uploads\/2023\/04\/CESARE-6.mp3?_=8\" \/><a href=\"https:\/\/www.radiopiu.net\/wordpress\/wp-content\/uploads\/2023\/04\/CESARE-6.mp3\">https:\/\/www.radiopiu.net\/wordpress\/wp-content\/uploads\/2023\/04\/CESARE-6.mp3<\/a><\/audio>\n<\/div>\n<\/div>\n<\/div>\n<\/div>\n<\/div>\n<\/div>\n<\/div>\n<p>&nbsp;<\/p>\n<p>&nbsp;<\/p>\n<hr \/>\n<p>&nbsp;<\/p>\n<h2><span style=\"color: #ff00ff;\">IN VIVO VERSO\u00a0 \u00a0<\/span><\/h2>\n<blockquote>\n<h3>LA MOROSA DEL ME CAN di FABIO RUFUS BRISTOT<\/h3>\n<\/blockquote>\n<p><strong>AUDIO<\/strong><\/p>\n<audio class=\"wp-audio-shortcode\" id=\"audio-330646-9\" preload=\"none\" style=\"width: 100%;\" controls=\"controls\"><source type=\"audio\/mpeg\" src=\"https:\/\/www.radiopiu.net\/wordpress\/wp-content\/uploads\/2023\/04\/VIVO-VERSO-LUN-1.mp3?_=9\" \/><a href=\"https:\/\/www.radiopiu.net\/wordpress\/wp-content\/uploads\/2023\/04\/VIVO-VERSO-LUN-1.mp3\">https:\/\/www.radiopiu.net\/wordpress\/wp-content\/uploads\/2023\/04\/VIVO-VERSO-LUN-1.mp3<\/a><\/audio>\n<p>&nbsp;<\/p>\n<p>&nbsp;<\/p>\n<p><a class=\"dt-pswp-item\" href=\"https:\/\/www.radiopiu.net\/wordpress\/wp-content\/uploads\/2023\/04\/FABIO-RUFUS-FOTO.jpg\" data-dt-img-description=\"\" data-large_image_width=\"828\" data-large_image_height=\"828\"><img loading=\"lazy\" decoding=\"async\" class=\"wp-image-330812 alignleft\" src=\"https:\/\/www.radiopiu.net\/wordpress\/wp-content\/uploads\/2023\/04\/FABIO-RUFUS-FOTO-300x300.jpg\" alt=\"\" width=\"161\" height=\"161\" srcset=\"https:\/\/www.radiopiu.net\/wordpress\/wp-content\/uploads\/2023\/04\/FABIO-RUFUS-FOTO-300x300.jpg 300w, https:\/\/www.radiopiu.net\/wordpress\/wp-content\/uploads\/2023\/04\/FABIO-RUFUS-FOTO-150x150.jpg 150w, https:\/\/www.radiopiu.net\/wordpress\/wp-content\/uploads\/2023\/04\/FABIO-RUFUS-FOTO-768x768.jpg 768w, https:\/\/www.radiopiu.net\/wordpress\/wp-content\/uploads\/2023\/04\/FABIO-RUFUS-FOTO.jpg 828w\" sizes=\"auto, (max-width: 161px) 100vw, 161px\" \/><\/a><strong>Fabio Rufus Bristot<\/strong><br \/>\n<strong>LA MOROSA DEL ME CAN<\/strong><\/p>\n<p>O&#8217; tro\u00e0 na bela polastrela<br \/>\nsu par na erta de &#8216;na stradela:<br \/>\n&#8216;na cagneta tuta par mi<br \/>\nche la me speta da meod\u00ec.<\/p>\n<p>No me ere gnanca inacort<br \/>\nche la me vardea fis da l&#8217;ort,<br \/>\npar farse conoser e vardar<br \/>\nla me \u00e0 fat moine e tant dugar.<\/p>\n<p>O&#8217; pro\u00e0 a incrosarla su sta riveta,<br \/>\nma la e scampada fora dreta,<br \/>\ncos\u00ec la me \u00e0 as\u00e0 tut stord\u00ec<br \/>\na sgnafar par ela tut al d\u00ec.<\/p>\n<p>Son stat fermo ore sul curtivo<br \/>\nstrach, co&#8217;l me scainar emotivo,<br \/>\npo&#8217; me son spost\u00e0 in cusina<br \/>\npar convinzer la paronzina.<\/p>\n<p>La me mena doman matina<br \/>\na catar da subito la barboncina,<br \/>\nma che no la scampe sul p\u00ec bel<br \/>\nparch\u00e8 oi sentir l&#8217;udor del so scianel..<\/p>\n<p>&nbsp;<\/p>\n<p><strong>LA RACCOLTA COMPLETA<\/strong><\/p>\n<div dir=\"auto\">\n<div dir=\"auto\">\n<div dir=\"auto\">\n<div dir=\"auto\">\n<div dir=\"auto\">\n<div dir=\"auto\">\n<blockquote class=\"wp-embedded-content\" data-secret=\"k7x62svYmK\"><p><a href=\"https:\/\/www.radiopiu.net\/wordpress\/in-vivo-verso\/\">In Vivo Verso<\/a><\/p><\/blockquote>\n<p><iframe loading=\"lazy\" class=\"wp-embedded-content\" sandbox=\"allow-scripts\" security=\"restricted\" style=\"position: absolute; clip: rect(1px, 1px, 1px, 1px);\" title=\"&#8220;In Vivo Verso&#8221; &#8212; Radio Pi\u00f9\" src=\"https:\/\/www.radiopiu.net\/wordpress\/in-vivo-verso\/embed\/#?secret=KT0Kr1IO0L#?secret=k7x62svYmK\" data-secret=\"k7x62svYmK\" width=\"600\" height=\"338\" frameborder=\"0\" marginwidth=\"0\" marginheight=\"0\" scrolling=\"no\"><\/iframe><\/p>\n<\/div>\n<\/div>\n<\/div>\n<\/div>\n<\/div>\n<\/div>\n<p>&nbsp;<\/p>\n<hr \/>\n<p>&nbsp;<\/p>\n<h2><span style=\"color: #008080;\">GOCCE DI FILOSOFIA\u00a0\u00a0<\/span><\/h2>\n<blockquote>\n<h3 class=\"entry-title\">PUNTATA 286 \u2013CHIARA CAU_ TERZA STAGIONE<\/h3>\n<audio class=\"wp-audio-shortcode\" id=\"audio-330646-10\" preload=\"none\" style=\"width: 100%;\" controls=\"controls\"><source type=\"audio\/mpeg\" src=\"https:\/\/www.radiopiu.net\/wordpress\/wp-content\/uploads\/2023\/04\/FI1-1.mp3?_=10\" \/><a href=\"https:\/\/www.radiopiu.net\/wordpress\/wp-content\/uploads\/2023\/04\/FI1-1.mp3\">https:\/\/www.radiopiu.net\/wordpress\/wp-content\/uploads\/2023\/04\/FI1-1.mp3<\/a><\/audio>\n<h3 class=\"entry-title\"><\/h3>\n<\/blockquote>\n<div><strong>LA RACCOLTA COMPLETA\u00a0<\/strong><\/div>\n<div><\/div>\n<blockquote class=\"wp-embedded-content\" data-secret=\"TO6Tgjyy4v\"><p><a href=\"https:\/\/www.radiopiu.net\/wordpress\/gocce-filosofia\/\">Gocce di filosofia,  LA TERZA STAGIONE&#8230; 2023<\/a><\/p><\/blockquote>\n<p><iframe loading=\"lazy\" class=\"wp-embedded-content\" sandbox=\"allow-scripts\" security=\"restricted\" style=\"position: absolute; clip: rect(1px, 1px, 1px, 1px);\" title=\"&#8220;Gocce di filosofia,  LA TERZA STAGIONE&#8230; 2023&#8221; &#8212; Radio Pi\u00f9\" src=\"https:\/\/www.radiopiu.net\/wordpress\/gocce-filosofia\/embed\/#?secret=BgP8FqUDAT#?secret=TO6Tgjyy4v\" data-secret=\"TO6Tgjyy4v\" width=\"600\" height=\"338\" frameborder=\"0\" marginwidth=\"0\" marginheight=\"0\" scrolling=\"no\"><\/iframe><\/p>\n<p>&nbsp;<\/p>\n<hr \/>\n<p>&nbsp;<\/p>\n<h2><span style=\"color: #339966;\">I RACCONTI DI PAOLO SOPPELSA<\/span><\/h2>\n<p><strong>IL SACRARIO DI POCOL<\/strong><\/p>\n<p><strong>AUDIO<\/strong><\/p>\n<audio class=\"wp-audio-shortcode\" id=\"audio-330646-11\" preload=\"none\" style=\"width: 100%;\" controls=\"controls\"><source type=\"audio\/mpeg\" src=\"https:\/\/www.radiopiu.net\/wordpress\/wp-content\/uploads\/2023\/04\/PAOLO-SOPPELSA-IL-SACRARIO-DI-POCOL.mp3?_=11\" \/><a href=\"https:\/\/www.radiopiu.net\/wordpress\/wp-content\/uploads\/2023\/04\/PAOLO-SOPPELSA-IL-SACRARIO-DI-POCOL.mp3\">https:\/\/www.radiopiu.net\/wordpress\/wp-content\/uploads\/2023\/04\/PAOLO-SOPPELSA-IL-SACRARIO-DI-POCOL.mp3<\/a><\/audio>\n<p>&nbsp;<\/p>\n<p><a class=\"dt-pswp-item\" href=\"https:\/\/www.radiopiu.net\/wordpress\/wp-content\/uploads\/2023\/04\/332d5a55-48ed-40e6-a5e9-862840078918.jpg\" data-dt-img-description=\"\" data-large_image_width=\"1200\" data-large_image_height=\"1600\"><img loading=\"lazy\" decoding=\"async\" class=\"size-medium wp-image-330855 alignleft\" src=\"https:\/\/www.radiopiu.net\/wordpress\/wp-content\/uploads\/2023\/04\/332d5a55-48ed-40e6-a5e9-862840078918-225x300.jpg\" alt=\"\" width=\"225\" height=\"300\" srcset=\"https:\/\/www.radiopiu.net\/wordpress\/wp-content\/uploads\/2023\/04\/332d5a55-48ed-40e6-a5e9-862840078918-225x300.jpg 225w, https:\/\/www.radiopiu.net\/wordpress\/wp-content\/uploads\/2023\/04\/332d5a55-48ed-40e6-a5e9-862840078918-768x1024.jpg 768w, https:\/\/www.radiopiu.net\/wordpress\/wp-content\/uploads\/2023\/04\/332d5a55-48ed-40e6-a5e9-862840078918-1152x1536.jpg 1152w, https:\/\/www.radiopiu.net\/wordpress\/wp-content\/uploads\/2023\/04\/332d5a55-48ed-40e6-a5e9-862840078918.jpg 1200w\" sizes=\"auto, (max-width: 225px) 100vw, 225px\" \/><\/a>Eppure, chiss\u00e0 quante volte ero passato davanti a quel piccolo cartello giallo con la scritta nera che si trova all&#8217;interno del curvone di Pocol di Cortina; un cartello discreto ma importante, che sta ad indicare la presenza del Sacrario Militare di cui io, fino a poco tempo fa, ignoravo completamente l&#8217;esistenza. Poi una sera, leggendo delle cronache inerenti ad eventi bellici accaduti sulle Tofane durante la Prima Guerra Mondiale, ho scoperto l&#8217;esistenza di questo monumento eretto a perenne memoria dei militi caduti in quel settore di fronte dolomitico. Leggevo e nel frattempo pensavo che era necessaria una visita urgente a quel luogo sacro che, appena conosciuto, gi\u00e0 mi stava chiamando. Cos\u00ec, nel primo pomeriggio di un sabato d&#8217;inizio primavera, ho valicato il Falzarego imbiancato dalla prima neve d&#8217;aprile ed in breve ho raggiunto il mio approdo. Un cielo incerto sovrastava le cime ampezzane, le seggiovie giravano con vigore e gli ultimi sciatori di stagione solcavano le lingue di neve stanca che segnavano di bianco i ghiaioni delle Tofane. Una quiete improvvisa si era materializzata appena varcato il cancello di ferro; era sparito il ronzio monotono dei motori degli impianti di risalita e pure il vociare degli sciatori, ed era apparso il silenzio proprio dei luoghi tristi. Pochi passi ed ecco la lunga scalinata incisa nella roccia, e laggi\u00f9 in fondo la maestosa torre alta quasi cinquanta metri. Il Sacrario Militare di Pocol incute soggezione ed esige rispetto; \u00e8 architettura potente, i pavimenti in marmo lucido e le scale a chiocciola di pietra viva donano una severa solennit\u00e0 a questo monumento alla memoria. Piccole finestre lasciano filtrare la luce del sole che va ad illuminare le grandi lastre di marmo sulle quali sono incisi i nomi e i gradi di chi \u00e8 sepolto all&#8217;interno di questo austero ossario. Tenente, Capitano, Soldato; e poi il nome. E sono tanti i nomi, troppi. Altre lastre, invece, riportano incisa solamente una parola e un numero che commuovono; IGNOTI 240. In quel profondo silenzio ogni passo rimbomba mentre lo sguardo scruta quei nomi di uomini che erano mariti, figli, fidanzati e spesso poco pi\u00f9 che ragazzi, caduti lass\u00f9 dove le rocce sfiorano il cielo. Chiudendo gli occhi pare di sentire il sibilare degli shrapnel, il secco Ta-Pum dei Mannlicher e il rombo cupo delle bombarde; e poi gli ultimi sospiri di quei soldati spirati all&#8217;ombra delle Tofane e che oggi vivono qui, fra queste mura possenti, il loro Sonno Eterno. Sembra di vederlo il Generale Cantore lass\u00f9 fra le rocce di Forcella Fontana Negra, mentre si erge fiero dalla trincea per scrutare il nemico; il colpo in fronte, il foro sul berretto, la Medaglia D&#8217;Oro al Valor Militare e il riposo perenne qui, dove fra i larici ancora spogli, si intravede Cortina. Quando sono uscito da Sacrario c&#8217;era il sole e nevischiava, poi, quando ho raggiunto la sommit\u00e0 del Giau, mi sono fermato e sono sceso dalla macchina. C&#8217;era l&#8217;inverno lass\u00f9, ancora nevischio e vento freddo; ho ammirato le montagne e ho pensato a Loro che su quelle rocce e su quei ghiaioni hanno lasciato la vita e che ora riposano in quella silente e maestosa tomba che da novant&#8217;anni osserva la conca d&#8217;Ampezzo.<\/p>\n<p>&nbsp;<\/p>\n<p>&nbsp;<\/p>\n<hr \/>\n<p>&nbsp;<\/p>\n<div class=\"column\">\n<p><img loading=\"lazy\" decoding=\"async\" class=\"aligncenter wp-image-61954 size-full\" src=\"https:\/\/www.radiopiu.net\/wordpress\/wp-content\/uploads\/2018\/09\/viabilita.jpeg\" sizes=\"auto, (max-width: 800px) 100vw, 800px\" srcset=\"https:\/\/www.radiopiu.net\/wordpress\/wp-content\/uploads\/2018\/09\/viabilita.jpeg 800w, https:\/\/www.radiopiu.net\/wordpress\/wp-content\/uploads\/2018\/09\/viabilita-300x38.jpeg 300w, https:\/\/www.radiopiu.net\/wordpress\/wp-content\/uploads\/2018\/09\/viabilita-768x96.jpeg 768w\" alt=\"\" width=\"800\" height=\"100\" \/><\/p>\n<p>&nbsp;<\/p>\n<blockquote class=\"wp-embedded-content\" data-secret=\"JDN3Tha255\"><p><a href=\"https:\/\/www.radiopiu.net\/wordpress\/viabilita\/\">viabilita<\/a><\/p><\/blockquote>\n<p><iframe loading=\"lazy\" class=\"wp-embedded-content\" sandbox=\"allow-scripts\" security=\"restricted\" style=\"position: absolute; clip: rect(1px, 1px, 1px, 1px);\" title=\"&#8220;viabilita&#8221; &#8212; Radio Pi\u00f9\" src=\"https:\/\/www.radiopiu.net\/wordpress\/viabilita\/embed\/#?secret=teArEeZ8DT#?secret=JDN3Tha255\" data-secret=\"JDN3Tha255\" width=\"600\" height=\"338\" frameborder=\"0\" marginwidth=\"0\" marginheight=\"0\" scrolling=\"no\"><\/iframe><\/p>\n<div>\n<div dir=\"ltr\">\n<div class=\"gmail_quote\">\n<div dir=\"ltr\">\n<div class=\"gmail_quote\"><\/div>\n<div>\n<blockquote>\n<h3>MANUTENZIONE IMPIANTI IN GALLERIA SULLA STATALE 50 BIS\/VAR \u201cDEL GRAPPA E DEL PASSO ROLLE\u201d<\/h3>\n<\/blockquote>\n<p>Anas ha programmato la manutenzione degli impianti tecnologici e di sicurezza all\u2019interno delle gallerie \u2018Brenta\u2019 e \u2018San Vito\u2019, sulla statale 50 Bis\/Var \u201cdel Grappa e di Passo Rolle\u201d nel tratto che collega Primolano ad Arsi\u00e8, in provincia di Belluno. Per consentire l\u2019esecuzione in sicurezza delle lavorazioni \u00e8 necessario chiudere al traffico le gallerie in entrambe le direzioni (Feltre\/Belluno e Trento\/Vicenza). Al fine di contenere il pi\u00f9 possibile i disagi al traffico la limitazione sar\u00e0 attiva nella sola fascia oraria notturna 21:00 \u2013 6:00 a partire da gioved\u00ec 13 aprile fino a sabato 6 maggio. Durante la chiusura la circolazione in direzione Feltre\/Belluno potr\u00e0 percorrere la SR50 Bis (vecchia strada nazionale per Belluno) passando per le scale di Primolano\/Fastro per poi reimmettersi sulla statale 50 Bis\/Var al km 5,200 all\u2019altezza dell\u2019Area Artigianale di Arsi\u00e8.<\/p>\n<\/div>\n<\/div>\n<\/div>\n<\/div>\n<\/div>\n<p>&nbsp;<\/p>\n<hr \/>\n<p>&nbsp;<\/p>\n<p><a class=\"dt-pswp-item\" href=\"https:\/\/www.radiopiu.net\/wordpress\/wp-content\/uploads\/2018\/09\/WhatsApp-Image-2018-09-20-at-16.04.06.jpeg\" data-dt-img-description=\"\" data-large_image_width=\"800\" data-large_image_height=\"100\"><img loading=\"lazy\" decoding=\"async\" class=\"wp-image-61378 size-full aligncenter\" src=\"https:\/\/www.radiopiu.net\/wordpress\/wp-content\/uploads\/2018\/09\/WhatsApp-Image-2018-09-20-at-16.04.06.jpeg\" alt=\"\" width=\"800\" height=\"100\" srcset=\"https:\/\/www.radiopiu.net\/wordpress\/wp-content\/uploads\/2018\/09\/WhatsApp-Image-2018-09-20-at-16.04.06.jpeg 800w, https:\/\/www.radiopiu.net\/wordpress\/wp-content\/uploads\/2018\/09\/WhatsApp-Image-2018-09-20-at-16.04.06-300x38.jpeg 300w, https:\/\/www.radiopiu.net\/wordpress\/wp-content\/uploads\/2018\/09\/WhatsApp-Image-2018-09-20-at-16.04.06-768x96.jpeg 768w\" sizes=\"auto, (max-width: 800px) 100vw, 800px\" \/><\/a><\/p>\n<p>&nbsp;<\/p>\n<\/div>\n<p><center><\/center><center><b>OGGI<\/b><\/center><b>Tempo atteso: <\/b>Al mattino estese nubi alte. In giornata la copertura nuvolosa diverr\u00e0 pi\u00f9 intensa fino a cielo perlopi\u00f9 nuvoloso o molto nuvoloso, specie sulle Dolomiti, ma eventuali fenomeni associati tra pomeriggio e sera saranno del tutto sporadici e con accumuli irrilevanti.<br \/>\n<b>Precipitazioni: <\/b>Generalmente assenti, o sporadiche e irrisorie al pomeriggio sulle Dolomiti (10\/20%).<br \/>\n<b>Temperature: <\/b>In generale aumento.<\/p>\n<hr \/>\n<p><center><b>DOMANI<\/b><\/center><b>Tempo atteso: <\/b>Cielo da nuvoloso a coperto.<br \/>\n<b>Precipitazioni: <\/b>Nella notte e fino al primo mattino deboli sparse su Dolomiti (30-50%), in giornata generalmente assenti. Dalla sera aumento della probabilit\u00e0 fino a medio-alta (40-60%) a partire da Prealpi veronesi e vicentine in estensione nella notte a Dolomiti.<br \/>\n<b>Temperature: <\/b>Minime in lieve aumento, massime in lieve calo.<\/p>\n<hr \/>\n<p><center><b>GIOVEDI<\/b><\/center>Tempo perturbato con precipitazioni diffuse perlopi\u00f9 moderate tra notte e mattino, anche sottoforma di rovescio specie su Prealpi, in graduale attenuazione dal pomeriggio\/sera. Temperature in generale calo e contesto termico freddo per il periodo (zero termico attorno a 1600 m)<\/p>\n<hr \/>\n<p><center><b>VENERDI<\/b><\/center>Fino al mattino residui debolissimi fenomeni, poi variabilit\u00e0 con addensamenti nel pomeriggio associati a qualche rovescio su Prealpi. Temperature minime in calo, massime in aumento<\/p>\n<p>&nbsp;<\/p>\n<hr \/>\n<p>&nbsp;<\/p>\n<p><a class=\"dt-pswp-item\" href=\"https:\/\/www.radiopiu.net\/wordpress\/wp-content\/uploads\/2018\/09\/sport.jpg\" data-dt-img-description=\"\" data-large_image_width=\"800\" data-large_image_height=\"100\"><img loading=\"lazy\" decoding=\"async\" class=\"aligncenter wp-image-60761 size-full\" src=\"https:\/\/www.radiopiu.net\/wordpress\/wp-content\/uploads\/2018\/09\/sport.jpg\" alt=\"\" width=\"800\" height=\"100\" srcset=\"https:\/\/www.radiopiu.net\/wordpress\/wp-content\/uploads\/2018\/09\/sport.jpg 800w, https:\/\/www.radiopiu.net\/wordpress\/wp-content\/uploads\/2018\/09\/sport-300x38.jpg 300w, https:\/\/www.radiopiu.net\/wordpress\/wp-content\/uploads\/2018\/09\/sport-768x96.jpg 768w\" sizes=\"auto, (max-width: 800px) 100vw, 800px\" \/><\/a><\/p>\n<p>&nbsp;<\/p>\n<p><span style=\"color: #0000ff;\"><strong>HOCKEY SU GHIACCIO<\/strong><\/span><\/p>\n<blockquote>\n<h3>L&#8217;ALLEGHE\/CORTINA E&#8217; CAMPIONE ITALIANO UNDER 15. VITTORIA ALL&#8217;OVERTIME PER I RAGAZZI DI FONTANA<\/h3>\n<\/blockquote>\n<p><strong>Di Marco Gaz<\/strong><\/p>\n<p><span style=\"color: #ff0000;\"><strong>CAMPIONATO UNDER 15 HOCKEY SU GHIACCIO \u2013 GARA 3<\/strong><\/span><\/p>\n<p><strong>APPIANO \u2013 ALLEGHE\/CORTINA 2-3<\/strong><\/p>\n<p>GOL ALLEGHE\/CORTINA: 2 Levis, Fontanive<\/p>\n<p>Dopo 23 anni il titolo tricolore torna ad Alleghe. La squadra mista di agordini ed ampezzani vincono gara 3 della finale scudetto contro l\u2019Appiano dopo una sfida giocata alla pari e caratterizzata da un gol annullato ai bellunesi nell\u2019ultimo secondo di gioco del terzo tempo. Una vittoria sudata che ha portato la squadra di Fontana a giocarsi una finale in tre gare. Dopo la vittoria degli altoatesini in gara 1, l\u2019Alleghe\/Cortina ha dominato gara 2 e si \u00e8 giocata il tutto per tutto nell\u2019ultima sfida in terra altoatesina. Uno scudetto che verr\u00e0 cucito sul petto di una squadra che ha faticato e non poco per tutta la stagione, costretta a fare allenamento fuori casa a causa dello stadio di Alleghe chiuso e con trasferte infinite, l\u2019ultima in Piemonte in semifinale. Prima parte di gara con le squadre che lottano su ogni disco. Le civette sono costrette a giocare con l\u2019uomo in meno dopo pochi istanti ma gli altoatesini non si rendono pericolosi. La squadra mista bellunese \u00e8 attenta a non farsi sorprendere e prova a colpire in contropiede ma il golie dell\u2019Appiano sembra insuperabile. Negli ultimi minuti della prima frazione rischia e non poco. Gli attaccanti dell\u2019Appiano provano in tutte le maniere a sbloccare la partita ma Lacedelli \u00e8 attento e sventa ogni minaccia. Padroni di casa agguerriti nella seconda frazione che prendono di mira la porta difesa da Lacedelli. Dopo una serie di tentativi andati a vuoto, gli altoatesini si portano in vantaggio. Civette che provano a rispondere con delle belle conclusioni che vengono sventate dalla difesa avversaria. A pareggiare i conti ci pensa Levis con un siluro dalla linea blu e il disco che si infila sotto la traversa. Bellunesi che prendono coraggio e provano l\u2019assalto senza pero trovare la seconda rete. Le squadre non se le mandano a dire e in alcuni momenti gli arbitri sono costretti a calmare gli animi. Nella terza frazione l\u2019equilibrio regna sovrano e le squadre sembrano non volrsi scoprire. L\u2019Appiano ha l\u2019occasione di portarsi in vantaggio a met\u00e0 frazione quando viene assegnato un rigore ma Lacedelli lo para. E\u2019 il preludio al gol. Confusione davanti alla porta bellunese e tapin vincente di un giocatore altoatesino. Rispondono i bellunesi che pochi minuti dopo trovano il gol con Fontanive. Finale concitato con la squadra di casa che subisce una penalit\u00e0 e l\u2019Alleghe\/Cortina che trova il gol allo scadere ma l\u2019arbitro non lo convalida. Si va all\u2019overtime e Tommaso Levis trova la rete che consegna alla squadra mista bellunese il titolo di campione d\u2019Italia under 15.<\/p>\n<p>&nbsp;<\/p>\n\n\t\t\t<style type='text\/css'>\n\t\t\t\t#gallery-8 {\n\t\t\t\t\tmargin: auto;\n\t\t\t\t}\n\t\t\t\t#gallery-8 .gallery-item {\n\t\t\t\t\tfloat: left;\n\t\t\t\t\tmargin-top: 10px;\n\t\t\t\t\ttext-align: center;\n\t\t\t\t\twidth: 20%;\n\t\t\t\t}\n\t\t\t\t#gallery-8 img {\n\t\t\t\t\tborder: 2px solid #cfcfcf;\n\t\t\t\t}\n\t\t\t\t#gallery-8 .gallery-caption {\n\t\t\t\t\tmargin-left: 0;\n\t\t\t\t}\n\t\t\t\t\/* see gallery_shortcode() in wp-includes\/media.php *\/\n\t\t\t<\/style>\n\t\t<div id='gallery-8' class='dt-gallery-container gallery galleryid-330646 gallery-columns-5 gallery-size-medium'><dl class='gallery-item'>\n\t\t\t\t<dt class='gallery-icon landscape'>\n\t\t\t\t\t<a class=\"rollover rollover-zoom dt-pswp-item\" title=\"a5edd091-ec1f-415b-8cf1-6a40fc1a867a\" data-dt-img-description=\"\" data-large_image_width=\"2000\" data-large_image_height=\"1500\"href='https:\/\/www.radiopiu.net\/wordpress\/wp-content\/uploads\/2023\/04\/a5edd091-ec1f-415b-8cf1-6a40fc1a867a.jpg'><img loading=\"lazy\" decoding=\"async\" width=\"300\" height=\"225\" src=\"https:\/\/www.radiopiu.net\/wordpress\/wp-content\/uploads\/2023\/04\/a5edd091-ec1f-415b-8cf1-6a40fc1a867a-300x225.jpg\" class=\"attachment-medium size-medium\" alt=\"\" srcset=\"https:\/\/www.radiopiu.net\/wordpress\/wp-content\/uploads\/2023\/04\/a5edd091-ec1f-415b-8cf1-6a40fc1a867a-300x225.jpg 300w, https:\/\/www.radiopiu.net\/wordpress\/wp-content\/uploads\/2023\/04\/a5edd091-ec1f-415b-8cf1-6a40fc1a867a-1024x768.jpg 1024w, https:\/\/www.radiopiu.net\/wordpress\/wp-content\/uploads\/2023\/04\/a5edd091-ec1f-415b-8cf1-6a40fc1a867a-768x576.jpg 768w, https:\/\/www.radiopiu.net\/wordpress\/wp-content\/uploads\/2023\/04\/a5edd091-ec1f-415b-8cf1-6a40fc1a867a-1536x1152.jpg 1536w, https:\/\/www.radiopiu.net\/wordpress\/wp-content\/uploads\/2023\/04\/a5edd091-ec1f-415b-8cf1-6a40fc1a867a.jpg 2000w\" sizes=\"auto, (max-width: 300px) 100vw, 300px\" \/><\/a>\n\t\t\t\t<\/dt><\/dl><dl class='gallery-item'>\n\t\t\t\t<dt class='gallery-icon landscape'>\n\t\t\t\t\t<a class=\"rollover rollover-zoom dt-pswp-item\" title=\"25bcd346-018b-4eed-a05e-bf97770ba1d9\" data-dt-img-description=\"\" data-large_image_width=\"1920\" data-large_image_height=\"1080\"href='https:\/\/www.radiopiu.net\/wordpress\/wp-content\/uploads\/2023\/04\/25bcd346-018b-4eed-a05e-bf97770ba1d9.jpg'><img loading=\"lazy\" decoding=\"async\" width=\"300\" height=\"169\" src=\"https:\/\/www.radiopiu.net\/wordpress\/wp-content\/uploads\/2023\/04\/25bcd346-018b-4eed-a05e-bf97770ba1d9-300x169.jpg\" class=\"attachment-medium size-medium\" alt=\"\" srcset=\"https:\/\/www.radiopiu.net\/wordpress\/wp-content\/uploads\/2023\/04\/25bcd346-018b-4eed-a05e-bf97770ba1d9-300x169.jpg 300w, https:\/\/www.radiopiu.net\/wordpress\/wp-content\/uploads\/2023\/04\/25bcd346-018b-4eed-a05e-bf97770ba1d9-1024x576.jpg 1024w, https:\/\/www.radiopiu.net\/wordpress\/wp-content\/uploads\/2023\/04\/25bcd346-018b-4eed-a05e-bf97770ba1d9-768x432.jpg 768w, https:\/\/www.radiopiu.net\/wordpress\/wp-content\/uploads\/2023\/04\/25bcd346-018b-4eed-a05e-bf97770ba1d9-1536x864.jpg 1536w, https:\/\/www.radiopiu.net\/wordpress\/wp-content\/uploads\/2023\/04\/25bcd346-018b-4eed-a05e-bf97770ba1d9.jpg 1920w\" sizes=\"auto, (max-width: 300px) 100vw, 300px\" \/><\/a>\n\t\t\t\t<\/dt><\/dl><dl class='gallery-item'>\n\t\t\t\t<dt class='gallery-icon landscape'>\n\t\t\t\t\t<a class=\"rollover rollover-zoom dt-pswp-item\" title=\"77ff1d3b-64e8-41cf-b534-ca92d3e3eefe\" data-dt-img-description=\"\" data-large_image_width=\"1600\" data-large_image_height=\"1200\"href='https:\/\/www.radiopiu.net\/wordpress\/wp-content\/uploads\/2023\/04\/77ff1d3b-64e8-41cf-b534-ca92d3e3eefe.jpg'><img loading=\"lazy\" decoding=\"async\" width=\"300\" height=\"225\" src=\"https:\/\/www.radiopiu.net\/wordpress\/wp-content\/uploads\/2023\/04\/77ff1d3b-64e8-41cf-b534-ca92d3e3eefe-300x225.jpg\" class=\"attachment-medium size-medium\" alt=\"\" srcset=\"https:\/\/www.radiopiu.net\/wordpress\/wp-content\/uploads\/2023\/04\/77ff1d3b-64e8-41cf-b534-ca92d3e3eefe-300x225.jpg 300w, https:\/\/www.radiopiu.net\/wordpress\/wp-content\/uploads\/2023\/04\/77ff1d3b-64e8-41cf-b534-ca92d3e3eefe-1024x768.jpg 1024w, https:\/\/www.radiopiu.net\/wordpress\/wp-content\/uploads\/2023\/04\/77ff1d3b-64e8-41cf-b534-ca92d3e3eefe-768x576.jpg 768w, https:\/\/www.radiopiu.net\/wordpress\/wp-content\/uploads\/2023\/04\/77ff1d3b-64e8-41cf-b534-ca92d3e3eefe-1536x1152.jpg 1536w, https:\/\/www.radiopiu.net\/wordpress\/wp-content\/uploads\/2023\/04\/77ff1d3b-64e8-41cf-b534-ca92d3e3eefe.jpg 1600w\" sizes=\"auto, (max-width: 300px) 100vw, 300px\" \/><\/a>\n\t\t\t\t<\/dt><\/dl><dl class='gallery-item'>\n\t\t\t\t<dt class='gallery-icon landscape'>\n\t\t\t\t\t<a class=\"rollover rollover-zoom dt-pswp-item\" title=\"51734d96-9f4b-43d2-a8cb-13f21622f260\" data-dt-img-description=\"\" data-large_image_width=\"1600\" data-large_image_height=\"1200\"href='https:\/\/www.radiopiu.net\/wordpress\/wp-content\/uploads\/2023\/04\/51734d96-9f4b-43d2-a8cb-13f21622f260.jpg'><img loading=\"lazy\" decoding=\"async\" width=\"300\" height=\"225\" src=\"https:\/\/www.radiopiu.net\/wordpress\/wp-content\/uploads\/2023\/04\/51734d96-9f4b-43d2-a8cb-13f21622f260-300x225.jpg\" class=\"attachment-medium size-medium\" alt=\"\" srcset=\"https:\/\/www.radiopiu.net\/wordpress\/wp-content\/uploads\/2023\/04\/51734d96-9f4b-43d2-a8cb-13f21622f260-300x225.jpg 300w, https:\/\/www.radiopiu.net\/wordpress\/wp-content\/uploads\/2023\/04\/51734d96-9f4b-43d2-a8cb-13f21622f260-1024x768.jpg 1024w, https:\/\/www.radiopiu.net\/wordpress\/wp-content\/uploads\/2023\/04\/51734d96-9f4b-43d2-a8cb-13f21622f260-768x576.jpg 768w, https:\/\/www.radiopiu.net\/wordpress\/wp-content\/uploads\/2023\/04\/51734d96-9f4b-43d2-a8cb-13f21622f260-1536x1152.jpg 1536w, https:\/\/www.radiopiu.net\/wordpress\/wp-content\/uploads\/2023\/04\/51734d96-9f4b-43d2-a8cb-13f21622f260.jpg 1600w\" sizes=\"auto, (max-width: 300px) 100vw, 300px\" \/><\/a>\n\t\t\t\t<\/dt><\/dl><dl class='gallery-item'>\n\t\t\t\t<dt class='gallery-icon landscape'>\n\t\t\t\t\t<a class=\"rollover rollover-zoom dt-pswp-item\" title=\"30684ec2-6df1-4b23-86f7-1458ad54bb75\" data-dt-img-description=\"\" data-large_image_width=\"1600\" data-large_image_height=\"1200\"href='https:\/\/www.radiopiu.net\/wordpress\/wp-content\/uploads\/2023\/04\/30684ec2-6df1-4b23-86f7-1458ad54bb75.jpg'><img loading=\"lazy\" decoding=\"async\" width=\"300\" height=\"225\" src=\"https:\/\/www.radiopiu.net\/wordpress\/wp-content\/uploads\/2023\/04\/30684ec2-6df1-4b23-86f7-1458ad54bb75-300x225.jpg\" class=\"attachment-medium size-medium\" alt=\"\" srcset=\"https:\/\/www.radiopiu.net\/wordpress\/wp-content\/uploads\/2023\/04\/30684ec2-6df1-4b23-86f7-1458ad54bb75-300x225.jpg 300w, https:\/\/www.radiopiu.net\/wordpress\/wp-content\/uploads\/2023\/04\/30684ec2-6df1-4b23-86f7-1458ad54bb75-1024x768.jpg 1024w, https:\/\/www.radiopiu.net\/wordpress\/wp-content\/uploads\/2023\/04\/30684ec2-6df1-4b23-86f7-1458ad54bb75-768x576.jpg 768w, https:\/\/www.radiopiu.net\/wordpress\/wp-content\/uploads\/2023\/04\/30684ec2-6df1-4b23-86f7-1458ad54bb75-1536x1152.jpg 1536w, https:\/\/www.radiopiu.net\/wordpress\/wp-content\/uploads\/2023\/04\/30684ec2-6df1-4b23-86f7-1458ad54bb75.jpg 1600w\" sizes=\"auto, (max-width: 300px) 100vw, 300px\" \/><\/a>\n\t\t\t\t<\/dt><\/dl><br style=\"clear: both\" \/>\n\t\t\t<\/div>\n\n<p>&nbsp;<\/p>\n<p><strong>IL COMMENTO DEL SINDACO DI ALLEGHE DANILO DE TONI<\/strong><\/p>\n<p>In una stagione travagliata, sofferta per le ragioni che tutti conosciamo legate al caro energia, la passione e la caparbiet\u00e0 hanno premiato i ragazzi ed il team dell&#8217;Alleghe hockey . L&#8217;amministrazione comunale \u00e8 stata altres\u00ec ripagata dello sforzo economico sopportato per fare si che i ragazzi potessero continuare a giocare . Bravi ragazzi<\/p>\n<p>&nbsp;<\/p>\n<p><strong><a class=\"dt-pswp-item\" href=\"https:\/\/www.radiopiu.net\/wordpress\/wp-content\/uploads\/2023\/04\/51734d96-9f4b-43d2-a8cb-13f21622f260.jpg\" data-dt-img-description=\"\" data-large_image_width=\"1600\" data-large_image_height=\"1200\"><img loading=\"lazy\" decoding=\"async\" class=\" wp-image-330777 alignleft\" src=\"https:\/\/www.radiopiu.net\/wordpress\/wp-content\/uploads\/2023\/04\/51734d96-9f4b-43d2-a8cb-13f21622f260-300x225.jpg\" alt=\"\" width=\"169\" height=\"127\" srcset=\"https:\/\/www.radiopiu.net\/wordpress\/wp-content\/uploads\/2023\/04\/51734d96-9f4b-43d2-a8cb-13f21622f260-300x225.jpg 300w, https:\/\/www.radiopiu.net\/wordpress\/wp-content\/uploads\/2023\/04\/51734d96-9f4b-43d2-a8cb-13f21622f260-1024x768.jpg 1024w, https:\/\/www.radiopiu.net\/wordpress\/wp-content\/uploads\/2023\/04\/51734d96-9f4b-43d2-a8cb-13f21622f260-768x576.jpg 768w, https:\/\/www.radiopiu.net\/wordpress\/wp-content\/uploads\/2023\/04\/51734d96-9f4b-43d2-a8cb-13f21622f260-1536x1152.jpg 1536w, https:\/\/www.radiopiu.net\/wordpress\/wp-content\/uploads\/2023\/04\/51734d96-9f4b-43d2-a8cb-13f21622f260.jpg 1600w\" sizes=\"auto, (max-width: 169px) 100vw, 169px\" \/><\/a>REDAZIONE<\/strong> Il tricolore torna ad Alleghe dopo 23 anni dall&#8217;ultimo titolo vinto da una squadra giovanile. I nostri campioni hanno fatto una vera e propria impresa e Radio Pi\u00f9 li vuole premiare con questo speciale<\/p>\n<p>&nbsp;<\/p>\n<p>&nbsp;<\/p>\n<p>&nbsp;<\/p>\n<audio class=\"wp-audio-shortcode\" id=\"audio-330646-12\" preload=\"none\" style=\"width: 100%;\" controls=\"controls\"><source type=\"audio\/mpeg\" src=\"https:\/\/www.radiopiu.net\/wordpress\/wp-content\/uploads\/2023\/04\/servizio-uner-15-1.mp3?_=12\" \/><a href=\"https:\/\/www.radiopiu.net\/wordpress\/wp-content\/uploads\/2023\/04\/servizio-uner-15-1.mp3\">https:\/\/www.radiopiu.net\/wordpress\/wp-content\/uploads\/2023\/04\/servizio-uner-15-1.mp3<\/a><\/audio>\n<p>&nbsp;<\/p>\n<p>&nbsp;<\/p>\n<hr \/>\n<p>&nbsp;<\/p>\n<blockquote>\n<h3>I BUONI RISULTATI DI AGORDINO GHIACCIO E SPORT<\/h3>\n<\/blockquote>\n<p><strong>REDAZIONE<\/strong> Le ragazze di Agordino Ghiaccio e Sport si sono fatte notare al trofeo nazionale Bronze di Pinerolo: <strong>Gaia Serafini<\/strong> \u00e8 salita sul gradino pi\u00f9 alto del podio (Categoria interpretativo B);\u00a0 <strong>Paola Galligani\u00a0<\/strong> 3^ (Categoria principianti open);\u00a0<strong> Anita Serafini<\/strong> 13^ (Categoria cadetti); <strong>Cristina Torner\u00a0<\/strong> 14^\u00a0 (Categoria novice B) <strong>Matilde Rosson<\/strong> 7^ (categoria Novice B). Nel fine settmana buon risultato anche per <strong>Martina Da Tos<\/strong>\u00a0 22^ alla finale Trofeo delle Regioni Siver (categoria intermedia novice). Anche <strong>Fabrizio Fontana\u00a0<\/strong> \u00e8 tornato a gareggiare nella categoria adulti a Bressanone, ottenendo un ottimo punteggio<\/p>\n<div class=\"__fb-light-mode x1n2onr6\" role=\"row\">\n<div class=\"\">\n<div class=\"x78zum5 xdt5ytf x1n2onr6\" tabindex=\"-1\" role=\"gridcell\" data-release-focus-from=\"CLICK\" data-scope=\"messages_table\">\n<div>\n<div class=\"x78zum5\" role=\"none\">\n<div class=\"x78zum5 x1iyjqo2 xs83m0k xeuugli\" role=\"none\">\n<div class=\"x1h91t0o xkh2ocl x78zum5 xdt5ytf x13a6bvl xcrg951 x1r145dm\" role=\"none\">\n<div class=\"x78zum5 xh8yej3\" role=\"none\">\n<div class=\"x1cy8zhl x78zum5 xdt5ytf x193iq5w x1n2onr6\">\n<div class=\"x78zum5 xh8yej3\" role=\"none\">\n<div class=\"x1tlxs6b x1g8br2z x1gn5b1j x230xth x14ctfv x1okitfd x6ikm8r x10wlt62 x1mzt3pk x1y1aw1k xn6708d xwib8y2 x1ye3gou x1n2onr6 x13faqbe x1vjfegm\" role=\"none\">\n<div class=\"x9f619 x1n2onr6 x1ja2u2z __fb-light-mode\" role=\"none\"><\/div>\n<\/div>\n<\/div>\n<\/div>\n<\/div>\n<\/div>\n<\/div>\n<\/div>\n<\/div>\n<\/div>\n<\/div>\n<\/div>\n<p>&nbsp;<\/p>\n<p>Nella foto il podio della categoria interpretativo Grazie mille<\/p>\n<p><a class=\"dt-pswp-item\" href=\"https:\/\/www.radiopiu.net\/wordpress\/wp-content\/uploads\/2023\/04\/340140762_3360549950875290_3418273803729054353_n.jpg\" data-dt-img-description=\"\" data-large_image_width=\"275\" data-large_image_height=\"206\"><img loading=\"lazy\" decoding=\"async\" class=\"alignnone size-full wp-image-330900\" src=\"https:\/\/www.radiopiu.net\/wordpress\/wp-content\/uploads\/2023\/04\/340140762_3360549950875290_3418273803729054353_n.jpg\" alt=\"\" width=\"275\" height=\"206\" \/><\/a><\/p>\n<p>&nbsp;<\/p>\n<hr \/>\n<p>&nbsp;<\/p>\n<blockquote>\n<h3>SUBITO UNA VITTORIA PER LA NAZIONALE UNDER 18 DI HOCKEY SU GHIACCIO<\/h3>\n<\/blockquote>\n<p class=\"null\"><a class=\"dt-pswp-item\" href=\"https:\/\/www.radiopiu.net\/wordpress\/wp-content\/uploads\/2023\/04\/a4be2a4a-47d6-29a0-c52f-c6dc4d432afc.png\" data-dt-img-description=\"\" data-large_image_width=\"1932\" data-large_image_height=\"1122\"><img loading=\"lazy\" decoding=\"async\" class=\"size-medium wp-image-330893 alignleft\" src=\"https:\/\/www.radiopiu.net\/wordpress\/wp-content\/uploads\/2023\/04\/a4be2a4a-47d6-29a0-c52f-c6dc4d432afc-300x174.png\" alt=\"\" width=\"300\" height=\"174\" srcset=\"https:\/\/www.radiopiu.net\/wordpress\/wp-content\/uploads\/2023\/04\/a4be2a4a-47d6-29a0-c52f-c6dc4d432afc-300x174.png 300w, https:\/\/www.radiopiu.net\/wordpress\/wp-content\/uploads\/2023\/04\/a4be2a4a-47d6-29a0-c52f-c6dc4d432afc-1024x595.png 1024w, https:\/\/www.radiopiu.net\/wordpress\/wp-content\/uploads\/2023\/04\/a4be2a4a-47d6-29a0-c52f-c6dc4d432afc-768x446.png 768w, https:\/\/www.radiopiu.net\/wordpress\/wp-content\/uploads\/2023\/04\/a4be2a4a-47d6-29a0-c52f-c6dc4d432afc-1536x892.png 1536w, https:\/\/www.radiopiu.net\/wordpress\/wp-content\/uploads\/2023\/04\/a4be2a4a-47d6-29a0-c52f-c6dc4d432afc.png 1932w\" sizes=\"auto, (max-width: 300px) 100vw, 300px\" \/><\/a>Si apre con un successo il Mondiale di 1^ Divisione Gruppo B per la Nazionale italiana U18, che a Bled (Slovenia) supera per 4 a 2 l&#8217;Estonia. Dopo un primo tempo equilibrato, durante il quale gli Azzurri non concretizzano il primo powerplay a disposizione, nella frazione centrale il match si sblocca: al 22:43 Fauster si invola sulla destra e serve al centro Cassan, che pesca il tocco vincente per battere Rembetti. Passano pochi minuti e al 26:59 arriva anche il raddoppio: in contropiede Madaschi sceglie la soluzione personale, spolverando il &#8220;sette&#8221; sul primo palo. In avvio di terzo tempo la truppa italiana cala anche il tris: Remolato si avventa su un disco vagante nel terzo offensivo, stringe davanti al portiere e insacca. L&#8217;Estonia per\u00f2 non si d\u00e0 per vinta e tenta la rimonta piazzando un micidiale uno-due. Al 49:56 Sepma premia l&#8217;inserimento di Morozov, che elude la marcatura di due difensori e davanti a Clara non sbaglia; 45 secondi pi\u00f9 tardi \u00e8 Valja ad accorciare ancora le distanze, depositando in rete l&#8217;assist di Burkov. Match riaperto a sorpresa, ma gli Azzurrini tengono, pur rischiando nel finale ritrovandosi in inferiorit\u00e0 numerica: l&#8217;Estonia tenta la carta sesto uomo di movimento, ma sull&#8217;errore di Mattik \u00e8 Mantinger a segnare il goal a porta vuota del definitivo 4 a 2.<\/p>\n","protected":false},"excerpt":{"rendered":"<p>ISCRIVITI AL NOSTRO CANALE\u00a0 YOUTUBE PER SEGUIRE IN DIRETTA I PRINCIPALI PROGRAMMI DI RADIO PIU&#8217; E LE FUTURE DIRETTE IN ESTERNA. PER ISCRIVERTI CLICCA QUI E PREMI IL GUSTO &#8220;Iscriviti&#8221;\u00a0\u00a0 &nbsp; &nbsp; &nbsp; &nbsp; GALLERIE: CHIUSURE NOTTURNE &nbsp; Gallerie \u201cBrenta\u201d e \u201cSan Vito\u201d chiuse di notte per lavori Dal 13 aprile al 6 maggio, sulla&hellip;<\/p>\n","protected":false},"author":4,"featured_media":330880,"comment_status":"closed","ping_status":"closed","sticky":false,"template":"","format":"standard","meta":{"_monsterinsights_skip_tracking":false,"_monsterinsights_sitenote_active":false,"_monsterinsights_sitenote_note":"","_monsterinsights_sitenote_category":0,"footnotes":""},"categories":[51,86,49],"tags":[],"class_list":["post-330646","post","type-post","status-publish","format-standard","has-post-thumbnail","hentry","category-evidenza-top","category-gr","category-news-18","category-51","category-86","category-49","description-off"],"img_url":"https:\/\/www.radiopiu.net\/wordpress\/wp-content\/uploads\/2023\/04\/2069ed22-8e84-45b4-af2e-450c8bcc9dd7.jpg","_links":{"self":[{"href":"https:\/\/www.radiopiu.net\/wordpress\/wp-json\/wp\/v2\/posts\/330646","targetHints":{"allow":["GET"]}}],"collection":[{"href":"https:\/\/www.radiopiu.net\/wordpress\/wp-json\/wp\/v2\/posts"}],"about":[{"href":"https:\/\/www.radiopiu.net\/wordpress\/wp-json\/wp\/v2\/types\/post"}],"author":[{"embeddable":true,"href":"https:\/\/www.radiopiu.net\/wordpress\/wp-json\/wp\/v2\/users\/4"}],"replies":[{"embeddable":true,"href":"https:\/\/www.radiopiu.net\/wordpress\/wp-json\/wp\/v2\/comments?post=330646"}],"version-history":[{"count":0,"href":"https:\/\/www.radiopiu.net\/wordpress\/wp-json\/wp\/v2\/posts\/330646\/revisions"}],"wp:featuredmedia":[{"embeddable":true,"href":"https:\/\/www.radiopiu.net\/wordpress\/wp-json\/wp\/v2\/media\/330880"}],"wp:attachment":[{"href":"https:\/\/www.radiopiu.net\/wordpress\/wp-json\/wp\/v2\/media?parent=330646"}],"wp:term":[{"taxonomy":"category","embeddable":true,"href":"https:\/\/www.radiopiu.net\/wordpress\/wp-json\/wp\/v2\/categories?post=330646"},{"taxonomy":"post_tag","embeddable":true,"href":"https:\/\/www.radiopiu.net\/wordpress\/wp-json\/wp\/v2\/tags?post=330646"}],"curies":[{"name":"wp","href":"https:\/\/api.w.org\/{rel}","templated":true}]}}