{"id":330689,"date":"2023-04-08T16:12:22","date_gmt":"2023-04-08T14:12:22","guid":{"rendered":"https:\/\/www.radiopiu.net\/wordpress\/?p=330689"},"modified":"2023-04-08T16:13:07","modified_gmt":"2023-04-08T14:13:07","slug":"progetto-sicurezza-nuovo-sopralluogo-questa-mattina-al-parco-citta-di-bologna","status":"publish","type":"post","link":"https:\/\/www.radiopiu.net\/wordpress\/progetto-sicurezza-nuovo-sopralluogo-questa-mattina-al-parco-citta-di-bologna\/","title":{"rendered":"PROGETTO SICUREZZA: NUOVO SOPRALLUOGO QUESTA MATTINA AL PARCO CITTA&#8217; DI BOLOGNA"},"content":{"rendered":"<p><strong><a class=\"dt-pswp-item\" href=\"https:\/\/www.radiopiu.net\/wordpress\/wp-content\/uploads\/2023\/04\/Sopralluogo-Parco.jpeg\" data-dt-img-description=\"\" data-large_image_width=\"1024\" data-large_image_height=\"618\"><img loading=\"lazy\" decoding=\"async\" class=\" wp-image-330691 alignleft\" src=\"https:\/\/www.radiopiu.net\/wordpress\/wp-content\/uploads\/2023\/04\/Sopralluogo-Parco-300x181.jpeg\" alt=\"\" width=\"249\" height=\"150\" srcset=\"https:\/\/www.radiopiu.net\/wordpress\/wp-content\/uploads\/2023\/04\/Sopralluogo-Parco-300x181.jpeg 300w, https:\/\/www.radiopiu.net\/wordpress\/wp-content\/uploads\/2023\/04\/Sopralluogo-Parco-768x464.jpeg 768w, https:\/\/www.radiopiu.net\/wordpress\/wp-content\/uploads\/2023\/04\/Sopralluogo-Parco.jpeg 1024w\" sizes=\"auto, (max-width: 249px) 100vw, 249px\" \/><\/a>BELLUNO\u00a0<\/strong>Progetto sicurezza: questa mattina sopralluogo dell\u2019assessore alla sicurezza Raffaele Addamiano al Parco Citt\u00e0 di Bologna e non solo. L\u2019esponente della giunta De Pellegrin d\u00e0 cos\u00ec seguito all\u2019iniziativa avviata gi\u00e0 la scorsa estate in centro storico e proseguita poi con i controlli al parco cittadino in autunno, recandosi di persona, accompagnato da\u00a0 agenti della polizia locale, in quei luoghi della citt\u00e0 oggetto di segnalazioni. Il sopralluogo ha preso il via alle 10 circa e si \u00e8 concentrato al Parco Citt\u00e0 di Bologna frequentato da mamme con bambini, ma anche da ragazzini che in pi\u00f9 di qualche occasione hanno creato problemi con comportamenti inopportuni. L\u2019assessore \u00e8 stato accompagnato dal comandante della polizia locale e da 4 agenti.<\/p>\n<p><strong>RAFFAELE ADDAMIANO, ASSESSORE ALLA SICUREZZA DEL COMUNE DI BELLUNO<\/strong><\/p>\n<audio class=\"wp-audio-shortcode\" id=\"audio-330689-1\" preload=\"none\" style=\"width: 100%;\" controls=\"controls\"><source type=\"audio\/mpeg\" src=\"https:\/\/www.radiopiu.net\/wordpress\/wp-content\/uploads\/2023\/04\/Sopralluogo_08.04.23.mp3?_=1\" \/><a href=\"https:\/\/www.radiopiu.net\/wordpress\/wp-content\/uploads\/2023\/04\/Sopralluogo_08.04.23.mp3\">https:\/\/www.radiopiu.net\/wordpress\/wp-content\/uploads\/2023\/04\/Sopralluogo_08.04.23.mp3<\/a><\/audio>\n<p>&nbsp;<\/p>\n<p>&nbsp;<\/p>\n<p>*******<\/p>\n","protected":false},"excerpt":{"rendered":"<p>BELLUNO\u00a0Progetto sicurezza: questa mattina sopralluogo dell\u2019assessore alla sicurezza Raffaele Addamiano al Parco Citt\u00e0 di Bologna e non solo. L\u2019esponente della giunta De Pellegrin d\u00e0 cos\u00ec seguito all\u2019iniziativa avviata gi\u00e0 la scorsa estate in centro storico e proseguita poi con i controlli al parco cittadino in autunno, recandosi di persona, accompagnato da\u00a0 agenti della polizia locale,&hellip;<\/p>\n","protected":false},"author":4,"featured_media":330691,"comment_status":"closed","ping_status":"closed","sticky":false,"template":"","format":"standard","meta":{"_monsterinsights_skip_tracking":false,"_monsterinsights_sitenote_active":false,"_monsterinsights_sitenote_note":"","_monsterinsights_sitenote_category":0,"footnotes":""},"categories":[51,49],"tags":[],"class_list":["post-330689","post","type-post","status-publish","format-standard","has-post-thumbnail","hentry","category-evidenza-top","category-news-18","category-51","category-49","description-off"],"img_url":"https:\/\/www.radiopiu.net\/wordpress\/wp-content\/uploads\/2023\/04\/Sopralluogo-Parco.jpeg","_links":{"self":[{"href":"https:\/\/www.radiopiu.net\/wordpress\/wp-json\/wp\/v2\/posts\/330689","targetHints":{"allow":["GET"]}}],"collection":[{"href":"https:\/\/www.radiopiu.net\/wordpress\/wp-json\/wp\/v2\/posts"}],"about":[{"href":"https:\/\/www.radiopiu.net\/wordpress\/wp-json\/wp\/v2\/types\/post"}],"author":[{"embeddable":true,"href":"https:\/\/www.radiopiu.net\/wordpress\/wp-json\/wp\/v2\/users\/4"}],"replies":[{"embeddable":true,"href":"https:\/\/www.radiopiu.net\/wordpress\/wp-json\/wp\/v2\/comments?post=330689"}],"version-history":[{"count":0,"href":"https:\/\/www.radiopiu.net\/wordpress\/wp-json\/wp\/v2\/posts\/330689\/revisions"}],"wp:featuredmedia":[{"embeddable":true,"href":"https:\/\/www.radiopiu.net\/wordpress\/wp-json\/wp\/v2\/media\/330691"}],"wp:attachment":[{"href":"https:\/\/www.radiopiu.net\/wordpress\/wp-json\/wp\/v2\/media?parent=330689"}],"wp:term":[{"taxonomy":"category","embeddable":true,"href":"https:\/\/www.radiopiu.net\/wordpress\/wp-json\/wp\/v2\/categories?post=330689"},{"taxonomy":"post_tag","embeddable":true,"href":"https:\/\/www.radiopiu.net\/wordpress\/wp-json\/wp\/v2\/tags?post=330689"}],"curies":[{"name":"wp","href":"https:\/\/api.w.org\/{rel}","templated":true}]}}