{"id":330718,"date":"2023-04-08T19:02:46","date_gmt":"2023-04-08T17:02:46","guid":{"rendered":"https:\/\/www.radiopiu.net\/wordpress\/?p=330718"},"modified":"2023-04-08T19:02:46","modified_gmt":"2023-04-08T17:02:46","slug":"il-messaggio-di-buona-pasqua-del-presidente-della-provincia-roberto-padrin","status":"publish","type":"post","link":"https:\/\/www.radiopiu.net\/wordpress\/il-messaggio-di-buona-pasqua-del-presidente-della-provincia-roberto-padrin\/","title":{"rendered":"IL MESSAGGIO DI BUONA PASQUA DEL PRESIDENTE DELLA PROVINCIA ROBERTO PADRIN"},"content":{"rendered":"<p><strong>REDAZIONE<\/strong> In occasione delle festivit\u00e0, il presidente della Provincia di Belluno Roberto Padrin ha voluto augurare a tutti i bellunesi una buona Pasqua.<\/p>\n<p><strong>IL VIDEO<\/strong><\/p>\n<div style=\"width: 848px;\" class=\"wp-video\"><video class=\"wp-video-shortcode\" id=\"video-330718-1\" width=\"848\" height=\"480\" preload=\"metadata\" controls=\"controls\"><source type=\"video\/mp4\" src=\"https:\/\/www.radiopiu.net\/wordpress\/wp-content\/uploads\/2023\/04\/WhatsApp-Video-2023-04-08-at-18.05.31.mp4?_=1\" \/><a href=\"https:\/\/www.radiopiu.net\/wordpress\/wp-content\/uploads\/2023\/04\/WhatsApp-Video-2023-04-08-at-18.05.31.mp4\">https:\/\/www.radiopiu.net\/wordpress\/wp-content\/uploads\/2023\/04\/WhatsApp-Video-2023-04-08-at-18.05.31.mp4<\/a><\/video><\/div>\n<p>&nbsp;<\/p>\n<p><strong>IL MESSAGGIO DEL PRESIDENTE DELLA PROVINCIA ROBERTO PADRIN<\/strong><\/p>\n<blockquote><p><em>Pasqua si festeggia sempre in primavera e non \u00e8 un caso. \u00c8 la festa della rinascita, della nuova vita, ed \u00e8 quello che auguro al Bellunese e ai bellunesi.<\/em><br \/>\n<em>Dopo tre anni di Covid, possiamo lasciarci alle spalle le restrizioni pandemiche e considerare un ricordo il Covid. Ma dobbiamo ancora fare i conti, purtroppo, con alcune criticit\u00e0, con nubi nere che offuscano il cielo primaverile. Su tutte, l\u2019arrivo dei migranti che cercano in Europa la loro Pasqua, una nuova vita, e che troppo spesso vengono gestiti come un peso scaricato sulle spalle dei Comuni, l\u2019ultimo &#8211; e il pi\u00f9 piccolo &#8211; anello della catena istituzionale. Gli stessi Comuni che devono affrontare problemi quotidiani, essere un riferimento per i cittadini e anche sopperire alla crisi sociale che troppo spesso si avverte anche nel nostro territorio. Se \u00e8 doveroso dare a tutti un\u2019opportunit\u00e0, soprattutto a chi fugge da una guerra o da situazioni di indigenza e povert\u00e0 assolute, \u00e8 altrettanto opportuno gestire i flussi migratori senza scaricare il problema sugli unici enti che non possono rifiutarsi di intervenire. \u00c8 con questo pensiero che auguro buona Pasqua ai miei colleghi sindaci. E un auguro speciale va anche alle famiglie dei lavoratori precari e di quelli che stanno rischiando di perdere il posto, penso in particolare agli operai della Safilo, per i quali sono giorni di preoccupazione. La loro tranquillit\u00e0 lavorativa, base fondamentale per una qualit\u00e0 di vita elevata, \u00e8 stata messa in discussione da scelte di economia e finanza che non hanno nessun rispetto delle figure professionali, in una logica che guarda solo ad aumentare i margini di profitto, contro tutto e tutti. Il lavoro messo in campo dalla Regione e dai sindacati &#8211; su cui molto confido &#8211; sta cercando di salvare i posti di lavoro e la continuit\u00e0 produttiva di uno stabilimento. Il soggetto pubblico \u00e8 attento e sta monitorando la situazione; prima di fine mese ci sar\u00e0 un aggiornamento del Comitato di sorveglianza.<\/em><br \/>\n<em>Pasqua in ebraico significa \u201cpassaggio\u201d. Dalla morte alla vita, ma anche dalla tristezza alla gioia, dal buio alla luce, dalle difficolt\u00e0 alla serenit\u00e0. \u00c8 quello che auguro a tutti i bellunesi.<\/em><\/p>\n<p><strong><em>Roberto Padrin<\/em><\/strong><br \/>\n<strong><em>Presidente Provincia di Belluno<\/em><\/strong><\/p><\/blockquote>\n<p>&nbsp;<\/p>\n<p>&nbsp;<\/p>\n<p>&nbsp;<\/p>\n<p>*******<\/p>\n","protected":false},"excerpt":{"rendered":"<p>REDAZIONE In occasione delle festivit\u00e0, il presidente della Provincia di Belluno Roberto Padrin ha voluto augurare a tutti i bellunesi una buona Pasqua. IL VIDEO &nbsp; IL MESSAGGIO DEL PRESIDENTE DELLA PROVINCIA ROBERTO PADRIN Pasqua si festeggia sempre in primavera e non \u00e8 un caso. \u00c8 la festa della rinascita, della nuova vita, ed \u00e8&hellip;<\/p>\n","protected":false},"author":4,"featured_media":330720,"comment_status":"closed","ping_status":"closed","sticky":false,"template":"","format":"standard","meta":{"_monsterinsights_skip_tracking":false,"_monsterinsights_sitenote_active":false,"_monsterinsights_sitenote_note":"","_monsterinsights_sitenote_category":0,"footnotes":""},"categories":[51,49],"tags":[],"class_list":["post-330718","post","type-post","status-publish","format-standard","has-post-thumbnail","hentry","category-evidenza-top","category-news-18","category-51","category-49","description-off"],"img_url":"https:\/\/www.radiopiu.net\/wordpress\/wp-content\/uploads\/2023\/04\/PADRIN.jpeg","_links":{"self":[{"href":"https:\/\/www.radiopiu.net\/wordpress\/wp-json\/wp\/v2\/posts\/330718","targetHints":{"allow":["GET"]}}],"collection":[{"href":"https:\/\/www.radiopiu.net\/wordpress\/wp-json\/wp\/v2\/posts"}],"about":[{"href":"https:\/\/www.radiopiu.net\/wordpress\/wp-json\/wp\/v2\/types\/post"}],"author":[{"embeddable":true,"href":"https:\/\/www.radiopiu.net\/wordpress\/wp-json\/wp\/v2\/users\/4"}],"replies":[{"embeddable":true,"href":"https:\/\/www.radiopiu.net\/wordpress\/wp-json\/wp\/v2\/comments?post=330718"}],"version-history":[{"count":0,"href":"https:\/\/www.radiopiu.net\/wordpress\/wp-json\/wp\/v2\/posts\/330718\/revisions"}],"wp:featuredmedia":[{"embeddable":true,"href":"https:\/\/www.radiopiu.net\/wordpress\/wp-json\/wp\/v2\/media\/330720"}],"wp:attachment":[{"href":"https:\/\/www.radiopiu.net\/wordpress\/wp-json\/wp\/v2\/media?parent=330718"}],"wp:term":[{"taxonomy":"category","embeddable":true,"href":"https:\/\/www.radiopiu.net\/wordpress\/wp-json\/wp\/v2\/categories?post=330718"},{"taxonomy":"post_tag","embeddable":true,"href":"https:\/\/www.radiopiu.net\/wordpress\/wp-json\/wp\/v2\/tags?post=330718"}],"curies":[{"name":"wp","href":"https:\/\/api.w.org\/{rel}","templated":true}]}}