{"id":330807,"date":"2023-04-10T13:34:50","date_gmt":"2023-04-10T11:34:50","guid":{"rendered":"https:\/\/www.radiopiu.net\/wordpress\/?p=330807"},"modified":"2023-04-10T09:39:38","modified_gmt":"2023-04-10T07:39:38","slug":"fine-della-pandemia-prodotti-medici-avanzati","status":"publish","type":"post","link":"https:\/\/www.radiopiu.net\/wordpress\/fine-della-pandemia-prodotti-medici-avanzati\/","title":{"rendered":"Fine della pandemia + Prodotti medici avanzati"},"content":{"rendered":"<p>Fine della pandemia<br \/>\nL\u2019Oms potrebbe a breve dichiarare la fine della pandemia da Covid 19. Ci\u00f2 nonostante rimane una priorit\u00e0 di sanit\u00e0 tutelare tutti coloro che risultano ad elevato rischio di progressione verso forme di malattia grave.<\/p>\n<p>Prodotti medici avanzati<\/p>\n<p>L&#8217;Italia \u00e8 in prima fila nello sviluppo clinico dei prodotti medici avanzati, ma \u00e8 necessario garantirne l&#8217;accesso ai pazienti.<\/p>\n<audio class=\"wp-audio-shortcode\" id=\"audio-330807-1\" preload=\"none\" style=\"width: 100%;\" controls=\"controls\"><source type=\"audio\/mpeg\" src=\"https:\/\/www.radiopiu.net\/wordpress\/wp-content\/uploads\/2023\/04\/SALUTE-1.mp3?_=1\" \/><a href=\"https:\/\/www.radiopiu.net\/wordpress\/wp-content\/uploads\/2023\/04\/SALUTE-1.mp3\">https:\/\/www.radiopiu.net\/wordpress\/wp-content\/uploads\/2023\/04\/SALUTE-1.mp3<\/a><\/audio>\n","protected":false},"excerpt":{"rendered":"<p>Fine della pandemia L\u2019Oms potrebbe a breve dichiarare la fine della pandemia da Covid 19. Ci\u00f2 nonostante rimane una priorit\u00e0 di sanit\u00e0 tutelare tutti coloro che risultano ad elevato rischio di progressione verso forme di malattia grave. Prodotti medici avanzati L&#8217;Italia \u00e8 in prima fila nello sviluppo clinico dei prodotti medici avanzati, ma \u00e8 necessario&hellip;<\/p>\n","protected":false},"author":2,"featured_media":330809,"comment_status":"closed","ping_status":"closed","sticky":false,"template":"","format":"standard","meta":{"_monsterinsights_skip_tracking":false,"_monsterinsights_sitenote_active":false,"_monsterinsights_sitenote_note":"","_monsterinsights_sitenote_category":0,"footnotes":""},"categories":[87],"tags":[],"class_list":["post-330807","post","type-post","status-publish","format-standard","has-post-thumbnail","hentry","category-salutesocieta","category-87","description-off"],"img_url":"https:\/\/www.radiopiu.net\/wordpress\/wp-content\/uploads\/2023\/04\/WhatsApp-Image-2023-04-10-at-09.17.24.jpeg","_links":{"self":[{"href":"https:\/\/www.radiopiu.net\/wordpress\/wp-json\/wp\/v2\/posts\/330807","targetHints":{"allow":["GET"]}}],"collection":[{"href":"https:\/\/www.radiopiu.net\/wordpress\/wp-json\/wp\/v2\/posts"}],"about":[{"href":"https:\/\/www.radiopiu.net\/wordpress\/wp-json\/wp\/v2\/types\/post"}],"author":[{"embeddable":true,"href":"https:\/\/www.radiopiu.net\/wordpress\/wp-json\/wp\/v2\/users\/2"}],"replies":[{"embeddable":true,"href":"https:\/\/www.radiopiu.net\/wordpress\/wp-json\/wp\/v2\/comments?post=330807"}],"version-history":[{"count":0,"href":"https:\/\/www.radiopiu.net\/wordpress\/wp-json\/wp\/v2\/posts\/330807\/revisions"}],"wp:featuredmedia":[{"embeddable":true,"href":"https:\/\/www.radiopiu.net\/wordpress\/wp-json\/wp\/v2\/media\/330809"}],"wp:attachment":[{"href":"https:\/\/www.radiopiu.net\/wordpress\/wp-json\/wp\/v2\/media?parent=330807"}],"wp:term":[{"taxonomy":"category","embeddable":true,"href":"https:\/\/www.radiopiu.net\/wordpress\/wp-json\/wp\/v2\/categories?post=330807"},{"taxonomy":"post_tag","embeddable":true,"href":"https:\/\/www.radiopiu.net\/wordpress\/wp-json\/wp\/v2\/tags?post=330807"}],"curies":[{"name":"wp","href":"https:\/\/api.w.org\/{rel}","templated":true}]}}