{"id":330811,"date":"2023-04-10T09:52:38","date_gmt":"2023-04-10T07:52:38","guid":{"rendered":"https:\/\/www.radiopiu.net\/wordpress\/?p=330811"},"modified":"2023-04-10T09:53:06","modified_gmt":"2023-04-10T07:53:06","slug":"la-morosa-del-me-can-di-fabio-rufus-bristot","status":"publish","type":"post","link":"https:\/\/www.radiopiu.net\/wordpress\/la-morosa-del-me-can-di-fabio-rufus-bristot\/","title":{"rendered":"LA MOROSA DEL ME CAN di  FABIO RUFUS BRISTOT"},"content":{"rendered":"<p><strong>AUDIO<\/strong><\/p>\n<audio class=\"wp-audio-shortcode\" id=\"audio-330811-1\" preload=\"none\" style=\"width: 100%;\" controls=\"controls\"><source type=\"audio\/mpeg\" src=\"https:\/\/www.radiopiu.net\/wordpress\/wp-content\/uploads\/2023\/04\/VIVO-VERSO-LUN-1.mp3?_=1\" \/><a href=\"https:\/\/www.radiopiu.net\/wordpress\/wp-content\/uploads\/2023\/04\/VIVO-VERSO-LUN-1.mp3\">https:\/\/www.radiopiu.net\/wordpress\/wp-content\/uploads\/2023\/04\/VIVO-VERSO-LUN-1.mp3<\/a><\/audio>\n<p>&nbsp;<\/p>\n<p>&nbsp;<\/p>\n<p><a class=\"dt-pswp-item\" href=\"https:\/\/www.radiopiu.net\/wordpress\/wp-content\/uploads\/2023\/04\/FABIO-RUFUS-FOTO.jpg\" data-dt-img-description=\"\" data-large_image_width=\"828\" data-large_image_height=\"828\"><img loading=\"lazy\" decoding=\"async\" class=\"wp-image-330812 alignleft\" src=\"https:\/\/www.radiopiu.net\/wordpress\/wp-content\/uploads\/2023\/04\/FABIO-RUFUS-FOTO-300x300.jpg\" alt=\"\" width=\"161\" height=\"161\" srcset=\"https:\/\/www.radiopiu.net\/wordpress\/wp-content\/uploads\/2023\/04\/FABIO-RUFUS-FOTO-300x300.jpg 300w, https:\/\/www.radiopiu.net\/wordpress\/wp-content\/uploads\/2023\/04\/FABIO-RUFUS-FOTO-150x150.jpg 150w, https:\/\/www.radiopiu.net\/wordpress\/wp-content\/uploads\/2023\/04\/FABIO-RUFUS-FOTO-768x768.jpg 768w, https:\/\/www.radiopiu.net\/wordpress\/wp-content\/uploads\/2023\/04\/FABIO-RUFUS-FOTO.jpg 828w\" sizes=\"auto, (max-width: 161px) 100vw, 161px\" \/><\/a><strong>Fabio Rufus Bristot<\/strong><br \/>\n<strong>LA MOROSA DEL ME CAN<\/strong><\/p>\n<p>O&#8217; tro\u00e0 na bela polastrela<br \/>\nsu par na erta de &#8216;na stradela:<br \/>\n&#8216;na cagneta tuta par mi<br \/>\nche la me speta da meod\u00ec.<\/p>\n<p>No me ere gnanca inacort<br \/>\nche la me vardea fis da l&#8217;ort,<br \/>\npar farse conoser e vardar<br \/>\nla me \u00e0 fat moine e tant dugar.<\/p>\n<p>O&#8217; pro\u00e0 a incrosarla su sta riveta,<br \/>\nma la e scampada fora dreta,<br \/>\ncos\u00ec la me \u00e0 as\u00e0 tut stord\u00ec<br \/>\na sgnafar par ela tut al d\u00ec.<\/p>\n<p>Son stat fermo ore sul curtivo<br \/>\nstrach, co&#8217;l me scainar emotivo,<br \/>\npo&#8217; me son spost\u00e0 in cusina<br \/>\npar convinzer la paronzina.<\/p>\n<p>La me mena doman matina<br \/>\na catar da subito la barboncina,<br \/>\nma che no la scampe sul p\u00ec bel<br \/>\nparch\u00e8 oi sentir l&#8217;udor del so scianel..<\/p>\n<p>&nbsp;<\/p>\n<p><strong>LA RACCOLTA COMPLETA<\/strong><\/p>\n<p>&nbsp;<\/p>\n<blockquote class=\"wp-embedded-content\" data-secret=\"8W2sebEhF7\"><p><a href=\"https:\/\/www.radiopiu.net\/wordpress\/in-vivo-verso\/\">In Vivo Verso<\/a><\/p><\/blockquote>\n<p><iframe loading=\"lazy\" class=\"wp-embedded-content\" sandbox=\"allow-scripts\" security=\"restricted\" style=\"position: absolute; clip: rect(1px, 1px, 1px, 1px);\" title=\"&#8220;In Vivo Verso&#8221; &#8212; Radio Pi\u00f9\" src=\"https:\/\/www.radiopiu.net\/wordpress\/in-vivo-verso\/embed\/#?secret=e9yGqmUjcW#?secret=8W2sebEhF7\" data-secret=\"8W2sebEhF7\" width=\"600\" height=\"338\" frameborder=\"0\" marginwidth=\"0\" marginheight=\"0\" scrolling=\"no\"><\/iframe><\/p>\n","protected":false},"excerpt":{"rendered":"<p>AUDIO &nbsp; &nbsp; Fabio Rufus Bristot LA MOROSA DEL ME CAN O&#8217; tro\u00e0 na bela polastrela su par na erta de &#8216;na stradela: &#8216;na cagneta tuta par mi che la me speta da meod\u00ec. No me ere gnanca inacort che la me vardea fis da l&#8217;ort, par farse conoser e vardar la me \u00e0 fat&hellip;<\/p>\n","protected":false},"author":4,"featured_media":330812,"comment_status":"closed","ping_status":"closed","sticky":false,"template":"","format":"standard","meta":{"_monsterinsights_skip_tracking":false,"_monsterinsights_sitenote_active":false,"_monsterinsights_sitenote_note":"","_monsterinsights_sitenote_category":0,"footnotes":""},"categories":[22,49],"tags":[],"class_list":["post-330811","post","type-post","status-publish","format-standard","has-post-thumbnail","hentry","category-invivoverso","category-news-18","category-22","category-49","description-off"],"img_url":"https:\/\/www.radiopiu.net\/wordpress\/wp-content\/uploads\/2023\/04\/FABIO-RUFUS-FOTO.jpg","_links":{"self":[{"href":"https:\/\/www.radiopiu.net\/wordpress\/wp-json\/wp\/v2\/posts\/330811","targetHints":{"allow":["GET"]}}],"collection":[{"href":"https:\/\/www.radiopiu.net\/wordpress\/wp-json\/wp\/v2\/posts"}],"about":[{"href":"https:\/\/www.radiopiu.net\/wordpress\/wp-json\/wp\/v2\/types\/post"}],"author":[{"embeddable":true,"href":"https:\/\/www.radiopiu.net\/wordpress\/wp-json\/wp\/v2\/users\/4"}],"replies":[{"embeddable":true,"href":"https:\/\/www.radiopiu.net\/wordpress\/wp-json\/wp\/v2\/comments?post=330811"}],"version-history":[{"count":0,"href":"https:\/\/www.radiopiu.net\/wordpress\/wp-json\/wp\/v2\/posts\/330811\/revisions"}],"wp:featuredmedia":[{"embeddable":true,"href":"https:\/\/www.radiopiu.net\/wordpress\/wp-json\/wp\/v2\/media\/330812"}],"wp:attachment":[{"href":"https:\/\/www.radiopiu.net\/wordpress\/wp-json\/wp\/v2\/media?parent=330811"}],"wp:term":[{"taxonomy":"category","embeddable":true,"href":"https:\/\/www.radiopiu.net\/wordpress\/wp-json\/wp\/v2\/categories?post=330811"},{"taxonomy":"post_tag","embeddable":true,"href":"https:\/\/www.radiopiu.net\/wordpress\/wp-json\/wp\/v2\/tags?post=330811"}],"curies":[{"name":"wp","href":"https:\/\/api.w.org\/{rel}","templated":true}]}}