{"id":330896,"date":"2023-04-12T05:36:46","date_gmt":"2023-04-12T03:36:46","guid":{"rendered":"https:\/\/www.radiopiu.net\/wordpress\/?p=330896"},"modified":"2023-04-12T09:10:22","modified_gmt":"2023-04-12T07:10:22","slug":"giornale-radiopiu-12-aprile-2023-direttore-mirko-mezzacasa-verso-i-40-anni-25-giugno-1983-25-giugno-2023","status":"publish","type":"post","link":"https:\/\/www.radiopiu.net\/wordpress\/giornale-radiopiu-12-aprile-2023-direttore-mirko-mezzacasa-verso-i-40-anni-25-giugno-1983-25-giugno-2023\/","title":{"rendered":"GIORNALE RADIOPIU 12 APRILE 2023 DIRETTORE MIRKO MEZZACASA&#8230;verso i 40 anni 25 giugno 1983-25 giugno 2023"},"content":{"rendered":"<h2 style=\"text-align: left;\"><span style=\"color: #ff0000;\"><span style=\"vertical-align: inherit;\"><a class=\"dt-pswp-item\" href=\"https:\/\/www.radiopiu.net\/wordpress\/wp-content\/uploads\/2022\/08\/295832323_428597342649333_2091359398335650946_n.jpg\" data-dt-img-description=\"\" data-large_image_width=\"512\" data-large_image_height=\"640\"><img loading=\"lazy\" decoding=\"async\" class=\"size-medium wp-image-293577 alignleft\" src=\"https:\/\/www.radiopiu.net\/wordpress\/wp-content\/uploads\/2022\/08\/295832323_428597342649333_2091359398335650946_n-240x300.jpg\" alt=\"\" width=\"240\" height=\"300\" srcset=\"https:\/\/www.radiopiu.net\/wordpress\/wp-content\/uploads\/2022\/08\/295832323_428597342649333_2091359398335650946_n-240x300.jpg 240w, https:\/\/www.radiopiu.net\/wordpress\/wp-content\/uploads\/2022\/08\/295832323_428597342649333_2091359398335650946_n.jpg 512w\" sizes=\"auto, (max-width: 240px) 100vw, 240px\" \/><\/a>ISCRIVITI AL NOSTRO CANALE\u00a0 <\/span><\/span><span style=\"vertical-align: inherit;\"> YOUTUBE PER SEGUIRE IN DIRETTA I PRINCIPALI PROGRAMMI DI RADIO PIU&#8217; E LE FUTURE DIRETTE IN ESTERNA. PER ISCRIVERTI <\/span><a style=\"color: #ff0000;\" href=\"https:\/\/youtube.com\/@radiopiu1527\"><span style=\"vertical-align: inherit;\">CLICCA QUI <\/span><\/a><span style=\"color: #ff0000; font-size: 14px; font-weight: normal;\"><span style=\"vertical-align: inherit;\">E PREMI IL GUSTO &#8220;Iscriviti&#8221;\u00a0\u00a0<\/span><\/span><\/h2>\n<p>&nbsp;<\/p>\n<p>&nbsp;<\/p>\n<h2><span style=\"color: #0000ff;\">CON TANTI AUGURI ALLA POLIZIA DI STATO\u00a0<\/span><\/h2>\n<p><span style=\"color: #0000ff;\">OGGI alle 17, al teatro Comunale di Belluno, sar\u00e0 celebrato il 171\u00b0 Anniversario della Fondazione della Polizia di Stato.\u00a0\u00a0<\/span><\/p>\n<p>&nbsp;<\/p>\n<p>&nbsp;<\/p>\n<hr \/>\n<p>&nbsp;<\/p>\n<p>&nbsp;<\/p>\n<p><span style=\"color: #ff0000;\"><strong><a class=\"dt-pswp-item\" href=\"https:\/\/www.radiopiu.net\/wordpress\/wp-content\/uploads\/2021\/06\/8554eb80-bb6e-4752-a6d3-57aff91a2903.jpg\" data-dt-img-description=\"\" data-large_image_width=\"768\" data-large_image_height=\"1024\"><img loading=\"lazy\" decoding=\"async\" class=\"wp-image-215003 alignleft\" src=\"https:\/\/www.radiopiu.net\/wordpress\/wp-content\/uploads\/2021\/06\/8554eb80-bb6e-4752-a6d3-57aff91a2903-225x300.jpg\" alt=\"\" width=\"116\" height=\"155\" srcset=\"https:\/\/www.radiopiu.net\/wordpress\/wp-content\/uploads\/2021\/06\/8554eb80-bb6e-4752-a6d3-57aff91a2903-225x300.jpg 225w, https:\/\/www.radiopiu.net\/wordpress\/wp-content\/uploads\/2021\/06\/8554eb80-bb6e-4752-a6d3-57aff91a2903.jpg 768w\" sizes=\"auto, (max-width: 116px) 100vw, 116px\" \/><\/a>BANDI ALLA RADIO\u00a0<\/strong><\/span><\/p>\n<p><strong>BANDI DI CONCORSO, DAL COMUNE DI ROCCA PIETORE.\u00a0<\/strong>UN POSTO DI ISTRUTTORE AMMINISTRATIVO categoria C1, a tempo pieno e indeterminato UN POSTO DI ISTRUTTORE TECNICO categoria C1, contratto a tempo pieno e indeterminato Tutte le informazioni inerenti ai bandi di concorso, le modalit\u00e0 e i termini di presentazione delle domande sono reperibili sul sito del Comune: WWW.COMUNE.ROCCAPIETORE.BL.IT<\/p>\n<p>&nbsp;<\/p>\n<p>&nbsp;<\/p>\n<hr \/>\n<p>&nbsp;<\/p>\n<p>&nbsp;<\/p>\n<p><span style=\"color: #ff0000;\"><strong><a class=\"dt-pswp-item\" href=\"https:\/\/www.radiopiu.net\/wordpress\/wp-content\/uploads\/2022\/03\/ASCA.jpg\" data-dt-img-description=\"\" data-large_image_width=\"292\" data-large_image_height=\"290\"><img loading=\"lazy\" decoding=\"async\" class=\"wp-image-263829 alignleft\" src=\"https:\/\/www.radiopiu.net\/wordpress\/wp-content\/uploads\/2022\/03\/ASCA.jpg\" alt=\"\" width=\"168\" height=\"167\" srcset=\"https:\/\/www.radiopiu.net\/wordpress\/wp-content\/uploads\/2022\/03\/ASCA.jpg 292w, https:\/\/www.radiopiu.net\/wordpress\/wp-content\/uploads\/2022\/03\/ASCA-150x150.jpg 150w\" sizes=\"auto, (max-width: 168px) 100vw, 168px\" \/><\/a>AVVISI DI SELEZIONE ALLA RADIO\u00a0<\/strong><\/span><\/p>\n<p><strong>AVVISO DI SELEZIONE!\u00a0<\/strong><strong>ASCA, azienda speciale consortile agordina intende inserire nuovi operatori socio sanitari\u00a0<\/strong><strong>Inquadramento contratto Uneba, livello 4S SUPERMINIMO, ACCESSO WELFARE AZIENDALE, SISTEMAZIONE ABITATIVA A CANONE AGEVOLATO. LE DOMANDE DI PARTECIPAZIONE ALLA SELEZIONE VANNO PRESENTATE ENTRO LE 10\u00a0 DEL 21\u00a0 APRILE. BANDO consultabile sul sito\u00a0<a href=\"http:\/\/www.servizisocialiasca.it\/\">www.servizisocialiasca.it<\/a>\u00a0\u00a0<\/strong><\/p>\n<p>&nbsp;<\/p>\n<p>&nbsp;<\/p>\n<hr \/>\n<p>&nbsp;<\/p>\n<p><strong><a class=\"dt-pswp-item\" href=\"https:\/\/www.radiopiu.net\/wordpress\/wp-content\/uploads\/2023\/04\/Senza-nome-14.jpg\" data-dt-img-description=\"\" data-large_image_width=\"378\" data-large_image_height=\"200\"><img loading=\"lazy\" decoding=\"async\" class=\" wp-image-330606 alignleft\" src=\"https:\/\/www.radiopiu.net\/wordpress\/wp-content\/uploads\/2023\/04\/Senza-nome-14-300x159.jpg\" alt=\"\" width=\"274\" height=\"145\" srcset=\"https:\/\/www.radiopiu.net\/wordpress\/wp-content\/uploads\/2023\/04\/Senza-nome-14-300x159.jpg 300w, https:\/\/www.radiopiu.net\/wordpress\/wp-content\/uploads\/2023\/04\/Senza-nome-14.jpg 378w\" sizes=\"auto, (max-width: 274px) 100vw, 274px\" \/><\/a>Gallerie \u201cBrenta\u201d e \u201cSan Vito\u201d chiuse di notte per lavori <\/strong>Da domani al 6 maggio, sulla statale 50 Bis\/Var \u201cdel Grappa e del Passo Rolle\u201d nel tratto che collega Primolano ad Arsi\u00e8. La circolazione in direzione Feltre\/Belluno potr\u00e0 percorrere la SR50 Bis (vecchia strada nazionale per Belluno) passando per le scale di Primolano\/Fastro per poi reimmettersi sulla statale 50 Bis\/Var al km 5,200 all\u2019altezza dell\u2019area artigianale di Arsi\u00e8. Il traffico leggero diretto a Trento o Bassano sar\u00e0 indirizzato in uscita al km 5,200 della statale 50 Bis\/Var sulla SR50 Bis fino allo svincolo con la strada statale 47 \u201cValsugana\u201d.<\/p>\n<blockquote><p><em>Il percorso alternativo per i mezzi con peso superiore alle 3,5 tonnellate diretti verso Trento\/Bassano \u00e8 costituito dalla SR348 \u201cFeltrina\u201d con prosecuzione sulla SP26 in direzione Romano D\u2019Ezzelino e sulla SP148 fino alla reimmissione allo svincolo con la statale 47 \u201cValsugana\u201d.<\/em><\/p><\/blockquote>\n<p><strong>\u00a0\u00a0<\/strong><\/p>\n<hr \/>\n<p>&nbsp;<\/p>\n<blockquote>\n<h3>IL VILLAGGIO OLIMPICO CONTESO<\/h3>\n<\/blockquote>\n<p><strong>BORCA DI CADORE<\/strong> Non demorde il sindaco Bortolo Sala, anzi rilancia. Ieri la lettera inviata al Commissario Straordinario Valerio Santandrea.\u00a0<em> &#8220;Qui si tratta di vedere &#8211; dice Sala &#8211;\u00a0 se si ritiene opportuno lasciare una importante eredit\u00e0 sul territorio, oppure se si ritiene sufficiente costruire opere per poi rimuoverle&#8221;.\u00a0<\/em>Circa l&#8217;evidente rischio idrogeologico (zona arancione ai margini della rossa a rischio elevato), il sindaco ricorda che la Provincia ha fatto importanti lavori di mitigazione del rischio e i giochi si svolgono nel periodo invernale quando notoriamente non sussistono problemi di natura idrogeologica.<\/p>\n<p>&nbsp;<\/p>\n<p>&nbsp;<\/p>\n<hr \/>\n<p>&nbsp;<\/p>\n<blockquote>\n<h2>SOS SANITA&#8217;. RIPARTIRE DALLA MONTAGNA, E&#8217; LA PROPOSTA DELLA CISL<\/h2>\n<\/blockquote>\n<p><strong><img loading=\"lazy\" decoding=\"async\" class=\"alignleft\" src=\"https:\/\/www.radiopiu.net\/wordpress\/wp-content\/uploads\/2023\/04\/da-sx-Cappellin-De-Boni-Paglini-Manca-min-scaled.jpg\" width=\"369\" height=\"277\" \/>BELLUNO\u00a0<\/strong> <span style=\"color: #000000; font-family: Helvetica;\">La tutela della salute sta diventando sempre pi\u00f9 un privilegio per pochi anzich\u00e8 un diritto universale. Parte da questa riflessione la proposta lanciata dalla Cisl Belluno Treviso con le Federazioni della Fnp (Pensionati), Fp (Pubblico impiego) e Fisascat (Servizi) a tutte le istituzioni bellunesi per la costituzione di un <b>tavolo permanente territoriale<\/b> che coordini proposte e provvedimenti in materia di sanit\u00e0, servizi socio-sanitari e salute pubblica.<\/span><\/p>\n<p>&nbsp;<\/p>\n<p>&nbsp;<\/p>\n<p>&nbsp;<\/p>\n<p><strong>DI MORENO GIOL<\/strong><strong>I<\/strong><\/p>\n<audio class=\"wp-audio-shortcode\" id=\"audio-330896-1\" preload=\"none\" style=\"width: 100%;\" controls=\"controls\"><source type=\"audio\/mpeg\" src=\"https:\/\/www.radiopiu.net\/wordpress\/wp-content\/uploads\/2023\/04\/sos-sanita-cisl.mp3?_=1\" \/><a href=\"https:\/\/www.radiopiu.net\/wordpress\/wp-content\/uploads\/2023\/04\/sos-sanita-cisl.mp3\">https:\/\/www.radiopiu.net\/wordpress\/wp-content\/uploads\/2023\/04\/sos-sanita-cisl.mp3<\/a><\/audio>\n<p>&nbsp;<\/p>\n<p>MASSIMILIANO PAGLINI<\/p>\n<p><iframe loading=\"lazy\" title=\"Paglini SOS Sanita\u0300\" width=\"1200\" height=\"675\" src=\"https:\/\/www.youtube.com\/embed\/0mr9Z1gxok0?feature=oembed\" frameborder=\"0\" allow=\"accelerometer; autoplay; clipboard-write; encrypted-media; gyroscope; picture-in-picture; web-share\" allowfullscreen><\/iframe><\/p>\n<p>&nbsp;<\/p>\n<hr \/>\n<blockquote>\n<h3><\/h3>\n<h3>ACQUA NON POTABILE IN ALCUNE ZONE DI AGORDO E TAIBON<\/h3>\n<\/blockquote>\n<p><strong><a class=\"dt-pswp-item\" href=\"https:\/\/www.radiopiu.net\/wordpress\/wp-content\/uploads\/2018\/08\/ACQUA.jpeg\" data-dt-img-description=\"\" data-large_image_width=\"1280\" data-large_image_height=\"768\"><img loading=\"lazy\" decoding=\"async\" class=\" wp-image-57052 alignleft\" src=\"https:\/\/www.radiopiu.net\/wordpress\/wp-content\/uploads\/2018\/08\/ACQUA-300x180.jpeg\" alt=\"\" width=\"133\" height=\"80\" srcset=\"https:\/\/www.radiopiu.net\/wordpress\/wp-content\/uploads\/2018\/08\/ACQUA-300x180.jpeg 300w, https:\/\/www.radiopiu.net\/wordpress\/wp-content\/uploads\/2018\/08\/ACQUA-768x461.jpeg 768w, https:\/\/www.radiopiu.net\/wordpress\/wp-content\/uploads\/2018\/08\/ACQUA-1024x614.jpeg 1024w, https:\/\/www.radiopiu.net\/wordpress\/wp-content\/uploads\/2018\/08\/ACQUA.jpeg 1280w\" sizes=\"auto, (max-width: 133px) 100vw, 133px\" \/><\/a>AGORDO\/TAIBON <\/strong>Gestione Servizi Pubblici informa che ad Agordo, nelle localit\u00e0 Veran e Crostolin, e a Taibon, nelle localit\u00e0 Ronch De Bos e Nogarola, l&#8217;acqua erogata dall&#8217;acquedotto non \u00e8 potabile e pu\u00f2 essere usata per scopi alimentari solo previa bollitura. GSP ha, comunque, gi\u00e0 adottato le necessarie misure per la disinfezione dell&#8217;acqua presente nei serbatoi e nella rete idrica con l&#8217;aggiunta di cloro.<\/p>\n<p>&nbsp;<\/p>\n<blockquote>\n<h3><span style=\"color: #ff0000;\">INTERRUZIONI PROGRAMMATE BIM GSP<\/span><\/h3>\n<\/blockquote>\n<p><strong>AGORDO<\/strong> Gestione Servizi Pubblici informa che, per lavori alla rete idrica comunale, domani dalle 9 alle 13, verr\u00e0 sospesa l\u2019erogazione dell\u2019acqua a AGORDO nelle Localit\u00e0 CROSTOLIN, GRAVE, VERAN, COL DI FOGLIA, MOLIN DEL COT e nelle VIE PRAGRANDE e PAGANINI. Il personale addetto operer\u00e0 per limitare il pi\u00f9 possibile i disagi alla popolazione.<\/p>\n<p>&nbsp;<\/p>\n<p>&nbsp;<\/p>\n<hr \/>\n<p>&nbsp;<\/p>\n<blockquote>\n<h3>ADDIO AD ALZIRO MOLIN, PIONIERE DELL&#8217;ARRAMPICATA IN CADORE,<\/h3>\n<\/blockquote>\n<p>&nbsp;<\/p>\n<blockquote><p><em>Alziro Molin, soprannominato &#8220;il vecchio&#8221; (Auronzo di Cadore, 28 aprile 1932[1] \u2013 San Candido, 11 aprile 2023), \u00e8 stato un alpinista italiano, considerato uno dei pi\u00f9 grandi rocciatori delle Dolomiti viventi della second\u00e0 met\u00e0 del secolo scorso.<\/em><\/p><\/blockquote>\n<p><strong><a class=\"dt-pswp-item\" href=\"https:\/\/www.radiopiu.net\/wordpress\/wp-content\/uploads\/2023\/04\/Molin_Alziro.jpg\" data-dt-img-description=\"\" data-large_image_width=\"220\" data-large_image_height=\"320\"><img loading=\"lazy\" decoding=\"async\" class=\"size-medium wp-image-331050 alignright\" src=\"https:\/\/www.radiopiu.net\/wordpress\/wp-content\/uploads\/2023\/04\/Molin_Alziro-206x300.jpg\" alt=\"\" width=\"206\" height=\"300\" srcset=\"https:\/\/www.radiopiu.net\/wordpress\/wp-content\/uploads\/2023\/04\/Molin_Alziro-206x300.jpg 206w, https:\/\/www.radiopiu.net\/wordpress\/wp-content\/uploads\/2023\/04\/Molin_Alziro.jpg 220w\" sizes=\"auto, (max-width: 206px) 100vw, 206px\" \/><\/a>AURONZO<\/strong> E&#8217; morto il pioniere dell&#8217;arrampicata cadorina Alziro Molin. Classe 1932,\u00a0 avrebbe compiuto 91 anni il prossimo 28 aprile. Ed invece una complicanza respiratoria ne ha arrestato l&#8217;ultima scalata, quella intrapresa nei corridoi dell&#8217;ospedale di San Candido.\u00a0 Molin \u00e8 stato uno dei rocciatori pi\u00f9 famosi della seconda met\u00e0 del secolo scorso. Ha preso parte a diverse spedizioni internazionali, in alcune delle quali assumendo oneri ed onori del ruolo di capo spedizione.\u00a0 La Magnifica Comunit\u00e0 ha iscritto Alziro Molin nel libro dell&#8217;onore all&#8217;interno del quale, al suo fianco, figurano i cadorini illustri che con il loro operato hanno dato lustro al territorio.<\/p>\n<p><strong>WIKIPEDIA\u00a0<\/strong><br \/>\n<em>\u00abVederlo salire viene spontaneo paragonarlo ad un ragno, accarezza in modo delicato la roccia, sembra quasi abbia paura di farle male. Se volessimo un paragone con la musica, potremmo pensare che per lui la roccia \u00e8 uno spartito dove lui \u00e8 l\u2019esecutore, gli strumenti sono le mani e i piedi.\u00bb<\/em> (Paola De Filippo Roia, Enzo Lancellotti \u2013 Alziro Molin:\u00a0Una vita, mille montagne, La grande cordata, Grafiche Antiga (TV) 2008)<\/p>\n<p><a class=\"dt-pswp-item\" href=\"https:\/\/www.radiopiu.net\/wordpress\/wp-content\/uploads\/2023\/04\/Senza-nome-18.jpg\" data-dt-img-description=\"\" data-large_image_width=\"245\" data-large_image_height=\"255\"><img loading=\"lazy\" decoding=\"async\" class=\" wp-image-331049 alignleft\" src=\"https:\/\/www.radiopiu.net\/wordpress\/wp-content\/uploads\/2023\/04\/Senza-nome-18.jpg\" alt=\"\" width=\"220\" height=\"229\" \/><\/a>Nono di tredici figli, entra fin da giovane nei \u201cCamosci di Auronzo\u201d, gruppo delle Guide Alpine del luogo, apprendendo le varie tecniche da arrampicatori quali Valerio Quinz, Bruno Caldart, Galeno Vecellio e Francesco Larese Filon. Nel 1953 compie il servizio militare nella \u201cJulia\u201d \u2013 3\u00ba artiglieria da montagna e passa poi alla \u201cCadore\u201d come istruttore militare di sci e roccia. Viene chiamato a Courmayeur in qualit\u00e0 di istruttore nella scuola militare alpina, arrampicando con i futuri vertici della gerarchia militare, come il generale Enrico Borgenni. A venticinque anni sposa Raffaella Caldart, nipote della guida alpina Bruno Caldart, da cui ebbe sette figli. Successivamente diventa maestro di maestro di sci e guida alpina.Nel 1972 viene chiamato a far parte della commissione tecnica nazionale A.G.A.I., dove rimane fino al 1982 in qualit\u00e0 di istruttore per la formazione delle guide alpine. Nel 1974 copre il ruolo di presidente della sezione cadorina del C.A.I. \u201cLuigi Rizzardi\u201d di AuronzoAlziro Molin e la sua esperienza di vita sulle Dolomiti Bellunesi \u00e8 stata raccontata dagli scrittori Paola De Filippo Roia ed Enzo Lancellotti nell&#8217;opera Una vita, mille montagne.<\/p>\n<p>&nbsp;<\/p>\n<hr \/>\n<p>&nbsp;<\/p>\n<blockquote>\n<h3>PERSEGUITA L&#8217;INFERMIERA E GLI SQUARCIA LE GOMME<\/h3>\n<\/blockquote>\n<p><strong>OGGI SUL CORRIERE DELLE ALPI<\/strong><\/p>\n<p><strong>DI GIGI SOSSO<\/strong><\/p>\n<p><strong><a class=\"dt-pswp-item\" href=\"https:\/\/www.radiopiu.net\/wordpress\/wp-content\/uploads\/2020\/06\/dc8d9e01-0412-48a8-91b1-c64ba92a8187.jpg\" data-dt-img-description=\"\" data-large_image_width=\"2048\" data-large_image_height=\"1024\"><img loading=\"lazy\" decoding=\"async\" class=\"size-medium wp-image-144229 alignleft\" src=\"https:\/\/www.radiopiu.net\/wordpress\/wp-content\/uploads\/2020\/06\/dc8d9e01-0412-48a8-91b1-c64ba92a8187-300x150.jpg\" alt=\"\" width=\"300\" height=\"150\" srcset=\"https:\/\/www.radiopiu.net\/wordpress\/wp-content\/uploads\/2020\/06\/dc8d9e01-0412-48a8-91b1-c64ba92a8187-300x150.jpg 300w, https:\/\/www.radiopiu.net\/wordpress\/wp-content\/uploads\/2020\/06\/dc8d9e01-0412-48a8-91b1-c64ba92a8187-1024x512.jpg 1024w, https:\/\/www.radiopiu.net\/wordpress\/wp-content\/uploads\/2020\/06\/dc8d9e01-0412-48a8-91b1-c64ba92a8187-768x384.jpg 768w, https:\/\/www.radiopiu.net\/wordpress\/wp-content\/uploads\/2020\/06\/dc8d9e01-0412-48a8-91b1-c64ba92a8187-1536x768.jpg 1536w, https:\/\/www.radiopiu.net\/wordpress\/wp-content\/uploads\/2020\/06\/dc8d9e01-0412-48a8-91b1-c64ba92a8187.jpg 2048w\" sizes=\"auto, (max-width: 300px) 100vw, 300px\" \/><\/a>BELLUNO <\/strong>Tormentava una collega in ospedale. Gli atti persecutori da parte di un sanitario in servizio all&#8217;ospedale San Martino di Belluno sono degenerati al punto da squarciarle le gomme dell&#8217;auto lasciata nel parcheggio della struttura sanitaria. Chiuse le indagini e chiesto il rinvio a giudizio dell&#8217;indagato per le ipotesi di reato di stalking e danneggiamento aggravato dall&#8217;esposizione alla pubblica fede. Di fronte al procedimento penale e all&#8217;avviso di garanzia inviato dalla Procura della Repubblica, la direzione sanitaria dell&#8217;Ulss 1 Dolomiti ha assunto tutte le necessarie iniziative nei confronti del proprio dipendente. Le condotte contestate dalla magistratura sono avvenute durante l&#8217;orario di servizio e c&#8217;\u00e8 stata una querela al vicino comando dei carabinieri che ha innescato il procedimento penale&#8230; \u00c8 scattata la denuncia querela e le indagini preliminari sono arrivate in fondo con la richiesta di rinvio a giudizio. Ci sar\u00e0 costituzione di parte civile per il risarcimento danni<\/p>\n<p>&nbsp;<\/p>\n<p>&nbsp;<\/p>\n<hr \/>\n<p>&nbsp;<\/p>\n<p><img loading=\"lazy\" decoding=\"async\" class=\"alignleft\" src=\"https:\/\/www.radiopiu.net\/wordpress\/wp-content\/uploads\/2023\/04\/318759154_177233281654095_5005158780962480684_n.jpg\" width=\"86\" height=\"93\" \/><\/p>\n<blockquote>\n<h3>UNA CORPOSA DONAZIONE ALL&#8217;AUSER DI CENCENIGHE<\/h3>\n<\/blockquote>\n<p><a class=\"dt-pswp-item\" href=\"https:\/\/www.radiopiu.net\/wordpress\/wp-content\/uploads\/2023\/04\/284917758_121376657239758_5980438056772870930_n.jpg\" data-dt-img-description=\"\" data-large_image_width=\"585\" data-large_image_height=\"718\"><img loading=\"lazy\" decoding=\"async\" class=\"wp-image-331040 alignleft\" src=\"https:\/\/www.radiopiu.net\/wordpress\/wp-content\/uploads\/2023\/04\/284917758_121376657239758_5980438056772870930_n-244x300.jpg\" alt=\"\" width=\"141\" height=\"173\" srcset=\"https:\/\/www.radiopiu.net\/wordpress\/wp-content\/uploads\/2023\/04\/284917758_121376657239758_5980438056772870930_n-244x300.jpg 244w, https:\/\/www.radiopiu.net\/wordpress\/wp-content\/uploads\/2023\/04\/284917758_121376657239758_5980438056772870930_n.jpg 585w\" sizes=\"auto, (max-width: 141px) 100vw, 141px\" \/><\/a><\/p>\n<p><strong>CENCENIGHE<\/strong><\/p>\n<p><strong>DI GIANNI SANTOMASO<\/strong><\/p>\n<audio class=\"wp-audio-shortcode\" id=\"audio-330896-2\" preload=\"none\" style=\"width: 100%;\" controls=\"controls\"><source type=\"audio\/mpeg\" src=\"https:\/\/www.radiopiu.net\/wordpress\/wp-content\/uploads\/2023\/04\/GIANNI-SERVIZI-COMMERCIALI.mp3?_=2\" \/><a href=\"https:\/\/www.radiopiu.net\/wordpress\/wp-content\/uploads\/2023\/04\/GIANNI-SERVIZI-COMMERCIALI.mp3\">https:\/\/www.radiopiu.net\/wordpress\/wp-content\/uploads\/2023\/04\/GIANNI-SERVIZI-COMMERCIALI.mp3<\/a><\/audio>\n<p>&nbsp;<\/p>\n<p>&nbsp;<\/p>\n<p>&nbsp;<\/p>\n<p>&nbsp;<\/p>\n<hr \/>\n<p>&nbsp;<\/p>\n<blockquote>\n<h3>DALLA NASCITA AI PRIMI 1000 GIORNI: FOTOGRAFIA DELLA SALUTE DEI NOSTRI BAMBINI<\/h3>\n<\/blockquote>\n<p><strong><a class=\"dt-pswp-item\" href=\"https:\/\/www.radiopiu.net\/wordpress\/wp-content\/uploads\/2020\/06\/BAMBIN-I.jpg\" data-dt-img-description=\"\" data-large_image_width=\"960\" data-large_image_height=\"640\"><img loading=\"lazy\" decoding=\"async\" class=\" wp-image-143165 alignleft\" src=\"https:\/\/www.radiopiu.net\/wordpress\/wp-content\/uploads\/2020\/06\/BAMBIN-I-300x200.jpg\" alt=\"\" width=\"182\" height=\"121\" srcset=\"https:\/\/www.radiopiu.net\/wordpress\/wp-content\/uploads\/2020\/06\/BAMBIN-I-300x200.jpg 300w, https:\/\/www.radiopiu.net\/wordpress\/wp-content\/uploads\/2020\/06\/BAMBIN-I-768x512.jpg 768w, https:\/\/www.radiopiu.net\/wordpress\/wp-content\/uploads\/2020\/06\/BAMBIN-I.jpg 960w\" sizes=\"auto, (max-width: 182px) 100vw, 182px\" \/><\/a>VENEZIA <\/strong>Mamme attente in gravidanza, minor consumo di alcol e di fumo, allattamento al seno sopra la media nazionale, attenzione alla Sicurezza del bimbo a casa e in auto. \u00c8 una fotografia dello spaccato emerso dal <strong>\u201c<\/strong>Sistema di Sorveglianza 0-2 anni sui principali determinanti di salute del bambino\u201d, promosso dal Ministero della Salute e coordinato dall\u2019Istituto Superiore di Sanit\u00e0 (ISS), che monitora indicatori chiave per la programmazione sanitaria del percorso nascita e la salute del bambino nei primi 1000 giorni di vita del bambino. \u201cLa nostra salute si costruisce da ancor prima di nascere.\u00a0 Un lavoro che ha coinvolto complessivamente 35.550 mamme con la partecipazione di 18 regioni, inclusa la Regione del Veneto con un campione regionale di 1.768 mamme reclutate presso i Centri Vaccinali, con un alto tasso di adesione del 96.6%, in linea con quello nazionale.<\/p>\n<p>&nbsp;<\/p>\n<p>&nbsp;<\/p>\n<hr \/>\n<p>&nbsp;<\/p>\n<blockquote>\n<h3>NATALITA&#8217; IN VENETO: DATI ALLARMANTI PER BIGON (PD)<\/h3>\n<\/blockquote>\n<p><strong><a class=\"dt-pswp-item\" href=\"https:\/\/www.radiopiu.net\/wordpress\/wp-content\/uploads\/2021\/04\/MANO-NEONATO.jpg\" data-dt-img-description=\"\" data-large_image_width=\"1920\" data-large_image_height=\"1296\"><img loading=\"lazy\" decoding=\"async\" class=\" wp-image-202353 alignleft\" src=\"https:\/\/www.radiopiu.net\/wordpress\/wp-content\/uploads\/2021\/04\/MANO-NEONATO-300x203.jpg\" alt=\"\" width=\"161\" height=\"109\" srcset=\"https:\/\/www.radiopiu.net\/wordpress\/wp-content\/uploads\/2021\/04\/MANO-NEONATO-300x203.jpg 300w, https:\/\/www.radiopiu.net\/wordpress\/wp-content\/uploads\/2021\/04\/MANO-NEONATO-1024x691.jpg 1024w, https:\/\/www.radiopiu.net\/wordpress\/wp-content\/uploads\/2021\/04\/MANO-NEONATO-768x518.jpg 768w, https:\/\/www.radiopiu.net\/wordpress\/wp-content\/uploads\/2021\/04\/MANO-NEONATO-1536x1037.jpg 1536w, https:\/\/www.radiopiu.net\/wordpress\/wp-content\/uploads\/2021\/04\/MANO-NEONATO.jpg 1920w\" sizes=\"auto, (max-width: 161px) 100vw, 161px\" \/><\/a>VENEZIA <\/strong>&#8220;L&#8217;immobilismo della Regione sul fronte delle azioni da mettere in campo contro il calo costante delle nascite in Veneto sta contribuendo a generare uno scenario pi\u00f9 che allarmante. E la cosa pi\u00f9 grave sta nella mancata applicazione della Legge 20 approvata nel 2020 e non a caso denominata &#8216;Interventi a sostegno della famiglia e della natalit\u00e0&#8217;.\u00a0 Il giudizio \u00e8 della consigliera regionale del PD Veneto, Anna Maria Bigon, alla luce anche di un focus pubblicato oggi dal Mattino di Padova. &#8220;Il Veneto conta meno di sette nati per ogni mille abitanti e si trova sotto il dato nazionale. Nella nostra regione, lo scorso anno sono venuti al mondo meno di 32 mila bambini: un trend vertiginoso, visto che rispetto al 2021 la voragine si \u00e8 allargata di un ulteriore migliaio e che la perdita negli ultimi dieci anni \u00e8 di ben 14 mila. Nel frattempo cresce l&#8217;indice di vecchiaia, con uno scenario che produce inevitabilmente forti squilibri sociali&#8221;.<\/p>\n<p>&nbsp;<\/p>\n<hr \/>\n<p>&nbsp;<\/p>\n<blockquote>\n<h3><\/h3>\n<h3>GRANDI EVENTI, GIOCHI DI SQUADRA APPROVATI ALL&#8217;UNANIMITA&#8217;<\/h3>\n<\/blockquote>\n<p><strong><img loading=\"lazy\" decoding=\"async\" class=\"alignleft\" src=\"https:\/\/www.radiopiu.net\/wordpress\/wp-content\/uploads\/2021\/06\/6bda7d20-2bca-46b1-9c47-7864eeb8da9e.jpg\" width=\"236\" height=\"133\" \/>BELLUNO\u00a0<\/strong> Prosegue a pieno ritmo il Progetto Grandi Eventi, che vede uniti nella promozione del territorio la Provincia di Belluno, la Regione Veneto e il Fondo dei Comuni Confinanti. Approvato all&#8217;unanimit\u00e0 del consiglio provinciale lo schema di convenzione, ma c&#8217;\u00e8 chi chiede di dare la giusta attenzione agli eventi minori.<\/p>\n<p><strong>DI DANIELE DALVIT<\/strong><\/p>\n<p><strong>AUDIO<\/strong><\/p>\n<audio class=\"wp-audio-shortcode\" id=\"audio-330896-3\" preload=\"none\" style=\"width: 100%;\" controls=\"controls\"><source type=\"audio\/mpeg\" src=\"https:\/\/www.radiopiu.net\/wordpress\/wp-content\/uploads\/2023\/04\/Radio-Piu-Servizio-Consiglio-Grandi-Eventi.mp3?_=3\" \/><a href=\"https:\/\/www.radiopiu.net\/wordpress\/wp-content\/uploads\/2023\/04\/Radio-Piu-Servizio-Consiglio-Grandi-Eventi.mp3\">https:\/\/www.radiopiu.net\/wordpress\/wp-content\/uploads\/2023\/04\/Radio-Piu-Servizio-Consiglio-Grandi-Eventi.mp3<\/a><\/audio>\n<p>&nbsp;<\/p>\n<p>&nbsp;<\/p>\n<hr \/>\n<p>&nbsp;<\/p>\n<blockquote>\n<h2><strong>Il ministro della Protezione Civile Nello Musumeci visita i luoghi del Vajont e inaugura \u201cCaccia, pesca e natura\u201d<\/strong><\/h2>\n<\/blockquote>\n<p><strong>LONGARONE\u00a0<\/strong> Il ricordo della tragedia e l\u2019omaggio ai volontari. E l\u2019inaugurazione di \u201cCaccia, pesca e natura\u201d, in programma da venerd\u00ec 14 a domenica 16 aprile. Sar\u00e0 caratterizzata da questi due momenti la mattinata del ministro della Protezione Civile, Nello Musumeci, in visita ai luoghi del Vajont sabato prossimo. Il ministro sar\u00e0 al taglio del nastro della 21. edizione della mostra dei prodotti e dei servizi per la caccia, la pesca e l\u2019outdoor, alle 12, insieme all\u2019assessore regionale Cristiano Corazzari. \u00abLa presenza di un componente del Governo a Longarone Fiere Dolomiti valorizza questa edizione di \u201cCaccia, pesca, natura\u201d, che vuole continuare a rappresentare un tassello importante nella proposta del polo fieristico, fatta di innovazione, qualit\u00e0 e approfondimenti scientifici\u00bb commenta il presidente di Longarone Fiere Dolomiti, Michele Dal Farra. \u00abQuest\u2019anno parleremo in particolare di cambiamento climatico, un tema che tocca da vicino anche l\u2019attivit\u00e0 quotidiana del sistema di Protezione Civile\u00bb. Prima dell\u2019inaugurazione in fiera, il ministro visiter\u00e0 i luoghi del Vajont, in una giornata che di fatto apre le celebrazioni per il 60\u00b0 anniversario del disastro. Il presidente della Provincia, e sindaco di Longarone, Roberto Padrin ha invitato per l\u2019occasione tutti i colleghi presidenti del Veneto per tramite dell\u2019Upi, l\u2019assessore regionale Gianpaolo Bottacin, e anche le rappresentanze di tutti i gruppi provinciali di Protezione Civile.<\/p>\n<p>&nbsp;<\/p>\n<p>&nbsp;<\/p>\n<hr \/>\n<p>&nbsp;<\/p>\n<blockquote>\n<h1><strong>SIMTI: la dr.ssa Barbone nominata Delegato Regionale<\/strong><\/h1>\n<\/blockquote>\n<p><strong> <a class=\"dt-pswp-item\" href=\"https:\/\/www.radiopiu.net\/wordpress\/wp-content\/uploads\/2023\/04\/Barbone-foto2.jpg\" data-dt-img-description=\"\" data-large_image_width=\"381\" data-large_image_height=\"404\"><img loading=\"lazy\" decoding=\"async\" class=\"wp-image-331017 alignleft\" src=\"https:\/\/www.radiopiu.net\/wordpress\/wp-content\/uploads\/2023\/04\/Barbone-foto2-283x300.jpg\" alt=\"\" width=\"155\" height=\"164\" srcset=\"https:\/\/www.radiopiu.net\/wordpress\/wp-content\/uploads\/2023\/04\/Barbone-foto2-283x300.jpg 283w, https:\/\/www.radiopiu.net\/wordpress\/wp-content\/uploads\/2023\/04\/Barbone-foto2.jpg 381w\" sizes=\"auto, (max-width: 155px) 100vw, 155px\" \/><\/a>BELLUNO<\/strong> La dr.ssa Ersilia Angela Barbone, direttore della UOC di Medicina Trasfusionale dell\u2019 Ulss Dolomiti, \u00e8 stata nominata Delegato Regionale della SIMTI \u2013 Societ\u00e0 Italiana di Medicina Trasfusionale e Immunoematologia per la Regione Veneto. <em>&#8220;Ringrazio i colleghi trasfusionisti veneti, che dopo avermi voluta come Referente regionale nel gruppo di Quality Management del NAIP (Nuovo Accordo Interregionale per la Plasmaderivazione) hanno deciso di affidarmi questo ulteriore importante incarico. Sono onorata per la stima e la fiducia dimostratami e orgogliosa di rappresentare la Regione Veneto all&#8217;interno della Societ\u00e0 Italiana di Medicina Trasfusionale e Immunoematologia. La nostra \u00e8 una Regione molto importante per la Sanit\u00e0 nazionale nel suo complesso e per il mondo trasfusionale in particolare, ed \u00e8 quindi col senso della grande responsabilit\u00e0 che ci\u00f2 comporta che ho accettato l&#8217;incarico affidatomi. Questa nomina dimostra che con la passione per il proprio lavoro si possono ottenere ottimi risultati e gratificazioni non solo lavorando nei grandi ospedali della nostra Regione, ma anche scegliendo come ho fatto io di lavorare in un territorio difficile ma affascinante come la provincia di Belluno&#8221; commenta Ersilia Angela Barbone.<\/em><\/p>\n<p>&nbsp;<\/p>\n<hr \/>\n<p>&nbsp;<\/p>\n<blockquote>\n<h3>COOPERATIVA DI LAMOSANO \u2013 CHIES D\u2019ALPAGO. APPROVATO IL BILANCIO 2022<\/h3>\n<\/blockquote>\n<p><strong><a class=\"dt-pswp-item\" href=\"https:\/\/www.radiopiu.net\/wordpress\/wp-content\/uploads\/2023\/04\/Assemblea-Cooperativa-Lamosano-2.jpg\" data-dt-img-description=\"\" data-large_image_width=\"2200\" data-large_image_height=\"1238\"><img loading=\"lazy\" decoding=\"async\" class=\" wp-image-330959 alignleft\" src=\"https:\/\/www.radiopiu.net\/wordpress\/wp-content\/uploads\/2023\/04\/Assemblea-Cooperativa-Lamosano-2-300x169.jpg\" alt=\"\" width=\"162\" height=\"91\" srcset=\"https:\/\/www.radiopiu.net\/wordpress\/wp-content\/uploads\/2023\/04\/Assemblea-Cooperativa-Lamosano-2-300x169.jpg 300w, https:\/\/www.radiopiu.net\/wordpress\/wp-content\/uploads\/2023\/04\/Assemblea-Cooperativa-Lamosano-2-1024x576.jpg 1024w, https:\/\/www.radiopiu.net\/wordpress\/wp-content\/uploads\/2023\/04\/Assemblea-Cooperativa-Lamosano-2-768x432.jpg 768w, https:\/\/www.radiopiu.net\/wordpress\/wp-content\/uploads\/2023\/04\/Assemblea-Cooperativa-Lamosano-2-1536x864.jpg 1536w, https:\/\/www.radiopiu.net\/wordpress\/wp-content\/uploads\/2023\/04\/Assemblea-Cooperativa-Lamosano-2-2048x1152.jpg 2048w\" sizes=\"auto, (max-width: 162px) 100vw, 162px\" \/><\/a>CHIES D&#8217;ALPAGO <\/strong>Si \u00e8 tenuta domenica 2 aprile l\u2019Assemblea generale della Cooperativa di Lamosano. Approvato all\u2019unanimit\u00e0 il bilancio, anche se, dopo anni in attivo, leggermente in passivo a causa del ritardo nell\u2019adeguamento dei prezzi. Sei gli aumenti solo nella seconda met\u00e0 dell\u2019anno e perdite in linea con l\u2019andamento nazionale. I 40.000 euro di perdita di introito della Coop di consumo di Lamosano rispecchiano i 40 milioni di mancato incasso di Coop Italia. Rimane pressoch\u00e9 invariato il fatturato che ammonta a circa 670.000 euro che garantiscono, nel piccolo Comune di Chies d\u2019Alpago, lavoro a quattro persone e 2.000 prodotti in un negozio di 250 metri quadri in continuo rinnovamento. Questi i dati forniti dal presidente Zaccaria Tona che sottolinea l\u2019essenzialit\u00e0 del servizio erogato, rappresentando in pi\u00f9 \u201c un punto di incontro dell&#8217;intera popolazione, un punto di incontro anche di servizi, un punto di incontro anche per discutere dei problemi, perch\u00e9 ogni Assemblea vengono fuori nuove problematiche, problematiche di solito costruttive: come si pu\u00f2 migliorare, come si pu\u00f2 andare avanti, cosa si potrebbe fare ancora\u201d.<\/p>\n<p>&nbsp;<\/p>\n<p>&nbsp;<\/p>\n<hr \/>\n<p>&nbsp;<\/p>\n<blockquote>\n<h3>IL CONSIGLIO DELL\u2019UNIONE MONTANA AGORDINA<\/h3>\n<\/blockquote>\n<p><strong>AGORDO<\/strong> I consiglierI dell\u2019Unione Montana oggi alle 20 si ritroveranno in sala Don Tamis, convocati dal Presidente Paolo Frena che ha firmato l\u2019ordine del giorno della riunione: recesso dell\u2019unione montana da socio volontario dell\u2019associazione Casa di Soggiorno di Taibon; approvazione elenco strade silvo-pastorali; affidamento ad un esponente politico bellunese della presidenza del comitato paritetico per la gestione dei fondi di confine.<\/p>\n<p>&nbsp;<\/p>\n<p>&nbsp;<\/p>\n<hr \/>\n<p>&nbsp;<\/p>\n<blockquote>\n<h3>VENERDI\u2019 CONSIGLIO COMUNALE A LIVINALLONGO<\/h3>\n<\/blockquote>\n<p><strong>LIVINALLONGO<\/strong>\u00a0Il sindaco di Livinallongo Leandro Grones ha convocato i consiglieri comunali per venerd\u00ec alle 18. All\u2019ordine del giorno sei punti da discutere. Si parler\u00e0 del riconoscimento dei debiti fuori bilancio, del regolamento e disciplina delle attivit\u00e0 di estetista, acconciatore e tatoo, l\u2019approvazione del bilancio di previsione di ASCA e la presa d\u2019atto delle dimissioni del consigliere Christian Grones.<\/p>\n<p>&nbsp;<\/p>\n<hr \/>\n<p>&nbsp;<\/p>\n<blockquote>\n<h3>L&#8217;ASSEMBLEA, CON PETTIROSSO AGORDINO<\/h3>\n<\/blockquote>\n<p><strong>AGORDO\u00a0<\/strong> Pettirosso Agordinoin assemblea \u00c8 stata convocata dalla presidente Sonia D&#8217;Agostini, per sabato alle 15 in sala Don Tamis l&#8217;assemblea dei soci di Pettirosso Agordino. Oltre all&#8217;approvazione della relazione sull&#8217;esercizio sociale 2022, dei bilanci consuntivo e preventivo, nonch\u00e9 del programma 2023, l&#8217;assemblea degli iscritti all&#8217;associazione solidale deve provvedere al rinnovo del consiglio direttivo.<\/p>\n<p>&nbsp;<\/p>\n<hr \/>\n<p>&nbsp;<\/p>\n<blockquote>\n<h3>UNIONE ITALIANA CIECHI, L&#8217;ASSEMBLEA<\/h3>\n<\/blockquote>\n<p><strong>BELLUNO<\/strong>\u00a0 <span id=\"page3R_mcid17\" class=\"markedContent\"><span dir=\"ltr\" role=\"presentation\">Sabato alle 15 avr\u00e0 luogo l\u2019Assemblea ordinaria dei <\/span><span dir=\"ltr\" role=\"presentation\">soci dell\u2019Unione Italiana dei Ciechi e degli Ipovedenti<\/span> <span dir=\"ltr\" role=\"presentation\">ETS<\/span> <span dir=\"ltr\" role=\"presentation\">di Belluno. <\/span><\/span><span id=\"page3R_mcid19\" class=\"markedContent\"><span dir=\"ltr\" role=\"presentation\">I lavori si svolgeranno presso la Sala Luciani del Centro Congressi Giovanni XXIII.<\/span><\/span><span id=\"page3R_mcid20\" class=\"markedContent\"><\/span><span id=\"page3R_mcid21\" class=\"markedContent\"><br role=\"presentation\" \/><span dir=\"ltr\" role=\"presentation\">Verranno letti, discussi e approvati i seguenti documenti: relazione morale e bilancio consuntivo anno <\/span><span dir=\"ltr\" role=\"presentation\">2022, budget e relazione programmatica 2023.\u00a0<\/span><\/span><span id=\"page3R_mcid23\" class=\"markedContent\"><\/span><\/p>\n<p>&nbsp;<\/p>\n<hr \/>\n<p>&nbsp;<\/p>\n<blockquote>\n<h2><strong>17-23 aprile: una settimana dedicata alla Salute della donna <\/strong><strong>Open day, incontri e passeggiata<\/strong><\/h2>\n<\/blockquote>\n<p><strong>\u00a0BELLUNO\u00a0 <\/strong>In occasione della Settimana per la salute della donna, proposta a livello nazionale dal network Onda &#8211; Osservatorio nazionale sulla salute della donna e di genere, l\u2019Ulss Dolomiti propone una serie di iniziative rivolte a tutte le donne dal 17 al 23 aprile 2023. L\u2019obiettivo \u00e8 diffondere l\u2019informazione e i servizi dedicati alla salute della donna in tutti i suoi aspetti, sottolineando l\u2019importanza della prevenzione primaria e della diagnosi precoce, promuovendo una cultura della consapevolezza di s\u00e9 e della propria salute. Saranno organizzati open day e momenti di incontro durante la settimana dove gli specialisti saranno a disposizione per approfondire vari temi e poter dare consigli per un benessere tutto al femminile nelle varie fasi della vita della donna &#8211; dall\u2019adolescenza, alla gravidanza, alla menopausa. Per partecipare \u00e8 necessario iscriversi inviando una mail a: \u00a0\u00a0\u00a0\u00a0\u00a0\u00a0\u00a0\u00a0\u00a0\u00a0 <a href=\"mailto:comunicazione@aulss1.veneto.it\">comunicazione@aulss1.veneto.it<\/a><\/p>\n<p>&nbsp;<\/p>\n<p>&nbsp;<\/p>\n<hr \/>\n<p>&nbsp;<\/p>\n<blockquote>\n<h1><\/h1>\n<h1><span dir=\"ltr\" role=\"presentation\">\u201cNel cuore smarrito della scuola\u201d di Eva Polli\u00a0\u00a0<\/span><\/h1>\n<\/blockquote>\n<p><strong>DI GIANNI SANTOMASO<\/strong><\/p>\n<audio class=\"wp-audio-shortcode\" id=\"audio-330896-4\" preload=\"none\" style=\"width: 100%;\" controls=\"controls\"><source type=\"audio\/mpeg\" src=\"https:\/\/www.radiopiu.net\/wordpress\/wp-content\/uploads\/2023\/04\/EVA-POLLI-GIANNI.mp3?_=4\" \/><a href=\"https:\/\/www.radiopiu.net\/wordpress\/wp-content\/uploads\/2023\/04\/EVA-POLLI-GIANNI.mp3\">https:\/\/www.radiopiu.net\/wordpress\/wp-content\/uploads\/2023\/04\/EVA-POLLI-GIANNI.mp3<\/a><\/audio>\n<blockquote><p>&nbsp;<\/p><\/blockquote>\n<p><strong><a class=\"dt-pswp-item\" href=\"https:\/\/www.radiopiu.net\/wordpress\/wp-content\/uploads\/2023\/04\/Eva-Polli-pic.jpg\" data-dt-img-description=\"\" data-large_image_width=\"1414\" data-large_image_height=\"2000\"><img loading=\"lazy\" decoding=\"async\" class=\" wp-image-331018 alignleft\" src=\"https:\/\/www.radiopiu.net\/wordpress\/wp-content\/uploads\/2023\/04\/Eva-Polli-pic-212x300.jpg\" alt=\"\" width=\"185\" height=\"262\" srcset=\"https:\/\/www.radiopiu.net\/wordpress\/wp-content\/uploads\/2023\/04\/Eva-Polli-pic-212x300.jpg 212w, https:\/\/www.radiopiu.net\/wordpress\/wp-content\/uploads\/2023\/04\/Eva-Polli-pic-724x1024.jpg 724w, https:\/\/www.radiopiu.net\/wordpress\/wp-content\/uploads\/2023\/04\/Eva-Polli-pic-768x1086.jpg 768w, https:\/\/www.radiopiu.net\/wordpress\/wp-content\/uploads\/2023\/04\/Eva-Polli-pic-1086x1536.jpg 1086w, https:\/\/www.radiopiu.net\/wordpress\/wp-content\/uploads\/2023\/04\/Eva-Polli-pic.jpg 1414w\" sizes=\"auto, (max-width: 185px) 100vw, 185px\" \/><\/a>AGORDO<\/strong>\u00a0 <span dir=\"ltr\" role=\"presentation\">Venerd\u00ec 14 aprile alle 17.30 nella sala riunioni della Biblioteca Civica di Agordo, verr\u00e0 <\/span><span dir=\"ltr\" role=\"presentation\">presentato, grazie anche alla collaborazione di Gianni Santomaso, il libro di<\/span> <span dir=\"ltr\" role=\"presentation\">Eva Polli \u201cNel cuore <\/span><span dir=\"ltr\" role=\"presentation\">smarrito della scuola\u201d<\/span><span dir=\"ltr\" role=\"presentation\">. Dopo tre anni le presentazioni di libri tornano nei locali della Biblioteca, al <\/span><span dir=\"ltr\" role=\"presentation\">primo piano in via 27 aprile ad Agordo nella sala riunioni. La prima autrice che parler\u00e0 del suo libro sar\u00e0 <\/span><span dir=\"ltr\" role=\"presentation\">Eva Polli, insegnante originaria di Santa Giustina, ma da alcuni anni stanziata in Val di Sole (Tn), da dove <\/span><span dir=\"ltr\" role=\"presentation\">mandava le sue corrispondenze, come giornalista, ai quotidiani locali. <\/span><span dir=\"ltr\" role=\"presentation\">In questo libro Eva riversa il suo amore per la scuola e per l\u2019insegnamento attraverso la storia <\/span><span dir=\"ltr\" role=\"presentation\">(vera) della maestra Licia, che nel lontano 1964 dal paese agordino di Gosaldo si ritrova a fare una <\/span><span dir=\"ltr\" role=\"presentation\">supplenza in Val di Seren, nel feltrino, sotto il Monte Grappa. Una storia personale, raccontata attraverso i <\/span><span dir=\"ltr\" role=\"presentation\">ricordi della figlia Michela, che parla di come, anche in contesti disagiati, si possa prendersi a cuore <\/span><span dir=\"ltr\" role=\"presentation\">l\u2019insegnamento e i propri scolari e portare e applicare con molta naturalezza e semplicit\u00e0 i pi\u00f9 alti principi <\/span><span dir=\"ltr\" role=\"presentation\">pedagogici ispirati dai grandi Maestri del \u2018900.<\/span><br role=\"presentation\" \/><span dir=\"ltr\" role=\"presentation\">Un racconto che serve da base per parlare anche di altro: dal Territorio alla storia, del significato <\/span><span dir=\"ltr\" role=\"presentation\">del ricordo e della riconoscenza.<\/span><\/p>\n<p>&nbsp;<\/p>\n<p>&nbsp;<\/p>\n<hr \/>\n<p>&nbsp;<\/p>\n<blockquote>\n<h3><a class=\"dt-pswp-item\" href=\"https:\/\/www.radiopiu.net\/wordpress\/wp-content\/uploads\/2018\/11\/PD.png\" data-dt-img-description=\"\" data-large_image_width=\"226\" data-large_image_height=\"182\"><img loading=\"lazy\" decoding=\"async\" class=\"wp-image-67744 alignleft\" src=\"https:\/\/www.radiopiu.net\/wordpress\/wp-content\/uploads\/2018\/11\/PD.png\" alt=\"\" width=\"130\" height=\"105\" \/><\/a>SERATA DI LIBERA DISCUSSIONE<\/h3>\n<\/blockquote>\n<p><strong>AGORDO<\/strong> Il Partito Democratico organizza una serata di discussione aperta a tutti. Questa sera alle 20.45 in sala della Biblioteca. Quali i tampi pi\u00f9 pressanti a livello locale e nazionale? Quali i principi su cui basare l&#8217;azione del centro sinsitra? Quali le prospettive progressiste?<\/p>\n<p>&nbsp;<\/p>\n<p>&nbsp;<\/p>\n<hr \/>\n<p>&nbsp;<\/p>\n<blockquote>\n<h3><a class=\"dt-pswp-item\" href=\"https:\/\/www.radiopiu.net\/wordpress\/wp-content\/uploads\/2023\/04\/Viticoltori-resistenti-rete-Nicola-Biasi.jpg\" data-dt-img-description=\"\" data-large_image_width=\"1920\" data-large_image_height=\"1280\"><img loading=\"lazy\" decoding=\"async\" class=\"size-medium wp-image-331005 alignleft\" src=\"https:\/\/www.radiopiu.net\/wordpress\/wp-content\/uploads\/2023\/04\/Viticoltori-resistenti-rete-Nicola-Biasi-300x200.jpg\" alt=\"\" width=\"300\" height=\"200\" srcset=\"https:\/\/www.radiopiu.net\/wordpress\/wp-content\/uploads\/2023\/04\/Viticoltori-resistenti-rete-Nicola-Biasi-300x200.jpg 300w, https:\/\/www.radiopiu.net\/wordpress\/wp-content\/uploads\/2023\/04\/Viticoltori-resistenti-rete-Nicola-Biasi-1024x683.jpg 1024w, https:\/\/www.radiopiu.net\/wordpress\/wp-content\/uploads\/2023\/04\/Viticoltori-resistenti-rete-Nicola-Biasi-768x512.jpg 768w, https:\/\/www.radiopiu.net\/wordpress\/wp-content\/uploads\/2023\/04\/Viticoltori-resistenti-rete-Nicola-Biasi-1536x1024.jpg 1536w, https:\/\/www.radiopiu.net\/wordpress\/wp-content\/uploads\/2023\/04\/Viticoltori-resistenti-rete-Nicola-Biasi.jpg 1920w\" sizes=\"auto, (max-width: 300px) 100vw, 300px\" \/><\/a>Vigneti resistenti e sostenibilit\u00e0, convegno a Poggio Pagnan L&#8217;incontro in occasione della \u201ccantina aperta\u201d di sabato 15 aprile per festeggiare la prima presenza a Vinitaly<\/h3>\n<\/blockquote>\n<p><strong>BORGOVALBELLUNA\u00a0<\/strong>Meno consumo d&#8217;acqua, meno trattamenti e, in generale, una minore impronta di carbonio nella produzione: questi i vantaggi dei vigneti resistenti rispetto a quelli tradizionali, temi che saranno analizzati nel convegno in programma sabato 15 aprile con inizio alle\u00a0 16 dal titolo &#8220;Vini e Viti resistenti , sostenibilit\u00e0 e risparmio idrico&#8221;; teatro dell&#8217;evento, sar\u00e0 l&#8217;azienda vitivinicola Poggio Pagnan di Zottier di Mel (Borgo Valbelluna). L&#8217;incontro sar\u00e0 ospitato dall&#8217;azienda in occasione dalla \u201ccantina aperta\u201d, un modo per festeggiare la presenza della cantina \u2013 la prima\u00a0 in pi\u00f9 di 5 anni di attivit\u00e0 \u2013 al recente Vinitaly di Verona.<\/p>\n<p>&nbsp;<\/p>\n<hr \/>\n<p>&nbsp;<\/p>\n<blockquote class=\"wp-embedded-content\" data-secret=\"t37LakTrOq\"><p><a href=\"https:\/\/www.radiopiu.net\/wordpress\/lotteria-sagra-de-pasca-2023-i-numeri-vincenti\/\">LOTTERIA SAGRA DE PASCA 2023 &#8211; I NUMERI VINCENTI<\/a><\/p><\/blockquote>\n<p><iframe loading=\"lazy\" class=\"wp-embedded-content\" sandbox=\"allow-scripts\" security=\"restricted\" style=\"position: absolute; clip: rect(1px, 1px, 1px, 1px);\" title=\"&#8220;LOTTERIA SAGRA DE PASCA 2023 &#8211; I NUMERI VINCENTI&#8221; &#8212; Radio Pi\u00f9\" src=\"https:\/\/www.radiopiu.net\/wordpress\/lotteria-sagra-de-pasca-2023-i-numeri-vincenti\/embed\/#?secret=8YHMAhY9k3#?secret=t37LakTrOq\" data-secret=\"t37LakTrOq\" width=\"600\" height=\"338\" frameborder=\"0\" marginwidth=\"0\" marginheight=\"0\" scrolling=\"no\"><\/iframe><\/p>\n<p>&nbsp;<\/p>\n<p>&nbsp;<\/p>\n<blockquote class=\"wp-embedded-content\" data-secret=\"lpYjOK8nk4\"><p><a href=\"https:\/\/www.radiopiu.net\/wordpress\/san-vincenzo-lotteria-unione-sportiva-le-ville-i-numeri-vincenti\/\">SAN VINCENZO. LOTTERIA UNIONE SPORTIVA LE VILLE: I NUMERI VINCENTI<\/a><\/p><\/blockquote>\n<p><iframe loading=\"lazy\" class=\"wp-embedded-content\" sandbox=\"allow-scripts\" security=\"restricted\" style=\"position: absolute; clip: rect(1px, 1px, 1px, 1px);\" title=\"&#8220;SAN VINCENZO. LOTTERIA UNIONE SPORTIVA LE VILLE: I NUMERI VINCENTI&#8221; &#8212; Radio Pi\u00f9\" src=\"https:\/\/www.radiopiu.net\/wordpress\/san-vincenzo-lotteria-unione-sportiva-le-ville-i-numeri-vincenti\/embed\/#?secret=0jhLKNI29i#?secret=lpYjOK8nk4\" data-secret=\"lpYjOK8nk4\" width=\"600\" height=\"338\" frameborder=\"0\" marginwidth=\"0\" marginheight=\"0\" scrolling=\"no\"><\/iframe><\/p>\n<p>&nbsp;<\/p>\n<p>&nbsp;<\/p>\n<p>&nbsp;<\/p>\n<p>&nbsp;<\/p>\n<p>&nbsp;<\/p>\n<hr \/>\n<p>&nbsp;<\/p>\n<blockquote>\n<h3>TINA MERLIN, GRANDE GIORNALISTA E SCRITTRICE BELLUNESE \u201cQUELLA DEL VAJONT\u201d, RICORDATA PER L\u2019IMPEGNO NEL SOCIALE<\/h3>\n<\/blockquote>\n<div class=\"x1h91t0o xkh2ocl x78zum5 xdt5ytf x13a6bvl xcrg951 x1r145dm\" role=\"none\">\n<div class=\"x78zum5 xh8yej3\" role=\"none\">\n<div class=\"x1cy8zhl x78zum5 xdt5ytf x193iq5w x1n2onr6\">\n<div class=\"x78zum5 xh8yej3\" role=\"none\">\n<div class=\"x1tlxs6b x1g8br2z x1gn5b1j x230xth x14ctfv x1okitfd x6ikm8r x10wlt62 x1mzt3pk x1y1aw1k xn6708d xwib8y2 x1ye3gou x1n2onr6 x13faqbe x1vjfegm\" role=\"none\">\n<div class=\"x9f619 x1n2onr6 x1ja2u2z __fb-light-mode\" role=\"none\">\n<div dir=\"auto\" role=\"none\"><strong>di RENATO BONA\u00a0<\/strong><\/div>\n<div dir=\"auto\" role=\"none\"><\/div>\n<div class=\"x6prxxf x1fc57z9 x1yc453h x126k92a xzsf02u\" dir=\"auto\" role=\"none\">\u00a0Nel libro della bellunese trapiantata nella Capitale, dott. Milena Caldart \u201cDonne in prima linea\u201d non poteva mancare, tra le testimonianze dell\u2019identit\u00e0 femminile veneta con protagoniste bellunesi, vicentine e trevigiane dall\u2019Annessione al Ventennio, la figura di Clementina detta Tina Merlin, giornalista, scrittrice, una brava collega ed amica carissima, impegnata nel sociale e nota come \u201cquella del Vajont\u201d, La Caldart spiega che la Merlin nasce in quel di Trichiana nel 1926 ( il 19 agosto e morir\u00e0 a Belluno il 22 dicembre 1991 \u2013 ndr.) da una umile famiglia, con i genitori che \u201csono riusciti a costruirsi la casa con molti sacrifici e molti debiti\u201d. La coppia aveva otto figli (quattro morirono: uno per tubercolosi, uno di pellagra, uno sul lavoro e uno disperso in Russia) ed \u00e8 inevitabile che il padre fosse costretto ad emigrare, dapprima in Italia poi in Svizzera, Germania, Austria e Boemia dove, come Tina non esitava ad annotare nella sua biografia \u201csi recava viaggiando a piedi, bisaccia in spalla\u201d. Mentre la madre mandava avanti la famiglia ricavando le indispensabili risorse da una mucca, un maiale, qualche pollo e coltivando un piccolo terreno; i soldi del marito servivano invece per far fronte ai debiti contratti per costruire la casa. Logico che in tale situazione Tina, fin da bambina fosse impegnata a dare una mano in famiglia tra altro sostituendo la sorella come bambinai nella casa del brigadiere dei carabinieri. Altrettanto logico che le restasse troppo poco tempo per studiare tanto che fu bocciata in quinta elementare e non pot\u00e8 ripetere l\u2019anno, lavorando in paese a casa del farmacista, del dottore, di un proprietario terriero e di un commerciante. L\u2019autrice del libro, la Caldart, in proposito opportunamente scrive che: \u201cE\u2019 il suo apprendistato\u201d. Nel 1938, quando ha solo 12 anni, va a Milano con una sorella ed \u00e8 la sua prima esperienza di \u201cserva sotto padrone\u201d: sentir\u00e0 molto il peso della personale condizione sociale e: \u201c si svilupper\u00e0 in lei la ribellione, un tratto sociale che conserver\u00e0 sempre\u201d. Non \u00e8 un caso se quando ha 17 anni affascinata dai \u201cribelli della montagna\u201d parteciper\u00e0 alla lotta partigiana di liberazione nella Resistenza che considera anche un mezzo di emancipazione femminile. Diventa staffetta di collegamento tra i comandi di battaglione e brigata, facendo la spola tra Treviso e Venezia in bicicletta e a piedi su e gi\u00f9 per la montagna. Una nuova forte esperienza che &#8211; ancora la Caldart a sottolinearlo &#8211; la porter\u00e0 in seguito a battersi contro ogni sopruso e violenza\u201d. Aderisce poi al Partito comunista italiano considerato il pi\u00f9 idoneo a portare avanti la sue aspirazioni e le sue idee di lotta (ma non saranno tutte rose\u2026). Tina Merlin ha quindi svolto attivit\u00e0 giornalistica dal 1951 per trent\u2019anni per il quotidiano \u201cL\u2019Unit\u00e0\u201d facendo anche una breve esperienza anche a Radio Budapest in Ungheria. Ha scritti libri importanti ma \u00e8 ricordata soprattutto \u201cper aver aiutato con caparbiet\u00e0 e ostinazione a mettere in luce tutte le vicende legate alla diga del Vajont\u201d e conseguente catastrofe del 9 ottobre 1963 con duemila vittime. La conclusione di Milena Caldart: \u201cTina \u00e8 stata una grande donna che ha difeso il ruolo delle donne nella societ\u00e0 e sostenuto le cause dei pi\u00f9 deboli, che ha fatto un patto con il suo popolo portando avanti rivendicazioni e lotte: donna di coraggio nella ricerca della verit\u00e0\u201d.<\/div>\n<div dir=\"auto\" role=\"none\">\n\n\t\t\t<style type='text\/css'>\n\t\t\t\t#gallery-1 {\n\t\t\t\t\tmargin: auto;\n\t\t\t\t}\n\t\t\t\t#gallery-1 .gallery-item {\n\t\t\t\t\tfloat: left;\n\t\t\t\t\tmargin-top: 10px;\n\t\t\t\t\ttext-align: center;\n\t\t\t\t\twidth: 25%;\n\t\t\t\t}\n\t\t\t\t#gallery-1 img {\n\t\t\t\t\tborder: 2px solid #cfcfcf;\n\t\t\t\t}\n\t\t\t\t#gallery-1 .gallery-caption {\n\t\t\t\t\tmargin-left: 0;\n\t\t\t\t}\n\t\t\t\t\/* see gallery_shortcode() in wp-includes\/media.php *\/\n\t\t\t<\/style>\n\t\t<div id='gallery-1' class='dt-gallery-container gallery galleryid-330896 gallery-columns-4 gallery-size-thumbnail'><dl class='gallery-item'>\n\t\t\t\t<dt class='gallery-icon portrait'>\n\t\t\t\t\t<a class=\"rollover rollover-zoom dt-pswp-item\" title=\"337837734_241497015023739_550558549901876599_n\" data-dt-img-description=\"\" data-large_image_width=\"153\" data-large_image_height=\"225\"href='https:\/\/www.radiopiu.net\/wordpress\/wp-content\/uploads\/2023\/04\/337837734_241497015023739_550558549901876599_n.jpg'><img loading=\"lazy\" decoding=\"async\" width=\"150\" height=\"150\" src=\"https:\/\/www.radiopiu.net\/wordpress\/wp-content\/uploads\/2023\/04\/337837734_241497015023739_550558549901876599_n-150x150.jpg\" class=\"attachment-thumbnail size-thumbnail\" alt=\"\" \/><\/a>\n\t\t\t\t<\/dt><\/dl><dl class='gallery-item'>\n\t\t\t\t<dt class='gallery-icon landscape'>\n\t\t\t\t\t<a class=\"rollover rollover-zoom dt-pswp-item\" title=\"339033992_611801510494702_4078041873998225954_n\" data-dt-img-description=\"\" data-large_image_width=\"311\" data-large_image_height=\"206\"href='https:\/\/www.radiopiu.net\/wordpress\/wp-content\/uploads\/2023\/04\/339033992_611801510494702_4078041873998225954_n.jpg'><img loading=\"lazy\" decoding=\"async\" width=\"150\" height=\"150\" src=\"https:\/\/www.radiopiu.net\/wordpress\/wp-content\/uploads\/2023\/04\/339033992_611801510494702_4078041873998225954_n-150x150.jpg\" class=\"attachment-thumbnail size-thumbnail\" alt=\"\" \/><\/a>\n\t\t\t\t<\/dt><\/dl><dl class='gallery-item'>\n\t\t\t\t<dt class='gallery-icon landscape'>\n\t\t\t\t\t<a class=\"rollover rollover-zoom dt-pswp-item\" title=\"337897237_112237835154755_3074062041348907082_n\" data-dt-img-description=\"\" data-large_image_width=\"296\" data-large_image_height=\"203\"href='https:\/\/www.radiopiu.net\/wordpress\/wp-content\/uploads\/2023\/04\/337897237_112237835154755_3074062041348907082_n.jpg'><img loading=\"lazy\" decoding=\"async\" width=\"150\" height=\"150\" src=\"https:\/\/www.radiopiu.net\/wordpress\/wp-content\/uploads\/2023\/04\/337897237_112237835154755_3074062041348907082_n-150x150.jpg\" class=\"attachment-thumbnail size-thumbnail\" alt=\"\" \/><\/a>\n\t\t\t\t<\/dt><\/dl><dl class='gallery-item'>\n\t\t\t\t<dt class='gallery-icon landscape'>\n\t\t\t\t\t<a class=\"rollover rollover-zoom dt-pswp-item\" title=\"338022356_940612666977222_7515909475357512358_n\" data-dt-img-description=\"\" data-large_image_width=\"274\" data-large_image_height=\"206\"href='https:\/\/www.radiopiu.net\/wordpress\/wp-content\/uploads\/2023\/04\/338022356_940612666977222_7515909475357512358_n.jpg'><img loading=\"lazy\" decoding=\"async\" width=\"150\" height=\"150\" src=\"https:\/\/www.radiopiu.net\/wordpress\/wp-content\/uploads\/2023\/04\/338022356_940612666977222_7515909475357512358_n-150x150.jpg\" class=\"attachment-thumbnail size-thumbnail\" alt=\"\" \/><\/a>\n\t\t\t\t<\/dt><\/dl><br style=\"clear: both\" \/>\n\t\t\t<\/div>\n\n<\/div>\n<div dir=\"auto\" role=\"none\"><\/div>\n<div class=\"x6prxxf x1fc57z9 x1yc453h x126k92a xzsf02u\" dir=\"auto\" role=\"none\">NELLE FOTO (riproduzioni dal libro di Milena Caldart \u201cDonne in prima linea\u201d, quotidiano La Repubblica, Associazione culturale Tina Merlin): Tina a 21anni (da \u201cQuella del Vajont\u201d Cierre edizioni 2011); la Merlin con due compagne della lotta di liberazione; ad un raduno partigiano in Cansiglio nell\u2019immediato dopoguerra, con Aldo Sirena il partigiano \u201cNerone\u201d comandante di due brigate partigiane, dal quale avr\u00e0 un figlio: Antonio detto Toni, anch\u2019egli valente giornalista professionista come la madre); sfilata di donne e uomini della Resistenza.<\/div>\n<\/div>\n<\/div>\n<div class=\"x1h91t0o xkh2ocl x78zum5 xdt5ytf x13a6bvl x193iq5w x1iyjqo2 xcrg951\" role=\"none\">\n<div class=\"x1r8uery x1iyjqo2\" role=\"none\"><\/div>\n<\/div>\n<\/div>\n<\/div>\n<div class=\"x1h91t0o xkh2ocl x78zum5 xdt5ytf x13a6bvl x193iq5w x1iyjqo2 xcrg951\" role=\"none\">\n<div class=\"x1r8uery x1iyjqo2\" role=\"none\"><\/div>\n<div role=\"none\">\n<hr \/>\n<\/div>\n<blockquote>\n<h3 role=\"none\">CON IL CAI DI AGORDO AL SASS DE SOPEOSA<br \/>\n<span style=\"color: #000000; font-family: roboto, helvetica neue, helvetica, arial, sans-serif;\"><strong>Alpinismo Giovanile<\/strong><\/span><\/h3>\n<\/blockquote>\n<div role=\"none\"><\/div>\n<div role=\"none\"><strong><a class=\"dt-pswp-item\" href=\"https:\/\/www.radiopiu.net\/wordpress\/wp-content\/uploads\/2023\/04\/Senza-nome-17.jpg\" data-dt-img-description=\"\" data-large_image_width=\"151\" data-large_image_height=\"135\"><img loading=\"lazy\" decoding=\"async\" class=\"size-full wp-image-331032 alignleft\" src=\"https:\/\/www.radiopiu.net\/wordpress\/wp-content\/uploads\/2023\/04\/Senza-nome-17.jpg\" alt=\"\" width=\"151\" height=\"135\" \/><\/a>AGORDO<\/strong> R<span style=\"color: #000000; font-family: roboto, helvetica neue, helvetica, arial, sans-serif;\"><span style=\"color: #000000; font-family: roboto, helvetica neue, helvetica, arial, sans-serif;\"><span style=\"color: #000000; font-family: roboto, helvetica neue, helvetica, arial, sans-serif;\">iprende l&#8217;attivit\u00e0 sezionale con un&#8217;escursione dedicata ai Giovani Aquilotti: un gruppo numeroso e agguerrito che ha una gran voglia di stare insieme e scoprire cose nuove, presenti\u00a0 sul territorio.Sabato 15 aprile<br \/>\nSASS DE SOP\u00c8OSA, BALDO E BRICOL GRUPPO DEL PELSA<\/span><\/span><\/span><\/p>\n<div>Facile, ma suggestiva passeggiata pomeridiana, attraverso la storia dell\u2019Agordino, alle pendici del Monte Pelsa, per visitare un sito misterioso che ha tanto da raccontare. Un\u2019occasione per scoprire ed entrare in contatto con il passato per le localit\u00e0 di Baldo e Bricol, frazione un tempo abitata. Info: Dalle ore 16 alle ore 21 a partire dal mercoled\u00ec antecedente l\u2019escursione sino al venerd\u00ec sera, telefonando al seguente numero telefonico:380.6983040 (No SMS-No whatsapp)<\/div>\n<\/div>\n<\/div>\n<\/div>\n<div class=\"x1h91t0o xkh2ocl x78zum5 xdt5ytf x13a6bvl x193iq5w x1c4vz4f xcrg951\" role=\"none\"><\/div>\n<\/div>\n<div class=\"x1h91t0o xkh2ocl x78zum5 xdt5ytf x13a6bvl x193iq5w x1c4vz4f xcrg951\" role=\"none\">\n<div class=\"x78zum5 xdt5ytf x1iyjqo2 x2lah0s xl56j7k x1n2onr6 x1ll7btr x1n327nk x1t2a60a\" aria-hidden=\"true\">\n<div class=\"x6s0dn4 x78zum5 x1ll7btr x1q0g3np\" role=\"none\">\n<div class=\"x6s0dn4 x78zum5 x1ll7btr x1q0g3np\" role=\"none\">\n<div>\n<div class=\"x1i10hfl x1qjc9v5 xjbqb8w xjqpnuy xa49m3k xqeqjp1 x2hbi6w x13fuv20 xu3j5b3 x1q0q8m5 x26u7qi x972fbf xcfux6l x1qhh985 xm0m39n x9f619 x1ypdohk xdl72j9 x2lah0s xe8uvvx xdj266r x11i5rnm xat24cr x1mh8g0r x2lwn1j xeuugli xexx8yu x4uap5 x18d9i69 xkhd6sd x1n2onr6 x16tdsg8 x1hl2dhg xggy1nq x1ja2u2z x1t137rt x1o1ewxj x3x9cwd x1e5q0jg x13rtm0m x1q0g3np x87ps6o x1lku1pv x78zum5 x1a2a7pz\" tabindex=\"0\" role=\"button\" aria-expanded=\"false\" aria-haspopup=\"menu\" aria-label=\"Aggiungi una reazione\">\n<div class=\"xc26acl x6s0dn4 x14yjl9h xudhj91 x18nykt9 xww2gxu x1ypdohk x78zum5 x2lah0s xxk0z11 xl56j7k x11i5rnm x1mh8g0r x1n2onr6 x2b8uid xvy4d1p x15vn3sj\">\n<div class=\"x17rw0jw x197sbye x17z2i9w x4gyw5p x1o7uuvo\"><\/div>\n<\/div>\n<\/div>\n<\/div>\n<\/div>\n<\/div>\n<\/div>\n<\/div>\n<p>&nbsp;<\/p>\n<hr \/>\n<p>&nbsp;<\/p>\n<blockquote>\n<h3>LA BENEDIZIONE DELLE CASE A CENCENIGHE<\/h3>\n<\/blockquote>\n<p><strong>CENCENIGHE<\/strong> E&#8217; iniziata la benedizione delle case a Cencenighe con Don Luigi Canal. Oggi pomeriggio a Villagrande, domani le abitazioni di Piazza, Via Veronetta, Via Dante e adiacenze, Venerd\u00ec via XX Settembre.<\/p>\n<p>&nbsp;<\/p>\n<hr \/>\n<p>&nbsp;<\/p>\n<blockquote class=\"wp-embedded-content\" data-secret=\"uuMDC9oGwd\"><p><a href=\"https:\/\/www.radiopiu.net\/wordpress\/nuova-classificazione-sismica-del-territorio-agordino-e-provincia-di-belluno\/\">NUOVA CLASSIFICAZIONE SISMICA DEL TERRITORIO AGORDINO E PROVINCIA DI BELLUNO<\/a><\/p><\/blockquote>\n<p><iframe loading=\"lazy\" class=\"wp-embedded-content\" sandbox=\"allow-scripts\" security=\"restricted\" style=\"position: absolute; clip: rect(1px, 1px, 1px, 1px);\" title=\"&#8220;NUOVA CLASSIFICAZIONE SISMICA DEL TERRITORIO AGORDINO E PROVINCIA DI BELLUNO&#8221; &#8212; Radio Pi\u00f9\" src=\"https:\/\/www.radiopiu.net\/wordpress\/nuova-classificazione-sismica-del-territorio-agordino-e-provincia-di-belluno\/embed\/#?secret=ZzO5IeEqr8#?secret=uuMDC9oGwd\" data-secret=\"uuMDC9oGwd\" width=\"600\" height=\"338\" frameborder=\"0\" marginwidth=\"0\" marginheight=\"0\" scrolling=\"no\"><\/iframe><\/p>\n<p>&nbsp;<\/p>\n<hr \/>\n<p>&nbsp;<\/p>\n<h2><span style=\"color: #ff0000;\">IERI ALLA RADIO<\/span><\/h2>\n<h2><span style=\"color: #008080;\">&#8220;DINTORN E FORA VIA&#8221;\u00a0<\/span><span style=\"color: #008080;\"> IL PROGRAMMA\u00a0 <\/span><span style=\"color: #008080;\">A CURA DEL MUSLA\u00a0\u00a0<\/span><\/h2>\n<h1 style=\"text-align: center;\"><\/h1>\n<h1 style=\"text-align: center;\"><strong><span style=\"color: #ff0000;\">SECONDO ANNO\u00a0<\/span><\/strong><\/h1>\n<p><strong><a class=\"dt-pswp-item\" href=\"https:\/\/www.radiopiu.net\/wordpress\/wp-content\/uploads\/2023\/04\/12e2f003-d01d-40ac-a6a2-504bdb4335d5.jpg\" data-dt-img-description=\"\" data-large_image_width=\"1125\" data-large_image_height=\"479\"><img loading=\"lazy\" decoding=\"async\" class=\" wp-image-330997 alignleft\" src=\"https:\/\/www.radiopiu.net\/wordpress\/wp-content\/uploads\/2023\/04\/12e2f003-d01d-40ac-a6a2-504bdb4335d5-300x128.jpg\" alt=\"\" width=\"180\" height=\"77\" srcset=\"https:\/\/www.radiopiu.net\/wordpress\/wp-content\/uploads\/2023\/04\/12e2f003-d01d-40ac-a6a2-504bdb4335d5-300x128.jpg 300w, https:\/\/www.radiopiu.net\/wordpress\/wp-content\/uploads\/2023\/04\/12e2f003-d01d-40ac-a6a2-504bdb4335d5-1024x436.jpg 1024w, https:\/\/www.radiopiu.net\/wordpress\/wp-content\/uploads\/2023\/04\/12e2f003-d01d-40ac-a6a2-504bdb4335d5-768x327.jpg 768w, https:\/\/www.radiopiu.net\/wordpress\/wp-content\/uploads\/2023\/04\/12e2f003-d01d-40ac-a6a2-504bdb4335d5.jpg 1125w\" sizes=\"auto, (max-width: 180px) 100vw, 180px\" \/><\/a>PUNTATA DEL 11 APRILE MICHELA DELL&#8217;OSBEL<\/strong><\/p>\n<audio class=\"wp-audio-shortcode\" id=\"audio-330896-5\" preload=\"none\" style=\"width: 100%;\" controls=\"controls\"><source type=\"audio\/mpeg\" src=\"https:\/\/www.radiopiu.net\/wordpress\/wp-content\/uploads\/2023\/04\/78_Michela_11auril2023.mp3?_=5\" \/><a href=\"https:\/\/www.radiopiu.net\/wordpress\/wp-content\/uploads\/2023\/04\/78_Michela_11auril2023.mp3\">https:\/\/www.radiopiu.net\/wordpress\/wp-content\/uploads\/2023\/04\/78_Michela_11auril2023.mp3<\/a><\/audio>\n<p>&nbsp;<\/p>\n<p>&nbsp;<\/p>\n<hr \/>\n<p>&nbsp;<\/p>\n<p><strong>DI TIZIANO DE COL<\/strong><\/p>\n\n\t\t\t<style type='text\/css'>\n\t\t\t\t#gallery-2 {\n\t\t\t\t\tmargin: auto;\n\t\t\t\t}\n\t\t\t\t#gallery-2 .gallery-item {\n\t\t\t\t\tfloat: left;\n\t\t\t\t\tmargin-top: 10px;\n\t\t\t\t\ttext-align: center;\n\t\t\t\t\twidth: 20%;\n\t\t\t\t}\n\t\t\t\t#gallery-2 img {\n\t\t\t\t\tborder: 2px solid #cfcfcf;\n\t\t\t\t}\n\t\t\t\t#gallery-2 .gallery-caption {\n\t\t\t\t\tmargin-left: 0;\n\t\t\t\t}\n\t\t\t\t\/* see gallery_shortcode() in wp-includes\/media.php *\/\n\t\t\t<\/style>\n\t\t<div id='gallery-2' class='dt-gallery-container gallery galleryid-330896 gallery-columns-5 gallery-size-medium'><dl class='gallery-item'>\n\t\t\t\t<dt class='gallery-icon landscape'>\n\t\t\t\t\t<a class=\"rollover rollover-zoom dt-pswp-item\" title=\"66e19459-46fd-4efd-a526-f3fb9f5c384d\" data-dt-img-description=\"\" data-large_image_width=\"562\" data-large_image_height=\"347\"href='https:\/\/www.radiopiu.net\/wordpress\/wp-content\/uploads\/2023\/04\/66e19459-46fd-4efd-a526-f3fb9f5c384d.jpg'><img loading=\"lazy\" decoding=\"async\" width=\"300\" height=\"185\" src=\"https:\/\/www.radiopiu.net\/wordpress\/wp-content\/uploads\/2023\/04\/66e19459-46fd-4efd-a526-f3fb9f5c384d-300x185.jpg\" class=\"attachment-medium size-medium\" alt=\"\" srcset=\"https:\/\/www.radiopiu.net\/wordpress\/wp-content\/uploads\/2023\/04\/66e19459-46fd-4efd-a526-f3fb9f5c384d-300x185.jpg 300w, https:\/\/www.radiopiu.net\/wordpress\/wp-content\/uploads\/2023\/04\/66e19459-46fd-4efd-a526-f3fb9f5c384d.jpg 562w\" sizes=\"auto, (max-width: 300px) 100vw, 300px\" \/><\/a>\n\t\t\t\t<\/dt><\/dl><dl class='gallery-item'>\n\t\t\t\t<dt class='gallery-icon landscape'>\n\t\t\t\t\t<a class=\"rollover rollover-zoom dt-pswp-item\" title=\"38a1dfc7-4b6d-414f-9c9c-754c9d83a291\" data-dt-img-description=\"\" data-large_image_width=\"608\" data-large_image_height=\"353\"href='https:\/\/www.radiopiu.net\/wordpress\/wp-content\/uploads\/2023\/04\/38a1dfc7-4b6d-414f-9c9c-754c9d83a291.jpg'><img loading=\"lazy\" decoding=\"async\" width=\"300\" height=\"174\" src=\"https:\/\/www.radiopiu.net\/wordpress\/wp-content\/uploads\/2023\/04\/38a1dfc7-4b6d-414f-9c9c-754c9d83a291-300x174.jpg\" class=\"attachment-medium size-medium\" alt=\"\" srcset=\"https:\/\/www.radiopiu.net\/wordpress\/wp-content\/uploads\/2023\/04\/38a1dfc7-4b6d-414f-9c9c-754c9d83a291-300x174.jpg 300w, https:\/\/www.radiopiu.net\/wordpress\/wp-content\/uploads\/2023\/04\/38a1dfc7-4b6d-414f-9c9c-754c9d83a291.jpg 608w\" sizes=\"auto, (max-width: 300px) 100vw, 300px\" \/><\/a>\n\t\t\t\t<\/dt><\/dl><dl class='gallery-item'>\n\t\t\t\t<dt class='gallery-icon landscape'>\n\t\t\t\t\t<a class=\"rollover rollover-zoom dt-pswp-item\" title=\"4ea700a0-751a-4fe9-a033-3e6192b86912\" data-dt-img-description=\"\" data-large_image_width=\"596\" data-large_image_height=\"357\"href='https:\/\/www.radiopiu.net\/wordpress\/wp-content\/uploads\/2023\/04\/4ea700a0-751a-4fe9-a033-3e6192b86912.jpg'><img loading=\"lazy\" decoding=\"async\" width=\"300\" height=\"180\" src=\"https:\/\/www.radiopiu.net\/wordpress\/wp-content\/uploads\/2023\/04\/4ea700a0-751a-4fe9-a033-3e6192b86912-300x180.jpg\" class=\"attachment-medium size-medium\" alt=\"\" srcset=\"https:\/\/www.radiopiu.net\/wordpress\/wp-content\/uploads\/2023\/04\/4ea700a0-751a-4fe9-a033-3e6192b86912-300x180.jpg 300w, https:\/\/www.radiopiu.net\/wordpress\/wp-content\/uploads\/2023\/04\/4ea700a0-751a-4fe9-a033-3e6192b86912.jpg 596w\" sizes=\"auto, (max-width: 300px) 100vw, 300px\" \/><\/a>\n\t\t\t\t<\/dt><\/dl><dl class='gallery-item'>\n\t\t\t\t<dt class='gallery-icon landscape'>\n\t\t\t\t\t<a class=\"rollover rollover-zoom dt-pswp-item\" title=\"a5572873-5219-4338-ab45-dd0d1644dd70\" data-dt-img-description=\"\" data-large_image_width=\"596\" data-large_image_height=\"347\"href='https:\/\/www.radiopiu.net\/wordpress\/wp-content\/uploads\/2023\/04\/a5572873-5219-4338-ab45-dd0d1644dd70.jpg'><img loading=\"lazy\" decoding=\"async\" width=\"300\" height=\"175\" src=\"https:\/\/www.radiopiu.net\/wordpress\/wp-content\/uploads\/2023\/04\/a5572873-5219-4338-ab45-dd0d1644dd70-300x175.jpg\" class=\"attachment-medium size-medium\" alt=\"\" srcset=\"https:\/\/www.radiopiu.net\/wordpress\/wp-content\/uploads\/2023\/04\/a5572873-5219-4338-ab45-dd0d1644dd70-300x175.jpg 300w, https:\/\/www.radiopiu.net\/wordpress\/wp-content\/uploads\/2023\/04\/a5572873-5219-4338-ab45-dd0d1644dd70.jpg 596w\" sizes=\"auto, (max-width: 300px) 100vw, 300px\" \/><\/a>\n\t\t\t\t<\/dt><\/dl><dl class='gallery-item'>\n\t\t\t\t<dt class='gallery-icon landscape'>\n\t\t\t\t\t<a class=\"rollover rollover-zoom dt-pswp-item\" title=\"20003242-cb7e-4a24-bcca-9be1531d285d\" data-dt-img-description=\"\" data-large_image_width=\"606\" data-large_image_height=\"355\"href='https:\/\/www.radiopiu.net\/wordpress\/wp-content\/uploads\/2023\/04\/20003242-cb7e-4a24-bcca-9be1531d285d.jpg'><img loading=\"lazy\" decoding=\"async\" width=\"300\" height=\"176\" src=\"https:\/\/www.radiopiu.net\/wordpress\/wp-content\/uploads\/2023\/04\/20003242-cb7e-4a24-bcca-9be1531d285d-300x176.jpg\" class=\"attachment-medium size-medium\" alt=\"\" srcset=\"https:\/\/www.radiopiu.net\/wordpress\/wp-content\/uploads\/2023\/04\/20003242-cb7e-4a24-bcca-9be1531d285d-300x176.jpg 300w, https:\/\/www.radiopiu.net\/wordpress\/wp-content\/uploads\/2023\/04\/20003242-cb7e-4a24-bcca-9be1531d285d.jpg 606w\" sizes=\"auto, (max-width: 300px) 100vw, 300px\" \/><\/a>\n\t\t\t\t<\/dt><\/dl><br style=\"clear: both\" \/>\n\t\t\t<\/div>\n\n<p>&nbsp;<\/p>\n<hr \/>\n<p>&nbsp;<\/p>\n<blockquote>\n<h3>TOFANA CORTINA FRECCIA NEL CIELO: STAGIONE 2022\/2023 CON L&#8217;HAPPY ENDING<\/h3>\n<\/blockquote>\n<p><strong>CORTINA <\/strong>La stagione invernale sulla Freccia nel Cielo \u00e8 stata davvero sorprendente! Le vette dolomitiche sono state costellate dei pi\u00f9 variegati eventi, tra piste innevate e offerte gastronomiche uniche, come ricorda il Presidente Mario Vascellari <em>\u00abLa soddisfazione \u00e8 sicuramente grande, visti soprattutto gli anni passati: il comprensorio ha infatti ospitato moltissimi turisti, sia italiani che stranieri, accanto ovviamente alle celebrity accorse per tutta la stagione a godere delle piste e delle attivit\u00e0 promosse dalla Freccia nel Cielo. Tanti anche gli special guest che hanno animato i punti gourmet della zona registrando un incremento delle presenze di buon auspicio per il futuro\u00bb e <\/em>prosegue <em>\u00abun fine stagione che ci rende sicuramente orgogliosi del lavoro fatto finora ma che rappresenta uno stimolo a perfezionare la nostra offerta turistica, in vista anche delle occasioni di incontro che colorano ogni stagione della Regina\u00bb<\/em>. La Freccia nel Cielo \u00e8 infatti stata protagonista di felici e vivaci momenti di incontro a partire dall\u2019anniversario dei 250 anni del Masi Wine Bar al Drusci\u00e8 con la degustazione di un Amarone leggendario, il Vajo dei Masi, fino al Fashion Weekend, il fine settimana dell\u2019Immacolata che \u2013 con la prima neve \u2013 ha dato il via a una stagione davvero unica. E poi ancora, le esperienze dell\u2019Astrocena al Col Drusci\u00e9, in collaborazione con l\u2019Osservatorio Astronomico Helmut Ullrich, le sciate all\u2019Alba a Ra Valles, per godere degli impianti freschi d\u2019apertura e di una colazione dolce e salata. Nel mese di dicembre \u00e8 stata ospitata anche la kermesse Cortina Cocktail Weekend, la prima cocktail week sulla neve in Europa, ideata e diretta da Paola Mencarelli, con il Patrocinio del Comune di Cortina e in collaborazione con Cortina Marketing. E ancora, Cortina Ski World Cup che ha visto la Freccia nel Cielo in prima linea con piste e impianti aperti per vivere le gare in diretta dalle terrazze panoramiche, Scocca la Freccia, l\u2019evento dedicato alla festa degli innamorati, e il Gelato Day che ha visto salire a Capanna Ra Valles i migliori gelatieri locali per deliziare gli ospiti in occasione della Giornata Europea del Gelato Artigianale. E, proprio in occasione di questi eventi, le piste della Freccia nel Cielo sono diventate il palcoscenico di discese da capogiro sulla Col Drusci\u00e9 A, nel bosco fatato della Col Drusci\u00e9 B, nel brivido della pista 51, la Forcella Rossa, nell\u2019emozione Muro De Ra Cioures e del Raccordo Pi\u00e8 Tofana, del Bus Tofana e del Pian Ra Valles, accanto al nuovo collegamento di Ra Strad\u00e9la e all\u2019apertura della pista Stri\u00e8s. Momenti unici avvalorati dall\u2019offerta gastronomica dei tre punti gourmet, Masi Wine Bar al Drusci\u00e9, Ristorante Col Drusci\u00e9 1778 e Capanna Ra Valles, dove la musica di Radio Monte Carlo, partner ufficiale di Tofana Freccia nel Cielo, \u00e8 stata una compagna ideale per ogni momento di relax. <em>\u00abIl tutto non sarebbe stato possibile senza la professionalit\u00e0 e diligenza degli operatori di Tofana \u2013 Freccia nel Cielo che tra impiantisti, sciatori, macchinisti, innevatori, gattisti, caposervizio, camerieri, cuochi e baristi, lavorano per offrire a ciascun ospite della Regina le migliori esperienze possibili\u00bb <\/em>ricorda Giuliana Boscheri, Marketing Manager della societ\u00e0 Tofana Srl e conclude <em>\u00abUn panorama di eventi e momenti imperdibili \u00e8 quello che si prospetta per la stagione estiva 2023: Cortina sar\u00e0 animata da moltissime novit\u00e0 e appuntamenti dedicati agli appassionati delle Dolomiti e della montagna. Siamo gi\u00e0 attivi a istituire nuove partnership di crescita turistica per offrire pacchetti sempre pi\u00f9 competitivi, anche in vista delle Olimpiadi del 2026\u00bb<\/em>.<\/p>\n\n\t\t\t<style type='text\/css'>\n\t\t\t\t#gallery-3 {\n\t\t\t\t\tmargin: auto;\n\t\t\t\t}\n\t\t\t\t#gallery-3 .gallery-item {\n\t\t\t\t\tfloat: left;\n\t\t\t\t\tmargin-top: 10px;\n\t\t\t\t\ttext-align: center;\n\t\t\t\t\twidth: 25%;\n\t\t\t\t}\n\t\t\t\t#gallery-3 img {\n\t\t\t\t\tborder: 2px solid #cfcfcf;\n\t\t\t\t}\n\t\t\t\t#gallery-3 .gallery-caption {\n\t\t\t\t\tmargin-left: 0;\n\t\t\t\t}\n\t\t\t\t\/* see gallery_shortcode() in wp-includes\/media.php *\/\n\t\t\t<\/style>\n\t\t<div id='gallery-3' class='dt-gallery-container gallery galleryid-330896 gallery-columns-4 gallery-size-medium'><dl class='gallery-item'>\n\t\t\t\t<dt class='gallery-icon landscape'>\n\t\t\t\t\t<a class=\"rollover rollover-zoom dt-pswp-item\" title=\"RIC_2218\" data-dt-img-description=\"\" data-large_image_width=\"2560\" data-large_image_height=\"1707\"href='https:\/\/www.radiopiu.net\/wordpress\/wp-content\/uploads\/2023\/04\/RIC_2218-scaled.jpg'><img loading=\"lazy\" decoding=\"async\" width=\"300\" height=\"200\" src=\"https:\/\/www.radiopiu.net\/wordpress\/wp-content\/uploads\/2023\/04\/RIC_2218-300x200.jpg\" class=\"attachment-medium size-medium\" alt=\"\" srcset=\"https:\/\/www.radiopiu.net\/wordpress\/wp-content\/uploads\/2023\/04\/RIC_2218-300x200.jpg 300w, https:\/\/www.radiopiu.net\/wordpress\/wp-content\/uploads\/2023\/04\/RIC_2218-1024x683.jpg 1024w, https:\/\/www.radiopiu.net\/wordpress\/wp-content\/uploads\/2023\/04\/RIC_2218-768x512.jpg 768w, https:\/\/www.radiopiu.net\/wordpress\/wp-content\/uploads\/2023\/04\/RIC_2218-1536x1024.jpg 1536w, https:\/\/www.radiopiu.net\/wordpress\/wp-content\/uploads\/2023\/04\/RIC_2218-2048x1365.jpg 2048w\" sizes=\"auto, (max-width: 300px) 100vw, 300px\" \/><\/a>\n\t\t\t\t<\/dt><\/dl><dl class='gallery-item'>\n\t\t\t\t<dt class='gallery-icon landscape'>\n\t\t\t\t\t<a class=\"rollover rollover-zoom dt-pswp-item\" title=\"Tofana_jan2018_\u00a9GS_27\" data-dt-img-description=\"\" data-large_image_width=\"2560\" data-large_image_height=\"1707\"href='https:\/\/www.radiopiu.net\/wordpress\/wp-content\/uploads\/2023\/04\/Tofana_jan2018_\u00a9GS_27-scaled.jpg'><img loading=\"lazy\" decoding=\"async\" width=\"300\" height=\"200\" src=\"https:\/\/www.radiopiu.net\/wordpress\/wp-content\/uploads\/2023\/04\/Tofana_jan2018_\u00a9GS_27-300x200.jpg\" class=\"attachment-medium size-medium\" alt=\"\" srcset=\"https:\/\/www.radiopiu.net\/wordpress\/wp-content\/uploads\/2023\/04\/Tofana_jan2018_\u00a9GS_27-300x200.jpg 300w, https:\/\/www.radiopiu.net\/wordpress\/wp-content\/uploads\/2023\/04\/Tofana_jan2018_\u00a9GS_27-1024x683.jpg 1024w, https:\/\/www.radiopiu.net\/wordpress\/wp-content\/uploads\/2023\/04\/Tofana_jan2018_\u00a9GS_27-768x512.jpg 768w, https:\/\/www.radiopiu.net\/wordpress\/wp-content\/uploads\/2023\/04\/Tofana_jan2018_\u00a9GS_27-1536x1024.jpg 1536w, https:\/\/www.radiopiu.net\/wordpress\/wp-content\/uploads\/2023\/04\/Tofana_jan2018_\u00a9GS_27-2048x1365.jpg 2048w\" sizes=\"auto, (max-width: 300px) 100vw, 300px\" \/><\/a>\n\t\t\t\t<\/dt><\/dl><dl class='gallery-item'>\n\t\t\t\t<dt class='gallery-icon landscape'>\n\t\t\t\t\t<a class=\"rollover rollover-zoom dt-pswp-item\" title=\"3-Freccia-nel-Cielo-2020-\u00a9ManazProductions-scaled\" data-dt-img-description=\"\" data-large_image_width=\"2560\" data-large_image_height=\"1439\"href='https:\/\/www.radiopiu.net\/wordpress\/wp-content\/uploads\/2023\/04\/3-Freccia-nel-Cielo-2020-\u00a9ManazProductions-scaled-1.jpg'><img loading=\"lazy\" decoding=\"async\" width=\"300\" height=\"169\" src=\"https:\/\/www.radiopiu.net\/wordpress\/wp-content\/uploads\/2023\/04\/3-Freccia-nel-Cielo-2020-\u00a9ManazProductions-scaled-1-300x169.jpg\" class=\"attachment-medium size-medium\" alt=\"\" srcset=\"https:\/\/www.radiopiu.net\/wordpress\/wp-content\/uploads\/2023\/04\/3-Freccia-nel-Cielo-2020-\u00a9ManazProductions-scaled-1-300x169.jpg 300w, https:\/\/www.radiopiu.net\/wordpress\/wp-content\/uploads\/2023\/04\/3-Freccia-nel-Cielo-2020-\u00a9ManazProductions-scaled-1-1024x576.jpg 1024w, https:\/\/www.radiopiu.net\/wordpress\/wp-content\/uploads\/2023\/04\/3-Freccia-nel-Cielo-2020-\u00a9ManazProductions-scaled-1-768x432.jpg 768w, https:\/\/www.radiopiu.net\/wordpress\/wp-content\/uploads\/2023\/04\/3-Freccia-nel-Cielo-2020-\u00a9ManazProductions-scaled-1-1536x863.jpg 1536w, https:\/\/www.radiopiu.net\/wordpress\/wp-content\/uploads\/2023\/04\/3-Freccia-nel-Cielo-2020-\u00a9ManazProductions-scaled-1-2048x1151.jpg 2048w\" sizes=\"auto, (max-width: 300px) 100vw, 300px\" \/><\/a>\n\t\t\t\t<\/dt><\/dl><dl class='gallery-item'>\n\t\t\t\t<dt class='gallery-icon landscape'>\n\t\t\t\t\t<a class=\"rollover rollover-zoom dt-pswp-item\" title=\"01f4ed2d-221c-4b9e-88df-7d9bdeeaeb0d\" data-dt-img-description=\"\" data-large_image_width=\"1600\" data-large_image_height=\"1200\"href='https:\/\/www.radiopiu.net\/wordpress\/wp-content\/uploads\/2023\/04\/01f4ed2d-221c-4b9e-88df-7d9bdeeaeb0d.jpg'><img loading=\"lazy\" decoding=\"async\" width=\"300\" height=\"225\" src=\"https:\/\/www.radiopiu.net\/wordpress\/wp-content\/uploads\/2023\/04\/01f4ed2d-221c-4b9e-88df-7d9bdeeaeb0d-300x225.jpg\" class=\"attachment-medium size-medium\" alt=\"\" srcset=\"https:\/\/www.radiopiu.net\/wordpress\/wp-content\/uploads\/2023\/04\/01f4ed2d-221c-4b9e-88df-7d9bdeeaeb0d-300x225.jpg 300w, https:\/\/www.radiopiu.net\/wordpress\/wp-content\/uploads\/2023\/04\/01f4ed2d-221c-4b9e-88df-7d9bdeeaeb0d-1024x768.jpg 1024w, https:\/\/www.radiopiu.net\/wordpress\/wp-content\/uploads\/2023\/04\/01f4ed2d-221c-4b9e-88df-7d9bdeeaeb0d-768x576.jpg 768w, https:\/\/www.radiopiu.net\/wordpress\/wp-content\/uploads\/2023\/04\/01f4ed2d-221c-4b9e-88df-7d9bdeeaeb0d-1536x1152.jpg 1536w, https:\/\/www.radiopiu.net\/wordpress\/wp-content\/uploads\/2023\/04\/01f4ed2d-221c-4b9e-88df-7d9bdeeaeb0d.jpg 1600w\" sizes=\"auto, (max-width: 300px) 100vw, 300px\" \/><\/a>\n\t\t\t\t<\/dt><\/dl><br style=\"clear: both\" \/>\n\t\t\t<\/div>\n\n<hr \/>\n<p>&nbsp;<\/p>\n<blockquote>\n<h3>TRE INCONTRI PER PRIMAVERA CASA<\/h3>\n<\/blockquote>\n<p><strong>VAL BELLUNA\u00a0<\/strong>Sono tre gli incontri in programma per Primavera Casa, un progetto per riattivare case vuote che potrebbero ancora ospitare momenti di vita, risate, sogni \u2013 e di farlo prima che queste case si deteriorino a tal punto da diventare un costo per tutti. Questi gli appuntamenti: venerd\u00ec alle 18 alla sala consigliare di Cesiomaggiore, gioved\u00ec 20 aprile alle 20 nella sala incontri del polo culturale di sedico e mercoled\u00ec 26 alle 18 al centro culturale di Santa Giustina.<\/p>\n<p>&nbsp;<\/p>\n<p>&nbsp;<\/p>\n<hr \/>\n<p>&nbsp;<\/p>\n<blockquote>\n<h3>UNA SERATA DI LIBERA DISCUSSIONE CON IL PD AGORDINO<\/h3>\n<\/blockquote>\n<p><strong>AGORDO<\/strong> Oggi alla Biblioteca Civica di Agordo \u00e8 in programma un incontro con il circolo Agordino del Partito Democratico. Una serata di libera discussione aperta a tutti con inizio alle 20:45<\/p>\n<p>&nbsp;<\/p>\n<p>&nbsp;<\/p>\n<hr \/>\n<p>&nbsp;<\/p>\n<blockquote>\n<h3>ANCHE AD AGORDO LA RACCOLTA FIRME &#8220;LUCA COSCIONI&#8221;<\/h3>\n<\/blockquote>\n<p>&nbsp;<\/p>\n<p><strong><img loading=\"lazy\" decoding=\"async\" class=\"alignleft\" src=\"https:\/\/www.radiopiu.net\/wordpress\/wp-content\/uploads\/2023\/04\/WhatsApp-Image-2023-04-06-at-11.57.01-300x300.jpeg\" width=\"132\" height=\"132\" \/>AGORDO<\/strong> \u00a0Oggi, dalle 9 alle 12,\u00a0 nei pressi del mercato\u00a0 settimanale (piazza-Boi) raccolta firme per la proposta di legge regionale di iniziativa popolare rubricata \u201cProcedure e tempi per l\u2019assistenza sanitaria regionale al suicidio medicalmente assistito&#8221;.\u00a0 Iniziativa organizzata dall&#8217;Associazione Luca Coscioni del Veneto per una legge regionale che garantisca tempi certi per la procedura di verifica e attuazione per il diritto di ottenere aiuto medico alla morte volontaria, per chi vive in condizioni di sofferenza fisica o psicologica insopportabile.<\/p>\n<p>&nbsp;<\/p>\n<p>&nbsp;<\/p>\n<hr \/>\n<p>&nbsp;<\/p>\n<blockquote>\n<h3>L&#8217;ASSEMBLEA DELLA CROCE BIANCA DI LIVINALLONGO<\/h3>\n<\/blockquote>\n<p><strong>LIVINALLONGO<\/strong> E&#8217; in programma il 14 aprile alle 19:30\u00a0 l&#8217;assemblea generale della Croce Bianca Livinallongo. I soci si ritroveranno alla sala Bo\u00e8 di Arabba per parlare del resoconto delle attivit\u00e0 dello scorso anno, l&#8217;elezione dei delegati e l&#8217;intervento del responsabile gruppo giovani. L&#8217;occasione anche per consegnare le onorificenze e per un momento conviviale.<\/p>\n<p>&nbsp;<\/p>\n<p>&nbsp;<\/p>\n<hr \/>\n<p>&nbsp;<\/p>\n<blockquote>\n<h3>DOMENICA 16 APRILE LA U.S. NAVAL FORCES EUROPE AND AFRICA BAND A BELLUNO<\/h3>\n<\/blockquote>\n<p><strong>BELLUNO<\/strong> la U.S. Naval Forces Europe and Africa Band , banda ufficiale della Marina Americana in Europa, si esibir\u00e0 al Teatro Comunale di Belluno<br \/>\ndomenica 16 aprile alle 18. L\u2019iniziativa \u00e8 stata organizzata in collaborazione con il Comune di Longarone, nella ricorrenza del sessantesimo anniversario del disastro del Vajont, per ricordare il prezioso aiuto ricevuto dalla popolazione proprio dalle forze NATO nelle giornate immediatamente successive all&#8217;ondata. L&#8217;ingresso al concerto \u00e8 gratuito, su prenotazione a: museo.belluno@gmail.com, telefono 0437 913323<\/p>\n<p>&nbsp;<\/p>\n<p>&nbsp;<\/p>\n<hr \/>\n<p>&nbsp;<\/p>\n<blockquote>\n<h3>L&#8217;OM SALVARECH A LA VALLE<\/h3>\n<\/blockquote>\n<p><strong>LA VALLE <\/strong>A La Valle due giorni di festa con l&#8217;Om Salvarech. Lunedi 24 aprile, al tendone presentazione della mostra &#8220;vers l&#8217;insuda&#8221;:gli aquerelli dipinti dagli alunni della scuola primaria, dalle 17 l&#8217;apertivo selvatico con Rdj, 19 stand gastronomico, serata danzante con la Spritzband e a seguire dico-tek con Rdj. Martedi 25 aprile al tendone di Conaggia \u201cel merc\u00e0 de l&#8217;insuda\u201d, alle 10 gara podistica Su e do per i coi, memorial Flavio De Cassai, dalle 12 stand gastronomico e dalle 14: preparazione Om Salvarech a Cugnago, sfilata per le vie del paese, alle 16 apertivo selvatico danzante con Eros, alle 19 la cota e quindi gran finale con il testamento e il Falo&#8217; Dell&#8217;Om Salvarech tra i balli con Eros e Karin. Om Salvarech, a LA VALLE AGORDINA. con la Proloco 24-25 Aprile<\/p>\n<p>&nbsp;<\/p>\n<p>&nbsp;<\/p>\n<hr \/>\n<p>&nbsp;<\/p>\n<blockquote>\n<h3>DALLA FOTOGRAFIA ALLA VIDEO ART: GLI INCONTRI AD AGORDO<\/h3>\n<\/blockquote>\n<p><strong>AGORDO <\/strong>Venerd\u00ec 21 aprile, dalle 18, ad Agordo alla Sala Don Tamis si\u00a0 terr\u00e0 la prima di tre conferenze della serie \u201cDalla fotografia alla video art e all\u2019arte cinetica\u201d. La relazione dal titolo \u201cLa storia della fotografia\u201d sar\u00e0 svolta dal Dott. Prof. Roberto Favero. Si ricorda che l\u2019ingresso \u00e8 libero per tutti.<\/p>\n<p>&nbsp;<\/p>\n<p>&nbsp;<\/p>\n<hr \/>\n<p>&nbsp;<\/p>\n<blockquote>\n<h3>SABATO A TEATRO CON LA NUOVA COMPAGNIA DI BRUNICO<\/h3>\n<\/blockquote>\n<p><strong>LIVINALLONGO<\/strong> Appuntamento a teatro sabato alle 20:30 nella sala congressi di Arabba. Sul palco la Nuova Compagnia Teatrale di Brunico che presenter\u00e0 una commedia dal titolo &#8220;Albergo alla tranquillit\u00e0&#8221;. Entrata con offerta libera.<\/p>\n<p>&nbsp;<\/p>\n<p>&nbsp;<\/p>\n<hr \/>\n<p>&nbsp;<\/p>\n<blockquote>\n<h3>LA MOSTRA DI GIOVANNA DEPPI A PIEVE DI CADORE<\/h3>\n<\/blockquote>\n<p><strong>PIEVE DI CADORE<\/strong> Dal 12 aprile al 6 maggio \u00e8 possibile visitare la mostra di Giovanna Deppi all&#8217;Auditorium Cos.Mo di Pieve di Cadore. Apertura dal mercoled\u00ec al sabato dalle 10 alle 13 e dalle 15 alle 18. Inaugurazione domani alle 18.<\/p>\n<p>&nbsp;<\/p>\n<p>&nbsp;<\/p>\n<hr \/>\n<p>&nbsp;<\/p>\n<div>\n<div class=\"b654a4as d2edcug0\">\n<div class=\"rq0escxv hkbzh7o3 jwdofwj8 n8tt0mok r8blr3vg hyh9befq\">\n<p><a class=\"dt-pswp-item\" href=\"https:\/\/www.radiopiu.net\/wordpress\/wp-content\/uploads\/2020\/10\/pp.jpg\" data-dt-img-description=\"\" data-large_image_width=\"640\" data-large_image_height=\"640\"><img loading=\"lazy\" decoding=\"async\" class=\"wp-image-163678 alignleft\" src=\"https:\/\/www.radiopiu.net\/wordpress\/wp-content\/uploads\/2020\/10\/pp-300x300.jpg\" alt=\"\" width=\"106\" height=\"106\" srcset=\"https:\/\/www.radiopiu.net\/wordpress\/wp-content\/uploads\/2020\/10\/pp-300x300.jpg 300w, https:\/\/www.radiopiu.net\/wordpress\/wp-content\/uploads\/2020\/10\/pp-150x150.jpg 150w, https:\/\/www.radiopiu.net\/wordpress\/wp-content\/uploads\/2020\/10\/pp-125x125.jpg 125w, https:\/\/www.radiopiu.net\/wordpress\/wp-content\/uploads\/2020\/10\/pp-200x200.jpg 200w, https:\/\/www.radiopiu.net\/wordpress\/wp-content\/uploads\/2020\/10\/pp-80x80.jpg 80w, https:\/\/www.radiopiu.net\/wordpress\/wp-content\/uploads\/2020\/10\/pp-480x480.jpg 480w, https:\/\/www.radiopiu.net\/wordpress\/wp-content\/uploads\/2020\/10\/pp.jpg 640w\" sizes=\"auto, (max-width: 106px) 100vw, 106px\" \/><\/a><\/p>\n<\/div>\n<\/div>\n<\/div>\n<div>\n<div class=\"page-title-head hgroup\">\n<div class=\"page-title-head hgroup\">\n<div class=\"b654a4as d2edcug0\">\n<div class=\"j83agx80 btwxx1t3 lhclo0ds hop8lmos nkwizq5d scwd0bx6 roh60bw9\">\n<div class=\"rq0escxv hkbzh7o3 jwdofwj8 n8tt0mok r8blr3vg hyh9befq\">\n<div class=\"do00u71z l9j0dhe7 k4urcfbm\" style=\"text-align: left;\">\n<h2><span style=\"color: #000080;\">DON CESARE, IL PENSIERO DEL GIORNO. ALLA RADIO ALLE 7 DEL MATTINO E ALLE 19.30 DELLA SERA\u00a0<\/span><\/h2>\n<audio class=\"wp-audio-shortcode\" id=\"audio-330896-6\" preload=\"none\" style=\"width: 100%;\" controls=\"controls\"><source type=\"audio\/mpeg\" src=\"https:\/\/www.radiopiu.net\/wordpress\/wp-content\/uploads\/2023\/04\/CESARE-7.mp3?_=6\" \/><a href=\"https:\/\/www.radiopiu.net\/wordpress\/wp-content\/uploads\/2023\/04\/CESARE-7.mp3\">https:\/\/www.radiopiu.net\/wordpress\/wp-content\/uploads\/2023\/04\/CESARE-7.mp3<\/a><\/audio>\n<\/div>\n<\/div>\n<\/div>\n<\/div>\n<\/div>\n<\/div>\n<\/div>\n<p>&nbsp;<\/p>\n<p>&nbsp;<\/p>\n<hr \/>\n<p>&nbsp;<\/p>\n<h2><span style=\"color: #ff00ff;\">IN VIVO VERSO\u00a0 \u00a0<\/span><\/h2>\n<blockquote>\n<h3>SOGLIE GEMELLE DI MICHELA EPIFANI<\/h3>\n<\/blockquote>\n<p>AUDIO<\/p>\n<audio class=\"wp-audio-shortcode\" id=\"audio-330896-7\" preload=\"none\" style=\"width: 100%;\" controls=\"controls\"><source type=\"audio\/mpeg\" src=\"https:\/\/www.radiopiu.net\/wordpress\/wp-content\/uploads\/2023\/04\/VIVO-VERSO-MAR-1.mp3?_=7\" \/><a href=\"https:\/\/www.radiopiu.net\/wordpress\/wp-content\/uploads\/2023\/04\/VIVO-VERSO-MAR-1.mp3\">https:\/\/www.radiopiu.net\/wordpress\/wp-content\/uploads\/2023\/04\/VIVO-VERSO-MAR-1.mp3<\/a><\/audio>\n<p>&nbsp;<\/p>\n<blockquote>\n<h3><a class=\"dt-pswp-item\" href=\"https:\/\/www.radiopiu.net\/wordpress\/wp-content\/uploads\/2023\/04\/MICHELA-EPIFANI.jpg\" data-dt-img-description=\"\" data-large_image_width=\"720\" data-large_image_height=\"720\"><img loading=\"lazy\" decoding=\"async\" class=\"wp-image-331001 alignleft\" src=\"https:\/\/www.radiopiu.net\/wordpress\/wp-content\/uploads\/2023\/04\/MICHELA-EPIFANI-300x300.jpg\" alt=\"\" width=\"159\" height=\"159\" srcset=\"https:\/\/www.radiopiu.net\/wordpress\/wp-content\/uploads\/2023\/04\/MICHELA-EPIFANI-300x300.jpg 300w, https:\/\/www.radiopiu.net\/wordpress\/wp-content\/uploads\/2023\/04\/MICHELA-EPIFANI-150x150.jpg 150w, https:\/\/www.radiopiu.net\/wordpress\/wp-content\/uploads\/2023\/04\/MICHELA-EPIFANI.jpg 720w\" sizes=\"auto, (max-width: 159px) 100vw, 159px\" \/><\/a><\/h3>\n<\/blockquote>\n<p><strong>\u00a0Michela Epifani<\/strong><br \/>\n<strong>SOGLIE GEMELLE<\/strong><\/p>\n<p>Mentre<br \/>\nTi do<br \/>\nFiducia<br \/>\naccado<br \/>\ne mi trasformo<\/p>\n<p>Ogni gesto<br \/>\nE&#8217; fare<br \/>\nL&#8217;amore<\/p>\n<p>Il mio<br \/>\nCorpo fisico,<br \/>\ncol tuo,<br \/>\ninvolucri di anime<br \/>\ngi\u00e0 incontrate,<br \/>\nOccupano<br \/>\npiano<br \/>\nSpazi<br \/>\nCondivisi,<br \/>\nAdattamenti terreni<\/p>\n<p>a volte<br \/>\nFluidi,<br \/>\nAltre<br \/>\ncostellati<br \/>\nda maldestre<br \/>\ninterruzioni,<br \/>\nche ci svelano<br \/>\nanche a<br \/>\nNoi stessi<\/p>\n<p>sorprende<br \/>\nla confidenza<br \/>\nprofonda,<\/p>\n<p>\u00e8 meraviglioso<br \/>\nstupirsi<br \/>\ndi come<br \/>\nProprio<br \/>\nCi\u00f2 che \u00e8 conosciuto<br \/>\nci incanta.<\/p>\n<p>ignoti<br \/>\nci<br \/>\ntroviamo<\/p>\n<p><strong>LA RACCOLTA COMPLETA<\/strong><\/p>\n<div dir=\"auto\">\n<div dir=\"auto\">\n<div dir=\"auto\">\n<div dir=\"auto\">\n<div dir=\"auto\">\n<div dir=\"auto\">\n<blockquote class=\"wp-embedded-content\" data-secret=\"F8jvHvgFId\"><p><a href=\"https:\/\/www.radiopiu.net\/wordpress\/in-vivo-verso\/\">In Vivo Verso<\/a><\/p><\/blockquote>\n<p><iframe loading=\"lazy\" class=\"wp-embedded-content\" sandbox=\"allow-scripts\" security=\"restricted\" style=\"position: absolute; clip: rect(1px, 1px, 1px, 1px);\" title=\"&#8220;In Vivo Verso&#8221; &#8212; Radio Pi\u00f9\" src=\"https:\/\/www.radiopiu.net\/wordpress\/in-vivo-verso\/embed\/#?secret=AHTX24JSfG#?secret=F8jvHvgFId\" data-secret=\"F8jvHvgFId\" width=\"600\" height=\"338\" frameborder=\"0\" marginwidth=\"0\" marginheight=\"0\" scrolling=\"no\"><\/iframe><\/p>\n<\/div>\n<\/div>\n<\/div>\n<\/div>\n<\/div>\n<\/div>\n<p>&nbsp;<\/p>\n<hr \/>\n<p>&nbsp;<\/p>\n<h2><span style=\"color: #008080;\">GOCCE DI FILOSOFIA\u00a0<\/span><\/h2>\n<div>\n<h3 class=\"entry-title\">PUNTATA 286 \u2013CHIARA CAU_ TERZA STAGIONE<\/h3>\n<\/div>\n<audio class=\"wp-audio-shortcode\" id=\"audio-330896-8\" preload=\"none\" style=\"width: 100%;\" controls=\"controls\"><source type=\"audio\/mpeg\" src=\"https:\/\/www.radiopiu.net\/wordpress\/wp-content\/uploads\/2023\/04\/FI2-1.mp3?_=8\" \/><a href=\"https:\/\/www.radiopiu.net\/wordpress\/wp-content\/uploads\/2023\/04\/FI2-1.mp3\">https:\/\/www.radiopiu.net\/wordpress\/wp-content\/uploads\/2023\/04\/FI2-1.mp3<\/a><\/audio>\n<p>&nbsp;<\/p>\n<p><strong>LA RACCOLTA COMPLETA\u00a0<\/strong><\/p>\n<blockquote class=\"wp-embedded-content\" data-secret=\"QfNHKeEvju\"><p><a href=\"https:\/\/www.radiopiu.net\/wordpress\/gocce-filosofia\/\">Gocce di filosofia,  LA TERZA STAGIONE&#8230; 2023<\/a><\/p><\/blockquote>\n<p><iframe loading=\"lazy\" class=\"wp-embedded-content\" sandbox=\"allow-scripts\" security=\"restricted\" style=\"position: absolute; clip: rect(1px, 1px, 1px, 1px);\" title=\"&#8220;Gocce di filosofia,  LA TERZA STAGIONE&#8230; 2023&#8221; &#8212; Radio Pi\u00f9\" src=\"https:\/\/www.radiopiu.net\/wordpress\/gocce-filosofia\/embed\/#?secret=OudxkRxH1n#?secret=QfNHKeEvju\" data-secret=\"QfNHKeEvju\" width=\"600\" height=\"338\" frameborder=\"0\" marginwidth=\"0\" marginheight=\"0\" scrolling=\"no\"><\/iframe><\/p>\n<p>&nbsp;<\/p>\n<p>&nbsp;<\/p>\n<hr \/>\n<p>&nbsp;<\/p>\n<div class=\"column\">\n<p><img loading=\"lazy\" decoding=\"async\" class=\"aligncenter wp-image-61954 size-full\" src=\"https:\/\/www.radiopiu.net\/wordpress\/wp-content\/uploads\/2018\/09\/viabilita.jpeg\" sizes=\"auto, (max-width: 800px) 100vw, 800px\" srcset=\"https:\/\/www.radiopiu.net\/wordpress\/wp-content\/uploads\/2018\/09\/viabilita.jpeg 800w, https:\/\/www.radiopiu.net\/wordpress\/wp-content\/uploads\/2018\/09\/viabilita-300x38.jpeg 300w, https:\/\/www.radiopiu.net\/wordpress\/wp-content\/uploads\/2018\/09\/viabilita-768x96.jpeg 768w\" alt=\"\" width=\"800\" height=\"100\" \/><\/p>\n<p>&nbsp;<\/p>\n<blockquote class=\"wp-embedded-content\" data-secret=\"vtWhNQ4S6z\"><p><a href=\"https:\/\/www.radiopiu.net\/wordpress\/viabilita\/\">viabilita<\/a><\/p><\/blockquote>\n<p><iframe loading=\"lazy\" class=\"wp-embedded-content\" sandbox=\"allow-scripts\" security=\"restricted\" style=\"position: absolute; clip: rect(1px, 1px, 1px, 1px);\" title=\"&#8220;viabilita&#8221; &#8212; Radio Pi\u00f9\" src=\"https:\/\/www.radiopiu.net\/wordpress\/viabilita\/embed\/#?secret=GjFIvzR4jJ#?secret=vtWhNQ4S6z\" data-secret=\"vtWhNQ4S6z\" width=\"600\" height=\"338\" frameborder=\"0\" marginwidth=\"0\" marginheight=\"0\" scrolling=\"no\"><\/iframe><\/p>\n<div>\n<div dir=\"ltr\">\n<div class=\"gmail_quote\">\n<div dir=\"ltr\">\n<div class=\"gmail_quote\"><\/div>\n<div>\n<blockquote>\n<h3>MANUTENZIONE IMPIANTI IN GALLERIA SULLA STATALE 50 BIS\/VAR \u201cDEL GRAPPA E DEL PASSO ROLLE\u201d<\/h3>\n<\/blockquote>\n<p>Anas ha programmato la manutenzione degli impianti tecnologici e di sicurezza all\u2019interno delle gallerie \u2018Brenta\u2019 e \u2018San Vito\u2019, sulla statale 50 Bis\/Var \u201cdel Grappa e di Passo Rolle\u201d nel tratto che collega Primolano ad Arsi\u00e8, in provincia di Belluno. Per consentire l\u2019esecuzione in sicurezza delle lavorazioni \u00e8 necessario chiudere al traffico le gallerie in entrambe le direzioni (Feltre\/Belluno e Trento\/Vicenza). Al fine di contenere il pi\u00f9 possibile i disagi al traffico la limitazione sar\u00e0 attiva nella sola fascia oraria notturna 21:00 \u2013 6:00 a partire da gioved\u00ec 13 aprile fino a sabato 6 maggio. Durante la chiusura la circolazione in direzione Feltre\/Belluno potr\u00e0 percorrere la SR50 Bis (vecchia strada nazionale per Belluno) passando per le scale di Primolano\/Fastro per poi reimmettersi sulla statale 50 Bis\/Var al km 5,200 all\u2019altezza dell\u2019Area Artigianale di Arsi\u00e8.<\/p>\n<\/div>\n<\/div>\n<\/div>\n<\/div>\n<\/div>\n<p>&nbsp;<\/p>\n<hr \/>\n<p>&nbsp;<\/p>\n<p><a class=\"dt-pswp-item\" href=\"https:\/\/www.radiopiu.net\/wordpress\/wp-content\/uploads\/2018\/09\/WhatsApp-Image-2018-09-20-at-16.04.06.jpeg\" data-dt-img-description=\"\" data-large_image_width=\"800\" data-large_image_height=\"100\"><img loading=\"lazy\" decoding=\"async\" class=\"wp-image-61378 size-full aligncenter\" src=\"https:\/\/www.radiopiu.net\/wordpress\/wp-content\/uploads\/2018\/09\/WhatsApp-Image-2018-09-20-at-16.04.06.jpeg\" alt=\"\" width=\"800\" height=\"100\" srcset=\"https:\/\/www.radiopiu.net\/wordpress\/wp-content\/uploads\/2018\/09\/WhatsApp-Image-2018-09-20-at-16.04.06.jpeg 800w, https:\/\/www.radiopiu.net\/wordpress\/wp-content\/uploads\/2018\/09\/WhatsApp-Image-2018-09-20-at-16.04.06-300x38.jpeg 300w, https:\/\/www.radiopiu.net\/wordpress\/wp-content\/uploads\/2018\/09\/WhatsApp-Image-2018-09-20-at-16.04.06-768x96.jpeg 768w\" sizes=\"auto, (max-width: 800px) 100vw, 800px\" \/><\/a><\/p>\n<p>&nbsp;<\/p>\n<\/div>\n<p><center><\/center><center><b>Mercoledi 12<\/b><\/center><b>Tempo atteso: <\/b>Cielo da nuvoloso a molto nuvoloso con qualche irregolare schiarita in giornata. Verso sera generale ulteriore aumento della nuvolosit\u00e0 fino a coperto.<br \/>\n<b>Precipitazioni: <\/b>Nella notte e fino al primo mattino molto deboli sparse su Dolomiti (30-50%), in giornata generalmente assenti. Dalla sera aumento della probabilit\u00e0 fino a medio-alta (50-70%) a partire da Prealpi veronesi e vicentine in estensione nella notte a Dolomiti.<br \/>\n<b>Temperature: <\/b>Minime in lieve aumento, massime in lieve calo.<\/p>\n<hr \/>\n<p><center><b>GIOVEDI<\/b><\/center><b>Tempo atteso: <\/b>Molto nuvoloso o coperto.<br \/>\n<b>Precipitazioni: <\/b>Diffuse perlopi\u00f9 moderate, anche sottoforma di rovescio specie su Prealpi nel pomeriggio. Limite delle nevicate in calo da 1400\/1600 m nella notte a 1000\/1200 m, specie nelle valli chiuse durante le fasi di maggiore intensit\u00e0, in possibile ulteriore calo in serata a 700-1000 m.<br \/>\n<b>Temperature: <\/b>In generale calo e contesto termico freddo per il periodo<\/p>\n<hr \/>\n<p><center><b>VENERDI<\/b><\/center>Fino al mattino residui debolissimi fenomeni nevosi fin sui 1000 m, poi variabilit\u00e0 con addensamenti nel pomeriggio associati a qualche rovescio su Prealpi. Temperature minime in calo, massime in aumento in un contesto termico sempre freddo per il periodo.<\/p>\n<hr \/>\n<p><center><b>SABATO<\/b><\/center>Nuvolosit\u00e0 variabile a tratti estesa specie nel pomeriggio con possibili deboli precipitazioni sparse, nevose oltre i 1200\/1400 m. Temperature minime in calo, massime stazionarie<\/p>\n<p>&nbsp;<\/p>\n<hr \/>\n<p>&nbsp;<\/p>\n<p>&nbsp;<\/p>\n<p><a class=\"dt-pswp-item\" href=\"https:\/\/www.radiopiu.net\/wordpress\/wp-content\/uploads\/2018\/09\/sport.jpg\" data-dt-img-description=\"\" data-large_image_width=\"800\" data-large_image_height=\"100\"><img loading=\"lazy\" decoding=\"async\" class=\"aligncenter wp-image-60761 size-full\" src=\"https:\/\/www.radiopiu.net\/wordpress\/wp-content\/uploads\/2018\/09\/sport.jpg\" alt=\"\" width=\"800\" height=\"100\" srcset=\"https:\/\/www.radiopiu.net\/wordpress\/wp-content\/uploads\/2018\/09\/sport.jpg 800w, https:\/\/www.radiopiu.net\/wordpress\/wp-content\/uploads\/2018\/09\/sport-300x38.jpg 300w, https:\/\/www.radiopiu.net\/wordpress\/wp-content\/uploads\/2018\/09\/sport-768x96.jpg 768w\" sizes=\"auto, (max-width: 800px) 100vw, 800px\" \/><\/a><\/p>\n<p>&nbsp;<\/p>\n<blockquote>\n<h3>PREMIATI I CAMPIONI UNDER 15 DELL&#8217;ALLEGHE CORTINA<\/h3>\n<\/blockquote>\n<p><strong>CORTINA\u00a0<\/strong> L&#8217;Olimpico saluta i giovani campioni d&#8217;Italia. Di fronte agli oltre 600 spettatori giunti ieri sera a tifare i colori biancoazzurri per gara 2 di finale di Alps league, c&#8217;\u00e8 stata la doverosa passerella d&#8217;onore per i ragazzi dell&#8217;under 15 dell&#8217;Alleghe Cortina che nel pomeriggio di Pasqua hanno conquistato lo scudetto di categoria vincendo gara 3 ad Appiano. Un doppio giro del ghiaccio con il trofeo a fare da apripista, poi foto di rito davanti alla curva degli &#8220;Ultras Cortina&#8221;. Ad accompagnare i talenti tricolori del sodalizio agordino &#8211; ampezzano, dirigenti e lo staff tecnico capitanato da coach Alessandro Fontana.<\/p>\n<p><a class=\"dt-pswp-item\" href=\"https:\/\/www.radiopiu.net\/wordpress\/wp-content\/uploads\/2023\/04\/Senza-nome-19.jpg\" data-dt-img-description=\"\" data-large_image_width=\"824\" data-large_image_height=\"388\"><img loading=\"lazy\" decoding=\"async\" class=\"alignnone wp-image-331057 size-full\" src=\"https:\/\/www.radiopiu.net\/wordpress\/wp-content\/uploads\/2023\/04\/Senza-nome-19.jpg\" alt=\"\" width=\"824\" height=\"388\" srcset=\"https:\/\/www.radiopiu.net\/wordpress\/wp-content\/uploads\/2023\/04\/Senza-nome-19.jpg 824w, https:\/\/www.radiopiu.net\/wordpress\/wp-content\/uploads\/2023\/04\/Senza-nome-19-300x141.jpg 300w, https:\/\/www.radiopiu.net\/wordpress\/wp-content\/uploads\/2023\/04\/Senza-nome-19-768x362.jpg 768w\" sizes=\"auto, (max-width: 824px) 100vw, 824px\" \/><\/a><\/p>\n<p>&nbsp;<\/p>\n<p><span style=\"color: #0000ff;\"><strong>AUTOMOBILISMO<\/strong><\/span><\/p>\n<p>&nbsp;<\/p>\n<blockquote>\n<h3>LA NUOVA SFIDA DI DENIS MEZZACASA NELLA SEAT IBIZA CUPRA<\/h3>\n<\/blockquote>\n<p>&nbsp;<\/p>\n<p><img loading=\"lazy\" decoding=\"async\" class=\"alignleft\" src=\"https:\/\/www.radiopiu.net\/wordpress\/wp-content\/uploads\/2023\/04\/81d1de6e-a3f6-4390-b08e-7f05506e8b04.jpg\" width=\"279\" height=\"186\" \/><\/p>\n<p><strong>LA VALLE AGORDINA\u00a0<\/strong><\/p>\n<p>&nbsp;<\/p>\n<p>&nbsp;<\/p>\n<p>&nbsp;<\/p>\n<p>&nbsp;<\/p>\n<p>&nbsp;<\/p>\n<p><strong>DI ROBERTO BONA<\/strong><\/p>\n<audio class=\"wp-audio-shortcode\" id=\"audio-330896-9\" preload=\"none\" style=\"width: 100%;\" controls=\"controls\"><source type=\"audio\/mpeg\" src=\"https:\/\/www.radiopiu.net\/wordpress\/wp-content\/uploads\/2023\/04\/CupraMezzacasa.mp3?_=9\" \/><a href=\"https:\/\/www.radiopiu.net\/wordpress\/wp-content\/uploads\/2023\/04\/CupraMezzacasa.mp3\">https:\/\/www.radiopiu.net\/wordpress\/wp-content\/uploads\/2023\/04\/CupraMezzacasa.mp3<\/a><\/audio>\n<p>&nbsp;<\/p>\n<p>&nbsp;<\/p>\n<p>&nbsp;<\/p>\n<p><span style=\"color: #0000ff;\"><strong>CALCIO<\/strong><\/span><\/p>\n<blockquote>\n<h3>DOMENICA ULTIMA GIORNATA DI SECONDA CATEGORIA. ULTIME SPERANZE PER L&#8217;AGORDINA<\/h3>\n<\/blockquote>\n<p><strong><a class=\"dt-pswp-item\" href=\"https:\/\/www.radiopiu.net\/wordpress\/wp-content\/uploads\/2023\/04\/calcio-dangolo-2023.jpg\" data-dt-img-description=\"\" data-large_image_width=\"1920\" data-large_image_height=\"1270\"><img loading=\"lazy\" decoding=\"async\" class=\" wp-image-330971 alignleft\" src=\"https:\/\/www.radiopiu.net\/wordpress\/wp-content\/uploads\/2023\/04\/calcio-dangolo-2023-300x198.jpg\" alt=\"\" width=\"183\" height=\"121\" srcset=\"https:\/\/www.radiopiu.net\/wordpress\/wp-content\/uploads\/2023\/04\/calcio-dangolo-2023-300x198.jpg 300w, https:\/\/www.radiopiu.net\/wordpress\/wp-content\/uploads\/2023\/04\/calcio-dangolo-2023-1024x677.jpg 1024w, https:\/\/www.radiopiu.net\/wordpress\/wp-content\/uploads\/2023\/04\/calcio-dangolo-2023-768x508.jpg 768w, https:\/\/www.radiopiu.net\/wordpress\/wp-content\/uploads\/2023\/04\/calcio-dangolo-2023-1536x1016.jpg 1536w, https:\/\/www.radiopiu.net\/wordpress\/wp-content\/uploads\/2023\/04\/calcio-dangolo-2023.jpg 1920w\" sizes=\"auto, (max-width: 183px) 100vw, 183px\" \/><\/a>di Marco Gaz<\/strong><\/p>\n<p><strong>REDAZIONE<\/strong> Domenica prossima si giocher\u00e0 l&#8217;ultima giornata del campionato di Seconda Categoria girone T del Veneto. L&#8217;Agordina si gioca una stagione e solo una vittoria pu\u00f2 tenere in corsa la compagine allenata da Danilo Chenet. In scena lo scontro diretto con il Gemelle. La squadra di Borgo Valbelluna dista a 5 punti dagli agordini e solo in caso di meno di 6 punti di differenza le due squadre si giocherebbero i playout. Una vittoria per i zumellesi vorrebbe dire retrocessione in terza categoria per i ragazzi di Agordo. Non sar\u00e0 una partita facile, l&#8217;Agordina esce da quattro sconfitte consecutive. L&#8217;ultimo risultato utile risale a pi\u00f9 di un mese fa, quando gli agordini avevano pareggiato con il Sarmede. Non va meglio al Gemelle che, prima del pareggio di 10 giorni fa con i cugini del Lentiai, aveva perso tre partite di fila. Zumellesi che hanno dalla parte loro il fattore campo ma in una partita da dentro o fuori tutto pu\u00f2 succedere. Le squadre hanno avuto modo di preparare la sfida di domenica prossima per 15 giorni grazie alla pausa pasquale e domenica l&#8217;atto finale di un campionato che non \u00e8 stato stellare per entrambe le compagini.<\/p>\n<p>&nbsp;<\/p>\n<p>&nbsp;<\/p>\n<table width=\"100%\">\n<tbody>\n<tr>\n<td>\n<table width=\"100%\">\n<tbody>\n<tr>\n<td>\n<table width=\"100%\">\n<tbody>\n<tr>\n<td>\n<h2><span style=\"color: #0000ff;\">HOCKEY<\/span><\/h2>\n<h1>Nazionale U18, un&#8217;altra vittoria per gli Azzurrini &#8211; Corea del Sud battuta 3 a 2<\/h1>\n<\/td>\n<\/tr>\n<\/tbody>\n<\/table>\n<\/td>\n<\/tr>\n<\/tbody>\n<\/table>\n<\/td>\n<\/tr>\n<tr>\n<td>\n<table width=\"100%\">\n<tbody>\n<tr>\n<td>\n<h4><a class=\"dt-pswp-item\" href=\"https:\/\/www.radiopiu.net\/wordpress\/wp-content\/uploads\/2023\/04\/1a1b0278-663d-fbd0-909f-6b0cb927314a-scaled.jpg\" data-dt-img-description=\"\" data-large_image_width=\"2560\" data-large_image_height=\"1709\"><img loading=\"lazy\" decoding=\"async\" class=\"size-medium wp-image-331028 alignnone\" src=\"https:\/\/www.radiopiu.net\/wordpress\/wp-content\/uploads\/2023\/04\/1a1b0278-663d-fbd0-909f-6b0cb927314a-300x200.jpg\" alt=\"\" width=\"300\" height=\"200\" srcset=\"https:\/\/www.radiopiu.net\/wordpress\/wp-content\/uploads\/2023\/04\/1a1b0278-663d-fbd0-909f-6b0cb927314a-300x200.jpg 300w, https:\/\/www.radiopiu.net\/wordpress\/wp-content\/uploads\/2023\/04\/1a1b0278-663d-fbd0-909f-6b0cb927314a-1024x683.jpg 1024w, https:\/\/www.radiopiu.net\/wordpress\/wp-content\/uploads\/2023\/04\/1a1b0278-663d-fbd0-909f-6b0cb927314a-768x513.jpg 768w, https:\/\/www.radiopiu.net\/wordpress\/wp-content\/uploads\/2023\/04\/1a1b0278-663d-fbd0-909f-6b0cb927314a-1536x1025.jpg 1536w, https:\/\/www.radiopiu.net\/wordpress\/wp-content\/uploads\/2023\/04\/1a1b0278-663d-fbd0-909f-6b0cb927314a-2048x1367.jpg 2048w\" sizes=\"auto, (max-width: 300px) 100vw, 300px\" \/><\/a><\/h4>\n<table width=\"100%\">\n<tbody>\n<tr>\n<td>\n<h3><strong>Italia U18 a punteggio pieno al Mondiale di Bled. Il goal di Paul Mantinger in apertura di terzo tempo decide la sfida contro la Corea del Sud.\u00a0<\/strong><\/h3>\n<\/td>\n<\/tr>\n<\/tbody>\n<\/table>\n<\/td>\n<\/tr>\n<\/tbody>\n<\/table>\n<table width=\"100%\">\n<tbody>\n<tr>\n<td>\n<table width=\"100%\">\n<tbody>\n<tr>\n<td>\n<h4><strong>Seconda vittoria su due partite per la Nazionale U18 di hockey su ghiaccio<\/strong>, che al Mondiale di 1^ Divisione Gruppo B di Bled (Slovenia) riesce a bissare il successo di ieri contro l&#8217;Estonia, <strong>battendo la Corea del Sud per 3 a 2<\/strong>: di Paul Mantinger, in avvio di terzo drittel, il goal-vittoria. Premio di MVP per Damian Clara, che chiude con il 93,3% (27 parate). I ragazzi di coach John Parco restano cos\u00ec a punteggio pieno e possono continuare a puntare in alto.<\/h4>\n<\/td>\n<\/tr>\n<\/tbody>\n<\/table>\n<\/td>\n<\/tr>\n<\/tbody>\n<\/table>\n<\/td>\n<\/tr>\n<\/tbody>\n<\/table>\n<p>&nbsp;<\/p>\n","protected":false},"excerpt":{"rendered":"<p>ISCRIVITI AL NOSTRO CANALE\u00a0 YOUTUBE PER SEGUIRE IN DIRETTA I PRINCIPALI PROGRAMMI DI RADIO PIU&#8217; E LE FUTURE DIRETTE IN ESTERNA. PER ISCRIVERTI CLICCA QUI E PREMI IL GUSTO &#8220;Iscriviti&#8221;\u00a0\u00a0 &nbsp; &nbsp; CON TANTI AUGURI ALLA POLIZIA DI STATO\u00a0 OGGI alle 17, al teatro Comunale di Belluno, sar\u00e0 celebrato il 171\u00b0 Anniversario della Fondazione della&hellip;<\/p>\n","protected":false},"author":4,"featured_media":331005,"comment_status":"closed","ping_status":"closed","sticky":false,"template":"","format":"standard","meta":{"_monsterinsights_skip_tracking":false,"_monsterinsights_sitenote_active":false,"_monsterinsights_sitenote_note":"","_monsterinsights_sitenote_category":0,"footnotes":""},"categories":[51,86,49],"tags":[],"class_list":["post-330896","post","type-post","status-publish","format-standard","has-post-thumbnail","hentry","category-evidenza-top","category-gr","category-news-18","category-51","category-86","category-49","description-off"],"img_url":"https:\/\/www.radiopiu.net\/wordpress\/wp-content\/uploads\/2023\/04\/Viticoltori-resistenti-rete-Nicola-Biasi.jpg","_links":{"self":[{"href":"https:\/\/www.radiopiu.net\/wordpress\/wp-json\/wp\/v2\/posts\/330896","targetHints":{"allow":["GET"]}}],"collection":[{"href":"https:\/\/www.radiopiu.net\/wordpress\/wp-json\/wp\/v2\/posts"}],"about":[{"href":"https:\/\/www.radiopiu.net\/wordpress\/wp-json\/wp\/v2\/types\/post"}],"author":[{"embeddable":true,"href":"https:\/\/www.radiopiu.net\/wordpress\/wp-json\/wp\/v2\/users\/4"}],"replies":[{"embeddable":true,"href":"https:\/\/www.radiopiu.net\/wordpress\/wp-json\/wp\/v2\/comments?post=330896"}],"version-history":[{"count":0,"href":"https:\/\/www.radiopiu.net\/wordpress\/wp-json\/wp\/v2\/posts\/330896\/revisions"}],"wp:featuredmedia":[{"embeddable":true,"href":"https:\/\/www.radiopiu.net\/wordpress\/wp-json\/wp\/v2\/media\/331005"}],"wp:attachment":[{"href":"https:\/\/www.radiopiu.net\/wordpress\/wp-json\/wp\/v2\/media?parent=330896"}],"wp:term":[{"taxonomy":"category","embeddable":true,"href":"https:\/\/www.radiopiu.net\/wordpress\/wp-json\/wp\/v2\/categories?post=330896"},{"taxonomy":"post_tag","embeddable":true,"href":"https:\/\/www.radiopiu.net\/wordpress\/wp-json\/wp\/v2\/tags?post=330896"}],"curies":[{"name":"wp","href":"https:\/\/api.w.org\/{rel}","templated":true}]}}