{"id":330939,"date":"2023-04-11T06:16:28","date_gmt":"2023-04-11T04:16:28","guid":{"rendered":"https:\/\/www.radiopiu.net\/wordpress\/?p=330939"},"modified":"2023-04-11T06:16:28","modified_gmt":"2023-04-11T04:16:28","slug":"la-denuncia-di-fabio-rufus-bristot-un-giro-per-il-nostro-cimitero-di-prade","status":"publish","type":"post","link":"https:\/\/www.radiopiu.net\/wordpress\/la-denuncia-di-fabio-rufus-bristot-un-giro-per-il-nostro-cimitero-di-prade\/","title":{"rendered":"LA DENUNCIA DI FABIO RUFUS BRISTOT &#8220;UN GIRO PER IL NOSTRO CIMITERO DI PRADE&#8221;"},"content":{"rendered":"<div dir=\"auto\">DI FABIO RUFUS BRISTOT gi\u00e0 consigliere comunale<\/div>\n<div dir=\"auto\"><\/div>\n<blockquote>\n<div dir=\"auto\"><em>Pensavo ad uno scatto d\u2019orgoglio, pensavo ad una morale finalmente diversa negli atti, pensavo che il decoro di luoghi cos\u00ec particolari per chi vuole ricordare qualcuno, un padre o una madre, un figlio o una figlia oppure solo un amico, fosse un elemento prioritario per voler ridare ordine e armonia alla citt\u00e0 ed ai suoi luoghi pi\u00f9 importanti come \u00e8 e dovrebbe essere il Cimitero di Prade. Mi ero ancora una volta sbagliato. Nessuna volont\u00e0 reale e capacit\u00e0! Delusione e smarrimento, la nostra comunit\u00e0 non merita questo degrado che si per perpetua da anni.<\/em><\/div>\n<\/blockquote>\n<div dir=\"auto\">\n\n\t\t\t<style type='text\/css'>\n\t\t\t\t#gallery-1 {\n\t\t\t\t\tmargin: auto;\n\t\t\t\t}\n\t\t\t\t#gallery-1 .gallery-item {\n\t\t\t\t\tfloat: left;\n\t\t\t\t\tmargin-top: 10px;\n\t\t\t\t\ttext-align: center;\n\t\t\t\t\twidth: 50%;\n\t\t\t\t}\n\t\t\t\t#gallery-1 img {\n\t\t\t\t\tborder: 2px solid #cfcfcf;\n\t\t\t\t}\n\t\t\t\t#gallery-1 .gallery-caption {\n\t\t\t\t\tmargin-left: 0;\n\t\t\t\t}\n\t\t\t\t\/* see gallery_shortcode() in wp-includes\/media.php *\/\n\t\t\t<\/style>\n\t\t<div id='gallery-1' class='dt-gallery-container gallery galleryid-330939 gallery-columns-2 gallery-size-thumbnail'><dl class='gallery-item'>\n\t\t\t\t<dt class='gallery-icon landscape'>\n\t\t\t\t\t<a class=\"rollover rollover-zoom dt-pswp-item\" title=\"340854599_712339864004536_122085268217236144_n\" data-dt-img-description=\"\" data-large_image_width=\"600\" data-large_image_height=\"450\"href='https:\/\/www.radiopiu.net\/wordpress\/wp-content\/uploads\/2023\/04\/340854599_712339864004536_122085268217236144_n.jpg'><img loading=\"lazy\" decoding=\"async\" width=\"150\" height=\"150\" src=\"https:\/\/www.radiopiu.net\/wordpress\/wp-content\/uploads\/2023\/04\/340854599_712339864004536_122085268217236144_n-150x150.jpg\" class=\"attachment-thumbnail size-thumbnail\" alt=\"\" \/><\/a>\n\t\t\t\t<\/dt><\/dl><dl class='gallery-item'>\n\t\t\t\t<dt class='gallery-icon landscape'>\n\t\t\t\t\t<a class=\"rollover rollover-zoom dt-pswp-item\" title=\"340869380_939757383840966_2396628720933992636_n\" data-dt-img-description=\"\" data-large_image_width=\"600\" data-large_image_height=\"450\"href='https:\/\/www.radiopiu.net\/wordpress\/wp-content\/uploads\/2023\/04\/340869380_939757383840966_2396628720933992636_n.jpg'><img loading=\"lazy\" decoding=\"async\" width=\"150\" height=\"150\" src=\"https:\/\/www.radiopiu.net\/wordpress\/wp-content\/uploads\/2023\/04\/340869380_939757383840966_2396628720933992636_n-150x150.jpg\" class=\"attachment-thumbnail size-thumbnail\" alt=\"\" \/><\/a>\n\t\t\t\t<\/dt><\/dl><br style=\"clear: both\" \/>\n\t\t\t<\/div>\n\n<\/div>\n<p>&nbsp;<\/p>\n<hr \/>\n<p>&nbsp;<\/p>\n","protected":false},"excerpt":{"rendered":"<p>DI FABIO RUFUS BRISTOT gi\u00e0 consigliere comunale Pensavo ad uno scatto d\u2019orgoglio, pensavo ad una morale finalmente diversa negli atti, pensavo che il decoro di luoghi cos\u00ec particolari per chi vuole ricordare qualcuno, un padre o una madre, un figlio o una figlia oppure solo un amico, fosse un elemento prioritario per voler ridare ordine&hellip;<\/p>\n","protected":false},"author":4,"featured_media":330940,"comment_status":"closed","ping_status":"closed","sticky":false,"template":"","format":"standard","meta":{"_monsterinsights_skip_tracking":false,"_monsterinsights_sitenote_active":false,"_monsterinsights_sitenote_note":"","_monsterinsights_sitenote_category":0,"footnotes":""},"categories":[104,49],"tags":[],"class_list":["post-330939","post","type-post","status-publish","format-standard","has-post-thumbnail","hentry","category-evidenza_3","category-news-18","category-104","category-49","description-off"],"img_url":"https:\/\/www.radiopiu.net\/wordpress\/wp-content\/uploads\/2023\/04\/340854599_712339864004536_122085268217236144_n.jpg","_links":{"self":[{"href":"https:\/\/www.radiopiu.net\/wordpress\/wp-json\/wp\/v2\/posts\/330939","targetHints":{"allow":["GET"]}}],"collection":[{"href":"https:\/\/www.radiopiu.net\/wordpress\/wp-json\/wp\/v2\/posts"}],"about":[{"href":"https:\/\/www.radiopiu.net\/wordpress\/wp-json\/wp\/v2\/types\/post"}],"author":[{"embeddable":true,"href":"https:\/\/www.radiopiu.net\/wordpress\/wp-json\/wp\/v2\/users\/4"}],"replies":[{"embeddable":true,"href":"https:\/\/www.radiopiu.net\/wordpress\/wp-json\/wp\/v2\/comments?post=330939"}],"version-history":[{"count":0,"href":"https:\/\/www.radiopiu.net\/wordpress\/wp-json\/wp\/v2\/posts\/330939\/revisions"}],"wp:featuredmedia":[{"embeddable":true,"href":"https:\/\/www.radiopiu.net\/wordpress\/wp-json\/wp\/v2\/media\/330940"}],"wp:attachment":[{"href":"https:\/\/www.radiopiu.net\/wordpress\/wp-json\/wp\/v2\/media?parent=330939"}],"wp:term":[{"taxonomy":"category","embeddable":true,"href":"https:\/\/www.radiopiu.net\/wordpress\/wp-json\/wp\/v2\/categories?post=330939"},{"taxonomy":"post_tag","embeddable":true,"href":"https:\/\/www.radiopiu.net\/wordpress\/wp-json\/wp\/v2\/tags?post=330939"}],"curies":[{"name":"wp","href":"https:\/\/api.w.org\/{rel}","templated":true}]}}